{"id":110388,"date":"2021-02-26T13:55:30","date_gmt":"2021-02-26T12:55:30","guid":{"rendered":"https:\/\/aleasoft.com\/?p=110388"},"modified":"2021-03-02T14:22:35","modified_gmt":"2021-03-02T13:22:35","slug":"historische-aufzeichnung-geplanten-solar-photovoltaik-energieproduktion-spanien","status":"publish","type":"post","link":"https:\/\/aleasoft.com\/de\/historische-aufzeichnung-geplanten-solar-photovoltaik-energieproduktion-spanien\/","title":{"rendered":"Historische Aufzeichnung der geplanten Solar-Photovoltaik-Energieproduktion in Spanien"},"content":{"rendered":"<p><strong>AleaSoft, 26. Februar 2021. Die geplante Solar-Photovoltaik-Energieproduktion in Spanien erreichte in einer Stunde des 23. Februar einen historischen Rekord. Obwohl die Echtzeitdaten darauf hindeuten, dass die registrierte Produktion niedriger war, waren die Werte \u00e4hnlich wie in einigen Stunden im Mai und September 2020, Monate, in denen die Sonneneinstrahlung h\u00f6her ist. Der Anstieg der Photovoltaik-Kapazit\u00e4t in der letzten Zeit und die Aussicht auf einen weiteren Anstieg in der Zukunft werden dazu f\u00fchren, dass diese Technologie auch in den kommenden Monaten und Jahren Rekorde brechen wird.<\/strong><\/p>\n<a style='color:#0047c8;' href='https:\/\/aleasoft.com\/historische-aufzeichnung-geplanten-solar-photovoltaik-energieproduktion-spanien\/'>Nachrichten auf Englisch<\/a>\n","protected":false},"excerpt":{"rendered":"<p>AleaSoft, 26. Februar 2021. Die geplante Solar-Photovoltaik-Energieproduktion in Spanien erreichte in einer Stunde des 23. Februar einen historischen Rekord. Obwohl die Echtzeitdaten darauf hindeuten, dass die registrierte Produktion niedriger war, waren die Werte \u00e4hnlich wie in einigen Stunden im Mai und September 2020, Monate, in denen die Sonneneinstrahlung h\u00f6her ist. Der Anstieg der Photovoltaik-Kapazit\u00e4t in [&hellip;]<\/p>\n","protected":false},"author":1,"featured_media":110324,"comment_status":"closed","ping_status":"closed","sticky":false,"template":"","format":"standard","meta":{"footnotes":""},"categories":[32],"tags":[],"class_list":["post-110388","post","type-post","status-publish","format-standard","has-post-thumbnail","hentry","category-nachrichten"],"yoast_head":"<!-- This site is optimized with the Yoast SEO Premium plugin v27.4 (Yoast SEO v27.5) - https:\/\/yoast.com\/product\/yoast-seo-premium-wordpress\/ -->\n<title>Historische Aufzeichnung der geplanten Solar-Photovoltaik-Energieproduktion in Spanien - AleaSoft Energy Forecasting<\/title>\n<meta name=\"description\" content=\"Die geplante Solar-Photovoltaik-Energieproduktion in Spanien erreichte in einer Stunde des 23.\" \/>\n<meta name=\"robots\" content=\"index, follow, max-snippet:-1, max-image-preview:large, max-video-preview:-1\" \/>\n<link rel=\"canonical\" href=\"https:\/\/aleasoft.com\/de\/historische-aufzeichnung-geplanten-solar-photovoltaik-energieproduktion-spanien\/\" \/>\n<meta property=\"og:locale\" content=\"de_DE\" \/>\n<meta property=\"og:type\" content=\"article\" \/>\n<meta property=\"og:title\" content=\"Historische Aufzeichnung der geplanten Solar-Photovoltaik-Energieproduktion in Spanien\" \/>\n<meta property=\"og:description\" content=\"Die geplante Solar-Photovoltaik-Energieproduktion in Spanien erreichte in einer Stunde des 23.\" \/>\n<meta property=\"og:url\" content=\"https:\/\/aleasoft.com\/de\/historische-aufzeichnung-geplanten-solar-photovoltaik-energieproduktion-spanien\/\" \/>\n<meta property=\"og:site_name\" content=\"AleaSoft Energy Forecasting\" \/>\n<meta property=\"article:publisher\" content=\"https:\/\/www.facebook.com\/AleaSoft\/\" \/>\n<meta property=\"article:published_time\" content=\"2021-02-26T12:55:30+00:00\" \/>\n<meta property=\"article:modified_time\" content=\"2021-03-02T13:22:35+00:00\" \/>\n<meta property=\"og:image\" content=\"https:\/\/aleasoft.com\/wp-content\/uploads\/2021\/03\/20210226-AleaSoft-solar-photovoltaic-production-mainlad-spain-P48-moving-average.png\" \/>\n\t<meta property=\"og:image:width\" content=\"1200\" \/>\n\t<meta property=\"og:image:height\" content=\"535\" \/>\n\t<meta property=\"og:image:type\" content=\"image\/png\" \/>\n<meta name=\"author\" content=\"AleaSoft Energy Forecasting\" \/>\n<meta name=\"twitter:card\" content=\"summary_large_image\" \/>\n<meta name=\"twitter:creator\" content=\"@AleaSoftEnergy\" \/>\n<meta name=\"twitter:site\" content=\"@AleaSoftEnergy\" \/>\n<meta name=\"twitter:label1\" content=\"Verfasst von\" \/>\n\t<meta name=\"twitter:data1\" content=\"AleaSoft Energy Forecasting\" \/>\n\t<meta name=\"twitter:label2\" content=\"Gesch\u00e4tzte Lesezeit\" \/>\n\t<meta name=\"twitter:data2\" content=\"1\u00a0Minute\" \/>\n<script type=\"application\/ld+json\" class=\"yoast-schema-graph\">{\"@context\":\"https:\\\/\\\/schema.org\",\"@graph\":[{\"@type\":\"Article\",\"@id\":\"https:\\\/\\\/aleasoft.com\\\/de\\\/historische-aufzeichnung-geplanten-solar-photovoltaik-energieproduktion-spanien\\\/#article\",\"isPartOf\":{\"@id\":\"https:\\\/\\\/aleasoft.com\\\/de\\\/historische-aufzeichnung-geplanten-solar-photovoltaik-energieproduktion-spanien\\\/\"},\"author\":{\"name\":\"AleaSoft Energy Forecasting\",\"@id\":\"https:\\\/\\\/aleasoft.com\\\/#\\\/schema\\\/person\\\/99ee8b0f2ecbd56ba78005c6b7864d67\"},\"headline\":\"Historische Aufzeichnung der geplanten Solar-Photovoltaik-Energieproduktion in Spanien\",\"datePublished\":\"2021-02-26T12:55:30+00:00\",\"dateModified\":\"2021-03-02T13:22:35+00:00\",\"mainEntityOfPage\":{\"@id\":\"https:\\\/\\\/aleasoft.com\\\/de\\\/historische-aufzeichnung-geplanten-solar-photovoltaik-energieproduktion-spanien\\\/\"},\"wordCount\":91,\"publisher\":{\"@id\":\"https:\\\/\\\/aleasoft.com\\\/#organization\"},\"image\":{\"@id\":\"https:\\\/\\\/aleasoft.com\\\/de\\\/historische-aufzeichnung-geplanten-solar-photovoltaik-energieproduktion-spanien\\\/#primaryimage\"},\"thumbnailUrl\":\"https:\\\/\\\/aleasoft.com\\\/wp-content\\\/uploads\\\/2021\\\/03\\\/20210226-AleaSoft-solar-photovoltaic-production-mainlad-spain-P48-moving-average.png\",\"articleSection\":[\"Nachrichten\"],\"inLanguage\":\"de\"},{\"@type\":\"WebPage\",\"@id\":\"https:\\\/\\\/aleasoft.com\\\/de\\\/historische-aufzeichnung-geplanten-solar-photovoltaik-energieproduktion-spanien\\\/\",\"url\":\"https:\\\/\\\/aleasoft.com\\\/de\\\/historische-aufzeichnung-geplanten-solar-photovoltaik-energieproduktion-spanien\\\/\",\"name\":\"Historische Aufzeichnung der geplanten Solar-Photovoltaik-Energieproduktion in Spanien - AleaSoft Energy Forecasting\",\"isPartOf\":{\"@id\":\"https:\\\/\\\/aleasoft.com\\\/#website\"},\"primaryImageOfPage\":{\"@id\":\"https:\\\/\\\/aleasoft.com\\\/de\\\/historische-aufzeichnung-geplanten-solar-photovoltaik-energieproduktion-spanien\\\/#primaryimage\"},\"image\":{\"@id\":\"https:\\\/\\\/aleasoft.com\\\/de\\\/historische-aufzeichnung-geplanten-solar-photovoltaik-energieproduktion-spanien\\\/#primaryimage\"},\"thumbnailUrl\":\"https:\\\/\\\/aleasoft.com\\\/wp-content\\\/uploads\\\/2021\\\/03\\\/20210226-AleaSoft-solar-photovoltaic-production-mainlad-spain-P48-moving-average.png\",\"datePublished\":\"2021-02-26T12:55:30+00:00\",\"dateModified\":\"2021-03-02T13:22:35+00:00\",\"description\":\"Die geplante Solar-Photovoltaik-Energieproduktion in Spanien erreichte in einer Stunde des 23.\",\"breadcrumb\":{\"@id\":\"https:\\\/\\\/aleasoft.com\\\/de\\\/historische-aufzeichnung-geplanten-solar-photovoltaik-energieproduktion-spanien\\\/#breadcrumb\"},\"inLanguage\":\"de\",\"potentialAction\":[{\"@type\":\"ReadAction\",\"target\":[\"https:\\\/\\\/aleasoft.com\\\/de\\\/historische-aufzeichnung-geplanten-solar-photovoltaik-energieproduktion-spanien\\\/\"]}]},{\"@type\":\"ImageObject\",\"inLanguage\":\"de\",\"@id\":\"https:\\\/\\\/aleasoft.com\\\/de\\\/historische-aufzeichnung-geplanten-solar-photovoltaik-energieproduktion-spanien\\\/#primaryimage\",\"url\":\"https:\\\/\\\/aleasoft.com\\\/wp-content\\\/uploads\\\/2021\\\/03\\\/20210226-AleaSoft-solar-photovoltaic-production-mainlad-spain-P48-moving-average.png\",\"contentUrl\":\"https:\\\/\\\/aleasoft.com\\\/wp-content\\\/uploads\\\/2021\\\/03\\\/20210226-AleaSoft-solar-photovoltaic-production-mainlad-spain-P48-moving-average.png\",\"width\":1200,\"height\":535},{\"@type\":\"BreadcrumbList\",\"@id\":\"https:\\\/\\\/aleasoft.com\\\/de\\\/historische-aufzeichnung-geplanten-solar-photovoltaik-energieproduktion-spanien\\\/#breadcrumb\",\"itemListElement\":[{\"@type\":\"ListItem\",\"position\":1,\"name\":\"Home\",\"item\":\"https:\\\/\\\/aleasoft.com\\\/\"},{\"@type\":\"ListItem\",\"position\":2,\"name\":\"Historische Aufzeichnung der geplanten Solar-Photovoltaik-Energieproduktion in Spanien\"}]},{\"@type\":\"WebSite\",\"@id\":\"https:\\\/\\\/aleasoft.com\\\/#website\",\"url\":\"https:\\\/\\\/aleasoft.com\\\/\",\"name\":\"AleaSoft Energy Forecasting\",\"description\":\"Energy Forecasting\",\"publisher\":{\"@id\":\"https:\\\/\\\/aleasoft.com\\\/#organization\"},\"potentialAction\":[{\"@type\":\"SearchAction\",\"target\":{\"@type\":\"EntryPoint\",\"urlTemplate\":\"https:\\\/\\\/aleasoft.com\\\/?s={search_term_string}\"},\"query-input\":{\"@type\":\"PropertyValueSpecification\",\"valueRequired\":true,\"valueName\":\"search_term_string\"}}],\"inLanguage\":\"de\"},{\"@type\":\"Organization\",\"@id\":\"https:\\\/\\\/aleasoft.com\\\/#organization\",\"name\":\"AleaSoft Energy Forecasting\",\"url\":\"https:\\\/\\\/aleasoft.com\\\/\",\"logo\":{\"@type\":\"ImageObject\",\"inLanguage\":\"de\",\"@id\":\"https:\\\/\\\/aleasoft.com\\\/#\\\/schema\\\/logo\\\/image\\\/\",\"url\":\"https:\\\/\\\/aleasoft.com\\\/wp-content\\\/uploads\\\/2020\\\/01\\\/logo-alea-25.svg\",\"contentUrl\":\"https:\\\/\\\/aleasoft.com\\\/wp-content\\\/uploads\\\/2020\\\/01\\\/logo-alea-25.svg\",\"width\":7047,\"height\":1416,\"caption\":\"AleaSoft Energy Forecasting\"},\"image\":{\"@id\":\"https:\\\/\\\/aleasoft.com\\\/#\\\/schema\\\/logo\\\/image\\\/\"},\"sameAs\":[\"https:\\\/\\\/www.facebook.com\\\/AleaSoft\\\/\",\"https:\\\/\\\/x.com\\\/AleaSoftEnergy\",\"https:\\\/\\\/www.linkedin.com\\\/company\\\/aleasoft\\\/\"]},{\"@type\":\"Person\",\"@id\":\"https:\\\/\\\/aleasoft.com\\\/#\\\/schema\\\/person\\\/99ee8b0f2ecbd56ba78005c6b7864d67\",\"name\":\"AleaSoft Energy Forecasting\",\"image\":{\"@type\":\"ImageObject\",\"inLanguage\":\"de\",\"@id\":\"https:\\\/\\\/secure.gravatar.com\\\/avatar\\\/3ce8db70bda469bc8382df5990537888cf96f625c0fde5b0292ff5ab10560f88?s=96&d=mm&r=g\",\"url\":\"https:\\\/\\\/secure.gravatar.com\\\/avatar\\\/3ce8db70bda469bc8382df5990537888cf96f625c0fde5b0292ff5ab10560f88?s=96&d=mm&r=g\",\"contentUrl\":\"https:\\\/\\\/secure.gravatar.com\\\/avatar\\\/3ce8db70bda469bc8382df5990537888cf96f625c0fde5b0292ff5ab10560f88?s=96&d=mm&r=g\",\"caption\":\"AleaSoft Energy Forecasting\"},\"sameAs\":[\"http:\\\/\\\/aleasoft.com\"]}]}<\/script>\n<!-- \/ Yoast SEO Premium plugin. -->","yoast_head_json":{"title":"Historische Aufzeichnung der geplanten Solar-Photovoltaik-Energieproduktion in Spanien - AleaSoft Energy Forecasting","description":"Die geplante Solar-Photovoltaik-Energieproduktion in Spanien erreichte in einer Stunde des 23.","robots":{"index":"index","follow":"follow","max-snippet":"max-snippet:-1","max-image-preview":"max-image-preview:large","max-video-preview":"max-video-preview:-1"},"canonical":"https:\/\/aleasoft.com\/de\/historische-aufzeichnung-geplanten-solar-photovoltaik-energieproduktion-spanien\/","og_locale":"de_DE","og_type":"article","og_title":"Historische Aufzeichnung der geplanten Solar-Photovoltaik-Energieproduktion in Spanien","og_description":"Die geplante Solar-Photovoltaik-Energieproduktion in Spanien erreichte in einer Stunde des 23.","og_url":"https:\/\/aleasoft.com\/de\/historische-aufzeichnung-geplanten-solar-photovoltaik-energieproduktion-spanien\/","og_site_name":"AleaSoft Energy Forecasting","article_publisher":"https:\/\/www.facebook.com\/AleaSoft\/","article_published_time":"2021-02-26T12:55:30+00:00","article_modified_time":"2021-03-02T13:22:35+00:00","og_image":[{"width":1200,"height":535,"url":"https:\/\/aleasoft.com\/wp-content\/uploads\/2021\/03\/20210226-AleaSoft-solar-photovoltaic-production-mainlad-spain-P48-moving-average.png","type":"image\/png"}],"author":"AleaSoft Energy Forecasting","twitter_card":"summary_large_image","twitter_creator":"@AleaSoftEnergy","twitter_site":"@AleaSoftEnergy","twitter_misc":{"Verfasst von":"AleaSoft Energy Forecasting","Gesch\u00e4tzte Lesezeit":"1\u00a0Minute"},"schema":{"@context":"https:\/\/schema.org","@graph":[{"@type":"Article","@id":"https:\/\/aleasoft.com\/de\/historische-aufzeichnung-geplanten-solar-photovoltaik-energieproduktion-spanien\/#article","isPartOf":{"@id":"https:\/\/aleasoft.com\/de\/historische-aufzeichnung-geplanten-solar-photovoltaik-energieproduktion-spanien\/"},"author":{"name":"AleaSoft Energy Forecasting","@id":"https:\/\/aleasoft.com\/#\/schema\/person\/99ee8b0f2ecbd56ba78005c6b7864d67"},"headline":"Historische Aufzeichnung der geplanten Solar-Photovoltaik-Energieproduktion in Spanien","datePublished":"2021-02-26T12:55:30+00:00","dateModified":"2021-03-02T13:22:35+00:00","mainEntityOfPage":{"@id":"https:\/\/aleasoft.com\/de\/historische-aufzeichnung-geplanten-solar-photovoltaik-energieproduktion-spanien\/"},"wordCount":91,"publisher":{"@id":"https:\/\/aleasoft.com\/#organization"},"image":{"@id":"https:\/\/aleasoft.com\/de\/historische-aufzeichnung-geplanten-solar-photovoltaik-energieproduktion-spanien\/#primaryimage"},"thumbnailUrl":"https:\/\/aleasoft.com\/wp-content\/uploads\/2021\/03\/20210226-AleaSoft-solar-photovoltaic-production-mainlad-spain-P48-moving-average.png","articleSection":["Nachrichten"],"inLanguage":"de"},{"@type":"WebPage","@id":"https:\/\/aleasoft.com\/de\/historische-aufzeichnung-geplanten-solar-photovoltaik-energieproduktion-spanien\/","url":"https:\/\/aleasoft.com\/de\/historische-aufzeichnung-geplanten-solar-photovoltaik-energieproduktion-spanien\/","name":"Historische Aufzeichnung der geplanten Solar-Photovoltaik-Energieproduktion in Spanien - AleaSoft Energy Forecasting","isPartOf":{"@id":"https:\/\/aleasoft.com\/#website"},"primaryImageOfPage":{"@id":"https:\/\/aleasoft.com\/de\/historische-aufzeichnung-geplanten-solar-photovoltaik-energieproduktion-spanien\/#primaryimage"},"image":{"@id":"https:\/\/aleasoft.com\/de\/historische-aufzeichnung-geplanten-solar-photovoltaik-energieproduktion-spanien\/#primaryimage"},"thumbnailUrl":"https:\/\/aleasoft.com\/wp-content\/uploads\/2021\/03\/20210226-AleaSoft-solar-photovoltaic-production-mainlad-spain-P48-moving-average.png","datePublished":"2021-02-26T12:55:30+00:00","dateModified":"2021-03-02T13:22:35+00:00","description":"Die geplante Solar-Photovoltaik-Energieproduktion in Spanien erreichte in einer Stunde des 23.","breadcrumb":{"@id":"https:\/\/aleasoft.com\/de\/historische-aufzeichnung-geplanten-solar-photovoltaik-energieproduktion-spanien\/#breadcrumb"},"inLanguage":"de","potentialAction":[{"@type":"ReadAction","target":["https:\/\/aleasoft.com\/de\/historische-aufzeichnung-geplanten-solar-photovoltaik-energieproduktion-spanien\/"]}]},{"@type":"ImageObject","inLanguage":"de","@id":"https:\/\/aleasoft.com\/de\/historische-aufzeichnung-geplanten-solar-photovoltaik-energieproduktion-spanien\/#primaryimage","url":"https:\/\/aleasoft.com\/wp-content\/uploads\/2021\/03\/20210226-AleaSoft-solar-photovoltaic-production-mainlad-spain-P48-moving-average.png","contentUrl":"https:\/\/aleasoft.com\/wp-content\/uploads\/2021\/03\/20210226-AleaSoft-solar-photovoltaic-production-mainlad-spain-P48-moving-average.png","width":1200,"height":535},{"@type":"BreadcrumbList","@id":"https:\/\/aleasoft.com\/de\/historische-aufzeichnung-geplanten-solar-photovoltaik-energieproduktion-spanien\/#breadcrumb","itemListElement":[{"@type":"ListItem","position":1,"name":"Home","item":"https:\/\/aleasoft.com\/"},{"@type":"ListItem","position":2,"name":"Historische Aufzeichnung der geplanten Solar-Photovoltaik-Energieproduktion in Spanien"}]},{"@type":"WebSite","@id":"https:\/\/aleasoft.com\/#website","url":"https:\/\/aleasoft.com\/","name":"AleaSoft Energy Forecasting","description":"Energy Forecasting","publisher":{"@id":"https:\/\/aleasoft.com\/#organization"},"potentialAction":[{"@type":"SearchAction","target":{"@type":"EntryPoint","urlTemplate":"https:\/\/aleasoft.com\/?s={search_term_string}"},"query-input":{"@type":"PropertyValueSpecification","valueRequired":true,"valueName":"search_term_string"}}],"inLanguage":"de"},{"@type":"Organization","@id":"https:\/\/aleasoft.com\/#organization","name":"AleaSoft Energy Forecasting","url":"https:\/\/aleasoft.com\/","logo":{"@type":"ImageObject","inLanguage":"de","@id":"https:\/\/aleasoft.com\/#\/schema\/logo\/image\/","url":"https:\/\/aleasoft.com\/wp-content\/uploads\/2020\/01\/logo-alea-25.svg","contentUrl":"https:\/\/aleasoft.com\/wp-content\/uploads\/2020\/01\/logo-alea-25.svg","width":7047,"height":1416,"caption":"AleaSoft Energy Forecasting"},"image":{"@id":"https:\/\/aleasoft.com\/#\/schema\/logo\/image\/"},"sameAs":["https:\/\/www.facebook.com\/AleaSoft\/","https:\/\/x.com\/AleaSoftEnergy","https:\/\/www.linkedin.com\/company\/aleasoft\/"]},{"@type":"Person","@id":"https:\/\/aleasoft.com\/#\/schema\/person\/99ee8b0f2ecbd56ba78005c6b7864d67","name":"AleaSoft Energy Forecasting","image":{"@type":"ImageObject","inLanguage":"de","@id":"https:\/\/secure.gravatar.com\/avatar\/3ce8db70bda469bc8382df5990537888cf96f625c0fde5b0292ff5ab10560f88?s=96&d=mm&r=g","url":"https:\/\/secure.gravatar.com\/avatar\/3ce8db70bda469bc8382df5990537888cf96f625c0fde5b0292ff5ab10560f88?s=96&d=mm&r=g","contentUrl":"https:\/\/secure.gravatar.com\/avatar\/3ce8db70bda469bc8382df5990537888cf96f625c0fde5b0292ff5ab10560f88?s=96&d=mm&r=g","caption":"AleaSoft Energy Forecasting"},"sameAs":["http:\/\/aleasoft.com"]}]}},"_links":{"self":[{"href":"https:\/\/aleasoft.com\/de\/wp-json\/wp\/v2\/posts\/110388","targetHints":{"allow":["GET"]}}],"collection":[{"href":"https:\/\/aleasoft.com\/de\/wp-json\/wp\/v2\/posts"}],"about":[{"href":"https:\/\/aleasoft.com\/de\/wp-json\/wp\/v2\/types\/post"}],"author":[{"embeddable":true,"href":"https:\/\/aleasoft.com\/de\/wp-json\/wp\/v2\/users\/1"}],"replies":[{"embeddable":true,"href":"https:\/\/aleasoft.com\/de\/wp-json\/wp\/v2\/comments?post=110388"}],"version-history":[{"count":0,"href":"https:\/\/aleasoft.com\/de\/wp-json\/wp\/v2\/posts\/110388\/revisions"}],"wp:featuredmedia":[{"embeddable":true,"href":"https:\/\/aleasoft.com\/de\/wp-json\/wp\/v2\/media\/110324"}],"wp:attachment":[{"href":"https:\/\/aleasoft.com\/de\/wp-json\/wp\/v2\/media?parent=110388"}],"wp:term":[{"taxonomy":"category","embeddable":true,"href":"https:\/\/aleasoft.com\/de\/wp-json\/wp\/v2\/categories?post=110388"},{"taxonomy":"post_tag","embeddable":true,"href":"https:\/\/aleasoft.com\/de\/wp-json\/wp\/v2\/tags?post=110388"}],"curies":[{"name":"wp","href":"https:\/\/api.w.org\/{rel}","templated":true}]}}