{"id":142385,"date":"2024-03-18T14:35:30","date_gmt":"2024-03-18T13:35:30","guid":{"rendered":"https:\/\/aleasoft.com\/?p=142385"},"modified":"2024-03-19T18:49:23","modified_gmt":"2024-03-19T17:49:23","slug":"pv-leistung-im-maerz-erreicht-auf-der-iberischen-halbinsel-bereits-das-august-niveau-des-vorjahres","status":"publish","type":"post","link":"https:\/\/aleasoft.com\/de\/pv-leistung-im-maerz-erreicht-auf-der-iberischen-halbinsel-bereits-das-august-niveau-des-vorjahres\/","title":{"rendered":"PV-Leistung im M\u00e4rz erreicht auf der Iberischen Halbinsel bereits das August-Niveau des Vorjahres"},"content":{"rendered":"<p><strong>AleaSoft Energy Forecasting, 18. M\u00e4rz 2024. In der zweiten M\u00e4rzwoche haben sich die Preise auf den europ\u00e4ischen Stromm\u00e4rkten im Vergleich zur Vorwoche kaum ver\u00e4ndert, au\u00dfer auf dem MIBEL-Markt, wo sie sich verdoppelt haben. Dennoch verzeichnete die iberische Halbinsel die niedrigsten Preise. Die Photovoltaik erreichte in Spanien und Portugal das Niveau von Ende August und stellte erneut einen Rekord f\u00fcr einen Monat M\u00e4rz dar. Die Windenergieproduktion ging auf den meisten M\u00e4rkten zur\u00fcck. Am 14. M\u00e4rz erreichten die Brent-Futures mit 85,42 $\/bbl den h\u00f6chsten Preis seit Anfang November.<\/strong><\/p>\n<h2>Solare Photovoltaik- und Solarthermieproduktion und Windstromproduktion<\/h2>\n<p>In der Woche vom 11. M\u00e4rz stieg die <strong>Solarstromerzeugung<\/strong> auf den meisten europ\u00e4ischen Stromm\u00e4rkten im Vergleich zur Vorwoche. Der spanische Markt verzeichnete den gr\u00f6\u00dften Anstieg von 48 % und kehrte damit den Abw\u00e4rtstrend der Vorwoche um. Der franz\u00f6sische Markt verzeichnete mit 12 % den geringsten Zuwachs und stieg damit die dritte Woche in Folge an. Eine Ausnahme vom Aufw\u00e4rtstrend bildete der deutsche Markt. Hier ging die Solarproduktion nach vier Wochen des Anstiegs um 2,5 % zur\u00fcck.<\/p>\n<p>Auf der iberischen Halbinsel wurden im M\u00e4rz erneut die h\u00f6chsten <strong>PV-Produktionsrekorde<\/strong> f\u00fcr einen Monat aufgestellt. Am 12. M\u00e4rz produzierten der spanische und der portugiesische Markt 143 GWh bzw. 14 GWh. Ein solches Produktionsniveau wurde zuletzt Ende August erreicht.<\/p>\n<p>In der Woche vom 18. M\u00e4rz wird sich laut der <a href=\"https:\/\/aleasoft.com\/de\/produkte-dienstleistungen\/solarenergie-prognose\/\">Solarproduktionsprognose<\/a> von <strong>AleaSoft Energy Forecasting<\/strong> der in der Vorwoche beobachtete Trend umkehren. Die Solarproduktion wird in Deutschland zunehmen, w\u00e4hrend sie in Spanien und Italien zur\u00fcckgehen wird.<\/p>\n<p><div style='margin-top: 20px;margin-bottom: 20px;'><a title='AleaSoft - Solar photovoltaic thermosolar energy production electricity Europe' href='https:\/\/aleasoft.com\/wp-content\/uploads\/2024\/03\/20240318-AleaSoft-Solar-photovoltaic-thermosolar-energy-production-electricity-Europe.webp'><img class='aligncenter' src='https:\/\/aleasoft.com\/wp-content\/uploads\/2024\/03\/20240318-AleaSoft-Solar-photovoltaic-thermosolar-energy-production-electricity-Europe.webp' alt='AleaSoft - Solar photovoltaic thermosolar energy production electricity Europe' width='740'\/><\/a><span style='font-size: small;'>Quelle: Erstellt von AleaSoft Energy Forecasting mit Daten von ENTSO-E, RTE, REN, REE und TERNA.<\/span><\/div><br \/><div style='margin-top: 20px;margin-bottom: 20px;'><a title='AleaSoft - Solar photovoltaic production profile Europe' href='https:\/\/aleasoft.com\/wp-content\/uploads\/2024\/03\/20240318-AleaSoft-Solar-photovoltaic-production-profile-Europe.webp'><img class='aligncenter' src='https:\/\/aleasoft.com\/wp-content\/uploads\/2024\/03\/20240318-AleaSoft-Solar-photovoltaic-production-profile-Europe.webp' alt='AleaSoft - Solar photovoltaic production profile Europe' width='740'\/><\/a><span style='font-size: small;'>Quelle: Erstellt von AleaSoft Energy Forecasting mit Daten von ENTSO-E, RTE, REN, REE und TERNA.<\/span><\/div><\/p>\n<p>In der Woche vom 11. M\u00e4rz ist die <strong>Windenergieerzeugung<\/strong> auf den meisten europ\u00e4ischen Stromm\u00e4rkten im Vergleich zur Vorwoche zur\u00fcckgegangen. Der portugiesische Markt verzeichnete mit 61 % den st\u00e4rksten R\u00fcckgang und setzte damit den Abw\u00e4rtstrend der Vorwoche fort. Der deutsche Markt verzeichnete mit 4,9 % den geringsten R\u00fcckgang und kehrte damit den Anstieg der Vorwoche um. Im Gegensatz dazu stieg die Windenergieproduktion in Frankreich um 1,1 % und kehrte damit ebenfalls den Trend der Vorwoche um.<\/p>\n<p>F\u00fcr die Woche vom 18. M\u00e4rz sagen die Prognosen von <strong>AleaSoft Energy Forecasting<\/strong> voraus, dass sich die in der Woche vom 11. M\u00e4rz in den meisten M\u00e4rkten beobachteten Trends umkehren werden. Die <a href=\"https:\/\/aleasoft.com\/de\/produkte-dienstleistungen\/windenergie-prognose\/\">Windproduktion<\/a> wird auf der Iberischen Halbinsel und in Italien zunehmen und in Deutschland und Frankreich abnehmen.<\/p>\n<div style='margin-top: 20px;margin-bottom: 20px;'><a title='AleaSoft - Wind energy production electricity Europe' href='https:\/\/aleasoft.com\/wp-content\/uploads\/2024\/03\/20240318-AleaSoft-Wind-energy-production-electricity-Europe.webp'><img class='aligncenter' src='https:\/\/aleasoft.com\/wp-content\/uploads\/2024\/03\/20240318-AleaSoft-Wind-energy-production-electricity-Europe.webp' alt='AleaSoft - Wind energy production electricity Europe' width='740'\/><\/a><span style='font-size: small;'>Quelle: Erstellt von AleaSoft Energy Forecasting mit Daten von ENTSO-E, RTE, REN, REE und TERNA.<\/span><\/div>\n<h2>Elektrizit\u00e4tsnachfrage<\/h2>\n<p>In der Woche vom 11. M\u00e4rz sank die <strong>Stromnachfrage<\/strong> im Wochenvergleich auf den meisten der wichtigsten europ\u00e4ischen Stromm\u00e4rkte und setzte damit den Abw\u00e4rtstrend der Vorwoche fort. Der franz\u00f6sische Markt, auf dem die Nachfrage in der zweiten Woche in Folge zur\u00fcckging, verzeichnete mit 11 % den st\u00e4rksten R\u00fcckgang. Der belgische Markt verzeichnete mit 1,2 % den geringsten R\u00fcckgang, ebenfalls in der zweiten Woche in Folge. Der niederl\u00e4ndische Markt bildete die Ausnahme von diesem Abw\u00e4rtstrend. Hier stieg die Nachfrage nach vier Wochen des R\u00fcckgangs um 4,1 %.<\/p>\n<p>Gleichzeitig stiegen die <strong>Durchschnittstemperaturen<\/strong> in allen untersuchten europ\u00e4ischen M\u00e4rkten. Die Steigerungen reichten von 1,1\u00b0C in Italien bis 3,3\u00b0C in Portugal.<\/p>\n<p>In der Woche vom 18. M\u00e4rz wird sich laut den <a href=\"https:\/\/aleasoft.com\/de\/produkte-dienstleistungen\/energiebedarfsprognosen\/\">Nachfrageprognosen<\/a> von <strong>AleaSoft Energy Forecasting<\/strong> der Abw\u00e4rtstrend in Frankreich, Spanien, Italien und Belgien fortsetzen. Im Gegensatz dazu wird die Nachfrage in Deutschland, Portugal, Gro\u00dfbritannien und den Niederlanden steigen.<\/p>\n<div style='margin-top: 20px;margin-bottom: 20px;'><a title='AleaSoft - Electricity demand European countries' href='https:\/\/aleasoft.com\/wp-content\/uploads\/2024\/03\/20240318-AleaSoft-Electricity-demand-European-countries.webp'><img class='aligncenter' src='https:\/\/aleasoft.com\/wp-content\/uploads\/2024\/03\/20240318-AleaSoft-Electricity-demand-European-countries.webp' alt='AleaSoft - Electricity demand European countries' width='740'\/><\/a><span style='font-size: small;'>Quelle: Erstellt von AleaSoft Energy Forecasting mit Daten von ENTSO-E, RTE, REN, REE, TERNA, National Grid und ELIA.<\/span><\/div>\n<h2>Europ\u00e4ische Stromm\u00e4rkte<\/h2>\n<p>In der Woche vom 11. M\u00e4rz haben sich die Durchschnittspreise auf den meisten europ\u00e4ischen Stromm\u00e4rkten gegen\u00fcber der Vorwoche kaum ver\u00e4ndert. Eine Ausnahme bildete der <strong>MIBEL-Markt<\/strong> in Spanien und Portugal. Nachdem er in der ersten M\u00e4rzwoche w\u00f6chentliche Preise von unter 15 \u20ac\/MWh verzeichnet hatte, erreichte er in der Woche vom 11. M\u00e4rz erneut die h\u00f6chsten prozentualen Preissteigerungen, indem er im Wochendurchschnitt 30 \u20ac\/MWh \u00fcberschritt. Der spanische Marktdurchschnitt stieg um 136 % und der portugiesische Markt um 141 %. Auch auf dem britischen <strong>N2EX-Markt<\/strong> und auf dem <strong>-Markt<\/strong> in den Niederlanden und Deutschland stiegen die Wochenpreise um 0,6 %, 1,0 % bzw. 5,9 %. Auf den anderen in <strong>AleaSoft Energy Forecasting<\/strong> analysierten M\u00e4rkten fielen die Preise zwischen 2,5 % auf dem italienischen <strong>IPEX-Markt<\/strong> und 15 % auf dem nordischen <strong>Nordpool-Markt<\/strong>.<\/p>\n<p>In der zweiten M\u00e4rzwoche lagen die w\u00f6chentlichen Durchschnittspreise auf den meisten der untersuchten europ\u00e4ischen Stromm\u00e4rkte unter 65 \u20ac\/MWh. Ausnahmen waren der deutsche Markt, der britische Markt und der italienische Markt mit Durchschnittspreisen von 68,34 \u20ac\/MWh, 73,50 \u20ac\/MWh bzw. 88,23 \u20ac\/MWh. Dagegen verzeichneten der portugiesische und der spanische Markt trotz des Anstiegs erneut die niedrigsten Wochenpreise mit 30,89 \u20ac\/MWh bzw. 33,24 \u20ac\/MWh. Auf den \u00fcbrigen untersuchten M\u00e4rkten reichten die Preise von 54,23 \u20ac\/MWh auf dem nordischen Markt bis 63,24 \u20ac\/MWh auf dem niederl\u00e4ndischen Markt.<\/p>\n<p>Was die Stundenpreise betrifft, so verzeichnete in der zweiten M\u00e4rzwoche nur der iberische Markt trotz des Anstiegs seines w\u00f6chentlichen Durchschnittspreises Preise unter 1 \u20ac\/MWh. Die meisten dieser Preise traten am Montag, dem 11. M\u00e4rz, auf. An diesem Tag verzeichnete der MIBEL-Markt dreizehn Stunden mit einem Preis von 0 \u20ac\/MWh, was auf die hohe Windstromproduktion in Spanien zur\u00fcckzuf\u00fchren ist.<\/p>\n<p>In der Woche vom 11. M\u00e4rz hat der R\u00fcckgang der durchschnittlichen Preise f\u00fcr Gas und CO<sub>2<\/sub>-Emissionszertifikate die Preise auf den europ\u00e4ischen Stromm\u00e4rkten nach unten gedr\u00fcckt. Auch die Stromnachfrage sank in den meisten der analysierten M\u00e4rkte. Andererseits f\u00fchrte der R\u00fcckgang der Windkraftproduktion zu h\u00f6heren Preisen auf M\u00e4rkten wie dem iberischen und dem deutschen Markt, wo auch die Solarproduktion zur\u00fcckging.<\/p>\n<div style='margin-top: 20px;margin-bottom: 20px;'><a title='AleaSoft - Solar panels' href='https:\/\/aleasoft.com\/wp-content\/uploads\/2024\/03\/pexels-tom-fisk-9893729.webp'><img class='aligncenter' src='https:\/\/aleasoft.com\/wp-content\/uploads\/2024\/03\/pexels-tom-fisk-9893729.webp' alt='AleaSoft - Solar panels' width='740'\/><\/a><\/div>\n<p>Die <a href=\"https:\/\/aleasoft.com\/de\/produkte-dienstleistungen\/energiepreisprognosen\/\">Preisprognosen<\/a> von <strong>AleaSoft Energy Forecasting<\/strong> deuten darauf hin, dass die Preise in der dritten M\u00e4rzwoche in den meisten der untersuchten europ\u00e4ischen Stromm\u00e4rkte dem gleichen Trend folgen k\u00f6nnten wie in der laufenden Woche.<\/p>\n<div style='margin-top: 20px;margin-bottom: 20px;'><a title='AleaSoft - European electricity market prices' href='https:\/\/aleasoft.com\/wp-content\/uploads\/2024\/03\/20240318-AleaSoft-European-electricity-market-prices.webp'><img class='aligncenter' src='https:\/\/aleasoft.com\/wp-content\/uploads\/2024\/03\/20240318-AleaSoft-European-electricity-market-prices.webp' alt='AleaSoft - European electricity market prices' width='740'\/><\/a><span style='font-size: small;'>Quelle: Erstellt von AleaSoft Energy Forecasting mit Daten von OMIE, , Nord Pool und GME.<\/span><\/div>\n<h2>Brent, Kraftstoffe und CO<sub>2<\/sub><\/h2>\n<p>Die Schlusskurse der <strong>Brent-Roh\u00f6l-Futures<\/strong> f\u00fcr den Frontmonat an der <strong>ICE-B\u00f6rse<\/strong> verzeichneten in den meisten Sitzungen der zweiten M\u00e4rzwoche Preissteigerungen. Am Dienstag, dem 12. M\u00e4rz, erreichten diese Futures jedoch mit einem leichten R\u00fcckgang gegen\u00fcber dem Montag ihr w\u00f6chentliches Schlusstief von 81,92 $\/bbl. Andererseits erreichten sie am Donnerstag, dem 14. M\u00e4rz, infolge der verzeichneten Steigerungen ihren Wochenh\u00f6chstpreis von 85,42 $\/bbl. Nach den in <strong>AleaSoft Energy Forecasting<\/strong> analysierten Daten war dieser Preis 3,0 % h\u00f6her als am vorangegangenen Donnerstag und der h\u00f6chste seit Anfang November 2023. Am Freitag fiel der Schlusskurs leicht auf 85,34 $\/bbl zur\u00fcck, lag damit aber immer noch 4,0 % h\u00f6her als am Freitag zuvor.<\/p>\n<p>In der zweiten M\u00e4rzwoche korrigierte die Internationale Energieagentur ihre \u00d6lnachfrageprognose f\u00fcr 2024 nach oben, was in den letzten Sitzungen der Woche zu Schlusskursen \u00fcber 85 $\/bbl f\u00fchrte. Die Produktionsk\u00fcrzungen der OPEC+ und die sinkenden US-\u00d6lvorr\u00e4te trugen ebenfalls zu dieser Entwicklung bei.<\/p>\n<p>Bei den <strong>TTF-Gasfutures<\/strong> am ICE-Frontmonatsmarkt lagen die Schlusskurse in den ersten drei Sitzungen der zweiten M\u00e4rzwoche unter 25 \u20ac\/MWh. Den niedrigsten Wochenschlusskurs verzeichneten diese Futures am Dienstag, den 12. M\u00e4rz, mit 24,77 \u20ac\/MWh. Nach den von <strong>AleaSoft Energy Forecasting<\/strong> analysierten Daten lag dieser Preis 9,8 % unter dem des vorherigen Dienstags und war der niedrigste seit Ende Februar. Ab Mittwoch, dem 13. M\u00e4rz, begannen die Preise zu steigen und erreichten am Freitag, dem 15. M\u00e4rz, ihren w\u00f6chentlichen H\u00f6chstpreis von 27,03 \u20ac\/MWh. Dieser Schlusspreis lag um 2,4 % h\u00f6her als am Freitag zuvor.<\/p>\n<p>In der zweiten M\u00e4rzwoche hielten die Versorgungssorgen aufgrund von Unterbrechungen der Exporte aus der Freeport-Fl\u00fcssiggasanlage in den Vereinigten Staaten an. Vorhersagen \u00fcber einen R\u00fcckgang der Windenergieproduktion in Teilen Europas und eine erh\u00f6hte Nachfrage in Asien trugen ebenfalls zum Preisanstieg bei TTF-Futures bei. Die europ\u00e4ischen Lagerbest\u00e4nde verhinderten jedoch weitere Preissteigerungen.<\/p>\n<p>Die Schlusskurse der <strong>CO<sub>2<\/sub>-Futures<\/strong> am <strong>EEX-Markt<\/strong> f\u00fcr den Dezember-2024-Benchmarkkontrakt begannen in der zweiten M\u00e4rzwoche mit R\u00fcckg\u00e4ngen und blieben bis Mittwoch unter 57 \u20ac\/t. An diesem Tag verzeichneten diese Futures ihren niedrigsten Wochenschlusskurs von 56,04 \u20ac\/t. Nach den von AleaSoft Energy Forecasting analysierten Daten lag dieser Preis um 5,4 % niedriger als am Mittwoch zuvor und war der niedrigste in der ersten M\u00e4rzh\u00e4lfte. In den \u00fcbrigen Sitzungen der zweiten M\u00e4rzwoche zogen die Preise an. So lag der Schlusskurs am Freitag, den 15. M\u00e4rz, bei 59,39 \u20ac\/t und damit um 1,7 % h\u00f6her als am vorangegangenen Freitag.<\/p>\n<div style='margin-top: 20px;margin-bottom: 20px;'><a title='AleaSoft - Prices gas coal Brent oil CO2' href='https:\/\/aleasoft.com\/wp-content\/uploads\/2024\/03\/20240318-AleaSoft-Prices-gas-coal-Brent-oil-CO2.webp'><img class='aligncenter' src='https:\/\/aleasoft.com\/wp-content\/uploads\/2024\/03\/20240318-AleaSoft-Prices-gas-coal-Brent-oil-CO2.webp' alt='AleaSoft - Prices gas coal Brent oil CO2' width='740'\/><\/a><span style='font-size: small;'>Quelle: Erstellt von AleaSoft Energy Forecasting mit Daten von ICE und EEX.<\/span><\/div>\n<h2>AleaSoft Energy Forecasting&#8217;s Analyse der Aussichten f\u00fcr die europ\u00e4ischen Energiem\u00e4rkte und die Energiewende<\/h2>\n<p>Am Donnerstag, den 14. M\u00e4rz, fand das <a href=\"https:\/\/aleasoft.com\/webinars\/prospects-energy-markets-europe-spring-2024\/\">dritte Webinar<\/a> des Jahres 2024 von <strong>AleaSoft Energy Forecasting<\/strong> und AleaGreen statt. Dieses Webinar war das 42. in ihrer <a href=\"https:\/\/aleasoft.com\/de\/webinars\/\">monatlichen Webinarreihe<\/a> und zum vierten Mal mit Gastrednern von <strong>EY<\/strong>. Neben den Aussichten f\u00fcr die europ\u00e4ischen Energiem\u00e4rkte wurden in dem Webinar die Themen Regulierung, <strong>Finanzierung von Projekten f\u00fcr erneuerbare Energien<\/strong>, <strong>PPAs<\/strong>, <strong>Eigenverbrauch,<\/strong> <strong>Portfoliobewertung,<\/strong> Auktion f\u00fcr gr\u00fcnen <strong>Wasserstoff<\/strong> und der <strong>Innovationsfonds behandelt<\/strong>.<\/p>\n<p><strong>AleaSoft Energy Forecasting<\/strong> und <strong>AleaGreen<\/strong> werden ihr <a href=\"https:\/\/aleasoft.com\/webinars\/energy-markets-storage-april-2024\/\">n\u00e4chstes Webinar<\/a> am 11. April abhalten. Bei dieser Gelegenheit wird sich das Webinar auf die <strong>Energiespeicherung<\/strong> konzentrieren und zum dritten Mal mit der Teilnahme von Ra\u00fal Garc\u00eda Posada, Direktor von <strong>ASEALEN<\/strong>, dem spanischen Verband f\u00fcr Energiespeicherung, rechnen.<\/p>\n<p>Quelle: <strong>AleaSoft Energy Forecasting<\/strong>.<\/p>\n","protected":false},"excerpt":{"rendered":"<p>AleaSoft Energy Forecasting, 18. M\u00e4rz 2024. In der zweiten M\u00e4rzwoche haben sich die Preise auf den europ\u00e4ischen Stromm\u00e4rkten im Vergleich zur Vorwoche kaum ver\u00e4ndert, au\u00dfer auf dem MIBEL-Markt, wo sie sich verdoppelt haben. Dennoch verzeichnete die iberische Halbinsel die niedrigsten Preise. Die Photovoltaik erreichte in Spanien und Portugal das Niveau von Ende August und stellte [&hellip;]<\/p>\n","protected":false},"author":3,"featured_media":142286,"comment_status":"closed","ping_status":"closed","sticky":false,"template":"","format":"standard","meta":{"footnotes":""},"categories":[32],"tags":[],"class_list":["post-142385","post","type-post","status-publish","format-standard","has-post-thumbnail","hentry","category-nachrichten"],"yoast_head":"<!-- This site is optimized with the Yoast SEO Premium plugin v27.4 (Yoast SEO v27.5) - https:\/\/yoast.com\/product\/yoast-seo-premium-wordpress\/ -->\n<title>PV-Leistung im M\u00e4rz erreicht auf der Iberischen Halbinsel bereits das August-Niveau des Vorjahres - AleaSoft Energy Forecasting<\/title>\n<meta name=\"robots\" content=\"index, follow, max-snippet:-1, max-image-preview:large, max-video-preview:-1\" \/>\n<link rel=\"canonical\" href=\"https:\/\/aleasoft.com\/pv-leistung-im-maerz-erreicht-auf-der-iberischen-halbinsel-bereits-das-august-niveau-des-vorjahres\/\" \/>\n<meta property=\"og:locale\" content=\"de_DE\" \/>\n<meta property=\"og:type\" content=\"article\" \/>\n<meta property=\"og:title\" content=\"PV-Leistung im M\u00e4rz erreicht auf der Iberischen Halbinsel bereits das August-Niveau des Vorjahres\" \/>\n<meta property=\"og:description\" content=\"AleaSoft Energy Forecasting, 18. M\u00e4rz 2024. In der zweiten M\u00e4rzwoche haben sich die Preise auf den europ\u00e4ischen Stromm\u00e4rkten im Vergleich zur Vorwoche kaum ver\u00e4ndert, au\u00dfer auf dem MIBEL-Markt, wo sie sich verdoppelt haben. Dennoch verzeichnete die iberische Halbinsel die niedrigsten Preise. Die Photovoltaik erreichte in Spanien und Portugal das Niveau von Ende August und stellte [&hellip;]\" \/>\n<meta property=\"og:url\" content=\"https:\/\/aleasoft.com\/pv-leistung-im-maerz-erreicht-auf-der-iberischen-halbinsel-bereits-das-august-niveau-des-vorjahres\/\" \/>\n<meta property=\"og:site_name\" content=\"AleaSoft Energy Forecasting\" \/>\n<meta property=\"article:publisher\" content=\"https:\/\/www.facebook.com\/AleaSoft\/\" \/>\n<meta property=\"article:published_time\" content=\"2024-03-18T13:35:30+00:00\" \/>\n<meta property=\"article:modified_time\" content=\"2024-03-19T17:49:23+00:00\" \/>\n<meta property=\"og:image\" content=\"https:\/\/aleasoft.com\/wp-content\/uploads\/2024\/03\/20240318-AleaSoft-Perfil-produccion-solar-fotovoltaica-Europa.png\" \/>\n\t<meta property=\"og:image:width\" content=\"2282\" \/>\n\t<meta property=\"og:image:height\" content=\"1589\" \/>\n\t<meta property=\"og:image:type\" content=\"image\/png\" \/>\n<meta name=\"author\" content=\"AleaSoft Energy Forecasting\" \/>\n<meta name=\"twitter:card\" content=\"summary_large_image\" \/>\n<meta name=\"twitter:creator\" content=\"@AleaSoftEnergy\" \/>\n<meta name=\"twitter:site\" content=\"@AleaSoftEnergy\" \/>\n<meta name=\"twitter:label1\" content=\"Verfasst von\" \/>\n\t<meta name=\"twitter:data1\" content=\"AleaSoft Energy Forecasting\" \/>\n\t<meta name=\"twitter:label2\" content=\"Gesch\u00e4tzte Lesezeit\" \/>\n\t<meta name=\"twitter:data2\" content=\"7\u00a0Minuten\" \/>\n<script type=\"application\/ld+json\" class=\"yoast-schema-graph\">{\"@context\":\"https:\\\/\\\/schema.org\",\"@graph\":[{\"@type\":\"Article\",\"@id\":\"https:\\\/\\\/aleasoft.com\\\/pv-leistung-im-maerz-erreicht-auf-der-iberischen-halbinsel-bereits-das-august-niveau-des-vorjahres\\\/#article\",\"isPartOf\":{\"@id\":\"https:\\\/\\\/aleasoft.com\\\/de\\\/pv-leistung-im-maerz-erreicht-auf-der-iberischen-halbinsel-bereits-das-august-niveau-des-vorjahres\\\/\"},\"author\":{\"name\":\"AleaSoft Energy Forecasting\",\"@id\":\"https:\\\/\\\/aleasoft.com\\\/#\\\/schema\\\/person\\\/e83ba5c714f71473e3096e6f5bffcd61\"},\"headline\":\"PV-Leistung im M\u00e4rz erreicht auf der Iberischen Halbinsel bereits das August-Niveau des Vorjahres\",\"datePublished\":\"2024-03-18T13:35:30+00:00\",\"dateModified\":\"2024-03-19T17:49:23+00:00\",\"mainEntityOfPage\":{\"@id\":\"https:\\\/\\\/aleasoft.com\\\/de\\\/pv-leistung-im-maerz-erreicht-auf-der-iberischen-halbinsel-bereits-das-august-niveau-des-vorjahres\\\/\"},\"wordCount\":1631,\"publisher\":{\"@id\":\"https:\\\/\\\/aleasoft.com\\\/#organization\"},\"image\":{\"@id\":\"https:\\\/\\\/aleasoft.com\\\/pv-leistung-im-maerz-erreicht-auf-der-iberischen-halbinsel-bereits-das-august-niveau-des-vorjahres\\\/#primaryimage\"},\"thumbnailUrl\":\"https:\\\/\\\/aleasoft.com\\\/wp-content\\\/uploads\\\/2024\\\/03\\\/20240318-AleaSoft-Perfil-produccion-solar-fotovoltaica-Europa.png\",\"articleSection\":[\"Nachrichten\"],\"inLanguage\":\"de\"},{\"@type\":\"WebPage\",\"@id\":\"https:\\\/\\\/aleasoft.com\\\/de\\\/pv-leistung-im-maerz-erreicht-auf-der-iberischen-halbinsel-bereits-das-august-niveau-des-vorjahres\\\/\",\"url\":\"https:\\\/\\\/aleasoft.com\\\/pv-leistung-im-maerz-erreicht-auf-der-iberischen-halbinsel-bereits-das-august-niveau-des-vorjahres\\\/\",\"name\":\"PV-Leistung im M\u00e4rz erreicht auf der Iberischen Halbinsel bereits das August-Niveau des Vorjahres - AleaSoft Energy Forecasting\",\"isPartOf\":{\"@id\":\"https:\\\/\\\/aleasoft.com\\\/#website\"},\"primaryImageOfPage\":{\"@id\":\"https:\\\/\\\/aleasoft.com\\\/pv-leistung-im-maerz-erreicht-auf-der-iberischen-halbinsel-bereits-das-august-niveau-des-vorjahres\\\/#primaryimage\"},\"image\":{\"@id\":\"https:\\\/\\\/aleasoft.com\\\/pv-leistung-im-maerz-erreicht-auf-der-iberischen-halbinsel-bereits-das-august-niveau-des-vorjahres\\\/#primaryimage\"},\"thumbnailUrl\":\"https:\\\/\\\/aleasoft.com\\\/wp-content\\\/uploads\\\/2024\\\/03\\\/20240318-AleaSoft-Perfil-produccion-solar-fotovoltaica-Europa.png\",\"datePublished\":\"2024-03-18T13:35:30+00:00\",\"dateModified\":\"2024-03-19T17:49:23+00:00\",\"breadcrumb\":{\"@id\":\"https:\\\/\\\/aleasoft.com\\\/pv-leistung-im-maerz-erreicht-auf-der-iberischen-halbinsel-bereits-das-august-niveau-des-vorjahres\\\/#breadcrumb\"},\"inLanguage\":\"de\",\"potentialAction\":[{\"@type\":\"ReadAction\",\"target\":[\"https:\\\/\\\/aleasoft.com\\\/pv-leistung-im-maerz-erreicht-auf-der-iberischen-halbinsel-bereits-das-august-niveau-des-vorjahres\\\/\"]}]},{\"@type\":\"ImageObject\",\"inLanguage\":\"de\",\"@id\":\"https:\\\/\\\/aleasoft.com\\\/pv-leistung-im-maerz-erreicht-auf-der-iberischen-halbinsel-bereits-das-august-niveau-des-vorjahres\\\/#primaryimage\",\"url\":\"https:\\\/\\\/aleasoft.com\\\/wp-content\\\/uploads\\\/2024\\\/03\\\/20240318-AleaSoft-Perfil-produccion-solar-fotovoltaica-Europa.png\",\"contentUrl\":\"https:\\\/\\\/aleasoft.com\\\/wp-content\\\/uploads\\\/2024\\\/03\\\/20240318-AleaSoft-Perfil-produccion-solar-fotovoltaica-Europa.png\",\"width\":2282,\"height\":1589},{\"@type\":\"BreadcrumbList\",\"@id\":\"https:\\\/\\\/aleasoft.com\\\/pv-leistung-im-maerz-erreicht-auf-der-iberischen-halbinsel-bereits-das-august-niveau-des-vorjahres\\\/#breadcrumb\",\"itemListElement\":[{\"@type\":\"ListItem\",\"position\":1,\"name\":\"Home\",\"item\":\"https:\\\/\\\/aleasoft.com\\\/\"},{\"@type\":\"ListItem\",\"position\":2,\"name\":\"PV-Leistung im M\u00e4rz erreicht auf der Iberischen Halbinsel bereits das August-Niveau des Vorjahres\"}]},{\"@type\":\"WebSite\",\"@id\":\"https:\\\/\\\/aleasoft.com\\\/#website\",\"url\":\"https:\\\/\\\/aleasoft.com\\\/\",\"name\":\"AleaSoft Energy Forecasting\",\"description\":\"Energy Forecasting\",\"publisher\":{\"@id\":\"https:\\\/\\\/aleasoft.com\\\/#organization\"},\"potentialAction\":[{\"@type\":\"SearchAction\",\"target\":{\"@type\":\"EntryPoint\",\"urlTemplate\":\"https:\\\/\\\/aleasoft.com\\\/?s={search_term_string}\"},\"query-input\":{\"@type\":\"PropertyValueSpecification\",\"valueRequired\":true,\"valueName\":\"search_term_string\"}}],\"inLanguage\":\"de\"},{\"@type\":\"Organization\",\"@id\":\"https:\\\/\\\/aleasoft.com\\\/#organization\",\"name\":\"AleaSoft Energy Forecasting\",\"url\":\"https:\\\/\\\/aleasoft.com\\\/\",\"logo\":{\"@type\":\"ImageObject\",\"inLanguage\":\"de\",\"@id\":\"https:\\\/\\\/aleasoft.com\\\/#\\\/schema\\\/logo\\\/image\\\/\",\"url\":\"https:\\\/\\\/aleasoft.com\\\/wp-content\\\/uploads\\\/2020\\\/01\\\/logo-alea-25.svg\",\"contentUrl\":\"https:\\\/\\\/aleasoft.com\\\/wp-content\\\/uploads\\\/2020\\\/01\\\/logo-alea-25.svg\",\"width\":7047,\"height\":1416,\"caption\":\"AleaSoft Energy Forecasting\"},\"image\":{\"@id\":\"https:\\\/\\\/aleasoft.com\\\/#\\\/schema\\\/logo\\\/image\\\/\"},\"sameAs\":[\"https:\\\/\\\/www.facebook.com\\\/AleaSoft\\\/\",\"https:\\\/\\\/x.com\\\/AleaSoftEnergy\",\"https:\\\/\\\/www.linkedin.com\\\/company\\\/aleasoft\\\/\"]},{\"@type\":\"Person\",\"@id\":\"https:\\\/\\\/aleasoft.com\\\/#\\\/schema\\\/person\\\/e83ba5c714f71473e3096e6f5bffcd61\",\"name\":\"AleaSoft Energy Forecasting\",\"image\":{\"@type\":\"ImageObject\",\"inLanguage\":\"de\",\"@id\":\"https:\\\/\\\/secure.gravatar.com\\\/avatar\\\/9f3c80a49711746195eaa8b9dac85dd25b10ed81cf9cd40ba1c909b7c8d60bfb?s=96&d=mm&r=g\",\"url\":\"https:\\\/\\\/secure.gravatar.com\\\/avatar\\\/9f3c80a49711746195eaa8b9dac85dd25b10ed81cf9cd40ba1c909b7c8d60bfb?s=96&d=mm&r=g\",\"contentUrl\":\"https:\\\/\\\/secure.gravatar.com\\\/avatar\\\/9f3c80a49711746195eaa8b9dac85dd25b10ed81cf9cd40ba1c909b7c8d60bfb?s=96&d=mm&r=g\",\"caption\":\"AleaSoft Energy Forecasting\"}}]}<\/script>\n<!-- \/ Yoast SEO Premium plugin. -->","yoast_head_json":{"title":"PV-Leistung im M\u00e4rz erreicht auf der Iberischen Halbinsel bereits das August-Niveau des Vorjahres - AleaSoft Energy Forecasting","robots":{"index":"index","follow":"follow","max-snippet":"max-snippet:-1","max-image-preview":"max-image-preview:large","max-video-preview":"max-video-preview:-1"},"canonical":"https:\/\/aleasoft.com\/pv-leistung-im-maerz-erreicht-auf-der-iberischen-halbinsel-bereits-das-august-niveau-des-vorjahres\/","og_locale":"de_DE","og_type":"article","og_title":"PV-Leistung im M\u00e4rz erreicht auf der Iberischen Halbinsel bereits das August-Niveau des Vorjahres","og_description":"AleaSoft Energy Forecasting, 18. M\u00e4rz 2024. In der zweiten M\u00e4rzwoche haben sich die Preise auf den europ\u00e4ischen Stromm\u00e4rkten im Vergleich zur Vorwoche kaum ver\u00e4ndert, au\u00dfer auf dem MIBEL-Markt, wo sie sich verdoppelt haben. Dennoch verzeichnete die iberische Halbinsel die niedrigsten Preise. Die Photovoltaik erreichte in Spanien und Portugal das Niveau von Ende August und stellte [&hellip;]","og_url":"https:\/\/aleasoft.com\/pv-leistung-im-maerz-erreicht-auf-der-iberischen-halbinsel-bereits-das-august-niveau-des-vorjahres\/","og_site_name":"AleaSoft Energy Forecasting","article_publisher":"https:\/\/www.facebook.com\/AleaSoft\/","article_published_time":"2024-03-18T13:35:30+00:00","article_modified_time":"2024-03-19T17:49:23+00:00","og_image":[{"width":2282,"height":1589,"url":"https:\/\/aleasoft.com\/wp-content\/uploads\/2024\/03\/20240318-AleaSoft-Perfil-produccion-solar-fotovoltaica-Europa.png","type":"image\/png"}],"author":"AleaSoft Energy Forecasting","twitter_card":"summary_large_image","twitter_creator":"@AleaSoftEnergy","twitter_site":"@AleaSoftEnergy","twitter_misc":{"Verfasst von":"AleaSoft Energy Forecasting","Gesch\u00e4tzte Lesezeit":"7\u00a0Minuten"},"schema":{"@context":"https:\/\/schema.org","@graph":[{"@type":"Article","@id":"https:\/\/aleasoft.com\/pv-leistung-im-maerz-erreicht-auf-der-iberischen-halbinsel-bereits-das-august-niveau-des-vorjahres\/#article","isPartOf":{"@id":"https:\/\/aleasoft.com\/de\/pv-leistung-im-maerz-erreicht-auf-der-iberischen-halbinsel-bereits-das-august-niveau-des-vorjahres\/"},"author":{"name":"AleaSoft Energy Forecasting","@id":"https:\/\/aleasoft.com\/#\/schema\/person\/e83ba5c714f71473e3096e6f5bffcd61"},"headline":"PV-Leistung im M\u00e4rz erreicht auf der Iberischen Halbinsel bereits das August-Niveau des Vorjahres","datePublished":"2024-03-18T13:35:30+00:00","dateModified":"2024-03-19T17:49:23+00:00","mainEntityOfPage":{"@id":"https:\/\/aleasoft.com\/de\/pv-leistung-im-maerz-erreicht-auf-der-iberischen-halbinsel-bereits-das-august-niveau-des-vorjahres\/"},"wordCount":1631,"publisher":{"@id":"https:\/\/aleasoft.com\/#organization"},"image":{"@id":"https:\/\/aleasoft.com\/pv-leistung-im-maerz-erreicht-auf-der-iberischen-halbinsel-bereits-das-august-niveau-des-vorjahres\/#primaryimage"},"thumbnailUrl":"https:\/\/aleasoft.com\/wp-content\/uploads\/2024\/03\/20240318-AleaSoft-Perfil-produccion-solar-fotovoltaica-Europa.png","articleSection":["Nachrichten"],"inLanguage":"de"},{"@type":"WebPage","@id":"https:\/\/aleasoft.com\/de\/pv-leistung-im-maerz-erreicht-auf-der-iberischen-halbinsel-bereits-das-august-niveau-des-vorjahres\/","url":"https:\/\/aleasoft.com\/pv-leistung-im-maerz-erreicht-auf-der-iberischen-halbinsel-bereits-das-august-niveau-des-vorjahres\/","name":"PV-Leistung im M\u00e4rz erreicht auf der Iberischen Halbinsel bereits das August-Niveau des Vorjahres - AleaSoft Energy Forecasting","isPartOf":{"@id":"https:\/\/aleasoft.com\/#website"},"primaryImageOfPage":{"@id":"https:\/\/aleasoft.com\/pv-leistung-im-maerz-erreicht-auf-der-iberischen-halbinsel-bereits-das-august-niveau-des-vorjahres\/#primaryimage"},"image":{"@id":"https:\/\/aleasoft.com\/pv-leistung-im-maerz-erreicht-auf-der-iberischen-halbinsel-bereits-das-august-niveau-des-vorjahres\/#primaryimage"},"thumbnailUrl":"https:\/\/aleasoft.com\/wp-content\/uploads\/2024\/03\/20240318-AleaSoft-Perfil-produccion-solar-fotovoltaica-Europa.png","datePublished":"2024-03-18T13:35:30+00:00","dateModified":"2024-03-19T17:49:23+00:00","breadcrumb":{"@id":"https:\/\/aleasoft.com\/pv-leistung-im-maerz-erreicht-auf-der-iberischen-halbinsel-bereits-das-august-niveau-des-vorjahres\/#breadcrumb"},"inLanguage":"de","potentialAction":[{"@type":"ReadAction","target":["https:\/\/aleasoft.com\/pv-leistung-im-maerz-erreicht-auf-der-iberischen-halbinsel-bereits-das-august-niveau-des-vorjahres\/"]}]},{"@type":"ImageObject","inLanguage":"de","@id":"https:\/\/aleasoft.com\/pv-leistung-im-maerz-erreicht-auf-der-iberischen-halbinsel-bereits-das-august-niveau-des-vorjahres\/#primaryimage","url":"https:\/\/aleasoft.com\/wp-content\/uploads\/2024\/03\/20240318-AleaSoft-Perfil-produccion-solar-fotovoltaica-Europa.png","contentUrl":"https:\/\/aleasoft.com\/wp-content\/uploads\/2024\/03\/20240318-AleaSoft-Perfil-produccion-solar-fotovoltaica-Europa.png","width":2282,"height":1589},{"@type":"BreadcrumbList","@id":"https:\/\/aleasoft.com\/pv-leistung-im-maerz-erreicht-auf-der-iberischen-halbinsel-bereits-das-august-niveau-des-vorjahres\/#breadcrumb","itemListElement":[{"@type":"ListItem","position":1,"name":"Home","item":"https:\/\/aleasoft.com\/"},{"@type":"ListItem","position":2,"name":"PV-Leistung im M\u00e4rz erreicht auf der Iberischen Halbinsel bereits das August-Niveau des Vorjahres"}]},{"@type":"WebSite","@id":"https:\/\/aleasoft.com\/#website","url":"https:\/\/aleasoft.com\/","name":"AleaSoft Energy Forecasting","description":"Energy Forecasting","publisher":{"@id":"https:\/\/aleasoft.com\/#organization"},"potentialAction":[{"@type":"SearchAction","target":{"@type":"EntryPoint","urlTemplate":"https:\/\/aleasoft.com\/?s={search_term_string}"},"query-input":{"@type":"PropertyValueSpecification","valueRequired":true,"valueName":"search_term_string"}}],"inLanguage":"de"},{"@type":"Organization","@id":"https:\/\/aleasoft.com\/#organization","name":"AleaSoft Energy Forecasting","url":"https:\/\/aleasoft.com\/","logo":{"@type":"ImageObject","inLanguage":"de","@id":"https:\/\/aleasoft.com\/#\/schema\/logo\/image\/","url":"https:\/\/aleasoft.com\/wp-content\/uploads\/2020\/01\/logo-alea-25.svg","contentUrl":"https:\/\/aleasoft.com\/wp-content\/uploads\/2020\/01\/logo-alea-25.svg","width":7047,"height":1416,"caption":"AleaSoft Energy Forecasting"},"image":{"@id":"https:\/\/aleasoft.com\/#\/schema\/logo\/image\/"},"sameAs":["https:\/\/www.facebook.com\/AleaSoft\/","https:\/\/x.com\/AleaSoftEnergy","https:\/\/www.linkedin.com\/company\/aleasoft\/"]},{"@type":"Person","@id":"https:\/\/aleasoft.com\/#\/schema\/person\/e83ba5c714f71473e3096e6f5bffcd61","name":"AleaSoft Energy Forecasting","image":{"@type":"ImageObject","inLanguage":"de","@id":"https:\/\/secure.gravatar.com\/avatar\/9f3c80a49711746195eaa8b9dac85dd25b10ed81cf9cd40ba1c909b7c8d60bfb?s=96&d=mm&r=g","url":"https:\/\/secure.gravatar.com\/avatar\/9f3c80a49711746195eaa8b9dac85dd25b10ed81cf9cd40ba1c909b7c8d60bfb?s=96&d=mm&r=g","contentUrl":"https:\/\/secure.gravatar.com\/avatar\/9f3c80a49711746195eaa8b9dac85dd25b10ed81cf9cd40ba1c909b7c8d60bfb?s=96&d=mm&r=g","caption":"AleaSoft Energy Forecasting"}}]}},"_links":{"self":[{"href":"https:\/\/aleasoft.com\/de\/wp-json\/wp\/v2\/posts\/142385","targetHints":{"allow":["GET"]}}],"collection":[{"href":"https:\/\/aleasoft.com\/de\/wp-json\/wp\/v2\/posts"}],"about":[{"href":"https:\/\/aleasoft.com\/de\/wp-json\/wp\/v2\/types\/post"}],"author":[{"embeddable":true,"href":"https:\/\/aleasoft.com\/de\/wp-json\/wp\/v2\/users\/3"}],"replies":[{"embeddable":true,"href":"https:\/\/aleasoft.com\/de\/wp-json\/wp\/v2\/comments?post=142385"}],"version-history":[{"count":0,"href":"https:\/\/aleasoft.com\/de\/wp-json\/wp\/v2\/posts\/142385\/revisions"}],"wp:featuredmedia":[{"embeddable":true,"href":"https:\/\/aleasoft.com\/de\/wp-json\/wp\/v2\/media\/142286"}],"wp:attachment":[{"href":"https:\/\/aleasoft.com\/de\/wp-json\/wp\/v2\/media?parent=142385"}],"wp:term":[{"taxonomy":"category","embeddable":true,"href":"https:\/\/aleasoft.com\/de\/wp-json\/wp\/v2\/categories?post=142385"},{"taxonomy":"post_tag","embeddable":true,"href":"https:\/\/aleasoft.com\/de\/wp-json\/wp\/v2\/tags?post=142385"}],"curies":[{"name":"wp","href":"https:\/\/api.w.org\/{rel}","templated":true}]}}