{"id":96691,"date":"2020-07-06T15:25:30","date_gmt":"2020-07-06T13:25:30","guid":{"rendered":"https:\/\/aleasoft.com\/?p=96691"},"modified":"2020-07-07T13:34:10","modified_gmt":"2020-07-07T11:34:10","slug":"negative-preise-einigen-europaeischen-maerkten-ersten-juliwochenende-aufgrund-windenergie","status":"publish","type":"post","link":"https:\/\/aleasoft.com\/de\/negative-preise-einigen-europaeischen-maerkten-ersten-juliwochenende-aufgrund-windenergie\/","title":{"rendered":"Negative Preise in einigen europ\u00e4ischen M\u00e4rkten am ersten Juliwochenende aufgrund der Windenergie"},"content":{"rendered":"<p><strong>AleaSoft, 6. Juli 2020. Die meisten Stromm\u00e4rkte in Mittel- und Nordeuropa verzeichneten am ersten Juliwochenende aufgrund der steigenden Windenergieproduktion negative Stundenpreise. In Deutschland lag der Durchschnitt f\u00fcr Tag 5 bei 15,34 \u20ac\/MWh und damit auf dem niedrigsten Stand seit Ende Mai. Auf dem Nord-Pool-Markt lag der Durchschnitt am selben Tag bei 0,72 \u20ac\/MWh, dem niedrigsten Tageswert seit mindestens 2011. In dieser Woche wird erwartet, dass die Windenergieproduktion auf den meisten M\u00e4rkten zur\u00fcckgehen wird, so dass sich die Preise erholen werden.<\/strong><\/p>\n<a style='color:#0047c8;' href='https:\/\/aleasoft.com\/negative-preise-einigen-europaeischen-maerkten-ersten-juliwochenende-aufgrund-windenergie\/'>Nachrichten auf Englisch<\/a>\n","protected":false},"excerpt":{"rendered":"<p>AleaSoft, 6. Juli 2020. Die meisten Stromm\u00e4rkte in Mittel- und Nordeuropa verzeichneten am ersten Juliwochenende aufgrund der steigenden Windenergieproduktion negative Stundenpreise. In Deutschland lag der Durchschnitt f\u00fcr Tag 5 bei 15,34 \u20ac\/MWh und damit auf dem niedrigsten Stand seit Ende Mai. Auf dem Nord-Pool-Markt lag der Durchschnitt am selben Tag bei 0,72 \u20ac\/MWh, dem niedrigsten [&hellip;]<\/p>\n","protected":false},"author":1,"featured_media":96647,"comment_status":"closed","ping_status":"closed","sticky":false,"template":"","format":"standard","meta":{"footnotes":""},"categories":[32],"tags":[],"class_list":["post-96691","post","type-post","status-publish","format-standard","has-post-thumbnail","hentry","category-nachrichten"],"yoast_head":"<!-- This site is optimized with the Yoast SEO Premium plugin v27.4 (Yoast SEO v27.4) - https:\/\/yoast.com\/product\/yoast-seo-premium-wordpress\/ -->\n<title>Negative Preise in einigen europ\u00e4ischen M\u00e4rkten am ersten Juliwochenende aufgrund der Windenergie - AleaSoft Energy Forecasting<\/title>\n<meta name=\"description\" content=\"Die meisten Stromm\u00e4rkte in Mittel- und Nordeuropa verzeichneten am ersten Juliwochenende aufgrund der steigenden Windenergieproduktion negative Stundenpreise\" \/>\n<meta name=\"robots\" content=\"index, follow, max-snippet:-1, max-image-preview:large, max-video-preview:-1\" \/>\n<link rel=\"canonical\" href=\"https:\/\/aleasoft.com\/de\/negative-preise-einigen-europaeischen-maerkten-ersten-juliwochenende-aufgrund-windenergie\/\" \/>\n<meta property=\"og:locale\" content=\"de_DE\" \/>\n<meta property=\"og:type\" content=\"article\" \/>\n<meta property=\"og:title\" content=\"Negative Preise in einigen europ\u00e4ischen M\u00e4rkten am ersten Juliwochenende aufgrund der Windenergie\" \/>\n<meta property=\"og:description\" content=\"Die meisten Stromm\u00e4rkte in Mittel- und Nordeuropa verzeichneten am ersten Juliwochenende aufgrund der steigenden Windenergieproduktion negative Stundenpreise\" \/>\n<meta property=\"og:url\" content=\"https:\/\/aleasoft.com\/de\/negative-preise-einigen-europaeischen-maerkten-ersten-juliwochenende-aufgrund-windenergie\/\" \/>\n<meta property=\"og:site_name\" content=\"AleaSoft Energy Forecasting\" \/>\n<meta property=\"article:publisher\" content=\"https:\/\/www.facebook.com\/AleaSoft\/\" \/>\n<meta property=\"article:published_time\" content=\"2020-07-06T13:25:30+00:00\" \/>\n<meta property=\"article:modified_time\" content=\"2020-07-07T11:34:10+00:00\" \/>\n<meta property=\"og:image\" content=\"https:\/\/aleasoft.com\/wp-content\/uploads\/2020\/07\/20200706-AleaSoft-European-electricity-market-prices.png\" \/>\n\t<meta property=\"og:image:width\" content=\"2372\" \/>\n\t<meta property=\"og:image:height\" content=\"1638\" \/>\n\t<meta property=\"og:image:type\" content=\"image\/png\" \/>\n<meta name=\"author\" content=\"AleaSoft Energy Forecasting\" \/>\n<meta name=\"twitter:card\" content=\"summary_large_image\" \/>\n<meta name=\"twitter:creator\" content=\"@AleaSoftEnergy\" \/>\n<meta name=\"twitter:site\" content=\"@AleaSoftEnergy\" \/>\n<meta name=\"twitter:label1\" content=\"Verfasst von\" \/>\n\t<meta name=\"twitter:data1\" content=\"AleaSoft Energy Forecasting\" \/>\n<script type=\"application\/ld+json\" class=\"yoast-schema-graph\">{\"@context\":\"https:\\\/\\\/schema.org\",\"@graph\":[{\"@type\":\"Article\",\"@id\":\"https:\\\/\\\/aleasoft.com\\\/de\\\/negative-preise-einigen-europaeischen-maerkten-ersten-juliwochenende-aufgrund-windenergie\\\/#article\",\"isPartOf\":{\"@id\":\"https:\\\/\\\/aleasoft.com\\\/de\\\/negative-preise-einigen-europaeischen-maerkten-ersten-juliwochenende-aufgrund-windenergie\\\/\"},\"author\":{\"name\":\"AleaSoft Energy Forecasting\",\"@id\":\"https:\\\/\\\/aleasoft.com\\\/#\\\/schema\\\/person\\\/99ee8b0f2ecbd56ba78005c6b7864d67\"},\"headline\":\"Negative Preise in einigen europ\u00e4ischen M\u00e4rkten am ersten Juliwochenende aufgrund der Windenergie\",\"datePublished\":\"2020-07-06T13:25:30+00:00\",\"dateModified\":\"2020-07-07T11:34:10+00:00\",\"mainEntityOfPage\":{\"@id\":\"https:\\\/\\\/aleasoft.com\\\/de\\\/negative-preise-einigen-europaeischen-maerkten-ersten-juliwochenende-aufgrund-windenergie\\\/\"},\"wordCount\":93,\"publisher\":{\"@id\":\"https:\\\/\\\/aleasoft.com\\\/#organization\"},\"image\":{\"@id\":\"https:\\\/\\\/aleasoft.com\\\/de\\\/negative-preise-einigen-europaeischen-maerkten-ersten-juliwochenende-aufgrund-windenergie\\\/#primaryimage\"},\"thumbnailUrl\":\"https:\\\/\\\/aleasoft.com\\\/wp-content\\\/uploads\\\/2020\\\/07\\\/20200706-AleaSoft-European-electricity-market-prices.png\",\"articleSection\":[\"Nachrichten\"],\"inLanguage\":\"de\"},{\"@type\":\"WebPage\",\"@id\":\"https:\\\/\\\/aleasoft.com\\\/de\\\/negative-preise-einigen-europaeischen-maerkten-ersten-juliwochenende-aufgrund-windenergie\\\/\",\"url\":\"https:\\\/\\\/aleasoft.com\\\/de\\\/negative-preise-einigen-europaeischen-maerkten-ersten-juliwochenende-aufgrund-windenergie\\\/\",\"name\":\"Negative Preise in einigen europ\u00e4ischen M\u00e4rkten am ersten Juliwochenende aufgrund der Windenergie - AleaSoft Energy Forecasting\",\"isPartOf\":{\"@id\":\"https:\\\/\\\/aleasoft.com\\\/#website\"},\"primaryImageOfPage\":{\"@id\":\"https:\\\/\\\/aleasoft.com\\\/de\\\/negative-preise-einigen-europaeischen-maerkten-ersten-juliwochenende-aufgrund-windenergie\\\/#primaryimage\"},\"image\":{\"@id\":\"https:\\\/\\\/aleasoft.com\\\/de\\\/negative-preise-einigen-europaeischen-maerkten-ersten-juliwochenende-aufgrund-windenergie\\\/#primaryimage\"},\"thumbnailUrl\":\"https:\\\/\\\/aleasoft.com\\\/wp-content\\\/uploads\\\/2020\\\/07\\\/20200706-AleaSoft-European-electricity-market-prices.png\",\"datePublished\":\"2020-07-06T13:25:30+00:00\",\"dateModified\":\"2020-07-07T11:34:10+00:00\",\"description\":\"Die meisten Stromm\u00e4rkte in Mittel- und Nordeuropa verzeichneten am ersten Juliwochenende aufgrund der steigenden Windenergieproduktion negative Stundenpreise\",\"breadcrumb\":{\"@id\":\"https:\\\/\\\/aleasoft.com\\\/de\\\/negative-preise-einigen-europaeischen-maerkten-ersten-juliwochenende-aufgrund-windenergie\\\/#breadcrumb\"},\"inLanguage\":\"de\",\"potentialAction\":[{\"@type\":\"ReadAction\",\"target\":[\"https:\\\/\\\/aleasoft.com\\\/de\\\/negative-preise-einigen-europaeischen-maerkten-ersten-juliwochenende-aufgrund-windenergie\\\/\"]}]},{\"@type\":\"ImageObject\",\"inLanguage\":\"de\",\"@id\":\"https:\\\/\\\/aleasoft.com\\\/de\\\/negative-preise-einigen-europaeischen-maerkten-ersten-juliwochenende-aufgrund-windenergie\\\/#primaryimage\",\"url\":\"https:\\\/\\\/aleasoft.com\\\/wp-content\\\/uploads\\\/2020\\\/07\\\/20200706-AleaSoft-European-electricity-market-prices.png\",\"contentUrl\":\"https:\\\/\\\/aleasoft.com\\\/wp-content\\\/uploads\\\/2020\\\/07\\\/20200706-AleaSoft-European-electricity-market-prices.png\",\"width\":2372,\"height\":1638},{\"@type\":\"BreadcrumbList\",\"@id\":\"https:\\\/\\\/aleasoft.com\\\/de\\\/negative-preise-einigen-europaeischen-maerkten-ersten-juliwochenende-aufgrund-windenergie\\\/#breadcrumb\",\"itemListElement\":[{\"@type\":\"ListItem\",\"position\":1,\"name\":\"Home\",\"item\":\"https:\\\/\\\/aleasoft.com\\\/\"},{\"@type\":\"ListItem\",\"position\":2,\"name\":\"Negative Preise in einigen europ\u00e4ischen M\u00e4rkten am ersten Juliwochenende aufgrund der Windenergie\"}]},{\"@type\":\"WebSite\",\"@id\":\"https:\\\/\\\/aleasoft.com\\\/#website\",\"url\":\"https:\\\/\\\/aleasoft.com\\\/\",\"name\":\"AleaSoft Energy Forecasting\",\"description\":\"Energy Forecasting\",\"publisher\":{\"@id\":\"https:\\\/\\\/aleasoft.com\\\/#organization\"},\"potentialAction\":[{\"@type\":\"SearchAction\",\"target\":{\"@type\":\"EntryPoint\",\"urlTemplate\":\"https:\\\/\\\/aleasoft.com\\\/?s={search_term_string}\"},\"query-input\":{\"@type\":\"PropertyValueSpecification\",\"valueRequired\":true,\"valueName\":\"search_term_string\"}}],\"inLanguage\":\"de\"},{\"@type\":\"Organization\",\"@id\":\"https:\\\/\\\/aleasoft.com\\\/#organization\",\"name\":\"AleaSoft Energy Forecasting\",\"url\":\"https:\\\/\\\/aleasoft.com\\\/\",\"logo\":{\"@type\":\"ImageObject\",\"inLanguage\":\"de\",\"@id\":\"https:\\\/\\\/aleasoft.com\\\/#\\\/schema\\\/logo\\\/image\\\/\",\"url\":\"https:\\\/\\\/aleasoft.com\\\/wp-content\\\/uploads\\\/2020\\\/01\\\/logo-alea-25.svg\",\"contentUrl\":\"https:\\\/\\\/aleasoft.com\\\/wp-content\\\/uploads\\\/2020\\\/01\\\/logo-alea-25.svg\",\"width\":7047,\"height\":1416,\"caption\":\"AleaSoft Energy Forecasting\"},\"image\":{\"@id\":\"https:\\\/\\\/aleasoft.com\\\/#\\\/schema\\\/logo\\\/image\\\/\"},\"sameAs\":[\"https:\\\/\\\/www.facebook.com\\\/AleaSoft\\\/\",\"https:\\\/\\\/x.com\\\/AleaSoftEnergy\",\"https:\\\/\\\/www.linkedin.com\\\/company\\\/aleasoft\\\/\"]},{\"@type\":\"Person\",\"@id\":\"https:\\\/\\\/aleasoft.com\\\/#\\\/schema\\\/person\\\/99ee8b0f2ecbd56ba78005c6b7864d67\",\"name\":\"AleaSoft Energy Forecasting\",\"image\":{\"@type\":\"ImageObject\",\"inLanguage\":\"de\",\"@id\":\"https:\\\/\\\/secure.gravatar.com\\\/avatar\\\/3ce8db70bda469bc8382df5990537888cf96f625c0fde5b0292ff5ab10560f88?s=96&d=mm&r=g\",\"url\":\"https:\\\/\\\/secure.gravatar.com\\\/avatar\\\/3ce8db70bda469bc8382df5990537888cf96f625c0fde5b0292ff5ab10560f88?s=96&d=mm&r=g\",\"contentUrl\":\"https:\\\/\\\/secure.gravatar.com\\\/avatar\\\/3ce8db70bda469bc8382df5990537888cf96f625c0fde5b0292ff5ab10560f88?s=96&d=mm&r=g\",\"caption\":\"AleaSoft Energy Forecasting\"},\"sameAs\":[\"http:\\\/\\\/aleasoft.com\"]}]}<\/script>\n<!-- \/ Yoast SEO Premium plugin. -->","yoast_head_json":{"title":"Negative Preise in einigen europ\u00e4ischen M\u00e4rkten am ersten Juliwochenende aufgrund der Windenergie - AleaSoft Energy Forecasting","description":"Die meisten Stromm\u00e4rkte in Mittel- und Nordeuropa verzeichneten am ersten Juliwochenende aufgrund der steigenden Windenergieproduktion negative Stundenpreise","robots":{"index":"index","follow":"follow","max-snippet":"max-snippet:-1","max-image-preview":"max-image-preview:large","max-video-preview":"max-video-preview:-1"},"canonical":"https:\/\/aleasoft.com\/de\/negative-preise-einigen-europaeischen-maerkten-ersten-juliwochenende-aufgrund-windenergie\/","og_locale":"de_DE","og_type":"article","og_title":"Negative Preise in einigen europ\u00e4ischen M\u00e4rkten am ersten Juliwochenende aufgrund der Windenergie","og_description":"Die meisten Stromm\u00e4rkte in Mittel- und Nordeuropa verzeichneten am ersten Juliwochenende aufgrund der steigenden Windenergieproduktion negative Stundenpreise","og_url":"https:\/\/aleasoft.com\/de\/negative-preise-einigen-europaeischen-maerkten-ersten-juliwochenende-aufgrund-windenergie\/","og_site_name":"AleaSoft Energy Forecasting","article_publisher":"https:\/\/www.facebook.com\/AleaSoft\/","article_published_time":"2020-07-06T13:25:30+00:00","article_modified_time":"2020-07-07T11:34:10+00:00","og_image":[{"width":2372,"height":1638,"url":"https:\/\/aleasoft.com\/wp-content\/uploads\/2020\/07\/20200706-AleaSoft-European-electricity-market-prices.png","type":"image\/png"}],"author":"AleaSoft Energy Forecasting","twitter_card":"summary_large_image","twitter_creator":"@AleaSoftEnergy","twitter_site":"@AleaSoftEnergy","twitter_misc":{"Verfasst von":"AleaSoft Energy Forecasting"},"schema":{"@context":"https:\/\/schema.org","@graph":[{"@type":"Article","@id":"https:\/\/aleasoft.com\/de\/negative-preise-einigen-europaeischen-maerkten-ersten-juliwochenende-aufgrund-windenergie\/#article","isPartOf":{"@id":"https:\/\/aleasoft.com\/de\/negative-preise-einigen-europaeischen-maerkten-ersten-juliwochenende-aufgrund-windenergie\/"},"author":{"name":"AleaSoft Energy Forecasting","@id":"https:\/\/aleasoft.com\/#\/schema\/person\/99ee8b0f2ecbd56ba78005c6b7864d67"},"headline":"Negative Preise in einigen europ\u00e4ischen M\u00e4rkten am ersten Juliwochenende aufgrund der Windenergie","datePublished":"2020-07-06T13:25:30+00:00","dateModified":"2020-07-07T11:34:10+00:00","mainEntityOfPage":{"@id":"https:\/\/aleasoft.com\/de\/negative-preise-einigen-europaeischen-maerkten-ersten-juliwochenende-aufgrund-windenergie\/"},"wordCount":93,"publisher":{"@id":"https:\/\/aleasoft.com\/#organization"},"image":{"@id":"https:\/\/aleasoft.com\/de\/negative-preise-einigen-europaeischen-maerkten-ersten-juliwochenende-aufgrund-windenergie\/#primaryimage"},"thumbnailUrl":"https:\/\/aleasoft.com\/wp-content\/uploads\/2020\/07\/20200706-AleaSoft-European-electricity-market-prices.png","articleSection":["Nachrichten"],"inLanguage":"de"},{"@type":"WebPage","@id":"https:\/\/aleasoft.com\/de\/negative-preise-einigen-europaeischen-maerkten-ersten-juliwochenende-aufgrund-windenergie\/","url":"https:\/\/aleasoft.com\/de\/negative-preise-einigen-europaeischen-maerkten-ersten-juliwochenende-aufgrund-windenergie\/","name":"Negative Preise in einigen europ\u00e4ischen M\u00e4rkten am ersten Juliwochenende aufgrund der Windenergie - AleaSoft Energy Forecasting","isPartOf":{"@id":"https:\/\/aleasoft.com\/#website"},"primaryImageOfPage":{"@id":"https:\/\/aleasoft.com\/de\/negative-preise-einigen-europaeischen-maerkten-ersten-juliwochenende-aufgrund-windenergie\/#primaryimage"},"image":{"@id":"https:\/\/aleasoft.com\/de\/negative-preise-einigen-europaeischen-maerkten-ersten-juliwochenende-aufgrund-windenergie\/#primaryimage"},"thumbnailUrl":"https:\/\/aleasoft.com\/wp-content\/uploads\/2020\/07\/20200706-AleaSoft-European-electricity-market-prices.png","datePublished":"2020-07-06T13:25:30+00:00","dateModified":"2020-07-07T11:34:10+00:00","description":"Die meisten Stromm\u00e4rkte in Mittel- und Nordeuropa verzeichneten am ersten Juliwochenende aufgrund der steigenden Windenergieproduktion negative Stundenpreise","breadcrumb":{"@id":"https:\/\/aleasoft.com\/de\/negative-preise-einigen-europaeischen-maerkten-ersten-juliwochenende-aufgrund-windenergie\/#breadcrumb"},"inLanguage":"de","potentialAction":[{"@type":"ReadAction","target":["https:\/\/aleasoft.com\/de\/negative-preise-einigen-europaeischen-maerkten-ersten-juliwochenende-aufgrund-windenergie\/"]}]},{"@type":"ImageObject","inLanguage":"de","@id":"https:\/\/aleasoft.com\/de\/negative-preise-einigen-europaeischen-maerkten-ersten-juliwochenende-aufgrund-windenergie\/#primaryimage","url":"https:\/\/aleasoft.com\/wp-content\/uploads\/2020\/07\/20200706-AleaSoft-European-electricity-market-prices.png","contentUrl":"https:\/\/aleasoft.com\/wp-content\/uploads\/2020\/07\/20200706-AleaSoft-European-electricity-market-prices.png","width":2372,"height":1638},{"@type":"BreadcrumbList","@id":"https:\/\/aleasoft.com\/de\/negative-preise-einigen-europaeischen-maerkten-ersten-juliwochenende-aufgrund-windenergie\/#breadcrumb","itemListElement":[{"@type":"ListItem","position":1,"name":"Home","item":"https:\/\/aleasoft.com\/"},{"@type":"ListItem","position":2,"name":"Negative Preise in einigen europ\u00e4ischen M\u00e4rkten am ersten Juliwochenende aufgrund der Windenergie"}]},{"@type":"WebSite","@id":"https:\/\/aleasoft.com\/#website","url":"https:\/\/aleasoft.com\/","name":"AleaSoft Energy Forecasting","description":"Energy Forecasting","publisher":{"@id":"https:\/\/aleasoft.com\/#organization"},"potentialAction":[{"@type":"SearchAction","target":{"@type":"EntryPoint","urlTemplate":"https:\/\/aleasoft.com\/?s={search_term_string}"},"query-input":{"@type":"PropertyValueSpecification","valueRequired":true,"valueName":"search_term_string"}}],"inLanguage":"de"},{"@type":"Organization","@id":"https:\/\/aleasoft.com\/#organization","name":"AleaSoft Energy Forecasting","url":"https:\/\/aleasoft.com\/","logo":{"@type":"ImageObject","inLanguage":"de","@id":"https:\/\/aleasoft.com\/#\/schema\/logo\/image\/","url":"https:\/\/aleasoft.com\/wp-content\/uploads\/2020\/01\/logo-alea-25.svg","contentUrl":"https:\/\/aleasoft.com\/wp-content\/uploads\/2020\/01\/logo-alea-25.svg","width":7047,"height":1416,"caption":"AleaSoft Energy Forecasting"},"image":{"@id":"https:\/\/aleasoft.com\/#\/schema\/logo\/image\/"},"sameAs":["https:\/\/www.facebook.com\/AleaSoft\/","https:\/\/x.com\/AleaSoftEnergy","https:\/\/www.linkedin.com\/company\/aleasoft\/"]},{"@type":"Person","@id":"https:\/\/aleasoft.com\/#\/schema\/person\/99ee8b0f2ecbd56ba78005c6b7864d67","name":"AleaSoft Energy Forecasting","image":{"@type":"ImageObject","inLanguage":"de","@id":"https:\/\/secure.gravatar.com\/avatar\/3ce8db70bda469bc8382df5990537888cf96f625c0fde5b0292ff5ab10560f88?s=96&d=mm&r=g","url":"https:\/\/secure.gravatar.com\/avatar\/3ce8db70bda469bc8382df5990537888cf96f625c0fde5b0292ff5ab10560f88?s=96&d=mm&r=g","contentUrl":"https:\/\/secure.gravatar.com\/avatar\/3ce8db70bda469bc8382df5990537888cf96f625c0fde5b0292ff5ab10560f88?s=96&d=mm&r=g","caption":"AleaSoft Energy Forecasting"},"sameAs":["http:\/\/aleasoft.com"]}]}},"_links":{"self":[{"href":"https:\/\/aleasoft.com\/de\/wp-json\/wp\/v2\/posts\/96691","targetHints":{"allow":["GET"]}}],"collection":[{"href":"https:\/\/aleasoft.com\/de\/wp-json\/wp\/v2\/posts"}],"about":[{"href":"https:\/\/aleasoft.com\/de\/wp-json\/wp\/v2\/types\/post"}],"author":[{"embeddable":true,"href":"https:\/\/aleasoft.com\/de\/wp-json\/wp\/v2\/users\/1"}],"replies":[{"embeddable":true,"href":"https:\/\/aleasoft.com\/de\/wp-json\/wp\/v2\/comments?post=96691"}],"version-history":[{"count":0,"href":"https:\/\/aleasoft.com\/de\/wp-json\/wp\/v2\/posts\/96691\/revisions"}],"wp:featuredmedia":[{"embeddable":true,"href":"https:\/\/aleasoft.com\/de\/wp-json\/wp\/v2\/media\/96647"}],"wp:attachment":[{"href":"https:\/\/aleasoft.com\/de\/wp-json\/wp\/v2\/media?parent=96691"}],"wp:term":[{"taxonomy":"category","embeddable":true,"href":"https:\/\/aleasoft.com\/de\/wp-json\/wp\/v2\/categories?post=96691"},{"taxonomy":"post_tag","embeddable":true,"href":"https:\/\/aleasoft.com\/de\/wp-json\/wp\/v2\/tags?post=96691"}],"curies":[{"name":"wp","href":"https:\/\/api.w.org\/{rel}","templated":true}]}}