{"id":100028,"date":"2020-08-24T15:08:17","date_gmt":"2020-08-24T13:08:17","guid":{"rendered":"https:\/\/aleasoft.com\/?p=100028"},"modified":"2020-08-24T15:11:22","modified_gmt":"2020-08-24T13:11:22","slug":"aumento-eolica-descenso-demanda-hacen-bajar-precios-mercados-electricos-europeos","status":"publish","type":"post","link":"https:\/\/aleasoft.com\/es\/aumento-eolica-descenso-demanda-hacen-bajar-precios-mercados-electricos-europeos\/","title":{"rendered":"El aumento de la e\u00f3lica y el descenso de la demanda hacen bajar los precios de los mercados el\u00e9ctricos europeos"},"content":{"rendered":"<p><strong>AleaSoft, 24 de agosto de 2020. Los precios de la mayor\u00eda de los mercados el\u00e9ctricos europeos bajaron durante la tercera semana de agosto por el aumento de la producci\u00f3n e\u00f3lica y el descenso de la demanda. En Alemania algunas horas del domingo registraron valores negativos. Sin embargo, en el mercado Nord&nbsp;Pool los precios subieron y superaron los 10&nbsp;\u20ac\/MWh diarios, algo que no suced\u00eda desde mediados de mayo. En la \u00faltima semana del mes se prev\u00e9 que los precios suban, excepto en Alemania donde se espera una alta producci\u00f3n e\u00f3lica.<\/strong><\/p>\n<h2>Producci\u00f3n solar fotovoltaica y termosolar y producci\u00f3n e\u00f3lica<\/h2>\n<p>La <strong>producci\u00f3n solar<\/strong> durante la semana del lunes 17 de agosto aument\u00f3 un 7,1% en el mercado espa\u00f1ol y un 3,7% en el mercado franc\u00e9s. Por el contrario en el mercado alem\u00e1n disminuy\u00f3 un 9,2%, mientras que en los mercados de Italia y Portugal la producci\u00f3n descendi\u00f3 un 3,5% y un 2,5% respectivamente.<\/p>\n<p>Durante los primeros 23 d\u00edas de agosto, la producci\u00f3n solar fue m\u00e1s alta que en todos los mercados analizados en <strong>AleaSoft<\/strong> si se compara con la del mismo per\u00edodo del a\u00f1o 2019. Los mayores incrementos se produjeron en la pen\u00ednsula ib\u00e9rica, siendo del 35% en Espa\u00f1a y del 22% en Portugal. La menor variaci\u00f3n se registr\u00f3 en el mercado italiano y fue de un 7,2%. En el mercado alem\u00e1n la producci\u00f3n creci\u00f3 un 16% durante este per\u00edodo y en el franc\u00e9s un 12%.<\/p>\n<p>Para la semana que comenz\u00f3 el lunes 24 de agosto, <a href=\"https:\/\/aleasoft.com\/es\/productos-y-servicios\/previsiones-de-energia-solar\/\">las previsiones de producci\u00f3n solar de <strong>AleaSoft<\/strong><\/a> indican un descenso en Espa\u00f1a, Alemania e Italia.<\/p>\n<p><div style='margin-top: 20px;margin-bottom: 20px;'><a title='AleaSoft - Producci\u00f3n solar fotovoltaica termosolar electricidad Europa' href='https:\/\/aleasoft.com\/wp-content\/uploads\/2020\/08\/20200824-AleaSoft-Produccion-solar-fotovoltaica-termosolar-electricidad-Europa.png'><img class='aligncenter' src='https:\/\/aleasoft.com\/wp-content\/uploads\/2020\/08\/20200824-AleaSoft-Produccion-solar-fotovoltaica-termosolar-electricidad-Europa.png' alt='AleaSoft - Producci\u00f3n solar fotovoltaica termosolar electricidad Europa' width='740'\/><\/a><span style='font-size: small;'>Fuente: Elaborado por AleaSoft con datos de ENTSO-E, RTE, REN, REE y TERNA.<\/span><\/div><br \/>\n<div style='margin-top: 20px;margin-bottom: 20px;'><a title='AleaSoft - Perfil producci\u00f3n solar fotovoltaica Europa' href='https:\/\/aleasoft.com\/wp-content\/uploads\/2020\/08\/20200824-AleaSoft-Perfil-produccion-solar-fotovoltaica-Europa.png'><img class='aligncenter' src='https:\/\/aleasoft.com\/wp-content\/uploads\/2020\/08\/20200824-AleaSoft-Perfil-produccion-solar-fotovoltaica-Europa.png' alt='AleaSoft - Perfil producci\u00f3n solar fotovoltaica Europa' width='740'\/><\/a><span style='font-size: small;'>Fuente: Elaborado por AleaSoft con datos de ENTSO-E, RTE, REN, REE y TERNA.<\/span><\/div><\/p>\n<p>Durante la tercera semana de agosto, la producci\u00f3n e\u00f3lica aument\u00f3 en todos los mercados analizados. En el mercado franc\u00e9s el aumento fue del 151%, mientras que en el mercado alem\u00e1n fue del 32%. Los menores incrementos se registraron en la pen\u00ednsula ib\u00e9rica e Italia, con variaciones del 24% y del 20% respectivamente.<\/p>\n<p>Entre el 1 y el 23 de agosto, la producci\u00f3n e\u00f3lica disminuy\u00f3 entre un 19% y un 12% en los mercados de Portugal, Alemania y Francia en comparaci\u00f3n con los mismos d\u00edas de agosto de 2019. Por el contrario, en el mercado espa\u00f1ol aument\u00f3 un 16% y en el mercado italiano un 19%.<\/p>\n<p>Para la \u00faltima semana de agosto, <a href=\"https:\/\/aleasoft.com\/es\/productos-y-servicios\/previsiones-energia-eolica\/\">las previsiones de producci\u00f3n e\u00f3lica de <strong>AleaSoft<\/strong><\/a> indican un aumento de la producci\u00f3n en los mercados de Alemania, Italia y Francia. Por el contrario, para los mercados de la pen\u00ednsula ib\u00e9rica se prev\u00e9 una menor producci\u00f3n con esta tecnolog\u00eda.<\/p>\n<div style='margin-top: 20px;margin-bottom: 20px;'><a title='AleaSoft - Producci\u00f3n e\u00f3lica electricidad Europa' href='https:\/\/aleasoft.com\/wp-content\/uploads\/2020\/08\/20200824-AleaSoft-Produccion-eolica-electricidad-Europa.png'><img class='aligncenter' src='https:\/\/aleasoft.com\/wp-content\/uploads\/2020\/08\/20200824-AleaSoft-Produccion-eolica-electricidad-Europa.png' alt='AleaSoft - Producci\u00f3n e\u00f3lica electricidad Europa' width='740'\/><\/a><span style='font-size: small;'>Fuente: Elaborado por AleaSoft con datos de ENTSO-E, RTE, REN, REE y TERNA.<\/span><\/div>\n<h2>Subastas de renovables<\/h2>\n<p>Los d\u00edas 24 y 25 de agosto se realizar\u00e1 en Portugal la <a href=\"https:\/\/aleasoft.com\/es\/portugal-realizara-agosto-proxima-subasta-solar-aplazada-por-coronavirus\/\">segunda subasta de renovables<\/a>, prevista para enero y finalmente aplazada por la COVID\u201119. En esta ocasi\u00f3n se subastar\u00e1n 700&nbsp;MW de energ\u00eda solar y ser\u00e1 solo para las regiones de Alentejo y el Algarve. En ella podr\u00e1n participar proyectos de <a href=\"https:\/\/aleasoft.com\/es\/almacenamiento-baterias-hidrogeno-esencial-proceso-transicion-energetica\/\"><strong>almacenamiento<\/strong><\/a> y se podr\u00e1 optar por tres modalidades, cubri\u00e9ndose un per\u00edodo de 15 a\u00f1os desde que las plantas comiencen a producir. Esta es la primera subasta solar del 2020, prevista por el gobierno portugu\u00e9s para alcanzar los objetivos trazados en el PNIEC para el 2030, de tener instalados cerca de 10&nbsp;GW de energ\u00eda solar. Quedar\u00e1 pendiente para finales de a\u00f1o una nueva subasta solar, donde se prev\u00e9 que se ofrezcan cerca de 500&nbsp;MW o m\u00e1s, dependiendo de los resultados obtenidos en esta.<br \/>\n&nbsp;<br \/>\n<div style='margin-top: 20px;margin-bottom: 20px;'><a title='AleaSoft - arreglo paneles solares' href='https:\/\/aleasoft.com\/wp-content\/uploads\/2020\/08\/20200824-AleaSoft-arreglo-paneles-solares-scaled.jpg'><img class='aligncenter' src='https:\/\/aleasoft.com\/wp-content\/uploads\/2020\/08\/20200824-AleaSoft-arreglo-paneles-solares-scaled.jpg' alt='AleaSoft - arreglo paneles solares' width='740'\/><\/a><\/div><br \/>\n&nbsp;<\/p>\n<h2>Demanda el\u00e9ctrica<\/h2>\n<p>Durante la semana del 17 de agosto la <strong>demanda el\u00e9ctrica<\/strong> descendi\u00f3 en la mayor\u00eda de los mercados europeos respecto a la segunda semana del mes. La bajada de la demanda se debi\u00f3 fundamentalmente al descenso de las temperaturas durante la tercera semana de agosto tras finalizar la segunda <strong>ola de calor<\/strong> del verano. Dichos descensos estuvieron entre el 0,2% y el 7,7%. Las excepciones fueron los mercados de Espa\u00f1a e Italia donde las temperaturas fueron en general similares y la demanda se increment\u00f3 un 0,9% y un 1,6% respectivamente<\/p>\n<p>En <a href=\"https:\/\/aleasoft.com\/es\/mercados-energia\/\">los observatorios de mercados el\u00e9ctricos de <strong>AleaSoft<\/strong><\/a> se puede analizar la tendencia de la demanda y otras variables de inter\u00e9s de los mercados el\u00e9ctricos europeos durante las \u00faltimas semanas.<\/p>\n<p><a href=\"https:\/\/aleasoft.com\/es\/productos-y-servicios\/previsiones-de-la-demanda-de-energia\/\">Las previsiones de demanda <strong>AleaSoft<\/strong><\/a> para la semana actual indican una disminuci\u00f3n de la demanda en la mayor\u00eda de los mercados debido a que las temperaturas continuar\u00e1n siendo menos c\u00e1lidas en gran parte de Europa. Las excepciones ser\u00e1n Espa\u00f1a y Portugal, donde se prev\u00e9 que la demanda sea superior a la de la semana del 17 de agosto, mientras que en Gran Breta\u00f1a ser\u00e1 similar.<\/p>\n<div style='margin-top: 20px;margin-bottom: 20px;'><a title='AleaSoft - Demanda electricidad pa\u00edses Europa' href='https:\/\/aleasoft.com\/wp-content\/uploads\/2020\/08\/20200824-AleaSoft-Demanda-electricidad-paises-Europa.png'><img class='aligncenter' src='https:\/\/aleasoft.com\/wp-content\/uploads\/2020\/08\/20200824-AleaSoft-Demanda-electricidad-paises-Europa.png' alt='AleaSoft - Demanda electricidad pa\u00edses Europa' width='740'\/><\/a><span style='font-size: small;'>Fuente: Elaborado por AleaSoft con datos de ENTSO-E, RTE, REN, REE, TERNA, National Grid y ELIA. <\/span><\/div>\n<h2>Mercados el\u00e9ctricos europeos<\/h2>\n<p>La semana del 17 de agosto los precios fueron inferiores a los de la semana anterior en la mayor\u00eda de los mercados el\u00e9ctricos europeos analizados. Las excepciones fueron el <strong>mercado Nord&nbsp;Pool<\/strong> de los pa\u00edses n\u00f3rdicos y el <strong>mercado<\/strong> <strong>IPEX<\/strong> de Italia con incrementos del 52% y el 3,8% respectivamente. Por otra parte, el mercado con la mayor ca\u00edda de precios, del 11%, fue el <strong>mercado EPEX&nbsp;SPOT <\/strong>de B\u00e9lgica, seguido por los descensos del 7,5% en el mercado franc\u00e9s y del 7,2% en el mercado alem\u00e1n. Mientras que en el mercado EPEX&nbsp;SPOT de los Pa\u00edses Bajos el precio promedio durante la tercera semana de agosto fue similar al de la semana del 10 de agosto, con una diferencia de 0,01&nbsp;\u20ac\/MWh. En el resto de los mercados, las bajadas de precios estuvieron entre el 1,8% del <strong>mercado N2EX<\/strong> de Gran Breta\u00f1a y el 6,1% del <strong>mercado MIBEL<\/strong> de Portugal.<\/p>\n<p>Durante la tercera semana de agosto, el mercado europeo con el precio promedio m\u00e1s bajo, de 9,94&nbsp;\u20ac\/MWh, fue el mercado Nord&nbsp;Pool. El resto de los mercados analizados tuvieron promedios semanales superiores a los 30&nbsp;\u20ac\/MWh. En el caso del mercado IPEX, se superaron los 40&nbsp;\u20ac\/MWh, convirti\u00e9ndose en el mercado con el precio promedio m\u00e1s elevado, de 40,33&nbsp;\u20ac\/MWh.<\/p>\n<div style='margin-top: 20px;margin-bottom: 20px;'><a title='AleaSoft - Tabla precio mercados demanda electricidad temperatura europa' href='https:\/\/aleasoft.com\/wp-content\/uploads\/2020\/08\/20200824-AleaSoft-Tabla-precio-mercados-demanda-electricidad-temperatura-europa.png'><img class='aligncenter' src='https:\/\/aleasoft.com\/wp-content\/uploads\/2020\/08\/20200824-AleaSoft-Tabla-precio-mercados-demanda-electricidad-temperatura-europa.png' alt='AleaSoft - Tabla precio mercados demanda electricidad temperatura europa' width='740'\/><\/a><\/div>\n<p>En cuanto a los precios diarios, durante la semana del 17 de agosto, la mayor\u00eda de los mercados europeos superaron los 40&nbsp;\u20ac\/MWh alg\u00fan d\u00eda, excepto el mercado Nord&nbsp;Pool y el mercado MIBEL de Espa\u00f1a y Portugal. El precio m\u00e1s elevado, de 44,34&nbsp;\u20ac\/MWh, se alcanz\u00f3 en Italia el mi\u00e9rcoles 19 de agosto.<\/p>\n<p>En cambio, el domingo 23 de agosto, los precios fueron inferiores a 30&nbsp;\u20ac\/MWh en casi todos los mercados. La excepci\u00f3n fue el mercado N2EX, que tuvo un precio diario de 39,73&nbsp;\u20ac\/MWh. Ese d\u00eda, los precios m\u00e1s bajos fueron los del mercado Nord&nbsp;Pool y el alem\u00e1n, de 5,65&nbsp;\u20ac\/MWh y 16,33&nbsp;\u20ac\/MWh respectivamente.<\/p>\n<p>Por otra parte, el domingo 23 de agosto se alcanzaron precios horarios negativos en Alemania. El precio horario m\u00e1s bajo, de \u201116,18&nbsp;\u20ac\/MWh, fue el de la hora 14. Este precio fue el m\u00e1s bajo de este mercado desde el domingo 26 de julio. A su vez, estos precios negativos contrastan con los precios horarios del lunes 24 de agosto en Gran Breta\u00f1a, los cuales alcanzaron los 96,58&nbsp;\u20ac\/MWh para la hora 20. No se alcanzaban precios tan elevados en el mercado brit\u00e1nico desde marzo.<\/p>\n<div style='margin-top: 20px;margin-bottom: 20px;'><a title='AleaSoft - Precios mercados europeos electricidad' href='https:\/\/aleasoft.com\/wp-content\/uploads\/2020\/08\/20200824-AleaSoft-Precios-mercados-europeos-electricidad.png'><img class='aligncenter' src='https:\/\/aleasoft.com\/wp-content\/uploads\/2020\/08\/20200824-AleaSoft-Precios-mercados-europeos-electricidad.png' alt='AleaSoft - Precios mercados europeos electricidad' width='740'\/><\/a><span style='font-size: small;'>Fuente: Elaborado por AleaSoft con datos de OMIE, , N2EX, IPEX y Nord Pool.<\/span><\/div>\n<p>El incremento generalizado de la producci\u00f3n e\u00f3lica en Europa y el aumento de la producci\u00f3n solar en pa\u00edses como Francia y Espa\u00f1a, as\u00ed como el descenso de la demanda el\u00e9ctrica, favorecieron los descensos de precios de la semana del 17 de agosto en la mayor\u00eda de los mercados analizados. A excepci\u00f3n del mercado italiano, donde el incremento de la demanda durante este per\u00edodo, a pesar de la alta producci\u00f3n e\u00f3lica, provoc\u00f3 que los precios aumentaran, apoyados tambi\u00e9n por el incremento de los precios del gas.<\/p>\n<p><a href=\"https:\/\/aleasoft.com\/es\/productos-y-servicios\/previsiones-de-precios-de-energia\/\">Las previsiones de precios de <strong>AleaSoft<\/strong><\/a> indican que la semana del 24 de agosto los precios aumentar\u00e1n en la mayor\u00eda de los mercados europeos, salvo en el mercado alem\u00e1n, donde se espera un aumento significativo de la producci\u00f3n e\u00f3lica.<\/p>\n<h2>Futuros de electricidad<\/h2>\n<p>Durante la semana del 17 de agosto, los precios de los futuros de electricidad para el pr\u00f3ximo trimestre registraron un comportamiento mayoritariamente al alza respecto al cierre de la semana del 10 de agosto. Las excepciones fueron el <strong>mercado EEX<\/strong> de Gran Breta\u00f1a y Francia y el <strong>mercado OMIP<\/strong> de Espa\u00f1a y Portugal, donde los precios descendieron un 1,2% en el mercado brit\u00e1nico, un 0,2% en el franc\u00e9s y un 0,5% en los de la pen\u00ednsula ib\u00e9rica. El resto de los mercados registraron subidas que fueron desde el 0,5% del <strong>mercado ICE<\/strong> de Gran Breta\u00f1a y B\u00e9lgica hasta el 19% en el mismo mercado para los pa\u00edses n\u00f3rdicos. En Espa\u00f1a y Gran Breta\u00f1a se registraron comportamientos dispares entre los diferentes mercados de esas regiones. Para Espa\u00f1a, los precios aumentaron en el mercado EEX mientras que en el mercado OMIP disminuyeron. En el caso de Gran Breta\u00f1a, los precios disminuyeron en el mercado EEX mientras que aumentaron en el <strong>mercado ICE<\/strong>.<\/p>\n<p>Para el producto Cal-21, el comportamiento de los mercados durante la tercera semana de agosto fue m\u00e1s marcado al alza que en el producto trimestral. Solamente se redujeron los precios en el mercado EEX de Gran Breta\u00f1a, con una variaci\u00f3n del \u20110,1%. El mercado OMIP de Espa\u00f1a y Portugal no registr\u00f3 variaci\u00f3n, al cerrar la sesi\u00f3n del 21 de agosto con el mismo precio que la del viernes 14 de agosto. En el resto de los mercados se registraron incrementos de entre el 0,3% del mercado EEX de Espa\u00f1a y el 9,1% del <strong>mercado NASDAQ<\/strong> de los pa\u00edses n\u00f3rdicos. Para este producto, Gran Breta\u00f1a tambi\u00e9n tuvo un comportamiento diferente en los mercados EEX e ICE. Aunque cabe destacar que en el mercado ICE no se negocia el producto anual y en <strong>AleaSoft<\/strong> se trabaja en base a un estimado que utiliza el promedio de los productos mensuales correspondientes al a\u00f1o calendario.<\/p>\n<div style='margin-top: 20px;margin-bottom: 20px;'><a title='AleaSoft - Tabla precio liquidaci\u00f3n mercados futuros electricidad Europa Q1 y Y1' href='https:\/\/aleasoft.com\/wp-content\/uploads\/2020\/08\/20200824-AleaSoft-Tabla-precio-liquidacion-mercados-futuros-electricidad-Europa-Q1-y-Y1.png'><img class='aligncenter' src='https:\/\/aleasoft.com\/wp-content\/uploads\/2020\/08\/20200824-AleaSoft-Tabla-precio-liquidacion-mercados-futuros-electricidad-Europa-Q1-y-Y1.png' alt='AleaSoft - Tabla precio liquidaci\u00f3n mercados futuros electricidad Europa Q1 y Y1' width='740'\/><\/a><\/div>\n<h2>Brent, combustibles y CO<sub>2<\/sub><\/h2>\n<p>Los primeros dos d\u00edas de la tercera semana de agosto, los precios de los futuros de <strong>petr\u00f3leo Brent<\/strong> para el mes de octubre de 2020 en el <strong>mercado ICE<\/strong> aumentaron. Como consecuencia, el martes 18 de agosto, se registr\u00f3 un precio de cierre de 45,46&nbsp;$\/bbl. Este precio es el m\u00e1s alto desde principios de marzo. Pero durante el resto de dicha semana se produjeron descensos en los precios. El viernes 21 de agosto el precio de cierre fue de 44,35&nbsp;$\/bbl. Este es el segundo precio de cierre m\u00e1s bajo desde que comenz\u00f3 agosto.<\/p>\n<p>La preocupaci\u00f3n por el aumento de casos de COVID\u201119 y el incremento de la producci\u00f3n de los pa\u00edses miembros de la OPEP+ est\u00e1n favoreciendo el descenso de los precios. Sin embargo, el hurac\u00e1n Marco y la tormenta tropical Laura amenazan la producci\u00f3n en Am\u00e9rica, que ya disminuy\u00f3 el domingo 23 de agosto en el golfo de M\u00e9xico.<\/p>\n<p>Por otra parte, el cese de la guerra civil en Libia podr\u00eda permitir el incremento de la producci\u00f3n de este pa\u00eds pr\u00f3ximamente. Esto aumentar\u00e1 la presi\u00f3n a la baja sobre los precios, especialmente cuando mejoren las condiciones meteorol\u00f3gicas y se recupere la producci\u00f3n en el golfo de M\u00e9xico.<\/p>\n<p>En cuanto a los precios de los futuros de <strong>gas TTF<\/strong> en el mercado ICE para el mes de septiembre de 2020, el martes 18 de agosto alcanzaron el precio de cierre m\u00e1s elevado de los \u00faltimos cuatro meses, de 8,55&nbsp;\u20ac\/MWh. Sin embargo, a partir del mi\u00e9rcoles 19 de agosto los precios empezaron a disminuir y el precio de cierre del viernes 21 de agosto fue de 7,62&nbsp;\u20ac\/MWh, un 5,0% inferior al del viernes 14 de agosto.<\/p>\n<p>Por lo que respecta al gas TTF en el mercado spot, el mi\u00e9rcoles 20 de agosto se alcanz\u00f3 un precio \u00edndice de 8,18&nbsp;\u20ac\/MWh, el m\u00e1s elevado desde finales de marzo. Los d\u00edas siguientes los precios descendieron hasta los 6,55&nbsp;\u20ac\/MWh del fin de semana. Pero el lunes 24 de agosto el precio volvi\u00f3 a aumentar hasta los 6,78&nbsp;\u20ac\/MWh.<\/p>\n<p>Por otra parte, los precios de los futuros del <strong>carb\u00f3n API&nbsp;2<\/strong> en el mercado ICE para el mes de septiembre de 2020, la tercera semana de agosto se mantuvieron por debajo de los 50&nbsp;$\/t, con una tendencia en general descendente. En consecuencia, el viernes 21 de agosto se registr\u00f3 un precio de cierre de 47,50&nbsp;$\/t, un 3,1% inferior al del viernes de la segunda semana del mes y el m\u00e1s bajo desde la tercera semana de junio.<\/p>\n<p>En cuanto a los futuros de <strong>derechos de emisi\u00f3n de CO<sub>2<\/sub><\/strong> en el <strong>mercado EEX<\/strong> para el contrato de referencia de diciembre de 2020, alcanzaron el precio de cierre m\u00e1s elevado de la tercera semana de agosto, de 26,54&nbsp;\u20ac\/t, el martes 18 de agosto. Posteriormente, los precios descendieron hasta alcanzar el viernes 21 de agosto un precio de cierre de 25,65&nbsp;\u20ac\/t.<\/p>\n<div style='margin-top: 20px;margin-bottom: 20px;'><a title='AleaSoft - Precios gas carb\u00f3n Brent CO2' href='https:\/\/aleasoft.com\/wp-content\/uploads\/2020\/08\/20200824-AleaSoft-Precios-gas-carbon-Brent-CO2.png'><img class='aligncenter' src='https:\/\/aleasoft.com\/wp-content\/uploads\/2020\/08\/20200824-AleaSoft-Precios-gas-carbon-Brent-CO2.png' alt='AleaSoft - Precios gas carb\u00f3n Brent CO2' width='740'\/><\/a><span style='font-size: small;'> Fuente: Elaborado por AleaSoft con datos de ICE y EEX.<\/span><\/div>\n<h2>An\u00e1lisis de AleaSoft de la recuperaci\u00f3n de los mercados de energ\u00eda a la salida de la crisis econ\u00f3mica<\/h2>\n<p>En <strong>AleaSoft<\/strong> se est\u00e1 organizando una serie de <a href=\"https:\/\/aleasoft.com\/es\/webinars-sobre-mercados-sector-energia\/\">webinars<\/a> \u201cLos mercados de energ\u00eda en la salida de la crisis econ\u00f3mica\u201d para analizar la evoluci\u00f3n de los mercados de energ\u00eda en la salida de la crisis econ\u00f3mica provocada por la pandemia de la <strong>COVID\u201119<\/strong>. Los datos econ\u00f3micos del segundo trimestre del 2020 mostraron ca\u00eddas importantes del PIB a nivel europeo. Aunque este nivel de ca\u00eddas no se espera que se repita, pues se produjeron como consecuencia de las medidas de confinamiento tomadas para contener la pandemia, siguen generando mucha incertidumbre los rebrotes de la enfermedad que se est\u00e1n produciendo, los cuales se pueden incrementar cuando en septiembre y octubre comience el curso escolar de forma presencial. En los webinars se analizar\u00e1n las afectaciones de los mercados en esta situaci\u00f3n, as\u00ed como la <strong>financiaci\u00f3n de los proyectos de energ\u00edas renovables<\/strong>. Tambi\u00e9n se hablar\u00e1 de la importancia de las previsiones en las <a href=\"https:\/\/aleasoft.com\/es\/productos-y-servicios\/reportes-previsiones-precios-valoracion-carteras-auditorias\/\">auditor\u00edas y en la valoraci\u00f3n de carteras<\/a>. El webinar se realizar\u00e1 en dos partes, los d\u00edas 17 de septiembre y 29 de octubre, y contar\u00e1 con ponentes de <strong>Deloitte<\/strong>, <strong>Engie<\/strong>, <strong>Banco Sabadell<\/strong> y <strong>AleaSoft<\/strong>.<\/p>\n<p>En <strong>AleaSoft<\/strong> se han actualizado las <a href=\"https:\/\/aleasoft.com\/es\/productos-y-servicios\/previsiones-de-precios-de-energia\/\">previsiones de precios a largo plazo<\/a> de los principales mercados el\u00e9ctricos europeos, teniendo en cuenta los escenarios de salida de la <strong>coronacrisis<\/strong>.<\/p>\n<p>Para analizar la evoluci\u00f3n de los mercados el\u00e9ctricos europeos, de combustibles y de CO<sub>2<\/sub>, en <strong>AleaSoft<\/strong> tambi\u00e9n se han creado los <a href=\"https:\/\/aleasoft.com\/es\/mercados-energia\/\">observatorios<\/a>. Esta herramienta incluye gr\u00e1ficos de las principales variables de los mercados con datos actualizados de las \u00faltimas semanas.<\/p>\n<p>Fuente: <strong>AleaSoft Energy Forecasting<\/strong>.<\/p>\n","protected":false},"excerpt":{"rendered":"<p>AleaSoft, 24 de agosto de 2020. Los precios de la mayor\u00eda de los mercados el\u00e9ctricos europeos bajaron durante la tercera semana de agosto por el aumento de la producci\u00f3n e\u00f3lica y el descenso de la demanda. En Alemania algunas horas del domingo registraron valores negativos. Sin embargo, en el mercado Nord&nbsp;Pool los precios subieron y [&hellip;]<\/p>\n","protected":false},"author":1,"featured_media":100045,"comment_status":"closed","ping_status":"closed","sticky":false,"template":"","format":"standard","meta":{"footnotes":""},"categories":[568],"tags":[],"class_list":["post-100028","post","type-post","status-publish","format-standard","has-post-thumbnail","hentry","category-noticias"],"yoast_head":"<!-- This site is optimized with the Yoast SEO Premium plugin v27.4 (Yoast SEO v27.4) - https:\/\/yoast.com\/product\/yoast-seo-premium-wordpress\/ -->\n<title>El aumento de la e\u00f3lica y el descenso de la demanda hacen bajar los precios de los mercados el\u00e9ctricos europeos - AleaSoft Energy Forecasting<\/title>\n<meta name=\"description\" content=\"Los precios de la mayor\u00eda de los mercados el\u00e9ctricos europeos bajaron durante la tercera semana de agosto por el aumento de la producci\u00f3n e\u00f3lica y el descenso de la demanda.\" \/>\n<meta name=\"robots\" content=\"index, follow, max-snippet:-1, max-image-preview:large, max-video-preview:-1\" \/>\n<link rel=\"canonical\" href=\"https:\/\/aleasoft.com\/es\/aumento-eolica-descenso-demanda-hacen-bajar-precios-mercados-electricos-europeos\/\" \/>\n<meta property=\"og:locale\" content=\"es_ES\" \/>\n<meta property=\"og:type\" content=\"article\" \/>\n<meta property=\"og:title\" content=\"El aumento de la e\u00f3lica y el descenso de la demanda hacen bajar los precios de los mercados el\u00e9ctricos europeos\" \/>\n<meta property=\"og:description\" content=\"Los precios de la mayor\u00eda de los mercados el\u00e9ctricos europeos bajaron durante la tercera semana de agosto por el aumento de la producci\u00f3n e\u00f3lica y el descenso de la demanda.\" \/>\n<meta property=\"og:url\" content=\"https:\/\/aleasoft.com\/es\/aumento-eolica-descenso-demanda-hacen-bajar-precios-mercados-electricos-europeos\/\" \/>\n<meta property=\"og:site_name\" content=\"AleaSoft Energy Forecasting\" \/>\n<meta property=\"article:publisher\" content=\"https:\/\/www.facebook.com\/AleaSoft\/\" \/>\n<meta property=\"article:published_time\" content=\"2020-08-24T13:08:17+00:00\" \/>\n<meta property=\"article:modified_time\" content=\"2020-08-24T13:11:22+00:00\" \/>\n<meta property=\"og:image\" content=\"https:\/\/aleasoft.com\/wp-content\/uploads\/2020\/08\/20200824-AleaSoft-Precios-mercados-europeos-electricidad.png\" \/>\n\t<meta property=\"og:image:width\" content=\"2303\" \/>\n\t<meta property=\"og:image:height\" content=\"1606\" \/>\n\t<meta property=\"og:image:type\" content=\"image\/png\" \/>\n<meta name=\"author\" content=\"AleaSoft Energy Forecasting\" \/>\n<meta name=\"twitter:card\" content=\"summary_large_image\" \/>\n<meta name=\"twitter:creator\" content=\"@AleaSoftEnergy\" \/>\n<meta name=\"twitter:site\" content=\"@AleaSoftEnergy\" \/>\n<meta name=\"twitter:label1\" content=\"Escrito por\" \/>\n\t<meta name=\"twitter:data1\" content=\"AleaSoft Energy Forecasting\" \/>\n\t<meta name=\"twitter:label2\" content=\"Tiempo de lectura\" \/>\n\t<meta name=\"twitter:data2\" content=\"13 minutos\" \/>\n<script type=\"application\/ld+json\" class=\"yoast-schema-graph\">{\"@context\":\"https:\\\/\\\/schema.org\",\"@graph\":[{\"@type\":\"Article\",\"@id\":\"https:\\\/\\\/aleasoft.com\\\/es\\\/aumento-eolica-descenso-demanda-hacen-bajar-precios-mercados-electricos-europeos\\\/#article\",\"isPartOf\":{\"@id\":\"https:\\\/\\\/aleasoft.com\\\/es\\\/aumento-eolica-descenso-demanda-hacen-bajar-precios-mercados-electricos-europeos\\\/\"},\"author\":{\"name\":\"AleaSoft Energy Forecasting\",\"@id\":\"https:\\\/\\\/aleasoft.com\\\/#\\\/schema\\\/person\\\/99ee8b0f2ecbd56ba78005c6b7864d67\"},\"headline\":\"El aumento de la e\u00f3lica y el descenso de la demanda hacen bajar los precios de los mercados el\u00e9ctricos europeos\",\"datePublished\":\"2020-08-24T13:08:17+00:00\",\"dateModified\":\"2020-08-24T13:11:22+00:00\",\"mainEntityOfPage\":{\"@id\":\"https:\\\/\\\/aleasoft.com\\\/es\\\/aumento-eolica-descenso-demanda-hacen-bajar-precios-mercados-electricos-europeos\\\/\"},\"wordCount\":2678,\"publisher\":{\"@id\":\"https:\\\/\\\/aleasoft.com\\\/#organization\"},\"image\":{\"@id\":\"https:\\\/\\\/aleasoft.com\\\/es\\\/aumento-eolica-descenso-demanda-hacen-bajar-precios-mercados-electricos-europeos\\\/#primaryimage\"},\"thumbnailUrl\":\"https:\\\/\\\/aleasoft.com\\\/wp-content\\\/uploads\\\/2020\\\/08\\\/20200824-AleaSoft-Precios-mercados-europeos-electricidad.png\",\"articleSection\":[\"Noticias\"],\"inLanguage\":\"es\"},{\"@type\":\"WebPage\",\"@id\":\"https:\\\/\\\/aleasoft.com\\\/es\\\/aumento-eolica-descenso-demanda-hacen-bajar-precios-mercados-electricos-europeos\\\/\",\"url\":\"https:\\\/\\\/aleasoft.com\\\/es\\\/aumento-eolica-descenso-demanda-hacen-bajar-precios-mercados-electricos-europeos\\\/\",\"name\":\"El aumento de la e\u00f3lica y el descenso de la demanda hacen bajar los precios de los mercados el\u00e9ctricos europeos - AleaSoft Energy Forecasting\",\"isPartOf\":{\"@id\":\"https:\\\/\\\/aleasoft.com\\\/#website\"},\"primaryImageOfPage\":{\"@id\":\"https:\\\/\\\/aleasoft.com\\\/es\\\/aumento-eolica-descenso-demanda-hacen-bajar-precios-mercados-electricos-europeos\\\/#primaryimage\"},\"image\":{\"@id\":\"https:\\\/\\\/aleasoft.com\\\/es\\\/aumento-eolica-descenso-demanda-hacen-bajar-precios-mercados-electricos-europeos\\\/#primaryimage\"},\"thumbnailUrl\":\"https:\\\/\\\/aleasoft.com\\\/wp-content\\\/uploads\\\/2020\\\/08\\\/20200824-AleaSoft-Precios-mercados-europeos-electricidad.png\",\"datePublished\":\"2020-08-24T13:08:17+00:00\",\"dateModified\":\"2020-08-24T13:11:22+00:00\",\"description\":\"Los precios de la mayor\u00eda de los mercados el\u00e9ctricos europeos bajaron durante la tercera semana de agosto por el aumento de la producci\u00f3n e\u00f3lica y el descenso de la demanda.\",\"breadcrumb\":{\"@id\":\"https:\\\/\\\/aleasoft.com\\\/es\\\/aumento-eolica-descenso-demanda-hacen-bajar-precios-mercados-electricos-europeos\\\/#breadcrumb\"},\"inLanguage\":\"es\",\"potentialAction\":[{\"@type\":\"ReadAction\",\"target\":[\"https:\\\/\\\/aleasoft.com\\\/es\\\/aumento-eolica-descenso-demanda-hacen-bajar-precios-mercados-electricos-europeos\\\/\"]}]},{\"@type\":\"ImageObject\",\"inLanguage\":\"es\",\"@id\":\"https:\\\/\\\/aleasoft.com\\\/es\\\/aumento-eolica-descenso-demanda-hacen-bajar-precios-mercados-electricos-europeos\\\/#primaryimage\",\"url\":\"https:\\\/\\\/aleasoft.com\\\/wp-content\\\/uploads\\\/2020\\\/08\\\/20200824-AleaSoft-Precios-mercados-europeos-electricidad.png\",\"contentUrl\":\"https:\\\/\\\/aleasoft.com\\\/wp-content\\\/uploads\\\/2020\\\/08\\\/20200824-AleaSoft-Precios-mercados-europeos-electricidad.png\",\"width\":2303,\"height\":1606},{\"@type\":\"BreadcrumbList\",\"@id\":\"https:\\\/\\\/aleasoft.com\\\/es\\\/aumento-eolica-descenso-demanda-hacen-bajar-precios-mercados-electricos-europeos\\\/#breadcrumb\",\"itemListElement\":[{\"@type\":\"ListItem\",\"position\":1,\"name\":\"Home\",\"item\":\"https:\\\/\\\/aleasoft.com\\\/es\\\/\"},{\"@type\":\"ListItem\",\"position\":2,\"name\":\"El aumento de la e\u00f3lica y el descenso de la demanda hacen bajar los precios de los mercados el\u00e9ctricos europeos\"}]},{\"@type\":\"WebSite\",\"@id\":\"https:\\\/\\\/aleasoft.com\\\/#website\",\"url\":\"https:\\\/\\\/aleasoft.com\\\/\",\"name\":\"AleaSoft Energy Forecasting\",\"description\":\"Energy Forecasting\",\"publisher\":{\"@id\":\"https:\\\/\\\/aleasoft.com\\\/#organization\"},\"potentialAction\":[{\"@type\":\"SearchAction\",\"target\":{\"@type\":\"EntryPoint\",\"urlTemplate\":\"https:\\\/\\\/aleasoft.com\\\/?s={search_term_string}\"},\"query-input\":{\"@type\":\"PropertyValueSpecification\",\"valueRequired\":true,\"valueName\":\"search_term_string\"}}],\"inLanguage\":\"es\"},{\"@type\":\"Organization\",\"@id\":\"https:\\\/\\\/aleasoft.com\\\/#organization\",\"name\":\"AleaSoft Energy Forecasting\",\"url\":\"https:\\\/\\\/aleasoft.com\\\/\",\"logo\":{\"@type\":\"ImageObject\",\"inLanguage\":\"es\",\"@id\":\"https:\\\/\\\/aleasoft.com\\\/#\\\/schema\\\/logo\\\/image\\\/\",\"url\":\"https:\\\/\\\/aleasoft.com\\\/wp-content\\\/uploads\\\/2020\\\/01\\\/logo-alea-25.svg\",\"contentUrl\":\"https:\\\/\\\/aleasoft.com\\\/wp-content\\\/uploads\\\/2020\\\/01\\\/logo-alea-25.svg\",\"width\":7047,\"height\":1416,\"caption\":\"AleaSoft Energy Forecasting\"},\"image\":{\"@id\":\"https:\\\/\\\/aleasoft.com\\\/#\\\/schema\\\/logo\\\/image\\\/\"},\"sameAs\":[\"https:\\\/\\\/www.facebook.com\\\/AleaSoft\\\/\",\"https:\\\/\\\/x.com\\\/AleaSoftEnergy\",\"https:\\\/\\\/www.linkedin.com\\\/company\\\/aleasoft\\\/\"]},{\"@type\":\"Person\",\"@id\":\"https:\\\/\\\/aleasoft.com\\\/#\\\/schema\\\/person\\\/99ee8b0f2ecbd56ba78005c6b7864d67\",\"name\":\"AleaSoft Energy Forecasting\",\"image\":{\"@type\":\"ImageObject\",\"inLanguage\":\"es\",\"@id\":\"https:\\\/\\\/secure.gravatar.com\\\/avatar\\\/3ce8db70bda469bc8382df5990537888cf96f625c0fde5b0292ff5ab10560f88?s=96&d=mm&r=g\",\"url\":\"https:\\\/\\\/secure.gravatar.com\\\/avatar\\\/3ce8db70bda469bc8382df5990537888cf96f625c0fde5b0292ff5ab10560f88?s=96&d=mm&r=g\",\"contentUrl\":\"https:\\\/\\\/secure.gravatar.com\\\/avatar\\\/3ce8db70bda469bc8382df5990537888cf96f625c0fde5b0292ff5ab10560f88?s=96&d=mm&r=g\",\"caption\":\"AleaSoft Energy Forecasting\"},\"sameAs\":[\"http:\\\/\\\/aleasoft.com\"]}]}<\/script>\n<!-- \/ Yoast SEO Premium plugin. -->","yoast_head_json":{"title":"El aumento de la e\u00f3lica y el descenso de la demanda hacen bajar los precios de los mercados el\u00e9ctricos europeos - AleaSoft Energy Forecasting","description":"Los precios de la mayor\u00eda de los mercados el\u00e9ctricos europeos bajaron durante la tercera semana de agosto por el aumento de la producci\u00f3n e\u00f3lica y el descenso de la demanda.","robots":{"index":"index","follow":"follow","max-snippet":"max-snippet:-1","max-image-preview":"max-image-preview:large","max-video-preview":"max-video-preview:-1"},"canonical":"https:\/\/aleasoft.com\/es\/aumento-eolica-descenso-demanda-hacen-bajar-precios-mercados-electricos-europeos\/","og_locale":"es_ES","og_type":"article","og_title":"El aumento de la e\u00f3lica y el descenso de la demanda hacen bajar los precios de los mercados el\u00e9ctricos europeos","og_description":"Los precios de la mayor\u00eda de los mercados el\u00e9ctricos europeos bajaron durante la tercera semana de agosto por el aumento de la producci\u00f3n e\u00f3lica y el descenso de la demanda.","og_url":"https:\/\/aleasoft.com\/es\/aumento-eolica-descenso-demanda-hacen-bajar-precios-mercados-electricos-europeos\/","og_site_name":"AleaSoft Energy Forecasting","article_publisher":"https:\/\/www.facebook.com\/AleaSoft\/","article_published_time":"2020-08-24T13:08:17+00:00","article_modified_time":"2020-08-24T13:11:22+00:00","og_image":[{"width":2303,"height":1606,"url":"https:\/\/aleasoft.com\/wp-content\/uploads\/2020\/08\/20200824-AleaSoft-Precios-mercados-europeos-electricidad.png","type":"image\/png"}],"author":"AleaSoft Energy Forecasting","twitter_card":"summary_large_image","twitter_creator":"@AleaSoftEnergy","twitter_site":"@AleaSoftEnergy","twitter_misc":{"Escrito por":"AleaSoft Energy Forecasting","Tiempo de lectura":"13 minutos"},"schema":{"@context":"https:\/\/schema.org","@graph":[{"@type":"Article","@id":"https:\/\/aleasoft.com\/es\/aumento-eolica-descenso-demanda-hacen-bajar-precios-mercados-electricos-europeos\/#article","isPartOf":{"@id":"https:\/\/aleasoft.com\/es\/aumento-eolica-descenso-demanda-hacen-bajar-precios-mercados-electricos-europeos\/"},"author":{"name":"AleaSoft Energy Forecasting","@id":"https:\/\/aleasoft.com\/#\/schema\/person\/99ee8b0f2ecbd56ba78005c6b7864d67"},"headline":"El aumento de la e\u00f3lica y el descenso de la demanda hacen bajar los precios de los mercados el\u00e9ctricos europeos","datePublished":"2020-08-24T13:08:17+00:00","dateModified":"2020-08-24T13:11:22+00:00","mainEntityOfPage":{"@id":"https:\/\/aleasoft.com\/es\/aumento-eolica-descenso-demanda-hacen-bajar-precios-mercados-electricos-europeos\/"},"wordCount":2678,"publisher":{"@id":"https:\/\/aleasoft.com\/#organization"},"image":{"@id":"https:\/\/aleasoft.com\/es\/aumento-eolica-descenso-demanda-hacen-bajar-precios-mercados-electricos-europeos\/#primaryimage"},"thumbnailUrl":"https:\/\/aleasoft.com\/wp-content\/uploads\/2020\/08\/20200824-AleaSoft-Precios-mercados-europeos-electricidad.png","articleSection":["Noticias"],"inLanguage":"es"},{"@type":"WebPage","@id":"https:\/\/aleasoft.com\/es\/aumento-eolica-descenso-demanda-hacen-bajar-precios-mercados-electricos-europeos\/","url":"https:\/\/aleasoft.com\/es\/aumento-eolica-descenso-demanda-hacen-bajar-precios-mercados-electricos-europeos\/","name":"El aumento de la e\u00f3lica y el descenso de la demanda hacen bajar los precios de los mercados el\u00e9ctricos europeos - AleaSoft Energy Forecasting","isPartOf":{"@id":"https:\/\/aleasoft.com\/#website"},"primaryImageOfPage":{"@id":"https:\/\/aleasoft.com\/es\/aumento-eolica-descenso-demanda-hacen-bajar-precios-mercados-electricos-europeos\/#primaryimage"},"image":{"@id":"https:\/\/aleasoft.com\/es\/aumento-eolica-descenso-demanda-hacen-bajar-precios-mercados-electricos-europeos\/#primaryimage"},"thumbnailUrl":"https:\/\/aleasoft.com\/wp-content\/uploads\/2020\/08\/20200824-AleaSoft-Precios-mercados-europeos-electricidad.png","datePublished":"2020-08-24T13:08:17+00:00","dateModified":"2020-08-24T13:11:22+00:00","description":"Los precios de la mayor\u00eda de los mercados el\u00e9ctricos europeos bajaron durante la tercera semana de agosto por el aumento de la producci\u00f3n e\u00f3lica y el descenso de la demanda.","breadcrumb":{"@id":"https:\/\/aleasoft.com\/es\/aumento-eolica-descenso-demanda-hacen-bajar-precios-mercados-electricos-europeos\/#breadcrumb"},"inLanguage":"es","potentialAction":[{"@type":"ReadAction","target":["https:\/\/aleasoft.com\/es\/aumento-eolica-descenso-demanda-hacen-bajar-precios-mercados-electricos-europeos\/"]}]},{"@type":"ImageObject","inLanguage":"es","@id":"https:\/\/aleasoft.com\/es\/aumento-eolica-descenso-demanda-hacen-bajar-precios-mercados-electricos-europeos\/#primaryimage","url":"https:\/\/aleasoft.com\/wp-content\/uploads\/2020\/08\/20200824-AleaSoft-Precios-mercados-europeos-electricidad.png","contentUrl":"https:\/\/aleasoft.com\/wp-content\/uploads\/2020\/08\/20200824-AleaSoft-Precios-mercados-europeos-electricidad.png","width":2303,"height":1606},{"@type":"BreadcrumbList","@id":"https:\/\/aleasoft.com\/es\/aumento-eolica-descenso-demanda-hacen-bajar-precios-mercados-electricos-europeos\/#breadcrumb","itemListElement":[{"@type":"ListItem","position":1,"name":"Home","item":"https:\/\/aleasoft.com\/es\/"},{"@type":"ListItem","position":2,"name":"El aumento de la e\u00f3lica y el descenso de la demanda hacen bajar los precios de los mercados el\u00e9ctricos europeos"}]},{"@type":"WebSite","@id":"https:\/\/aleasoft.com\/#website","url":"https:\/\/aleasoft.com\/","name":"AleaSoft Energy Forecasting","description":"Energy Forecasting","publisher":{"@id":"https:\/\/aleasoft.com\/#organization"},"potentialAction":[{"@type":"SearchAction","target":{"@type":"EntryPoint","urlTemplate":"https:\/\/aleasoft.com\/?s={search_term_string}"},"query-input":{"@type":"PropertyValueSpecification","valueRequired":true,"valueName":"search_term_string"}}],"inLanguage":"es"},{"@type":"Organization","@id":"https:\/\/aleasoft.com\/#organization","name":"AleaSoft Energy Forecasting","url":"https:\/\/aleasoft.com\/","logo":{"@type":"ImageObject","inLanguage":"es","@id":"https:\/\/aleasoft.com\/#\/schema\/logo\/image\/","url":"https:\/\/aleasoft.com\/wp-content\/uploads\/2020\/01\/logo-alea-25.svg","contentUrl":"https:\/\/aleasoft.com\/wp-content\/uploads\/2020\/01\/logo-alea-25.svg","width":7047,"height":1416,"caption":"AleaSoft Energy Forecasting"},"image":{"@id":"https:\/\/aleasoft.com\/#\/schema\/logo\/image\/"},"sameAs":["https:\/\/www.facebook.com\/AleaSoft\/","https:\/\/x.com\/AleaSoftEnergy","https:\/\/www.linkedin.com\/company\/aleasoft\/"]},{"@type":"Person","@id":"https:\/\/aleasoft.com\/#\/schema\/person\/99ee8b0f2ecbd56ba78005c6b7864d67","name":"AleaSoft Energy Forecasting","image":{"@type":"ImageObject","inLanguage":"es","@id":"https:\/\/secure.gravatar.com\/avatar\/3ce8db70bda469bc8382df5990537888cf96f625c0fde5b0292ff5ab10560f88?s=96&d=mm&r=g","url":"https:\/\/secure.gravatar.com\/avatar\/3ce8db70bda469bc8382df5990537888cf96f625c0fde5b0292ff5ab10560f88?s=96&d=mm&r=g","contentUrl":"https:\/\/secure.gravatar.com\/avatar\/3ce8db70bda469bc8382df5990537888cf96f625c0fde5b0292ff5ab10560f88?s=96&d=mm&r=g","caption":"AleaSoft Energy Forecasting"},"sameAs":["http:\/\/aleasoft.com"]}]}},"_links":{"self":[{"href":"https:\/\/aleasoft.com\/es\/wp-json\/wp\/v2\/posts\/100028","targetHints":{"allow":["GET"]}}],"collection":[{"href":"https:\/\/aleasoft.com\/es\/wp-json\/wp\/v2\/posts"}],"about":[{"href":"https:\/\/aleasoft.com\/es\/wp-json\/wp\/v2\/types\/post"}],"author":[{"embeddable":true,"href":"https:\/\/aleasoft.com\/es\/wp-json\/wp\/v2\/users\/1"}],"replies":[{"embeddable":true,"href":"https:\/\/aleasoft.com\/es\/wp-json\/wp\/v2\/comments?post=100028"}],"version-history":[{"count":0,"href":"https:\/\/aleasoft.com\/es\/wp-json\/wp\/v2\/posts\/100028\/revisions"}],"wp:featuredmedia":[{"embeddable":true,"href":"https:\/\/aleasoft.com\/es\/wp-json\/wp\/v2\/media\/100045"}],"wp:attachment":[{"href":"https:\/\/aleasoft.com\/es\/wp-json\/wp\/v2\/media?parent=100028"}],"wp:term":[{"taxonomy":"category","embeddable":true,"href":"https:\/\/aleasoft.com\/es\/wp-json\/wp\/v2\/categories?post=100028"},{"taxonomy":"post_tag","embeddable":true,"href":"https:\/\/aleasoft.com\/es\/wp-json\/wp\/v2\/tags?post=100028"}],"curies":[{"name":"wp","href":"https:\/\/api.w.org\/{rel}","templated":true}]}}