{"id":116942,"date":"2021-07-26T14:26:01","date_gmt":"2021-07-26T12:26:01","guid":{"rendered":"https:\/\/aleasoft.com\/?p=116942"},"modified":"2021-07-27T14:05:26","modified_gmt":"2021-07-27T12:05:26","slug":"precios-mercados-electricos-europeos-retomaron-senda-alcista-penultima-semana-julio","status":"publish","type":"post","link":"https:\/\/aleasoft.com\/es\/precios-mercados-electricos-europeos-retomaron-senda-alcista-penultima-semana-julio\/","title":{"rendered":"Los precios de los mercados el\u00e9ctricos europeos retomaron la senda alcista en la pen\u00faltima semana de julio"},"content":{"rendered":"<p><strong>AleaSoft, 26 de julio de 2021. Los precios de los mercados el\u00e9ctricos europeos subieron en la pen\u00faltima semana de julio recuperando la senda alcista que se fren\u00f3 en la tercera semana del mes. En varios mercados los precios diarios superaron los 100&nbsp;\u20ac\/MWh registr\u00e1ndose incluso un m\u00e1ximo hist\u00f3rico en el mercado MIBEL. Al panorama de precios altos de gas y CO<sub>2<\/sub> se uni\u00f3 la ca\u00edda generalizada de la producci\u00f3n e\u00f3lica y el aumento de la demanda en algunos mercados. Los futuros de gas subieron y los de CO<sub>2<\/sub> bajaron hasta alrededor de 51&nbsp;\u20ac\/t.<\/strong><\/p>\n<h2>Producci\u00f3n solar fotovoltaica y termosolar y producci\u00f3n e\u00f3lica<\/h2>\n<p>Durante la semana del 19 de julio la <strong>producci\u00f3n solar<\/strong> aument\u00f3 un 25% en el mercado franc\u00e9s, un 16% en el mercado alem\u00e1n y un 13% en el mercado italiano en comparaci\u00f3n con la semana anterior. Sin embargo la producci\u00f3n se redujo un 4,3% en el mercado espa\u00f1ol y un 9,4% en el mercado portugu\u00e9s.<\/p>\n<p>Para la semana que comienza el 26 de julio, <a href=\"https:\/\/aleasoft.com\/es\/productos-y-servicios\/previsiones-de-energia-solar\/\">las previsiones de producci\u00f3n solar de <strong>AleaSoft<\/strong><\/a> apuntan a una disminuci\u00f3n en el mercado espa\u00f1ol. En los mercados de Italia y Alemania se espera poca variaci\u00f3n.<\/p>\n<p><div style='margin-top: 20px;margin-bottom: 20px;'><a title='AleaSoft - Produccion solar fotovoltaica termosolar electricidad Europa' href='https:\/\/aleasoft.com\/wp-content\/uploads\/2021\/07\/20210726-AleaSoft-Produccion-solar-fotovoltaica-termosolar-electricidad-Europa.png'><img class='aligncenter' src='https:\/\/aleasoft.com\/wp-content\/uploads\/2021\/07\/20210726-AleaSoft-Produccion-solar-fotovoltaica-termosolar-electricidad-Europa.png' alt='AleaSoft - Produccion solar fotovoltaica termosolar electricidad Europa' width='740'\/><\/a><span style='font-size: small;'>Fuente: Elaborado por AleaSoft con datos de ENTSO-E, RTE, REN, REE y TERNA.<\/span><\/div><br \/>\n<div style='margin-top: 20px;margin-bottom: 20px;'><a title='AleaSoft - Perfil produccion solar fotovoltaica Europa' href='https:\/\/aleasoft.com\/wp-content\/uploads\/2021\/07\/20210726-AleaSoft-Perfil-produccion-solar-fotovoltaica-Europa.png'><img class='aligncenter' src='https:\/\/aleasoft.com\/wp-content\/uploads\/2021\/07\/20210726-AleaSoft-Perfil-produccion-solar-fotovoltaica-Europa.png' alt='AleaSoft - Perfil produccion solar fotovoltaica Europa' width='740'\/><\/a><span style='font-size: small;'>Fuente: Elaborado por AleaSoft con datos de ENTSO-E, RTE, REN, REE y TERNA.<\/span><\/div><\/p>\n<p>Durante la cuarta semana de julio, la <strong>producci\u00f3n e\u00f3lica<\/strong> disminuy\u00f3 en todos los mercados analizados en <strong>AleaSoft<\/strong> en comparaci\u00f3n con la semana precedente. En el mercado franc\u00e9s se redujo un 32% mientras que en la pen\u00ednsula ib\u00e9rica cay\u00f3 cerca del 40%. En el mercado alem\u00e1n la producci\u00f3n con esta tecnolog\u00eda disminuy\u00f3 un 41% y en el mercado italiano se registr\u00f3 la mayor ca\u00edda, del 45%<\/p>\n<p>Para la \u00faltima semana de julio, <a href=\"https:\/\/aleasoft.com\/es\/productos-y-servicios\/previsiones-energia-eolica\/\">las previsiones de producci\u00f3n e\u00f3lica de <strong>AleaSoft<\/strong><\/a> indican que la misma ser\u00e1 mayor a la registrada la semana anterior en los mercados de Alemania y Espa\u00f1a. Sin embargo en el mercado portugu\u00e9s se espera una reducci\u00f3n de la producci\u00f3n, mientras que en los mercados de Italia y Francia se espera poca variaci\u00f3n.<\/p>\n<div style='margin-top: 20px;margin-bottom: 20px;'><a title='AleaSoft - Produccion eolica electricidad Europa' href='https:\/\/aleasoft.com\/wp-content\/uploads\/2021\/07\/20210726-AleaSoft-Produccion-eolica-electricidad-Europa.png'><img class='aligncenter' src='https:\/\/aleasoft.com\/wp-content\/uploads\/2021\/07\/20210726-AleaSoft-Produccion-eolica-electricidad-Europa.png' alt='AleaSoft - Produccion eolica electricidad Europa' width='740'\/><\/a><span style='font-size: small;'>Fuente: Elaborado por AleaSoft con datos de ENTSO-E, RTE, REN, REE y TERNA.<\/span><\/div>\n<h2>Demanda el\u00e9ctrica<\/h2>\n<p>Durante la semana del 19 de julio la <strong>demanda el\u00e9ctrica<\/strong> se comport\u00f3 de manera heterog\u00e9nea en los mercados europeos de electricidad si se analiza la variaci\u00f3n respecto a la tercera semana de julio. Por una parte, la demanda aument\u00f3 en los mercados de Gran Breta\u00f1a, Espa\u00f1a, Francia e Italia, favorecida por el aumento de las <strong>temperaturas<\/strong>. El mayor incremento se registr\u00f3 en el mercado de Italia y fue del 6,8%. En el resto de estos mercados los crecimientos estuvieron entre el 2,8% de Gran Breta\u00f1a y el 6,0% de Francia. En el caso de Francia, parte de su incremento se debi\u00f3 a la recuperaci\u00f3n de la demanda tras el efecto del festivo del mi\u00e9rcoles 14 de julio, D\u00eda Nacional de Francia. Tras corregir este efecto, el aumento fue del 4,1%.<\/p>\n<p>Por otra parte, la demanda disminuy\u00f3 en los mercados de Alemania, Portugal, Pa\u00edses Bajos y B\u00e9lgica, con descensos del 1,0%, 2,0%, 3,4% y 6,6% respectivamente. En el mercado belga, tras corregir el efecto del festivo del 21 de julio, Fiesta Nacional de B\u00e9lgica, la demanda aument\u00f3 un 1,4%.<\/p>\n<p>Para la \u00faltima semana de julio, las <a href=\"https:\/\/aleasoft.com\/es\/productos-y-servicios\/previsiones-de-la-demanda-de-energia\/?tab=corto-plazo\">previsiones de demanda de <strong>AleaSoft<\/strong><\/a> indican que la misma disminuir\u00e1 en la mayor\u00eda de los mercados europeos respecto a la cuarta semana del mes, siendo la excepci\u00f3n los mercados de Pa\u00edses Bajos y Portugal, donde se prev\u00e9 que aumente.<\/p>\n<div style='margin-top: 20px;margin-bottom: 20px;'><a title='AleaSoft - Demanda electricidad paises Europa' href='https:\/\/aleasoft.com\/wp-content\/uploads\/2021\/07\/20210726-AleaSoft-Demanda-electricidad-paises-Europa.png'><img class='aligncenter' src='https:\/\/aleasoft.com\/wp-content\/uploads\/2021\/07\/20210726-AleaSoft-Demanda-electricidad-paises-Europa.png' alt='AleaSoft - Demanda electricidad paises Europa' width='740'\/><\/a><span style='font-size: small;'>Fuente: Elaborado por AleaSoft con datos de ENTSO-E, RTE, REN, REE, TERNA, National Grid y ELIA.<\/span><\/div>\n<h2>Mercados el\u00e9ctricos europeos<\/h2>\n<p>En la semana del 19 de julio los precios de todos los mercados el\u00e9ctricos europeos analizados en <strong>AleaSoft<\/strong> aumentaron. Las mayores subidas de precios fueron las del <strong>mercado MIBEL<\/strong> de Espa\u00f1a y Portugal, del 14% y del 13% respectivamente, seguidas por la del <strong>mercado EPEX&nbsp;SPOT<\/strong> de Francia, del 12%. En cambio, el menor aumento de precios fue el del<strong> mercado Nord&nbsp;Pool<\/strong> de los pa\u00edses n\u00f3rdicos, del 1,2%. En el resto de los mercados, las subidas de precios estuvieron entre el 4,6% del mercado EPEX&nbsp;SPOT de Alemania y el 9,5% del mercado EPEX&nbsp;SPOT de B\u00e9lgica.<\/p>\n<p>En la cuarta semana de julio, el precio promedio semanal m\u00e1s elevado fue el del <strong>mercado N2EX<\/strong> del Reino Unido, de 112,24&nbsp;\u20ac\/MWh, seguido por el promedio del<strong> mercado IPEX <\/strong>de Italia, de 102,82&nbsp;\u20ac\/MWh. En cambio, el menor promedio fue el del mercado Nord&nbsp;Pool de los pa\u00edses n\u00f3rdicos, de 54,31&nbsp;\u20ac\/MWh. En el resto de los mercados, los precios se situaron entre los 83,39&nbsp;\u20ac\/MWh del mercado EPEX&nbsp;SPOT de Alemania y los 98,55&nbsp;\u20ac\/MWh del mercado MIBEL de Espa\u00f1a.<\/p>\n<p>Durante la cuarta semana de julio, los precios diarios superaron los 100&nbsp;\u20ac\/MWh en los mercados brit\u00e1nico, italiano, espa\u00f1ol y portugu\u00e9s. El precio diario m\u00e1s elevado, de 116,89&nbsp;\u20ac\/MWh, se alcanz\u00f3 el jueves 22 de julio en el mercado brit\u00e1nico. Sin embargo, en el mercado N2EX, este precio fue superado por el del lunes 26 de julio, de 126,34&nbsp;\u20ac\/MWh, el m\u00e1s alto en este mercado desde el 15 de enero.<\/p>\n<p>En el caso del mercado MIBEL de Espa\u00f1a y Portugal, los precios diarios superaron los 100&nbsp;\u20ac\/MWh de martes a jueves de la cuarta semana de julio. Esto ocurri\u00f3 por primera vez en Portugal, mientras que en Espa\u00f1a solo hab\u00eda sucedido previamente en una ocasi\u00f3n. El mi\u00e9rcoles 21 de julio se alcanz\u00f3 el precio diario m\u00e1s elevado de la historia del mercado MIBEL, de 106,57&nbsp;\u20ac\/MWh, tanto en Espa\u00f1a como en Portugal.<\/p>\n<p>Durante la cuarta semana de julio, la ca\u00edda generalizada de la producci\u00f3n e\u00f3lica en Europa favoreci\u00f3 el incremento de los precios en los mercados el\u00e9ctricos europeos. A esta tendencia tambi\u00e9n contribuy\u00f3 el incremento de la demanda en algunos mercados, as\u00ed como los elevados precios del gas y los derechos de emisi\u00f3n. Adem\u00e1s, en el caso del mercado MIBEL, se uni\u00f3 a estos factores el descenso de la producci\u00f3n solar en la pen\u00ednsula ib\u00e9rica.<\/p>\n<div style='margin-top: 20px;margin-bottom: 20px;'><a title='AleaSoft - Wind Farm' href='https:\/\/aleasoft.com\/wp-content\/uploads\/2021\/06\/wind-farm-1209335.jpg'><img class='aligncenter' src='https:\/\/aleasoft.com\/wp-content\/uploads\/2021\/06\/wind-farm-1209335.jpg' alt='AleaSoft - Wind Farm' width='740'\/><\/a><\/div>\n<p><a href=\"https:\/\/aleasoft.com\/es\/productos-y-servicios\/previsiones-de-precios-de-energia\/\">Las previsiones de precios de <strong>AleaSoft<\/strong><\/a> indican que en la semana del 26 de julio los precios podr\u00edan descender en la mayor\u00eda de los mercados europeos, favorecidos por el descenso de la demanda y por la recuperaci\u00f3n de la producci\u00f3n e\u00f3lica en pa\u00edses como Alemania o Espa\u00f1a.<\/p>\n<div style='margin-top: 20px;margin-bottom: 20px;'><a title='AleaSoft - Precios mercados europeos electricida' href='https:\/\/aleasoft.com\/wp-content\/uploads\/2021\/07\/20210726-AleaSoft-Precios-mercados-europeos-electricidad.png'><img class='aligncenter' src='https:\/\/aleasoft.com\/wp-content\/uploads\/2021\/07\/20210726-AleaSoft-Precios-mercados-europeos-electricidad.png' alt='AleaSoft - Precios mercados europeos electricida' width='740'\/><\/a><span style='font-size: small;'>Fuente: Elaborado por AleaSoft con datos de OMIE, , Nord Pool y GME.<\/span><\/div>\n<h2>Futuros de electricidad<\/h2>\n<p>Durante la semana del 19 de julio los precios de los futuros de electricidad para el cuarto trimestre de 2021 tuvieron comportamientos desiguales en los mercados analizados en <strong>AleaSoft<\/strong>. Por una parte los precios de cierre de la sesi\u00f3n del 23 de julio bajaron respecto a los de la sesi\u00f3n del 16 de julio en el <strong>mercado EEX<\/strong> de Alemania, Francia, Espa\u00f1a e Italia, en el <strong>mercado OMIP<\/strong> de Espa\u00f1a y Portugal y en el <strong>mercado ICE<\/strong> de B\u00e9lgica. Mientras que en el mercado EEX de Reino Unido, el mercado ICE de Reino Unido, Pa\u00edses Bajos y los pa\u00edses n\u00f3rdicos y el <strong>mercado NASDAQ<\/strong> de los pa\u00edses n\u00f3rdicos los precios se incrementaron. La mayor bajada, del 2,8%, se registr\u00f3 en el mercado EEX de Espa\u00f1a, seguida muy de cerca por el mercado OMIP de Espa\u00f1a con solo 0,02&nbsp;\u20ac\/MWh de diferencia. La mayor subida fue la del mercado ICE de los pa\u00edses n\u00f3rdicos, con un aumento del 2,0%.<\/p>\n<p>En el caso de los futuros de electricidad para el pr\u00f3ximo a\u00f1o 2021, el comportamiento fue ligeramente diferente. En este caso solamente se incrementaron los precios de la regi\u00f3n de Reino Unido. Tanto en el mercado EEX como en el mercado ICE, se registraron aumentos del 0,2% de los precios en la sesi\u00f3n del 23 de julio respecto a la sesi\u00f3n del 16 de julio. En el resto de mercados las bajadas se situaron entre el 0,2% marcado por el mercado ICE de los Pa\u00edses Bajos y el 2,3% registrado en el mercado EEX de Espa\u00f1a.<\/p>\n<div style='margin-top: 20px;margin-bottom: 20px;'><a title='AleaSoft - Tabla precio liquidacion mercados futuros electricidad Europa Q1 y Y1' href='https:\/\/aleasoft.com\/wp-content\/uploads\/2021\/07\/20210726-AleaSoft-Tabla-precio-liquidacion-mercados-futuros-electricidad-Europa-Q1-y-Y1.png'><img class='aligncenter' src='https:\/\/aleasoft.com\/wp-content\/uploads\/2021\/07\/20210726-AleaSoft-Tabla-precio-liquidacion-mercados-futuros-electricidad-Europa-Q1-y-Y1.png' alt='AleaSoft - Tabla precio liquidacion mercados futuros electricidad Europa Q1 y Y1' width='740'\/><\/a><\/div>\n<h2>Brent, combustibles y CO<sub>2<\/sub><\/h2>\n<p>Los futuros de <strong>petr\u00f3leo Brent<\/strong> para el mes de septiembre de 2021 en el <strong>mercado ICE<\/strong> iniciaron la cuarta semana de julio con descensos de precios. El lunes 19 de julio se alcanz\u00f3 un precio de cierre de 68,62&nbsp;$\/bbl, un 6,8% inferior al de la sesi\u00f3n anterior. Adem\u00e1s, este precio fue un 8,7% menor al del mismo d\u00eda de la semana anterior y el precio m\u00e1s bajo desde finales de mayo. Sin embargo, a partir del martes los precios empezaron a recuperarse. El viernes 23 de julio el precio de cierre fue de 74,10&nbsp;$\/bbl, ya un 0,7% mayor al del viernes anterior.<\/p>\n<p>El acuerdo alcanzado por la OPEP+ el domingo 18 de julio ejerci\u00f3 su influencia a la baja sobre los precios en la sesi\u00f3n del lunes 19 de julio. Seg\u00fan este acuerdo, la OPEP+ incrementar\u00e1 progresivamente sus niveles de producci\u00f3n en los pr\u00f3ximos cinco meses para adecuarlos al incremento de la demanda. Por otra parte, la demanda sigue recuper\u00e1ndose, favorecida por el incremento de movilidad en Europa, aunque preocupa la expansi\u00f3n de la variante Delta del coronavirus.<\/p>\n<p>En cuanto a los precios de cierre de los futuros de <strong>gas TTF<\/strong> en el mercado ICE para el mes de agosto de 2021, la cuarta semana de julio se mantuvieron por encima de los 35&nbsp;\u20ac\/MWh. El precio de cierre m\u00e1ximo de la semana fue el del jueves 22 de julio, de 36,13&nbsp;\u20ac\/MWh. Este precio fue un 6,9% mayor al del jueves anterior.<\/p>\n<p>Por lo que respecta a los precios de los futuros de <strong>derechos de emisi\u00f3n de CO<sub>2<\/sub><\/strong> en el <strong>mercado EEX<\/strong> para el contrato de referencia de diciembre de 2021, la mayor parte de la cuarta semana de julio, registraron descensos. El jueves 22 de julio se alcanz\u00f3 el precio de cierre m\u00ednimo de la semana, de 50,81&nbsp;\u20ac\/t. Este precio fue un 4,1% menor al del jueves anterior y el m\u00e1s bajo desde la primera semana de junio. El viernes los precios se recuperaron un discreto 0,2% hasta los 50,89&nbsp;\u20ac\/t.<\/p>\n<div style='margin-top: 20px;margin-bottom: 20px;'><a title='AleaSoft - Precios gas carbon Brent CO2' href='https:\/\/aleasoft.com\/wp-content\/uploads\/2021\/07\/20210726-AleaSoft-Precios-gas-carbon-Brent-CO2.png'><img class='aligncenter' src='https:\/\/aleasoft.com\/wp-content\/uploads\/2021\/07\/20210726-AleaSoft-Precios-gas-carbon-Brent-CO2.png' alt='AleaSoft - Precios gas carbon Brent CO2' width='740'\/><\/a><span style='font-size: small;'>Fuente: Elaborado por AleaSoft con datos de ICE y EEX.<\/span><\/div>\n<h2>An\u00e1lisis de AleaSoft sobre las perspectivas de los mercados de energ\u00eda en Europa<\/h2>\n<p>En <strong>AleaSoft<\/strong> se est\u00e1n realizando promociones especiales de los servicios de <strong>previsiones de precios de los<\/strong> <strong>mercados el\u00e9ctricos europeos<\/strong> de <a href=\"https:\/\/aleasoft.com\/es\/promociones\/promocion-servicios-previsiones-precios-corto-medio-plazo-mercados-europeos\/\">corto, medio<\/a> y <a href=\"https:\/\/aleasoft.com\/es\/promociones\/promocion-reportes-previsiones-curvas-precios-largo-plazo-europa\/\">largo plazo<\/a>. Contar con previsiones con distintos horizontes es necesario para definir estrategias de compraventa de energ\u00eda basadas en la diversificaci\u00f3n, que permitan aprovechar las oportunidades que se presentan en los mercados, as\u00ed como minimizar los riesgos asociados a situaciones de precios extremos, como los precios altos que se est\u00e1n produciendo actualmente o los precios bajos que se han dado en otros momentos, por ejemplo, en febrero de 2021.<\/p>\n<p>El <a href=\"https:\/\/aleasoft.com\/es\/webinars-sobre-mercados-sector-energia\/mercados-energia-salida-crisis-economica-anno-despues\/\">pr\u00f3ximo webinar de <strong>AleaSoft<\/strong><\/a> se realizar\u00e1 el 7 de octubre contando con la participaci\u00f3n de ponentes invitados de <strong>Deloitte<\/strong>. Justo un a\u00f1o despu\u00e9s del primer webinar en el que participaron ponentes de Deloitte, se analizar\u00e1 la evoluci\u00f3n de los mercados de energ\u00eda europeos en el \u00faltimo a\u00f1o, c\u00f3mo ha cambiado la <strong>financiaci\u00f3n de los proyectos de energ\u00edas renovables<\/strong> en los \u00faltimos doce meses y la importancia de las previsiones en las <a href=\"https:\/\/aleasoft.com\/es\/casos-previsiones\/reportes-previsiones-precios-valoracion-carteras-auditorias\/\"><strong>auditor\u00edas<\/strong> y en la <strong>valoraci\u00f3n de carteras<\/strong><\/a>.<\/p>\n<p>Fuente: <strong>AleaSoft Energy Forecasting<\/strong>.<\/p>\n<a href='https:\/\/aleasoft.com\/es\/promociones\/promocion-servicios-previsiones-precios-corto-medio-plazo-mercados-europeos\/\/' class='alea-banner-link' data-alea-gtm-event-category='banner-horizontal' data-alea-gtm-event-label='promo-short-mid'><img class='aligncenter' src='https:\/\/aleasoft.com\/wp-content\/uploads\/2021\/06\/AleaSoft-promocion-precios-mercados-corto-largo-plazo.jpg' alt='Promoci\u00f3n precios corto y medio plazo' style='width: 100%; object-position: center;'\/><\/a>\n<script type=\"text\/javascript\">\nwindow.addEventListener('load', function(event){\n        document.getElementById('alea-banner-elementor-template').remove();\n    }\n)\n<\/script>\n","protected":false},"excerpt":{"rendered":"<p>AleaSoft, 26 de julio de 2021. Los precios de los mercados el\u00e9ctricos europeos subieron en la pen\u00faltima semana de julio recuperando la senda alcista que se fren\u00f3 en la tercera semana del mes. En varios mercados los precios diarios superaron los 100&nbsp;\u20ac\/MWh registr\u00e1ndose incluso un m\u00e1ximo hist\u00f3rico en el mercado MIBEL. Al panorama de precios [&hellip;]<\/p>\n","protected":false},"author":1,"featured_media":116953,"comment_status":"closed","ping_status":"closed","sticky":false,"template":"","format":"standard","meta":{"footnotes":""},"categories":[568],"tags":[574],"class_list":["post-116942","post","type-post","status-publish","format-standard","has-post-thumbnail","hentry","category-noticias","tag-noticias"],"yoast_head":"<!-- This site is optimized with the Yoast SEO Premium plugin v27.4 (Yoast SEO v27.4) - https:\/\/yoast.com\/product\/yoast-seo-premium-wordpress\/ -->\n<title>Los precios de los mercados el\u00e9ctricos europeos retomaron la senda alcista en la pen\u00faltima semana de julio - AleaSoft Energy Forecasting<\/title>\n<meta name=\"description\" content=\"Los precios de los mercados el\u00e9ctricos europeos subieron en la pen\u00faltima semana de julio recuperando la senda alcista que se fren\u00f3 en la tercera semana del mes.\" \/>\n<meta name=\"robots\" content=\"index, follow, max-snippet:-1, max-image-preview:large, max-video-preview:-1\" \/>\n<link rel=\"canonical\" href=\"https:\/\/aleasoft.com\/es\/precios-mercados-electricos-europeos-retomaron-senda-alcista-penultima-semana-julio\/\" \/>\n<meta property=\"og:locale\" content=\"es_ES\" \/>\n<meta property=\"og:type\" content=\"article\" \/>\n<meta property=\"og:title\" content=\"Los precios de los mercados el\u00e9ctricos europeos retomaron la senda alcista en la pen\u00faltima semana de julio\" \/>\n<meta property=\"og:description\" content=\"Los precios de los mercados el\u00e9ctricos europeos subieron en la pen\u00faltima semana de julio recuperando la senda alcista que se fren\u00f3 en la tercera semana del mes.\" \/>\n<meta property=\"og:url\" content=\"https:\/\/aleasoft.com\/es\/precios-mercados-electricos-europeos-retomaron-senda-alcista-penultima-semana-julio\/\" \/>\n<meta property=\"og:site_name\" content=\"AleaSoft Energy Forecasting\" \/>\n<meta property=\"article:publisher\" content=\"https:\/\/www.facebook.com\/AleaSoft\/\" \/>\n<meta property=\"article:published_time\" content=\"2021-07-26T12:26:01+00:00\" \/>\n<meta property=\"article:modified_time\" content=\"2021-07-27T12:05:26+00:00\" \/>\n<meta property=\"og:image\" content=\"https:\/\/aleasoft.com\/wp-content\/uploads\/2021\/07\/20210726-AleaSoft-Precios-mercados-europeos-electricidad.png\" \/>\n\t<meta property=\"og:image:width\" content=\"2282\" \/>\n\t<meta property=\"og:image:height\" content=\"1582\" \/>\n\t<meta property=\"og:image:type\" content=\"image\/png\" \/>\n<meta name=\"author\" content=\"AleaSoft Energy Forecasting\" \/>\n<meta name=\"twitter:card\" content=\"summary_large_image\" \/>\n<meta name=\"twitter:creator\" content=\"@AleaSoftEnergy\" \/>\n<meta name=\"twitter:site\" content=\"@AleaSoftEnergy\" \/>\n<meta name=\"twitter:label1\" content=\"Escrito por\" \/>\n\t<meta name=\"twitter:data1\" content=\"AleaSoft Energy Forecasting\" \/>\n\t<meta name=\"twitter:label2\" content=\"Tiempo de lectura\" \/>\n\t<meta name=\"twitter:data2\" content=\"9 minutos\" \/>\n<script type=\"application\/ld+json\" class=\"yoast-schema-graph\">{\"@context\":\"https:\\\/\\\/schema.org\",\"@graph\":[{\"@type\":\"Article\",\"@id\":\"https:\\\/\\\/aleasoft.com\\\/es\\\/precios-mercados-electricos-europeos-retomaron-senda-alcista-penultima-semana-julio\\\/#article\",\"isPartOf\":{\"@id\":\"https:\\\/\\\/aleasoft.com\\\/es\\\/precios-mercados-electricos-europeos-retomaron-senda-alcista-penultima-semana-julio\\\/\"},\"author\":{\"name\":\"AleaSoft Energy Forecasting\",\"@id\":\"https:\\\/\\\/aleasoft.com\\\/#\\\/schema\\\/person\\\/99ee8b0f2ecbd56ba78005c6b7864d67\"},\"headline\":\"Los precios de los mercados el\u00e9ctricos europeos retomaron la senda alcista en la pen\u00faltima semana de julio\",\"datePublished\":\"2021-07-26T12:26:01+00:00\",\"dateModified\":\"2021-07-27T12:05:26+00:00\",\"mainEntityOfPage\":{\"@id\":\"https:\\\/\\\/aleasoft.com\\\/es\\\/precios-mercados-electricos-europeos-retomaron-senda-alcista-penultima-semana-julio\\\/\"},\"wordCount\":2072,\"publisher\":{\"@id\":\"https:\\\/\\\/aleasoft.com\\\/#organization\"},\"image\":{\"@id\":\"https:\\\/\\\/aleasoft.com\\\/es\\\/precios-mercados-electricos-europeos-retomaron-senda-alcista-penultima-semana-julio\\\/#primaryimage\"},\"thumbnailUrl\":\"https:\\\/\\\/aleasoft.com\\\/wp-content\\\/uploads\\\/2021\\\/07\\\/20210726-AleaSoft-Precios-mercados-europeos-electricidad.png\",\"keywords\":[\"noticias\"],\"articleSection\":[\"Noticias\"],\"inLanguage\":\"es\"},{\"@type\":\"WebPage\",\"@id\":\"https:\\\/\\\/aleasoft.com\\\/es\\\/precios-mercados-electricos-europeos-retomaron-senda-alcista-penultima-semana-julio\\\/\",\"url\":\"https:\\\/\\\/aleasoft.com\\\/es\\\/precios-mercados-electricos-europeos-retomaron-senda-alcista-penultima-semana-julio\\\/\",\"name\":\"Los precios de los mercados el\u00e9ctricos europeos retomaron la senda alcista en la pen\u00faltima semana de julio - AleaSoft Energy Forecasting\",\"isPartOf\":{\"@id\":\"https:\\\/\\\/aleasoft.com\\\/#website\"},\"primaryImageOfPage\":{\"@id\":\"https:\\\/\\\/aleasoft.com\\\/es\\\/precios-mercados-electricos-europeos-retomaron-senda-alcista-penultima-semana-julio\\\/#primaryimage\"},\"image\":{\"@id\":\"https:\\\/\\\/aleasoft.com\\\/es\\\/precios-mercados-electricos-europeos-retomaron-senda-alcista-penultima-semana-julio\\\/#primaryimage\"},\"thumbnailUrl\":\"https:\\\/\\\/aleasoft.com\\\/wp-content\\\/uploads\\\/2021\\\/07\\\/20210726-AleaSoft-Precios-mercados-europeos-electricidad.png\",\"datePublished\":\"2021-07-26T12:26:01+00:00\",\"dateModified\":\"2021-07-27T12:05:26+00:00\",\"description\":\"Los precios de los mercados el\u00e9ctricos europeos subieron en la pen\u00faltima semana de julio recuperando la senda alcista que se fren\u00f3 en la tercera semana del mes.\",\"breadcrumb\":{\"@id\":\"https:\\\/\\\/aleasoft.com\\\/es\\\/precios-mercados-electricos-europeos-retomaron-senda-alcista-penultima-semana-julio\\\/#breadcrumb\"},\"inLanguage\":\"es\",\"potentialAction\":[{\"@type\":\"ReadAction\",\"target\":[\"https:\\\/\\\/aleasoft.com\\\/es\\\/precios-mercados-electricos-europeos-retomaron-senda-alcista-penultima-semana-julio\\\/\"]}]},{\"@type\":\"ImageObject\",\"inLanguage\":\"es\",\"@id\":\"https:\\\/\\\/aleasoft.com\\\/es\\\/precios-mercados-electricos-europeos-retomaron-senda-alcista-penultima-semana-julio\\\/#primaryimage\",\"url\":\"https:\\\/\\\/aleasoft.com\\\/wp-content\\\/uploads\\\/2021\\\/07\\\/20210726-AleaSoft-Precios-mercados-europeos-electricidad.png\",\"contentUrl\":\"https:\\\/\\\/aleasoft.com\\\/wp-content\\\/uploads\\\/2021\\\/07\\\/20210726-AleaSoft-Precios-mercados-europeos-electricidad.png\",\"width\":2282,\"height\":1582},{\"@type\":\"BreadcrumbList\",\"@id\":\"https:\\\/\\\/aleasoft.com\\\/es\\\/precios-mercados-electricos-europeos-retomaron-senda-alcista-penultima-semana-julio\\\/#breadcrumb\",\"itemListElement\":[{\"@type\":\"ListItem\",\"position\":1,\"name\":\"Home\",\"item\":\"https:\\\/\\\/aleasoft.com\\\/es\\\/\"},{\"@type\":\"ListItem\",\"position\":2,\"name\":\"Los precios de los mercados el\u00e9ctricos europeos retomaron la senda alcista en la pen\u00faltima semana de julio\"}]},{\"@type\":\"WebSite\",\"@id\":\"https:\\\/\\\/aleasoft.com\\\/#website\",\"url\":\"https:\\\/\\\/aleasoft.com\\\/\",\"name\":\"AleaSoft Energy Forecasting\",\"description\":\"Energy Forecasting\",\"publisher\":{\"@id\":\"https:\\\/\\\/aleasoft.com\\\/#organization\"},\"potentialAction\":[{\"@type\":\"SearchAction\",\"target\":{\"@type\":\"EntryPoint\",\"urlTemplate\":\"https:\\\/\\\/aleasoft.com\\\/?s={search_term_string}\"},\"query-input\":{\"@type\":\"PropertyValueSpecification\",\"valueRequired\":true,\"valueName\":\"search_term_string\"}}],\"inLanguage\":\"es\"},{\"@type\":\"Organization\",\"@id\":\"https:\\\/\\\/aleasoft.com\\\/#organization\",\"name\":\"AleaSoft Energy Forecasting\",\"url\":\"https:\\\/\\\/aleasoft.com\\\/\",\"logo\":{\"@type\":\"ImageObject\",\"inLanguage\":\"es\",\"@id\":\"https:\\\/\\\/aleasoft.com\\\/#\\\/schema\\\/logo\\\/image\\\/\",\"url\":\"https:\\\/\\\/aleasoft.com\\\/wp-content\\\/uploads\\\/2020\\\/01\\\/logo-alea-25.svg\",\"contentUrl\":\"https:\\\/\\\/aleasoft.com\\\/wp-content\\\/uploads\\\/2020\\\/01\\\/logo-alea-25.svg\",\"width\":7047,\"height\":1416,\"caption\":\"AleaSoft Energy Forecasting\"},\"image\":{\"@id\":\"https:\\\/\\\/aleasoft.com\\\/#\\\/schema\\\/logo\\\/image\\\/\"},\"sameAs\":[\"https:\\\/\\\/www.facebook.com\\\/AleaSoft\\\/\",\"https:\\\/\\\/x.com\\\/AleaSoftEnergy\",\"https:\\\/\\\/www.linkedin.com\\\/company\\\/aleasoft\\\/\"]},{\"@type\":\"Person\",\"@id\":\"https:\\\/\\\/aleasoft.com\\\/#\\\/schema\\\/person\\\/99ee8b0f2ecbd56ba78005c6b7864d67\",\"name\":\"AleaSoft Energy Forecasting\",\"image\":{\"@type\":\"ImageObject\",\"inLanguage\":\"es\",\"@id\":\"https:\\\/\\\/secure.gravatar.com\\\/avatar\\\/3ce8db70bda469bc8382df5990537888cf96f625c0fde5b0292ff5ab10560f88?s=96&d=mm&r=g\",\"url\":\"https:\\\/\\\/secure.gravatar.com\\\/avatar\\\/3ce8db70bda469bc8382df5990537888cf96f625c0fde5b0292ff5ab10560f88?s=96&d=mm&r=g\",\"contentUrl\":\"https:\\\/\\\/secure.gravatar.com\\\/avatar\\\/3ce8db70bda469bc8382df5990537888cf96f625c0fde5b0292ff5ab10560f88?s=96&d=mm&r=g\",\"caption\":\"AleaSoft Energy Forecasting\"},\"sameAs\":[\"http:\\\/\\\/aleasoft.com\"]}]}<\/script>\n<!-- \/ Yoast SEO Premium plugin. -->","yoast_head_json":{"title":"Los precios de los mercados el\u00e9ctricos europeos retomaron la senda alcista en la pen\u00faltima semana de julio - AleaSoft Energy Forecasting","description":"Los precios de los mercados el\u00e9ctricos europeos subieron en la pen\u00faltima semana de julio recuperando la senda alcista que se fren\u00f3 en la tercera semana del mes.","robots":{"index":"index","follow":"follow","max-snippet":"max-snippet:-1","max-image-preview":"max-image-preview:large","max-video-preview":"max-video-preview:-1"},"canonical":"https:\/\/aleasoft.com\/es\/precios-mercados-electricos-europeos-retomaron-senda-alcista-penultima-semana-julio\/","og_locale":"es_ES","og_type":"article","og_title":"Los precios de los mercados el\u00e9ctricos europeos retomaron la senda alcista en la pen\u00faltima semana de julio","og_description":"Los precios de los mercados el\u00e9ctricos europeos subieron en la pen\u00faltima semana de julio recuperando la senda alcista que se fren\u00f3 en la tercera semana del mes.","og_url":"https:\/\/aleasoft.com\/es\/precios-mercados-electricos-europeos-retomaron-senda-alcista-penultima-semana-julio\/","og_site_name":"AleaSoft Energy Forecasting","article_publisher":"https:\/\/www.facebook.com\/AleaSoft\/","article_published_time":"2021-07-26T12:26:01+00:00","article_modified_time":"2021-07-27T12:05:26+00:00","og_image":[{"width":2282,"height":1582,"url":"https:\/\/aleasoft.com\/wp-content\/uploads\/2021\/07\/20210726-AleaSoft-Precios-mercados-europeos-electricidad.png","type":"image\/png"}],"author":"AleaSoft Energy Forecasting","twitter_card":"summary_large_image","twitter_creator":"@AleaSoftEnergy","twitter_site":"@AleaSoftEnergy","twitter_misc":{"Escrito por":"AleaSoft Energy Forecasting","Tiempo de lectura":"9 minutos"},"schema":{"@context":"https:\/\/schema.org","@graph":[{"@type":"Article","@id":"https:\/\/aleasoft.com\/es\/precios-mercados-electricos-europeos-retomaron-senda-alcista-penultima-semana-julio\/#article","isPartOf":{"@id":"https:\/\/aleasoft.com\/es\/precios-mercados-electricos-europeos-retomaron-senda-alcista-penultima-semana-julio\/"},"author":{"name":"AleaSoft Energy Forecasting","@id":"https:\/\/aleasoft.com\/#\/schema\/person\/99ee8b0f2ecbd56ba78005c6b7864d67"},"headline":"Los precios de los mercados el\u00e9ctricos europeos retomaron la senda alcista en la pen\u00faltima semana de julio","datePublished":"2021-07-26T12:26:01+00:00","dateModified":"2021-07-27T12:05:26+00:00","mainEntityOfPage":{"@id":"https:\/\/aleasoft.com\/es\/precios-mercados-electricos-europeos-retomaron-senda-alcista-penultima-semana-julio\/"},"wordCount":2072,"publisher":{"@id":"https:\/\/aleasoft.com\/#organization"},"image":{"@id":"https:\/\/aleasoft.com\/es\/precios-mercados-electricos-europeos-retomaron-senda-alcista-penultima-semana-julio\/#primaryimage"},"thumbnailUrl":"https:\/\/aleasoft.com\/wp-content\/uploads\/2021\/07\/20210726-AleaSoft-Precios-mercados-europeos-electricidad.png","keywords":["noticias"],"articleSection":["Noticias"],"inLanguage":"es"},{"@type":"WebPage","@id":"https:\/\/aleasoft.com\/es\/precios-mercados-electricos-europeos-retomaron-senda-alcista-penultima-semana-julio\/","url":"https:\/\/aleasoft.com\/es\/precios-mercados-electricos-europeos-retomaron-senda-alcista-penultima-semana-julio\/","name":"Los precios de los mercados el\u00e9ctricos europeos retomaron la senda alcista en la pen\u00faltima semana de julio - AleaSoft Energy Forecasting","isPartOf":{"@id":"https:\/\/aleasoft.com\/#website"},"primaryImageOfPage":{"@id":"https:\/\/aleasoft.com\/es\/precios-mercados-electricos-europeos-retomaron-senda-alcista-penultima-semana-julio\/#primaryimage"},"image":{"@id":"https:\/\/aleasoft.com\/es\/precios-mercados-electricos-europeos-retomaron-senda-alcista-penultima-semana-julio\/#primaryimage"},"thumbnailUrl":"https:\/\/aleasoft.com\/wp-content\/uploads\/2021\/07\/20210726-AleaSoft-Precios-mercados-europeos-electricidad.png","datePublished":"2021-07-26T12:26:01+00:00","dateModified":"2021-07-27T12:05:26+00:00","description":"Los precios de los mercados el\u00e9ctricos europeos subieron en la pen\u00faltima semana de julio recuperando la senda alcista que se fren\u00f3 en la tercera semana del mes.","breadcrumb":{"@id":"https:\/\/aleasoft.com\/es\/precios-mercados-electricos-europeos-retomaron-senda-alcista-penultima-semana-julio\/#breadcrumb"},"inLanguage":"es","potentialAction":[{"@type":"ReadAction","target":["https:\/\/aleasoft.com\/es\/precios-mercados-electricos-europeos-retomaron-senda-alcista-penultima-semana-julio\/"]}]},{"@type":"ImageObject","inLanguage":"es","@id":"https:\/\/aleasoft.com\/es\/precios-mercados-electricos-europeos-retomaron-senda-alcista-penultima-semana-julio\/#primaryimage","url":"https:\/\/aleasoft.com\/wp-content\/uploads\/2021\/07\/20210726-AleaSoft-Precios-mercados-europeos-electricidad.png","contentUrl":"https:\/\/aleasoft.com\/wp-content\/uploads\/2021\/07\/20210726-AleaSoft-Precios-mercados-europeos-electricidad.png","width":2282,"height":1582},{"@type":"BreadcrumbList","@id":"https:\/\/aleasoft.com\/es\/precios-mercados-electricos-europeos-retomaron-senda-alcista-penultima-semana-julio\/#breadcrumb","itemListElement":[{"@type":"ListItem","position":1,"name":"Home","item":"https:\/\/aleasoft.com\/es\/"},{"@type":"ListItem","position":2,"name":"Los precios de los mercados el\u00e9ctricos europeos retomaron la senda alcista en la pen\u00faltima semana de julio"}]},{"@type":"WebSite","@id":"https:\/\/aleasoft.com\/#website","url":"https:\/\/aleasoft.com\/","name":"AleaSoft Energy Forecasting","description":"Energy Forecasting","publisher":{"@id":"https:\/\/aleasoft.com\/#organization"},"potentialAction":[{"@type":"SearchAction","target":{"@type":"EntryPoint","urlTemplate":"https:\/\/aleasoft.com\/?s={search_term_string}"},"query-input":{"@type":"PropertyValueSpecification","valueRequired":true,"valueName":"search_term_string"}}],"inLanguage":"es"},{"@type":"Organization","@id":"https:\/\/aleasoft.com\/#organization","name":"AleaSoft Energy Forecasting","url":"https:\/\/aleasoft.com\/","logo":{"@type":"ImageObject","inLanguage":"es","@id":"https:\/\/aleasoft.com\/#\/schema\/logo\/image\/","url":"https:\/\/aleasoft.com\/wp-content\/uploads\/2020\/01\/logo-alea-25.svg","contentUrl":"https:\/\/aleasoft.com\/wp-content\/uploads\/2020\/01\/logo-alea-25.svg","width":7047,"height":1416,"caption":"AleaSoft Energy Forecasting"},"image":{"@id":"https:\/\/aleasoft.com\/#\/schema\/logo\/image\/"},"sameAs":["https:\/\/www.facebook.com\/AleaSoft\/","https:\/\/x.com\/AleaSoftEnergy","https:\/\/www.linkedin.com\/company\/aleasoft\/"]},{"@type":"Person","@id":"https:\/\/aleasoft.com\/#\/schema\/person\/99ee8b0f2ecbd56ba78005c6b7864d67","name":"AleaSoft Energy Forecasting","image":{"@type":"ImageObject","inLanguage":"es","@id":"https:\/\/secure.gravatar.com\/avatar\/3ce8db70bda469bc8382df5990537888cf96f625c0fde5b0292ff5ab10560f88?s=96&d=mm&r=g","url":"https:\/\/secure.gravatar.com\/avatar\/3ce8db70bda469bc8382df5990537888cf96f625c0fde5b0292ff5ab10560f88?s=96&d=mm&r=g","contentUrl":"https:\/\/secure.gravatar.com\/avatar\/3ce8db70bda469bc8382df5990537888cf96f625c0fde5b0292ff5ab10560f88?s=96&d=mm&r=g","caption":"AleaSoft Energy Forecasting"},"sameAs":["http:\/\/aleasoft.com"]}]}},"_links":{"self":[{"href":"https:\/\/aleasoft.com\/es\/wp-json\/wp\/v2\/posts\/116942","targetHints":{"allow":["GET"]}}],"collection":[{"href":"https:\/\/aleasoft.com\/es\/wp-json\/wp\/v2\/posts"}],"about":[{"href":"https:\/\/aleasoft.com\/es\/wp-json\/wp\/v2\/types\/post"}],"author":[{"embeddable":true,"href":"https:\/\/aleasoft.com\/es\/wp-json\/wp\/v2\/users\/1"}],"replies":[{"embeddable":true,"href":"https:\/\/aleasoft.com\/es\/wp-json\/wp\/v2\/comments?post=116942"}],"version-history":[{"count":0,"href":"https:\/\/aleasoft.com\/es\/wp-json\/wp\/v2\/posts\/116942\/revisions"}],"wp:featuredmedia":[{"embeddable":true,"href":"https:\/\/aleasoft.com\/es\/wp-json\/wp\/v2\/media\/116953"}],"wp:attachment":[{"href":"https:\/\/aleasoft.com\/es\/wp-json\/wp\/v2\/media?parent=116942"}],"wp:term":[{"taxonomy":"category","embeddable":true,"href":"https:\/\/aleasoft.com\/es\/wp-json\/wp\/v2\/categories?post=116942"},{"taxonomy":"post_tag","embeddable":true,"href":"https:\/\/aleasoft.com\/es\/wp-json\/wp\/v2\/tags?post=116942"}],"curies":[{"name":"wp","href":"https:\/\/api.w.org\/{rel}","templated":true}]}}