{"id":126405,"date":"2022-03-29T18:14:39","date_gmt":"2022-03-29T16:14:39","guid":{"rendered":"https:\/\/aleasoft.com\/?p=126405"},"modified":"2022-03-29T18:14:41","modified_gmt":"2022-03-29T16:14:41","slug":"por-que-peninsula-iberica-isla-energetica","status":"publish","type":"post","link":"https:\/\/aleasoft.com\/es\/por-que-peninsula-iberica-isla-energetica\/","title":{"rendered":"\u00bfPor qu\u00e9 la pen\u00ednsula ib\u00e9rica es una isla energ\u00e9tica?"},"content":{"rendered":"<p><strong>AleaSoft Energy Forecasting, 29 de marzo de 2022. Espa\u00f1a, y la pen\u00ednsula ib\u00e9rica por extensi\u00f3n, se pueden considerar una isla energ\u00e9tica. La capacidad de importaci\u00f3n y exportaci\u00f3n de electricidad tanto con Francia como con Marruecos representa una fracci\u00f3n muy peque\u00f1a de la demanda y de la capacidad de generaci\u00f3n. En este art\u00edculo se analizan todos los datos sobre las interconexiones de la pen\u00ednsula ib\u00e9rica para enmarcar su situaci\u00f3n de isla energ\u00e9tica.<\/strong><\/p>\n<p>La petici\u00f3n del presidente del Gobierno espa\u00f1ol Pedro S\u00e1nchez a la <strong>Uni\u00f3n Europea<\/strong> para poder aplicar medidas excepcionales para conseguir rebajar los <strong>precios de la energ\u00eda<\/strong> se basaba en la excepcionalidad de la pen\u00ednsula ib\u00e9rica en su situaci\u00f3n de <strong>isla energ\u00e9tica<\/strong>.<\/p>\n<h2>Las interconexiones el\u00e9ctricas de la pen\u00ednsula ib\u00e9rica<\/h2>\n<p>El concepto de isla energ\u00e9tica no es un t\u00e9rmino oficial, por lo que no existe una definici\u00f3n concreta de qu\u00e9 requisitos se deben cumplir, pero se entiende que debe ser un territorio aislado o muy poco conectado con el resto de territorios. La condici\u00f3n geogr\u00e1fica de pen\u00ednsula del territorio ib\u00e9rico favorece que la conexi\u00f3n con el resto del continente europeo sea una cuesti\u00f3n m\u00e1s complicada de lo que podr\u00eda ser entre dos territorios que comparten muchos kil\u00f3metros de frontera.<\/p>\n<p>Espa\u00f1a y Portugal est\u00e1n ampliamente conectados entre ellos. Sus dos mercados el\u00e9ctricos est\u00e1n acoplados m\u00e1s del 95% de las horas y, en general, se habla del mercado ib\u00e9rico. Espa\u00f1a, adem\u00e1s, est\u00e1 interconectada con Marruecos por dos cables submarinos que atraviesan el estrecho de Gibraltar, de 700&nbsp;MW de capacidad cada uno. La interconexi\u00f3n con Francia es la m\u00e1s importante con una capacidad total de 2,8&nbsp;GW actualmente.<\/p>\n<p>La pen\u00ednsula tambi\u00e9n tiene un cable submarino que conecta con el sistema el\u00e9ctrico balear. Pero al ser un callej\u00f3n sin salida, no se considera una interconexi\u00f3n, m\u00e1s bien convierte a las Islas Baleares en parte de la isla energ\u00e9tica ib\u00e9rica. Tambi\u00e9n existe una interconexi\u00f3n de Espa\u00f1a con Andorra, con una capacidad de poco m\u00e1s de 100&nbsp;MW.<\/p>\n<h2>Los datos claves para considerar la pen\u00ednsula ib\u00e9rica una isla energ\u00e9tica<\/h2>\n<p>Durante 2020, la pen\u00ednsula export\u00f3 a Marruecos y Francia un total de 6,9&nbsp;TWh e import\u00f3 11,8&nbsp;TWh. En 2021, la situaci\u00f3n fue similar con 6,8&nbsp;TWh exportados y 12,6&nbsp;TWh importados. Estos valores por s\u00ed solos no dicen demasiado, pero si se comparan con el <strong>consumo de electricidad<\/strong> conjunto en Portugal, el territorio peninsular espa\u00f1ol y las Baleares, se aprecia la clara infraconexi\u00f3n de la pen\u00ednsula. En el conjunto de la pen\u00ednsula m\u00e1s las Baleares, se consumieron 303,8&nbsp;TWh de electricidad en 2020 y 311,4&nbsp;TWh en 2021, por lo que las importaciones significaron tan solo el 3,9% de la demanda en 2020 y el 4,0% en 2021. Las exportaciones fueron a\u00fan menos significativas, un 2,3% de la demanda en 2020 y un 2,2% en 2021.<\/p>\n<div style='margin-top: 20px;margin-bottom: 20px;'><a title='AleaSoft - Demanda intercambios electricidad energia peninsula iberica' href='https:\/\/aleasoft.com\/wp-content\/uploads\/2022\/03\/20220329-AleaSoft-Demanda-intercambios-electricidad-energia-peninsula-iberica.png'><img class='aligncenter' src='https:\/\/aleasoft.com\/wp-content\/uploads\/2022\/03\/20220329-AleaSoft-Demanda-intercambios-electricidad-energia-peninsula-iberica.png' alt='AleaSoft - Demanda intercambios electricidad energia peninsula iberica' width='740'\/><\/a><span style='font-size: small;'>Fuente: Elaborado por AleaSoft Energy Forecasting con datos de REE y REN.<\/span><\/div>\n<p>La misma conclusi\u00f3n se obtiene si se comparan los valores de picos de demanda en la pen\u00ednsula y Baleares, de potencia instalada de generaci\u00f3n de electricidad y de capacidad de las interconexiones con Francia y Marruecos. La potencia de generaci\u00f3n instalada en la pen\u00ednsula ib\u00e9rica, incluyendo las islas Baleares, se acerca a los 130&nbsp;GW, mientras que la capacidad m\u00e1xima de las interconexiones desde 2020 ha llegado hasta los 4,5&nbsp;GW. Comparando estos dos valores se puede obtener la <strong>ratio de interconexi\u00f3n<\/strong> de la pen\u00ednsula, un 3,4%.<\/p>\n<p>Para poner en perspectiva este valor, se puede usar como referencia el objetivo que se puso la Uni\u00f3n Europea de que todos los pa\u00edses tuvieran una ratio de interconexi\u00f3n m\u00ednima del 10% en 2020 y del 15% en 2030. As\u00ed, con una ratio del 3,4%, es objetivo calificar la pen\u00ednsula ib\u00e9rica como una isla energ\u00e9tica.<\/p>\n<div style='margin-top: 20px;margin-bottom: 20px;'><a title='AleaSoft - Demanda pico capacidad inteconexion electricidad peninsula iberica' href='https:\/\/aleasoft.com\/wp-content\/uploads\/2022\/03\/20220329-AleaSoft-Demanda-pico-capacidad-inteconexion-electricidad-peninsula-iberica.png'><img class='aligncenter' src='https:\/\/aleasoft.com\/wp-content\/uploads\/2022\/03\/20220329-AleaSoft-Demanda-pico-capacidad-inteconexion-electricidad-peninsula-iberica.png' alt='AleaSoft - Demanda pico capacidad inteconexion electricidad peninsula iberica' width='740'\/><\/a><span style='font-size: small;'>Fuente: Elaborado por AleaSoft Energy Forecasting con datos de REE y REN.<\/span><\/div>\n<p>Si bien comparar la capacidad de interconexi\u00f3n con la potencia de generaci\u00f3n es la definici\u00f3n de ratio de interconexi\u00f3n, puede ser una comparaci\u00f3n poco descriptiva de la situaci\u00f3n real si, como es el caso de la pen\u00ednsula ib\u00e9rica, los picos de demanda de electricidad se quedan muy lejos del total de la potencia instalada.<\/p>\n<p>Los picos de demanda peninsular y de Baleares de cada mes del a\u00f1o desde enero de 2020 se pueden ver en el gr\u00e1fico anterior y no superaron los 54&nbsp;GW, ni la mitad de los cerca de 130&nbsp;GW instalados. Calculando la ratio entre la demanda pico y la capacidad de las interconexiones, \u00e9sta se sit\u00faa en 8,8% en 2020 y 8,4% en 2021. Es decir, ni reinterpretando la ratio de interconexi\u00f3n de manera un poco m\u00e1s realista, se consigue que la pen\u00ednsula ib\u00e9rica deje de poder considerarse una isla energ\u00e9tica.<\/p>\n<h2>El papel de las interconexiones en la transici\u00f3n energ\u00e9tica<\/h2>\n<p>Si bien en esta ocasi\u00f3n ser una isla energ\u00e9tica puede haber sido un pretexto para Espa\u00f1a y Portugal para poder tener el benepl\u00e1cito de la Uni\u00f3n Europea para aplicar medidas excepcionales de cara a bajar los precios de la electricidad, en el medio y largo plazo es una mala opci\u00f3n. Las interconexiones entre los mercados europeos de energ\u00eda van a ser un punto clave de la transici\u00f3n energ\u00e9tica. Que la electricidad pueda fluir de la manera m\u00e1s fluida posible entre los pa\u00edses permitir\u00e1 una mayor eficiencia de los mercados, de la producci\u00f3n y del consumo.<\/p>\n<p>La pen\u00ednsula ib\u00e9rica, adem\u00e1s, va a necesitar una amplia interconexi\u00f3n con el resto de Europa para poder exportar toda la energ\u00eda renovable que se va a producir con la gran cantidad de recurso solar de que dispone.<\/p>\n<p>Actualmente hay tres proyectos de interconexi\u00f3n con Francia que est\u00e1n previstos para antes de 2030. El proyecto de mayor capacidad, 2200&nbsp;MW, es el cable submarino que atravesar\u00e1 la Bah\u00eda de Vizcaya para conectar Gatika (Espa\u00f1a) y Cubnezais (Francia). El segundo proyecto es la interconexi\u00f3n Navarra\u2011Landes, de 1500&nbsp;MW de capacidad, y el tercero, tambi\u00e9n de 1500&nbsp;MW, conectar\u00e1 Arag\u00f3n con Marsillon (Francia) a trav\u00e9s de los Pirineos Centrales. En total, de cumplirse lo planificado, estas nuevas interconexiones supondr\u00e1n un aumento de 5200&nbsp;MW de capacidad para 2030.<\/p>\n<h2>An\u00e1lisis de AleaSoft Energy Forecasting sobre las perspectivas de los mercados de energ\u00eda en Europa y la financiaci\u00f3n de proyectos renovables<\/h2>\n<p>Adem\u00e1s de las interconexiones, otro aspecto clave en la transici\u00f3n energ\u00e9tica ser\u00e1 el <strong>almacenamiento de energ\u00eda<\/strong>. En el <a href=\"https:\/\/aleasoft.com\/es\/webinars-sobre-mercados-sector-energia\/perspectivas-mercados-energia-europa-vision-futuro-almacenamiento\/\">siguiente webinar de la serie de webinars mensuales<\/a> organizados por <strong>AleaSoft Energy Forecasting<\/strong>, que tendr\u00e1 lugar el d\u00eda 21 de abril, este ser\u00e1 el tema principal. Adem\u00e1s, se realizar\u00e1 el habitual an\u00e1lisis de la evoluci\u00f3n y perspectivas de los mercados de energ\u00eda en Europa.<\/p>\n<p>Fuente: <strong>AleaSoft Energy Forecasting<\/strong>.<br \/>\n&nbsp;<br \/>\n<a href='https:\/\/aleasoft.com\/es\/productos-y-servicios\/previsiones-de-precios-de-energia\/?tab=largo-plazo\/' class='alea-banner-link' data-alea-gtm-event-category='banner-horizontal' data-alea-gtm-event-label='lp'><img class='alignright' src='https:\/\/aleasoft.com\/wp-content\/uploads\/2021\/03\/servicio-previsiones-largo-plazo.jpg' alt='Previsiones de largo plazo' style='width: 100%; object-position: center;'\/><\/a><script type=\"text\/javascript\">\nwindow.addEventListener('load', function(event){\n        document.getElementById('alea-banner-elementor-template').remove();\n    }\n)\n<\/script><\/p>\n","protected":false},"excerpt":{"rendered":"<p>AleaSoft Energy Forecasting, 29 de marzo de 2022. Espa\u00f1a, y la pen\u00ednsula ib\u00e9rica por extensi\u00f3n, se pueden considerar una isla energ\u00e9tica. La capacidad de importaci\u00f3n y exportaci\u00f3n de electricidad tanto con Francia como con Marruecos representa una fracci\u00f3n muy peque\u00f1a de la demanda y de la capacidad de generaci\u00f3n. En este art\u00edculo se analizan todos [&hellip;]<\/p>\n","protected":false},"author":1,"featured_media":126412,"comment_status":"closed","ping_status":"closed","sticky":false,"template":"","format":"standard","meta":{"footnotes":""},"categories":[568],"tags":[7508],"class_list":["post-126405","post","type-post","status-publish","format-standard","has-post-thumbnail","hentry","category-noticias","tag-analisis-mercados"],"yoast_head":"<!-- This site is optimized with the Yoast SEO Premium plugin v27.4 (Yoast SEO v27.4) - https:\/\/yoast.com\/product\/yoast-seo-premium-wordpress\/ -->\n<title>\u00bfPor qu\u00e9 la pen\u00ednsula ib\u00e9rica es una isla energ\u00e9tica? - AleaSoft Energy Forecasting<\/title>\n<meta name=\"description\" content=\"Espa\u00f1a, y la pen\u00ednsula ib\u00e9rica por extensi\u00f3n, se pueden considerar una isla energ\u00e9tica.\" \/>\n<meta name=\"robots\" content=\"index, follow, max-snippet:-1, max-image-preview:large, max-video-preview:-1\" \/>\n<link rel=\"canonical\" href=\"https:\/\/aleasoft.com\/es\/por-que-peninsula-iberica-isla-energetica\/\" \/>\n<meta property=\"og:locale\" content=\"es_ES\" \/>\n<meta property=\"og:type\" content=\"article\" \/>\n<meta property=\"og:title\" content=\"\u00bfPor qu\u00e9 la pen\u00ednsula ib\u00e9rica es una isla energ\u00e9tica?\" \/>\n<meta property=\"og:description\" content=\"Espa\u00f1a, y la pen\u00ednsula ib\u00e9rica por extensi\u00f3n, se pueden considerar una isla energ\u00e9tica.\" \/>\n<meta property=\"og:url\" content=\"https:\/\/aleasoft.com\/es\/por-que-peninsula-iberica-isla-energetica\/\" \/>\n<meta property=\"og:site_name\" content=\"AleaSoft Energy Forecasting\" \/>\n<meta property=\"article:publisher\" content=\"https:\/\/www.facebook.com\/AleaSoft\/\" \/>\n<meta property=\"article:published_time\" content=\"2022-03-29T16:14:39+00:00\" \/>\n<meta property=\"article:modified_time\" content=\"2022-03-29T16:14:41+00:00\" \/>\n<meta property=\"og:image\" content=\"https:\/\/aleasoft.com\/wp-content\/uploads\/2022\/03\/20220329-AleaSoft-Demanda-pico-capacidad-inteconexion-electricidad-peninsula-iberica.png\" \/>\n\t<meta property=\"og:image:width\" content=\"2814\" \/>\n\t<meta property=\"og:image:height\" content=\"1467\" \/>\n\t<meta property=\"og:image:type\" content=\"image\/png\" \/>\n<meta name=\"author\" content=\"AleaSoft Energy Forecasting\" \/>\n<meta name=\"twitter:card\" content=\"summary_large_image\" \/>\n<meta name=\"twitter:creator\" content=\"@AleaSoftEnergy\" \/>\n<meta name=\"twitter:site\" content=\"@AleaSoftEnergy\" \/>\n<meta name=\"twitter:label1\" content=\"Escrito por\" \/>\n\t<meta name=\"twitter:data1\" content=\"AleaSoft Energy Forecasting\" \/>\n\t<meta name=\"twitter:label2\" content=\"Tiempo de lectura\" \/>\n\t<meta name=\"twitter:data2\" content=\"5 minutos\" \/>\n<script type=\"application\/ld+json\" class=\"yoast-schema-graph\">{\"@context\":\"https:\\\/\\\/schema.org\",\"@graph\":[{\"@type\":\"Article\",\"@id\":\"https:\\\/\\\/aleasoft.com\\\/es\\\/por-que-peninsula-iberica-isla-energetica\\\/#article\",\"isPartOf\":{\"@id\":\"https:\\\/\\\/aleasoft.com\\\/es\\\/por-que-peninsula-iberica-isla-energetica\\\/\"},\"author\":{\"name\":\"AleaSoft Energy Forecasting\",\"@id\":\"https:\\\/\\\/aleasoft.com\\\/#\\\/schema\\\/person\\\/99ee8b0f2ecbd56ba78005c6b7864d67\"},\"headline\":\"\u00bfPor qu\u00e9 la pen\u00ednsula ib\u00e9rica es una isla energ\u00e9tica?\",\"datePublished\":\"2022-03-29T16:14:39+00:00\",\"dateModified\":\"2022-03-29T16:14:41+00:00\",\"mainEntityOfPage\":{\"@id\":\"https:\\\/\\\/aleasoft.com\\\/es\\\/por-que-peninsula-iberica-isla-energetica\\\/\"},\"wordCount\":1244,\"publisher\":{\"@id\":\"https:\\\/\\\/aleasoft.com\\\/#organization\"},\"image\":{\"@id\":\"https:\\\/\\\/aleasoft.com\\\/es\\\/por-que-peninsula-iberica-isla-energetica\\\/#primaryimage\"},\"thumbnailUrl\":\"https:\\\/\\\/aleasoft.com\\\/wp-content\\\/uploads\\\/2022\\\/03\\\/20220329-AleaSoft-Demanda-pico-capacidad-inteconexion-electricidad-peninsula-iberica.png\",\"keywords\":[\"an\u00e1lisis de mercados\"],\"articleSection\":[\"Noticias\"],\"inLanguage\":\"es\"},{\"@type\":\"WebPage\",\"@id\":\"https:\\\/\\\/aleasoft.com\\\/es\\\/por-que-peninsula-iberica-isla-energetica\\\/\",\"url\":\"https:\\\/\\\/aleasoft.com\\\/es\\\/por-que-peninsula-iberica-isla-energetica\\\/\",\"name\":\"\u00bfPor qu\u00e9 la pen\u00ednsula ib\u00e9rica es una isla energ\u00e9tica? - AleaSoft Energy Forecasting\",\"isPartOf\":{\"@id\":\"https:\\\/\\\/aleasoft.com\\\/#website\"},\"primaryImageOfPage\":{\"@id\":\"https:\\\/\\\/aleasoft.com\\\/es\\\/por-que-peninsula-iberica-isla-energetica\\\/#primaryimage\"},\"image\":{\"@id\":\"https:\\\/\\\/aleasoft.com\\\/es\\\/por-que-peninsula-iberica-isla-energetica\\\/#primaryimage\"},\"thumbnailUrl\":\"https:\\\/\\\/aleasoft.com\\\/wp-content\\\/uploads\\\/2022\\\/03\\\/20220329-AleaSoft-Demanda-pico-capacidad-inteconexion-electricidad-peninsula-iberica.png\",\"datePublished\":\"2022-03-29T16:14:39+00:00\",\"dateModified\":\"2022-03-29T16:14:41+00:00\",\"description\":\"Espa\u00f1a, y la pen\u00ednsula ib\u00e9rica por extensi\u00f3n, se pueden considerar una isla energ\u00e9tica.\",\"breadcrumb\":{\"@id\":\"https:\\\/\\\/aleasoft.com\\\/es\\\/por-que-peninsula-iberica-isla-energetica\\\/#breadcrumb\"},\"inLanguage\":\"es\",\"potentialAction\":[{\"@type\":\"ReadAction\",\"target\":[\"https:\\\/\\\/aleasoft.com\\\/es\\\/por-que-peninsula-iberica-isla-energetica\\\/\"]}]},{\"@type\":\"ImageObject\",\"inLanguage\":\"es\",\"@id\":\"https:\\\/\\\/aleasoft.com\\\/es\\\/por-que-peninsula-iberica-isla-energetica\\\/#primaryimage\",\"url\":\"https:\\\/\\\/aleasoft.com\\\/wp-content\\\/uploads\\\/2022\\\/03\\\/20220329-AleaSoft-Demanda-pico-capacidad-inteconexion-electricidad-peninsula-iberica.png\",\"contentUrl\":\"https:\\\/\\\/aleasoft.com\\\/wp-content\\\/uploads\\\/2022\\\/03\\\/20220329-AleaSoft-Demanda-pico-capacidad-inteconexion-electricidad-peninsula-iberica.png\",\"width\":2814,\"height\":1467},{\"@type\":\"BreadcrumbList\",\"@id\":\"https:\\\/\\\/aleasoft.com\\\/es\\\/por-que-peninsula-iberica-isla-energetica\\\/#breadcrumb\",\"itemListElement\":[{\"@type\":\"ListItem\",\"position\":1,\"name\":\"Home\",\"item\":\"https:\\\/\\\/aleasoft.com\\\/es\\\/\"},{\"@type\":\"ListItem\",\"position\":2,\"name\":\"\u00bfPor qu\u00e9 la pen\u00ednsula ib\u00e9rica es una isla energ\u00e9tica?\"}]},{\"@type\":\"WebSite\",\"@id\":\"https:\\\/\\\/aleasoft.com\\\/#website\",\"url\":\"https:\\\/\\\/aleasoft.com\\\/\",\"name\":\"AleaSoft Energy Forecasting\",\"description\":\"Energy Forecasting\",\"publisher\":{\"@id\":\"https:\\\/\\\/aleasoft.com\\\/#organization\"},\"potentialAction\":[{\"@type\":\"SearchAction\",\"target\":{\"@type\":\"EntryPoint\",\"urlTemplate\":\"https:\\\/\\\/aleasoft.com\\\/?s={search_term_string}\"},\"query-input\":{\"@type\":\"PropertyValueSpecification\",\"valueRequired\":true,\"valueName\":\"search_term_string\"}}],\"inLanguage\":\"es\"},{\"@type\":\"Organization\",\"@id\":\"https:\\\/\\\/aleasoft.com\\\/#organization\",\"name\":\"AleaSoft Energy Forecasting\",\"url\":\"https:\\\/\\\/aleasoft.com\\\/\",\"logo\":{\"@type\":\"ImageObject\",\"inLanguage\":\"es\",\"@id\":\"https:\\\/\\\/aleasoft.com\\\/#\\\/schema\\\/logo\\\/image\\\/\",\"url\":\"https:\\\/\\\/aleasoft.com\\\/wp-content\\\/uploads\\\/2020\\\/01\\\/logo-alea-25.svg\",\"contentUrl\":\"https:\\\/\\\/aleasoft.com\\\/wp-content\\\/uploads\\\/2020\\\/01\\\/logo-alea-25.svg\",\"width\":7047,\"height\":1416,\"caption\":\"AleaSoft Energy Forecasting\"},\"image\":{\"@id\":\"https:\\\/\\\/aleasoft.com\\\/#\\\/schema\\\/logo\\\/image\\\/\"},\"sameAs\":[\"https:\\\/\\\/www.facebook.com\\\/AleaSoft\\\/\",\"https:\\\/\\\/x.com\\\/AleaSoftEnergy\",\"https:\\\/\\\/www.linkedin.com\\\/company\\\/aleasoft\\\/\"]},{\"@type\":\"Person\",\"@id\":\"https:\\\/\\\/aleasoft.com\\\/#\\\/schema\\\/person\\\/99ee8b0f2ecbd56ba78005c6b7864d67\",\"name\":\"AleaSoft Energy Forecasting\",\"image\":{\"@type\":\"ImageObject\",\"inLanguage\":\"es\",\"@id\":\"https:\\\/\\\/secure.gravatar.com\\\/avatar\\\/3ce8db70bda469bc8382df5990537888cf96f625c0fde5b0292ff5ab10560f88?s=96&d=mm&r=g\",\"url\":\"https:\\\/\\\/secure.gravatar.com\\\/avatar\\\/3ce8db70bda469bc8382df5990537888cf96f625c0fde5b0292ff5ab10560f88?s=96&d=mm&r=g\",\"contentUrl\":\"https:\\\/\\\/secure.gravatar.com\\\/avatar\\\/3ce8db70bda469bc8382df5990537888cf96f625c0fde5b0292ff5ab10560f88?s=96&d=mm&r=g\",\"caption\":\"AleaSoft Energy Forecasting\"},\"sameAs\":[\"http:\\\/\\\/aleasoft.com\"]}]}<\/script>\n<!-- \/ Yoast SEO Premium plugin. -->","yoast_head_json":{"title":"\u00bfPor qu\u00e9 la pen\u00ednsula ib\u00e9rica es una isla energ\u00e9tica? - AleaSoft Energy Forecasting","description":"Espa\u00f1a, y la pen\u00ednsula ib\u00e9rica por extensi\u00f3n, se pueden considerar una isla energ\u00e9tica.","robots":{"index":"index","follow":"follow","max-snippet":"max-snippet:-1","max-image-preview":"max-image-preview:large","max-video-preview":"max-video-preview:-1"},"canonical":"https:\/\/aleasoft.com\/es\/por-que-peninsula-iberica-isla-energetica\/","og_locale":"es_ES","og_type":"article","og_title":"\u00bfPor qu\u00e9 la pen\u00ednsula ib\u00e9rica es una isla energ\u00e9tica?","og_description":"Espa\u00f1a, y la pen\u00ednsula ib\u00e9rica por extensi\u00f3n, se pueden considerar una isla energ\u00e9tica.","og_url":"https:\/\/aleasoft.com\/es\/por-que-peninsula-iberica-isla-energetica\/","og_site_name":"AleaSoft Energy Forecasting","article_publisher":"https:\/\/www.facebook.com\/AleaSoft\/","article_published_time":"2022-03-29T16:14:39+00:00","article_modified_time":"2022-03-29T16:14:41+00:00","og_image":[{"width":2814,"height":1467,"url":"https:\/\/aleasoft.com\/wp-content\/uploads\/2022\/03\/20220329-AleaSoft-Demanda-pico-capacidad-inteconexion-electricidad-peninsula-iberica.png","type":"image\/png"}],"author":"AleaSoft Energy Forecasting","twitter_card":"summary_large_image","twitter_creator":"@AleaSoftEnergy","twitter_site":"@AleaSoftEnergy","twitter_misc":{"Escrito por":"AleaSoft Energy Forecasting","Tiempo de lectura":"5 minutos"},"schema":{"@context":"https:\/\/schema.org","@graph":[{"@type":"Article","@id":"https:\/\/aleasoft.com\/es\/por-que-peninsula-iberica-isla-energetica\/#article","isPartOf":{"@id":"https:\/\/aleasoft.com\/es\/por-que-peninsula-iberica-isla-energetica\/"},"author":{"name":"AleaSoft Energy Forecasting","@id":"https:\/\/aleasoft.com\/#\/schema\/person\/99ee8b0f2ecbd56ba78005c6b7864d67"},"headline":"\u00bfPor qu\u00e9 la pen\u00ednsula ib\u00e9rica es una isla energ\u00e9tica?","datePublished":"2022-03-29T16:14:39+00:00","dateModified":"2022-03-29T16:14:41+00:00","mainEntityOfPage":{"@id":"https:\/\/aleasoft.com\/es\/por-que-peninsula-iberica-isla-energetica\/"},"wordCount":1244,"publisher":{"@id":"https:\/\/aleasoft.com\/#organization"},"image":{"@id":"https:\/\/aleasoft.com\/es\/por-que-peninsula-iberica-isla-energetica\/#primaryimage"},"thumbnailUrl":"https:\/\/aleasoft.com\/wp-content\/uploads\/2022\/03\/20220329-AleaSoft-Demanda-pico-capacidad-inteconexion-electricidad-peninsula-iberica.png","keywords":["an\u00e1lisis de mercados"],"articleSection":["Noticias"],"inLanguage":"es"},{"@type":"WebPage","@id":"https:\/\/aleasoft.com\/es\/por-que-peninsula-iberica-isla-energetica\/","url":"https:\/\/aleasoft.com\/es\/por-que-peninsula-iberica-isla-energetica\/","name":"\u00bfPor qu\u00e9 la pen\u00ednsula ib\u00e9rica es una isla energ\u00e9tica? - AleaSoft Energy Forecasting","isPartOf":{"@id":"https:\/\/aleasoft.com\/#website"},"primaryImageOfPage":{"@id":"https:\/\/aleasoft.com\/es\/por-que-peninsula-iberica-isla-energetica\/#primaryimage"},"image":{"@id":"https:\/\/aleasoft.com\/es\/por-que-peninsula-iberica-isla-energetica\/#primaryimage"},"thumbnailUrl":"https:\/\/aleasoft.com\/wp-content\/uploads\/2022\/03\/20220329-AleaSoft-Demanda-pico-capacidad-inteconexion-electricidad-peninsula-iberica.png","datePublished":"2022-03-29T16:14:39+00:00","dateModified":"2022-03-29T16:14:41+00:00","description":"Espa\u00f1a, y la pen\u00ednsula ib\u00e9rica por extensi\u00f3n, se pueden considerar una isla energ\u00e9tica.","breadcrumb":{"@id":"https:\/\/aleasoft.com\/es\/por-que-peninsula-iberica-isla-energetica\/#breadcrumb"},"inLanguage":"es","potentialAction":[{"@type":"ReadAction","target":["https:\/\/aleasoft.com\/es\/por-que-peninsula-iberica-isla-energetica\/"]}]},{"@type":"ImageObject","inLanguage":"es","@id":"https:\/\/aleasoft.com\/es\/por-que-peninsula-iberica-isla-energetica\/#primaryimage","url":"https:\/\/aleasoft.com\/wp-content\/uploads\/2022\/03\/20220329-AleaSoft-Demanda-pico-capacidad-inteconexion-electricidad-peninsula-iberica.png","contentUrl":"https:\/\/aleasoft.com\/wp-content\/uploads\/2022\/03\/20220329-AleaSoft-Demanda-pico-capacidad-inteconexion-electricidad-peninsula-iberica.png","width":2814,"height":1467},{"@type":"BreadcrumbList","@id":"https:\/\/aleasoft.com\/es\/por-que-peninsula-iberica-isla-energetica\/#breadcrumb","itemListElement":[{"@type":"ListItem","position":1,"name":"Home","item":"https:\/\/aleasoft.com\/es\/"},{"@type":"ListItem","position":2,"name":"\u00bfPor qu\u00e9 la pen\u00ednsula ib\u00e9rica es una isla energ\u00e9tica?"}]},{"@type":"WebSite","@id":"https:\/\/aleasoft.com\/#website","url":"https:\/\/aleasoft.com\/","name":"AleaSoft Energy Forecasting","description":"Energy Forecasting","publisher":{"@id":"https:\/\/aleasoft.com\/#organization"},"potentialAction":[{"@type":"SearchAction","target":{"@type":"EntryPoint","urlTemplate":"https:\/\/aleasoft.com\/?s={search_term_string}"},"query-input":{"@type":"PropertyValueSpecification","valueRequired":true,"valueName":"search_term_string"}}],"inLanguage":"es"},{"@type":"Organization","@id":"https:\/\/aleasoft.com\/#organization","name":"AleaSoft Energy Forecasting","url":"https:\/\/aleasoft.com\/","logo":{"@type":"ImageObject","inLanguage":"es","@id":"https:\/\/aleasoft.com\/#\/schema\/logo\/image\/","url":"https:\/\/aleasoft.com\/wp-content\/uploads\/2020\/01\/logo-alea-25.svg","contentUrl":"https:\/\/aleasoft.com\/wp-content\/uploads\/2020\/01\/logo-alea-25.svg","width":7047,"height":1416,"caption":"AleaSoft Energy Forecasting"},"image":{"@id":"https:\/\/aleasoft.com\/#\/schema\/logo\/image\/"},"sameAs":["https:\/\/www.facebook.com\/AleaSoft\/","https:\/\/x.com\/AleaSoftEnergy","https:\/\/www.linkedin.com\/company\/aleasoft\/"]},{"@type":"Person","@id":"https:\/\/aleasoft.com\/#\/schema\/person\/99ee8b0f2ecbd56ba78005c6b7864d67","name":"AleaSoft Energy Forecasting","image":{"@type":"ImageObject","inLanguage":"es","@id":"https:\/\/secure.gravatar.com\/avatar\/3ce8db70bda469bc8382df5990537888cf96f625c0fde5b0292ff5ab10560f88?s=96&d=mm&r=g","url":"https:\/\/secure.gravatar.com\/avatar\/3ce8db70bda469bc8382df5990537888cf96f625c0fde5b0292ff5ab10560f88?s=96&d=mm&r=g","contentUrl":"https:\/\/secure.gravatar.com\/avatar\/3ce8db70bda469bc8382df5990537888cf96f625c0fde5b0292ff5ab10560f88?s=96&d=mm&r=g","caption":"AleaSoft Energy Forecasting"},"sameAs":["http:\/\/aleasoft.com"]}]}},"_links":{"self":[{"href":"https:\/\/aleasoft.com\/es\/wp-json\/wp\/v2\/posts\/126405","targetHints":{"allow":["GET"]}}],"collection":[{"href":"https:\/\/aleasoft.com\/es\/wp-json\/wp\/v2\/posts"}],"about":[{"href":"https:\/\/aleasoft.com\/es\/wp-json\/wp\/v2\/types\/post"}],"author":[{"embeddable":true,"href":"https:\/\/aleasoft.com\/es\/wp-json\/wp\/v2\/users\/1"}],"replies":[{"embeddable":true,"href":"https:\/\/aleasoft.com\/es\/wp-json\/wp\/v2\/comments?post=126405"}],"version-history":[{"count":0,"href":"https:\/\/aleasoft.com\/es\/wp-json\/wp\/v2\/posts\/126405\/revisions"}],"wp:featuredmedia":[{"embeddable":true,"href":"https:\/\/aleasoft.com\/es\/wp-json\/wp\/v2\/media\/126412"}],"wp:attachment":[{"href":"https:\/\/aleasoft.com\/es\/wp-json\/wp\/v2\/media?parent=126405"}],"wp:term":[{"taxonomy":"category","embeddable":true,"href":"https:\/\/aleasoft.com\/es\/wp-json\/wp\/v2\/categories?post=126405"},{"taxonomy":"post_tag","embeddable":true,"href":"https:\/\/aleasoft.com\/es\/wp-json\/wp\/v2\/tags?post=126405"}],"curies":[{"name":"wp","href":"https:\/\/api.w.org\/{rel}","templated":true}]}}