{"id":128088,"date":"2022-06-13T14:39:09","date_gmt":"2022-06-13T12:39:09","guid":{"rendered":"https:\/\/aleasoft.com\/?p=128088"},"modified":"2022-06-13T14:39:10","modified_gmt":"2022-06-13T12:39:10","slug":"mercados-electricos-europeos-responden-bajadas-aumento-solar-eolica","status":"publish","type":"post","link":"https:\/\/aleasoft.com\/es\/mercados-electricos-europeos-responden-bajadas-aumento-solar-eolica\/","title":{"rendered":"Los mercados el\u00e9ctricos europeos responden con bajadas al aumento de solar y e\u00f3lica"},"content":{"rendered":"<p><strong>AleaSoft Energy Forecasting, 13 de junio de 2022. En la segunda semana de junio los precios de los mercados el\u00e9ctricos europeos bajaron. En la mayor\u00eda el promedio semanal se situ\u00f3 por debajo de 190&nbsp;\u20ac\/MWh. Adem\u00e1s, se registraron precios negativos en varios mercados. La producci\u00f3n e\u00f3lica y solar aument\u00f3 en casi todos los mercados respecto a la semana anterior, y los precios de gas y CO<sub>2<\/sub> bajaron, una combinaci\u00f3n que favoreci\u00f3 los descensos en los mercados el\u00e9ctricos. Los precios de los futuros de electricidad tambi\u00e9n bajaron en gran parte de los mercados.<\/strong><\/p>\n<h2>Producci\u00f3n solar fotovoltaica y termosolar y producci\u00f3n e\u00f3lica<\/h2>\n<p>Durante la semana que comenz\u00f3 el 6 de junio, la <strong>producci\u00f3n solar<\/strong> aument\u00f3 en la mayor\u00eda de los mercados analizados en <strong>AleaSoft Energy Forecasting<\/strong> en comparaci\u00f3n con la semana anterior. El mayor incremento fue de un 28% y se registr\u00f3 en el mercado portugu\u00e9s, en el que se mantuvieron valores de producci\u00f3n diarios cercanos al m\u00e1ximo hist\u00f3rico, de 11&nbsp;GWh, durante casi toda la semana. En el mercado espa\u00f1ol la producci\u00f3n se increment\u00f3 un 8,3%, mientras que en el mercado italiano aument\u00f3 un 6,0%. En los mercado de Francia y Alemania las variaciones fueron menores, del 0,8% y del \u20112,5% respectivamente.<\/p>\n<p>Para la semana del 13 de junio, <a href=\"https:\/\/aleasoft.com\/es\/productos-y-servicios\/previsiones-de-energia-solar\/\">las previsiones de <strong>AleaSoft Energy Forecasting<\/strong><\/a> indican un aumento en la producci\u00f3n solar en el mercado alem\u00e1n y en el italiano, mientras que se prev\u00e9 que se reduzca en el mercado espa\u00f1ol.<\/p>\n<p><div style='margin-top: 20px;margin-bottom: 20px;'><a title='AleaSoft - Produccion solar fotovoltaica termosolar electricidad Europa' href='https:\/\/aleasoft.com\/wp-content\/uploads\/2022\/06\/20220613-AleaSoft-Produccion-solar-fotovoltaica-termosolar-electricidad-Europa.png'><img class='aligncenter' src='https:\/\/aleasoft.com\/wp-content\/uploads\/2022\/06\/20220613-AleaSoft-Produccion-solar-fotovoltaica-termosolar-electricidad-Europa.png' alt='AleaSoft - Produccion solar fotovoltaica termosolar electricidad Europa' width='740'\/><\/a><span style='font-size: small;'>Fuente: Elaborado por AleaSoft Energy Forecasting con datos de ENTSO-E, RTE, REN, REE y TERNA.<\/span><\/div><br \/>\n<div style='margin-top: 20px;margin-bottom: 20px;'><a title='AleaSoft - Perfil produccion solar fotovoltaica Europa' href='https:\/\/aleasoft.com\/wp-content\/uploads\/2022\/06\/20220613-AleaSoft-Perfil-produccion-solar-fotovoltaica-Europa.png'><img class='aligncenter' src='https:\/\/aleasoft.com\/wp-content\/uploads\/2022\/06\/20220613-AleaSoft-Perfil-produccion-solar-fotovoltaica-Europa.png' alt='AleaSoft - Perfil produccion solar fotovoltaica Europa' width='740'\/><\/a><span style='font-size: small;'>Fuente: Elaborado por AleaSoft Energy Forecasting con datos de ENTSO-E, RTE, REN, REE y TERNA.<\/span><\/div><\/p>\n<p>La segunda semana de junio culmin\u00f3 con un aumento generalizado de la <strong>producci\u00f3n e\u00f3lica<\/strong> en comparaci\u00f3n con la semana anterior, en los mercados europeos analizados en <strong>AleaSoft Energy Forecasting<\/strong>. El mayor incremento se alcanz\u00f3 en el mercado italiano y fue de un 216%, despu\u00e9s de una semana, la primera del mes, de baja producci\u00f3n con esta tecnolog\u00eda. En el mercado alem\u00e1n el incremento fue del 62%, en la pen\u00ednsula ib\u00e9rica del 57% y en el mercado franc\u00e9s del 31%.<\/p>\n<p>Para la tercera semana de junio, <a href=\"https:\/\/aleasoft.com\/es\/productos-y-servicios\/previsiones-energia-eolica\/\">las previsiones de <strong>AleaSoft Energy Forecasting<\/strong><\/a> esperan un descenso generalizado de la producci\u00f3n e\u00f3lica en los mercados analizados.<br \/>\n<div style='margin-top: 20px;margin-bottom: 20px;'><a title='AleaSoft - Produccion eolica electricidad Europa' href='https:\/\/aleasoft.com\/wp-content\/uploads\/2022\/06\/20220613-AleaSoft-Produccion-eolica-electricidad-Europa.png'><img class='aligncenter' src='https:\/\/aleasoft.com\/wp-content\/uploads\/2022\/06\/20220613-AleaSoft-Produccion-eolica-electricidad-Europa.png' alt='AleaSoft - Produccion eolica electricidad Europa' width='740'\/><\/a><span style='font-size: small;'>Fuente: Elaborado por AleaSoft Energy Forecasting con datos de ENTSO-E, RTE, REN, REE y TERNA.<\/span><\/div><\/p>\n<h2>Demanda el\u00e9ctrica<\/h2>\n<p>Durante la semana del 6 de junio, la <strong>demanda el\u00e9ctrica<\/strong> se comport\u00f3 de manera heterog\u00e9nea en los mercados europeos analizados. En los mercados de Italia, Espa\u00f1a, Portugal y Alemania la demanda aument\u00f3. El mercado italiano fue el de mayor incremento de la demanda, del 10%, debido a la recuperaci\u00f3n de la laboralidad tras el festivo del 2 de junio, D\u00eda de la Rep\u00fablica, que se celebr\u00f3 la semana anterior. En el mercado alem\u00e1n la demanda aument\u00f3 un 0,7% a pesar del festivo nacional del 6 de junio correspondiente a la Segunda Pascua. Lo mismo ocurri\u00f3 en el mercado portugu\u00e9s, donde la demanda subi\u00f3 un 2,3% a pesar del festivo nacional del 10 de junio, D\u00eda de Portugal. En el mercado espa\u00f1ol el incremento de la demanda fue del 3,5%. La mayor\u00eda de los aumentos de la demanda se vieron favorecidos por el incremento de las <strong>temperaturas<\/strong> medias durante la semana que finaliz\u00f3 en gran parte de los mercados analizados, a excepci\u00f3n de Italia donde las temperaturas medias se mantuvieron similares.<\/p>\n<p>Por otra parte, en los mercados de Francia, Pa\u00edses Bajos, B\u00e9lgica y Gran Breta\u00f1a la demanda se comport\u00f3 a la baja. En el caso de Francia, Pa\u00edses Bajos y B\u00e9lgica, donde las demandas bajaron un 2,3%, un 1,0% y un 0,8% se debi\u00f3 al festivo nacional de la Segunda Pascua celebrado el 6 de junio. El mercado brit\u00e1nico fue el de menor descenso, del 0,3%.<\/p>\n<p>Para la semana del 13 de junio se prev\u00e9 que las temperaturas medias contin\u00faen aumentando en la mayor\u00eda de los mercados europeos analizados. En el caso de la demanda, las <a href=\"https:\/\/aleasoft.com\/es\/productos-y-servicios\/previsiones-de-la-demanda-de-energia\/\">previsiones de <strong>AleaSoft Energy Forecasting<\/strong><\/a> estiman que aumentar\u00e1 en todos los mercados excepto en Gran Breta\u00f1a.<\/p>\n<div style='margin-top: 20px;margin-bottom: 20px;'><a title='AleaSoft - Demanda electricidad paises Europa' href='https:\/\/aleasoft.com\/wp-content\/uploads\/2022\/06\/20220613-AleaSoft-Demanda-electricidad-paises-Europa.png'><img class='aligncenter' src='https:\/\/aleasoft.com\/wp-content\/uploads\/2022\/06\/20220613-AleaSoft-Demanda-electricidad-paises-Europa.png' alt='AleaSoft - Demanda electricidad paises Europa' width='740'\/><\/a><span style='font-size: small;'>Fuente: Elaborado por AleaSoft Energy Forecasting con datos de ENTSO-E, RTE, REN, REE, TERNA, National Grid y ELIA.<\/span><\/div>\n<h2>Mercados el\u00e9ctricos europeos<\/h2>\n<p>En la semana del 6 de junio, los precios de todos los mercados el\u00e9ctricos europeos analizados en <strong>AleaSoft Energy Forecasting<\/strong> descendieron respecto a la semana anterior. La mayor bajada fue la del <strong>mercado N2EX<\/strong> del Reino Unido, del 23%. En cambio, el menor descenso, del 9,4%, fue el del<strong> mercado IPEX <\/strong>de Italia, seguido por el descenso del 9,5% del <strong>mercado EPEX&nbsp;SPOT <\/strong>de Francia. En el resto de los mercados, las bajadas de precios estuvieron entre el 10% del<strong> mercado MIBEL<\/strong> de Espa\u00f1a y Portugal y el 22% del <strong>mercado Nord&nbsp;Pool<\/strong> de los pa\u00edses n\u00f3rdicos.<\/p>\n<p>En la segunda semana de junio, los precios promedio fueron inferiores a 190&nbsp;\u20ac\/MWh en casi todos los mercados el\u00e9ctricos analizados. La excepci\u00f3n fue el mercado italiano con un promedio semanal de 206,27&nbsp;\u20ac\/MWh. Por otra parte, el menor promedio semanal, de 97,36&nbsp;\u20ac\/MWh, se registr\u00f3 en el mercado Nord&nbsp;Pool. En el resto de los mercados, los precios se situaron entre los 134,59&nbsp;\u20ac\/MWh del mercado brit\u00e1nico y los 187,54&nbsp;\u20ac\/MWh del mercado portugu\u00e9s.<\/p>\n<p>Por lo que respecta a los precios horarios, en la segunda semana de junio se registraron precios negativos en varios mercados. En los d\u00edas 6, 11 y 12 de junio hubo un total de diecisiete horas con precios negativos en el mercado belga y doce horas en el mercado neerland\u00e9s. El lunes 6 de junio, tambi\u00e9n se registraron tres horas con precios por debajo de cero en el mercado alem\u00e1n. Mientras que en el caso del mercado brit\u00e1nico, fue el d\u00eda 11 de junio cuando se registraron tres horas con precios negativos, algo que no ocurr\u00eda en ese mercado desde principios de a\u00f1o.<\/p>\n<p>Durante la semana del 6 de junio, el incremento generalizado de la producci\u00f3n e\u00f3lica y el aumento de la producci\u00f3n solar en la mayor\u00eda de los mercados favorecieron el descenso de los precios de los mercados el\u00e9ctricos europeos. Tambi\u00e9n los precios del gas y del CO<sub>2<\/sub> disminuyeron, contribuyendo a este comportamiento.<\/p>\n<div style='margin-top: 20px;margin-bottom: 20px;'><a title='AleaSoft - Eolica paneles solares' href='https:\/\/aleasoft.com\/wp-content\/uploads\/2021\/11\/20211126-AleaSoft-Eolica-paneles-solares.png'><img class='aligncenter' src='https:\/\/aleasoft.com\/wp-content\/uploads\/2021\/11\/20211126-AleaSoft-Eolica-paneles-solares.png' alt='AleaSoft - Eolica paneles solares' width='740'\/><\/a><\/div>\n<p><a href=\"https:\/\/aleasoft.com\/es\/productos-y-servicios\/previsiones-de-precios-de-energia\/\">Las previsiones de precios de <strong>AleaSoft Energy Forecasting<\/strong><\/a> indican que en la semana del 13 de junio los precios de los mercados el\u00e9ctricos europeos podr\u00edan aumentar influenciados por el descenso de la producci\u00f3n e\u00f3lica y el incremento de la demanda en la mayor\u00eda de los mercados. Sin embargo, la entrada en funcionamiento el 14 de junio del Real Decreto\u2011ley 10\/2022 que topa los precios del gas usados de referencia en el mercado ib\u00e9rico podr\u00eda favorecer el descenso de los precios en este mercado.<\/p>\n<div style='margin-top: 20px;margin-bottom: 20px;'><a title='AleaSoft - Precios mercados europeos electricidad' href='https:\/\/aleasoft.com\/wp-content\/uploads\/2022\/06\/20220613-AleaSoft-Precios-mercados-europeos-electricidad.png'><img class='aligncenter' src='https:\/\/aleasoft.com\/wp-content\/uploads\/2022\/06\/20220613-AleaSoft-Precios-mercados-europeos-electricidad.png' alt='AleaSoft - Precios mercados europeos electricidad' width='740'\/><\/a><span style='font-size: small;'>Fuente: Elaborado por AleaSoft Energy Forecasting con datos de OMIE, , Nord Pool y GME.<\/span><\/div>\n<h2>Futuros de electricidad<\/h2>\n<p>Los precios de los futuros de electricidad para el tercer trimestre de 2022 registraron bajadas entre las sesiones del 3 y el 10 de junio en todos los mercados analizados en <strong>AleaSoft Energy Forecasting<\/strong>. Las bajadas estuvieron entre el 1,0% registrado en el <strong>mercado EEX<\/strong> de Italia y el 22% que se marc\u00f3 en el mercado EEX de Espa\u00f1a.<\/p>\n<p>Respecto a los precios de los futuros de electricidad para el pr\u00f3ximo a\u00f1o 2023, el comportamiento fue distinto. Si bien el comportamiento mayoritario fue tambi\u00e9n a la baja, en Reino Unido los precios subieron, tanto en el mercado EEX como en el <strong>mercado ICE<\/strong>, un 0,7% y un 0,9% respectivamente. En el resto de mercados las bajadas se situaron entre el 2,8% marcado en el <strong>mercado OMIP<\/strong> de Espa\u00f1a y Portugal para ambos casos y el mercado EEX de Espa\u00f1a, y el 11% registrado en el mercado ICE de Pa\u00edses Bajos.<\/p>\n<div style='margin-top: 20px;margin-bottom: 20px;'><a title='AleaSoft - Tabla precio liquidacion mercados futuros electricidad Europa Q1 y Y1' href='https:\/\/aleasoft.com\/wp-content\/uploads\/2022\/06\/20220613-AleaSoft-Tabla-precio-liquidacion-mercados-futuros-electricidad-Europa-Q1-y-Y1.png'><img class='aligncenter' src='https:\/\/aleasoft.com\/wp-content\/uploads\/2022\/06\/20220613-AleaSoft-Tabla-precio-liquidacion-mercados-futuros-electricidad-Europa-Q1-y-Y1.png' alt='AleaSoft - Tabla precio liquidacion mercados futuros electricidad Europa Q1 y Y1' width='740'\/><\/a><\/div>\n<h2>Brent, combustibles y CO<sub>2<\/sub><\/h2>\n<p>Los futuros de <strong>petr\u00f3leo Brent<\/strong> para el Front\u2011Month en el <strong>mercado ICE<\/strong>, el lunes 6 de junio registraron un precio de cierre de 119,51&nbsp;$\/bbl, un 1,8% menor al del lunes anterior. Pero el martes y el mi\u00e9rcoles los precios aumentaron. Como consecuencia, el mi\u00e9rcoles 8 de junio se alcanz\u00f3 el precio de cierre m\u00e1ximo semanal, de 123,58&nbsp;$\/bbl. Este precio fue un 6,3% superior al del mismo d\u00eda de la semana anterior y el m\u00e1s alto desde el 8 de marzo. Posteriormente, los precios volvieron a descender y el viernes 10 de junio el precio de cierre fue de 122,01&nbsp;$\/bbl.<\/p>\n<p>En la segunda semana de junio, las dudas sobre la capacidad de algunos pa\u00edses miembros de la OPEP para aumentar sus niveles de producci\u00f3n seg\u00fan lo planificado y las expectativas sobre la recuperaci\u00f3n de la demanda en China permitieron que los precios aumentaran hasta alcanzar el m\u00e1ximo del mi\u00e9rcoles 8 de junio. Sin embargo, el jueves se impusieron nuevos confinamientos en China y las \u00e1reas afectadas se ampliaron el viernes. Adem\u00e1s, en la \u00faltima parte de la segunda semana de junio, las noticias de los datos de la inflaci\u00f3n en Estados Unidos y la preocupaci\u00f3n por los efectos de la situaci\u00f3n econ\u00f3mica sobre la demanda tambi\u00e9n contribuyeron a los descensos de precios. Por otra parte, el reciente principio de acuerdo salarial en el sector del petr\u00f3leo y el gas de Noruega evit\u00f3 que el domingo 12 de junio se iniciase una huelga que podr\u00eda haber afectado los niveles de producci\u00f3n de este pa\u00eds.<\/p>\n<p>En cuanto a los precios de cierre de los futuros de <strong>gas TTF<\/strong> en el mercado ICE para el Front\u2011Month, durante la semana del 6 de junio se mantuvieron por debajo de los 85&nbsp;\u20ac\/MWh. El mi\u00e9rcoles 8 de junio, se registr\u00f3 el precio de cierre m\u00ednimo semanal, de 79,41&nbsp;\u20ac\/MWh, que fue un 7,2% menor al del mi\u00e9rcoles anterior. Sin embargo, el jueves 9 de junio los precios aumentaron un 6,9% respecto al d\u00eda anterior y se alcanz\u00f3 el precio de cierre m\u00e1ximo de la semana, de 84,88&nbsp;\u20ac\/MWh. Este precio de cierre fue un 1,1% mayor al del jueves anterior. Pero el viernes el precio de cierre volvi\u00f3 a bajar hasta los 82,46&nbsp;\u20ac\/MWh.<\/p>\n<p>Los niveles de suministro permitieron que la mayor\u00eda de los d\u00edas de la segunda semana de junio los precios fueran inferiores a los de los mismos d\u00edas de la semana anterior. El incremento de precios del jueves estuvo influenciado por la noticia del cierre de una planta de Estados Unidos desde la cual se exportaba gas natural licuado debido a un incendio.<\/p>\n<p>Por lo que respecta a los precios de cierre de los futuros de <strong>derechos de emisi\u00f3n de CO<sub>2<\/sub><\/strong> en el <strong>mercado EEX<\/strong> para el contrato de referencia de diciembre de 2022, la segunda semana de junio se mantuvieron por debajo de los 82&nbsp;\u20ac\/t. Esta semana todos los d\u00edas tuvieron precios de cierre inferiores a los de los mismos d\u00edas de la semana anterior. El precio de cierre m\u00ednimo de la semana, de 79,82&nbsp;\u20ac\/t, se registr\u00f3 el mi\u00e9rcoles 8 de junio. Este precio fue un 7,3% menor al del mismo d\u00eda de la semana anterior y el m\u00e1s bajo desde el 23 de mayo. El resto de d\u00edas de la semana los precios de cierre superaron los 81&nbsp;\u20ac\/t. El precio de cierre m\u00e1ximo semanal, de 81,87&nbsp;\u20ac\/t, se alcanz\u00f3 el viernes 10 de junio, pero este precio todav\u00eda fue un 5,8% menor al del viernes anterior.<\/p>\n<div style='margin-top: 20px;margin-bottom: 20px;'><a title='AleaSoft - Precios gas carbon Brent CO2' href='https:\/\/aleasoft.com\/wp-content\/uploads\/2022\/06\/20220613-AleaSoft-Precios-gas-carbon-Brent-CO2.png'><img class='aligncenter' src='https:\/\/aleasoft.com\/wp-content\/uploads\/2022\/06\/20220613-AleaSoft-Precios-gas-carbon-Brent-CO2.png' alt='AleaSoft - Precios gas carbon Brent CO2' width='740'\/><\/a><span style='font-size: small;'>Fuente: Elaborado por AleaSoft Energy Forecasting con datos de ICE y EEX.<\/span><\/div>\n<h2>An\u00e1lisis de AleaSoft Energy Forecasting sobre las perspectivas de los mercados de energ\u00eda en Europa y la financiaci\u00f3n de proyectos renovables<\/h2>\n<p>El 9 de junio tuvo lugar la edici\u00f3n n\u00famero 23 de los <a href=\"https:\/\/aleasoft.com\/es\/webinars-sobre-mercados-sector-energia\/\">webinars mensuales<\/a> de <strong>AleaSoft Energy Forecasting <\/strong>y <strong>AleaGreen<\/strong>, en la que se cont\u00f3 con la participaci\u00f3n de ponentes invitados de <strong>Engie Spain<\/strong>. En el webinar se analiz\u00f3 la evoluci\u00f3n de los mercados de energ\u00eda europeos en las \u00faltimas semanas y las perspectivas en el medio y largo plazo. Adem\u00e1s, se analiz\u00f3 la <strong>financiaci\u00f3n de proyectos de energ\u00edas renovables<\/strong> y el mercado de <strong>PPA<\/strong>. En cuanto a las novedades regulatorias, tuvo un gran protagonismo el mecanismo de ajuste de costes en el mercado mayorista de electricidad publicado en el <strong>Real Decreto<\/strong><strong>\u2011ley 10\/2022<\/strong>, que entrar\u00e1 en funcionamiento el 14 de junio. Este RDL 10\/2022 establece un tope al precio del gas que se tomar\u00e1 como referencia para las ofertas de venta de los <strong>ciclos combinados<\/strong> y la <strong>cogeneraci\u00f3n<\/strong> en el mercado ib\u00e9rico. Las <a href=\"https:\/\/aleasoft.com\/es\/productos-y-servicios\/previsiones-de-precios-de-energia\/\">previsiones de precios<\/a> del mercado ib\u00e9rico de electricidad de <strong>AleaSoft Energy Forecasting<\/strong> y <a href=\"https:\/\/aleagreen.aleasoft.com\/\"><strong>AleaGreen<\/strong><\/a> ya tienen en cuenta los efectos del RDL 10\/2022 en todos los horizontes. Las personas interesadas pueden <a href=\"https:\/\/aleasoft.com\/es\/webinars-sobre-mercados-sector-energia\/perspectivas-mercados-energia-europeos-segunda-mitad-2022\/\">solicitar la grabaci\u00f3n del webinar<\/a>.<\/p>\n<p>En el <a href=\"https:\/\/aleasoft.com\/es\/webinars-sobre-mercados-sector-energia\/perspectivas-mercados-energia-europa-vision-futuro-hidrogeno-verde\/\">pr\u00f3ximo webinar<\/a> de <strong>AleaSoft Energy Forecasting <\/strong>y <strong>AleaGreen<\/strong>, se analizar\u00e1 la visi\u00f3n de futuro del <strong>hidr\u00f3geno verde<\/strong>, por la importancia que tendr\u00e1 este gas renovable en la <strong>transici\u00f3n energ\u00e9tica<\/strong>. En el webinar se contar\u00e1 con la participaci\u00f3n de Africa Castro, Business Development en <strong>H2B2<\/strong>, una empresa especializada en el hidr\u00f3geno verde. El webinar se llevar\u00e1 a cabo el 14 de julio y en el mismo tambi\u00e9n se realizar\u00e1 el an\u00e1lisis habitual de la evoluci\u00f3n y perspectivas de los mercados de energ\u00eda europeos.<\/p>\n<p>Fuente: <strong>AleaSoft Energy Forecasting<\/strong>.<br \/>\n<script type=\"text\/javascript\">\nwindow.addEventListener('load', function(event){\n        document.getElementById('alea-banner-elementor-template').remove();\n    }\n)\n<\/script><\/p>\n<a href='https:\/\/aleasoft.com\/es\/productos-y-servicios\/previsiones-de-precios-de-energia\/?tab=medio-plazo\/' class='alea-banner-link' data-alea-gtm-event-category='banner-horizontal' data-alea-gtm-event-label='mp'><img class='aligncenter' src='https:\/\/aleasoft.com\/wp-content\/uploads\/2021\/04\/servicio_previsiones_medio_plazo.jpg' alt='Servicios de previsiones de medio plazo' style=''\/><\/a>\n","protected":false},"excerpt":{"rendered":"<p>AleaSoft Energy Forecasting, 13 de junio de 2022. En la segunda semana de junio los precios de los mercados el\u00e9ctricos europeos bajaron. En la mayor\u00eda el promedio semanal se situ\u00f3 por debajo de 190&nbsp;\u20ac\/MWh. Adem\u00e1s, se registraron precios negativos en varios mercados. La producci\u00f3n e\u00f3lica y solar aument\u00f3 en casi todos los mercados respecto a [&hellip;]<\/p>\n","protected":false},"author":1,"featured_media":128107,"comment_status":"closed","ping_status":"closed","sticky":false,"template":"","format":"standard","meta":{"footnotes":""},"categories":[568],"tags":[],"class_list":["post-128088","post","type-post","status-publish","format-standard","has-post-thumbnail","hentry","category-noticias"],"yoast_head":"<!-- This site is optimized with the Yoast SEO Premium plugin v27.4 (Yoast SEO v27.5) - https:\/\/yoast.com\/product\/yoast-seo-premium-wordpress\/ -->\n<title>Los mercados el\u00e9ctricos europeos responden con bajadas al aumento de solar y e\u00f3lica - AleaSoft Energy Forecasting<\/title>\n<meta name=\"description\" content=\"En la segunda semana de junio los precios de los mercados el\u00e9ctricos europeos bajaron.\" \/>\n<meta name=\"robots\" content=\"index, follow, max-snippet:-1, max-image-preview:large, max-video-preview:-1\" \/>\n<link rel=\"canonical\" href=\"https:\/\/aleasoft.com\/es\/mercados-electricos-europeos-responden-bajadas-aumento-solar-eolica\/\" \/>\n<meta property=\"og:locale\" content=\"es_ES\" \/>\n<meta property=\"og:type\" content=\"article\" \/>\n<meta property=\"og:title\" content=\"Los mercados el\u00e9ctricos europeos responden con bajadas al aumento de solar y e\u00f3lica\" \/>\n<meta property=\"og:description\" content=\"En la segunda semana de junio los precios de los mercados el\u00e9ctricos europeos bajaron.\" \/>\n<meta property=\"og:url\" content=\"https:\/\/aleasoft.com\/es\/mercados-electricos-europeos-responden-bajadas-aumento-solar-eolica\/\" \/>\n<meta property=\"og:site_name\" content=\"AleaSoft Energy Forecasting\" \/>\n<meta property=\"article:publisher\" content=\"https:\/\/www.facebook.com\/AleaSoft\/\" \/>\n<meta property=\"article:published_time\" content=\"2022-06-13T12:39:09+00:00\" \/>\n<meta property=\"article:modified_time\" content=\"2022-06-13T12:39:10+00:00\" \/>\n<meta property=\"og:image\" content=\"https:\/\/aleasoft.com\/wp-content\/uploads\/2022\/06\/20220613-AleaSoft-Precios-mercados-europeos-electricidad.png\" \/>\n\t<meta property=\"og:image:width\" content=\"2282\" \/>\n\t<meta property=\"og:image:height\" content=\"1589\" \/>\n\t<meta property=\"og:image:type\" content=\"image\/png\" \/>\n<meta name=\"author\" content=\"AleaSoft Energy Forecasting\" \/>\n<meta name=\"twitter:card\" content=\"summary_large_image\" \/>\n<meta name=\"twitter:creator\" content=\"@AleaSoftEnergy\" \/>\n<meta name=\"twitter:site\" content=\"@AleaSoftEnergy\" \/>\n<meta name=\"twitter:label1\" content=\"Escrito por\" \/>\n\t<meta name=\"twitter:data1\" content=\"AleaSoft Energy Forecasting\" \/>\n\t<meta name=\"twitter:label2\" content=\"Tiempo de lectura\" \/>\n\t<meta name=\"twitter:data2\" content=\"10 minutos\" \/>\n<script type=\"application\/ld+json\" class=\"yoast-schema-graph\">{\"@context\":\"https:\\\/\\\/schema.org\",\"@graph\":[{\"@type\":\"Article\",\"@id\":\"https:\\\/\\\/aleasoft.com\\\/es\\\/mercados-electricos-europeos-responden-bajadas-aumento-solar-eolica\\\/#article\",\"isPartOf\":{\"@id\":\"https:\\\/\\\/aleasoft.com\\\/es\\\/mercados-electricos-europeos-responden-bajadas-aumento-solar-eolica\\\/\"},\"author\":{\"name\":\"AleaSoft Energy Forecasting\",\"@id\":\"https:\\\/\\\/aleasoft.com\\\/#\\\/schema\\\/person\\\/99ee8b0f2ecbd56ba78005c6b7864d67\"},\"headline\":\"Los mercados el\u00e9ctricos europeos responden con bajadas al aumento de solar y e\u00f3lica\",\"datePublished\":\"2022-06-13T12:39:09+00:00\",\"dateModified\":\"2022-06-13T12:39:10+00:00\",\"mainEntityOfPage\":{\"@id\":\"https:\\\/\\\/aleasoft.com\\\/es\\\/mercados-electricos-europeos-responden-bajadas-aumento-solar-eolica\\\/\"},\"wordCount\":2371,\"publisher\":{\"@id\":\"https:\\\/\\\/aleasoft.com\\\/#organization\"},\"image\":{\"@id\":\"https:\\\/\\\/aleasoft.com\\\/es\\\/mercados-electricos-europeos-responden-bajadas-aumento-solar-eolica\\\/#primaryimage\"},\"thumbnailUrl\":\"https:\\\/\\\/aleasoft.com\\\/wp-content\\\/uploads\\\/2022\\\/06\\\/20220613-AleaSoft-Precios-mercados-europeos-electricidad.png\",\"articleSection\":[\"Noticias\"],\"inLanguage\":\"es\"},{\"@type\":\"WebPage\",\"@id\":\"https:\\\/\\\/aleasoft.com\\\/es\\\/mercados-electricos-europeos-responden-bajadas-aumento-solar-eolica\\\/\",\"url\":\"https:\\\/\\\/aleasoft.com\\\/es\\\/mercados-electricos-europeos-responden-bajadas-aumento-solar-eolica\\\/\",\"name\":\"Los mercados el\u00e9ctricos europeos responden con bajadas al aumento de solar y e\u00f3lica - AleaSoft Energy Forecasting\",\"isPartOf\":{\"@id\":\"https:\\\/\\\/aleasoft.com\\\/#website\"},\"primaryImageOfPage\":{\"@id\":\"https:\\\/\\\/aleasoft.com\\\/es\\\/mercados-electricos-europeos-responden-bajadas-aumento-solar-eolica\\\/#primaryimage\"},\"image\":{\"@id\":\"https:\\\/\\\/aleasoft.com\\\/es\\\/mercados-electricos-europeos-responden-bajadas-aumento-solar-eolica\\\/#primaryimage\"},\"thumbnailUrl\":\"https:\\\/\\\/aleasoft.com\\\/wp-content\\\/uploads\\\/2022\\\/06\\\/20220613-AleaSoft-Precios-mercados-europeos-electricidad.png\",\"datePublished\":\"2022-06-13T12:39:09+00:00\",\"dateModified\":\"2022-06-13T12:39:10+00:00\",\"description\":\"En la segunda semana de junio los precios de los mercados el\u00e9ctricos europeos bajaron.\",\"breadcrumb\":{\"@id\":\"https:\\\/\\\/aleasoft.com\\\/es\\\/mercados-electricos-europeos-responden-bajadas-aumento-solar-eolica\\\/#breadcrumb\"},\"inLanguage\":\"es\",\"potentialAction\":[{\"@type\":\"ReadAction\",\"target\":[\"https:\\\/\\\/aleasoft.com\\\/es\\\/mercados-electricos-europeos-responden-bajadas-aumento-solar-eolica\\\/\"]}]},{\"@type\":\"ImageObject\",\"inLanguage\":\"es\",\"@id\":\"https:\\\/\\\/aleasoft.com\\\/es\\\/mercados-electricos-europeos-responden-bajadas-aumento-solar-eolica\\\/#primaryimage\",\"url\":\"https:\\\/\\\/aleasoft.com\\\/wp-content\\\/uploads\\\/2022\\\/06\\\/20220613-AleaSoft-Precios-mercados-europeos-electricidad.png\",\"contentUrl\":\"https:\\\/\\\/aleasoft.com\\\/wp-content\\\/uploads\\\/2022\\\/06\\\/20220613-AleaSoft-Precios-mercados-europeos-electricidad.png\",\"width\":2282,\"height\":1589},{\"@type\":\"BreadcrumbList\",\"@id\":\"https:\\\/\\\/aleasoft.com\\\/es\\\/mercados-electricos-europeos-responden-bajadas-aumento-solar-eolica\\\/#breadcrumb\",\"itemListElement\":[{\"@type\":\"ListItem\",\"position\":1,\"name\":\"Home\",\"item\":\"https:\\\/\\\/aleasoft.com\\\/es\\\/\"},{\"@type\":\"ListItem\",\"position\":2,\"name\":\"Los mercados el\u00e9ctricos europeos responden con bajadas al aumento de solar y e\u00f3lica\"}]},{\"@type\":\"WebSite\",\"@id\":\"https:\\\/\\\/aleasoft.com\\\/#website\",\"url\":\"https:\\\/\\\/aleasoft.com\\\/\",\"name\":\"AleaSoft Energy Forecasting\",\"description\":\"Energy Forecasting\",\"publisher\":{\"@id\":\"https:\\\/\\\/aleasoft.com\\\/#organization\"},\"potentialAction\":[{\"@type\":\"SearchAction\",\"target\":{\"@type\":\"EntryPoint\",\"urlTemplate\":\"https:\\\/\\\/aleasoft.com\\\/?s={search_term_string}\"},\"query-input\":{\"@type\":\"PropertyValueSpecification\",\"valueRequired\":true,\"valueName\":\"search_term_string\"}}],\"inLanguage\":\"es\"},{\"@type\":\"Organization\",\"@id\":\"https:\\\/\\\/aleasoft.com\\\/#organization\",\"name\":\"AleaSoft Energy Forecasting\",\"url\":\"https:\\\/\\\/aleasoft.com\\\/\",\"logo\":{\"@type\":\"ImageObject\",\"inLanguage\":\"es\",\"@id\":\"https:\\\/\\\/aleasoft.com\\\/#\\\/schema\\\/logo\\\/image\\\/\",\"url\":\"https:\\\/\\\/aleasoft.com\\\/wp-content\\\/uploads\\\/2020\\\/01\\\/logo-alea-25.svg\",\"contentUrl\":\"https:\\\/\\\/aleasoft.com\\\/wp-content\\\/uploads\\\/2020\\\/01\\\/logo-alea-25.svg\",\"width\":7047,\"height\":1416,\"caption\":\"AleaSoft Energy Forecasting\"},\"image\":{\"@id\":\"https:\\\/\\\/aleasoft.com\\\/#\\\/schema\\\/logo\\\/image\\\/\"},\"sameAs\":[\"https:\\\/\\\/www.facebook.com\\\/AleaSoft\\\/\",\"https:\\\/\\\/x.com\\\/AleaSoftEnergy\",\"https:\\\/\\\/www.linkedin.com\\\/company\\\/aleasoft\\\/\"]},{\"@type\":\"Person\",\"@id\":\"https:\\\/\\\/aleasoft.com\\\/#\\\/schema\\\/person\\\/99ee8b0f2ecbd56ba78005c6b7864d67\",\"name\":\"AleaSoft Energy Forecasting\",\"image\":{\"@type\":\"ImageObject\",\"inLanguage\":\"es\",\"@id\":\"https:\\\/\\\/secure.gravatar.com\\\/avatar\\\/3ce8db70bda469bc8382df5990537888cf96f625c0fde5b0292ff5ab10560f88?s=96&d=mm&r=g\",\"url\":\"https:\\\/\\\/secure.gravatar.com\\\/avatar\\\/3ce8db70bda469bc8382df5990537888cf96f625c0fde5b0292ff5ab10560f88?s=96&d=mm&r=g\",\"contentUrl\":\"https:\\\/\\\/secure.gravatar.com\\\/avatar\\\/3ce8db70bda469bc8382df5990537888cf96f625c0fde5b0292ff5ab10560f88?s=96&d=mm&r=g\",\"caption\":\"AleaSoft Energy Forecasting\"},\"sameAs\":[\"http:\\\/\\\/aleasoft.com\"]}]}<\/script>\n<!-- \/ Yoast SEO Premium plugin. -->","yoast_head_json":{"title":"Los mercados el\u00e9ctricos europeos responden con bajadas al aumento de solar y e\u00f3lica - AleaSoft Energy Forecasting","description":"En la segunda semana de junio los precios de los mercados el\u00e9ctricos europeos bajaron.","robots":{"index":"index","follow":"follow","max-snippet":"max-snippet:-1","max-image-preview":"max-image-preview:large","max-video-preview":"max-video-preview:-1"},"canonical":"https:\/\/aleasoft.com\/es\/mercados-electricos-europeos-responden-bajadas-aumento-solar-eolica\/","og_locale":"es_ES","og_type":"article","og_title":"Los mercados el\u00e9ctricos europeos responden con bajadas al aumento de solar y e\u00f3lica","og_description":"En la segunda semana de junio los precios de los mercados el\u00e9ctricos europeos bajaron.","og_url":"https:\/\/aleasoft.com\/es\/mercados-electricos-europeos-responden-bajadas-aumento-solar-eolica\/","og_site_name":"AleaSoft Energy Forecasting","article_publisher":"https:\/\/www.facebook.com\/AleaSoft\/","article_published_time":"2022-06-13T12:39:09+00:00","article_modified_time":"2022-06-13T12:39:10+00:00","og_image":[{"width":2282,"height":1589,"url":"https:\/\/aleasoft.com\/wp-content\/uploads\/2022\/06\/20220613-AleaSoft-Precios-mercados-europeos-electricidad.png","type":"image\/png"}],"author":"AleaSoft Energy Forecasting","twitter_card":"summary_large_image","twitter_creator":"@AleaSoftEnergy","twitter_site":"@AleaSoftEnergy","twitter_misc":{"Escrito por":"AleaSoft Energy Forecasting","Tiempo de lectura":"10 minutos"},"schema":{"@context":"https:\/\/schema.org","@graph":[{"@type":"Article","@id":"https:\/\/aleasoft.com\/es\/mercados-electricos-europeos-responden-bajadas-aumento-solar-eolica\/#article","isPartOf":{"@id":"https:\/\/aleasoft.com\/es\/mercados-electricos-europeos-responden-bajadas-aumento-solar-eolica\/"},"author":{"name":"AleaSoft Energy Forecasting","@id":"https:\/\/aleasoft.com\/#\/schema\/person\/99ee8b0f2ecbd56ba78005c6b7864d67"},"headline":"Los mercados el\u00e9ctricos europeos responden con bajadas al aumento de solar y e\u00f3lica","datePublished":"2022-06-13T12:39:09+00:00","dateModified":"2022-06-13T12:39:10+00:00","mainEntityOfPage":{"@id":"https:\/\/aleasoft.com\/es\/mercados-electricos-europeos-responden-bajadas-aumento-solar-eolica\/"},"wordCount":2371,"publisher":{"@id":"https:\/\/aleasoft.com\/#organization"},"image":{"@id":"https:\/\/aleasoft.com\/es\/mercados-electricos-europeos-responden-bajadas-aumento-solar-eolica\/#primaryimage"},"thumbnailUrl":"https:\/\/aleasoft.com\/wp-content\/uploads\/2022\/06\/20220613-AleaSoft-Precios-mercados-europeos-electricidad.png","articleSection":["Noticias"],"inLanguage":"es"},{"@type":"WebPage","@id":"https:\/\/aleasoft.com\/es\/mercados-electricos-europeos-responden-bajadas-aumento-solar-eolica\/","url":"https:\/\/aleasoft.com\/es\/mercados-electricos-europeos-responden-bajadas-aumento-solar-eolica\/","name":"Los mercados el\u00e9ctricos europeos responden con bajadas al aumento de solar y e\u00f3lica - AleaSoft Energy Forecasting","isPartOf":{"@id":"https:\/\/aleasoft.com\/#website"},"primaryImageOfPage":{"@id":"https:\/\/aleasoft.com\/es\/mercados-electricos-europeos-responden-bajadas-aumento-solar-eolica\/#primaryimage"},"image":{"@id":"https:\/\/aleasoft.com\/es\/mercados-electricos-europeos-responden-bajadas-aumento-solar-eolica\/#primaryimage"},"thumbnailUrl":"https:\/\/aleasoft.com\/wp-content\/uploads\/2022\/06\/20220613-AleaSoft-Precios-mercados-europeos-electricidad.png","datePublished":"2022-06-13T12:39:09+00:00","dateModified":"2022-06-13T12:39:10+00:00","description":"En la segunda semana de junio los precios de los mercados el\u00e9ctricos europeos bajaron.","breadcrumb":{"@id":"https:\/\/aleasoft.com\/es\/mercados-electricos-europeos-responden-bajadas-aumento-solar-eolica\/#breadcrumb"},"inLanguage":"es","potentialAction":[{"@type":"ReadAction","target":["https:\/\/aleasoft.com\/es\/mercados-electricos-europeos-responden-bajadas-aumento-solar-eolica\/"]}]},{"@type":"ImageObject","inLanguage":"es","@id":"https:\/\/aleasoft.com\/es\/mercados-electricos-europeos-responden-bajadas-aumento-solar-eolica\/#primaryimage","url":"https:\/\/aleasoft.com\/wp-content\/uploads\/2022\/06\/20220613-AleaSoft-Precios-mercados-europeos-electricidad.png","contentUrl":"https:\/\/aleasoft.com\/wp-content\/uploads\/2022\/06\/20220613-AleaSoft-Precios-mercados-europeos-electricidad.png","width":2282,"height":1589},{"@type":"BreadcrumbList","@id":"https:\/\/aleasoft.com\/es\/mercados-electricos-europeos-responden-bajadas-aumento-solar-eolica\/#breadcrumb","itemListElement":[{"@type":"ListItem","position":1,"name":"Home","item":"https:\/\/aleasoft.com\/es\/"},{"@type":"ListItem","position":2,"name":"Los mercados el\u00e9ctricos europeos responden con bajadas al aumento de solar y e\u00f3lica"}]},{"@type":"WebSite","@id":"https:\/\/aleasoft.com\/#website","url":"https:\/\/aleasoft.com\/","name":"AleaSoft Energy Forecasting","description":"Energy Forecasting","publisher":{"@id":"https:\/\/aleasoft.com\/#organization"},"potentialAction":[{"@type":"SearchAction","target":{"@type":"EntryPoint","urlTemplate":"https:\/\/aleasoft.com\/?s={search_term_string}"},"query-input":{"@type":"PropertyValueSpecification","valueRequired":true,"valueName":"search_term_string"}}],"inLanguage":"es"},{"@type":"Organization","@id":"https:\/\/aleasoft.com\/#organization","name":"AleaSoft Energy Forecasting","url":"https:\/\/aleasoft.com\/","logo":{"@type":"ImageObject","inLanguage":"es","@id":"https:\/\/aleasoft.com\/#\/schema\/logo\/image\/","url":"https:\/\/aleasoft.com\/wp-content\/uploads\/2020\/01\/logo-alea-25.svg","contentUrl":"https:\/\/aleasoft.com\/wp-content\/uploads\/2020\/01\/logo-alea-25.svg","width":7047,"height":1416,"caption":"AleaSoft Energy Forecasting"},"image":{"@id":"https:\/\/aleasoft.com\/#\/schema\/logo\/image\/"},"sameAs":["https:\/\/www.facebook.com\/AleaSoft\/","https:\/\/x.com\/AleaSoftEnergy","https:\/\/www.linkedin.com\/company\/aleasoft\/"]},{"@type":"Person","@id":"https:\/\/aleasoft.com\/#\/schema\/person\/99ee8b0f2ecbd56ba78005c6b7864d67","name":"AleaSoft Energy Forecasting","image":{"@type":"ImageObject","inLanguage":"es","@id":"https:\/\/secure.gravatar.com\/avatar\/3ce8db70bda469bc8382df5990537888cf96f625c0fde5b0292ff5ab10560f88?s=96&d=mm&r=g","url":"https:\/\/secure.gravatar.com\/avatar\/3ce8db70bda469bc8382df5990537888cf96f625c0fde5b0292ff5ab10560f88?s=96&d=mm&r=g","contentUrl":"https:\/\/secure.gravatar.com\/avatar\/3ce8db70bda469bc8382df5990537888cf96f625c0fde5b0292ff5ab10560f88?s=96&d=mm&r=g","caption":"AleaSoft Energy Forecasting"},"sameAs":["http:\/\/aleasoft.com"]}]}},"_links":{"self":[{"href":"https:\/\/aleasoft.com\/es\/wp-json\/wp\/v2\/posts\/128088","targetHints":{"allow":["GET"]}}],"collection":[{"href":"https:\/\/aleasoft.com\/es\/wp-json\/wp\/v2\/posts"}],"about":[{"href":"https:\/\/aleasoft.com\/es\/wp-json\/wp\/v2\/types\/post"}],"author":[{"embeddable":true,"href":"https:\/\/aleasoft.com\/es\/wp-json\/wp\/v2\/users\/1"}],"replies":[{"embeddable":true,"href":"https:\/\/aleasoft.com\/es\/wp-json\/wp\/v2\/comments?post=128088"}],"version-history":[{"count":0,"href":"https:\/\/aleasoft.com\/es\/wp-json\/wp\/v2\/posts\/128088\/revisions"}],"wp:featuredmedia":[{"embeddable":true,"href":"https:\/\/aleasoft.com\/es\/wp-json\/wp\/v2\/media\/128107"}],"wp:attachment":[{"href":"https:\/\/aleasoft.com\/es\/wp-json\/wp\/v2\/media?parent=128088"}],"wp:term":[{"taxonomy":"category","embeddable":true,"href":"https:\/\/aleasoft.com\/es\/wp-json\/wp\/v2\/categories?post=128088"},{"taxonomy":"post_tag","embeddable":true,"href":"https:\/\/aleasoft.com\/es\/wp-json\/wp\/v2\/tags?post=128088"}],"curies":[{"name":"wp","href":"https:\/\/api.w.org\/{rel}","templated":true}]}}