{"id":129864,"date":"2022-09-16T14:02:38","date_gmt":"2022-09-16T12:02:38","guid":{"rendered":"https:\/\/aleasoft.com\/?p=129864"},"modified":"2022-09-16T14:02:40","modified_gmt":"2022-09-16T12:02:40","slug":"subasta-renovables-electrointensivos-primer-trimestre-2023","status":"publish","type":"post","link":"https:\/\/aleasoft.com\/es\/subasta-renovables-electrointensivos-primer-trimestre-2023\/","title":{"rendered":"Las subasta de renovables de los electrointensivos prevista para el primer trimestre de 2023"},"content":{"rendered":"<p><strong>AleaSoft Energy Forecasting, 16 de septiembre de 2022. La situaci\u00f3n de los consumidores electrointensivos en medio de la crisis energ\u00e9tica es muy delicada. Ante la falta de ofertas a precios suficientemente competitivos, la industria electrointensiva est\u00e1 preparando su propia subasta de PPA para proyectos de energ\u00edas renovables para cubrir parte de su demanda para los siguientes doce a\u00f1os.<\/strong><\/p>\n<div style='margin-top: 20px;margin-bottom: 20px;'><a title='AleaSoft - Industria electrointensiva' href='https:\/\/aleasoft.com\/wp-content\/uploads\/2022\/09\/20220916-AleaSoft-Industria-electrointensiva-scaled.jpg'><img class='aligncenter' src='https:\/\/aleasoft.com\/wp-content\/uploads\/2022\/09\/20220916-AleaSoft-Industria-electrointensiva-scaled.jpg' alt='AleaSoft - Industria electrointensiva' width='740'\/><\/a><\/div>\n<p>El 15 de setiembre tuvo lugar la edici\u00f3n n\u00famero 25 de los <a href=\"https:\/\/aleasoft.com\/es\/webinars-sobre-mercados-sector-energia\/\">webinars mensuales organizados por <strong>AleaSoft Energy Forecasting<\/strong> y <strong>AleaGreen<\/strong><\/a>. En esta ocasi\u00f3n, se cont\u00f3 con la colaboraci\u00f3n de Jorge Sim\u00e3o, COO en <strong>OMIP<\/strong>, y Pablo Villaplana, COO en <strong>OMIClear<\/strong>, que analizaron la situaci\u00f3n de los mercados de futuros de electricidad en Espa\u00f1a y el papel de las c\u00e1maras centrales de contrapartidas. En la mesa de an\u00e1lisis posterior, se a\u00f1adi\u00f3 Fernando Soto, director general de la <strong>AEGE<\/strong>, que describi\u00f3 la situaci\u00f3n actual de las empresas electrointensivas y el estado de preparaci\u00f3n de la futura <strong>subasta de PPA para renovables<\/strong> con <strong>consumidores electrointensivos<\/strong>. <a href=\"https:\/\/aleasoft.com\/es\/webinars-sobre-mercados-sector-energia\/perspectivas-mercados-energia-europa-desarrollo-energias-renovables-mercados-plazo-coberturas-subasta-electrointensivos\/\">La grabaci\u00f3n del evento<\/a> est\u00e1 disponible en el sitio web de <strong>AleaSoft Energy Forecasting<\/strong>.<\/p>\n<h2>La dram\u00e1tica situaci\u00f3n de los consumidores electrointensivos en medio de la crisis energ\u00e9tica<\/h2>\n<p>El consumo de la <strong>industria electrointensiva<\/strong> representa el 10% de toda la <strong>demanda el\u00e9ctrica<\/strong> de Espa\u00f1a, y el coste de la electricidad ronda el 60% de sus costes de producci\u00f3n. Con estos datos, y teniendo en cuenta que el <strong>precio de la electricidad<\/strong> se ha multiplicado por cinco en apenas dos a\u00f1os, es f\u00e1cil adivinar que la situaci\u00f3n de estas empresas con gran consumo de energ\u00eda es complicada.<\/p>\n<p>Seg\u00fan coment\u00f3 Fernando Soto en el webinar, hay varias empresas de la asociaci\u00f3n, de varios sectores industriales, con paradas parciales de la producci\u00f3n, otras que despu\u00e9s de paradas por mantenimiento han decidido no retomar la producci\u00f3n temporalmente, y otras que han aplicado <strong>ERTEs<\/strong> a la espera que la perspectiva de la situaci\u00f3n mejore.<\/p>\n<p>La situaci\u00f3n, adem\u00e1s, est\u00e1 agravada por el hecho de que solo un 10% de la energ\u00eda que estas industrias est\u00e1n consumiendo en 2022 est\u00e1 cubierta con instrumentos de cobertura a precios fijos, ya sean futuros o <strong>contratos bilaterales<\/strong>. Por lo que el 90% de la energ\u00eda consumida la est\u00e1n comprando en el <strong>mercado diario<\/strong> con los niveles de precios y la <strong>volatilidad<\/strong> que eso conlleva. Seg\u00fan explica Fernando Soto, eso se debe a que, en el pasado, los <strong>mercados de futuros<\/strong> no ten\u00edan suficiente liquidez y los contratos a precio fijo que se le ofrec\u00edan no eran a precios competitivos.<\/p>\n<h2>El impacto del tope del gas y la excepci\u00f3n ib\u00e9rica en la industria electrointensiva<\/h2>\n<p>Durante la primera parte del webinar, Oriol Salt\u00f3 i Bauz\u00e0, Associate Partner en <strong>AleaGreen<\/strong>, mostr\u00f3 c\u00f3mo la <strong>excepci\u00f3n ib\u00e9rica<\/strong>, con su <strong>tope al precio del gas<\/strong> en el <strong>mercado el\u00e9ctrico<\/strong>, est\u00e1 teniendo un efecto depresor tanto en los precios del mercado diario como en el precio final a pagar por los consumidores, y ha situado al mercado ib\u00e9rico claramente por debajo de los precios del resto de grandes mercados en Europa.<\/p>\n<p>A\u00fan as\u00ed, Fernando Soto explic\u00f3 que esta medida ha tenido un efecto colateral en la industria electrointensiva. Si bien el nivel de los precios ha bajado, al a\u00f1adir el precio de ajuste para la compensaci\u00f3n a las centrales de <strong>ciclos combinados de gas<\/strong>, el perfil horario de los precios cambia y, en muchas ocasiones, los precios m\u00e1s altos se dan durante las horas de la madrugada.<\/p>\n<p>Eso ha obligado a muchas industrias que ten\u00edan turnos de noche intentar trasladar la mayor parte de la producci\u00f3n hacia las horas de m\u00e1xima <strong>producci\u00f3n solar<\/strong> que es donde se encuentran los precios finales m\u00e1s bajos. Este desplazamiento del consumo hacia las horas del pico solar es algo que tambi\u00e9n se ha venido observando en <a href=\"https:\/\/aleasoft.com\/es\/bombeo-adaptando-perfil-consumo-aumento-fotovoltaica\/\">el perfil de consumo de las <strong>centrales de bombeo<\/strong><\/a>.<\/p>\n<h2>La soluci\u00f3n: PPA renovables<\/h2>\n<p>Coment\u00f3 Fernando Soto que, ante la imposibilidad de conseguir contratos a precios fijos comparables a los de la tarifa ARENH en Francia, la asociaci\u00f3n tom\u00f3 la iniciativa de dise\u00f1ar sus propias <strong>subastas de energ\u00eda renovable<\/strong> para cubrir parte del consumo de electricidad de sus empresas. Estaba prevista la celebraci\u00f3n de esta subasta a finales de este a\u00f1o 2022, pero el anuncio del Gobierno de celebrar la nueva subasta de renovables en noviembre ha hecho que se retrase hasta el primer trimestre de 2023.<\/p>\n<p>La subasta estar\u00e1 abierta no solo a las empresas asociadas a la <strong>AEGE<\/strong>, sino a todos los consumidores electrointensivos, y la intenci\u00f3n es conseguir <strong>PPA<\/strong> con proyectos de energ\u00edas renovables a precios competitivos, a diferencia de las ofertas que reciben ahora con precios muy condicionados por la situaci\u00f3n actual de precios altos del gas. Para Fernando Soto, no tiene sentido que un PPA renovable a 12 a\u00f1os est\u00e9 ligado al precio del gas, el precio debe reflejar el coste de la instalaci\u00f3n m\u00e1s el beneficio empresarial, pero no tiene porqu\u00e9 reflejar el impacto del precio del gas en el mercado.<\/p>\n<p>El producto a subastar ser\u00e1 PPA a 12 a\u00f1os pay\u2011as\u2011produced con el objetivo de cubrir hasta un 30%-40% de su consumo anual de electricidad. De todas maneras, recuerda Fernando Soto, esto no ser\u00e1 una soluci\u00f3n para la energ\u00eda de 2023, que en su mayor parte no est\u00e1 cubierta a precio fijo y las previsiones indican que los precios continuar\u00e1n en niveles muy altos en los mercados mayoristas.<\/p>\n<h2>An\u00e1lisis de AleaSoft Energy Forecasting sobre las perspectivas de los mercados de energ\u00eda en Europa y la financiaci\u00f3n de los proyectos de energ\u00edas renovables<\/h2>\n<p><a href=\"https:\/\/aleasoft.com\/es\/webinars-sobre-mercados-sector-energia\/mercados-energia-medio-crisis-suministro-gas\/\">La siguiente edici\u00f3n de esta serie de webinars mensuales se est\u00e1 preparando para el d\u00eda 20 de octubre<\/a>. Ser\u00e1 la edici\u00f3n n\u00famero 26 y contar\u00e1, por tercer a\u00f1o consecutivo, con la participaci\u00f3n de <strong>Deloitte<\/strong>. En medio de una crisis energ\u00e9tica sin precedentes, los ponentes analizar\u00e1n todos los aspectos relativos a la financiaci\u00f3n de los proyectos de energ\u00edas renovables, desde las necesidades de capital para cumplir los objetivos del PNIEC, los proyectos merchant, los proyectos con PPA, y los retornos esperados en distintos escenarios.<\/p>\n<p>Fuente: <strong>AleaSoft Energy Forecasting<\/strong><br \/>\n&nbsp;<br \/>\n<a href='https:\/\/aleasoft.com\/es\/sectores\/grandes-consumidores-y-electrointensivos\/' class='alea-banner-link' data-alea-gtm-event-category='banner-horizontal' data-alea-gtm-event-label='electro_intensive'><img class='alignright' src='https:\/\/aleasoft.com\/wp-content\/uploads\/2021\/05\/banner_electrointensivos_es.jpg' alt='Previsiones de mercado para grandes consumidores y electrointensivos' style='width: 100%; object-position: center;'\/><\/a><script type=\"text\/javascript\">\nwindow.addEventListener('load', function(event){\n        document.getElementById('alea-banner-elementor-template').remove();\n    }\n)\n<\/script><\/p>\n","protected":false},"excerpt":{"rendered":"<p>AleaSoft Energy Forecasting, 16 de septiembre de 2022. La situaci\u00f3n de los consumidores electrointensivos en medio de la crisis energ\u00e9tica es muy delicada. Ante la falta de ofertas a precios suficientemente competitivos, la industria electrointensiva est\u00e1 preparando su propia subasta de PPA para proyectos de energ\u00edas renovables para cubrir parte de su demanda para los [&hellip;]<\/p>\n","protected":false},"author":1,"featured_media":129865,"comment_status":"closed","ping_status":"closed","sticky":false,"template":"","format":"standard","meta":{"footnotes":""},"categories":[568],"tags":[7508],"class_list":["post-129864","post","type-post","status-publish","format-standard","has-post-thumbnail","hentry","category-noticias","tag-analisis-mercados"],"yoast_head":"<!-- This site is optimized with the Yoast SEO Premium plugin v27.4 (Yoast SEO v27.5) - https:\/\/yoast.com\/product\/yoast-seo-premium-wordpress\/ -->\n<title>Las subasta de renovables de los electrointensivos prevista para el primer trimestre de 2023 - AleaSoft Energy Forecasting<\/title>\n<meta name=\"description\" content=\"La situaci\u00f3n de los consumidores electrointensivos en medio de la crisis energ\u00e9tica es muy delicada.\" \/>\n<meta name=\"robots\" content=\"index, follow, max-snippet:-1, max-image-preview:large, max-video-preview:-1\" \/>\n<link rel=\"canonical\" href=\"https:\/\/aleasoft.com\/es\/subasta-renovables-electrointensivos-primer-trimestre-2023\/\" \/>\n<meta property=\"og:locale\" content=\"es_ES\" \/>\n<meta property=\"og:type\" content=\"article\" \/>\n<meta property=\"og:title\" content=\"Las subasta de renovables de los electrointensivos prevista para el primer trimestre de 2023\" \/>\n<meta property=\"og:description\" content=\"La situaci\u00f3n de los consumidores electrointensivos en medio de la crisis energ\u00e9tica es muy delicada.\" \/>\n<meta property=\"og:url\" content=\"https:\/\/aleasoft.com\/es\/subasta-renovables-electrointensivos-primer-trimestre-2023\/\" \/>\n<meta property=\"og:site_name\" content=\"AleaSoft Energy Forecasting\" \/>\n<meta property=\"article:publisher\" content=\"https:\/\/www.facebook.com\/AleaSoft\/\" \/>\n<meta property=\"article:published_time\" content=\"2022-09-16T12:02:38+00:00\" \/>\n<meta property=\"article:modified_time\" content=\"2022-09-16T12:02:40+00:00\" \/>\n<meta property=\"og:image\" content=\"https:\/\/aleasoft.com\/wp-content\/uploads\/2022\/09\/20220916-AleaSoft-Industria-electrointensiva-scaled.jpg\" \/>\n\t<meta property=\"og:image:width\" content=\"2560\" \/>\n\t<meta property=\"og:image:height\" content=\"1049\" \/>\n\t<meta property=\"og:image:type\" content=\"image\/jpeg\" \/>\n<meta name=\"author\" content=\"AleaSoft Energy Forecasting\" \/>\n<meta name=\"twitter:card\" content=\"summary_large_image\" \/>\n<meta name=\"twitter:creator\" content=\"@AleaSoftEnergy\" \/>\n<meta name=\"twitter:site\" content=\"@AleaSoftEnergy\" \/>\n<meta name=\"twitter:label1\" content=\"Escrito por\" \/>\n\t<meta name=\"twitter:data1\" content=\"AleaSoft Energy Forecasting\" \/>\n\t<meta name=\"twitter:label2\" content=\"Tiempo de lectura\" \/>\n\t<meta name=\"twitter:data2\" content=\"5 minutos\" \/>\n<script type=\"application\/ld+json\" class=\"yoast-schema-graph\">{\"@context\":\"https:\\\/\\\/schema.org\",\"@graph\":[{\"@type\":\"Article\",\"@id\":\"https:\\\/\\\/aleasoft.com\\\/es\\\/subasta-renovables-electrointensivos-primer-trimestre-2023\\\/#article\",\"isPartOf\":{\"@id\":\"https:\\\/\\\/aleasoft.com\\\/es\\\/subasta-renovables-electrointensivos-primer-trimestre-2023\\\/\"},\"author\":{\"name\":\"AleaSoft Energy Forecasting\",\"@id\":\"https:\\\/\\\/aleasoft.com\\\/#\\\/schema\\\/person\\\/99ee8b0f2ecbd56ba78005c6b7864d67\"},\"headline\":\"Las subasta de renovables de los electrointensivos prevista para el primer trimestre de 2023\",\"datePublished\":\"2022-09-16T12:02:38+00:00\",\"dateModified\":\"2022-09-16T12:02:40+00:00\",\"mainEntityOfPage\":{\"@id\":\"https:\\\/\\\/aleasoft.com\\\/es\\\/subasta-renovables-electrointensivos-primer-trimestre-2023\\\/\"},\"wordCount\":1095,\"publisher\":{\"@id\":\"https:\\\/\\\/aleasoft.com\\\/#organization\"},\"image\":{\"@id\":\"https:\\\/\\\/aleasoft.com\\\/es\\\/subasta-renovables-electrointensivos-primer-trimestre-2023\\\/#primaryimage\"},\"thumbnailUrl\":\"https:\\\/\\\/aleasoft.com\\\/wp-content\\\/uploads\\\/2022\\\/09\\\/20220916-AleaSoft-Industria-electrointensiva-scaled.jpg\",\"keywords\":[\"an\u00e1lisis de mercados\"],\"articleSection\":[\"Noticias\"],\"inLanguage\":\"es\"},{\"@type\":\"WebPage\",\"@id\":\"https:\\\/\\\/aleasoft.com\\\/es\\\/subasta-renovables-electrointensivos-primer-trimestre-2023\\\/\",\"url\":\"https:\\\/\\\/aleasoft.com\\\/es\\\/subasta-renovables-electrointensivos-primer-trimestre-2023\\\/\",\"name\":\"Las subasta de renovables de los electrointensivos prevista para el primer trimestre de 2023 - AleaSoft Energy Forecasting\",\"isPartOf\":{\"@id\":\"https:\\\/\\\/aleasoft.com\\\/#website\"},\"primaryImageOfPage\":{\"@id\":\"https:\\\/\\\/aleasoft.com\\\/es\\\/subasta-renovables-electrointensivos-primer-trimestre-2023\\\/#primaryimage\"},\"image\":{\"@id\":\"https:\\\/\\\/aleasoft.com\\\/es\\\/subasta-renovables-electrointensivos-primer-trimestre-2023\\\/#primaryimage\"},\"thumbnailUrl\":\"https:\\\/\\\/aleasoft.com\\\/wp-content\\\/uploads\\\/2022\\\/09\\\/20220916-AleaSoft-Industria-electrointensiva-scaled.jpg\",\"datePublished\":\"2022-09-16T12:02:38+00:00\",\"dateModified\":\"2022-09-16T12:02:40+00:00\",\"description\":\"La situaci\u00f3n de los consumidores electrointensivos en medio de la crisis energ\u00e9tica es muy delicada.\",\"breadcrumb\":{\"@id\":\"https:\\\/\\\/aleasoft.com\\\/es\\\/subasta-renovables-electrointensivos-primer-trimestre-2023\\\/#breadcrumb\"},\"inLanguage\":\"es\",\"potentialAction\":[{\"@type\":\"ReadAction\",\"target\":[\"https:\\\/\\\/aleasoft.com\\\/es\\\/subasta-renovables-electrointensivos-primer-trimestre-2023\\\/\"]}]},{\"@type\":\"ImageObject\",\"inLanguage\":\"es\",\"@id\":\"https:\\\/\\\/aleasoft.com\\\/es\\\/subasta-renovables-electrointensivos-primer-trimestre-2023\\\/#primaryimage\",\"url\":\"https:\\\/\\\/aleasoft.com\\\/wp-content\\\/uploads\\\/2022\\\/09\\\/20220916-AleaSoft-Industria-electrointensiva-scaled.jpg\",\"contentUrl\":\"https:\\\/\\\/aleasoft.com\\\/wp-content\\\/uploads\\\/2022\\\/09\\\/20220916-AleaSoft-Industria-electrointensiva-scaled.jpg\",\"width\":2560,\"height\":1049},{\"@type\":\"BreadcrumbList\",\"@id\":\"https:\\\/\\\/aleasoft.com\\\/es\\\/subasta-renovables-electrointensivos-primer-trimestre-2023\\\/#breadcrumb\",\"itemListElement\":[{\"@type\":\"ListItem\",\"position\":1,\"name\":\"Home\",\"item\":\"https:\\\/\\\/aleasoft.com\\\/es\\\/\"},{\"@type\":\"ListItem\",\"position\":2,\"name\":\"Las subasta de renovables de los electrointensivos prevista para el primer trimestre de 2023\"}]},{\"@type\":\"WebSite\",\"@id\":\"https:\\\/\\\/aleasoft.com\\\/#website\",\"url\":\"https:\\\/\\\/aleasoft.com\\\/\",\"name\":\"AleaSoft Energy Forecasting\",\"description\":\"Energy Forecasting\",\"publisher\":{\"@id\":\"https:\\\/\\\/aleasoft.com\\\/#organization\"},\"potentialAction\":[{\"@type\":\"SearchAction\",\"target\":{\"@type\":\"EntryPoint\",\"urlTemplate\":\"https:\\\/\\\/aleasoft.com\\\/?s={search_term_string}\"},\"query-input\":{\"@type\":\"PropertyValueSpecification\",\"valueRequired\":true,\"valueName\":\"search_term_string\"}}],\"inLanguage\":\"es\"},{\"@type\":\"Organization\",\"@id\":\"https:\\\/\\\/aleasoft.com\\\/#organization\",\"name\":\"AleaSoft Energy Forecasting\",\"url\":\"https:\\\/\\\/aleasoft.com\\\/\",\"logo\":{\"@type\":\"ImageObject\",\"inLanguage\":\"es\",\"@id\":\"https:\\\/\\\/aleasoft.com\\\/#\\\/schema\\\/logo\\\/image\\\/\",\"url\":\"https:\\\/\\\/aleasoft.com\\\/wp-content\\\/uploads\\\/2020\\\/01\\\/logo-alea-25.svg\",\"contentUrl\":\"https:\\\/\\\/aleasoft.com\\\/wp-content\\\/uploads\\\/2020\\\/01\\\/logo-alea-25.svg\",\"width\":7047,\"height\":1416,\"caption\":\"AleaSoft Energy Forecasting\"},\"image\":{\"@id\":\"https:\\\/\\\/aleasoft.com\\\/#\\\/schema\\\/logo\\\/image\\\/\"},\"sameAs\":[\"https:\\\/\\\/www.facebook.com\\\/AleaSoft\\\/\",\"https:\\\/\\\/x.com\\\/AleaSoftEnergy\",\"https:\\\/\\\/www.linkedin.com\\\/company\\\/aleasoft\\\/\"]},{\"@type\":\"Person\",\"@id\":\"https:\\\/\\\/aleasoft.com\\\/#\\\/schema\\\/person\\\/99ee8b0f2ecbd56ba78005c6b7864d67\",\"name\":\"AleaSoft Energy Forecasting\",\"image\":{\"@type\":\"ImageObject\",\"inLanguage\":\"es\",\"@id\":\"https:\\\/\\\/secure.gravatar.com\\\/avatar\\\/3ce8db70bda469bc8382df5990537888cf96f625c0fde5b0292ff5ab10560f88?s=96&d=mm&r=g\",\"url\":\"https:\\\/\\\/secure.gravatar.com\\\/avatar\\\/3ce8db70bda469bc8382df5990537888cf96f625c0fde5b0292ff5ab10560f88?s=96&d=mm&r=g\",\"contentUrl\":\"https:\\\/\\\/secure.gravatar.com\\\/avatar\\\/3ce8db70bda469bc8382df5990537888cf96f625c0fde5b0292ff5ab10560f88?s=96&d=mm&r=g\",\"caption\":\"AleaSoft Energy Forecasting\"},\"sameAs\":[\"http:\\\/\\\/aleasoft.com\"]}]}<\/script>\n<!-- \/ Yoast SEO Premium plugin. -->","yoast_head_json":{"title":"Las subasta de renovables de los electrointensivos prevista para el primer trimestre de 2023 - AleaSoft Energy Forecasting","description":"La situaci\u00f3n de los consumidores electrointensivos en medio de la crisis energ\u00e9tica es muy delicada.","robots":{"index":"index","follow":"follow","max-snippet":"max-snippet:-1","max-image-preview":"max-image-preview:large","max-video-preview":"max-video-preview:-1"},"canonical":"https:\/\/aleasoft.com\/es\/subasta-renovables-electrointensivos-primer-trimestre-2023\/","og_locale":"es_ES","og_type":"article","og_title":"Las subasta de renovables de los electrointensivos prevista para el primer trimestre de 2023","og_description":"La situaci\u00f3n de los consumidores electrointensivos en medio de la crisis energ\u00e9tica es muy delicada.","og_url":"https:\/\/aleasoft.com\/es\/subasta-renovables-electrointensivos-primer-trimestre-2023\/","og_site_name":"AleaSoft Energy Forecasting","article_publisher":"https:\/\/www.facebook.com\/AleaSoft\/","article_published_time":"2022-09-16T12:02:38+00:00","article_modified_time":"2022-09-16T12:02:40+00:00","og_image":[{"width":2560,"height":1049,"url":"https:\/\/aleasoft.com\/wp-content\/uploads\/2022\/09\/20220916-AleaSoft-Industria-electrointensiva-scaled.jpg","type":"image\/jpeg"}],"author":"AleaSoft Energy Forecasting","twitter_card":"summary_large_image","twitter_creator":"@AleaSoftEnergy","twitter_site":"@AleaSoftEnergy","twitter_misc":{"Escrito por":"AleaSoft Energy Forecasting","Tiempo de lectura":"5 minutos"},"schema":{"@context":"https:\/\/schema.org","@graph":[{"@type":"Article","@id":"https:\/\/aleasoft.com\/es\/subasta-renovables-electrointensivos-primer-trimestre-2023\/#article","isPartOf":{"@id":"https:\/\/aleasoft.com\/es\/subasta-renovables-electrointensivos-primer-trimestre-2023\/"},"author":{"name":"AleaSoft Energy Forecasting","@id":"https:\/\/aleasoft.com\/#\/schema\/person\/99ee8b0f2ecbd56ba78005c6b7864d67"},"headline":"Las subasta de renovables de los electrointensivos prevista para el primer trimestre de 2023","datePublished":"2022-09-16T12:02:38+00:00","dateModified":"2022-09-16T12:02:40+00:00","mainEntityOfPage":{"@id":"https:\/\/aleasoft.com\/es\/subasta-renovables-electrointensivos-primer-trimestre-2023\/"},"wordCount":1095,"publisher":{"@id":"https:\/\/aleasoft.com\/#organization"},"image":{"@id":"https:\/\/aleasoft.com\/es\/subasta-renovables-electrointensivos-primer-trimestre-2023\/#primaryimage"},"thumbnailUrl":"https:\/\/aleasoft.com\/wp-content\/uploads\/2022\/09\/20220916-AleaSoft-Industria-electrointensiva-scaled.jpg","keywords":["an\u00e1lisis de mercados"],"articleSection":["Noticias"],"inLanguage":"es"},{"@type":"WebPage","@id":"https:\/\/aleasoft.com\/es\/subasta-renovables-electrointensivos-primer-trimestre-2023\/","url":"https:\/\/aleasoft.com\/es\/subasta-renovables-electrointensivos-primer-trimestre-2023\/","name":"Las subasta de renovables de los electrointensivos prevista para el primer trimestre de 2023 - AleaSoft Energy Forecasting","isPartOf":{"@id":"https:\/\/aleasoft.com\/#website"},"primaryImageOfPage":{"@id":"https:\/\/aleasoft.com\/es\/subasta-renovables-electrointensivos-primer-trimestre-2023\/#primaryimage"},"image":{"@id":"https:\/\/aleasoft.com\/es\/subasta-renovables-electrointensivos-primer-trimestre-2023\/#primaryimage"},"thumbnailUrl":"https:\/\/aleasoft.com\/wp-content\/uploads\/2022\/09\/20220916-AleaSoft-Industria-electrointensiva-scaled.jpg","datePublished":"2022-09-16T12:02:38+00:00","dateModified":"2022-09-16T12:02:40+00:00","description":"La situaci\u00f3n de los consumidores electrointensivos en medio de la crisis energ\u00e9tica es muy delicada.","breadcrumb":{"@id":"https:\/\/aleasoft.com\/es\/subasta-renovables-electrointensivos-primer-trimestre-2023\/#breadcrumb"},"inLanguage":"es","potentialAction":[{"@type":"ReadAction","target":["https:\/\/aleasoft.com\/es\/subasta-renovables-electrointensivos-primer-trimestre-2023\/"]}]},{"@type":"ImageObject","inLanguage":"es","@id":"https:\/\/aleasoft.com\/es\/subasta-renovables-electrointensivos-primer-trimestre-2023\/#primaryimage","url":"https:\/\/aleasoft.com\/wp-content\/uploads\/2022\/09\/20220916-AleaSoft-Industria-electrointensiva-scaled.jpg","contentUrl":"https:\/\/aleasoft.com\/wp-content\/uploads\/2022\/09\/20220916-AleaSoft-Industria-electrointensiva-scaled.jpg","width":2560,"height":1049},{"@type":"BreadcrumbList","@id":"https:\/\/aleasoft.com\/es\/subasta-renovables-electrointensivos-primer-trimestre-2023\/#breadcrumb","itemListElement":[{"@type":"ListItem","position":1,"name":"Home","item":"https:\/\/aleasoft.com\/es\/"},{"@type":"ListItem","position":2,"name":"Las subasta de renovables de los electrointensivos prevista para el primer trimestre de 2023"}]},{"@type":"WebSite","@id":"https:\/\/aleasoft.com\/#website","url":"https:\/\/aleasoft.com\/","name":"AleaSoft Energy Forecasting","description":"Energy Forecasting","publisher":{"@id":"https:\/\/aleasoft.com\/#organization"},"potentialAction":[{"@type":"SearchAction","target":{"@type":"EntryPoint","urlTemplate":"https:\/\/aleasoft.com\/?s={search_term_string}"},"query-input":{"@type":"PropertyValueSpecification","valueRequired":true,"valueName":"search_term_string"}}],"inLanguage":"es"},{"@type":"Organization","@id":"https:\/\/aleasoft.com\/#organization","name":"AleaSoft Energy Forecasting","url":"https:\/\/aleasoft.com\/","logo":{"@type":"ImageObject","inLanguage":"es","@id":"https:\/\/aleasoft.com\/#\/schema\/logo\/image\/","url":"https:\/\/aleasoft.com\/wp-content\/uploads\/2020\/01\/logo-alea-25.svg","contentUrl":"https:\/\/aleasoft.com\/wp-content\/uploads\/2020\/01\/logo-alea-25.svg","width":7047,"height":1416,"caption":"AleaSoft Energy Forecasting"},"image":{"@id":"https:\/\/aleasoft.com\/#\/schema\/logo\/image\/"},"sameAs":["https:\/\/www.facebook.com\/AleaSoft\/","https:\/\/x.com\/AleaSoftEnergy","https:\/\/www.linkedin.com\/company\/aleasoft\/"]},{"@type":"Person","@id":"https:\/\/aleasoft.com\/#\/schema\/person\/99ee8b0f2ecbd56ba78005c6b7864d67","name":"AleaSoft Energy Forecasting","image":{"@type":"ImageObject","inLanguage":"es","@id":"https:\/\/secure.gravatar.com\/avatar\/3ce8db70bda469bc8382df5990537888cf96f625c0fde5b0292ff5ab10560f88?s=96&d=mm&r=g","url":"https:\/\/secure.gravatar.com\/avatar\/3ce8db70bda469bc8382df5990537888cf96f625c0fde5b0292ff5ab10560f88?s=96&d=mm&r=g","contentUrl":"https:\/\/secure.gravatar.com\/avatar\/3ce8db70bda469bc8382df5990537888cf96f625c0fde5b0292ff5ab10560f88?s=96&d=mm&r=g","caption":"AleaSoft Energy Forecasting"},"sameAs":["http:\/\/aleasoft.com"]}]}},"_links":{"self":[{"href":"https:\/\/aleasoft.com\/es\/wp-json\/wp\/v2\/posts\/129864","targetHints":{"allow":["GET"]}}],"collection":[{"href":"https:\/\/aleasoft.com\/es\/wp-json\/wp\/v2\/posts"}],"about":[{"href":"https:\/\/aleasoft.com\/es\/wp-json\/wp\/v2\/types\/post"}],"author":[{"embeddable":true,"href":"https:\/\/aleasoft.com\/es\/wp-json\/wp\/v2\/users\/1"}],"replies":[{"embeddable":true,"href":"https:\/\/aleasoft.com\/es\/wp-json\/wp\/v2\/comments?post=129864"}],"version-history":[{"count":0,"href":"https:\/\/aleasoft.com\/es\/wp-json\/wp\/v2\/posts\/129864\/revisions"}],"wp:featuredmedia":[{"embeddable":true,"href":"https:\/\/aleasoft.com\/es\/wp-json\/wp\/v2\/media\/129865"}],"wp:attachment":[{"href":"https:\/\/aleasoft.com\/es\/wp-json\/wp\/v2\/media?parent=129864"}],"wp:term":[{"taxonomy":"category","embeddable":true,"href":"https:\/\/aleasoft.com\/es\/wp-json\/wp\/v2\/categories?post=129864"},{"taxonomy":"post_tag","embeddable":true,"href":"https:\/\/aleasoft.com\/es\/wp-json\/wp\/v2\/tags?post=129864"}],"curies":[{"name":"wp","href":"https:\/\/api.w.org\/{rel}","templated":true}]}}