{"id":132737,"date":"2023-03-06T16:35:26","date_gmt":"2023-03-06T15:35:26","guid":{"rendered":"https:\/\/aleasoft.com\/?p=132737"},"modified":"2023-03-07T10:02:31","modified_gmt":"2023-03-07T09:02:31","slug":"subidas-precios-mercados-electricos-europeos-comienzo-marzo-descenso-temperaturas","status":"publish","type":"post","link":"https:\/\/aleasoft.com\/es\/subidas-precios-mercados-electricos-europeos-comienzo-marzo-descenso-temperaturas\/","title":{"rendered":"Subidas de precios en los mercados el\u00e9ctricos europeos en el comienzo de marzo por descenso de temperaturas"},"content":{"rendered":"<p><strong>AleaSoft Energy Forecasting, 6 de marzo de 2023. En la primera semana de marzo, los precios de la mayor\u00eda de mercados el\u00e9ctricos europeos subieron respecto a la semana anterior, influenciados por el incremento de la demanda provocado por el descenso de las temperaturas. En cuanto a la producci\u00f3n fotovoltaica, el 2 de marzo se alcanz\u00f3 un r\u00e9cord en Portugal y el d\u00eda 3 se registr\u00f3 la m\u00e1s alta en un mes de marzo en Espa\u00f1a. Por otra parte, los futuros de gas alcanzaron el precio m\u00e1s bajo desde agosto de 2021 y los del CO<sub>2<\/sub>, el segundo m\u00e1s alto de la historia.<\/strong><\/p>\n<h2>Producci\u00f3n solar fotovoltaica y termoel\u00e9ctrica y producci\u00f3n e\u00f3lica<\/h2>\n<p>Durante la primera semana de marzo, la <strong>producci\u00f3n solar<\/strong> aument\u00f3 respecto a la semana anterior en todos los mercados europeos analizados en <strong>AleaSoft Energy Forecasting<\/strong>. La mayor subida fue la del mercado alem\u00e1n, del 48%. En los mercados franc\u00e9s y espa\u00f1ol, los incrementos fueron del 40%, mientras que en el mercado italiano la producci\u00f3n aument\u00f3 un 36%. Por otra parte, el menor incremento en la producci\u00f3n solar, del 11%, se registr\u00f3 en el mercado portugu\u00e9s.<\/p>\n<p>Sin embargo, mientras en el resto de los mercados las producciones diarias m\u00e1ximas semanales fueron las mayores desde septiembre de 2022, en el caso de Portugal, el d\u00eda 2 de marzo se alcanz\u00f3 una producci\u00f3n diaria solar fotovoltaica r\u00e9cord de 11,6&nbsp;GWh. En el caso del mercado espa\u00f1ol, el viernes 3 de marzo se alcanz\u00f3 una producci\u00f3n <strong>solar fotovoltaica<\/strong> de 107&nbsp;GWh, que es la m\u00e1s elevada desde principios de septiembre de 2022 y la m\u00e1s alta registrada en un mes de marzo.<\/p>\n<p>Para la segunda semana de marzo, <a href=\"https:\/\/aleasoft.com\/es\/productos-y-servicios\/previsiones-de-energia-solar\/\">las previsiones de producci\u00f3n solar de <strong>AleaSoft Energy Forecasting<\/strong><\/a> indican que la producci\u00f3n podr\u00eda disminuir en Alemania, Espa\u00f1a e Italia.<\/p>\n<p><div style='margin-top: 20px;margin-bottom: 20px;'><a title='AleaSoft - Produccion solar fotovoltaica termosolar electricidad Europa' href='https:\/\/aleasoft.com\/wp-content\/uploads\/2023\/03\/20230306-AleaSoft-Produccion-solar-fotovoltaica-termosolar-electricidad-Europa.png'><img class='aligncenter' src='https:\/\/aleasoft.com\/wp-content\/uploads\/2023\/03\/20230306-AleaSoft-Produccion-solar-fotovoltaica-termosolar-electricidad-Europa.png' alt='AleaSoft - Produccion solar fotovoltaica termosolar electricidad Europa' width='740'\/><\/a><span style='font-size: small;'>Fuente: Elaborado por AleaSoft Energy Forecasting con datos de ENTSO-E, RTE, REN, REE y TERNA.<\/span><\/div><br \/>\n<div style='margin-top: 20px;margin-bottom: 20px;'><a title='AleaSoft - Perfil produccion solar fotovoltaica Europa' href='https:\/\/aleasoft.com\/wp-content\/uploads\/2023\/03\/20230306-AleaSoft-Perfil-produccion-solar-fotovoltaica-Europa.png'><img class='aligncenter' src='https:\/\/aleasoft.com\/wp-content\/uploads\/2023\/03\/20230306-AleaSoft-Perfil-produccion-solar-fotovoltaica-Europa.png' alt='AleaSoft - Perfil produccion solar fotovoltaica Europa' width='740'\/><\/a><span style='font-size: small;'>Fuente: Elaborado por AleaSoft Energy Forecasting con datos de ENTSO-E, RTE, REN, REE y TERNA.<\/span><\/div><\/p>\n<p>Durante la semana del 27 de febrero, la <strong>producci\u00f3n e\u00f3lica<\/strong> aument\u00f3 respecto a la semana anterior en casi todos los mercados europeos analizados en <strong>AleaSoft Energy Forecasting<\/strong>. La mayor subida, del 49%, fue la del mercado espa\u00f1ol, seguida por la del mercado franc\u00e9s, del 21%. En cambio, los menores aumentos, del 1,7% y el 4,5%, correspondieron a los mercados de Italia y Portugal, respectivamente. Por otra parte, la producci\u00f3n con esta tecnolog\u00eda disminuy\u00f3 en Alemania en un 48%.<\/p>\n<p>Para la semana del 6 de marzo, <a href=\"https:\/\/aleasoft.com\/es\/productos-y-servicios\/previsiones-energia-eolica\/\">las previsiones de producci\u00f3n e\u00f3lica de <strong>AleaSoft Energy Forecasting<\/strong><\/a> indican que la producci\u00f3n podr\u00eda aumentar en la mayor\u00eda de mercados, pero podr\u00edan registrarse descensos en el mercado franc\u00e9s.<\/p>\n<div style='margin-top: 20px;margin-bottom: 20px;'><a title='AleaSoft - Produccion eolica electricidad Europa' href='https:\/\/aleasoft.com\/wp-content\/uploads\/2023\/03\/20230306-AleaSoft-Produccion-eolica-electricidad-Europa.png'><img class='aligncenter' src='https:\/\/aleasoft.com\/wp-content\/uploads\/2023\/03\/20230306-AleaSoft-Produccion-eolica-electricidad-Europa.png' alt='AleaSoft - Produccion eolica electricidad Europa' width='740'\/><\/a><span style='font-size: small;'>Fuente: Elaborado por AleaSoft Energy Forecasting con datos de ENTSO-E, RTE, REN, REE y TERNA.<\/span><\/div>\n<h2>Demanda el\u00e9ctrica<\/h2>\n<p>En la semana del 27 de febrero, la <strong>demanda el\u00e9ctrica<\/strong> aument\u00f3 en casi todos los mercados europeos analizados en <strong>AleaSoft Energy Forecasting<\/strong> respecto a la semana anterior. La excepci\u00f3n fue el mercado neerland\u00e9s, con un descenso del 3,9%. Por otra parte, el mayor incremento, del 13%, se registr\u00f3 en el mercado franc\u00e9s. En el resto de los mercados, la demanda aument\u00f3 entre el 1,9% del mercado alem\u00e1n y el 7,7% del mercado brit\u00e1nico.<\/p>\n<p>En la primera semana de marzo, el descenso generalizado de las temperaturas medias contribuy\u00f3 al aumento de la demanda el\u00e9ctrica en los mercados europeos.<\/p>\n<p>Para la semana del 6 de marzo, seg\u00fan las <a href=\"https:\/\/aleasoft.com\/es\/productos-y-servicios\/previsiones-de-la-demanda-de-energia\/\">previsiones de demanda realizadas por <strong>AleaSoft Energy Forecasting<\/strong><\/a>, se esperan descensos en la mayor\u00eda de los mercados europeos, influenciados por la subida de las temperaturas medias.<\/p>\n<div style='margin-top: 20px;margin-bottom: 20px;'><a title='AleaSoft - Demanda electricidad paises Europa' href='https:\/\/aleasoft.com\/wp-content\/uploads\/2023\/03\/20230306-AleaSoft-Demanda-electricidad-paises-Europa.png'><img class='aligncenter' src='https:\/\/aleasoft.com\/wp-content\/uploads\/2023\/03\/20230306-AleaSoft-Demanda-electricidad-paises-Europa.png' alt='AleaSoft - Demanda electricidad paises Europa' width='740'\/><\/a><span style='font-size: small;'>Fuente: Elaborado por AleaSoft Energy Forecasting con datos de ENTSO-E, RTE, REN, REE, TERNA, National Grid y ELIA.<\/span><\/div>\n<h2>Mercados el\u00e9ctricos europeos<\/h2>\n<p>En la semana del 27 de febrero, los precios de la mayor\u00eda de mercados el\u00e9ctricos europeos analizados en <strong>AleaSoft Energy Forecasting<\/strong> aumentaron respecto a la semana anterior. Las excepciones fueron el <strong>mercado MIBEL<\/strong> de Portugal y el <strong>mercado Nord&nbsp;Pool<\/strong> de los pa\u00edses n\u00f3rdicos, con descensos del 0,5% y el 3,5%, respectivamente. Por otra parte, la mayor subida de precios, del 22%, fue la del<strong> mercado EPEX&nbsp;SPOT<\/strong> de Alemania. En el resto de los mercados, los aumentos estuvieron entre el 2,2% del mercado MIBEL de Espa\u00f1a y el 9,3% del mercado EPEX&nbsp;SPOT de Francia.<\/p>\n<p>En la primera semana de marzo, el precio promedio m\u00e1s elevado, de 160,35&nbsp;\u20ac\/MWh, fue el del <strong>mercado IPEX <\/strong>de Italia, seguido por los promedios del mercado franc\u00e9s y del<strong> mercado N2EX<\/strong> del Reino Unido, de 154,98&nbsp;\u20ac\/MWh y 154,06&nbsp;\u20ac\/MWh, respectivamente. Por otra parte, el menor promedio semanal fue el del mercado n\u00f3rdico, de 77,12&nbsp;\u20ac\/MWh. En el resto de los mercados analizados, los precios se situaron entre los 133,97&nbsp;\u20ac\/MWh del mercado neerland\u00e9s y los 144,08&nbsp;\u20ac\/MWh del mercado belga.<\/p>\n<p>Por lo que respecta a los precios horarios, el lunes 6 de marzo, de 18:00 a 19:00, se alcanz\u00f3 un precio de 180,13&nbsp;\u20ac\/MWh en el mercado Nord&nbsp;Pool, el m\u00e1s alto de este mercado desde diciembre de 2022. En el mercado n\u00f3rdico, el precio promedio del d\u00eda 6 de marzo, de 137,68&nbsp;\u20ac\/MWh, tambi\u00e9n fue el m\u00e1s alto desde diciembre de 2022.<\/p>\n<p>Durante la semana del 27 de febrero, el aumento de la demanda el\u00e9ctrica en casi todos los mercados europeos propici\u00f3 la subida de los precios en la mayor\u00eda de los mercados analizados, pese al descenso de los precios del gas y de los derechos de emisi\u00f3n de CO<sub>2<\/sub> respecto a la semana anterior. En el caso del mercado alem\u00e1n, la ca\u00edda de la producci\u00f3n e\u00f3lica tambi\u00e9n contribuy\u00f3 a este comportamiento.<\/p>\n<div style='margin-top: 20px;margin-bottom: 20px;'><a title='AleaSoft - Solar panels renewable energies' href='https:\/\/aleasoft.com\/wp-content\/uploads\/2020\/07\/20200707-AleaSoft-Solar-panels-renewable-energies-scaled.jpg'><img class='aligncenter' src='https:\/\/aleasoft.com\/wp-content\/uploads\/2020\/07\/20200707-AleaSoft-Solar-panels-renewable-energies-scaled.jpg' alt='AleaSoft - Solar panels renewable energies' width='740'\/><\/a><\/div>\n<p><a href=\"https:\/\/aleasoft.com\/es\/productos-y-servicios\/previsiones-de-precios-de-energia\/\">Las previsiones de precios de <strong>AleaSoft Energy Forecasting<\/strong><\/a> indican que en la segunda semana de marzo los precios podr\u00edan bajar en los mercados el\u00e9ctricos europeos, influenciados por el descenso de la demanda y el incremento de la producci\u00f3n e\u00f3lica en la mayor\u00eda de los mercados analizados.<\/p>\n<div style='margin-top: 20px;margin-bottom: 20px;'><a title='AleaSoft - Precios mercados europeos electricidad' href='https:\/\/aleasoft.com\/wp-content\/uploads\/2023\/03\/20230306-AleaSoft-Precios-mercados-europeos-electricidad.png'><img class='aligncenter' src='https:\/\/aleasoft.com\/wp-content\/uploads\/2023\/03\/20230306-AleaSoft-Precios-mercados-europeos-electricidad.png' alt='AleaSoft - Precios mercados europeos electricidad' width='740'\/><\/a><span style='font-size: small;'>Fuente: Elaborado por AleaSoft Energy Forecasting con datos de OMIE, , Nord Pool y GME.<\/span><\/div>\n<h2>Brent, combustibles y CO<sub>2<\/sub><\/h2>\n<p>El lunes 27 de febrero, los futuros de <strong>petr\u00f3leo Brent<\/strong> para el Front\u2011Month en el <strong>mercado ICE<\/strong> registraron el precio de cierre m\u00ednimo semanal, de 82,45&nbsp;$\/bbl, el cual fue un 1,9% menor al del lunes anterior. El resto de la semana los precios aumentaron hasta alcanzar un precio de cierre de 85,83&nbsp;$\/bbl el viernes 3 de marzo. Este precio fue un 3,2% mayor al del viernes anterior.<\/p>\n<p>Las expectativas sobre la recuperaci\u00f3n de la demanda en China propiciaron el incremento de los precios de los futuros de petr\u00f3leo Brent, pese al incremento de las reservas de crudo estadounidenses. Los incrementos de precios registrados en la primera semana de marzo tambi\u00e9n se vieron influenciados por los planes para recortar las exportaciones rusas este mes.<\/p>\n<p>En cuanto a los futuros de <strong>gas TTF<\/strong> en el mercado ICE para el Front\u2011Month, el lunes 27 de febrero registraron un precio de cierre de 47,30&nbsp;\u20ac\/MWh, el cual fue un 5,2% menor al del lunes anterior. Pese a ello, este fue el precio de cierre m\u00e1ximo semanal. Los siguientes tres d\u00edas, los precios de cierre fueron inferiores a los de los mismos d\u00edas de la semana anterior, pero se mantuvieron por encima de 46&nbsp;\u20ac\/MWh. Sin embargo, el viernes 3 de marzo, los precios bajaron hasta los 44,98&nbsp;\u20ac\/MWh. Este precio de cierre fue un 12% menor al del viernes anterior y el m\u00e1s bajo desde el 24 de agosto de 2021.<\/p>\n<p>Los niveles de las reservas de gas europeas y el suministro de gas natural licuado por v\u00eda mar\u00edtima continuaron propiciando el descenso de los precios de los futuros de gas TTF en la primera semana de marzo. Los pron\u00f3sticos de temperaturas m\u00e1s elevadas y mayor producci\u00f3n e\u00f3lica podr\u00edan ejercer tambi\u00e9n su influencia a la baja sobre los precios en la segunda semana del mes.<\/p>\n<p>Por lo que respecta a los futuros de <strong>derechos de emisi\u00f3n de CO<sub>2<\/sub><\/strong> en el <strong>mercado EEX<\/strong> para el contrato de referencia de diciembre de 2023, el lunes 27 de febrero alcanzaron un precio de cierre de 100,23&nbsp;\u20ac\/t. Este precio fue un 1,9% mayor al del lunes anterior y el segundo m\u00e1s alto de la historia, despu\u00e9s del registrado el 21 de febrero. Sin embargo, el resto de la semana los precios descendieron. Como resultado, el viernes 3 de marzo se alcanz\u00f3 el precio de cierre m\u00ednimo semanal, de 92,18&nbsp;\u20ac\/t, el cual fue un 5,3% menor al del viernes anterior.<\/p>\n<div style='margin-top: 20px;margin-bottom: 20px;'><a title='AleaSoft - Precios gas carbon Brent CO2' href='https:\/\/aleasoft.com\/wp-content\/uploads\/2023\/03\/20230306-AleaSoft-Precios-gas-carbon-Brent-CO2.png'><img class='aligncenter' src='https:\/\/aleasoft.com\/wp-content\/uploads\/2023\/03\/20230306-AleaSoft-Precios-gas-carbon-Brent-CO2.png' alt='AleaSoft - Precios gas carbon Brent CO2' width='740'\/><\/a><span style='font-size: small;'>Fuente: Elaborado por AleaSoft Energy Forecasting con datos de ICE y EEX.<\/span><\/div>\n<h2>An\u00e1lisis de AleaSoft Energy Forecasting sobre las perspectivas de los mercados de energ\u00eda en Europa<\/h2>\n<p>El <a href=\"https:\/\/aleasoft.com\/es\/webinars-sobre-mercados-sector-energia\/perspectivas-mercados-energia-europa-primavera-2023\/\">tercer webinar de 2023<\/a> de la <a href=\"https:\/\/aleasoft.com\/es\/webinars-sobre-mercados-sector-energia\/\">serie de webinars mensuales<\/a> de <strong>AleaSoft Energy Forecasting<\/strong> y <strong>AleaGreen<\/strong> tendr\u00e1 lugar el jueves 16 de marzo. En este webinar, se volver\u00e1 a contar con la participaci\u00f3n de ponentes invitados de <strong>EY<\/strong>. Los temas a analizar en esta ocasi\u00f3n incluyen las perspectivas de los mercados de energ\u00eda europeos para la primavera de 2023, la actualizaci\u00f3n de la regulaci\u00f3n del sector energ\u00e9tico espa\u00f1ol, las perspectivas de la reforma del mercado el\u00e9ctrico de la Uni\u00f3n Europea, la <strong>financiaci\u00f3n de proyectos de energ\u00edas renovables<\/strong>, la importancia de los <a href=\"https:\/\/aleasoft.com\/es\/casos-previsiones\/ppa-y-sinergias\/\"><strong>PPA<\/strong><\/a> y el autoconsumo, as\u00ed como las principales consideraciones a tener en cuenta en la <a href=\"https:\/\/aleasoft.com\/es\/casos-previsiones\/reportes-previsiones-precios-valoracion-carteras-auditorias\/\"><strong>valoraci\u00f3n de carteras<\/strong><\/a>.<\/p>\n<p>Por otra parte, en <strong>AleaSoft Energy Forecasting<\/strong> se ha desarrollado la plataforma online&nbsp;<a href=\"https:\/\/aleasoft.com\/es\/casos-previsiones\/alea-energy-database-aleaapp\/\"><strong>Alea Energy DataBase (AleaApp)<\/strong><\/a>, la cual permite la compilaci\u00f3n, visualizaci\u00f3n y an\u00e1lisis de datos relacionados con los mercados de energ\u00eda. En <strong>Alea Energy DataBase<\/strong>, se puede acceder a datos como los precios y la demanda de los principales mercados el\u00e9ctricos europeos. Adem\u00e1s, en el observatorio de combustibles, hay disponibles series de precios de gas, petr\u00f3leo, carb\u00f3n y derechos de emisi\u00f3n de CO<sub>2<\/sub>. Por otra parte, existe la posibilidad de personalizar la visualizaci\u00f3n de las series temporales, seleccionando el rango de fechas o la granularidad de los datos, entre otras opciones.<\/p>\n<p>Fuente: <strong>AleaSoft Energy Forecasting<\/strong>.<\/p>\n","protected":false},"excerpt":{"rendered":"<p>AleaSoft Energy Forecasting, 6 de marzo de 2023. En la primera semana de marzo, los precios de la mayor\u00eda de mercados el\u00e9ctricos europeos subieron respecto a la semana anterior, influenciados por el incremento de la demanda provocado por el descenso de las temperaturas. En cuanto a la producci\u00f3n fotovoltaica, el 2 de marzo se alcanz\u00f3 [&hellip;]<\/p>\n","protected":false},"author":1,"featured_media":132756,"comment_status":"closed","ping_status":"closed","sticky":false,"template":"","format":"standard","meta":{"footnotes":""},"categories":[568],"tags":[7508],"class_list":["post-132737","post","type-post","status-publish","format-standard","has-post-thumbnail","hentry","category-noticias","tag-analisis-mercados"],"yoast_head":"<!-- This site is optimized with the Yoast SEO Premium plugin v27.4 (Yoast SEO v27.4) - https:\/\/yoast.com\/product\/yoast-seo-premium-wordpress\/ -->\n<title>Subidas de precios en los mercados el\u00e9ctricos europeos en el comienzo de marzo por descenso de temperaturas - AleaSoft Energy Forecasting<\/title>\n<meta name=\"description\" content=\"En la primera semana de marzo, los precios de la mayor\u00eda de mercados el\u00e9ctricos europeos subieron respecto a la semana anterior, influenciados por el incremento de la demanda provocado por el descenso de las temperaturas.\" \/>\n<meta name=\"robots\" content=\"index, follow, max-snippet:-1, max-image-preview:large, max-video-preview:-1\" \/>\n<link rel=\"canonical\" href=\"https:\/\/aleasoft.com\/es\/subidas-precios-mercados-electricos-europeos-comienzo-marzo-descenso-temperaturas\/\" \/>\n<meta property=\"og:locale\" content=\"es_ES\" \/>\n<meta property=\"og:type\" content=\"article\" \/>\n<meta property=\"og:title\" content=\"Subidas de precios en los mercados el\u00e9ctricos europeos en el comienzo de marzo por descenso de temperaturas\" \/>\n<meta property=\"og:description\" content=\"En la primera semana de marzo, los precios de la mayor\u00eda de mercados el\u00e9ctricos europeos subieron respecto a la semana anterior, influenciados por el incremento de la demanda provocado por el descenso de las temperaturas.\" \/>\n<meta property=\"og:url\" content=\"https:\/\/aleasoft.com\/es\/subidas-precios-mercados-electricos-europeos-comienzo-marzo-descenso-temperaturas\/\" \/>\n<meta property=\"og:site_name\" content=\"AleaSoft Energy Forecasting\" \/>\n<meta property=\"article:publisher\" content=\"https:\/\/www.facebook.com\/AleaSoft\/\" \/>\n<meta property=\"article:published_time\" content=\"2023-03-06T15:35:26+00:00\" \/>\n<meta property=\"article:modified_time\" content=\"2023-03-07T09:02:31+00:00\" \/>\n<meta property=\"og:image\" content=\"https:\/\/aleasoft.com\/wp-content\/uploads\/2023\/03\/20230306-AleaSoft-Precios-mercados-europeos-electricidad.png\" \/>\n\t<meta property=\"og:image:width\" content=\"2282\" \/>\n\t<meta property=\"og:image:height\" content=\"1589\" \/>\n\t<meta property=\"og:image:type\" content=\"image\/png\" \/>\n<meta name=\"author\" content=\"AleaSoft Energy Forecasting\" \/>\n<meta name=\"twitter:card\" content=\"summary_large_image\" \/>\n<meta name=\"twitter:creator\" content=\"@AleaSoftEnergy\" \/>\n<meta name=\"twitter:site\" content=\"@AleaSoftEnergy\" \/>\n<meta name=\"twitter:label1\" content=\"Escrito por\" \/>\n\t<meta name=\"twitter:data1\" content=\"AleaSoft Energy Forecasting\" \/>\n\t<meta name=\"twitter:label2\" content=\"Tiempo de lectura\" \/>\n\t<meta name=\"twitter:data2\" content=\"8 minutos\" \/>\n<script type=\"application\/ld+json\" class=\"yoast-schema-graph\">{\"@context\":\"https:\\\/\\\/schema.org\",\"@graph\":[{\"@type\":\"Article\",\"@id\":\"https:\\\/\\\/aleasoft.com\\\/es\\\/subidas-precios-mercados-electricos-europeos-comienzo-marzo-descenso-temperaturas\\\/#article\",\"isPartOf\":{\"@id\":\"https:\\\/\\\/aleasoft.com\\\/es\\\/subidas-precios-mercados-electricos-europeos-comienzo-marzo-descenso-temperaturas\\\/\"},\"author\":{\"name\":\"AleaSoft Energy Forecasting\",\"@id\":\"https:\\\/\\\/aleasoft.com\\\/#\\\/schema\\\/person\\\/99ee8b0f2ecbd56ba78005c6b7864d67\"},\"headline\":\"Subidas de precios en los mercados el\u00e9ctricos europeos en el comienzo de marzo por descenso de temperaturas\",\"datePublished\":\"2023-03-06T15:35:26+00:00\",\"dateModified\":\"2023-03-07T09:02:31+00:00\",\"mainEntityOfPage\":{\"@id\":\"https:\\\/\\\/aleasoft.com\\\/es\\\/subidas-precios-mercados-electricos-europeos-comienzo-marzo-descenso-temperaturas\\\/\"},\"wordCount\":1810,\"publisher\":{\"@id\":\"https:\\\/\\\/aleasoft.com\\\/#organization\"},\"image\":{\"@id\":\"https:\\\/\\\/aleasoft.com\\\/es\\\/subidas-precios-mercados-electricos-europeos-comienzo-marzo-descenso-temperaturas\\\/#primaryimage\"},\"thumbnailUrl\":\"https:\\\/\\\/aleasoft.com\\\/wp-content\\\/uploads\\\/2023\\\/03\\\/20230306-AleaSoft-Precios-mercados-europeos-electricidad.png\",\"keywords\":[\"an\u00e1lisis de mercados\"],\"articleSection\":[\"Noticias\"],\"inLanguage\":\"es\"},{\"@type\":\"WebPage\",\"@id\":\"https:\\\/\\\/aleasoft.com\\\/es\\\/subidas-precios-mercados-electricos-europeos-comienzo-marzo-descenso-temperaturas\\\/\",\"url\":\"https:\\\/\\\/aleasoft.com\\\/es\\\/subidas-precios-mercados-electricos-europeos-comienzo-marzo-descenso-temperaturas\\\/\",\"name\":\"Subidas de precios en los mercados el\u00e9ctricos europeos en el comienzo de marzo por descenso de temperaturas - AleaSoft Energy Forecasting\",\"isPartOf\":{\"@id\":\"https:\\\/\\\/aleasoft.com\\\/#website\"},\"primaryImageOfPage\":{\"@id\":\"https:\\\/\\\/aleasoft.com\\\/es\\\/subidas-precios-mercados-electricos-europeos-comienzo-marzo-descenso-temperaturas\\\/#primaryimage\"},\"image\":{\"@id\":\"https:\\\/\\\/aleasoft.com\\\/es\\\/subidas-precios-mercados-electricos-europeos-comienzo-marzo-descenso-temperaturas\\\/#primaryimage\"},\"thumbnailUrl\":\"https:\\\/\\\/aleasoft.com\\\/wp-content\\\/uploads\\\/2023\\\/03\\\/20230306-AleaSoft-Precios-mercados-europeos-electricidad.png\",\"datePublished\":\"2023-03-06T15:35:26+00:00\",\"dateModified\":\"2023-03-07T09:02:31+00:00\",\"description\":\"En la primera semana de marzo, los precios de la mayor\u00eda de mercados el\u00e9ctricos europeos subieron respecto a la semana anterior, influenciados por el incremento de la demanda provocado por el descenso de las temperaturas.\",\"breadcrumb\":{\"@id\":\"https:\\\/\\\/aleasoft.com\\\/es\\\/subidas-precios-mercados-electricos-europeos-comienzo-marzo-descenso-temperaturas\\\/#breadcrumb\"},\"inLanguage\":\"es\",\"potentialAction\":[{\"@type\":\"ReadAction\",\"target\":[\"https:\\\/\\\/aleasoft.com\\\/es\\\/subidas-precios-mercados-electricos-europeos-comienzo-marzo-descenso-temperaturas\\\/\"]}]},{\"@type\":\"ImageObject\",\"inLanguage\":\"es\",\"@id\":\"https:\\\/\\\/aleasoft.com\\\/es\\\/subidas-precios-mercados-electricos-europeos-comienzo-marzo-descenso-temperaturas\\\/#primaryimage\",\"url\":\"https:\\\/\\\/aleasoft.com\\\/wp-content\\\/uploads\\\/2023\\\/03\\\/20230306-AleaSoft-Precios-mercados-europeos-electricidad.png\",\"contentUrl\":\"https:\\\/\\\/aleasoft.com\\\/wp-content\\\/uploads\\\/2023\\\/03\\\/20230306-AleaSoft-Precios-mercados-europeos-electricidad.png\",\"width\":2048,\"height\":1426},{\"@type\":\"BreadcrumbList\",\"@id\":\"https:\\\/\\\/aleasoft.com\\\/es\\\/subidas-precios-mercados-electricos-europeos-comienzo-marzo-descenso-temperaturas\\\/#breadcrumb\",\"itemListElement\":[{\"@type\":\"ListItem\",\"position\":1,\"name\":\"Home\",\"item\":\"https:\\\/\\\/aleasoft.com\\\/es\\\/\"},{\"@type\":\"ListItem\",\"position\":2,\"name\":\"Subidas de precios en los mercados el\u00e9ctricos europeos en el comienzo de marzo por descenso de temperaturas\"}]},{\"@type\":\"WebSite\",\"@id\":\"https:\\\/\\\/aleasoft.com\\\/#website\",\"url\":\"https:\\\/\\\/aleasoft.com\\\/\",\"name\":\"AleaSoft Energy Forecasting\",\"description\":\"Energy Forecasting\",\"publisher\":{\"@id\":\"https:\\\/\\\/aleasoft.com\\\/#organization\"},\"potentialAction\":[{\"@type\":\"SearchAction\",\"target\":{\"@type\":\"EntryPoint\",\"urlTemplate\":\"https:\\\/\\\/aleasoft.com\\\/?s={search_term_string}\"},\"query-input\":{\"@type\":\"PropertyValueSpecification\",\"valueRequired\":true,\"valueName\":\"search_term_string\"}}],\"inLanguage\":\"es\"},{\"@type\":\"Organization\",\"@id\":\"https:\\\/\\\/aleasoft.com\\\/#organization\",\"name\":\"AleaSoft Energy Forecasting\",\"url\":\"https:\\\/\\\/aleasoft.com\\\/\",\"logo\":{\"@type\":\"ImageObject\",\"inLanguage\":\"es\",\"@id\":\"https:\\\/\\\/aleasoft.com\\\/#\\\/schema\\\/logo\\\/image\\\/\",\"url\":\"https:\\\/\\\/aleasoft.com\\\/wp-content\\\/uploads\\\/2020\\\/01\\\/logo-alea-25.svg\",\"contentUrl\":\"https:\\\/\\\/aleasoft.com\\\/wp-content\\\/uploads\\\/2020\\\/01\\\/logo-alea-25.svg\",\"width\":7047,\"height\":1416,\"caption\":\"AleaSoft Energy Forecasting\"},\"image\":{\"@id\":\"https:\\\/\\\/aleasoft.com\\\/#\\\/schema\\\/logo\\\/image\\\/\"},\"sameAs\":[\"https:\\\/\\\/www.facebook.com\\\/AleaSoft\\\/\",\"https:\\\/\\\/x.com\\\/AleaSoftEnergy\",\"https:\\\/\\\/www.linkedin.com\\\/company\\\/aleasoft\\\/\"]},{\"@type\":\"Person\",\"@id\":\"https:\\\/\\\/aleasoft.com\\\/#\\\/schema\\\/person\\\/99ee8b0f2ecbd56ba78005c6b7864d67\",\"name\":\"AleaSoft Energy Forecasting\",\"image\":{\"@type\":\"ImageObject\",\"inLanguage\":\"es\",\"@id\":\"https:\\\/\\\/secure.gravatar.com\\\/avatar\\\/3ce8db70bda469bc8382df5990537888cf96f625c0fde5b0292ff5ab10560f88?s=96&d=mm&r=g\",\"url\":\"https:\\\/\\\/secure.gravatar.com\\\/avatar\\\/3ce8db70bda469bc8382df5990537888cf96f625c0fde5b0292ff5ab10560f88?s=96&d=mm&r=g\",\"contentUrl\":\"https:\\\/\\\/secure.gravatar.com\\\/avatar\\\/3ce8db70bda469bc8382df5990537888cf96f625c0fde5b0292ff5ab10560f88?s=96&d=mm&r=g\",\"caption\":\"AleaSoft Energy Forecasting\"},\"sameAs\":[\"http:\\\/\\\/aleasoft.com\"]}]}<\/script>\n<!-- \/ Yoast SEO Premium plugin. -->","yoast_head_json":{"title":"Subidas de precios en los mercados el\u00e9ctricos europeos en el comienzo de marzo por descenso de temperaturas - AleaSoft Energy Forecasting","description":"En la primera semana de marzo, los precios de la mayor\u00eda de mercados el\u00e9ctricos europeos subieron respecto a la semana anterior, influenciados por el incremento de la demanda provocado por el descenso de las temperaturas.","robots":{"index":"index","follow":"follow","max-snippet":"max-snippet:-1","max-image-preview":"max-image-preview:large","max-video-preview":"max-video-preview:-1"},"canonical":"https:\/\/aleasoft.com\/es\/subidas-precios-mercados-electricos-europeos-comienzo-marzo-descenso-temperaturas\/","og_locale":"es_ES","og_type":"article","og_title":"Subidas de precios en los mercados el\u00e9ctricos europeos en el comienzo de marzo por descenso de temperaturas","og_description":"En la primera semana de marzo, los precios de la mayor\u00eda de mercados el\u00e9ctricos europeos subieron respecto a la semana anterior, influenciados por el incremento de la demanda provocado por el descenso de las temperaturas.","og_url":"https:\/\/aleasoft.com\/es\/subidas-precios-mercados-electricos-europeos-comienzo-marzo-descenso-temperaturas\/","og_site_name":"AleaSoft Energy Forecasting","article_publisher":"https:\/\/www.facebook.com\/AleaSoft\/","article_published_time":"2023-03-06T15:35:26+00:00","article_modified_time":"2023-03-07T09:02:31+00:00","og_image":[{"width":2282,"height":1589,"url":"https:\/\/aleasoft.com\/wp-content\/uploads\/2023\/03\/20230306-AleaSoft-Precios-mercados-europeos-electricidad.png","type":"image\/png"}],"author":"AleaSoft Energy Forecasting","twitter_card":"summary_large_image","twitter_creator":"@AleaSoftEnergy","twitter_site":"@AleaSoftEnergy","twitter_misc":{"Escrito por":"AleaSoft Energy Forecasting","Tiempo de lectura":"8 minutos"},"schema":{"@context":"https:\/\/schema.org","@graph":[{"@type":"Article","@id":"https:\/\/aleasoft.com\/es\/subidas-precios-mercados-electricos-europeos-comienzo-marzo-descenso-temperaturas\/#article","isPartOf":{"@id":"https:\/\/aleasoft.com\/es\/subidas-precios-mercados-electricos-europeos-comienzo-marzo-descenso-temperaturas\/"},"author":{"name":"AleaSoft Energy Forecasting","@id":"https:\/\/aleasoft.com\/#\/schema\/person\/99ee8b0f2ecbd56ba78005c6b7864d67"},"headline":"Subidas de precios en los mercados el\u00e9ctricos europeos en el comienzo de marzo por descenso de temperaturas","datePublished":"2023-03-06T15:35:26+00:00","dateModified":"2023-03-07T09:02:31+00:00","mainEntityOfPage":{"@id":"https:\/\/aleasoft.com\/es\/subidas-precios-mercados-electricos-europeos-comienzo-marzo-descenso-temperaturas\/"},"wordCount":1810,"publisher":{"@id":"https:\/\/aleasoft.com\/#organization"},"image":{"@id":"https:\/\/aleasoft.com\/es\/subidas-precios-mercados-electricos-europeos-comienzo-marzo-descenso-temperaturas\/#primaryimage"},"thumbnailUrl":"https:\/\/aleasoft.com\/wp-content\/uploads\/2023\/03\/20230306-AleaSoft-Precios-mercados-europeos-electricidad.png","keywords":["an\u00e1lisis de mercados"],"articleSection":["Noticias"],"inLanguage":"es"},{"@type":"WebPage","@id":"https:\/\/aleasoft.com\/es\/subidas-precios-mercados-electricos-europeos-comienzo-marzo-descenso-temperaturas\/","url":"https:\/\/aleasoft.com\/es\/subidas-precios-mercados-electricos-europeos-comienzo-marzo-descenso-temperaturas\/","name":"Subidas de precios en los mercados el\u00e9ctricos europeos en el comienzo de marzo por descenso de temperaturas - AleaSoft Energy Forecasting","isPartOf":{"@id":"https:\/\/aleasoft.com\/#website"},"primaryImageOfPage":{"@id":"https:\/\/aleasoft.com\/es\/subidas-precios-mercados-electricos-europeos-comienzo-marzo-descenso-temperaturas\/#primaryimage"},"image":{"@id":"https:\/\/aleasoft.com\/es\/subidas-precios-mercados-electricos-europeos-comienzo-marzo-descenso-temperaturas\/#primaryimage"},"thumbnailUrl":"https:\/\/aleasoft.com\/wp-content\/uploads\/2023\/03\/20230306-AleaSoft-Precios-mercados-europeos-electricidad.png","datePublished":"2023-03-06T15:35:26+00:00","dateModified":"2023-03-07T09:02:31+00:00","description":"En la primera semana de marzo, los precios de la mayor\u00eda de mercados el\u00e9ctricos europeos subieron respecto a la semana anterior, influenciados por el incremento de la demanda provocado por el descenso de las temperaturas.","breadcrumb":{"@id":"https:\/\/aleasoft.com\/es\/subidas-precios-mercados-electricos-europeos-comienzo-marzo-descenso-temperaturas\/#breadcrumb"},"inLanguage":"es","potentialAction":[{"@type":"ReadAction","target":["https:\/\/aleasoft.com\/es\/subidas-precios-mercados-electricos-europeos-comienzo-marzo-descenso-temperaturas\/"]}]},{"@type":"ImageObject","inLanguage":"es","@id":"https:\/\/aleasoft.com\/es\/subidas-precios-mercados-electricos-europeos-comienzo-marzo-descenso-temperaturas\/#primaryimage","url":"https:\/\/aleasoft.com\/wp-content\/uploads\/2023\/03\/20230306-AleaSoft-Precios-mercados-europeos-electricidad.png","contentUrl":"https:\/\/aleasoft.com\/wp-content\/uploads\/2023\/03\/20230306-AleaSoft-Precios-mercados-europeos-electricidad.png","width":2048,"height":1426},{"@type":"BreadcrumbList","@id":"https:\/\/aleasoft.com\/es\/subidas-precios-mercados-electricos-europeos-comienzo-marzo-descenso-temperaturas\/#breadcrumb","itemListElement":[{"@type":"ListItem","position":1,"name":"Home","item":"https:\/\/aleasoft.com\/es\/"},{"@type":"ListItem","position":2,"name":"Subidas de precios en los mercados el\u00e9ctricos europeos en el comienzo de marzo por descenso de temperaturas"}]},{"@type":"WebSite","@id":"https:\/\/aleasoft.com\/#website","url":"https:\/\/aleasoft.com\/","name":"AleaSoft Energy Forecasting","description":"Energy Forecasting","publisher":{"@id":"https:\/\/aleasoft.com\/#organization"},"potentialAction":[{"@type":"SearchAction","target":{"@type":"EntryPoint","urlTemplate":"https:\/\/aleasoft.com\/?s={search_term_string}"},"query-input":{"@type":"PropertyValueSpecification","valueRequired":true,"valueName":"search_term_string"}}],"inLanguage":"es"},{"@type":"Organization","@id":"https:\/\/aleasoft.com\/#organization","name":"AleaSoft Energy Forecasting","url":"https:\/\/aleasoft.com\/","logo":{"@type":"ImageObject","inLanguage":"es","@id":"https:\/\/aleasoft.com\/#\/schema\/logo\/image\/","url":"https:\/\/aleasoft.com\/wp-content\/uploads\/2020\/01\/logo-alea-25.svg","contentUrl":"https:\/\/aleasoft.com\/wp-content\/uploads\/2020\/01\/logo-alea-25.svg","width":7047,"height":1416,"caption":"AleaSoft Energy Forecasting"},"image":{"@id":"https:\/\/aleasoft.com\/#\/schema\/logo\/image\/"},"sameAs":["https:\/\/www.facebook.com\/AleaSoft\/","https:\/\/x.com\/AleaSoftEnergy","https:\/\/www.linkedin.com\/company\/aleasoft\/"]},{"@type":"Person","@id":"https:\/\/aleasoft.com\/#\/schema\/person\/99ee8b0f2ecbd56ba78005c6b7864d67","name":"AleaSoft Energy Forecasting","image":{"@type":"ImageObject","inLanguage":"es","@id":"https:\/\/secure.gravatar.com\/avatar\/3ce8db70bda469bc8382df5990537888cf96f625c0fde5b0292ff5ab10560f88?s=96&d=mm&r=g","url":"https:\/\/secure.gravatar.com\/avatar\/3ce8db70bda469bc8382df5990537888cf96f625c0fde5b0292ff5ab10560f88?s=96&d=mm&r=g","contentUrl":"https:\/\/secure.gravatar.com\/avatar\/3ce8db70bda469bc8382df5990537888cf96f625c0fde5b0292ff5ab10560f88?s=96&d=mm&r=g","caption":"AleaSoft Energy Forecasting"},"sameAs":["http:\/\/aleasoft.com"]}]}},"_links":{"self":[{"href":"https:\/\/aleasoft.com\/es\/wp-json\/wp\/v2\/posts\/132737","targetHints":{"allow":["GET"]}}],"collection":[{"href":"https:\/\/aleasoft.com\/es\/wp-json\/wp\/v2\/posts"}],"about":[{"href":"https:\/\/aleasoft.com\/es\/wp-json\/wp\/v2\/types\/post"}],"author":[{"embeddable":true,"href":"https:\/\/aleasoft.com\/es\/wp-json\/wp\/v2\/users\/1"}],"replies":[{"embeddable":true,"href":"https:\/\/aleasoft.com\/es\/wp-json\/wp\/v2\/comments?post=132737"}],"version-history":[{"count":0,"href":"https:\/\/aleasoft.com\/es\/wp-json\/wp\/v2\/posts\/132737\/revisions"}],"wp:featuredmedia":[{"embeddable":true,"href":"https:\/\/aleasoft.com\/es\/wp-json\/wp\/v2\/media\/132756"}],"wp:attachment":[{"href":"https:\/\/aleasoft.com\/es\/wp-json\/wp\/v2\/media?parent=132737"}],"wp:term":[{"taxonomy":"category","embeddable":true,"href":"https:\/\/aleasoft.com\/es\/wp-json\/wp\/v2\/categories?post=132737"},{"taxonomy":"post_tag","embeddable":true,"href":"https:\/\/aleasoft.com\/es\/wp-json\/wp\/v2\/tags?post=132737"}],"curies":[{"name":"wp","href":"https:\/\/api.w.org\/{rel}","templated":true}]}}