{"id":135490,"date":"2023-07-10T14:35:42","date_gmt":"2023-07-10T12:35:42","guid":{"rendered":"https:\/\/aleasoft.com\/?p=135490"},"modified":"2023-07-10T14:35:48","modified_gmt":"2023-07-10T12:35:48","slug":"fotovoltaica-eolica-comenzaron-julio-marcando-records-portugal-alemania","status":"publish","type":"post","link":"https:\/\/aleasoft.com\/es\/fotovoltaica-eolica-comenzaron-julio-marcando-records-portugal-alemania\/","title":{"rendered":"La fotovoltaica y la e\u00f3lica comenzaron julio marcando r\u00e9cords en Portugal y Alemania"},"content":{"rendered":"<p><strong>AleaSoft Energy Forecasting, 10 de julio de 2023. En la primera semana de julio la fotovoltaica registr\u00f3 r\u00e9cords de producci\u00f3n diaria en Portugal y Alemania. Tambi\u00e9n en Alemania se registr\u00f3 la producci\u00f3n e\u00f3lica diaria m\u00e1s alta para un mes de julio. Sin embargo, aunque la producci\u00f3n solar aument\u00f3 en todos los mercados, la e\u00f3lica registr\u00f3 descensos en la mayor\u00eda, lo que propici\u00f3 el aumento de los precios de los mercados europeos, una tendencia que tambi\u00e9n estuvo favorecida por el aumento de las temperaturas, y con ellas de la demanda de varios mercados.<\/strong><\/p>\n<h2>Producci\u00f3n solar fotovoltaica y termoel\u00e9ctrica y producci\u00f3n e\u00f3lica<\/h2>\n<p>En la semana del 3 de julio, la <strong>producci\u00f3n solar<\/strong> <strong>fotovoltaica<\/strong> bati\u00f3 r\u00e9cord diario en los mercados de Portugal y Alemania. El martes 4 de julio en Portugal se registr\u00f3 una generaci\u00f3n de 15,1\u00a0GWh y, en Alemania, la mayor producci\u00f3n solar fotovoltaica hasta la fecha se registr\u00f3 el viernes 7 de julio, con 360\u00a0GWh generados. En estos dos mercados tambi\u00e9n se registraron r\u00e9cords horarios de producci\u00f3n con esta tecnolog\u00eda en la primera semana de julio. En el caso de Portugal, el r\u00e9cord, con 1682\u00a0MWh generados, se alcanz\u00f3 el 4 de julio entre las 13:00 y las 14:00 y, en Alemania, el 7 de julio en la misma franja horaria con 40\u00a0659\u00a0MWh generados.<\/p>\n<p>Comparando la <strong>producci\u00f3n solar<\/strong> de la primera semana de julio con respecto a la semana anterior, se registraron incrementos en todos los principales mercados europeos analizados. El mayor incremento fue en el mercado alem\u00e1n, con un aumento de la producci\u00f3n del 24%, seguido por los mercados de Francia e Italia, con subidas del 10% y 9,5%, respectivamente. En Portugal el aumento fue de un 6,4%, mientras que en Espa\u00f1a se registr\u00f3 el menor incremento, del 0,2%.<\/p>\n<p>Para la semana del 10 de julio, las <a href=\"https:\/\/aleasoft.com\/es\/productos-y-servicios\/previsiones-de-energia-solar\/\">previsiones de producci\u00f3n solar<\/a> de <strong>AleaSoft Energy Forecasting<\/strong> indican que la producci\u00f3n descender\u00e1 en los mercados de Alemania, Portugal y Francia. Por otra parte, se prev\u00e9 una mayor generaci\u00f3n en los mercados de Espa\u00f1a e Italia.<\/p>\n<p><div style='margin-top: 20px;margin-bottom: 20px;'><a title='AleaSoft - Produccion solar fotovoltaica termosolar electricidad Europa' href='https:\/\/aleasoft.com\/wp-content\/uploads\/2023\/07\/20230710-AleaSoft-Produccion-solar-fotovoltaica-termosolar-electricidad-Europa.png'><img class='aligncenter' src='https:\/\/aleasoft.com\/wp-content\/uploads\/2023\/07\/20230710-AleaSoft-Produccion-solar-fotovoltaica-termosolar-electricidad-Europa.png' alt='AleaSoft - Produccion solar fotovoltaica termosolar electricidad Europa' width='740'\/><\/a><span style='font-size: small;'>Fuente: Elaborado por AleaSoft Energy Forecasting con datos de ENTSO-E, RTE, REN, REE y TERNA.<\/span><\/div><br \/>\n<div style='margin-top: 20px;margin-bottom: 20px;'><a title='AleaSoft - Perfil produccion solar fotovoltaica Europa' href='https:\/\/aleasoft.com\/wp-content\/uploads\/2023\/07\/20230710-AleaSoft-Perfil-produccion-solar-fotovoltaica-Europa.png'><img class='aligncenter' src='https:\/\/aleasoft.com\/wp-content\/uploads\/2023\/07\/20230710-AleaSoft-Perfil-produccion-solar-fotovoltaica-Europa.png' alt='AleaSoft - Perfil produccion solar fotovoltaica Europa' width='740'\/><\/a><span style='font-size: small;'>Fuente: Elaborado por AleaSoft Energy Forecasting con datos de ENTSO-E, RTE, REN, REE y TERNA.<\/span><\/div><\/p>\n<p>En la primera semana de julio, la <strong>producci\u00f3n e\u00f3lica<\/strong> aument\u00f3 un 11% en el mercado alem\u00e1n. Adem\u00e1s, en este mercado se registr\u00f3 la mayor producci\u00f3n con esta tecnolog\u00eda en un mes de julio el d\u00eda 5, de 688\u00a0GWh.<\/p>\n<p>Sin embargo, en el resto de los principales mercados europeos analizados, la producci\u00f3n e\u00f3lica disminuy\u00f3 en la semana que comenz\u00f3 el 3 de julio. El mayor descenso se registr\u00f3 en el mercado espa\u00f1ol, el cual fue del 42%, seguido por las bajadas del 32% y 18% en los mercados de Italia y Portugal, respectivamente. En Francia la producci\u00f3n con esta tecnolog\u00eda tuvo una reducci\u00f3n de un 5,4%.<\/p>\n<p>Para la segunda semana de julio, las <a href=\"https:\/\/aleasoft.com\/es\/productos-y-servicios\/previsiones-energia-eolica\/\">previsiones de producci\u00f3n e\u00f3lica<\/a> de <strong>AleaSoft Energy Forecasting<\/strong>, indican descensos en la mayor\u00eda de los mercados analizados, a excepci\u00f3n de los mercados de Espa\u00f1a e Italia.<\/p>\n<div style='margin-top: 20px;margin-bottom: 20px;'><a title='AleaSoft - Produccion eolica electricidad Europa' href='https:\/\/aleasoft.com\/wp-content\/uploads\/2023\/07\/20230710-AleaSoft-Produccion-eolica-electricidad-Europa.png'><img class='aligncenter' src='https:\/\/aleasoft.com\/wp-content\/uploads\/2023\/07\/20230710-AleaSoft-Produccion-eolica-electricidad-Europa.png' alt='AleaSoft - Produccion eolica electricidad Europa' width='740'\/><\/a><span style='font-size: small;'>Fuente: Elaborado por AleaSoft Energy Forecasting con datos de ENTSO-E, RTE, REN, REE y TERNA.<\/span><\/div>\n<h2>Demanda el\u00e9ctrica<\/h2>\n<p>En la primera semana de julio, la <strong>demanda el\u00e9ctrica<\/strong> baj\u00f3 en la mayor\u00eda de los mercados europeos analizados con respecto a la semana anterior. El mayor descenso, del 6,7%, se registr\u00f3 en el mercado de Pa\u00edses Bajos, seguido por las bajadas del 3,3% de Portugal y del 1,0% de Alemania. En los mercados de Espa\u00f1a y Gran Breta\u00f1a la ca\u00edda fue del 0,7% en ambos casos.<\/p>\n<p>Por otro lado, el mayor incremento de la demanda se registr\u00f3 en el mercado franc\u00e9s, la cual fue del 2,3%. En los mercados de B\u00e9lgica e Italia, el aumento de la demanda fue del 0,2% y del 0,1%, respectivamente.<\/p>\n<p>La bajada de la demanda en Portugal coincidi\u00f3 con un descenso de las <strong>temperaturas medias <\/strong>de 0,6\u00a0\u00b0C. As\u00ed mismo, el incremento de la demanda en Francia est\u00e1 relacionado un incremento de las temperaturas medias de 1,0\u00a0\u00b0C. En el resto de los mercados analizados, la temperatura media aument\u00f3 con respecto a la semana anterior, entre los 0,1\u00a0\u00b0C de Espa\u00f1a y Gran Breta\u00f1a y los 0,9\u00a0\u00b0C de Pa\u00edses Bajos.<\/p>\n<p>Para la semana del 10 de julio, seg\u00fan las <a href=\"https:\/\/aleasoft.com\/es\/productos-y-servicios\/previsiones-de-la-demanda-de-energia\/\">previsiones de demanda<\/a> realizadas por <strong>AleaSoft Energy Forecasting<\/strong>, se espera un aumento de la demanda en la mayor\u00eda de los principales mercados europeos analizados excepto en Francia y B\u00e9lgica.<\/p>\n<div style='margin-top: 20px;margin-bottom: 20px;'><a title='AleaSoft - Demanda electricidad paises Europa' href='https:\/\/aleasoft.com\/wp-content\/uploads\/2023\/07\/20230710-AleaSoft-Demanda-electricidad-paises-Europa.png'><img class='aligncenter' src='https:\/\/aleasoft.com\/wp-content\/uploads\/2023\/07\/20230710-AleaSoft-Demanda-electricidad-paises-Europa.png' alt='AleaSoft - Demanda electricidad paises Europa' width='740'\/><\/a><span style='font-size: small;'>Fuente: Elaborado por AleaSoft Energy Forecasting con datos de ENTSO-E, RTE, REN, REE, TERNA, National Grid y ELIA.<\/span><\/div>\n<h2>Mercados el\u00e9ctricos europeos<\/h2>\n<p>En la semana del 3 de julio, los precios de casi todos los mercados el\u00e9ctricos europeos analizados en <strong>AleaSoft Energy Forecasting <\/strong>aumentaron respecto a la semana anterior. La excepci\u00f3n fue el <strong>mercado Nord\u00a0Pool<\/strong> de los pa\u00edses n\u00f3rdicos, con un descenso del 14%. En el caso del <strong>mercado IPEX <\/strong>de Italia, el precio se mantuvo estable con una ligera tendencia al alza, registrando un incremento del 0,7%. Por otra parte, la mayor subida de precios fue la del <strong>mercado MIBEL<\/strong> de Espa\u00f1a, del 20%. En el resto de los mercados, los precios aumentaron entre el 6,6% del <strong>mercado EPEX\u00a0SPOT<\/strong> de B\u00e9lgica y el 18% del mercado EPEX\u00a0SPOT de los Pa\u00edses Bajos.<\/p>\n<p>En la primera semana de julio, los promedios semanales fueron inferiores a 95\u00a0\u20ac\/MWh en la mayor\u00eda de los mercados el\u00e9ctricos europeos. Las excepciones fueron el mercado italiano, con el precio promedio m\u00e1s elevado, de 116,51\u00a0\u20ac\/MWh, y el mercado MIBEL de Espa\u00f1a y Portugal, con promedios de 104,34\u00a0\u20ac\/MWh y 104,95\u00a0\u20ac\/MWh, respectivamente. Por otra parte, el menor promedio semanal fue el del mercado n\u00f3rdico, de 51,27\u00a0\u20ac\/MWh. En el resto de los mercados analizados, los precios se situaron entre los 82,94\u00a0\u20ac\/MWh del mercado neerland\u00e9s y los 94,73\u00a0\u20ac\/MWh del <strong>mercado N2EX<\/strong> del Reino Unido.<\/p>\n<p>Por lo que respecta a los precios horarios, pese al aumento de los promedios semanales, se registraron algunos precios horarios negativos en los mercados europeos. El lunes 3 de julio se registraron precios negativos en los mercados alem\u00e1n, belga y neerland\u00e9s. En el caso de los mercados alem\u00e1n y neerland\u00e9s, tambi\u00e9n se registraron precios negativos el mi\u00e9rcoles 5 de julio. Tambi\u00e9n hubo una hora con precio negativo el s\u00e1bado 8 de julio en los Pa\u00edses Bajos. Este mercado fue el que alcanz\u00f3 el precio horario m\u00e1s bajo, de \u201110,07\u00a0\u20ac\/MWh. Este precio se registr\u00f3 el lunes 3 de julio de 14:00 a 15:00.<\/p>\n<p>Durante la semana del 3 de julio, la ca\u00edda de la producci\u00f3n e\u00f3lica en la mayor\u00eda de los mercados, adem\u00e1s del incremento de la demanda en algunos casos, propiciaron los incrementos de precios de los mercados el\u00e9ctricos europeos, pese al ligero descenso del precio promedio del gas y de los derechos de emisi\u00f3n de CO<sub>2<\/sub> y al incremento de la producci\u00f3n solar.<\/p>\n<div style='margin-top: 20px;margin-bottom: 20px;'><a title='AleaSoft - renovables paneles solares molinos viento' href='https:\/\/aleasoft.com\/wp-content\/uploads\/2020\/06\/20200629-AleaSoft-renovables-paneles-solares-molinos-viento.jpg'><img class='aligncenter' src='https:\/\/aleasoft.com\/wp-content\/uploads\/2020\/06\/20200629-AleaSoft-renovables-paneles-solares-molinos-viento.jpg' alt='AleaSoft - renovables paneles solares molinos viento' width='740'\/><\/a><\/div>\n<p>Las <a href=\"https:\/\/aleasoft.com\/es\/productos-y-servicios\/previsiones-de-precios-de-energia\/\">previsiones de precios<\/a> de <strong>AleaSoft Energy Forecasting<\/strong> indican que en la segunda semana de julio los precios podr\u00edan aumentar en la mayor\u00eda de los mercados el\u00e9ctricos europeos, influenciados por descensos de la producci\u00f3n e\u00f3lica. Sin embargo, los precios del mercado MIBEL podr\u00edan descender debido a un incremento de la producci\u00f3n con esta tecnolog\u00eda en la pen\u00ednsula ib\u00e9rica.<\/p>\n<div style='margin-top: 20px;margin-bottom: 20px;'><a title='AleaSoft - Precios mercados europeos electricidad' href='https:\/\/aleasoft.com\/wp-content\/uploads\/2023\/07\/20230710-AleaSoft-Precios-mercados-europeos-electricidad.png'><img class='aligncenter' src='https:\/\/aleasoft.com\/wp-content\/uploads\/2023\/07\/20230710-AleaSoft-Precios-mercados-europeos-electricidad.png' alt='AleaSoft - Precios mercados europeos electricidad' width='740'\/><\/a><span style='font-size: small;'>Fuente: Elaborado por AleaSoft Energy Forecasting con datos de OMIE, , Nord Pool y GME.<\/span><\/div>\n<h2>Brent, combustibles y CO<sub>2<\/sub><\/h2>\n<p>Los futuros de <strong>petr\u00f3leo Brent<\/strong> para el Front\u2011Month en el <strong>mercado ICE<\/strong>, el lunes 3 de julio registraron el precio de cierre m\u00ednimo semanal, de 74,65\u00a0$\/bbl, el cual fue un 0,6% mayor al del lunes anterior. En la mayor\u00eda de las sesiones de la primera semana de julio los precios de cierre aumentaron. Como resultado, el viernes 7 de julio se alcanz\u00f3 el precio de cierre m\u00e1ximo semanal, de 78,47\u00a0$\/bbl. Este precio fue un 4,8% mayor al del viernes anterior y el m\u00e1s alto desde el 1 de mayo.<\/p>\n<p>Los recortes de producci\u00f3n de la OPEP+ y Arabia Saud\u00ed planificados para el mes de julio ejercieron su influencia al alza sobre los precios en la primera semana del mes. Adem\u00e1s, el anuncio de recortes en las exportaciones rusas y en la producci\u00f3n de Arabia Saud\u00ed a partir de agosto tambi\u00e9n influenci\u00f3 la evoluci\u00f3n de los precios durante la primera semana de julio.<\/p>\n<p>En cuanto a los futuros de <strong>gas TTF<\/strong> en el mercado ICE para el Front\u2011Month, el lunes 3 de julio se registr\u00f3 un precio de cierre de 33,93\u00a0\u20ac\/MWh. Este precio fue un 6,1% mayor al del lunes anterior, pero un 8,6% menor al de la \u00faltima sesi\u00f3n de la semana anterior. El martes 4 de julio se alcanz\u00f3 el precio de cierre m\u00e1ximo semanal, de 35,41\u00a0\u20ac\/MWh. Este precio fue un 2,6% mayor al del martes anterior. Posteriormente, los precios descendieron hasta registrar el precio de cierre m\u00ednimo semanal, de 32,35\u00a0\u20ac\/MWh, el jueves 6 de julio, que fue un 8,1% menor al del jueves anterior. El precio de cierre del viernes 7 de julio fue de 33,48\u00a0\u20ac\/MWh, el cual, pese a ser un 3,5% mayor al del d\u00eda anterior, fue un 9,8% inferior al del viernes de la semana anterior.<\/p>\n<p>Los altos niveles de las reservas europeas y el suministro abundante permitieron el descenso de los precios de los futuros de gas TTF hasta alcanzar el precio de cierre m\u00ednimo semanal el jueves 6 de julio, pese a las labores de mantenimiento en Noruega. Sin embargo, el viernes los precios aumentaron ligeramente, influenciados por el temor a que el suministro de gas natural licuado fuera desviado hacia Asia, donde las altas temperaturas causaron incrementos de la demanda.<\/p>\n<p>Por lo que respecta a los futuros de <strong>derechos de emisi\u00f3n de CO<sub>2<\/sub><\/strong> en el <strong>mercado EEX<\/strong> para el contrato de referencia de diciembre de 2023, el lunes 3 de julio alcanzaron el precio de cierre m\u00e1ximo semanal, de 87,32\u00a0\u20ac\/t. Este precio fue un 1,2% mayor al del lunes anterior. El resto de los d\u00edas de la semana, los precios de cierre fueron ligeramente inferiores, pero se mantuvieron por encima de los 85\u00a0\u20ac\/t. El precio de cierre m\u00ednimo semanal, de 85,81\u00a0\u20ac\/t, se registr\u00f3 el mi\u00e9rcoles 5 de julio y fue un 2,2% menor al del mi\u00e9rcoles anterior.<\/p>\n<div style='margin-top: 20px;margin-bottom: 20px;'><a title='AleaSoft - Precios gas carbon Brent CO2' href='https:\/\/aleasoft.com\/wp-content\/uploads\/2023\/07\/20230710-AleaSoft-Precios-gas-carbon-Brent-CO2.png'><img class='aligncenter' src='https:\/\/aleasoft.com\/wp-content\/uploads\/2023\/07\/20230710-AleaSoft-Precios-gas-carbon-Brent-CO2.png' alt='AleaSoft - Precios gas carbon Brent CO2' width='740'\/><\/a><span style='font-size: small;'>Fuente: Elaborado por AleaSoft Energy Forecasting con datos de ICE y EEX.<\/span><\/div>\n<h2>An\u00e1lisis de AleaSoft Energy Forecasting sobre las perspectivas de los mercados de energ\u00eda en Europa y la financiaci\u00f3n y valoraci\u00f3n de proyectos renovables<\/h2>\n<p>El <a href=\"https:\/\/aleasoft.com\/es\/webinars-sobre-mercados-sector-energia\/perspectivas-mercados-energia-europa-vision-futuro-metodologia-previsiones-largo-plazo-claves-transicion-energetica-julio-2023\/\">pr\u00f3ximo webinar<\/a> de la <a href=\"https:\/\/aleasoft.com\/es\/webinars-sobre-mercados-sector-energia\/\">serie de webinars mensuales<\/a> de <strong>AleaSoft Energy Forecasting<\/strong> y <strong>AleaGreen <\/strong>tendr\u00e1 lugar este jueves, 13 de julio. Los temas a analizar ser\u00e1n la evoluci\u00f3n de los mercados de energ\u00eda, el uso de las <strong>m\u00e9tricas probabil\u00edsticas<\/strong> para la obtenci\u00f3n de <a href=\"https:\/\/aleagreen.aleasoft.com\/\">previsiones de precios de mercados el\u00e9ctricos de largo plazo<\/a>, los principales vectores de la <strong>transici\u00f3n energ\u00e9tica<\/strong> y la <strong>financiaci\u00f3n de proyectos de energ\u00edas renovables<\/strong>. En la mesa de an\u00e1lisis que se realiza en la segunda parte del webinar participar\u00e1n ponentes de <strong>Banco Sabadell<\/strong>, <strong>Ecoener<\/strong> y <strong>Ben Oldman<\/strong>.<\/p>\n<p>Fuente: <strong>AleaSoft Energy Forecasting<\/strong>.<\/p>\n","protected":false},"excerpt":{"rendered":"<p>AleaSoft Energy Forecasting, 10 de julio de 2023. En la primera semana de julio la fotovoltaica registr\u00f3 r\u00e9cords de producci\u00f3n diaria en Portugal y Alemania. Tambi\u00e9n en Alemania se registr\u00f3 la producci\u00f3n e\u00f3lica diaria m\u00e1s alta para un mes de julio. Sin embargo, aunque la producci\u00f3n solar aument\u00f3 en todos los mercados, la e\u00f3lica registr\u00f3 [&hellip;]<\/p>\n","protected":false},"author":1,"featured_media":135509,"comment_status":"closed","ping_status":"closed","sticky":false,"template":"","format":"standard","meta":{"footnotes":""},"categories":[568],"tags":[7508],"class_list":["post-135490","post","type-post","status-publish","format-standard","has-post-thumbnail","hentry","category-noticias","tag-analisis-mercados"],"yoast_head":"<!-- This site is optimized with the Yoast SEO Premium plugin v27.4 (Yoast SEO v27.4) - https:\/\/yoast.com\/product\/yoast-seo-premium-wordpress\/ -->\n<title>La fotovoltaica y la e\u00f3lica comenzaron julio marcando r\u00e9cords en Portugal y Alemania - AleaSoft Energy Forecasting<\/title>\n<meta name=\"robots\" content=\"index, follow, max-snippet:-1, max-image-preview:large, max-video-preview:-1\" \/>\n<link rel=\"canonical\" href=\"https:\/\/aleasoft.com\/es\/fotovoltaica-eolica-comenzaron-julio-marcando-records-portugal-alemania\/\" \/>\n<meta property=\"og:locale\" content=\"es_ES\" \/>\n<meta property=\"og:type\" content=\"article\" \/>\n<meta property=\"og:title\" content=\"La fotovoltaica y la e\u00f3lica comenzaron julio marcando r\u00e9cords en Portugal y Alemania\" \/>\n<meta property=\"og:description\" content=\"AleaSoft Energy Forecasting, 10 de julio de 2023. En la primera semana de julio la fotovoltaica registr\u00f3 r\u00e9cords de producci\u00f3n diaria en Portugal y Alemania. Tambi\u00e9n en Alemania se registr\u00f3 la producci\u00f3n e\u00f3lica diaria m\u00e1s alta para un mes de julio. Sin embargo, aunque la producci\u00f3n solar aument\u00f3 en todos los mercados, la e\u00f3lica registr\u00f3 [&hellip;]\" \/>\n<meta property=\"og:url\" content=\"https:\/\/aleasoft.com\/es\/fotovoltaica-eolica-comenzaron-julio-marcando-records-portugal-alemania\/\" \/>\n<meta property=\"og:site_name\" content=\"AleaSoft Energy Forecasting\" \/>\n<meta property=\"article:publisher\" content=\"https:\/\/www.facebook.com\/AleaSoft\/\" \/>\n<meta property=\"article:published_time\" content=\"2023-07-10T12:35:42+00:00\" \/>\n<meta property=\"article:modified_time\" content=\"2023-07-10T12:35:48+00:00\" \/>\n<meta property=\"og:image\" content=\"https:\/\/aleasoft.com\/wp-content\/uploads\/2023\/07\/20230710-AleaSoft-Precios-mercados-europeos-electricidad.png\" \/>\n\t<meta property=\"og:image:width\" content=\"2282\" \/>\n\t<meta property=\"og:image:height\" content=\"1589\" \/>\n\t<meta property=\"og:image:type\" content=\"image\/png\" \/>\n<meta name=\"author\" content=\"AleaSoft Energy Forecasting\" \/>\n<meta name=\"twitter:card\" content=\"summary_large_image\" \/>\n<meta name=\"twitter:creator\" content=\"@AleaSoftEnergy\" \/>\n<meta name=\"twitter:site\" content=\"@AleaSoftEnergy\" \/>\n<meta name=\"twitter:label1\" content=\"Escrito por\" \/>\n\t<meta name=\"twitter:data1\" content=\"AleaSoft Energy Forecasting\" \/>\n\t<meta name=\"twitter:label2\" content=\"Tiempo de lectura\" \/>\n\t<meta name=\"twitter:data2\" content=\"9 minutos\" \/>\n<script type=\"application\/ld+json\" class=\"yoast-schema-graph\">{\"@context\":\"https:\\\/\\\/schema.org\",\"@graph\":[{\"@type\":\"Article\",\"@id\":\"https:\\\/\\\/aleasoft.com\\\/es\\\/fotovoltaica-eolica-comenzaron-julio-marcando-records-portugal-alemania\\\/#article\",\"isPartOf\":{\"@id\":\"https:\\\/\\\/aleasoft.com\\\/es\\\/fotovoltaica-eolica-comenzaron-julio-marcando-records-portugal-alemania\\\/\"},\"author\":{\"name\":\"AleaSoft Energy Forecasting\",\"@id\":\"https:\\\/\\\/aleasoft.com\\\/#\\\/schema\\\/person\\\/99ee8b0f2ecbd56ba78005c6b7864d67\"},\"headline\":\"La fotovoltaica y la e\u00f3lica comenzaron julio marcando r\u00e9cords en Portugal y Alemania\",\"datePublished\":\"2023-07-10T12:35:42+00:00\",\"dateModified\":\"2023-07-10T12:35:48+00:00\",\"mainEntityOfPage\":{\"@id\":\"https:\\\/\\\/aleasoft.com\\\/es\\\/fotovoltaica-eolica-comenzaron-julio-marcando-records-portugal-alemania\\\/\"},\"wordCount\":1967,\"publisher\":{\"@id\":\"https:\\\/\\\/aleasoft.com\\\/#organization\"},\"image\":{\"@id\":\"https:\\\/\\\/aleasoft.com\\\/es\\\/fotovoltaica-eolica-comenzaron-julio-marcando-records-portugal-alemania\\\/#primaryimage\"},\"thumbnailUrl\":\"https:\\\/\\\/aleasoft.com\\\/wp-content\\\/uploads\\\/2023\\\/07\\\/20230710-AleaSoft-Precios-mercados-europeos-electricidad.png\",\"keywords\":[\"an\u00e1lisis de mercados\"],\"articleSection\":[\"Noticias\"],\"inLanguage\":\"es\"},{\"@type\":\"WebPage\",\"@id\":\"https:\\\/\\\/aleasoft.com\\\/es\\\/fotovoltaica-eolica-comenzaron-julio-marcando-records-portugal-alemania\\\/\",\"url\":\"https:\\\/\\\/aleasoft.com\\\/es\\\/fotovoltaica-eolica-comenzaron-julio-marcando-records-portugal-alemania\\\/\",\"name\":\"La fotovoltaica y la e\u00f3lica comenzaron julio marcando r\u00e9cords en Portugal y Alemania - AleaSoft Energy Forecasting\",\"isPartOf\":{\"@id\":\"https:\\\/\\\/aleasoft.com\\\/#website\"},\"primaryImageOfPage\":{\"@id\":\"https:\\\/\\\/aleasoft.com\\\/es\\\/fotovoltaica-eolica-comenzaron-julio-marcando-records-portugal-alemania\\\/#primaryimage\"},\"image\":{\"@id\":\"https:\\\/\\\/aleasoft.com\\\/es\\\/fotovoltaica-eolica-comenzaron-julio-marcando-records-portugal-alemania\\\/#primaryimage\"},\"thumbnailUrl\":\"https:\\\/\\\/aleasoft.com\\\/wp-content\\\/uploads\\\/2023\\\/07\\\/20230710-AleaSoft-Precios-mercados-europeos-electricidad.png\",\"datePublished\":\"2023-07-10T12:35:42+00:00\",\"dateModified\":\"2023-07-10T12:35:48+00:00\",\"breadcrumb\":{\"@id\":\"https:\\\/\\\/aleasoft.com\\\/es\\\/fotovoltaica-eolica-comenzaron-julio-marcando-records-portugal-alemania\\\/#breadcrumb\"},\"inLanguage\":\"es\",\"potentialAction\":[{\"@type\":\"ReadAction\",\"target\":[\"https:\\\/\\\/aleasoft.com\\\/es\\\/fotovoltaica-eolica-comenzaron-julio-marcando-records-portugal-alemania\\\/\"]}]},{\"@type\":\"ImageObject\",\"inLanguage\":\"es\",\"@id\":\"https:\\\/\\\/aleasoft.com\\\/es\\\/fotovoltaica-eolica-comenzaron-julio-marcando-records-portugal-alemania\\\/#primaryimage\",\"url\":\"https:\\\/\\\/aleasoft.com\\\/wp-content\\\/uploads\\\/2023\\\/07\\\/20230710-AleaSoft-Precios-mercados-europeos-electricidad.png\",\"contentUrl\":\"https:\\\/\\\/aleasoft.com\\\/wp-content\\\/uploads\\\/2023\\\/07\\\/20230710-AleaSoft-Precios-mercados-europeos-electricidad.png\",\"width\":2048,\"height\":1426},{\"@type\":\"BreadcrumbList\",\"@id\":\"https:\\\/\\\/aleasoft.com\\\/es\\\/fotovoltaica-eolica-comenzaron-julio-marcando-records-portugal-alemania\\\/#breadcrumb\",\"itemListElement\":[{\"@type\":\"ListItem\",\"position\":1,\"name\":\"Home\",\"item\":\"https:\\\/\\\/aleasoft.com\\\/es\\\/\"},{\"@type\":\"ListItem\",\"position\":2,\"name\":\"La fotovoltaica y la e\u00f3lica comenzaron julio marcando r\u00e9cords en Portugal y Alemania\"}]},{\"@type\":\"WebSite\",\"@id\":\"https:\\\/\\\/aleasoft.com\\\/#website\",\"url\":\"https:\\\/\\\/aleasoft.com\\\/\",\"name\":\"AleaSoft Energy Forecasting\",\"description\":\"Energy Forecasting\",\"publisher\":{\"@id\":\"https:\\\/\\\/aleasoft.com\\\/#organization\"},\"potentialAction\":[{\"@type\":\"SearchAction\",\"target\":{\"@type\":\"EntryPoint\",\"urlTemplate\":\"https:\\\/\\\/aleasoft.com\\\/?s={search_term_string}\"},\"query-input\":{\"@type\":\"PropertyValueSpecification\",\"valueRequired\":true,\"valueName\":\"search_term_string\"}}],\"inLanguage\":\"es\"},{\"@type\":\"Organization\",\"@id\":\"https:\\\/\\\/aleasoft.com\\\/#organization\",\"name\":\"AleaSoft Energy Forecasting\",\"url\":\"https:\\\/\\\/aleasoft.com\\\/\",\"logo\":{\"@type\":\"ImageObject\",\"inLanguage\":\"es\",\"@id\":\"https:\\\/\\\/aleasoft.com\\\/#\\\/schema\\\/logo\\\/image\\\/\",\"url\":\"https:\\\/\\\/aleasoft.com\\\/wp-content\\\/uploads\\\/2020\\\/01\\\/logo-alea-25.svg\",\"contentUrl\":\"https:\\\/\\\/aleasoft.com\\\/wp-content\\\/uploads\\\/2020\\\/01\\\/logo-alea-25.svg\",\"width\":7047,\"height\":1416,\"caption\":\"AleaSoft Energy Forecasting\"},\"image\":{\"@id\":\"https:\\\/\\\/aleasoft.com\\\/#\\\/schema\\\/logo\\\/image\\\/\"},\"sameAs\":[\"https:\\\/\\\/www.facebook.com\\\/AleaSoft\\\/\",\"https:\\\/\\\/x.com\\\/AleaSoftEnergy\",\"https:\\\/\\\/www.linkedin.com\\\/company\\\/aleasoft\\\/\"]},{\"@type\":\"Person\",\"@id\":\"https:\\\/\\\/aleasoft.com\\\/#\\\/schema\\\/person\\\/99ee8b0f2ecbd56ba78005c6b7864d67\",\"name\":\"AleaSoft Energy Forecasting\",\"image\":{\"@type\":\"ImageObject\",\"inLanguage\":\"es\",\"@id\":\"https:\\\/\\\/secure.gravatar.com\\\/avatar\\\/3ce8db70bda469bc8382df5990537888cf96f625c0fde5b0292ff5ab10560f88?s=96&d=mm&r=g\",\"url\":\"https:\\\/\\\/secure.gravatar.com\\\/avatar\\\/3ce8db70bda469bc8382df5990537888cf96f625c0fde5b0292ff5ab10560f88?s=96&d=mm&r=g\",\"contentUrl\":\"https:\\\/\\\/secure.gravatar.com\\\/avatar\\\/3ce8db70bda469bc8382df5990537888cf96f625c0fde5b0292ff5ab10560f88?s=96&d=mm&r=g\",\"caption\":\"AleaSoft Energy Forecasting\"},\"sameAs\":[\"http:\\\/\\\/aleasoft.com\"]}]}<\/script>\n<!-- \/ Yoast SEO Premium plugin. -->","yoast_head_json":{"title":"La fotovoltaica y la e\u00f3lica comenzaron julio marcando r\u00e9cords en Portugal y Alemania - AleaSoft Energy Forecasting","robots":{"index":"index","follow":"follow","max-snippet":"max-snippet:-1","max-image-preview":"max-image-preview:large","max-video-preview":"max-video-preview:-1"},"canonical":"https:\/\/aleasoft.com\/es\/fotovoltaica-eolica-comenzaron-julio-marcando-records-portugal-alemania\/","og_locale":"es_ES","og_type":"article","og_title":"La fotovoltaica y la e\u00f3lica comenzaron julio marcando r\u00e9cords en Portugal y Alemania","og_description":"AleaSoft Energy Forecasting, 10 de julio de 2023. En la primera semana de julio la fotovoltaica registr\u00f3 r\u00e9cords de producci\u00f3n diaria en Portugal y Alemania. Tambi\u00e9n en Alemania se registr\u00f3 la producci\u00f3n e\u00f3lica diaria m\u00e1s alta para un mes de julio. Sin embargo, aunque la producci\u00f3n solar aument\u00f3 en todos los mercados, la e\u00f3lica registr\u00f3 [&hellip;]","og_url":"https:\/\/aleasoft.com\/es\/fotovoltaica-eolica-comenzaron-julio-marcando-records-portugal-alemania\/","og_site_name":"AleaSoft Energy Forecasting","article_publisher":"https:\/\/www.facebook.com\/AleaSoft\/","article_published_time":"2023-07-10T12:35:42+00:00","article_modified_time":"2023-07-10T12:35:48+00:00","og_image":[{"width":2282,"height":1589,"url":"https:\/\/aleasoft.com\/wp-content\/uploads\/2023\/07\/20230710-AleaSoft-Precios-mercados-europeos-electricidad.png","type":"image\/png"}],"author":"AleaSoft Energy Forecasting","twitter_card":"summary_large_image","twitter_creator":"@AleaSoftEnergy","twitter_site":"@AleaSoftEnergy","twitter_misc":{"Escrito por":"AleaSoft Energy Forecasting","Tiempo de lectura":"9 minutos"},"schema":{"@context":"https:\/\/schema.org","@graph":[{"@type":"Article","@id":"https:\/\/aleasoft.com\/es\/fotovoltaica-eolica-comenzaron-julio-marcando-records-portugal-alemania\/#article","isPartOf":{"@id":"https:\/\/aleasoft.com\/es\/fotovoltaica-eolica-comenzaron-julio-marcando-records-portugal-alemania\/"},"author":{"name":"AleaSoft Energy Forecasting","@id":"https:\/\/aleasoft.com\/#\/schema\/person\/99ee8b0f2ecbd56ba78005c6b7864d67"},"headline":"La fotovoltaica y la e\u00f3lica comenzaron julio marcando r\u00e9cords en Portugal y Alemania","datePublished":"2023-07-10T12:35:42+00:00","dateModified":"2023-07-10T12:35:48+00:00","mainEntityOfPage":{"@id":"https:\/\/aleasoft.com\/es\/fotovoltaica-eolica-comenzaron-julio-marcando-records-portugal-alemania\/"},"wordCount":1967,"publisher":{"@id":"https:\/\/aleasoft.com\/#organization"},"image":{"@id":"https:\/\/aleasoft.com\/es\/fotovoltaica-eolica-comenzaron-julio-marcando-records-portugal-alemania\/#primaryimage"},"thumbnailUrl":"https:\/\/aleasoft.com\/wp-content\/uploads\/2023\/07\/20230710-AleaSoft-Precios-mercados-europeos-electricidad.png","keywords":["an\u00e1lisis de mercados"],"articleSection":["Noticias"],"inLanguage":"es"},{"@type":"WebPage","@id":"https:\/\/aleasoft.com\/es\/fotovoltaica-eolica-comenzaron-julio-marcando-records-portugal-alemania\/","url":"https:\/\/aleasoft.com\/es\/fotovoltaica-eolica-comenzaron-julio-marcando-records-portugal-alemania\/","name":"La fotovoltaica y la e\u00f3lica comenzaron julio marcando r\u00e9cords en Portugal y Alemania - AleaSoft Energy Forecasting","isPartOf":{"@id":"https:\/\/aleasoft.com\/#website"},"primaryImageOfPage":{"@id":"https:\/\/aleasoft.com\/es\/fotovoltaica-eolica-comenzaron-julio-marcando-records-portugal-alemania\/#primaryimage"},"image":{"@id":"https:\/\/aleasoft.com\/es\/fotovoltaica-eolica-comenzaron-julio-marcando-records-portugal-alemania\/#primaryimage"},"thumbnailUrl":"https:\/\/aleasoft.com\/wp-content\/uploads\/2023\/07\/20230710-AleaSoft-Precios-mercados-europeos-electricidad.png","datePublished":"2023-07-10T12:35:42+00:00","dateModified":"2023-07-10T12:35:48+00:00","breadcrumb":{"@id":"https:\/\/aleasoft.com\/es\/fotovoltaica-eolica-comenzaron-julio-marcando-records-portugal-alemania\/#breadcrumb"},"inLanguage":"es","potentialAction":[{"@type":"ReadAction","target":["https:\/\/aleasoft.com\/es\/fotovoltaica-eolica-comenzaron-julio-marcando-records-portugal-alemania\/"]}]},{"@type":"ImageObject","inLanguage":"es","@id":"https:\/\/aleasoft.com\/es\/fotovoltaica-eolica-comenzaron-julio-marcando-records-portugal-alemania\/#primaryimage","url":"https:\/\/aleasoft.com\/wp-content\/uploads\/2023\/07\/20230710-AleaSoft-Precios-mercados-europeos-electricidad.png","contentUrl":"https:\/\/aleasoft.com\/wp-content\/uploads\/2023\/07\/20230710-AleaSoft-Precios-mercados-europeos-electricidad.png","width":2048,"height":1426},{"@type":"BreadcrumbList","@id":"https:\/\/aleasoft.com\/es\/fotovoltaica-eolica-comenzaron-julio-marcando-records-portugal-alemania\/#breadcrumb","itemListElement":[{"@type":"ListItem","position":1,"name":"Home","item":"https:\/\/aleasoft.com\/es\/"},{"@type":"ListItem","position":2,"name":"La fotovoltaica y la e\u00f3lica comenzaron julio marcando r\u00e9cords en Portugal y Alemania"}]},{"@type":"WebSite","@id":"https:\/\/aleasoft.com\/#website","url":"https:\/\/aleasoft.com\/","name":"AleaSoft Energy Forecasting","description":"Energy Forecasting","publisher":{"@id":"https:\/\/aleasoft.com\/#organization"},"potentialAction":[{"@type":"SearchAction","target":{"@type":"EntryPoint","urlTemplate":"https:\/\/aleasoft.com\/?s={search_term_string}"},"query-input":{"@type":"PropertyValueSpecification","valueRequired":true,"valueName":"search_term_string"}}],"inLanguage":"es"},{"@type":"Organization","@id":"https:\/\/aleasoft.com\/#organization","name":"AleaSoft Energy Forecasting","url":"https:\/\/aleasoft.com\/","logo":{"@type":"ImageObject","inLanguage":"es","@id":"https:\/\/aleasoft.com\/#\/schema\/logo\/image\/","url":"https:\/\/aleasoft.com\/wp-content\/uploads\/2020\/01\/logo-alea-25.svg","contentUrl":"https:\/\/aleasoft.com\/wp-content\/uploads\/2020\/01\/logo-alea-25.svg","width":7047,"height":1416,"caption":"AleaSoft Energy Forecasting"},"image":{"@id":"https:\/\/aleasoft.com\/#\/schema\/logo\/image\/"},"sameAs":["https:\/\/www.facebook.com\/AleaSoft\/","https:\/\/x.com\/AleaSoftEnergy","https:\/\/www.linkedin.com\/company\/aleasoft\/"]},{"@type":"Person","@id":"https:\/\/aleasoft.com\/#\/schema\/person\/99ee8b0f2ecbd56ba78005c6b7864d67","name":"AleaSoft Energy Forecasting","image":{"@type":"ImageObject","inLanguage":"es","@id":"https:\/\/secure.gravatar.com\/avatar\/3ce8db70bda469bc8382df5990537888cf96f625c0fde5b0292ff5ab10560f88?s=96&d=mm&r=g","url":"https:\/\/secure.gravatar.com\/avatar\/3ce8db70bda469bc8382df5990537888cf96f625c0fde5b0292ff5ab10560f88?s=96&d=mm&r=g","contentUrl":"https:\/\/secure.gravatar.com\/avatar\/3ce8db70bda469bc8382df5990537888cf96f625c0fde5b0292ff5ab10560f88?s=96&d=mm&r=g","caption":"AleaSoft Energy Forecasting"},"sameAs":["http:\/\/aleasoft.com"]}]}},"_links":{"self":[{"href":"https:\/\/aleasoft.com\/es\/wp-json\/wp\/v2\/posts\/135490","targetHints":{"allow":["GET"]}}],"collection":[{"href":"https:\/\/aleasoft.com\/es\/wp-json\/wp\/v2\/posts"}],"about":[{"href":"https:\/\/aleasoft.com\/es\/wp-json\/wp\/v2\/types\/post"}],"author":[{"embeddable":true,"href":"https:\/\/aleasoft.com\/es\/wp-json\/wp\/v2\/users\/1"}],"replies":[{"embeddable":true,"href":"https:\/\/aleasoft.com\/es\/wp-json\/wp\/v2\/comments?post=135490"}],"version-history":[{"count":0,"href":"https:\/\/aleasoft.com\/es\/wp-json\/wp\/v2\/posts\/135490\/revisions"}],"wp:featuredmedia":[{"embeddable":true,"href":"https:\/\/aleasoft.com\/es\/wp-json\/wp\/v2\/media\/135509"}],"wp:attachment":[{"href":"https:\/\/aleasoft.com\/es\/wp-json\/wp\/v2\/media?parent=135490"}],"wp:term":[{"taxonomy":"category","embeddable":true,"href":"https:\/\/aleasoft.com\/es\/wp-json\/wp\/v2\/categories?post=135490"},{"taxonomy":"post_tag","embeddable":true,"href":"https:\/\/aleasoft.com\/es\/wp-json\/wp\/v2\/tags?post=135490"}],"curies":[{"name":"wp","href":"https:\/\/api.w.org\/{rel}","templated":true}]}}