{"id":136182,"date":"2023-08-07T14:34:22","date_gmt":"2023-08-07T12:34:22","guid":{"rendered":"https:\/\/aleasoft.com\/?p=136182"},"modified":"2023-08-14T14:32:40","modified_gmt":"2023-08-14T12:32:40","slug":"precios-co2-produccion-eolica-impulsan-descenso-precios-mercados-electricos-europeos-inicio-agosto","status":"publish","type":"post","link":"https:\/\/aleasoft.com\/es\/precios-co2-produccion-eolica-impulsan-descenso-precios-mercados-electricos-europeos-inicio-agosto\/","title":{"rendered":"Precios del CO<sub>2<\/sub> y producci\u00f3n e\u00f3lica impulsan el descenso de precios de mercados el\u00e9ctricos europeos al inicio de agosto"},"content":{"rendered":"<p><strong>AleaSoft Energy Forecasting, 7 de agosto de 2023. En la primera semana de agosto, los precios de los mercados el\u00e9ctricos europeos bajaron gracias al aumento de la producci\u00f3n e\u00f3lica, al descenso de los precios del CO<sub>2<\/sub> y el gas, y a la disminuci\u00f3n de la demanda el\u00e9ctrica que se produjo en algunos mercados como consecuencia de unas temperaturas medias menos c\u00e1lidas. En Espa\u00f1a, el 2 de agosto se registr\u00f3 la segunda mayor producci\u00f3n solar fotovoltaica hasta el momento. Los futuros del Brent alcanzaron el precio de cierre m\u00e1s alto desde mediados de abril.<\/strong><\/p>\n<h2>Producci\u00f3n solar fotovoltaica y termoel\u00e9ctrica y producci\u00f3n e\u00f3lica<\/h2>\n<p>En la semana del 31 de julio, <strong>la producci\u00f3n solar fotovoltaica<\/strong> alcanz\u00f3 el segundo mayor valor diario de la historia hasta el momento en Espa\u00f1a peninsular, con 158&nbsp;GWh generados el mi\u00e9rcoles 2 de agosto, un valor que se sit\u00faa tras el r\u00e9cord hist\u00f3rico del 14 de julio, de 159&nbsp;GWh.<\/p>\n<p>Respecto a la semana anterior, <strong>la producci\u00f3n solar<\/strong>, que en el caso de Espa\u00f1a tambi\u00e9n incluye a la <strong>solar termoel\u00e9ctrica<\/strong>, aument\u00f3 en los mercados de Francia y la Pen\u00ednsula Ib\u00e9rica, un 0,9% y un 1,3% respectivamente. La tendencia opuesta se observ\u00f3 en los mercados alem\u00e1n e italiano con descensos del 7,2% y 3,4% respectivamente.<\/p>\n<p>Para la semana del 7 de agosto, seg\u00fan las <a href=\"https:\/\/aleasoft.com\/es\/productos-y-servicios\/previsiones-de-energia-solar\/\">previsiones de producci\u00f3n solar<\/a> de <strong>AleaSoft Energy Forecasting<\/strong>, se producir\u00e1 un aumento en Alemania e Italia, pero en Espa\u00f1a se espera que descienda.<\/p>\n<p><div style='margin-top: 20px;margin-bottom: 20px;'><a title='AleaSoft - Produccion solar fotovoltaica termosolar electricidad Europa' href='https:\/\/aleasoft.com\/wp-content\/uploads\/2023\/08\/20230807-AleaSoft-Produccion-solar-fotovoltaica-termosolar-electricidad-Europa.png'><img class='aligncenter' src='https:\/\/aleasoft.com\/wp-content\/uploads\/2023\/08\/20230807-AleaSoft-Produccion-solar-fotovoltaica-termosolar-electricidad-Europa.png' alt='AleaSoft - Produccion solar fotovoltaica termosolar electricidad Europa' width='740'\/><\/a><span style='font-size: small;'>Fuente: Elaborado por AleaSoft Energy Forecasting con datos de ENTSO-E, RTE, REN, REE y TERNA.<\/span><\/div><br \/>\n&nbsp;<br \/>\n<div style='margin-top: 20px;margin-bottom: 20px;'><a title='AleaSoft - Perfil produccion solar fotovoltaica Europa' href='https:\/\/aleasoft.com\/wp-content\/uploads\/2023\/08\/20230807-AleaSoft-Perfil-produccion-solar-fotovoltaica-Europa.png'><img class='aligncenter' src='https:\/\/aleasoft.com\/wp-content\/uploads\/2023\/08\/20230807-AleaSoft-Perfil-produccion-solar-fotovoltaica-Europa.png' alt='AleaSoft - Perfil produccion solar fotovoltaica Europa' width='740'\/><\/a><span style='font-size: small;'>Fuente: Elaborado por AleaSoft Energy Forecasting con datos de ENTSO-E, RTE, REN, REE y TERNA.<\/span><\/div><br \/>\n&nbsp;<br \/>\nEn comparaci\u00f3n con la \u00faltima semana de julio, <strong>la producci\u00f3n e\u00f3lica<\/strong> aument\u00f3 en todos los mercados analizados. El mayor aumento, del 92%, se observ\u00f3 en el mercado franc\u00e9s. En los dem\u00e1s mercados el incremento fluctu\u00f3 entre el 22% registrado en el mercado italiano y el 51% observado en el mercado espa\u00f1ol.<\/p>\n<p>Para la semana del 7 de agosto, las <a href=\"https:\/\/aleasoft.com\/es\/productos-y-servicios\/previsiones-energia-eolica\/\">previsiones de producci\u00f3n e\u00f3lica<\/a> de <strong>AleaSoft<\/strong> <strong>Energy Forecasting<\/strong> indican que se producir\u00e1 un descenso de la producci\u00f3n con esta tecnolog\u00eda en todos los mercados analizados excepto en el alem\u00e1n.<\/p>\n<p><div style='margin-top: 20px;margin-bottom: 20px;'><a title='AleaSoft - Produccion eolica electricidad Europa' href='https:\/\/aleasoft.com\/wp-content\/uploads\/2023\/08\/20230807-AleaSoft-Produccion-eolica-electricidad-Europa.png'><img class='aligncenter' src='https:\/\/aleasoft.com\/wp-content\/uploads\/2023\/08\/20230807-AleaSoft-Produccion-eolica-electricidad-Europa.png' alt='AleaSoft - Produccion eolica electricidad Europa' width='740'\/><\/a><span style='font-size: small;'>Fuente: Elaborado por AleaSoft Energy Forecasting con datos de ENTSO-E, RTE, REN, REE y TERNA.<\/span><\/div><br \/>\n&nbsp;<\/p>\n<h2>Demanda el\u00e9ctrica<\/h2>\n<p>En la semana del 31 de julio, la evoluci\u00f3n de la <strong>demanda el\u00e9ctrica<\/strong> respecto a la semana anterior fue desigual en los mercados europeos analizados en <strong>AleaSoft Energy Forecasting<\/strong>, aunque en la mayor\u00eda de los casos la demanda aument\u00f3 o, como en el caso del mercado alem\u00e1n, se mantuvo similar. En cuanto a los descensos, la ca\u00edda m\u00e1s pronunciada se observ\u00f3 en el mercado italiano, la cual fue del 7,9%, seguida de los mercados franc\u00e9s, con un 6,3%, y espa\u00f1ol, con un 2,7%. En el resto de los mercados la demanda aument\u00f3. Los incrementos oscilaron entre el 0,9% y el 2,1% de los mercados de Gran Breta\u00f1a y B\u00e9lgica, respectivamente.<\/p>\n<p>Al mismo tiempo, la mayor\u00eda de los mercados europeos analizados experimentaron un descenso en las <strong>temperaturas medias<\/strong> respecto a la semana anterior. Las ca\u00eddas oscilaron entre los 0,3\u00b0C registrados en los Pa\u00edses Bajos y los 1,4\u00b0C registrados en B\u00e9lgica. En Espa\u00f1a, en el conjunto de la semana las temperaturas medias bajaron muy ligeramente respecto a la semana anterior y en Portugal subieron 0,7\u00b0C.<\/p>\n<p>Para la semana del 7 de agosto, seg\u00fan las <a href=\"https:\/\/aleasoft.com\/es\/productos-y-servicios\/previsiones-de-la-demanda-de-energia\/\">previsiones de demanda<\/a> realizadas por <strong>AleaSoft Energy Forecasting<\/strong>, la demanda el\u00e9ctrica aumentar\u00e1 en la mayor\u00eda de los mercados europeos analizados. Las excepciones ser\u00e1n los mercados italiano y alem\u00e1n, donde se espera la tendencia opuesta.<\/p>\n<p><div style='margin-top: 20px;margin-bottom: 20px;'><a title='AleaSoft - Demanda electricidad paises Europa' href='https:\/\/aleasoft.com\/wp-content\/uploads\/2023\/08\/20230807-AleaSoft-Demanda-electricidad-paises-Europa.png'><img class='aligncenter' src='https:\/\/aleasoft.com\/wp-content\/uploads\/2023\/08\/20230807-AleaSoft-Demanda-electricidad-paises-Europa.png' alt='AleaSoft - Demanda electricidad paises Europa' width='740'\/><\/a><span style='font-size: small;'>Fuente: Elaborado por AleaSoft Energy Forecasting con datos de ENTSO-E, RTE, REN, REE, TERNA, National Grid y ELIA.<\/span><\/div><br \/>\n&nbsp;<\/p>\n<h2>Mercados el\u00e9ctricos europeos<\/h2>\n<p>En la primera semana de agosto, los precios promedio de todos los mercados el\u00e9ctricos europeos analizados en <strong>AleaSoft Energy Forecasting<\/strong> bajaron respecto a los de la \u00faltima semana de julio. Los descensos estuvieron entre el 24% del <strong>mercado MIBEL<\/strong> de Espa\u00f1a y el 3,6% del <strong>mercado IPEX<\/strong> de Italia.<\/p>\n<p>En la mayor\u00eda de los mercados los precios fueron inferiores a los 75,34&nbsp;\u20ac\/MWh que promedi\u00f3 el mercado MIBEL de Portugal. Sin embargo, hubo excepciones notables, en Italia, donde se alcanz\u00f3 el precio promedio m\u00e1s alto, de 101,07&nbsp;\u20ac\/MWh y en el <strong>mercado N2EX<\/strong> de Reino Unido, con 81,05&nbsp;\u20ac\/MWh de promedio. Como es habitual, el <strong>mercado Nord&nbsp;Pool<\/strong> de los pa\u00edses n\u00f3rdicos registr\u00f3 el precio promedio m\u00e1s bajo, situ\u00e1ndose en 26,91&nbsp;\u20ac\/MWh.<\/p>\n<p>En cuanto a los precios horarios, los d\u00edas 6 y 7 de agosto se registraron precios cero o negativos en varios mercados. En Espa\u00f1a, el domingo 6 de agosto se registraron seis horas con precio de cero euros por MWh entre las 11:00 y las 20:00, lo que favoreci\u00f3 que ese d\u00eda se alcanzara el precio diario m\u00e1s bajo desde abril, de 28,15&nbsp;\u20ac\/MWh. Ese mismo d\u00eda en el <strong>mercado EPEX&nbsp;SPOT<\/strong> de Francia se registraron precios cero entre las 13:00 y las 17:00. En el mercado EPEX&nbsp;SPOT de B\u00e9lgica se marcaron precios negativos en varias horas de los d\u00edas 6 y 7 de agosto, siendo la m\u00e1s baja, de \u201151,42&nbsp;\u20ac\/MWh, la alcanzada el 7 de agosto a las 14:00. Tambi\u00e9n en el mercado EPEX&nbsp;SPOT de los Pa\u00edses Bajos se registraron horas con precios negativos estos dos d\u00edas, y tambi\u00e9n el menor valor, de \u201141,85&nbsp;\u20ac\/MWh se registr\u00f3 el 7 de agosto a las 14:00. Asimismo, en los mercados  de Alemania y Nord&nbsp;Pool se registraron varias horas con precios negativos el lunes 7 de agosto.<\/p>\n<p>La ca\u00edda de los precios de la primera semana de agosto estuvo impulsada por el descenso de los precios del CO<sub>2<\/sub>, por precios del gas que en promedio fueron inferiores a los de la semana anterior y por el aumento generalizado de la producci\u00f3n e\u00f3lica. Adem\u00e1s, en algunos mercados el descenso de las temperaturas ayud\u00f3 a que la demanda el\u00e9ctrica bajara.<\/p>\n<p><div style='margin-top: 20px;margin-bottom: 20px;'><a title='AleaSoft - Wind farm' href='https:\/\/aleasoft.com\/wp-content\/uploads\/2020\/11\/20201112-AleaSoft-Wind-farm-scaled.jpg'><img class='aligncenter' src='https:\/\/aleasoft.com\/wp-content\/uploads\/2020\/11\/20201112-AleaSoft-Wind-farm-scaled.jpg' alt='AleaSoft - Wind farm' width='740'\/><\/a><\/div><br \/>\n&nbsp;<br \/>\nSin embargo, en la segunda semana de agosto, seg\u00fan las <a href=\"https:\/\/aleasoft.com\/es\/productos-y-servicios\/previsiones-de-precios-de-energia\/?tab=corto-plazo\">previsiones de precios<\/a> de <strong>AleaSoft Energy Forecasting<\/strong>, se espera que los precios suban respecto a los de la primera semana del mes en gran parte de los mercados porque la producci\u00f3n e\u00f3lica bajar\u00e1 en casi todos los mercados y las temperaturas se recuperar\u00e1n en algunos casos favoreciendo el incremento de la demanda el\u00e9ctrica.<\/p>\n<p><div style='margin-top: 20px;margin-bottom: 20px;'><a title='AleaSoft - Precios mercados europeos electricidad' href='https:\/\/aleasoft.com\/wp-content\/uploads\/2023\/08\/20230807-AleaSoft-Precios-mercados-europeos-electricidad.png'><img class='aligncenter' src='https:\/\/aleasoft.com\/wp-content\/uploads\/2023\/08\/20230807-AleaSoft-Precios-mercados-europeos-electricidad.png' alt='AleaSoft - Precios mercados europeos electricidad' width='740'\/><\/a><span style='font-size: small;'>Fuente: Elaborado por AleaSoft Energy Forecasting con datos de OMIE, , Nord Pool y GME.<\/span><\/div><br \/>\n&nbsp;<\/p>\n<h2>Brent, combustibles y CO<sub>2<\/sub><\/h2>\n<p>Durante la primera semana de agosto, el promedio de los precios de cierre de los futuros de <strong>petr\u00f3leo Brent<\/strong> para el Front\u2011Month en el <strong>mercado ICE<\/strong> fue un 1,6% superior que el promedio de la semana anterior. En general el precio de cierre del barril rond\u00f3 los 85 d\u00f3lares, salvo el mi\u00e9rcoles 2 de agosto cuando se registr\u00f3 el valor m\u00e1s bajo de la semana, de 83,20&nbsp;$\/bbl, y el viernes 4 de agosto cuando se alcanzaron los 86,24&nbsp;$\/bbl, que es el valor m\u00e1s alto desde el 15 de abril de este a\u00f1o. Con esta subida de precios en la primera semana de agosto, el precio del barril confirma la tendencia alcista que empez\u00f3 a finales de junio y que registr\u00f3 un peque\u00f1o par\u00f3n a mitades de julio.<\/p>\n<p>En cuanto a los futuros de <strong>gas TTF<\/strong> en el mercado ICE para el Front\u2011Month, en la primera semana de agosto registraron precios de cierre entre los 27,12&nbsp;\u20ac\/MWh del d\u00eda 1 y los 30,47&nbsp;\u20ac\/MWh del d\u00eda 3. El promedio de la semana fue un 2,2% menor al de la \u00faltima semana de julio. El suelo de los 25&nbsp;\u20ac\/MWh para los precios del gas contin\u00faa infranqueable desde inicios de junio. Se han registrado t\u00edmidos acercamientos en las \u00faltimas semanas, pero los precios contin\u00faan rebotando.<\/p>\n<p>En el caso del promedio de los precios de cierre de los futuros de <strong>derechos de emisi\u00f3n de CO<sub>2<\/sub><\/strong> en el <strong>mercado EEX<\/strong> para el contrato de referencia de diciembre de 2023, en la semana que comenz\u00f3 el 31 de julio registraron una ca\u00edda del 6,6% respecto a la semana anterior. El mi\u00e9rcoles 2 de agosto registraron el precio de cierre m\u00e1s bajo desde el 7 de junio, de 83,45&nbsp;\u20ac\/t. Con este retroceso, los precios del CO<sub>2<\/sub> se alejan considerablemente del m\u00e1ximo hist\u00f3rico de cerca de los 100&nbsp;\u20ac por tonelada, aunque la volatilidad contin\u00faa siendo alta, por lo que no se descarta que en las pr\u00f3ximas semanas los precios puedan volver a acercarse a los m\u00e1ximos.<\/p>\n<p><div style='margin-top: 20px;margin-bottom: 20px;'><a title='AleaSoft - Precios gas carbon Brent CO2' href='https:\/\/aleasoft.com\/wp-content\/uploads\/2023\/08\/20230807-AleaSoft-Precios-gas-carbon-Brent-CO2.png'><img class='aligncenter' src='https:\/\/aleasoft.com\/wp-content\/uploads\/2023\/08\/20230807-AleaSoft-Precios-gas-carbon-Brent-CO2.png' alt='AleaSoft - Precios gas carbon Brent CO2' width='740'\/><\/a><span style='font-size: small;'>Fuente: Elaborado por AleaSoft Energy Forecasting con datos de ICE y EEX.<\/span><\/div><br \/>\n&nbsp;v<\/p>\n<h2>An\u00e1lisis de AleaSoft Energy Forecasting sobre las perspectivas de los mercados de energ\u00eda en Europa y la financiaci\u00f3n y valoraci\u00f3n de proyectos renovables<\/h2>\n<p><strong>AleaSoft Energy Forecasting<\/strong> y <strong>AleaGreen<\/strong> ya est\u00e1n organizando los pr\u00f3ximos webinars de su <a href=\"https:\/\/aleasoft.com\/es\/webinars-sobre-mercados-sector-energia\/\">serie de webinars mensuales<\/a>, los cuales se llevar\u00e1n a cabo el 7 de septiembre y el 19 de octubre.<\/p>\n<p>En el <a href=\"https:\/\/aleasoft.com\/es\/webinars-sobre-mercados-sector-energia\/perspectivas-mercados-energia-europa-beneficios-ppa-grandes-consumidores-electrointensivos\/\">webinar de septiembre<\/a>, se analizar\u00e1n los beneficios de los <strong>PPA<\/strong> para los <strong>grandes consumidores<\/strong> y <strong>electrointensivos<\/strong>. Adem\u00e1s, se realizar\u00e1 el habitual an\u00e1lisis de la evoluci\u00f3n y perspectivas de los mercados de energ\u00eda europeos y se explicar\u00e1n los servicios de <strong>AleaSoft Energy Forecasting<\/strong> que contribuyen a la <strong>gesti\u00f3n de riesgos<\/strong> y a la <strong>transici\u00f3n energ\u00e9tica<\/strong>. En la mesa de an\u00e1lisis del webinar, se contar\u00e1 con la participaci\u00f3n de Pedro Gonz\u00e1lez, Director General de <strong>AEGE<\/strong>, Asociaci\u00f3n de Empresas con Gran Consumo de Energ\u00eda.<\/p>\n<p>En el <a href=\"https:\/\/aleasoft.com\/es\/webinars-sobre-mercados-sector-energia\/perspectivas-mercados-energia-europa-invierno-2023-2024-financiacion-proyectos-renovables\/\">webinar de octubre<\/a>, participar\u00e1n por cuarta vez ponentes de <strong>Deloitte.<\/strong> En este webinar se analizar\u00e1n las perspectivas de los mercados de energ\u00eda europeos para el invierno 2023\u20112024, la <strong>financiaci\u00f3n de proyectos de energ\u00edas renovables<\/strong>, as\u00ed como la importancia de las previsiones en las <strong>auditor\u00edas<\/strong> y la <strong>valoraci\u00f3n de carteras<\/strong>.<\/p>\n<p>Fuente: <strong>AleaSoft Energy Forecasting<\/strong>.<\/p>\n","protected":false},"excerpt":{"rendered":"<p>AleaSoft Energy Forecasting, 7 de agosto de 2023. En la primera semana de agosto, los precios de los mercados el\u00e9ctricos europeos bajaron gracias al aumento de la producci\u00f3n e\u00f3lica, al descenso de los precios del CO2 y el gas, y a la disminuci\u00f3n de la demanda el\u00e9ctrica que se produjo en algunos mercados como consecuencia [&hellip;]<\/p>\n","protected":false},"author":1,"featured_media":136201,"comment_status":"closed","ping_status":"closed","sticky":false,"template":"","format":"standard","meta":{"footnotes":""},"categories":[568],"tags":[],"class_list":["post-136182","post","type-post","status-publish","format-standard","has-post-thumbnail","hentry","category-noticias"],"yoast_head":"<!-- This site is optimized with the Yoast SEO Premium plugin v27.4 (Yoast SEO v27.4) - https:\/\/yoast.com\/product\/yoast-seo-premium-wordpress\/ -->\n<title>Precios del CO2 y producci\u00f3n e\u00f3lica impulsan el descenso de precios de mercados el\u00e9ctricos europeos al inicio de agosto - AleaSoft Energy Forecasting<\/title>\n<meta name=\"robots\" content=\"index, follow, max-snippet:-1, max-image-preview:large, max-video-preview:-1\" \/>\n<link rel=\"canonical\" href=\"https:\/\/aleasoft.com\/es\/precios-co2-produccion-eolica-impulsan-descenso-precios-mercados-electricos-europeos-inicio-agosto\/\" \/>\n<meta property=\"og:locale\" content=\"es_ES\" \/>\n<meta property=\"og:type\" content=\"article\" \/>\n<meta property=\"og:title\" content=\"Precios del CO2 y producci\u00f3n e\u00f3lica impulsan el descenso de precios de mercados el\u00e9ctricos europeos al inicio de agosto\" \/>\n<meta property=\"og:description\" content=\"AleaSoft Energy Forecasting, 7 de agosto de 2023. En la primera semana de agosto, los precios de los mercados el\u00e9ctricos europeos bajaron gracias al aumento de la producci\u00f3n e\u00f3lica, al descenso de los precios del CO2 y el gas, y a la disminuci\u00f3n de la demanda el\u00e9ctrica que se produjo en algunos mercados como consecuencia [&hellip;]\" \/>\n<meta property=\"og:url\" content=\"https:\/\/aleasoft.com\/es\/precios-co2-produccion-eolica-impulsan-descenso-precios-mercados-electricos-europeos-inicio-agosto\/\" \/>\n<meta property=\"og:site_name\" content=\"AleaSoft Energy Forecasting\" \/>\n<meta property=\"article:publisher\" content=\"https:\/\/www.facebook.com\/AleaSoft\/\" \/>\n<meta property=\"article:published_time\" content=\"2023-08-07T12:34:22+00:00\" \/>\n<meta property=\"article:modified_time\" content=\"2023-08-14T12:32:40+00:00\" \/>\n<meta property=\"og:image\" content=\"https:\/\/aleasoft.com\/wp-content\/uploads\/2023\/08\/20230807-AleaSoft-Precios-mercados-europeos-electricidad.png\" \/>\n\t<meta property=\"og:image:width\" content=\"2282\" \/>\n\t<meta property=\"og:image:height\" content=\"1589\" \/>\n\t<meta property=\"og:image:type\" content=\"image\/png\" \/>\n<meta name=\"author\" content=\"AleaSoft Energy Forecasting\" \/>\n<meta name=\"twitter:card\" content=\"summary_large_image\" \/>\n<meta name=\"twitter:creator\" content=\"@AleaSoftEnergy\" \/>\n<meta name=\"twitter:site\" content=\"@AleaSoftEnergy\" \/>\n<meta name=\"twitter:label1\" content=\"Escrito por\" \/>\n\t<meta name=\"twitter:data1\" content=\"AleaSoft Energy Forecasting\" \/>\n\t<meta name=\"twitter:label2\" content=\"Tiempo de lectura\" \/>\n\t<meta name=\"twitter:data2\" content=\"8 minutos\" \/>\n<script type=\"application\/ld+json\" class=\"yoast-schema-graph\">{\"@context\":\"https:\\\/\\\/schema.org\",\"@graph\":[{\"@type\":\"Article\",\"@id\":\"https:\\\/\\\/aleasoft.com\\\/es\\\/precios-co2-produccion-eolica-impulsan-descenso-precios-mercados-electricos-europeos-inicio-agosto\\\/#article\",\"isPartOf\":{\"@id\":\"https:\\\/\\\/aleasoft.com\\\/es\\\/precios-co2-produccion-eolica-impulsan-descenso-precios-mercados-electricos-europeos-inicio-agosto\\\/\"},\"author\":{\"name\":\"AleaSoft Energy Forecasting\",\"@id\":\"https:\\\/\\\/aleasoft.com\\\/#\\\/schema\\\/person\\\/99ee8b0f2ecbd56ba78005c6b7864d67\"},\"headline\":\"Precios del CO2 y producci\u00f3n e\u00f3lica impulsan el descenso de precios de mercados el\u00e9ctricos europeos al inicio de agosto\",\"datePublished\":\"2023-08-07T12:34:22+00:00\",\"dateModified\":\"2023-08-14T12:32:40+00:00\",\"mainEntityOfPage\":{\"@id\":\"https:\\\/\\\/aleasoft.com\\\/es\\\/precios-co2-produccion-eolica-impulsan-descenso-precios-mercados-electricos-europeos-inicio-agosto\\\/\"},\"wordCount\":1799,\"publisher\":{\"@id\":\"https:\\\/\\\/aleasoft.com\\\/#organization\"},\"image\":{\"@id\":\"https:\\\/\\\/aleasoft.com\\\/es\\\/precios-co2-produccion-eolica-impulsan-descenso-precios-mercados-electricos-europeos-inicio-agosto\\\/#primaryimage\"},\"thumbnailUrl\":\"https:\\\/\\\/aleasoft.com\\\/wp-content\\\/uploads\\\/2023\\\/08\\\/20230807-AleaSoft-Precios-mercados-europeos-electricidad.png\",\"articleSection\":[\"Noticias\"],\"inLanguage\":\"es\"},{\"@type\":\"WebPage\",\"@id\":\"https:\\\/\\\/aleasoft.com\\\/es\\\/precios-co2-produccion-eolica-impulsan-descenso-precios-mercados-electricos-europeos-inicio-agosto\\\/\",\"url\":\"https:\\\/\\\/aleasoft.com\\\/es\\\/precios-co2-produccion-eolica-impulsan-descenso-precios-mercados-electricos-europeos-inicio-agosto\\\/\",\"name\":\"Precios del CO2 y producci\u00f3n e\u00f3lica impulsan el descenso de precios de mercados el\u00e9ctricos europeos al inicio de agosto - AleaSoft Energy Forecasting\",\"isPartOf\":{\"@id\":\"https:\\\/\\\/aleasoft.com\\\/#website\"},\"primaryImageOfPage\":{\"@id\":\"https:\\\/\\\/aleasoft.com\\\/es\\\/precios-co2-produccion-eolica-impulsan-descenso-precios-mercados-electricos-europeos-inicio-agosto\\\/#primaryimage\"},\"image\":{\"@id\":\"https:\\\/\\\/aleasoft.com\\\/es\\\/precios-co2-produccion-eolica-impulsan-descenso-precios-mercados-electricos-europeos-inicio-agosto\\\/#primaryimage\"},\"thumbnailUrl\":\"https:\\\/\\\/aleasoft.com\\\/wp-content\\\/uploads\\\/2023\\\/08\\\/20230807-AleaSoft-Precios-mercados-europeos-electricidad.png\",\"datePublished\":\"2023-08-07T12:34:22+00:00\",\"dateModified\":\"2023-08-14T12:32:40+00:00\",\"breadcrumb\":{\"@id\":\"https:\\\/\\\/aleasoft.com\\\/es\\\/precios-co2-produccion-eolica-impulsan-descenso-precios-mercados-electricos-europeos-inicio-agosto\\\/#breadcrumb\"},\"inLanguage\":\"es\",\"potentialAction\":[{\"@type\":\"ReadAction\",\"target\":[\"https:\\\/\\\/aleasoft.com\\\/es\\\/precios-co2-produccion-eolica-impulsan-descenso-precios-mercados-electricos-europeos-inicio-agosto\\\/\"]}]},{\"@type\":\"ImageObject\",\"inLanguage\":\"es\",\"@id\":\"https:\\\/\\\/aleasoft.com\\\/es\\\/precios-co2-produccion-eolica-impulsan-descenso-precios-mercados-electricos-europeos-inicio-agosto\\\/#primaryimage\",\"url\":\"https:\\\/\\\/aleasoft.com\\\/wp-content\\\/uploads\\\/2023\\\/08\\\/20230807-AleaSoft-Precios-mercados-europeos-electricidad.png\",\"contentUrl\":\"https:\\\/\\\/aleasoft.com\\\/wp-content\\\/uploads\\\/2023\\\/08\\\/20230807-AleaSoft-Precios-mercados-europeos-electricidad.png\",\"width\":2048,\"height\":1426},{\"@type\":\"BreadcrumbList\",\"@id\":\"https:\\\/\\\/aleasoft.com\\\/es\\\/precios-co2-produccion-eolica-impulsan-descenso-precios-mercados-electricos-europeos-inicio-agosto\\\/#breadcrumb\",\"itemListElement\":[{\"@type\":\"ListItem\",\"position\":1,\"name\":\"Home\",\"item\":\"https:\\\/\\\/aleasoft.com\\\/es\\\/\"},{\"@type\":\"ListItem\",\"position\":2,\"name\":\"Precios del CO2 y producci\u00f3n e\u00f3lica impulsan el descenso de precios de mercados el\u00e9ctricos europeos al inicio de agosto\"}]},{\"@type\":\"WebSite\",\"@id\":\"https:\\\/\\\/aleasoft.com\\\/#website\",\"url\":\"https:\\\/\\\/aleasoft.com\\\/\",\"name\":\"AleaSoft Energy Forecasting\",\"description\":\"Energy Forecasting\",\"publisher\":{\"@id\":\"https:\\\/\\\/aleasoft.com\\\/#organization\"},\"potentialAction\":[{\"@type\":\"SearchAction\",\"target\":{\"@type\":\"EntryPoint\",\"urlTemplate\":\"https:\\\/\\\/aleasoft.com\\\/?s={search_term_string}\"},\"query-input\":{\"@type\":\"PropertyValueSpecification\",\"valueRequired\":true,\"valueName\":\"search_term_string\"}}],\"inLanguage\":\"es\"},{\"@type\":\"Organization\",\"@id\":\"https:\\\/\\\/aleasoft.com\\\/#organization\",\"name\":\"AleaSoft Energy Forecasting\",\"url\":\"https:\\\/\\\/aleasoft.com\\\/\",\"logo\":{\"@type\":\"ImageObject\",\"inLanguage\":\"es\",\"@id\":\"https:\\\/\\\/aleasoft.com\\\/#\\\/schema\\\/logo\\\/image\\\/\",\"url\":\"https:\\\/\\\/aleasoft.com\\\/wp-content\\\/uploads\\\/2020\\\/01\\\/logo-alea-25.svg\",\"contentUrl\":\"https:\\\/\\\/aleasoft.com\\\/wp-content\\\/uploads\\\/2020\\\/01\\\/logo-alea-25.svg\",\"width\":7047,\"height\":1416,\"caption\":\"AleaSoft Energy Forecasting\"},\"image\":{\"@id\":\"https:\\\/\\\/aleasoft.com\\\/#\\\/schema\\\/logo\\\/image\\\/\"},\"sameAs\":[\"https:\\\/\\\/www.facebook.com\\\/AleaSoft\\\/\",\"https:\\\/\\\/x.com\\\/AleaSoftEnergy\",\"https:\\\/\\\/www.linkedin.com\\\/company\\\/aleasoft\\\/\"]},{\"@type\":\"Person\",\"@id\":\"https:\\\/\\\/aleasoft.com\\\/#\\\/schema\\\/person\\\/99ee8b0f2ecbd56ba78005c6b7864d67\",\"name\":\"AleaSoft Energy Forecasting\",\"image\":{\"@type\":\"ImageObject\",\"inLanguage\":\"es\",\"@id\":\"https:\\\/\\\/secure.gravatar.com\\\/avatar\\\/3ce8db70bda469bc8382df5990537888cf96f625c0fde5b0292ff5ab10560f88?s=96&d=mm&r=g\",\"url\":\"https:\\\/\\\/secure.gravatar.com\\\/avatar\\\/3ce8db70bda469bc8382df5990537888cf96f625c0fde5b0292ff5ab10560f88?s=96&d=mm&r=g\",\"contentUrl\":\"https:\\\/\\\/secure.gravatar.com\\\/avatar\\\/3ce8db70bda469bc8382df5990537888cf96f625c0fde5b0292ff5ab10560f88?s=96&d=mm&r=g\",\"caption\":\"AleaSoft Energy Forecasting\"},\"sameAs\":[\"http:\\\/\\\/aleasoft.com\"]}]}<\/script>\n<!-- \/ Yoast SEO Premium plugin. -->","yoast_head_json":{"title":"Precios del CO2 y producci\u00f3n e\u00f3lica impulsan el descenso de precios de mercados el\u00e9ctricos europeos al inicio de agosto - AleaSoft Energy Forecasting","robots":{"index":"index","follow":"follow","max-snippet":"max-snippet:-1","max-image-preview":"max-image-preview:large","max-video-preview":"max-video-preview:-1"},"canonical":"https:\/\/aleasoft.com\/es\/precios-co2-produccion-eolica-impulsan-descenso-precios-mercados-electricos-europeos-inicio-agosto\/","og_locale":"es_ES","og_type":"article","og_title":"Precios del CO2 y producci\u00f3n e\u00f3lica impulsan el descenso de precios de mercados el\u00e9ctricos europeos al inicio de agosto","og_description":"AleaSoft Energy Forecasting, 7 de agosto de 2023. En la primera semana de agosto, los precios de los mercados el\u00e9ctricos europeos bajaron gracias al aumento de la producci\u00f3n e\u00f3lica, al descenso de los precios del CO2 y el gas, y a la disminuci\u00f3n de la demanda el\u00e9ctrica que se produjo en algunos mercados como consecuencia [&hellip;]","og_url":"https:\/\/aleasoft.com\/es\/precios-co2-produccion-eolica-impulsan-descenso-precios-mercados-electricos-europeos-inicio-agosto\/","og_site_name":"AleaSoft Energy Forecasting","article_publisher":"https:\/\/www.facebook.com\/AleaSoft\/","article_published_time":"2023-08-07T12:34:22+00:00","article_modified_time":"2023-08-14T12:32:40+00:00","og_image":[{"width":2282,"height":1589,"url":"https:\/\/aleasoft.com\/wp-content\/uploads\/2023\/08\/20230807-AleaSoft-Precios-mercados-europeos-electricidad.png","type":"image\/png"}],"author":"AleaSoft Energy Forecasting","twitter_card":"summary_large_image","twitter_creator":"@AleaSoftEnergy","twitter_site":"@AleaSoftEnergy","twitter_misc":{"Escrito por":"AleaSoft Energy Forecasting","Tiempo de lectura":"8 minutos"},"schema":{"@context":"https:\/\/schema.org","@graph":[{"@type":"Article","@id":"https:\/\/aleasoft.com\/es\/precios-co2-produccion-eolica-impulsan-descenso-precios-mercados-electricos-europeos-inicio-agosto\/#article","isPartOf":{"@id":"https:\/\/aleasoft.com\/es\/precios-co2-produccion-eolica-impulsan-descenso-precios-mercados-electricos-europeos-inicio-agosto\/"},"author":{"name":"AleaSoft Energy Forecasting","@id":"https:\/\/aleasoft.com\/#\/schema\/person\/99ee8b0f2ecbd56ba78005c6b7864d67"},"headline":"Precios del CO2 y producci\u00f3n e\u00f3lica impulsan el descenso de precios de mercados el\u00e9ctricos europeos al inicio de agosto","datePublished":"2023-08-07T12:34:22+00:00","dateModified":"2023-08-14T12:32:40+00:00","mainEntityOfPage":{"@id":"https:\/\/aleasoft.com\/es\/precios-co2-produccion-eolica-impulsan-descenso-precios-mercados-electricos-europeos-inicio-agosto\/"},"wordCount":1799,"publisher":{"@id":"https:\/\/aleasoft.com\/#organization"},"image":{"@id":"https:\/\/aleasoft.com\/es\/precios-co2-produccion-eolica-impulsan-descenso-precios-mercados-electricos-europeos-inicio-agosto\/#primaryimage"},"thumbnailUrl":"https:\/\/aleasoft.com\/wp-content\/uploads\/2023\/08\/20230807-AleaSoft-Precios-mercados-europeos-electricidad.png","articleSection":["Noticias"],"inLanguage":"es"},{"@type":"WebPage","@id":"https:\/\/aleasoft.com\/es\/precios-co2-produccion-eolica-impulsan-descenso-precios-mercados-electricos-europeos-inicio-agosto\/","url":"https:\/\/aleasoft.com\/es\/precios-co2-produccion-eolica-impulsan-descenso-precios-mercados-electricos-europeos-inicio-agosto\/","name":"Precios del CO2 y producci\u00f3n e\u00f3lica impulsan el descenso de precios de mercados el\u00e9ctricos europeos al inicio de agosto - AleaSoft Energy Forecasting","isPartOf":{"@id":"https:\/\/aleasoft.com\/#website"},"primaryImageOfPage":{"@id":"https:\/\/aleasoft.com\/es\/precios-co2-produccion-eolica-impulsan-descenso-precios-mercados-electricos-europeos-inicio-agosto\/#primaryimage"},"image":{"@id":"https:\/\/aleasoft.com\/es\/precios-co2-produccion-eolica-impulsan-descenso-precios-mercados-electricos-europeos-inicio-agosto\/#primaryimage"},"thumbnailUrl":"https:\/\/aleasoft.com\/wp-content\/uploads\/2023\/08\/20230807-AleaSoft-Precios-mercados-europeos-electricidad.png","datePublished":"2023-08-07T12:34:22+00:00","dateModified":"2023-08-14T12:32:40+00:00","breadcrumb":{"@id":"https:\/\/aleasoft.com\/es\/precios-co2-produccion-eolica-impulsan-descenso-precios-mercados-electricos-europeos-inicio-agosto\/#breadcrumb"},"inLanguage":"es","potentialAction":[{"@type":"ReadAction","target":["https:\/\/aleasoft.com\/es\/precios-co2-produccion-eolica-impulsan-descenso-precios-mercados-electricos-europeos-inicio-agosto\/"]}]},{"@type":"ImageObject","inLanguage":"es","@id":"https:\/\/aleasoft.com\/es\/precios-co2-produccion-eolica-impulsan-descenso-precios-mercados-electricos-europeos-inicio-agosto\/#primaryimage","url":"https:\/\/aleasoft.com\/wp-content\/uploads\/2023\/08\/20230807-AleaSoft-Precios-mercados-europeos-electricidad.png","contentUrl":"https:\/\/aleasoft.com\/wp-content\/uploads\/2023\/08\/20230807-AleaSoft-Precios-mercados-europeos-electricidad.png","width":2048,"height":1426},{"@type":"BreadcrumbList","@id":"https:\/\/aleasoft.com\/es\/precios-co2-produccion-eolica-impulsan-descenso-precios-mercados-electricos-europeos-inicio-agosto\/#breadcrumb","itemListElement":[{"@type":"ListItem","position":1,"name":"Home","item":"https:\/\/aleasoft.com\/es\/"},{"@type":"ListItem","position":2,"name":"Precios del CO2 y producci\u00f3n e\u00f3lica impulsan el descenso de precios de mercados el\u00e9ctricos europeos al inicio de agosto"}]},{"@type":"WebSite","@id":"https:\/\/aleasoft.com\/#website","url":"https:\/\/aleasoft.com\/","name":"AleaSoft Energy Forecasting","description":"Energy Forecasting","publisher":{"@id":"https:\/\/aleasoft.com\/#organization"},"potentialAction":[{"@type":"SearchAction","target":{"@type":"EntryPoint","urlTemplate":"https:\/\/aleasoft.com\/?s={search_term_string}"},"query-input":{"@type":"PropertyValueSpecification","valueRequired":true,"valueName":"search_term_string"}}],"inLanguage":"es"},{"@type":"Organization","@id":"https:\/\/aleasoft.com\/#organization","name":"AleaSoft Energy Forecasting","url":"https:\/\/aleasoft.com\/","logo":{"@type":"ImageObject","inLanguage":"es","@id":"https:\/\/aleasoft.com\/#\/schema\/logo\/image\/","url":"https:\/\/aleasoft.com\/wp-content\/uploads\/2020\/01\/logo-alea-25.svg","contentUrl":"https:\/\/aleasoft.com\/wp-content\/uploads\/2020\/01\/logo-alea-25.svg","width":7047,"height":1416,"caption":"AleaSoft Energy Forecasting"},"image":{"@id":"https:\/\/aleasoft.com\/#\/schema\/logo\/image\/"},"sameAs":["https:\/\/www.facebook.com\/AleaSoft\/","https:\/\/x.com\/AleaSoftEnergy","https:\/\/www.linkedin.com\/company\/aleasoft\/"]},{"@type":"Person","@id":"https:\/\/aleasoft.com\/#\/schema\/person\/99ee8b0f2ecbd56ba78005c6b7864d67","name":"AleaSoft Energy Forecasting","image":{"@type":"ImageObject","inLanguage":"es","@id":"https:\/\/secure.gravatar.com\/avatar\/3ce8db70bda469bc8382df5990537888cf96f625c0fde5b0292ff5ab10560f88?s=96&d=mm&r=g","url":"https:\/\/secure.gravatar.com\/avatar\/3ce8db70bda469bc8382df5990537888cf96f625c0fde5b0292ff5ab10560f88?s=96&d=mm&r=g","contentUrl":"https:\/\/secure.gravatar.com\/avatar\/3ce8db70bda469bc8382df5990537888cf96f625c0fde5b0292ff5ab10560f88?s=96&d=mm&r=g","caption":"AleaSoft Energy Forecasting"},"sameAs":["http:\/\/aleasoft.com"]}]}},"_links":{"self":[{"href":"https:\/\/aleasoft.com\/es\/wp-json\/wp\/v2\/posts\/136182","targetHints":{"allow":["GET"]}}],"collection":[{"href":"https:\/\/aleasoft.com\/es\/wp-json\/wp\/v2\/posts"}],"about":[{"href":"https:\/\/aleasoft.com\/es\/wp-json\/wp\/v2\/types\/post"}],"author":[{"embeddable":true,"href":"https:\/\/aleasoft.com\/es\/wp-json\/wp\/v2\/users\/1"}],"replies":[{"embeddable":true,"href":"https:\/\/aleasoft.com\/es\/wp-json\/wp\/v2\/comments?post=136182"}],"version-history":[{"count":0,"href":"https:\/\/aleasoft.com\/es\/wp-json\/wp\/v2\/posts\/136182\/revisions"}],"wp:featuredmedia":[{"embeddable":true,"href":"https:\/\/aleasoft.com\/es\/wp-json\/wp\/v2\/media\/136201"}],"wp:attachment":[{"href":"https:\/\/aleasoft.com\/es\/wp-json\/wp\/v2\/media?parent=136182"}],"wp:term":[{"taxonomy":"category","embeddable":true,"href":"https:\/\/aleasoft.com\/es\/wp-json\/wp\/v2\/categories?post=136182"},{"taxonomy":"post_tag","embeddable":true,"href":"https:\/\/aleasoft.com\/es\/wp-json\/wp\/v2\/tags?post=136182"}],"curies":[{"name":"wp","href":"https:\/\/api.w.org\/{rel}","templated":true}]}}