{"id":137102,"date":"2023-10-02T14:32:11","date_gmt":"2023-10-02T12:32:11","guid":{"rendered":"https:\/\/aleasoft.com\/?p=137102"},"modified":"2023-10-04T11:08:12","modified_gmt":"2023-10-04T09:08:12","slug":"mayor-demanda-menor-eolica-gas-empujan-alza-precios-mercados-electricos-europeos","status":"publish","type":"post","link":"https:\/\/aleasoft.com\/es\/mayor-demanda-menor-eolica-gas-empujan-alza-precios-mercados-electricos-europeos\/","title":{"rendered":"Mayor demanda y menor e\u00f3lica empujan al alza los precios de los mercados el\u00e9ctricos europeos con la ayuda del gas"},"content":{"rendered":"<p><strong>AleaSoft Energy Forecasting, 2 de octubre de 2023. En la \u00faltima semana de septiembre, los precios de los mercados el\u00e9ctricos europeos subieron respecto a la semana anterior. En la mayor\u00eda el promedio semanal fue superior a 100 \u20ac\/MWh y en varios mercados se registraron algunos precios horarios por encima de 200&nbsp;\u20ac\/MWh. La subida de los precios del gas, el descenso de la producci\u00f3n e\u00f3lica y una mayor demanda favorecieron este comportamiento. Los futuros del Brent continuaron subiendo y el 27 de septiembre registraron el valor m\u00e1s alto desde noviembre de 2022.<\/strong><\/p>\n<h2>Producci\u00f3n solar fotovoltaica y termoel\u00e9ctrica y producci\u00f3n e\u00f3lica<\/h2>\n<p>En la semana del 25 de septiembre, la <strong>producci\u00f3n solar<\/strong> aument\u00f3 respecto a la semana anterior en todos los mercados analizados. El mercado italiano registr\u00f3 el mayor aumento, de un 38%. En el resto de los mercados, el incremento de la producci\u00f3n solar fue muy homog\u00e9neo y oscil\u00f3 entre el 15% en Espa\u00f1a y el 18% en Alemania. Adem\u00e1s, a pesar de que la radiaci\u00f3n solar va disminuyendo en la medida en que se acerca el invierno, la Pen\u00ednsula Ib\u00e9rica produjo 163&nbsp;GWh de energ\u00eda solar el lunes 25 de septiembre, un volumen de producci\u00f3n solar que no se ve\u00eda desde el 1 de septiembre.<\/p>\n<p>Para la semana del 2 de octubre, seg\u00fan las <a href=\"https:\/\/aleasoft.com\/es\/productos-y-servicios\/previsiones-de-energia-solar\/\">previsiones de producci\u00f3n solar<\/a> de <strong>AleaSoft Energy Forecasting<\/strong>, se espera que la producci\u00f3n solar disminuya en los mercados analizados.<\/p>\n<p><div style='margin-top: 20px;margin-bottom: 20px;'><a title='- ' href='https:\/\/aleasoft.com\/wp-content\/uploads\/2023\/10\/20231002-AleaSoft-Produccion-solar-fotovoltaica-termosolar-electricidad-Europa.png'><img class='aligncenter' src='https:\/\/aleasoft.com\/wp-content\/uploads\/2023\/10\/20231002-AleaSoft-Produccion-solar-fotovoltaica-termosolar-electricidad-Europa.png' alt='- ' width='740'\/><\/a><span style='font-size: small;'>Fuente: Elaborado por AleaSoft Energy Forecasting con datos de ENTSO-E, RTE, REN, REE y TERNA.<\/span><\/div><br \/>\n<div style='margin-top: 20px;margin-bottom: 20px;'><a title='AleaSoft - Perfil produccion solar fotovoltaica Europa' href='https:\/\/aleasoft.com\/wp-content\/uploads\/2023\/10\/20231002-AleaSoft-Perfil-produccion-solar-fotovoltaica-Europa.png'><img class='aligncenter' src='https:\/\/aleasoft.com\/wp-content\/uploads\/2023\/10\/20231002-AleaSoft-Perfil-produccion-solar-fotovoltaica-Europa.png' alt='AleaSoft - Perfil produccion solar fotovoltaica Europa' width='740'\/><\/a><span style='font-size: small;'>Fuente: Elaborado por AleaSoft Energy Forecasting con datos de ENTSO-E, RTE, REN, REE y TERNA.<\/span><\/div><\/p>\n<p>En cuanto a <strong>la producci\u00f3n e\u00f3lica<\/strong>, la semana del 25 de septiembre trajo un descenso intersemanal de la producci\u00f3n con esta tecnolog\u00eda en todos los mercados analizados por <strong>AleaSoft Energy Forecasting<\/strong>. La mayor ca\u00edda, del 55%, se registr\u00f3 en el mercado franc\u00e9s y la menor ca\u00edda, del 2,4%, en el mercado italiano. En el resto de los mercados, los descensos de la producci\u00f3n e\u00f3lica oscilaron entre el 44% de Alemania y el 49% de Portugal.<\/p>\n<p>Para la semana del 2 de octubre, las <a href=\"https:\/\/aleasoft.com\/es\/productos-y-servicios\/previsiones-energia-eolica\/\">previsiones de producci\u00f3n e\u00f3lica<\/a> de <strong>AleaSoft Energy Forecasting<\/strong> indican que la producci\u00f3n con esta tecnolog\u00eda seguir\u00e1 disminuyendo en Italia y Francia, pero aumentar\u00e1 en el resto de los mercados analizados.<\/p>\n<div style='margin-top: 20px;margin-bottom: 20px;'><a title='AleaSoft - Produccion eolica electricidad Europa' href='https:\/\/aleasoft.com\/wp-content\/uploads\/2023\/10\/20231002-AleaSoft-Produccion-eolica-electricidad-Europa.png'><img class='aligncenter' src='https:\/\/aleasoft.com\/wp-content\/uploads\/2023\/10\/20231002-AleaSoft-Produccion-eolica-electricidad-Europa.png' alt='AleaSoft - Produccion eolica electricidad Europa' width='740'\/><\/a><span style='font-size: small;'>Fuente: Elaborado por AleaSoft Energy Forecasting con datos de ENTSO-E, RTE, REN, REE y TERNA.<\/span><\/div>\n<h2>Demanda el\u00e9ctrica<\/h2>\n<p>En la semana del 25 de septiembre, la <strong>demanda el\u00e9ctrica<\/strong> aument\u00f3 respecto a la semana anterior en la mayor\u00eda de los mercados europeos analizados. El mayor incremento, del 5,6%, se observ\u00f3 en el mercado de los Pa\u00edses Bajos, seguido del aumento del 2,3% del mercado espa\u00f1ol. La menor subida, del 0,5%, se registr\u00f3 en Gran Breta\u00f1a. La demanda de electricidad cay\u00f3 s\u00f3lo en dos de los mercados analizados, un 4,5% en Italia y un 3,4% en B\u00e9lgica.<\/p>\n<p>En el per\u00edodo analizado, las <strong>temperaturas medias<\/strong> aumentaron en la mayor\u00eda de los mercados, entre los 0,7\u00b0C de los Pa\u00edses Bajos a los 3,0\u00b0C de Portugal. Sin embargo, en Italia y Alemania las temperaturas medias bajaron 1,8\u00b0C y 0,1\u00b0C respectivamente.<\/p>\n<p>Para la semana del 2 de octubre, seg\u00fan las <a href=\"https:\/\/aleasoft.com\/es\/productos-y-servicios\/previsiones-de-la-demanda-de-energia\/\">previsiones de demanda<\/a> de <strong>AleaSoft Energy Forecasting<\/strong>, se espera que la demanda el\u00e9ctrica siga aumentando en la mayor\u00eda de los mercados europeos analizados, a excepci\u00f3n de Francia, Alemania e Italia.<\/p>\n<div style='margin-top: 20px;margin-bottom: 20px;'><a title='AleaSoft - Demanda electricidad paises Europa' href='https:\/\/aleasoft.com\/wp-content\/uploads\/2023\/10\/20231002-AleaSoft-Demanda-electricidad-paises-Europa.png'><img class='aligncenter' src='https:\/\/aleasoft.com\/wp-content\/uploads\/2023\/10\/20231002-AleaSoft-Demanda-electricidad-paises-Europa.png' alt='AleaSoft - Demanda electricidad paises Europa' width='740'\/><\/a><span style='font-size: small;'>Fuente: Elaborado por AleaSoft Energy Forecasting con datos de ENTSO-E, RTE, REN, REE, TERNA, National Grid y ELIA.<\/span><\/div>\n<h2>Mercados el\u00e9ctricos europeos<\/h2>\n<p>En la semana del 25 de septiembre, los precios de casi todos los mercados el\u00e9ctricos europeos analizados en <strong>AleaSoft Energy Forecasting<\/strong> subieron respecto a la semana anterior. Mientras en la semana del 18 de septiembre se registraron precios diarios inferiores a 100&nbsp;\u20ac\/MWh en muchas ocasiones, en diversos d\u00edas de la semana del 25 de septiembre los precios diarios superaron esta cantidad e incluso los 120&nbsp;\u20ac\/MWh en algunos mercados, dando lugar a mayores promedios semanales en la mayor\u00eda de los mercados analizados, en muchos casos por encima de 100&nbsp;\u20ac\/MWh. La excepci\u00f3n fue el <strong>mercado IPEX <\/strong>de Italia, donde el precio descendi\u00f3 ligeramente, un 1,7%.<\/p>\n<p>Por otra parte, la mayor subida porcentual de precios, del 46%, se alcanz\u00f3 en el<strong> mercado Nord&nbsp;Pool<\/strong> de los pa\u00edses n\u00f3rdicos. Pese a que los precios diarios se mantuvieron por debajo de los 10&nbsp;\u20ac\/MWh, aumentaron respecto a la semana anterior, cuando se registr\u00f3 un precio diario negativo.<\/p>\n<p>En el resto de los mercados, los precios aumentaron entre el 11% del <strong>mercado MIBEL<\/strong> de Portugal y el <strong>mercado N2EX<\/strong> del Reino Unido y el 35% del <strong>mercado EPEX&nbsp;SPOT<\/strong> de B\u00e9lgica y Francia.<\/p>\n<p>En la cuarta semana de septiembre, los promedios semanales fueron superiores a 90&nbsp;\u20ac\/MWh en la mayor\u00eda de los mercados el\u00e9ctricos europeos analizados. La excepci\u00f3n fue el mercado n\u00f3rdico, donde se alcanz\u00f3 el precio promedio m\u00e1s bajo, de 3,82&nbsp;\u20ac\/MWh. En cambio, el mayor promedio semanal, de 116,21&nbsp;\u20ac\/MWh, se alcanz\u00f3 en el mercado italiano. En el resto de los mercados analizados, los precios se situaron entre los 91,68&nbsp;\u20ac\/MWh del mercado brit\u00e1nico y los 113,67&nbsp;\u20ac\/MWh del mercado portugu\u00e9s.<\/p>\n<p>Por lo que respecta a los precios horarios, los d\u00edas 25, 26 y 30 de septiembre y el d\u00eda 1 de octubre se registraron precios negativos en el mercado n\u00f3rdico. En el caso del mercado brit\u00e1nico, los precios negativos se registraron los d\u00edas 25 y 28 de septiembre. El precio horario m\u00e1s bajo de este mercado, de \u201119,78&nbsp;\u00a3\/MWh, se alcanz\u00f3 el jueves 28 de septiembre, de 5:00 a 6:00. Este precio fue el menor desde el 16 de julio en este mercado. Adem\u00e1s, el domingo, 1 de octubre, se registraron precios negativos en los mercados alem\u00e1n, belga, franc\u00e9s y neerland\u00e9s.<\/p>\n<p>No obstante, en la cuarta semana de septiembre, tambi\u00e9n se alcanzaron precios horarios superiores a 200&nbsp;\u20ac\/MWh en varios mercados. El lunes 25 de septiembre se super\u00f3 esta cantidad durante dos horas en el mercado belga. En los mercados alem\u00e1n y neerland\u00e9s, adem\u00e1s del d\u00eda 25, se registraron precios por encima de 200&nbsp;\u20ac\/MWh los d\u00edas 26, 27 y 28 de septiembre. El precio m\u00e1s elevado, de 379,59&nbsp;\u20ac\/MWh, se registr\u00f3 el lunes 25 de septiembre, de 19:00 a 20:00, en Alemania y los Pa\u00edses Bajos.<\/p>\n<p>Durante la semana del 25 de septiembre, el incremento del precio promedio del gas, el aumento de la demanda el\u00e9ctrica en la mayor\u00eda de los mercados y el descenso generalizado de la producci\u00f3n e\u00f3lica propiciaron la subida de los precios de los mercados el\u00e9ctricos europeos.<\/p>\n<div style='margin-top: 20px;margin-bottom: 20px;'><a title='solar pan- els sunrise' href='https:\/\/aleasoft.com\/wp-content\/uploads\/2018\/12\/aleasoft-solar-panels-sunrise.jpg'><img class='aligncenter' src='https:\/\/aleasoft.com\/wp-content\/uploads\/2018\/12\/aleasoft-solar-panels-sunrise.jpg' alt='solar pan- els sunrise' width='740'\/><\/a><\/div>\n<p>Las <a href=\"https:\/\/aleasoft.com\/es\/productos-y-servicios\/previsiones-de-precios-de-energia\/\">previsiones de precios<\/a> de <strong>AleaSoft Energy Forecasting<\/strong> indican que en la primera semana de octubre los precios de la mayor\u00eda de los mercados el\u00e9ctricos europeos analizados podr\u00edan disminuir, influenciados por el incremento de la producci\u00f3n e\u00f3lica en algunos mercados.<\/p>\n<div style='margin-top: 20px;margin-bottom: 20px;'><a title='AleaSoft - Precios mercados europeos electricidad' href='https:\/\/aleasoft.com\/wp-content\/uploads\/2023\/10\/20231002-AleaSoft-Precios-mercados-europeos-electricidad.png'><img class='aligncenter' src='https:\/\/aleasoft.com\/wp-content\/uploads\/2023\/10\/20231002-AleaSoft-Precios-mercados-europeos-electricidad.png' alt='AleaSoft - Precios mercados europeos electricidad' width='740'\/><\/a><span style='font-size: small;'>Fuente: Elaborado por AleaSoft Energy Forecasting con datos de OMIE, , Nord Pool y GME.<\/span><\/div>\n<h2>Brent, combustibles y CO<sub>2<\/sub><\/h2>\n<p>Los futuros de <strong>petr\u00f3leo Brent<\/strong> para el Front\u2011Month en el <strong>mercado ICE<\/strong> registraron su precio de cierre m\u00ednimo semanal, de 93,29&nbsp;$\/bbl, el lunes 25 de septiembre. Este precio fue un 1,2% menor al del lunes anterior, pero 0,02&nbsp;$\/bbl mayor al del viernes de la semana precedente. Los aumentos continuaron hasta alcanzar el precio de cierre m\u00e1ximo semanal, de 96,55&nbsp;$\/bbl, el 27 de septiembre. Este precio fue un 3,2% mayor al del mi\u00e9rcoles anterior y el m\u00e1s alto desde el 7 de noviembre de 2022. Posteriormente, los precios descendieron ligeramente, pero se mantuvieron por encima de 95&nbsp;$\/bbl. El precio de cierre del viernes 29 de septiembre fue de 95,31&nbsp;$\/bbl, un 2,2% mayor al del viernes anterior.<\/p>\n<p>En la cuarta semana de septiembre, los recortes de producci\u00f3n de Arabia Saud\u00ed y Rusia, junto con los datos sobre el descenso de las reservas de crudo de Estados Unidos, propiciaron que los precios de cierre de los futuros de petr\u00f3leo Brent aumentaran hasta alcanzar los 96,55&nbsp;$\/bbl el 27 de septiembre. Sin embargo, la preocupaci\u00f3n por la evoluci\u00f3n de la econom\u00eda dio lugar a ligeros descensos de precios en las \u00faltimas sesiones de la semana. Los datos publicados el s\u00e1bado 30 de septiembre sobre la evoluci\u00f3n de la econom\u00eda china podr\u00edan favorecer aumentos de precios en los primeros d\u00edas de octubre. Tambi\u00e9n podr\u00eda ejercer su influencia al alza sobre los precios el incremento de la demanda asociado a la aviaci\u00f3n por el aumento de los viajes durante el per\u00edodo vacacional en China.<\/p>\n<p>En cuanto a los futuros de <strong>gas TTF<\/strong> en el mercado ICE para el Front\u2011Month, el lunes 25 de septiembre alcanzaron el precio de cierre m\u00e1ximo semanal, de 44,44&nbsp;\u20ac\/MWh. Este precio fue un 29% mayor al del lunes anterior y el m\u00e1s alto desde principios de abril. En cambio, el precio de cierre m\u00ednimo semanal, de 39,30&nbsp;\u20ac\/MWh, se registr\u00f3 el 27 de septiembre. Pese al descenso, este precio todav\u00eda fue un 5,4% mayor al del mi\u00e9rcoles anterior. En las \u00faltimas sesiones de la semana, los precios aumentaron de nuevo. Como resultado, el precio de cierre del viernes 29 de septiembre fue de 41,86&nbsp;\u20ac\/MWh, un 5,2% mayor al del viernes anterior.<\/p>\n<p>En la cuarta semana de septiembre, las expectativas de una mayor demanda por la cercan\u00eda del invierno y el descenso de la producci\u00f3n renovable propiciaron que el lunes se alcanzase el precio m\u00e1s alto de los \u00faltimos meses. Sin embargo, los elevados niveles de las reservas europeas y las perspectivas de temperaturas suaves, as\u00ed como mayores niveles de suministro permitieron que posteriormente se registraran precios inferiores.<\/p>\n<p>Por lo que respecta a los futuros de <strong>derechos de emisi\u00f3n de CO<sub>2<\/sub><\/strong> en el <strong>mercado EEX<\/strong> para el contrato de referencia de diciembre de 2023, el lunes 25 de septiembre se alcanz\u00f3 el precio de cierre m\u00e1ximo semanal, de 85,27&nbsp;\u20ac\/t. Este precio fue un 5,5% mayor al del lunes anterior. Sin embargo, este precio fue ya ligeramente inferior al del viernes anterior, de 85,48&nbsp;\u20ac\/t. En la mayor\u00eda de las sesiones de la cuarta semana de septiembre se registraron descensos de precios. Como consecuencia, el precio de cierre m\u00ednimo semanal, de 81,67&nbsp;\u20ac\/t, se registr\u00f3 el viernes 29 de septiembre y fue un 4,5% menor al del viernes anterior.<\/p>\n<div style='margin-top: 20px;margin-bottom: 20px;'><a title='AleaSoft - Precios gas carbon Brent CO2' href='https:\/\/aleasoft.com\/wp-content\/uploads\/2023\/10\/20231002-AleaSoft-Precios-gas-carbon-Brent-CO2.png'><img class='aligncenter' src='https:\/\/aleasoft.com\/wp-content\/uploads\/2023\/10\/20231002-AleaSoft-Precios-gas-carbon-Brent-CO2.png' alt='AleaSoft - Precios gas carbon Brent CO2' width='740'\/><\/a><span style='font-size: small;'>Fuente: Elaborado por AleaSoft Energy Forecasting con datos de ICE y EEX.<\/span><\/div>\n<h2>An\u00e1lisis de AleaSoft Energy Forecasting sobre las perspectivas de los mercados de energ\u00eda en Europa y la financiaci\u00f3n y valoraci\u00f3n de proyectos renovables<\/h2>\n<p>Los d\u00edas 4 y 5 de octubre <strong>UNEF<\/strong> celebra el <strong>X Foro Solar<\/strong>. Un a\u00f1o m\u00e1s, <strong>AleaSoft Energy Forecasting<\/strong> ser\u00e1 uno de los patrocinadores del evento. El jueves 5, a las 17:30, Antonio Delgado Rigal, el CEO de <strong>AleaSoft Energy Forecasting<\/strong>, participar\u00e1 en la mesa \u201c\u00bfHan cambiado las prioridades en el an\u00e1lisis de los riesgos de financiaci\u00f3n?\u201d para analizar el impacto de las expectativas de precios de los mercados el\u00e9ctricos en las condiciones de financiaci\u00f3n de <strong>proyectos fotovoltaicos<\/strong> y su rentabilidad.<\/p>\n<p>El pr\u00f3ximo <a href=\"https:\/\/aleasoft.com\/es\/webinars-sobre-mercados-sector-energia\/perspectivas-mercados-energia-europa-invierno-2023-2024-financiacion-proyectos-renovables\/\">webinar<\/a> de la <a href=\"https:\/\/aleasoft.com\/es\/webinars-sobre-mercados-sector-energia\/\">serie de webinars mensuales<\/a> de <strong>AleaSoft Energy Forecasting<\/strong> y <strong>AleaGreen<\/strong> se celebrar\u00e1 el jueves 19 de octubre. En el webinar, se analizar\u00e1n las perspectivas de los mercados de energ\u00eda europeos para el invierno 2023\u20112024<strong>.<\/strong> En esta ocasi\u00f3n participar\u00e1n ponentes de <strong>Deloitte<\/strong>, que repiten por cuarta vez, los cuales aportar\u00e1n su visi\u00f3n y experiencia sobre la <strong>financiaci\u00f3n de proyectos de energ\u00edas renovables<\/strong> y la importancia de las previsiones en las <strong>auditor\u00edas<\/strong> y la <strong>valoraci\u00f3n de carteras<\/strong>.<\/p>\n<p>Fuente: <strong>AleaSoft Energy Forecasting<\/strong>.<br \/>\n&nbsp;<br \/>\n<script type=\"text\/javascript\">\nwindow.addEventListener('load', function(event){\n        document.getElementById('alea-banner-elementor-template').remove();\n    }\n)\n<\/script><br \/>\n<a href='https:\/\/aleasoft.com\/es\/productos-y-servicios\/previsiones-de-precios-de-energia\/?tab=largo-plazo\/' class='alea-banner-link' data-alea-gtm-event-category='banner-horizontal' data-alea-gtm-event-label='lp'><img class='aligncenter' src='https:\/\/aleasoft.com\/wp-content\/uploads\/2021\/03\/servicio-previsiones-largo-plazo.jpg' alt='Previsiones de largo plazo' style='width: 100%; object-position: center;'\/><\/a><br \/>\n&nbsp;<\/p>\n","protected":false},"excerpt":{"rendered":"<p>AleaSoft Energy Forecasting, 2 de octubre de 2023. En la \u00faltima semana de septiembre, los precios de los mercados el\u00e9ctricos europeos subieron respecto a la semana anterior. En la mayor\u00eda el promedio semanal fue superior a 100 \u20ac\/MWh y en varios mercados se registraron algunos precios horarios por encima de 200&nbsp;\u20ac\/MWh. La subida de los [&hellip;]<\/p>\n","protected":false},"author":1,"featured_media":137121,"comment_status":"closed","ping_status":"closed","sticky":false,"template":"","format":"standard","meta":{"footnotes":""},"categories":[568],"tags":[],"class_list":["post-137102","post","type-post","status-publish","format-standard","has-post-thumbnail","hentry","category-noticias"],"yoast_head":"<!-- This site is optimized with the Yoast SEO Premium plugin v27.4 (Yoast SEO v27.5) - https:\/\/yoast.com\/product\/yoast-seo-premium-wordpress\/ -->\n<title>Mayor demanda y menor e\u00f3lica empujan al alza los precios de los mercados el\u00e9ctricos europeos con la ayuda del gas - AleaSoft Energy Forecasting<\/title>\n<meta name=\"description\" content=\"En la \u00faltima semana de septiembre, los precios de los mercados el\u00e9ctricos europeos subieron respecto a la semana anterior.\" \/>\n<meta name=\"robots\" content=\"index, follow, max-snippet:-1, max-image-preview:large, max-video-preview:-1\" \/>\n<link rel=\"canonical\" href=\"https:\/\/aleasoft.com\/es\/mayor-demanda-menor-eolica-gas-empujan-alza-precios-mercados-electricos-europeos\/\" \/>\n<meta property=\"og:locale\" content=\"es_ES\" \/>\n<meta property=\"og:type\" content=\"article\" \/>\n<meta property=\"og:title\" content=\"Mayor demanda y menor e\u00f3lica empujan al alza los precios de los mercados el\u00e9ctricos europeos con la ayuda del gas\" \/>\n<meta property=\"og:description\" content=\"En la \u00faltima semana de septiembre, los precios de los mercados el\u00e9ctricos europeos subieron respecto a la semana anterior.\" \/>\n<meta property=\"og:url\" content=\"https:\/\/aleasoft.com\/es\/mayor-demanda-menor-eolica-gas-empujan-alza-precios-mercados-electricos-europeos\/\" \/>\n<meta property=\"og:site_name\" content=\"AleaSoft Energy Forecasting\" \/>\n<meta property=\"article:publisher\" content=\"https:\/\/www.facebook.com\/AleaSoft\/\" \/>\n<meta property=\"article:published_time\" content=\"2023-10-02T12:32:11+00:00\" \/>\n<meta property=\"article:modified_time\" content=\"2023-10-04T09:08:12+00:00\" \/>\n<meta property=\"og:image\" content=\"https:\/\/aleasoft.com\/wp-content\/uploads\/2023\/10\/20231002-AleaSoft-Precios-mercados-europeos-electricidad.png\" \/>\n\t<meta property=\"og:image:width\" content=\"2282\" \/>\n\t<meta property=\"og:image:height\" content=\"1589\" \/>\n\t<meta property=\"og:image:type\" content=\"image\/png\" \/>\n<meta name=\"author\" content=\"AleaSoft Energy Forecasting\" \/>\n<meta name=\"twitter:card\" content=\"summary_large_image\" \/>\n<meta name=\"twitter:creator\" content=\"@AleaSoftEnergy\" \/>\n<meta name=\"twitter:site\" content=\"@AleaSoftEnergy\" \/>\n<meta name=\"twitter:label1\" content=\"Escrito por\" \/>\n\t<meta name=\"twitter:data1\" content=\"AleaSoft Energy Forecasting\" \/>\n\t<meta name=\"twitter:label2\" content=\"Tiempo de lectura\" \/>\n\t<meta name=\"twitter:data2\" content=\"9 minutos\" \/>\n<script type=\"application\/ld+json\" class=\"yoast-schema-graph\">{\"@context\":\"https:\\\/\\\/schema.org\",\"@graph\":[{\"@type\":\"Article\",\"@id\":\"https:\\\/\\\/aleasoft.com\\\/es\\\/mayor-demanda-menor-eolica-gas-empujan-alza-precios-mercados-electricos-europeos\\\/#article\",\"isPartOf\":{\"@id\":\"https:\\\/\\\/aleasoft.com\\\/es\\\/mayor-demanda-menor-eolica-gas-empujan-alza-precios-mercados-electricos-europeos\\\/\"},\"author\":{\"name\":\"AleaSoft Energy Forecasting\",\"@id\":\"https:\\\/\\\/aleasoft.com\\\/#\\\/schema\\\/person\\\/99ee8b0f2ecbd56ba78005c6b7864d67\"},\"headline\":\"Mayor demanda y menor e\u00f3lica empujan al alza los precios de los mercados el\u00e9ctricos europeos con la ayuda del gas\",\"datePublished\":\"2023-10-02T12:32:11+00:00\",\"dateModified\":\"2023-10-04T09:08:12+00:00\",\"mainEntityOfPage\":{\"@id\":\"https:\\\/\\\/aleasoft.com\\\/es\\\/mayor-demanda-menor-eolica-gas-empujan-alza-precios-mercados-electricos-europeos\\\/\"},\"wordCount\":2071,\"publisher\":{\"@id\":\"https:\\\/\\\/aleasoft.com\\\/#organization\"},\"image\":{\"@id\":\"https:\\\/\\\/aleasoft.com\\\/es\\\/mayor-demanda-menor-eolica-gas-empujan-alza-precios-mercados-electricos-europeos\\\/#primaryimage\"},\"thumbnailUrl\":\"https:\\\/\\\/aleasoft.com\\\/wp-content\\\/uploads\\\/2023\\\/10\\\/20231002-AleaSoft-Precios-mercados-europeos-electricidad.png\",\"articleSection\":[\"Noticias\"],\"inLanguage\":\"es\"},{\"@type\":\"WebPage\",\"@id\":\"https:\\\/\\\/aleasoft.com\\\/es\\\/mayor-demanda-menor-eolica-gas-empujan-alza-precios-mercados-electricos-europeos\\\/\",\"url\":\"https:\\\/\\\/aleasoft.com\\\/es\\\/mayor-demanda-menor-eolica-gas-empujan-alza-precios-mercados-electricos-europeos\\\/\",\"name\":\"Mayor demanda y menor e\u00f3lica empujan al alza los precios de los mercados el\u00e9ctricos europeos con la ayuda del gas - AleaSoft Energy Forecasting\",\"isPartOf\":{\"@id\":\"https:\\\/\\\/aleasoft.com\\\/#website\"},\"primaryImageOfPage\":{\"@id\":\"https:\\\/\\\/aleasoft.com\\\/es\\\/mayor-demanda-menor-eolica-gas-empujan-alza-precios-mercados-electricos-europeos\\\/#primaryimage\"},\"image\":{\"@id\":\"https:\\\/\\\/aleasoft.com\\\/es\\\/mayor-demanda-menor-eolica-gas-empujan-alza-precios-mercados-electricos-europeos\\\/#primaryimage\"},\"thumbnailUrl\":\"https:\\\/\\\/aleasoft.com\\\/wp-content\\\/uploads\\\/2023\\\/10\\\/20231002-AleaSoft-Precios-mercados-europeos-electricidad.png\",\"datePublished\":\"2023-10-02T12:32:11+00:00\",\"dateModified\":\"2023-10-04T09:08:12+00:00\",\"description\":\"En la \u00faltima semana de septiembre, los precios de los mercados el\u00e9ctricos europeos subieron respecto a la semana anterior.\",\"breadcrumb\":{\"@id\":\"https:\\\/\\\/aleasoft.com\\\/es\\\/mayor-demanda-menor-eolica-gas-empujan-alza-precios-mercados-electricos-europeos\\\/#breadcrumb\"},\"inLanguage\":\"es\",\"potentialAction\":[{\"@type\":\"ReadAction\",\"target\":[\"https:\\\/\\\/aleasoft.com\\\/es\\\/mayor-demanda-menor-eolica-gas-empujan-alza-precios-mercados-electricos-europeos\\\/\"]}]},{\"@type\":\"ImageObject\",\"inLanguage\":\"es\",\"@id\":\"https:\\\/\\\/aleasoft.com\\\/es\\\/mayor-demanda-menor-eolica-gas-empujan-alza-precios-mercados-electricos-europeos\\\/#primaryimage\",\"url\":\"https:\\\/\\\/aleasoft.com\\\/wp-content\\\/uploads\\\/2023\\\/10\\\/20231002-AleaSoft-Precios-mercados-europeos-electricidad.png\",\"contentUrl\":\"https:\\\/\\\/aleasoft.com\\\/wp-content\\\/uploads\\\/2023\\\/10\\\/20231002-AleaSoft-Precios-mercados-europeos-electricidad.png\",\"width\":2048,\"height\":1426},{\"@type\":\"BreadcrumbList\",\"@id\":\"https:\\\/\\\/aleasoft.com\\\/es\\\/mayor-demanda-menor-eolica-gas-empujan-alza-precios-mercados-electricos-europeos\\\/#breadcrumb\",\"itemListElement\":[{\"@type\":\"ListItem\",\"position\":1,\"name\":\"Home\",\"item\":\"https:\\\/\\\/aleasoft.com\\\/es\\\/\"},{\"@type\":\"ListItem\",\"position\":2,\"name\":\"Mayor demanda y menor e\u00f3lica empujan al alza los precios de los mercados el\u00e9ctricos europeos con la ayuda del gas\"}]},{\"@type\":\"WebSite\",\"@id\":\"https:\\\/\\\/aleasoft.com\\\/#website\",\"url\":\"https:\\\/\\\/aleasoft.com\\\/\",\"name\":\"AleaSoft Energy Forecasting\",\"description\":\"Energy Forecasting\",\"publisher\":{\"@id\":\"https:\\\/\\\/aleasoft.com\\\/#organization\"},\"potentialAction\":[{\"@type\":\"SearchAction\",\"target\":{\"@type\":\"EntryPoint\",\"urlTemplate\":\"https:\\\/\\\/aleasoft.com\\\/?s={search_term_string}\"},\"query-input\":{\"@type\":\"PropertyValueSpecification\",\"valueRequired\":true,\"valueName\":\"search_term_string\"}}],\"inLanguage\":\"es\"},{\"@type\":\"Organization\",\"@id\":\"https:\\\/\\\/aleasoft.com\\\/#organization\",\"name\":\"AleaSoft Energy Forecasting\",\"url\":\"https:\\\/\\\/aleasoft.com\\\/\",\"logo\":{\"@type\":\"ImageObject\",\"inLanguage\":\"es\",\"@id\":\"https:\\\/\\\/aleasoft.com\\\/#\\\/schema\\\/logo\\\/image\\\/\",\"url\":\"https:\\\/\\\/aleasoft.com\\\/wp-content\\\/uploads\\\/2020\\\/01\\\/logo-alea-25.svg\",\"contentUrl\":\"https:\\\/\\\/aleasoft.com\\\/wp-content\\\/uploads\\\/2020\\\/01\\\/logo-alea-25.svg\",\"width\":7047,\"height\":1416,\"caption\":\"AleaSoft Energy Forecasting\"},\"image\":{\"@id\":\"https:\\\/\\\/aleasoft.com\\\/#\\\/schema\\\/logo\\\/image\\\/\"},\"sameAs\":[\"https:\\\/\\\/www.facebook.com\\\/AleaSoft\\\/\",\"https:\\\/\\\/x.com\\\/AleaSoftEnergy\",\"https:\\\/\\\/www.linkedin.com\\\/company\\\/aleasoft\\\/\"]},{\"@type\":\"Person\",\"@id\":\"https:\\\/\\\/aleasoft.com\\\/#\\\/schema\\\/person\\\/99ee8b0f2ecbd56ba78005c6b7864d67\",\"name\":\"AleaSoft Energy Forecasting\",\"image\":{\"@type\":\"ImageObject\",\"inLanguage\":\"es\",\"@id\":\"https:\\\/\\\/secure.gravatar.com\\\/avatar\\\/3ce8db70bda469bc8382df5990537888cf96f625c0fde5b0292ff5ab10560f88?s=96&d=mm&r=g\",\"url\":\"https:\\\/\\\/secure.gravatar.com\\\/avatar\\\/3ce8db70bda469bc8382df5990537888cf96f625c0fde5b0292ff5ab10560f88?s=96&d=mm&r=g\",\"contentUrl\":\"https:\\\/\\\/secure.gravatar.com\\\/avatar\\\/3ce8db70bda469bc8382df5990537888cf96f625c0fde5b0292ff5ab10560f88?s=96&d=mm&r=g\",\"caption\":\"AleaSoft Energy Forecasting\"},\"sameAs\":[\"http:\\\/\\\/aleasoft.com\"]}]}<\/script>\n<!-- \/ Yoast SEO Premium plugin. -->","yoast_head_json":{"title":"Mayor demanda y menor e\u00f3lica empujan al alza los precios de los mercados el\u00e9ctricos europeos con la ayuda del gas - AleaSoft Energy Forecasting","description":"En la \u00faltima semana de septiembre, los precios de los mercados el\u00e9ctricos europeos subieron respecto a la semana anterior.","robots":{"index":"index","follow":"follow","max-snippet":"max-snippet:-1","max-image-preview":"max-image-preview:large","max-video-preview":"max-video-preview:-1"},"canonical":"https:\/\/aleasoft.com\/es\/mayor-demanda-menor-eolica-gas-empujan-alza-precios-mercados-electricos-europeos\/","og_locale":"es_ES","og_type":"article","og_title":"Mayor demanda y menor e\u00f3lica empujan al alza los precios de los mercados el\u00e9ctricos europeos con la ayuda del gas","og_description":"En la \u00faltima semana de septiembre, los precios de los mercados el\u00e9ctricos europeos subieron respecto a la semana anterior.","og_url":"https:\/\/aleasoft.com\/es\/mayor-demanda-menor-eolica-gas-empujan-alza-precios-mercados-electricos-europeos\/","og_site_name":"AleaSoft Energy Forecasting","article_publisher":"https:\/\/www.facebook.com\/AleaSoft\/","article_published_time":"2023-10-02T12:32:11+00:00","article_modified_time":"2023-10-04T09:08:12+00:00","og_image":[{"width":2282,"height":1589,"url":"https:\/\/aleasoft.com\/wp-content\/uploads\/2023\/10\/20231002-AleaSoft-Precios-mercados-europeos-electricidad.png","type":"image\/png"}],"author":"AleaSoft Energy Forecasting","twitter_card":"summary_large_image","twitter_creator":"@AleaSoftEnergy","twitter_site":"@AleaSoftEnergy","twitter_misc":{"Escrito por":"AleaSoft Energy Forecasting","Tiempo de lectura":"9 minutos"},"schema":{"@context":"https:\/\/schema.org","@graph":[{"@type":"Article","@id":"https:\/\/aleasoft.com\/es\/mayor-demanda-menor-eolica-gas-empujan-alza-precios-mercados-electricos-europeos\/#article","isPartOf":{"@id":"https:\/\/aleasoft.com\/es\/mayor-demanda-menor-eolica-gas-empujan-alza-precios-mercados-electricos-europeos\/"},"author":{"name":"AleaSoft Energy Forecasting","@id":"https:\/\/aleasoft.com\/#\/schema\/person\/99ee8b0f2ecbd56ba78005c6b7864d67"},"headline":"Mayor demanda y menor e\u00f3lica empujan al alza los precios de los mercados el\u00e9ctricos europeos con la ayuda del gas","datePublished":"2023-10-02T12:32:11+00:00","dateModified":"2023-10-04T09:08:12+00:00","mainEntityOfPage":{"@id":"https:\/\/aleasoft.com\/es\/mayor-demanda-menor-eolica-gas-empujan-alza-precios-mercados-electricos-europeos\/"},"wordCount":2071,"publisher":{"@id":"https:\/\/aleasoft.com\/#organization"},"image":{"@id":"https:\/\/aleasoft.com\/es\/mayor-demanda-menor-eolica-gas-empujan-alza-precios-mercados-electricos-europeos\/#primaryimage"},"thumbnailUrl":"https:\/\/aleasoft.com\/wp-content\/uploads\/2023\/10\/20231002-AleaSoft-Precios-mercados-europeos-electricidad.png","articleSection":["Noticias"],"inLanguage":"es"},{"@type":"WebPage","@id":"https:\/\/aleasoft.com\/es\/mayor-demanda-menor-eolica-gas-empujan-alza-precios-mercados-electricos-europeos\/","url":"https:\/\/aleasoft.com\/es\/mayor-demanda-menor-eolica-gas-empujan-alza-precios-mercados-electricos-europeos\/","name":"Mayor demanda y menor e\u00f3lica empujan al alza los precios de los mercados el\u00e9ctricos europeos con la ayuda del gas - AleaSoft Energy Forecasting","isPartOf":{"@id":"https:\/\/aleasoft.com\/#website"},"primaryImageOfPage":{"@id":"https:\/\/aleasoft.com\/es\/mayor-demanda-menor-eolica-gas-empujan-alza-precios-mercados-electricos-europeos\/#primaryimage"},"image":{"@id":"https:\/\/aleasoft.com\/es\/mayor-demanda-menor-eolica-gas-empujan-alza-precios-mercados-electricos-europeos\/#primaryimage"},"thumbnailUrl":"https:\/\/aleasoft.com\/wp-content\/uploads\/2023\/10\/20231002-AleaSoft-Precios-mercados-europeos-electricidad.png","datePublished":"2023-10-02T12:32:11+00:00","dateModified":"2023-10-04T09:08:12+00:00","description":"En la \u00faltima semana de septiembre, los precios de los mercados el\u00e9ctricos europeos subieron respecto a la semana anterior.","breadcrumb":{"@id":"https:\/\/aleasoft.com\/es\/mayor-demanda-menor-eolica-gas-empujan-alza-precios-mercados-electricos-europeos\/#breadcrumb"},"inLanguage":"es","potentialAction":[{"@type":"ReadAction","target":["https:\/\/aleasoft.com\/es\/mayor-demanda-menor-eolica-gas-empujan-alza-precios-mercados-electricos-europeos\/"]}]},{"@type":"ImageObject","inLanguage":"es","@id":"https:\/\/aleasoft.com\/es\/mayor-demanda-menor-eolica-gas-empujan-alza-precios-mercados-electricos-europeos\/#primaryimage","url":"https:\/\/aleasoft.com\/wp-content\/uploads\/2023\/10\/20231002-AleaSoft-Precios-mercados-europeos-electricidad.png","contentUrl":"https:\/\/aleasoft.com\/wp-content\/uploads\/2023\/10\/20231002-AleaSoft-Precios-mercados-europeos-electricidad.png","width":2048,"height":1426},{"@type":"BreadcrumbList","@id":"https:\/\/aleasoft.com\/es\/mayor-demanda-menor-eolica-gas-empujan-alza-precios-mercados-electricos-europeos\/#breadcrumb","itemListElement":[{"@type":"ListItem","position":1,"name":"Home","item":"https:\/\/aleasoft.com\/es\/"},{"@type":"ListItem","position":2,"name":"Mayor demanda y menor e\u00f3lica empujan al alza los precios de los mercados el\u00e9ctricos europeos con la ayuda del gas"}]},{"@type":"WebSite","@id":"https:\/\/aleasoft.com\/#website","url":"https:\/\/aleasoft.com\/","name":"AleaSoft Energy Forecasting","description":"Energy Forecasting","publisher":{"@id":"https:\/\/aleasoft.com\/#organization"},"potentialAction":[{"@type":"SearchAction","target":{"@type":"EntryPoint","urlTemplate":"https:\/\/aleasoft.com\/?s={search_term_string}"},"query-input":{"@type":"PropertyValueSpecification","valueRequired":true,"valueName":"search_term_string"}}],"inLanguage":"es"},{"@type":"Organization","@id":"https:\/\/aleasoft.com\/#organization","name":"AleaSoft Energy Forecasting","url":"https:\/\/aleasoft.com\/","logo":{"@type":"ImageObject","inLanguage":"es","@id":"https:\/\/aleasoft.com\/#\/schema\/logo\/image\/","url":"https:\/\/aleasoft.com\/wp-content\/uploads\/2020\/01\/logo-alea-25.svg","contentUrl":"https:\/\/aleasoft.com\/wp-content\/uploads\/2020\/01\/logo-alea-25.svg","width":7047,"height":1416,"caption":"AleaSoft Energy Forecasting"},"image":{"@id":"https:\/\/aleasoft.com\/#\/schema\/logo\/image\/"},"sameAs":["https:\/\/www.facebook.com\/AleaSoft\/","https:\/\/x.com\/AleaSoftEnergy","https:\/\/www.linkedin.com\/company\/aleasoft\/"]},{"@type":"Person","@id":"https:\/\/aleasoft.com\/#\/schema\/person\/99ee8b0f2ecbd56ba78005c6b7864d67","name":"AleaSoft Energy Forecasting","image":{"@type":"ImageObject","inLanguage":"es","@id":"https:\/\/secure.gravatar.com\/avatar\/3ce8db70bda469bc8382df5990537888cf96f625c0fde5b0292ff5ab10560f88?s=96&d=mm&r=g","url":"https:\/\/secure.gravatar.com\/avatar\/3ce8db70bda469bc8382df5990537888cf96f625c0fde5b0292ff5ab10560f88?s=96&d=mm&r=g","contentUrl":"https:\/\/secure.gravatar.com\/avatar\/3ce8db70bda469bc8382df5990537888cf96f625c0fde5b0292ff5ab10560f88?s=96&d=mm&r=g","caption":"AleaSoft Energy Forecasting"},"sameAs":["http:\/\/aleasoft.com"]}]}},"_links":{"self":[{"href":"https:\/\/aleasoft.com\/es\/wp-json\/wp\/v2\/posts\/137102","targetHints":{"allow":["GET"]}}],"collection":[{"href":"https:\/\/aleasoft.com\/es\/wp-json\/wp\/v2\/posts"}],"about":[{"href":"https:\/\/aleasoft.com\/es\/wp-json\/wp\/v2\/types\/post"}],"author":[{"embeddable":true,"href":"https:\/\/aleasoft.com\/es\/wp-json\/wp\/v2\/users\/1"}],"replies":[{"embeddable":true,"href":"https:\/\/aleasoft.com\/es\/wp-json\/wp\/v2\/comments?post=137102"}],"version-history":[{"count":0,"href":"https:\/\/aleasoft.com\/es\/wp-json\/wp\/v2\/posts\/137102\/revisions"}],"wp:featuredmedia":[{"embeddable":true,"href":"https:\/\/aleasoft.com\/es\/wp-json\/wp\/v2\/media\/137121"}],"wp:attachment":[{"href":"https:\/\/aleasoft.com\/es\/wp-json\/wp\/v2\/media?parent=137102"}],"wp:term":[{"taxonomy":"category","embeddable":true,"href":"https:\/\/aleasoft.com\/es\/wp-json\/wp\/v2\/categories?post=137102"},{"taxonomy":"post_tag","embeddable":true,"href":"https:\/\/aleasoft.com\/es\/wp-json\/wp\/v2\/tags?post=137102"}],"curies":[{"name":"wp","href":"https:\/\/api.w.org\/{rel}","templated":true}]}}