{"id":141877,"date":"2024-03-04T15:02:20","date_gmt":"2024-03-04T14:02:20","guid":{"rendered":"https:\/\/aleasoft.com\/?p=141877"},"modified":"2024-03-04T15:02:59","modified_gmt":"2024-03-04T14:02:59","slug":"record-precio-minimo-semanal-espanna-energia-eolica","status":"publish","type":"post","link":"https:\/\/aleasoft.com\/es\/record-precio-minimo-semanal-espanna-energia-eolica\/","title":{"rendered":"La energ\u00eda e\u00f3lica lleva los precios del mercado el\u00e9ctrico espa\u00f1ol a la semana m\u00e1s baja de toda su historia"},"content":{"rendered":"<p><strong>AleaSoft Energy Forecasting, 4 de marzo de 2024. En la semana del 26 de febrero, los precios de los mercados el\u00e9ctricos europeos fueron superiores a los de la semana anterior. La excepci\u00f3n fue el mercado ib\u00e9rico, donde los precios cayeron y fueron los m\u00e1s bajos, algo que ha estado sucediendo desde el 18 de febrero. La producci\u00f3n e\u00f3lica ib\u00e9rica semanal fue la m\u00e1s alta desde octubre lo que llev\u00f3 a alcanzar el menor precio promedio semanal de la historia en Espa\u00f1a. Los precios del gas y CO<sub>2<\/sub> frenaron la tendencia bajista y aumentaron respecto a la semana anterior.<\/strong><\/p>\n<h2>Producci\u00f3n solar fotovoltaica y termoel\u00e9ctrica y producci\u00f3n e\u00f3lica<\/h2>\n<p>En la semana del 26 de febrero, la <strong>producci\u00f3n solar<\/strong> aument\u00f3 en la mayor\u00eda de los principales mercados el\u00e9ctricos europeos en comparaci\u00f3n con la semana anterior, continuando la tendencia alcista por tercera semana consecutiva. Los aumentos oscilaron entre el 6,1% en Espa\u00f1a y el 30% en Alemania. Francia, con un aumento del 15%, revirti\u00f3 la ca\u00edda de la semana anterior. Italia, por el contrario, registr\u00f3 una ca\u00edda de la producci\u00f3n solar del 17% por segunda semana consecutiva.<\/p>\n<p>Con la cercan\u00eda de la primavera y el aumento de las horas de luz, la <strong>producci\u00f3n fotovoltaica<\/strong> diaria en algunos mercados volvi\u00f3 a los niveles vistos por \u00faltima vez en oto\u00f1o. El 28 de febrero, el mercado portugu\u00e9s gener\u00f3 14\u00a0GWh, el valor m\u00e1s alto desde finales de septiembre y tambi\u00e9n el valor m\u00e1s alto jam\u00e1s registrado para un mes de febrero, rompi\u00e9ndose el r\u00e9cord anterior del 20 de febrero cuando la generaci\u00f3n alcanz\u00f3 los 13\u00a0GWh. Los mercados alem\u00e1n y espa\u00f1ol tambi\u00e9n registraron la mayor producci\u00f3n solar desde octubre, con 187\u00a0GWh generados el 3 de marzo en Alemania y 119\u00a0GWh generados el 1 de marzo en Espa\u00f1a.<\/p>\n<p>Para la semana del 4 de marzo, seg\u00fan las <a href=\"https:\/\/aleasoft.com\/es\/productos-y-servicios\/previsiones-de-energia-solar\/\">previsiones de producci\u00f3n solar<\/a> de <strong>AleaSoft Energy Forecasting<\/strong>, la tendencia alcista de esta semana continuar\u00e1 en Alemania e Italia. Sin embargo, se espera que el mercado espa\u00f1ol registre un descenso en la producci\u00f3n solar con respecto a la semana anterior.<\/p>\n<p><div style='margin-top: 20px;margin-bottom: 20px;'><a title='AleaSoft - Produccion solar fotovoltaica termosolar electricidad Europa' href='https:\/\/aleasoft.com\/wp-content\/uploads\/2024\/03\/20240304-AleaSoft-Produccion-solar-fotovoltaica-termosolar-electricidad-Europa.webp'><img class='aligncenter' src='https:\/\/aleasoft.com\/wp-content\/uploads\/2024\/03\/20240304-AleaSoft-Produccion-solar-fotovoltaica-termosolar-electricidad-Europa.webp' alt='AleaSoft - Produccion solar fotovoltaica termosolar electricidad Europa' width='740'\/><\/a><span style='font-size: small;'>Fuente: Elaborado por AleaSoft Energy Forecasting con datos de ENTSO-E, RTE, REN, REE y TERNA.<\/span><\/div><br \/>\n<div style='margin-top: 20px;margin-bottom: 20px;'><a title='AleaSoft - Perfil produccion solar fotovoltaica Europa' href='https:\/\/aleasoft.com\/wp-content\/uploads\/2024\/03\/20240304-AleaSoft-Perfil-produccion-solar-fotovoltaica-Europa.webp'><img class='aligncenter' src='https:\/\/aleasoft.com\/wp-content\/uploads\/2024\/03\/20240304-AleaSoft-Perfil-produccion-solar-fotovoltaica-Europa.webp' alt='AleaSoft - Perfil produccion solar fotovoltaica Europa' width='740'\/><\/a><span style='font-size: small;'>Fuente: Elaborado por AleaSoft Energy Forecasting con datos de ENTSO-E, RTE, REN, REE y TERNA.<\/span><\/div><\/p>\n<p>En la semana del 26 de febrero, la <strong>producci\u00f3n e\u00f3lica<\/strong> aument\u00f3 por segunda semana consecutiva en la pen\u00ednsula ib\u00e9rica e Italia. En ambos casos el aumento fue del 11%. Los mercados alem\u00e1n y franc\u00e9s revirtieron la tendencia alcista de la semana anterior y registraron descensos de producci\u00f3n del 47% y el 12% respectivamente.<\/p>\n<p>El fuerte viento en la pen\u00ednsula ib\u00e9rica llev\u00f3 la producci\u00f3n semanal a niveles vistos por \u00faltima vez a finales de octubre. Durante la semana del 26 de febrero, el mercado espa\u00f1ol gener\u00f3 con esta tecnolog\u00eda 2102\u00a0GWh y el mercado portugu\u00e9s 546\u00a0GWh.<\/p>\n<p>Para la semana del 4 de marzo, las <a href=\"https:\/\/aleasoft.com\/es\/productos-y-servicios\/previsiones-energia-eolica\/\">previsiones de producci\u00f3n e\u00f3lica<\/a> de <strong>AleaSoft Energy Forecasting <\/strong>indican un aumento en Italia y Alemania, mientras que en Francia y la pen\u00ednsula ib\u00e9rica se espera que descienda.<\/p>\n<div style='margin-top: 20px;margin-bottom: 20px;'><a title='AleaSoft - Produccion eolica electricidad Europa' href='https:\/\/aleasoft.com\/wp-content\/uploads\/2024\/03\/20240304-AleaSoft-Produccion-eolica-electricidad-Europa.webp'><img class='aligncenter' src='https:\/\/aleasoft.com\/wp-content\/uploads\/2024\/03\/20240304-AleaSoft-Produccion-eolica-electricidad-Europa.webp' alt='AleaSoft - Produccion eolica electricidad Europa' width='740'\/><\/a><span style='font-size: small;'>Fuente: Elaborado por AleaSoft Energy Forecasting con datos de ENTSO-E, RTE, REN, REE y TERNA.<\/span><\/div>\n<h2>Demanda el\u00e9ctrica<\/h2>\n<p>En la semana del 26 de febrero, la <strong>demanda el\u00e9ctrica<\/strong> aument\u00f3 por segunda semana consecutiva en la mayor\u00eda de los principales mercados el\u00e9ctricos europeos en comparaci\u00f3n con la semana anterior. El mercado portugu\u00e9s registr\u00f3 el mayor incremento, de un 5,7%. Los mercados belga, espa\u00f1ol e italiano registraron el menor aumento, de un 2,0% en cada caso, con Italia invirtiendo la tendencia a la baja de la semana anterior. S\u00f3lo en los mercados neerland\u00e9s y alem\u00e1n la demanda disminuy\u00f3, unos 5,3% y 4,0% respectivamente. Esta fue la tercera ca\u00edda semanal consecutiva para los Pa\u00edses Bajos, mientras que en el caso de Alemania se invirti\u00f3 la tendencia de la semana pasada.<\/p>\n<p>El aumento de la demanda estuvo relacionado con la ca\u00edda de las <strong>temperaturas medias<\/strong>. En la mayor\u00eda de los mercados europeos analizados, las temperaturas medias de la semana bajaron entre 0,6\u00b0C y 1,7\u00b0C en comparaci\u00f3n con la semana anterior. La excepci\u00f3n fue Italia, donde las temperaturas medias aumentaron 0,4\u00b0C.<\/p>\n<p>Para la semana del 4 de marzo, seg\u00fan las <a href=\"https:\/\/aleasoft.com\/es\/productos-y-servicios\/previsiones-de-la-demanda-de-energia\/\">previsiones de demanda<\/a> de <strong>AleaSoft Energy Forecasting, <\/strong>la tendencia alcista continuar\u00e1 y la demanda aumentar\u00e1 en B\u00e9lgica y la pen\u00ednsula ib\u00e9rica. Alemania y Pa\u00edses Bajos tambi\u00e9n ver\u00e1n un aumento en la demanda, revirtiendo la ca\u00edda de la semana anterior. Por el contrario, se espera que Francia, Italia y Gran Breta\u00f1a registren una ca\u00edda de la demanda.<\/p>\n<div style='margin-top: 20px;margin-bottom: 20px;'><a title='AleaSoft - Demanda electricidad paises Europa' href='https:\/\/aleasoft.com\/wp-content\/uploads\/2024\/03\/20240304-AleaSoft-Demanda-electricidad-paises-Europa.webp'><img class='aligncenter' src='https:\/\/aleasoft.com\/wp-content\/uploads\/2024\/03\/20240304-AleaSoft-Demanda-electricidad-paises-Europa.webp' alt='AleaSoft - Demanda electricidad paises Europa' width='740'\/><\/a><span style='font-size: small;'>Fuente: Elaborado por AleaSoft Energy Forecasting con datos de ENTSO-E, RTE, REN, REE, TERNA, National Grid y ELIA.<\/span><\/div>\n<h2>Mercados el\u00e9ctricos europeos<\/h2>\n<p>Tras la recuperaci\u00f3n registrada en los \u00faltimos d\u00edas de la semana previa, durante la semana del 26 de febrero, los precios de los principales mercados el\u00e9ctricos europeos oscilaron, registrando promedios superiores a los de la semana anterior en la mayor\u00eda de los casos. La excepci\u00f3n fue el <strong>mercado MIBEL<\/strong> de Espa\u00f1a y Portugal, con una ca\u00edda del 81%. Por otra parte, el <strong>mercado EPEX\u00a0SPOT<\/strong> de B\u00e9lgica y Francia alcanz\u00f3 la mayor subida, del 21%. En cambio, el <strong>mercado IPEX <\/strong>de Italia y el <strong>mercado Nord\u00a0Pool<\/strong> de los pa\u00edses n\u00f3rdicos registraron los menores incrementos, del 2,5% y el 4,5%, respectivamente. En el resto de los mercados analizados en <strong>AleaSoft Energy Forecasting<\/strong>, los precios aumentaron entre el 8,2% del <strong>mercado N2EX<\/strong> del Reino Unido y el 18% del mercado EPEX\u00a0SPOT de Alemania.<\/p>\n<p>En la \u00faltima semana de febrero, los promedios semanales fueron inferiores a 70\u00a0\u20ac\/MWh en la mayor\u00eda de los mercados el\u00e9ctricos europeos analizados. Las excepciones fueron el mercado brit\u00e1nico, con un promedio de 72,22\u00a0\u20ac\/MWh, y el mercado italiano, con un promedio de 84,11\u00a0\u20ac\/MWh. En cambio, los mercados portugu\u00e9s y espa\u00f1ol registraron los menores precios semanales, de 4,52\u00a0\u20ac\/MWh y 4,53\u00a0\u20ac\/MWh, respectivamente. Estos precios fueron el m\u00e1s bajo de la historia en el mercado espa\u00f1ol y el segundo m\u00e1s bajo en el mercado portugu\u00e9s. En el resto de los mercados analizados, los precios estuvieron entre los 48,57\u00a0\u20ac\/MWh del mercado n\u00f3rdico y los 67,56\u00a0\u20ac\/MWh del mercado belga.<\/p>\n<p>Desde el 18 de febrero el mercado MIBEL ha registrado de forma consecutiva los precios diarios m\u00e1s bajos de entre los principales mercados el\u00e9ctricos europeos. Durante la semana del 26 de febrero, este mercado registr\u00f3 73\u00a0horas con precios inferiores a 1\u00a0\u20ac\/MWh. De estas, hubo 44 horas con un precio de 0\u00a0\u20ac\/MWh, catorce de las cuales se registraron el domingo 3 de marzo. Ese domingo, los niveles elevados de producci\u00f3n renovable e\u00f3lica y solar se unieron a la baja demanda propia de este d\u00eda de la semana.<\/p>\n<p>Durante la semana del 26 de febrero, el aumento del precio promedio del gas y de los derechos de emisi\u00f3n de CO<sub>2<\/sub> y el incremento de la demanda en la mayor\u00eda de los mercados analizados propiciaron el aumento de los precios de los mercados el\u00e9ctricos europeos. El descenso de la producci\u00f3n e\u00f3lica en mercados como el alem\u00e1n o el franc\u00e9s tambi\u00e9n contribuy\u00f3 a este comportamiento. Sin embargo, el incremento de la producci\u00f3n e\u00f3lica y solar en la pen\u00ednsula ib\u00e9rica tuvo como consecuencia importantes descensos de precios en el mercado MIBEL.<\/p>\n<div style='margin-top: 20px;margin-bottom: 20px;'><a title='AleaSoft - E\u00f3lica' href='https:\/\/aleasoft.com\/wp-content\/uploads\/2024\/03\/pexels-narcisa-aciko-1292464.webp'><img class='aligncenter' src='https:\/\/aleasoft.com\/wp-content\/uploads\/2024\/03\/pexels-narcisa-aciko-1292464.webp' alt='AleaSoft - E\u00f3lica' width='740'\/><\/a><\/div>\n<p>Las <a href=\"https:\/\/aleasoft.com\/es\/productos-y-servicios\/previsiones-de-precios-de-energia\/\">previsiones de precios<\/a> de <strong>AleaSoft Energy Forecasting<\/strong> indican que en la primera semana de marzo los precios de los mercados el\u00e9ctricos europeos podr\u00edan continuar aumentando. En el caso del mercado MIBEL, los precios tambi\u00e9n podr\u00edan empezar a recuperarse en esa semana. El incremento de la demanda y la ca\u00edda de la producci\u00f3n e\u00f3lica en la mayor\u00eda de los mercados propiciar\u00e1n este comportamiento. El descenso de la producci\u00f3n solar en el mercado espa\u00f1ol tambi\u00e9n contribuir\u00e1 a las subidas de precios en este mercado.<\/p>\n<div style='margin-top: 20px;margin-bottom: 20px;'><a title='AleaSoft - Precios mercados europeos electricidad' href='https:\/\/aleasoft.com\/wp-content\/uploads\/2024\/03\/20240304-AleaSoft-Precios-mercados-europeos-electricidad.webp'><img class='aligncenter' src='https:\/\/aleasoft.com\/wp-content\/uploads\/2024\/03\/20240304-AleaSoft-Precios-mercados-europeos-electricidad.webp' alt='AleaSoft - Precios mercados europeos electricidad' width='740'\/><\/a><span style='font-size: small;'>Fuente: Elaborado por AleaSoft Energy Forecasting con datos de OMIE, , Nord Pool y GME.<\/span><\/div>\n<h2>Brent, combustibles y CO<sub>2<\/sub><\/h2>\n<p>En la \u00faltima semana de febrero, los futuros de <strong>petr\u00f3leo Brent<\/strong> para el Front\u2011Month en el <strong>mercado ICE<\/strong> registraron su precio de cierre m\u00ednimo semanal, de 82,53\u00a0$\/bbl, el lunes 26 de febrero. En las primeras tres sesiones de la semana, los precios aumentaron y el mi\u00e9rcoles 28 de febrero alcanzaron el precio de cierre m\u00e1ximo semanal, de 83,68\u00a0$\/bbl. Este precio fue el m\u00e1s alto desde la primera mitad de noviembre de 2023. En las \u00faltimas sesiones de la semana, los precios se mantuvieron estables. El precio de cierre del viernes 1 de marzo fue de 83,55\u00a0$\/bbl, un 2,4% mayor al del viernes de la semana anterior.<\/p>\n<p>En la \u00faltima semana de febrero, las expectativas sobre la continuidad de los recortes de producci\u00f3n de la OPEP+ en el pr\u00f3ximo trimestre contribuyeron a mantener los precios de cierre por encima de los 83\u00a0$\/bbl en casi todas las sesiones de la semana.<\/p>\n<p>Los anuncios de recortes de producci\u00f3n realizados al final de la semana por parte de Rusia y otros pa\u00edses miembros de la OPEP+ podr\u00edan ejercer su influencia al alza sobre los precios del Brent en la primera semana de marzo.<\/p>\n<p>En cuanto a los futuros de <strong>gas TTF<\/strong> en el mercado ICE para el Front\u2011Month, el lunes 26 de febrero alcanzaron el precio de cierre m\u00ednimo semanal, de 24,01\u00a0\u20ac\/MWh. Durante la \u00faltima semana de febrero, los precios aumentaron en casi todas las sesiones. Como consecuencia, el viernes, 1 de marzo, estos futuros registraron su precio de cierre m\u00e1ximo semanal, de 25,81\u00a0\u20ac\/MWh. Seg\u00fan los datos analizados en <strong>AleaSoft Energy Forecasting<\/strong>, este precio fue un 13% mayor al del viernes anterior.<\/p>\n<p>Los pron\u00f3sticos de bajas temperaturas y menor producci\u00f3n e\u00f3lica contribuyeron al incremento de los precios de los futuros de gas TTF, as\u00ed como las interrupciones en el suministro desde Noruega. Sin embargo, pese a las subidas, el suministro abundante de gas natural licuado y los altos niveles de las reservas europeas mantuvieron los precios de cierre por debajo de los registrados en las primeras semanas de febrero.<\/p>\n<p>Por lo que respecta a los futuros de <strong>derechos de emisi\u00f3n de CO<sub>2<\/sub><\/strong> en el <strong>mercado EEX<\/strong> para el contrato de referencia de diciembre de 2024, iniciaron la semana del 26 de febrero con un precio de cierre de 53,97\u00a0\u20ac\/t, el m\u00ednimo de la semana. En las tres primeras sesiones de la semana, los precios aumentaron hasta alcanzar el precio de cierre m\u00e1ximo semanal, de 57,84\u00a0\u20ac\/t, el mi\u00e9rcoles 28 de febrero. Seg\u00fan los datos analizados en <strong>AleaSoft Energy Forecasting<\/strong>, este precio de cierre fue un 6,0% mayor al del mi\u00e9rcoles anterior. Pero en las \u00faltimas sesiones de la semana, los precios de cierre se mantuvieron por debajo de 57\u00a0\u20ac\/t. El precio de cierre del viernes 1 de marzo fue de 56,37\u00a0\u20ac\/t, un 8,0% mayor al del viernes anterior.<\/p>\n<div style='margin-top: 20px;margin-bottom: 20px;'><a title='AleaSoft - Precios gas carbon Brent CO2' href='https:\/\/aleasoft.com\/wp-content\/uploads\/2024\/03\/20240304-AleaSoft-Precios-gas-carbon-Brent-CO2.webp'><img class='aligncenter' src='https:\/\/aleasoft.com\/wp-content\/uploads\/2024\/03\/20240304-AleaSoft-Precios-gas-carbon-Brent-CO2.webp' alt='AleaSoft - Precios gas carbon Brent CO2' width='740'\/><\/a><span style='font-size: small;'>Fuente: Elaborado por AleaSoft Energy Forecasting con datos de ICE y EEX.<\/span><\/div>\n<h2>An\u00e1lisis de AleaSoft Energy Forecasting sobre las perspectivas de los mercados de energ\u00eda en Europa y la financiaci\u00f3n de proyectos renovables<\/h2>\n<p>Durante el mes de marzo, <strong>AleaSoft Energy Forecasting<\/strong> y <strong>AleaGreen<\/strong> est\u00e1n haciendo una promoci\u00f3n de sus informes de previsiones de <strong>curvas de precios de largo plazo<\/strong> para los mercados europeos. Las <a href=\"https:\/\/aleagreen.aleasoft.com\/\">previsiones de precios<\/a> de largo plazo de <strong>AleaSoft Energy Forecasting<\/strong> y <strong>AleaGreen<\/strong> cuentan con granularidad horaria, bandas de confianza y hasta 30 a\u00f1os de horizonte. Estos informes de previsiones pueden ser \u00fatiles para conseguir <strong>financiaci\u00f3n merchant<\/strong> y para dimensionar un <strong>PPA<\/strong>.<\/p>\n<p>Fuente: <strong>AleaSoft Energy Forecasting<\/strong>.<\/p>\n","protected":false},"excerpt":{"rendered":"<p>AleaSoft Energy Forecasting, 4 de marzo de 2024. En la semana del 26 de febrero, los precios de los mercados el\u00e9ctricos europeos fueron superiores a los de la semana anterior. La excepci\u00f3n fue el mercado ib\u00e9rico, donde los precios cayeron y fueron los m\u00e1s bajos, algo que ha estado sucediendo desde el 18 de febrero. [&hellip;]<\/p>\n","protected":false},"author":1,"featured_media":141896,"comment_status":"closed","ping_status":"closed","sticky":false,"template":"","format":"standard","meta":{"footnotes":""},"categories":[568],"tags":[],"class_list":["post-141877","post","type-post","status-publish","format-standard","has-post-thumbnail","hentry","category-noticias"],"yoast_head":"<!-- This site is optimized with the Yoast SEO Premium plugin v27.4 (Yoast SEO v27.5) - https:\/\/yoast.com\/product\/yoast-seo-premium-wordpress\/ -->\n<title>La energ\u00eda e\u00f3lica lleva los precios del mercado el\u00e9ctrico espa\u00f1ol a la semana m\u00e1s baja de toda su historia - AleaSoft Energy Forecasting<\/title>\n<meta name=\"description\" content=\"En la semana del 26 de febrero, los precios de los mercados el\u00e9ctricos europeos fueron superiores a los de la semana anterior.\" \/>\n<meta name=\"robots\" content=\"index, follow, max-snippet:-1, max-image-preview:large, max-video-preview:-1\" \/>\n<link rel=\"canonical\" href=\"https:\/\/aleasoft.com\/es\/record-precio-minimo-semanal-espanna-energia-eolica\/\" \/>\n<meta property=\"og:locale\" content=\"es_ES\" \/>\n<meta property=\"og:type\" content=\"article\" \/>\n<meta property=\"og:title\" content=\"La energ\u00eda e\u00f3lica lleva los precios del mercado el\u00e9ctrico espa\u00f1ol a la semana m\u00e1s baja de toda su historia\" \/>\n<meta property=\"og:description\" content=\"En la semana del 26 de febrero, los precios de los mercados el\u00e9ctricos europeos fueron superiores a los de la semana anterior.\" \/>\n<meta property=\"og:url\" content=\"https:\/\/aleasoft.com\/es\/record-precio-minimo-semanal-espanna-energia-eolica\/\" \/>\n<meta property=\"og:site_name\" content=\"AleaSoft Energy Forecasting\" \/>\n<meta property=\"article:publisher\" content=\"https:\/\/www.facebook.com\/AleaSoft\/\" \/>\n<meta property=\"article:published_time\" content=\"2024-03-04T14:02:20+00:00\" \/>\n<meta property=\"article:modified_time\" content=\"2024-03-04T14:02:59+00:00\" \/>\n<meta property=\"og:image\" content=\"https:\/\/aleasoft.com\/wp-content\/uploads\/2024\/03\/20240304-AleaSoft-Precios-mercados-europeos-electricidad.webp\" \/>\n\t<meta property=\"og:image:width\" content=\"740\" \/>\n\t<meta property=\"og:image:height\" content=\"515\" \/>\n\t<meta property=\"og:image:type\" content=\"image\/webp\" \/>\n<meta name=\"author\" content=\"AleaSoft Energy Forecasting\" \/>\n<meta name=\"twitter:card\" content=\"summary_large_image\" \/>\n<meta name=\"twitter:creator\" content=\"@AleaSoftEnergy\" \/>\n<meta name=\"twitter:site\" content=\"@AleaSoftEnergy\" \/>\n<meta name=\"twitter:label1\" content=\"Escrito por\" \/>\n\t<meta name=\"twitter:data1\" content=\"AleaSoft Energy Forecasting\" \/>\n\t<meta name=\"twitter:label2\" content=\"Tiempo de lectura\" \/>\n\t<meta name=\"twitter:data2\" content=\"9 minutos\" \/>\n<script type=\"application\/ld+json\" class=\"yoast-schema-graph\">{\"@context\":\"https:\\\/\\\/schema.org\",\"@graph\":[{\"@type\":\"Article\",\"@id\":\"https:\\\/\\\/aleasoft.com\\\/es\\\/record-precio-minimo-semanal-espanna-energia-eolica\\\/#article\",\"isPartOf\":{\"@id\":\"https:\\\/\\\/aleasoft.com\\\/es\\\/record-precio-minimo-semanal-espanna-energia-eolica\\\/\"},\"author\":{\"name\":\"AleaSoft Energy Forecasting\",\"@id\":\"https:\\\/\\\/aleasoft.com\\\/#\\\/schema\\\/person\\\/99ee8b0f2ecbd56ba78005c6b7864d67\"},\"headline\":\"La energ\u00eda e\u00f3lica lleva los precios del mercado el\u00e9ctrico espa\u00f1ol a la semana m\u00e1s baja de toda su historia\",\"datePublished\":\"2024-03-04T14:02:20+00:00\",\"dateModified\":\"2024-03-04T14:02:59+00:00\",\"mainEntityOfPage\":{\"@id\":\"https:\\\/\\\/aleasoft.com\\\/es\\\/record-precio-minimo-semanal-espanna-energia-eolica\\\/\"},\"wordCount\":2064,\"publisher\":{\"@id\":\"https:\\\/\\\/aleasoft.com\\\/#organization\"},\"image\":{\"@id\":\"https:\\\/\\\/aleasoft.com\\\/es\\\/record-precio-minimo-semanal-espanna-energia-eolica\\\/#primaryimage\"},\"thumbnailUrl\":\"https:\\\/\\\/aleasoft.com\\\/wp-content\\\/uploads\\\/2024\\\/03\\\/20240304-AleaSoft-Precios-mercados-europeos-electricidad.webp\",\"articleSection\":[\"Noticias\"],\"inLanguage\":\"es\"},{\"@type\":\"WebPage\",\"@id\":\"https:\\\/\\\/aleasoft.com\\\/es\\\/record-precio-minimo-semanal-espanna-energia-eolica\\\/\",\"url\":\"https:\\\/\\\/aleasoft.com\\\/es\\\/record-precio-minimo-semanal-espanna-energia-eolica\\\/\",\"name\":\"La energ\u00eda e\u00f3lica lleva los precios del mercado el\u00e9ctrico espa\u00f1ol a la semana m\u00e1s baja de toda su historia - AleaSoft Energy Forecasting\",\"isPartOf\":{\"@id\":\"https:\\\/\\\/aleasoft.com\\\/#website\"},\"primaryImageOfPage\":{\"@id\":\"https:\\\/\\\/aleasoft.com\\\/es\\\/record-precio-minimo-semanal-espanna-energia-eolica\\\/#primaryimage\"},\"image\":{\"@id\":\"https:\\\/\\\/aleasoft.com\\\/es\\\/record-precio-minimo-semanal-espanna-energia-eolica\\\/#primaryimage\"},\"thumbnailUrl\":\"https:\\\/\\\/aleasoft.com\\\/wp-content\\\/uploads\\\/2024\\\/03\\\/20240304-AleaSoft-Precios-mercados-europeos-electricidad.webp\",\"datePublished\":\"2024-03-04T14:02:20+00:00\",\"dateModified\":\"2024-03-04T14:02:59+00:00\",\"description\":\"En la semana del 26 de febrero, los precios de los mercados el\u00e9ctricos europeos fueron superiores a los de la semana anterior.\",\"breadcrumb\":{\"@id\":\"https:\\\/\\\/aleasoft.com\\\/es\\\/record-precio-minimo-semanal-espanna-energia-eolica\\\/#breadcrumb\"},\"inLanguage\":\"es\",\"potentialAction\":[{\"@type\":\"ReadAction\",\"target\":[\"https:\\\/\\\/aleasoft.com\\\/es\\\/record-precio-minimo-semanal-espanna-energia-eolica\\\/\"]}]},{\"@type\":\"ImageObject\",\"inLanguage\":\"es\",\"@id\":\"https:\\\/\\\/aleasoft.com\\\/es\\\/record-precio-minimo-semanal-espanna-energia-eolica\\\/#primaryimage\",\"url\":\"https:\\\/\\\/aleasoft.com\\\/wp-content\\\/uploads\\\/2024\\\/03\\\/20240304-AleaSoft-Precios-mercados-europeos-electricidad.webp\",\"contentUrl\":\"https:\\\/\\\/aleasoft.com\\\/wp-content\\\/uploads\\\/2024\\\/03\\\/20240304-AleaSoft-Precios-mercados-europeos-electricidad.webp\",\"width\":740,\"height\":515},{\"@type\":\"BreadcrumbList\",\"@id\":\"https:\\\/\\\/aleasoft.com\\\/es\\\/record-precio-minimo-semanal-espanna-energia-eolica\\\/#breadcrumb\",\"itemListElement\":[{\"@type\":\"ListItem\",\"position\":1,\"name\":\"Home\",\"item\":\"https:\\\/\\\/aleasoft.com\\\/es\\\/\"},{\"@type\":\"ListItem\",\"position\":2,\"name\":\"La energ\u00eda e\u00f3lica lleva los precios del mercado el\u00e9ctrico espa\u00f1ol a la semana m\u00e1s baja de toda su historia\"}]},{\"@type\":\"WebSite\",\"@id\":\"https:\\\/\\\/aleasoft.com\\\/#website\",\"url\":\"https:\\\/\\\/aleasoft.com\\\/\",\"name\":\"AleaSoft Energy Forecasting\",\"description\":\"Energy Forecasting\",\"publisher\":{\"@id\":\"https:\\\/\\\/aleasoft.com\\\/#organization\"},\"potentialAction\":[{\"@type\":\"SearchAction\",\"target\":{\"@type\":\"EntryPoint\",\"urlTemplate\":\"https:\\\/\\\/aleasoft.com\\\/?s={search_term_string}\"},\"query-input\":{\"@type\":\"PropertyValueSpecification\",\"valueRequired\":true,\"valueName\":\"search_term_string\"}}],\"inLanguage\":\"es\"},{\"@type\":\"Organization\",\"@id\":\"https:\\\/\\\/aleasoft.com\\\/#organization\",\"name\":\"AleaSoft Energy Forecasting\",\"url\":\"https:\\\/\\\/aleasoft.com\\\/\",\"logo\":{\"@type\":\"ImageObject\",\"inLanguage\":\"es\",\"@id\":\"https:\\\/\\\/aleasoft.com\\\/#\\\/schema\\\/logo\\\/image\\\/\",\"url\":\"https:\\\/\\\/aleasoft.com\\\/wp-content\\\/uploads\\\/2020\\\/01\\\/logo-alea-25.svg\",\"contentUrl\":\"https:\\\/\\\/aleasoft.com\\\/wp-content\\\/uploads\\\/2020\\\/01\\\/logo-alea-25.svg\",\"width\":7047,\"height\":1416,\"caption\":\"AleaSoft Energy Forecasting\"},\"image\":{\"@id\":\"https:\\\/\\\/aleasoft.com\\\/#\\\/schema\\\/logo\\\/image\\\/\"},\"sameAs\":[\"https:\\\/\\\/www.facebook.com\\\/AleaSoft\\\/\",\"https:\\\/\\\/x.com\\\/AleaSoftEnergy\",\"https:\\\/\\\/www.linkedin.com\\\/company\\\/aleasoft\\\/\"]},{\"@type\":\"Person\",\"@id\":\"https:\\\/\\\/aleasoft.com\\\/#\\\/schema\\\/person\\\/99ee8b0f2ecbd56ba78005c6b7864d67\",\"name\":\"AleaSoft Energy Forecasting\",\"image\":{\"@type\":\"ImageObject\",\"inLanguage\":\"es\",\"@id\":\"https:\\\/\\\/secure.gravatar.com\\\/avatar\\\/3ce8db70bda469bc8382df5990537888cf96f625c0fde5b0292ff5ab10560f88?s=96&d=mm&r=g\",\"url\":\"https:\\\/\\\/secure.gravatar.com\\\/avatar\\\/3ce8db70bda469bc8382df5990537888cf96f625c0fde5b0292ff5ab10560f88?s=96&d=mm&r=g\",\"contentUrl\":\"https:\\\/\\\/secure.gravatar.com\\\/avatar\\\/3ce8db70bda469bc8382df5990537888cf96f625c0fde5b0292ff5ab10560f88?s=96&d=mm&r=g\",\"caption\":\"AleaSoft Energy Forecasting\"},\"sameAs\":[\"http:\\\/\\\/aleasoft.com\"]}]}<\/script>\n<!-- \/ Yoast SEO Premium plugin. -->","yoast_head_json":{"title":"La energ\u00eda e\u00f3lica lleva los precios del mercado el\u00e9ctrico espa\u00f1ol a la semana m\u00e1s baja de toda su historia - AleaSoft Energy Forecasting","description":"En la semana del 26 de febrero, los precios de los mercados el\u00e9ctricos europeos fueron superiores a los de la semana anterior.","robots":{"index":"index","follow":"follow","max-snippet":"max-snippet:-1","max-image-preview":"max-image-preview:large","max-video-preview":"max-video-preview:-1"},"canonical":"https:\/\/aleasoft.com\/es\/record-precio-minimo-semanal-espanna-energia-eolica\/","og_locale":"es_ES","og_type":"article","og_title":"La energ\u00eda e\u00f3lica lleva los precios del mercado el\u00e9ctrico espa\u00f1ol a la semana m\u00e1s baja de toda su historia","og_description":"En la semana del 26 de febrero, los precios de los mercados el\u00e9ctricos europeos fueron superiores a los de la semana anterior.","og_url":"https:\/\/aleasoft.com\/es\/record-precio-minimo-semanal-espanna-energia-eolica\/","og_site_name":"AleaSoft Energy Forecasting","article_publisher":"https:\/\/www.facebook.com\/AleaSoft\/","article_published_time":"2024-03-04T14:02:20+00:00","article_modified_time":"2024-03-04T14:02:59+00:00","og_image":[{"width":740,"height":515,"url":"https:\/\/aleasoft.com\/wp-content\/uploads\/2024\/03\/20240304-AleaSoft-Precios-mercados-europeos-electricidad.webp","type":"image\/webp"}],"author":"AleaSoft Energy Forecasting","twitter_card":"summary_large_image","twitter_creator":"@AleaSoftEnergy","twitter_site":"@AleaSoftEnergy","twitter_misc":{"Escrito por":"AleaSoft Energy Forecasting","Tiempo de lectura":"9 minutos"},"schema":{"@context":"https:\/\/schema.org","@graph":[{"@type":"Article","@id":"https:\/\/aleasoft.com\/es\/record-precio-minimo-semanal-espanna-energia-eolica\/#article","isPartOf":{"@id":"https:\/\/aleasoft.com\/es\/record-precio-minimo-semanal-espanna-energia-eolica\/"},"author":{"name":"AleaSoft Energy Forecasting","@id":"https:\/\/aleasoft.com\/#\/schema\/person\/99ee8b0f2ecbd56ba78005c6b7864d67"},"headline":"La energ\u00eda e\u00f3lica lleva los precios del mercado el\u00e9ctrico espa\u00f1ol a la semana m\u00e1s baja de toda su historia","datePublished":"2024-03-04T14:02:20+00:00","dateModified":"2024-03-04T14:02:59+00:00","mainEntityOfPage":{"@id":"https:\/\/aleasoft.com\/es\/record-precio-minimo-semanal-espanna-energia-eolica\/"},"wordCount":2064,"publisher":{"@id":"https:\/\/aleasoft.com\/#organization"},"image":{"@id":"https:\/\/aleasoft.com\/es\/record-precio-minimo-semanal-espanna-energia-eolica\/#primaryimage"},"thumbnailUrl":"https:\/\/aleasoft.com\/wp-content\/uploads\/2024\/03\/20240304-AleaSoft-Precios-mercados-europeos-electricidad.webp","articleSection":["Noticias"],"inLanguage":"es"},{"@type":"WebPage","@id":"https:\/\/aleasoft.com\/es\/record-precio-minimo-semanal-espanna-energia-eolica\/","url":"https:\/\/aleasoft.com\/es\/record-precio-minimo-semanal-espanna-energia-eolica\/","name":"La energ\u00eda e\u00f3lica lleva los precios del mercado el\u00e9ctrico espa\u00f1ol a la semana m\u00e1s baja de toda su historia - AleaSoft Energy Forecasting","isPartOf":{"@id":"https:\/\/aleasoft.com\/#website"},"primaryImageOfPage":{"@id":"https:\/\/aleasoft.com\/es\/record-precio-minimo-semanal-espanna-energia-eolica\/#primaryimage"},"image":{"@id":"https:\/\/aleasoft.com\/es\/record-precio-minimo-semanal-espanna-energia-eolica\/#primaryimage"},"thumbnailUrl":"https:\/\/aleasoft.com\/wp-content\/uploads\/2024\/03\/20240304-AleaSoft-Precios-mercados-europeos-electricidad.webp","datePublished":"2024-03-04T14:02:20+00:00","dateModified":"2024-03-04T14:02:59+00:00","description":"En la semana del 26 de febrero, los precios de los mercados el\u00e9ctricos europeos fueron superiores a los de la semana anterior.","breadcrumb":{"@id":"https:\/\/aleasoft.com\/es\/record-precio-minimo-semanal-espanna-energia-eolica\/#breadcrumb"},"inLanguage":"es","potentialAction":[{"@type":"ReadAction","target":["https:\/\/aleasoft.com\/es\/record-precio-minimo-semanal-espanna-energia-eolica\/"]}]},{"@type":"ImageObject","inLanguage":"es","@id":"https:\/\/aleasoft.com\/es\/record-precio-minimo-semanal-espanna-energia-eolica\/#primaryimage","url":"https:\/\/aleasoft.com\/wp-content\/uploads\/2024\/03\/20240304-AleaSoft-Precios-mercados-europeos-electricidad.webp","contentUrl":"https:\/\/aleasoft.com\/wp-content\/uploads\/2024\/03\/20240304-AleaSoft-Precios-mercados-europeos-electricidad.webp","width":740,"height":515},{"@type":"BreadcrumbList","@id":"https:\/\/aleasoft.com\/es\/record-precio-minimo-semanal-espanna-energia-eolica\/#breadcrumb","itemListElement":[{"@type":"ListItem","position":1,"name":"Home","item":"https:\/\/aleasoft.com\/es\/"},{"@type":"ListItem","position":2,"name":"La energ\u00eda e\u00f3lica lleva los precios del mercado el\u00e9ctrico espa\u00f1ol a la semana m\u00e1s baja de toda su historia"}]},{"@type":"WebSite","@id":"https:\/\/aleasoft.com\/#website","url":"https:\/\/aleasoft.com\/","name":"AleaSoft Energy Forecasting","description":"Energy Forecasting","publisher":{"@id":"https:\/\/aleasoft.com\/#organization"},"potentialAction":[{"@type":"SearchAction","target":{"@type":"EntryPoint","urlTemplate":"https:\/\/aleasoft.com\/?s={search_term_string}"},"query-input":{"@type":"PropertyValueSpecification","valueRequired":true,"valueName":"search_term_string"}}],"inLanguage":"es"},{"@type":"Organization","@id":"https:\/\/aleasoft.com\/#organization","name":"AleaSoft Energy Forecasting","url":"https:\/\/aleasoft.com\/","logo":{"@type":"ImageObject","inLanguage":"es","@id":"https:\/\/aleasoft.com\/#\/schema\/logo\/image\/","url":"https:\/\/aleasoft.com\/wp-content\/uploads\/2020\/01\/logo-alea-25.svg","contentUrl":"https:\/\/aleasoft.com\/wp-content\/uploads\/2020\/01\/logo-alea-25.svg","width":7047,"height":1416,"caption":"AleaSoft Energy Forecasting"},"image":{"@id":"https:\/\/aleasoft.com\/#\/schema\/logo\/image\/"},"sameAs":["https:\/\/www.facebook.com\/AleaSoft\/","https:\/\/x.com\/AleaSoftEnergy","https:\/\/www.linkedin.com\/company\/aleasoft\/"]},{"@type":"Person","@id":"https:\/\/aleasoft.com\/#\/schema\/person\/99ee8b0f2ecbd56ba78005c6b7864d67","name":"AleaSoft Energy Forecasting","image":{"@type":"ImageObject","inLanguage":"es","@id":"https:\/\/secure.gravatar.com\/avatar\/3ce8db70bda469bc8382df5990537888cf96f625c0fde5b0292ff5ab10560f88?s=96&d=mm&r=g","url":"https:\/\/secure.gravatar.com\/avatar\/3ce8db70bda469bc8382df5990537888cf96f625c0fde5b0292ff5ab10560f88?s=96&d=mm&r=g","contentUrl":"https:\/\/secure.gravatar.com\/avatar\/3ce8db70bda469bc8382df5990537888cf96f625c0fde5b0292ff5ab10560f88?s=96&d=mm&r=g","caption":"AleaSoft Energy Forecasting"},"sameAs":["http:\/\/aleasoft.com"]}]}},"_links":{"self":[{"href":"https:\/\/aleasoft.com\/es\/wp-json\/wp\/v2\/posts\/141877","targetHints":{"allow":["GET"]}}],"collection":[{"href":"https:\/\/aleasoft.com\/es\/wp-json\/wp\/v2\/posts"}],"about":[{"href":"https:\/\/aleasoft.com\/es\/wp-json\/wp\/v2\/types\/post"}],"author":[{"embeddable":true,"href":"https:\/\/aleasoft.com\/es\/wp-json\/wp\/v2\/users\/1"}],"replies":[{"embeddable":true,"href":"https:\/\/aleasoft.com\/es\/wp-json\/wp\/v2\/comments?post=141877"}],"version-history":[{"count":0,"href":"https:\/\/aleasoft.com\/es\/wp-json\/wp\/v2\/posts\/141877\/revisions"}],"wp:featuredmedia":[{"embeddable":true,"href":"https:\/\/aleasoft.com\/es\/wp-json\/wp\/v2\/media\/141896"}],"wp:attachment":[{"href":"https:\/\/aleasoft.com\/es\/wp-json\/wp\/v2\/media?parent=141877"}],"wp:term":[{"taxonomy":"category","embeddable":true,"href":"https:\/\/aleasoft.com\/es\/wp-json\/wp\/v2\/categories?post=141877"},{"taxonomy":"post_tag","embeddable":true,"href":"https:\/\/aleasoft.com\/es\/wp-json\/wp\/v2\/tags?post=141877"}],"curies":[{"name":"wp","href":"https:\/\/api.w.org\/{rel}","templated":true}]}}