{"id":142591,"date":"2024-04-02T14:43:41","date_gmt":"2024-04-02T12:43:41","guid":{"rendered":"https:\/\/aleasoft.com\/?p=142591"},"modified":"2024-04-02T14:43:44","modified_gmt":"2024-04-02T12:43:44","slug":"precios-negativos-mercado-electrico-espannol","status":"publish","type":"post","link":"https:\/\/aleasoft.com\/es\/precios-negativos-mercado-electrico-espannol\/","title":{"rendered":"El mercado el\u00e9ctrico espa\u00f1ol registra por primera vez precios negativos y contin\u00faa con los precios m\u00e1s bajos de Europa junto a Portugal"},"content":{"rendered":"<p><strong>AleaSoft Energy Forecasting, 2 de abril de 2024. En la \u00faltima semana de marzo, el mercado ib\u00e9rico MIBEL registr\u00f3 los precios m\u00e1s bajos de Europa por octava semana consecutiva y en el mercado espa\u00f1ol el 1 de abril se registraron precios negativos por primera vez en su historia. En la mayor\u00eda de los principales mercados el\u00e9ctricos europeos los precios bajaron respecto a la semana anterior. En varios mercados esta fue la semana con el promedio m\u00e1s bajo, o el segundo m\u00e1s bajo, de 2024 hasta el momento. El descenso de la demanda y el aumento de la producci\u00f3n renovable favorecieron estos descensos. En Portugal y Francia se registraron r\u00e9cords de producci\u00f3n e\u00f3lica para un mes de marzo los d\u00edas 27 y 28, respectivamente.<\/strong><\/p>\n<h2>Producci\u00f3n solar fotovoltaica y termoel\u00e9ctrica y producci\u00f3n e\u00f3lica<\/h2>\n<p>En la semana del 25 de marzo, la <strong>producci\u00f3n solar<\/strong> disminuy\u00f3 en la mayor\u00eda de los principales mercados el\u00e9ctricos europeos en comparaci\u00f3n con la semana anterior. El mercado italiano experiment\u00f3 la mayor ca\u00edda, de un 33%, invirtiendo la tendencia alcista de las semanas anteriores. El mercado portugu\u00e9s, que tuvo el menor descenso, del 16%, cay\u00f3 por segunda semana consecutiva. El mercado alem\u00e1n fue la excepci\u00f3n. En este mercado la producci\u00f3n solar aument\u00f3 un 13%, continuando con la tendencia creciente de la semana anterior.<\/p>\n<p>Para la semana del 1 de abril, seg\u00fan las <a href=\"https:\/\/aleasoft.com\/es\/productos-y-servicios\/previsiones-de-energia-solar\/\">previsiones de producci\u00f3n solar<\/a> de <strong>AleaSoft Energy Forecasting<\/strong>, la tendencia a la baja se revertir\u00e1 y la producci\u00f3n solar aumentar\u00e1 en Alemania, Espa\u00f1a e Italia.<\/p>\n<p><div style='margin-top: 20px;margin-bottom: 20px;'><a title='AleaSoft - Produccion solar fotovoltaica termosolar electricidad Europa' href='https:\/\/aleasoft.com\/wp-content\/uploads\/2024\/04\/20240402-AleaSoft-Produccion-solar-fotovoltaica-termosolar-electricidad-Europa.png'><img class='aligncenter' src='https:\/\/aleasoft.com\/wp-content\/uploads\/2024\/04\/20240402-AleaSoft-Produccion-solar-fotovoltaica-termosolar-electricidad-Europa.png' alt='AleaSoft - Produccion solar fotovoltaica termosolar electricidad Europa' width='740'\/><\/a><span style='font-size: small;'>Fuente: Elaborado por AleaSoft Energy Forecasting con datos de ENTSO-E, RTE, REN, Red El\u00e9ctrica y TERNA.<\/span><\/div><br \/>\n<div style='margin-top: 20px;margin-bottom: 20px;'><a title='AleaSoft - Perfil produccion solar fotovoltaica Europa' href='https:\/\/aleasoft.com\/wp-content\/uploads\/2024\/04\/20240402-AleaSoft-Perfil-produccion-solar-fotovoltaica-Europa.png'><img class='aligncenter' src='https:\/\/aleasoft.com\/wp-content\/uploads\/2024\/04\/20240402-AleaSoft-Perfil-produccion-solar-fotovoltaica-Europa.png' alt='AleaSoft - Perfil produccion solar fotovoltaica Europa' width='740'\/><\/a><span style='font-size: small;'>Fuente: Elaborado por AleaSoft Energy Forecasting con datos de ENTSO-E, RTE, REN, Red El\u00e9ctrica y TERNA.<\/span><\/div><\/p>\n<p>En la \u00faltima semana de marzo, la <strong>producci\u00f3n e\u00f3lica<\/strong> aument\u00f3 en la mayor\u00eda de los principales mercados europeos respecto a la semana anterior, continuando la tendencia al alza de la semana anterior. Los aumentos oscilaron entre el 47% en el mercado italiano y el 90% en el mercado franc\u00e9s. En cambio, el mercado alem\u00e1n registr\u00f3 por tercera semana consecutiva un descenso de la generaci\u00f3n con energ\u00eda e\u00f3lica, esta vez del 3,3%.<\/p>\n<p>En Portugal y Francia se registraron los niveles m\u00e1s altos de producci\u00f3n e\u00f3lica diaria para un mes de marzo de la historia. El 27 de marzo en el mercado portugu\u00e9s se generaron 106\u00a0GWh con energ\u00eda e\u00f3lica y el d\u00eda siguiente en el mercado franc\u00e9s se generaron 359\u00a0GWh. En ambos casos, los niveles de producci\u00f3n correspondieron a valores vistos por \u00faltima vez en la segunda quincena de febrero.<\/p>\n<p>Durante la semana del 1 de abril, seg\u00fan las <a href=\"https:\/\/aleasoft.com\/es\/productos-y-servicios\/previsiones-energia-eolica\/\">previsiones de producci\u00f3n e\u00f3lica<\/a> de <strong>AleaSoft Energy Forecasting<\/strong>, la producci\u00f3n e\u00f3lica aumentar\u00e1 en Alemania y Francia y disminuir\u00e1 en la pen\u00ednsula ib\u00e9rica e Italia.<\/p>\n<div style='margin-top: 20px;margin-bottom: 20px;'><a title='AleaSoft - Produccion eolica electricidad Europa' href='https:\/\/aleasoft.com\/wp-content\/uploads\/2024\/04\/20240402-AleaSoft-Produccion-eolica-electricidad-Europa.png'><img class='aligncenter' src='https:\/\/aleasoft.com\/wp-content\/uploads\/2024\/04\/20240402-AleaSoft-Produccion-eolica-electricidad-Europa.png' alt='AleaSoft - Produccion eolica electricidad Europa' width='740'\/><\/a><span style='font-size: small;'>Fuente: Elaborado por AleaSoft Energy Forecasting con datos de ENTSO-E, RTE, REN, Red El\u00e9ctrica y TERNA.<\/span><\/div>\n<h2>Demanda el\u00e9ctrica<\/h2>\n<p>En la semana del 25 de marzo, la <strong>demanda el\u00e9ctrica<\/strong> cay\u00f3 en la mayor\u00eda de los principales mercados el\u00e9ctricos europeos en comparaci\u00f3n con la semana anterior, continuando la tendencia a la baja de las semanas anteriores. El mercado alem\u00e1n, donde la demanda baj\u00f3 por quinta semana consecutiva, registr\u00f3 la mayor ca\u00edda, de un 5,4%. El mercado belga, que tuvo la menor ca\u00edda, del 1,4%, continu\u00f3 su tendencia a la baja por cuarta semana consecutiva. En cambio, Francia, Portugal y Gran Breta\u00f1a revirtieron la tendencia a la baja de la semana anterior y registraron incrementos de la demanda del 9,0%, 4,2% y 0,4% respectivamente.<\/p>\n<p>En la \u00faltima semana de marzo, se celebr\u00f3 la Semana Santa en varios pa\u00edses de Europa y en algunas regiones fue festivo el Jueves o el Viernes Santo, lo que tuvo un impacto en la demanda.<\/p>\n<p>Entre el 25 y el 31 de marzo, las <strong>temperaturas medias<\/strong> disminuyeron en la mayor\u00eda de los mercados analizados. Los descensos estuvieron entre los 4,9\u00b0C en Portugal y los 0,2\u00b0C en los Pa\u00edses Bajos. S\u00f3lo en Alemania e Italia las temperaturas medias aumentaron 1,4\u00b0C y 0,1\u00b0C, respectivamente<\/p>\n<p>Para la semana del 1 de abril, seg\u00fan las <a href=\"https:\/\/aleasoft.com\/es\/productos-y-servicios\/previsiones-de-la-demanda-de-energia\/\">previsiones de demanda<\/a> de <strong>AleaSoft Energy Forecasting<\/strong>, la demanda aumentar\u00e1 en Alemania, Portugal, Italia y los Pa\u00edses Bajos. Por el contrario, se espera un descenso de la demanda en Francia, B\u00e9lgica, Espa\u00f1a y Gran Breta\u00f1a.<\/p>\n<div style='margin-top: 20px;margin-bottom: 20px;'><a title='AleaSoft - Demanda electricidad paises Europa' href='https:\/\/aleasoft.com\/wp-content\/uploads\/2024\/04\/20240402-AleaSoft-Demanda-electricidad-paises-Europa.png'><img class='aligncenter' src='https:\/\/aleasoft.com\/wp-content\/uploads\/2024\/04\/20240402-AleaSoft-Demanda-electricidad-paises-Europa.png' alt='AleaSoft - Demanda electricidad paises Europa' width='740'\/><\/a><span style='font-size: small;'>Fuente: Elaborado por AleaSoft Energy Forecasting con datos de ENTSO-E, RTE, REN, Red El\u00e9ctrica, TERNA, National Grid y ELIA.<\/span><\/div>\n<h2>Mercados el\u00e9ctricos europeos<\/h2>\n<p>En la semana del 25 de marzo, los precios de la mayor\u00eda de los principales mercados el\u00e9ctricos europeos bajaron respecto a los de la semana anterior. Los precios semanales de Francia y B\u00e9lgica en el <strong>mercado EPEX\u00a0SPOT<\/strong>, de 39,01\u00a0\u20ac\/MWh y 53,32\u00a0\u20ac\/MWh, respectivamente, fueron los m\u00e1s bajos de este a\u00f1o hasta la fecha en cada uno de dichos mercados. En el caso del <strong>mercado MIBEL<\/strong> de Portugal y Espa\u00f1a y del mercado EPEX\u00a0SPOT de los Pa\u00edses Bajos, los precios promedio de la semana del 25 de marzo fueron los segundos m\u00e1s bajos de este a\u00f1o, con valores de 4,98\u00a0\u20ac\/MWh, 5,30\u00a0\u20ac\/MWh y 61,37\u00a0\u20ac\/MWh. Los descensos de precios estuvieron entre el 86% del mercado portugu\u00e9s y el 1,4% del <strong>mercado Nord\u00a0Pool<\/strong> de los pa\u00edses n\u00f3rdicos. En cambio, en el <strong>mercado IPEX<\/strong> de Italia y el <strong>mercado N2EX<\/strong> de Reino Unido los precios subieron, un 3,9% y un 21% en cada caso.<\/p>\n<p>En la \u00faltima semana de marzo, los precios del mercado ib\u00e9rico MIBEL fueron los m\u00e1s bajos de los principales mercados el\u00e9ctricos europeos por octava semana consecutiva. Los precios diarios en este mercado han sido los m\u00e1s bajos casi de forma ininterrumpida desde el 7 de febrero, con la excepci\u00f3n de cinco d\u00edas en los que el mercado Nord\u00a0Pool ocup\u00f3 esta posici\u00f3n. Los precios semanales m\u00e1s altos fueron los del mercado italiano, que es el que habitualmente registra los mayores precios, esta vez de 91,04\u00a0\u20ac\/MWh.<\/p>\n<p>En cuanto a los precios horarios, en el mercado espa\u00f1ol se registraron las primeras tres horas con precios negativos de la historia. Entre las 14:00 y las 17:00 del lunes 1 de abril el precio en este mercado fue de \u20110,01\u00a0\u20ac\/MWh. Entre el 26 de marzo y el 2 de abril en el mercado MIBEL se registraron 53 horas con precios cero o negativos. Los valores horarios tan bajos propiciaron que los precios de los d\u00edas 28 y 27 de marzo, de 0,66\u00a0\u20ac\/MWh y 0,75\u00a0\u20ac\/MWh en cada caso, se posicionaran como el tercer y cuarto m\u00e1s bajos de la \u00faltima d\u00e9cada, despu\u00e9s de los precios del 10 y 9 de marzo de este a\u00f1o, de 0,54\u00a0\u20ac\/MWh y 0,59\u00a0\u20ac\/MWh respectivamente.<\/p>\n<p>Otros mercados europeos registraron precios horarios negativos entre el 25 de marzo y el 2 de abril, aunque en menor medida que en el mercado ib\u00e9rico. En los mercados de Alemania, B\u00e9lgica, Francia y Pa\u00edses Bajos se registraron algunas horas con precios cero o negativos los d\u00edas 1 y 2 de abril. En el mercado neerland\u00e9s tambi\u00e9n se registr\u00f3 una hora con precio de 0\u00a0\u20ac\/MWh el 28 de marzo.<\/p>\n<p>En la \u00faltima semana de marzo, el descenso de la demanda en gran parte de los mercados, el aumento de la producci\u00f3n e\u00f3lica en la mayor\u00eda de ellos y de la solar en Alemania favoreci\u00f3 el descenso de los precios de los mercados el\u00e9ctricos, a pesar de que los precios del gas se mantuvieron similares a los de la semana anterior y los del CO<sub>2<\/sub> aumentaron. En cambio, la ca\u00edda de la producci\u00f3n solar en Italia y el aumento de la demanda en Gran Breta\u00f1a propiciaron el aumento de los precios en estos mercados.<\/p>\n<div style='margin-top: 20px;margin-bottom: 20px;'><a title='AleaSoft - e\u00f3lica' href='https:\/\/aleasoft.com\/wp-content\/uploads\/2024\/02\/pexels-tom-fisk-11208877-scaled.jpg'><img class='aligncenter' src='https:\/\/aleasoft.com\/wp-content\/uploads\/2024\/02\/pexels-tom-fisk-11208877-scaled.jpg' alt='AleaSoft - e\u00f3lica' width='740'\/><\/a><\/div>\n<p>Las <a href=\"https:\/\/aleasoft.com\/es\/productos-y-servicios\/previsiones-de-precios-de-energia\/\">previsiones de precios<\/a> de <strong>AleaSoft Energy Forecasting<\/strong> indican que en la primera semana de abril los precios de la mayor\u00eda de los principales mercados el\u00e9ctricos europeos bajar\u00e1n respecto a los de la semana anterior ayudados por una menor demanda en varios mercados y una mayor <strong>producci\u00f3n renovable<\/strong> en Alemania, Francia e Italia. La excepci\u00f3n ser\u00e1 el mercado MIBEL, que se recuperar\u00e1 de las ca\u00eddas de la \u00faltima semana como consecuencia de una menor producci\u00f3n e\u00f3lica, aunque el promedio semanal de los precios seguir\u00e1 siendo menor que el de la semana anterior a la Semana Santa.<\/p>\n<div style='margin-top: 20px;margin-bottom: 20px;'><a title='AleaSoft - Precios mercados europeos electricidad' href='https:\/\/aleasoft.com\/wp-content\/uploads\/2024\/04\/20240402-AleaSoft-Precios-mercados-europeos-electricidad.png'><img class='aligncenter' src='https:\/\/aleasoft.com\/wp-content\/uploads\/2024\/04\/20240402-AleaSoft-Precios-mercados-europeos-electricidad.png' alt='AleaSoft - Precios mercados europeos electricidad' width='740'\/><\/a><span style='font-size: small;'>Fuente: Elaborado por AleaSoft Energy Forecasting con datos de OMIE, , Nord Pool y GME.<\/span><\/div>\n<h2>Brent, combustibles y CO<sub>2<\/sub><\/h2>\n<p>En la \u00faltima semana de marzo, los precios de cierre de los futuros de <strong>petr\u00f3leo Brent<\/strong> para el Front\u2011Month en el <strong>mercado ICE<\/strong> fueron superiores a 85\u00a0$\/bbl. El mi\u00e9rcoles 27 de marzo, estos futuros registraron su precio de cierre m\u00ednimo semanal, de 86,09\u00a0$\/bbl. En cambio, el jueves 28 de marzo alcanzaron el precio de cierre m\u00e1ximo semanal, de 87,48\u00a0$\/bbl. Seg\u00fan los datos analizados en <strong>AleaSoft Energy Forecasting<\/strong>, este precio fue un 2,0% mayor al del jueves anterior y el m\u00e1s alto desde finales de octubre de 2023.<\/p>\n<p>En la \u00faltima semana de marzo, los recortes de producci\u00f3n de la OPEP+ y la inestabilidad en Oriente Pr\u00f3ximo contribuyeron a mantener los precios de los futuros de petr\u00f3leo Brent por encima de 85\u00a0$\/bbl. En la primera semana de abril, las perspectivas de un aumento de la demanda en China podr\u00edan ejercer su influencia al alza sobre los precios. La reuni\u00f3n de la OPEP+ de esta semana tambi\u00e9n condicionar\u00e1 la evoluci\u00f3n de los precios de los futuros de petr\u00f3leo Brent.<\/p>\n<p>En cuanto a los futuros de <strong>gas TTF<\/strong> en el mercado ICE para el Front\u2011Month, el lunes 25 de marzo alcanzaron su precio de cierre m\u00e1ximo semanal, de 28,49\u00a0\u20ac\/MWh. Sin embargo, el martes 26 de marzo, el precio de cierre cay\u00f3 un 4,8% respecto al d\u00eda anterior. El precio de cierre del martes, de 27,13\u00a0\u20ac\/MWh, fue el m\u00ednimo semanal. Seg\u00fan los datos analizados en <strong>AleaSoft Energy Forecasting<\/strong>, este precio fue un 6,0% menor al del martes anterior. En las \u00faltimas sesiones de la semana, los precios de cierre fueron mayores, pero continuaron por debajo de 28\u00a0\u20ac\/MWh. El jueves 28 de marzo, el precio de cierre fue de 27,34\u00a0\u20ac\/MWh, un 3,6% mayor al del jueves anterior.<\/p>\n<p>Los niveles de las reservas europeas, el suministro abundante desde Noruega y los pron\u00f3sticos de temperaturas m\u00e1s altas en el principio de abril contribuyeron a que los precios de los futuros de gas TTF permanecieran por debajo de 28\u00a0\u20ac\/MWh en la mayor\u00eda de las sesiones de la \u00faltima semana de marzo.<\/p>\n<p>Por lo que respecta a los precios de cierre de los futuros de <strong>derechos de emisi\u00f3n de CO<sub>2<\/sub><\/strong> en el <strong>mercado EEX<\/strong> para el contrato de referencia de diciembre de 2024, durante la \u00faltima semana de marzo se mantuvieron por encima de 60\u00a0\u20ac\/t. El lunes 25 de marzo estos futuros registraron su precio de cierre m\u00e1ximo semanal, de 65,00\u00a0\u20ac\/t. Seg\u00fan los datos analizados en <strong>AleaSoft Energy Forecasting<\/strong>, este precio fue un 5,8% mayor al del lunes anterior y el m\u00e1s alto desde la segunda mitad de enero. En cambio, el jueves 28 de marzo, estos futuros registraron su precio de cierre m\u00ednimo semanal, de 61,80\u00a0\u20ac\/t. Este precio todav\u00eda fue un 4,6% mayor al del jueves anterior.<\/p>\n<div style='margin-top: 20px;margin-bottom: 20px;'><a title='AleaSoft - Precios gas carbon Brent CO2' href='https:\/\/aleasoft.com\/wp-content\/uploads\/2024\/04\/20240402-AleaSoft-Precios-gas-carbon-Brent-CO2.png'><img class='aligncenter' src='https:\/\/aleasoft.com\/wp-content\/uploads\/2024\/04\/20240402-AleaSoft-Precios-gas-carbon-Brent-CO2.png' alt='AleaSoft - Precios gas carbon Brent CO2' width='740'\/><\/a><span style='font-size: small;'>Fuente: Elaborado por AleaSoft Energy Forecasting con datos de ICE y EEX.<\/span><\/div>\n<h2>An\u00e1lisis de AleaSoft Energy Forecasting sobre las perspectivas de los mercados de energ\u00eda en Europa y la financiaci\u00f3n y valoraci\u00f3n de proyectos renovables<\/h2>\n<p>Los precios actuales de los mercados el\u00e9ctricos pueden ser un problema para los desarrolladores de <strong>energ\u00edas renovables<\/strong> que usaron previsiones de precios demasiado optimistas para mejorar las condiciones de financiaci\u00f3n. Las <a href=\"https:\/\/aleagreen.aleasoft.com\/\"><strong>previsiones de precios<\/strong><\/a> de largo plazo de <strong>AleaSoft Energy Forecasting<\/strong> y <strong>AleaGreen<\/strong> tienen una base cient\u00edfica que les proporciona coherencia y calidad. Adem\u00e1s, estas previsiones cuentan con granularidad horaria, bandas de confianza y hasta 30 a\u00f1os de horizonte. Los informes de previsiones de curvas de precios de largo plazo est\u00e1n disponibles para los principales mercados europeos, as\u00ed como para mercados de Am\u00e9rica y Asia.<\/p>\n<p>Fuente: <strong>AleaSoft Energy Forecasting<\/strong>.<\/p>\n<script type=\"text\/javascript\">\nwindow.addEventListener('load', function(event){\n        document.getElementById('alea-banner-elementor-template').remove();\n    }\n)\n<\/script>\n<a href='https:\/\/aleasoft.com\/es\/casos-previsiones\/ppa-y-sinergias\/' class='alea-banner-link' data-alea-gtm-event-category='banner-horizontal' data-alea-gtm-event-label='ppa'><img class='aligncenter' src='https:\/\/aleasoft.com\/wp-content\/uploads\/2021\/06\/banners_ppa_es.jpg' alt='Oferta de previsiones de precios a largo plazo para PPA' style=''\/><\/a>\n","protected":false},"excerpt":{"rendered":"<p>AleaSoft Energy Forecasting, 2 de abril de 2024. En la \u00faltima semana de marzo, el mercado ib\u00e9rico MIBEL registr\u00f3 los precios m\u00e1s bajos de Europa por octava semana consecutiva y en el mercado espa\u00f1ol el 1 de abril se registraron precios negativos por primera vez en su historia. En la mayor\u00eda de los principales mercados [&hellip;]<\/p>\n","protected":false},"author":1,"featured_media":142610,"comment_status":"closed","ping_status":"closed","sticky":false,"template":"","format":"standard","meta":{"footnotes":""},"categories":[568],"tags":[],"class_list":["post-142591","post","type-post","status-publish","format-standard","has-post-thumbnail","hentry","category-noticias"],"yoast_head":"<!-- This site is optimized with the Yoast SEO Premium plugin v27.4 (Yoast SEO v27.4) - https:\/\/yoast.com\/product\/yoast-seo-premium-wordpress\/ -->\n<title>El mercado el\u00e9ctrico espa\u00f1ol registra por primera vez precios negativos y contin\u00faa con los precios m\u00e1s bajos de Europa junto a Portugal - AleaSoft Energy Forecasting<\/title>\n<meta name=\"description\" content=\"En la \u00faltima semana de marzo, el mercado ib\u00e9rico MIBEL registr\u00f3 los precios m\u00e1s bajos de Europa por octava semana consecutiva y en el mercado espa\u00f1ol el 1 de abril se registraron precios negativos por primera vez en su historia.\" \/>\n<meta name=\"robots\" content=\"index, follow, max-snippet:-1, max-image-preview:large, max-video-preview:-1\" \/>\n<link rel=\"canonical\" href=\"https:\/\/aleasoft.com\/es\/precios-negativos-mercado-electrico-espannol\/\" \/>\n<meta property=\"og:locale\" content=\"es_ES\" \/>\n<meta property=\"og:type\" content=\"article\" \/>\n<meta property=\"og:title\" content=\"El mercado el\u00e9ctrico espa\u00f1ol registra por primera vez precios negativos y contin\u00faa con los precios m\u00e1s bajos de Europa junto a Portugal\" \/>\n<meta property=\"og:description\" content=\"En la \u00faltima semana de marzo, el mercado ib\u00e9rico MIBEL registr\u00f3 los precios m\u00e1s bajos de Europa por octava semana consecutiva y en el mercado espa\u00f1ol el 1 de abril se registraron precios negativos por primera vez en su historia.\" \/>\n<meta property=\"og:url\" content=\"https:\/\/aleasoft.com\/es\/precios-negativos-mercado-electrico-espannol\/\" \/>\n<meta property=\"og:site_name\" content=\"AleaSoft Energy Forecasting\" \/>\n<meta property=\"article:publisher\" content=\"https:\/\/www.facebook.com\/AleaSoft\/\" \/>\n<meta property=\"article:published_time\" content=\"2024-04-02T12:43:41+00:00\" \/>\n<meta property=\"article:modified_time\" content=\"2024-04-02T12:43:44+00:00\" \/>\n<meta property=\"og:image\" content=\"https:\/\/aleasoft.com\/wp-content\/uploads\/2024\/04\/20240402-AleaSoft-Precios-mercados-europeos-electricidad.png\" \/>\n\t<meta property=\"og:image:width\" content=\"2048\" \/>\n\t<meta property=\"og:image:height\" content=\"1426\" \/>\n\t<meta property=\"og:image:type\" content=\"image\/png\" \/>\n<meta name=\"author\" content=\"AleaSoft Energy Forecasting\" \/>\n<meta name=\"twitter:card\" content=\"summary_large_image\" \/>\n<meta name=\"twitter:creator\" content=\"@AleaSoftEnergy\" \/>\n<meta name=\"twitter:site\" content=\"@AleaSoftEnergy\" \/>\n<meta name=\"twitter:label1\" content=\"Escrito por\" \/>\n\t<meta name=\"twitter:data1\" content=\"AleaSoft Energy Forecasting\" \/>\n\t<meta name=\"twitter:label2\" content=\"Tiempo de lectura\" \/>\n\t<meta name=\"twitter:data2\" content=\"10 minutos\" \/>\n<script type=\"application\/ld+json\" class=\"yoast-schema-graph\">{\"@context\":\"https:\\\/\\\/schema.org\",\"@graph\":[{\"@type\":\"Article\",\"@id\":\"https:\\\/\\\/aleasoft.com\\\/es\\\/precios-negativos-mercado-electrico-espannol\\\/#article\",\"isPartOf\":{\"@id\":\"https:\\\/\\\/aleasoft.com\\\/es\\\/precios-negativos-mercado-electrico-espannol\\\/\"},\"author\":{\"name\":\"AleaSoft Energy Forecasting\",\"@id\":\"https:\\\/\\\/aleasoft.com\\\/#\\\/schema\\\/person\\\/99ee8b0f2ecbd56ba78005c6b7864d67\"},\"headline\":\"El mercado el\u00e9ctrico espa\u00f1ol registra por primera vez precios negativos y contin\u00faa con los precios m\u00e1s bajos de Europa junto a Portugal\",\"datePublished\":\"2024-04-02T12:43:41+00:00\",\"dateModified\":\"2024-04-02T12:43:44+00:00\",\"mainEntityOfPage\":{\"@id\":\"https:\\\/\\\/aleasoft.com\\\/es\\\/precios-negativos-mercado-electrico-espannol\\\/\"},\"wordCount\":2168,\"publisher\":{\"@id\":\"https:\\\/\\\/aleasoft.com\\\/#organization\"},\"image\":{\"@id\":\"https:\\\/\\\/aleasoft.com\\\/es\\\/precios-negativos-mercado-electrico-espannol\\\/#primaryimage\"},\"thumbnailUrl\":\"https:\\\/\\\/aleasoft.com\\\/wp-content\\\/uploads\\\/2024\\\/04\\\/20240402-AleaSoft-Precios-mercados-europeos-electricidad.png\",\"articleSection\":[\"Noticias\"],\"inLanguage\":\"es\"},{\"@type\":\"WebPage\",\"@id\":\"https:\\\/\\\/aleasoft.com\\\/es\\\/precios-negativos-mercado-electrico-espannol\\\/\",\"url\":\"https:\\\/\\\/aleasoft.com\\\/es\\\/precios-negativos-mercado-electrico-espannol\\\/\",\"name\":\"El mercado el\u00e9ctrico espa\u00f1ol registra por primera vez precios negativos y contin\u00faa con los precios m\u00e1s bajos de Europa junto a Portugal - AleaSoft Energy Forecasting\",\"isPartOf\":{\"@id\":\"https:\\\/\\\/aleasoft.com\\\/#website\"},\"primaryImageOfPage\":{\"@id\":\"https:\\\/\\\/aleasoft.com\\\/es\\\/precios-negativos-mercado-electrico-espannol\\\/#primaryimage\"},\"image\":{\"@id\":\"https:\\\/\\\/aleasoft.com\\\/es\\\/precios-negativos-mercado-electrico-espannol\\\/#primaryimage\"},\"thumbnailUrl\":\"https:\\\/\\\/aleasoft.com\\\/wp-content\\\/uploads\\\/2024\\\/04\\\/20240402-AleaSoft-Precios-mercados-europeos-electricidad.png\",\"datePublished\":\"2024-04-02T12:43:41+00:00\",\"dateModified\":\"2024-04-02T12:43:44+00:00\",\"description\":\"En la \u00faltima semana de marzo, el mercado ib\u00e9rico MIBEL registr\u00f3 los precios m\u00e1s bajos de Europa por octava semana consecutiva y en el mercado espa\u00f1ol el 1 de abril se registraron precios negativos por primera vez en su historia.\",\"breadcrumb\":{\"@id\":\"https:\\\/\\\/aleasoft.com\\\/es\\\/precios-negativos-mercado-electrico-espannol\\\/#breadcrumb\"},\"inLanguage\":\"es\",\"potentialAction\":[{\"@type\":\"ReadAction\",\"target\":[\"https:\\\/\\\/aleasoft.com\\\/es\\\/precios-negativos-mercado-electrico-espannol\\\/\"]}]},{\"@type\":\"ImageObject\",\"inLanguage\":\"es\",\"@id\":\"https:\\\/\\\/aleasoft.com\\\/es\\\/precios-negativos-mercado-electrico-espannol\\\/#primaryimage\",\"url\":\"https:\\\/\\\/aleasoft.com\\\/wp-content\\\/uploads\\\/2024\\\/04\\\/20240402-AleaSoft-Precios-mercados-europeos-electricidad.png\",\"contentUrl\":\"https:\\\/\\\/aleasoft.com\\\/wp-content\\\/uploads\\\/2024\\\/04\\\/20240402-AleaSoft-Precios-mercados-europeos-electricidad.png\",\"width\":2048,\"height\":1426},{\"@type\":\"BreadcrumbList\",\"@id\":\"https:\\\/\\\/aleasoft.com\\\/es\\\/precios-negativos-mercado-electrico-espannol\\\/#breadcrumb\",\"itemListElement\":[{\"@type\":\"ListItem\",\"position\":1,\"name\":\"Home\",\"item\":\"https:\\\/\\\/aleasoft.com\\\/es\\\/\"},{\"@type\":\"ListItem\",\"position\":2,\"name\":\"El mercado el\u00e9ctrico espa\u00f1ol registra por primera vez precios negativos y contin\u00faa con los precios m\u00e1s bajos de Europa junto a Portugal\"}]},{\"@type\":\"WebSite\",\"@id\":\"https:\\\/\\\/aleasoft.com\\\/#website\",\"url\":\"https:\\\/\\\/aleasoft.com\\\/\",\"name\":\"AleaSoft Energy Forecasting\",\"description\":\"Energy Forecasting\",\"publisher\":{\"@id\":\"https:\\\/\\\/aleasoft.com\\\/#organization\"},\"potentialAction\":[{\"@type\":\"SearchAction\",\"target\":{\"@type\":\"EntryPoint\",\"urlTemplate\":\"https:\\\/\\\/aleasoft.com\\\/?s={search_term_string}\"},\"query-input\":{\"@type\":\"PropertyValueSpecification\",\"valueRequired\":true,\"valueName\":\"search_term_string\"}}],\"inLanguage\":\"es\"},{\"@type\":\"Organization\",\"@id\":\"https:\\\/\\\/aleasoft.com\\\/#organization\",\"name\":\"AleaSoft Energy Forecasting\",\"url\":\"https:\\\/\\\/aleasoft.com\\\/\",\"logo\":{\"@type\":\"ImageObject\",\"inLanguage\":\"es\",\"@id\":\"https:\\\/\\\/aleasoft.com\\\/#\\\/schema\\\/logo\\\/image\\\/\",\"url\":\"https:\\\/\\\/aleasoft.com\\\/wp-content\\\/uploads\\\/2020\\\/01\\\/logo-alea-25.svg\",\"contentUrl\":\"https:\\\/\\\/aleasoft.com\\\/wp-content\\\/uploads\\\/2020\\\/01\\\/logo-alea-25.svg\",\"width\":7047,\"height\":1416,\"caption\":\"AleaSoft Energy Forecasting\"},\"image\":{\"@id\":\"https:\\\/\\\/aleasoft.com\\\/#\\\/schema\\\/logo\\\/image\\\/\"},\"sameAs\":[\"https:\\\/\\\/www.facebook.com\\\/AleaSoft\\\/\",\"https:\\\/\\\/x.com\\\/AleaSoftEnergy\",\"https:\\\/\\\/www.linkedin.com\\\/company\\\/aleasoft\\\/\"]},{\"@type\":\"Person\",\"@id\":\"https:\\\/\\\/aleasoft.com\\\/#\\\/schema\\\/person\\\/99ee8b0f2ecbd56ba78005c6b7864d67\",\"name\":\"AleaSoft Energy Forecasting\",\"image\":{\"@type\":\"ImageObject\",\"inLanguage\":\"es\",\"@id\":\"https:\\\/\\\/secure.gravatar.com\\\/avatar\\\/3ce8db70bda469bc8382df5990537888cf96f625c0fde5b0292ff5ab10560f88?s=96&d=mm&r=g\",\"url\":\"https:\\\/\\\/secure.gravatar.com\\\/avatar\\\/3ce8db70bda469bc8382df5990537888cf96f625c0fde5b0292ff5ab10560f88?s=96&d=mm&r=g\",\"contentUrl\":\"https:\\\/\\\/secure.gravatar.com\\\/avatar\\\/3ce8db70bda469bc8382df5990537888cf96f625c0fde5b0292ff5ab10560f88?s=96&d=mm&r=g\",\"caption\":\"AleaSoft Energy Forecasting\"},\"sameAs\":[\"http:\\\/\\\/aleasoft.com\"]}]}<\/script>\n<!-- \/ Yoast SEO Premium plugin. -->","yoast_head_json":{"title":"El mercado el\u00e9ctrico espa\u00f1ol registra por primera vez precios negativos y contin\u00faa con los precios m\u00e1s bajos de Europa junto a Portugal - AleaSoft Energy Forecasting","description":"En la \u00faltima semana de marzo, el mercado ib\u00e9rico MIBEL registr\u00f3 los precios m\u00e1s bajos de Europa por octava semana consecutiva y en el mercado espa\u00f1ol el 1 de abril se registraron precios negativos por primera vez en su historia.","robots":{"index":"index","follow":"follow","max-snippet":"max-snippet:-1","max-image-preview":"max-image-preview:large","max-video-preview":"max-video-preview:-1"},"canonical":"https:\/\/aleasoft.com\/es\/precios-negativos-mercado-electrico-espannol\/","og_locale":"es_ES","og_type":"article","og_title":"El mercado el\u00e9ctrico espa\u00f1ol registra por primera vez precios negativos y contin\u00faa con los precios m\u00e1s bajos de Europa junto a Portugal","og_description":"En la \u00faltima semana de marzo, el mercado ib\u00e9rico MIBEL registr\u00f3 los precios m\u00e1s bajos de Europa por octava semana consecutiva y en el mercado espa\u00f1ol el 1 de abril se registraron precios negativos por primera vez en su historia.","og_url":"https:\/\/aleasoft.com\/es\/precios-negativos-mercado-electrico-espannol\/","og_site_name":"AleaSoft Energy Forecasting","article_publisher":"https:\/\/www.facebook.com\/AleaSoft\/","article_published_time":"2024-04-02T12:43:41+00:00","article_modified_time":"2024-04-02T12:43:44+00:00","og_image":[{"width":2048,"height":1426,"url":"https:\/\/aleasoft.com\/wp-content\/uploads\/2024\/04\/20240402-AleaSoft-Precios-mercados-europeos-electricidad.png","type":"image\/png"}],"author":"AleaSoft Energy Forecasting","twitter_card":"summary_large_image","twitter_creator":"@AleaSoftEnergy","twitter_site":"@AleaSoftEnergy","twitter_misc":{"Escrito por":"AleaSoft Energy Forecasting","Tiempo de lectura":"10 minutos"},"schema":{"@context":"https:\/\/schema.org","@graph":[{"@type":"Article","@id":"https:\/\/aleasoft.com\/es\/precios-negativos-mercado-electrico-espannol\/#article","isPartOf":{"@id":"https:\/\/aleasoft.com\/es\/precios-negativos-mercado-electrico-espannol\/"},"author":{"name":"AleaSoft Energy Forecasting","@id":"https:\/\/aleasoft.com\/#\/schema\/person\/99ee8b0f2ecbd56ba78005c6b7864d67"},"headline":"El mercado el\u00e9ctrico espa\u00f1ol registra por primera vez precios negativos y contin\u00faa con los precios m\u00e1s bajos de Europa junto a Portugal","datePublished":"2024-04-02T12:43:41+00:00","dateModified":"2024-04-02T12:43:44+00:00","mainEntityOfPage":{"@id":"https:\/\/aleasoft.com\/es\/precios-negativos-mercado-electrico-espannol\/"},"wordCount":2168,"publisher":{"@id":"https:\/\/aleasoft.com\/#organization"},"image":{"@id":"https:\/\/aleasoft.com\/es\/precios-negativos-mercado-electrico-espannol\/#primaryimage"},"thumbnailUrl":"https:\/\/aleasoft.com\/wp-content\/uploads\/2024\/04\/20240402-AleaSoft-Precios-mercados-europeos-electricidad.png","articleSection":["Noticias"],"inLanguage":"es"},{"@type":"WebPage","@id":"https:\/\/aleasoft.com\/es\/precios-negativos-mercado-electrico-espannol\/","url":"https:\/\/aleasoft.com\/es\/precios-negativos-mercado-electrico-espannol\/","name":"El mercado el\u00e9ctrico espa\u00f1ol registra por primera vez precios negativos y contin\u00faa con los precios m\u00e1s bajos de Europa junto a Portugal - AleaSoft Energy Forecasting","isPartOf":{"@id":"https:\/\/aleasoft.com\/#website"},"primaryImageOfPage":{"@id":"https:\/\/aleasoft.com\/es\/precios-negativos-mercado-electrico-espannol\/#primaryimage"},"image":{"@id":"https:\/\/aleasoft.com\/es\/precios-negativos-mercado-electrico-espannol\/#primaryimage"},"thumbnailUrl":"https:\/\/aleasoft.com\/wp-content\/uploads\/2024\/04\/20240402-AleaSoft-Precios-mercados-europeos-electricidad.png","datePublished":"2024-04-02T12:43:41+00:00","dateModified":"2024-04-02T12:43:44+00:00","description":"En la \u00faltima semana de marzo, el mercado ib\u00e9rico MIBEL registr\u00f3 los precios m\u00e1s bajos de Europa por octava semana consecutiva y en el mercado espa\u00f1ol el 1 de abril se registraron precios negativos por primera vez en su historia.","breadcrumb":{"@id":"https:\/\/aleasoft.com\/es\/precios-negativos-mercado-electrico-espannol\/#breadcrumb"},"inLanguage":"es","potentialAction":[{"@type":"ReadAction","target":["https:\/\/aleasoft.com\/es\/precios-negativos-mercado-electrico-espannol\/"]}]},{"@type":"ImageObject","inLanguage":"es","@id":"https:\/\/aleasoft.com\/es\/precios-negativos-mercado-electrico-espannol\/#primaryimage","url":"https:\/\/aleasoft.com\/wp-content\/uploads\/2024\/04\/20240402-AleaSoft-Precios-mercados-europeos-electricidad.png","contentUrl":"https:\/\/aleasoft.com\/wp-content\/uploads\/2024\/04\/20240402-AleaSoft-Precios-mercados-europeos-electricidad.png","width":2048,"height":1426},{"@type":"BreadcrumbList","@id":"https:\/\/aleasoft.com\/es\/precios-negativos-mercado-electrico-espannol\/#breadcrumb","itemListElement":[{"@type":"ListItem","position":1,"name":"Home","item":"https:\/\/aleasoft.com\/es\/"},{"@type":"ListItem","position":2,"name":"El mercado el\u00e9ctrico espa\u00f1ol registra por primera vez precios negativos y contin\u00faa con los precios m\u00e1s bajos de Europa junto a Portugal"}]},{"@type":"WebSite","@id":"https:\/\/aleasoft.com\/#website","url":"https:\/\/aleasoft.com\/","name":"AleaSoft Energy Forecasting","description":"Energy Forecasting","publisher":{"@id":"https:\/\/aleasoft.com\/#organization"},"potentialAction":[{"@type":"SearchAction","target":{"@type":"EntryPoint","urlTemplate":"https:\/\/aleasoft.com\/?s={search_term_string}"},"query-input":{"@type":"PropertyValueSpecification","valueRequired":true,"valueName":"search_term_string"}}],"inLanguage":"es"},{"@type":"Organization","@id":"https:\/\/aleasoft.com\/#organization","name":"AleaSoft Energy Forecasting","url":"https:\/\/aleasoft.com\/","logo":{"@type":"ImageObject","inLanguage":"es","@id":"https:\/\/aleasoft.com\/#\/schema\/logo\/image\/","url":"https:\/\/aleasoft.com\/wp-content\/uploads\/2020\/01\/logo-alea-25.svg","contentUrl":"https:\/\/aleasoft.com\/wp-content\/uploads\/2020\/01\/logo-alea-25.svg","width":7047,"height":1416,"caption":"AleaSoft Energy Forecasting"},"image":{"@id":"https:\/\/aleasoft.com\/#\/schema\/logo\/image\/"},"sameAs":["https:\/\/www.facebook.com\/AleaSoft\/","https:\/\/x.com\/AleaSoftEnergy","https:\/\/www.linkedin.com\/company\/aleasoft\/"]},{"@type":"Person","@id":"https:\/\/aleasoft.com\/#\/schema\/person\/99ee8b0f2ecbd56ba78005c6b7864d67","name":"AleaSoft Energy Forecasting","image":{"@type":"ImageObject","inLanguage":"es","@id":"https:\/\/secure.gravatar.com\/avatar\/3ce8db70bda469bc8382df5990537888cf96f625c0fde5b0292ff5ab10560f88?s=96&d=mm&r=g","url":"https:\/\/secure.gravatar.com\/avatar\/3ce8db70bda469bc8382df5990537888cf96f625c0fde5b0292ff5ab10560f88?s=96&d=mm&r=g","contentUrl":"https:\/\/secure.gravatar.com\/avatar\/3ce8db70bda469bc8382df5990537888cf96f625c0fde5b0292ff5ab10560f88?s=96&d=mm&r=g","caption":"AleaSoft Energy Forecasting"},"sameAs":["http:\/\/aleasoft.com"]}]}},"_links":{"self":[{"href":"https:\/\/aleasoft.com\/es\/wp-json\/wp\/v2\/posts\/142591","targetHints":{"allow":["GET"]}}],"collection":[{"href":"https:\/\/aleasoft.com\/es\/wp-json\/wp\/v2\/posts"}],"about":[{"href":"https:\/\/aleasoft.com\/es\/wp-json\/wp\/v2\/types\/post"}],"author":[{"embeddable":true,"href":"https:\/\/aleasoft.com\/es\/wp-json\/wp\/v2\/users\/1"}],"replies":[{"embeddable":true,"href":"https:\/\/aleasoft.com\/es\/wp-json\/wp\/v2\/comments?post=142591"}],"version-history":[{"count":0,"href":"https:\/\/aleasoft.com\/es\/wp-json\/wp\/v2\/posts\/142591\/revisions"}],"wp:featuredmedia":[{"embeddable":true,"href":"https:\/\/aleasoft.com\/es\/wp-json\/wp\/v2\/media\/142610"}],"wp:attachment":[{"href":"https:\/\/aleasoft.com\/es\/wp-json\/wp\/v2\/media?parent=142591"}],"wp:term":[{"taxonomy":"category","embeddable":true,"href":"https:\/\/aleasoft.com\/es\/wp-json\/wp\/v2\/categories?post=142591"},{"taxonomy":"post_tag","embeddable":true,"href":"https:\/\/aleasoft.com\/es\/wp-json\/wp\/v2\/tags?post=142591"}],"curies":[{"name":"wp","href":"https:\/\/api.w.org\/{rel}","templated":true}]}}