{"id":148926,"date":"2024-09-12T09:43:14","date_gmt":"2024-09-12T07:43:14","guid":{"rendered":"https:\/\/aleasoft.com\/?p=148926"},"modified":"2024-09-12T09:43:17","modified_gmt":"2024-09-12T07:43:17","slug":"entrevista-pv-magazine-precios-negativos-almacenamiento","status":"publish","type":"post","link":"https:\/\/aleasoft.com\/es\/entrevista-pv-magazine-precios-negativos-almacenamiento\/","title":{"rendered":"Entrevista de pv magazine, a Antonio Delgado Rigal, Doctor en Inteligencia Artificial y CEO de AleaSoft Energy Forecasting"},"content":{"rendered":"<p><strong>AleaSoft Energy Forecasting, 11 de septiembre de 2024. Entrevista de Emiliano Bellini, de pv magazine, a Antonio Delgado Rigal, Doctor en Inteligencia Artificial, fundador y CEO de AleaSoft Energy Forecasting. En la entrevista se analiza el incremento de las horas con precios negativos en los mercados el\u00e9ctricos europeos, que es el resultado de una matriz de factores, entre los que se incluyen mucha producci\u00f3n renovable y una baja demanda. Adem\u00e1s, se destaca la importancia del almacenamiento de energ\u00eda y la flexibilidad para reducir los precios negativos.<\/strong><br \/>\n<div style='margin-top: 20px;margin-bottom: 20px;'><a title='AleaSoft - Negative Prices European Electricity Markets' href='https:\/\/aleasoft.com\/wp-content\/uploads\/2024\/09\/20240911-AleaSoft-Negative-Prices-European-Electricity-Markets.png'><img class='aligncenter' src='https:\/\/aleasoft.com\/wp-content\/uploads\/2024\/09\/20240911-AleaSoft-Negative-Prices-European-Electricity-Markets.png' alt='AleaSoft - Negative Prices European Electricity Markets' width='740'\/><\/a><\/div><br \/>\nLos <strong>mercados el\u00e9ctricos europeos<\/strong> est\u00e1n experimentando m\u00e1s horas con precios negativos, una tendencia que suele asociarse con la r\u00e1pida expansi\u00f3n de las <strong>energ\u00edas renovables<\/strong>. Sin embargo, este aumento se debe a una combinaci\u00f3n de factores.<\/p>\n<p>\u201cSi bien el despliegue de m\u00e1s capacidad de energ\u00edas renovables, especialmente solar y e\u00f3lica, es uno de los principales motores, no es el \u00fanico,\u201d seg\u00fan coment\u00f3 Antonio Delgado Rigal, CEO de <strong>AleaSoft Energy Forecasting<\/strong>, a <strong>pv magazine <\/strong>en una entrevista en la que se analiz\u00f3 este tema. \u201cLa demanda tambi\u00e9n juega un papel crucial.\u201d<\/p>\n<p>Seg\u00fan Antonio Delgado Rigal, los precios negativos ocurren mayoritariamente en momentos en que coinciden mucha producci\u00f3n renovable, como las horas centrales del d\u00eda con mucha <strong>producci\u00f3n solar<\/strong>, d\u00edas con mucho viento y mucha <strong>producci\u00f3n e\u00f3lica<\/strong>, o \u00e9pocas del a\u00f1o con mucha <strong>producci\u00f3n hidroel\u00e9ctrica<\/strong>. Estas condiciones a menudo coinciden con una baja demanda, como en los fines de semana, d\u00edas festivos, o en \u00e9pocas del a\u00f1o con temperaturas menos extremas, como la primavera.<\/p>\n<p>\u201cEs la combinaci\u00f3n de mucha producci\u00f3n renovable y baja demanda la que conduce a precios negativos\u201d, a\u00f1adi\u00f3 el CEO de <strong>AleaSoft Energy Forecasting<\/strong>. \u201cEl r\u00e1pido incremento de la capacidad instalada de energ\u00edas renovables que se est\u00e1 viendo en Europa junto con una demanda de electricidad a la baja consecuencia de la crisis de la COVID en 2020 y la posterior crisis de los precios de la energ\u00eda en 2022 y 2023 ha llevado a que el n\u00famero de horas con precios negativos se haya incrementado en los \u00faltimos a\u00f1os.\u201d<\/p>\n<p>Los generadores a veces ofrecen su energ\u00eda a precios por debajo de cero para asegurar su venta en el mercado, lo que genera precios negativos.<\/p>\n<p>\u201cEsto es posible debido al <strong>dise\u00f1o marginalista<\/strong> del mercado el\u00e9ctrico, donde las ofertas se ordenan de forma ascendente seg\u00fan el precio ofertado, y las m\u00e1s bajas son las primeras en casarse\u201d, explic\u00f3 Delgado Rigal. \u201cAunque pueda parecer contraintuitivo, los generadores tienen motivos para ofertar a precios negativos. Uno de ellos es que reciban un pago fijo por producir energ\u00eda, independientemente del precio de mercado, si tienen un contrato <strong>PPA<\/strong> (<strong>Power Purchase Agreement<\/strong>) o han sido ganadores en una subasta. Adem\u00e1s, algunos generadores pueden tener un compromiso ineludible con una contraparte que compra dicha energ\u00eda. Otro motivo es que algunos generadores, como las <strong>nucleares<\/strong>, no pueden reducir su producci\u00f3n f\u00e1cilmente, como ocurre en Francia y Espa\u00f1a, donde las plantas nucleares deben seguir generando debido a sus caracter\u00edsticas t\u00e9cnicas.\u201d<\/p>\n<p>Delgado Rigal pidi\u00f3 m\u00e1s <strong>capacidad de almacenamiento<\/strong> para evitar que este fen\u00f3meno se produzca con m\u00e1s frecuencia. Las bater\u00edas pueden absorber el excedente de energ\u00eda renovable durante los per\u00edodos de baja demanda y liberarla cuando sea necesario.<\/p>\n<p>Afirm\u00f3 que es probable que el n\u00famero de horas con precios negativos aumente en los pr\u00f3ximos dos o tres a\u00f1os. Esto se debe principalmente al r\u00e1pido crecimiento de las energ\u00edas renovables y a que la demanda no est\u00e1 creciendo al ritmo que se espera de cara a conseguir los objetivos de descarbonizaci\u00f3n y de reducci\u00f3n de las emisiones.<\/p>\n<p>\u201cSin embargo, en el largo plazo, no se espera que las horas de precios negativos representen un riesgo significativo para la rentabilidad de los proyectos\u201d, afirm\u00f3. \u201cAunque los precios negativos continuar\u00e1n ocurriendo, no se espera que sean lo suficientemente frecuentes ni recurrentes como para poner en peligro la viabilidad financiera de las inversiones en energ\u00edas renovables.\u201d<\/p>\n<p>Para que esto ocurra, son claves la implementaci\u00f3n de tecnolog\u00edas de almacenamiento de energ\u00eda, mejoras en la <strong>flexibilidad de la demanda<\/strong>, una mayor <strong>electrificaci\u00f3n<\/strong> de sectores como la industria, el transporte y la calefacci\u00f3n, y la producci\u00f3n a gran escala de <strong>hidr\u00f3geno verde<\/strong> y sus derivados.<\/p>\n<p>\u201cEsto permitir\u00e1 que las energ\u00edas renovables contin\u00faen siendo competitivas y rentables, incluso en un entorno donde se registren ocasionalmente precios negativos\u201d, dijo Antonio Delgado Rigal.<\/p>\n<p>Los precios negativos han estado presentes hist\u00f3ricamente en mercados como el alem\u00e1n, que despliega grandes capacidades de energ\u00eda renovable. Por el contrario, mercados como el de Reino Unido, que depende en gran medida del <strong>gas<\/strong> y el <strong>carb\u00f3n<\/strong>, y el franc\u00e9s, que depende de la energ\u00eda nuclear, han experimentado precios negativos con menor frecuencia.<\/p>\n<p>\u201cLos precios negativos tend\u00edan a darse de manera espor\u00e1dica sobre todo en momentos de baja demanda, como durante la crisis de la COVID en 2020 o los a\u00f1os posteriores a la crisis financiera de 2008\u201d, explic\u00f3 Delgado Rigal. \u201cEn el caso del mercado espa\u00f1ol no se hab\u00edan producido precios negativos hasta abril de este a\u00f1o y hasta el momento el precio m\u00e1s bajo ha sido de \u20112\u00a0\u20ac\/MWh (\u20112,21\u00a0$\/MWh). Esto se debe a que en Espa\u00f1a los PPA y las subastas tienen cl\u00e1usulas de no pago en caso de precios negativos, lo que desincentiva producir en esos momentos a las renovables\u201d.<\/p>\n<p>En otros pa\u00edses, como Alemania, los generadores de energ\u00eda renovable pueden seguir cobrando lo pactado incluso si los precios del mercado son negativos, siempre que estos precios negativos no duren m\u00e1s de tres horas consecutivas.<\/p>\n<p>\u201cA partir de 2023, el n\u00famero de horas con precios negativos ha empezado a subir de manera considerable en casi todos los mercados\u201d, dijo el CEO de <strong>AleaSoft Energy Forecasting<\/strong>. \u201cEl factor clave ha sido el r\u00e1pido crecimiento de la <strong>energ\u00eda solar fotovoltaica<\/strong> y una demanda a la baja despu\u00e9s de la crisis de precios de 2022 y 2023. En la mayor\u00eda de los mercados, el n\u00famero de horas con precios negativos en lo que llevamos de 2024 ya ha superado el n\u00famero de horas registrado durante todo 2023. Y despu\u00e9s est\u00e1n casos como el del mercado italiano, donde la mayor\u00eda de la demanda se cubre con <strong>ciclos combinados de gas<\/strong> e <strong>importaciones de energ\u00eda<\/strong>. En estos mercados, los precios negativos son algo muy excepcional y pr\u00e1cticamente inexistente.\u201d<\/p>\n<p>En el futuro, los mercados que estar\u00e1n mejor protegidos del riesgo de precios negativos recurrentes ser\u00e1n aquellos que logren una mayor integraci\u00f3n y flexibilidad en su sistema energ\u00e9tico.<\/p>\n<p>\u201cLos mercados con una mayor capacidad de almacenamiento de energ\u00eda, como <strong>bater\u00edas<\/strong>, <strong>almacenamiento hidroel\u00e9ctrico por bombeo<\/strong> o capacidad de almacenamiento de hidr\u00f3geno verde, podr\u00e1n almacenar el exceso de energ\u00eda renovable en momentos de baja demanda y liberarla cuando sea necesario\u201d, dijo Delgado Rigal. \u201cEsto ayudar\u00e1 a reducir la frecuencia de precios negativos, ya que la energ\u00eda no necesitar\u00e1 ser vendida a cualquier precio en el mercado. Los mercados con m\u00e1s capacidad en las <strong>interconexiones el\u00e9ctricas<\/strong> con sus pa\u00edses vecinos podr\u00e1n exportar su exceso de producci\u00f3n cuando la demanda interna sea baja, evitando as\u00ed la saturaci\u00f3n del sistema y los precios negativos. Esto permitir\u00e1 equilibrar la oferta y la demanda, evitar vertidos de energ\u00eda y reducir la volatilidad de los precios.\u201d<\/p>\n<p>La capacidad de producci\u00f3n de hidr\u00f3geno verde tambi\u00e9n ser\u00e1 un factor crucial. Los excedentes de electricidad renovable podr\u00e1n ser utilizados para producir hidr\u00f3geno, que luego puede ser almacenado y utilizado como fuente de energ\u00eda o materia prima en sectores industriales, evitando la necesidad de vender la energ\u00eda en momentos de precios negativos.<\/p>\n<p>\u201cLos mercados que fomenten una mayor flexibilidad en la demanda, mediante programas de gesti\u00f3n de la demanda o tarifas din\u00e1micas, podr\u00e1n ajustar el consumo en funci\u00f3n de la disponibilidad de energ\u00eda renovable\u201d, a\u00f1adi\u00f3 Antonio Delgado Rigal. \u201cEsto permitir\u00e1 que la demanda responda mejor a la oferta, reduciendo el riesgo de precios negativos. Estos elementos proporcionar\u00e1n una mayor estabilidad en el sistema y permitir\u00e1n aprovechar al m\u00e1ximo la generaci\u00f3n renovable sin generar distorsiones en los precios del mercado.\u201d<\/p>\n<p>Se\u00f1al\u00f3 que los precios negativos, aunque no son una se\u00f1al ideal, no deben verse necesariamente como un problema que requiera intervenci\u00f3n directa en los mercados. M\u00e1s bien, son un s\u00edntoma de que el mercado est\u00e1 experimentando una ineficiencia temporal, generalmente vinculada a un desajuste entre la oferta de energ\u00edas renovables y la demanda. Intervenir en los mercados para prevenir la aparici\u00f3n de precios negativos distorsionar\u00eda los incentivos y se\u00f1ales que el mercado necesita para autorregularse de manera eficiente.<\/p>\n<p>\u201cEn lugar de tratar de evitar los precios negativos mediante regulaciones restrictivas, es mejor incentivar las coberturas y los contratos de largo plazo como los PPA\u201d, dijo Antonio Delgado Rigal. \u201cDe esta manera se mitiga el riesgo de precios tanto para los productores como para los consumidores, mientras el mercado da, en cada momento, la se\u00f1al de precios correcta. No es una buena idea intervenir directamente en los mercados para evitar los precios negativos, ya que son una se\u00f1al de mercado importante para estimular la innovaci\u00f3n y la inversi\u00f3n en soluciones como el almacenamiento y la gesti\u00f3n de la demanda.\u201d<\/p>\n<p>Delgado Rigal tambi\u00e9n dijo que los precios negativos reflejan en gran medida la <strong>canibalizaci\u00f3n<\/strong> que existe actualmente en el sector de las energ\u00edas renovables, especialmente la fotovoltaica.<\/p>\n<p>\u201cLas mismas plantas de energ\u00eda solar compiten entre s\u00ed, reduciendo los precios cuando la producci\u00f3n es abundante\u201d, dijo, y se\u00f1al\u00f3 que, especialmente para el sector industrial, los precios negativos representan una oportunidad para acceder a energ\u00eda a precios extremadamente competitivos. \u201cSi las industrias pueden adaptarse y ajustar su consumo para aprovechar estas horas de exceso de oferta, o si se reubican en mercados donde la energ\u00eda renovable es menos costosa gracias a la abundante capacidad instalada, podr\u00e1n reducir significativamente sus costes energ\u00e9ticos. Esta flexibilidad ser\u00e1 clave para aprovechar las ventajas de la <strong>transici\u00f3n energ\u00e9tica<\/strong>.\u201d<\/p>\n","protected":false},"excerpt":{"rendered":"<p>AleaSoft Energy Forecasting, 11 de septiembre de 2024. Entrevista de Emiliano Bellini, de pv magazine, a Antonio Delgado Rigal, Doctor en Inteligencia Artificial, fundador y CEO de AleaSoft Energy Forecasting. En la entrevista se analiza el incremento de las horas con precios negativos en los mercados el\u00e9ctricos europeos, que es el resultado de una matriz [&hellip;]<\/p>\n","protected":false},"author":1,"featured_media":148927,"comment_status":"closed","ping_status":"closed","sticky":false,"template":"","format":"standard","meta":{"footnotes":""},"categories":[568],"tags":[],"class_list":["post-148926","post","type-post","status-publish","format-standard","has-post-thumbnail","hentry","category-noticias"],"yoast_head":"<!-- This site is optimized with the Yoast SEO Premium plugin v27.4 (Yoast SEO v27.4) - https:\/\/yoast.com\/product\/yoast-seo-premium-wordpress\/ -->\n<title>Entrevista de pv magazine, a Antonio Delgado Rigal, Doctor en Inteligencia Artificial y CEO de AleaSoft Energy Forecasting - AleaSoft Energy Forecasting<\/title>\n<meta name=\"description\" content=\"Entrevista de Emiliano Bellini, de pv magazine, a Antonio Delgado Rigal, Doctor en Inteligencia Artificial, fundador y CEO de AleaSoft Energy Forecasting. En la entrevista se analiza el incremento de las horas con precios negativos en los mercados el\u00e9ctricos europeos, que es el resultado de una matriz de factores, entre los que se incluyen mucha producci\u00f3n renovable y una baja demanda.\" \/>\n<meta name=\"robots\" content=\"index, follow, max-snippet:-1, max-image-preview:large, max-video-preview:-1\" \/>\n<link rel=\"canonical\" href=\"https:\/\/aleasoft.com\/es\/entrevista-pv-magazine-precios-negativos-almacenamiento\/\" \/>\n<meta property=\"og:locale\" content=\"es_ES\" \/>\n<meta property=\"og:type\" content=\"article\" \/>\n<meta property=\"og:title\" content=\"Entrevista de pv magazine, a Antonio Delgado Rigal, Doctor en Inteligencia Artificial y CEO de AleaSoft Energy Forecasting\" \/>\n<meta property=\"og:description\" content=\"Entrevista de Emiliano Bellini, de pv magazine, a Antonio Delgado Rigal, Doctor en Inteligencia Artificial, fundador y CEO de AleaSoft Energy Forecasting. En la entrevista se analiza el incremento de las horas con precios negativos en los mercados el\u00e9ctricos europeos, que es el resultado de una matriz de factores, entre los que se incluyen mucha producci\u00f3n renovable y una baja demanda.\" \/>\n<meta property=\"og:url\" content=\"https:\/\/aleasoft.com\/es\/entrevista-pv-magazine-precios-negativos-almacenamiento\/\" \/>\n<meta property=\"og:site_name\" content=\"AleaSoft Energy Forecasting\" \/>\n<meta property=\"article:publisher\" content=\"https:\/\/www.facebook.com\/AleaSoft\/\" \/>\n<meta property=\"article:published_time\" content=\"2024-09-12T07:43:14+00:00\" \/>\n<meta property=\"article:modified_time\" content=\"2024-09-12T07:43:17+00:00\" \/>\n<meta property=\"og:image\" content=\"https:\/\/aleasoft.com\/wp-content\/uploads\/2024\/09\/20240911-AleaSoft-Negative-Prices-European-Electricity-Markets.png\" \/>\n\t<meta property=\"og:image:width\" content=\"2048\" \/>\n\t<meta property=\"og:image:height\" content=\"1340\" \/>\n\t<meta property=\"og:image:type\" content=\"image\/png\" \/>\n<meta name=\"author\" content=\"AleaSoft Energy Forecasting\" \/>\n<meta name=\"twitter:card\" content=\"summary_large_image\" \/>\n<meta name=\"twitter:creator\" content=\"@AleaSoftEnergy\" \/>\n<meta name=\"twitter:site\" content=\"@AleaSoftEnergy\" \/>\n<meta name=\"twitter:label1\" content=\"Escrito por\" \/>\n\t<meta name=\"twitter:data1\" content=\"AleaSoft Energy Forecasting\" \/>\n\t<meta name=\"twitter:label2\" content=\"Tiempo de lectura\" \/>\n\t<meta name=\"twitter:data2\" content=\"8 minutos\" \/>\n<script type=\"application\/ld+json\" class=\"yoast-schema-graph\">{\"@context\":\"https:\\\/\\\/schema.org\",\"@graph\":[{\"@type\":\"Article\",\"@id\":\"https:\\\/\\\/aleasoft.com\\\/es\\\/entrevista-pv-magazine-precios-negativos-almacenamiento\\\/#article\",\"isPartOf\":{\"@id\":\"https:\\\/\\\/aleasoft.com\\\/es\\\/entrevista-pv-magazine-precios-negativos-almacenamiento\\\/\"},\"author\":{\"name\":\"AleaSoft Energy Forecasting\",\"@id\":\"https:\\\/\\\/aleasoft.com\\\/#\\\/schema\\\/person\\\/99ee8b0f2ecbd56ba78005c6b7864d67\"},\"headline\":\"Entrevista de pv magazine, a Antonio Delgado Rigal, Doctor en Inteligencia Artificial y CEO de AleaSoft Energy Forecasting\",\"datePublished\":\"2024-09-12T07:43:14+00:00\",\"dateModified\":\"2024-09-12T07:43:17+00:00\",\"mainEntityOfPage\":{\"@id\":\"https:\\\/\\\/aleasoft.com\\\/es\\\/entrevista-pv-magazine-precios-negativos-almacenamiento\\\/\"},\"wordCount\":1784,\"publisher\":{\"@id\":\"https:\\\/\\\/aleasoft.com\\\/#organization\"},\"image\":{\"@id\":\"https:\\\/\\\/aleasoft.com\\\/es\\\/entrevista-pv-magazine-precios-negativos-almacenamiento\\\/#primaryimage\"},\"thumbnailUrl\":\"https:\\\/\\\/aleasoft.com\\\/wp-content\\\/uploads\\\/2024\\\/09\\\/20240911-AleaSoft-Negative-Prices-European-Electricity-Markets.png\",\"articleSection\":[\"Noticias\"],\"inLanguage\":\"es\"},{\"@type\":\"WebPage\",\"@id\":\"https:\\\/\\\/aleasoft.com\\\/es\\\/entrevista-pv-magazine-precios-negativos-almacenamiento\\\/\",\"url\":\"https:\\\/\\\/aleasoft.com\\\/es\\\/entrevista-pv-magazine-precios-negativos-almacenamiento\\\/\",\"name\":\"Entrevista de pv magazine, a Antonio Delgado Rigal, Doctor en Inteligencia Artificial y CEO de AleaSoft Energy Forecasting - AleaSoft Energy Forecasting\",\"isPartOf\":{\"@id\":\"https:\\\/\\\/aleasoft.com\\\/#website\"},\"primaryImageOfPage\":{\"@id\":\"https:\\\/\\\/aleasoft.com\\\/es\\\/entrevista-pv-magazine-precios-negativos-almacenamiento\\\/#primaryimage\"},\"image\":{\"@id\":\"https:\\\/\\\/aleasoft.com\\\/es\\\/entrevista-pv-magazine-precios-negativos-almacenamiento\\\/#primaryimage\"},\"thumbnailUrl\":\"https:\\\/\\\/aleasoft.com\\\/wp-content\\\/uploads\\\/2024\\\/09\\\/20240911-AleaSoft-Negative-Prices-European-Electricity-Markets.png\",\"datePublished\":\"2024-09-12T07:43:14+00:00\",\"dateModified\":\"2024-09-12T07:43:17+00:00\",\"description\":\"Entrevista de Emiliano Bellini, de pv magazine, a Antonio Delgado Rigal, Doctor en Inteligencia Artificial, fundador y CEO de AleaSoft Energy Forecasting. En la entrevista se analiza el incremento de las horas con precios negativos en los mercados el\u00e9ctricos europeos, que es el resultado de una matriz de factores, entre los que se incluyen mucha producci\u00f3n renovable y una baja demanda.\",\"breadcrumb\":{\"@id\":\"https:\\\/\\\/aleasoft.com\\\/es\\\/entrevista-pv-magazine-precios-negativos-almacenamiento\\\/#breadcrumb\"},\"inLanguage\":\"es\",\"potentialAction\":[{\"@type\":\"ReadAction\",\"target\":[\"https:\\\/\\\/aleasoft.com\\\/es\\\/entrevista-pv-magazine-precios-negativos-almacenamiento\\\/\"]}]},{\"@type\":\"ImageObject\",\"inLanguage\":\"es\",\"@id\":\"https:\\\/\\\/aleasoft.com\\\/es\\\/entrevista-pv-magazine-precios-negativos-almacenamiento\\\/#primaryimage\",\"url\":\"https:\\\/\\\/aleasoft.com\\\/wp-content\\\/uploads\\\/2024\\\/09\\\/20240911-AleaSoft-Negative-Prices-European-Electricity-Markets.png\",\"contentUrl\":\"https:\\\/\\\/aleasoft.com\\\/wp-content\\\/uploads\\\/2024\\\/09\\\/20240911-AleaSoft-Negative-Prices-European-Electricity-Markets.png\",\"width\":2048,\"height\":1340},{\"@type\":\"BreadcrumbList\",\"@id\":\"https:\\\/\\\/aleasoft.com\\\/es\\\/entrevista-pv-magazine-precios-negativos-almacenamiento\\\/#breadcrumb\",\"itemListElement\":[{\"@type\":\"ListItem\",\"position\":1,\"name\":\"Home\",\"item\":\"https:\\\/\\\/aleasoft.com\\\/es\\\/\"},{\"@type\":\"ListItem\",\"position\":2,\"name\":\"Entrevista de pv magazine, a Antonio Delgado Rigal, Doctor en Inteligencia Artificial y CEO de AleaSoft Energy Forecasting\"}]},{\"@type\":\"WebSite\",\"@id\":\"https:\\\/\\\/aleasoft.com\\\/#website\",\"url\":\"https:\\\/\\\/aleasoft.com\\\/\",\"name\":\"AleaSoft Energy Forecasting\",\"description\":\"Energy Forecasting\",\"publisher\":{\"@id\":\"https:\\\/\\\/aleasoft.com\\\/#organization\"},\"potentialAction\":[{\"@type\":\"SearchAction\",\"target\":{\"@type\":\"EntryPoint\",\"urlTemplate\":\"https:\\\/\\\/aleasoft.com\\\/?s={search_term_string}\"},\"query-input\":{\"@type\":\"PropertyValueSpecification\",\"valueRequired\":true,\"valueName\":\"search_term_string\"}}],\"inLanguage\":\"es\"},{\"@type\":\"Organization\",\"@id\":\"https:\\\/\\\/aleasoft.com\\\/#organization\",\"name\":\"AleaSoft Energy Forecasting\",\"url\":\"https:\\\/\\\/aleasoft.com\\\/\",\"logo\":{\"@type\":\"ImageObject\",\"inLanguage\":\"es\",\"@id\":\"https:\\\/\\\/aleasoft.com\\\/#\\\/schema\\\/logo\\\/image\\\/\",\"url\":\"https:\\\/\\\/aleasoft.com\\\/wp-content\\\/uploads\\\/2020\\\/01\\\/logo-alea-25.svg\",\"contentUrl\":\"https:\\\/\\\/aleasoft.com\\\/wp-content\\\/uploads\\\/2020\\\/01\\\/logo-alea-25.svg\",\"width\":7047,\"height\":1416,\"caption\":\"AleaSoft Energy Forecasting\"},\"image\":{\"@id\":\"https:\\\/\\\/aleasoft.com\\\/#\\\/schema\\\/logo\\\/image\\\/\"},\"sameAs\":[\"https:\\\/\\\/www.facebook.com\\\/AleaSoft\\\/\",\"https:\\\/\\\/x.com\\\/AleaSoftEnergy\",\"https:\\\/\\\/www.linkedin.com\\\/company\\\/aleasoft\\\/\"]},{\"@type\":\"Person\",\"@id\":\"https:\\\/\\\/aleasoft.com\\\/#\\\/schema\\\/person\\\/99ee8b0f2ecbd56ba78005c6b7864d67\",\"name\":\"AleaSoft Energy Forecasting\",\"image\":{\"@type\":\"ImageObject\",\"inLanguage\":\"es\",\"@id\":\"https:\\\/\\\/secure.gravatar.com\\\/avatar\\\/3ce8db70bda469bc8382df5990537888cf96f625c0fde5b0292ff5ab10560f88?s=96&d=mm&r=g\",\"url\":\"https:\\\/\\\/secure.gravatar.com\\\/avatar\\\/3ce8db70bda469bc8382df5990537888cf96f625c0fde5b0292ff5ab10560f88?s=96&d=mm&r=g\",\"contentUrl\":\"https:\\\/\\\/secure.gravatar.com\\\/avatar\\\/3ce8db70bda469bc8382df5990537888cf96f625c0fde5b0292ff5ab10560f88?s=96&d=mm&r=g\",\"caption\":\"AleaSoft Energy Forecasting\"},\"sameAs\":[\"http:\\\/\\\/aleasoft.com\"]}]}<\/script>\n<!-- \/ Yoast SEO Premium plugin. -->","yoast_head_json":{"title":"Entrevista de pv magazine, a Antonio Delgado Rigal, Doctor en Inteligencia Artificial y CEO de AleaSoft Energy Forecasting - AleaSoft Energy Forecasting","description":"Entrevista de Emiliano Bellini, de pv magazine, a Antonio Delgado Rigal, Doctor en Inteligencia Artificial, fundador y CEO de AleaSoft Energy Forecasting. En la entrevista se analiza el incremento de las horas con precios negativos en los mercados el\u00e9ctricos europeos, que es el resultado de una matriz de factores, entre los que se incluyen mucha producci\u00f3n renovable y una baja demanda.","robots":{"index":"index","follow":"follow","max-snippet":"max-snippet:-1","max-image-preview":"max-image-preview:large","max-video-preview":"max-video-preview:-1"},"canonical":"https:\/\/aleasoft.com\/es\/entrevista-pv-magazine-precios-negativos-almacenamiento\/","og_locale":"es_ES","og_type":"article","og_title":"Entrevista de pv magazine, a Antonio Delgado Rigal, Doctor en Inteligencia Artificial y CEO de AleaSoft Energy Forecasting","og_description":"Entrevista de Emiliano Bellini, de pv magazine, a Antonio Delgado Rigal, Doctor en Inteligencia Artificial, fundador y CEO de AleaSoft Energy Forecasting. En la entrevista se analiza el incremento de las horas con precios negativos en los mercados el\u00e9ctricos europeos, que es el resultado de una matriz de factores, entre los que se incluyen mucha producci\u00f3n renovable y una baja demanda.","og_url":"https:\/\/aleasoft.com\/es\/entrevista-pv-magazine-precios-negativos-almacenamiento\/","og_site_name":"AleaSoft Energy Forecasting","article_publisher":"https:\/\/www.facebook.com\/AleaSoft\/","article_published_time":"2024-09-12T07:43:14+00:00","article_modified_time":"2024-09-12T07:43:17+00:00","og_image":[{"width":2048,"height":1340,"url":"https:\/\/aleasoft.com\/wp-content\/uploads\/2024\/09\/20240911-AleaSoft-Negative-Prices-European-Electricity-Markets.png","type":"image\/png"}],"author":"AleaSoft Energy Forecasting","twitter_card":"summary_large_image","twitter_creator":"@AleaSoftEnergy","twitter_site":"@AleaSoftEnergy","twitter_misc":{"Escrito por":"AleaSoft Energy Forecasting","Tiempo de lectura":"8 minutos"},"schema":{"@context":"https:\/\/schema.org","@graph":[{"@type":"Article","@id":"https:\/\/aleasoft.com\/es\/entrevista-pv-magazine-precios-negativos-almacenamiento\/#article","isPartOf":{"@id":"https:\/\/aleasoft.com\/es\/entrevista-pv-magazine-precios-negativos-almacenamiento\/"},"author":{"name":"AleaSoft Energy Forecasting","@id":"https:\/\/aleasoft.com\/#\/schema\/person\/99ee8b0f2ecbd56ba78005c6b7864d67"},"headline":"Entrevista de pv magazine, a Antonio Delgado Rigal, Doctor en Inteligencia Artificial y CEO de AleaSoft Energy Forecasting","datePublished":"2024-09-12T07:43:14+00:00","dateModified":"2024-09-12T07:43:17+00:00","mainEntityOfPage":{"@id":"https:\/\/aleasoft.com\/es\/entrevista-pv-magazine-precios-negativos-almacenamiento\/"},"wordCount":1784,"publisher":{"@id":"https:\/\/aleasoft.com\/#organization"},"image":{"@id":"https:\/\/aleasoft.com\/es\/entrevista-pv-magazine-precios-negativos-almacenamiento\/#primaryimage"},"thumbnailUrl":"https:\/\/aleasoft.com\/wp-content\/uploads\/2024\/09\/20240911-AleaSoft-Negative-Prices-European-Electricity-Markets.png","articleSection":["Noticias"],"inLanguage":"es"},{"@type":"WebPage","@id":"https:\/\/aleasoft.com\/es\/entrevista-pv-magazine-precios-negativos-almacenamiento\/","url":"https:\/\/aleasoft.com\/es\/entrevista-pv-magazine-precios-negativos-almacenamiento\/","name":"Entrevista de pv magazine, a Antonio Delgado Rigal, Doctor en Inteligencia Artificial y CEO de AleaSoft Energy Forecasting - AleaSoft Energy Forecasting","isPartOf":{"@id":"https:\/\/aleasoft.com\/#website"},"primaryImageOfPage":{"@id":"https:\/\/aleasoft.com\/es\/entrevista-pv-magazine-precios-negativos-almacenamiento\/#primaryimage"},"image":{"@id":"https:\/\/aleasoft.com\/es\/entrevista-pv-magazine-precios-negativos-almacenamiento\/#primaryimage"},"thumbnailUrl":"https:\/\/aleasoft.com\/wp-content\/uploads\/2024\/09\/20240911-AleaSoft-Negative-Prices-European-Electricity-Markets.png","datePublished":"2024-09-12T07:43:14+00:00","dateModified":"2024-09-12T07:43:17+00:00","description":"Entrevista de Emiliano Bellini, de pv magazine, a Antonio Delgado Rigal, Doctor en Inteligencia Artificial, fundador y CEO de AleaSoft Energy Forecasting. En la entrevista se analiza el incremento de las horas con precios negativos en los mercados el\u00e9ctricos europeos, que es el resultado de una matriz de factores, entre los que se incluyen mucha producci\u00f3n renovable y una baja demanda.","breadcrumb":{"@id":"https:\/\/aleasoft.com\/es\/entrevista-pv-magazine-precios-negativos-almacenamiento\/#breadcrumb"},"inLanguage":"es","potentialAction":[{"@type":"ReadAction","target":["https:\/\/aleasoft.com\/es\/entrevista-pv-magazine-precios-negativos-almacenamiento\/"]}]},{"@type":"ImageObject","inLanguage":"es","@id":"https:\/\/aleasoft.com\/es\/entrevista-pv-magazine-precios-negativos-almacenamiento\/#primaryimage","url":"https:\/\/aleasoft.com\/wp-content\/uploads\/2024\/09\/20240911-AleaSoft-Negative-Prices-European-Electricity-Markets.png","contentUrl":"https:\/\/aleasoft.com\/wp-content\/uploads\/2024\/09\/20240911-AleaSoft-Negative-Prices-European-Electricity-Markets.png","width":2048,"height":1340},{"@type":"BreadcrumbList","@id":"https:\/\/aleasoft.com\/es\/entrevista-pv-magazine-precios-negativos-almacenamiento\/#breadcrumb","itemListElement":[{"@type":"ListItem","position":1,"name":"Home","item":"https:\/\/aleasoft.com\/es\/"},{"@type":"ListItem","position":2,"name":"Entrevista de pv magazine, a Antonio Delgado Rigal, Doctor en Inteligencia Artificial y CEO de AleaSoft Energy Forecasting"}]},{"@type":"WebSite","@id":"https:\/\/aleasoft.com\/#website","url":"https:\/\/aleasoft.com\/","name":"AleaSoft Energy Forecasting","description":"Energy Forecasting","publisher":{"@id":"https:\/\/aleasoft.com\/#organization"},"potentialAction":[{"@type":"SearchAction","target":{"@type":"EntryPoint","urlTemplate":"https:\/\/aleasoft.com\/?s={search_term_string}"},"query-input":{"@type":"PropertyValueSpecification","valueRequired":true,"valueName":"search_term_string"}}],"inLanguage":"es"},{"@type":"Organization","@id":"https:\/\/aleasoft.com\/#organization","name":"AleaSoft Energy Forecasting","url":"https:\/\/aleasoft.com\/","logo":{"@type":"ImageObject","inLanguage":"es","@id":"https:\/\/aleasoft.com\/#\/schema\/logo\/image\/","url":"https:\/\/aleasoft.com\/wp-content\/uploads\/2020\/01\/logo-alea-25.svg","contentUrl":"https:\/\/aleasoft.com\/wp-content\/uploads\/2020\/01\/logo-alea-25.svg","width":7047,"height":1416,"caption":"AleaSoft Energy Forecasting"},"image":{"@id":"https:\/\/aleasoft.com\/#\/schema\/logo\/image\/"},"sameAs":["https:\/\/www.facebook.com\/AleaSoft\/","https:\/\/x.com\/AleaSoftEnergy","https:\/\/www.linkedin.com\/company\/aleasoft\/"]},{"@type":"Person","@id":"https:\/\/aleasoft.com\/#\/schema\/person\/99ee8b0f2ecbd56ba78005c6b7864d67","name":"AleaSoft Energy Forecasting","image":{"@type":"ImageObject","inLanguage":"es","@id":"https:\/\/secure.gravatar.com\/avatar\/3ce8db70bda469bc8382df5990537888cf96f625c0fde5b0292ff5ab10560f88?s=96&d=mm&r=g","url":"https:\/\/secure.gravatar.com\/avatar\/3ce8db70bda469bc8382df5990537888cf96f625c0fde5b0292ff5ab10560f88?s=96&d=mm&r=g","contentUrl":"https:\/\/secure.gravatar.com\/avatar\/3ce8db70bda469bc8382df5990537888cf96f625c0fde5b0292ff5ab10560f88?s=96&d=mm&r=g","caption":"AleaSoft Energy Forecasting"},"sameAs":["http:\/\/aleasoft.com"]}]}},"_links":{"self":[{"href":"https:\/\/aleasoft.com\/es\/wp-json\/wp\/v2\/posts\/148926","targetHints":{"allow":["GET"]}}],"collection":[{"href":"https:\/\/aleasoft.com\/es\/wp-json\/wp\/v2\/posts"}],"about":[{"href":"https:\/\/aleasoft.com\/es\/wp-json\/wp\/v2\/types\/post"}],"author":[{"embeddable":true,"href":"https:\/\/aleasoft.com\/es\/wp-json\/wp\/v2\/users\/1"}],"replies":[{"embeddable":true,"href":"https:\/\/aleasoft.com\/es\/wp-json\/wp\/v2\/comments?post=148926"}],"version-history":[{"count":0,"href":"https:\/\/aleasoft.com\/es\/wp-json\/wp\/v2\/posts\/148926\/revisions"}],"wp:featuredmedia":[{"embeddable":true,"href":"https:\/\/aleasoft.com\/es\/wp-json\/wp\/v2\/media\/148927"}],"wp:attachment":[{"href":"https:\/\/aleasoft.com\/es\/wp-json\/wp\/v2\/media?parent=148926"}],"wp:term":[{"taxonomy":"category","embeddable":true,"href":"https:\/\/aleasoft.com\/es\/wp-json\/wp\/v2\/categories?post=148926"},{"taxonomy":"post_tag","embeddable":true,"href":"https:\/\/aleasoft.com\/es\/wp-json\/wp\/v2\/tags?post=148926"}],"curies":[{"name":"wp","href":"https:\/\/api.w.org\/{rel}","templated":true}]}}