{"id":149004,"date":"2024-09-16T14:17:07","date_gmt":"2024-09-16T12:17:07","guid":{"rendered":"https:\/\/aleasoft.com\/?p=149004"},"modified":"2024-09-16T14:33:44","modified_gmt":"2024-09-16T12:33:44","slug":"renovables-demanda-gas-co2-bajan-precios-mercados-europeos","status":"publish","type":"post","link":"https:\/\/aleasoft.com\/es\/renovables-demanda-gas-co2-bajan-precios-mercados-europeos\/","title":{"rendered":"Renovables, demanda, gas y CO<sub>2<\/sub> se unen para bajar los precios en los mercados el\u00e9ctricos europeos en la segunda semana de septiembre"},"content":{"rendered":"<p><strong>AleaSoft Energy Forecasting, 16 de septiembre de 2024. En la segunda semana de septiembre, los precios de los principales mercados el\u00e9ctricos europeos bajaron. La producci\u00f3n e\u00f3lica y fotovoltaica aument\u00f3 en gran parte de los mercados, registrando r\u00e9cords para un mes de septiembre en Italia, Espa\u00f1a y Francia. La demanda el\u00e9ctrica baj\u00f3 en casi todos los mercados ayudada por unas temperaturas menos c\u00e1lidas. Los futuros del gas y el CO<sub>2<\/sub> disminuyeron, alcanzando los precios m\u00e1s bajos desde finales de julio. Los futuros del Brent tambi\u00e9n bajaron hasta valores no vistos desde diciembre de 2021.<\/strong><\/p>\n<h2>Producci\u00f3n solar fotovoltaica y termosolar y producci\u00f3n e\u00f3lica<\/h2>\n<p>En la semana del 9 de septiembre, la <strong>producci\u00f3n solar<\/strong> aument\u00f3 con respecto a la semana anterior en los mercados de Francia, Italia y Espa\u00f1a. El mercado franc\u00e9s registr\u00f3 el mayor incremento, del 32%. En Italia subi\u00f3 un 5,0% y en Espa\u00f1a, donde se incluye a la <strong>solar fotovoltaica<\/strong> y la <a><strong>termosolar<\/strong><\/a>, aument\u00f3 un 1,3%. En cambio, los mercados de Alemania y Portugal registraron bajadas en la generaci\u00f3n con energ\u00eda solar del 36% y 4,3%, respectivamente. El mercado espa\u00f1ol registr\u00f3 incrementos por segunda semana consecutiva, mientras que en el mercado alem\u00e1n las ca\u00eddas ocurrieron tambi\u00e9n por segunda semana.<\/p>\n<p>Durante la segunda semana de septiembre, los mercados de Espa\u00f1a, Italia y Francia registraron r\u00e9cords de producci\u00f3n hist\u00f3ricos para un mes de septiembre. El lunes 9 de septiembre, el mercado espa\u00f1ol alcanz\u00f3 la mayor producci\u00f3n solar fotovoltaica diaria de un mes de septiembre, de 176\u00a0GWh. El mercado italiano tuvo su mayor producci\u00f3n fotovoltaica diaria de un mes de septiembre, de 104\u00a0GWh, el d\u00eda 10 y el mercado franc\u00e9s el domingo 15, con 107\u00a0GWh.<\/p>\n<p>En la tercera semana de septiembre, las <a href=\"https:\/\/aleasoft.com\/es\/productos-y-servicios\/previsiones-de-energia-solar\/\">previsiones de producci\u00f3n solar<\/a> de <strong>AleaSoft Energy Forecasting<\/strong> indican que la generaci\u00f3n aumentar\u00e1 en Alemania. Por otro lado, se prev\u00e9 que disminuya en Italia y Espa\u00f1a.<br \/>\n<div style='margin-top: 20px;margin-bottom: 20px;'><a title='AleaSoft - Produccion solar fotovoltaica termosolar electricidad Europa' href='https:\/\/aleasoft.com\/wp-content\/uploads\/2024\/09\/20240916-AleaSoft-Produccion-solar-fotovoltaica-termosolar-electricidad-Europa.png'><img class='aligncenter' src='https:\/\/aleasoft.com\/wp-content\/uploads\/2024\/09\/20240916-AleaSoft-Produccion-solar-fotovoltaica-termosolar-electricidad-Europa.png' alt='AleaSoft - Produccion solar fotovoltaica termosolar electricidad Europa' width='740'\/><\/a><span style='font-size: small;'>Fuente: Elaborado por AleaSoft Energy Forecasting con datos de ENTSO-E, RTE, REN, Red El\u00e9ctrica y TERNA.<\/span><\/div><br \/>\n<div style='margin-top: 20px;margin-bottom: 20px;'><a title='AleaSoft - Perfil produccion solar fotovoltaica Europa' href='https:\/\/aleasoft.com\/wp-content\/uploads\/2024\/09\/20240916-AleaSoft-Perfil-produccion-solar-fotovoltaica-Europa.png'><img class='aligncenter' src='https:\/\/aleasoft.com\/wp-content\/uploads\/2024\/09\/20240916-AleaSoft-Perfil-produccion-solar-fotovoltaica-Europa.png' alt='AleaSoft - Perfil produccion solar fotovoltaica Europa' width='740'\/><\/a><span style='font-size: small;'>Fuente: Elaborado por AleaSoft Energy Forecasting con datos de ENTSO-E, RTE, REN, Red El\u00e9ctrica y TERNA.<\/span><\/div><\/p>\n<p>En la semana del 9 de septiembre, la <strong>producci\u00f3n e\u00f3lica<\/strong> aument\u00f3 de manera generalizada en los principales mercados europeos con respecto a la semana precedente. El mercado italiano registr\u00f3 un incremento del 286%, alcanzando casi tres veces lo generado durante la semana anterior. Los mercados franc\u00e9s, alem\u00e1n y espa\u00f1ol tuvieron incrementos del 88%, 47% y 40%, respectivamente. El mercado portugu\u00e9s registr\u00f3 el menor aumento, de un 7,8%.<\/p>\n<p>El viernes 13 el mercado italiano alcanz\u00f3 un r\u00e9cord hist\u00f3rico de producci\u00f3n con energ\u00eda e\u00f3lica para un mes de septiembre, con una generaci\u00f3n de 165\u00a0GWh.<\/p>\n<p>En la semana del 16 de septiembre, seg\u00fan las <a href=\"https:\/\/aleasoft.com\/es\/productos-y-servicios\/previsiones-energia-eolica\/\">previsiones de producci\u00f3n e\u00f3lica<\/a> de <strong>AleaSoft Energy Forecasting,<\/strong> la generaci\u00f3n con esta tecnolog\u00eda descender\u00e1 en Italia, la pen\u00ednsula ib\u00e9rica y Francia, mientras que en el mercado alem\u00e1n se espera que aumente.<br \/>\n<div style='margin-top: 20px;margin-bottom: 20px;'><a title='AleaSoft - Produccion eolica electricidad Europa' href='https:\/\/aleasoft.com\/wp-content\/uploads\/2024\/09\/20240916-AleaSoft-Produccion-eolica-electricidad-Europa.png'><img class='aligncenter' src='https:\/\/aleasoft.com\/wp-content\/uploads\/2024\/09\/20240916-AleaSoft-Produccion-eolica-electricidad-Europa.png' alt='AleaSoft - Produccion eolica electricidad Europa' width='740'\/><\/a><span style='font-size: small;'>Fuente: Elaborado por AleaSoft Energy Forecasting con datos de ENTSO-E, RTE, REN, Red El\u00e9ctrica y TERNA.<\/span><\/div><\/p>\n<a href='https:\/\/aleasoft.com\/es\/subscripcion-resumen-semanal\/' class='alea-banner-link' data-alea-gtm-event-category='banner-horizontal' data-alea-gtm-event-label='newsletter'><img class='alignright' src='https:\/\/aleasoft.com\/wp-content\/uploads\/2024\/07\/newsletter-es.png' alt='Suscripci\u00f3n al resumen de noticias de AleaSoft' style='width: 100%; object-position: center;'\/><\/a>\n<h2>Demanda el\u00e9ctrica<\/h2>\n<p>En la segunda semana de septiembre, la <strong>demanda el\u00e9ctrica<\/strong> disminuy\u00f3 en la mayor\u00eda de los principales mercados el\u00e9ctricos europeos en comparaci\u00f3n con la semana anterior. El mercado italiano registr\u00f3 el mayor descenso, del 9,7%, mientras que los mercados neerland\u00e9s y brit\u00e1nico presentaron bajadas del 6,6% y 6,1%, respectivamente. Los mercados de Espa\u00f1a, Alemania, B\u00e9lgica y Francia registraron ca\u00eddas de entre el 4,5% del mercado espa\u00f1ol y el 0,3% del mercado franc\u00e9s. Por segunda semana consecutiva, los mercados de Italia, Espa\u00f1a y Francia repitieron la tendencia a la baja. Por otro lado, el mercado portugu\u00e9s fue la excepci\u00f3n a los descensos. En este mercado la demanda aument\u00f3 en un 2,0% respecto a la semana precedente.<\/p>\n<p>Durante la semana del 9 de septiembre, las <strong>temperaturas medias<\/strong> bajaron en gran parte de los mercados analizados. Alemania, los Pa\u00edses Bajos y B\u00e9lgica registraron los mayores descensos en las temperaturas medias, de 9,3\u00b0C, 7,9\u00b0C y 6,1\u00b0C, respectivamente. En Espa\u00f1a, Gran Breta\u00f1a, Italia y Francia los descensos en las temperaturas medias estuvieron entre los 1,1\u00b0C en Espa\u00f1a y los 4,8\u00b0C en Francia. La excepci\u00f3n fue Portugal, que registr\u00f3 un incremento de las temperaturas medias de 0,4\u00b0C.<\/p>\n<p>Seg\u00fan las <a href=\"https:\/\/aleasoft.com\/es\/productos-y-servicios\/previsiones-de-la-demanda-de-energia\/\">previsiones de demanda<\/a> de <strong>AleaSoft Energy Forecasting<\/strong> para la semana del 16 de septiembre, se espera que contin\u00fae descendiendo en los mercados de Espa\u00f1a, Italia, Portugal, Francia y Alemania. En cambio, se prev\u00e9 que la demanda aumente en los mercados de los Pa\u00edses Bajos, Gran Breta\u00f1a y B\u00e9lgica.<br \/>\n<div style='margin-top: 20px;margin-bottom: 20px;'><a title='AleaSoft - Demanda electricidad paises Europa' href='https:\/\/aleasoft.com\/wp-content\/uploads\/2024\/09\/20240916-AleaSoft-Demanda-electricidad-paises-Europa.png'><img class='aligncenter' src='https:\/\/aleasoft.com\/wp-content\/uploads\/2024\/09\/20240916-AleaSoft-Demanda-electricidad-paises-Europa.png' alt='AleaSoft - Demanda electricidad paises Europa' width='740'\/><\/a><span style='font-size: small;'>Fuente: Elaborado por AleaSoft Energy Forecasting con datos de ENTSO-E, RTE, REN, Red El\u00e9ctrica, TERNA, National Grid y ELIA.<\/span><\/div><\/p>\n<h2>Mercados el\u00e9ctricos europeos<\/h2>\n<p>En la segunda semana de septiembre, los precios promedio de los principales mercados el\u00e9ctricos europeos bajaron respecto a la semana anterior. El<strong> mercado EPEX\u00a0SPOT<\/strong> de los Pa\u00edses Bajos registr\u00f3 el menor descenso porcentual de precios, del 16%. En cambio, el mercado EPEX\u00a0SPOT de Francia registr\u00f3 la mayor ca\u00edda porcentual, del 38%. En el resto de los mercados analizados en <strong>AleaSoft Energy Forecasting<\/strong>, los precios bajaron entre el 19% del mercado EPEX\u00a0SPOT de Alemania y el 36% del<strong> mercado Nord\u00a0Pool<\/strong> de los pa\u00edses n\u00f3rdicos.<\/p>\n<p>En la segunda semana de septiembre, los promedios semanales fueron inferiores a 80\u00a0\u20ac\/MWh en la mayor\u00eda de los mercados el\u00e9ctricos europeos analizados. Las excepciones fueron el <strong>mercado N2EX<\/strong> del Reino Unido y el <strong>mercado IPEX <\/strong>de Italia, con promedios de 81,28\u00a0\u20ac\/MWh y 107,91\u00a0\u20ac\/MWh, respectivamente. El mercado n\u00f3rdico registr\u00f3 el menor promedio semanal, de 13,55\u00a0\u20ac\/MWh. En el resto de los mercados analizados, los precios estuvieron entre los 51,37\u00a0\u20ac\/MWh del mercado franc\u00e9s y los 79,85\u00a0\u20ac\/MWh del mercado neerland\u00e9s.<\/p>\n<p>Por lo que respecta a los precios horarios, la mayor\u00eda de los mercados analizados registraron precios negativos en la segunda semana de septiembre. Las excepciones fueron el mercado italiano y el <strong>mercado MIBEL<\/strong> de Portugal. En el mercado brit\u00e1nico y el mercado n\u00f3rdico, hubo precios horarios negativos el d\u00eda 10 de septiembre. Adem\u00e1s de ese d\u00eda, el mercado belga registr\u00f3 precios negativos los d\u00edas 11 y 15 de septiembre, mientras que los mercados alem\u00e1n y neerland\u00e9s, los d\u00edas 14 y 15 de septiembre. El domingo 15 de septiembre tambi\u00e9n alcanzaron precios horarios negativos los mercados espa\u00f1ol y franc\u00e9s. El mercado neerland\u00e9s registr\u00f3 el precio horario m\u00e1s bajo de la segunda semana de septiembre, de \u20111,83\u00a0\u20ac\/MWh, el martes 10 de septiembre, de 15:00 a 16:00. En cambio, el mercado alem\u00e1n alcanz\u00f3 el precio horario m\u00e1s alto de la segunda semana de septiembre, de 300,01\u00a0\u20ac\/MWh, el 12 de septiembre, de 19:00 a 20:00.<\/p>\n<p>Durante la semana del 9 de septiembre, el descenso del precio promedio semanal del gas y de los derechos de emisi\u00f3n de CO<sub>2<\/sub>, el incremento de la producci\u00f3n e\u00f3lica, as\u00ed como el descenso de la demanda y el incremento de la producci\u00f3n solar en la mayor\u00eda de los mercados, contribuyeron a la ca\u00edda de los precios de los mercados el\u00e9ctricos europeos.<br \/>\n<div style='margin-top: 20px;margin-bottom: 20px;'><a title=' 1288842_- 1920' href='https:\/\/aleasoft.com\/wp-content\/uploads\/2021\/06\/solarpark-1288842_1920.jpg'><img class='aligncenter' src='https:\/\/aleasoft.com\/wp-content\/uploads\/2021\/06\/solarpark-1288842_1920.jpg' alt=' 1288842_- 1920' width='740'\/><\/a><\/div><\/p>\n<p>Las <a href=\"https:\/\/aleasoft.com\/es\/productos-y-servicios\/previsiones-de-precios-de-energia\/\">previsiones de precios<\/a> de <strong>AleaSoft Energy Forecasting<\/strong> indican que, en la tercera semana de septiembre, los precios continuar\u00e1n bajando en la mayor\u00eda de los mercados el\u00e9ctricos europeos analizados. Sin embargo, los precios podr\u00edan aumentar en el mercado italiano, donde la producci\u00f3n e\u00f3lica y solar disminuir\u00e1 notablemente. Los mercados brit\u00e1nico y neerland\u00e9s tambi\u00e9n podr\u00edan registrar incrementos de precios, influenciados por la recuperaci\u00f3n de la demanda en estos mercados.<br \/>\n<div style='margin-top: 20px;margin-bottom: 20px;'><a title='AleaSoft - Precios mercados europeos electricidad' href='https:\/\/aleasoft.com\/wp-content\/uploads\/2024\/09\/20240916-AleaSoft-Precios-mercados-europeos-electricidad.png'><img class='aligncenter' src='https:\/\/aleasoft.com\/wp-content\/uploads\/2024\/09\/20240916-AleaSoft-Precios-mercados-europeos-electricidad.png' alt='AleaSoft - Precios mercados europeos electricidad' width='740'\/><\/a><span style='font-size: small;'>Fuente: Elaborado por AleaSoft Energy Forecasting con datos de OMIE, , Nord Pool y GME.<\/span><\/div><\/p>\n<h2>Brent, combustibles y CO<sub>2<\/sub><\/h2>\n<p>En la segunda semana de septiembre, los precios de cierre de los futuros de <strong>petr\u00f3leo Brent<\/strong> para el Front\u2011Month en el <strong>mercado ICE<\/strong>, tras registrar el lunes un ligero aumento respecto a la \u00faltima sesi\u00f3n de la semana anterior, el martes cayeron un 3,7%. Como resultado, el martes 10 de septiembre estos futuros registraron su precio de cierre m\u00ednimo semanal, de 69,19\u00a0$\/bbl. Seg\u00fan los datos analizados en <strong>AleaSoft Energy Forecasting<\/strong>, este precio fue el m\u00e1s bajo desde el 2 de diciembre de 2021. En cambio, en las \u00faltimas tres sesiones de la semana, los precios se mantuvieron por encima de 70\u00a0$\/bbl. El jueves 12 de septiembre estos futuros alcanzaron su precio de cierre m\u00e1ximo semanal, de 71,97\u00a0$\/bbl. El vienes 13 de septiembre el precio de cierre descendi\u00f3 hasta 71,61\u00a0$\/bbl, pero todav\u00eda fue un 0,8% mayor al del viernes anterior.<\/p>\n<p>En la segunda semana de septiembre, la revisi\u00f3n a la baja de las previsiones de demanda de la OPEP propici\u00f3 el precio m\u00ednimo del martes 10 de septiembre. La Agencia Internacional de la Energ\u00eda tambi\u00e9n revis\u00f3 a la baja sus previsiones de crecimiento de la demanda. Sin embargo, los efectos sobre el suministro estadounidense del hurac\u00e1n Francine y las interrupciones de suministro en Libia contribuyeron a la recuperaci\u00f3n de los precios en las \u00faltimas sesiones de la segunda semana de septiembre.<\/p>\n<p>En cuanto a los futuros de <strong>gas TTF<\/strong> en el mercado ICE para el Front\u2011Month, el lunes 9 de septiembre alcanzaron su precio de cierre m\u00e1ximo semanal, de 37,33\u00a0\u20ac\/MWh. En cambio, el jueves 12 de septiembre estos futuros registraron su precio de cierre m\u00ednimo semanal, de 35,19\u00a0\u20ac\/MWh. Seg\u00fan los datos analizados en <strong>AleaSoft Energy Forecasting<\/strong>, este precio fue el m\u00e1s bajo desde el 31 de julio. El viernes 13 de septiembre, el precio de cierre aument\u00f3 hasta 35,65\u00a0\u20ac\/MWh. Este precio todav\u00eda fue un 2,3% menor al del viernes anterior.<\/p>\n<p>El lunes 9 de septiembre los futuros de gas TTF alcanzaron su precio de cierre m\u00e1ximo semanal influenciados por los pron\u00f3sticos de bajas temperaturas y la reducci\u00f3n del suministro procedente de Noruega. Al inicio de la segunda semana de septiembre, el temor a los efectos del hurac\u00e1n Francine sobre las exportaciones de gas natural licuado estadounidenses tambi\u00e9n ejerci\u00f3 su influencia al alza sobre los precios. Sin embargo, los elevados niveles de las reservas europeas y el suministro abundante contribuyeron a mantener los precios de cierre por debajo de 38\u00a0\u20ac\/MWh en la segunda semana de septiembre.<\/p>\n<p>Por lo que respecta a los precios de cierre de los futuros de <strong>derechos de emisi\u00f3n de CO<sub>2<\/sub><\/strong> en el <strong>mercado EEX<\/strong> para el contrato de referencia de diciembre de 2024, el lunes 9 de septiembre registraron su precio de cierre m\u00e1ximo semanal, de 66,52\u00a0\u20ac\/t. En cambio, el martes 10 de septiembre, alcanzaron su precio de cierre m\u00ednimo semanal, de 64,92\u00a0\u20ac\/t. Seg\u00fan los datos analizados en <strong>AleaSoft Energy Forecasting<\/strong>, este precio fue el m\u00e1s bajo desde el 23 de julio. El d\u00eda 11 de septiembre, el precio de cierre aument\u00f3 un 2,3% respecto al d\u00eda anterior. En las \u00faltimas dos sesiones de la segunda semana de septiembre los precios volvieron a bajar. El viernes 13 de septiembre el precio de cierre fue de 64,99\u00a0\u20ac\/t, un 2,3% menor al del viernes anterior.<\/p>\n<div style='margin-top: 20px;margin-bottom: 20px;'><a title='AleaSoft - Precios gas carbon Brent CO2' href='https:\/\/aleasoft.com\/wp-content\/uploads\/2024\/09\/20240916-AleaSoft-Precios-gas-carbon-Brent-CO2.png'><img class='aligncenter' src='https:\/\/aleasoft.com\/wp-content\/uploads\/2024\/09\/20240916-AleaSoft-Precios-gas-carbon-Brent-CO2.png' alt='AleaSoft - Precios gas carbon Brent CO2' width='740'\/><\/a><span style='font-size: small;'>Fuente: Elaborado por AleaSoft Energy Forecasting con datos de ICE y EEX.<\/span><\/div>\n<h2>An\u00e1lisis de AleaSoft Energy Forecasting sobre las perspectivas de los mercados de energ\u00eda en Europa, el almacenamiento de energ\u00eda y el autoconsumo<\/h2>\n<p>Este jueves, 19 de septiembre, <strong>AleaSoft Energy Forecasting<\/strong> y <strong>AleaGreen<\/strong> celebrar\u00e1n el <a href=\"https:\/\/aleasoft.com\/es\/webinars-sobre-mercados-sector-energia\/almacenamiento-autoconsumo\/\">webinar n\u00famero 47<\/a> de su <a href=\"https:\/\/aleasoft.com\/es\/webinars-sobre-mercados-sector-energia\/\">serie de webinars mensuales<\/a>. El webinar analizar\u00e1 la evoluci\u00f3n y perspectivas de los mercados de energ\u00eda europeos, el <strong>almacenamiento de energ\u00eda<\/strong>, especialmente las <strong>bater\u00edas<\/strong> y el <strong>hidr\u00f3geno verde<\/strong>, as\u00ed como la situaci\u00f3n actual y las perspectivas del <strong>autoconsumo<\/strong>. Adem\u00e1s, tambi\u00e9n habr\u00e1 una explicaci\u00f3n de los servicios de AleaSoft para las comercializadoras de energ\u00eda. En la mesa de an\u00e1lisis del webinar, participar\u00e1n Xavier Cugat, Product Director en <strong>Pylontech<\/strong>, y Francisco Valverde, profesional independiente para el desarrollo de las energ\u00edas renovables.<\/p>\n<p>Fuente: <strong>AleaSoft Energy Forecasting<\/strong>.<\/p>\n<p><script type=\"text\/javascript\">\nwindow.addEventListener('load', function(event){\n        document.getElementById('alea-banner-elementor-template').remove();\n    }\n)\n<\/script><br \/>\n<a href='https:\/\/aleasoft.com\/es\/productos-y-servicios\/previsiones-de-precios-de-energia\/?tab=largo-plazo\/' class='alea-banner-link' data-alea-gtm-event-category='banner-horizontal' data-alea-gtm-event-label='lp'><img class='aligncenter' src='https:\/\/aleasoft.com\/wp-content\/uploads\/2021\/03\/servicio-previsiones-largo-plazo.jpg' alt='Previsiones de largo plazo' style='width: 100%; object-position: center;'\/><\/a><\/p>\n","protected":false},"excerpt":{"rendered":"<p>AleaSoft Energy Forecasting, 16 de septiembre de 2024. En la segunda semana de septiembre, los precios de los principales mercados el\u00e9ctricos europeos bajaron. La producci\u00f3n e\u00f3lica y fotovoltaica aument\u00f3 en gran parte de los mercados, registrando r\u00e9cords para un mes de septiembre en Italia, Espa\u00f1a y Francia. La demanda el\u00e9ctrica baj\u00f3 en casi todos los [&hellip;]<\/p>\n","protected":false},"author":1,"featured_media":149023,"comment_status":"closed","ping_status":"closed","sticky":false,"template":"","format":"standard","meta":{"footnotes":""},"categories":[568],"tags":[],"class_list":["post-149004","post","type-post","status-publish","format-standard","has-post-thumbnail","hentry","category-noticias"],"yoast_head":"<!-- This site is optimized with the Yoast SEO Premium plugin v27.4 (Yoast SEO v27.5) - https:\/\/yoast.com\/product\/yoast-seo-premium-wordpress\/ -->\n<title>Renovables, demanda, gas y CO2 se unen para bajar los precios en los mercados el\u00e9ctricos europeos en la segunda semana de septiembre - AleaSoft Energy Forecasting<\/title>\n<meta name=\"description\" content=\"En la segunda semana de septiembre, los precios de los principales mercados el\u00e9ctricos europeos bajaron. La producci\u00f3n e\u00f3lica y fotovoltaica aument\u00f3 en gran parte de los mercados, registrando r\u00e9cords para un mes de septiembre en Italia, Espa\u00f1a y Francia.\" \/>\n<meta name=\"robots\" content=\"index, follow, max-snippet:-1, max-image-preview:large, max-video-preview:-1\" \/>\n<link rel=\"canonical\" href=\"https:\/\/aleasoft.com\/es\/renovables-demanda-gas-co2-bajan-precios-mercados-europeos\/\" \/>\n<meta property=\"og:locale\" content=\"es_ES\" \/>\n<meta property=\"og:type\" content=\"article\" \/>\n<meta property=\"og:title\" content=\"Renovables, demanda, gas y CO2 se unen para bajar los precios en los mercados el\u00e9ctricos europeos en la segunda semana de septiembre\" \/>\n<meta property=\"og:description\" content=\"En la segunda semana de septiembre, los precios de los principales mercados el\u00e9ctricos europeos bajaron. La producci\u00f3n e\u00f3lica y fotovoltaica aument\u00f3 en gran parte de los mercados, registrando r\u00e9cords para un mes de septiembre en Italia, Espa\u00f1a y Francia.\" \/>\n<meta property=\"og:url\" content=\"https:\/\/aleasoft.com\/es\/renovables-demanda-gas-co2-bajan-precios-mercados-europeos\/\" \/>\n<meta property=\"og:site_name\" content=\"AleaSoft Energy Forecasting\" \/>\n<meta property=\"article:publisher\" content=\"https:\/\/www.facebook.com\/AleaSoft\/\" \/>\n<meta property=\"article:published_time\" content=\"2024-09-16T12:17:07+00:00\" \/>\n<meta property=\"article:modified_time\" content=\"2024-09-16T12:33:44+00:00\" \/>\n<meta property=\"og:image\" content=\"https:\/\/aleasoft.com\/wp-content\/uploads\/2024\/09\/20240916-AleaSoft-Precios-mercados-europeos-electricidad.png\" \/>\n\t<meta property=\"og:image:width\" content=\"2048\" \/>\n\t<meta property=\"og:image:height\" content=\"1426\" \/>\n\t<meta property=\"og:image:type\" content=\"image\/png\" \/>\n<meta name=\"author\" content=\"AleaSoft Energy Forecasting\" \/>\n<meta name=\"twitter:card\" content=\"summary_large_image\" \/>\n<meta name=\"twitter:creator\" content=\"@AleaSoftEnergy\" \/>\n<meta name=\"twitter:site\" content=\"@AleaSoftEnergy\" \/>\n<meta name=\"twitter:label1\" content=\"Escrito por\" \/>\n\t<meta name=\"twitter:data1\" content=\"AleaSoft Energy Forecasting\" \/>\n\t<meta name=\"twitter:label2\" content=\"Tiempo de lectura\" \/>\n\t<meta name=\"twitter:data2\" content=\"9 minutos\" \/>\n<script type=\"application\/ld+json\" class=\"yoast-schema-graph\">{\"@context\":\"https:\\\/\\\/schema.org\",\"@graph\":[{\"@type\":\"Article\",\"@id\":\"https:\\\/\\\/aleasoft.com\\\/es\\\/renovables-demanda-gas-co2-bajan-precios-mercados-europeos\\\/#article\",\"isPartOf\":{\"@id\":\"https:\\\/\\\/aleasoft.com\\\/es\\\/renovables-demanda-gas-co2-bajan-precios-mercados-europeos\\\/\"},\"author\":{\"name\":\"AleaSoft Energy Forecasting\",\"@id\":\"https:\\\/\\\/aleasoft.com\\\/#\\\/schema\\\/person\\\/99ee8b0f2ecbd56ba78005c6b7864d67\"},\"headline\":\"Renovables, demanda, gas y CO2 se unen para bajar los precios en los mercados el\u00e9ctricos europeos en la segunda semana de septiembre\",\"datePublished\":\"2024-09-16T12:17:07+00:00\",\"dateModified\":\"2024-09-16T12:33:44+00:00\",\"mainEntityOfPage\":{\"@id\":\"https:\\\/\\\/aleasoft.com\\\/es\\\/renovables-demanda-gas-co2-bajan-precios-mercados-europeos\\\/\"},\"wordCount\":2119,\"publisher\":{\"@id\":\"https:\\\/\\\/aleasoft.com\\\/#organization\"},\"image\":{\"@id\":\"https:\\\/\\\/aleasoft.com\\\/es\\\/renovables-demanda-gas-co2-bajan-precios-mercados-europeos\\\/#primaryimage\"},\"thumbnailUrl\":\"https:\\\/\\\/aleasoft.com\\\/wp-content\\\/uploads\\\/2024\\\/09\\\/20240916-AleaSoft-Precios-mercados-europeos-electricidad.png\",\"articleSection\":[\"Noticias\"],\"inLanguage\":\"es\"},{\"@type\":\"WebPage\",\"@id\":\"https:\\\/\\\/aleasoft.com\\\/es\\\/renovables-demanda-gas-co2-bajan-precios-mercados-europeos\\\/\",\"url\":\"https:\\\/\\\/aleasoft.com\\\/es\\\/renovables-demanda-gas-co2-bajan-precios-mercados-europeos\\\/\",\"name\":\"Renovables, demanda, gas y CO2 se unen para bajar los precios en los mercados el\u00e9ctricos europeos en la segunda semana de septiembre - AleaSoft Energy Forecasting\",\"isPartOf\":{\"@id\":\"https:\\\/\\\/aleasoft.com\\\/#website\"},\"primaryImageOfPage\":{\"@id\":\"https:\\\/\\\/aleasoft.com\\\/es\\\/renovables-demanda-gas-co2-bajan-precios-mercados-europeos\\\/#primaryimage\"},\"image\":{\"@id\":\"https:\\\/\\\/aleasoft.com\\\/es\\\/renovables-demanda-gas-co2-bajan-precios-mercados-europeos\\\/#primaryimage\"},\"thumbnailUrl\":\"https:\\\/\\\/aleasoft.com\\\/wp-content\\\/uploads\\\/2024\\\/09\\\/20240916-AleaSoft-Precios-mercados-europeos-electricidad.png\",\"datePublished\":\"2024-09-16T12:17:07+00:00\",\"dateModified\":\"2024-09-16T12:33:44+00:00\",\"description\":\"En la segunda semana de septiembre, los precios de los principales mercados el\u00e9ctricos europeos bajaron. La producci\u00f3n e\u00f3lica y fotovoltaica aument\u00f3 en gran parte de los mercados, registrando r\u00e9cords para un mes de septiembre en Italia, Espa\u00f1a y Francia.\",\"breadcrumb\":{\"@id\":\"https:\\\/\\\/aleasoft.com\\\/es\\\/renovables-demanda-gas-co2-bajan-precios-mercados-europeos\\\/#breadcrumb\"},\"inLanguage\":\"es\",\"potentialAction\":[{\"@type\":\"ReadAction\",\"target\":[\"https:\\\/\\\/aleasoft.com\\\/es\\\/renovables-demanda-gas-co2-bajan-precios-mercados-europeos\\\/\"]}]},{\"@type\":\"ImageObject\",\"inLanguage\":\"es\",\"@id\":\"https:\\\/\\\/aleasoft.com\\\/es\\\/renovables-demanda-gas-co2-bajan-precios-mercados-europeos\\\/#primaryimage\",\"url\":\"https:\\\/\\\/aleasoft.com\\\/wp-content\\\/uploads\\\/2024\\\/09\\\/20240916-AleaSoft-Precios-mercados-europeos-electricidad.png\",\"contentUrl\":\"https:\\\/\\\/aleasoft.com\\\/wp-content\\\/uploads\\\/2024\\\/09\\\/20240916-AleaSoft-Precios-mercados-europeos-electricidad.png\",\"width\":2048,\"height\":1426},{\"@type\":\"BreadcrumbList\",\"@id\":\"https:\\\/\\\/aleasoft.com\\\/es\\\/renovables-demanda-gas-co2-bajan-precios-mercados-europeos\\\/#breadcrumb\",\"itemListElement\":[{\"@type\":\"ListItem\",\"position\":1,\"name\":\"Home\",\"item\":\"https:\\\/\\\/aleasoft.com\\\/es\\\/\"},{\"@type\":\"ListItem\",\"position\":2,\"name\":\"Renovables, demanda, gas y CO2 se unen para bajar los precios en los mercados el\u00e9ctricos europeos en la segunda semana de septiembre\"}]},{\"@type\":\"WebSite\",\"@id\":\"https:\\\/\\\/aleasoft.com\\\/#website\",\"url\":\"https:\\\/\\\/aleasoft.com\\\/\",\"name\":\"AleaSoft Energy Forecasting\",\"description\":\"Energy Forecasting\",\"publisher\":{\"@id\":\"https:\\\/\\\/aleasoft.com\\\/#organization\"},\"potentialAction\":[{\"@type\":\"SearchAction\",\"target\":{\"@type\":\"EntryPoint\",\"urlTemplate\":\"https:\\\/\\\/aleasoft.com\\\/?s={search_term_string}\"},\"query-input\":{\"@type\":\"PropertyValueSpecification\",\"valueRequired\":true,\"valueName\":\"search_term_string\"}}],\"inLanguage\":\"es\"},{\"@type\":\"Organization\",\"@id\":\"https:\\\/\\\/aleasoft.com\\\/#organization\",\"name\":\"AleaSoft Energy Forecasting\",\"url\":\"https:\\\/\\\/aleasoft.com\\\/\",\"logo\":{\"@type\":\"ImageObject\",\"inLanguage\":\"es\",\"@id\":\"https:\\\/\\\/aleasoft.com\\\/#\\\/schema\\\/logo\\\/image\\\/\",\"url\":\"https:\\\/\\\/aleasoft.com\\\/wp-content\\\/uploads\\\/2020\\\/01\\\/logo-alea-25.svg\",\"contentUrl\":\"https:\\\/\\\/aleasoft.com\\\/wp-content\\\/uploads\\\/2020\\\/01\\\/logo-alea-25.svg\",\"width\":7047,\"height\":1416,\"caption\":\"AleaSoft Energy Forecasting\"},\"image\":{\"@id\":\"https:\\\/\\\/aleasoft.com\\\/#\\\/schema\\\/logo\\\/image\\\/\"},\"sameAs\":[\"https:\\\/\\\/www.facebook.com\\\/AleaSoft\\\/\",\"https:\\\/\\\/x.com\\\/AleaSoftEnergy\",\"https:\\\/\\\/www.linkedin.com\\\/company\\\/aleasoft\\\/\"]},{\"@type\":\"Person\",\"@id\":\"https:\\\/\\\/aleasoft.com\\\/#\\\/schema\\\/person\\\/99ee8b0f2ecbd56ba78005c6b7864d67\",\"name\":\"AleaSoft Energy Forecasting\",\"image\":{\"@type\":\"ImageObject\",\"inLanguage\":\"es\",\"@id\":\"https:\\\/\\\/secure.gravatar.com\\\/avatar\\\/3ce8db70bda469bc8382df5990537888cf96f625c0fde5b0292ff5ab10560f88?s=96&d=mm&r=g\",\"url\":\"https:\\\/\\\/secure.gravatar.com\\\/avatar\\\/3ce8db70bda469bc8382df5990537888cf96f625c0fde5b0292ff5ab10560f88?s=96&d=mm&r=g\",\"contentUrl\":\"https:\\\/\\\/secure.gravatar.com\\\/avatar\\\/3ce8db70bda469bc8382df5990537888cf96f625c0fde5b0292ff5ab10560f88?s=96&d=mm&r=g\",\"caption\":\"AleaSoft Energy Forecasting\"},\"sameAs\":[\"http:\\\/\\\/aleasoft.com\"]}]}<\/script>\n<!-- \/ Yoast SEO Premium plugin. -->","yoast_head_json":{"title":"Renovables, demanda, gas y CO2 se unen para bajar los precios en los mercados el\u00e9ctricos europeos en la segunda semana de septiembre - AleaSoft Energy Forecasting","description":"En la segunda semana de septiembre, los precios de los principales mercados el\u00e9ctricos europeos bajaron. La producci\u00f3n e\u00f3lica y fotovoltaica aument\u00f3 en gran parte de los mercados, registrando r\u00e9cords para un mes de septiembre en Italia, Espa\u00f1a y Francia.","robots":{"index":"index","follow":"follow","max-snippet":"max-snippet:-1","max-image-preview":"max-image-preview:large","max-video-preview":"max-video-preview:-1"},"canonical":"https:\/\/aleasoft.com\/es\/renovables-demanda-gas-co2-bajan-precios-mercados-europeos\/","og_locale":"es_ES","og_type":"article","og_title":"Renovables, demanda, gas y CO2 se unen para bajar los precios en los mercados el\u00e9ctricos europeos en la segunda semana de septiembre","og_description":"En la segunda semana de septiembre, los precios de los principales mercados el\u00e9ctricos europeos bajaron. La producci\u00f3n e\u00f3lica y fotovoltaica aument\u00f3 en gran parte de los mercados, registrando r\u00e9cords para un mes de septiembre en Italia, Espa\u00f1a y Francia.","og_url":"https:\/\/aleasoft.com\/es\/renovables-demanda-gas-co2-bajan-precios-mercados-europeos\/","og_site_name":"AleaSoft Energy Forecasting","article_publisher":"https:\/\/www.facebook.com\/AleaSoft\/","article_published_time":"2024-09-16T12:17:07+00:00","article_modified_time":"2024-09-16T12:33:44+00:00","og_image":[{"width":2048,"height":1426,"url":"https:\/\/aleasoft.com\/wp-content\/uploads\/2024\/09\/20240916-AleaSoft-Precios-mercados-europeos-electricidad.png","type":"image\/png"}],"author":"AleaSoft Energy Forecasting","twitter_card":"summary_large_image","twitter_creator":"@AleaSoftEnergy","twitter_site":"@AleaSoftEnergy","twitter_misc":{"Escrito por":"AleaSoft Energy Forecasting","Tiempo de lectura":"9 minutos"},"schema":{"@context":"https:\/\/schema.org","@graph":[{"@type":"Article","@id":"https:\/\/aleasoft.com\/es\/renovables-demanda-gas-co2-bajan-precios-mercados-europeos\/#article","isPartOf":{"@id":"https:\/\/aleasoft.com\/es\/renovables-demanda-gas-co2-bajan-precios-mercados-europeos\/"},"author":{"name":"AleaSoft Energy Forecasting","@id":"https:\/\/aleasoft.com\/#\/schema\/person\/99ee8b0f2ecbd56ba78005c6b7864d67"},"headline":"Renovables, demanda, gas y CO2 se unen para bajar los precios en los mercados el\u00e9ctricos europeos en la segunda semana de septiembre","datePublished":"2024-09-16T12:17:07+00:00","dateModified":"2024-09-16T12:33:44+00:00","mainEntityOfPage":{"@id":"https:\/\/aleasoft.com\/es\/renovables-demanda-gas-co2-bajan-precios-mercados-europeos\/"},"wordCount":2119,"publisher":{"@id":"https:\/\/aleasoft.com\/#organization"},"image":{"@id":"https:\/\/aleasoft.com\/es\/renovables-demanda-gas-co2-bajan-precios-mercados-europeos\/#primaryimage"},"thumbnailUrl":"https:\/\/aleasoft.com\/wp-content\/uploads\/2024\/09\/20240916-AleaSoft-Precios-mercados-europeos-electricidad.png","articleSection":["Noticias"],"inLanguage":"es"},{"@type":"WebPage","@id":"https:\/\/aleasoft.com\/es\/renovables-demanda-gas-co2-bajan-precios-mercados-europeos\/","url":"https:\/\/aleasoft.com\/es\/renovables-demanda-gas-co2-bajan-precios-mercados-europeos\/","name":"Renovables, demanda, gas y CO2 se unen para bajar los precios en los mercados el\u00e9ctricos europeos en la segunda semana de septiembre - AleaSoft Energy Forecasting","isPartOf":{"@id":"https:\/\/aleasoft.com\/#website"},"primaryImageOfPage":{"@id":"https:\/\/aleasoft.com\/es\/renovables-demanda-gas-co2-bajan-precios-mercados-europeos\/#primaryimage"},"image":{"@id":"https:\/\/aleasoft.com\/es\/renovables-demanda-gas-co2-bajan-precios-mercados-europeos\/#primaryimage"},"thumbnailUrl":"https:\/\/aleasoft.com\/wp-content\/uploads\/2024\/09\/20240916-AleaSoft-Precios-mercados-europeos-electricidad.png","datePublished":"2024-09-16T12:17:07+00:00","dateModified":"2024-09-16T12:33:44+00:00","description":"En la segunda semana de septiembre, los precios de los principales mercados el\u00e9ctricos europeos bajaron. La producci\u00f3n e\u00f3lica y fotovoltaica aument\u00f3 en gran parte de los mercados, registrando r\u00e9cords para un mes de septiembre en Italia, Espa\u00f1a y Francia.","breadcrumb":{"@id":"https:\/\/aleasoft.com\/es\/renovables-demanda-gas-co2-bajan-precios-mercados-europeos\/#breadcrumb"},"inLanguage":"es","potentialAction":[{"@type":"ReadAction","target":["https:\/\/aleasoft.com\/es\/renovables-demanda-gas-co2-bajan-precios-mercados-europeos\/"]}]},{"@type":"ImageObject","inLanguage":"es","@id":"https:\/\/aleasoft.com\/es\/renovables-demanda-gas-co2-bajan-precios-mercados-europeos\/#primaryimage","url":"https:\/\/aleasoft.com\/wp-content\/uploads\/2024\/09\/20240916-AleaSoft-Precios-mercados-europeos-electricidad.png","contentUrl":"https:\/\/aleasoft.com\/wp-content\/uploads\/2024\/09\/20240916-AleaSoft-Precios-mercados-europeos-electricidad.png","width":2048,"height":1426},{"@type":"BreadcrumbList","@id":"https:\/\/aleasoft.com\/es\/renovables-demanda-gas-co2-bajan-precios-mercados-europeos\/#breadcrumb","itemListElement":[{"@type":"ListItem","position":1,"name":"Home","item":"https:\/\/aleasoft.com\/es\/"},{"@type":"ListItem","position":2,"name":"Renovables, demanda, gas y CO2 se unen para bajar los precios en los mercados el\u00e9ctricos europeos en la segunda semana de septiembre"}]},{"@type":"WebSite","@id":"https:\/\/aleasoft.com\/#website","url":"https:\/\/aleasoft.com\/","name":"AleaSoft Energy Forecasting","description":"Energy Forecasting","publisher":{"@id":"https:\/\/aleasoft.com\/#organization"},"potentialAction":[{"@type":"SearchAction","target":{"@type":"EntryPoint","urlTemplate":"https:\/\/aleasoft.com\/?s={search_term_string}"},"query-input":{"@type":"PropertyValueSpecification","valueRequired":true,"valueName":"search_term_string"}}],"inLanguage":"es"},{"@type":"Organization","@id":"https:\/\/aleasoft.com\/#organization","name":"AleaSoft Energy Forecasting","url":"https:\/\/aleasoft.com\/","logo":{"@type":"ImageObject","inLanguage":"es","@id":"https:\/\/aleasoft.com\/#\/schema\/logo\/image\/","url":"https:\/\/aleasoft.com\/wp-content\/uploads\/2020\/01\/logo-alea-25.svg","contentUrl":"https:\/\/aleasoft.com\/wp-content\/uploads\/2020\/01\/logo-alea-25.svg","width":7047,"height":1416,"caption":"AleaSoft Energy Forecasting"},"image":{"@id":"https:\/\/aleasoft.com\/#\/schema\/logo\/image\/"},"sameAs":["https:\/\/www.facebook.com\/AleaSoft\/","https:\/\/x.com\/AleaSoftEnergy","https:\/\/www.linkedin.com\/company\/aleasoft\/"]},{"@type":"Person","@id":"https:\/\/aleasoft.com\/#\/schema\/person\/99ee8b0f2ecbd56ba78005c6b7864d67","name":"AleaSoft Energy Forecasting","image":{"@type":"ImageObject","inLanguage":"es","@id":"https:\/\/secure.gravatar.com\/avatar\/3ce8db70bda469bc8382df5990537888cf96f625c0fde5b0292ff5ab10560f88?s=96&d=mm&r=g","url":"https:\/\/secure.gravatar.com\/avatar\/3ce8db70bda469bc8382df5990537888cf96f625c0fde5b0292ff5ab10560f88?s=96&d=mm&r=g","contentUrl":"https:\/\/secure.gravatar.com\/avatar\/3ce8db70bda469bc8382df5990537888cf96f625c0fde5b0292ff5ab10560f88?s=96&d=mm&r=g","caption":"AleaSoft Energy Forecasting"},"sameAs":["http:\/\/aleasoft.com"]}]}},"_links":{"self":[{"href":"https:\/\/aleasoft.com\/es\/wp-json\/wp\/v2\/posts\/149004","targetHints":{"allow":["GET"]}}],"collection":[{"href":"https:\/\/aleasoft.com\/es\/wp-json\/wp\/v2\/posts"}],"about":[{"href":"https:\/\/aleasoft.com\/es\/wp-json\/wp\/v2\/types\/post"}],"author":[{"embeddable":true,"href":"https:\/\/aleasoft.com\/es\/wp-json\/wp\/v2\/users\/1"}],"replies":[{"embeddable":true,"href":"https:\/\/aleasoft.com\/es\/wp-json\/wp\/v2\/comments?post=149004"}],"version-history":[{"count":0,"href":"https:\/\/aleasoft.com\/es\/wp-json\/wp\/v2\/posts\/149004\/revisions"}],"wp:featuredmedia":[{"embeddable":true,"href":"https:\/\/aleasoft.com\/es\/wp-json\/wp\/v2\/media\/149023"}],"wp:attachment":[{"href":"https:\/\/aleasoft.com\/es\/wp-json\/wp\/v2\/media?parent=149004"}],"wp:term":[{"taxonomy":"category","embeddable":true,"href":"https:\/\/aleasoft.com\/es\/wp-json\/wp\/v2\/categories?post=149004"},{"taxonomy":"post_tag","embeddable":true,"href":"https:\/\/aleasoft.com\/es\/wp-json\/wp\/v2\/tags?post=149004"}],"curies":[{"name":"wp","href":"https:\/\/api.w.org\/{rel}","templated":true}]}}