{"id":156387,"date":"2025-05-05T14:57:08","date_gmt":"2025-05-05T12:57:08","guid":{"rendered":"https:\/\/aleasoft.com\/?p=156387"},"modified":"2025-05-05T15:01:19","modified_gmt":"2025-05-05T13:01:19","slug":"precios-mercados-electricos-europeos-bajan-renovables-gas","status":"publish","type":"post","link":"https:\/\/aleasoft.com\/es\/precios-mercados-electricos-europeos-bajan-renovables-gas\/","title":{"rendered":"El tir\u00f3n renovable y la bajada del gas empujan a la baja los precios de los mercados el\u00e9ctricos europeos en la primera semana de mayo"},"content":{"rendered":"<p><strong>AleaSoft Energy Forecasting, 5 de mayo de 2025. En la semana del 28 de abril, los precios de los principales mercados el\u00e9ctricos europeos bajaron en comparaci\u00f3n con la semana anterior. El descenso de la demanda y de los precios del gas, as\u00ed como el aumento de la producci\u00f3n renovable favorecieron estos descensos. La fotovoltaica registr\u00f3 r\u00e9cords hist\u00f3ricos de generaci\u00f3n en Francia e Italia, as\u00ed como la producci\u00f3n m\u00e1s alta para un d\u00eda de abril en Alemania. La producci\u00f3n e\u00f3lica aument\u00f3 en los principales mercados del continente. Los futuros de gas TTF alcanzaron el precio de cierre m\u00e1s bajo desde julio de 2024 y los de Brent desde marzo de 2021.<\/strong><\/p>\n<h2>Producci\u00f3n solar fotovoltaica y producci\u00f3n e\u00f3lica<\/h2>\n<p>Durante la semana del 28 de abril, la <strong>producci\u00f3n solar fotovoltaica<\/strong> experiment\u00f3 un aumento significativo en Alemania y Francia, con incrementos del 30% y 22%, respectivamente. Italia tambi\u00e9n registr\u00f3 un aumento, aunque m\u00e1s modesto, del 6,5%. Estos mercados mantuvieron la tendencia al alza por segunda semana consecutiva. Sin embargo, en Espa\u00f1a y Portugal, la producci\u00f3n disminuy\u00f3 considerablemente. En Espa\u00f1a, la ca\u00edda fue del 40%, mientras que en Portugal se redujo en un 31%. Estos descensos se vieron influenciados por el apag\u00f3n que afect\u00f3 a estos mercados el lunes 28 de abril, lo que alter\u00f3 la producci\u00f3n y la demanda en ambos mercados.<\/p>\n<p>Durante la semana, varios mercados europeos alcanzaron r\u00e9cords hist\u00f3ricos de producci\u00f3n solar fotovoltaica. El 28 de abril, Alemania alcanz\u00f3 su mayor producci\u00f3n solar fotovoltaica para un mes de abril, con 397\u00a0GWh. El 30 de abril, Francia registr\u00f3 su r\u00e9cord hist\u00f3rico de producci\u00f3n con esta tecnolog\u00eda, con 135\u00a0GWh, y ese mismo d\u00eda, Italia tambi\u00e9n alcanz\u00f3 su m\u00e1ximo hist\u00f3rico, con una producci\u00f3n de 150\u00a0GWh.<\/p>\n<p>Para la semana del 5 de mayo, seg\u00fan las <a href=\"https:\/\/aleasoft.com\/es\/productos-y-servicios\/previsiones-de-energia-solar\/\">previsiones de producci\u00f3n solar<\/a> de <strong>AleaSoft Energy Forecasting<\/strong>, Espa\u00f1a aumentar\u00e1 su producci\u00f3n solar fotovoltaica, mientras que Alemania e Italia experimentar\u00e1n descensos.<\/p>\n<p><div style='margin-top: 20px;margin-bottom: 20px;'><a title='AleaSoft - Produccion fotovoltaica electricidad Europa' href='https:\/\/aleasoft.com\/wp-content\/uploads\/2025\/05\/20250505-AleaSoft-Produccion-fotovoltaica-electricidad-Europa.png'><img class='aligncenter' src='https:\/\/aleasoft.com\/wp-content\/uploads\/2025\/05\/20250505-AleaSoft-Produccion-fotovoltaica-electricidad-Europa.png' alt='AleaSoft - Produccion fotovoltaica electricidad Europa' width='740'\/><\/a><span style='font-size: small;'>Fuente: Elaborado por AleaSoft Energy Forecasting con datos de ENTSO-E, RTE, REN, REE y TERNA.<\/span><\/div><br \/>\n<div style='margin-top: 20px;margin-bottom: 20px;'><a title='AleaSoft - Perfil produccion solar fotovoltaica Europa' href='https:\/\/aleasoft.com\/wp-content\/uploads\/2025\/05\/20250505-AleaSoft-Perfil-produccion-solar-fotovoltaica-Europa.png'><img class='aligncenter' src='https:\/\/aleasoft.com\/wp-content\/uploads\/2025\/05\/20250505-AleaSoft-Perfil-produccion-solar-fotovoltaica-Europa.png' alt='AleaSoft - Perfil produccion solar fotovoltaica Europa' width='740'\/><\/a><span style='font-size: small;'>Fuente: Elaborado por AleaSoft Energy Forecasting con datos de ENTSO-E, RTE, REN, Red El\u00e9ctrica y TERNA.<br \/>\n(*) En Espa\u00f1a y Portugal no se incluyen los datos del 28 de abril, d\u00eda del apag\u00f3n.<\/span><\/div><\/p>\n<p>Durante la semana del 28 de abril, la <strong>producci\u00f3n e\u00f3lica<\/strong> aument\u00f3 en los principales mercados europeos, revirtiendo la tendencia descendente de la semana previa. En la pen\u00ednsula ib\u00e9rica, a pesar del impacto del apag\u00f3n del lunes 28, tanto Espa\u00f1a como Portugal cerraron la semana con aumentos, del 12% y 47%, respectivamente. Alemania, Italia y Francia tambi\u00e9n incrementaron su producci\u00f3n, con subidas del 18%, 17% y 10% en cada caso.<\/p>\n<p>Seg\u00fan las <a href=\"https:\/\/aleasoft.com\/es\/productos-y-servicios\/previsiones-energia-eolica\/\">previsiones de producci\u00f3n e\u00f3lica<\/a> de <strong>AleaSoft Energy Forecasting<\/strong>, la producci\u00f3n con esta tecnolog\u00eda aumentar\u00e1 en Alemania y Francia durante la semana del 5 de mayo, mientras que se espera que disminuya en la pen\u00ednsula ib\u00e9rica e Italia.<\/p>\n<div style='margin-top: 20px;margin-bottom: 20px;'><a title='AleaSoft - Produccion eolica electricidad Europa' href='https:\/\/aleasoft.com\/wp-content\/uploads\/2025\/05\/20250505-AleaSoft-Produccion-eolica-electricidad-Europa.png'><img class='aligncenter' src='https:\/\/aleasoft.com\/wp-content\/uploads\/2025\/05\/20250505-AleaSoft-Produccion-eolica-electricidad-Europa.png' alt='AleaSoft - Produccion eolica electricidad Europa' width='740'\/><\/a><span style='font-size: small;'>Fuente: Elaborado por AleaSoft Energy Forecasting con datos de ENTSO-E, RTE, REN, REE y TERNA.<\/span><\/div>\n<h2>Demanda el\u00e9ctrica<\/h2>\n<p>Durante la semana del 28 de abril, la <strong>demanda el\u00e9ctrica<\/strong> baj\u00f3 en la mayor\u00eda de los principales mercados europeos. Espa\u00f1a registr\u00f3 la mayor reducci\u00f3n, del 13%, seguida por Francia y Portugal, con ca\u00eddas del 11% y 8,6%, respectivamente. En Gran Breta\u00f1a, Alemania y B\u00e9lgica, tambi\u00e9n se observaron descensos, del 7,6%, 4,1% y 3,9%, en cada caso. Alemania mantuvo la tendencia a la baja por s\u00e9ptima semana consecutiva, mientras que B\u00e9lgica registr\u00f3 el mismo comportamiento por tercera semana. Francia y Portugal continuaron los descensos por segunda semana. Italia fue el \u00fanico mercado donde la demanda aument\u00f3 un 3,5%.<\/p>\n<p>Las <strong>temperaturas medias<\/strong> subieron en todos los mercados. Francia, B\u00e9lgica y Alemania registraron los mayores incrementos, con subidas de 4,6\u00b0C, 4,0\u00b0C y 3,5\u00b0C, respectivamente. Gran Breta\u00f1a tambi\u00e9n experiment\u00f3 un aumento de 3,2\u00b0C, mientras que en Espa\u00f1a y Portugal la subida fue de 0,9\u00b0C en ambos casos.<\/p>\n<p>El ascenso de las temperaturas favoreci\u00f3 la ca\u00edda de la demanda. Adem\u00e1s, el festivo del 1 de mayo, D\u00eda Internacional de los Trabajadores, redujo la actividad laboral en varios mercados, reforzando esta tendencia. En Espa\u00f1a y Portugal, el apag\u00f3n que interrumpi\u00f3 el suministro el\u00e9ctrico el lunes 28 de abril provoc\u00f3 un comportamiento an\u00f3malo de la demanda, haciendo mayor la ca\u00edda de la demanda semanal. En el caso de Italia, aunque tambi\u00e9n fue festivo el 1 de mayo, la demanda se recuper\u00f3 despu\u00e9s de que la semana anterior se celebraran dos festivos, el 21 de abril, Lunes de Pascua, y el 25 de abril, D\u00eda de la Liberaci\u00f3n.<\/p>\n<p>Seg\u00fan las <a href=\"https:\/\/aleasoft.com\/es\/productos-y-servicios\/previsiones-de-la-demanda-de-energia\/\">previsiones de demanda<\/a> de <strong>AleaSoft Energy Forecasting<\/strong>, la demanda aumentar\u00e1 en la mayor\u00eda de los principales mercados europeos durante la semana del 5 de mayo. Espa\u00f1a y Portugal experimentar\u00e1n una recuperaci\u00f3n tras el impacto del apag\u00f3n y el festivo. En cambio, en Gran Breta\u00f1a se espera una ligera bajada, asociada en parte al festivo nacional del lunes 5 de mayo, \u201cEarly May Bank Holiday\u201d.<\/p>\n<div style='margin-top: 20px;margin-bottom: 20px;'><a title='AleaSoft - Demanda electricidad paises Europa' href='https:\/\/aleasoft.com\/wp-content\/uploads\/2025\/05\/20250505-AleaSoft-Demanda-electricidad-paises-Europa.png'><img class='aligncenter' src='https:\/\/aleasoft.com\/wp-content\/uploads\/2025\/05\/20250505-AleaSoft-Demanda-electricidad-paises-Europa.png' alt='AleaSoft - Demanda electricidad paises Europa' width='740'\/><\/a><span style='font-size: small;'>Fuente: Elaborado por AleaSoft Energy Forecasting con datos de ENTSO-E, RTE, REN, REE, TERNA, National Grid y ELIA.<\/span><\/div>\n<h2>Mercados el\u00e9ctricos europeos<\/h2>\n<p>En la primera semana de mayo, los precios promedio de los principales mercados el\u00e9ctricos europeos bajaron respecto a la semana anterior. El <strong>mercado Nord\u00a0Pool<\/strong> de los pa\u00edses n\u00f3rdicos y el <strong>mercado MIBEL<\/strong> de Espa\u00f1a alcanzaron las mayores ca\u00eddas porcentuales de precios, del 59% en ambos casos. El <strong>mercado N2EX <\/strong>del Reino Unido y el<strong> mercado IPEX <\/strong>de Italia registraron los menores descensos, del 13% y el 14%, respectivamente. En el resto de los mercados analizados en <strong>AleaSoft Energy Forecasting<\/strong>, los precios bajaron entre el 27% del<strong> mercado EPEX\u00a0SPOT<\/strong> de Alemania, B\u00e9lgica y los Pa\u00edses Bajos y el 57% del mercado EPEX\u00a0SPOT de Francia.<\/p>\n<p>En la semana del 28 de abril, los promedios semanales permanecieron por debajo de 65\u00a0\u20ac\/MWh en la mayor\u00eda de los mercados el\u00e9ctricos europeos. Las excepciones fueron el mercado italiano y el mercado brit\u00e1nico, cuyos promedios fueron de 76,88\u00a0\u20ac\/MWh y 80,91\u00a0\u20ac\/MWh, respectivamente. Los mercados espa\u00f1ol y portugu\u00e9s alcanzaron los menores promedios semanales, de 15,36\u00a0\u20ac\/MWh y 16,50\u00a0\u20ac\/MWh, respectivamente. En el resto de los mercados analizados, los precios estuvieron entre los 21,64\u00a0\u20ac\/MWh del mercado n\u00f3rdico y los 60,04\u00a0\u20ac\/MWh del mercado alem\u00e1n.<\/p>\n<p>Cabe destacar que, en la semana del 28 de abril, cuyo comienzo coincidi\u00f3 con el d\u00eda en que se produjo el apag\u00f3n que afect\u00f3 a la pen\u00ednsula ib\u00e9rica, el acoplamiento entre los precios horarios de Espa\u00f1a y Portugal fue del 54%. Este valor representa un importante descenso si se compara con el 84% de acoplamiento de la semana anterior, con el 95% registrado en 2025 hasta el d\u00eda antes del apag\u00f3n y el 94% de 2024. Seg\u00fan datos de Red El\u00e9ctrica, en la semana analizada las exportaciones de energ\u00eda el\u00e9ctrica a Portugal descendieron un 71% respecto a la semana anterior.<\/p>\n<p>Por lo que respecta a los precios diarios, el d\u00eda 2 de mayo el mercado n\u00f3rdico registr\u00f3 el precio m\u00e1s bajo de la semana de los mercados analizados, de 4,97\u00a0\u20ac\/MWh. Este precio fue el m\u00e1s bajo del mercado n\u00f3rdico desde el de 23 de marzo. Los mercados espa\u00f1ol, franc\u00e9s y portugu\u00e9s tambi\u00e9n registraron precios inferiores a 10\u00a0\u20ac\/MWh en la primera semana de mayo. En el caso del mercado franc\u00e9s, el d\u00eda 1 de mayo, alcanz\u00f3 su precio m\u00e1s bajo desde el 7 de julio de 2024, de 5,90\u00a0\u20ac\/MWh. El domingo 4 de mayo, el mercado italiano alcanz\u00f3 su precio m\u00e1s bajo desde el 17 de mayo de 2021, de 51,10\u00a0\u20ac\/MWh.<\/p>\n<p>En cuanto a los precios horarios, la mayor\u00eda de los mercados registraron precios horarios negativos en la primera semana de mayo. El jueves 1 de mayo, de 15:00 a 16:00, el mercado espa\u00f1ol alcanz\u00f3 su precio horario m\u00ednimo hist\u00f3rico, \u201110,00\u00a0\u20ac\/MWh. Ese d\u00eda, de 14:00 a 15:00, el precio horario del mercado franc\u00e9s fue de \u2011118,01\u00a0\u20ac\/MWh, su precio m\u00e1s bajo desde el 3 de julio de 2023. En el caso del mercado alem\u00e1n, el 1 de mayo, de 13:00 a 14:00, el precio fue de \u2011129,99\u00a0\u20ac\/MWh. Este precio fue el m\u00e1s bajo del mercado alem\u00e1n desde 13 de mayo de 2024. Por otra parte, el mercado italiano registr\u00f3 un precio de 0,00\u00a0\u20ac\/MWh el 1 de mayo, de 14:00 a 15:00. Este es el valor m\u00ednimo horario del mercado italiano, que fue registrado por \u00faltima vez el 13 de abril de 2020.<\/p>\n<p>En la semana del 28 de abril, el descenso del precio semanal del gas, el incremento de la producci\u00f3n e\u00f3lica, as\u00ed como la ca\u00edda de la demanda en la mayor\u00eda de los mercados, propiciaron el descenso de los precios semanales en los mercados el\u00e9ctricos europeos. Adem\u00e1s, la producci\u00f3n solar aument\u00f3 en los mercados alem\u00e1n, franc\u00e9s e italiano.<\/p>\n<div style='margin-top: 20px;margin-bottom: 20px;'><a title='AleaSoft - Paneles y molinos' href='https:\/\/aleasoft.com\/wp-content\/uploads\/2025\/03\/pexels-fotovoltaica-eolica2-scaled.jpg'><img class='aligncenter' src='https:\/\/aleasoft.com\/wp-content\/uploads\/2025\/03\/pexels-fotovoltaica-eolica2-scaled.jpg' alt='AleaSoft - Paneles y molinos' width='740'\/><\/a><\/div>\n<p>Las <a href=\"https:\/\/aleasoft.com\/es\/productos-y-servicios\/previsiones-de-precios-de-energia\/\">previsiones de precios<\/a> de <strong>AleaSoft Energy Forecasting<\/strong> indican que, en la segunda semana de mayo, los precios aumentar\u00e1n en la mayor\u00eda de los principales mercados el\u00e9ctricos europeos, influenciados por el incremento de la demanda el\u00e9ctrica. Adem\u00e1s, en la pen\u00ednsula ib\u00e9rica e Italia bajar\u00e1 la producci\u00f3n e\u00f3lica. En el mercado italiano tambi\u00e9n caer\u00e1 la producci\u00f3n solar, as\u00ed como en el alem\u00e1n.<\/p>\n<div style='margin-top: 20px;margin-bottom: 20px;'><a title='AleaSoft - Precios mercados europeos electricidad' href='https:\/\/aleasoft.com\/wp-content\/uploads\/2025\/05\/20250505-AleaSoft-Precios-mercados-europeos-electricidad.png'><img class='aligncenter' src='https:\/\/aleasoft.com\/wp-content\/uploads\/2025\/05\/20250505-AleaSoft-Precios-mercados-europeos-electricidad.png' alt='AleaSoft - Precios mercados europeos electricidad' width='740'\/><\/a><span style='font-size: small;'>Fuente: Elaborado por AleaSoft Energy Forecasting con datos de OMIE, , Nord Pool y GME.<\/span><\/div>\n<h2>Brent, combustibles y CO<sub>2<\/sub><\/h2>\n<p>Los precios de cierre de los futuros de <strong>petr\u00f3leo Brent<\/strong> para el Front\u2011Month en el <strong>mercado ICE<\/strong> registraron una tendencia descendente durante la primera semana de mayo. El lunes 28 de abril estos futuros alcanzaron su precio de cierre m\u00e1ximo semanal, de 65,86\u00a0$\/bbl. Como consecuencia de los descensos, el viernes 2 de mayo, estos futuros registraron su precio de cierre m\u00ednimo semanal, de 61,29\u00a0$\/bbl. Seg\u00fan los datos analizados en <strong>AleaSoft Energy Forecasting<\/strong>, este precio fue un 8,3% menor al del viernes anterior y el m\u00e1s bajo desde el 24 de marzo de 2021.<\/p>\n<p>Las expectativas de nuevos incrementos de producci\u00f3n por parte de la OPEP+, as\u00ed como la preocupaci\u00f3n por la demanda, ejercieron su influencia a la baja sobre los precios de los futuros de petr\u00f3leo Brent en la primera semana de mayo. A pesar de un posible descenso de las tensiones comerciales entre China y Estados Unidos, el precio de cierre en la \u00faltima sesi\u00f3n de la semana fue el m\u00e1s bajo de los \u00faltimos cuatro a\u00f1os.<\/p>\n<p>En cuanto a los precios de cierre de los futuros de <strong>gas TTF<\/strong> en el mercado ICE para el Front\u2011Month, se mantuvieron por debajo de 33\u00a0\u20ac\/MWh durante casi toda la primera semana de mayo. El martes 29 de abril, estos futuros registraron su precio de cierre m\u00ednimo semanal, de 32,11\u00a0\u20ac\/MWh. Seg\u00fan los datos analizados en <strong>AleaSoft Energy Forecasting<\/strong>, este precio fue el m\u00e1s bajo desde el 24 de julio de 2024. En cambio, tras una subida del 2,9% respecto al d\u00eda anterior, el viernes 2 de mayo, estos futuros alcanzaron su precio de cierre m\u00e1ximo semanal, de 33,08\u00a0\u20ac\/MWh. Este precio fue un 2,0% mayor al del vienes anterior.<\/p>\n<p>El suministro estable y las temperaturas elevadas contribuyeron a mantener los precios de los futuros de gas TTF por debajo de 33\u00a0\u20ac\/MWh durante la mayor parte de la primera semana de mayo. Sin embargo, los pron\u00f3sticos de temperaturas m\u00e1s bajas, as\u00ed como las expectativas de mejoras en las relaciones comerciales entre China y Estados Unidos propiciaron el incremento de los precios al final de la semana.<\/p>\n<p>Por lo que respecta a los precios de cierre de los futuros de <strong>derechos de emisi\u00f3n de CO<sub>2<\/sub><\/strong> en el <strong>mercado EEX<\/strong> para el contrato de referencia de diciembre de 2025, el martes 29 de abril, estos futuros alcanzaron su precio de cierre m\u00ednimo semanal, de 64,85\u00a0\u20ac\/t. En el resto de las sesiones de la primera semana de mayo, los precios de cierre se mantuvieron por encima de 65\u00a0\u20ac\/t. El viernes 2 de mayo estos futuros alcanzaron su precio de cierre m\u00e1ximo semanal, de 68,76\u00a0\u20ac\/t. Seg\u00fan los datos analizados en <strong>AleaSoft Energy Forecasting<\/strong>, este precio fue un 3,5% mayor al del viernes anterior y el m\u00e1s alto desde el 2 de abril.<\/p>\n<div style='margin-top: 20px;margin-bottom: 20px;'><a title='AleaSoft - Precios gas carbon Brent CO2' href='https:\/\/aleasoft.com\/wp-content\/uploads\/2025\/05\/20250505-AleaSoft-Precios-gas-carbon-Brent-CO2.png'><img class='aligncenter' src='https:\/\/aleasoft.com\/wp-content\/uploads\/2025\/05\/20250505-AleaSoft-Precios-gas-carbon-Brent-CO2.png' alt='AleaSoft - Precios gas carbon Brent CO2' width='740'\/><\/a><span style='font-size: small;'>Fuente: Elaborado por AleaSoft Energy Forecasting con datos de ICE y EEX.<\/span><\/div>\n<h2>An\u00e1lisis de AleaSoft Energy Forecasting sobre las perspectivas de los mercados de energ\u00eda en Europa y las bater\u00edas<\/h2>\n<p>El <a href=\"https:\/\/aleasoft.com\/es\/webinars-sobre-mercados-sector-energia\/mercados-baterias-mayo-2025\/\">webinar n\u00famero 55<\/a> de la <a href=\"https:\/\/aleasoft.com\/es\/webinars-sobre-mercados-sector-energia\/\">serie de webinars mensuales<\/a> de <strong>AleaSoft Energy Forecasting<\/strong> tendr\u00e1 lugar el jueves 22 de mayo. Este webinar estar\u00e1 centrado en las bater\u00edas y analizar\u00e1 la importancia de las <strong>previsiones de demanda<\/strong> y <strong>banda secundaria<\/strong>, los beneficios seg\u00fan el grado de utilizaci\u00f3n de las <strong>bater\u00edas<\/strong> y su optimizaci\u00f3n financiera, as\u00ed como temas regulatorios del <strong>almacenamiento de energ\u00eda<\/strong>, incluyendo las ayudas y los <strong>pagos por capacidad<\/strong>. Adem\u00e1s, se realizar\u00e1 el an\u00e1lisis habitual de la evoluci\u00f3n y perspectivas de los mercados de energ\u00eda europeos. El webinar contar\u00e1 con la participaci\u00f3n de Javier Adiego Orera, CEO y cofundador de <strong>7C Energy<\/strong>. Adem\u00e1s, Kiko Maza, Managing Director en <strong>WeMake Consultores<\/strong>, y Luis Atienza Serna, <strong>exministro del Gobierno espa\u00f1ol<\/strong> y expresidente de <strong>Red El\u00e9ctrica<\/strong>, participar\u00e1n en la mesa de an\u00e1lisis posterior. Las <strong>hibridaciones<\/strong> con e\u00f3lica y los <strong>servicios auxiliares<\/strong>, as\u00ed como las <strong>redes de transporte y distribuci\u00f3n<\/strong>, ser\u00e1n otros temas a analizar en la mesa de an\u00e1lisis.<\/p>\n<p>Fuente: <strong>AleaSoft Energy Forecasting<\/strong>.<\/p>\n","protected":false},"excerpt":{"rendered":"<p>AleaSoft Energy Forecasting, 5 de mayo de 2025. En la semana del 28 de abril, los precios de los principales mercados el\u00e9ctricos europeos bajaron en comparaci\u00f3n con la semana anterior. El descenso de la demanda y de los precios del gas, as\u00ed como el aumento de la producci\u00f3n renovable favorecieron estos descensos. La fotovoltaica registr\u00f3 [&hellip;]<\/p>\n","protected":false},"author":5,"featured_media":156407,"comment_status":"closed","ping_status":"closed","sticky":false,"template":"","format":"standard","meta":{"footnotes":""},"categories":[7573,568],"tags":[7569,7568,7567,7566,7571,7572,7570],"class_list":["post-156387","post","type-post","status-publish","format-standard","has-post-thumbnail","hentry","category-analisis-semanal","category-noticias","tag-demanda","tag-eolica","tag-fotovoltaica","tag-mercados","tag-precios-brent","tag-precios-co2","tag-precios-gas"],"yoast_head":"<!-- This site is optimized with the Yoast SEO Premium plugin v27.4 (Yoast SEO v27.5) - https:\/\/yoast.com\/product\/yoast-seo-premium-wordpress\/ -->\n<title>El tir\u00f3n renovable y la bajada del gas empujan a la baja los precios de los mercados el\u00e9ctricos europeos en la primera semana de mayo - AleaSoft Energy Forecasting<\/title>\n<meta name=\"description\" content=\"En la semana del 28 de abril, los precios de los principales mercados el\u00e9ctricos europeos bajaron en comparaci\u00f3n con la semana anterior.\" \/>\n<meta name=\"robots\" content=\"index, follow, max-snippet:-1, max-image-preview:large, max-video-preview:-1\" \/>\n<link rel=\"canonical\" href=\"https:\/\/aleasoft.com\/es\/precios-mercados-electricos-europeos-bajan-renovables-gas\/\" \/>\n<meta property=\"og:locale\" content=\"es_ES\" \/>\n<meta property=\"og:type\" content=\"article\" \/>\n<meta property=\"og:title\" content=\"El tir\u00f3n renovable y la bajada del gas empujan a la baja los precios de los mercados el\u00e9ctricos europeos en la primera semana de mayo\" \/>\n<meta property=\"og:description\" content=\"En la semana del 28 de abril, los precios de los principales mercados el\u00e9ctricos europeos bajaron en comparaci\u00f3n con la semana anterior.\" \/>\n<meta property=\"og:url\" content=\"https:\/\/aleasoft.com\/es\/precios-mercados-electricos-europeos-bajan-renovables-gas\/\" \/>\n<meta property=\"og:site_name\" content=\"AleaSoft Energy Forecasting\" \/>\n<meta property=\"article:publisher\" content=\"https:\/\/www.facebook.com\/AleaSoft\/\" \/>\n<meta property=\"article:published_time\" content=\"2025-05-05T12:57:08+00:00\" \/>\n<meta property=\"article:modified_time\" content=\"2025-05-05T13:01:19+00:00\" \/>\n<meta property=\"og:image\" content=\"https:\/\/aleasoft.com\/wp-content\/uploads\/2025\/05\/20250505-AleaSoft-Precios-mercados-europeos-electricidad.png\" \/>\n\t<meta property=\"og:image:width\" content=\"2048\" \/>\n\t<meta property=\"og:image:height\" content=\"1426\" \/>\n\t<meta property=\"og:image:type\" content=\"image\/png\" \/>\n<meta name=\"author\" content=\"AleaSoft Energy Forecasting\" \/>\n<meta name=\"twitter:card\" content=\"summary_large_image\" \/>\n<meta name=\"twitter:creator\" content=\"@AleaSoftEnergy\" \/>\n<meta name=\"twitter:site\" content=\"@AleaSoftEnergy\" \/>\n<meta name=\"twitter:label1\" content=\"Escrito por\" \/>\n\t<meta name=\"twitter:data1\" content=\"AleaSoft Energy Forecasting\" \/>\n\t<meta name=\"twitter:label2\" content=\"Tiempo de lectura\" \/>\n\t<meta name=\"twitter:data2\" content=\"10 minutos\" \/>\n<script type=\"application\/ld+json\" class=\"yoast-schema-graph\">{\"@context\":\"https:\\\/\\\/schema.org\",\"@graph\":[{\"@type\":\"Article\",\"@id\":\"https:\\\/\\\/aleasoft.com\\\/es\\\/precios-mercados-electricos-europeos-bajan-renovables-gas\\\/#article\",\"isPartOf\":{\"@id\":\"https:\\\/\\\/aleasoft.com\\\/es\\\/precios-mercados-electricos-europeos-bajan-renovables-gas\\\/\"},\"author\":{\"name\":\"AleaSoft Energy Forecasting\",\"@id\":\"https:\\\/\\\/aleasoft.com\\\/#\\\/schema\\\/person\\\/a04e0c08213b14a8b93a577183bdeaf0\"},\"headline\":\"El tir\u00f3n renovable y la bajada del gas empujan a la baja los precios de los mercados el\u00e9ctricos europeos en la primera semana de mayo\",\"datePublished\":\"2025-05-05T12:57:08+00:00\",\"dateModified\":\"2025-05-05T13:01:19+00:00\",\"mainEntityOfPage\":{\"@id\":\"https:\\\/\\\/aleasoft.com\\\/es\\\/precios-mercados-electricos-europeos-bajan-renovables-gas\\\/\"},\"wordCount\":2364,\"publisher\":{\"@id\":\"https:\\\/\\\/aleasoft.com\\\/#organization\"},\"image\":{\"@id\":\"https:\\\/\\\/aleasoft.com\\\/es\\\/precios-mercados-electricos-europeos-bajan-renovables-gas\\\/#primaryimage\"},\"thumbnailUrl\":\"https:\\\/\\\/aleasoft.com\\\/wp-content\\\/uploads\\\/2025\\\/05\\\/20250505-AleaSoft-Precios-mercados-europeos-electricidad.png\",\"keywords\":[\"Demanda\",\"E\u00f3lica\",\"Fotovoltaica\",\"Mercados\",\"Precios Brent\",\"Precios CO2\",\"Precios gas\"],\"articleSection\":[\"An\u00e1lisis semanal\",\"Noticias\"],\"inLanguage\":\"es\"},{\"@type\":\"WebPage\",\"@id\":\"https:\\\/\\\/aleasoft.com\\\/es\\\/precios-mercados-electricos-europeos-bajan-renovables-gas\\\/\",\"url\":\"https:\\\/\\\/aleasoft.com\\\/es\\\/precios-mercados-electricos-europeos-bajan-renovables-gas\\\/\",\"name\":\"El tir\u00f3n renovable y la bajada del gas empujan a la baja los precios de los mercados el\u00e9ctricos europeos en la primera semana de mayo - AleaSoft Energy Forecasting\",\"isPartOf\":{\"@id\":\"https:\\\/\\\/aleasoft.com\\\/#website\"},\"primaryImageOfPage\":{\"@id\":\"https:\\\/\\\/aleasoft.com\\\/es\\\/precios-mercados-electricos-europeos-bajan-renovables-gas\\\/#primaryimage\"},\"image\":{\"@id\":\"https:\\\/\\\/aleasoft.com\\\/es\\\/precios-mercados-electricos-europeos-bajan-renovables-gas\\\/#primaryimage\"},\"thumbnailUrl\":\"https:\\\/\\\/aleasoft.com\\\/wp-content\\\/uploads\\\/2025\\\/05\\\/20250505-AleaSoft-Precios-mercados-europeos-electricidad.png\",\"datePublished\":\"2025-05-05T12:57:08+00:00\",\"dateModified\":\"2025-05-05T13:01:19+00:00\",\"description\":\"En la semana del 28 de abril, los precios de los principales mercados el\u00e9ctricos europeos bajaron en comparaci\u00f3n con la semana anterior.\",\"breadcrumb\":{\"@id\":\"https:\\\/\\\/aleasoft.com\\\/es\\\/precios-mercados-electricos-europeos-bajan-renovables-gas\\\/#breadcrumb\"},\"inLanguage\":\"es\",\"potentialAction\":[{\"@type\":\"ReadAction\",\"target\":[\"https:\\\/\\\/aleasoft.com\\\/es\\\/precios-mercados-electricos-europeos-bajan-renovables-gas\\\/\"]}]},{\"@type\":\"ImageObject\",\"inLanguage\":\"es\",\"@id\":\"https:\\\/\\\/aleasoft.com\\\/es\\\/precios-mercados-electricos-europeos-bajan-renovables-gas\\\/#primaryimage\",\"url\":\"https:\\\/\\\/aleasoft.com\\\/wp-content\\\/uploads\\\/2025\\\/05\\\/20250505-AleaSoft-Precios-mercados-europeos-electricidad.png\",\"contentUrl\":\"https:\\\/\\\/aleasoft.com\\\/wp-content\\\/uploads\\\/2025\\\/05\\\/20250505-AleaSoft-Precios-mercados-europeos-electricidad.png\",\"width\":2048,\"height\":1426},{\"@type\":\"BreadcrumbList\",\"@id\":\"https:\\\/\\\/aleasoft.com\\\/es\\\/precios-mercados-electricos-europeos-bajan-renovables-gas\\\/#breadcrumb\",\"itemListElement\":[{\"@type\":\"ListItem\",\"position\":1,\"name\":\"Home\",\"item\":\"https:\\\/\\\/aleasoft.com\\\/es\\\/\"},{\"@type\":\"ListItem\",\"position\":2,\"name\":\"El tir\u00f3n renovable y la bajada del gas empujan a la baja los precios de los mercados el\u00e9ctricos europeos en la primera semana de mayo\"}]},{\"@type\":\"WebSite\",\"@id\":\"https:\\\/\\\/aleasoft.com\\\/#website\",\"url\":\"https:\\\/\\\/aleasoft.com\\\/\",\"name\":\"AleaSoft Energy Forecasting\",\"description\":\"Energy Forecasting\",\"publisher\":{\"@id\":\"https:\\\/\\\/aleasoft.com\\\/#organization\"},\"potentialAction\":[{\"@type\":\"SearchAction\",\"target\":{\"@type\":\"EntryPoint\",\"urlTemplate\":\"https:\\\/\\\/aleasoft.com\\\/?s={search_term_string}\"},\"query-input\":{\"@type\":\"PropertyValueSpecification\",\"valueRequired\":true,\"valueName\":\"search_term_string\"}}],\"inLanguage\":\"es\"},{\"@type\":\"Organization\",\"@id\":\"https:\\\/\\\/aleasoft.com\\\/#organization\",\"name\":\"AleaSoft Energy Forecasting\",\"url\":\"https:\\\/\\\/aleasoft.com\\\/\",\"logo\":{\"@type\":\"ImageObject\",\"inLanguage\":\"es\",\"@id\":\"https:\\\/\\\/aleasoft.com\\\/#\\\/schema\\\/logo\\\/image\\\/\",\"url\":\"https:\\\/\\\/aleasoft.com\\\/wp-content\\\/uploads\\\/2020\\\/01\\\/logo-alea-25.svg\",\"contentUrl\":\"https:\\\/\\\/aleasoft.com\\\/wp-content\\\/uploads\\\/2020\\\/01\\\/logo-alea-25.svg\",\"width\":7047,\"height\":1416,\"caption\":\"AleaSoft Energy Forecasting\"},\"image\":{\"@id\":\"https:\\\/\\\/aleasoft.com\\\/#\\\/schema\\\/logo\\\/image\\\/\"},\"sameAs\":[\"https:\\\/\\\/www.facebook.com\\\/AleaSoft\\\/\",\"https:\\\/\\\/x.com\\\/AleaSoftEnergy\",\"https:\\\/\\\/www.linkedin.com\\\/company\\\/aleasoft\\\/\"]},{\"@type\":\"Person\",\"@id\":\"https:\\\/\\\/aleasoft.com\\\/#\\\/schema\\\/person\\\/a04e0c08213b14a8b93a577183bdeaf0\",\"name\":\"AleaSoft Energy Forecasting\",\"image\":{\"@type\":\"ImageObject\",\"inLanguage\":\"es\",\"@id\":\"https:\\\/\\\/secure.gravatar.com\\\/avatar\\\/ed06b57a5c50e4941e805c13a40b4f0c833747a8db3a9d8d16929cbf232e8e0a?s=96&d=mm&r=g\",\"url\":\"https:\\\/\\\/secure.gravatar.com\\\/avatar\\\/ed06b57a5c50e4941e805c13a40b4f0c833747a8db3a9d8d16929cbf232e8e0a?s=96&d=mm&r=g\",\"contentUrl\":\"https:\\\/\\\/secure.gravatar.com\\\/avatar\\\/ed06b57a5c50e4941e805c13a40b4f0c833747a8db3a9d8d16929cbf232e8e0a?s=96&d=mm&r=g\",\"caption\":\"AleaSoft Energy Forecasting\"},\"sameAs\":[\"http:\\\/\\\/aleasoft.com\"]}]}<\/script>\n<!-- \/ Yoast SEO Premium plugin. -->","yoast_head_json":{"title":"El tir\u00f3n renovable y la bajada del gas empujan a la baja los precios de los mercados el\u00e9ctricos europeos en la primera semana de mayo - AleaSoft Energy Forecasting","description":"En la semana del 28 de abril, los precios de los principales mercados el\u00e9ctricos europeos bajaron en comparaci\u00f3n con la semana anterior.","robots":{"index":"index","follow":"follow","max-snippet":"max-snippet:-1","max-image-preview":"max-image-preview:large","max-video-preview":"max-video-preview:-1"},"canonical":"https:\/\/aleasoft.com\/es\/precios-mercados-electricos-europeos-bajan-renovables-gas\/","og_locale":"es_ES","og_type":"article","og_title":"El tir\u00f3n renovable y la bajada del gas empujan a la baja los precios de los mercados el\u00e9ctricos europeos en la primera semana de mayo","og_description":"En la semana del 28 de abril, los precios de los principales mercados el\u00e9ctricos europeos bajaron en comparaci\u00f3n con la semana anterior.","og_url":"https:\/\/aleasoft.com\/es\/precios-mercados-electricos-europeos-bajan-renovables-gas\/","og_site_name":"AleaSoft Energy Forecasting","article_publisher":"https:\/\/www.facebook.com\/AleaSoft\/","article_published_time":"2025-05-05T12:57:08+00:00","article_modified_time":"2025-05-05T13:01:19+00:00","og_image":[{"width":2048,"height":1426,"url":"https:\/\/aleasoft.com\/wp-content\/uploads\/2025\/05\/20250505-AleaSoft-Precios-mercados-europeos-electricidad.png","type":"image\/png"}],"author":"AleaSoft Energy Forecasting","twitter_card":"summary_large_image","twitter_creator":"@AleaSoftEnergy","twitter_site":"@AleaSoftEnergy","twitter_misc":{"Escrito por":"AleaSoft Energy Forecasting","Tiempo de lectura":"10 minutos"},"schema":{"@context":"https:\/\/schema.org","@graph":[{"@type":"Article","@id":"https:\/\/aleasoft.com\/es\/precios-mercados-electricos-europeos-bajan-renovables-gas\/#article","isPartOf":{"@id":"https:\/\/aleasoft.com\/es\/precios-mercados-electricos-europeos-bajan-renovables-gas\/"},"author":{"name":"AleaSoft Energy Forecasting","@id":"https:\/\/aleasoft.com\/#\/schema\/person\/a04e0c08213b14a8b93a577183bdeaf0"},"headline":"El tir\u00f3n renovable y la bajada del gas empujan a la baja los precios de los mercados el\u00e9ctricos europeos en la primera semana de mayo","datePublished":"2025-05-05T12:57:08+00:00","dateModified":"2025-05-05T13:01:19+00:00","mainEntityOfPage":{"@id":"https:\/\/aleasoft.com\/es\/precios-mercados-electricos-europeos-bajan-renovables-gas\/"},"wordCount":2364,"publisher":{"@id":"https:\/\/aleasoft.com\/#organization"},"image":{"@id":"https:\/\/aleasoft.com\/es\/precios-mercados-electricos-europeos-bajan-renovables-gas\/#primaryimage"},"thumbnailUrl":"https:\/\/aleasoft.com\/wp-content\/uploads\/2025\/05\/20250505-AleaSoft-Precios-mercados-europeos-electricidad.png","keywords":["Demanda","E\u00f3lica","Fotovoltaica","Mercados","Precios Brent","Precios CO2","Precios gas"],"articleSection":["An\u00e1lisis semanal","Noticias"],"inLanguage":"es"},{"@type":"WebPage","@id":"https:\/\/aleasoft.com\/es\/precios-mercados-electricos-europeos-bajan-renovables-gas\/","url":"https:\/\/aleasoft.com\/es\/precios-mercados-electricos-europeos-bajan-renovables-gas\/","name":"El tir\u00f3n renovable y la bajada del gas empujan a la baja los precios de los mercados el\u00e9ctricos europeos en la primera semana de mayo - AleaSoft Energy Forecasting","isPartOf":{"@id":"https:\/\/aleasoft.com\/#website"},"primaryImageOfPage":{"@id":"https:\/\/aleasoft.com\/es\/precios-mercados-electricos-europeos-bajan-renovables-gas\/#primaryimage"},"image":{"@id":"https:\/\/aleasoft.com\/es\/precios-mercados-electricos-europeos-bajan-renovables-gas\/#primaryimage"},"thumbnailUrl":"https:\/\/aleasoft.com\/wp-content\/uploads\/2025\/05\/20250505-AleaSoft-Precios-mercados-europeos-electricidad.png","datePublished":"2025-05-05T12:57:08+00:00","dateModified":"2025-05-05T13:01:19+00:00","description":"En la semana del 28 de abril, los precios de los principales mercados el\u00e9ctricos europeos bajaron en comparaci\u00f3n con la semana anterior.","breadcrumb":{"@id":"https:\/\/aleasoft.com\/es\/precios-mercados-electricos-europeos-bajan-renovables-gas\/#breadcrumb"},"inLanguage":"es","potentialAction":[{"@type":"ReadAction","target":["https:\/\/aleasoft.com\/es\/precios-mercados-electricos-europeos-bajan-renovables-gas\/"]}]},{"@type":"ImageObject","inLanguage":"es","@id":"https:\/\/aleasoft.com\/es\/precios-mercados-electricos-europeos-bajan-renovables-gas\/#primaryimage","url":"https:\/\/aleasoft.com\/wp-content\/uploads\/2025\/05\/20250505-AleaSoft-Precios-mercados-europeos-electricidad.png","contentUrl":"https:\/\/aleasoft.com\/wp-content\/uploads\/2025\/05\/20250505-AleaSoft-Precios-mercados-europeos-electricidad.png","width":2048,"height":1426},{"@type":"BreadcrumbList","@id":"https:\/\/aleasoft.com\/es\/precios-mercados-electricos-europeos-bajan-renovables-gas\/#breadcrumb","itemListElement":[{"@type":"ListItem","position":1,"name":"Home","item":"https:\/\/aleasoft.com\/es\/"},{"@type":"ListItem","position":2,"name":"El tir\u00f3n renovable y la bajada del gas empujan a la baja los precios de los mercados el\u00e9ctricos europeos en la primera semana de mayo"}]},{"@type":"WebSite","@id":"https:\/\/aleasoft.com\/#website","url":"https:\/\/aleasoft.com\/","name":"AleaSoft Energy Forecasting","description":"Energy Forecasting","publisher":{"@id":"https:\/\/aleasoft.com\/#organization"},"potentialAction":[{"@type":"SearchAction","target":{"@type":"EntryPoint","urlTemplate":"https:\/\/aleasoft.com\/?s={search_term_string}"},"query-input":{"@type":"PropertyValueSpecification","valueRequired":true,"valueName":"search_term_string"}}],"inLanguage":"es"},{"@type":"Organization","@id":"https:\/\/aleasoft.com\/#organization","name":"AleaSoft Energy Forecasting","url":"https:\/\/aleasoft.com\/","logo":{"@type":"ImageObject","inLanguage":"es","@id":"https:\/\/aleasoft.com\/#\/schema\/logo\/image\/","url":"https:\/\/aleasoft.com\/wp-content\/uploads\/2020\/01\/logo-alea-25.svg","contentUrl":"https:\/\/aleasoft.com\/wp-content\/uploads\/2020\/01\/logo-alea-25.svg","width":7047,"height":1416,"caption":"AleaSoft Energy Forecasting"},"image":{"@id":"https:\/\/aleasoft.com\/#\/schema\/logo\/image\/"},"sameAs":["https:\/\/www.facebook.com\/AleaSoft\/","https:\/\/x.com\/AleaSoftEnergy","https:\/\/www.linkedin.com\/company\/aleasoft\/"]},{"@type":"Person","@id":"https:\/\/aleasoft.com\/#\/schema\/person\/a04e0c08213b14a8b93a577183bdeaf0","name":"AleaSoft Energy Forecasting","image":{"@type":"ImageObject","inLanguage":"es","@id":"https:\/\/secure.gravatar.com\/avatar\/ed06b57a5c50e4941e805c13a40b4f0c833747a8db3a9d8d16929cbf232e8e0a?s=96&d=mm&r=g","url":"https:\/\/secure.gravatar.com\/avatar\/ed06b57a5c50e4941e805c13a40b4f0c833747a8db3a9d8d16929cbf232e8e0a?s=96&d=mm&r=g","contentUrl":"https:\/\/secure.gravatar.com\/avatar\/ed06b57a5c50e4941e805c13a40b4f0c833747a8db3a9d8d16929cbf232e8e0a?s=96&d=mm&r=g","caption":"AleaSoft Energy Forecasting"},"sameAs":["http:\/\/aleasoft.com"]}]}},"_links":{"self":[{"href":"https:\/\/aleasoft.com\/es\/wp-json\/wp\/v2\/posts\/156387","targetHints":{"allow":["GET"]}}],"collection":[{"href":"https:\/\/aleasoft.com\/es\/wp-json\/wp\/v2\/posts"}],"about":[{"href":"https:\/\/aleasoft.com\/es\/wp-json\/wp\/v2\/types\/post"}],"author":[{"embeddable":true,"href":"https:\/\/aleasoft.com\/es\/wp-json\/wp\/v2\/users\/5"}],"replies":[{"embeddable":true,"href":"https:\/\/aleasoft.com\/es\/wp-json\/wp\/v2\/comments?post=156387"}],"version-history":[{"count":0,"href":"https:\/\/aleasoft.com\/es\/wp-json\/wp\/v2\/posts\/156387\/revisions"}],"wp:featuredmedia":[{"embeddable":true,"href":"https:\/\/aleasoft.com\/es\/wp-json\/wp\/v2\/media\/156407"}],"wp:attachment":[{"href":"https:\/\/aleasoft.com\/es\/wp-json\/wp\/v2\/media?parent=156387"}],"wp:term":[{"taxonomy":"category","embeddable":true,"href":"https:\/\/aleasoft.com\/es\/wp-json\/wp\/v2\/categories?post=156387"},{"taxonomy":"post_tag","embeddable":true,"href":"https:\/\/aleasoft.com\/es\/wp-json\/wp\/v2\/tags?post=156387"}],"curies":[{"name":"wp","href":"https:\/\/api.w.org\/{rel}","templated":true}]}}