{"id":159398,"date":"2025-08-18T15:06:09","date_gmt":"2025-08-18T13:06:09","guid":{"rendered":"https:\/\/aleasoft.com\/?p=159398"},"modified":"2025-08-18T15:06:15","modified_gmt":"2025-08-18T13:06:15","slug":"aumento-demanda-impulsa-precios-mercados-electricos-europeos","status":"publish","type":"post","link":"https:\/\/aleasoft.com\/es\/aumento-demanda-impulsa-precios-mercados-electricos-europeos\/","title":{"rendered":"El aumento de la demanda por la ola de calor impulsa los precios en los mercados el\u00e9ctricos europeos en la segunda semana de agosto"},"content":{"rendered":"<p><strong>AleaSoft Energy Forecasting, 18 de agosto de 2025. En la semana del 11 de agosto, Alemania y Francia marcaron r\u00e9cords de producci\u00f3n solar fotovoltaica. La generaci\u00f3n e\u00f3lica aument\u00f3 en Portugal y Francia, mientras que en Alemania, Italia y Espa\u00f1a se redujo. La demanda el\u00e9ctrica creci\u00f3 en la mayor\u00eda de los mercados europeos, a consecuencia de temperaturas m\u00e1s altas, lo que impuls\u00f3 al alza los precios en los mercados el\u00e9ctricos europeos. Los futuros del gas TTF alcanzaron sus m\u00ednimos desde julio de 2024.<\/strong><\/p>\n<h2>Producci\u00f3n solar fotovoltaica y producci\u00f3n e\u00f3lica<\/h2>\n<p>Durante la semana del 11 de agosto, la <strong>producci\u00f3n solar fotovoltaica<\/strong> aument\u00f3 en los mercados el\u00e9ctricos de Francia y Alemania por tercera semana consecutiva en comparaci\u00f3n con la semana anterior. El mercado franc\u00e9s registr\u00f3 el mayor incremento, del 13%, mientras que en el alem\u00e1n subi\u00f3 un 8,0%. Por el contrario, en los mercados del sur de Europa, la tendencia alcista de la semana anterior se invirti\u00f3. El mercado italiano present\u00f3 la mayor ca\u00edda, del 9,3%, seguido por los descensos del 5,8% y del 4,7% en los mercados portugu\u00e9s y espa\u00f1ol, respectivamente.<\/p>\n<p>Francia y Alemania tambi\u00e9n alcanzaron nuevos valores hist\u00f3ricos de producci\u00f3n solar fotovoltaica diaria para el mes de agosto, superando los r\u00e9cords de la semana anterior. El lunes 11 de agosto, los mercados alem\u00e1n y franc\u00e9s generaron 437\u00a0GWh y 155\u00a0GWh, respectivamente.<\/p>\n<p>Seg\u00fan las <a href=\"https:\/\/aleasoft.com\/es\/productos-y-servicios\/previsiones-de-energia-solar\/\">previsiones de producci\u00f3n solar<\/a> de <strong>AleaSoft Energy Forecasting <\/strong>para la semana del 18 de agosto, la generaci\u00f3n con solar fotovoltaica aumentar\u00e1 en el mercado espa\u00f1ol. Por el contrario, se prev\u00e9 que disminuya en los mercados italiano y alem\u00e1n.<\/p>\n<p><div style='margin-top: 20px;margin-bottom: 20px;'><a title='AleaSoft - Produccion fotovoltaica electricidad Europa' href='https:\/\/aleasoft.com\/wp-content\/uploads\/2025\/08\/20250818-AleaSoft-Produccion-fotovoltaica-electricidad-Europa.png'><img class='aligncenter' src='https:\/\/aleasoft.com\/wp-content\/uploads\/2025\/08\/20250818-AleaSoft-Produccion-fotovoltaica-electricidad-Europa.png' alt='AleaSoft - Produccion fotovoltaica electricidad Europa' width='740'\/><\/a><span style='font-size: small;'>Fuente: Elaborado por AleaSoft Energy Forecasting con datos de ENTSO-E, RTE, REN, REE y TERNA.<\/span><\/div><br \/>\n<div style='margin-top: 20px;margin-bottom: 20px;'><a title='AleaSoft - Perfil produccion solar fotovoltaica Europa' href='https:\/\/aleasoft.com\/wp-content\/uploads\/2025\/08\/20250818-AleaSoft-Perfil-produccion-solar-fotovoltaica-Europa.png'><img class='aligncenter' src='https:\/\/aleasoft.com\/wp-content\/uploads\/2025\/08\/20250818-AleaSoft-Perfil-produccion-solar-fotovoltaica-Europa.png' alt='AleaSoft - Perfil produccion solar fotovoltaica Europa' width='740'\/><\/a><span style='font-size: small;'>Fuente: Elaborado por AleaSoft Energy Forecasting con datos de ENTSO-E, RTE, REN, REE y TERNA.<\/span><\/div><\/p>\n<p>En la segunda semana de agosto, la <strong>producci\u00f3n e\u00f3lica<\/strong> aument\u00f3 en los mercados de Portugal y Francia en comparaci\u00f3n con la semana anterior. El mercado portugu\u00e9s registr\u00f3 un incremento del 53%, mientras que el franc\u00e9s subi\u00f3 un 48%, revirtiendo las ca\u00eddas de las \u00faltimas dos y tres semanas, respectivamente. Por el contrario, los mercados alem\u00e1n, italiano y espa\u00f1ol continuaron a la baja por segunda semana consecutiva. El mercado alem\u00e1n sufri\u00f3 el mayor descenso, del 42%, mientras que los mercados espa\u00f1ol e italiano registraron bajadas del 25% y del 30%, respectivamente.<\/p>\n<p>Para la semana del 18 de agosto, seg\u00fan las <a href=\"https:\/\/aleasoft.com\/es\/productos-y-servicios\/previsiones-energia-eolica\/\">previsiones de producci\u00f3n e\u00f3lica<\/a> de <strong>AleaSoft Energy Forecasting,<\/strong> la generaci\u00f3n con esta tecnolog\u00eda aumentar\u00e1 en los mercados alem\u00e1n, espa\u00f1ol, portugu\u00e9s e italiano. Por el contrario, descender\u00e1 en el mercado franc\u00e9s.<\/p>\n<div style='margin-top: 20px;margin-bottom: 20px;'><a title='AleaSoft - Produccion eolica electricidad Europa' href='https:\/\/aleasoft.com\/wp-content\/uploads\/2025\/08\/20250818-AleaSoft-Produccion-eolica-electricidad-Europa.png'><img class='aligncenter' src='https:\/\/aleasoft.com\/wp-content\/uploads\/2025\/08\/20250818-AleaSoft-Produccion-eolica-electricidad-Europa.png' alt='AleaSoft - Produccion eolica electricidad Europa' width='740'\/><\/a><span style='font-size: small;'>Fuente: Elaborado por AleaSoft Energy Forecasting con datos de ENTSO-E, RTE, REN, REE y TERNA.<\/span><\/div>\n<h2>Demanda el\u00e9ctrica<\/h2>\n<p>En la semana del 11 de agosto, la <strong>demanda el\u00e9ctrica<\/strong> aument\u00f3 en la mayor\u00eda de los principales mercados europeos en comparaci\u00f3n con la semana anterior. Tras tres semanas de descensos, el mercado brit\u00e1nico registr\u00f3 el mayor incremento, del 12%. El mercado belga mantuvo la tendencia alcista de las dos semanas anteriores con un aumento del 6,2%. Los mercados alem\u00e1n y franc\u00e9s invirtieron las ca\u00eddas de las \u00faltimas dos y tres semanas, respectivamente, con subidas del 3,0% y del 4,3%. La demanda en el mercado espa\u00f1ol creci\u00f3 por segunda semana consecutiva, esta vez un 1,5%. Los mercados portugu\u00e9s e italiano constituyeron la excepci\u00f3n. El mercado portugu\u00e9s encaden\u00f3 su segunda ca\u00edda consecutiva con un descenso del 3,5%. Mientras tanto, el mercado italiano retrocedi\u00f3 un 1,4% y prolong\u00f3 la tendencia negativa de las \u00faltimas tres semanas.<\/p>\n<p>El aumento de las <strong>temperaturas medias<\/strong> durante la semana en todos los mercados analizados impuls\u00f3 la demanda en la mayor\u00eda de ellos. Los incrementos en las temperaturas medias oscilaron entre 2,0 \u00b0C en Espa\u00f1a y 3,3 \u00b0C en Francia.<\/p>\n<p>Los incrementos de la demanda intersemanal se mantuvieron a pesar del festivo nacional del 15 de agosto, la Asunci\u00f3n de la Virgen, que se celebra en Espa\u00f1a, B\u00e9lgica, Francia, Italia y Portugal, debido a la ola de calor que afect\u00f3 a varios de estos pa\u00edses durante la semana.<\/p>\n<p>Para la semana del 18 de agosto, seg\u00fan las <a href=\"https:\/\/aleasoft.com\/es\/productos-y-servicios\/previsiones-de-la-demanda-de-energia\/\">previsiones de demanda<\/a> de <strong>AleaSoft Energy Forecasting<\/strong>,<br \/>\nla demanda aumentar\u00e1 en los mercados alem\u00e1n, espa\u00f1ol e italiano, mientras que se prev\u00e9n descensos en los mercados franc\u00e9s, portugu\u00e9s, brit\u00e1nico y belga.<\/p>\n<div style='margin-top: 20px;margin-bottom: 20px;'><a title='AleaSoft - Demanda electricidad paises Europa' href='https:\/\/aleasoft.com\/wp-content\/uploads\/2025\/08\/20250818-AleaSoft-Demanda-electricidad-paises-Europa.png'><img class='aligncenter' src='https:\/\/aleasoft.com\/wp-content\/uploads\/2025\/08\/20250818-AleaSoft-Demanda-electricidad-paises-Europa.png' alt='AleaSoft - Demanda electricidad paises Europa' width='740'\/><\/a><span style='font-size: small;'>Fuente: Elaborado por AleaSoft Energy Forecasting con datos de ENTSO-E, RTE, REN, REE, TERNA, National Grid y ELIA.<\/span><\/div>\n<h2>Mercados el\u00e9ctricos europeos<\/h2>\n<p>En la segunda semana de agosto, los precios promedio de los principales mercados el\u00e9ctricos europeos subieron respecto a la semana anterior. El <strong>mercado IPEX <\/strong>de Italia y el <strong>mercado MIBEL<\/strong> de Portugal y Espa\u00f1a registraron los menores incrementos, del 4,9%, el 20% y el 22%, respectivamente. En cambio, el <strong>mercado Nord\u00a0Pool<\/strong> de los pa\u00edses n\u00f3rdicos registr\u00f3 la mayor subida porcentual de precios, del 293%. En el resto de los mercados analizados en <strong>AleaSoft Energy Forecasting<\/strong>, los precios subieron entre el 37% del <strong>mercado EPEX\u00a0SPOT<\/strong> de Alemania y el 62% del mercado EPEX\u00a0SPOT de Francia.<\/p>\n<p>En la semana del 11 de agosto, los promedios semanales fueron superiores a 75\u00a0\u20ac\/MWh en la mayor\u00eda de los mercados el\u00e9ctricos europeos. Las excepciones fueron los mercados n\u00f3rdico y franc\u00e9s, cuyos promedios fueron de 28,00\u00a0\u20ac\/MWh y 66,34\u00a0\u20ac\/MWh, respectivamente. En cambio, el mercado italiano alcanz\u00f3 el mayor promedio semanal, de 113,27\u00a0\u20ac\/MWh. En el resto de los mercados analizados en <strong>AleaSoft Energy Forecasting<\/strong>, los precios estuvieron entre los 77,06\u00a0\u20ac\/MWh del mercado belga y los 96,18\u00a0\u20ac\/MWh del <strong>mercado N2EX <\/strong>del Reino Unido.<\/p>\n<p>Por lo que respecta a los precios diarios, el s\u00e1bado 16 de agosto, el mercado n\u00f3rdico alcanz\u00f3 el menor promedio de la semana entre los mercados analizados, de 4,55\u00a0\u20ac\/MWh. En cambio, el 13 de agosto, este mercado registr\u00f3 su precio m\u00e1s elevado desde el 10 de mayo, de 63,56\u00a0\u20ac\/MWh. Por otra parte, los precios diarios del mercado italiano se mantuvieron por encima de 100\u00a0\u20ac\/MWh durante la segunda semana de agosto. Los precios de los mercados brit\u00e1nico, espa\u00f1ol y portugu\u00e9s tambi\u00e9n superaron los 100\u00a0\u20ac\/MWh el 13 de agosto, mientras que los mercados alem\u00e1n, brit\u00e1nico y neerland\u00e9s registraron precios diarios por encima de 100\u00a0\u20ac\/MWh el 14 de agosto. El d\u00eda 13 de agosto el mercado italiano alcanz\u00f3 el promedio diario m\u00e1s elevado de la semana, de 118,47\u00a0\u20ac\/MWh.<\/p>\n<p>En cuanto a los precios horarios, los d\u00edas 13 y 14 de agosto, los mercados alem\u00e1n, belga y neerland\u00e9s registraron precios horarios superiores a 200\u00a0\u20ac\/MWh. El jueves 14 de agosto, de 20:00 a 21:00, el mercado alem\u00e1n alcanz\u00f3 el precio horario m\u00e1s alto de la semana, de 283,89\u00a0\u20ac\/MWh. Por otra parte, el d\u00eda 13 de agosto, de 20:00 a 21:00, el mercado n\u00f3rdico alcanz\u00f3 un precio de 96,93\u00a0\u20ac\/MWh. Este fue su precio m\u00e1s alto desde el 10 de mayo.<\/p>\n<p>En la semana del 11 de agosto, el incremento de la demanda y el descenso de la producci\u00f3n e\u00f3lica en la mayor\u00eda de los mercados propiciaron la subida de los precios en los mercados el\u00e9ctricos europeos. Adem\u00e1s, en los mercados espa\u00f1ol, italiano y portugu\u00e9s disminuy\u00f3 la producci\u00f3n solar, mientras que en el mercado franc\u00e9s baj\u00f3 la producci\u00f3n nuclear. Sin embargo, la ca\u00edda de la demanda en los mercados italiano y portugu\u00e9s contribuy\u00f3 a que estos mercados registrasen los menores incrementos porcentuales de precios.<\/p>\n<div style='margin-top: 20px;margin-bottom: 20px;'><a title='AleaSoft - Paneles Solares' href='https:\/\/aleasoft.com\/wp-content\/uploads\/2025\/08\/pexels-fotovoltaica24-scaled.jpg'><img class='aligncenter' src='https:\/\/aleasoft.com\/wp-content\/uploads\/2025\/08\/pexels-fotovoltaica24-scaled.jpg' alt='AleaSoft - Paneles Solares' width='740'\/><\/a><\/div>\n<p>Las <a href=\"https:\/\/aleasoft.com\/es\/productos-y-servicios\/previsiones-de-precios-de-energia\/\">previsiones de precios<\/a> de <strong>AleaSoft Energy Forecasting<\/strong> indican que, en la tercera semana de agosto, los precios bajar\u00e1n en la mayor\u00eda de los mercados el\u00e9ctricos europeos, influenciados por el incremento de la producci\u00f3n e\u00f3lica. Adem\u00e1s, la demanda disminuir\u00e1 en algunos mercados.<\/p>\n<div style='margin-top: 20px;margin-bottom: 20px;'><a title='AleaSoft - Precios mercados europeos electricidad' href='https:\/\/aleasoft.com\/wp-content\/uploads\/2025\/08\/20250818-AleaSoft-Precios-mercados-europeos-electricidad.png'><img class='aligncenter' src='https:\/\/aleasoft.com\/wp-content\/uploads\/2025\/08\/20250818-AleaSoft-Precios-mercados-europeos-electricidad.png' alt='AleaSoft - Precios mercados europeos electricidad' width='740'\/><\/a><span style='font-size: small;'>Fuente: Elaborado por AleaSoft Energy Forecasting con datos de OMIE, , Nord Pool y GME.<\/span><\/div>\n<h2>Brent, combustibles y CO<sub>2<\/sub><\/h2>\n<p>Los precios de cierre de los futuros de <strong>petr\u00f3leo Brent<\/strong> para el Front\u2011Month en el <strong>mercado ICE<\/strong> se mantuvieron por debajo de 67\u00a0$\/bbl durante la segunda semana de agosto. El 13 de agosto estos futuros registraron su precio de cierre m\u00ednimo semanal, de 65,63\u00a0$\/bbl. Seg\u00fan los datos analizados en <strong>AleaSoft Energy Forecasting<\/strong>, este precio fue el m\u00e1s bajo desde el 6 de junio. En cambio, tras una subida del 1,8% respecto al d\u00eda anterior, el 14 de agosto estos futuros alcanzaron su precio de cierre m\u00e1ximo semanal, de 66,84\u00a0$\/bbl. El viernes 15 de agosto, el precio de cierre fue de 65,85\u00a0$\/bbl. Este precio fue un 1,1% menor al del viernes anterior.<\/p>\n<p>La preocupaci\u00f3n por la evoluci\u00f3n de la demanda, as\u00ed como por el incremento de producci\u00f3n, ejerci\u00f3 su influencia a la baja sobre los precios de los futuros de petr\u00f3leo Brent en la segunda semana de agosto. Sin embargo, las amenazas del presidente estadounidense en caso de fracasar las negociaciones de paz para Ucrania contribuyeron al incremento de precios del jueves 14 de agosto.<\/p>\n<p>En cuanto a los futuros de <strong>gas TTF<\/strong> en el mercado ICE para el Front\u2011Month, alcanzaron su precio de cierre m\u00e1ximo semanal, de 33,00\u00a0\u20ac\/MWh, el lunes 11 de agosto. Posteriormente, los precios iniciaron una tendencia descendente. Como consecuencia, el viernes 15 de agosto, estos futuros registraron su precio de cierre m\u00ednimo semanal, de 31,03\u00a0\u20ac\/MWh. Seg\u00fan los datos analizados en <strong>AleaSoft Energy Forecasting<\/strong>, este precio fue un 4,4% menor al del viernes anterior y el m\u00e1s bajo desde el 11 de julio de 2024.<\/p>\n<p>A pesar del incremento de las temperaturas, el suministro abundante contribuy\u00f3 al descenso de los precios de los futuros de gas TTF en la segunda semana de agosto. Adem\u00e1s, las expectativas de un acuerdo de paz para Ucrania, que incrementar\u00eda la disponibilidad de gas a nivel global al levantarse sanciones al gas ruso, tambi\u00e9n ejercieron su influencia a la baja sobre los precios de estos futuros.<\/p>\n<p>Por lo que respecta a los futuros de <strong>derechos de emisi\u00f3n de CO<sub>2<\/sub><\/strong> en el <strong>mercado EEX<\/strong> para el contrato de referencia de diciembre de 2025, alcanzaron su precio de cierre m\u00e1ximo semanal, de 72,34\u00a0\u20ac\/t, el lunes 11 de agosto. Los precios de cierre bajaron en la mayor\u00eda de las sesiones de la segunda semana de agosto. El viernes 15 de agosto, estos futuros registraron su precio de cierre m\u00ednimo semanal, de 70,68\u00a0\u20ac\/t. Seg\u00fan los datos analizados en <strong>AleaSoft Energy Forecasting<\/strong>, este precio fue un 3,5% menor al del viernes anterior.<\/p>\n<div style='margin-top: 20px;margin-bottom: 20px;'><a title='AleaSoft - Precios gas carbon Brent CO2' href='https:\/\/aleasoft.com\/wp-content\/uploads\/2025\/08\/20250818-AleaSoft-Precios-gas-carbon-Brent-CO2.png'><img class='aligncenter' src='https:\/\/aleasoft.com\/wp-content\/uploads\/2025\/08\/20250818-AleaSoft-Precios-gas-carbon-Brent-CO2.png' alt='AleaSoft - Precios gas carbon Brent CO2' width='740'\/><\/a><span style='font-size: small;'>Fuente: Elaborado por AleaSoft Energy Forecasting con datos de ICE y EEX.<\/span><\/div>\n<h2>An\u00e1lisis de AleaSoft Energy Forecasting sobre las perspectivas de los mercados de energ\u00eda en Europa<\/h2>\n<p>El d\u00eda 18 de septiembre <strong>AleaSoft Energy Forecasting<\/strong> celebrar\u00e1 el <a href=\"https:\/\/aleasoft.com\/es\/webinars-sobre-mercados-sector-energia\/almacenamiento-autoconsumo-septiembre-2025\/\">webinar n\u00famero 58<\/a> de su <a href=\"https:\/\/aleasoft.com\/es\/webinars-sobre-mercados-sector-energia\/\">serie de webinars mensuales<\/a>. Adem\u00e1s de la evoluci\u00f3n y perspectivas de los mercados de energ\u00eda europeos, el webinar analizar\u00e1 las perspectivas del <strong>almacenamiento de energ\u00eda<\/strong> con <strong>bater\u00edas<\/strong>, as\u00ed como la situaci\u00f3n actual y las perspectivas del <strong>autoconsumo<\/strong>. El evento incluir\u00e1 tambi\u00e9n una presentaci\u00f3n de los servicios de AleaSoft para comercializadoras.<\/p>\n<p>En la mesa de an\u00e1lisis participar\u00e1n Xavier Cugat, BESS Technical Director en <strong>Seraphim<\/strong>, Francisco Valverde, profesional independiente para el desarrollo de las energ\u00edas renovables y Alejandro Diego Rosell, Profesor en <strong>EOI<\/strong> y Consultor en <strong>Nuvix Consulting<\/strong>.<\/p>\n<p>Fuente: <strong>AleaSoft Energy Forecasting<\/strong>.<\/p>\n","protected":false},"excerpt":{"rendered":"<p>AleaSoft Energy Forecasting, 18 de agosto de 2025. En la semana del 11 de agosto, Alemania y Francia marcaron r\u00e9cords de producci\u00f3n solar fotovoltaica. La generaci\u00f3n e\u00f3lica aument\u00f3 en Portugal y Francia, mientras que en Alemania, Italia y Espa\u00f1a se redujo. La demanda el\u00e9ctrica creci\u00f3 en la mayor\u00eda de los mercados europeos, a consecuencia de [&hellip;]<\/p>\n","protected":false},"author":5,"featured_media":159418,"comment_status":"closed","ping_status":"closed","sticky":false,"template":"","format":"standard","meta":{"footnotes":""},"categories":[7573,568],"tags":[7569,7568,7567,7566,7571,7572,7570],"class_list":["post-159398","post","type-post","status-publish","format-standard","has-post-thumbnail","hentry","category-analisis-semanal","category-noticias","tag-demanda","tag-eolica","tag-fotovoltaica","tag-mercados","tag-precios-brent","tag-precios-co2","tag-precios-gas"],"yoast_head":"<!-- This site is optimized with the Yoast SEO Premium plugin v27.4 (Yoast SEO v27.4) - https:\/\/yoast.com\/product\/yoast-seo-premium-wordpress\/ -->\n<title>El aumento de la demanda por la ola de calor impulsa los precios en los mercados el\u00e9ctricos europeos en la segunda semana de agosto - AleaSoft Energy Forecasting<\/title>\n<meta name=\"description\" content=\"En la semana del 11 de agosto, Alemania y Francia marcaron r\u00e9cords de producci\u00f3n solar fotovoltaica.\" \/>\n<meta name=\"robots\" content=\"index, follow, max-snippet:-1, max-image-preview:large, max-video-preview:-1\" \/>\n<link rel=\"canonical\" href=\"https:\/\/aleasoft.com\/es\/aumento-demanda-impulsa-precios-mercados-electricos-europeos\/\" \/>\n<meta property=\"og:locale\" content=\"es_ES\" \/>\n<meta property=\"og:type\" content=\"article\" \/>\n<meta property=\"og:title\" content=\"El aumento de la demanda por la ola de calor impulsa los precios en los mercados el\u00e9ctricos europeos en la segunda semana de agosto\" \/>\n<meta property=\"og:description\" content=\"En la semana del 11 de agosto, Alemania y Francia marcaron r\u00e9cords de producci\u00f3n solar fotovoltaica.\" \/>\n<meta property=\"og:url\" content=\"https:\/\/aleasoft.com\/es\/aumento-demanda-impulsa-precios-mercados-electricos-europeos\/\" \/>\n<meta property=\"og:site_name\" content=\"AleaSoft Energy Forecasting\" \/>\n<meta property=\"article:publisher\" content=\"https:\/\/www.facebook.com\/AleaSoft\/\" \/>\n<meta property=\"article:published_time\" content=\"2025-08-18T13:06:09+00:00\" \/>\n<meta property=\"article:modified_time\" content=\"2025-08-18T13:06:15+00:00\" \/>\n<meta property=\"og:image\" content=\"https:\/\/aleasoft.com\/wp-content\/uploads\/2025\/08\/20250818-AleaSoft-Precios-mercados-europeos-electricidad.png\" \/>\n\t<meta property=\"og:image:width\" content=\"730\" \/>\n\t<meta property=\"og:image:height\" content=\"509\" \/>\n\t<meta property=\"og:image:type\" content=\"image\/png\" \/>\n<meta name=\"author\" content=\"AleaSoft Energy Forecasting\" \/>\n<meta name=\"twitter:card\" content=\"summary_large_image\" \/>\n<meta name=\"twitter:creator\" content=\"@AleaSoftEnergy\" \/>\n<meta name=\"twitter:site\" content=\"@AleaSoftEnergy\" \/>\n<meta name=\"twitter:label1\" content=\"Escrito por\" \/>\n\t<meta name=\"twitter:data1\" content=\"AleaSoft Energy Forecasting\" \/>\n\t<meta name=\"twitter:label2\" content=\"Tiempo de lectura\" \/>\n\t<meta name=\"twitter:data2\" content=\"9 minutos\" \/>\n<script type=\"application\/ld+json\" class=\"yoast-schema-graph\">{\"@context\":\"https:\\\/\\\/schema.org\",\"@graph\":[{\"@type\":\"Article\",\"@id\":\"https:\\\/\\\/aleasoft.com\\\/es\\\/aumento-demanda-impulsa-precios-mercados-electricos-europeos\\\/#article\",\"isPartOf\":{\"@id\":\"https:\\\/\\\/aleasoft.com\\\/es\\\/aumento-demanda-impulsa-precios-mercados-electricos-europeos\\\/\"},\"author\":{\"name\":\"AleaSoft Energy Forecasting\",\"@id\":\"https:\\\/\\\/aleasoft.com\\\/#\\\/schema\\\/person\\\/a04e0c08213b14a8b93a577183bdeaf0\"},\"headline\":\"El aumento de la demanda por la ola de calor impulsa los precios en los mercados el\u00e9ctricos europeos en la segunda semana de agosto\",\"datePublished\":\"2025-08-18T13:06:09+00:00\",\"dateModified\":\"2025-08-18T13:06:15+00:00\",\"mainEntityOfPage\":{\"@id\":\"https:\\\/\\\/aleasoft.com\\\/es\\\/aumento-demanda-impulsa-precios-mercados-electricos-europeos\\\/\"},\"wordCount\":1986,\"publisher\":{\"@id\":\"https:\\\/\\\/aleasoft.com\\\/#organization\"},\"image\":{\"@id\":\"https:\\\/\\\/aleasoft.com\\\/es\\\/aumento-demanda-impulsa-precios-mercados-electricos-europeos\\\/#primaryimage\"},\"thumbnailUrl\":\"https:\\\/\\\/aleasoft.com\\\/wp-content\\\/uploads\\\/2025\\\/08\\\/20250818-AleaSoft-Precios-mercados-europeos-electricidad.png\",\"keywords\":[\"Demanda\",\"E\u00f3lica\",\"Fotovoltaica\",\"Mercados\",\"Precios Brent\",\"Precios CO2\",\"Precios gas\"],\"articleSection\":[\"An\u00e1lisis semanal\",\"Noticias\"],\"inLanguage\":\"es\"},{\"@type\":\"WebPage\",\"@id\":\"https:\\\/\\\/aleasoft.com\\\/es\\\/aumento-demanda-impulsa-precios-mercados-electricos-europeos\\\/\",\"url\":\"https:\\\/\\\/aleasoft.com\\\/es\\\/aumento-demanda-impulsa-precios-mercados-electricos-europeos\\\/\",\"name\":\"El aumento de la demanda por la ola de calor impulsa los precios en los mercados el\u00e9ctricos europeos en la segunda semana de agosto - AleaSoft Energy Forecasting\",\"isPartOf\":{\"@id\":\"https:\\\/\\\/aleasoft.com\\\/#website\"},\"primaryImageOfPage\":{\"@id\":\"https:\\\/\\\/aleasoft.com\\\/es\\\/aumento-demanda-impulsa-precios-mercados-electricos-europeos\\\/#primaryimage\"},\"image\":{\"@id\":\"https:\\\/\\\/aleasoft.com\\\/es\\\/aumento-demanda-impulsa-precios-mercados-electricos-europeos\\\/#primaryimage\"},\"thumbnailUrl\":\"https:\\\/\\\/aleasoft.com\\\/wp-content\\\/uploads\\\/2025\\\/08\\\/20250818-AleaSoft-Precios-mercados-europeos-electricidad.png\",\"datePublished\":\"2025-08-18T13:06:09+00:00\",\"dateModified\":\"2025-08-18T13:06:15+00:00\",\"description\":\"En la semana del 11 de agosto, Alemania y Francia marcaron r\u00e9cords de producci\u00f3n solar fotovoltaica.\",\"breadcrumb\":{\"@id\":\"https:\\\/\\\/aleasoft.com\\\/es\\\/aumento-demanda-impulsa-precios-mercados-electricos-europeos\\\/#breadcrumb\"},\"inLanguage\":\"es\",\"potentialAction\":[{\"@type\":\"ReadAction\",\"target\":[\"https:\\\/\\\/aleasoft.com\\\/es\\\/aumento-demanda-impulsa-precios-mercados-electricos-europeos\\\/\"]}]},{\"@type\":\"ImageObject\",\"inLanguage\":\"es\",\"@id\":\"https:\\\/\\\/aleasoft.com\\\/es\\\/aumento-demanda-impulsa-precios-mercados-electricos-europeos\\\/#primaryimage\",\"url\":\"https:\\\/\\\/aleasoft.com\\\/wp-content\\\/uploads\\\/2025\\\/08\\\/20250818-AleaSoft-Precios-mercados-europeos-electricidad.png\",\"contentUrl\":\"https:\\\/\\\/aleasoft.com\\\/wp-content\\\/uploads\\\/2025\\\/08\\\/20250818-AleaSoft-Precios-mercados-europeos-electricidad.png\",\"width\":730,\"height\":509},{\"@type\":\"BreadcrumbList\",\"@id\":\"https:\\\/\\\/aleasoft.com\\\/es\\\/aumento-demanda-impulsa-precios-mercados-electricos-europeos\\\/#breadcrumb\",\"itemListElement\":[{\"@type\":\"ListItem\",\"position\":1,\"name\":\"Home\",\"item\":\"https:\\\/\\\/aleasoft.com\\\/es\\\/\"},{\"@type\":\"ListItem\",\"position\":2,\"name\":\"El aumento de la demanda por la ola de calor impulsa los precios en los mercados el\u00e9ctricos europeos en la segunda semana de agosto\"}]},{\"@type\":\"WebSite\",\"@id\":\"https:\\\/\\\/aleasoft.com\\\/#website\",\"url\":\"https:\\\/\\\/aleasoft.com\\\/\",\"name\":\"AleaSoft Energy Forecasting\",\"description\":\"Energy Forecasting\",\"publisher\":{\"@id\":\"https:\\\/\\\/aleasoft.com\\\/#organization\"},\"potentialAction\":[{\"@type\":\"SearchAction\",\"target\":{\"@type\":\"EntryPoint\",\"urlTemplate\":\"https:\\\/\\\/aleasoft.com\\\/?s={search_term_string}\"},\"query-input\":{\"@type\":\"PropertyValueSpecification\",\"valueRequired\":true,\"valueName\":\"search_term_string\"}}],\"inLanguage\":\"es\"},{\"@type\":\"Organization\",\"@id\":\"https:\\\/\\\/aleasoft.com\\\/#organization\",\"name\":\"AleaSoft Energy Forecasting\",\"url\":\"https:\\\/\\\/aleasoft.com\\\/\",\"logo\":{\"@type\":\"ImageObject\",\"inLanguage\":\"es\",\"@id\":\"https:\\\/\\\/aleasoft.com\\\/#\\\/schema\\\/logo\\\/image\\\/\",\"url\":\"https:\\\/\\\/aleasoft.com\\\/wp-content\\\/uploads\\\/2020\\\/01\\\/logo-alea-25.svg\",\"contentUrl\":\"https:\\\/\\\/aleasoft.com\\\/wp-content\\\/uploads\\\/2020\\\/01\\\/logo-alea-25.svg\",\"width\":7047,\"height\":1416,\"caption\":\"AleaSoft Energy Forecasting\"},\"image\":{\"@id\":\"https:\\\/\\\/aleasoft.com\\\/#\\\/schema\\\/logo\\\/image\\\/\"},\"sameAs\":[\"https:\\\/\\\/www.facebook.com\\\/AleaSoft\\\/\",\"https:\\\/\\\/x.com\\\/AleaSoftEnergy\",\"https:\\\/\\\/www.linkedin.com\\\/company\\\/aleasoft\\\/\"]},{\"@type\":\"Person\",\"@id\":\"https:\\\/\\\/aleasoft.com\\\/#\\\/schema\\\/person\\\/a04e0c08213b14a8b93a577183bdeaf0\",\"name\":\"AleaSoft Energy Forecasting\",\"image\":{\"@type\":\"ImageObject\",\"inLanguage\":\"es\",\"@id\":\"https:\\\/\\\/secure.gravatar.com\\\/avatar\\\/ed06b57a5c50e4941e805c13a40b4f0c833747a8db3a9d8d16929cbf232e8e0a?s=96&d=mm&r=g\",\"url\":\"https:\\\/\\\/secure.gravatar.com\\\/avatar\\\/ed06b57a5c50e4941e805c13a40b4f0c833747a8db3a9d8d16929cbf232e8e0a?s=96&d=mm&r=g\",\"contentUrl\":\"https:\\\/\\\/secure.gravatar.com\\\/avatar\\\/ed06b57a5c50e4941e805c13a40b4f0c833747a8db3a9d8d16929cbf232e8e0a?s=96&d=mm&r=g\",\"caption\":\"AleaSoft Energy Forecasting\"},\"sameAs\":[\"http:\\\/\\\/aleasoft.com\"]}]}<\/script>\n<!-- \/ Yoast SEO Premium plugin. -->","yoast_head_json":{"title":"El aumento de la demanda por la ola de calor impulsa los precios en los mercados el\u00e9ctricos europeos en la segunda semana de agosto - AleaSoft Energy Forecasting","description":"En la semana del 11 de agosto, Alemania y Francia marcaron r\u00e9cords de producci\u00f3n solar fotovoltaica.","robots":{"index":"index","follow":"follow","max-snippet":"max-snippet:-1","max-image-preview":"max-image-preview:large","max-video-preview":"max-video-preview:-1"},"canonical":"https:\/\/aleasoft.com\/es\/aumento-demanda-impulsa-precios-mercados-electricos-europeos\/","og_locale":"es_ES","og_type":"article","og_title":"El aumento de la demanda por la ola de calor impulsa los precios en los mercados el\u00e9ctricos europeos en la segunda semana de agosto","og_description":"En la semana del 11 de agosto, Alemania y Francia marcaron r\u00e9cords de producci\u00f3n solar fotovoltaica.","og_url":"https:\/\/aleasoft.com\/es\/aumento-demanda-impulsa-precios-mercados-electricos-europeos\/","og_site_name":"AleaSoft Energy Forecasting","article_publisher":"https:\/\/www.facebook.com\/AleaSoft\/","article_published_time":"2025-08-18T13:06:09+00:00","article_modified_time":"2025-08-18T13:06:15+00:00","og_image":[{"width":730,"height":509,"url":"https:\/\/aleasoft.com\/wp-content\/uploads\/2025\/08\/20250818-AleaSoft-Precios-mercados-europeos-electricidad.png","type":"image\/png"}],"author":"AleaSoft Energy Forecasting","twitter_card":"summary_large_image","twitter_creator":"@AleaSoftEnergy","twitter_site":"@AleaSoftEnergy","twitter_misc":{"Escrito por":"AleaSoft Energy Forecasting","Tiempo de lectura":"9 minutos"},"schema":{"@context":"https:\/\/schema.org","@graph":[{"@type":"Article","@id":"https:\/\/aleasoft.com\/es\/aumento-demanda-impulsa-precios-mercados-electricos-europeos\/#article","isPartOf":{"@id":"https:\/\/aleasoft.com\/es\/aumento-demanda-impulsa-precios-mercados-electricos-europeos\/"},"author":{"name":"AleaSoft Energy Forecasting","@id":"https:\/\/aleasoft.com\/#\/schema\/person\/a04e0c08213b14a8b93a577183bdeaf0"},"headline":"El aumento de la demanda por la ola de calor impulsa los precios en los mercados el\u00e9ctricos europeos en la segunda semana de agosto","datePublished":"2025-08-18T13:06:09+00:00","dateModified":"2025-08-18T13:06:15+00:00","mainEntityOfPage":{"@id":"https:\/\/aleasoft.com\/es\/aumento-demanda-impulsa-precios-mercados-electricos-europeos\/"},"wordCount":1986,"publisher":{"@id":"https:\/\/aleasoft.com\/#organization"},"image":{"@id":"https:\/\/aleasoft.com\/es\/aumento-demanda-impulsa-precios-mercados-electricos-europeos\/#primaryimage"},"thumbnailUrl":"https:\/\/aleasoft.com\/wp-content\/uploads\/2025\/08\/20250818-AleaSoft-Precios-mercados-europeos-electricidad.png","keywords":["Demanda","E\u00f3lica","Fotovoltaica","Mercados","Precios Brent","Precios CO2","Precios gas"],"articleSection":["An\u00e1lisis semanal","Noticias"],"inLanguage":"es"},{"@type":"WebPage","@id":"https:\/\/aleasoft.com\/es\/aumento-demanda-impulsa-precios-mercados-electricos-europeos\/","url":"https:\/\/aleasoft.com\/es\/aumento-demanda-impulsa-precios-mercados-electricos-europeos\/","name":"El aumento de la demanda por la ola de calor impulsa los precios en los mercados el\u00e9ctricos europeos en la segunda semana de agosto - AleaSoft Energy Forecasting","isPartOf":{"@id":"https:\/\/aleasoft.com\/#website"},"primaryImageOfPage":{"@id":"https:\/\/aleasoft.com\/es\/aumento-demanda-impulsa-precios-mercados-electricos-europeos\/#primaryimage"},"image":{"@id":"https:\/\/aleasoft.com\/es\/aumento-demanda-impulsa-precios-mercados-electricos-europeos\/#primaryimage"},"thumbnailUrl":"https:\/\/aleasoft.com\/wp-content\/uploads\/2025\/08\/20250818-AleaSoft-Precios-mercados-europeos-electricidad.png","datePublished":"2025-08-18T13:06:09+00:00","dateModified":"2025-08-18T13:06:15+00:00","description":"En la semana del 11 de agosto, Alemania y Francia marcaron r\u00e9cords de producci\u00f3n solar fotovoltaica.","breadcrumb":{"@id":"https:\/\/aleasoft.com\/es\/aumento-demanda-impulsa-precios-mercados-electricos-europeos\/#breadcrumb"},"inLanguage":"es","potentialAction":[{"@type":"ReadAction","target":["https:\/\/aleasoft.com\/es\/aumento-demanda-impulsa-precios-mercados-electricos-europeos\/"]}]},{"@type":"ImageObject","inLanguage":"es","@id":"https:\/\/aleasoft.com\/es\/aumento-demanda-impulsa-precios-mercados-electricos-europeos\/#primaryimage","url":"https:\/\/aleasoft.com\/wp-content\/uploads\/2025\/08\/20250818-AleaSoft-Precios-mercados-europeos-electricidad.png","contentUrl":"https:\/\/aleasoft.com\/wp-content\/uploads\/2025\/08\/20250818-AleaSoft-Precios-mercados-europeos-electricidad.png","width":730,"height":509},{"@type":"BreadcrumbList","@id":"https:\/\/aleasoft.com\/es\/aumento-demanda-impulsa-precios-mercados-electricos-europeos\/#breadcrumb","itemListElement":[{"@type":"ListItem","position":1,"name":"Home","item":"https:\/\/aleasoft.com\/es\/"},{"@type":"ListItem","position":2,"name":"El aumento de la demanda por la ola de calor impulsa los precios en los mercados el\u00e9ctricos europeos en la segunda semana de agosto"}]},{"@type":"WebSite","@id":"https:\/\/aleasoft.com\/#website","url":"https:\/\/aleasoft.com\/","name":"AleaSoft Energy Forecasting","description":"Energy Forecasting","publisher":{"@id":"https:\/\/aleasoft.com\/#organization"},"potentialAction":[{"@type":"SearchAction","target":{"@type":"EntryPoint","urlTemplate":"https:\/\/aleasoft.com\/?s={search_term_string}"},"query-input":{"@type":"PropertyValueSpecification","valueRequired":true,"valueName":"search_term_string"}}],"inLanguage":"es"},{"@type":"Organization","@id":"https:\/\/aleasoft.com\/#organization","name":"AleaSoft Energy Forecasting","url":"https:\/\/aleasoft.com\/","logo":{"@type":"ImageObject","inLanguage":"es","@id":"https:\/\/aleasoft.com\/#\/schema\/logo\/image\/","url":"https:\/\/aleasoft.com\/wp-content\/uploads\/2020\/01\/logo-alea-25.svg","contentUrl":"https:\/\/aleasoft.com\/wp-content\/uploads\/2020\/01\/logo-alea-25.svg","width":7047,"height":1416,"caption":"AleaSoft Energy Forecasting"},"image":{"@id":"https:\/\/aleasoft.com\/#\/schema\/logo\/image\/"},"sameAs":["https:\/\/www.facebook.com\/AleaSoft\/","https:\/\/x.com\/AleaSoftEnergy","https:\/\/www.linkedin.com\/company\/aleasoft\/"]},{"@type":"Person","@id":"https:\/\/aleasoft.com\/#\/schema\/person\/a04e0c08213b14a8b93a577183bdeaf0","name":"AleaSoft Energy Forecasting","image":{"@type":"ImageObject","inLanguage":"es","@id":"https:\/\/secure.gravatar.com\/avatar\/ed06b57a5c50e4941e805c13a40b4f0c833747a8db3a9d8d16929cbf232e8e0a?s=96&d=mm&r=g","url":"https:\/\/secure.gravatar.com\/avatar\/ed06b57a5c50e4941e805c13a40b4f0c833747a8db3a9d8d16929cbf232e8e0a?s=96&d=mm&r=g","contentUrl":"https:\/\/secure.gravatar.com\/avatar\/ed06b57a5c50e4941e805c13a40b4f0c833747a8db3a9d8d16929cbf232e8e0a?s=96&d=mm&r=g","caption":"AleaSoft Energy Forecasting"},"sameAs":["http:\/\/aleasoft.com"]}]}},"_links":{"self":[{"href":"https:\/\/aleasoft.com\/es\/wp-json\/wp\/v2\/posts\/159398","targetHints":{"allow":["GET"]}}],"collection":[{"href":"https:\/\/aleasoft.com\/es\/wp-json\/wp\/v2\/posts"}],"about":[{"href":"https:\/\/aleasoft.com\/es\/wp-json\/wp\/v2\/types\/post"}],"author":[{"embeddable":true,"href":"https:\/\/aleasoft.com\/es\/wp-json\/wp\/v2\/users\/5"}],"replies":[{"embeddable":true,"href":"https:\/\/aleasoft.com\/es\/wp-json\/wp\/v2\/comments?post=159398"}],"version-history":[{"count":0,"href":"https:\/\/aleasoft.com\/es\/wp-json\/wp\/v2\/posts\/159398\/revisions"}],"wp:featuredmedia":[{"embeddable":true,"href":"https:\/\/aleasoft.com\/es\/wp-json\/wp\/v2\/media\/159418"}],"wp:attachment":[{"href":"https:\/\/aleasoft.com\/es\/wp-json\/wp\/v2\/media?parent=159398"}],"wp:term":[{"taxonomy":"category","embeddable":true,"href":"https:\/\/aleasoft.com\/es\/wp-json\/wp\/v2\/categories?post=159398"},{"taxonomy":"post_tag","embeddable":true,"href":"https:\/\/aleasoft.com\/es\/wp-json\/wp\/v2\/tags?post=159398"}],"curies":[{"name":"wp","href":"https:\/\/api.w.org\/{rel}","templated":true}]}}