{"id":171146,"date":"2026-09-01T17:17:04","date_gmt":"2026-09-01T15:17:04","guid":{"rendered":"https:\/\/aleasoft.com\/?p=171146"},"modified":"2026-09-01T17:17:56","modified_gmt":"2026-09-01T15:17:56","slug":"precios-electricos-europa-agosto-gas-maximos-solar","status":"publish","type":"post","link":"https:\/\/aleasoft.com\/es\/precios-electricos-europa-agosto-gas-maximos-solar\/","title":{"rendered":"<div style=\"text-align: center;background-color: #004A9B;color: white;\">An\u00e1lisis agosto 2026 <\/div><br>Los precios subieron en todos los mercados el\u00e9ctricos europeos en agosto impulsados por el gas, mientras la solar marc\u00f3 m\u00e1ximos para ese mes"},"content":{"rendered":"\n<p><strong>AleaSoft Energy Forecasting, 1 de septiembre de 2026. En agosto de 2026, los precios mensuales aumentaron en todos los principales mercados el\u00e9ctricos europeos. La subida de los precios del gas y de los derechos de emisi\u00f3n de CO<sub>2<\/sub>, junto con el descenso mensual de la producci\u00f3n solar y la menor producci\u00f3n e\u00f3lica en la mayor\u00eda de los mercados, impuls\u00f3 esta tendencia. Aun as\u00ed, la producci\u00f3n solar fotovoltaica alcanz\u00f3 m\u00e1ximos hist\u00f3ricos para un mes de agosto en todos los mercados analizados, mientras que Alemania y Francia batieron r\u00e9cords de producci\u00f3n e\u00f3lica para ese mes.<\/strong>\n<\/p><p>\nEn agosto de 2026, los precios promedio mensuales aumentaron en todos los principales <strong>mercados el\u00e9ctricos europeos<\/strong>. Italia registr\u00f3 el precio m\u00e1s alto, seguida de Gran Breta\u00f1a, mientras que el mercado n\u00f3rdico present\u00f3 el promedio m\u00e1s bajo.\n<\/p><p>\nEn comparaci\u00f3n con julio, los precios subieron en todos los mercados analizados. El mercado n\u00f3rdico registr\u00f3 el mayor incremento, seguido del franc\u00e9s.\n<\/p><p>\nRespecto a agosto de 2025, los precios tambi\u00e9n aumentaron en todos los mercados. Francia y el mercado n\u00f3rdico registraron los mayores incrementos interanuales. Italia alcanz\u00f3 su promedio m\u00e1s alto desde enero de 2023, mientras que B\u00e9lgica, Gran Breta\u00f1a, Espa\u00f1a, Francia y Portugal registraron sus precios m\u00e1s elevados desde marzo de 2023.\n<\/p><div style='margin-top: 20px;margin-bottom: 20px;'><a title='AleaSoft - Precio mensual mercados electricos Europa' href='https:\/\/aleasoft.com\/wp-content\/uploads\/2026\/09\/20260901-AleaSoft-Precio-mensual-mercados-electricos-Europa-scaled.png'><img class='aligncenter' src='https:\/\/aleasoft.com\/wp-content\/uploads\/2026\/09\/20260901-AleaSoft-Precio-mensual-mercados-electricos-Europa-scaled.png' alt='AleaSoft - Precio mensual mercados electricos Europa' width='740'\/><\/a><span style='font-size: small;'>Fuente: Elaborado por AleaSoft Energy Forecasting con datos de OMIE, RTE, Nord Pool y GME.<\/span><\/div><p>\nLa <strong>producci\u00f3n solar fotovoltaica<\/strong> aument\u00f3 en t\u00e9rminos interanuales en Alemania, Espa\u00f1a, Francia, Italia y Portugal. Aunque descendi\u00f3 respecto a julio, alcanz\u00f3 m\u00e1ximos hist\u00f3ricos para un mes de agosto en todos los mercados analizados.\n<\/p><p>\nLa <strong>producci\u00f3n e\u00f3lica<\/strong> aument\u00f3 en t\u00e9rminos interanuales en Alemania y Francia, mientras que disminuy\u00f3 en Italia, Espa\u00f1a y Portugal. Alemania y Francia alcanzaron m\u00e1ximos hist\u00f3ricos de producci\u00f3n e\u00f3lica para un mes de agosto.\n<\/p><p>\nLa <strong>demanda el\u00e9ctrica<\/strong> aument\u00f3 en t\u00e9rminos interanuales en la mayor\u00eda de los mercados europeos. Italia y Portugal alcanzaron m\u00e1ximos hist\u00f3ricos para un mes de agosto.\n<\/p><p>\nLos futuros de <strong>gas TTF<\/strong> para el Front Month en el <strong>mercado ICE<\/strong> alcanzaron un promedio de 62,14\u00a0\u20ac\/MWh, un 15% m\u00e1s que en julio y un 90% m\u00e1s que en agosto de 2025. Fue el promedio m\u00e1s alto desde febrero de 2023. Los bajos niveles de las reservas europeas de gas y las tensiones en el estrecho de Ormuz impulsaron los precios.\n<\/p><p>\nLos futuros de <strong>derechos de emisi\u00f3n de CO\u2082<\/strong> en el <strong>mercado EEX<\/strong> para diciembre de 2026 alcanzaron un promedio de 82,37 \u20ac\/t, un 1,4% m\u00e1s que en julio y un 12% m\u00e1s que en agosto de 2025. El promedio mensual fue el m\u00e1s alto desde febrero de 2026.\n<\/p><p>\nLos futuros de <strong>petr\u00f3leo Brent<\/strong> para el Front-Month en el mercado ICE registraron un promedio de 88,08 $\/bbl, un 4,9% m\u00e1s que en julio y un 31% m\u00e1s que en agosto de 2025. Las tensiones entre Estados Unidos e Ir\u00e1n y las interrupciones del tr\u00e1nsito de petroleros por el estrecho de Ormuz favorecieron el aumento de los precios.\n<\/p><p>\n<!-- \/wp:post-content -->\n<!-- wp:buttons -->\n<div class=\"wp-block-buttons\" style=\"display: flex; justify-content: center; align-items: center;\"><!-- wp:button {\"textColor\":\"white\",\"style\":{\"color\":{\"background\":\"#004a9b\"},\"border\":{\"radius\":\"0px\"},\"elements\":{\"link\":{\"color\":{\"text\":\"var:preset|color|white\"}}}},\"className\":\"is-style-fill\"} -->\n<div class=\"wp-block-button is-style-fill\"><a class=\"wp-block-button__link has-white-color has-text-color has-background has-link-color wp-element-button\" style=\"border-radius: 0px; background-color: #004a9b; text-decoration: none;\" href=\"https:\/\/aleasoft.com\/es\/informe-mercados\/\">SOLICITA EL INFORME COMPLETO<\/a><\/div>\n<!-- \/wp:button -->\n\n<\/div>\n<!-- \/wp:buttons -->\n\n<!-- wp:spacer {\"height\":\"36px\"} -->\n<div class=\"wp-block-spacer\" style=\"height: 36px;\" aria-hidden=\"true\"><\/div>\n<!-- \/wp:spacer -->\n\n<script type=\"text\/javascript\">\nwindow.addEventListener('load', function(event){\n        document.getElementById('alea-banner-elementor-template').remove();\n    }\n)\n<\/script>\n<a href='https:\/\/aleasoft.com\/es\/productos-y-servicios\/previsiones-de-precios-de-energia\/?tab=largo-plazo\/' class='alea-banner-link' data-alea-gtm-event-category='banner-horizontal' data-alea-gtm-event-label='lp'><img class='aligncenter' src='https:\/\/aleasoft.com\/wp-content\/uploads\/2021\/03\/servicio-previsiones-largo-plazo.jpg' alt='Previsiones de largo plazo' style='width: 100%; object-position: center;'\/><\/a>\n\n<!-- wp:spacer {\"height\":\"36px\"} -->\n<div class=\"wp-block-spacer\" style=\"height: 36px;\" aria-hidden=\"true\"><\/div>\n<!-- \/wp:spacer -->\n<\/p>","protected":false},"excerpt":{"rendered":"<p>AleaSoft Energy Forecasting, 1 de septiembre de 2026. En agosto de 2026, los precios mensuales aumentaron en todos los principales mercados el\u00e9ctricos europeos. La subida de los precios del gas y de los derechos de emisi\u00f3n de CO2, junto con el descenso mensual de la producci\u00f3n solar y la menor producci\u00f3n e\u00f3lica en la mayor\u00eda [&hellip;]<\/p>\n","protected":false},"author":5,"featured_media":171148,"comment_status":"closed","ping_status":"closed","sticky":false,"template":"","format":"standard","meta":{"footnotes":""},"categories":[568],"tags":[],"class_list":["post-171146","post","type-post","status-publish","format-standard","has-post-thumbnail","hentry","category-noticias"],"yoast_head":"<!-- This site is optimized with the Yoast SEO Premium plugin v28.4 (Yoast SEO v28.4) - https:\/\/yoast.com\/product\/yoast-seo-premium-wordpress\/ -->\n<title>An\u00e1lisis agosto 2026 Los precios subieron en todos los mercados el\u00e9ctricos europeos en agosto impulsados por el gas, mientras la solar marc\u00f3 m\u00e1ximos para ese mes - AleaSoft Energy Forecasting<\/title>\n<meta name=\"description\" content=\"En agosto de 2026, los precios mensuales aumentaron en todos los principales mercados el\u00e9ctricos europeos.\" \/>\n<meta name=\"robots\" content=\"index, follow, max-snippet:-1, max-image-preview:large, max-video-preview:-1\" \/>\n<link rel=\"canonical\" href=\"https:\/\/aleasoft.com\/es\/precios-electricos-europa-agosto-gas-maximos-solar\/\" \/>\n<meta property=\"og:locale\" content=\"es_ES\" \/>\n<meta property=\"og:type\" content=\"article\" \/>\n<meta property=\"og:title\" content=\"An\u00e1lisis agosto 2026 Los precios subieron en todos los mercados el\u00e9ctricos europeos en agosto impulsados por el gas, mientras la solar marc\u00f3 m\u00e1ximos para ese mes\" \/>\n<meta property=\"og:description\" content=\"En agosto de 2026, los precios mensuales aumentaron en todos los principales mercados el\u00e9ctricos europeos.\" \/>\n<meta property=\"og:url\" content=\"https:\/\/aleasoft.com\/es\/precios-electricos-europa-agosto-gas-maximos-solar\/\" \/>\n<meta property=\"og:site_name\" content=\"AleaSoft Energy Forecasting\" \/>\n<meta property=\"article:publisher\" content=\"https:\/\/www.facebook.com\/AleaSoft\/\" \/>\n<meta property=\"article:published_time\" content=\"2026-09-01T15:17:04+00:00\" \/>\n<meta property=\"article:modified_time\" content=\"2026-09-01T15:17:56+00:00\" \/>\n<meta property=\"og:image\" content=\"https:\/\/aleasoft.com\/wp-content\/uploads\/2026\/09\/20260901-AleaSoft-Precio-mensual-mercados-electricos-Europa-scaled.png\" \/>\n\t<meta property=\"og:image:width\" content=\"2048\" \/>\n\t<meta property=\"og:image:height\" content=\"1420\" \/>\n\t<meta property=\"og:image:type\" content=\"image\/png\" \/>\n<meta name=\"author\" content=\"AleaSoft Energy Forecasting\" \/>\n<meta name=\"twitter:card\" content=\"summary_large_image\" \/>\n<meta name=\"twitter:creator\" content=\"@AleaSoftEnergy\" \/>\n<meta name=\"twitter:site\" content=\"@AleaSoftEnergy\" \/>\n<meta name=\"twitter:label1\" content=\"Escrito por\" \/>\n\t<meta name=\"twitter:data1\" content=\"AleaSoft Energy Forecasting\" \/>\n\t<meta name=\"twitter:label2\" content=\"Tiempo de lectura\" \/>\n\t<meta name=\"twitter:data2\" content=\"3 minutos\" \/>\n<script type=\"application\/ld+json\" class=\"yoast-schema-graph\">{\"@context\":\"https:\\\/\\\/schema.org\",\"@graph\":[{\"@type\":\"Article\",\"@id\":\"https:\\\/\\\/aleasoft.com\\\/es\\\/precios-electricos-europa-agosto-gas-maximos-solar\\\/#article\",\"isPartOf\":{\"@id\":\"https:\\\/\\\/aleasoft.com\\\/es\\\/precios-electricos-europa-agosto-gas-maximos-solar\\\/\"},\"author\":{\"name\":\"AleaSoft Energy Forecasting\",\"@id\":\"https:\\\/\\\/aleasoft.com\\\/es\\\/#\\\/schema\\\/person\\\/a04e0c08213b14a8b93a577183bdeaf0\"},\"headline\":\"An\u00e1lisis agosto 2026 Los precios subieron en todos los mercados el\u00e9ctricos europeos en agosto impulsados por el gas, mientras la solar marc\u00f3 m\u00e1ximos para ese mes\",\"datePublished\":\"2026-09-01T15:17:04+00:00\",\"dateModified\":\"2026-09-01T15:17:56+00:00\",\"mainEntityOfPage\":{\"@id\":\"https:\\\/\\\/aleasoft.com\\\/es\\\/precios-electricos-europa-agosto-gas-maximos-solar\\\/\"},\"wordCount\":575,\"publisher\":{\"@id\":\"https:\\\/\\\/aleasoft.com\\\/es\\\/#organization\"},\"image\":{\"@id\":\"https:\\\/\\\/aleasoft.com\\\/es\\\/precios-electricos-europa-agosto-gas-maximos-solar\\\/#primaryimage\"},\"thumbnailUrl\":\"https:\\\/\\\/aleasoft.com\\\/wp-content\\\/uploads\\\/2026\\\/09\\\/20260901-AleaSoft-Precio-mensual-mercados-electricos-Europa-scaled.png\",\"articleSection\":[\"Noticias\"],\"inLanguage\":\"es\"},{\"@type\":\"WebPage\",\"@id\":\"https:\\\/\\\/aleasoft.com\\\/es\\\/precios-electricos-europa-agosto-gas-maximos-solar\\\/\",\"url\":\"https:\\\/\\\/aleasoft.com\\\/es\\\/precios-electricos-europa-agosto-gas-maximos-solar\\\/\",\"name\":\"An\u00e1lisis agosto 2026 Los precios subieron en todos los mercados el\u00e9ctricos europeos en agosto impulsados por el gas, mientras la solar marc\u00f3 m\u00e1ximos para ese mes - AleaSoft Energy Forecasting\",\"isPartOf\":{\"@id\":\"https:\\\/\\\/aleasoft.com\\\/es\\\/#website\"},\"primaryImageOfPage\":{\"@id\":\"https:\\\/\\\/aleasoft.com\\\/es\\\/precios-electricos-europa-agosto-gas-maximos-solar\\\/#primaryimage\"},\"image\":{\"@id\":\"https:\\\/\\\/aleasoft.com\\\/es\\\/precios-electricos-europa-agosto-gas-maximos-solar\\\/#primaryimage\"},\"thumbnailUrl\":\"https:\\\/\\\/aleasoft.com\\\/wp-content\\\/uploads\\\/2026\\\/09\\\/20260901-AleaSoft-Precio-mensual-mercados-electricos-Europa-scaled.png\",\"datePublished\":\"2026-09-01T15:17:04+00:00\",\"dateModified\":\"2026-09-01T15:17:56+00:00\",\"description\":\"En agosto de 2026, los precios mensuales aumentaron en todos los principales mercados el\u00e9ctricos europeos.\",\"breadcrumb\":{\"@id\":\"https:\\\/\\\/aleasoft.com\\\/es\\\/precios-electricos-europa-agosto-gas-maximos-solar\\\/#breadcrumb\"},\"inLanguage\":\"es\",\"potentialAction\":[{\"@type\":\"ReadAction\",\"target\":[\"https:\\\/\\\/aleasoft.com\\\/es\\\/precios-electricos-europa-agosto-gas-maximos-solar\\\/\"]}]},{\"@type\":\"ImageObject\",\"inLanguage\":\"es\",\"@id\":\"https:\\\/\\\/aleasoft.com\\\/es\\\/precios-electricos-europa-agosto-gas-maximos-solar\\\/#primaryimage\",\"url\":\"https:\\\/\\\/aleasoft.com\\\/wp-content\\\/uploads\\\/2026\\\/09\\\/20260901-AleaSoft-Precio-mensual-mercados-electricos-Europa-scaled.png\",\"contentUrl\":\"https:\\\/\\\/aleasoft.com\\\/wp-content\\\/uploads\\\/2026\\\/09\\\/20260901-AleaSoft-Precio-mensual-mercados-electricos-Europa-scaled.png\",\"width\":2048,\"height\":1420},{\"@type\":\"BreadcrumbList\",\"@id\":\"https:\\\/\\\/aleasoft.com\\\/es\\\/precios-electricos-europa-agosto-gas-maximos-solar\\\/#breadcrumb\",\"itemListElement\":[{\"@type\":\"ListItem\",\"position\":1,\"name\":\"Home\",\"item\":\"https:\\\/\\\/aleasoft.com\\\/es\\\/\"},{\"@type\":\"ListItem\",\"position\":2,\"name\":\"An\u00e1lisis agosto 2026 Los precios subieron en todos los mercados el\u00e9ctricos europeos en agosto impulsados por el gas, mientras la solar marc\u00f3 m\u00e1ximos para ese mes\"}]},{\"@type\":\"WebSite\",\"@id\":\"https:\\\/\\\/aleasoft.com\\\/es\\\/#website\",\"url\":\"https:\\\/\\\/aleasoft.com\\\/es\\\/\",\"name\":\"AleaSoft Energy Forecasting\",\"description\":\"Energy Forecasting\",\"publisher\":{\"@id\":\"https:\\\/\\\/aleasoft.com\\\/es\\\/#organization\"},\"potentialAction\":[{\"@type\":\"SearchAction\",\"target\":{\"@type\":\"EntryPoint\",\"urlTemplate\":\"https:\\\/\\\/aleasoft.com\\\/es\\\/?s={search_term_string}\"},\"query-input\":{\"@type\":\"PropertyValueSpecification\",\"valueRequired\":true,\"valueName\":\"search_term_string\"}}],\"inLanguage\":\"es\"},{\"@type\":\"Organization\",\"@id\":\"https:\\\/\\\/aleasoft.com\\\/es\\\/#organization\",\"name\":\"AleaSoft Energy Forecasting\",\"url\":\"https:\\\/\\\/aleasoft.com\\\/es\\\/\",\"logo\":{\"@type\":\"ImageObject\",\"inLanguage\":\"es\",\"@id\":\"https:\\\/\\\/aleasoft.com\\\/es\\\/#\\\/schema\\\/logo\\\/image\\\/\",\"url\":\"https:\\\/\\\/aleasoft.com\\\/wp-content\\\/uploads\\\/2020\\\/01\\\/logo-alea-25.svg\",\"contentUrl\":\"https:\\\/\\\/aleasoft.com\\\/wp-content\\\/uploads\\\/2020\\\/01\\\/logo-alea-25.svg\",\"width\":7047,\"height\":1416,\"caption\":\"AleaSoft Energy Forecasting\"},\"image\":{\"@id\":\"https:\\\/\\\/aleasoft.com\\\/es\\\/#\\\/schema\\\/logo\\\/image\\\/\"},\"sameAs\":[\"https:\\\/\\\/www.facebook.com\\\/AleaSoft\\\/\",\"https:\\\/\\\/x.com\\\/AleaSoftEnergy\",\"https:\\\/\\\/www.linkedin.com\\\/company\\\/aleasoft\\\/\"]},{\"@type\":\"Person\",\"@id\":\"https:\\\/\\\/aleasoft.com\\\/es\\\/#\\\/schema\\\/person\\\/a04e0c08213b14a8b93a577183bdeaf0\",\"name\":\"AleaSoft Energy Forecasting\",\"image\":{\"@type\":\"ImageObject\",\"inLanguage\":\"es\",\"@id\":\"https:\\\/\\\/secure.gravatar.com\\\/avatar\\\/ed06b57a5c50e4941e805c13a40b4f0c833747a8db3a9d8d16929cbf232e8e0a?s=96&d=mm&r=g\",\"url\":\"https:\\\/\\\/secure.gravatar.com\\\/avatar\\\/ed06b57a5c50e4941e805c13a40b4f0c833747a8db3a9d8d16929cbf232e8e0a?s=96&d=mm&r=g\",\"contentUrl\":\"https:\\\/\\\/secure.gravatar.com\\\/avatar\\\/ed06b57a5c50e4941e805c13a40b4f0c833747a8db3a9d8d16929cbf232e8e0a?s=96&d=mm&r=g\",\"caption\":\"AleaSoft Energy Forecasting\"},\"sameAs\":[\"http:\\\/\\\/aleasoft.com\"]}]}<\/script>\n<!-- \/ Yoast SEO Premium plugin. -->","yoast_head_json":{"title":"An\u00e1lisis agosto 2026 Los precios subieron en todos los mercados el\u00e9ctricos europeos en agosto impulsados por el gas, mientras la solar marc\u00f3 m\u00e1ximos para ese mes - AleaSoft Energy Forecasting","description":"En agosto de 2026, los precios mensuales aumentaron en todos los principales mercados el\u00e9ctricos europeos.","robots":{"index":"index","follow":"follow","max-snippet":"max-snippet:-1","max-image-preview":"max-image-preview:large","max-video-preview":"max-video-preview:-1"},"canonical":"https:\/\/aleasoft.com\/es\/precios-electricos-europa-agosto-gas-maximos-solar\/","og_locale":"es_ES","og_type":"article","og_title":"An\u00e1lisis agosto 2026 Los precios subieron en todos los mercados el\u00e9ctricos europeos en agosto impulsados por el gas, mientras la solar marc\u00f3 m\u00e1ximos para ese mes","og_description":"En agosto de 2026, los precios mensuales aumentaron en todos los principales mercados el\u00e9ctricos europeos.","og_url":"https:\/\/aleasoft.com\/es\/precios-electricos-europa-agosto-gas-maximos-solar\/","og_site_name":"AleaSoft Energy Forecasting","article_publisher":"https:\/\/www.facebook.com\/AleaSoft\/","article_published_time":"2026-09-01T15:17:04+00:00","article_modified_time":"2026-09-01T15:17:56+00:00","og_image":[{"width":2048,"height":1420,"url":"https:\/\/aleasoft.com\/wp-content\/uploads\/2026\/09\/20260901-AleaSoft-Precio-mensual-mercados-electricos-Europa-scaled.png","type":"image\/png"}],"author":"AleaSoft Energy Forecasting","twitter_card":"summary_large_image","twitter_creator":"@AleaSoftEnergy","twitter_site":"@AleaSoftEnergy","twitter_misc":{"Escrito por":"AleaSoft Energy Forecasting","Tiempo de lectura":"3 minutos"},"schema":{"@context":"https:\/\/schema.org","@graph":[{"@type":"Article","@id":"https:\/\/aleasoft.com\/es\/precios-electricos-europa-agosto-gas-maximos-solar\/#article","isPartOf":{"@id":"https:\/\/aleasoft.com\/es\/precios-electricos-europa-agosto-gas-maximos-solar\/"},"author":{"name":"AleaSoft Energy Forecasting","@id":"https:\/\/aleasoft.com\/es\/#\/schema\/person\/a04e0c08213b14a8b93a577183bdeaf0"},"headline":"An\u00e1lisis agosto 2026 Los precios subieron en todos los mercados el\u00e9ctricos europeos en agosto impulsados por el gas, mientras la solar marc\u00f3 m\u00e1ximos para ese mes","datePublished":"2026-09-01T15:17:04+00:00","dateModified":"2026-09-01T15:17:56+00:00","mainEntityOfPage":{"@id":"https:\/\/aleasoft.com\/es\/precios-electricos-europa-agosto-gas-maximos-solar\/"},"wordCount":575,"publisher":{"@id":"https:\/\/aleasoft.com\/es\/#organization"},"image":{"@id":"https:\/\/aleasoft.com\/es\/precios-electricos-europa-agosto-gas-maximos-solar\/#primaryimage"},"thumbnailUrl":"https:\/\/aleasoft.com\/wp-content\/uploads\/2026\/09\/20260901-AleaSoft-Precio-mensual-mercados-electricos-Europa-scaled.png","articleSection":["Noticias"],"inLanguage":"es"},{"@type":"WebPage","@id":"https:\/\/aleasoft.com\/es\/precios-electricos-europa-agosto-gas-maximos-solar\/","url":"https:\/\/aleasoft.com\/es\/precios-electricos-europa-agosto-gas-maximos-solar\/","name":"An\u00e1lisis agosto 2026 Los precios subieron en todos los mercados el\u00e9ctricos europeos en agosto impulsados por el gas, mientras la solar marc\u00f3 m\u00e1ximos para ese mes - AleaSoft Energy Forecasting","isPartOf":{"@id":"https:\/\/aleasoft.com\/es\/#website"},"primaryImageOfPage":{"@id":"https:\/\/aleasoft.com\/es\/precios-electricos-europa-agosto-gas-maximos-solar\/#primaryimage"},"image":{"@id":"https:\/\/aleasoft.com\/es\/precios-electricos-europa-agosto-gas-maximos-solar\/#primaryimage"},"thumbnailUrl":"https:\/\/aleasoft.com\/wp-content\/uploads\/2026\/09\/20260901-AleaSoft-Precio-mensual-mercados-electricos-Europa-scaled.png","datePublished":"2026-09-01T15:17:04+00:00","dateModified":"2026-09-01T15:17:56+00:00","description":"En agosto de 2026, los precios mensuales aumentaron en todos los principales mercados el\u00e9ctricos europeos.","breadcrumb":{"@id":"https:\/\/aleasoft.com\/es\/precios-electricos-europa-agosto-gas-maximos-solar\/#breadcrumb"},"inLanguage":"es","potentialAction":[{"@type":"ReadAction","target":["https:\/\/aleasoft.com\/es\/precios-electricos-europa-agosto-gas-maximos-solar\/"]}]},{"@type":"ImageObject","inLanguage":"es","@id":"https:\/\/aleasoft.com\/es\/precios-electricos-europa-agosto-gas-maximos-solar\/#primaryimage","url":"https:\/\/aleasoft.com\/wp-content\/uploads\/2026\/09\/20260901-AleaSoft-Precio-mensual-mercados-electricos-Europa-scaled.png","contentUrl":"https:\/\/aleasoft.com\/wp-content\/uploads\/2026\/09\/20260901-AleaSoft-Precio-mensual-mercados-electricos-Europa-scaled.png","width":2048,"height":1420},{"@type":"BreadcrumbList","@id":"https:\/\/aleasoft.com\/es\/precios-electricos-europa-agosto-gas-maximos-solar\/#breadcrumb","itemListElement":[{"@type":"ListItem","position":1,"name":"Home","item":"https:\/\/aleasoft.com\/es\/"},{"@type":"ListItem","position":2,"name":"An\u00e1lisis agosto 2026 Los precios subieron en todos los mercados el\u00e9ctricos europeos en agosto impulsados por el gas, mientras la solar marc\u00f3 m\u00e1ximos para ese mes"}]},{"@type":"WebSite","@id":"https:\/\/aleasoft.com\/es\/#website","url":"https:\/\/aleasoft.com\/es\/","name":"AleaSoft Energy Forecasting","description":"Energy Forecasting","publisher":{"@id":"https:\/\/aleasoft.com\/es\/#organization"},"potentialAction":[{"@type":"SearchAction","target":{"@type":"EntryPoint","urlTemplate":"https:\/\/aleasoft.com\/es\/?s={search_term_string}"},"query-input":{"@type":"PropertyValueSpecification","valueRequired":true,"valueName":"search_term_string"}}],"inLanguage":"es"},{"@type":"Organization","@id":"https:\/\/aleasoft.com\/es\/#organization","name":"AleaSoft Energy Forecasting","url":"https:\/\/aleasoft.com\/es\/","logo":{"@type":"ImageObject","inLanguage":"es","@id":"https:\/\/aleasoft.com\/es\/#\/schema\/logo\/image\/","url":"https:\/\/aleasoft.com\/wp-content\/uploads\/2020\/01\/logo-alea-25.svg","contentUrl":"https:\/\/aleasoft.com\/wp-content\/uploads\/2020\/01\/logo-alea-25.svg","width":7047,"height":1416,"caption":"AleaSoft Energy Forecasting"},"image":{"@id":"https:\/\/aleasoft.com\/es\/#\/schema\/logo\/image\/"},"sameAs":["https:\/\/www.facebook.com\/AleaSoft\/","https:\/\/x.com\/AleaSoftEnergy","https:\/\/www.linkedin.com\/company\/aleasoft\/"]},{"@type":"Person","@id":"https:\/\/aleasoft.com\/es\/#\/schema\/person\/a04e0c08213b14a8b93a577183bdeaf0","name":"AleaSoft Energy Forecasting","image":{"@type":"ImageObject","inLanguage":"es","@id":"https:\/\/secure.gravatar.com\/avatar\/ed06b57a5c50e4941e805c13a40b4f0c833747a8db3a9d8d16929cbf232e8e0a?s=96&d=mm&r=g","url":"https:\/\/secure.gravatar.com\/avatar\/ed06b57a5c50e4941e805c13a40b4f0c833747a8db3a9d8d16929cbf232e8e0a?s=96&d=mm&r=g","contentUrl":"https:\/\/secure.gravatar.com\/avatar\/ed06b57a5c50e4941e805c13a40b4f0c833747a8db3a9d8d16929cbf232e8e0a?s=96&d=mm&r=g","caption":"AleaSoft Energy Forecasting"},"sameAs":["http:\/\/aleasoft.com"]}]}},"_links":{"self":[{"href":"https:\/\/aleasoft.com\/es\/wp-json\/wp\/v2\/posts\/171146","targetHints":{"allow":["GET"]}}],"collection":[{"href":"https:\/\/aleasoft.com\/es\/wp-json\/wp\/v2\/posts"}],"about":[{"href":"https:\/\/aleasoft.com\/es\/wp-json\/wp\/v2\/types\/post"}],"author":[{"embeddable":true,"href":"https:\/\/aleasoft.com\/es\/wp-json\/wp\/v2\/users\/5"}],"replies":[{"embeddable":true,"href":"https:\/\/aleasoft.com\/es\/wp-json\/wp\/v2\/comments?post=171146"}],"version-history":[{"count":0,"href":"https:\/\/aleasoft.com\/es\/wp-json\/wp\/v2\/posts\/171146\/revisions"}],"wp:featuredmedia":[{"embeddable":true,"href":"https:\/\/aleasoft.com\/es\/wp-json\/wp\/v2\/media\/171148"}],"wp:attachment":[{"href":"https:\/\/aleasoft.com\/es\/wp-json\/wp\/v2\/media?parent=171146"}],"wp:term":[{"taxonomy":"category","embeddable":true,"href":"https:\/\/aleasoft.com\/es\/wp-json\/wp\/v2\/categories?post=171146"},{"taxonomy":"post_tag","embeddable":true,"href":"https:\/\/aleasoft.com\/es\/wp-json\/wp\/v2\/tags?post=171146"}],"curies":[{"name":"wp","href":"https:\/\/api.w.org\/{rel}","templated":true}]}}