{"id":77738,"date":"2013-07-12T00:00:00","date_gmt":"2013-07-11T22:00:00","guid":{"rendered":"https:\/\/aleasoft.com\/assessment-gas-demand-spain-first-half-2013\/"},"modified":"2022-05-23T14:58:38","modified_gmt":"2022-05-23T12:58:38","slug":"assessment-of-gas-demand-in-spain-for-the-first-half-of-2013","status":"publish","type":"post","link":"https:\/\/aleasoft.com\/es\/assessment-of-gas-demand-in-spain-for-the-first-half-of-2013\/","title":{"rendered":"Assessment of Gas Demand in Spain for the first half of 2013"},"content":{"rendered":"<h3>Informaci\u00f3n elaborada por AleaSoft, empresa l\u00edder en el desarrollo de modelos de previsi\u00f3n de consumo y precios en mercados energ\u00e9ticos<\/h3>\n<p><b>12 de julio de 2013.-<\/b> En el primer semestre del 2013 la demanda de gas en Espa\u00f1a ha decrecido 8,5% con respecto al mismo semestre del a\u00f1o pasado. Esta disminuci\u00f3n est\u00e1 provocada por una ca\u00edda del 42,5% en el consumo de gas para la generaci\u00f3n el\u00e9ctrica si se compara con igual per\u00edodo del a\u00f1o 2012.<\/p>\n<p>Dicha ca\u00edda se ha producido como consecuencia de la disminuci\u00f3n de la producci\u00f3n de los ciclos combinados, que en el primer semestre del a\u00f1o ha sido 46,1% menor en t\u00e9rminos interanuales. Son varios los factores que han incidido sobre esta disminuci\u00f3n de la producci\u00f3n de los ciclos combinados: menor demanda de electricidad, mayor aportaci\u00f3n de las tecnolog\u00edas del r\u00e9gimen especial y mayor producci\u00f3n hidr\u00e1ulica. En el primer semestre del 2013 la demanda de electricidad cay\u00f3 3,8% respecto al mismo semestre del a\u00f1o anterior; en el mismo per\u00edodo la producci\u00f3n e\u00f3lica aument\u00f3 un 20,2% respecto al mismo semestre del a\u00f1o 2012, mientras que la producci\u00f3n hidr\u00e1ulica convencional registr\u00f3 un aumento de 119,6% en t\u00e9rminos interanuales.<\/p>\n<p>Por otra parte, en el semestre reci\u00e9n finalizado, la demanda convencional de gas de Espa\u00f1a, formada por el sector dom\u00e9stico comercial y el sector industrial, ha sido 1,2% mayor que en el mismo semestre del a\u00f1o anterior.<br \/>\n<a title=\"Balance de demanda de gas en Espa\u00f1a al terminar el primer semestre del 2013\" href=\"https:\/\/aleasoft.com\/wp-content\/uploads\/2013\/07\/20130712-demada-gas-espana-es.jpg\"><img fetchpriority=\"high\" decoding=\"async\" class=\"aligncenter size-full wp-image-3191\" src=\"https:\/\/aleasoft.com\/wp-content\/uploads\/2013\/07\/20130712-demada-gas-espana-es.jpg\" alt=\"Balance de demanda de gas en Espa\u00f1a al terminar el primer semestre del 2013\" width=\"606\" height=\"426\"><\/a><br \/>\n<span style=\"font-size: xx-small; margin-left: 40px;\">Evoluci\u00f3n de la demanda de gas en Espa\u00f1a -2012 y primer semestre del 2013- (TWh).<\/span><br \/>\n<span style=\"font-size: xx-small; margin-left: 40px;\">Fuente de datos: ENAGAS<\/span><br \/>\n<b>Previsiones de demanda convencional de gas en Espa\u00f1a<\/b><\/p>\n<p>AleaSoft estima que la <b>demanda convencional de gas<\/b> de Espa\u00f1a crecer\u00e1 1,9% en t\u00e9rminos interanuales en este segundo semestre del a\u00f1o. Teniendo en cuenta esta previsi\u00f3n, al finalizar el a\u00f1o la demanda convencional de gas ser\u00e1 1,5% mayor que el pasado a\u00f1o. Para realizar esta previsi\u00f3n se ha utilizado un escenario de PIB en el que la econom\u00eda espa\u00f1ola se contraer\u00e1 1,3% en el 2013.<br \/>\n<a title=\"Balance de demanda de gas en Espa\u00f1a al terminar el primer semestre del 2013\" href=\"https:\/\/aleasoft.com\/wp-content\/uploads\/2013\/07\/20130712-demada-gas-espana-previsiones-es.jpg\"><img decoding=\"async\" class=\"aligncenter size-full wp-image-3191\" src=\"https:\/\/aleasoft.com\/wp-content\/uploads\/2013\/07\/20130712-demada-gas-espana-previsiones-es.jpg\" alt=\"Balance de demanda de gas en Espa\u00f1a\" width=\"606\" height=\"426\"><\/a><br \/>\n<span style=\"font-size: xx-small; margin-left: 40px;\">Evoluci\u00f3n de la demanda convencional de gas en Espa\u00f1a -2012 y primer semestre del 2013- y previsiones para el segundo semestre del 2013 (TWh).<\/span><br \/>\n<span style=\"font-size: xx-small; margin-left: 40px;\">Fuentes de datos: ENAGAS, Previsiones &#8211; AleaSoft<\/span><\/p>\n","protected":false},"excerpt":{"rendered":"<p>Informaci\u00f3n elaborada por AleaSoft, empresa l\u00edder en el desarrollo de modelos de previsi\u00f3n de consumo y precios en mercados energ\u00e9ticos 12 de julio de 2013.- En el primer semestre del 2013 la demanda de gas en Espa\u00f1a ha decrecido 8,5% con respecto al mismo semestre del a\u00f1o pasado. Esta disminuci\u00f3n est\u00e1 provocada por una ca\u00edda [&hellip;]<\/p>\n","protected":false},"author":1,"featured_media":50449,"comment_status":"closed","ping_status":"closed","sticky":false,"template":"","format":"standard","meta":{"footnotes":""},"categories":[568],"tags":[],"class_list":["post-77738","post","type-post","status-publish","format-standard","has-post-thumbnail","hentry","category-noticias"],"yoast_head":"<!-- This site is optimized with the Yoast SEO Premium plugin v27.4 (Yoast SEO v27.5) - https:\/\/yoast.com\/product\/yoast-seo-premium-wordpress\/ -->\n<title>Assessment of Gas Demand in Spain for the first half of 2013 - AleaSoft Energy Forecasting<\/title>\n<meta name=\"robots\" content=\"index, follow, max-snippet:-1, max-image-preview:large, max-video-preview:-1\" \/>\n<link rel=\"canonical\" href=\"https:\/\/aleasoft.com\/es\/assessment-of-gas-demand-in-spain-for-the-first-half-of-2013\/\" \/>\n<meta property=\"og:locale\" content=\"es_ES\" \/>\n<meta property=\"og:type\" content=\"article\" \/>\n<meta property=\"og:title\" content=\"Assessment of Gas Demand in Spain for the first half of 2013\" \/>\n<meta property=\"og:description\" content=\"Informaci\u00f3n elaborada por AleaSoft, empresa l\u00edder en el desarrollo de modelos de previsi\u00f3n de consumo y precios en mercados energ\u00e9ticos 12 de julio de 2013.- En el primer semestre del 2013 la demanda de gas en Espa\u00f1a ha decrecido 8,5% con respecto al mismo semestre del a\u00f1o pasado. Esta disminuci\u00f3n est\u00e1 provocada por una ca\u00edda [&hellip;]\" \/>\n<meta property=\"og:url\" content=\"https:\/\/aleasoft.com\/es\/assessment-of-gas-demand-in-spain-for-the-first-half-of-2013\/\" \/>\n<meta property=\"og:site_name\" content=\"AleaSoft Energy Forecasting\" \/>\n<meta property=\"article:publisher\" content=\"https:\/\/www.facebook.com\/AleaSoft\/\" \/>\n<meta property=\"article:published_time\" content=\"2013-07-11T22:00:00+00:00\" \/>\n<meta property=\"article:modified_time\" content=\"2022-05-23T12:58:38+00:00\" \/>\n<meta property=\"og:image\" content=\"https:\/\/aleasoft.com\/wp-content\/uploads\/2013\/07\/20130712-gas-demand-spain-en.jpg\" \/>\n\t<meta property=\"og:image:width\" content=\"750\" \/>\n\t<meta property=\"og:image:height\" content=\"527\" \/>\n\t<meta property=\"og:image:type\" content=\"image\/jpeg\" \/>\n<meta name=\"author\" content=\"AleaSoft Energy Forecasting\" \/>\n<meta name=\"twitter:card\" content=\"summary_large_image\" \/>\n<meta name=\"twitter:creator\" content=\"@AleaSoftEnergy\" \/>\n<meta name=\"twitter:site\" content=\"@AleaSoftEnergy\" \/>\n<meta name=\"twitter:label1\" content=\"Escrito por\" \/>\n\t<meta name=\"twitter:data1\" content=\"AleaSoft Energy Forecasting\" \/>\n\t<meta name=\"twitter:label2\" content=\"Tiempo de lectura\" \/>\n\t<meta name=\"twitter:data2\" content=\"2 minutos\" \/>\n<script type=\"application\/ld+json\" class=\"yoast-schema-graph\">{\"@context\":\"https:\\\/\\\/schema.org\",\"@graph\":[{\"@type\":\"Article\",\"@id\":\"https:\\\/\\\/aleasoft.com\\\/es\\\/assessment-of-gas-demand-in-spain-for-the-first-half-of-2013\\\/#article\",\"isPartOf\":{\"@id\":\"https:\\\/\\\/aleasoft.com\\\/es\\\/assessment-of-gas-demand-in-spain-for-the-first-half-of-2013\\\/\"},\"author\":{\"name\":\"AleaSoft Energy Forecasting\",\"@id\":\"https:\\\/\\\/aleasoft.com\\\/#\\\/schema\\\/person\\\/99ee8b0f2ecbd56ba78005c6b7864d67\"},\"headline\":\"Assessment of Gas Demand in Spain for the first half of 2013\",\"datePublished\":\"2013-07-11T22:00:00+00:00\",\"dateModified\":\"2022-05-23T12:58:38+00:00\",\"mainEntityOfPage\":{\"@id\":\"https:\\\/\\\/aleasoft.com\\\/es\\\/assessment-of-gas-demand-in-spain-for-the-first-half-of-2013\\\/\"},\"wordCount\":393,\"publisher\":{\"@id\":\"https:\\\/\\\/aleasoft.com\\\/#organization\"},\"image\":{\"@id\":\"https:\\\/\\\/aleasoft.com\\\/es\\\/assessment-of-gas-demand-in-spain-for-the-first-half-of-2013\\\/#primaryimage\"},\"thumbnailUrl\":\"https:\\\/\\\/aleasoft.com\\\/wp-content\\\/uploads\\\/2013\\\/07\\\/20130712-gas-demand-spain-en.jpg\",\"articleSection\":[\"Noticias\"],\"inLanguage\":\"es\"},{\"@type\":\"WebPage\",\"@id\":\"https:\\\/\\\/aleasoft.com\\\/es\\\/assessment-of-gas-demand-in-spain-for-the-first-half-of-2013\\\/\",\"url\":\"https:\\\/\\\/aleasoft.com\\\/es\\\/assessment-of-gas-demand-in-spain-for-the-first-half-of-2013\\\/\",\"name\":\"Assessment of Gas Demand in Spain for the first half of 2013 - AleaSoft Energy Forecasting\",\"isPartOf\":{\"@id\":\"https:\\\/\\\/aleasoft.com\\\/#website\"},\"primaryImageOfPage\":{\"@id\":\"https:\\\/\\\/aleasoft.com\\\/es\\\/assessment-of-gas-demand-in-spain-for-the-first-half-of-2013\\\/#primaryimage\"},\"image\":{\"@id\":\"https:\\\/\\\/aleasoft.com\\\/es\\\/assessment-of-gas-demand-in-spain-for-the-first-half-of-2013\\\/#primaryimage\"},\"thumbnailUrl\":\"https:\\\/\\\/aleasoft.com\\\/wp-content\\\/uploads\\\/2013\\\/07\\\/20130712-gas-demand-spain-en.jpg\",\"datePublished\":\"2013-07-11T22:00:00+00:00\",\"dateModified\":\"2022-05-23T12:58:38+00:00\",\"breadcrumb\":{\"@id\":\"https:\\\/\\\/aleasoft.com\\\/es\\\/assessment-of-gas-demand-in-spain-for-the-first-half-of-2013\\\/#breadcrumb\"},\"inLanguage\":\"es\",\"potentialAction\":[{\"@type\":\"ReadAction\",\"target\":[\"https:\\\/\\\/aleasoft.com\\\/es\\\/assessment-of-gas-demand-in-spain-for-the-first-half-of-2013\\\/\"]}]},{\"@type\":\"ImageObject\",\"inLanguage\":\"es\",\"@id\":\"https:\\\/\\\/aleasoft.com\\\/es\\\/assessment-of-gas-demand-in-spain-for-the-first-half-of-2013\\\/#primaryimage\",\"url\":\"https:\\\/\\\/aleasoft.com\\\/wp-content\\\/uploads\\\/2013\\\/07\\\/20130712-gas-demand-spain-en.jpg\",\"contentUrl\":\"https:\\\/\\\/aleasoft.com\\\/wp-content\\\/uploads\\\/2013\\\/07\\\/20130712-gas-demand-spain-en.jpg\",\"width\":750,\"height\":527},{\"@type\":\"BreadcrumbList\",\"@id\":\"https:\\\/\\\/aleasoft.com\\\/es\\\/assessment-of-gas-demand-in-spain-for-the-first-half-of-2013\\\/#breadcrumb\",\"itemListElement\":[{\"@type\":\"ListItem\",\"position\":1,\"name\":\"Home\",\"item\":\"https:\\\/\\\/aleasoft.com\\\/es\\\/\"},{\"@type\":\"ListItem\",\"position\":2,\"name\":\"Assessment of Gas Demand in Spain for the first half of 2013\"}]},{\"@type\":\"WebSite\",\"@id\":\"https:\\\/\\\/aleasoft.com\\\/#website\",\"url\":\"https:\\\/\\\/aleasoft.com\\\/\",\"name\":\"AleaSoft Energy Forecasting\",\"description\":\"Energy Forecasting\",\"publisher\":{\"@id\":\"https:\\\/\\\/aleasoft.com\\\/#organization\"},\"potentialAction\":[{\"@type\":\"SearchAction\",\"target\":{\"@type\":\"EntryPoint\",\"urlTemplate\":\"https:\\\/\\\/aleasoft.com\\\/?s={search_term_string}\"},\"query-input\":{\"@type\":\"PropertyValueSpecification\",\"valueRequired\":true,\"valueName\":\"search_term_string\"}}],\"inLanguage\":\"es\"},{\"@type\":\"Organization\",\"@id\":\"https:\\\/\\\/aleasoft.com\\\/#organization\",\"name\":\"AleaSoft Energy Forecasting\",\"url\":\"https:\\\/\\\/aleasoft.com\\\/\",\"logo\":{\"@type\":\"ImageObject\",\"inLanguage\":\"es\",\"@id\":\"https:\\\/\\\/aleasoft.com\\\/#\\\/schema\\\/logo\\\/image\\\/\",\"url\":\"https:\\\/\\\/aleasoft.com\\\/wp-content\\\/uploads\\\/2020\\\/01\\\/logo-alea-25.svg\",\"contentUrl\":\"https:\\\/\\\/aleasoft.com\\\/wp-content\\\/uploads\\\/2020\\\/01\\\/logo-alea-25.svg\",\"width\":7047,\"height\":1416,\"caption\":\"AleaSoft Energy Forecasting\"},\"image\":{\"@id\":\"https:\\\/\\\/aleasoft.com\\\/#\\\/schema\\\/logo\\\/image\\\/\"},\"sameAs\":[\"https:\\\/\\\/www.facebook.com\\\/AleaSoft\\\/\",\"https:\\\/\\\/x.com\\\/AleaSoftEnergy\",\"https:\\\/\\\/www.linkedin.com\\\/company\\\/aleasoft\\\/\"]},{\"@type\":\"Person\",\"@id\":\"https:\\\/\\\/aleasoft.com\\\/#\\\/schema\\\/person\\\/99ee8b0f2ecbd56ba78005c6b7864d67\",\"name\":\"AleaSoft Energy Forecasting\",\"image\":{\"@type\":\"ImageObject\",\"inLanguage\":\"es\",\"@id\":\"https:\\\/\\\/secure.gravatar.com\\\/avatar\\\/3ce8db70bda469bc8382df5990537888cf96f625c0fde5b0292ff5ab10560f88?s=96&d=mm&r=g\",\"url\":\"https:\\\/\\\/secure.gravatar.com\\\/avatar\\\/3ce8db70bda469bc8382df5990537888cf96f625c0fde5b0292ff5ab10560f88?s=96&d=mm&r=g\",\"contentUrl\":\"https:\\\/\\\/secure.gravatar.com\\\/avatar\\\/3ce8db70bda469bc8382df5990537888cf96f625c0fde5b0292ff5ab10560f88?s=96&d=mm&r=g\",\"caption\":\"AleaSoft Energy Forecasting\"},\"sameAs\":[\"http:\\\/\\\/aleasoft.com\"]}]}<\/script>\n<!-- \/ Yoast SEO Premium plugin. -->","yoast_head_json":{"title":"Assessment of Gas Demand in Spain for the first half of 2013 - AleaSoft Energy Forecasting","robots":{"index":"index","follow":"follow","max-snippet":"max-snippet:-1","max-image-preview":"max-image-preview:large","max-video-preview":"max-video-preview:-1"},"canonical":"https:\/\/aleasoft.com\/es\/assessment-of-gas-demand-in-spain-for-the-first-half-of-2013\/","og_locale":"es_ES","og_type":"article","og_title":"Assessment of Gas Demand in Spain for the first half of 2013","og_description":"Informaci\u00f3n elaborada por AleaSoft, empresa l\u00edder en el desarrollo de modelos de previsi\u00f3n de consumo y precios en mercados energ\u00e9ticos 12 de julio de 2013.- En el primer semestre del 2013 la demanda de gas en Espa\u00f1a ha decrecido 8,5% con respecto al mismo semestre del a\u00f1o pasado. Esta disminuci\u00f3n est\u00e1 provocada por una ca\u00edda [&hellip;]","og_url":"https:\/\/aleasoft.com\/es\/assessment-of-gas-demand-in-spain-for-the-first-half-of-2013\/","og_site_name":"AleaSoft Energy Forecasting","article_publisher":"https:\/\/www.facebook.com\/AleaSoft\/","article_published_time":"2013-07-11T22:00:00+00:00","article_modified_time":"2022-05-23T12:58:38+00:00","og_image":[{"width":750,"height":527,"url":"https:\/\/aleasoft.com\/wp-content\/uploads\/2013\/07\/20130712-gas-demand-spain-en.jpg","type":"image\/jpeg"}],"author":"AleaSoft Energy Forecasting","twitter_card":"summary_large_image","twitter_creator":"@AleaSoftEnergy","twitter_site":"@AleaSoftEnergy","twitter_misc":{"Escrito por":"AleaSoft Energy Forecasting","Tiempo de lectura":"2 minutos"},"schema":{"@context":"https:\/\/schema.org","@graph":[{"@type":"Article","@id":"https:\/\/aleasoft.com\/es\/assessment-of-gas-demand-in-spain-for-the-first-half-of-2013\/#article","isPartOf":{"@id":"https:\/\/aleasoft.com\/es\/assessment-of-gas-demand-in-spain-for-the-first-half-of-2013\/"},"author":{"name":"AleaSoft Energy Forecasting","@id":"https:\/\/aleasoft.com\/#\/schema\/person\/99ee8b0f2ecbd56ba78005c6b7864d67"},"headline":"Assessment of Gas Demand in Spain for the first half of 2013","datePublished":"2013-07-11T22:00:00+00:00","dateModified":"2022-05-23T12:58:38+00:00","mainEntityOfPage":{"@id":"https:\/\/aleasoft.com\/es\/assessment-of-gas-demand-in-spain-for-the-first-half-of-2013\/"},"wordCount":393,"publisher":{"@id":"https:\/\/aleasoft.com\/#organization"},"image":{"@id":"https:\/\/aleasoft.com\/es\/assessment-of-gas-demand-in-spain-for-the-first-half-of-2013\/#primaryimage"},"thumbnailUrl":"https:\/\/aleasoft.com\/wp-content\/uploads\/2013\/07\/20130712-gas-demand-spain-en.jpg","articleSection":["Noticias"],"inLanguage":"es"},{"@type":"WebPage","@id":"https:\/\/aleasoft.com\/es\/assessment-of-gas-demand-in-spain-for-the-first-half-of-2013\/","url":"https:\/\/aleasoft.com\/es\/assessment-of-gas-demand-in-spain-for-the-first-half-of-2013\/","name":"Assessment of Gas Demand in Spain for the first half of 2013 - AleaSoft Energy Forecasting","isPartOf":{"@id":"https:\/\/aleasoft.com\/#website"},"primaryImageOfPage":{"@id":"https:\/\/aleasoft.com\/es\/assessment-of-gas-demand-in-spain-for-the-first-half-of-2013\/#primaryimage"},"image":{"@id":"https:\/\/aleasoft.com\/es\/assessment-of-gas-demand-in-spain-for-the-first-half-of-2013\/#primaryimage"},"thumbnailUrl":"https:\/\/aleasoft.com\/wp-content\/uploads\/2013\/07\/20130712-gas-demand-spain-en.jpg","datePublished":"2013-07-11T22:00:00+00:00","dateModified":"2022-05-23T12:58:38+00:00","breadcrumb":{"@id":"https:\/\/aleasoft.com\/es\/assessment-of-gas-demand-in-spain-for-the-first-half-of-2013\/#breadcrumb"},"inLanguage":"es","potentialAction":[{"@type":"ReadAction","target":["https:\/\/aleasoft.com\/es\/assessment-of-gas-demand-in-spain-for-the-first-half-of-2013\/"]}]},{"@type":"ImageObject","inLanguage":"es","@id":"https:\/\/aleasoft.com\/es\/assessment-of-gas-demand-in-spain-for-the-first-half-of-2013\/#primaryimage","url":"https:\/\/aleasoft.com\/wp-content\/uploads\/2013\/07\/20130712-gas-demand-spain-en.jpg","contentUrl":"https:\/\/aleasoft.com\/wp-content\/uploads\/2013\/07\/20130712-gas-demand-spain-en.jpg","width":750,"height":527},{"@type":"BreadcrumbList","@id":"https:\/\/aleasoft.com\/es\/assessment-of-gas-demand-in-spain-for-the-first-half-of-2013\/#breadcrumb","itemListElement":[{"@type":"ListItem","position":1,"name":"Home","item":"https:\/\/aleasoft.com\/es\/"},{"@type":"ListItem","position":2,"name":"Assessment of Gas Demand in Spain for the first half of 2013"}]},{"@type":"WebSite","@id":"https:\/\/aleasoft.com\/#website","url":"https:\/\/aleasoft.com\/","name":"AleaSoft Energy Forecasting","description":"Energy Forecasting","publisher":{"@id":"https:\/\/aleasoft.com\/#organization"},"potentialAction":[{"@type":"SearchAction","target":{"@type":"EntryPoint","urlTemplate":"https:\/\/aleasoft.com\/?s={search_term_string}"},"query-input":{"@type":"PropertyValueSpecification","valueRequired":true,"valueName":"search_term_string"}}],"inLanguage":"es"},{"@type":"Organization","@id":"https:\/\/aleasoft.com\/#organization","name":"AleaSoft Energy Forecasting","url":"https:\/\/aleasoft.com\/","logo":{"@type":"ImageObject","inLanguage":"es","@id":"https:\/\/aleasoft.com\/#\/schema\/logo\/image\/","url":"https:\/\/aleasoft.com\/wp-content\/uploads\/2020\/01\/logo-alea-25.svg","contentUrl":"https:\/\/aleasoft.com\/wp-content\/uploads\/2020\/01\/logo-alea-25.svg","width":7047,"height":1416,"caption":"AleaSoft Energy Forecasting"},"image":{"@id":"https:\/\/aleasoft.com\/#\/schema\/logo\/image\/"},"sameAs":["https:\/\/www.facebook.com\/AleaSoft\/","https:\/\/x.com\/AleaSoftEnergy","https:\/\/www.linkedin.com\/company\/aleasoft\/"]},{"@type":"Person","@id":"https:\/\/aleasoft.com\/#\/schema\/person\/99ee8b0f2ecbd56ba78005c6b7864d67","name":"AleaSoft Energy Forecasting","image":{"@type":"ImageObject","inLanguage":"es","@id":"https:\/\/secure.gravatar.com\/avatar\/3ce8db70bda469bc8382df5990537888cf96f625c0fde5b0292ff5ab10560f88?s=96&d=mm&r=g","url":"https:\/\/secure.gravatar.com\/avatar\/3ce8db70bda469bc8382df5990537888cf96f625c0fde5b0292ff5ab10560f88?s=96&d=mm&r=g","contentUrl":"https:\/\/secure.gravatar.com\/avatar\/3ce8db70bda469bc8382df5990537888cf96f625c0fde5b0292ff5ab10560f88?s=96&d=mm&r=g","caption":"AleaSoft Energy Forecasting"},"sameAs":["http:\/\/aleasoft.com"]}]}},"_links":{"self":[{"href":"https:\/\/aleasoft.com\/es\/wp-json\/wp\/v2\/posts\/77738","targetHints":{"allow":["GET"]}}],"collection":[{"href":"https:\/\/aleasoft.com\/es\/wp-json\/wp\/v2\/posts"}],"about":[{"href":"https:\/\/aleasoft.com\/es\/wp-json\/wp\/v2\/types\/post"}],"author":[{"embeddable":true,"href":"https:\/\/aleasoft.com\/es\/wp-json\/wp\/v2\/users\/1"}],"replies":[{"embeddable":true,"href":"https:\/\/aleasoft.com\/es\/wp-json\/wp\/v2\/comments?post=77738"}],"version-history":[{"count":0,"href":"https:\/\/aleasoft.com\/es\/wp-json\/wp\/v2\/posts\/77738\/revisions"}],"wp:featuredmedia":[{"embeddable":true,"href":"https:\/\/aleasoft.com\/es\/wp-json\/wp\/v2\/media\/50449"}],"wp:attachment":[{"href":"https:\/\/aleasoft.com\/es\/wp-json\/wp\/v2\/media?parent=77738"}],"wp:term":[{"taxonomy":"category","embeddable":true,"href":"https:\/\/aleasoft.com\/es\/wp-json\/wp\/v2\/categories?post=77738"},{"taxonomy":"post_tag","embeddable":true,"href":"https:\/\/aleasoft.com\/es\/wp-json\/wp\/v2\/tags?post=77738"}],"curies":[{"name":"wp","href":"https:\/\/api.w.org\/{rel}","templated":true}]}}