{"id":77832,"date":"2016-02-04T00:00:00","date_gmt":"2016-02-03T23:00:00","guid":{"rendered":"https:\/\/aleasoft.com\/balance-de-consumo-electrico-europeo-del-ano-2015\/"},"modified":"2022-05-23T17:04:17","modified_gmt":"2022-05-23T15:04:17","slug":"balance-de-consumo-electrico-europeo-del-ano-2015","status":"publish","type":"post","link":"https:\/\/aleasoft.com\/es\/balance-de-consumo-electrico-europeo-del-ano-2015\/","title":{"rendered":"BALANCE DE CONSUMO EL\u00c9CTRICO EUROPEO DEL A\u00d1O 2015"},"content":{"rendered":"<p><strong>Informaci\u00f3n elaborada por AleaSoft, empresa l\u00edder en el desarrollo de modelos de previsi\u00f3n de consumo y precios en mercados energ\u00e9ticos<\/strong><\/p>\n<p><strong>04 de febrero de 2016- <\/strong>El pasado a\u00f1o 2015 ha estado marcado por una generalizada subida de la demanda el\u00e9ctrica respecto a su predecesor, con la excepci\u00f3n de Gran Breta\u00f1a.<\/p>\n<p>Pese a disponer solamente de datos provisionales del PIB para el \u00faltimo trimestre del a\u00f1o, el 2015 ha sido un a\u00f1o de crecimiento econ\u00f3mico en <strong>Espa\u00f1a<\/strong>, hecho que se ha notado en la demanda de electricidad. <strong>&nbsp;<\/strong>Durante el pasado a\u00f1o, el consumo de electricidad ha sido un 1,8% mayor que en 2014, un 1,6% corrigiendo los efectos de la temperatura y la laboralidad, seg\u00fan datos de REE (Red El\u00e9ctrica de Espa\u00f1a). La demanda de los tres primeros trimestres ha sido superior a la de los mismos periodos del 2014, y un diciembre caluroso ha hecho que no fuera as\u00ed para el \u00faltimo trimestre del a\u00f1o. Es conveniente remarcar que el consumo el\u00e9ctrico de julio ha sido un 11,1% superior que su hom\u00f3nimo del a\u00f1o anterior, n\u00famero que desciende a la cantidad de 5,5% despu\u00e9s de corregir los efectos de la temperatura y la laboralidad; este considerable aumento del consumo se ha debido a la ola de calor que golpe\u00f3 a gran parte de Europa durante este mes.<\/p>\n<p>Igual que en Espa\u00f1a, la demanda de <strong>Francia<\/strong> creci\u00f3 durante los primeros tres trimestres del a\u00f1o respecto a los del a\u00f1o anterior y, nuevamente, unas elevadas temperaturas en diciembre fueron las causantes de que no fuera as\u00ed para el cuarto. La demanda total interanual ha crecido un 2,7%, mientras que, teniendo ya los datos del PIB de los primeros tres trimestres, se espera que este suba en 2015 un 1,1% respecto al 2014.<\/p>\n<p><strong>Gran Breta\u00f1a <\/strong>marca la diferencia disminuyendo su demanda el\u00e9ctrica anual en 2015 un 2,9% respecto al a\u00f1o anterior. Con un crecimiento econ\u00f3mico positivo, las causantes de esta disminuci\u00f3n del consumo de electricidad han sido las suaves temperaturas que se han vivido en el pa\u00eds desde la primavera de 2015. Un diciembre c\u00e1lido (como viene siendo norma en Europa occidental) y un fresco verano han propiciado un descenso de la demanda de todos los trimestres respecto al 2014, a excepci\u00f3n del primero.<\/p>\n<p>En <strong>Italia,<\/strong> la demanda el\u00e9ctrica interanual subi\u00f3 el pasado a\u00f1o un 1,5%, con un crecimiento esperado del PIB de 0,8%. &nbsp;Sin embargo, la antes mencionada ola de calor hizo que el consumo el\u00e9ctrico en julio fuera un 13,72% mayor que en el mismo periodo de 2014. As\u00ed pues, vemos que el crecimiento de la demanda de Italia est\u00e1 muy concentrado en ese mes, siendo la variaci\u00f3n respecto a 2014 mucho m\u00e1s suave para el resto de meses.<\/p>\n<p><a href=\"https:\/\/aleasoft.com\/wp-content\/uploads\/2016\/04\/20160204-1-AleaSoft-Assessment-Electricity-Consumption-WesternEurope.jpeg\"><img fetchpriority=\"high\" decoding=\"async\" class=\"size-full wp-image-8668 aligncenter\" src=\"https:\/\/aleasoft.com\/wp-content\/uploads\/2016\/04\/20160204-1-AleaSoft-Assessment-Electricity-Consumption-WesternEurope.jpeg\" alt=\"20160204-1-AleaSoft-Assessment-Electricity-Consumption-WesternEurope\" width=\"610\" height=\"430\"><\/a><\/p>\n<p><span style=\"font-size: xx-small;\">Evoluci\u00f3n de la demanda el\u00e9ctrica mensual en Europa Occidental -2014 y 2015- (TWh).<\/span><span style=\"font-size: xx-small;\"><br \/>\nFuentes: Espa\u00f1a: REE, Francia: RTE, Gran Breta\u00f1a: National Grid, Italia: TERNA.<br \/>\n<\/span><\/p>\n<p><strong>Previsiones de demanda el\u00e9ctrica en Europa Occidental<\/strong><\/p>\n<p>En general, en Europa occidental se espera un crecimiento de la actividad econ\u00f3mica para 2016. Por esa raz\u00f3n, los resultados de las previsiones de consumo de electricidad obtenidos usando los modelos de AleaSoft son de crecimiento para los pa\u00edses analizados anteriormente.<\/p>\n<p>En <strong>Espa\u00f1a<\/strong> se espera que la demanda el\u00e9ctrica crezca en 2016, teniendo en cuenta un escenario crecimiento anual del PIB de 2,7%.<\/p>\n<p>El consumo de energ\u00eda el\u00e9ctrica previsto para 2016 en <strong>Francia <\/strong>es superior al registrado en 2015, suponiendo un crecimiento del PIB de 1,3%.<\/p>\n<p>En el caso de <strong>Gran Breta\u00f1a<\/strong>, se prev\u00e9 que la demanda el\u00e9ctrica crezca este a\u00f1o, asumiendo un crecimiento anual del PIB de Reino Unido de 2,2%.<\/p>\n<p>Finalmente, se espera que en <strong>Italia<\/strong> la demanda el\u00e9ctrica tambi\u00e9n sea superior a la de 2015, teniendo en cuenta un crecimiento interanual del PIB de 1,3% para el 2016.<\/p>\n<p>Descargar el <a href=\"https:\/\/aleasoft.com\/wp-content\/uploads\/2016\/02\/20160204-AssessmentElectricityConsumption-2015-Es.pdf\">PDF<\/a><\/p>\n","protected":false},"excerpt":{"rendered":"<p>Informaci\u00f3n elaborada por AleaSoft, empresa l\u00edder en el desarrollo de modelos de previsi\u00f3n de consumo y precios en mercados energ\u00e9ticos 04 de febrero de 2016- El pasado a\u00f1o 2015 ha estado marcado por una generalizada subida de la demanda el\u00e9ctrica respecto a su predecesor, con la excepci\u00f3n de Gran Breta\u00f1a. Pese a disponer solamente de [&hellip;]<\/p>\n","protected":false},"author":1,"featured_media":55399,"comment_status":"closed","ping_status":"closed","sticky":false,"template":"","format":"standard","meta":{"footnotes":""},"categories":[568],"tags":[],"class_list":["post-77832","post","type-post","status-publish","format-standard","has-post-thumbnail","hentry","category-noticias"],"yoast_head":"<!-- This site is optimized with the Yoast SEO Premium plugin v27.4 (Yoast SEO v27.5) - https:\/\/yoast.com\/product\/yoast-seo-premium-wordpress\/ -->\n<title>BALANCE DE CONSUMO EL\u00c9CTRICO EUROPEO DEL A\u00d1O 2015 - AleaSoft Energy Forecasting<\/title>\n<meta name=\"robots\" content=\"index, follow, max-snippet:-1, max-image-preview:large, max-video-preview:-1\" \/>\n<link rel=\"canonical\" href=\"https:\/\/aleasoft.com\/es\/balance-de-consumo-electrico-europeo-del-ano-2015\/\" \/>\n<meta property=\"og:locale\" content=\"es_ES\" \/>\n<meta property=\"og:type\" content=\"article\" \/>\n<meta property=\"og:title\" content=\"BALANCE DE CONSUMO EL\u00c9CTRICO EUROPEO DEL A\u00d1O 2015\" \/>\n<meta property=\"og:description\" content=\"Informaci\u00f3n elaborada por AleaSoft, empresa l\u00edder en el desarrollo de modelos de previsi\u00f3n de consumo y precios en mercados energ\u00e9ticos 04 de febrero de 2016- El pasado a\u00f1o 2015 ha estado marcado por una generalizada subida de la demanda el\u00e9ctrica respecto a su predecesor, con la excepci\u00f3n de Gran Breta\u00f1a. Pese a disponer solamente de [&hellip;]\" \/>\n<meta property=\"og:url\" content=\"https:\/\/aleasoft.com\/es\/balance-de-consumo-electrico-europeo-del-ano-2015\/\" \/>\n<meta property=\"og:site_name\" content=\"AleaSoft Energy Forecasting\" \/>\n<meta property=\"article:publisher\" content=\"https:\/\/www.facebook.com\/AleaSoft\/\" \/>\n<meta property=\"article:published_time\" content=\"2016-02-03T23:00:00+00:00\" \/>\n<meta property=\"article:modified_time\" content=\"2022-05-23T15:04:17+00:00\" \/>\n<meta property=\"og:image\" content=\"https:\/\/aleasoft.com\/wp-content\/uploads\/2016\/02\/20160204-2-AleaSoft-Assessment-Electricity-Consumption-WesternEurope.jpeg\" \/>\n\t<meta property=\"og:image:width\" content=\"610\" \/>\n\t<meta property=\"og:image:height\" content=\"430\" \/>\n\t<meta property=\"og:image:type\" content=\"image\/jpeg\" \/>\n<meta name=\"author\" content=\"AleaSoft Energy Forecasting\" \/>\n<meta name=\"twitter:card\" content=\"summary_large_image\" \/>\n<meta name=\"twitter:creator\" content=\"@AleaSoftEnergy\" \/>\n<meta name=\"twitter:site\" content=\"@AleaSoftEnergy\" \/>\n<meta name=\"twitter:label1\" content=\"Escrito por\" \/>\n\t<meta name=\"twitter:data1\" content=\"AleaSoft Energy Forecasting\" \/>\n\t<meta name=\"twitter:label2\" content=\"Tiempo de lectura\" \/>\n\t<meta name=\"twitter:data2\" content=\"3 minutos\" \/>\n<script type=\"application\/ld+json\" class=\"yoast-schema-graph\">{\"@context\":\"https:\\\/\\\/schema.org\",\"@graph\":[{\"@type\":\"Article\",\"@id\":\"https:\\\/\\\/aleasoft.com\\\/es\\\/balance-de-consumo-electrico-europeo-del-ano-2015\\\/#article\",\"isPartOf\":{\"@id\":\"https:\\\/\\\/aleasoft.com\\\/es\\\/balance-de-consumo-electrico-europeo-del-ano-2015\\\/\"},\"author\":{\"name\":\"AleaSoft Energy Forecasting\",\"@id\":\"https:\\\/\\\/aleasoft.com\\\/#\\\/schema\\\/person\\\/99ee8b0f2ecbd56ba78005c6b7864d67\"},\"headline\":\"BALANCE DE CONSUMO EL\u00c9CTRICO EUROPEO DEL A\u00d1O 2015\",\"datePublished\":\"2016-02-03T23:00:00+00:00\",\"dateModified\":\"2022-05-23T15:04:17+00:00\",\"mainEntityOfPage\":{\"@id\":\"https:\\\/\\\/aleasoft.com\\\/es\\\/balance-de-consumo-electrico-europeo-del-ano-2015\\\/\"},\"wordCount\":657,\"publisher\":{\"@id\":\"https:\\\/\\\/aleasoft.com\\\/#organization\"},\"image\":{\"@id\":\"https:\\\/\\\/aleasoft.com\\\/es\\\/balance-de-consumo-electrico-europeo-del-ano-2015\\\/#primaryimage\"},\"thumbnailUrl\":\"https:\\\/\\\/aleasoft.com\\\/wp-content\\\/uploads\\\/2016\\\/02\\\/20160204-2-AleaSoft-Assessment-Electricity-Consumption-WesternEurope.jpeg\",\"articleSection\":[\"Noticias\"],\"inLanguage\":\"es\"},{\"@type\":\"WebPage\",\"@id\":\"https:\\\/\\\/aleasoft.com\\\/es\\\/balance-de-consumo-electrico-europeo-del-ano-2015\\\/\",\"url\":\"https:\\\/\\\/aleasoft.com\\\/es\\\/balance-de-consumo-electrico-europeo-del-ano-2015\\\/\",\"name\":\"BALANCE DE CONSUMO EL\u00c9CTRICO EUROPEO DEL A\u00d1O 2015 - AleaSoft Energy Forecasting\",\"isPartOf\":{\"@id\":\"https:\\\/\\\/aleasoft.com\\\/#website\"},\"primaryImageOfPage\":{\"@id\":\"https:\\\/\\\/aleasoft.com\\\/es\\\/balance-de-consumo-electrico-europeo-del-ano-2015\\\/#primaryimage\"},\"image\":{\"@id\":\"https:\\\/\\\/aleasoft.com\\\/es\\\/balance-de-consumo-electrico-europeo-del-ano-2015\\\/#primaryimage\"},\"thumbnailUrl\":\"https:\\\/\\\/aleasoft.com\\\/wp-content\\\/uploads\\\/2016\\\/02\\\/20160204-2-AleaSoft-Assessment-Electricity-Consumption-WesternEurope.jpeg\",\"datePublished\":\"2016-02-03T23:00:00+00:00\",\"dateModified\":\"2022-05-23T15:04:17+00:00\",\"breadcrumb\":{\"@id\":\"https:\\\/\\\/aleasoft.com\\\/es\\\/balance-de-consumo-electrico-europeo-del-ano-2015\\\/#breadcrumb\"},\"inLanguage\":\"es\",\"potentialAction\":[{\"@type\":\"ReadAction\",\"target\":[\"https:\\\/\\\/aleasoft.com\\\/es\\\/balance-de-consumo-electrico-europeo-del-ano-2015\\\/\"]}]},{\"@type\":\"ImageObject\",\"inLanguage\":\"es\",\"@id\":\"https:\\\/\\\/aleasoft.com\\\/es\\\/balance-de-consumo-electrico-europeo-del-ano-2015\\\/#primaryimage\",\"url\":\"https:\\\/\\\/aleasoft.com\\\/wp-content\\\/uploads\\\/2016\\\/02\\\/20160204-2-AleaSoft-Assessment-Electricity-Consumption-WesternEurope.jpeg\",\"contentUrl\":\"https:\\\/\\\/aleasoft.com\\\/wp-content\\\/uploads\\\/2016\\\/02\\\/20160204-2-AleaSoft-Assessment-Electricity-Consumption-WesternEurope.jpeg\",\"width\":610,\"height\":430},{\"@type\":\"BreadcrumbList\",\"@id\":\"https:\\\/\\\/aleasoft.com\\\/es\\\/balance-de-consumo-electrico-europeo-del-ano-2015\\\/#breadcrumb\",\"itemListElement\":[{\"@type\":\"ListItem\",\"position\":1,\"name\":\"Home\",\"item\":\"https:\\\/\\\/aleasoft.com\\\/es\\\/\"},{\"@type\":\"ListItem\",\"position\":2,\"name\":\"BALANCE DE CONSUMO EL\u00c9CTRICO EUROPEO DEL A\u00d1O 2015\"}]},{\"@type\":\"WebSite\",\"@id\":\"https:\\\/\\\/aleasoft.com\\\/#website\",\"url\":\"https:\\\/\\\/aleasoft.com\\\/\",\"name\":\"AleaSoft Energy Forecasting\",\"description\":\"Energy Forecasting\",\"publisher\":{\"@id\":\"https:\\\/\\\/aleasoft.com\\\/#organization\"},\"potentialAction\":[{\"@type\":\"SearchAction\",\"target\":{\"@type\":\"EntryPoint\",\"urlTemplate\":\"https:\\\/\\\/aleasoft.com\\\/?s={search_term_string}\"},\"query-input\":{\"@type\":\"PropertyValueSpecification\",\"valueRequired\":true,\"valueName\":\"search_term_string\"}}],\"inLanguage\":\"es\"},{\"@type\":\"Organization\",\"@id\":\"https:\\\/\\\/aleasoft.com\\\/#organization\",\"name\":\"AleaSoft Energy Forecasting\",\"url\":\"https:\\\/\\\/aleasoft.com\\\/\",\"logo\":{\"@type\":\"ImageObject\",\"inLanguage\":\"es\",\"@id\":\"https:\\\/\\\/aleasoft.com\\\/#\\\/schema\\\/logo\\\/image\\\/\",\"url\":\"https:\\\/\\\/aleasoft.com\\\/wp-content\\\/uploads\\\/2020\\\/01\\\/logo-alea-25.svg\",\"contentUrl\":\"https:\\\/\\\/aleasoft.com\\\/wp-content\\\/uploads\\\/2020\\\/01\\\/logo-alea-25.svg\",\"width\":7047,\"height\":1416,\"caption\":\"AleaSoft Energy Forecasting\"},\"image\":{\"@id\":\"https:\\\/\\\/aleasoft.com\\\/#\\\/schema\\\/logo\\\/image\\\/\"},\"sameAs\":[\"https:\\\/\\\/www.facebook.com\\\/AleaSoft\\\/\",\"https:\\\/\\\/x.com\\\/AleaSoftEnergy\",\"https:\\\/\\\/www.linkedin.com\\\/company\\\/aleasoft\\\/\"]},{\"@type\":\"Person\",\"@id\":\"https:\\\/\\\/aleasoft.com\\\/#\\\/schema\\\/person\\\/99ee8b0f2ecbd56ba78005c6b7864d67\",\"name\":\"AleaSoft Energy Forecasting\",\"image\":{\"@type\":\"ImageObject\",\"inLanguage\":\"es\",\"@id\":\"https:\\\/\\\/secure.gravatar.com\\\/avatar\\\/3ce8db70bda469bc8382df5990537888cf96f625c0fde5b0292ff5ab10560f88?s=96&d=mm&r=g\",\"url\":\"https:\\\/\\\/secure.gravatar.com\\\/avatar\\\/3ce8db70bda469bc8382df5990537888cf96f625c0fde5b0292ff5ab10560f88?s=96&d=mm&r=g\",\"contentUrl\":\"https:\\\/\\\/secure.gravatar.com\\\/avatar\\\/3ce8db70bda469bc8382df5990537888cf96f625c0fde5b0292ff5ab10560f88?s=96&d=mm&r=g\",\"caption\":\"AleaSoft Energy Forecasting\"},\"sameAs\":[\"http:\\\/\\\/aleasoft.com\"]}]}<\/script>\n<!-- \/ Yoast SEO Premium plugin. -->","yoast_head_json":{"title":"BALANCE DE CONSUMO EL\u00c9CTRICO EUROPEO DEL A\u00d1O 2015 - AleaSoft Energy Forecasting","robots":{"index":"index","follow":"follow","max-snippet":"max-snippet:-1","max-image-preview":"max-image-preview:large","max-video-preview":"max-video-preview:-1"},"canonical":"https:\/\/aleasoft.com\/es\/balance-de-consumo-electrico-europeo-del-ano-2015\/","og_locale":"es_ES","og_type":"article","og_title":"BALANCE DE CONSUMO EL\u00c9CTRICO EUROPEO DEL A\u00d1O 2015","og_description":"Informaci\u00f3n elaborada por AleaSoft, empresa l\u00edder en el desarrollo de modelos de previsi\u00f3n de consumo y precios en mercados energ\u00e9ticos 04 de febrero de 2016- El pasado a\u00f1o 2015 ha estado marcado por una generalizada subida de la demanda el\u00e9ctrica respecto a su predecesor, con la excepci\u00f3n de Gran Breta\u00f1a. Pese a disponer solamente de [&hellip;]","og_url":"https:\/\/aleasoft.com\/es\/balance-de-consumo-electrico-europeo-del-ano-2015\/","og_site_name":"AleaSoft Energy Forecasting","article_publisher":"https:\/\/www.facebook.com\/AleaSoft\/","article_published_time":"2016-02-03T23:00:00+00:00","article_modified_time":"2022-05-23T15:04:17+00:00","og_image":[{"width":610,"height":430,"url":"https:\/\/aleasoft.com\/wp-content\/uploads\/2016\/02\/20160204-2-AleaSoft-Assessment-Electricity-Consumption-WesternEurope.jpeg","type":"image\/jpeg"}],"author":"AleaSoft Energy Forecasting","twitter_card":"summary_large_image","twitter_creator":"@AleaSoftEnergy","twitter_site":"@AleaSoftEnergy","twitter_misc":{"Escrito por":"AleaSoft Energy Forecasting","Tiempo de lectura":"3 minutos"},"schema":{"@context":"https:\/\/schema.org","@graph":[{"@type":"Article","@id":"https:\/\/aleasoft.com\/es\/balance-de-consumo-electrico-europeo-del-ano-2015\/#article","isPartOf":{"@id":"https:\/\/aleasoft.com\/es\/balance-de-consumo-electrico-europeo-del-ano-2015\/"},"author":{"name":"AleaSoft Energy Forecasting","@id":"https:\/\/aleasoft.com\/#\/schema\/person\/99ee8b0f2ecbd56ba78005c6b7864d67"},"headline":"BALANCE DE CONSUMO EL\u00c9CTRICO EUROPEO DEL A\u00d1O 2015","datePublished":"2016-02-03T23:00:00+00:00","dateModified":"2022-05-23T15:04:17+00:00","mainEntityOfPage":{"@id":"https:\/\/aleasoft.com\/es\/balance-de-consumo-electrico-europeo-del-ano-2015\/"},"wordCount":657,"publisher":{"@id":"https:\/\/aleasoft.com\/#organization"},"image":{"@id":"https:\/\/aleasoft.com\/es\/balance-de-consumo-electrico-europeo-del-ano-2015\/#primaryimage"},"thumbnailUrl":"https:\/\/aleasoft.com\/wp-content\/uploads\/2016\/02\/20160204-2-AleaSoft-Assessment-Electricity-Consumption-WesternEurope.jpeg","articleSection":["Noticias"],"inLanguage":"es"},{"@type":"WebPage","@id":"https:\/\/aleasoft.com\/es\/balance-de-consumo-electrico-europeo-del-ano-2015\/","url":"https:\/\/aleasoft.com\/es\/balance-de-consumo-electrico-europeo-del-ano-2015\/","name":"BALANCE DE CONSUMO EL\u00c9CTRICO EUROPEO DEL A\u00d1O 2015 - AleaSoft Energy Forecasting","isPartOf":{"@id":"https:\/\/aleasoft.com\/#website"},"primaryImageOfPage":{"@id":"https:\/\/aleasoft.com\/es\/balance-de-consumo-electrico-europeo-del-ano-2015\/#primaryimage"},"image":{"@id":"https:\/\/aleasoft.com\/es\/balance-de-consumo-electrico-europeo-del-ano-2015\/#primaryimage"},"thumbnailUrl":"https:\/\/aleasoft.com\/wp-content\/uploads\/2016\/02\/20160204-2-AleaSoft-Assessment-Electricity-Consumption-WesternEurope.jpeg","datePublished":"2016-02-03T23:00:00+00:00","dateModified":"2022-05-23T15:04:17+00:00","breadcrumb":{"@id":"https:\/\/aleasoft.com\/es\/balance-de-consumo-electrico-europeo-del-ano-2015\/#breadcrumb"},"inLanguage":"es","potentialAction":[{"@type":"ReadAction","target":["https:\/\/aleasoft.com\/es\/balance-de-consumo-electrico-europeo-del-ano-2015\/"]}]},{"@type":"ImageObject","inLanguage":"es","@id":"https:\/\/aleasoft.com\/es\/balance-de-consumo-electrico-europeo-del-ano-2015\/#primaryimage","url":"https:\/\/aleasoft.com\/wp-content\/uploads\/2016\/02\/20160204-2-AleaSoft-Assessment-Electricity-Consumption-WesternEurope.jpeg","contentUrl":"https:\/\/aleasoft.com\/wp-content\/uploads\/2016\/02\/20160204-2-AleaSoft-Assessment-Electricity-Consumption-WesternEurope.jpeg","width":610,"height":430},{"@type":"BreadcrumbList","@id":"https:\/\/aleasoft.com\/es\/balance-de-consumo-electrico-europeo-del-ano-2015\/#breadcrumb","itemListElement":[{"@type":"ListItem","position":1,"name":"Home","item":"https:\/\/aleasoft.com\/es\/"},{"@type":"ListItem","position":2,"name":"BALANCE DE CONSUMO EL\u00c9CTRICO EUROPEO DEL A\u00d1O 2015"}]},{"@type":"WebSite","@id":"https:\/\/aleasoft.com\/#website","url":"https:\/\/aleasoft.com\/","name":"AleaSoft Energy Forecasting","description":"Energy Forecasting","publisher":{"@id":"https:\/\/aleasoft.com\/#organization"},"potentialAction":[{"@type":"SearchAction","target":{"@type":"EntryPoint","urlTemplate":"https:\/\/aleasoft.com\/?s={search_term_string}"},"query-input":{"@type":"PropertyValueSpecification","valueRequired":true,"valueName":"search_term_string"}}],"inLanguage":"es"},{"@type":"Organization","@id":"https:\/\/aleasoft.com\/#organization","name":"AleaSoft Energy Forecasting","url":"https:\/\/aleasoft.com\/","logo":{"@type":"ImageObject","inLanguage":"es","@id":"https:\/\/aleasoft.com\/#\/schema\/logo\/image\/","url":"https:\/\/aleasoft.com\/wp-content\/uploads\/2020\/01\/logo-alea-25.svg","contentUrl":"https:\/\/aleasoft.com\/wp-content\/uploads\/2020\/01\/logo-alea-25.svg","width":7047,"height":1416,"caption":"AleaSoft Energy Forecasting"},"image":{"@id":"https:\/\/aleasoft.com\/#\/schema\/logo\/image\/"},"sameAs":["https:\/\/www.facebook.com\/AleaSoft\/","https:\/\/x.com\/AleaSoftEnergy","https:\/\/www.linkedin.com\/company\/aleasoft\/"]},{"@type":"Person","@id":"https:\/\/aleasoft.com\/#\/schema\/person\/99ee8b0f2ecbd56ba78005c6b7864d67","name":"AleaSoft Energy Forecasting","image":{"@type":"ImageObject","inLanguage":"es","@id":"https:\/\/secure.gravatar.com\/avatar\/3ce8db70bda469bc8382df5990537888cf96f625c0fde5b0292ff5ab10560f88?s=96&d=mm&r=g","url":"https:\/\/secure.gravatar.com\/avatar\/3ce8db70bda469bc8382df5990537888cf96f625c0fde5b0292ff5ab10560f88?s=96&d=mm&r=g","contentUrl":"https:\/\/secure.gravatar.com\/avatar\/3ce8db70bda469bc8382df5990537888cf96f625c0fde5b0292ff5ab10560f88?s=96&d=mm&r=g","caption":"AleaSoft Energy Forecasting"},"sameAs":["http:\/\/aleasoft.com"]}]}},"_links":{"self":[{"href":"https:\/\/aleasoft.com\/es\/wp-json\/wp\/v2\/posts\/77832","targetHints":{"allow":["GET"]}}],"collection":[{"href":"https:\/\/aleasoft.com\/es\/wp-json\/wp\/v2\/posts"}],"about":[{"href":"https:\/\/aleasoft.com\/es\/wp-json\/wp\/v2\/types\/post"}],"author":[{"embeddable":true,"href":"https:\/\/aleasoft.com\/es\/wp-json\/wp\/v2\/users\/1"}],"replies":[{"embeddable":true,"href":"https:\/\/aleasoft.com\/es\/wp-json\/wp\/v2\/comments?post=77832"}],"version-history":[{"count":0,"href":"https:\/\/aleasoft.com\/es\/wp-json\/wp\/v2\/posts\/77832\/revisions"}],"wp:featuredmedia":[{"embeddable":true,"href":"https:\/\/aleasoft.com\/es\/wp-json\/wp\/v2\/media\/55399"}],"wp:attachment":[{"href":"https:\/\/aleasoft.com\/es\/wp-json\/wp\/v2\/media?parent=77832"}],"wp:term":[{"taxonomy":"category","embeddable":true,"href":"https:\/\/aleasoft.com\/es\/wp-json\/wp\/v2\/categories?post=77832"},{"taxonomy":"post_tag","embeddable":true,"href":"https:\/\/aleasoft.com\/es\/wp-json\/wp\/v2\/tags?post=77832"}],"curies":[{"name":"wp","href":"https:\/\/api.w.org\/{rel}","templated":true}]}}