{"id":77850,"date":"2017-01-05T00:00:00","date_gmt":"2017-01-04T23:00:00","guid":{"rendered":"https:\/\/aleasoft.com\/balance-consumo-electrico-europeo-2016\/"},"modified":"2022-05-23T16:54:03","modified_gmt":"2022-05-23T14:54:03","slug":"balance-consumo-electrico-europeo-2016","status":"publish","type":"post","link":"https:\/\/aleasoft.com\/es\/balance-consumo-electrico-europeo-2016\/","title":{"rendered":"BALANCE DE CONSUMO EL\u00c9CTRICO EUROPEO DEL A\u00d1O 2016"},"content":{"rendered":"<p><strong>05 de enero de 2017- <\/strong>La demanda el\u00e9ctrica de los principales pa\u00edses de Europa Occidental ha tenido un comportamiento desigual en el a\u00f1o reci\u00e9n finalizado. En Espa\u00f1a y Francia la demanda el\u00e9ctrica bruta ha aumentado respecto al 2015, mientras que en Alemania, Gran Breta\u00f1a e Italia el comportamiento ha sido a la inversa.<\/p>\n<p>En <strong>Espa\u00f1a<\/strong>, la demanda el\u00e9ctrica de 2016 ha sido 0,7% mayor que la del a\u00f1o 2015, seg\u00fan datos publicados por REE (Red El\u00e9ctrica de Espa\u00f1a). Sin embargo, una vez corregidos los efectos de laboralidad y temperatura, el crecimiento ha sido nulo. Septiembre se sit\u00faa como el mes de mayor crecimiento bruto interanual del a\u00f1o (6,7%), mes en que las temperaturas fueron superiores a las del mismo per\u00edodo del a\u00f1o 2015. Se estima que la econom\u00eda espa\u00f1ola ha crecido un 3,2% en el a\u00f1o reci\u00e9n finalizado.<\/p>\n<p>La demanda el\u00e9ctrica de <strong>Francia<\/strong> ha crecido 1,4% en el a\u00f1o 2016 respecto a su predecesor. El mayor crecimiento ha sido en el \u00faltimo trimestre del a\u00f1o (7,4%) en el que las temperaturas fueron notablemente inferiores a las del mismo trimestre del a\u00f1o anterior. Se espera que el crecimiento anual de la econom\u00eda gala sea de un 1,2% en el 2016.<\/p>\n<p>En el caso de <strong>Alemania<\/strong>, en 2016 la demanda ha sido 0,3% m\u00e1s baja que en 2015. La temperatura media de Alemania en los tres primeros trimestres del a\u00f1o ha sido ligeramente superior a la del a\u00f1o 2015, mientras que en el \u00faltimo trimestre del a\u00f1o las temperaturas han sido m\u00e1s bajas lo que ha provocado que la demanda el\u00e9ctrica de este trimestre haya sido 1,3% m\u00e1s alta que en el mismo trimestre del a\u00f1o 2015. Teniendo en cuenta que a\u00fan no est\u00e1n disponibles los valores de crecimiento de PIB del \u00faltimo trimestre del a\u00f1o pasado, se espera que el valor anual se sit\u00fae en torno al 1,7%.<\/p>\n<p>En <strong>Gran Breta\u00f1a<\/strong>, el a\u00f1o 2016 ha cerrado con una disminuci\u00f3n de la demanda el\u00e9ctrica de 2,6%. De media la temperatura de los tres primeros trimestres del a\u00f1o fue m\u00e1s alta que la del 2015, mientras que en el \u00faltimo trimestre la temperatura fue inferior a la del mismo trimestre del a\u00f1o anterior. En cuanto al PIB de Reino Unido, se estima que en 2016 la econom\u00eda haya crecido 1,8%.<\/p>\n<p>La demanda el\u00e9ctrica de <strong>Italia<\/strong> en 2016 ha sido 1,9% inferior si se compara con la del a\u00f1o 2015. La mayor disminuci\u00f3n de la demanda, -8,6%, se ha producido en julio de 2016, lo cual est\u00e1 explicado por la ola de calor de julio de 2015 que hizo aumentar significativamente la demanda de ese mes. Se espera que la econom\u00eda italiana haya crecido en el 2016 un 0,8%.<\/p>\n<p><a href=\"https:\/\/aleasoft.com\/wp-content\/uploads\/2017\/01\/20170105-1-AleaSoft-Assessment-Electricity-Consumption-WesternEurope.jpg\"><img fetchpriority=\"high\" decoding=\"async\" class=\"size-full wp-image-8649 aligncenter\" src=\"https:\/\/aleasoft.com\/wp-content\/uploads\/2017\/01\/20170105-1-AleaSoft-Assessment-Electricity-Consumption-WesternEurope.jpg\" alt=\"20170105-1-AleaSoft-Assessment-Electricity-Consumption-WesternEurope\" width=\"610\" height=\"430\"><\/a><span style=\"font-size: xx-small;\">Evoluci\u00f3n de la demanda el\u00e9ctrica mensual en Europa Occidental -2015 y 2016- (TWh).<br \/>\nFuentes: Espa\u00f1a: REE, Francia: RTE, Alemania: ENTSOE, Gran Breta\u00f1a: National Grid, Italia: TERNA.<\/span><\/p>\n<p><strong>Previsiones de demanda el\u00e9ctrica en Europa Occidental<\/strong><\/p>\n<p>AleaSoft prev\u00e9 que la demanda el\u00e9ctrica de los principales pa\u00edses de Europa crecer\u00e1 en 2017 si se compara con la demanda del 2016. Las previsiones de AleaSoft se han obtenido utilizando un escenario de temperaturas medio y los siguientes valores previstos de crecimiento de PIB para cada pa\u00eds.<\/p>\n<p><a href=\"https:\/\/aleasoft.com\/wp-content\/uploads\/2017\/01\/20170105-2-AleaSoft-countries-GDP-growth-year.jpg\"><img decoding=\"async\" class=\"size-full aligncenter\" src=\"https:\/\/aleasoft.com\/wp-content\/uploads\/2017\/01\/20170105-1-AleaSoft-countries-GDP-growth-year.jpg\" alt=\"20170105-1-AleaSoft-countries-GDP-growth-year\"><\/a><\/p>\n<p><a href=\"https:\/\/aleasoft.com\/wp-content\/uploads\/2017\/01\/20170105-AssessmentElectricityConsumption-2016-ES.pdf\">Descargar PDF<\/a><\/p>\n","protected":false},"excerpt":{"rendered":"<p>05 de enero de 2017- La demanda el\u00e9ctrica de los principales pa\u00edses de Europa Occidental ha tenido un comportamiento desigual en el a\u00f1o reci\u00e9n finalizado. En Espa\u00f1a y Francia la demanda el\u00e9ctrica bruta ha aumentado respecto al 2015, mientras que en Alemania, Gran Breta\u00f1a e Italia el comportamiento ha sido a la inversa. En Espa\u00f1a, [&hellip;]<\/p>\n","protected":false},"author":1,"featured_media":56934,"comment_status":"closed","ping_status":"closed","sticky":false,"template":"","format":"standard","meta":{"footnotes":""},"categories":[568],"tags":[],"class_list":["post-77850","post","type-post","status-publish","format-standard","has-post-thumbnail","hentry","category-noticias"],"yoast_head":"<!-- This site is optimized with the Yoast SEO Premium plugin v27.4 (Yoast SEO v27.5) - https:\/\/yoast.com\/product\/yoast-seo-premium-wordpress\/ -->\n<title>BALANCE DE CONSUMO EL\u00c9CTRICO EUROPEO DEL A\u00d1O 2016 - AleaSoft Energy Forecasting<\/title>\n<meta name=\"robots\" content=\"index, follow, max-snippet:-1, max-image-preview:large, max-video-preview:-1\" \/>\n<link rel=\"canonical\" href=\"https:\/\/aleasoft.com\/es\/balance-consumo-electrico-europeo-2016\/\" \/>\n<meta property=\"og:locale\" content=\"es_ES\" \/>\n<meta property=\"og:type\" content=\"article\" \/>\n<meta property=\"og:title\" content=\"BALANCE DE CONSUMO EL\u00c9CTRICO EUROPEO DEL A\u00d1O 2016\" \/>\n<meta property=\"og:description\" content=\"05 de enero de 2017- La demanda el\u00e9ctrica de los principales pa\u00edses de Europa Occidental ha tenido un comportamiento desigual en el a\u00f1o reci\u00e9n finalizado. En Espa\u00f1a y Francia la demanda el\u00e9ctrica bruta ha aumentado respecto al 2015, mientras que en Alemania, Gran Breta\u00f1a e Italia el comportamiento ha sido a la inversa. En Espa\u00f1a, [&hellip;]\" \/>\n<meta property=\"og:url\" content=\"https:\/\/aleasoft.com\/es\/balance-consumo-electrico-europeo-2016\/\" \/>\n<meta property=\"og:site_name\" content=\"AleaSoft Energy Forecasting\" \/>\n<meta property=\"article:publisher\" content=\"https:\/\/www.facebook.com\/AleaSoft\/\" \/>\n<meta property=\"article:published_time\" content=\"2017-01-04T23:00:00+00:00\" \/>\n<meta property=\"article:modified_time\" content=\"2022-05-23T14:54:03+00:00\" \/>\n<meta property=\"og:image\" content=\"https:\/\/aleasoft.com\/wp-content\/uploads\/2017\/01\/20170105-2-AleaSoft-Assessment-Electricity-Consumption-WesternEurope.jpg\" \/>\n\t<meta property=\"og:image:width\" content=\"739\" \/>\n\t<meta property=\"og:image:height\" content=\"517\" \/>\n\t<meta property=\"og:image:type\" content=\"image\/jpeg\" \/>\n<meta name=\"author\" content=\"AleaSoft Energy Forecasting\" \/>\n<meta name=\"twitter:card\" content=\"summary_large_image\" \/>\n<meta name=\"twitter:creator\" content=\"@AleaSoftEnergy\" \/>\n<meta name=\"twitter:site\" content=\"@AleaSoftEnergy\" \/>\n<meta name=\"twitter:label1\" content=\"Escrito por\" \/>\n\t<meta name=\"twitter:data1\" content=\"AleaSoft Energy Forecasting\" \/>\n\t<meta name=\"twitter:label2\" content=\"Tiempo de lectura\" \/>\n\t<meta name=\"twitter:data2\" content=\"3 minutos\" \/>\n<script type=\"application\/ld+json\" class=\"yoast-schema-graph\">{\"@context\":\"https:\\\/\\\/schema.org\",\"@graph\":[{\"@type\":\"Article\",\"@id\":\"https:\\\/\\\/aleasoft.com\\\/es\\\/balance-consumo-electrico-europeo-2016\\\/#article\",\"isPartOf\":{\"@id\":\"https:\\\/\\\/aleasoft.com\\\/es\\\/balance-consumo-electrico-europeo-2016\\\/\"},\"author\":{\"name\":\"AleaSoft Energy Forecasting\",\"@id\":\"https:\\\/\\\/aleasoft.com\\\/#\\\/schema\\\/person\\\/99ee8b0f2ecbd56ba78005c6b7864d67\"},\"headline\":\"BALANCE DE CONSUMO EL\u00c9CTRICO EUROPEO DEL A\u00d1O 2016\",\"datePublished\":\"2017-01-04T23:00:00+00:00\",\"dateModified\":\"2022-05-23T14:54:03+00:00\",\"mainEntityOfPage\":{\"@id\":\"https:\\\/\\\/aleasoft.com\\\/es\\\/balance-consumo-electrico-europeo-2016\\\/\"},\"wordCount\":561,\"publisher\":{\"@id\":\"https:\\\/\\\/aleasoft.com\\\/#organization\"},\"image\":{\"@id\":\"https:\\\/\\\/aleasoft.com\\\/es\\\/balance-consumo-electrico-europeo-2016\\\/#primaryimage\"},\"thumbnailUrl\":\"https:\\\/\\\/aleasoft.com\\\/wp-content\\\/uploads\\\/2017\\\/01\\\/20170105-2-AleaSoft-Assessment-Electricity-Consumption-WesternEurope.jpg\",\"articleSection\":[\"Noticias\"],\"inLanguage\":\"es\"},{\"@type\":\"WebPage\",\"@id\":\"https:\\\/\\\/aleasoft.com\\\/es\\\/balance-consumo-electrico-europeo-2016\\\/\",\"url\":\"https:\\\/\\\/aleasoft.com\\\/es\\\/balance-consumo-electrico-europeo-2016\\\/\",\"name\":\"BALANCE DE CONSUMO EL\u00c9CTRICO EUROPEO DEL A\u00d1O 2016 - AleaSoft Energy Forecasting\",\"isPartOf\":{\"@id\":\"https:\\\/\\\/aleasoft.com\\\/#website\"},\"primaryImageOfPage\":{\"@id\":\"https:\\\/\\\/aleasoft.com\\\/es\\\/balance-consumo-electrico-europeo-2016\\\/#primaryimage\"},\"image\":{\"@id\":\"https:\\\/\\\/aleasoft.com\\\/es\\\/balance-consumo-electrico-europeo-2016\\\/#primaryimage\"},\"thumbnailUrl\":\"https:\\\/\\\/aleasoft.com\\\/wp-content\\\/uploads\\\/2017\\\/01\\\/20170105-2-AleaSoft-Assessment-Electricity-Consumption-WesternEurope.jpg\",\"datePublished\":\"2017-01-04T23:00:00+00:00\",\"dateModified\":\"2022-05-23T14:54:03+00:00\",\"breadcrumb\":{\"@id\":\"https:\\\/\\\/aleasoft.com\\\/es\\\/balance-consumo-electrico-europeo-2016\\\/#breadcrumb\"},\"inLanguage\":\"es\",\"potentialAction\":[{\"@type\":\"ReadAction\",\"target\":[\"https:\\\/\\\/aleasoft.com\\\/es\\\/balance-consumo-electrico-europeo-2016\\\/\"]}]},{\"@type\":\"ImageObject\",\"inLanguage\":\"es\",\"@id\":\"https:\\\/\\\/aleasoft.com\\\/es\\\/balance-consumo-electrico-europeo-2016\\\/#primaryimage\",\"url\":\"https:\\\/\\\/aleasoft.com\\\/wp-content\\\/uploads\\\/2017\\\/01\\\/20170105-2-AleaSoft-Assessment-Electricity-Consumption-WesternEurope.jpg\",\"contentUrl\":\"https:\\\/\\\/aleasoft.com\\\/wp-content\\\/uploads\\\/2017\\\/01\\\/20170105-2-AleaSoft-Assessment-Electricity-Consumption-WesternEurope.jpg\",\"width\":739,\"height\":517},{\"@type\":\"BreadcrumbList\",\"@id\":\"https:\\\/\\\/aleasoft.com\\\/es\\\/balance-consumo-electrico-europeo-2016\\\/#breadcrumb\",\"itemListElement\":[{\"@type\":\"ListItem\",\"position\":1,\"name\":\"Home\",\"item\":\"https:\\\/\\\/aleasoft.com\\\/es\\\/\"},{\"@type\":\"ListItem\",\"position\":2,\"name\":\"BALANCE DE CONSUMO EL\u00c9CTRICO EUROPEO DEL A\u00d1O 2016\"}]},{\"@type\":\"WebSite\",\"@id\":\"https:\\\/\\\/aleasoft.com\\\/#website\",\"url\":\"https:\\\/\\\/aleasoft.com\\\/\",\"name\":\"AleaSoft Energy Forecasting\",\"description\":\"Energy Forecasting\",\"publisher\":{\"@id\":\"https:\\\/\\\/aleasoft.com\\\/#organization\"},\"potentialAction\":[{\"@type\":\"SearchAction\",\"target\":{\"@type\":\"EntryPoint\",\"urlTemplate\":\"https:\\\/\\\/aleasoft.com\\\/?s={search_term_string}\"},\"query-input\":{\"@type\":\"PropertyValueSpecification\",\"valueRequired\":true,\"valueName\":\"search_term_string\"}}],\"inLanguage\":\"es\"},{\"@type\":\"Organization\",\"@id\":\"https:\\\/\\\/aleasoft.com\\\/#organization\",\"name\":\"AleaSoft Energy Forecasting\",\"url\":\"https:\\\/\\\/aleasoft.com\\\/\",\"logo\":{\"@type\":\"ImageObject\",\"inLanguage\":\"es\",\"@id\":\"https:\\\/\\\/aleasoft.com\\\/#\\\/schema\\\/logo\\\/image\\\/\",\"url\":\"https:\\\/\\\/aleasoft.com\\\/wp-content\\\/uploads\\\/2020\\\/01\\\/logo-alea-25.svg\",\"contentUrl\":\"https:\\\/\\\/aleasoft.com\\\/wp-content\\\/uploads\\\/2020\\\/01\\\/logo-alea-25.svg\",\"width\":7047,\"height\":1416,\"caption\":\"AleaSoft Energy Forecasting\"},\"image\":{\"@id\":\"https:\\\/\\\/aleasoft.com\\\/#\\\/schema\\\/logo\\\/image\\\/\"},\"sameAs\":[\"https:\\\/\\\/www.facebook.com\\\/AleaSoft\\\/\",\"https:\\\/\\\/x.com\\\/AleaSoftEnergy\",\"https:\\\/\\\/www.linkedin.com\\\/company\\\/aleasoft\\\/\"]},{\"@type\":\"Person\",\"@id\":\"https:\\\/\\\/aleasoft.com\\\/#\\\/schema\\\/person\\\/99ee8b0f2ecbd56ba78005c6b7864d67\",\"name\":\"AleaSoft Energy Forecasting\",\"image\":{\"@type\":\"ImageObject\",\"inLanguage\":\"es\",\"@id\":\"https:\\\/\\\/secure.gravatar.com\\\/avatar\\\/3ce8db70bda469bc8382df5990537888cf96f625c0fde5b0292ff5ab10560f88?s=96&d=mm&r=g\",\"url\":\"https:\\\/\\\/secure.gravatar.com\\\/avatar\\\/3ce8db70bda469bc8382df5990537888cf96f625c0fde5b0292ff5ab10560f88?s=96&d=mm&r=g\",\"contentUrl\":\"https:\\\/\\\/secure.gravatar.com\\\/avatar\\\/3ce8db70bda469bc8382df5990537888cf96f625c0fde5b0292ff5ab10560f88?s=96&d=mm&r=g\",\"caption\":\"AleaSoft Energy Forecasting\"},\"sameAs\":[\"http:\\\/\\\/aleasoft.com\"]}]}<\/script>\n<!-- \/ Yoast SEO Premium plugin. -->","yoast_head_json":{"title":"BALANCE DE CONSUMO EL\u00c9CTRICO EUROPEO DEL A\u00d1O 2016 - AleaSoft Energy Forecasting","robots":{"index":"index","follow":"follow","max-snippet":"max-snippet:-1","max-image-preview":"max-image-preview:large","max-video-preview":"max-video-preview:-1"},"canonical":"https:\/\/aleasoft.com\/es\/balance-consumo-electrico-europeo-2016\/","og_locale":"es_ES","og_type":"article","og_title":"BALANCE DE CONSUMO EL\u00c9CTRICO EUROPEO DEL A\u00d1O 2016","og_description":"05 de enero de 2017- La demanda el\u00e9ctrica de los principales pa\u00edses de Europa Occidental ha tenido un comportamiento desigual en el a\u00f1o reci\u00e9n finalizado. En Espa\u00f1a y Francia la demanda el\u00e9ctrica bruta ha aumentado respecto al 2015, mientras que en Alemania, Gran Breta\u00f1a e Italia el comportamiento ha sido a la inversa. En Espa\u00f1a, [&hellip;]","og_url":"https:\/\/aleasoft.com\/es\/balance-consumo-electrico-europeo-2016\/","og_site_name":"AleaSoft Energy Forecasting","article_publisher":"https:\/\/www.facebook.com\/AleaSoft\/","article_published_time":"2017-01-04T23:00:00+00:00","article_modified_time":"2022-05-23T14:54:03+00:00","og_image":[{"width":739,"height":517,"url":"https:\/\/aleasoft.com\/wp-content\/uploads\/2017\/01\/20170105-2-AleaSoft-Assessment-Electricity-Consumption-WesternEurope.jpg","type":"image\/jpeg"}],"author":"AleaSoft Energy Forecasting","twitter_card":"summary_large_image","twitter_creator":"@AleaSoftEnergy","twitter_site":"@AleaSoftEnergy","twitter_misc":{"Escrito por":"AleaSoft Energy Forecasting","Tiempo de lectura":"3 minutos"},"schema":{"@context":"https:\/\/schema.org","@graph":[{"@type":"Article","@id":"https:\/\/aleasoft.com\/es\/balance-consumo-electrico-europeo-2016\/#article","isPartOf":{"@id":"https:\/\/aleasoft.com\/es\/balance-consumo-electrico-europeo-2016\/"},"author":{"name":"AleaSoft Energy Forecasting","@id":"https:\/\/aleasoft.com\/#\/schema\/person\/99ee8b0f2ecbd56ba78005c6b7864d67"},"headline":"BALANCE DE CONSUMO EL\u00c9CTRICO EUROPEO DEL A\u00d1O 2016","datePublished":"2017-01-04T23:00:00+00:00","dateModified":"2022-05-23T14:54:03+00:00","mainEntityOfPage":{"@id":"https:\/\/aleasoft.com\/es\/balance-consumo-electrico-europeo-2016\/"},"wordCount":561,"publisher":{"@id":"https:\/\/aleasoft.com\/#organization"},"image":{"@id":"https:\/\/aleasoft.com\/es\/balance-consumo-electrico-europeo-2016\/#primaryimage"},"thumbnailUrl":"https:\/\/aleasoft.com\/wp-content\/uploads\/2017\/01\/20170105-2-AleaSoft-Assessment-Electricity-Consumption-WesternEurope.jpg","articleSection":["Noticias"],"inLanguage":"es"},{"@type":"WebPage","@id":"https:\/\/aleasoft.com\/es\/balance-consumo-electrico-europeo-2016\/","url":"https:\/\/aleasoft.com\/es\/balance-consumo-electrico-europeo-2016\/","name":"BALANCE DE CONSUMO EL\u00c9CTRICO EUROPEO DEL A\u00d1O 2016 - AleaSoft Energy Forecasting","isPartOf":{"@id":"https:\/\/aleasoft.com\/#website"},"primaryImageOfPage":{"@id":"https:\/\/aleasoft.com\/es\/balance-consumo-electrico-europeo-2016\/#primaryimage"},"image":{"@id":"https:\/\/aleasoft.com\/es\/balance-consumo-electrico-europeo-2016\/#primaryimage"},"thumbnailUrl":"https:\/\/aleasoft.com\/wp-content\/uploads\/2017\/01\/20170105-2-AleaSoft-Assessment-Electricity-Consumption-WesternEurope.jpg","datePublished":"2017-01-04T23:00:00+00:00","dateModified":"2022-05-23T14:54:03+00:00","breadcrumb":{"@id":"https:\/\/aleasoft.com\/es\/balance-consumo-electrico-europeo-2016\/#breadcrumb"},"inLanguage":"es","potentialAction":[{"@type":"ReadAction","target":["https:\/\/aleasoft.com\/es\/balance-consumo-electrico-europeo-2016\/"]}]},{"@type":"ImageObject","inLanguage":"es","@id":"https:\/\/aleasoft.com\/es\/balance-consumo-electrico-europeo-2016\/#primaryimage","url":"https:\/\/aleasoft.com\/wp-content\/uploads\/2017\/01\/20170105-2-AleaSoft-Assessment-Electricity-Consumption-WesternEurope.jpg","contentUrl":"https:\/\/aleasoft.com\/wp-content\/uploads\/2017\/01\/20170105-2-AleaSoft-Assessment-Electricity-Consumption-WesternEurope.jpg","width":739,"height":517},{"@type":"BreadcrumbList","@id":"https:\/\/aleasoft.com\/es\/balance-consumo-electrico-europeo-2016\/#breadcrumb","itemListElement":[{"@type":"ListItem","position":1,"name":"Home","item":"https:\/\/aleasoft.com\/es\/"},{"@type":"ListItem","position":2,"name":"BALANCE DE CONSUMO EL\u00c9CTRICO EUROPEO DEL A\u00d1O 2016"}]},{"@type":"WebSite","@id":"https:\/\/aleasoft.com\/#website","url":"https:\/\/aleasoft.com\/","name":"AleaSoft Energy Forecasting","description":"Energy Forecasting","publisher":{"@id":"https:\/\/aleasoft.com\/#organization"},"potentialAction":[{"@type":"SearchAction","target":{"@type":"EntryPoint","urlTemplate":"https:\/\/aleasoft.com\/?s={search_term_string}"},"query-input":{"@type":"PropertyValueSpecification","valueRequired":true,"valueName":"search_term_string"}}],"inLanguage":"es"},{"@type":"Organization","@id":"https:\/\/aleasoft.com\/#organization","name":"AleaSoft Energy Forecasting","url":"https:\/\/aleasoft.com\/","logo":{"@type":"ImageObject","inLanguage":"es","@id":"https:\/\/aleasoft.com\/#\/schema\/logo\/image\/","url":"https:\/\/aleasoft.com\/wp-content\/uploads\/2020\/01\/logo-alea-25.svg","contentUrl":"https:\/\/aleasoft.com\/wp-content\/uploads\/2020\/01\/logo-alea-25.svg","width":7047,"height":1416,"caption":"AleaSoft Energy Forecasting"},"image":{"@id":"https:\/\/aleasoft.com\/#\/schema\/logo\/image\/"},"sameAs":["https:\/\/www.facebook.com\/AleaSoft\/","https:\/\/x.com\/AleaSoftEnergy","https:\/\/www.linkedin.com\/company\/aleasoft\/"]},{"@type":"Person","@id":"https:\/\/aleasoft.com\/#\/schema\/person\/99ee8b0f2ecbd56ba78005c6b7864d67","name":"AleaSoft Energy Forecasting","image":{"@type":"ImageObject","inLanguage":"es","@id":"https:\/\/secure.gravatar.com\/avatar\/3ce8db70bda469bc8382df5990537888cf96f625c0fde5b0292ff5ab10560f88?s=96&d=mm&r=g","url":"https:\/\/secure.gravatar.com\/avatar\/3ce8db70bda469bc8382df5990537888cf96f625c0fde5b0292ff5ab10560f88?s=96&d=mm&r=g","contentUrl":"https:\/\/secure.gravatar.com\/avatar\/3ce8db70bda469bc8382df5990537888cf96f625c0fde5b0292ff5ab10560f88?s=96&d=mm&r=g","caption":"AleaSoft Energy Forecasting"},"sameAs":["http:\/\/aleasoft.com"]}]}},"_links":{"self":[{"href":"https:\/\/aleasoft.com\/es\/wp-json\/wp\/v2\/posts\/77850","targetHints":{"allow":["GET"]}}],"collection":[{"href":"https:\/\/aleasoft.com\/es\/wp-json\/wp\/v2\/posts"}],"about":[{"href":"https:\/\/aleasoft.com\/es\/wp-json\/wp\/v2\/types\/post"}],"author":[{"embeddable":true,"href":"https:\/\/aleasoft.com\/es\/wp-json\/wp\/v2\/users\/1"}],"replies":[{"embeddable":true,"href":"https:\/\/aleasoft.com\/es\/wp-json\/wp\/v2\/comments?post=77850"}],"version-history":[{"count":0,"href":"https:\/\/aleasoft.com\/es\/wp-json\/wp\/v2\/posts\/77850\/revisions"}],"wp:featuredmedia":[{"embeddable":true,"href":"https:\/\/aleasoft.com\/es\/wp-json\/wp\/v2\/media\/56934"}],"wp:attachment":[{"href":"https:\/\/aleasoft.com\/es\/wp-json\/wp\/v2\/media?parent=77850"}],"wp:term":[{"taxonomy":"category","embeddable":true,"href":"https:\/\/aleasoft.com\/es\/wp-json\/wp\/v2\/categories?post=77850"},{"taxonomy":"post_tag","embeddable":true,"href":"https:\/\/aleasoft.com\/es\/wp-json\/wp\/v2\/tags?post=77850"}],"curies":[{"name":"wp","href":"https:\/\/api.w.org\/{rel}","templated":true}]}}