{"id":77882,"date":"2018-01-09T00:00:00","date_gmt":"2018-01-08T23:00:00","guid":{"rendered":"https:\/\/aleasoft.com\/precio-minimo-record-mercado-electrico-mibel\/"},"modified":"2022-05-23T17:20:51","modified_gmt":"2022-05-23T15:20:51","slug":"precio-minimo-record-mercado-electrico-mibel","status":"publish","type":"post","link":"https:\/\/aleasoft.com\/es\/precio-minimo-record-mercado-electrico-mibel\/","title":{"rendered":"PRECIO M\u00cdNIMO R\u00c9CORD DE CUATRO A\u00d1OS EN EL MERCADO EL\u00c9CTRICO MIBEL"},"content":{"rendered":"<p><strong>9 de enero de 2018.\u2011<\/strong> El mercado mayorista de electricidad espa\u00f1ol <strong>MIBEL<\/strong> super\u00f3 en el primer d\u00eda de 2018 el que hab\u00eda sido el precio m\u00ednimo horario durante los \u00faltimos cuatro a\u00f1os.<\/p>\n<p>Entre las 5:00 y las 8:00 del d\u00eda uno de enero de 2018, el precio del mercado MIBEL en Espa\u00f1a fue de 2,06&nbsp;\u20ac\/MWh. Durante los \u00faltimos casi cuatro a\u00f1os, el precio horario del mercado no hab\u00eda bajado de 2,30&nbsp;\u20ac\/MWh, y para encontrar un precio m\u00e1s bajo hay que situarse en marzo de 2014, un a\u00f1o donde en muchas horas se registraron precios de 0&nbsp;\u20ac\/MWh.<\/p>\n<p><a title=\"AleaSoft - Precio horario del mercado diario el\u00e9ctrico MIBEL\" href=\"https:\/\/aleasoft.com\/wp-content\/uploads\/2018\/01\/20180109-aleasoft-precio-mercado-electrico-mibel.jpg\"><img fetchpriority=\"high\" decoding=\"async\" class=\"aligncenter wp-image-2885 size-full\" src=\"https:\/\/aleasoft.com\/wp-content\/uploads\/2018\/01\/20180109-aleasoft-precio-mercado-electrico-mibel.jpg\" alt=\"AleaSoft - Precio horario del mercado diario el\u00e9ctrico MIBEL\" width=\"740\" height=\"530\"><\/a><\/p>\n<p><span style=\"font-size: xx-small;\">Precio horario del mercado diario el\u00e9ctrico MIBEL espa\u00f1ol con las tres horas que marcaron el r\u00e9cord de precio m\u00ednimo.<\/span><br \/>\n<span style=\"font-size: xx-small;\">Fuentes de datos: OMIE.<\/span><\/p>\n<p>El mercado MIBEL ha arrancado el a\u00f1o con precios relativamente bajos, y m\u00e1s si se tiene en cuenta los niveles en los que estuvo en 2017. La bajada de la demanda durante el periodo de vacaciones de invierno y, sobre todo, el aumento de la producci\u00f3n e\u00f3lica, han favorecido esta situaci\u00f3n de ca\u00edda de los precios. Este comienzo de a\u00f1o junto con las lluvias registradas en las \u00faltimas semanas de 2017, auguran unos precios m\u00e1s bajos en estos primeros meses de 2018.<\/p>\n<p align=\"left\"><a title=\"PDF\" href=\"https:\/\/aleasoft.com\/wp-content\/uploads\/2018\/01\/20180109-aleasoft-precio-espana-record-minimo-horario.pdf\" target=\"_blank\" rel=\"noopener noreferrer\">Descargar PDF<\/a><\/p>\n","protected":false},"excerpt":{"rendered":"<p>9 de enero de 2018.\u2011 El mercado mayorista de electricidad espa\u00f1ol MIBEL super\u00f3 en el primer d\u00eda de 2018 el que hab\u00eda sido el precio m\u00ednimo horario durante los \u00faltimos cuatro a\u00f1os. Entre las 5:00 y las 8:00 del d\u00eda uno de enero de 2018, el precio del mercado MIBEL en Espa\u00f1a fue de 2,06&nbsp;\u20ac\/MWh. [&hellip;]<\/p>\n","protected":false},"author":1,"featured_media":59294,"comment_status":"closed","ping_status":"closed","sticky":false,"template":"","format":"standard","meta":{"footnotes":""},"categories":[568],"tags":[],"class_list":["post-77882","post","type-post","status-publish","format-standard","has-post-thumbnail","hentry","category-noticias"],"yoast_head":"<!-- This site is optimized with the Yoast SEO Premium plugin v27.4 (Yoast SEO v27.4) - https:\/\/yoast.com\/product\/yoast-seo-premium-wordpress\/ -->\n<title>Precio m\u00ednimo r\u00e9cord de cuatro a\u00f1os en el mercado el\u00e9ctrico MIBEL<\/title>\n<meta name=\"description\" content=\"El mercado mayorista de electricidad espa\u00f1ol MIBEL super\u00f3 el primer d\u00eda de 2018 el que hab\u00eda sido el precio m\u00ednimo horario durante los \u00faltimos cuatro a\u00f1os.\" \/>\n<meta name=\"robots\" content=\"index, follow, max-snippet:-1, max-image-preview:large, max-video-preview:-1\" \/>\n<link rel=\"canonical\" href=\"https:\/\/aleasoft.com\/es\/precio-minimo-record-mercado-electrico-mibel\/\" \/>\n<meta property=\"og:locale\" content=\"es_ES\" \/>\n<meta property=\"og:type\" content=\"article\" \/>\n<meta property=\"og:title\" content=\"PRECIO M\u00cdNIMO R\u00c9CORD DE CUATRO A\u00d1OS EN EL MERCADO EL\u00c9CTRICO MIBEL\" \/>\n<meta property=\"og:description\" content=\"El mercado mayorista de electricidad espa\u00f1ol MIBEL super\u00f3 el primer d\u00eda de 2018 el que hab\u00eda sido el precio m\u00ednimo horario durante los \u00faltimos cuatro a\u00f1os.\" \/>\n<meta property=\"og:url\" content=\"https:\/\/aleasoft.com\/es\/precio-minimo-record-mercado-electrico-mibel\/\" \/>\n<meta property=\"og:site_name\" content=\"AleaSoft Energy Forecasting\" \/>\n<meta property=\"article:publisher\" content=\"https:\/\/www.facebook.com\/AleaSoft\/\" \/>\n<meta property=\"article:published_time\" content=\"2018-01-08T23:00:00+00:00\" \/>\n<meta property=\"article:modified_time\" content=\"2022-05-23T15:20:51+00:00\" \/>\n<meta property=\"og:image\" content=\"https:\/\/aleasoft.com\/wp-content\/uploads\/2018\/01\/20180109-aleasoft-mibel-market-price.jpg\" \/>\n\t<meta property=\"og:image:width\" content=\"739\" \/>\n\t<meta property=\"og:image:height\" content=\"517\" \/>\n\t<meta property=\"og:image:type\" content=\"image\/jpeg\" \/>\n<meta name=\"author\" content=\"AleaSoft Energy Forecasting\" \/>\n<meta name=\"twitter:card\" content=\"summary_large_image\" \/>\n<meta name=\"twitter:creator\" content=\"@AleaSoftEnergy\" \/>\n<meta name=\"twitter:site\" content=\"@AleaSoftEnergy\" \/>\n<meta name=\"twitter:label1\" content=\"Escrito por\" \/>\n\t<meta name=\"twitter:data1\" content=\"AleaSoft Energy Forecasting\" \/>\n\t<meta name=\"twitter:label2\" content=\"Tiempo de lectura\" \/>\n\t<meta name=\"twitter:data2\" content=\"2 minutos\" \/>\n<script type=\"application\/ld+json\" class=\"yoast-schema-graph\">{\"@context\":\"https:\\\/\\\/schema.org\",\"@graph\":[{\"@type\":\"Article\",\"@id\":\"https:\\\/\\\/aleasoft.com\\\/es\\\/precio-minimo-record-mercado-electrico-mibel\\\/#article\",\"isPartOf\":{\"@id\":\"https:\\\/\\\/aleasoft.com\\\/es\\\/precio-minimo-record-mercado-electrico-mibel\\\/\"},\"author\":{\"name\":\"AleaSoft Energy Forecasting\",\"@id\":\"https:\\\/\\\/aleasoft.com\\\/#\\\/schema\\\/person\\\/99ee8b0f2ecbd56ba78005c6b7864d67\"},\"headline\":\"PRECIO M\u00cdNIMO R\u00c9CORD DE CUATRO A\u00d1OS EN EL MERCADO EL\u00c9CTRICO MIBEL\",\"datePublished\":\"2018-01-08T23:00:00+00:00\",\"dateModified\":\"2022-05-23T15:20:51+00:00\",\"mainEntityOfPage\":{\"@id\":\"https:\\\/\\\/aleasoft.com\\\/es\\\/precio-minimo-record-mercado-electrico-mibel\\\/\"},\"wordCount\":234,\"publisher\":{\"@id\":\"https:\\\/\\\/aleasoft.com\\\/#organization\"},\"image\":{\"@id\":\"https:\\\/\\\/aleasoft.com\\\/es\\\/precio-minimo-record-mercado-electrico-mibel\\\/#primaryimage\"},\"thumbnailUrl\":\"https:\\\/\\\/aleasoft.com\\\/wp-content\\\/uploads\\\/2018\\\/01\\\/20180109-aleasoft-mibel-market-price.jpg\",\"articleSection\":[\"Noticias\"],\"inLanguage\":\"es\"},{\"@type\":\"WebPage\",\"@id\":\"https:\\\/\\\/aleasoft.com\\\/es\\\/precio-minimo-record-mercado-electrico-mibel\\\/\",\"url\":\"https:\\\/\\\/aleasoft.com\\\/es\\\/precio-minimo-record-mercado-electrico-mibel\\\/\",\"name\":\"Precio m\u00ednimo r\u00e9cord de cuatro a\u00f1os en el mercado el\u00e9ctrico MIBEL\",\"isPartOf\":{\"@id\":\"https:\\\/\\\/aleasoft.com\\\/#website\"},\"primaryImageOfPage\":{\"@id\":\"https:\\\/\\\/aleasoft.com\\\/es\\\/precio-minimo-record-mercado-electrico-mibel\\\/#primaryimage\"},\"image\":{\"@id\":\"https:\\\/\\\/aleasoft.com\\\/es\\\/precio-minimo-record-mercado-electrico-mibel\\\/#primaryimage\"},\"thumbnailUrl\":\"https:\\\/\\\/aleasoft.com\\\/wp-content\\\/uploads\\\/2018\\\/01\\\/20180109-aleasoft-mibel-market-price.jpg\",\"datePublished\":\"2018-01-08T23:00:00+00:00\",\"dateModified\":\"2022-05-23T15:20:51+00:00\",\"description\":\"El mercado mayorista de electricidad espa\u00f1ol MIBEL super\u00f3 el primer d\u00eda de 2018 el que hab\u00eda sido el precio m\u00ednimo horario durante los \u00faltimos cuatro a\u00f1os.\",\"breadcrumb\":{\"@id\":\"https:\\\/\\\/aleasoft.com\\\/es\\\/precio-minimo-record-mercado-electrico-mibel\\\/#breadcrumb\"},\"inLanguage\":\"es\",\"potentialAction\":[{\"@type\":\"ReadAction\",\"target\":[\"https:\\\/\\\/aleasoft.com\\\/es\\\/precio-minimo-record-mercado-electrico-mibel\\\/\"]}]},{\"@type\":\"ImageObject\",\"inLanguage\":\"es\",\"@id\":\"https:\\\/\\\/aleasoft.com\\\/es\\\/precio-minimo-record-mercado-electrico-mibel\\\/#primaryimage\",\"url\":\"https:\\\/\\\/aleasoft.com\\\/wp-content\\\/uploads\\\/2018\\\/01\\\/20180109-aleasoft-mibel-market-price.jpg\",\"contentUrl\":\"https:\\\/\\\/aleasoft.com\\\/wp-content\\\/uploads\\\/2018\\\/01\\\/20180109-aleasoft-mibel-market-price.jpg\",\"width\":739,\"height\":517},{\"@type\":\"BreadcrumbList\",\"@id\":\"https:\\\/\\\/aleasoft.com\\\/es\\\/precio-minimo-record-mercado-electrico-mibel\\\/#breadcrumb\",\"itemListElement\":[{\"@type\":\"ListItem\",\"position\":1,\"name\":\"Home\",\"item\":\"https:\\\/\\\/aleasoft.com\\\/es\\\/\"},{\"@type\":\"ListItem\",\"position\":2,\"name\":\"PRECIO M\u00cdNIMO R\u00c9CORD DE CUATRO A\u00d1OS EN EL MERCADO EL\u00c9CTRICO MIBEL\"}]},{\"@type\":\"WebSite\",\"@id\":\"https:\\\/\\\/aleasoft.com\\\/#website\",\"url\":\"https:\\\/\\\/aleasoft.com\\\/\",\"name\":\"AleaSoft Energy Forecasting\",\"description\":\"Energy Forecasting\",\"publisher\":{\"@id\":\"https:\\\/\\\/aleasoft.com\\\/#organization\"},\"potentialAction\":[{\"@type\":\"SearchAction\",\"target\":{\"@type\":\"EntryPoint\",\"urlTemplate\":\"https:\\\/\\\/aleasoft.com\\\/?s={search_term_string}\"},\"query-input\":{\"@type\":\"PropertyValueSpecification\",\"valueRequired\":true,\"valueName\":\"search_term_string\"}}],\"inLanguage\":\"es\"},{\"@type\":\"Organization\",\"@id\":\"https:\\\/\\\/aleasoft.com\\\/#organization\",\"name\":\"AleaSoft Energy Forecasting\",\"url\":\"https:\\\/\\\/aleasoft.com\\\/\",\"logo\":{\"@type\":\"ImageObject\",\"inLanguage\":\"es\",\"@id\":\"https:\\\/\\\/aleasoft.com\\\/#\\\/schema\\\/logo\\\/image\\\/\",\"url\":\"https:\\\/\\\/aleasoft.com\\\/wp-content\\\/uploads\\\/2020\\\/01\\\/logo-alea-25.svg\",\"contentUrl\":\"https:\\\/\\\/aleasoft.com\\\/wp-content\\\/uploads\\\/2020\\\/01\\\/logo-alea-25.svg\",\"width\":7047,\"height\":1416,\"caption\":\"AleaSoft Energy Forecasting\"},\"image\":{\"@id\":\"https:\\\/\\\/aleasoft.com\\\/#\\\/schema\\\/logo\\\/image\\\/\"},\"sameAs\":[\"https:\\\/\\\/www.facebook.com\\\/AleaSoft\\\/\",\"https:\\\/\\\/x.com\\\/AleaSoftEnergy\",\"https:\\\/\\\/www.linkedin.com\\\/company\\\/aleasoft\\\/\"]},{\"@type\":\"Person\",\"@id\":\"https:\\\/\\\/aleasoft.com\\\/#\\\/schema\\\/person\\\/99ee8b0f2ecbd56ba78005c6b7864d67\",\"name\":\"AleaSoft Energy Forecasting\",\"image\":{\"@type\":\"ImageObject\",\"inLanguage\":\"es\",\"@id\":\"https:\\\/\\\/secure.gravatar.com\\\/avatar\\\/3ce8db70bda469bc8382df5990537888cf96f625c0fde5b0292ff5ab10560f88?s=96&d=mm&r=g\",\"url\":\"https:\\\/\\\/secure.gravatar.com\\\/avatar\\\/3ce8db70bda469bc8382df5990537888cf96f625c0fde5b0292ff5ab10560f88?s=96&d=mm&r=g\",\"contentUrl\":\"https:\\\/\\\/secure.gravatar.com\\\/avatar\\\/3ce8db70bda469bc8382df5990537888cf96f625c0fde5b0292ff5ab10560f88?s=96&d=mm&r=g\",\"caption\":\"AleaSoft Energy Forecasting\"},\"sameAs\":[\"http:\\\/\\\/aleasoft.com\"]}]}<\/script>\n<!-- \/ Yoast SEO Premium plugin. -->","yoast_head_json":{"title":"Precio m\u00ednimo r\u00e9cord de cuatro a\u00f1os en el mercado el\u00e9ctrico MIBEL","description":"El mercado mayorista de electricidad espa\u00f1ol MIBEL super\u00f3 el primer d\u00eda de 2018 el que hab\u00eda sido el precio m\u00ednimo horario durante los \u00faltimos cuatro a\u00f1os.","robots":{"index":"index","follow":"follow","max-snippet":"max-snippet:-1","max-image-preview":"max-image-preview:large","max-video-preview":"max-video-preview:-1"},"canonical":"https:\/\/aleasoft.com\/es\/precio-minimo-record-mercado-electrico-mibel\/","og_locale":"es_ES","og_type":"article","og_title":"PRECIO M\u00cdNIMO R\u00c9CORD DE CUATRO A\u00d1OS EN EL MERCADO EL\u00c9CTRICO MIBEL","og_description":"El mercado mayorista de electricidad espa\u00f1ol MIBEL super\u00f3 el primer d\u00eda de 2018 el que hab\u00eda sido el precio m\u00ednimo horario durante los \u00faltimos cuatro a\u00f1os.","og_url":"https:\/\/aleasoft.com\/es\/precio-minimo-record-mercado-electrico-mibel\/","og_site_name":"AleaSoft Energy Forecasting","article_publisher":"https:\/\/www.facebook.com\/AleaSoft\/","article_published_time":"2018-01-08T23:00:00+00:00","article_modified_time":"2022-05-23T15:20:51+00:00","og_image":[{"width":739,"height":517,"url":"https:\/\/aleasoft.com\/wp-content\/uploads\/2018\/01\/20180109-aleasoft-mibel-market-price.jpg","type":"image\/jpeg"}],"author":"AleaSoft Energy Forecasting","twitter_card":"summary_large_image","twitter_creator":"@AleaSoftEnergy","twitter_site":"@AleaSoftEnergy","twitter_misc":{"Escrito por":"AleaSoft Energy Forecasting","Tiempo de lectura":"2 minutos"},"schema":{"@context":"https:\/\/schema.org","@graph":[{"@type":"Article","@id":"https:\/\/aleasoft.com\/es\/precio-minimo-record-mercado-electrico-mibel\/#article","isPartOf":{"@id":"https:\/\/aleasoft.com\/es\/precio-minimo-record-mercado-electrico-mibel\/"},"author":{"name":"AleaSoft Energy Forecasting","@id":"https:\/\/aleasoft.com\/#\/schema\/person\/99ee8b0f2ecbd56ba78005c6b7864d67"},"headline":"PRECIO M\u00cdNIMO R\u00c9CORD DE CUATRO A\u00d1OS EN EL MERCADO EL\u00c9CTRICO MIBEL","datePublished":"2018-01-08T23:00:00+00:00","dateModified":"2022-05-23T15:20:51+00:00","mainEntityOfPage":{"@id":"https:\/\/aleasoft.com\/es\/precio-minimo-record-mercado-electrico-mibel\/"},"wordCount":234,"publisher":{"@id":"https:\/\/aleasoft.com\/#organization"},"image":{"@id":"https:\/\/aleasoft.com\/es\/precio-minimo-record-mercado-electrico-mibel\/#primaryimage"},"thumbnailUrl":"https:\/\/aleasoft.com\/wp-content\/uploads\/2018\/01\/20180109-aleasoft-mibel-market-price.jpg","articleSection":["Noticias"],"inLanguage":"es"},{"@type":"WebPage","@id":"https:\/\/aleasoft.com\/es\/precio-minimo-record-mercado-electrico-mibel\/","url":"https:\/\/aleasoft.com\/es\/precio-minimo-record-mercado-electrico-mibel\/","name":"Precio m\u00ednimo r\u00e9cord de cuatro a\u00f1os en el mercado el\u00e9ctrico MIBEL","isPartOf":{"@id":"https:\/\/aleasoft.com\/#website"},"primaryImageOfPage":{"@id":"https:\/\/aleasoft.com\/es\/precio-minimo-record-mercado-electrico-mibel\/#primaryimage"},"image":{"@id":"https:\/\/aleasoft.com\/es\/precio-minimo-record-mercado-electrico-mibel\/#primaryimage"},"thumbnailUrl":"https:\/\/aleasoft.com\/wp-content\/uploads\/2018\/01\/20180109-aleasoft-mibel-market-price.jpg","datePublished":"2018-01-08T23:00:00+00:00","dateModified":"2022-05-23T15:20:51+00:00","description":"El mercado mayorista de electricidad espa\u00f1ol MIBEL super\u00f3 el primer d\u00eda de 2018 el que hab\u00eda sido el precio m\u00ednimo horario durante los \u00faltimos cuatro a\u00f1os.","breadcrumb":{"@id":"https:\/\/aleasoft.com\/es\/precio-minimo-record-mercado-electrico-mibel\/#breadcrumb"},"inLanguage":"es","potentialAction":[{"@type":"ReadAction","target":["https:\/\/aleasoft.com\/es\/precio-minimo-record-mercado-electrico-mibel\/"]}]},{"@type":"ImageObject","inLanguage":"es","@id":"https:\/\/aleasoft.com\/es\/precio-minimo-record-mercado-electrico-mibel\/#primaryimage","url":"https:\/\/aleasoft.com\/wp-content\/uploads\/2018\/01\/20180109-aleasoft-mibel-market-price.jpg","contentUrl":"https:\/\/aleasoft.com\/wp-content\/uploads\/2018\/01\/20180109-aleasoft-mibel-market-price.jpg","width":739,"height":517},{"@type":"BreadcrumbList","@id":"https:\/\/aleasoft.com\/es\/precio-minimo-record-mercado-electrico-mibel\/#breadcrumb","itemListElement":[{"@type":"ListItem","position":1,"name":"Home","item":"https:\/\/aleasoft.com\/es\/"},{"@type":"ListItem","position":2,"name":"PRECIO M\u00cdNIMO R\u00c9CORD DE CUATRO A\u00d1OS EN EL MERCADO EL\u00c9CTRICO MIBEL"}]},{"@type":"WebSite","@id":"https:\/\/aleasoft.com\/#website","url":"https:\/\/aleasoft.com\/","name":"AleaSoft Energy Forecasting","description":"Energy Forecasting","publisher":{"@id":"https:\/\/aleasoft.com\/#organization"},"potentialAction":[{"@type":"SearchAction","target":{"@type":"EntryPoint","urlTemplate":"https:\/\/aleasoft.com\/?s={search_term_string}"},"query-input":{"@type":"PropertyValueSpecification","valueRequired":true,"valueName":"search_term_string"}}],"inLanguage":"es"},{"@type":"Organization","@id":"https:\/\/aleasoft.com\/#organization","name":"AleaSoft Energy Forecasting","url":"https:\/\/aleasoft.com\/","logo":{"@type":"ImageObject","inLanguage":"es","@id":"https:\/\/aleasoft.com\/#\/schema\/logo\/image\/","url":"https:\/\/aleasoft.com\/wp-content\/uploads\/2020\/01\/logo-alea-25.svg","contentUrl":"https:\/\/aleasoft.com\/wp-content\/uploads\/2020\/01\/logo-alea-25.svg","width":7047,"height":1416,"caption":"AleaSoft Energy Forecasting"},"image":{"@id":"https:\/\/aleasoft.com\/#\/schema\/logo\/image\/"},"sameAs":["https:\/\/www.facebook.com\/AleaSoft\/","https:\/\/x.com\/AleaSoftEnergy","https:\/\/www.linkedin.com\/company\/aleasoft\/"]},{"@type":"Person","@id":"https:\/\/aleasoft.com\/#\/schema\/person\/99ee8b0f2ecbd56ba78005c6b7864d67","name":"AleaSoft Energy Forecasting","image":{"@type":"ImageObject","inLanguage":"es","@id":"https:\/\/secure.gravatar.com\/avatar\/3ce8db70bda469bc8382df5990537888cf96f625c0fde5b0292ff5ab10560f88?s=96&d=mm&r=g","url":"https:\/\/secure.gravatar.com\/avatar\/3ce8db70bda469bc8382df5990537888cf96f625c0fde5b0292ff5ab10560f88?s=96&d=mm&r=g","contentUrl":"https:\/\/secure.gravatar.com\/avatar\/3ce8db70bda469bc8382df5990537888cf96f625c0fde5b0292ff5ab10560f88?s=96&d=mm&r=g","caption":"AleaSoft Energy Forecasting"},"sameAs":["http:\/\/aleasoft.com"]}]}},"_links":{"self":[{"href":"https:\/\/aleasoft.com\/es\/wp-json\/wp\/v2\/posts\/77882","targetHints":{"allow":["GET"]}}],"collection":[{"href":"https:\/\/aleasoft.com\/es\/wp-json\/wp\/v2\/posts"}],"about":[{"href":"https:\/\/aleasoft.com\/es\/wp-json\/wp\/v2\/types\/post"}],"author":[{"embeddable":true,"href":"https:\/\/aleasoft.com\/es\/wp-json\/wp\/v2\/users\/1"}],"replies":[{"embeddable":true,"href":"https:\/\/aleasoft.com\/es\/wp-json\/wp\/v2\/comments?post=77882"}],"version-history":[{"count":0,"href":"https:\/\/aleasoft.com\/es\/wp-json\/wp\/v2\/posts\/77882\/revisions"}],"wp:featuredmedia":[{"embeddable":true,"href":"https:\/\/aleasoft.com\/es\/wp-json\/wp\/v2\/media\/59294"}],"wp:attachment":[{"href":"https:\/\/aleasoft.com\/es\/wp-json\/wp\/v2\/media?parent=77882"}],"wp:term":[{"taxonomy":"category","embeddable":true,"href":"https:\/\/aleasoft.com\/es\/wp-json\/wp\/v2\/categories?post=77882"},{"taxonomy":"post_tag","embeddable":true,"href":"https:\/\/aleasoft.com\/es\/wp-json\/wp\/v2\/tags?post=77882"}],"curies":[{"name":"wp","href":"https:\/\/api.w.org\/{rel}","templated":true}]}}