{"id":77935,"date":"2018-08-30T00:00:00","date_gmt":"2018-08-29T22:00:00","guid":{"rendered":"https:\/\/aleasoft.com\/precios-record-2018-mercado-electrico-espanol-precios-gas-carbon-co2-alza\/"},"modified":"2022-05-22T03:08:38","modified_gmt":"2022-05-22T01:08:38","slug":"precios-record-2018-mercado-electrico-espanol-precios-gas-carbon-co2-alza","status":"publish","type":"post","link":"https:\/\/aleasoft.com\/es\/precios-record-2018-mercado-electrico-espanol-precios-gas-carbon-co2-alza\/","title":{"rendered":"PRECIOS R\u00c9CORD DE 2018 EN EL MERCADO EL\u00c9CTRICO ESPA\u00d1OL CON PRECIOS DE GAS, CARB\u00d3N Y CO2 AL ALZA"},"content":{"rendered":"<p><strong>AleaSoft, 30 de agosto 2018. El mercado el\u00e9ctrico espa\u00f1ol y portugu\u00e9s MIBEL est\u00e1 registrando los precios m\u00e1s altos de este 2018. Seg\u00fan AleaSoft, las causas principales son la escalada de precios de gas y carb\u00f3n y la carrera alcista imparable de los derechos de emisiones de CO<sub>2<\/sub>.<\/strong><\/p>\n<p>El precio del mercado el\u00e9ctrico espa\u00f1ol MIBEL ha ido superando el r\u00e9cord de precio m\u00e1s alto de este a\u00f1o 2018 en varias ocasiones durante este mes de agosto. A falta del precio para el \u00faltimo d\u00eda del mes, los nueve d\u00edas m\u00e1s caros del a\u00f1o han sido d\u00edas del mes de agosto. Y de los treinta d\u00edas m\u00e1s caros del a\u00f1o, m\u00e1s de la mitad son del mes de agosto. Mientras tanto, los futuros de electricidad del mercado espa\u00f1ol en OMIP para el \u00faltimo trimestre de este a\u00f1o, Q4-18, ya han superado los 73\u00a0\u20ac\/MWh, valores pr\u00e1cticamente impensables hace poco m\u00e1s de tres meses cuando se rondaban los 56\u00a0\u20ac\/MWh. El futuro para 2019, por su parte, ha superado los 61,50\u00a0\u20ac\/MWh, cuando a principios de mayo rondaba los 51\u00a0\u20ac\/MWh.<\/p>\n<p><a title=\"AleaSoft \u2013 Precios mercados europeos electricidad\" href=\"https:\/\/aleasoft.com\/wp-content\/uploads\/2018\/08\/20180830-aleasoft-precios-mercados-europeos-electricidad.png\"><img fetchpriority=\"high\" decoding=\"async\" class=\"aligncenter wp-image-2885 size-full\" src=\"https:\/\/aleasoft.com\/wp-content\/uploads\/2018\/08\/20180830-aleasoft-precios-mercados-europeos-electricidad.png\" alt=\"AleaSoft \u2013 Precios mercados europeos electricidad\" width=\"740\" height=\"530\" \/><\/a><\/p>\n<p><span style=\"font-size: xx-small;\">Fuentes: OMIE, , N2EX, IPEX y NordPool.<\/span><\/p>\n<p>Entre las principales causas de esta escalada de precios que parece no tener un techo se encuentran las que <strong>AleaSoft<\/strong> ya ha ido exponiendo en noticias recientes. Por un lado, el aumento del precio de los combustibles. Los futuros de gas europeo, despu\u00e9s de un comportamiento muy plano desde mayo, han empezado una carrera alcista este mes de agosto que acumula ya un incremento del 18%, y se situaron ayer, 29 de agosto, en 25,87\u00a0\u20ac\/MWh. Los futuros de carb\u00f3n europeo para septiembre han vuelto a superar la barrera de los $100 por tonelada esta semana, despu\u00e9s de superarla puntualmente durante unos pocos d\u00edas en julio. Y, por otro lado, los derechos de emisiones de CO<sub>2<\/sub> que han estado subiendo sin pausa durante los \u00faltimos doce meses con una subida acumulada del 247%, y en esta \u00faltima semana han marcado un nuevo salto: de los 18,48\u00a0\u20ac\/t del lunes 20 de agosto a los 21,05\u00a0\u20ac\/t de ayer 29 de agosto, un salto del 14% en apenas una semana.<\/p>\n<p>La situaci\u00f3n de la potencia nuclear en Francia tampoco ayuda, con una gran parte de su parque nuclear parado, est\u00e1 encareciendo el precio de su mercado el\u00e9ctrico, y est\u00e1 arrastrando el resto de mercados europeos conectados. Seg\u00fan <strong>AleaSoft<\/strong>, esta situaci\u00f3n, junto con la situaci\u00f3n de los combustibles y el CO<sub>2<\/sub> ya comentados, ha favorecido que, en estas \u00faltimas dos semanas, desde el 20 de agosto, los precios de los principales mercados el\u00e9ctricos de Europa hayan incrementado y se hayan situado alrededor de los 70\u00a0\u20ac\/MWh, el precio de los mercados tradicionalmente m\u00e1s caros. La excepci\u00f3n estaba siendo el mercado n\u00f3rdico NordPool que, aunque registraba precios mucho m\u00e1s caros que el verano anterior, se hab\u00eda mantenido alrededor de los 50\u00a0\u20ac\/MWh, hasta el martes 28 de agosto cuando salt\u00f3 hasta cerca de los 60\u00a0\u20ac\/MWh.<\/p>\n<p align=\"left\"><a title=\"PDF\" href=\"https:\/\/aleasoft.com\/wp-content\/uploads\/2018\/08\/20180830-aleasoft-precios-rcord-mercado-elctrico-espaol-portugus-precio-gas-carbn-co2-al-alza.pdf\" target=\"_blank\" rel=\"noopener noreferrer\">Descargar PDF<\/a><\/p>\n","protected":false},"excerpt":{"rendered":"<p>AleaSoft, 30 de agosto 2018. El mercado el\u00e9ctrico espa\u00f1ol y portugu\u00e9s MIBEL est\u00e1 registrando los precios m\u00e1s altos de este 2018. Seg\u00fan AleaSoft, las causas principales son la escalada de precios de gas y carb\u00f3n y la carrera alcista imparable de los derechos de emisiones de CO2. El precio del mercado el\u00e9ctrico espa\u00f1ol MIBEL ha [&hellip;]<\/p>\n","protected":false},"author":1,"featured_media":61724,"comment_status":"closed","ping_status":"closed","sticky":false,"template":"","format":"standard","meta":{"footnotes":""},"categories":[568],"tags":[],"class_list":["post-77935","post","type-post","status-publish","format-standard","has-post-thumbnail","hentry","category-noticias"],"yoast_head":"<!-- This site is optimized with the Yoast SEO Premium plugin v27.4 (Yoast SEO v27.4) - https:\/\/yoast.com\/product\/yoast-seo-premium-wordpress\/ -->\n<title>PRECIOS R\u00c9CORD DE 2018 EN EL MERCADO EL\u00c9CTRICO ESPA\u00d1OL CON PRECIOS DE GAS, CARB\u00d3N Y CO2 AL ALZA - AleaSoft Energy Forecasting<\/title>\n<meta name=\"description\" content=\"AleaSoft, 30 de agosto 2018. El mercado el\u00e9ctrico espa\u00f1ol y portugu\u00e9s MIBEL est\u00e1 registrando los precios m\u00e1s altos de este 2018. Seg\u00fan AleaSoft, las causas principales son la escalada de precios de gas y carb\u00f3n y la carrera alcista imparable de los derechos de emisiones de CO2.\" \/>\n<meta name=\"robots\" content=\"index, follow, max-snippet:-1, max-image-preview:large, max-video-preview:-1\" \/>\n<link rel=\"canonical\" href=\"https:\/\/aleasoft.com\/es\/precios-record-2018-mercado-electrico-espanol-precios-gas-carbon-co2-alza\/\" \/>\n<meta property=\"og:locale\" content=\"es_ES\" \/>\n<meta property=\"og:type\" content=\"article\" \/>\n<meta property=\"og:title\" content=\"PRECIOS R\u00c9CORD DE 2018 EN EL MERCADO EL\u00c9CTRICO ESPA\u00d1OL CON PRECIOS DE GAS, CARB\u00d3N Y CO2 AL ALZA\" \/>\n<meta property=\"og:description\" content=\"AleaSoft, 30 de agosto 2018. El mercado el\u00e9ctrico espa\u00f1ol y portugu\u00e9s MIBEL est\u00e1 registrando los precios m\u00e1s altos de este 2018. Seg\u00fan AleaSoft, las causas principales son la escalada de precios de gas y carb\u00f3n y la carrera alcista imparable de los derechos de emisiones de CO2.\" \/>\n<meta property=\"og:url\" content=\"https:\/\/aleasoft.com\/es\/precios-record-2018-mercado-electrico-espanol-precios-gas-carbon-co2-alza\/\" \/>\n<meta property=\"og:site_name\" content=\"AleaSoft Energy Forecasting\" \/>\n<meta property=\"article:publisher\" content=\"https:\/\/www.facebook.com\/AleaSoft\/\" \/>\n<meta property=\"article:published_time\" content=\"2018-08-29T22:00:00+00:00\" \/>\n<meta property=\"article:modified_time\" content=\"2022-05-22T01:08:38+00:00\" \/>\n<meta property=\"og:image\" content=\"https:\/\/aleasoft.com\/wp-content\/uploads\/2018\/08\/20180830-aleasoft-precios-mercados-europeos-electricidad.png\" \/>\n\t<meta property=\"og:image:width\" content=\"2303\" \/>\n\t<meta property=\"og:image:height\" content=\"1606\" \/>\n\t<meta property=\"og:image:type\" content=\"image\/png\" \/>\n<meta name=\"author\" content=\"AleaSoft Energy Forecasting\" \/>\n<meta name=\"twitter:card\" content=\"summary_large_image\" \/>\n<meta name=\"twitter:creator\" content=\"@AleaSoftEnergy\" \/>\n<meta name=\"twitter:site\" content=\"@AleaSoftEnergy\" \/>\n<meta name=\"twitter:label1\" content=\"Escrito por\" \/>\n\t<meta name=\"twitter:data1\" content=\"AleaSoft Energy Forecasting\" \/>\n\t<meta name=\"twitter:label2\" content=\"Tiempo de lectura\" \/>\n\t<meta name=\"twitter:data2\" content=\"3 minutos\" \/>\n<script type=\"application\/ld+json\" class=\"yoast-schema-graph\">{\"@context\":\"https:\\\/\\\/schema.org\",\"@graph\":[{\"@type\":\"Article\",\"@id\":\"https:\\\/\\\/aleasoft.com\\\/es\\\/precios-record-2018-mercado-electrico-espanol-precios-gas-carbon-co2-alza\\\/#article\",\"isPartOf\":{\"@id\":\"https:\\\/\\\/aleasoft.com\\\/es\\\/precios-record-2018-mercado-electrico-espanol-precios-gas-carbon-co2-alza\\\/\"},\"author\":{\"name\":\"AleaSoft Energy Forecasting\",\"@id\":\"https:\\\/\\\/aleasoft.com\\\/#\\\/schema\\\/person\\\/99ee8b0f2ecbd56ba78005c6b7864d67\"},\"headline\":\"PRECIOS R\u00c9CORD DE 2018 EN EL MERCADO EL\u00c9CTRICO ESPA\u00d1OL CON PRECIOS DE GAS, CARB\u00d3N Y CO2 AL ALZA\",\"datePublished\":\"2018-08-29T22:00:00+00:00\",\"dateModified\":\"2022-05-22T01:08:38+00:00\",\"mainEntityOfPage\":{\"@id\":\"https:\\\/\\\/aleasoft.com\\\/es\\\/precios-record-2018-mercado-electrico-espanol-precios-gas-carbon-co2-alza\\\/\"},\"wordCount\":527,\"publisher\":{\"@id\":\"https:\\\/\\\/aleasoft.com\\\/#organization\"},\"image\":{\"@id\":\"https:\\\/\\\/aleasoft.com\\\/es\\\/precios-record-2018-mercado-electrico-espanol-precios-gas-carbon-co2-alza\\\/#primaryimage\"},\"thumbnailUrl\":\"https:\\\/\\\/aleasoft.com\\\/wp-content\\\/uploads\\\/2018\\\/08\\\/20180830-aleasoft-precios-mercados-europeos-electricidad.png\",\"articleSection\":[\"Noticias\"],\"inLanguage\":\"es\"},{\"@type\":\"WebPage\",\"@id\":\"https:\\\/\\\/aleasoft.com\\\/es\\\/precios-record-2018-mercado-electrico-espanol-precios-gas-carbon-co2-alza\\\/\",\"url\":\"https:\\\/\\\/aleasoft.com\\\/es\\\/precios-record-2018-mercado-electrico-espanol-precios-gas-carbon-co2-alza\\\/\",\"name\":\"PRECIOS R\u00c9CORD DE 2018 EN EL MERCADO EL\u00c9CTRICO ESPA\u00d1OL CON PRECIOS DE GAS, CARB\u00d3N Y CO2 AL ALZA - AleaSoft Energy Forecasting\",\"isPartOf\":{\"@id\":\"https:\\\/\\\/aleasoft.com\\\/#website\"},\"primaryImageOfPage\":{\"@id\":\"https:\\\/\\\/aleasoft.com\\\/es\\\/precios-record-2018-mercado-electrico-espanol-precios-gas-carbon-co2-alza\\\/#primaryimage\"},\"image\":{\"@id\":\"https:\\\/\\\/aleasoft.com\\\/es\\\/precios-record-2018-mercado-electrico-espanol-precios-gas-carbon-co2-alza\\\/#primaryimage\"},\"thumbnailUrl\":\"https:\\\/\\\/aleasoft.com\\\/wp-content\\\/uploads\\\/2018\\\/08\\\/20180830-aleasoft-precios-mercados-europeos-electricidad.png\",\"datePublished\":\"2018-08-29T22:00:00+00:00\",\"dateModified\":\"2022-05-22T01:08:38+00:00\",\"description\":\"AleaSoft, 30 de agosto 2018. El mercado el\u00e9ctrico espa\u00f1ol y portugu\u00e9s MIBEL est\u00e1 registrando los precios m\u00e1s altos de este 2018. Seg\u00fan AleaSoft, las causas principales son la escalada de precios de gas y carb\u00f3n y la carrera alcista imparable de los derechos de emisiones de CO2.\",\"breadcrumb\":{\"@id\":\"https:\\\/\\\/aleasoft.com\\\/es\\\/precios-record-2018-mercado-electrico-espanol-precios-gas-carbon-co2-alza\\\/#breadcrumb\"},\"inLanguage\":\"es\",\"potentialAction\":[{\"@type\":\"ReadAction\",\"target\":[\"https:\\\/\\\/aleasoft.com\\\/es\\\/precios-record-2018-mercado-electrico-espanol-precios-gas-carbon-co2-alza\\\/\"]}]},{\"@type\":\"ImageObject\",\"inLanguage\":\"es\",\"@id\":\"https:\\\/\\\/aleasoft.com\\\/es\\\/precios-record-2018-mercado-electrico-espanol-precios-gas-carbon-co2-alza\\\/#primaryimage\",\"url\":\"https:\\\/\\\/aleasoft.com\\\/wp-content\\\/uploads\\\/2018\\\/08\\\/20180830-aleasoft-precios-mercados-europeos-electricidad.png\",\"contentUrl\":\"https:\\\/\\\/aleasoft.com\\\/wp-content\\\/uploads\\\/2018\\\/08\\\/20180830-aleasoft-precios-mercados-europeos-electricidad.png\",\"width\":2303,\"height\":1606},{\"@type\":\"BreadcrumbList\",\"@id\":\"https:\\\/\\\/aleasoft.com\\\/es\\\/precios-record-2018-mercado-electrico-espanol-precios-gas-carbon-co2-alza\\\/#breadcrumb\",\"itemListElement\":[{\"@type\":\"ListItem\",\"position\":1,\"name\":\"Home\",\"item\":\"https:\\\/\\\/aleasoft.com\\\/es\\\/\"},{\"@type\":\"ListItem\",\"position\":2,\"name\":\"PRECIOS R\u00c9CORD DE 2018 EN EL MERCADO EL\u00c9CTRICO ESPA\u00d1OL CON PRECIOS DE GAS, CARB\u00d3N Y CO2 AL ALZA\"}]},{\"@type\":\"WebSite\",\"@id\":\"https:\\\/\\\/aleasoft.com\\\/#website\",\"url\":\"https:\\\/\\\/aleasoft.com\\\/\",\"name\":\"AleaSoft Energy Forecasting\",\"description\":\"Energy Forecasting\",\"publisher\":{\"@id\":\"https:\\\/\\\/aleasoft.com\\\/#organization\"},\"potentialAction\":[{\"@type\":\"SearchAction\",\"target\":{\"@type\":\"EntryPoint\",\"urlTemplate\":\"https:\\\/\\\/aleasoft.com\\\/?s={search_term_string}\"},\"query-input\":{\"@type\":\"PropertyValueSpecification\",\"valueRequired\":true,\"valueName\":\"search_term_string\"}}],\"inLanguage\":\"es\"},{\"@type\":\"Organization\",\"@id\":\"https:\\\/\\\/aleasoft.com\\\/#organization\",\"name\":\"AleaSoft Energy Forecasting\",\"url\":\"https:\\\/\\\/aleasoft.com\\\/\",\"logo\":{\"@type\":\"ImageObject\",\"inLanguage\":\"es\",\"@id\":\"https:\\\/\\\/aleasoft.com\\\/#\\\/schema\\\/logo\\\/image\\\/\",\"url\":\"https:\\\/\\\/aleasoft.com\\\/wp-content\\\/uploads\\\/2020\\\/01\\\/logo-alea-25.svg\",\"contentUrl\":\"https:\\\/\\\/aleasoft.com\\\/wp-content\\\/uploads\\\/2020\\\/01\\\/logo-alea-25.svg\",\"width\":7047,\"height\":1416,\"caption\":\"AleaSoft Energy Forecasting\"},\"image\":{\"@id\":\"https:\\\/\\\/aleasoft.com\\\/#\\\/schema\\\/logo\\\/image\\\/\"},\"sameAs\":[\"https:\\\/\\\/www.facebook.com\\\/AleaSoft\\\/\",\"https:\\\/\\\/x.com\\\/AleaSoftEnergy\",\"https:\\\/\\\/www.linkedin.com\\\/company\\\/aleasoft\\\/\"]},{\"@type\":\"Person\",\"@id\":\"https:\\\/\\\/aleasoft.com\\\/#\\\/schema\\\/person\\\/99ee8b0f2ecbd56ba78005c6b7864d67\",\"name\":\"AleaSoft Energy Forecasting\",\"image\":{\"@type\":\"ImageObject\",\"inLanguage\":\"es\",\"@id\":\"https:\\\/\\\/secure.gravatar.com\\\/avatar\\\/3ce8db70bda469bc8382df5990537888cf96f625c0fde5b0292ff5ab10560f88?s=96&d=mm&r=g\",\"url\":\"https:\\\/\\\/secure.gravatar.com\\\/avatar\\\/3ce8db70bda469bc8382df5990537888cf96f625c0fde5b0292ff5ab10560f88?s=96&d=mm&r=g\",\"contentUrl\":\"https:\\\/\\\/secure.gravatar.com\\\/avatar\\\/3ce8db70bda469bc8382df5990537888cf96f625c0fde5b0292ff5ab10560f88?s=96&d=mm&r=g\",\"caption\":\"AleaSoft Energy Forecasting\"},\"sameAs\":[\"http:\\\/\\\/aleasoft.com\"]}]}<\/script>\n<!-- \/ Yoast SEO Premium plugin. -->","yoast_head_json":{"title":"PRECIOS R\u00c9CORD DE 2018 EN EL MERCADO EL\u00c9CTRICO ESPA\u00d1OL CON PRECIOS DE GAS, CARB\u00d3N Y CO2 AL ALZA - AleaSoft Energy Forecasting","description":"AleaSoft, 30 de agosto 2018. El mercado el\u00e9ctrico espa\u00f1ol y portugu\u00e9s MIBEL est\u00e1 registrando los precios m\u00e1s altos de este 2018. Seg\u00fan AleaSoft, las causas principales son la escalada de precios de gas y carb\u00f3n y la carrera alcista imparable de los derechos de emisiones de CO2.","robots":{"index":"index","follow":"follow","max-snippet":"max-snippet:-1","max-image-preview":"max-image-preview:large","max-video-preview":"max-video-preview:-1"},"canonical":"https:\/\/aleasoft.com\/es\/precios-record-2018-mercado-electrico-espanol-precios-gas-carbon-co2-alza\/","og_locale":"es_ES","og_type":"article","og_title":"PRECIOS R\u00c9CORD DE 2018 EN EL MERCADO EL\u00c9CTRICO ESPA\u00d1OL CON PRECIOS DE GAS, CARB\u00d3N Y CO2 AL ALZA","og_description":"AleaSoft, 30 de agosto 2018. El mercado el\u00e9ctrico espa\u00f1ol y portugu\u00e9s MIBEL est\u00e1 registrando los precios m\u00e1s altos de este 2018. Seg\u00fan AleaSoft, las causas principales son la escalada de precios de gas y carb\u00f3n y la carrera alcista imparable de los derechos de emisiones de CO2.","og_url":"https:\/\/aleasoft.com\/es\/precios-record-2018-mercado-electrico-espanol-precios-gas-carbon-co2-alza\/","og_site_name":"AleaSoft Energy Forecasting","article_publisher":"https:\/\/www.facebook.com\/AleaSoft\/","article_published_time":"2018-08-29T22:00:00+00:00","article_modified_time":"2022-05-22T01:08:38+00:00","og_image":[{"width":2303,"height":1606,"url":"https:\/\/aleasoft.com\/wp-content\/uploads\/2018\/08\/20180830-aleasoft-precios-mercados-europeos-electricidad.png","type":"image\/png"}],"author":"AleaSoft Energy Forecasting","twitter_card":"summary_large_image","twitter_creator":"@AleaSoftEnergy","twitter_site":"@AleaSoftEnergy","twitter_misc":{"Escrito por":"AleaSoft Energy Forecasting","Tiempo de lectura":"3 minutos"},"schema":{"@context":"https:\/\/schema.org","@graph":[{"@type":"Article","@id":"https:\/\/aleasoft.com\/es\/precios-record-2018-mercado-electrico-espanol-precios-gas-carbon-co2-alza\/#article","isPartOf":{"@id":"https:\/\/aleasoft.com\/es\/precios-record-2018-mercado-electrico-espanol-precios-gas-carbon-co2-alza\/"},"author":{"name":"AleaSoft Energy Forecasting","@id":"https:\/\/aleasoft.com\/#\/schema\/person\/99ee8b0f2ecbd56ba78005c6b7864d67"},"headline":"PRECIOS R\u00c9CORD DE 2018 EN EL MERCADO EL\u00c9CTRICO ESPA\u00d1OL CON PRECIOS DE GAS, CARB\u00d3N Y CO2 AL ALZA","datePublished":"2018-08-29T22:00:00+00:00","dateModified":"2022-05-22T01:08:38+00:00","mainEntityOfPage":{"@id":"https:\/\/aleasoft.com\/es\/precios-record-2018-mercado-electrico-espanol-precios-gas-carbon-co2-alza\/"},"wordCount":527,"publisher":{"@id":"https:\/\/aleasoft.com\/#organization"},"image":{"@id":"https:\/\/aleasoft.com\/es\/precios-record-2018-mercado-electrico-espanol-precios-gas-carbon-co2-alza\/#primaryimage"},"thumbnailUrl":"https:\/\/aleasoft.com\/wp-content\/uploads\/2018\/08\/20180830-aleasoft-precios-mercados-europeos-electricidad.png","articleSection":["Noticias"],"inLanguage":"es"},{"@type":"WebPage","@id":"https:\/\/aleasoft.com\/es\/precios-record-2018-mercado-electrico-espanol-precios-gas-carbon-co2-alza\/","url":"https:\/\/aleasoft.com\/es\/precios-record-2018-mercado-electrico-espanol-precios-gas-carbon-co2-alza\/","name":"PRECIOS R\u00c9CORD DE 2018 EN EL MERCADO EL\u00c9CTRICO ESPA\u00d1OL CON PRECIOS DE GAS, CARB\u00d3N Y CO2 AL ALZA - AleaSoft Energy Forecasting","isPartOf":{"@id":"https:\/\/aleasoft.com\/#website"},"primaryImageOfPage":{"@id":"https:\/\/aleasoft.com\/es\/precios-record-2018-mercado-electrico-espanol-precios-gas-carbon-co2-alza\/#primaryimage"},"image":{"@id":"https:\/\/aleasoft.com\/es\/precios-record-2018-mercado-electrico-espanol-precios-gas-carbon-co2-alza\/#primaryimage"},"thumbnailUrl":"https:\/\/aleasoft.com\/wp-content\/uploads\/2018\/08\/20180830-aleasoft-precios-mercados-europeos-electricidad.png","datePublished":"2018-08-29T22:00:00+00:00","dateModified":"2022-05-22T01:08:38+00:00","description":"AleaSoft, 30 de agosto 2018. El mercado el\u00e9ctrico espa\u00f1ol y portugu\u00e9s MIBEL est\u00e1 registrando los precios m\u00e1s altos de este 2018. Seg\u00fan AleaSoft, las causas principales son la escalada de precios de gas y carb\u00f3n y la carrera alcista imparable de los derechos de emisiones de CO2.","breadcrumb":{"@id":"https:\/\/aleasoft.com\/es\/precios-record-2018-mercado-electrico-espanol-precios-gas-carbon-co2-alza\/#breadcrumb"},"inLanguage":"es","potentialAction":[{"@type":"ReadAction","target":["https:\/\/aleasoft.com\/es\/precios-record-2018-mercado-electrico-espanol-precios-gas-carbon-co2-alza\/"]}]},{"@type":"ImageObject","inLanguage":"es","@id":"https:\/\/aleasoft.com\/es\/precios-record-2018-mercado-electrico-espanol-precios-gas-carbon-co2-alza\/#primaryimage","url":"https:\/\/aleasoft.com\/wp-content\/uploads\/2018\/08\/20180830-aleasoft-precios-mercados-europeos-electricidad.png","contentUrl":"https:\/\/aleasoft.com\/wp-content\/uploads\/2018\/08\/20180830-aleasoft-precios-mercados-europeos-electricidad.png","width":2303,"height":1606},{"@type":"BreadcrumbList","@id":"https:\/\/aleasoft.com\/es\/precios-record-2018-mercado-electrico-espanol-precios-gas-carbon-co2-alza\/#breadcrumb","itemListElement":[{"@type":"ListItem","position":1,"name":"Home","item":"https:\/\/aleasoft.com\/es\/"},{"@type":"ListItem","position":2,"name":"PRECIOS R\u00c9CORD DE 2018 EN EL MERCADO EL\u00c9CTRICO ESPA\u00d1OL CON PRECIOS DE GAS, CARB\u00d3N Y CO2 AL ALZA"}]},{"@type":"WebSite","@id":"https:\/\/aleasoft.com\/#website","url":"https:\/\/aleasoft.com\/","name":"AleaSoft Energy Forecasting","description":"Energy Forecasting","publisher":{"@id":"https:\/\/aleasoft.com\/#organization"},"potentialAction":[{"@type":"SearchAction","target":{"@type":"EntryPoint","urlTemplate":"https:\/\/aleasoft.com\/?s={search_term_string}"},"query-input":{"@type":"PropertyValueSpecification","valueRequired":true,"valueName":"search_term_string"}}],"inLanguage":"es"},{"@type":"Organization","@id":"https:\/\/aleasoft.com\/#organization","name":"AleaSoft Energy Forecasting","url":"https:\/\/aleasoft.com\/","logo":{"@type":"ImageObject","inLanguage":"es","@id":"https:\/\/aleasoft.com\/#\/schema\/logo\/image\/","url":"https:\/\/aleasoft.com\/wp-content\/uploads\/2020\/01\/logo-alea-25.svg","contentUrl":"https:\/\/aleasoft.com\/wp-content\/uploads\/2020\/01\/logo-alea-25.svg","width":7047,"height":1416,"caption":"AleaSoft Energy Forecasting"},"image":{"@id":"https:\/\/aleasoft.com\/#\/schema\/logo\/image\/"},"sameAs":["https:\/\/www.facebook.com\/AleaSoft\/","https:\/\/x.com\/AleaSoftEnergy","https:\/\/www.linkedin.com\/company\/aleasoft\/"]},{"@type":"Person","@id":"https:\/\/aleasoft.com\/#\/schema\/person\/99ee8b0f2ecbd56ba78005c6b7864d67","name":"AleaSoft Energy Forecasting","image":{"@type":"ImageObject","inLanguage":"es","@id":"https:\/\/secure.gravatar.com\/avatar\/3ce8db70bda469bc8382df5990537888cf96f625c0fde5b0292ff5ab10560f88?s=96&d=mm&r=g","url":"https:\/\/secure.gravatar.com\/avatar\/3ce8db70bda469bc8382df5990537888cf96f625c0fde5b0292ff5ab10560f88?s=96&d=mm&r=g","contentUrl":"https:\/\/secure.gravatar.com\/avatar\/3ce8db70bda469bc8382df5990537888cf96f625c0fde5b0292ff5ab10560f88?s=96&d=mm&r=g","caption":"AleaSoft Energy Forecasting"},"sameAs":["http:\/\/aleasoft.com"]}]}},"_links":{"self":[{"href":"https:\/\/aleasoft.com\/es\/wp-json\/wp\/v2\/posts\/77935","targetHints":{"allow":["GET"]}}],"collection":[{"href":"https:\/\/aleasoft.com\/es\/wp-json\/wp\/v2\/posts"}],"about":[{"href":"https:\/\/aleasoft.com\/es\/wp-json\/wp\/v2\/types\/post"}],"author":[{"embeddable":true,"href":"https:\/\/aleasoft.com\/es\/wp-json\/wp\/v2\/users\/1"}],"replies":[{"embeddable":true,"href":"https:\/\/aleasoft.com\/es\/wp-json\/wp\/v2\/comments?post=77935"}],"version-history":[{"count":0,"href":"https:\/\/aleasoft.com\/es\/wp-json\/wp\/v2\/posts\/77935\/revisions"}],"wp:featuredmedia":[{"embeddable":true,"href":"https:\/\/aleasoft.com\/es\/wp-json\/wp\/v2\/media\/61724"}],"wp:attachment":[{"href":"https:\/\/aleasoft.com\/es\/wp-json\/wp\/v2\/media?parent=77935"}],"wp:term":[{"taxonomy":"category","embeddable":true,"href":"https:\/\/aleasoft.com\/es\/wp-json\/wp\/v2\/categories?post=77935"},{"taxonomy":"post_tag","embeddable":true,"href":"https:\/\/aleasoft.com\/es\/wp-json\/wp\/v2\/tags?post=77935"}],"curies":[{"name":"wp","href":"https:\/\/api.w.org\/{rel}","templated":true}]}}