{"id":77998,"date":"2019-01-10T00:00:00","date_gmt":"2019-01-09T23:00:00","guid":{"rendered":"https:\/\/aleasoft.com\/ola-frio-subidas-precio-demanda-eolica\/"},"modified":"2022-05-20T14:33:02","modified_gmt":"2022-05-20T12:33:02","slug":"ola-frio-subidas-precio-demanda-eolica","status":"publish","type":"post","link":"https:\/\/aleasoft.com\/es\/ola-frio-subidas-precio-demanda-eolica\/","title":{"rendered":"La ola de fr\u00edo trae subidas de precio, demanda y e\u00f3lica"},"content":{"rendered":"<p><strong>AleaSoft, 10 de enero de 2019. La ola de fr\u00edo que ha llegado a Europa est\u00e1 repercutiendo en los precios y las demandas de electricidad de los mercados el\u00e9ctricos. AleaSoft analiza los principales mercados europeos de electricidad, combustibles y CO<sub>2<\/sub>, adem\u00e1s del mercado y el sistema el\u00e9ctrico espa\u00f1ol durante el pasado mes de diciembre, el segundo m\u00e1s caro de la d\u00e9cada y el tercero de la historia.<\/strong><\/p>\n<p>El precio en el mercado mayorista de electricidad ib\u00e9rico en Espa\u00f1a para el 10 de enero ha sido de 62,40\u00a0\u20ac\/MWh, el precio m\u00e1s bajo para ese d\u00eda entre los principales mercados europeos, con la excepci\u00f3n del mercado de los pa\u00edses n\u00f3rdicos, tradicionalmente m\u00e1s barato. La ola de fr\u00edo que ha empezado a azotar al continente europeo ha tra\u00eddo una subida de los precios que ha colocado los mercados franc\u00e9s y alem\u00e1n cerca de los 70\u00a0\u20ac\/MWh y el mercado brit\u00e1nico e italiano por encima, tambi\u00e9n influidos por la ca\u00edda de la producci\u00f3n e\u00f3lica. Esta semana, desde el lunes 7 de enero, hab\u00eda empezado con los precios en los principales mercados europeos de electricidad alrededor o por encima de los 60\u00a0\u20ac\/MWh, salvo los mercados alem\u00e1n y el Nord Pool de los pa\u00edses n\u00f3rdicos que se mantuvieron alrededor o por debajo de los 50\u00a0\u20ac\/MWh.<\/p>\n<p><a title=\"AleaSoft \u2013 Mercados europeos de electricidad\" href=\"https:\/\/aleasoft.com\/wp-content\/uploads\/2019\/01\/20190110-aleasoft-precios-mercados-europeos-electricidad.png\"><img fetchpriority=\"high\" decoding=\"async\" class=\"aligncenter wp-image-2885 size-full\" src=\"https:\/\/aleasoft.com\/wp-content\/uploads\/2019\/01\/20190110-aleasoft-precios-mercados-europeos-electricidad.png\" alt=\"AleaSoft - Mercados europeos de electricidad\" width=\"740\" height=\"530\" \/><\/a><\/p>\n<p><span style=\"font-size: xx-small;\">Fuentes: Elaborado por AleaSoft con datos de OMIE, , N2EX, IPEX y Nord Pool.<\/span><\/p>\n<p>Los futuros de electricidad se est\u00e1n negociando a valores m\u00e1s bajos esta semana respecto a la semana anterior, siguiendo el comportamiento de los futuros de gas, carb\u00f3n y CO<sub>2<\/sub>. Los futuros para el segundo trimestre retrocedieron un 3,7% en Espa\u00f1a y Portugal, y un 3,4% en Francia y Alemania.<\/p>\n<p><strong>OMIP a Y+7<\/strong><\/p>\n<p>El mercado ib\u00e9rico de derivados de gas y electricidad OMIP ha empezado a ofrecer negociaciones de futuros de electricidad para Espa\u00f1a y Portugal a siete a\u00f1os vista, hasta 2026. La media de precio para Espa\u00f1a para los siguientes siete a\u00f1os ronda los 49\u00a0\u20ac\/MWh. El reto ser\u00e1 que se consiga suficiente liquidez para contratos a tan largo plazo, para que sea una se\u00f1al de precio suficientemente robusta para el mercado.<\/p>\n<p><strong>Brent, combustibles y CO<sub>2<\/sub><\/strong><\/p>\n<p>El precio del barril de petr\u00f3leo Brent sigue su senda ascendente desde que toc\u00f3 fondo el 24 de diciembre, y ayer, 9 de enero, los futuros para marzo superaron la barrera de los $60 por barril y se situaron en $61,44. Los progresos en las negociaciones comerciales entre USA y China han creado un clima optimista y los pa\u00edses productores ven c\u00f3mo los recortes a la producci\u00f3n acordados el a\u00f1o pasado empiezan a tener efecto sobre el precio. Si se cumplen los acuerdos, la reducci\u00f3n de la producci\u00f3n continuar\u00e1 en 2019, por lo que, de momento, la tendencia se espera que contin\u00fae alcista.<\/p>\n<p><a title=\"AleaSoft \u2013 Futuros de petr\u00f3leo Brent\" href=\"https:\/\/aleasoft.com\/wp-content\/uploads\/2019\/01\/20190110-aleasoft-petrleo-brent-precio-futuros.png\"><img decoding=\"async\" class=\"aligncenter wp-image-2885 size-full\" src=\"https:\/\/aleasoft.com\/wp-content\/uploads\/2019\/01\/20190110-aleasoft-petrleo-brent-precio-futuros.png\" alt=\"AleaSoft - Futuros de petr\u00f3leo Brent\" width=\"740\" height=\"530\" \/><\/a><\/p>\n<p><span style=\"font-size: xx-small;\">Fuentes: Elaborado por AleaSoft con datos de ICE.<\/span><\/p>\n<p>El precio de los futuros de gas y carb\u00f3n se sit\u00faa esta semana, del 7 de enero, por debajo de los precios de la semana anterior, un 2,8% para el gas TTF y un 3,5% para el carb\u00f3n API2. Pero las previsiones de un final de enero y un febrero m\u00e1s fr\u00edo de lo habitual podr\u00edan crear una tendencia al alza para los pr\u00f3ximos d\u00edas y semanas, aunque los altos niveles de las reservas de carb\u00f3n hacen esta tendencia menos s\u00f3lida.<\/p>\n<p>Por otro lado, la entrada en funcionamiento de la reserva para la estabilidad del mercado de derechos de emisiones de CO<sub>2<\/sub> el 1 de enero no ha servido, al menos por ahora, para que el precio del CO<sub>2<\/sub> haya empezado la recuperaci\u00f3n del nivel de los 25\u00a0\u20ac por tonelada que perdi\u00f3 la semana pasada, el 3 de enero. De momento, ayer 9 de enero se situ\u00f3 en los 22,04\u00a0\u20ac\/t. Cabe destacar que en febrero se reanudar\u00e1n las subastas de derechos de emisi\u00f3n en Alemania que pondr\u00e1n en el mercado los t\u00edtulos pendientes de las \u00faltimas subastas del a\u00f1o 2018 que se anularon, y habr\u00e1 que ver c\u00f3mo este aumento de la oferta afecta al precio.<\/p>\n<p><strong>Espa\u00f1a peninsular<\/strong><\/p>\n<p>La demanda de electricidad ha estado marcada esta semana por la vuelta a la normalidad despu\u00e9s del periodo de vacaciones navide\u00f1as. La previsi\u00f3n de <strong>AleaSoft<\/strong> indica un aumento de la demanda del 13,5% esta semana, del 7 de enero, con respecto a la semana anterior. Parte de este aumento se debe a la recuperaci\u00f3n de la actividad laboral y escolar, pero tambi\u00e9n a la bajada de las temperaturas, que durante esta semana se situar\u00e1n en promedio 1,5\u00a0\u00b0C por debajo de las temperaturas habituales para estas fechas y 0,2\u00a0\u00b0C por debajo de la temperatura media de la semana anterior. Seg\u00fan las estimaciones de <strong>AleaSoft<\/strong>, corrigiendo el efecto de las festividades y periodos de vacaciones, el aumento de la demanda para esta semana se sit\u00faa en el 1,3%.<\/p>\n<p>Para la semana siguiente, del 14 de enero, los \u00edndices meteorol\u00f3gicos de <strong>AleaSoft<\/strong> apuntan a una ligera recuperaci\u00f3n de la temperatura que aumentar\u00e1 en promedio alrededor de 0,1\u00a0\u00b0C, aunque para el final de la semana pueden registrarse importantes bajadas de temperatura. Adem\u00e1s, aumentar\u00e1 tambi\u00e9n la laboralidad dado que el lunes 7 de enero fue festivo en algunas comunidades. Todo ello, seg\u00fan apuntan las previsiones de <strong>AleaSoft<\/strong>, conllevar\u00e1 un aumento de la demanda en torno al 2,5%.<\/p>\n<p>Las reservas hidroel\u00e9ctricas disminuyeron un 1,5% la semana pasada y se sit\u00faan esta semana en 10\u00a0022\u00a0GWh. Estos valores representan un aumento del 39,8% respecto a un a\u00f1o atr\u00e1s, y est\u00e1n pr\u00e1cticamente al nivel medio de los \u00faltimos diez a\u00f1os.<\/p>\n<p><a title=\"AleaSoft \u2013 Balance diario\" href=\"https:\/\/aleasoft.com\/wp-content\/uploads\/2019\/01\/20190110-aleasoft-balance-diario-electricidad-espaa-demanda-produccin.png\"><img decoding=\"async\" class=\"aligncenter wp-image-2885 size-full\" src=\"https:\/\/aleasoft.com\/wp-content\/uploads\/2019\/01\/20190110-aleasoft-balance-diario-electricidad-espaa-demanda-produccin.png\" alt=\"AleaSoft - Balance diario\" width=\"740\" height=\"530\" \/><\/a><\/p>\n<p><span style=\"font-size: xx-small;\">Fuentes: Elaborado por AleaSoft con datos de REE.<\/span><\/p>\n<p><strong>E\u00f3lica y fotovoltaica<\/strong><\/p>\n<p>La producci\u00f3n e\u00f3lica se ha recuperado esta semana despu\u00e9s de una producci\u00f3n muy discreta durante las semanas de Navidad y de A\u00f1o Nuevo. Seg\u00fan estimaciones de <strong>AleaSoft<\/strong>, la producci\u00f3n e\u00f3lica se situar\u00e1 esta semana del 7 de enero un 79,6% por encima de la de la semana anterior. En cuanto a las previsiones de producci\u00f3n solar, que incluye tanto a la fotovoltaica como la termosolar, las estimaciones de AleaSoft indican un aumento de la producci\u00f3n del 7,5%.<\/p>\n<p><strong>Resumen del mes de diciembre del mercado el\u00e9ctrico espa\u00f1ol<\/strong><\/p>\n<p>El precio medio del mercado diario de electricidad MIBEL en Espa\u00f1a en el mes de diciembre fue de 61,81\u00a0\u20ac\/MWh, que representa una bajada de 0,16\u00a0\u20ac\/MWh respecto al mes de noviembre, pero un aumento de 3,87\u00a0\u20ac\/MWh respecto a diciembre de 2017. Y es que este diciembre ha sido el segundo m\u00e1s alto de la \u00faltima d\u00e9cada y el tercero de la historia del mercado ib\u00e9rico, por detr\u00e1s de 2005 y 2013. Ahora bien, los precios horarios extremos de los diciembres de 2005 y 2013 fueron muy distintos de los de 2018. En diciembre de 2013, se llegaron a registrar 37 horas con precio cero, y el precio horario m\u00e1ximo lleg\u00f3 a los 112,00\u00a0\u20ac\/MWh; y en diciembre de 2015 el precio horario m\u00e1ximo alcanz\u00f3 los 125,00\u00a0\u20ac\/MWh. Mientras que, en diciembre de 2018, los precios horarios fueron mucho menos extremos: el precio m\u00ednimo fue de 45,15\u00a0\u20ac\/MWh y el m\u00e1ximo de 71,97\u00a0\u20ac\/MWh.<\/p>\n<p>Entre las causas de este precio tan alto para diciembre se encuentra el precio de los derechos de emisiones de CO<sub>2<\/sub>, tres veces m\u00e1s alto que en diciembre de 2017, y una producci\u00f3n renovable un 3,6% menor que en diciembre del a\u00f1o anterior.<\/p>\n<p><a title=\"AleaSoft \u2013 Precio MIBEL diciembre\" href=\"https:\/\/aleasoft.com\/wp-content\/uploads\/2019\/01\/20190110-aleasoft-precio-mercado-electricidad-mibel-espaa-diciembre.png\"><img loading=\"lazy\" decoding=\"async\" class=\"aligncenter wp-image-2885 size-full\" src=\"https:\/\/aleasoft.com\/wp-content\/uploads\/2019\/01\/20190110-aleasoft-precio-mercado-electricidad-mibel-espaa-diciembre.png\" alt=\"AleaSoft - Precio MIBEL diciembre\" width=\"740\" height=\"530\" \/><\/a><\/p>\n<p><span style=\"font-size: xx-small;\">Fuentes: Elaborado por AleaSoft con datos de OMIE.<\/span><\/p>\n<p>La demanda de electricidad en Espa\u00f1a peninsular en el mes de diciembre ha sido de 21,2\u00a0TWh. Comparando este dato con el de diciembre de 2017, la demanda ha ca\u00eddo un 4,3% a pesar de que este a\u00f1o diciembre ten\u00eda un festivo intersemanal menos que el a\u00f1o anterior. Pero, por otro lado, este a\u00f1o, diciembre ha registrado temperaturas mucho m\u00e1s suaves, 1,5\u00a0\u00b0C m\u00e1s altas en promedio que diciembre de 2017, y esta ha sido la principal causa del retroceso de la demanda de electricidad.<\/p>\n<p>La producci\u00f3n e\u00f3lica ha sido un 25,1% menor que en diciembre de 2017. Tambi\u00e9n la producci\u00f3n solar ha disminuido, un 3,7% la fotovoltaica y un 1,5% la termosolar. El dato m\u00e1s destacado de la producci\u00f3n por tecnolog\u00edas es, sin duda, el de la hidroel\u00e9ctrica, que, respecto al diciembre anterior, ha aumentado un 100,5%, mostrando claramente el final del periodo de sequ\u00eda.<\/p>\n<p align=\"left\"><a style=\"color: #0047c8;\" title=\"PDF\" href=\"https:\/\/aleasoft.com\/wp-content\/uploads\/2019\/01\/20190110-aleasoft-ola-de-frio-subida-precio-demanda-eolica.pdf\" target=\"_blank\" rel=\"noopener noreferrer\">Descargar PDF<\/a><\/p>\n","protected":false},"excerpt":{"rendered":"<p>AleaSoft, 10 de enero de 2019. La ola de fr\u00edo que ha llegado a Europa est\u00e1 repercutiendo en los precios y las demandas de electricidad de los mercados el\u00e9ctricos. AleaSoft analiza los principales mercados europeos de electricidad, combustibles y CO2, adem\u00e1s del mercado y el sistema el\u00e9ctrico espa\u00f1ol durante el pasado mes de diciembre, el [&hellip;]<\/p>\n","protected":false},"author":1,"featured_media":64719,"comment_status":"closed","ping_status":"closed","sticky":false,"template":"","format":"standard","meta":{"footnotes":""},"categories":[568],"tags":[574],"class_list":["post-77998","post","type-post","status-publish","format-standard","has-post-thumbnail","hentry","category-noticias","tag-noticias"],"yoast_head":"<!-- This site is optimized with the Yoast SEO Premium plugin v27.4 (Yoast SEO v27.5) - https:\/\/yoast.com\/product\/yoast-seo-premium-wordpress\/ -->\n<title>La ola de fr\u00edo trae subidas de precio, demanda y e\u00f3lica<\/title>\n<meta name=\"description\" content=\"La ola de fr\u00edo que ha llegado a Europa est\u00e1 repercutiendo en los precios y las demandas de electricidad de los mercados el\u00e9ctricos.\" \/>\n<meta name=\"robots\" content=\"index, follow, max-snippet:-1, max-image-preview:large, max-video-preview:-1\" \/>\n<link rel=\"canonical\" href=\"https:\/\/aleasoft.com\/es\/ola-frio-subidas-precio-demanda-eolica\/\" \/>\n<meta property=\"og:locale\" content=\"es_ES\" \/>\n<meta property=\"og:type\" content=\"article\" \/>\n<meta property=\"og:title\" content=\"La ola de fr\u00edo trae subidas de precio, demanda y e\u00f3lica\" \/>\n<meta property=\"og:description\" content=\"La ola de fr\u00edo que ha llegado a Europa est\u00e1 repercutiendo en los precios y las demandas de electricidad de los mercados el\u00e9ctricos.\" \/>\n<meta property=\"og:url\" content=\"https:\/\/aleasoft.com\/es\/ola-frio-subidas-precio-demanda-eolica\/\" \/>\n<meta property=\"og:site_name\" content=\"AleaSoft Energy Forecasting\" \/>\n<meta property=\"article:publisher\" content=\"https:\/\/www.facebook.com\/AleaSoft\/\" \/>\n<meta property=\"article:published_time\" content=\"2019-01-09T23:00:00+00:00\" \/>\n<meta property=\"article:modified_time\" content=\"2022-05-20T12:33:02+00:00\" \/>\n<meta property=\"og:image\" content=\"https:\/\/aleasoft.com\/wp-content\/uploads\/2019\/01\/20190110-aleasoft-precios-mercados-europeos-electricidad.png\" \/>\n\t<meta property=\"og:image:width\" content=\"2303\" \/>\n\t<meta property=\"og:image:height\" content=\"1606\" \/>\n\t<meta property=\"og:image:type\" content=\"image\/png\" \/>\n<meta name=\"author\" content=\"AleaSoft Energy Forecasting\" \/>\n<meta name=\"twitter:card\" content=\"summary_large_image\" \/>\n<meta name=\"twitter:creator\" content=\"@AleaSoftEnergy\" \/>\n<meta name=\"twitter:site\" content=\"@AleaSoftEnergy\" \/>\n<meta name=\"twitter:label1\" content=\"Escrito por\" \/>\n\t<meta name=\"twitter:data1\" content=\"AleaSoft Energy Forecasting\" \/>\n\t<meta name=\"twitter:label2\" content=\"Tiempo de lectura\" \/>\n\t<meta name=\"twitter:data2\" content=\"7 minutos\" \/>\n<script type=\"application\/ld+json\" class=\"yoast-schema-graph\">{\"@context\":\"https:\\\/\\\/schema.org\",\"@graph\":[{\"@type\":\"Article\",\"@id\":\"https:\\\/\\\/aleasoft.com\\\/es\\\/ola-frio-subidas-precio-demanda-eolica\\\/#article\",\"isPartOf\":{\"@id\":\"https:\\\/\\\/aleasoft.com\\\/es\\\/ola-frio-subidas-precio-demanda-eolica\\\/\"},\"author\":{\"name\":\"AleaSoft Energy Forecasting\",\"@id\":\"https:\\\/\\\/aleasoft.com\\\/#\\\/schema\\\/person\\\/99ee8b0f2ecbd56ba78005c6b7864d67\"},\"headline\":\"La ola de fr\u00edo trae subidas de precio, demanda y e\u00f3lica\",\"datePublished\":\"2019-01-09T23:00:00+00:00\",\"dateModified\":\"2022-05-20T12:33:02+00:00\",\"mainEntityOfPage\":{\"@id\":\"https:\\\/\\\/aleasoft.com\\\/es\\\/ola-frio-subidas-precio-demanda-eolica\\\/\"},\"wordCount\":1427,\"publisher\":{\"@id\":\"https:\\\/\\\/aleasoft.com\\\/#organization\"},\"image\":{\"@id\":\"https:\\\/\\\/aleasoft.com\\\/es\\\/ola-frio-subidas-precio-demanda-eolica\\\/#primaryimage\"},\"thumbnailUrl\":\"https:\\\/\\\/aleasoft.com\\\/wp-content\\\/uploads\\\/2019\\\/01\\\/20190110-aleasoft-precios-mercados-europeos-electricidad.png\",\"keywords\":[\"noticias\"],\"articleSection\":[\"Noticias\"],\"inLanguage\":\"es\"},{\"@type\":\"WebPage\",\"@id\":\"https:\\\/\\\/aleasoft.com\\\/es\\\/ola-frio-subidas-precio-demanda-eolica\\\/\",\"url\":\"https:\\\/\\\/aleasoft.com\\\/es\\\/ola-frio-subidas-precio-demanda-eolica\\\/\",\"name\":\"La ola de fr\u00edo trae subidas de precio, demanda y e\u00f3lica\",\"isPartOf\":{\"@id\":\"https:\\\/\\\/aleasoft.com\\\/#website\"},\"primaryImageOfPage\":{\"@id\":\"https:\\\/\\\/aleasoft.com\\\/es\\\/ola-frio-subidas-precio-demanda-eolica\\\/#primaryimage\"},\"image\":{\"@id\":\"https:\\\/\\\/aleasoft.com\\\/es\\\/ola-frio-subidas-precio-demanda-eolica\\\/#primaryimage\"},\"thumbnailUrl\":\"https:\\\/\\\/aleasoft.com\\\/wp-content\\\/uploads\\\/2019\\\/01\\\/20190110-aleasoft-precios-mercados-europeos-electricidad.png\",\"datePublished\":\"2019-01-09T23:00:00+00:00\",\"dateModified\":\"2022-05-20T12:33:02+00:00\",\"description\":\"La ola de fr\u00edo que ha llegado a Europa est\u00e1 repercutiendo en los precios y las demandas de electricidad de los mercados el\u00e9ctricos.\",\"breadcrumb\":{\"@id\":\"https:\\\/\\\/aleasoft.com\\\/es\\\/ola-frio-subidas-precio-demanda-eolica\\\/#breadcrumb\"},\"inLanguage\":\"es\",\"potentialAction\":[{\"@type\":\"ReadAction\",\"target\":[\"https:\\\/\\\/aleasoft.com\\\/es\\\/ola-frio-subidas-precio-demanda-eolica\\\/\"]}]},{\"@type\":\"ImageObject\",\"inLanguage\":\"es\",\"@id\":\"https:\\\/\\\/aleasoft.com\\\/es\\\/ola-frio-subidas-precio-demanda-eolica\\\/#primaryimage\",\"url\":\"https:\\\/\\\/aleasoft.com\\\/wp-content\\\/uploads\\\/2019\\\/01\\\/20190110-aleasoft-precios-mercados-europeos-electricidad.png\",\"contentUrl\":\"https:\\\/\\\/aleasoft.com\\\/wp-content\\\/uploads\\\/2019\\\/01\\\/20190110-aleasoft-precios-mercados-europeos-electricidad.png\",\"width\":2303,\"height\":1606},{\"@type\":\"BreadcrumbList\",\"@id\":\"https:\\\/\\\/aleasoft.com\\\/es\\\/ola-frio-subidas-precio-demanda-eolica\\\/#breadcrumb\",\"itemListElement\":[{\"@type\":\"ListItem\",\"position\":1,\"name\":\"Home\",\"item\":\"https:\\\/\\\/aleasoft.com\\\/es\\\/\"},{\"@type\":\"ListItem\",\"position\":2,\"name\":\"La ola de fr\u00edo trae subidas de precio, demanda y e\u00f3lica\"}]},{\"@type\":\"WebSite\",\"@id\":\"https:\\\/\\\/aleasoft.com\\\/#website\",\"url\":\"https:\\\/\\\/aleasoft.com\\\/\",\"name\":\"AleaSoft Energy Forecasting\",\"description\":\"Energy Forecasting\",\"publisher\":{\"@id\":\"https:\\\/\\\/aleasoft.com\\\/#organization\"},\"potentialAction\":[{\"@type\":\"SearchAction\",\"target\":{\"@type\":\"EntryPoint\",\"urlTemplate\":\"https:\\\/\\\/aleasoft.com\\\/?s={search_term_string}\"},\"query-input\":{\"@type\":\"PropertyValueSpecification\",\"valueRequired\":true,\"valueName\":\"search_term_string\"}}],\"inLanguage\":\"es\"},{\"@type\":\"Organization\",\"@id\":\"https:\\\/\\\/aleasoft.com\\\/#organization\",\"name\":\"AleaSoft Energy Forecasting\",\"url\":\"https:\\\/\\\/aleasoft.com\\\/\",\"logo\":{\"@type\":\"ImageObject\",\"inLanguage\":\"es\",\"@id\":\"https:\\\/\\\/aleasoft.com\\\/#\\\/schema\\\/logo\\\/image\\\/\",\"url\":\"https:\\\/\\\/aleasoft.com\\\/wp-content\\\/uploads\\\/2020\\\/01\\\/logo-alea-25.svg\",\"contentUrl\":\"https:\\\/\\\/aleasoft.com\\\/wp-content\\\/uploads\\\/2020\\\/01\\\/logo-alea-25.svg\",\"width\":7047,\"height\":1416,\"caption\":\"AleaSoft Energy Forecasting\"},\"image\":{\"@id\":\"https:\\\/\\\/aleasoft.com\\\/#\\\/schema\\\/logo\\\/image\\\/\"},\"sameAs\":[\"https:\\\/\\\/www.facebook.com\\\/AleaSoft\\\/\",\"https:\\\/\\\/x.com\\\/AleaSoftEnergy\",\"https:\\\/\\\/www.linkedin.com\\\/company\\\/aleasoft\\\/\"]},{\"@type\":\"Person\",\"@id\":\"https:\\\/\\\/aleasoft.com\\\/#\\\/schema\\\/person\\\/99ee8b0f2ecbd56ba78005c6b7864d67\",\"name\":\"AleaSoft Energy Forecasting\",\"image\":{\"@type\":\"ImageObject\",\"inLanguage\":\"es\",\"@id\":\"https:\\\/\\\/secure.gravatar.com\\\/avatar\\\/3ce8db70bda469bc8382df5990537888cf96f625c0fde5b0292ff5ab10560f88?s=96&d=mm&r=g\",\"url\":\"https:\\\/\\\/secure.gravatar.com\\\/avatar\\\/3ce8db70bda469bc8382df5990537888cf96f625c0fde5b0292ff5ab10560f88?s=96&d=mm&r=g\",\"contentUrl\":\"https:\\\/\\\/secure.gravatar.com\\\/avatar\\\/3ce8db70bda469bc8382df5990537888cf96f625c0fde5b0292ff5ab10560f88?s=96&d=mm&r=g\",\"caption\":\"AleaSoft Energy Forecasting\"},\"sameAs\":[\"http:\\\/\\\/aleasoft.com\"]}]}<\/script>\n<!-- \/ Yoast SEO Premium plugin. -->","yoast_head_json":{"title":"La ola de fr\u00edo trae subidas de precio, demanda y e\u00f3lica","description":"La ola de fr\u00edo que ha llegado a Europa est\u00e1 repercutiendo en los precios y las demandas de electricidad de los mercados el\u00e9ctricos.","robots":{"index":"index","follow":"follow","max-snippet":"max-snippet:-1","max-image-preview":"max-image-preview:large","max-video-preview":"max-video-preview:-1"},"canonical":"https:\/\/aleasoft.com\/es\/ola-frio-subidas-precio-demanda-eolica\/","og_locale":"es_ES","og_type":"article","og_title":"La ola de fr\u00edo trae subidas de precio, demanda y e\u00f3lica","og_description":"La ola de fr\u00edo que ha llegado a Europa est\u00e1 repercutiendo en los precios y las demandas de electricidad de los mercados el\u00e9ctricos.","og_url":"https:\/\/aleasoft.com\/es\/ola-frio-subidas-precio-demanda-eolica\/","og_site_name":"AleaSoft Energy Forecasting","article_publisher":"https:\/\/www.facebook.com\/AleaSoft\/","article_published_time":"2019-01-09T23:00:00+00:00","article_modified_time":"2022-05-20T12:33:02+00:00","og_image":[{"width":2303,"height":1606,"url":"https:\/\/aleasoft.com\/wp-content\/uploads\/2019\/01\/20190110-aleasoft-precios-mercados-europeos-electricidad.png","type":"image\/png"}],"author":"AleaSoft Energy Forecasting","twitter_card":"summary_large_image","twitter_creator":"@AleaSoftEnergy","twitter_site":"@AleaSoftEnergy","twitter_misc":{"Escrito por":"AleaSoft Energy Forecasting","Tiempo de lectura":"7 minutos"},"schema":{"@context":"https:\/\/schema.org","@graph":[{"@type":"Article","@id":"https:\/\/aleasoft.com\/es\/ola-frio-subidas-precio-demanda-eolica\/#article","isPartOf":{"@id":"https:\/\/aleasoft.com\/es\/ola-frio-subidas-precio-demanda-eolica\/"},"author":{"name":"AleaSoft Energy Forecasting","@id":"https:\/\/aleasoft.com\/#\/schema\/person\/99ee8b0f2ecbd56ba78005c6b7864d67"},"headline":"La ola de fr\u00edo trae subidas de precio, demanda y e\u00f3lica","datePublished":"2019-01-09T23:00:00+00:00","dateModified":"2022-05-20T12:33:02+00:00","mainEntityOfPage":{"@id":"https:\/\/aleasoft.com\/es\/ola-frio-subidas-precio-demanda-eolica\/"},"wordCount":1427,"publisher":{"@id":"https:\/\/aleasoft.com\/#organization"},"image":{"@id":"https:\/\/aleasoft.com\/es\/ola-frio-subidas-precio-demanda-eolica\/#primaryimage"},"thumbnailUrl":"https:\/\/aleasoft.com\/wp-content\/uploads\/2019\/01\/20190110-aleasoft-precios-mercados-europeos-electricidad.png","keywords":["noticias"],"articleSection":["Noticias"],"inLanguage":"es"},{"@type":"WebPage","@id":"https:\/\/aleasoft.com\/es\/ola-frio-subidas-precio-demanda-eolica\/","url":"https:\/\/aleasoft.com\/es\/ola-frio-subidas-precio-demanda-eolica\/","name":"La ola de fr\u00edo trae subidas de precio, demanda y e\u00f3lica","isPartOf":{"@id":"https:\/\/aleasoft.com\/#website"},"primaryImageOfPage":{"@id":"https:\/\/aleasoft.com\/es\/ola-frio-subidas-precio-demanda-eolica\/#primaryimage"},"image":{"@id":"https:\/\/aleasoft.com\/es\/ola-frio-subidas-precio-demanda-eolica\/#primaryimage"},"thumbnailUrl":"https:\/\/aleasoft.com\/wp-content\/uploads\/2019\/01\/20190110-aleasoft-precios-mercados-europeos-electricidad.png","datePublished":"2019-01-09T23:00:00+00:00","dateModified":"2022-05-20T12:33:02+00:00","description":"La ola de fr\u00edo que ha llegado a Europa est\u00e1 repercutiendo en los precios y las demandas de electricidad de los mercados el\u00e9ctricos.","breadcrumb":{"@id":"https:\/\/aleasoft.com\/es\/ola-frio-subidas-precio-demanda-eolica\/#breadcrumb"},"inLanguage":"es","potentialAction":[{"@type":"ReadAction","target":["https:\/\/aleasoft.com\/es\/ola-frio-subidas-precio-demanda-eolica\/"]}]},{"@type":"ImageObject","inLanguage":"es","@id":"https:\/\/aleasoft.com\/es\/ola-frio-subidas-precio-demanda-eolica\/#primaryimage","url":"https:\/\/aleasoft.com\/wp-content\/uploads\/2019\/01\/20190110-aleasoft-precios-mercados-europeos-electricidad.png","contentUrl":"https:\/\/aleasoft.com\/wp-content\/uploads\/2019\/01\/20190110-aleasoft-precios-mercados-europeos-electricidad.png","width":2303,"height":1606},{"@type":"BreadcrumbList","@id":"https:\/\/aleasoft.com\/es\/ola-frio-subidas-precio-demanda-eolica\/#breadcrumb","itemListElement":[{"@type":"ListItem","position":1,"name":"Home","item":"https:\/\/aleasoft.com\/es\/"},{"@type":"ListItem","position":2,"name":"La ola de fr\u00edo trae subidas de precio, demanda y e\u00f3lica"}]},{"@type":"WebSite","@id":"https:\/\/aleasoft.com\/#website","url":"https:\/\/aleasoft.com\/","name":"AleaSoft Energy Forecasting","description":"Energy Forecasting","publisher":{"@id":"https:\/\/aleasoft.com\/#organization"},"potentialAction":[{"@type":"SearchAction","target":{"@type":"EntryPoint","urlTemplate":"https:\/\/aleasoft.com\/?s={search_term_string}"},"query-input":{"@type":"PropertyValueSpecification","valueRequired":true,"valueName":"search_term_string"}}],"inLanguage":"es"},{"@type":"Organization","@id":"https:\/\/aleasoft.com\/#organization","name":"AleaSoft Energy Forecasting","url":"https:\/\/aleasoft.com\/","logo":{"@type":"ImageObject","inLanguage":"es","@id":"https:\/\/aleasoft.com\/#\/schema\/logo\/image\/","url":"https:\/\/aleasoft.com\/wp-content\/uploads\/2020\/01\/logo-alea-25.svg","contentUrl":"https:\/\/aleasoft.com\/wp-content\/uploads\/2020\/01\/logo-alea-25.svg","width":7047,"height":1416,"caption":"AleaSoft Energy Forecasting"},"image":{"@id":"https:\/\/aleasoft.com\/#\/schema\/logo\/image\/"},"sameAs":["https:\/\/www.facebook.com\/AleaSoft\/","https:\/\/x.com\/AleaSoftEnergy","https:\/\/www.linkedin.com\/company\/aleasoft\/"]},{"@type":"Person","@id":"https:\/\/aleasoft.com\/#\/schema\/person\/99ee8b0f2ecbd56ba78005c6b7864d67","name":"AleaSoft Energy Forecasting","image":{"@type":"ImageObject","inLanguage":"es","@id":"https:\/\/secure.gravatar.com\/avatar\/3ce8db70bda469bc8382df5990537888cf96f625c0fde5b0292ff5ab10560f88?s=96&d=mm&r=g","url":"https:\/\/secure.gravatar.com\/avatar\/3ce8db70bda469bc8382df5990537888cf96f625c0fde5b0292ff5ab10560f88?s=96&d=mm&r=g","contentUrl":"https:\/\/secure.gravatar.com\/avatar\/3ce8db70bda469bc8382df5990537888cf96f625c0fde5b0292ff5ab10560f88?s=96&d=mm&r=g","caption":"AleaSoft Energy Forecasting"},"sameAs":["http:\/\/aleasoft.com"]}]}},"_links":{"self":[{"href":"https:\/\/aleasoft.com\/es\/wp-json\/wp\/v2\/posts\/77998","targetHints":{"allow":["GET"]}}],"collection":[{"href":"https:\/\/aleasoft.com\/es\/wp-json\/wp\/v2\/posts"}],"about":[{"href":"https:\/\/aleasoft.com\/es\/wp-json\/wp\/v2\/types\/post"}],"author":[{"embeddable":true,"href":"https:\/\/aleasoft.com\/es\/wp-json\/wp\/v2\/users\/1"}],"replies":[{"embeddable":true,"href":"https:\/\/aleasoft.com\/es\/wp-json\/wp\/v2\/comments?post=77998"}],"version-history":[{"count":0,"href":"https:\/\/aleasoft.com\/es\/wp-json\/wp\/v2\/posts\/77998\/revisions"}],"wp:featuredmedia":[{"embeddable":true,"href":"https:\/\/aleasoft.com\/es\/wp-json\/wp\/v2\/media\/64719"}],"wp:attachment":[{"href":"https:\/\/aleasoft.com\/es\/wp-json\/wp\/v2\/media?parent=77998"}],"wp:term":[{"taxonomy":"category","embeddable":true,"href":"https:\/\/aleasoft.com\/es\/wp-json\/wp\/v2\/categories?post=77998"},{"taxonomy":"post_tag","embeddable":true,"href":"https:\/\/aleasoft.com\/es\/wp-json\/wp\/v2\/tags?post=77998"}],"curies":[{"name":"wp","href":"https:\/\/api.w.org\/{rel}","templated":true}]}}