{"id":78045,"date":"2019-03-28T00:00:00","date_gmt":"2019-03-27T23:00:00","guid":{"rendered":"https:\/\/aleasoft.com\/variacion-produccion-eolica-produce-variaciones-precio-mercado-electrico-mibel\/"},"modified":"2022-05-20T00:24:51","modified_gmt":"2022-05-19T22:24:51","slug":"variacion-produccion-eolica-produce-variaciones-precio-mercado-electrico-mibel","status":"publish","type":"post","link":"https:\/\/aleasoft.com\/es\/variacion-produccion-eolica-produce-variaciones-precio-mercado-electrico-mibel\/","title":{"rendered":"La variaci\u00f3n en la producci\u00f3n e\u00f3lica produce variaciones en el precio del mercado el\u00e9ctrico MIBEL"},"content":{"rendered":"<p><strong>AleaSoft, 28 de marzo de 2019. La variaci\u00f3n de la producci\u00f3n e\u00f3lica ha hecho que el precio del mercado el\u00e9ctrico MIBEL var\u00ede entre los 40\u00a0\u20ac\/MWh y los 50\u00a0\u20ac\/MWh durante esta semana, movi\u00e9ndose entre las dos franjas de precios de los mercados el\u00e9ctricos europeos, seg\u00fan el an\u00e1lisis realizado por AleaSoft.<\/strong><\/p>\n<p>El precio promedio diario del <strong>mercado el\u00e9ctrico MIBEL<\/strong> de Espa\u00f1a y Portugal, que hab\u00eda estado la mayor parte de la semana del 25 de marzo entre los 40\u00a0\u20ac\/MWh y 45\u00a0\u20ac\/MWh, subi\u00f3 este jueves 28 de marzo hasta los 50,83\u00a0\u20ac\/MWh, posicion\u00e1ndose ese d\u00eda como el m\u00e1s alto entre<a href='https:\/\/aleasoft.com\/es\/casos-previsiones\/ppa-y-sinergias\/' class='alea-banner-link' data-alea-gtm-event-category='banner-almost-square' data-alea-gtm-event-label='ppa'><img class='alignright' src='' alt='Oferta de previsiones de precios a largo plazo para PPA' style=''\/><\/a> los principales mercados europeos de electricidad. Seg\u00fan el an\u00e1lisis realizado por <strong>AleaSoft<\/strong>, en los primeros tres d\u00edas de esta semana la <strong>producci\u00f3n e\u00f3lica<\/strong> de Espa\u00f1a estuvo entre los 200\u00a0GWh y 300\u00a0GWh diarios, mientras que la previsi\u00f3n para hoy 28 de marzo est\u00e1 en torno a los 160\u00a0GWh, lo que ha propiciado el aumento de los precios.<\/p>\n<p>No obstante, el precio promedio de los primeros cuatro d\u00edas de esta semana ha bajado un 9,1% en el caso de Espa\u00f1a y un 8,1% en el caso de Portugal, si se compara con los d\u00edas correspondientes de la semana pasada.<\/p>\n<h3 style=\"font-size: 12pt;\">Mercados el\u00e9ctricos europeos<\/h3>\n<p>Esta semana los <strong>mercados europeos de electricidad<\/strong> han estado agrupados en dos franjas seg\u00fan su precio. En la franja con precios menores o alrededor de 40\u00a0\u20ac\/MWh se encuentran los <strong>mercados <\/strong> de Alemania, Francia, B\u00e9lgica, Pa\u00edses Bajos y el <strong>mercado<\/strong> <strong>Nord\u00a0Pool<\/strong> de los pa\u00edses n\u00f3rdicos. En la franja de precios m\u00e1s altos, alrededor de los 50\u00a0\u20ac\/MWh, se encuentran los <strong>mercados<\/strong> <strong>IPEX<\/strong> de Italia y <strong>N2EX<\/strong> de UK. Y el mercado <strong>MIBEL<\/strong> ha estado oscilando entre las dos franjas, con precios entre los 40\u00a0\u20ac\/MWh y los 50\u00a0\u20ac\/MWh.<\/p>\n<p>Los precios de los mercados europeos contin\u00faan bajando esta semana, desde un 4,6% del mercado EPEX\u00a0SPOT Alemania hasta un 9,9% del mercado EPEX\u00a0SPOT B\u00e9lgica, si se compara el promedio de los primeros cuatro d\u00edas de esta semana con los primeros cuatro d\u00edas de la semana pasada.<\/p>\n<p><a title=\"AleaSoft \u2013 Precios mercados europeos electricidad\" href=\"https:\/\/aleasoft.com\/wp-content\/uploads\/2019\/03\/20190328-aleasoft-precios-mercados-europeos-electricidad.png\"><img fetchpriority=\"high\" decoding=\"async\" class=\"aligncenter wp-image-2885 size-full\" src=\"https:\/\/aleasoft.com\/wp-content\/uploads\/2019\/03\/20190328-aleasoft-precios-mercados-europeos-electricidad.png\" alt=\"AleaSoft - Precios mercados europeos electricidad\" width=\"740\" height=\"530\" \/><\/a><\/p>\n<p><span style=\"font-size: xx-small;\">Fuentes: Elaborado por AleaSoft con datos de OMIE, , N2EX, IPEX y Nord Pool.<\/span><\/p>\n<p>En lo que va de semana, la <strong>demanda el\u00e9ctrica<\/strong> en Europa ha bajado respecto a la semana pasada debido a que las temperaturas han aumentado con la llegada de la primavera. La <strong>producci\u00f3n e\u00f3lica<\/strong> ha sido m\u00e1s alta esta semana a nivel europeo, mientras que la <strong>producci\u00f3n solar<\/strong> ha aumentado en Espa\u00f1a pero ha disminuido en Alemania e Italia.<\/p>\n<p><a title=\"AleaSoft \u2013 Producci\u00f3n e\u00f3lica electricidad Europa\" href=\"https:\/\/aleasoft.com\/wp-content\/uploads\/2019\/03\/20190328-aleasoft-produccin-elica-electricidad-europa.png\"><img decoding=\"async\" class=\"aligncenter wp-image-2885 size-full\" src=\"https:\/\/aleasoft.com\/wp-content\/uploads\/2019\/03\/20190328-aleasoft-produccin-elica-electricidad-europa.png\" alt=\"AleaSoft - Producci\u00f3n e\u00f3lica electricidad Europa\" width=\"740\" height=\"530\" \/><\/a><\/p>\n<p><span style=\"font-size: xx-small;\">Fuentes: Elaborado por AleaSoft con datos de ENTSOE, RTE, REN, REE y TERNA.<\/span><br \/>\n<a title=\"AleaSoft \u2013 Producci\u00f3n solar fotovoltaica termosolar electricidad Europa\" href=\"https:\/\/aleasoft.com\/wp-content\/uploads\/2019\/03\/20190328-aleasoft-produccin-solar-fotovoltaica-termosolar-electricidad-europa.png\"><img decoding=\"async\" class=\"aligncenter wp-image-2885 size-full\" src=\"https:\/\/aleasoft.com\/wp-content\/uploads\/2019\/03\/20190328-aleasoft-produccin-solar-fotovoltaica-termosolar-electricidad-europa.png\" alt=\"AleaSoft - Producci\u00f3n solar fotovoltaica termosolar electricidad Europa\" width=\"740\" height=\"530\" \/><\/a><\/p>\n<p><span style=\"font-size: xx-small;\">Fuentes: Elaborado por AleaSoft con datos de ENTSOE, REE y TERNA.<\/span><\/p>\n<h3 style=\"font-size: 12pt;\">Brent, combustibles y CO<sub>2<\/sub><\/h3>\n<p>El precio de los futuros del <strong>petr\u00f3leo Brent<\/strong> en el <strong>mercado de futuros ICE<\/strong> para el mes de mayo de 2019 se ha mantenido esta semana del 25 de marzo por debajo de los 68\u00a0$\/bbl, cerrando en 67,83\u00a0$\/bbl en la sesi\u00f3n del 27 de marzo. Aunque se mantienen vigentes algunos de los acontecimientos que han provocado el aumento del precio del Brent, por ejemplo, los recortes de producci\u00f3n de la OPEP y las sanciones impuestas por Estados Unidos a Venezuela e Ir\u00e1n, en <strong>AleaSoft<\/strong> se espera que en los pr\u00f3ximos d\u00edas el precio se mantenga por debajo de esta cota de 68\u00a0$\/bbl.<\/p>\n<p>El precio de los futuros de <strong>gas TTF<\/strong> para abril en el mercado ICE esta semana ha frenado la tendencia bajista de los \u00faltimos seis meses y en la sesi\u00f3n de ayer 27 de marzo se situ\u00f3 en 14,99\u00a0\u20ac\/MWh, un 5,7% m\u00e1s alto que en la sesi\u00f3n del lunes 25 de marzo cuando hab\u00eda cerrado en el valor m\u00e1s bajo de los \u00faltimos dos a\u00f1os, de 14,19\u00a0\u20ac\/MWh. Seg\u00fan <strong>AleaSoft<\/strong>, los precios del gas volver\u00e1n a la tendencia decreciente, aunque hay que estar pendientes de la situaci\u00f3n de inestabilidad pol\u00edtica en Argelia, un gran suministrador de gas en el sur de Europa.<\/p>\n<p>Por su parte, los futuros de <strong>carb\u00f3n API\u00a02<\/strong> para abril en el mercado ICE contin\u00faan con la tendencia bajista de los \u00faltimos seis meses. Ayer 27 de marzo el precio de cierre fue 63,20\u00a0$\/t, un valor que no se alcanzaba desde finales de mayo de 2017. En <strong>AleaSoft<\/strong> se espera que el precio contin\u00fae bajando, con posibilidad de llegar a los 60\u00a0$\/t en las pr\u00f3ximas semanas.<\/p>\n<p>Los futuros de <strong>derechos de emisiones de CO<sub>2<\/sub><\/strong> en el <strong>mercado EEX<\/strong> para el contrato de referencia de diciembre de 2019 han vuelto a alcanzar esta semana precios por encima de los 21\u00a0\u20ac\/t, despu\u00e9s de que la semana pasada terminaran por debajo de ese valor. En la sesi\u00f3n del 27 de marzo cerraron en 21,86\u00a0\u20ac\/t. La evoluci\u00f3n de los pr\u00f3ximos d\u00edas y semanas depender\u00e1 en gran medida de las negociaciones del Brexit. En <strong>AleaSoft<\/strong> se espera que podr\u00edan bajar de los 20\u00a0\u20ac\/t si se llega a producir la salida del Reino Unido de la Uni\u00f3n Europea.<\/p>\n<h3 style=\"font-size: 12pt;\">Futuros de electricidad<\/h3>\n<p>Los <strong>futuros de electricidad<\/strong> de Espa\u00f1a en los mercados <strong>OMIP <\/strong>y <strong>EEX<\/strong> para el a\u00f1o 2020 han aumentado un 0,9% entre las sesiones del 22 y el 27 de marzo, llegando a los 53,75\u00a0\u20ac\/MWh en OMIP y los 53,68\u00a0\u20ac\/MWh en EEX. Id\u00e9ntica subida han experimentado los futuros de Portugal en el mercado OMIP para el mismo producto y per\u00edodo, cerrando ayer 27 de marzo en 53,78\u00a0\u20ac\/MWh.<\/p>\n<a href='https:\/\/aleasoft.com\/es\/casos-previsiones\/ppa-y-sinergias\/' class='alea-banner-link' data-alea-gtm-event-category='banner-horizontal' data-alea-gtm-event-label='ppa'><img class='aligncenter' src='https:\/\/aleasoft.com\/wp-content\/uploads\/2021\/06\/banners_ppa_es.jpg' alt='Oferta de previsiones de precios a largo plazo para PPA' style=''\/><\/a>\n<p>Los futuros de Francia y Alemania en el mercado EEX para el a\u00f1o 2020 tambi\u00e9n han subido, en ambos casos con m\u00e1s fuerza que los de Espa\u00f1a y Portugal. Los futuros de Francia cerraron ayer 27 de marzo en 50,41\u00a0\u20ac\/MWh, un 3,0% m\u00e1s altos que en la sesi\u00f3n del viernes 22 de marzo, mientras que en Alemania la subida en el mismo per\u00edodo fue de 3,9%, con un precio de liquidaci\u00f3n de 46,93\u00a0\u20ac\/MWh en la sesi\u00f3n de ayer.<\/p>\n<h3 style=\"font-size: 12pt;\">Espa\u00f1a peninsular, producci\u00f3n e\u00f3lica y fotovoltaica<\/h3>\n<p>Esta semana la temperatura media de Espa\u00f1a peninsular ha sido m\u00e1s alta que la semana pasada, lo que ha favorecido que la <strong>demanda de electricidad<\/strong> disminuya. Seg\u00fan los c\u00e1lculos realizados por <strong>AleaSoft<\/strong>, una vez corregido el efecto del festivo regional del pasado 19 de marzo, la demanda el\u00e9ctrica entre el 25 y el 27 de marzo ha sido un 1,0% m\u00e1s baja que los tres primeros d\u00edas de la semana pasada.<\/p>\n<p>La <strong>producci\u00f3n e\u00f3lica<\/strong> esta semana ha aumentado un 85% respecto a la semana pasada. Para la semana pr\u00f3xima en <strong>AleaSoft<\/strong> se espera que bajen respecto a los valores de esta semana.<\/p>\n<p>La <strong>producci\u00f3n solar<\/strong>, que incluye la tecnolog\u00eda <strong>fotovoltaica<\/strong> y la <strong>termosolar<\/strong>, ha aumentado un 11% en lo que va de semana respecto a los valores de la semana pasada. Seg\u00fan las <strong>previsiones de AleaSoft<\/strong>, la semana pr\u00f3xima la producci\u00f3n solar puede bajar aunque la tendencia general es que vaya aumentando en la medida en que aumenten las horas de sol.<\/p>\n<p>Esta semana todas las <strong>centrales nucleares<\/strong> contin\u00faan en marcha y la <strong>producci\u00f3n hidroel\u00e9ctrica<\/strong> ha estado alrededor de los 50\u00a0GWh diarios, m\u00e1s baja que la semana anterior cuando estuvo por encima de los 66\u00a0GWh diarios la mayor parte de la semana.<\/p>\n<p><a title=\"AleaSoft \u2013 Balance diario electricidad Espa\u00f1a Demanda Producci\u00f3n\" href=\"https:\/\/aleasoft.com\/wp-content\/uploads\/2019\/03\/20190328-aleasoft-balance-diario-electricidad-espaa-demanda-produccin.png\"><img loading=\"lazy\" decoding=\"async\" class=\"aligncenter wp-image-2885 size-full\" src=\"https:\/\/aleasoft.com\/wp-content\/uploads\/2019\/03\/20190328-aleasoft-balance-diario-electricidad-espaa-demanda-produccin.png\" alt=\"AleaSoft - Balance diario electricidad Espa\u00f1a Demanda Producci\u00f3n\" width=\"740\" height=\"530\" \/><\/a><\/p>\n<p><span style=\"font-size: xx-small;\">Fuentes: Elaborado por AleaSoft con datos de REE.<\/span><\/p>\n<p>Seg\u00fan el Bolet\u00edn Hidrol\u00f3gico publicado por el Ministerio para la Transici\u00f3n Ecol\u00f3gica, las <strong>reservas hidroel\u00e9ctricas<\/strong> han disminuido 48\u00a0GWh durante la \u00faltima semana, situ\u00e1ndose actualmente en 11\u00a0289\u00a0GWh, valor que representa el 49% de la capacidad total.<\/p>\n<p>Fuente: <strong>AleaSoft Energy Forecasting<\/strong>.<\/p>\n<p align=\"left\"><a style=\"color: #0047c8;\" title=\"PDF\" href=\"https:\/\/aleasoft.com\/wp-content\/uploads\/2019\/03\/20190328-aleasoft-variacion-produccion-eolica-produce-variaciones-precio-mercado-electrico-mibel.pdf\" target=\"_blank\" rel=\"noopener noreferrer\">Descargar PDF<\/a><\/p>\n","protected":false},"excerpt":{"rendered":"<p>AleaSoft, 28 de marzo de 2019. La variaci\u00f3n de la producci\u00f3n e\u00f3lica ha hecho que el precio del mercado el\u00e9ctrico MIBEL var\u00ede entre los 40\u00a0\u20ac\/MWh y los 50\u00a0\u20ac\/MWh durante esta semana, movi\u00e9ndose entre las dos franjas de precios de los mercados el\u00e9ctricos europeos, seg\u00fan el an\u00e1lisis realizado por AleaSoft. El precio promedio diario del mercado [&hellip;]<\/p>\n","protected":false},"author":1,"featured_media":66759,"comment_status":"closed","ping_status":"closed","sticky":false,"template":"","format":"standard","meta":{"footnotes":""},"categories":[568],"tags":[574],"class_list":["post-78045","post","type-post","status-publish","format-standard","has-post-thumbnail","hentry","category-noticias","tag-noticias"],"yoast_head":"<!-- This site is optimized with the Yoast SEO Premium plugin v27.4 (Yoast SEO v27.4) - https:\/\/yoast.com\/product\/yoast-seo-premium-wordpress\/ -->\n<title>La variaci\u00f3n en la producci\u00f3n e\u00f3lica produce variaciones en el precio del mercado el\u00e9ctrico MIBEL<\/title>\n<meta name=\"description\" content=\"La variaci\u00f3n de la producci\u00f3n e\u00f3lica ha hecho que el precio del mercado el\u00e9ctrico MIBEL var\u00ede entre los 40 \u20ac\/MWh y los 50 \u20ac\/MWh durante esta semana, movi\u00e9ndose entre las dos franjas de precios de los mercados el\u00e9ctricos europeos, seg\u00fan el an\u00e1lisis realizado por AleaSoft.\" \/>\n<meta name=\"robots\" content=\"index, follow, max-snippet:-1, max-image-preview:large, max-video-preview:-1\" \/>\n<link rel=\"canonical\" href=\"https:\/\/aleasoft.com\/es\/variacion-produccion-eolica-produce-variaciones-precio-mercado-electrico-mibel\/\" \/>\n<meta property=\"og:locale\" content=\"es_ES\" \/>\n<meta property=\"og:type\" content=\"article\" \/>\n<meta property=\"og:title\" content=\"La variaci\u00f3n en la producci\u00f3n e\u00f3lica produce variaciones en el precio del mercado el\u00e9ctrico MIBEL\" \/>\n<meta property=\"og:description\" content=\"La variaci\u00f3n de la producci\u00f3n e\u00f3lica ha hecho que el precio del mercado el\u00e9ctrico MIBEL var\u00ede entre los 40 \u20ac\/MWh y los 50 \u20ac\/MWh durante esta semana, movi\u00e9ndose entre las dos franjas de precios de los mercados el\u00e9ctricos europeos, seg\u00fan el an\u00e1lisis realizado por AleaSoft.\" \/>\n<meta property=\"og:url\" content=\"https:\/\/aleasoft.com\/es\/variacion-produccion-eolica-produce-variaciones-precio-mercado-electrico-mibel\/\" \/>\n<meta property=\"og:site_name\" content=\"AleaSoft Energy Forecasting\" \/>\n<meta property=\"article:publisher\" content=\"https:\/\/www.facebook.com\/AleaSoft\/\" \/>\n<meta property=\"article:published_time\" content=\"2019-03-27T23:00:00+00:00\" \/>\n<meta property=\"article:modified_time\" content=\"2022-05-19T22:24:51+00:00\" \/>\n<meta property=\"og:image\" content=\"https:\/\/aleasoft.com\/wp-content\/uploads\/2019\/03\/20190328-aleasoft-produccin-elica-electricidad-europa.png\" \/>\n\t<meta property=\"og:image:width\" content=\"2300\" \/>\n\t<meta property=\"og:image:height\" content=\"1604\" \/>\n\t<meta property=\"og:image:type\" content=\"image\/png\" \/>\n<meta name=\"author\" content=\"AleaSoft Energy Forecasting\" \/>\n<meta name=\"twitter:card\" content=\"summary_large_image\" \/>\n<meta name=\"twitter:creator\" content=\"@AleaSoftEnergy\" \/>\n<meta name=\"twitter:site\" content=\"@AleaSoftEnergy\" \/>\n<meta name=\"twitter:label1\" content=\"Escrito por\" \/>\n\t<meta name=\"twitter:data1\" content=\"AleaSoft Energy Forecasting\" \/>\n\t<meta name=\"twitter:label2\" content=\"Tiempo de lectura\" \/>\n\t<meta name=\"twitter:data2\" content=\"7 minutos\" \/>\n<script type=\"application\/ld+json\" class=\"yoast-schema-graph\">{\"@context\":\"https:\\\/\\\/schema.org\",\"@graph\":[{\"@type\":\"Article\",\"@id\":\"https:\\\/\\\/aleasoft.com\\\/es\\\/variacion-produccion-eolica-produce-variaciones-precio-mercado-electrico-mibel\\\/#article\",\"isPartOf\":{\"@id\":\"https:\\\/\\\/aleasoft.com\\\/es\\\/variacion-produccion-eolica-produce-variaciones-precio-mercado-electrico-mibel\\\/\"},\"author\":{\"name\":\"AleaSoft Energy Forecasting\",\"@id\":\"https:\\\/\\\/aleasoft.com\\\/#\\\/schema\\\/person\\\/99ee8b0f2ecbd56ba78005c6b7864d67\"},\"headline\":\"La variaci\u00f3n en la producci\u00f3n e\u00f3lica produce variaciones en el precio del mercado el\u00e9ctrico MIBEL\",\"datePublished\":\"2019-03-27T23:00:00+00:00\",\"dateModified\":\"2022-05-19T22:24:51+00:00\",\"mainEntityOfPage\":{\"@id\":\"https:\\\/\\\/aleasoft.com\\\/es\\\/variacion-produccion-eolica-produce-variaciones-precio-mercado-electrico-mibel\\\/\"},\"wordCount\":1305,\"publisher\":{\"@id\":\"https:\\\/\\\/aleasoft.com\\\/#organization\"},\"image\":{\"@id\":\"https:\\\/\\\/aleasoft.com\\\/es\\\/variacion-produccion-eolica-produce-variaciones-precio-mercado-electrico-mibel\\\/#primaryimage\"},\"thumbnailUrl\":\"https:\\\/\\\/aleasoft.com\\\/wp-content\\\/uploads\\\/2019\\\/03\\\/20190328-aleasoft-produccin-elica-electricidad-europa.png\",\"keywords\":[\"noticias\"],\"articleSection\":[\"Noticias\"],\"inLanguage\":\"es\"},{\"@type\":\"WebPage\",\"@id\":\"https:\\\/\\\/aleasoft.com\\\/es\\\/variacion-produccion-eolica-produce-variaciones-precio-mercado-electrico-mibel\\\/\",\"url\":\"https:\\\/\\\/aleasoft.com\\\/es\\\/variacion-produccion-eolica-produce-variaciones-precio-mercado-electrico-mibel\\\/\",\"name\":\"La variaci\u00f3n en la producci\u00f3n e\u00f3lica produce variaciones en el precio del mercado el\u00e9ctrico MIBEL\",\"isPartOf\":{\"@id\":\"https:\\\/\\\/aleasoft.com\\\/#website\"},\"primaryImageOfPage\":{\"@id\":\"https:\\\/\\\/aleasoft.com\\\/es\\\/variacion-produccion-eolica-produce-variaciones-precio-mercado-electrico-mibel\\\/#primaryimage\"},\"image\":{\"@id\":\"https:\\\/\\\/aleasoft.com\\\/es\\\/variacion-produccion-eolica-produce-variaciones-precio-mercado-electrico-mibel\\\/#primaryimage\"},\"thumbnailUrl\":\"https:\\\/\\\/aleasoft.com\\\/wp-content\\\/uploads\\\/2019\\\/03\\\/20190328-aleasoft-produccin-elica-electricidad-europa.png\",\"datePublished\":\"2019-03-27T23:00:00+00:00\",\"dateModified\":\"2022-05-19T22:24:51+00:00\",\"description\":\"La variaci\u00f3n de la producci\u00f3n e\u00f3lica ha hecho que el precio del mercado el\u00e9ctrico MIBEL var\u00ede entre los 40 \u20ac\\\/MWh y los 50 \u20ac\\\/MWh durante esta semana, movi\u00e9ndose entre las dos franjas de precios de los mercados el\u00e9ctricos europeos, seg\u00fan el an\u00e1lisis realizado por AleaSoft.\",\"breadcrumb\":{\"@id\":\"https:\\\/\\\/aleasoft.com\\\/es\\\/variacion-produccion-eolica-produce-variaciones-precio-mercado-electrico-mibel\\\/#breadcrumb\"},\"inLanguage\":\"es\",\"potentialAction\":[{\"@type\":\"ReadAction\",\"target\":[\"https:\\\/\\\/aleasoft.com\\\/es\\\/variacion-produccion-eolica-produce-variaciones-precio-mercado-electrico-mibel\\\/\"]}]},{\"@type\":\"ImageObject\",\"inLanguage\":\"es\",\"@id\":\"https:\\\/\\\/aleasoft.com\\\/es\\\/variacion-produccion-eolica-produce-variaciones-precio-mercado-electrico-mibel\\\/#primaryimage\",\"url\":\"https:\\\/\\\/aleasoft.com\\\/wp-content\\\/uploads\\\/2019\\\/03\\\/20190328-aleasoft-produccin-elica-electricidad-europa.png\",\"contentUrl\":\"https:\\\/\\\/aleasoft.com\\\/wp-content\\\/uploads\\\/2019\\\/03\\\/20190328-aleasoft-produccin-elica-electricidad-europa.png\",\"width\":2300,\"height\":1604},{\"@type\":\"BreadcrumbList\",\"@id\":\"https:\\\/\\\/aleasoft.com\\\/es\\\/variacion-produccion-eolica-produce-variaciones-precio-mercado-electrico-mibel\\\/#breadcrumb\",\"itemListElement\":[{\"@type\":\"ListItem\",\"position\":1,\"name\":\"Home\",\"item\":\"https:\\\/\\\/aleasoft.com\\\/es\\\/\"},{\"@type\":\"ListItem\",\"position\":2,\"name\":\"La variaci\u00f3n en la producci\u00f3n e\u00f3lica produce variaciones en el precio del mercado el\u00e9ctrico MIBEL\"}]},{\"@type\":\"WebSite\",\"@id\":\"https:\\\/\\\/aleasoft.com\\\/#website\",\"url\":\"https:\\\/\\\/aleasoft.com\\\/\",\"name\":\"AleaSoft Energy Forecasting\",\"description\":\"Energy Forecasting\",\"publisher\":{\"@id\":\"https:\\\/\\\/aleasoft.com\\\/#organization\"},\"potentialAction\":[{\"@type\":\"SearchAction\",\"target\":{\"@type\":\"EntryPoint\",\"urlTemplate\":\"https:\\\/\\\/aleasoft.com\\\/?s={search_term_string}\"},\"query-input\":{\"@type\":\"PropertyValueSpecification\",\"valueRequired\":true,\"valueName\":\"search_term_string\"}}],\"inLanguage\":\"es\"},{\"@type\":\"Organization\",\"@id\":\"https:\\\/\\\/aleasoft.com\\\/#organization\",\"name\":\"AleaSoft Energy Forecasting\",\"url\":\"https:\\\/\\\/aleasoft.com\\\/\",\"logo\":{\"@type\":\"ImageObject\",\"inLanguage\":\"es\",\"@id\":\"https:\\\/\\\/aleasoft.com\\\/#\\\/schema\\\/logo\\\/image\\\/\",\"url\":\"https:\\\/\\\/aleasoft.com\\\/wp-content\\\/uploads\\\/2020\\\/01\\\/logo-alea-25.svg\",\"contentUrl\":\"https:\\\/\\\/aleasoft.com\\\/wp-content\\\/uploads\\\/2020\\\/01\\\/logo-alea-25.svg\",\"width\":7047,\"height\":1416,\"caption\":\"AleaSoft Energy Forecasting\"},\"image\":{\"@id\":\"https:\\\/\\\/aleasoft.com\\\/#\\\/schema\\\/logo\\\/image\\\/\"},\"sameAs\":[\"https:\\\/\\\/www.facebook.com\\\/AleaSoft\\\/\",\"https:\\\/\\\/x.com\\\/AleaSoftEnergy\",\"https:\\\/\\\/www.linkedin.com\\\/company\\\/aleasoft\\\/\"]},{\"@type\":\"Person\",\"@id\":\"https:\\\/\\\/aleasoft.com\\\/#\\\/schema\\\/person\\\/99ee8b0f2ecbd56ba78005c6b7864d67\",\"name\":\"AleaSoft Energy Forecasting\",\"image\":{\"@type\":\"ImageObject\",\"inLanguage\":\"es\",\"@id\":\"https:\\\/\\\/secure.gravatar.com\\\/avatar\\\/3ce8db70bda469bc8382df5990537888cf96f625c0fde5b0292ff5ab10560f88?s=96&d=mm&r=g\",\"url\":\"https:\\\/\\\/secure.gravatar.com\\\/avatar\\\/3ce8db70bda469bc8382df5990537888cf96f625c0fde5b0292ff5ab10560f88?s=96&d=mm&r=g\",\"contentUrl\":\"https:\\\/\\\/secure.gravatar.com\\\/avatar\\\/3ce8db70bda469bc8382df5990537888cf96f625c0fde5b0292ff5ab10560f88?s=96&d=mm&r=g\",\"caption\":\"AleaSoft Energy Forecasting\"},\"sameAs\":[\"http:\\\/\\\/aleasoft.com\"]}]}<\/script>\n<!-- \/ Yoast SEO Premium plugin. -->","yoast_head_json":{"title":"La variaci\u00f3n en la producci\u00f3n e\u00f3lica produce variaciones en el precio del mercado el\u00e9ctrico MIBEL","description":"La variaci\u00f3n de la producci\u00f3n e\u00f3lica ha hecho que el precio del mercado el\u00e9ctrico MIBEL var\u00ede entre los 40 \u20ac\/MWh y los 50 \u20ac\/MWh durante esta semana, movi\u00e9ndose entre las dos franjas de precios de los mercados el\u00e9ctricos europeos, seg\u00fan el an\u00e1lisis realizado por AleaSoft.","robots":{"index":"index","follow":"follow","max-snippet":"max-snippet:-1","max-image-preview":"max-image-preview:large","max-video-preview":"max-video-preview:-1"},"canonical":"https:\/\/aleasoft.com\/es\/variacion-produccion-eolica-produce-variaciones-precio-mercado-electrico-mibel\/","og_locale":"es_ES","og_type":"article","og_title":"La variaci\u00f3n en la producci\u00f3n e\u00f3lica produce variaciones en el precio del mercado el\u00e9ctrico MIBEL","og_description":"La variaci\u00f3n de la producci\u00f3n e\u00f3lica ha hecho que el precio del mercado el\u00e9ctrico MIBEL var\u00ede entre los 40 \u20ac\/MWh y los 50 \u20ac\/MWh durante esta semana, movi\u00e9ndose entre las dos franjas de precios de los mercados el\u00e9ctricos europeos, seg\u00fan el an\u00e1lisis realizado por AleaSoft.","og_url":"https:\/\/aleasoft.com\/es\/variacion-produccion-eolica-produce-variaciones-precio-mercado-electrico-mibel\/","og_site_name":"AleaSoft Energy Forecasting","article_publisher":"https:\/\/www.facebook.com\/AleaSoft\/","article_published_time":"2019-03-27T23:00:00+00:00","article_modified_time":"2022-05-19T22:24:51+00:00","og_image":[{"width":2300,"height":1604,"url":"https:\/\/aleasoft.com\/wp-content\/uploads\/2019\/03\/20190328-aleasoft-produccin-elica-electricidad-europa.png","type":"image\/png"}],"author":"AleaSoft Energy Forecasting","twitter_card":"summary_large_image","twitter_creator":"@AleaSoftEnergy","twitter_site":"@AleaSoftEnergy","twitter_misc":{"Escrito por":"AleaSoft Energy Forecasting","Tiempo de lectura":"7 minutos"},"schema":{"@context":"https:\/\/schema.org","@graph":[{"@type":"Article","@id":"https:\/\/aleasoft.com\/es\/variacion-produccion-eolica-produce-variaciones-precio-mercado-electrico-mibel\/#article","isPartOf":{"@id":"https:\/\/aleasoft.com\/es\/variacion-produccion-eolica-produce-variaciones-precio-mercado-electrico-mibel\/"},"author":{"name":"AleaSoft Energy Forecasting","@id":"https:\/\/aleasoft.com\/#\/schema\/person\/99ee8b0f2ecbd56ba78005c6b7864d67"},"headline":"La variaci\u00f3n en la producci\u00f3n e\u00f3lica produce variaciones en el precio del mercado el\u00e9ctrico MIBEL","datePublished":"2019-03-27T23:00:00+00:00","dateModified":"2022-05-19T22:24:51+00:00","mainEntityOfPage":{"@id":"https:\/\/aleasoft.com\/es\/variacion-produccion-eolica-produce-variaciones-precio-mercado-electrico-mibel\/"},"wordCount":1305,"publisher":{"@id":"https:\/\/aleasoft.com\/#organization"},"image":{"@id":"https:\/\/aleasoft.com\/es\/variacion-produccion-eolica-produce-variaciones-precio-mercado-electrico-mibel\/#primaryimage"},"thumbnailUrl":"https:\/\/aleasoft.com\/wp-content\/uploads\/2019\/03\/20190328-aleasoft-produccin-elica-electricidad-europa.png","keywords":["noticias"],"articleSection":["Noticias"],"inLanguage":"es"},{"@type":"WebPage","@id":"https:\/\/aleasoft.com\/es\/variacion-produccion-eolica-produce-variaciones-precio-mercado-electrico-mibel\/","url":"https:\/\/aleasoft.com\/es\/variacion-produccion-eolica-produce-variaciones-precio-mercado-electrico-mibel\/","name":"La variaci\u00f3n en la producci\u00f3n e\u00f3lica produce variaciones en el precio del mercado el\u00e9ctrico MIBEL","isPartOf":{"@id":"https:\/\/aleasoft.com\/#website"},"primaryImageOfPage":{"@id":"https:\/\/aleasoft.com\/es\/variacion-produccion-eolica-produce-variaciones-precio-mercado-electrico-mibel\/#primaryimage"},"image":{"@id":"https:\/\/aleasoft.com\/es\/variacion-produccion-eolica-produce-variaciones-precio-mercado-electrico-mibel\/#primaryimage"},"thumbnailUrl":"https:\/\/aleasoft.com\/wp-content\/uploads\/2019\/03\/20190328-aleasoft-produccin-elica-electricidad-europa.png","datePublished":"2019-03-27T23:00:00+00:00","dateModified":"2022-05-19T22:24:51+00:00","description":"La variaci\u00f3n de la producci\u00f3n e\u00f3lica ha hecho que el precio del mercado el\u00e9ctrico MIBEL var\u00ede entre los 40 \u20ac\/MWh y los 50 \u20ac\/MWh durante esta semana, movi\u00e9ndose entre las dos franjas de precios de los mercados el\u00e9ctricos europeos, seg\u00fan el an\u00e1lisis realizado por AleaSoft.","breadcrumb":{"@id":"https:\/\/aleasoft.com\/es\/variacion-produccion-eolica-produce-variaciones-precio-mercado-electrico-mibel\/#breadcrumb"},"inLanguage":"es","potentialAction":[{"@type":"ReadAction","target":["https:\/\/aleasoft.com\/es\/variacion-produccion-eolica-produce-variaciones-precio-mercado-electrico-mibel\/"]}]},{"@type":"ImageObject","inLanguage":"es","@id":"https:\/\/aleasoft.com\/es\/variacion-produccion-eolica-produce-variaciones-precio-mercado-electrico-mibel\/#primaryimage","url":"https:\/\/aleasoft.com\/wp-content\/uploads\/2019\/03\/20190328-aleasoft-produccin-elica-electricidad-europa.png","contentUrl":"https:\/\/aleasoft.com\/wp-content\/uploads\/2019\/03\/20190328-aleasoft-produccin-elica-electricidad-europa.png","width":2300,"height":1604},{"@type":"BreadcrumbList","@id":"https:\/\/aleasoft.com\/es\/variacion-produccion-eolica-produce-variaciones-precio-mercado-electrico-mibel\/#breadcrumb","itemListElement":[{"@type":"ListItem","position":1,"name":"Home","item":"https:\/\/aleasoft.com\/es\/"},{"@type":"ListItem","position":2,"name":"La variaci\u00f3n en la producci\u00f3n e\u00f3lica produce variaciones en el precio del mercado el\u00e9ctrico MIBEL"}]},{"@type":"WebSite","@id":"https:\/\/aleasoft.com\/#website","url":"https:\/\/aleasoft.com\/","name":"AleaSoft Energy Forecasting","description":"Energy Forecasting","publisher":{"@id":"https:\/\/aleasoft.com\/#organization"},"potentialAction":[{"@type":"SearchAction","target":{"@type":"EntryPoint","urlTemplate":"https:\/\/aleasoft.com\/?s={search_term_string}"},"query-input":{"@type":"PropertyValueSpecification","valueRequired":true,"valueName":"search_term_string"}}],"inLanguage":"es"},{"@type":"Organization","@id":"https:\/\/aleasoft.com\/#organization","name":"AleaSoft Energy Forecasting","url":"https:\/\/aleasoft.com\/","logo":{"@type":"ImageObject","inLanguage":"es","@id":"https:\/\/aleasoft.com\/#\/schema\/logo\/image\/","url":"https:\/\/aleasoft.com\/wp-content\/uploads\/2020\/01\/logo-alea-25.svg","contentUrl":"https:\/\/aleasoft.com\/wp-content\/uploads\/2020\/01\/logo-alea-25.svg","width":7047,"height":1416,"caption":"AleaSoft Energy Forecasting"},"image":{"@id":"https:\/\/aleasoft.com\/#\/schema\/logo\/image\/"},"sameAs":["https:\/\/www.facebook.com\/AleaSoft\/","https:\/\/x.com\/AleaSoftEnergy","https:\/\/www.linkedin.com\/company\/aleasoft\/"]},{"@type":"Person","@id":"https:\/\/aleasoft.com\/#\/schema\/person\/99ee8b0f2ecbd56ba78005c6b7864d67","name":"AleaSoft Energy Forecasting","image":{"@type":"ImageObject","inLanguage":"es","@id":"https:\/\/secure.gravatar.com\/avatar\/3ce8db70bda469bc8382df5990537888cf96f625c0fde5b0292ff5ab10560f88?s=96&d=mm&r=g","url":"https:\/\/secure.gravatar.com\/avatar\/3ce8db70bda469bc8382df5990537888cf96f625c0fde5b0292ff5ab10560f88?s=96&d=mm&r=g","contentUrl":"https:\/\/secure.gravatar.com\/avatar\/3ce8db70bda469bc8382df5990537888cf96f625c0fde5b0292ff5ab10560f88?s=96&d=mm&r=g","caption":"AleaSoft Energy Forecasting"},"sameAs":["http:\/\/aleasoft.com"]}]}},"_links":{"self":[{"href":"https:\/\/aleasoft.com\/es\/wp-json\/wp\/v2\/posts\/78045","targetHints":{"allow":["GET"]}}],"collection":[{"href":"https:\/\/aleasoft.com\/es\/wp-json\/wp\/v2\/posts"}],"about":[{"href":"https:\/\/aleasoft.com\/es\/wp-json\/wp\/v2\/types\/post"}],"author":[{"embeddable":true,"href":"https:\/\/aleasoft.com\/es\/wp-json\/wp\/v2\/users\/1"}],"replies":[{"embeddable":true,"href":"https:\/\/aleasoft.com\/es\/wp-json\/wp\/v2\/comments?post=78045"}],"version-history":[{"count":0,"href":"https:\/\/aleasoft.com\/es\/wp-json\/wp\/v2\/posts\/78045\/revisions"}],"wp:featuredmedia":[{"embeddable":true,"href":"https:\/\/aleasoft.com\/es\/wp-json\/wp\/v2\/media\/66759"}],"wp:attachment":[{"href":"https:\/\/aleasoft.com\/es\/wp-json\/wp\/v2\/media?parent=78045"}],"wp:term":[{"taxonomy":"category","embeddable":true,"href":"https:\/\/aleasoft.com\/es\/wp-json\/wp\/v2\/categories?post=78045"},{"taxonomy":"post_tag","embeddable":true,"href":"https:\/\/aleasoft.com\/es\/wp-json\/wp\/v2\/tags?post=78045"}],"curies":[{"name":"wp","href":"https:\/\/api.w.org\/{rel}","templated":true}]}}