{"id":78078,"date":"2019-05-22T00:00:00","date_gmt":"2019-05-21T22:00:00","guid":{"rendered":"https:\/\/aleasoft.com\/aleasoft-jornada-tecnica-unef-mercado-electrico\/"},"modified":"2022-05-18T15:57:15","modified_gmt":"2022-05-18T13:57:15","slug":"aleasoft-jornada-tecnica-unef-mercado-electrico","status":"publish","type":"post","link":"https:\/\/aleasoft.com\/es\/aleasoft-jornada-tecnica-unef-mercado-electrico\/","title":{"rendered":"AleaSoft en la jornada t\u00e9cnica de la UNEF sobre el mercado el\u00e9ctrico"},"content":{"rendered":"<p><iframe style=\"border: none; overflow: hidden;\" src=\"https:\/\/www.facebook.com\/plugins\/like.php?href=https%3A%2F%2Faleasoft.com%2Fes%2Faleasoft-jornada-tecnica-unef-mercado-electrico%2F&amp;width=76&amp;layout=box_count&amp;action=like&amp;size=small&amp;show_faces=true&amp;share=true&amp;height=65&amp;locale=es_ES\" width=\"76\" height=\"65\" frameborder=\"0\" scrolling=\"no\"><span data-mce-type=\"bookmark\" style=\"display: inline-block; width: 0px; overflow: hidden; line-height: 0;\" class=\"mce_SELRES_start\">\ufeff<\/span><\/iframe><br \/>\n<strong>AleaSoft, 22 de mayo de 2019. El pr\u00f3ximo 5 de junio se celebra en Madrid una Jornada T\u00e9cnica sobre el Mercado El\u00e9ctrico, organizada por la Uni\u00f3n Espa\u00f1ola Fotovoltaica (UNEF) y patrocinada por AleaSoft Energy Forecasting.<\/strong><\/p>\n<p><a title=\"AleaSoft \u2013 UNEF jornada mercado electrico\" href=\"https:\/\/aleasoft.com\/wp-content\/uploads\/2019\/05\/20190522-aleasoft-unef-jornada-mercado-electrico.jpg\"><img fetchpriority=\"high\" decoding=\"async\" class=\"aligncenter wp-image-2885 size-full\" src=\"https:\/\/aleasoft.com\/wp-content\/uploads\/2019\/05\/20190522-aleasoft-unef-jornada-mercado-electrico.jpg\" alt=\"AleaSoft - UNEF jornada mercado electrico\" width=\"740\" height=\"530\" \/><\/a><\/p>\n<p>Cada a\u00f1o, la <strong>Uni\u00f3n Espa\u00f1ola Fotovoltaica (UNEF)<\/strong> promueve y organiza una serie de actividades de debate y formaci\u00f3n entre sus asociados que se han convertido en un referente indispensable en el sector.<\/p>\n<p>En esos encuentros se organizan\u00a0debates y presentaciones de los principales actores del sector fotovoltaico y de la energ\u00eda sobre temas relevantes como el marco normativo, la financiaci\u00f3n, el balance neto, el autoconsumo y las \u00faltimas novedades tecnol\u00f3gicas en el \u00e1mbito de I+D.<\/p>\n<p>Dentro de este grupo de actividades, se encuentran las <strong>Jornadas T\u00e9cnicas<\/strong> que, centradas en temas de la actualidad sectorial, propician un espacio para el debate y an\u00e1lisis de los mismos y se constituyen en punto de encuentro de empresas, profesionales, representantes de las administraciones p\u00fablicas y de las asociaciones vinculadas al mundo de las energ\u00edas renovables, la eficiencia energ\u00e9tica y el medioambiente.<\/p>\n<a href='https:\/\/aleasoft.com\/es\/casos-previsiones\/ppa-y-sinergias\/' class='alea-banner-link' data-alea-gtm-event-category='banner-horizontal' data-alea-gtm-event-label='ppa'><img class='aligncenter' src='https:\/\/aleasoft.com\/wp-content\/uploads\/2021\/06\/banners_ppa_es.jpg' alt='Oferta de previsiones de precios a largo plazo para PPA' style=''\/><\/a>\n<p>En la <strong>Jornada <\/strong><strong>T\u00e9cnica sobre el Mercado El\u00e9ctrico<\/strong>, que se desarrollar\u00e1 el pr\u00f3ximo 5 de junio en la sede de la Fundaci\u00f3n Alfonso Mart\u00edn Escudero, una vez m\u00e1s, la <strong>UNEF<\/strong> se ha propuesto reunir a los agentes involucrados en este proceso. Productores fotovoltaicos, empresas instaladoras y operadoras de plantas fotovoltaicas, y toda empresa o persona interesada en el sector fotovoltaico, se dar\u00e1n cita en esta Jornada que se plantea como objetivo el an\u00e1lisis del funcionamiento del mercado mayorista de la electricidad en nuestro pa\u00eds. All\u00ed se expondr\u00e1 sobre el c\u00e1lculo de la liquidaci\u00f3n y facturaci\u00f3n y los servicios de ajuste, y se debatir\u00e1 sobre el papel que la fotovoltaica puede desempe\u00f1ar en dichos servicios. Tambi\u00e9n se comentar\u00e1 sobre los \u00faltimos avances de proyectos fotovoltaicos a partir de las subastas, proyectos a mercado y contratos PPA.<\/p>\n<p>Adem\u00e1s de ser patrocinadores, <strong>AleaSoft<\/strong> participar\u00e1 en la Jornada con una ponencia sobre <strong>la previsi\u00f3n de precios de mercado<\/strong>. Las previsiones de precios a medio y largo plazo son fundamentales para la implantaci\u00f3n de la energ\u00eda fotovoltaica al permitir una visi\u00f3n de futuro para gestionar los riesgos en la toma de decisiones sobre inversiones y facilitar la fijaci\u00f3n de precios en un contrato PPA.<\/p>\n<p>La presentaci\u00f3n de <strong>AleaSoft<\/strong> tendr\u00e1 como puntos fundamentales:<\/p>\n<p>\u2013 Previsiones probabil\u00edsticas a medio plazo para la gesti\u00f3n de riesgos (tres a\u00f1os de horizonte)<\/p>\n<p>\u2013 Previsiones a largo plazo para PPAs (veinte a\u00f1os de horizonte)<\/p>\n<p>Fuente: <strong>AleaSoft Energy Forecasting<\/strong>.<\/p>\n<p align=\"left\"><a style=\"color: #0047c8;\" title=\"PDF\" href=\"https:\/\/aleasoft.com\/wp-content\/uploads\/2019\/05\/20190522-aleasoft-jornada-tecnica-mercado-electrico-unef.pdf\" target=\"_blank\" rel=\"noopener noreferrer\">Descargar PDF<\/a><\/p>\n","protected":false},"excerpt":{"rendered":"<p>\ufeff AleaSoft, 22 de mayo de 2019. El pr\u00f3ximo 5 de junio se celebra en Madrid una Jornada T\u00e9cnica sobre el Mercado El\u00e9ctrico, organizada por la Uni\u00f3n Espa\u00f1ola Fotovoltaica (UNEF) y patrocinada por AleaSoft Energy Forecasting. Cada a\u00f1o, la Uni\u00f3n Espa\u00f1ola Fotovoltaica (UNEF) promueve y organiza una serie de actividades de debate y formaci\u00f3n entre [&hellip;]<\/p>\n","protected":false},"author":1,"featured_media":68359,"comment_status":"closed","ping_status":"closed","sticky":false,"template":"","format":"standard","meta":{"footnotes":""},"categories":[568],"tags":[574],"class_list":["post-78078","post","type-post","status-publish","format-standard","has-post-thumbnail","hentry","category-noticias","tag-noticias"],"yoast_head":"<!-- This site is optimized with the Yoast SEO Premium plugin v27.4 (Yoast SEO v27.4) - https:\/\/yoast.com\/product\/yoast-seo-premium-wordpress\/ -->\n<title>AleaSoft en la jornada t\u00e9cnica de la UNEF sobre el mercado el\u00e9ctrico - AleaSoft Energy Forecasting<\/title>\n<meta name=\"description\" content=\"El pr\u00f3ximo 5 de junio se celebra en Madrid una Jornada T\u00e9cnica sobre el Mercado El\u00e9ctrico, organizada por la Uni\u00f3n Espa\u00f1ola Fotovoltaica (UNEF) y patrocinada por AleaSoft Energy Forecasting.\" \/>\n<meta name=\"robots\" content=\"index, follow, max-snippet:-1, max-image-preview:large, max-video-preview:-1\" \/>\n<link rel=\"canonical\" href=\"https:\/\/aleasoft.com\/es\/aleasoft-jornada-tecnica-unef-mercado-electrico\/\" \/>\n<meta property=\"og:locale\" content=\"es_ES\" \/>\n<meta property=\"og:type\" content=\"article\" \/>\n<meta property=\"og:title\" content=\"AleaSoft en la jornada t\u00e9cnica de la UNEF sobre el mercado el\u00e9ctrico\" \/>\n<meta property=\"og:description\" content=\"El pr\u00f3ximo 5 de junio se celebra en Madrid una Jornada T\u00e9cnica sobre el Mercado El\u00e9ctrico, organizada por la Uni\u00f3n Espa\u00f1ola Fotovoltaica (UNEF) y patrocinada por AleaSoft Energy Forecasting.\" \/>\n<meta property=\"og:url\" content=\"https:\/\/aleasoft.com\/es\/aleasoft-jornada-tecnica-unef-mercado-electrico\/\" \/>\n<meta property=\"og:site_name\" content=\"AleaSoft Energy Forecasting\" \/>\n<meta property=\"article:publisher\" content=\"https:\/\/www.facebook.com\/AleaSoft\/\" \/>\n<meta property=\"article:published_time\" content=\"2019-05-21T22:00:00+00:00\" \/>\n<meta property=\"article:modified_time\" content=\"2022-05-18T13:57:15+00:00\" \/>\n<meta property=\"og:image\" content=\"https:\/\/aleasoft.com\/wp-content\/uploads\/2019\/05\/20190522-aleasoft-unef-jornada-mercado-electrico.jpg\" \/>\n\t<meta property=\"og:image:width\" content=\"439\" \/>\n\t<meta property=\"og:image:height\" content=\"546\" \/>\n\t<meta property=\"og:image:type\" content=\"image\/jpeg\" \/>\n<meta name=\"author\" content=\"AleaSoft Energy Forecasting\" \/>\n<meta name=\"twitter:card\" content=\"summary_large_image\" \/>\n<meta name=\"twitter:creator\" content=\"@AleaSoftEnergy\" \/>\n<meta name=\"twitter:site\" content=\"@AleaSoftEnergy\" \/>\n<meta name=\"twitter:label1\" content=\"Escrito por\" \/>\n\t<meta name=\"twitter:data1\" content=\"AleaSoft Energy Forecasting\" \/>\n\t<meta name=\"twitter:label2\" content=\"Tiempo de lectura\" \/>\n\t<meta name=\"twitter:data2\" content=\"3 minutos\" \/>\n<script type=\"application\/ld+json\" class=\"yoast-schema-graph\">{\"@context\":\"https:\\\/\\\/schema.org\",\"@graph\":[{\"@type\":\"Article\",\"@id\":\"https:\\\/\\\/aleasoft.com\\\/es\\\/aleasoft-jornada-tecnica-unef-mercado-electrico\\\/#article\",\"isPartOf\":{\"@id\":\"https:\\\/\\\/aleasoft.com\\\/es\\\/aleasoft-jornada-tecnica-unef-mercado-electrico\\\/\"},\"author\":{\"name\":\"AleaSoft Energy Forecasting\",\"@id\":\"https:\\\/\\\/aleasoft.com\\\/#\\\/schema\\\/person\\\/99ee8b0f2ecbd56ba78005c6b7864d67\"},\"headline\":\"AleaSoft en la jornada t\u00e9cnica de la UNEF sobre el mercado el\u00e9ctrico\",\"datePublished\":\"2019-05-21T22:00:00+00:00\",\"dateModified\":\"2022-05-18T13:57:15+00:00\",\"mainEntityOfPage\":{\"@id\":\"https:\\\/\\\/aleasoft.com\\\/es\\\/aleasoft-jornada-tecnica-unef-mercado-electrico\\\/\"},\"wordCount\":466,\"publisher\":{\"@id\":\"https:\\\/\\\/aleasoft.com\\\/#organization\"},\"image\":{\"@id\":\"https:\\\/\\\/aleasoft.com\\\/es\\\/aleasoft-jornada-tecnica-unef-mercado-electrico\\\/#primaryimage\"},\"thumbnailUrl\":\"https:\\\/\\\/aleasoft.com\\\/wp-content\\\/uploads\\\/2019\\\/05\\\/20190522-aleasoft-unef-jornada-mercado-electrico.jpg\",\"keywords\":[\"noticias\"],\"articleSection\":[\"Noticias\"],\"inLanguage\":\"es\"},{\"@type\":\"WebPage\",\"@id\":\"https:\\\/\\\/aleasoft.com\\\/es\\\/aleasoft-jornada-tecnica-unef-mercado-electrico\\\/\",\"url\":\"https:\\\/\\\/aleasoft.com\\\/es\\\/aleasoft-jornada-tecnica-unef-mercado-electrico\\\/\",\"name\":\"AleaSoft en la jornada t\u00e9cnica de la UNEF sobre el mercado el\u00e9ctrico - AleaSoft Energy Forecasting\",\"isPartOf\":{\"@id\":\"https:\\\/\\\/aleasoft.com\\\/#website\"},\"primaryImageOfPage\":{\"@id\":\"https:\\\/\\\/aleasoft.com\\\/es\\\/aleasoft-jornada-tecnica-unef-mercado-electrico\\\/#primaryimage\"},\"image\":{\"@id\":\"https:\\\/\\\/aleasoft.com\\\/es\\\/aleasoft-jornada-tecnica-unef-mercado-electrico\\\/#primaryimage\"},\"thumbnailUrl\":\"https:\\\/\\\/aleasoft.com\\\/wp-content\\\/uploads\\\/2019\\\/05\\\/20190522-aleasoft-unef-jornada-mercado-electrico.jpg\",\"datePublished\":\"2019-05-21T22:00:00+00:00\",\"dateModified\":\"2022-05-18T13:57:15+00:00\",\"description\":\"El pr\u00f3ximo 5 de junio se celebra en Madrid una Jornada T\u00e9cnica sobre el Mercado El\u00e9ctrico, organizada por la Uni\u00f3n Espa\u00f1ola Fotovoltaica (UNEF) y patrocinada por AleaSoft Energy Forecasting.\",\"breadcrumb\":{\"@id\":\"https:\\\/\\\/aleasoft.com\\\/es\\\/aleasoft-jornada-tecnica-unef-mercado-electrico\\\/#breadcrumb\"},\"inLanguage\":\"es\",\"potentialAction\":[{\"@type\":\"ReadAction\",\"target\":[\"https:\\\/\\\/aleasoft.com\\\/es\\\/aleasoft-jornada-tecnica-unef-mercado-electrico\\\/\"]}]},{\"@type\":\"ImageObject\",\"inLanguage\":\"es\",\"@id\":\"https:\\\/\\\/aleasoft.com\\\/es\\\/aleasoft-jornada-tecnica-unef-mercado-electrico\\\/#primaryimage\",\"url\":\"https:\\\/\\\/aleasoft.com\\\/wp-content\\\/uploads\\\/2019\\\/05\\\/20190522-aleasoft-unef-jornada-mercado-electrico.jpg\",\"contentUrl\":\"https:\\\/\\\/aleasoft.com\\\/wp-content\\\/uploads\\\/2019\\\/05\\\/20190522-aleasoft-unef-jornada-mercado-electrico.jpg\",\"width\":439,\"height\":546},{\"@type\":\"BreadcrumbList\",\"@id\":\"https:\\\/\\\/aleasoft.com\\\/es\\\/aleasoft-jornada-tecnica-unef-mercado-electrico\\\/#breadcrumb\",\"itemListElement\":[{\"@type\":\"ListItem\",\"position\":1,\"name\":\"Home\",\"item\":\"https:\\\/\\\/aleasoft.com\\\/es\\\/\"},{\"@type\":\"ListItem\",\"position\":2,\"name\":\"AleaSoft en la jornada t\u00e9cnica de la UNEF sobre el mercado el\u00e9ctrico\"}]},{\"@type\":\"WebSite\",\"@id\":\"https:\\\/\\\/aleasoft.com\\\/#website\",\"url\":\"https:\\\/\\\/aleasoft.com\\\/\",\"name\":\"AleaSoft Energy Forecasting\",\"description\":\"Energy Forecasting\",\"publisher\":{\"@id\":\"https:\\\/\\\/aleasoft.com\\\/#organization\"},\"potentialAction\":[{\"@type\":\"SearchAction\",\"target\":{\"@type\":\"EntryPoint\",\"urlTemplate\":\"https:\\\/\\\/aleasoft.com\\\/?s={search_term_string}\"},\"query-input\":{\"@type\":\"PropertyValueSpecification\",\"valueRequired\":true,\"valueName\":\"search_term_string\"}}],\"inLanguage\":\"es\"},{\"@type\":\"Organization\",\"@id\":\"https:\\\/\\\/aleasoft.com\\\/#organization\",\"name\":\"AleaSoft Energy Forecasting\",\"url\":\"https:\\\/\\\/aleasoft.com\\\/\",\"logo\":{\"@type\":\"ImageObject\",\"inLanguage\":\"es\",\"@id\":\"https:\\\/\\\/aleasoft.com\\\/#\\\/schema\\\/logo\\\/image\\\/\",\"url\":\"https:\\\/\\\/aleasoft.com\\\/wp-content\\\/uploads\\\/2020\\\/01\\\/logo-alea-25.svg\",\"contentUrl\":\"https:\\\/\\\/aleasoft.com\\\/wp-content\\\/uploads\\\/2020\\\/01\\\/logo-alea-25.svg\",\"width\":7047,\"height\":1416,\"caption\":\"AleaSoft Energy Forecasting\"},\"image\":{\"@id\":\"https:\\\/\\\/aleasoft.com\\\/#\\\/schema\\\/logo\\\/image\\\/\"},\"sameAs\":[\"https:\\\/\\\/www.facebook.com\\\/AleaSoft\\\/\",\"https:\\\/\\\/x.com\\\/AleaSoftEnergy\",\"https:\\\/\\\/www.linkedin.com\\\/company\\\/aleasoft\\\/\"]},{\"@type\":\"Person\",\"@id\":\"https:\\\/\\\/aleasoft.com\\\/#\\\/schema\\\/person\\\/99ee8b0f2ecbd56ba78005c6b7864d67\",\"name\":\"AleaSoft Energy Forecasting\",\"image\":{\"@type\":\"ImageObject\",\"inLanguage\":\"es\",\"@id\":\"https:\\\/\\\/secure.gravatar.com\\\/avatar\\\/3ce8db70bda469bc8382df5990537888cf96f625c0fde5b0292ff5ab10560f88?s=96&d=mm&r=g\",\"url\":\"https:\\\/\\\/secure.gravatar.com\\\/avatar\\\/3ce8db70bda469bc8382df5990537888cf96f625c0fde5b0292ff5ab10560f88?s=96&d=mm&r=g\",\"contentUrl\":\"https:\\\/\\\/secure.gravatar.com\\\/avatar\\\/3ce8db70bda469bc8382df5990537888cf96f625c0fde5b0292ff5ab10560f88?s=96&d=mm&r=g\",\"caption\":\"AleaSoft Energy Forecasting\"},\"sameAs\":[\"http:\\\/\\\/aleasoft.com\"]}]}<\/script>\n<!-- \/ Yoast SEO Premium plugin. -->","yoast_head_json":{"title":"AleaSoft en la jornada t\u00e9cnica de la UNEF sobre el mercado el\u00e9ctrico - AleaSoft Energy Forecasting","description":"El pr\u00f3ximo 5 de junio se celebra en Madrid una Jornada T\u00e9cnica sobre el Mercado El\u00e9ctrico, organizada por la Uni\u00f3n Espa\u00f1ola Fotovoltaica (UNEF) y patrocinada por AleaSoft Energy Forecasting.","robots":{"index":"index","follow":"follow","max-snippet":"max-snippet:-1","max-image-preview":"max-image-preview:large","max-video-preview":"max-video-preview:-1"},"canonical":"https:\/\/aleasoft.com\/es\/aleasoft-jornada-tecnica-unef-mercado-electrico\/","og_locale":"es_ES","og_type":"article","og_title":"AleaSoft en la jornada t\u00e9cnica de la UNEF sobre el mercado el\u00e9ctrico","og_description":"El pr\u00f3ximo 5 de junio se celebra en Madrid una Jornada T\u00e9cnica sobre el Mercado El\u00e9ctrico, organizada por la Uni\u00f3n Espa\u00f1ola Fotovoltaica (UNEF) y patrocinada por AleaSoft Energy Forecasting.","og_url":"https:\/\/aleasoft.com\/es\/aleasoft-jornada-tecnica-unef-mercado-electrico\/","og_site_name":"AleaSoft Energy Forecasting","article_publisher":"https:\/\/www.facebook.com\/AleaSoft\/","article_published_time":"2019-05-21T22:00:00+00:00","article_modified_time":"2022-05-18T13:57:15+00:00","og_image":[{"width":439,"height":546,"url":"https:\/\/aleasoft.com\/wp-content\/uploads\/2019\/05\/20190522-aleasoft-unef-jornada-mercado-electrico.jpg","type":"image\/jpeg"}],"author":"AleaSoft Energy Forecasting","twitter_card":"summary_large_image","twitter_creator":"@AleaSoftEnergy","twitter_site":"@AleaSoftEnergy","twitter_misc":{"Escrito por":"AleaSoft Energy Forecasting","Tiempo de lectura":"3 minutos"},"schema":{"@context":"https:\/\/schema.org","@graph":[{"@type":"Article","@id":"https:\/\/aleasoft.com\/es\/aleasoft-jornada-tecnica-unef-mercado-electrico\/#article","isPartOf":{"@id":"https:\/\/aleasoft.com\/es\/aleasoft-jornada-tecnica-unef-mercado-electrico\/"},"author":{"name":"AleaSoft Energy Forecasting","@id":"https:\/\/aleasoft.com\/#\/schema\/person\/99ee8b0f2ecbd56ba78005c6b7864d67"},"headline":"AleaSoft en la jornada t\u00e9cnica de la UNEF sobre el mercado el\u00e9ctrico","datePublished":"2019-05-21T22:00:00+00:00","dateModified":"2022-05-18T13:57:15+00:00","mainEntityOfPage":{"@id":"https:\/\/aleasoft.com\/es\/aleasoft-jornada-tecnica-unef-mercado-electrico\/"},"wordCount":466,"publisher":{"@id":"https:\/\/aleasoft.com\/#organization"},"image":{"@id":"https:\/\/aleasoft.com\/es\/aleasoft-jornada-tecnica-unef-mercado-electrico\/#primaryimage"},"thumbnailUrl":"https:\/\/aleasoft.com\/wp-content\/uploads\/2019\/05\/20190522-aleasoft-unef-jornada-mercado-electrico.jpg","keywords":["noticias"],"articleSection":["Noticias"],"inLanguage":"es"},{"@type":"WebPage","@id":"https:\/\/aleasoft.com\/es\/aleasoft-jornada-tecnica-unef-mercado-electrico\/","url":"https:\/\/aleasoft.com\/es\/aleasoft-jornada-tecnica-unef-mercado-electrico\/","name":"AleaSoft en la jornada t\u00e9cnica de la UNEF sobre el mercado el\u00e9ctrico - AleaSoft Energy Forecasting","isPartOf":{"@id":"https:\/\/aleasoft.com\/#website"},"primaryImageOfPage":{"@id":"https:\/\/aleasoft.com\/es\/aleasoft-jornada-tecnica-unef-mercado-electrico\/#primaryimage"},"image":{"@id":"https:\/\/aleasoft.com\/es\/aleasoft-jornada-tecnica-unef-mercado-electrico\/#primaryimage"},"thumbnailUrl":"https:\/\/aleasoft.com\/wp-content\/uploads\/2019\/05\/20190522-aleasoft-unef-jornada-mercado-electrico.jpg","datePublished":"2019-05-21T22:00:00+00:00","dateModified":"2022-05-18T13:57:15+00:00","description":"El pr\u00f3ximo 5 de junio se celebra en Madrid una Jornada T\u00e9cnica sobre el Mercado El\u00e9ctrico, organizada por la Uni\u00f3n Espa\u00f1ola Fotovoltaica (UNEF) y patrocinada por AleaSoft Energy Forecasting.","breadcrumb":{"@id":"https:\/\/aleasoft.com\/es\/aleasoft-jornada-tecnica-unef-mercado-electrico\/#breadcrumb"},"inLanguage":"es","potentialAction":[{"@type":"ReadAction","target":["https:\/\/aleasoft.com\/es\/aleasoft-jornada-tecnica-unef-mercado-electrico\/"]}]},{"@type":"ImageObject","inLanguage":"es","@id":"https:\/\/aleasoft.com\/es\/aleasoft-jornada-tecnica-unef-mercado-electrico\/#primaryimage","url":"https:\/\/aleasoft.com\/wp-content\/uploads\/2019\/05\/20190522-aleasoft-unef-jornada-mercado-electrico.jpg","contentUrl":"https:\/\/aleasoft.com\/wp-content\/uploads\/2019\/05\/20190522-aleasoft-unef-jornada-mercado-electrico.jpg","width":439,"height":546},{"@type":"BreadcrumbList","@id":"https:\/\/aleasoft.com\/es\/aleasoft-jornada-tecnica-unef-mercado-electrico\/#breadcrumb","itemListElement":[{"@type":"ListItem","position":1,"name":"Home","item":"https:\/\/aleasoft.com\/es\/"},{"@type":"ListItem","position":2,"name":"AleaSoft en la jornada t\u00e9cnica de la UNEF sobre el mercado el\u00e9ctrico"}]},{"@type":"WebSite","@id":"https:\/\/aleasoft.com\/#website","url":"https:\/\/aleasoft.com\/","name":"AleaSoft Energy Forecasting","description":"Energy Forecasting","publisher":{"@id":"https:\/\/aleasoft.com\/#organization"},"potentialAction":[{"@type":"SearchAction","target":{"@type":"EntryPoint","urlTemplate":"https:\/\/aleasoft.com\/?s={search_term_string}"},"query-input":{"@type":"PropertyValueSpecification","valueRequired":true,"valueName":"search_term_string"}}],"inLanguage":"es"},{"@type":"Organization","@id":"https:\/\/aleasoft.com\/#organization","name":"AleaSoft Energy Forecasting","url":"https:\/\/aleasoft.com\/","logo":{"@type":"ImageObject","inLanguage":"es","@id":"https:\/\/aleasoft.com\/#\/schema\/logo\/image\/","url":"https:\/\/aleasoft.com\/wp-content\/uploads\/2020\/01\/logo-alea-25.svg","contentUrl":"https:\/\/aleasoft.com\/wp-content\/uploads\/2020\/01\/logo-alea-25.svg","width":7047,"height":1416,"caption":"AleaSoft Energy Forecasting"},"image":{"@id":"https:\/\/aleasoft.com\/#\/schema\/logo\/image\/"},"sameAs":["https:\/\/www.facebook.com\/AleaSoft\/","https:\/\/x.com\/AleaSoftEnergy","https:\/\/www.linkedin.com\/company\/aleasoft\/"]},{"@type":"Person","@id":"https:\/\/aleasoft.com\/#\/schema\/person\/99ee8b0f2ecbd56ba78005c6b7864d67","name":"AleaSoft Energy Forecasting","image":{"@type":"ImageObject","inLanguage":"es","@id":"https:\/\/secure.gravatar.com\/avatar\/3ce8db70bda469bc8382df5990537888cf96f625c0fde5b0292ff5ab10560f88?s=96&d=mm&r=g","url":"https:\/\/secure.gravatar.com\/avatar\/3ce8db70bda469bc8382df5990537888cf96f625c0fde5b0292ff5ab10560f88?s=96&d=mm&r=g","contentUrl":"https:\/\/secure.gravatar.com\/avatar\/3ce8db70bda469bc8382df5990537888cf96f625c0fde5b0292ff5ab10560f88?s=96&d=mm&r=g","caption":"AleaSoft Energy Forecasting"},"sameAs":["http:\/\/aleasoft.com"]}]}},"_links":{"self":[{"href":"https:\/\/aleasoft.com\/es\/wp-json\/wp\/v2\/posts\/78078","targetHints":{"allow":["GET"]}}],"collection":[{"href":"https:\/\/aleasoft.com\/es\/wp-json\/wp\/v2\/posts"}],"about":[{"href":"https:\/\/aleasoft.com\/es\/wp-json\/wp\/v2\/types\/post"}],"author":[{"embeddable":true,"href":"https:\/\/aleasoft.com\/es\/wp-json\/wp\/v2\/users\/1"}],"replies":[{"embeddable":true,"href":"https:\/\/aleasoft.com\/es\/wp-json\/wp\/v2\/comments?post=78078"}],"version-history":[{"count":0,"href":"https:\/\/aleasoft.com\/es\/wp-json\/wp\/v2\/posts\/78078\/revisions"}],"wp:featuredmedia":[{"embeddable":true,"href":"https:\/\/aleasoft.com\/es\/wp-json\/wp\/v2\/media\/68359"}],"wp:attachment":[{"href":"https:\/\/aleasoft.com\/es\/wp-json\/wp\/v2\/media?parent=78078"}],"wp:term":[{"taxonomy":"category","embeddable":true,"href":"https:\/\/aleasoft.com\/es\/wp-json\/wp\/v2\/categories?post=78078"},{"taxonomy":"post_tag","embeddable":true,"href":"https:\/\/aleasoft.com\/es\/wp-json\/wp\/v2\/tags?post=78078"}],"curies":[{"name":"wp","href":"https:\/\/api.w.org\/{rel}","templated":true}]}}