{"id":78097,"date":"2019-07-03T00:00:00","date_gmt":"2019-07-02T22:00:00","guid":{"rendered":"https:\/\/aleasoft.com\/mercado-electrico-mibel-precios-baja-en-primer-semestre-2019-a-tono-con-resto-europa\/"},"modified":"2022-05-19T05:36:43","modified_gmt":"2022-05-19T03:36:43","slug":"mercado-electrico-mibel-precios-baja-en-primer-semestre-2019-a-tono-con-resto-europa","status":"publish","type":"post","link":"https:\/\/aleasoft.com\/es\/mercado-electrico-mibel-precios-baja-en-primer-semestre-2019-a-tono-con-resto-europa\/","title":{"rendered":"El mercado el\u00e9ctrico MIBEL con precios a la baja en el primer semestre de 2019 a tono con el resto de Europa"},"content":{"rendered":"<p><iframe style=\"border: none; overflow: hidden;\" src=\"https:\/\/www.facebook.com\/plugins\/like.php?href=https%3A%2F%2Faleasoft.com%2Fes%2Fmore-electricity-market-price-increases-due-rise-co2%2F&amp;width=76&amp;layout=box_count&amp;action=like&amp;size=small&amp;show_faces=true&amp;share=true&amp;height=65&amp;locale=es_ES\" width=\"76\" height=\"65\" frameborder=\"0\" scrolling=\"no\"><span data-mce-type=\"bookmark\" style=\"display: inline-block; width: 0px; overflow: hidden; line-height: 0;\" class=\"mce_SELRES_start\">\ufeff<\/span><\/iframe><br \/>\n<strong>AleaSoft, 3 de julio de 2019. Esta semana en AleaSoft se ha realizado el an\u00e1lisis de los mercados el\u00e9ctricos europeos en el trimestre y semestre reci\u00e9n finalizados, en los que la tendencia general ha sido la ca\u00edda de los precios. En este art\u00edculo el an\u00e1lisis se centra en el mercado ib\u00e9rico MIBEL, donde tambi\u00e9n los precios han bajado a tono con la tendencia del continente por la bajada de los precios del gas y el carb\u00f3n y el incremento de la producci\u00f3n renovable.<\/strong><\/p>\n<p>El <strong>mercado ib\u00e9rico de electricidad MIBEL<\/strong> registr\u00f3 un precio promedio de 51,80\u00a0\u20ac\/MWh en Espa\u00f1a y de 52,20\u00a0\u20ac\/MWh en Portugal durante la primera mitad de 2019. Estos valores representan una rebaja importante respecto a los precios m\u00e1ximos alcanzados durante el a\u00f1o 2018. Y es que los precios en el mercado ib\u00e9rico no han cesado de bajar desde que en septiembre del a\u00f1o pasado se alcanz\u00f3 un promedio mensual de 71,27\u00a0\u20ac\/MWh en Espa\u00f1a y 71,30\u00a0\u20ac\/MWh en Portugal. Ese pico en el precio se alcanz\u00f3 arrastrado por la carrera alcista del precio de los derechos de emisi\u00f3n de CO<sub>2<\/sub>, del gas y del carb\u00f3n. Desde ese momento, los precios de los principales combustibles f\u00f3siles usados en la generaci\u00f3n de electricidad, gas y carb\u00f3n, han experimentado una ca\u00edda que ha rebajado la presi\u00f3n sobre el precio del mercado el\u00e9ctrico, que tambi\u00e9n ha tendido claramente a la baja. Todo ello favorecido por el aumento estacional de la producci\u00f3n renovable. En junio se alcanz\u00f3 un precio promedio de 47,19\u00a0\u20ac\/MWh en Espa\u00f1a y 47,21\u00a0\u20ac\/MWh en Portugal, unos valores que no se registraban desde abril de 2018.<\/p>\n<p><a title=\"AleaSoft \u2013 Precio mercado electricidad Espa\u00f1a Francia Portugal\" href=\"https:\/\/aleasoft.com\/wp-content\/uploads\/2019\/07\/20190703-aleasoft-precio-mercado-electricidad-espaa-francia-portugal.png\"><img fetchpriority=\"high\" decoding=\"async\" class=\"aligncenter\" src=\"https:\/\/aleasoft.com\/wp-content\/uploads\/2019\/07\/20190703-aleasoft-precio-mercado-electricidad-espaa-francia-portugal.png\" alt=\"AleaSoft - Precio mercado electricidad Espa\u00f1a Francia Portugal\" width=\"740\" height=\"530\" \/><\/a><br \/>\n<span style=\"font-size: xx-small;\">Fuentes: Elaborado por AleaSoft con datos de OMIE y .<\/span><\/p>\n<p>Durante esta primera mitad del a\u00f1o, concretamente el 1 de abril, se reintrodujo en Espa\u00f1a el <strong>Impuesto sobre el Valor de la Producci\u00f3n de la Energ\u00eda El\u00e9ctrica<\/strong> (IVPEE), m\u00e1s conocido como el impuesto del 7% a la generaci\u00f3n. La reaparici\u00f3n de este impuesto se debi\u00f3 al fin de la suspensi\u00f3n de seis meses que el Ministerio para la Transici\u00f3n Ecol\u00f3gica hab\u00eda aplicado en septiembre de 2018 para frenar la escalada de precios del mercado. Seg\u00fan las estimaciones de <strong>AleaSoft<\/strong>, el fin de la suspensi\u00f3n del impuesto a la generaci\u00f3n ha tenido un impacto sobre el precio del mercado, increment\u00e1ndolo alrededor de un 5%.<\/p>\n<p>En cuanto a precios horarios extremos, el precio horario m\u00ednimo se registr\u00f3 en Espa\u00f1a durante la madrugada del 4 de marzo y fue de 3,52\u00a0\u20ac\/MWh. El precio horario m\u00e1s alto se alcanz\u00f3 tanto en Espa\u00f1a como en Portugal el 15 de enero durante el pico de precios de la tarde y registr\u00f3 un valor de 74,74\u00a0\u20ac\/MWh.<\/p>\n<a href='https:\/\/aleasoft.com\/es\/casos-previsiones\/ppa-y-sinergias\/' class='alea-banner-link' data-alea-gtm-event-category='banner-horizontal' data-alea-gtm-event-label='ppa'><img class='aligncenter' src='https:\/\/aleasoft.com\/wp-content\/uploads\/2021\/06\/banners_ppa_es.jpg' alt='Oferta de previsiones de precios a largo plazo para PPA' style=''\/><\/a>\n<h3 style=\"font-size: 12pt;\">Acoplamiento de mercados<\/h3>\n<p>En estos primeros seis meses de 2019, los mercados de Espa\u00f1a y Portugal han estado acoplados y han registrado exactamente el mismo precio durante 3992 horas, un 91,9% del total. Este porcentaje es inferior que el registrado tanto durante la segunda mitad de 2018, 97,2%, como en la primera mitad, 92,4%.<\/p>\n<p>El acoplamiento con el mercado franc\u00e9s tambi\u00e9n ha retrocedido frente a los valores de 2018. Durante la primera parte de 2019 en tan solo 731 horas ambos mercados estuvieron acoplados, un 16,8% del total de horas, frente al 22,5% de 2018. El acoplamiento con Francia se ha visto afectado por las restricciones en las interconexiones con el pa\u00eds galo ocurridas a partir de abril, y sobre todo en junio, cuando el acoplamiento ha quedado en tan solo el 4,6% de las horas del mes.<\/p>\n<p>El acoplamiento total entre los tres mercados, Espa\u00f1a, Francia y Portugal, se produjo en 613 horas en los seis primeros meses de este a\u00f1o, un 14,1% del tiempo.<\/p>\n<p><a title=\"AleaSoft \u2013 Acoplamiento precio mercado electrico Espa\u00f1a Portugal Francia\" href=\"https:\/\/aleasoft.com\/wp-content\/uploads\/2019\/07\/20190703-aleasoft-acoplamiento-precio-mercado-electrico-espaa-portugal-francia.png\"><img decoding=\"async\" class=\"aligncenter\" src=\"https:\/\/aleasoft.com\/wp-content\/uploads\/2019\/07\/20190703-aleasoft-acoplamiento-precio-mercado-electrico-espaa-portugal-francia.png\" alt=\"AleaSoft - Acoplamiento precio mercado electrico Espa\u00f1a Portugal Francia\" width=\"740\" height=\"530\" \/><\/a><br \/>\n<span style=\"font-size: xx-small;\">Fuentes: Elaborado por AleaSoft con datos de OMIE y .<\/span><\/p>\n<h3 style=\"font-size: 12pt;\">Precio capturado por las renovables: e\u00f3lica y solar<\/h3>\n<p>Durante el conjunto de los seis primeros meses de 2019, el precio capturado por la<strong> solar<\/strong>, tanto la <strong>fotovoltaica<\/strong> como la <strong>termosolar<\/strong>, con respecto al precio medio del mercado se vio claramente rebajado comparado tanto con la segunda mitad de 2018 como interanualmente con el primer semestre de 2018. Para la <strong>e\u00f3lica<\/strong>, aun teniendo un apuntamiento claramente menor que la solar, \u00e9ste se mantuvo pr\u00e1cticamente igual que la segunda mitad de 2018 y mejor\u00f3 claramente comparado con los seis primeros meses de 2018.<\/p>\n<p><a title=\"AleaSoft \u2013 Apuntamiento precio capturado fotovoltaica termosolar e\u00f3lica Espa\u00f1a\" href=\"https:\/\/aleasoft.com\/wp-content\/uploads\/2019\/07\/20190703-aleasoft-apuntamiento-precio-capturado-fotovoltaica-termosolar-elica-espaa.png\"><img decoding=\"async\" class=\"aligncenter\" src=\"https:\/\/aleasoft.com\/wp-content\/uploads\/2019\/07\/20190703-aleasoft-apuntamiento-precio-capturado-fotovoltaica-termosolar-elica-espaa.png\" alt=\"AleaSoft - Apuntamiento precio capturado fotovoltaica termosolar e\u00f3lica Espa\u00f1a\" width=\"740\" height=\"530\" \/><\/a><br \/>\n<span style=\"font-size: xx-small;\">Fuente: C\u00e1lculos realizados por AleaSoft con datos de REE y OMIE.<\/span><\/p>\n<p>El <strong>precio capturado por la fotovoltaica<\/strong> durante la primera mitad de 2019 fue de 51,48\u00a0\u20ac\/MWh frente a los 51,80\u00a0\u20ac\/MWh del precio medio del mercado, lo que representa un apuntamiento del 99,4%. Sin embargo, mes a mes e incluso para cada trimestre por separado, el apuntamiento de la fotovoltaica se ha mantenido por encima del 100%, excepto en el mes de junio que se situ\u00f3 justo por debajo, en 99,7%. Esto es debido a que, aunque la producci\u00f3n fotovoltaica se concentra en las horas pico con precios normalmente m\u00e1s altos que el promedio diario, los meses en que m\u00e1s electricidad se ha producido con la fotovoltaica, los meses con mayor radiaci\u00f3n, han tenido precios de mercado m\u00e1s bajos.<\/p>\n<p><a title=\"AleaSoft \u2013 Tabla precio capturado solar fotovoltaica Espa\u00f1a\" href=\"https:\/\/aleasoft.com\/wp-content\/uploads\/2019\/07\/20190703-aleasoft-tabla-precio-capturado-solar-fotovoltaica-espaa.png\"><img loading=\"lazy\" decoding=\"async\" class=\"aligncenter\" src=\"https:\/\/aleasoft.com\/wp-content\/uploads\/2019\/07\/20190703-aleasoft-tabla-precio-capturado-solar-fotovoltaica-espaa.png\" alt=\"AleaSoft - Tabla precio capturado solar fotovoltaica Espa\u00f1a\" width=\"740\" height=\"530\" \/><\/a><\/p>\n<p>En el caso de la <strong>termosolar<\/strong>, el precio capturado en el global de los seis primeros meses ha sido de 50,44\u00a0\u20ac\/MWh, m\u00e1s de 1\u00a0\u20ac\/MWh por debajo del precio capturado por la fotovoltaica, que representa un apuntamiento del 97,4%. De la misma manera que en el caso de la fotovoltaica, mes a mes, el precio capturado se ha mantenido por encima del precio medio del mercado, aunque con valores por debajo de los de la fotovoltaica con la excepci\u00f3n del mes de abril, cuando la termosolar alcanz\u00f3 un apuntamiento del 105,9%.<\/p>\n<p><a title=\"AleaSoft \u2013 Tabla precio capturado solar termica Espa\u00f1a\" href=\"https:\/\/aleasoft.com\/wp-content\/uploads\/2019\/07\/20190703-aleasoft-tabla-precio-capturado-solar-termica-espaa.png\"><img loading=\"lazy\" decoding=\"async\" class=\"aligncenter\" src=\"https:\/\/aleasoft.com\/wp-content\/uploads\/2019\/07\/20190703-aleasoft-tabla-precio-capturado-solar-termica-espaa.png\" alt=\"AleaSoft - Tabla precio capturado solar termica Espa\u00f1a\" width=\"740\" height=\"530\" \/><\/a><\/p>\n<p>Para la <strong>e\u00f3lica<\/strong> los n\u00fameros son claramente m\u00e1s modestos debido a que la capacidad instalada de esta tecnolog\u00eda quintuplica la capacidad fotovoltaica y su efecto depresor sobre el precio del mercado es mucho m\u00e1s claro. A nivel global, en el primer semestre de 2019, el precio capturado por la e\u00f3lica se situ\u00f3 en 50,54\u00a0\u20ac\/MWh, con un apuntamiento de 97,6%, claramente por debajo del valor de la fotovoltaica, pero ligeramente por encima de la termosolar.<\/p>\n<p>En ninguno de los seis meses de la primera mitad del a\u00f1o el precio captado por la e\u00f3lica ha conseguido superar el precio medio del mercado. El mejor mes fue enero con un apuntamiento del 97,9%, muy por debajo del apuntamiento del peor mes para la fotovoltaica o la termosolar.<\/p>\n<p><a title=\"AleaSoft \u2013 Tabla precio capturado eolica Espa\u00f1a\" href=\"https:\/\/aleasoft.com\/wp-content\/uploads\/2019\/07\/20190703-aleasoft-tabla-precio-capturado-eolica-espaa.png\"><img loading=\"lazy\" decoding=\"async\" class=\"aligncenter\" src=\"https:\/\/aleasoft.com\/wp-content\/uploads\/2019\/07\/20190703-aleasoft-tabla-precio-capturado-eolica-espaa.png\" alt=\"AleaSoft - Tabla precio capturado eolica Espa\u00f1a\" width=\"740\" height=\"530\" \/><\/a><\/p>\n<h3 style=\"font-size: 12pt;\">Brent, combustibles y CO<sub>2<\/sub><\/h3>\n<p>Los precios de los futuros del <strong>petr\u00f3leo Brent<\/strong> para el producto M+2 en el <strong>mercado ICE<\/strong> adquirieron <a href='https:\/\/aleasoft.com\/es\/casos-previsiones\/ppa-y-sinergias\/' class='alea-banner-link' data-alea-gtm-event-category='banner-almost-square' data-alea-gtm-event-label='ppa'><img class='alignright' src='' alt='Oferta de previsiones de precios a largo plazo para PPA' style=''\/><\/a>una tendencia ascendente durante el primer semestre de 2019, donde el d\u00eda 24 de abril alcanz\u00f3 el valor m\u00e1ximo del per\u00edodo, de 74,57\u00a0$\/bbl. A partir de esa fecha comenz\u00f3 a cotizar a la baja y cambi\u00f3 la tendencia que se ven\u00eda observando. No obstante, hacia finales de junio ha comenzado a remontar, cerrando en la sesi\u00f3n del 1 de julio en 65,06\u00a0$\/bbl, aunque ha tenido un descenso del 4% en la sesi\u00f3n del d\u00eda de ayer, 2 de julio, respecto al precio cotizado el d\u00eda anterior, debido al enfoque pesimista con que se percibi\u00f3 la extensi\u00f3n de las restricciones de la OPEP+. Los principales factores que han influido en el alza de los precios de crudo del semestre reci\u00e9n finalizado han sido la crisis pol\u00edtica en Venezuela, las tensiones geopol\u00edticas entre Estados Unidos e Ir\u00e1n y los recortes de producci\u00f3n de la OPEP. Finalmente, los miembros de la OPEP+ han acordado que estos recortes se extender\u00e1n durante 9 meses m\u00e1s, hasta marzo del 2020. Por otro lado, el conflicto comercial entre Estados Unidos y China es el principal factor que ha propiciado que los precios bajen, a pesar de la reciente tregua comercial pactada en la cumbre del G-20 por los dos pa\u00edses.<\/p>\n<p>Durante toda la primera mitad de este a\u00f1o los precios de los futuros de <strong>gas TTF<\/strong> en el mercado ICE para M+1 han registrado una cotizaci\u00f3n descendente, observ\u00e1ndose valores m\u00ednimos hist\u00f3ricos de los \u00faltimos dos a\u00f1os y disminuyendo en un 58% los precios registrados entre la primera y la \u00faltima sesi\u00f3n del semestre.<\/p>\n<p>Los precios de los futuros del <strong>carb\u00f3n API\u00a02<\/strong> en el mercado ICE para M+1 se han comportado de forma similar a los futuros de gas TTF, descendiendo durante todo el primer semestre de 2019 y registrando una ca\u00edda del 42% entre las sesiones del 2 de enero y del 28 de junio. Los precios m\u00e1s competitivos del gas y el exceso de oferta a nivel mundial durante todo el semestre son los principales factores que han influenciado los bajos precios de este mercado.<\/p>\n<p>Los precios de los futuros de <strong>derechos de emisi\u00f3n de CO<sub>2<\/sub><\/strong> en <strong>el mercado EEX<\/strong> para el contrato de referencia de diciembre de 2019 finalizaron el primer semestre con un incremento del 3,8% con respecto al inicio del a\u00f1o. Durante aproximadamente el primer trimestre hasta la primera semana de abril se mantuvieron oscilando entre los 18,80\u00a0\u20ac\/t y los 25,40\u00a0\u20ac\/t, comenzando a partir del 2 de abril un crecimiento acelerado en el que se han alcanzado valores m\u00e1ximos hist\u00f3ricos, siendo el precio de cierre del 23 de abril, de 27,54\u00a0\u20ac\/t, el m\u00e1s alto del semestre. Despu\u00e9s de esta subida, el resto del semestre se ha mantenido oscilando en el rango de 23,70\u00a0\u20ac\/t a 27,60\u00a0\u20ac\/t. La volatilidad en este mercado est\u00e1 muy condicionada con las noticias que contin\u00faan surgiendo sobre el proceso de negociaciones del Brexit.<\/p>\n<h3 style=\"font-size: 12pt;\">Futuros de electricidad<\/h3>\n<p>Los futuros de electricidad de Espa\u00f1a en los <strong>mercados OMIP<\/strong> y <strong>EEX<\/strong>, as\u00ed como los de Portugal en el mercado OMIP para el pr\u00f3ximo a\u00f1o 2020 presentaron una tendencia decreciente durante todo el primer trimestre de 2019 hasta alcanzar los valores m\u00ednimos el d\u00eda 18 de marzo. A partir esa fecha comenzaron a elevarse paralelamente con los futuros de derechos de emisi\u00f3n de CO<sub>2<\/sub> hasta alcanzar nuevamente los valores m\u00e1ximos del semestre. Despu\u00e9s de esta subida se mantuvieron el resto del semestre oscilando en la banda de 53,30\u00a0\u20ac\/MWh a 57\u00a0\u20ac\/MWh.<\/p>\n<p>Los futuros de Francia y Alemania en el mercado EEX para el pr\u00f3ximo a\u00f1o terminaron el primer semestre de 2019 con un ca\u00edda de 3,8% para el caso de Alemania y de 5% para el caso de Francia, con respecto al primer d\u00eda del semestre. Durante el primer trimestre de este a\u00f1o se cotizaron a la baja y cerraron el \u00faltimo d\u00eda de dicho trimestre un 9,4% m\u00e1s bajo para Alemania y un 9,2% m\u00e1s bajo para Francia. La primera semana de abril repuntaron hasta alcanzar valores cercanos a los m\u00e1ximos del semestre en menos de una semana. Despu\u00e9s de esta r\u00e1pida subida se mantuvieron a la baja el resto del semestre. Los futuros de electricidad se han visto muy afectados por el comportamiento de los precios de los futuros de derechos de emisi\u00f3n de CO<sub>2<\/sub> durante esta primera mitad del a\u00f1o.<\/p>\n<h3 style=\"font-size: 12pt;\">Espa\u00f1a peninsular: demanda y producci\u00f3n<\/h3>\n<p><a href=\"https:\/\/aleasoft.com\/es\/precios-a-la-baja-2019-por-caida-gas-y-carbon-y-aumento-renovables\/\">Como se mencionaba en<\/a><u> una noticia reciente de <strong>AleaSoft<\/strong><\/u>, la <strong>demanda el\u00e9ctrica<\/strong> de Espa\u00f1a peninsular ha disminuido en el pasado trimestre respecto a los tres primeros meses de 2019 en un 1,6%. En t\u00e9rminos interanuales, la disminuci\u00f3n del semestre reci\u00e9n finalizado fue de un 2,2%.<\/p>\n<p>La <strong>producci\u00f3n e\u00f3lica<\/strong> aument\u00f3 respecto al mismo per\u00edodo del a\u00f1o anterior el pasado trimestre en un 20%. Por otro lado, comparando los primeros semestres de 2019 y 2018 el decrecimiento ha sido del 3,8%.<\/p>\n<p>Seg\u00fan datos de REE, entre enero y mayo de 2019, se han instalado 89\u00a0MW de potencia e\u00f3lica en el territorio peninsular, lo que equivale a un aumento del 0,4% de la capacidad instalada de esta tecnolog\u00eda.<\/p>\n<p><a title=\"AleaSoft \u2013 Crecimiento capacidad renovable eolica solar fotovoltaica espa\u00f1a peninsular\" href=\"https:\/\/aleasoft.com\/wp-content\/uploads\/2019\/07\/20190703-aleasoft-crecimiento-capacidad-renovable-eolica-solar-fotovoltaica-espaa-peninsular.png\"><img loading=\"lazy\" decoding=\"async\" class=\"aligncenter\" src=\"https:\/\/aleasoft.com\/wp-content\/uploads\/2019\/07\/20190703-aleasoft-crecimiento-capacidad-renovable-eolica-solar-fotovoltaica-espaa-peninsular.png\" alt=\"AleaSoft - Crecimiento capacidad renovable eolica solar fotovoltaica espa\u00f1a peninsular\" width=\"740\" height=\"530\" \/><\/a><br \/>\n<span style=\"font-size: xx-small;\">Fuentes: Elaborado por AleaSoft con datos de REE.<\/span><\/p>\n<p>La <strong>producci\u00f3n fotovoltaica<\/strong> subi\u00f3 un 9,0% en el trimestre finalizado recientemente, respecto al mismo intervalo del a\u00f1o anterior. Analizando la primera mitad de 2019 respecto a la primera de 2018 el aumento fue de un 16%.<\/p>\n<p>La capacidad instalada de energ\u00eda fotovoltaica se increment\u00f3 en 154\u00a0MW de enero a mayo de 2019, lo que representa\u00a0 un aumento del 3,5%.<\/p>\n<p>Por otro lado, la <strong>producci\u00f3n termosolar<\/strong> creci\u00f3 en un 43% en el trimestre de abril a junio de este a\u00f1o respecto al segundo trimestre de 2018. Como se esperaba, debido al aumento estacional de la radiaci\u00f3n solar, comparado con los meses de enero a marzo, la producci\u00f3n con esta tecnolog\u00eda aument\u00f3 significativamente en 1029\u00a0GWh, que represent\u00f3 un 111%.<\/p>\n<p>Analizando el primer semestre de producci\u00f3n termosolar, se observa que ha aumentado tambi\u00e9n respecto a los valores de la primera mitad de 2018, con un ascenso de un 47%.<\/p>\n<p>En conjunto, la producci\u00f3n solar ha subido en t\u00e9rminos interanuales, un 22% y un 27%, en los \u00faltimos\u00a0 trimestre y semestre respectivamente.<\/p>\n<p>La <strong>producci\u00f3n con carb\u00f3n<\/strong> disminuy\u00f3 en un 75% en el segundo trimestre de este a\u00f1o respecto al segundo trimestre del a\u00f1o anterior. En el semestre que acaba de finalizar, la disminuci\u00f3n fue de un 44% en t\u00e9rminos interanuales.<\/p>\n<p>La potencia instalada de carb\u00f3n se ha reducido en 347\u00a0MW en el per\u00edodo de enero a mayo de 2019, que significa un descenso del 3,6%.<\/p>\n<p>La <strong>producci\u00f3n de los<\/strong> <strong>ciclos combinados<\/strong> aument\u00f3 en 6430\u00a0GWh, o sea un 120%, en el trimestre que comenz\u00f3 en abril respecto al mismo intervalo del a\u00f1o anterior. En relaci\u00f3n al semestre que concluy\u00f3 la semana pasada, el crecimiento interanual fue de un 81%.<\/p>\n<p>En cuanto a la producci\u00f3n nuclear, entre los acontecimientos relevantes se encuentran tres paradas programadas. La primera fue una parada corta por mantenimiento de la central de Cofrentes del 19 al 21 de enero. M\u00e1s tarde, la central nuclear de Asc\u00f3\u00a0II par\u00f3 por recarga de combustible desde el 27 de abril al 4 de junio. Y en paralelo a la parada citada anteriormente, la central de Trillo par\u00f3, tambi\u00e9n por recarga de combustible, del 10 de mayo al 9 de junio. A esto tambi\u00e9n se suma la parada no programada de Vandell\u00f3s\u00a0II del 5 al 17 de abril al detectarse problemas en una v\u00e1lvula.<\/p>\n<p>En general, la <strong>producci\u00f3n nuclear<\/strong> disminuy\u00f3 en el pasado trimestre respecto al primer trimestre del a\u00f1o en un 13%. En t\u00e9rminos interanuales la producci\u00f3n aument\u00f3 en los meses de abril a marzo en un 19%.<\/p>\n<p>En cuanto al semestre que termin\u00f3 el 30 de junio, la producci\u00f3n nuclear aument\u00f3 en un 12% respecto al semestre de enero de 2018.<\/p>\n<p>En el trimestre que acaba de concluir, la <strong>producci\u00f3n hidroel\u00e9ctrica <\/strong>ha disminuido un 54% respecto al mismo trimestre del a\u00f1o anterior, es decir, se produjeron 6481\u00a0GWh menos. La ca\u00edda, cuando se analiza el \u00faltimo semestre en t\u00e9rminos interanuales, fue de 8760 GWh, que represent\u00f3 un 41%.<\/p>\n<p><a title=\"AleaSoft \u2013 Balance mensual electricidad Espa\u00f1a Demanda Produccion\" href=\"https:\/\/aleasoft.com\/wp-content\/uploads\/2019\/07\/20190703-aleasoft-aleasoft-balance-mensual-electricidad-espaa-demanda-produccion.png\"><img loading=\"lazy\" decoding=\"async\" class=\"aligncenter\" src=\"https:\/\/aleasoft.com\/wp-content\/uploads\/2019\/07\/20190703-aleasoft-aleasoft-balance-mensual-electricidad-espaa-demanda-produccion.png\" alt=\"AleaSoft - Balance mensual electricidad Espa\u00f1a Demanda Produccion\" width=\"740\" height=\"530\" \/><\/a><br \/>\n<span style=\"font-size: xx-small;\">Fuentes: Elaborado por AleaSoft con datos de REE.<\/span><\/p>\n<p>En el reci\u00e9n finalizado trimestre, el nivel medio de las <strong>reservas hidroel\u00e9ctricas<\/strong> se ha incrementado 1265\u00a0GWh, lo que equivale a un 12% m\u00e1s alto que en el primer trimestre del a\u00f1o.<\/p>\n<p>Las reservas hidroel\u00e9ctricas totales se han recuperado en 1630\u00a0GWh en el \u00faltimo semestre, lo que representa un 16% por encima de las reservas disponibles al cerrar el segundo semestre de 2018, seg\u00fan datos del Bolet\u00edn Hidrol\u00f3gico del Ministerio para la Transici\u00f3n Ecol\u00f3gica. En t\u00e9rminos interanuales, los valores medios de las reservas han disminuido un 4,5% en la primera mitad de 2019.<\/p>\n<h3 style=\"font-size: 12pt;\">Intercambios internacionales<\/h3>\n<p>En todos los meses del primer semestre de 2019, el balance neto de intercambios de electricidad entre Espa\u00f1a y Portugal situ\u00f3 a Espa\u00f1a como exportador neto. El balance neto total de los seis primeros meses del a\u00f1o es de 2692\u00a0GWh exportados. En este per\u00edodo las exportaciones aumentaron un 59% en t\u00e9rminos interanuales.<\/p>\n<p><a title=\"AleaSoft \u2013 Intercambios internacionales electricidad Portugal\" href=\"https:\/\/aleasoft.com\/wp-content\/uploads\/2019\/07\/20190703-aleasoft-intercambios-internacionales-electricidad-portugal.png\"><img loading=\"lazy\" decoding=\"async\" class=\"aligncenter\" src=\"https:\/\/aleasoft.com\/wp-content\/uploads\/2019\/07\/20190703-aleasoft-intercambios-internacionales-electricidad-portugal.png\" alt=\"AleaSoft - Intercambios internacionales electricidad Portugal\" width=\"740\" height=\"530\" \/><\/a><br \/>\n<span style=\"font-size: xx-small;\">Fuentes: Elaborado por AleaSoft con datos de REE.<\/span><\/p>\n<p>El balance neto de intercambios de electricidad entre Espa\u00f1a y Francia durante el primer semestre del a\u00f1o situ\u00f3 a Espa\u00f1a como importador neto con 7080\u00a0GWh netos importados. Entre abril y junio disminuyeron tanto las importaciones como las exportaciones con el pa\u00eds galo, un 28% y un 27% respectivamente en t\u00e9rminos interanuales, lo que hizo que en el global del semestre tambi\u00e9n se registraran ca\u00eddas interanuales de las importaciones, de un 5,2%, y de las exportaciones, de un 39%.<\/p>\n<p><a title=\"AleaSoft \u2013 Intercambios internacionales electricidad Francia\" href=\"https:\/\/aleasoft.com\/wp-content\/uploads\/2019\/07\/20190703-aleasoft-intercambios-internacionales-electricidad-francia.png\"><img loading=\"lazy\" decoding=\"async\" class=\"aligncenter\" src=\"https:\/\/aleasoft.com\/wp-content\/uploads\/2019\/07\/20190703-aleasoft-intercambios-internacionales-electricidad-francia.png\" alt=\"AleaSoft - Intercambios internacionales electricidad Francia\" width=\"740\" height=\"530\" \/><\/a><br \/>\n<span style=\"font-size: xx-small;\">Fuentes: Elaborado por AleaSoft con datos de REE.<\/span><\/p>\n<p>La capacidad de intercambio disponible con Francia se ha reducido de forma considerable en el segundo trimestre de este a\u00f1o si se compara con la disponible en el primer trimestre: un 39% en el sentido de Francia a Espa\u00f1a y un 22% en el sentido inverso, lo que ha favorecido la ca\u00edda de las importaciones y las exportaciones con Francia en el trimestre reci\u00e9n concluido comentadas anteriormente.<\/p>\n<p><a title=\"AleaSoft \u2013 Capacidad intercambio electricidad disponible Francia\" href=\"https:\/\/aleasoft.com\/wp-content\/uploads\/2019\/07\/20190703-aleasoft-capacidad-intercambio-electricidad-disponible-francia.png\"><img loading=\"lazy\" decoding=\"async\" class=\"aligncenter\" src=\"https:\/\/aleasoft.com\/wp-content\/uploads\/2019\/07\/20190703-aleasoft-capacidad-intercambio-electricidad-disponible-francia.png\" alt=\"AleaSoft - Capacidad intercambio electricidad disponible Francia\" width=\"740\" height=\"530\" \/><\/a><br \/>\n<span style=\"font-size: xx-small;\">Fuentes: Elaborado por AleaSoft con datos de IESOE.<\/span><\/p>\n<p>Fuente: <strong>AleaSoft Energy Forecasting<\/strong>.<\/p>\n<p align=\"left\"><a style=\"color: #0047c8;\" title=\"PDF\" href=\"https:\/\/aleasoft.com\/wp-content\/uploads\/2019\/07\/20190703-aleasoft-mercado-electrico-mibel-precios-a-la-baja-primer-semestre-2019-a-tono-resto-europa.pdf\" target=\"_blank\" rel=\"noopener noreferrer\">Descargar PDF<\/a><\/p>\n","protected":false},"excerpt":{"rendered":"<p>\ufeff AleaSoft, 3 de julio de 2019. Esta semana en AleaSoft se ha realizado el an\u00e1lisis de los mercados el\u00e9ctricos europeos en el trimestre y semestre reci\u00e9n finalizados, en los que la tendencia general ha sido la ca\u00edda de los precios. En este art\u00edculo el an\u00e1lisis se centra en el mercado ib\u00e9rico MIBEL, donde tambi\u00e9n [&hellip;]<\/p>\n","protected":false},"author":1,"featured_media":69619,"comment_status":"closed","ping_status":"closed","sticky":false,"template":"","format":"standard","meta":{"footnotes":""},"categories":[568],"tags":[574],"class_list":["post-78097","post","type-post","status-publish","format-standard","has-post-thumbnail","hentry","category-noticias","tag-noticias"],"yoast_head":"<!-- This site is optimized with the Yoast SEO Premium plugin v27.4 (Yoast SEO v27.4) - https:\/\/yoast.com\/product\/yoast-seo-premium-wordpress\/ -->\n<title>El mercado el\u00e9ctrico MIBEL con precios a la baja en el primer semestre de 2019 a tono con el resto de Europa - AleaSoft Energy Forecasting<\/title>\n<meta name=\"description\" content=\"Esta semana en AleaSoft se ha realizado el an\u00e1lisis de los mercados el\u00e9ctricos europeos en el trimestre y semestre reci\u00e9n finalizados, en los que la tendencia general ha sido la ca\u00edda de los precios. En este art\u00edculo el an\u00e1lisis se centra en el mercado ib\u00e9rico MIBEL, donde tambi\u00e9n los precios han bajado a tono con la tendencia del continente por la bajada de los precios del gas y el carb\u00f3n y el incremento de la producci\u00f3n renovable.\" \/>\n<meta name=\"robots\" content=\"index, follow, max-snippet:-1, max-image-preview:large, max-video-preview:-1\" \/>\n<link rel=\"canonical\" href=\"https:\/\/aleasoft.com\/es\/mercado-electrico-mibel-precios-baja-en-primer-semestre-2019-a-tono-con-resto-europa\/\" \/>\n<meta property=\"og:locale\" content=\"es_ES\" \/>\n<meta property=\"og:type\" content=\"article\" \/>\n<meta property=\"og:title\" content=\"El mercado el\u00e9ctrico MIBEL con precios a la baja en el primer semestre de 2019 a tono con el resto de Europa\" \/>\n<meta property=\"og:description\" content=\"Esta semana en AleaSoft se ha realizado el an\u00e1lisis de los mercados el\u00e9ctricos europeos en el trimestre y semestre reci\u00e9n finalizados, en los que la tendencia general ha sido la ca\u00edda de los precios. En este art\u00edculo el an\u00e1lisis se centra en el mercado ib\u00e9rico MIBEL, donde tambi\u00e9n los precios han bajado a tono con la tendencia del continente por la bajada de los precios del gas y el carb\u00f3n y el incremento de la producci\u00f3n renovable.\" \/>\n<meta property=\"og:url\" content=\"https:\/\/aleasoft.com\/es\/mercado-electrico-mibel-precios-baja-en-primer-semestre-2019-a-tono-con-resto-europa\/\" \/>\n<meta property=\"og:site_name\" content=\"AleaSoft Energy Forecasting\" \/>\n<meta property=\"article:publisher\" content=\"https:\/\/www.facebook.com\/AleaSoft\/\" \/>\n<meta property=\"article:published_time\" content=\"2019-07-02T22:00:00+00:00\" \/>\n<meta property=\"article:modified_time\" content=\"2022-05-19T03:36:43+00:00\" \/>\n<meta property=\"og:image\" content=\"https:\/\/aleasoft.com\/wp-content\/uploads\/2019\/07\/20190703-aleasoft-precio-mercado-electricidad-espaa-francia-portugal.png\" \/>\n\t<meta property=\"og:image:width\" content=\"2814\" \/>\n\t<meta property=\"og:image:height\" content=\"1573\" \/>\n\t<meta property=\"og:image:type\" content=\"image\/png\" \/>\n<meta name=\"author\" content=\"AleaSoft Energy Forecasting\" \/>\n<meta name=\"twitter:card\" content=\"summary_large_image\" \/>\n<meta name=\"twitter:creator\" content=\"@AleaSoftEnergy\" \/>\n<meta name=\"twitter:site\" content=\"@AleaSoftEnergy\" \/>\n<meta name=\"twitter:label1\" content=\"Escrito por\" \/>\n\t<meta name=\"twitter:data1\" content=\"AleaSoft Energy Forecasting\" \/>\n\t<meta name=\"twitter:label2\" content=\"Tiempo de lectura\" \/>\n\t<meta name=\"twitter:data2\" content=\"15 minutos\" \/>\n<script type=\"application\/ld+json\" class=\"yoast-schema-graph\">{\"@context\":\"https:\\\/\\\/schema.org\",\"@graph\":[{\"@type\":\"Article\",\"@id\":\"https:\\\/\\\/aleasoft.com\\\/es\\\/mercado-electrico-mibel-precios-baja-en-primer-semestre-2019-a-tono-con-resto-europa\\\/#article\",\"isPartOf\":{\"@id\":\"https:\\\/\\\/aleasoft.com\\\/es\\\/mercado-electrico-mibel-precios-baja-en-primer-semestre-2019-a-tono-con-resto-europa\\\/\"},\"author\":{\"name\":\"AleaSoft Energy Forecasting\",\"@id\":\"https:\\\/\\\/aleasoft.com\\\/#\\\/schema\\\/person\\\/99ee8b0f2ecbd56ba78005c6b7864d67\"},\"headline\":\"El mercado el\u00e9ctrico MIBEL con precios a la baja en el primer semestre de 2019 a tono con el resto de Europa\",\"datePublished\":\"2019-07-02T22:00:00+00:00\",\"dateModified\":\"2022-05-19T03:36:43+00:00\",\"mainEntityOfPage\":{\"@id\":\"https:\\\/\\\/aleasoft.com\\\/es\\\/mercado-electrico-mibel-precios-baja-en-primer-semestre-2019-a-tono-con-resto-europa\\\/\"},\"wordCount\":2827,\"publisher\":{\"@id\":\"https:\\\/\\\/aleasoft.com\\\/#organization\"},\"image\":{\"@id\":\"https:\\\/\\\/aleasoft.com\\\/es\\\/mercado-electrico-mibel-precios-baja-en-primer-semestre-2019-a-tono-con-resto-europa\\\/#primaryimage\"},\"thumbnailUrl\":\"https:\\\/\\\/aleasoft.com\\\/wp-content\\\/uploads\\\/2019\\\/07\\\/20190703-aleasoft-precio-mercado-electricidad-espaa-francia-portugal.png\",\"keywords\":[\"noticias\"],\"articleSection\":[\"Noticias\"],\"inLanguage\":\"es\"},{\"@type\":\"WebPage\",\"@id\":\"https:\\\/\\\/aleasoft.com\\\/es\\\/mercado-electrico-mibel-precios-baja-en-primer-semestre-2019-a-tono-con-resto-europa\\\/\",\"url\":\"https:\\\/\\\/aleasoft.com\\\/es\\\/mercado-electrico-mibel-precios-baja-en-primer-semestre-2019-a-tono-con-resto-europa\\\/\",\"name\":\"El mercado el\u00e9ctrico MIBEL con precios a la baja en el primer semestre de 2019 a tono con el resto de Europa - AleaSoft Energy Forecasting\",\"isPartOf\":{\"@id\":\"https:\\\/\\\/aleasoft.com\\\/#website\"},\"primaryImageOfPage\":{\"@id\":\"https:\\\/\\\/aleasoft.com\\\/es\\\/mercado-electrico-mibel-precios-baja-en-primer-semestre-2019-a-tono-con-resto-europa\\\/#primaryimage\"},\"image\":{\"@id\":\"https:\\\/\\\/aleasoft.com\\\/es\\\/mercado-electrico-mibel-precios-baja-en-primer-semestre-2019-a-tono-con-resto-europa\\\/#primaryimage\"},\"thumbnailUrl\":\"https:\\\/\\\/aleasoft.com\\\/wp-content\\\/uploads\\\/2019\\\/07\\\/20190703-aleasoft-precio-mercado-electricidad-espaa-francia-portugal.png\",\"datePublished\":\"2019-07-02T22:00:00+00:00\",\"dateModified\":\"2022-05-19T03:36:43+00:00\",\"description\":\"Esta semana en AleaSoft se ha realizado el an\u00e1lisis de los mercados el\u00e9ctricos europeos en el trimestre y semestre reci\u00e9n finalizados, en los que la tendencia general ha sido la ca\u00edda de los precios. En este art\u00edculo el an\u00e1lisis se centra en el mercado ib\u00e9rico MIBEL, donde tambi\u00e9n los precios han bajado a tono con la tendencia del continente por la bajada de los precios del gas y el carb\u00f3n y el incremento de la producci\u00f3n renovable.\",\"breadcrumb\":{\"@id\":\"https:\\\/\\\/aleasoft.com\\\/es\\\/mercado-electrico-mibel-precios-baja-en-primer-semestre-2019-a-tono-con-resto-europa\\\/#breadcrumb\"},\"inLanguage\":\"es\",\"potentialAction\":[{\"@type\":\"ReadAction\",\"target\":[\"https:\\\/\\\/aleasoft.com\\\/es\\\/mercado-electrico-mibel-precios-baja-en-primer-semestre-2019-a-tono-con-resto-europa\\\/\"]}]},{\"@type\":\"ImageObject\",\"inLanguage\":\"es\",\"@id\":\"https:\\\/\\\/aleasoft.com\\\/es\\\/mercado-electrico-mibel-precios-baja-en-primer-semestre-2019-a-tono-con-resto-europa\\\/#primaryimage\",\"url\":\"https:\\\/\\\/aleasoft.com\\\/wp-content\\\/uploads\\\/2019\\\/07\\\/20190703-aleasoft-precio-mercado-electricidad-espaa-francia-portugal.png\",\"contentUrl\":\"https:\\\/\\\/aleasoft.com\\\/wp-content\\\/uploads\\\/2019\\\/07\\\/20190703-aleasoft-precio-mercado-electricidad-espaa-francia-portugal.png\",\"width\":2814,\"height\":1573},{\"@type\":\"BreadcrumbList\",\"@id\":\"https:\\\/\\\/aleasoft.com\\\/es\\\/mercado-electrico-mibel-precios-baja-en-primer-semestre-2019-a-tono-con-resto-europa\\\/#breadcrumb\",\"itemListElement\":[{\"@type\":\"ListItem\",\"position\":1,\"name\":\"Home\",\"item\":\"https:\\\/\\\/aleasoft.com\\\/es\\\/\"},{\"@type\":\"ListItem\",\"position\":2,\"name\":\"El mercado el\u00e9ctrico MIBEL con precios a la baja en el primer semestre de 2019 a tono con el resto de Europa\"}]},{\"@type\":\"WebSite\",\"@id\":\"https:\\\/\\\/aleasoft.com\\\/#website\",\"url\":\"https:\\\/\\\/aleasoft.com\\\/\",\"name\":\"AleaSoft Energy Forecasting\",\"description\":\"Energy Forecasting\",\"publisher\":{\"@id\":\"https:\\\/\\\/aleasoft.com\\\/#organization\"},\"potentialAction\":[{\"@type\":\"SearchAction\",\"target\":{\"@type\":\"EntryPoint\",\"urlTemplate\":\"https:\\\/\\\/aleasoft.com\\\/?s={search_term_string}\"},\"query-input\":{\"@type\":\"PropertyValueSpecification\",\"valueRequired\":true,\"valueName\":\"search_term_string\"}}],\"inLanguage\":\"es\"},{\"@type\":\"Organization\",\"@id\":\"https:\\\/\\\/aleasoft.com\\\/#organization\",\"name\":\"AleaSoft Energy Forecasting\",\"url\":\"https:\\\/\\\/aleasoft.com\\\/\",\"logo\":{\"@type\":\"ImageObject\",\"inLanguage\":\"es\",\"@id\":\"https:\\\/\\\/aleasoft.com\\\/#\\\/schema\\\/logo\\\/image\\\/\",\"url\":\"https:\\\/\\\/aleasoft.com\\\/wp-content\\\/uploads\\\/2020\\\/01\\\/logo-alea-25.svg\",\"contentUrl\":\"https:\\\/\\\/aleasoft.com\\\/wp-content\\\/uploads\\\/2020\\\/01\\\/logo-alea-25.svg\",\"width\":7047,\"height\":1416,\"caption\":\"AleaSoft Energy Forecasting\"},\"image\":{\"@id\":\"https:\\\/\\\/aleasoft.com\\\/#\\\/schema\\\/logo\\\/image\\\/\"},\"sameAs\":[\"https:\\\/\\\/www.facebook.com\\\/AleaSoft\\\/\",\"https:\\\/\\\/x.com\\\/AleaSoftEnergy\",\"https:\\\/\\\/www.linkedin.com\\\/company\\\/aleasoft\\\/\"]},{\"@type\":\"Person\",\"@id\":\"https:\\\/\\\/aleasoft.com\\\/#\\\/schema\\\/person\\\/99ee8b0f2ecbd56ba78005c6b7864d67\",\"name\":\"AleaSoft Energy Forecasting\",\"image\":{\"@type\":\"ImageObject\",\"inLanguage\":\"es\",\"@id\":\"https:\\\/\\\/secure.gravatar.com\\\/avatar\\\/3ce8db70bda469bc8382df5990537888cf96f625c0fde5b0292ff5ab10560f88?s=96&d=mm&r=g\",\"url\":\"https:\\\/\\\/secure.gravatar.com\\\/avatar\\\/3ce8db70bda469bc8382df5990537888cf96f625c0fde5b0292ff5ab10560f88?s=96&d=mm&r=g\",\"contentUrl\":\"https:\\\/\\\/secure.gravatar.com\\\/avatar\\\/3ce8db70bda469bc8382df5990537888cf96f625c0fde5b0292ff5ab10560f88?s=96&d=mm&r=g\",\"caption\":\"AleaSoft Energy Forecasting\"},\"sameAs\":[\"http:\\\/\\\/aleasoft.com\"]}]}<\/script>\n<!-- \/ Yoast SEO Premium plugin. -->","yoast_head_json":{"title":"El mercado el\u00e9ctrico MIBEL con precios a la baja en el primer semestre de 2019 a tono con el resto de Europa - AleaSoft Energy Forecasting","description":"Esta semana en AleaSoft se ha realizado el an\u00e1lisis de los mercados el\u00e9ctricos europeos en el trimestre y semestre reci\u00e9n finalizados, en los que la tendencia general ha sido la ca\u00edda de los precios. En este art\u00edculo el an\u00e1lisis se centra en el mercado ib\u00e9rico MIBEL, donde tambi\u00e9n los precios han bajado a tono con la tendencia del continente por la bajada de los precios del gas y el carb\u00f3n y el incremento de la producci\u00f3n renovable.","robots":{"index":"index","follow":"follow","max-snippet":"max-snippet:-1","max-image-preview":"max-image-preview:large","max-video-preview":"max-video-preview:-1"},"canonical":"https:\/\/aleasoft.com\/es\/mercado-electrico-mibel-precios-baja-en-primer-semestre-2019-a-tono-con-resto-europa\/","og_locale":"es_ES","og_type":"article","og_title":"El mercado el\u00e9ctrico MIBEL con precios a la baja en el primer semestre de 2019 a tono con el resto de Europa","og_description":"Esta semana en AleaSoft se ha realizado el an\u00e1lisis de los mercados el\u00e9ctricos europeos en el trimestre y semestre reci\u00e9n finalizados, en los que la tendencia general ha sido la ca\u00edda de los precios. En este art\u00edculo el an\u00e1lisis se centra en el mercado ib\u00e9rico MIBEL, donde tambi\u00e9n los precios han bajado a tono con la tendencia del continente por la bajada de los precios del gas y el carb\u00f3n y el incremento de la producci\u00f3n renovable.","og_url":"https:\/\/aleasoft.com\/es\/mercado-electrico-mibel-precios-baja-en-primer-semestre-2019-a-tono-con-resto-europa\/","og_site_name":"AleaSoft Energy Forecasting","article_publisher":"https:\/\/www.facebook.com\/AleaSoft\/","article_published_time":"2019-07-02T22:00:00+00:00","article_modified_time":"2022-05-19T03:36:43+00:00","og_image":[{"width":2814,"height":1573,"url":"https:\/\/aleasoft.com\/wp-content\/uploads\/2019\/07\/20190703-aleasoft-precio-mercado-electricidad-espaa-francia-portugal.png","type":"image\/png"}],"author":"AleaSoft Energy Forecasting","twitter_card":"summary_large_image","twitter_creator":"@AleaSoftEnergy","twitter_site":"@AleaSoftEnergy","twitter_misc":{"Escrito por":"AleaSoft Energy Forecasting","Tiempo de lectura":"15 minutos"},"schema":{"@context":"https:\/\/schema.org","@graph":[{"@type":"Article","@id":"https:\/\/aleasoft.com\/es\/mercado-electrico-mibel-precios-baja-en-primer-semestre-2019-a-tono-con-resto-europa\/#article","isPartOf":{"@id":"https:\/\/aleasoft.com\/es\/mercado-electrico-mibel-precios-baja-en-primer-semestre-2019-a-tono-con-resto-europa\/"},"author":{"name":"AleaSoft Energy Forecasting","@id":"https:\/\/aleasoft.com\/#\/schema\/person\/99ee8b0f2ecbd56ba78005c6b7864d67"},"headline":"El mercado el\u00e9ctrico MIBEL con precios a la baja en el primer semestre de 2019 a tono con el resto de Europa","datePublished":"2019-07-02T22:00:00+00:00","dateModified":"2022-05-19T03:36:43+00:00","mainEntityOfPage":{"@id":"https:\/\/aleasoft.com\/es\/mercado-electrico-mibel-precios-baja-en-primer-semestre-2019-a-tono-con-resto-europa\/"},"wordCount":2827,"publisher":{"@id":"https:\/\/aleasoft.com\/#organization"},"image":{"@id":"https:\/\/aleasoft.com\/es\/mercado-electrico-mibel-precios-baja-en-primer-semestre-2019-a-tono-con-resto-europa\/#primaryimage"},"thumbnailUrl":"https:\/\/aleasoft.com\/wp-content\/uploads\/2019\/07\/20190703-aleasoft-precio-mercado-electricidad-espaa-francia-portugal.png","keywords":["noticias"],"articleSection":["Noticias"],"inLanguage":"es"},{"@type":"WebPage","@id":"https:\/\/aleasoft.com\/es\/mercado-electrico-mibel-precios-baja-en-primer-semestre-2019-a-tono-con-resto-europa\/","url":"https:\/\/aleasoft.com\/es\/mercado-electrico-mibel-precios-baja-en-primer-semestre-2019-a-tono-con-resto-europa\/","name":"El mercado el\u00e9ctrico MIBEL con precios a la baja en el primer semestre de 2019 a tono con el resto de Europa - AleaSoft Energy Forecasting","isPartOf":{"@id":"https:\/\/aleasoft.com\/#website"},"primaryImageOfPage":{"@id":"https:\/\/aleasoft.com\/es\/mercado-electrico-mibel-precios-baja-en-primer-semestre-2019-a-tono-con-resto-europa\/#primaryimage"},"image":{"@id":"https:\/\/aleasoft.com\/es\/mercado-electrico-mibel-precios-baja-en-primer-semestre-2019-a-tono-con-resto-europa\/#primaryimage"},"thumbnailUrl":"https:\/\/aleasoft.com\/wp-content\/uploads\/2019\/07\/20190703-aleasoft-precio-mercado-electricidad-espaa-francia-portugal.png","datePublished":"2019-07-02T22:00:00+00:00","dateModified":"2022-05-19T03:36:43+00:00","description":"Esta semana en AleaSoft se ha realizado el an\u00e1lisis de los mercados el\u00e9ctricos europeos en el trimestre y semestre reci\u00e9n finalizados, en los que la tendencia general ha sido la ca\u00edda de los precios. En este art\u00edculo el an\u00e1lisis se centra en el mercado ib\u00e9rico MIBEL, donde tambi\u00e9n los precios han bajado a tono con la tendencia del continente por la bajada de los precios del gas y el carb\u00f3n y el incremento de la producci\u00f3n renovable.","breadcrumb":{"@id":"https:\/\/aleasoft.com\/es\/mercado-electrico-mibel-precios-baja-en-primer-semestre-2019-a-tono-con-resto-europa\/#breadcrumb"},"inLanguage":"es","potentialAction":[{"@type":"ReadAction","target":["https:\/\/aleasoft.com\/es\/mercado-electrico-mibel-precios-baja-en-primer-semestre-2019-a-tono-con-resto-europa\/"]}]},{"@type":"ImageObject","inLanguage":"es","@id":"https:\/\/aleasoft.com\/es\/mercado-electrico-mibel-precios-baja-en-primer-semestre-2019-a-tono-con-resto-europa\/#primaryimage","url":"https:\/\/aleasoft.com\/wp-content\/uploads\/2019\/07\/20190703-aleasoft-precio-mercado-electricidad-espaa-francia-portugal.png","contentUrl":"https:\/\/aleasoft.com\/wp-content\/uploads\/2019\/07\/20190703-aleasoft-precio-mercado-electricidad-espaa-francia-portugal.png","width":2814,"height":1573},{"@type":"BreadcrumbList","@id":"https:\/\/aleasoft.com\/es\/mercado-electrico-mibel-precios-baja-en-primer-semestre-2019-a-tono-con-resto-europa\/#breadcrumb","itemListElement":[{"@type":"ListItem","position":1,"name":"Home","item":"https:\/\/aleasoft.com\/es\/"},{"@type":"ListItem","position":2,"name":"El mercado el\u00e9ctrico MIBEL con precios a la baja en el primer semestre de 2019 a tono con el resto de Europa"}]},{"@type":"WebSite","@id":"https:\/\/aleasoft.com\/#website","url":"https:\/\/aleasoft.com\/","name":"AleaSoft Energy Forecasting","description":"Energy Forecasting","publisher":{"@id":"https:\/\/aleasoft.com\/#organization"},"potentialAction":[{"@type":"SearchAction","target":{"@type":"EntryPoint","urlTemplate":"https:\/\/aleasoft.com\/?s={search_term_string}"},"query-input":{"@type":"PropertyValueSpecification","valueRequired":true,"valueName":"search_term_string"}}],"inLanguage":"es"},{"@type":"Organization","@id":"https:\/\/aleasoft.com\/#organization","name":"AleaSoft Energy Forecasting","url":"https:\/\/aleasoft.com\/","logo":{"@type":"ImageObject","inLanguage":"es","@id":"https:\/\/aleasoft.com\/#\/schema\/logo\/image\/","url":"https:\/\/aleasoft.com\/wp-content\/uploads\/2020\/01\/logo-alea-25.svg","contentUrl":"https:\/\/aleasoft.com\/wp-content\/uploads\/2020\/01\/logo-alea-25.svg","width":7047,"height":1416,"caption":"AleaSoft Energy Forecasting"},"image":{"@id":"https:\/\/aleasoft.com\/#\/schema\/logo\/image\/"},"sameAs":["https:\/\/www.facebook.com\/AleaSoft\/","https:\/\/x.com\/AleaSoftEnergy","https:\/\/www.linkedin.com\/company\/aleasoft\/"]},{"@type":"Person","@id":"https:\/\/aleasoft.com\/#\/schema\/person\/99ee8b0f2ecbd56ba78005c6b7864d67","name":"AleaSoft Energy Forecasting","image":{"@type":"ImageObject","inLanguage":"es","@id":"https:\/\/secure.gravatar.com\/avatar\/3ce8db70bda469bc8382df5990537888cf96f625c0fde5b0292ff5ab10560f88?s=96&d=mm&r=g","url":"https:\/\/secure.gravatar.com\/avatar\/3ce8db70bda469bc8382df5990537888cf96f625c0fde5b0292ff5ab10560f88?s=96&d=mm&r=g","contentUrl":"https:\/\/secure.gravatar.com\/avatar\/3ce8db70bda469bc8382df5990537888cf96f625c0fde5b0292ff5ab10560f88?s=96&d=mm&r=g","caption":"AleaSoft Energy Forecasting"},"sameAs":["http:\/\/aleasoft.com"]}]}},"_links":{"self":[{"href":"https:\/\/aleasoft.com\/es\/wp-json\/wp\/v2\/posts\/78097","targetHints":{"allow":["GET"]}}],"collection":[{"href":"https:\/\/aleasoft.com\/es\/wp-json\/wp\/v2\/posts"}],"about":[{"href":"https:\/\/aleasoft.com\/es\/wp-json\/wp\/v2\/types\/post"}],"author":[{"embeddable":true,"href":"https:\/\/aleasoft.com\/es\/wp-json\/wp\/v2\/users\/1"}],"replies":[{"embeddable":true,"href":"https:\/\/aleasoft.com\/es\/wp-json\/wp\/v2\/comments?post=78097"}],"version-history":[{"count":0,"href":"https:\/\/aleasoft.com\/es\/wp-json\/wp\/v2\/posts\/78097\/revisions"}],"wp:featuredmedia":[{"embeddable":true,"href":"https:\/\/aleasoft.com\/es\/wp-json\/wp\/v2\/media\/69619"}],"wp:attachment":[{"href":"https:\/\/aleasoft.com\/es\/wp-json\/wp\/v2\/media?parent=78097"}],"wp:term":[{"taxonomy":"category","embeddable":true,"href":"https:\/\/aleasoft.com\/es\/wp-json\/wp\/v2\/categories?post=78097"},{"taxonomy":"post_tag","embeddable":true,"href":"https:\/\/aleasoft.com\/es\/wp-json\/wp\/v2\/tags?post=78097"}],"curies":[{"name":"wp","href":"https:\/\/api.w.org\/{rel}","templated":true}]}}