{"id":78136,"date":"2019-09-19T00:00:00","date_gmt":"2019-09-18T22:00:00","guid":{"rendered":"https:\/\/aleasoft.com\/precios-mercados-electricos-europeos-aumentan-esta-semana\/"},"modified":"2022-05-18T16:59:00","modified_gmt":"2022-05-18T14:59:00","slug":"precios-mercados-electricos-europeos-aumentan-esta-semana","status":"publish","type":"post","link":"https:\/\/aleasoft.com\/es\/precios-mercados-electricos-europeos-aumentan-esta-semana\/","title":{"rendered":"Los precios de los mercados el\u00e9ctricos europeos aumentan esta semana"},"content":{"rendered":"<p><strong>AleaSoft, 19 de septiembre de 2019. Los precios de los principales mercados el\u00e9ctricos europeos han aumentado en lo que va de semana respecto a los mismos d\u00edas de la semana pasada. Seg\u00fan el an\u00e1lisis de AleaSoft, este aumento es debido al incremento del precio de los combustibles, a las preocupaciones surgidas ante la posibilidad de cierre de algunas centrales nucleares francesas y al descenso de la producci\u00f3n renovable en gran parte de los pa\u00edses analizados, excepto en Alemania y Francia donde la e\u00f3lica subi\u00f3.<\/strong><\/p>\n<h3 style=\"font-size: 12pt;\">Mercados el\u00e9ctricos europeos<\/h3>\n<p>Los precios del <strong>mercado MIBEL<\/strong> de Espa\u00f1a y Portugal a principios de esta semana han aumentado considerablemente respecto al mismo per\u00edodo de la semana anterior. El promedio de los precios de los primeros cuatro d\u00edas transcurridos en la semana actual ha sido de 49,81\u00a0\u20ac\/MWh para ambos pa\u00edses, el segundo m\u00e1s alto entre los mercados europeos analizados. Seg\u00fan el an\u00e1lisis realizado en <strong>AleaSoft<\/strong>, estos precios, que suponen un incremento del 32% respecto al mismo per\u00edodo de la semana pasada, se han visto justificados por el considerable descenso de las producciones con energ\u00edas renovables <strong>e\u00f3lica<\/strong> y <strong>solar,<\/strong> en conjunto con el aumento de la <strong>demanda el\u00e9ctrica<\/strong> y de los precios de los combustibles utilizados para la generaci\u00f3n de electricidad.<\/p>\n<p>Los mercados <strong>EPEX\u00a0SPOT<\/strong> de Alemania, Francia, B\u00e9lgica y Pa\u00edses Bajos tambi\u00e9n han experimentado un aumento en sus precios en lo que va de semana respecto al mismo per\u00edodo de la semana anterior. El mercado de Alemania ha sido el de menor crecimiento, de un 4,7% respecto al mismo per\u00edodo de la semana pasada, cerrando con un promedio de 40,32\u00a0\u20ac\/MWh para los cuatro primeros d\u00edas de la presente semana, comprendidos entre el lunes 16 de septiembre y el jueves 19 de septiembre. Del grupo de pa\u00edses analizados correspondientes al mercado de <strong>EPEX\u00a0SPOT<\/strong>, Francia ha sido el de mayor aumento, con un incremento del 16% y un precio medio de 42,91\u00a0\u20ac\/MWh, seguido por B\u00e9lgica y Pa\u00edses Bajos, que han tendido aumentos del 12% y 6,2%, con precios de 41,40\u00a0\u20ac\/MWh y 40,64\u00a0\u20ac\/MWh, respectivamente. El mercado <strong>IPEX<\/strong> de Italia ha aumentado en lo que va de semana un 16% y contin\u00faa siendo el de mayor precio de los mercados analizados, con 55,92\u00a0\u20ac\/MWh de promedio. El mercado brit\u00e1nico <strong>N2EX,<\/strong> que ha aumentado en un 17%, ha cerrado con el tercer precio m\u00e1s alto en lo que va de semana, de 47,98\u00a0\u20ac\/MWh. En cambio, el precio del <strong>mercado Nord\u00a0Pool<\/strong> ha sido el \u00fanico que ha promediado a la baja respecto a la semana pasada, disminuyendo en un -1,2% y siendo el precio de 33,28\u00a0\u20ac\/MWh el m\u00e1s bajo de todos los mercados europeos analizados.<\/p>\n<a href='https:\/\/aleasoft.com\/es\/casos-previsiones\/ppa-y-sinergias\/' class='alea-banner-link' data-alea-gtm-event-category='banner-horizontal' data-alea-gtm-event-label='ppa'><img class='aligncenter' src='https:\/\/aleasoft.com\/wp-content\/uploads\/2021\/06\/banners_ppa_es.jpg' alt='Oferta de previsiones de precios a largo plazo para PPA' style=''\/><\/a>\n<p>Al igual que en MIBEL, el aumento en el promedio de los precios del resto de mercados europeos, para los primeros cuatro d\u00edas de esta semana, ha estado propiciado por la disminuci\u00f3n de las producciones e\u00f3lica y solar en gran parte de los pa\u00edses analizados por <strong>AleaSoft<\/strong>, adem\u00e1s de la subida de los precios de los combustibles utilizados en la generaci\u00f3n el\u00e9ctrica.<\/p>\n<p><a title=\"AleaSoft \u2013 Precios mercados europeos electricidad\" href=\"https:\/\/aleasoft.com\/wp-content\/uploads\/2019\/09\/20190919-aleasoft-precios-mercados-europeos-electricidad.png\"><img fetchpriority=\"high\" decoding=\"async\" class=\"aligncenter\" src=\"https:\/\/aleasoft.com\/wp-content\/uploads\/2019\/09\/20190919-aleasoft-precios-mercados-europeos-electricidad.png\" alt=\"AleaSoft - Precios mercados europeos electricidad\" width=\"740\" height=\"530\" \/><\/a><br \/>\n<span style=\"font-size: xx-small;\">Fuentes: Elaborado por AleaSoft con datos de OMIE, , N2EX, IPEX y Nord Pool.<\/span><\/p>\n<h3 style=\"font-size: 12pt;\">Brent, combustibles y CO<sub>2<\/sub><\/h3>\n<p>El precio de los futuros de <strong>petr\u00f3leo Brent<\/strong> para el mes de noviembre en el <strong>mercado ICE<\/strong> experiment\u00f3 un marcado ascenso el lunes 16 de septiembre, cerrando en 69,02\u00a0$\/bbl, un valor 8,8\u00a0$\/bbl superior al precio de cierre del viernes 13 de septiembre. Sin embargo, el martes 17 de septiembre no se mantuvo la subida, sino que el precio volvi\u00f3 a bajar hasta quedar solo un 3,5% por encima del valor alcanzado el martes de la semana anterior, continuando con esta tendencia el mi\u00e9rcoles, cuando el precio fue de 63,60\u00a0$\/bbl. El aumento percibido en el precio del lunes 16 de septiembre estuvo relacionado con los ataques perpetrados en instalaciones petroleras de Arabia Saud\u00ed durante el fin de semana previo. Sin embargo, el aumento en la producci\u00f3n por parte de Estados Unidos y las declaraciones del ministro de energ\u00eda de Arabia Saud\u00ed, en cuanto al pronto restablecimiento de los niveles de producci\u00f3n, han contribuido al cambio de tendencia observado en los d\u00edas posteriores.<\/p>\n<a href='https:\/\/aleasoft.com\/es\/casos-previsiones\/ppa-y-sinergias\/' class='alea-banner-link' data-alea-gtm-event-category='banner-almost-square' data-alea-gtm-event-label='ppa'><img class='alignright' src='' alt='Oferta de previsiones de precios a largo plazo para PPA' style=''\/><\/a>\n<p>El precio de los futuros de <strong>gas TTF<\/strong> en el mercado ICE para el mes de octubre inici\u00f3 la semana del 16 de septiembre con la misma tendencia al alza experimentada durante la semana anterior. Este lunes se ha alcanzado un valor de 15,33\u00a0\u20ac\/MWh, un 25% superior al lunes de la semana pasada. Pero, el martes 17 de septiembre el precio de los futuros de gas TTF descendi\u00f3 hasta 13,44\u00a0\u20ac\/MWh, lo que representa una ca\u00edda de un \u201112% respecto al precio del d\u00eda anterior. El descenso continu\u00f3 el mi\u00e9rcoles 18 de septiembre hasta un precio de 12,43\u00a0\u20ac\/MWh, un \u201113% inferior al mismo d\u00eda de la pasada semana. El cambio de tendencia experimentada el martes est\u00e1 influenciado por la ca\u00edda de precios del petr\u00f3leo y a su vez se ha visto reforzado por las declaraciones de EDF de que, por el momento, este invierno no ser\u00eda necesario realizar paradas de las nucleares francesas en las que se detectaron defectos en las soldaduras de algunos de sus reactores.<\/p>\n<p>El lunes 16 de septiembre el precio los futuros del <strong>carb\u00f3n API\u00a02<\/strong> en el mercado ICE para el mes de octubre alcanz\u00f3 un valor de 64,70\u00a0$\/t, siendo el precio m\u00e1s alto alcanzado en lo que va de septiembre. Este martes ese valor descendi\u00f3 un \u20112,2% hasta los 63,30\u00a0$\/t, a\u00fan por encima del valor m\u00e1ximo alcanzado la semana anterior, de 62,85\u00a0$\/t, correspondiente al jueves 12 de septiembre. El descenso continu\u00f3 ayer mi\u00e9rcoles hasta los 62,15\u00a0$\/t, un \u20110,6% inferior respecto al mi\u00e9rcoles de la semana pasada. La tendencia descendente de los \u00faltimos dos d\u00edas tambi\u00e9n est\u00e1 influenciada por la disipaci\u00f3n de los temores a la necesidad de paradas en las centrales nucleares francesas.<\/p>\n<p>Los precios de los futuros de <strong>derechos de emisi\u00f3n de CO<sub>2<\/sub><\/strong> en el <strong>mercado EEX<\/strong> para el contrato de referencia de diciembre de 2019 comenzaron esta semana con un aumento en los precios, para posteriormente iniciar un descenso el martes. As\u00ed, el lunes 16 de septiembre se alcanz\u00f3 un precio de 27,04\u00a0\u20ac\/t, un 8,1% superior al lunes de la semana anterior. En cambio, el martes 17 de septiembre el precio disminuy\u00f3 en un \u20113,1% respecto al d\u00eda anterior, hasta alcanzar un valor de 26,21\u00a0\u20ac\/t. Esta ca\u00edda en los precios continu\u00f3 ayer, llegando a un precio de 25,45\u00a0\u20ac\/t, un \u20113,1% inferior al del mi\u00e9rcoles de la semana pasada.<\/p>\n<h3 style=\"font-size: 12pt;\">Futuros de electricidad<\/h3>\n<p>Los precios de los futuros de electricidad de Espa\u00f1a para el cuarto trimestre de 2019 en el mercado EEX cerraron ayer mi\u00e9rcoles 18 de septiembre un 5,7% m\u00e1s bajos que el d\u00eda anterior, llegando hasta los 55,25\u00a0\u20ac\/MWh, pero manteni\u00e9ndose por encima del promedio registrado la semana del lunes 2 de septiembre. Esto ocurre despu\u00e9s de la fuerte subida registrada la semana pasada y tras haber comenzado esta semana al alza, cerrando el lunes 16 de septiembre con un incremento del 2,0% respecto al viernes anterior. De igual manera, los futuros de Espa\u00f1a y Portugal para el mismo per\u00edodo en el mercado OMIP cayeron un 4,3% en la sesi\u00f3n de ayer, tras haberse incrementado en un 1,8% este lunes en comparaci\u00f3n con el viernes 13 de septiembre.<\/p>\n<p>Los futuros para el pr\u00f3ximo a\u00f1o, tanto en los mercados OMIP y EEX para Espa\u00f1a como en el mercado OMIP para Portugal volvieron a acercarse a los registrados hace dos semanas. Ayer mi\u00e9rcoles cerraron 1,94\u00a0\u20ac\/MWh m\u00e1s bajos que el m\u00e1ximo hist\u00f3rico registrado la semana pasada en el caso de los futuros de Espa\u00f1a en el mercado EEX y 2,57\u00a0\u20ac\/MWh m\u00e1s bajos para Espa\u00f1a y Portugal en el mercado OMIP.<\/p>\n<p>Los futuros de Francia y Alemania en el mercado EEX para el pr\u00f3ximo trimestre y para el pr\u00f3ximo a\u00f1o tambi\u00e9n registraron ca\u00eddas esta semana. Ayer mi\u00e9rcoles los precios de los futuros para el cuarto trimestre de 2019 cerraron un 8,0% y un 4,4% m\u00e1s bajos que el d\u00eda anterior para Francia y Alemania, respectivamente. En general, en lo que va de semana, los precios de los futuros europeos han bajado en medio de la disminuci\u00f3n de las preocupaciones sobre un futuro descenso de la producci\u00f3n nuclear francesa, que durante la semana pasada dispar\u00f3 los precios de los mercados.<\/p>\n<h3 style=\"font-size: 12pt;\">Demanda el\u00e9ctrica, producci\u00f3n e\u00f3lica y fotovoltaica<\/h3>\n<p>La <strong>demanda el\u00e9ctrica<\/strong> total de Espa\u00f1a peninsular en el per\u00edodo de lunes a mi\u00e9rcoles de esta semana del 16 de septiembre aument\u00f3 un 3,0% con respecto al mismo per\u00edodo de la semana anterior. Seg\u00fan los c\u00e1lculos realizados por <strong>AleaSoft<\/strong>, una vez corregido el efecto del festivo del 11 de septiembre, el incremento ha sido de un 1,4%. De forma similar aumentaron los registros de demanda el\u00e9ctrica total en el mismo rango de d\u00edas en Alemania, Italia, Gran Breta\u00f1a y Pa\u00edses Bajos.<\/p>\n<p>La <strong>producci\u00f3n e\u00f3lica<\/strong> en Espa\u00f1a desde el lunes 16 de septiembre hasta ayer mi\u00e9rcoles 18 de septiembre cay\u00f3 cerca de un 80% con respecto al promedio de la semana anterior. Tambi\u00e9n destacan las ca\u00eddas en las producciones con esta tecnolog\u00eda en Portugal e Italia, llegando a ser de un \u201175% en Portugal y un \u201155% en Italia. En cambio, Alemania y Francia continuaron la tendencia al alza que se viene observando desde la semana pasada, con un aumento en la generaci\u00f3n del 51% y el 77% respectivamente, en comparaci\u00f3n con la semana previa. Los an\u00e1lisis de <strong>AleaSoft <\/strong>indican que para la pr\u00f3xima semana debe caer la producci\u00f3n en Alemania, mientras que se espera un aumento para el resto de los pa\u00edses, principalmente en Espa\u00f1a y Portugal.<\/p>\n<p>La <strong>producci\u00f3n solar <\/strong>en Espa\u00f1a peninsular, que incluye a la <strong>fotovoltaica<\/strong> y la <strong>termosolar<\/strong>, aument\u00f3 un 16% con respecto al promedio registrado durante toda la semana pasada. Para la siguiente semana en <strong>AleaSoft<\/strong> se espera que la producci\u00f3n solar aumente en comparaci\u00f3n con esta semana. Para los casos de Alemania e Italia, la producci\u00f3n solar registrada desde el lunes hasta el mi\u00e9rcoles de esta semana tambi\u00e9n descendi\u00f3, aunque en menor medida, con respecto al mismo per\u00edodo de la pasada semana, y se espera que para la semana pr\u00f3xima en Alemania contin\u00fae esta tendencia mientras que en Italia alcance valores similares a los de esta semana.<\/p>\n<p>Las <strong>centrales nucleares<\/strong> en Espa\u00f1a contin\u00faan esta semana con un funcionamiento estable. De momento no hay programadas paradas nucleares por lo que esta estabilidad se debe mantener en las pr\u00f3ximas semanas.<\/p>\n<p>La <strong>producci\u00f3n hidroel\u00e9ctrica <\/strong>en Espa\u00f1a aument\u00f3 un 31% de lunes a mi\u00e9rcoles de esta semana respecto al mismo per\u00edodo de la semana pasada.<\/p>\n<p><a title=\"AleaSoft \u2013 Balance diario electricidad Espana Demanda Produccion\" href=\"https:\/\/aleasoft.com\/wp-content\/uploads\/2019\/09\/20190919-aleasoft-balance-diario-electricidad-espana-demanda-produccion.png\"><img decoding=\"async\" class=\"aligncenter\" src=\"https:\/\/aleasoft.com\/wp-content\/uploads\/2019\/09\/20190919-aleasoft-balance-diario-electricidad-espana-demanda-produccion.png\" alt=\"AleaSoft - Balance diario electricidad Espana Demanda Produccion\" width=\"740\" height=\"530\" \/><\/a><br \/>\n<span style=\"font-size: xx-small;\">Fuentes: Elaborado por AleaSoft con datos de REE.<\/span><\/p>\n<p>El nivel de las reservas hidroel\u00e9ctricas en Espa\u00f1a descendi\u00f3 263\u00a0GWh con respecto a la semana anterior y actualmente es de 8383\u00a0GWh. Las reservas actuales constituyen el 36% de la capacidad total de 23\u00a0281\u00a0GWh, el 78% de la disponible hace un a\u00f1o, el 83% de la media de los \u00faltimos 5 a\u00f1os y el 81% de la media de los \u00faltimos diez a\u00f1os, seg\u00fan datos del \u00faltimo Bolet\u00edn Hidrol\u00f3gico del Ministerio para la Transici\u00f3n Ecol\u00f3gica.<\/p>\n<p>Fuente: <strong>AleaSoft Energy Forecasting<\/strong>.<\/p>\n<p align=\"left\"><a style=\"color: #0047c8;\" title=\"PDF\" href=\"https:\/\/aleasoft.com\/wp-content\/uploads\/2019\/09\/20190919-aleasoft-precios-mercados-electricos-europeos-aumentan-esta-semana-1.pdf\" target=\"_blank\" rel=\"noopener noreferrer\">Descargar PDF<\/a><\/p>\n","protected":false},"excerpt":{"rendered":"<p>AleaSoft, 19 de septiembre de 2019. Los precios de los principales mercados el\u00e9ctricos europeos han aumentado en lo que va de semana respecto a los mismos d\u00edas de la semana pasada. Seg\u00fan el an\u00e1lisis de AleaSoft, este aumento es debido al incremento del precio de los combustibles, a las preocupaciones surgidas ante la posibilidad de [&hellip;]<\/p>\n","protected":false},"author":1,"featured_media":71554,"comment_status":"closed","ping_status":"closed","sticky":false,"template":"","format":"standard","meta":{"footnotes":""},"categories":[568],"tags":[574],"class_list":["post-78136","post","type-post","status-publish","format-standard","has-post-thumbnail","hentry","category-noticias","tag-noticias"],"yoast_head":"<!-- This site is optimized with the Yoast SEO Premium plugin v27.4 (Yoast SEO v27.5) - https:\/\/yoast.com\/product\/yoast-seo-premium-wordpress\/ -->\n<title>Los precios de los mercados el\u00e9ctricos europeos aumentan esta semana - AleaSoft Energy Forecasting<\/title>\n<meta name=\"description\" content=\"Los precios de los principales mercados el\u00e9ctricos europeos han aumentado en lo que va de semana respecto a los mismos d\u00edas de la semana pasada\" \/>\n<meta name=\"robots\" content=\"index, follow, max-snippet:-1, max-image-preview:large, max-video-preview:-1\" \/>\n<link rel=\"canonical\" href=\"https:\/\/aleasoft.com\/es\/precios-mercados-electricos-europeos-aumentan-esta-semana\/\" \/>\n<meta property=\"og:locale\" content=\"es_ES\" \/>\n<meta property=\"og:type\" content=\"article\" \/>\n<meta property=\"og:title\" content=\"Los precios de los mercados el\u00e9ctricos europeos aumentan esta semana\" \/>\n<meta property=\"og:description\" content=\"Los precios de los principales mercados el\u00e9ctricos europeos han aumentado en lo que va de semana respecto a los mismos d\u00edas de la semana pasada\" \/>\n<meta property=\"og:url\" content=\"https:\/\/aleasoft.com\/es\/precios-mercados-electricos-europeos-aumentan-esta-semana\/\" \/>\n<meta property=\"og:site_name\" content=\"AleaSoft Energy Forecasting\" \/>\n<meta property=\"article:publisher\" content=\"https:\/\/www.facebook.com\/AleaSoft\/\" \/>\n<meta property=\"article:published_time\" content=\"2019-09-18T22:00:00+00:00\" \/>\n<meta property=\"article:modified_time\" content=\"2022-05-18T14:59:00+00:00\" \/>\n<meta property=\"og:image\" content=\"https:\/\/aleasoft.com\/wp-content\/uploads\/2019\/09\/20190919-aleasoft-precios-mercados-europeos-electricidad.png\" \/>\n\t<meta property=\"og:image:width\" content=\"2282\" \/>\n\t<meta property=\"og:image:height\" content=\"1582\" \/>\n\t<meta property=\"og:image:type\" content=\"image\/png\" \/>\n<meta name=\"author\" content=\"AleaSoft Energy Forecasting\" \/>\n<meta name=\"twitter:card\" content=\"summary_large_image\" \/>\n<meta name=\"twitter:creator\" content=\"@AleaSoftEnergy\" \/>\n<meta name=\"twitter:site\" content=\"@AleaSoftEnergy\" \/>\n<meta name=\"twitter:label1\" content=\"Escrito por\" \/>\n\t<meta name=\"twitter:data1\" content=\"AleaSoft Energy Forecasting\" \/>\n\t<meta name=\"twitter:label2\" content=\"Tiempo de lectura\" \/>\n\t<meta name=\"twitter:data2\" content=\"9 minutos\" \/>\n<script type=\"application\/ld+json\" class=\"yoast-schema-graph\">{\"@context\":\"https:\\\/\\\/schema.org\",\"@graph\":[{\"@type\":\"Article\",\"@id\":\"https:\\\/\\\/aleasoft.com\\\/es\\\/precios-mercados-electricos-europeos-aumentan-esta-semana\\\/#article\",\"isPartOf\":{\"@id\":\"https:\\\/\\\/aleasoft.com\\\/es\\\/precios-mercados-electricos-europeos-aumentan-esta-semana\\\/\"},\"author\":{\"name\":\"AleaSoft Energy Forecasting\",\"@id\":\"https:\\\/\\\/aleasoft.com\\\/#\\\/schema\\\/person\\\/99ee8b0f2ecbd56ba78005c6b7864d67\"},\"headline\":\"Los precios de los mercados el\u00e9ctricos europeos aumentan esta semana\",\"datePublished\":\"2019-09-18T22:00:00+00:00\",\"dateModified\":\"2022-05-18T14:59:00+00:00\",\"mainEntityOfPage\":{\"@id\":\"https:\\\/\\\/aleasoft.com\\\/es\\\/precios-mercados-electricos-europeos-aumentan-esta-semana\\\/\"},\"wordCount\":1925,\"publisher\":{\"@id\":\"https:\\\/\\\/aleasoft.com\\\/#organization\"},\"image\":{\"@id\":\"https:\\\/\\\/aleasoft.com\\\/es\\\/precios-mercados-electricos-europeos-aumentan-esta-semana\\\/#primaryimage\"},\"thumbnailUrl\":\"https:\\\/\\\/aleasoft.com\\\/wp-content\\\/uploads\\\/2019\\\/09\\\/20190919-aleasoft-precios-mercados-europeos-electricidad.png\",\"keywords\":[\"noticias\"],\"articleSection\":[\"Noticias\"],\"inLanguage\":\"es\"},{\"@type\":\"WebPage\",\"@id\":\"https:\\\/\\\/aleasoft.com\\\/es\\\/precios-mercados-electricos-europeos-aumentan-esta-semana\\\/\",\"url\":\"https:\\\/\\\/aleasoft.com\\\/es\\\/precios-mercados-electricos-europeos-aumentan-esta-semana\\\/\",\"name\":\"Los precios de los mercados el\u00e9ctricos europeos aumentan esta semana - AleaSoft Energy Forecasting\",\"isPartOf\":{\"@id\":\"https:\\\/\\\/aleasoft.com\\\/#website\"},\"primaryImageOfPage\":{\"@id\":\"https:\\\/\\\/aleasoft.com\\\/es\\\/precios-mercados-electricos-europeos-aumentan-esta-semana\\\/#primaryimage\"},\"image\":{\"@id\":\"https:\\\/\\\/aleasoft.com\\\/es\\\/precios-mercados-electricos-europeos-aumentan-esta-semana\\\/#primaryimage\"},\"thumbnailUrl\":\"https:\\\/\\\/aleasoft.com\\\/wp-content\\\/uploads\\\/2019\\\/09\\\/20190919-aleasoft-precios-mercados-europeos-electricidad.png\",\"datePublished\":\"2019-09-18T22:00:00+00:00\",\"dateModified\":\"2022-05-18T14:59:00+00:00\",\"description\":\"Los precios de los principales mercados el\u00e9ctricos europeos han aumentado en lo que va de semana respecto a los mismos d\u00edas de la semana pasada\",\"breadcrumb\":{\"@id\":\"https:\\\/\\\/aleasoft.com\\\/es\\\/precios-mercados-electricos-europeos-aumentan-esta-semana\\\/#breadcrumb\"},\"inLanguage\":\"es\",\"potentialAction\":[{\"@type\":\"ReadAction\",\"target\":[\"https:\\\/\\\/aleasoft.com\\\/es\\\/precios-mercados-electricos-europeos-aumentan-esta-semana\\\/\"]}]},{\"@type\":\"ImageObject\",\"inLanguage\":\"es\",\"@id\":\"https:\\\/\\\/aleasoft.com\\\/es\\\/precios-mercados-electricos-europeos-aumentan-esta-semana\\\/#primaryimage\",\"url\":\"https:\\\/\\\/aleasoft.com\\\/wp-content\\\/uploads\\\/2019\\\/09\\\/20190919-aleasoft-precios-mercados-europeos-electricidad.png\",\"contentUrl\":\"https:\\\/\\\/aleasoft.com\\\/wp-content\\\/uploads\\\/2019\\\/09\\\/20190919-aleasoft-precios-mercados-europeos-electricidad.png\",\"width\":2282,\"height\":1582},{\"@type\":\"BreadcrumbList\",\"@id\":\"https:\\\/\\\/aleasoft.com\\\/es\\\/precios-mercados-electricos-europeos-aumentan-esta-semana\\\/#breadcrumb\",\"itemListElement\":[{\"@type\":\"ListItem\",\"position\":1,\"name\":\"Home\",\"item\":\"https:\\\/\\\/aleasoft.com\\\/es\\\/\"},{\"@type\":\"ListItem\",\"position\":2,\"name\":\"Los precios de los mercados el\u00e9ctricos europeos aumentan esta semana\"}]},{\"@type\":\"WebSite\",\"@id\":\"https:\\\/\\\/aleasoft.com\\\/#website\",\"url\":\"https:\\\/\\\/aleasoft.com\\\/\",\"name\":\"AleaSoft Energy Forecasting\",\"description\":\"Energy Forecasting\",\"publisher\":{\"@id\":\"https:\\\/\\\/aleasoft.com\\\/#organization\"},\"potentialAction\":[{\"@type\":\"SearchAction\",\"target\":{\"@type\":\"EntryPoint\",\"urlTemplate\":\"https:\\\/\\\/aleasoft.com\\\/?s={search_term_string}\"},\"query-input\":{\"@type\":\"PropertyValueSpecification\",\"valueRequired\":true,\"valueName\":\"search_term_string\"}}],\"inLanguage\":\"es\"},{\"@type\":\"Organization\",\"@id\":\"https:\\\/\\\/aleasoft.com\\\/#organization\",\"name\":\"AleaSoft Energy Forecasting\",\"url\":\"https:\\\/\\\/aleasoft.com\\\/\",\"logo\":{\"@type\":\"ImageObject\",\"inLanguage\":\"es\",\"@id\":\"https:\\\/\\\/aleasoft.com\\\/#\\\/schema\\\/logo\\\/image\\\/\",\"url\":\"https:\\\/\\\/aleasoft.com\\\/wp-content\\\/uploads\\\/2020\\\/01\\\/logo-alea-25.svg\",\"contentUrl\":\"https:\\\/\\\/aleasoft.com\\\/wp-content\\\/uploads\\\/2020\\\/01\\\/logo-alea-25.svg\",\"width\":7047,\"height\":1416,\"caption\":\"AleaSoft Energy Forecasting\"},\"image\":{\"@id\":\"https:\\\/\\\/aleasoft.com\\\/#\\\/schema\\\/logo\\\/image\\\/\"},\"sameAs\":[\"https:\\\/\\\/www.facebook.com\\\/AleaSoft\\\/\",\"https:\\\/\\\/x.com\\\/AleaSoftEnergy\",\"https:\\\/\\\/www.linkedin.com\\\/company\\\/aleasoft\\\/\"]},{\"@type\":\"Person\",\"@id\":\"https:\\\/\\\/aleasoft.com\\\/#\\\/schema\\\/person\\\/99ee8b0f2ecbd56ba78005c6b7864d67\",\"name\":\"AleaSoft Energy Forecasting\",\"image\":{\"@type\":\"ImageObject\",\"inLanguage\":\"es\",\"@id\":\"https:\\\/\\\/secure.gravatar.com\\\/avatar\\\/3ce8db70bda469bc8382df5990537888cf96f625c0fde5b0292ff5ab10560f88?s=96&d=mm&r=g\",\"url\":\"https:\\\/\\\/secure.gravatar.com\\\/avatar\\\/3ce8db70bda469bc8382df5990537888cf96f625c0fde5b0292ff5ab10560f88?s=96&d=mm&r=g\",\"contentUrl\":\"https:\\\/\\\/secure.gravatar.com\\\/avatar\\\/3ce8db70bda469bc8382df5990537888cf96f625c0fde5b0292ff5ab10560f88?s=96&d=mm&r=g\",\"caption\":\"AleaSoft Energy Forecasting\"},\"sameAs\":[\"http:\\\/\\\/aleasoft.com\"]}]}<\/script>\n<!-- \/ Yoast SEO Premium plugin. -->","yoast_head_json":{"title":"Los precios de los mercados el\u00e9ctricos europeos aumentan esta semana - AleaSoft Energy Forecasting","description":"Los precios de los principales mercados el\u00e9ctricos europeos han aumentado en lo que va de semana respecto a los mismos d\u00edas de la semana pasada","robots":{"index":"index","follow":"follow","max-snippet":"max-snippet:-1","max-image-preview":"max-image-preview:large","max-video-preview":"max-video-preview:-1"},"canonical":"https:\/\/aleasoft.com\/es\/precios-mercados-electricos-europeos-aumentan-esta-semana\/","og_locale":"es_ES","og_type":"article","og_title":"Los precios de los mercados el\u00e9ctricos europeos aumentan esta semana","og_description":"Los precios de los principales mercados el\u00e9ctricos europeos han aumentado en lo que va de semana respecto a los mismos d\u00edas de la semana pasada","og_url":"https:\/\/aleasoft.com\/es\/precios-mercados-electricos-europeos-aumentan-esta-semana\/","og_site_name":"AleaSoft Energy Forecasting","article_publisher":"https:\/\/www.facebook.com\/AleaSoft\/","article_published_time":"2019-09-18T22:00:00+00:00","article_modified_time":"2022-05-18T14:59:00+00:00","og_image":[{"width":2282,"height":1582,"url":"https:\/\/aleasoft.com\/wp-content\/uploads\/2019\/09\/20190919-aleasoft-precios-mercados-europeos-electricidad.png","type":"image\/png"}],"author":"AleaSoft Energy Forecasting","twitter_card":"summary_large_image","twitter_creator":"@AleaSoftEnergy","twitter_site":"@AleaSoftEnergy","twitter_misc":{"Escrito por":"AleaSoft Energy Forecasting","Tiempo de lectura":"9 minutos"},"schema":{"@context":"https:\/\/schema.org","@graph":[{"@type":"Article","@id":"https:\/\/aleasoft.com\/es\/precios-mercados-electricos-europeos-aumentan-esta-semana\/#article","isPartOf":{"@id":"https:\/\/aleasoft.com\/es\/precios-mercados-electricos-europeos-aumentan-esta-semana\/"},"author":{"name":"AleaSoft Energy Forecasting","@id":"https:\/\/aleasoft.com\/#\/schema\/person\/99ee8b0f2ecbd56ba78005c6b7864d67"},"headline":"Los precios de los mercados el\u00e9ctricos europeos aumentan esta semana","datePublished":"2019-09-18T22:00:00+00:00","dateModified":"2022-05-18T14:59:00+00:00","mainEntityOfPage":{"@id":"https:\/\/aleasoft.com\/es\/precios-mercados-electricos-europeos-aumentan-esta-semana\/"},"wordCount":1925,"publisher":{"@id":"https:\/\/aleasoft.com\/#organization"},"image":{"@id":"https:\/\/aleasoft.com\/es\/precios-mercados-electricos-europeos-aumentan-esta-semana\/#primaryimage"},"thumbnailUrl":"https:\/\/aleasoft.com\/wp-content\/uploads\/2019\/09\/20190919-aleasoft-precios-mercados-europeos-electricidad.png","keywords":["noticias"],"articleSection":["Noticias"],"inLanguage":"es"},{"@type":"WebPage","@id":"https:\/\/aleasoft.com\/es\/precios-mercados-electricos-europeos-aumentan-esta-semana\/","url":"https:\/\/aleasoft.com\/es\/precios-mercados-electricos-europeos-aumentan-esta-semana\/","name":"Los precios de los mercados el\u00e9ctricos europeos aumentan esta semana - AleaSoft Energy Forecasting","isPartOf":{"@id":"https:\/\/aleasoft.com\/#website"},"primaryImageOfPage":{"@id":"https:\/\/aleasoft.com\/es\/precios-mercados-electricos-europeos-aumentan-esta-semana\/#primaryimage"},"image":{"@id":"https:\/\/aleasoft.com\/es\/precios-mercados-electricos-europeos-aumentan-esta-semana\/#primaryimage"},"thumbnailUrl":"https:\/\/aleasoft.com\/wp-content\/uploads\/2019\/09\/20190919-aleasoft-precios-mercados-europeos-electricidad.png","datePublished":"2019-09-18T22:00:00+00:00","dateModified":"2022-05-18T14:59:00+00:00","description":"Los precios de los principales mercados el\u00e9ctricos europeos han aumentado en lo que va de semana respecto a los mismos d\u00edas de la semana pasada","breadcrumb":{"@id":"https:\/\/aleasoft.com\/es\/precios-mercados-electricos-europeos-aumentan-esta-semana\/#breadcrumb"},"inLanguage":"es","potentialAction":[{"@type":"ReadAction","target":["https:\/\/aleasoft.com\/es\/precios-mercados-electricos-europeos-aumentan-esta-semana\/"]}]},{"@type":"ImageObject","inLanguage":"es","@id":"https:\/\/aleasoft.com\/es\/precios-mercados-electricos-europeos-aumentan-esta-semana\/#primaryimage","url":"https:\/\/aleasoft.com\/wp-content\/uploads\/2019\/09\/20190919-aleasoft-precios-mercados-europeos-electricidad.png","contentUrl":"https:\/\/aleasoft.com\/wp-content\/uploads\/2019\/09\/20190919-aleasoft-precios-mercados-europeos-electricidad.png","width":2282,"height":1582},{"@type":"BreadcrumbList","@id":"https:\/\/aleasoft.com\/es\/precios-mercados-electricos-europeos-aumentan-esta-semana\/#breadcrumb","itemListElement":[{"@type":"ListItem","position":1,"name":"Home","item":"https:\/\/aleasoft.com\/es\/"},{"@type":"ListItem","position":2,"name":"Los precios de los mercados el\u00e9ctricos europeos aumentan esta semana"}]},{"@type":"WebSite","@id":"https:\/\/aleasoft.com\/#website","url":"https:\/\/aleasoft.com\/","name":"AleaSoft Energy Forecasting","description":"Energy Forecasting","publisher":{"@id":"https:\/\/aleasoft.com\/#organization"},"potentialAction":[{"@type":"SearchAction","target":{"@type":"EntryPoint","urlTemplate":"https:\/\/aleasoft.com\/?s={search_term_string}"},"query-input":{"@type":"PropertyValueSpecification","valueRequired":true,"valueName":"search_term_string"}}],"inLanguage":"es"},{"@type":"Organization","@id":"https:\/\/aleasoft.com\/#organization","name":"AleaSoft Energy Forecasting","url":"https:\/\/aleasoft.com\/","logo":{"@type":"ImageObject","inLanguage":"es","@id":"https:\/\/aleasoft.com\/#\/schema\/logo\/image\/","url":"https:\/\/aleasoft.com\/wp-content\/uploads\/2020\/01\/logo-alea-25.svg","contentUrl":"https:\/\/aleasoft.com\/wp-content\/uploads\/2020\/01\/logo-alea-25.svg","width":7047,"height":1416,"caption":"AleaSoft Energy Forecasting"},"image":{"@id":"https:\/\/aleasoft.com\/#\/schema\/logo\/image\/"},"sameAs":["https:\/\/www.facebook.com\/AleaSoft\/","https:\/\/x.com\/AleaSoftEnergy","https:\/\/www.linkedin.com\/company\/aleasoft\/"]},{"@type":"Person","@id":"https:\/\/aleasoft.com\/#\/schema\/person\/99ee8b0f2ecbd56ba78005c6b7864d67","name":"AleaSoft Energy Forecasting","image":{"@type":"ImageObject","inLanguage":"es","@id":"https:\/\/secure.gravatar.com\/avatar\/3ce8db70bda469bc8382df5990537888cf96f625c0fde5b0292ff5ab10560f88?s=96&d=mm&r=g","url":"https:\/\/secure.gravatar.com\/avatar\/3ce8db70bda469bc8382df5990537888cf96f625c0fde5b0292ff5ab10560f88?s=96&d=mm&r=g","contentUrl":"https:\/\/secure.gravatar.com\/avatar\/3ce8db70bda469bc8382df5990537888cf96f625c0fde5b0292ff5ab10560f88?s=96&d=mm&r=g","caption":"AleaSoft Energy Forecasting"},"sameAs":["http:\/\/aleasoft.com"]}]}},"_links":{"self":[{"href":"https:\/\/aleasoft.com\/es\/wp-json\/wp\/v2\/posts\/78136","targetHints":{"allow":["GET"]}}],"collection":[{"href":"https:\/\/aleasoft.com\/es\/wp-json\/wp\/v2\/posts"}],"about":[{"href":"https:\/\/aleasoft.com\/es\/wp-json\/wp\/v2\/types\/post"}],"author":[{"embeddable":true,"href":"https:\/\/aleasoft.com\/es\/wp-json\/wp\/v2\/users\/1"}],"replies":[{"embeddable":true,"href":"https:\/\/aleasoft.com\/es\/wp-json\/wp\/v2\/comments?post=78136"}],"version-history":[{"count":0,"href":"https:\/\/aleasoft.com\/es\/wp-json\/wp\/v2\/posts\/78136\/revisions"}],"wp:featuredmedia":[{"embeddable":true,"href":"https:\/\/aleasoft.com\/es\/wp-json\/wp\/v2\/media\/71554"}],"wp:attachment":[{"href":"https:\/\/aleasoft.com\/es\/wp-json\/wp\/v2\/media?parent=78136"}],"wp:term":[{"taxonomy":"category","embeddable":true,"href":"https:\/\/aleasoft.com\/es\/wp-json\/wp\/v2\/categories?post=78136"},{"taxonomy":"post_tag","embeddable":true,"href":"https:\/\/aleasoft.com\/es\/wp-json\/wp\/v2\/tags?post=78136"}],"curies":[{"name":"wp","href":"https:\/\/api.w.org\/{rel}","templated":true}]}}