{"id":78170,"date":"2019-11-11T00:00:00","date_gmt":"2019-11-10T23:00:00","guid":{"rendered":"https:\/\/aleasoft.com\/suben-precios-mercados-electricos-europeos-descenso-temperatura\/"},"modified":"2022-05-18T16:19:53","modified_gmt":"2022-05-18T14:19:53","slug":"suben-precios-mercados-electricos-europeos-descenso-temperatura","status":"publish","type":"post","link":"https:\/\/aleasoft.com\/es\/suben-precios-mercados-electricos-europeos-descenso-temperatura\/","title":{"rendered":"Suben los precios de los mercados el\u00e9ctricos europeos por el descenso de la temperatura"},"content":{"rendered":"<p><strong>AleaSoft, 11 de noviembre de 2019. La producci\u00f3n solar y e\u00f3lica subi\u00f3 la semana pasada en los mercados del sur de Europa pero baj\u00f3 en Alemania y Francia. Por otra parte, se produjo un descenso generalizado de las temperaturas del continente que provoc\u00f3 un aumento de la demanda el\u00e9ctrica y de los precios de los mercados el\u00e9ctricos. La excepci\u00f3n fue el mercado MIBEL donde el incremento de la producci\u00f3n e\u00f3lica y solar contrarrest\u00f3 la subida de la demanda y los precios bajaron.<\/strong><\/p>\n<h3 style=\"font-size: 12pt;\">Producci\u00f3n solar fotovoltaica y termosolar, producci\u00f3n e\u00f3lica y demanda el\u00e9ctrica<\/h3>\n<p>La <strong>producci\u00f3n solar<\/strong> aument\u00f3 la semana pasada un 18% en Italia, respecto a la semana del 28 de octubre. En Espa\u00f1a, donde incluye las tecnolog\u00edas <strong>fotovoltaica<\/strong> y <strong>termosolar<\/strong>, aument\u00f3 un 16%. Por otro lado, en Alemania ha sido la quinta semana consecutiva donde la generaci\u00f3n con esta fuente renovable ha disminuido, siendo la reducci\u00f3n esta vez de un 30%. En <strong>AleaSoft<\/strong> se espera que durante esta semana la producci\u00f3n solar de Alemania se recupere, en Espa\u00f1a se mantengan valores similares a los de la semana pasada y en Italia disminuya.<\/p>\n<p>Desde el viernes 1 de noviembre hasta ayer domingo 10 de noviembre, la producci\u00f3n solar del territorio peninsular espa\u00f1ol se increment\u00f3 en un 44% respecto al mismo per\u00edodo de 2018. Un aumento menor que el anterior se registr\u00f3 en Italia, de un 14%. En el caso de Alemania ha habido una disminuci\u00f3n del 16%.<\/p>\n<p><a title=\"AleaSoft \u2013 Producci\u00f3n solar fotovoltaica termosolar electricidad Europa\" href=\"https:\/\/aleasoft.com\/wp-content\/uploads\/2019\/11\/20191111-aleasoft-produccion-solar-fotovoltaica-termosolar-electricidad-europa.png\"><img fetchpriority=\"high\" decoding=\"async\" class=\"aligncenter\" src=\"https:\/\/aleasoft.com\/wp-content\/uploads\/2019\/11\/20191111-aleasoft-produccion-solar-fotovoltaica-termosolar-electricidad-europa.png\" alt=\"AleaSoft - Producci\u00f3n solar fotovoltaica termosolar electricidad Europa\" width=\"740\" height=\"530\"><\/a><br \/>\n<span style=\"font-size: xx-small;\">Fuente: Elaborado por AleaSoft con datos de ENTSO-E, REE y TERNA.<\/span><br \/>\n<a title=\"AleaSoft \u2013 Perfil producci\u00f3n solar fotovoltaica Europa\" href=\"https:\/\/aleasoft.com\/wp-content\/uploads\/2019\/11\/20191111-aleasoft-perfil-produccion-solar-fotovoltaica-europa.png\"><img decoding=\"async\" class=\"aligncenter\" src=\"https:\/\/aleasoft.com\/wp-content\/uploads\/2019\/11\/20191111-aleasoft-perfil-produccion-solar-fotovoltaica-europa.png\" alt=\"AleaSoft - Perfil producci\u00f3n solar fotovoltaica Europa\" width=\"740\" height=\"530\"><\/a><br \/>\n<span style=\"font-size: xx-small;\">Fuente: Elaborado por AleaSoft con datos de ENTSO-E, REE y TERNA.<\/span><\/p>\n<p>Los fuertes vientos de la semana pasada han permitido que la <strong>producci\u00f3n e\u00f3lica<\/strong> en Italia se incrementara en un 112% respecto a la anterior semana. En la pen\u00ednsula ib\u00e9rica este aumento ha sido del 52%. Mientras, en Alemania y Francia la producci\u00f3n con esta fuente renovable ha disminuido en un 31% y un 15%, respectivamente. Para esta semana, en <strong>AleaSoft<\/strong> se esperan aumentos respecto a la semana del 4 de noviembre en Alemania y bajadas tanto para la pen\u00ednsula ib\u00e9rica como para Francia.<\/p>\n<p>En los primeros 10 d\u00edas de noviembre de 2019, la producci\u00f3n e\u00f3lica ha tenido subidas interanuales importantes en varios pa\u00edses de Europa. Tal es el caso de Italia con un 132% y Espa\u00f1a con un 59%. En el resto de los pa\u00edses analizados los ascensos estuvieron entre el 14% y el 33%.<\/p>\n<p><a title=\"AleaSoft \u2013 Producci\u00f3n e\u00f3lica electricidad Europa\" href=\"https:\/\/aleasoft.com\/wp-content\/uploads\/2019\/11\/20191111-aleasoft-produccion-eolica-electricidad-europa.png\"><img decoding=\"async\" class=\"aligncenter\" src=\"https:\/\/aleasoft.com\/wp-content\/uploads\/2019\/11\/20191111-aleasoft-produccion-eolica-electricidad-europa.png\" alt=\"AleaSoft - Producci\u00f3n e\u00f3lica electricidad Europa\" width=\"740\" height=\"530\"><\/a><br \/>\n<span style=\"font-size: xx-small;\">Fuente: Elaborado por AleaSoft con datos de ENTSO-E, RTE, REN, REE y TERNA.<\/span><\/p>\n<p>La disminuci\u00f3n de las temperaturas medias en los pa\u00edses analizados, y el efecto de laboralidad del festivo del 1 de noviembre, celebrado en varios pa\u00edses del continente, causaron un aumento de la <strong>demanda el\u00e9ctrica<\/strong> en la mayor\u00eda de los pa\u00edses la semana pasada, respecto a la anterior. En Francia, la subida fue del 14%, seguido por Espa\u00f1a donde se increment\u00f3 en un 6,7%, el resto de los pa\u00edses tuvieron incrementos entre el 3,5% de Italia y el 4,8% de B\u00e9lgica. Portugal fue la excepci\u00f3n, donde la demanda fue muy similar, siendo solo en un 0,1% inferior a la semana del 28 de octubre. En <strong>AleaSoft<\/strong> se espera que durante esta semana la demanda el\u00e9ctrica aumente ligeramente en varios de los pa\u00edses analizados, a medida que contin\u00faen bajando las temperaturas.<\/p>\n<p><a title=\"AleaSoft \u2013 Demanda electricidad paises Europa\" href=\"https:\/\/aleasoft.com\/wp-content\/uploads\/2019\/11\/20191111-aleasoft-demanda-electricidad-paises-europa.png\"><img loading=\"lazy\" decoding=\"async\" class=\"aligncenter\" src=\"https:\/\/aleasoft.com\/wp-content\/uploads\/2019\/11\/20191111-aleasoft-demanda-electricidad-paises-europa.png\" alt=\"AleaSoft - Demanda electricidad paises Europa\" width=\"740\" height=\"530\"><\/a><br \/>\n<span style=\"font-size: xx-small;\">Fuente: Elaborado por AleaSoft con datos de ENTSO-E, RTE, REN, REE, TERNA, National Grid y ELIA.<\/span><\/p>\n<h3 style=\"font-size: 12pt;\">Mercados el\u00e9ctricos europeos<\/h3>\n<p>Durante la semana pasada, los precios de la mayor\u00eda de los mercados el\u00e9ctricos europeos aumentaron respecto a la semana anterior, a excepci\u00f3n de los <strong>mercados MIBEL<\/strong> de Espa\u00f1a y Portugal, que experimentaron un descenso del 12% debido a la alta producci\u00f3n con energ\u00edas renovables, principalmente e\u00f3lica y solar. En el resto de los mercados, los ascensos estuvieron entre el 0,3% del <strong>mercado IPEX<\/strong> de Italia y el 17% del <strong>mercado Nord&nbsp;Pool<\/strong> de los pa\u00edses n\u00f3rdicos. Estas subidas se deben fundamentalmente al aumento de la demanda el\u00e9ctrica provocado por el descenso de las temperaturas.<\/p>\n<p><a title=\"AleaSoft \u2013 Tabla precio mercados demanda electricidad temperatura Europa\" href=\"https:\/\/aleasoft.com\/wp-content\/uploads\/2019\/11\/20191111-aleasoft-tabla-precio-mercados-demanda-electricidad-temperatura-europa.png\"><img loading=\"lazy\" decoding=\"async\" class=\"aligncenter\" src=\"https:\/\/aleasoft.com\/wp-content\/uploads\/2019\/11\/20191111-aleasoft-tabla-precio-mercados-demanda-electricidad-temperatura-europa.png\" alt=\"AleaSoft - Tabla precio mercados demanda electricidad temperatura Europa\" width=\"740\" height=\"530\"><\/a><\/p>\n<p>En la semana que reci\u00e9n concluy\u00f3, los mercados MIBEL han promediado los precios m\u00e1s bajos de Europa, de 36,26&nbsp;\u20ac\/MWh, seguidos por los mercados <strong>EPEX&nbsp;SPOT<\/strong> que han cerrado con precios similares, entre los 43,56&nbsp;\u20ac\/MWh de los Pa\u00edses Bajos y los 43,80&nbsp;\u20ac\/MWh de Francia. Mientras que el mercado <strong>N2EX<\/strong> de Gran Breta\u00f1a, con un promedio semanal de 49,77&nbsp;\u20ac\/MWh, ha sido el mercado con los precios m\u00e1s altos durante casi toda la semana, a excepci\u00f3n del jueves 7 de noviembre donde fue desbancado por el mercado Nord&nbsp;Pool, que ese d\u00eda alcanz\u00f3 un precio promedio diario de 47,58&nbsp;\u20ac\/MWh, 0,38&nbsp;\u20ac\/MWh por encima del mercado brit\u00e1nico. Este mercado Nord&nbsp;Pool ha sido el segundo con precios m\u00e1s altos de la semana pasada, con un promedio semanal de 45,41&nbsp;\u20ac\/MWh, algo muy poco habitual en este mercado que acostumbra a ser el de los de precios m\u00e1s bajos de Europa. En tercera posici\u00f3n se situ\u00f3 el mercado IPEX, que a pesar de la alta producci\u00f3n con energ\u00eda e\u00f3lica y solar, ha tenido un ligero aumento de 0,12&nbsp;\u20ac\/MWh, cerrando la semana con un promedio de 44,07&nbsp;\u20ac\/MWh.<\/p>\n<a href='https:\/\/aleasoft.com\/es\/casos-previsiones\/ppa-y-sinergias\/' class='alea-banner-link' data-alea-gtm-event-category='banner-horizontal' data-alea-gtm-event-label='ppa'><img class='aligncenter' src='https:\/\/aleasoft.com\/wp-content\/uploads\/2021\/06\/banners_ppa_es.jpg' alt='Oferta de previsiones de precios a largo plazo para PPA' style=''\/><\/a>\n<p>Este lunes 11 de noviembre el mercado N2EX ha cerrado en 48,08&nbsp;\u20ac\/MWh y contin\u00faa siendo el mercado con el precio m\u00e1s alto, seguido del mercado italiano IPEX, que ha cerrado con 47,03&nbsp;\u20ac\/MWh. El resto de los mercados europeos analizados han cerrado con precios desde los 44,74&nbsp;\u20ac\/MWh del mercado MIBEL hasta los 41,11&nbsp;\u20ac\/MWh del mercado alem\u00e1n EPEX&nbsp;SPOT.<\/p>\n<p><a title=\"AleaSoft \u2013 Precios mercados europeos electricidad\" href=\"https:\/\/aleasoft.com\/wp-content\/uploads\/2019\/11\/20191111-aleasoft-precios-mercados-europeos-electricidad.png\"><img loading=\"lazy\" decoding=\"async\" class=\"aligncenter\" src=\"https:\/\/aleasoft.com\/wp-content\/uploads\/2019\/11\/20191111-aleasoft-precios-mercados-europeos-electricidad.png\" alt=\"AleaSoft - Precios mercados europeos electricidad\" width=\"740\" height=\"530\"><\/a><br \/>\n<span style=\"font-size: xx-small;\">Fuente: Elaborado por AleaSoft con datos de OMIE, , N2EX, IPEX y Nord Pool.<\/span><\/p>\n<h3 style=\"font-size: 12pt;\">Futuros de electricidad<\/h3>\n<p>Los precios de los mercados de futuros de electricidad para el producto del pr\u00f3ximo trimestre han tenido un comportamiento a la baja en la mayor\u00eda de los mercados el\u00e9ctricos europeos analizados por <strong>AleaSoft<\/strong>. Una vez m\u00e1s, solamente los futuros de los pa\u00edses n\u00f3rdicos, tanto en el mercado <strong>ICE<\/strong> como en el mercado <strong>NASDAQ<\/strong> presentan un comportamiento diferente, con incrementos del 3,2% en ambos casos. Para el resto de mercados, las bajadas registradas se encuentran entre el 2,1% del mercado ICE, tanto para Reino Unido como para los Pa\u00edses Bajos y el 4,0%, correspondiente al mercado <strong>OMIP<\/strong> de Espa\u00f1a y Portugal.<\/p>\n<p>En cuanto a los futuros de electricidad para el a\u00f1o 2020 el comportamiento es muy similar. Solamente los pa\u00edses n\u00f3rdicos incrementaron su precio, un 3,8% en el mercado ICE y un 3,7% en el mercado NASDAQ. Tambi\u00e9n en este caso el mayor decremento ha sido del mercado OMIP, tanto para Espa\u00f1a como para Portugal, con un 1,8%. Por otra parte, el menor cambio lo tuvo el mercado <strong>EEX<\/strong> de Italia, con una bajada del 0,9%.<\/p>\n<p><a title=\"AleaSoft \u2013 Tabla precio liquidaci\u00f3n mercados futuros electricidad Europa - Q+1 y Y+1\" href=\"https:\/\/aleasoft.com\/wp-content\/uploads\/2019\/11\/20191111-aleasoft-tabla-precio-liquidacion-mercados-futuros-electricidad-europa-q1-y-y1-.png\"><img loading=\"lazy\" decoding=\"async\" class=\"aligncenter\" src=\"https:\/\/aleasoft.com\/wp-content\/uploads\/2019\/11\/20191111-aleasoft-tabla-precio-liquidacion-mercados-futuros-electricidad-europa-q1-y-y1-.png\" alt=\"AleaSoft - Tabla precio liquidaci\u00f3n mercados futuros electricidad Europa - Q+1 y Y+1\" width=\"740\" height=\"530\"><\/a><\/p>\n<h3 style=\"font-size: 12pt;\">Brent, combustibles y CO<sub>2<\/sub><\/h3>\n<p>Los precios de los futuros de <strong>petr\u00f3leo Brent<\/strong> para el mes de enero de 2020 en el <strong>mercado ICE<\/strong>, despu\u00e9s del descenso del 1,9% producido el mi\u00e9rcoles 6 de noviembre, los \u00faltimos d\u00edas de la semana pasada recuperaron la tendencia ascendente con la que iniciaron el mes de noviembre. El jueves 7 de noviembre el precio aument\u00f3 un 0,9% respecto al mi\u00e9rcoles. El viernes el aumento fue del 0,4% respecto al d\u00eda anterior, alcanzando un valor de 62,51&nbsp;$\/bbl. Este precio es el segundo m\u00e1s elevado de la semana y de lo que va de mes, despu\u00e9s de los 62,96&nbsp;$\/bbl del martes 5 de noviembre. En los pr\u00f3ximos d\u00edas, los precios podr\u00edan volver a descender influenciados por el desarrollo del conflicto comercial entre China y Estados Unidos y porque de momento no hay se\u00f1ales de que los miembros de la OPEP+ vayan a incrementar los recortes de producci\u00f3n durante la reuni\u00f3n prevista para diciembre.<\/p>\n<p>Los precios de los futuros de <strong>gas TTF<\/strong> en el mercado ICE para el mes de diciembre, los \u00faltimos d\u00edas de la semana pasada continuaron con la tendencia descendente iniciada el mi\u00e9rcoles 6 de noviembre. El jueves y el viernes de la semana pasada se produjeron descensos diarios del 1,0% y del 1,1% respectivamente. Como consecuencia, el precio de cierre del viernes 8 de noviembre fue de 15,94&nbsp;\u20ac\/MWh.<\/p>\n<a href='https:\/\/aleasoft.com\/es\/casos-previsiones\/ppa-y-sinergias\/' class='alea-banner-link' data-alea-gtm-event-category='banner-almost-square' data-alea-gtm-event-label='ppa'><img class='alignright' src='' alt='Oferta de previsiones de precios a largo plazo para PPA' style=''\/><\/a>\n<p>Los precios de los futuros del <strong>carb\u00f3n API&nbsp;2<\/strong> en el mercado ICE para el mes de diciembre el jueves 7 de noviembre mostraron una cierta recuperaci\u00f3n, con un ascenso del 0,4% respecto al d\u00eda anterior. Pero el viernes 8 de noviembre volvieron a descender un 1,4%, alcanzando un precio de cierre de 57,10&nbsp;$\/t. Las subidas de precios de algunos d\u00edas de la semana pasada no compensaron las bajadas y el precio del viernes fue un 2,7% inferior al del viernes anterior. Por otra parte, las restricciones a la importaci\u00f3n de carb\u00f3n del gobierno chino podr\u00edan contribuir al descenso de los precios en lo que queda de a\u00f1o.<\/p>\n<p>Los precios de los futuros de <strong>derechos de emisi\u00f3n de CO<sub>2<\/sub><\/strong> en el <strong>mercado EEX<\/strong> para el contrato de referencia de diciembre de 2019, despu\u00e9s del descenso de un 2,9% del mi\u00e9rcoles 6 de noviembre, los \u00faltimos d\u00edas de la semana pasada permanecieron estables, con variaciones inferiores a 0,20&nbsp;\u20ac\/t. Los precios oscilaron entre los 24,79&nbsp;\u20ac\/t del mi\u00e9rcoles y los 24,94&nbsp;\u20ac\/t del jueves. El precio de cierre del viernes 8 de noviembre fue de 24,84&nbsp;\u20ac\/t. Esta estabilidad en los precios est\u00e1 relacionada con el aplazamiento del Brexit.<\/p>\n<p><a title=\"AleaSoft \u2013 Precios gas carb\u00f3n Brent CO2\" href=\"https:\/\/aleasoft.com\/wp-content\/uploads\/2019\/11\/20191111-aleasoft-precios-gas-carbon-brent-co2.png\"><img loading=\"lazy\" decoding=\"async\" class=\"aligncenter\" src=\"https:\/\/aleasoft.com\/wp-content\/uploads\/2019\/11\/20191111-aleasoft-precios-gas-carbon-brent-co2.png\" alt=\"AleaSoft - Precios gas carb\u00f3n Brent CO2\" width=\"740\" height=\"530\"><\/a><br \/>\n<span style=\"font-size: xx-small;\"> Fuente: Elaborado por AleaSoft con datos de ICE y EEX.<\/span><\/p>\n<p>Fuente: <strong>AleaSoft Energy Forecasting<\/strong>.<\/p>\n","protected":false},"excerpt":{"rendered":"<p>AleaSoft, 11 de noviembre de 2019. La producci\u00f3n solar y e\u00f3lica subi\u00f3 la semana pasada en los mercados del sur de Europa pero baj\u00f3 en Alemania y Francia. Por otra parte, se produjo un descenso generalizado de las temperaturas del continente que provoc\u00f3 un aumento de la demanda el\u00e9ctrica y de los precios de los [&hellip;]<\/p>\n","protected":false},"author":1,"featured_media":73844,"comment_status":"closed","ping_status":"closed","sticky":false,"template":"","format":"standard","meta":{"footnotes":""},"categories":[568],"tags":[574],"class_list":["post-78170","post","type-post","status-publish","format-standard","has-post-thumbnail","hentry","category-noticias","tag-noticias"],"yoast_head":"<!-- This site is optimized with the Yoast SEO Premium plugin v27.4 (Yoast SEO v27.5) - https:\/\/yoast.com\/product\/yoast-seo-premium-wordpress\/ -->\n<title>Suben los precios de los mercados el\u00e9ctricos europeos por el descenso de la temperatura - AleaSoft Energy Forecasting<\/title>\n<meta name=\"description\" content=\"La producci\u00f3n solar y e\u00f3lica subi\u00f3 la semana pasada en los mercados del sur de Europa pero baj\u00f3 en Alemania y Francia. Por otra parte, se produjo un descenso generalizado de las temperaturas del continente que provoc\u00f3 un aumento de la demanda el\u00e9ctrica y de los precios de los mercados el\u00e9ctricos.\" \/>\n<meta name=\"robots\" content=\"index, follow, max-snippet:-1, max-image-preview:large, max-video-preview:-1\" \/>\n<link rel=\"canonical\" href=\"https:\/\/aleasoft.com\/es\/suben-precios-mercados-electricos-europeos-descenso-temperatura\/\" \/>\n<meta property=\"og:locale\" content=\"es_ES\" \/>\n<meta property=\"og:type\" content=\"article\" \/>\n<meta property=\"og:title\" content=\"Suben los precios de los mercados el\u00e9ctricos europeos por el descenso de la temperatura\" \/>\n<meta property=\"og:description\" content=\"La producci\u00f3n solar y e\u00f3lica subi\u00f3 la semana pasada en los mercados del sur de Europa pero baj\u00f3 en Alemania y Francia. Por otra parte, se produjo un descenso generalizado de las temperaturas del continente que provoc\u00f3 un aumento de la demanda el\u00e9ctrica y de los precios de los mercados el\u00e9ctricos.\" \/>\n<meta property=\"og:url\" content=\"https:\/\/aleasoft.com\/es\/suben-precios-mercados-electricos-europeos-descenso-temperatura\/\" \/>\n<meta property=\"og:site_name\" content=\"AleaSoft Energy Forecasting\" \/>\n<meta property=\"article:publisher\" content=\"https:\/\/www.facebook.com\/AleaSoft\/\" \/>\n<meta property=\"article:published_time\" content=\"2019-11-10T23:00:00+00:00\" \/>\n<meta property=\"article:modified_time\" content=\"2022-05-18T14:19:53+00:00\" \/>\n<meta property=\"og:image\" content=\"https:\/\/aleasoft.com\/wp-content\/uploads\/2019\/11\/20191111-aleasoft-produccion-solar-fotovoltaica-termosolar-electricidad-europa.png\" \/>\n\t<meta property=\"og:image:width\" content=\"2282\" \/>\n\t<meta property=\"og:image:height\" content=\"1582\" \/>\n\t<meta property=\"og:image:type\" content=\"image\/png\" \/>\n<meta name=\"author\" content=\"AleaSoft Energy Forecasting\" \/>\n<meta name=\"twitter:card\" content=\"summary_large_image\" \/>\n<meta name=\"twitter:creator\" content=\"@AleaSoftEnergy\" \/>\n<meta name=\"twitter:site\" content=\"@AleaSoftEnergy\" \/>\n<meta name=\"twitter:label1\" content=\"Escrito por\" \/>\n\t<meta name=\"twitter:data1\" content=\"AleaSoft Energy Forecasting\" \/>\n\t<meta name=\"twitter:label2\" content=\"Tiempo de lectura\" \/>\n\t<meta name=\"twitter:data2\" content=\"9 minutos\" \/>\n<script type=\"application\/ld+json\" class=\"yoast-schema-graph\">{\"@context\":\"https:\\\/\\\/schema.org\",\"@graph\":[{\"@type\":\"Article\",\"@id\":\"https:\\\/\\\/aleasoft.com\\\/es\\\/suben-precios-mercados-electricos-europeos-descenso-temperatura\\\/#article\",\"isPartOf\":{\"@id\":\"https:\\\/\\\/aleasoft.com\\\/es\\\/suben-precios-mercados-electricos-europeos-descenso-temperatura\\\/\"},\"author\":{\"name\":\"AleaSoft Energy Forecasting\",\"@id\":\"https:\\\/\\\/aleasoft.com\\\/#\\\/schema\\\/person\\\/99ee8b0f2ecbd56ba78005c6b7864d67\"},\"headline\":\"Suben los precios de los mercados el\u00e9ctricos europeos por el descenso de la temperatura\",\"datePublished\":\"2019-11-10T23:00:00+00:00\",\"dateModified\":\"2022-05-18T14:19:53+00:00\",\"mainEntityOfPage\":{\"@id\":\"https:\\\/\\\/aleasoft.com\\\/es\\\/suben-precios-mercados-electricos-europeos-descenso-temperatura\\\/\"},\"wordCount\":1615,\"publisher\":{\"@id\":\"https:\\\/\\\/aleasoft.com\\\/#organization\"},\"image\":{\"@id\":\"https:\\\/\\\/aleasoft.com\\\/es\\\/suben-precios-mercados-electricos-europeos-descenso-temperatura\\\/#primaryimage\"},\"thumbnailUrl\":\"https:\\\/\\\/aleasoft.com\\\/wp-content\\\/uploads\\\/2019\\\/11\\\/20191111-aleasoft-european-electricity-market-prices.png\",\"keywords\":[\"noticias\"],\"articleSection\":[\"Noticias\"],\"inLanguage\":\"es\"},{\"@type\":\"WebPage\",\"@id\":\"https:\\\/\\\/aleasoft.com\\\/es\\\/suben-precios-mercados-electricos-europeos-descenso-temperatura\\\/\",\"url\":\"https:\\\/\\\/aleasoft.com\\\/es\\\/suben-precios-mercados-electricos-europeos-descenso-temperatura\\\/\",\"name\":\"Suben los precios de los mercados el\u00e9ctricos europeos por el descenso de la temperatura - AleaSoft Energy Forecasting\",\"isPartOf\":{\"@id\":\"https:\\\/\\\/aleasoft.com\\\/#website\"},\"primaryImageOfPage\":{\"@id\":\"https:\\\/\\\/aleasoft.com\\\/es\\\/suben-precios-mercados-electricos-europeos-descenso-temperatura\\\/#primaryimage\"},\"image\":{\"@id\":\"https:\\\/\\\/aleasoft.com\\\/es\\\/suben-precios-mercados-electricos-europeos-descenso-temperatura\\\/#primaryimage\"},\"thumbnailUrl\":\"https:\\\/\\\/aleasoft.com\\\/wp-content\\\/uploads\\\/2019\\\/11\\\/20191111-aleasoft-european-electricity-market-prices.png\",\"datePublished\":\"2019-11-10T23:00:00+00:00\",\"dateModified\":\"2022-05-18T14:19:53+00:00\",\"description\":\"La producci\u00f3n solar y e\u00f3lica subi\u00f3 la semana pasada en los mercados del sur de Europa pero baj\u00f3 en Alemania y Francia. Por otra parte, se produjo un descenso generalizado de las temperaturas del continente que provoc\u00f3 un aumento de la demanda el\u00e9ctrica y de los precios de los mercados el\u00e9ctricos.\",\"breadcrumb\":{\"@id\":\"https:\\\/\\\/aleasoft.com\\\/es\\\/suben-precios-mercados-electricos-europeos-descenso-temperatura\\\/#breadcrumb\"},\"inLanguage\":\"es\",\"potentialAction\":[{\"@type\":\"ReadAction\",\"target\":[\"https:\\\/\\\/aleasoft.com\\\/es\\\/suben-precios-mercados-electricos-europeos-descenso-temperatura\\\/\"]}]},{\"@type\":\"ImageObject\",\"inLanguage\":\"es\",\"@id\":\"https:\\\/\\\/aleasoft.com\\\/es\\\/suben-precios-mercados-electricos-europeos-descenso-temperatura\\\/#primaryimage\",\"url\":\"https:\\\/\\\/aleasoft.com\\\/wp-content\\\/uploads\\\/2019\\\/11\\\/20191111-aleasoft-european-electricity-market-prices.png\",\"contentUrl\":\"https:\\\/\\\/aleasoft.com\\\/wp-content\\\/uploads\\\/2019\\\/11\\\/20191111-aleasoft-european-electricity-market-prices.png\",\"width\":2303,\"height\":1606},{\"@type\":\"BreadcrumbList\",\"@id\":\"https:\\\/\\\/aleasoft.com\\\/es\\\/suben-precios-mercados-electricos-europeos-descenso-temperatura\\\/#breadcrumb\",\"itemListElement\":[{\"@type\":\"ListItem\",\"position\":1,\"name\":\"Home\",\"item\":\"https:\\\/\\\/aleasoft.com\\\/es\\\/\"},{\"@type\":\"ListItem\",\"position\":2,\"name\":\"Suben los precios de los mercados el\u00e9ctricos europeos por el descenso de la temperatura\"}]},{\"@type\":\"WebSite\",\"@id\":\"https:\\\/\\\/aleasoft.com\\\/#website\",\"url\":\"https:\\\/\\\/aleasoft.com\\\/\",\"name\":\"AleaSoft Energy Forecasting\",\"description\":\"Energy Forecasting\",\"publisher\":{\"@id\":\"https:\\\/\\\/aleasoft.com\\\/#organization\"},\"potentialAction\":[{\"@type\":\"SearchAction\",\"target\":{\"@type\":\"EntryPoint\",\"urlTemplate\":\"https:\\\/\\\/aleasoft.com\\\/?s={search_term_string}\"},\"query-input\":{\"@type\":\"PropertyValueSpecification\",\"valueRequired\":true,\"valueName\":\"search_term_string\"}}],\"inLanguage\":\"es\"},{\"@type\":\"Organization\",\"@id\":\"https:\\\/\\\/aleasoft.com\\\/#organization\",\"name\":\"AleaSoft Energy Forecasting\",\"url\":\"https:\\\/\\\/aleasoft.com\\\/\",\"logo\":{\"@type\":\"ImageObject\",\"inLanguage\":\"es\",\"@id\":\"https:\\\/\\\/aleasoft.com\\\/#\\\/schema\\\/logo\\\/image\\\/\",\"url\":\"https:\\\/\\\/aleasoft.com\\\/wp-content\\\/uploads\\\/2020\\\/01\\\/logo-alea-25.svg\",\"contentUrl\":\"https:\\\/\\\/aleasoft.com\\\/wp-content\\\/uploads\\\/2020\\\/01\\\/logo-alea-25.svg\",\"width\":7047,\"height\":1416,\"caption\":\"AleaSoft Energy Forecasting\"},\"image\":{\"@id\":\"https:\\\/\\\/aleasoft.com\\\/#\\\/schema\\\/logo\\\/image\\\/\"},\"sameAs\":[\"https:\\\/\\\/www.facebook.com\\\/AleaSoft\\\/\",\"https:\\\/\\\/x.com\\\/AleaSoftEnergy\",\"https:\\\/\\\/www.linkedin.com\\\/company\\\/aleasoft\\\/\"]},{\"@type\":\"Person\",\"@id\":\"https:\\\/\\\/aleasoft.com\\\/#\\\/schema\\\/person\\\/99ee8b0f2ecbd56ba78005c6b7864d67\",\"name\":\"AleaSoft Energy Forecasting\",\"image\":{\"@type\":\"ImageObject\",\"inLanguage\":\"es\",\"@id\":\"https:\\\/\\\/secure.gravatar.com\\\/avatar\\\/3ce8db70bda469bc8382df5990537888cf96f625c0fde5b0292ff5ab10560f88?s=96&d=mm&r=g\",\"url\":\"https:\\\/\\\/secure.gravatar.com\\\/avatar\\\/3ce8db70bda469bc8382df5990537888cf96f625c0fde5b0292ff5ab10560f88?s=96&d=mm&r=g\",\"contentUrl\":\"https:\\\/\\\/secure.gravatar.com\\\/avatar\\\/3ce8db70bda469bc8382df5990537888cf96f625c0fde5b0292ff5ab10560f88?s=96&d=mm&r=g\",\"caption\":\"AleaSoft Energy Forecasting\"},\"sameAs\":[\"http:\\\/\\\/aleasoft.com\"]}]}<\/script>\n<!-- \/ Yoast SEO Premium plugin. -->","yoast_head_json":{"title":"Suben los precios de los mercados el\u00e9ctricos europeos por el descenso de la temperatura - AleaSoft Energy Forecasting","description":"La producci\u00f3n solar y e\u00f3lica subi\u00f3 la semana pasada en los mercados del sur de Europa pero baj\u00f3 en Alemania y Francia. Por otra parte, se produjo un descenso generalizado de las temperaturas del continente que provoc\u00f3 un aumento de la demanda el\u00e9ctrica y de los precios de los mercados el\u00e9ctricos.","robots":{"index":"index","follow":"follow","max-snippet":"max-snippet:-1","max-image-preview":"max-image-preview:large","max-video-preview":"max-video-preview:-1"},"canonical":"https:\/\/aleasoft.com\/es\/suben-precios-mercados-electricos-europeos-descenso-temperatura\/","og_locale":"es_ES","og_type":"article","og_title":"Suben los precios de los mercados el\u00e9ctricos europeos por el descenso de la temperatura","og_description":"La producci\u00f3n solar y e\u00f3lica subi\u00f3 la semana pasada en los mercados del sur de Europa pero baj\u00f3 en Alemania y Francia. Por otra parte, se produjo un descenso generalizado de las temperaturas del continente que provoc\u00f3 un aumento de la demanda el\u00e9ctrica y de los precios de los mercados el\u00e9ctricos.","og_url":"https:\/\/aleasoft.com\/es\/suben-precios-mercados-electricos-europeos-descenso-temperatura\/","og_site_name":"AleaSoft Energy Forecasting","article_publisher":"https:\/\/www.facebook.com\/AleaSoft\/","article_published_time":"2019-11-10T23:00:00+00:00","article_modified_time":"2022-05-18T14:19:53+00:00","og_image":[{"width":2282,"height":1582,"url":"https:\/\/aleasoft.com\/wp-content\/uploads\/2019\/11\/20191111-aleasoft-produccion-solar-fotovoltaica-termosolar-electricidad-europa.png","type":"image\/png"}],"author":"AleaSoft Energy Forecasting","twitter_card":"summary_large_image","twitter_creator":"@AleaSoftEnergy","twitter_site":"@AleaSoftEnergy","twitter_misc":{"Escrito por":"AleaSoft Energy Forecasting","Tiempo de lectura":"9 minutos"},"schema":{"@context":"https:\/\/schema.org","@graph":[{"@type":"Article","@id":"https:\/\/aleasoft.com\/es\/suben-precios-mercados-electricos-europeos-descenso-temperatura\/#article","isPartOf":{"@id":"https:\/\/aleasoft.com\/es\/suben-precios-mercados-electricos-europeos-descenso-temperatura\/"},"author":{"name":"AleaSoft Energy Forecasting","@id":"https:\/\/aleasoft.com\/#\/schema\/person\/99ee8b0f2ecbd56ba78005c6b7864d67"},"headline":"Suben los precios de los mercados el\u00e9ctricos europeos por el descenso de la temperatura","datePublished":"2019-11-10T23:00:00+00:00","dateModified":"2022-05-18T14:19:53+00:00","mainEntityOfPage":{"@id":"https:\/\/aleasoft.com\/es\/suben-precios-mercados-electricos-europeos-descenso-temperatura\/"},"wordCount":1615,"publisher":{"@id":"https:\/\/aleasoft.com\/#organization"},"image":{"@id":"https:\/\/aleasoft.com\/es\/suben-precios-mercados-electricos-europeos-descenso-temperatura\/#primaryimage"},"thumbnailUrl":"https:\/\/aleasoft.com\/wp-content\/uploads\/2019\/11\/20191111-aleasoft-european-electricity-market-prices.png","keywords":["noticias"],"articleSection":["Noticias"],"inLanguage":"es"},{"@type":"WebPage","@id":"https:\/\/aleasoft.com\/es\/suben-precios-mercados-electricos-europeos-descenso-temperatura\/","url":"https:\/\/aleasoft.com\/es\/suben-precios-mercados-electricos-europeos-descenso-temperatura\/","name":"Suben los precios de los mercados el\u00e9ctricos europeos por el descenso de la temperatura - AleaSoft Energy Forecasting","isPartOf":{"@id":"https:\/\/aleasoft.com\/#website"},"primaryImageOfPage":{"@id":"https:\/\/aleasoft.com\/es\/suben-precios-mercados-electricos-europeos-descenso-temperatura\/#primaryimage"},"image":{"@id":"https:\/\/aleasoft.com\/es\/suben-precios-mercados-electricos-europeos-descenso-temperatura\/#primaryimage"},"thumbnailUrl":"https:\/\/aleasoft.com\/wp-content\/uploads\/2019\/11\/20191111-aleasoft-european-electricity-market-prices.png","datePublished":"2019-11-10T23:00:00+00:00","dateModified":"2022-05-18T14:19:53+00:00","description":"La producci\u00f3n solar y e\u00f3lica subi\u00f3 la semana pasada en los mercados del sur de Europa pero baj\u00f3 en Alemania y Francia. Por otra parte, se produjo un descenso generalizado de las temperaturas del continente que provoc\u00f3 un aumento de la demanda el\u00e9ctrica y de los precios de los mercados el\u00e9ctricos.","breadcrumb":{"@id":"https:\/\/aleasoft.com\/es\/suben-precios-mercados-electricos-europeos-descenso-temperatura\/#breadcrumb"},"inLanguage":"es","potentialAction":[{"@type":"ReadAction","target":["https:\/\/aleasoft.com\/es\/suben-precios-mercados-electricos-europeos-descenso-temperatura\/"]}]},{"@type":"ImageObject","inLanguage":"es","@id":"https:\/\/aleasoft.com\/es\/suben-precios-mercados-electricos-europeos-descenso-temperatura\/#primaryimage","url":"https:\/\/aleasoft.com\/wp-content\/uploads\/2019\/11\/20191111-aleasoft-european-electricity-market-prices.png","contentUrl":"https:\/\/aleasoft.com\/wp-content\/uploads\/2019\/11\/20191111-aleasoft-european-electricity-market-prices.png","width":2303,"height":1606},{"@type":"BreadcrumbList","@id":"https:\/\/aleasoft.com\/es\/suben-precios-mercados-electricos-europeos-descenso-temperatura\/#breadcrumb","itemListElement":[{"@type":"ListItem","position":1,"name":"Home","item":"https:\/\/aleasoft.com\/es\/"},{"@type":"ListItem","position":2,"name":"Suben los precios de los mercados el\u00e9ctricos europeos por el descenso de la temperatura"}]},{"@type":"WebSite","@id":"https:\/\/aleasoft.com\/#website","url":"https:\/\/aleasoft.com\/","name":"AleaSoft Energy Forecasting","description":"Energy Forecasting","publisher":{"@id":"https:\/\/aleasoft.com\/#organization"},"potentialAction":[{"@type":"SearchAction","target":{"@type":"EntryPoint","urlTemplate":"https:\/\/aleasoft.com\/?s={search_term_string}"},"query-input":{"@type":"PropertyValueSpecification","valueRequired":true,"valueName":"search_term_string"}}],"inLanguage":"es"},{"@type":"Organization","@id":"https:\/\/aleasoft.com\/#organization","name":"AleaSoft Energy Forecasting","url":"https:\/\/aleasoft.com\/","logo":{"@type":"ImageObject","inLanguage":"es","@id":"https:\/\/aleasoft.com\/#\/schema\/logo\/image\/","url":"https:\/\/aleasoft.com\/wp-content\/uploads\/2020\/01\/logo-alea-25.svg","contentUrl":"https:\/\/aleasoft.com\/wp-content\/uploads\/2020\/01\/logo-alea-25.svg","width":7047,"height":1416,"caption":"AleaSoft Energy Forecasting"},"image":{"@id":"https:\/\/aleasoft.com\/#\/schema\/logo\/image\/"},"sameAs":["https:\/\/www.facebook.com\/AleaSoft\/","https:\/\/x.com\/AleaSoftEnergy","https:\/\/www.linkedin.com\/company\/aleasoft\/"]},{"@type":"Person","@id":"https:\/\/aleasoft.com\/#\/schema\/person\/99ee8b0f2ecbd56ba78005c6b7864d67","name":"AleaSoft Energy Forecasting","image":{"@type":"ImageObject","inLanguage":"es","@id":"https:\/\/secure.gravatar.com\/avatar\/3ce8db70bda469bc8382df5990537888cf96f625c0fde5b0292ff5ab10560f88?s=96&d=mm&r=g","url":"https:\/\/secure.gravatar.com\/avatar\/3ce8db70bda469bc8382df5990537888cf96f625c0fde5b0292ff5ab10560f88?s=96&d=mm&r=g","contentUrl":"https:\/\/secure.gravatar.com\/avatar\/3ce8db70bda469bc8382df5990537888cf96f625c0fde5b0292ff5ab10560f88?s=96&d=mm&r=g","caption":"AleaSoft Energy Forecasting"},"sameAs":["http:\/\/aleasoft.com"]}]}},"_links":{"self":[{"href":"https:\/\/aleasoft.com\/es\/wp-json\/wp\/v2\/posts\/78170","targetHints":{"allow":["GET"]}}],"collection":[{"href":"https:\/\/aleasoft.com\/es\/wp-json\/wp\/v2\/posts"}],"about":[{"href":"https:\/\/aleasoft.com\/es\/wp-json\/wp\/v2\/types\/post"}],"author":[{"embeddable":true,"href":"https:\/\/aleasoft.com\/es\/wp-json\/wp\/v2\/users\/1"}],"replies":[{"embeddable":true,"href":"https:\/\/aleasoft.com\/es\/wp-json\/wp\/v2\/comments?post=78170"}],"version-history":[{"count":0,"href":"https:\/\/aleasoft.com\/es\/wp-json\/wp\/v2\/posts\/78170\/revisions"}],"wp:featuredmedia":[{"embeddable":true,"href":"https:\/\/aleasoft.com\/es\/wp-json\/wp\/v2\/media\/73844"}],"wp:attachment":[{"href":"https:\/\/aleasoft.com\/es\/wp-json\/wp\/v2\/media?parent=78170"}],"wp:term":[{"taxonomy":"category","embeddable":true,"href":"https:\/\/aleasoft.com\/es\/wp-json\/wp\/v2\/categories?post=78170"},{"taxonomy":"post_tag","embeddable":true,"href":"https:\/\/aleasoft.com\/es\/wp-json\/wp\/v2\/tags?post=78170"}],"curies":[{"name":"wp","href":"https:\/\/api.w.org\/{rel}","templated":true}]}}