{"id":78174,"date":"2019-11-14T00:00:00","date_gmt":"2019-11-13T23:00:00","guid":{"rendered":"https:\/\/aleasoft.com\/continua-aumento-precios-mercados-electricos-por-bajada-temperaturas-renovables\/"},"modified":"2022-05-18T16:26:28","modified_gmt":"2022-05-18T14:26:28","slug":"continua-aumento-precios-mercados-electricos-por-bajada-temperaturas-renovables","status":"publish","type":"post","link":"https:\/\/aleasoft.com\/es\/continua-aumento-precios-mercados-electricos-por-bajada-temperaturas-renovables\/","title":{"rendered":"Contin\u00faan subiendo los precios de los mercados el\u00e9ctricos por bajada de temperaturas y renovables"},"content":{"rendered":"<p><strong>AleaSoft, 14 de noviembre de 2019. Esta semana la producci\u00f3n solar ha bajado en gran parte de Europa. En el caso de la e\u00f3lica, tambi\u00e9n se han producido descensos en la pen\u00ednsula ib\u00e9rica, aunque en el resto de Europa ha aumentado. El descenso de la producci\u00f3n renovable se ha sumado a la ca\u00edda generalizada de las temperaturas, que ha hecho aumentar la demanda de electricidad europea, provocando el aumento de los precios en gran parte del continente. El mercado ib\u00e9rico ha sido el de mayor aumento en los precios lo que va de semana.<\/strong><\/p>\n<h3 style=\"font-size: 12pt;\">Producci\u00f3n solar fotovoltaica y termosolar, producci\u00f3n e\u00f3lica y demanda el\u00e9ctrica<\/h3>\n<p>Esta semana la producci\u00f3n solar ha disminuido en la mayor\u00eda de los mercados europeos analizados respecto a los valores medios de la semana pasada, salvo en Francia donde se registr\u00f3 un aumento del 11%. En Italia hubo un retroceso del 39%, y en Alemania del 17%. Seg\u00fan las <strong>previsiones de AleaSoft<\/strong>, al finalizar esta semana en estos dos mercados la producci\u00f3n habr\u00e1 descendido respecto a la de la semana pasada, lo que contabilizar\u00eda la sexta semana de ca\u00eddas en Alemania.<\/p>\n<p>En los d\u00edas transcurridos de noviembre, resalta el aumento interanual en la pen\u00ednsula ib\u00e9rica, de un 44%. En el caso de Francia la producci\u00f3n ha estado un 5,4% por encima. Por otra parte, Italia y Alemania han tenidos descensos del 2,0% y 14% respectivamente.<\/p>\n<p><a title=\"AleaSoft \u2013 Producci\u00f3n solar fotovoltaica termosolar electricidad Europa\" href=\"https:\/\/aleasoft.com\/wp-content\/uploads\/2019\/11\/20191114-aleasoft-produccion-solar-fotovoltaica-termosolar-electricidad-europa.png\"><img fetchpriority=\"high\" decoding=\"async\" class=\"aligncenter\" src=\"https:\/\/aleasoft.com\/wp-content\/uploads\/2019\/11\/20191114-aleasoft-produccion-solar-fotovoltaica-termosolar-electricidad-europa.png\" alt=\"AleaSoft - Producci\u00f3n solar fotovoltaica termosolar electricidad Europa\" width=\"740\" height=\"530\"><\/a><br \/>\n<span style=\"font-size: xx-small;\">Fuentes: Elaborado por AleaSoft con datos de ENTSO-E, RTE, REN, REE y TERNA.<\/span><br \/>\n<a title=\"AleaSoft \u2013 Perfil producci\u00f3n solar fotovoltaica Europa\" href=\"https:\/\/aleasoft.com\/wp-content\/uploads\/2019\/11\/20191114-aleasoft-perfil-produccion-solar-fotovoltaica-europa-scaled.png\"><img decoding=\"async\" class=\"aligncenter\" src=\"https:\/\/aleasoft.com\/wp-content\/uploads\/2019\/11\/20191114-aleasoft-perfil-produccion-solar-fotovoltaica-europa-scaled.png\" alt=\"AleaSoft - Perfil producci\u00f3n solar fotovoltaica Europa\" width=\"740\" height=\"530\"><\/a><br \/>\n<span style=\"font-size: xx-small;\">Fuentes: Elaborado por AleaSoft con datos de ENTSO-E, RTE, REN, REE y TERNA.<\/span><\/p>\n<p>En lo que va de semana la <strong>producci\u00f3n e\u00f3lica<\/strong> de Alemania ha tenido una recuperaci\u00f3n del 107% respecto al promedio de la semana pasada. Se ha registrado una subida del 26% en Francia y del 6,9% en Italia. Este \u00faltimo mercado lleva una racha creciente por quinta semana consecutiva.<\/p>\n<p>De la misma manera, en Alemania se ha registrado un incremento interanual del 7,3%, durante los primeros trece d\u00edas de noviembre. En Italia contin\u00faa aumentando la producci\u00f3n interanual de forma significativa, en este caso un 247%. En estas subidas tambi\u00e9n se incluyen Francia y Portugal, con variaciones del 20% y 46% respectivamente.<\/p>\n<p>El viernes 8 de noviembre se otorg\u00f3 un total de 1&nbsp;GW de capacidad para proyectos de producci\u00f3n con renovables en Italia, seg\u00fan public\u00f3 Terna, acerca de la <strong>subasta del mercado de capacidad<\/strong> para 2022. Una segunda subasta, que cubrir\u00e1 2023, se efectuar\u00e1 el jueves 28 de noviembre.<\/p>\n<p><a title=\"AleaSoft \u2013 Producci\u00f3n e\u00f3lica electricidad Europa\" href=\"https:\/\/aleasoft.com\/wp-content\/uploads\/2019\/11\/20191114-aleasoft-produccion-eolica-electricidad-europa.png\"><img decoding=\"async\" class=\"aligncenter\" src=\"https:\/\/aleasoft.com\/wp-content\/uploads\/2019\/11\/20191114-aleasoft-produccion-eolica-electricidad-europa.png\" alt=\"AleaSoft - Producci\u00f3n e\u00f3lica electricidad Europa\" width=\"740\" height=\"530\"><\/a><br \/>\n<span style=\"font-size: xx-small;\">Fuentes: Elaborado por AleaSoft con datos de ENTSO-E, RTE, REN, REE y TERNA.<\/span><\/p>\n<p>La <strong>demanda el\u00e9ctrica<\/strong> baj\u00f3 un 4,9% en B\u00e9lgica en los primeros tres d\u00edas de esta semana, debido al efecto de laboralidad del festivo del 11 de noviembre. Dicho festivo tambi\u00e9n se celebra en Francia, pero su efecto se vio compensado por las temperaturas medias que han descendido 3,7&nbsp;\u00b0C&nbsp;en lo que va de semana respecto al mismo per\u00edodo de d\u00edas de la semana pasada, teniendo como consecuencia que la demanda aumentara en un 11%. Portugal, Italia y Alemania tuvieron aumentos porcentuales cercanos, de 4,2%, 4,8% y 4,9% respectivamente. En <strong>AleaSoft<\/strong> se espera, que para la pr\u00f3xima semana la demanda el\u00e9ctrica disminuya en Italia y Alemania, mientras que en el resto de los pa\u00edses analizados aumente ligeramente.<\/p>\n<p><a title=\"AleaSoft \u2013 Demanda electricidad pa\u00edses Europa\" href=\"https:\/\/aleasoft.com\/wp-content\/uploads\/2019\/11\/20191114-aleasoft-demanda-electricidad-paises-europa.png\"><img loading=\"lazy\" decoding=\"async\" class=\"aligncenter\" src=\"https:\/\/aleasoft.com\/wp-content\/uploads\/2019\/11\/20191114-aleasoft-demanda-electricidad-paises-europa.png\" alt=\"AleaSoft - Demanda electricidad pa\u00edses Europa\" width=\"740\" height=\"530\"><\/a><br \/>\n<span style=\"font-size: xx-small;\">Fuente: Elaborado por AleaSoft con datos de ENTSO-E, RTE, REN, REE, TERNA, National Grid y ELIA.<\/span><\/p>\n<h3 style=\"font-size: 12pt;\">Espa\u00f1a peninsular, producci\u00f3n solar fotovoltaica y termosolar y producci\u00f3n e\u00f3lica<\/h3>\n<p>La <strong>producci\u00f3n solar<\/strong> de Espa\u00f1a, que comprende a las tecnolog\u00edas <strong>fotovoltaica<\/strong> y <strong>termosolar<\/strong>, ha descendido en un 22% desde el lunes de esta semana hasta ayer mi\u00e9rcoles, respecto a la media de la semana pasada. El lunes 11 de noviembre se registr\u00f3 una producci\u00f3n diaria de 10&nbsp;GWh, que representa el m\u00ednimo desde marzo de 2019. Sin embargo, durante los d\u00edas que han transcurrido de este mes hasta ayer 13 de noviembre, en Espa\u00f1a se ha alcanzado un incremento interanual del 45%.<\/p>\n<p>Los valores medios de la <strong>producci\u00f3n e\u00f3lica<\/strong>, en lo que va de semana, han sido inferiores a los de la semana pasada en el territorio peninsular espa\u00f1ol. Despu\u00e9s de las subidas consecutivas de la media de generaci\u00f3n en las \u00faltimas dos semanas, en estos tres primeros d\u00edas de la semana la ca\u00edda ha sido del 19%. En 2019 ha habido un incremento del 67%, en cuanto a la comparaci\u00f3n interanual de los primeros 13 d\u00edas de noviembre.<\/p>\n<a href='https:\/\/aleasoft.com\/es\/casos-previsiones\/ppa-y-sinergias\/' class='alea-banner-link' data-alea-gtm-event-category='banner-horizontal' data-alea-gtm-event-label='ppa'><img class='aligncenter' src='https:\/\/aleasoft.com\/wp-content\/uploads\/2021\/06\/banners_ppa_es.jpg' alt='Oferta de previsiones de precios a largo plazo para PPA' style=''\/><\/a>\n<p>Esta semana la <strong>demanda el\u00e9ctrica<\/strong> de Espa\u00f1a peninsular <a style=\"color: #0047c8;\" href=\"https:\/\/aleasoft.com\/es\/produccion-renovable-europea-hace-bajar-precios-principales-mercados-electricos\/\">ha continuado aumentando<\/a>. El incremento ha sido del 7,4% de lunes a mi\u00e9rcoles de esta semana respecto al mismo per\u00edodo de la semana pasada. Esto se debe principalmente al descenso en 2,6&nbsp;\u00b0C&nbsp;de las temperaturas medias en lo que va de semana.<\/p>\n<p>El reactor n\u00famero II de la <strong>central nuclear<\/strong> de Almaraz se encuentra actualmente en modo de arranque, mientras que la central de Cofrentes contin\u00faa parada por recarga de combustible. La central de Vandell\u00f3s est\u00e1 en parada por recarga de combustible desde el s\u00e1bado 9 de noviembre. Esto ha provocado una disminuci\u00f3n de la <strong>producci\u00f3n nuclear<\/strong> media del 14%, en los primeros tres d\u00edas de esta semana respecto a al mismo per\u00edodo de la semana anterior.<\/p>\n<p>El Pleno del Consejo de Seguridad Nuclear (CSN) ha aprobado en su reuni\u00f3n del mi\u00e9rcoles 13 noviembre, un criterio unificado para \u201cestablecer la fecha de inicio de la vida de dise\u00f1o y del per\u00edodo de la operaci\u00f3n a largo plazo, de las centrales nucleares espa\u00f1olas\u201d. El criterio acordado ha determinado que el momento inicial para contar los 40 a\u00f1os de vida de dise\u00f1o de las centrales nucleares debe tomarse desde la fecha de la primera conexi\u00f3n a la red el\u00e9ctrica.<\/p>\n<p>Con el nuevo criterio unificado del CSN, Almaraz&nbsp;I cumplir\u00e1 sus 40 a\u00f1os en 2020. En el caso de Asc\u00f3&nbsp;I ser\u00e1 en 2022, Almaraz&nbsp;II en 2023, y Asc\u00f3&nbsp;II y Cofrentes, en 2024. Por otro lado, Trillo y Vandell\u00f3s&nbsp;II se pusieron en marcha hace 32 a\u00f1os.<\/p>\n<p><a title=\"AleaSoft \u2013 Balance diario electricidad Espa\u00f1a demanda producci\u00f3n\" href=\"https:\/\/aleasoft.com\/wp-content\/uploads\/2019\/11\/20191114-aleasoft-balance-diario-electricidad-espaa-demanda-produccion.png\"><img loading=\"lazy\" decoding=\"async\" class=\"aligncenter\" src=\"https:\/\/aleasoft.com\/wp-content\/uploads\/2019\/11\/20191114-aleasoft-balance-diario-electricidad-espaa-demanda-produccion.png\" alt=\"AleaSoft - Balance diario electricidad Espa\u00f1a demanda producci\u00f3n\" width=\"740\" height=\"530\"><\/a><br \/>\n<span style=\"font-size: xx-small;\">Fuentes: Elaborado por AleaSoft con datos de REE.<\/span><\/p>\n<p>Las <strong>reservas hidroel\u00e9ctricas<\/strong> han aumentado un 1,2% seg\u00fan datos del \u00faltimo Bolet\u00edn Hidrol\u00f3gico del Ministerio para la Transici\u00f3n Ecol\u00f3gica. Actualmente el nivel est\u00e1 en los 8172&nbsp;GWh, lo que constituye un 36% de la capacidad total.<\/p>\n<h3 style=\"font-size: 12pt;\">Mercados el\u00e9ctricos europeos<\/h3>\n<a href='https:\/\/aleasoft.com\/es\/casos-previsiones\/ppa-y-sinergias\/' class='alea-banner-link' data-alea-gtm-event-category='banner-almost-square' data-alea-gtm-event-label='ppa'><img class='alignright' src='' alt='Oferta de previsiones de precios a largo plazo para PPA' style=''\/><\/a>\n<p>En lo que va de semana el precio promedio de la mayor\u00eda de los mercados el\u00e9ctricos europeos ha aumentado respecto al mismo per\u00edodo de la semana pasada, con las excepciones del <strong>mercado Nord&nbsp;Pool<\/strong> de los pa\u00edses n\u00f3rdicos y el <strong>mercado EPEX&nbsp;SPOT<\/strong> de Alemania, que tuvieron decrementos del 5,5% y del 0,1% respectivamente. El resto de pa\u00edses han presentado incrementos de entre el 0,4% del <strong>mercado EPEX&nbsp;SPOT<\/strong> de los Pa\u00edses Bajos y el 35% del <strong>mercado MIBEL<\/strong> de Espa\u00f1a. El aumento de la demanda en gran parte de Europa por un descenso generalizado en las temperaturas durante los tres primeros d\u00edas de esta semana, en conjunto con el retroceso de la producci\u00f3n solar y e\u00f3lica en algunos mercados, ha propiciado el comportamiento al alza de los precios de la electricidad.<\/p>\n<p>Durante los primeros cuatro d\u00edas de esta semana, los precios de los mercados han estado en el rango de los 43&nbsp;\u20ac\/MWh a los 53&nbsp;\u20ac\/MWh. La distribuci\u00f3n habitual de los mercados en dos grupos seg\u00fan su precio esta semana no se ha cumplido del todo. El <strong>mercado Nord&nbsp;Pool<\/strong> de los pa\u00edses n\u00f3rdicos, con un promedio de 43,61&nbsp;\u20ac\/MWh, ha recuperado su posici\u00f3n como el mercado de menor precio de Europa, seguido por los mercados EPEX&nbsp;SPOT de Alemania con 43,93&nbsp;\u20ac\/MWh y el de los Pa\u00edses Bajos con 44,01&nbsp;\u20ac\/MWh. Por otra parte, el mercado <strong>N2EX<\/strong> de Gran Breta\u00f1a, correspondiente al grupo con precios m\u00e1s altos, ha encabezado esta lista con un precio promedio de 52,82&nbsp;\u20ac\/MWh, seguido en segundo lugar por los 51,85&nbsp;\u20ac\/MWh del mercado italiano <strong>IPEX<\/strong>. Los mercados EPEX&nbsp;SPOT de Francia y B\u00e9lgica que pertenecen al grupo de precios m\u00e1s bajos han ocupado el tercer y cuarto lugar con los precios m\u00e1s elevados, cerrando con promedios de 50,64&nbsp;\u20ac\/MWh y 48,37&nbsp;\u20ac\/MWh, respectivamente.<\/p>\n<p><a title=\"AleaSoft \u2013 Precios mercados europeos electricidad\" href=\"https:\/\/aleasoft.com\/wp-content\/uploads\/2019\/11\/20191114-aleasoft-precios-mercados-europeos-electricidad.png\"><img loading=\"lazy\" decoding=\"async\" class=\"aligncenter\" src=\"https:\/\/aleasoft.com\/wp-content\/uploads\/2019\/11\/20191114-aleasoft-precios-mercados-europeos-electricidad.png\" alt=\"AleaSoft - Precios mercados europeos electricidad\" width=\"740\" height=\"530\"><\/a><br \/>\n<span style=\"font-size: xx-small;\">Fuente: Elaborado por AleaSoft con datos de OMIE, , N2EX, IPEX y Nord Pool.<\/span><\/p>\n<h3 style=\"font-size: 12pt;\">Mercado Ib\u00e9rico<\/h3>\n<p>En el mercado MIBEL el precio promedio de los cuatro primeros d\u00edas de esta semana ha sido de 46,63&nbsp;\u20ac\/MWh para el polo espa\u00f1ol y 46,38&nbsp;\u20ac\/MWh para el portugu\u00e9s. Con incrementos del 35% y 34%, para Espa\u00f1a y Portugal respectivamente, han ocupado el quinto y sexto lugar en el rankings de los mercados con los precios m\u00e1s altos de Europa. Esta semana el MIBEL se ha mantenido entre los 45&nbsp;\u20ac\/MWh y los 48&nbsp;\u20ac\/MWh.<\/p>\n<p>Desde el lunes 11 de noviembre hasta hoy jueves 14 de noviembre, los precios promedios diarios del mercado MIBEL, tanto para Espa\u00f1a como para Portugal, se han ido incrementando respecto a los mismos d\u00edas de la semana pasada, con una variaci\u00f3n aproximada que va desde los 18&nbsp;\u20ac\/MWh del martes 12 hasta los 6&nbsp;\u20ac\/MWh de este jueves. Este incremento en los precios se corresponde con el descenso en la producci\u00f3n e\u00f3lica y solar que se vienen experimentando desde inicios de esta semana, conjuntamente con los aumentos de la demanda por las bajas temperaturas que se han comenzado a registrar desde mediados de la semana pasada en ambos pa\u00edses.<\/p>\n<h3 style=\"font-size: 12pt;\">Futuros de electricidad<\/h3>\n<p>El precio de los <strong>futuros de electricidad<\/strong> para el primer trimestre de 2020 ha experimentado una bajada generalizada en todos los mercados analizados por <strong>AleaSoft<\/strong>. Con diferencias de entre el \u20111,1% y el \u20112,4%, todos los mercados han reducido su precio para este producto en aproximadamente 1,0&nbsp;\u20ac\/MWh como promedio general. El <strong>mercado EEX<\/strong> de Alemania fue el de menor cambio, mientras que el <strong>mercado ICE<\/strong> de los pa\u00edses n\u00f3rdicos registr\u00f3 la mayor bajada, en t\u00e9rminos porcentuales.<\/p>\n<p>En el caso de los futuros de electricidad para el pr\u00f3ximo a\u00f1o ha ocurrido un fen\u00f3meno similar. El precio de todos los mercados se ha reducido. En este producto son los pa\u00edses n\u00f3rdicos los que menos redujeron su precio. Concretamente en el mercado <strong>NASDAQ<\/strong> se registr\u00f3 la menor bajada, de un 0,9%. La mayor variaci\u00f3n de precio para el futuro del 2020 la tuvo el mercado ICE de Reino Unido, con un 2,0%.<\/p>\n<p><a title=\"AleaSoft \u2013 Tabla precio liquidaci\u00f3n mercados futuros electricidad Europa - Q+1 y Y+1\" href=\"https:\/\/aleasoft.com\/wp-content\/uploads\/2019\/11\/20191114-aleasoft-tabla-precio-liquidacion-mercados-futuros-electricidad-europa-q1-y-y1-.png\"><img loading=\"lazy\" decoding=\"async\" class=\"aligncenter\" src=\"https:\/\/aleasoft.com\/wp-content\/uploads\/2019\/11\/20191114-aleasoft-tabla-precio-liquidacion-mercados-futuros-electricidad-europa-q1-y-y1-.png\" alt=\"AleaSoft - Tabla precio liquidaci\u00f3n mercados futuros electricidad Europa - Q+1 y Y+1\" width=\"740\" height=\"530\"><\/a><\/p>\n<h3 style=\"font-size: 12pt;\">Brent, combustibles y CO<sub>2<\/sub><\/h3>\n<p>Los precios de los futuros de <strong>petr\u00f3leo Brent<\/strong> para el mes de enero de 2020 en el <strong>mercado ICE<\/strong>, los primeros d\u00edas de esta semana han oscilado entre los 62,06&nbsp;$\/bbl del martes 12 de noviembre y los 62,37&nbsp;$\/bbl del mi\u00e9rcoles 13 de noviembre, con variaciones diarias del 0,5% como m\u00e1ximo. La expectativa ante el desarrollo del conflicto comercial entre China y Estados Unidos y los resultados de la reuni\u00f3n de la OPEP+, que se ha de celebrar a principios de diciembre, est\u00e1 detr\u00e1s de este comportamiento relativamente estable.<\/p>\n<p>Existe la preocupaci\u00f3n sobre si China y Estados Unidos llegar\u00e1n a un acuerdo antes del 15 de diciembre, cuando entrar\u00edan en vigor nuevos aranceles a las importaciones impuestos por Estados Unidos. Por otra parte, tambi\u00e9n preocupa la posibilidad de que el gobierno de Estados Unidos establezca nuevos aranceles a las importaciones procedentes del sector automovil\u00edstico europeo. El desarrollo de la pol\u00edtica arancelaria de Estados Unidos ejercer\u00e1 su influencia sobre la evoluci\u00f3n de los precios en las pr\u00f3ximas semanas. Sin embargo, un descenso en las reservas de crudo de Estados Unidos durante la \u00faltima semana, podr\u00eda provocar un aumento de precios en los pr\u00f3ximos d\u00edas.<\/p>\n<p>Los precios de los futuros de <strong>gas TTF<\/strong> en el mercado ICE para el mes de diciembre los primeros d\u00edas de esta semana han continuado con la tendencia descendente iniciada el mi\u00e9rcoles de la semana pasada. Como consecuencia de este comportamiento, ayer mi\u00e9rcoles 13 de noviembre el precio de cierre fue de 15,45&nbsp;\u20ac\/MWh, inferior en un 5,1% al del mi\u00e9rcoles 6 de noviembre.<\/p>\n<p>Los futuros del <strong>carb\u00f3n API&nbsp;2<\/strong> en el mercado ICE para el mes de diciembre iniciaron esta semana con un precio de 56,35&nbsp;$\/t el lunes 11 de noviembre, un valor 0,75&nbsp;$\/t inferior al alcanzado el viernes 8 de noviembre. Pero el martes 12 de noviembre los precios empezaron a recuperarse aumentando en 1,0% respecto al d\u00eda anterior, hasta situarse en los 56,90&nbsp;$\/t. Ayer mi\u00e9rcoles 13 de noviembre el incremento fue inferior, de un 0,1%, y el precio de cierre fue de 56,95&nbsp;$\/t. Las amenazas de huelga en las minas de carb\u00f3n de Sud\u00e1frica han influenciando esta evoluci\u00f3n de los precios. Se espera que el desarrollo del conflicto condicione los precios del carb\u00f3n en los pr\u00f3ximos d\u00edas.<\/p>\n<p>Los precios de los futuros de <strong>derechos de emisi\u00f3n de CO<sub>2<\/sub><\/strong> en el <strong>mercado EEX<\/strong> para el contrato de referencia de diciembre de 2019, despu\u00e9s de la estabilidad mostrada desde mediados de la semana pasada, el martes 12 de noviembre descendieron en un 3,3% respecto al d\u00eda anterior, alcanzando un valor de 24,11&nbsp;\u20ac\/t, el m\u00e1s bajo en lo que va de mes. En cambio, ayer mi\u00e9rcoles 13 de noviembre, el precio de cierre volvi\u00f3 a subir hasta los 24,39&nbsp;\u20ac\/t. El descenso del martes se produjo al conocerse la noticia de los planes del gobierno alem\u00e1n sobre el cierre de centrales t\u00e9rmicas de carb\u00f3n.<\/p>\n<p><a title=\"AleaSoft \u2013 Precios gas carb\u00f3n Brent CO2\" href=\"https:\/\/aleasoft.com\/wp-content\/uploads\/2019\/11\/20191114-aleasoft-precios-gas-carbon-brent-co2.png\"><img loading=\"lazy\" decoding=\"async\" class=\"aligncenter\" src=\"https:\/\/aleasoft.com\/wp-content\/uploads\/2019\/11\/20191114-aleasoft-precios-gas-carbon-brent-co2.png\" alt=\"AleaSoft - Precios gas carb\u00f3n Brent CO2\" width=\"740\" height=\"530\"><\/a><br \/>\n<span style=\"font-size: xx-small;\">Fuente: Elaborado por AleaSoft con datos de ICE y EEX.<\/span><\/p>\n<p>Fuente: <strong>AleaSoft Energy Forecasting<\/strong>.<\/p>\n","protected":false},"excerpt":{"rendered":"<p>AleaSoft, 14 de noviembre de 2019. Esta semana la producci\u00f3n solar ha bajado en gran parte de Europa. En el caso de la e\u00f3lica, tambi\u00e9n se han producido descensos en la pen\u00ednsula ib\u00e9rica, aunque en el resto de Europa ha aumentado. El descenso de la producci\u00f3n renovable se ha sumado a la ca\u00edda generalizada de [&hellip;]<\/p>\n","protected":false},"author":1,"featured_media":74109,"comment_status":"closed","ping_status":"closed","sticky":false,"template":"","format":"standard","meta":{"footnotes":""},"categories":[568],"tags":[574],"class_list":["post-78174","post","type-post","status-publish","format-standard","has-post-thumbnail","hentry","category-noticias","tag-noticias"],"yoast_head":"<!-- This site is optimized with the Yoast SEO Premium plugin v27.4 (Yoast SEO v27.5) - https:\/\/yoast.com\/product\/yoast-seo-premium-wordpress\/ -->\n<title>Contin\u00faan subiendo los precios de los mercados el\u00e9ctricos por bajada de temperaturas y renovables - AleaSoft Energy Forecasting<\/title>\n<meta name=\"description\" content=\"Esta semana la producci\u00f3n solar ha bajado en gran parte de Europa. En el caso de la e\u00f3lica, tambi\u00e9n se han producido descensos en la pen\u00ednsula ib\u00e9rica, aunque en el resto de Europa ha aumentado.\" \/>\n<meta name=\"robots\" content=\"index, follow, max-snippet:-1, max-image-preview:large, max-video-preview:-1\" \/>\n<link rel=\"canonical\" href=\"https:\/\/aleasoft.com\/es\/continua-aumento-precios-mercados-electricos-por-bajada-temperaturas-renovables\/\" \/>\n<meta property=\"og:locale\" content=\"es_ES\" \/>\n<meta property=\"og:type\" content=\"article\" \/>\n<meta property=\"og:title\" content=\"Contin\u00faan subiendo los precios de los mercados el\u00e9ctricos por bajada de temperaturas y renovables\" \/>\n<meta property=\"og:description\" content=\"Esta semana la producci\u00f3n solar ha bajado en gran parte de Europa. En el caso de la e\u00f3lica, tambi\u00e9n se han producido descensos en la pen\u00ednsula ib\u00e9rica, aunque en el resto de Europa ha aumentado.\" \/>\n<meta property=\"og:url\" content=\"https:\/\/aleasoft.com\/es\/continua-aumento-precios-mercados-electricos-por-bajada-temperaturas-renovables\/\" \/>\n<meta property=\"og:site_name\" content=\"AleaSoft Energy Forecasting\" \/>\n<meta property=\"article:publisher\" content=\"https:\/\/www.facebook.com\/AleaSoft\/\" \/>\n<meta property=\"article:published_time\" content=\"2019-11-13T23:00:00+00:00\" \/>\n<meta property=\"article:modified_time\" content=\"2022-05-18T14:26:28+00:00\" \/>\n<meta property=\"og:image\" content=\"https:\/\/aleasoft.com\/wp-content\/uploads\/2019\/11\/20191118-aleasoft-european-electricity-market-prices.png\" \/>\n\t<meta property=\"og:image:width\" content=\"2282\" \/>\n\t<meta property=\"og:image:height\" content=\"1582\" \/>\n\t<meta property=\"og:image:type\" content=\"image\/png\" \/>\n<meta name=\"author\" content=\"AleaSoft Energy Forecasting\" \/>\n<meta name=\"twitter:card\" content=\"summary_large_image\" \/>\n<meta name=\"twitter:creator\" content=\"@AleaSoftEnergy\" \/>\n<meta name=\"twitter:site\" content=\"@AleaSoftEnergy\" \/>\n<meta name=\"twitter:label1\" content=\"Escrito por\" \/>\n\t<meta name=\"twitter:data1\" content=\"AleaSoft Energy Forecasting\" \/>\n\t<meta name=\"twitter:label2\" content=\"Tiempo de lectura\" \/>\n\t<meta name=\"twitter:data2\" content=\"11 minutos\" \/>\n<script type=\"application\/ld+json\" class=\"yoast-schema-graph\">{\"@context\":\"https:\\\/\\\/schema.org\",\"@graph\":[{\"@type\":\"Article\",\"@id\":\"https:\\\/\\\/aleasoft.com\\\/es\\\/continua-aumento-precios-mercados-electricos-por-bajada-temperaturas-renovables\\\/#article\",\"isPartOf\":{\"@id\":\"https:\\\/\\\/aleasoft.com\\\/es\\\/continua-aumento-precios-mercados-electricos-por-bajada-temperaturas-renovables\\\/\"},\"author\":{\"name\":\"AleaSoft Energy Forecasting\",\"@id\":\"https:\\\/\\\/aleasoft.com\\\/#\\\/schema\\\/person\\\/99ee8b0f2ecbd56ba78005c6b7864d67\"},\"headline\":\"Contin\u00faan subiendo los precios de los mercados el\u00e9ctricos por bajada de temperaturas y renovables\",\"datePublished\":\"2019-11-13T23:00:00+00:00\",\"dateModified\":\"2022-05-18T14:26:28+00:00\",\"mainEntityOfPage\":{\"@id\":\"https:\\\/\\\/aleasoft.com\\\/es\\\/continua-aumento-precios-mercados-electricos-por-bajada-temperaturas-renovables\\\/\"},\"wordCount\":2310,\"publisher\":{\"@id\":\"https:\\\/\\\/aleasoft.com\\\/#organization\"},\"image\":{\"@id\":\"https:\\\/\\\/aleasoft.com\\\/es\\\/continua-aumento-precios-mercados-electricos-por-bajada-temperaturas-renovables\\\/#primaryimage\"},\"thumbnailUrl\":\"https:\\\/\\\/aleasoft.com\\\/wp-content\\\/uploads\\\/2019\\\/11\\\/20191118-aleasoft-european-electricity-market-prices.png\",\"keywords\":[\"noticias\"],\"articleSection\":[\"Noticias\"],\"inLanguage\":\"es\"},{\"@type\":\"WebPage\",\"@id\":\"https:\\\/\\\/aleasoft.com\\\/es\\\/continua-aumento-precios-mercados-electricos-por-bajada-temperaturas-renovables\\\/\",\"url\":\"https:\\\/\\\/aleasoft.com\\\/es\\\/continua-aumento-precios-mercados-electricos-por-bajada-temperaturas-renovables\\\/\",\"name\":\"Contin\u00faan subiendo los precios de los mercados el\u00e9ctricos por bajada de temperaturas y renovables - AleaSoft Energy Forecasting\",\"isPartOf\":{\"@id\":\"https:\\\/\\\/aleasoft.com\\\/#website\"},\"primaryImageOfPage\":{\"@id\":\"https:\\\/\\\/aleasoft.com\\\/es\\\/continua-aumento-precios-mercados-electricos-por-bajada-temperaturas-renovables\\\/#primaryimage\"},\"image\":{\"@id\":\"https:\\\/\\\/aleasoft.com\\\/es\\\/continua-aumento-precios-mercados-electricos-por-bajada-temperaturas-renovables\\\/#primaryimage\"},\"thumbnailUrl\":\"https:\\\/\\\/aleasoft.com\\\/wp-content\\\/uploads\\\/2019\\\/11\\\/20191118-aleasoft-european-electricity-market-prices.png\",\"datePublished\":\"2019-11-13T23:00:00+00:00\",\"dateModified\":\"2022-05-18T14:26:28+00:00\",\"description\":\"Esta semana la producci\u00f3n solar ha bajado en gran parte de Europa. En el caso de la e\u00f3lica, tambi\u00e9n se han producido descensos en la pen\u00ednsula ib\u00e9rica, aunque en el resto de Europa ha aumentado.\",\"breadcrumb\":{\"@id\":\"https:\\\/\\\/aleasoft.com\\\/es\\\/continua-aumento-precios-mercados-electricos-por-bajada-temperaturas-renovables\\\/#breadcrumb\"},\"inLanguage\":\"es\",\"potentialAction\":[{\"@type\":\"ReadAction\",\"target\":[\"https:\\\/\\\/aleasoft.com\\\/es\\\/continua-aumento-precios-mercados-electricos-por-bajada-temperaturas-renovables\\\/\"]}]},{\"@type\":\"ImageObject\",\"inLanguage\":\"es\",\"@id\":\"https:\\\/\\\/aleasoft.com\\\/es\\\/continua-aumento-precios-mercados-electricos-por-bajada-temperaturas-renovables\\\/#primaryimage\",\"url\":\"https:\\\/\\\/aleasoft.com\\\/wp-content\\\/uploads\\\/2019\\\/11\\\/20191118-aleasoft-european-electricity-market-prices.png\",\"contentUrl\":\"https:\\\/\\\/aleasoft.com\\\/wp-content\\\/uploads\\\/2019\\\/11\\\/20191118-aleasoft-european-electricity-market-prices.png\",\"width\":2282,\"height\":1582},{\"@type\":\"BreadcrumbList\",\"@id\":\"https:\\\/\\\/aleasoft.com\\\/es\\\/continua-aumento-precios-mercados-electricos-por-bajada-temperaturas-renovables\\\/#breadcrumb\",\"itemListElement\":[{\"@type\":\"ListItem\",\"position\":1,\"name\":\"Home\",\"item\":\"https:\\\/\\\/aleasoft.com\\\/es\\\/\"},{\"@type\":\"ListItem\",\"position\":2,\"name\":\"Contin\u00faan subiendo los precios de los mercados el\u00e9ctricos por bajada de temperaturas y renovables\"}]},{\"@type\":\"WebSite\",\"@id\":\"https:\\\/\\\/aleasoft.com\\\/#website\",\"url\":\"https:\\\/\\\/aleasoft.com\\\/\",\"name\":\"AleaSoft Energy Forecasting\",\"description\":\"Energy Forecasting\",\"publisher\":{\"@id\":\"https:\\\/\\\/aleasoft.com\\\/#organization\"},\"potentialAction\":[{\"@type\":\"SearchAction\",\"target\":{\"@type\":\"EntryPoint\",\"urlTemplate\":\"https:\\\/\\\/aleasoft.com\\\/?s={search_term_string}\"},\"query-input\":{\"@type\":\"PropertyValueSpecification\",\"valueRequired\":true,\"valueName\":\"search_term_string\"}}],\"inLanguage\":\"es\"},{\"@type\":\"Organization\",\"@id\":\"https:\\\/\\\/aleasoft.com\\\/#organization\",\"name\":\"AleaSoft Energy Forecasting\",\"url\":\"https:\\\/\\\/aleasoft.com\\\/\",\"logo\":{\"@type\":\"ImageObject\",\"inLanguage\":\"es\",\"@id\":\"https:\\\/\\\/aleasoft.com\\\/#\\\/schema\\\/logo\\\/image\\\/\",\"url\":\"https:\\\/\\\/aleasoft.com\\\/wp-content\\\/uploads\\\/2020\\\/01\\\/logo-alea-25.svg\",\"contentUrl\":\"https:\\\/\\\/aleasoft.com\\\/wp-content\\\/uploads\\\/2020\\\/01\\\/logo-alea-25.svg\",\"width\":7047,\"height\":1416,\"caption\":\"AleaSoft Energy Forecasting\"},\"image\":{\"@id\":\"https:\\\/\\\/aleasoft.com\\\/#\\\/schema\\\/logo\\\/image\\\/\"},\"sameAs\":[\"https:\\\/\\\/www.facebook.com\\\/AleaSoft\\\/\",\"https:\\\/\\\/x.com\\\/AleaSoftEnergy\",\"https:\\\/\\\/www.linkedin.com\\\/company\\\/aleasoft\\\/\"]},{\"@type\":\"Person\",\"@id\":\"https:\\\/\\\/aleasoft.com\\\/#\\\/schema\\\/person\\\/99ee8b0f2ecbd56ba78005c6b7864d67\",\"name\":\"AleaSoft Energy Forecasting\",\"image\":{\"@type\":\"ImageObject\",\"inLanguage\":\"es\",\"@id\":\"https:\\\/\\\/secure.gravatar.com\\\/avatar\\\/3ce8db70bda469bc8382df5990537888cf96f625c0fde5b0292ff5ab10560f88?s=96&d=mm&r=g\",\"url\":\"https:\\\/\\\/secure.gravatar.com\\\/avatar\\\/3ce8db70bda469bc8382df5990537888cf96f625c0fde5b0292ff5ab10560f88?s=96&d=mm&r=g\",\"contentUrl\":\"https:\\\/\\\/secure.gravatar.com\\\/avatar\\\/3ce8db70bda469bc8382df5990537888cf96f625c0fde5b0292ff5ab10560f88?s=96&d=mm&r=g\",\"caption\":\"AleaSoft Energy Forecasting\"},\"sameAs\":[\"http:\\\/\\\/aleasoft.com\"]}]}<\/script>\n<!-- \/ Yoast SEO Premium plugin. -->","yoast_head_json":{"title":"Contin\u00faan subiendo los precios de los mercados el\u00e9ctricos por bajada de temperaturas y renovables - AleaSoft Energy Forecasting","description":"Esta semana la producci\u00f3n solar ha bajado en gran parte de Europa. En el caso de la e\u00f3lica, tambi\u00e9n se han producido descensos en la pen\u00ednsula ib\u00e9rica, aunque en el resto de Europa ha aumentado.","robots":{"index":"index","follow":"follow","max-snippet":"max-snippet:-1","max-image-preview":"max-image-preview:large","max-video-preview":"max-video-preview:-1"},"canonical":"https:\/\/aleasoft.com\/es\/continua-aumento-precios-mercados-electricos-por-bajada-temperaturas-renovables\/","og_locale":"es_ES","og_type":"article","og_title":"Contin\u00faan subiendo los precios de los mercados el\u00e9ctricos por bajada de temperaturas y renovables","og_description":"Esta semana la producci\u00f3n solar ha bajado en gran parte de Europa. En el caso de la e\u00f3lica, tambi\u00e9n se han producido descensos en la pen\u00ednsula ib\u00e9rica, aunque en el resto de Europa ha aumentado.","og_url":"https:\/\/aleasoft.com\/es\/continua-aumento-precios-mercados-electricos-por-bajada-temperaturas-renovables\/","og_site_name":"AleaSoft Energy Forecasting","article_publisher":"https:\/\/www.facebook.com\/AleaSoft\/","article_published_time":"2019-11-13T23:00:00+00:00","article_modified_time":"2022-05-18T14:26:28+00:00","og_image":[{"width":2282,"height":1582,"url":"https:\/\/aleasoft.com\/wp-content\/uploads\/2019\/11\/20191118-aleasoft-european-electricity-market-prices.png","type":"image\/png"}],"author":"AleaSoft Energy Forecasting","twitter_card":"summary_large_image","twitter_creator":"@AleaSoftEnergy","twitter_site":"@AleaSoftEnergy","twitter_misc":{"Escrito por":"AleaSoft Energy Forecasting","Tiempo de lectura":"11 minutos"},"schema":{"@context":"https:\/\/schema.org","@graph":[{"@type":"Article","@id":"https:\/\/aleasoft.com\/es\/continua-aumento-precios-mercados-electricos-por-bajada-temperaturas-renovables\/#article","isPartOf":{"@id":"https:\/\/aleasoft.com\/es\/continua-aumento-precios-mercados-electricos-por-bajada-temperaturas-renovables\/"},"author":{"name":"AleaSoft Energy Forecasting","@id":"https:\/\/aleasoft.com\/#\/schema\/person\/99ee8b0f2ecbd56ba78005c6b7864d67"},"headline":"Contin\u00faan subiendo los precios de los mercados el\u00e9ctricos por bajada de temperaturas y renovables","datePublished":"2019-11-13T23:00:00+00:00","dateModified":"2022-05-18T14:26:28+00:00","mainEntityOfPage":{"@id":"https:\/\/aleasoft.com\/es\/continua-aumento-precios-mercados-electricos-por-bajada-temperaturas-renovables\/"},"wordCount":2310,"publisher":{"@id":"https:\/\/aleasoft.com\/#organization"},"image":{"@id":"https:\/\/aleasoft.com\/es\/continua-aumento-precios-mercados-electricos-por-bajada-temperaturas-renovables\/#primaryimage"},"thumbnailUrl":"https:\/\/aleasoft.com\/wp-content\/uploads\/2019\/11\/20191118-aleasoft-european-electricity-market-prices.png","keywords":["noticias"],"articleSection":["Noticias"],"inLanguage":"es"},{"@type":"WebPage","@id":"https:\/\/aleasoft.com\/es\/continua-aumento-precios-mercados-electricos-por-bajada-temperaturas-renovables\/","url":"https:\/\/aleasoft.com\/es\/continua-aumento-precios-mercados-electricos-por-bajada-temperaturas-renovables\/","name":"Contin\u00faan subiendo los precios de los mercados el\u00e9ctricos por bajada de temperaturas y renovables - AleaSoft Energy Forecasting","isPartOf":{"@id":"https:\/\/aleasoft.com\/#website"},"primaryImageOfPage":{"@id":"https:\/\/aleasoft.com\/es\/continua-aumento-precios-mercados-electricos-por-bajada-temperaturas-renovables\/#primaryimage"},"image":{"@id":"https:\/\/aleasoft.com\/es\/continua-aumento-precios-mercados-electricos-por-bajada-temperaturas-renovables\/#primaryimage"},"thumbnailUrl":"https:\/\/aleasoft.com\/wp-content\/uploads\/2019\/11\/20191118-aleasoft-european-electricity-market-prices.png","datePublished":"2019-11-13T23:00:00+00:00","dateModified":"2022-05-18T14:26:28+00:00","description":"Esta semana la producci\u00f3n solar ha bajado en gran parte de Europa. En el caso de la e\u00f3lica, tambi\u00e9n se han producido descensos en la pen\u00ednsula ib\u00e9rica, aunque en el resto de Europa ha aumentado.","breadcrumb":{"@id":"https:\/\/aleasoft.com\/es\/continua-aumento-precios-mercados-electricos-por-bajada-temperaturas-renovables\/#breadcrumb"},"inLanguage":"es","potentialAction":[{"@type":"ReadAction","target":["https:\/\/aleasoft.com\/es\/continua-aumento-precios-mercados-electricos-por-bajada-temperaturas-renovables\/"]}]},{"@type":"ImageObject","inLanguage":"es","@id":"https:\/\/aleasoft.com\/es\/continua-aumento-precios-mercados-electricos-por-bajada-temperaturas-renovables\/#primaryimage","url":"https:\/\/aleasoft.com\/wp-content\/uploads\/2019\/11\/20191118-aleasoft-european-electricity-market-prices.png","contentUrl":"https:\/\/aleasoft.com\/wp-content\/uploads\/2019\/11\/20191118-aleasoft-european-electricity-market-prices.png","width":2282,"height":1582},{"@type":"BreadcrumbList","@id":"https:\/\/aleasoft.com\/es\/continua-aumento-precios-mercados-electricos-por-bajada-temperaturas-renovables\/#breadcrumb","itemListElement":[{"@type":"ListItem","position":1,"name":"Home","item":"https:\/\/aleasoft.com\/es\/"},{"@type":"ListItem","position":2,"name":"Contin\u00faan subiendo los precios de los mercados el\u00e9ctricos por bajada de temperaturas y renovables"}]},{"@type":"WebSite","@id":"https:\/\/aleasoft.com\/#website","url":"https:\/\/aleasoft.com\/","name":"AleaSoft Energy Forecasting","description":"Energy Forecasting","publisher":{"@id":"https:\/\/aleasoft.com\/#organization"},"potentialAction":[{"@type":"SearchAction","target":{"@type":"EntryPoint","urlTemplate":"https:\/\/aleasoft.com\/?s={search_term_string}"},"query-input":{"@type":"PropertyValueSpecification","valueRequired":true,"valueName":"search_term_string"}}],"inLanguage":"es"},{"@type":"Organization","@id":"https:\/\/aleasoft.com\/#organization","name":"AleaSoft Energy Forecasting","url":"https:\/\/aleasoft.com\/","logo":{"@type":"ImageObject","inLanguage":"es","@id":"https:\/\/aleasoft.com\/#\/schema\/logo\/image\/","url":"https:\/\/aleasoft.com\/wp-content\/uploads\/2020\/01\/logo-alea-25.svg","contentUrl":"https:\/\/aleasoft.com\/wp-content\/uploads\/2020\/01\/logo-alea-25.svg","width":7047,"height":1416,"caption":"AleaSoft Energy Forecasting"},"image":{"@id":"https:\/\/aleasoft.com\/#\/schema\/logo\/image\/"},"sameAs":["https:\/\/www.facebook.com\/AleaSoft\/","https:\/\/x.com\/AleaSoftEnergy","https:\/\/www.linkedin.com\/company\/aleasoft\/"]},{"@type":"Person","@id":"https:\/\/aleasoft.com\/#\/schema\/person\/99ee8b0f2ecbd56ba78005c6b7864d67","name":"AleaSoft Energy Forecasting","image":{"@type":"ImageObject","inLanguage":"es","@id":"https:\/\/secure.gravatar.com\/avatar\/3ce8db70bda469bc8382df5990537888cf96f625c0fde5b0292ff5ab10560f88?s=96&d=mm&r=g","url":"https:\/\/secure.gravatar.com\/avatar\/3ce8db70bda469bc8382df5990537888cf96f625c0fde5b0292ff5ab10560f88?s=96&d=mm&r=g","contentUrl":"https:\/\/secure.gravatar.com\/avatar\/3ce8db70bda469bc8382df5990537888cf96f625c0fde5b0292ff5ab10560f88?s=96&d=mm&r=g","caption":"AleaSoft Energy Forecasting"},"sameAs":["http:\/\/aleasoft.com"]}]}},"_links":{"self":[{"href":"https:\/\/aleasoft.com\/es\/wp-json\/wp\/v2\/posts\/78174","targetHints":{"allow":["GET"]}}],"collection":[{"href":"https:\/\/aleasoft.com\/es\/wp-json\/wp\/v2\/posts"}],"about":[{"href":"https:\/\/aleasoft.com\/es\/wp-json\/wp\/v2\/types\/post"}],"author":[{"embeddable":true,"href":"https:\/\/aleasoft.com\/es\/wp-json\/wp\/v2\/users\/1"}],"replies":[{"embeddable":true,"href":"https:\/\/aleasoft.com\/es\/wp-json\/wp\/v2\/comments?post=78174"}],"version-history":[{"count":0,"href":"https:\/\/aleasoft.com\/es\/wp-json\/wp\/v2\/posts\/78174\/revisions"}],"wp:featuredmedia":[{"embeddable":true,"href":"https:\/\/aleasoft.com\/es\/wp-json\/wp\/v2\/media\/74109"}],"wp:attachment":[{"href":"https:\/\/aleasoft.com\/es\/wp-json\/wp\/v2\/media?parent=78174"}],"wp:term":[{"taxonomy":"category","embeddable":true,"href":"https:\/\/aleasoft.com\/es\/wp-json\/wp\/v2\/categories?post=78174"},{"taxonomy":"post_tag","embeddable":true,"href":"https:\/\/aleasoft.com\/es\/wp-json\/wp\/v2\/tags?post=78174"}],"curies":[{"name":"wp","href":"https:\/\/api.w.org\/{rel}","templated":true}]}}