{"id":78206,"date":"2020-01-07T00:00:00","date_gmt":"2020-01-06T23:00:00","guid":{"rendered":"https:\/\/aleasoft.com\/enero-subasta-fotovoltaica-portugal-700-mw\/"},"modified":"2020-02-12T18:30:19","modified_gmt":"2020-02-12T17:30:19","slug":"enero-subasta-fotovoltaica-portugal-700-mw","status":"publish","type":"post","link":"https:\/\/aleasoft.com\/es\/enero-subasta-fotovoltaica-portugal-700-mw\/","title":{"rendered":"En enero subasta fotovoltaica de Portugal: 700 MW"},"content":{"rendered":"<p><strong>AleaSoft, 7 de enero de 2020. Portugal realizar\u00e1 una segunda subasta de capacidad de generaci\u00f3n renovable. Se espera que se adjudiquen aproximadamente 700&nbsp;MW de potencia solar fotovoltaica. De esta forma el pa\u00eds se plantea cumplir con sus objetivos trazados para 2030 y 2050 en la lucha europea para combatir el cambio clim\u00e1tico.<\/strong><\/p>\n<p><a title=\"AleaSoft \u2013 Instalaci\u00f3n solar fotovoltaica\" href=\"https:\/\/aleasoft.com\/wp-content\/uploads\/2020\/01\/20200107-instalacion-solar-fotovoltaica.jpg\"><img fetchpriority=\"high\" decoding=\"async\" class=\"aligncenter\" src=\"https:\/\/aleasoft.com\/wp-content\/uploads\/2020\/01\/20200107-instalacion-solar-fotovoltaica.jpg\" alt=\"AleaSoft - AleaSoft \u2013 Instalaci\u00f3n solar fotovoltaica\" width=\"740\" height=\"530\"><\/a><\/p>\n<p>Portugal se comprometi\u00f3 a conseguir la <strong>neutralidad en carbono<\/strong> para 2050 como parte del esfuerzo europeo para combatir el <strong>cambio clim\u00e1tico<\/strong> y en virtud del Acuerdo de Par\u00eds. As\u00ed lo establece el Plan Nacional Integrado de Energ\u00eda y Clima (PNIEC) de ese pa\u00eds. En el documento se enumeran ocho objetivos nacionales para 2030, entre los cuales se encuentra el objetivo 3 con el que se pretende reforzar la apuesta por las <strong>energ\u00edas renovables<\/strong> y reducir la dependencia energ\u00e9tica del pa\u00eds.<\/p>\n<p>Para aumentar la potencia nacional instalada de generaci\u00f3n de electricidad con energ\u00edas renovables, el pa\u00eds ha implementado un sistema de subastas de licencias para la producci\u00f3n de energ\u00eda a partir de fuentes renovables, centr\u00e1ndose fundamentalmente en la <strong>energ\u00eda solar<\/strong>.<\/p>\n<p>Ya se realiz\u00f3 a finales de julio <a style=\"color: #0047c8;\" href=\"https:\/\/aleasoft.com\/es\/resultados-subasta-portugal-precio-fotovoltaica-no-14-70\/\">la primera de estas subastas<\/a> con resultados que alcanzaron r\u00e9cords hist\u00f3ricos, cuando uno de los bloques de la subasta se adjudic\u00f3 a 14,76&nbsp;\u20ac\/MWh. En aquel momento, se subast\u00f3 un total de 1,4&nbsp;GW. Ahora Portugal prepara una nueva subasta, con las mismas reglas y condiciones que la anterior. Esta vez la capacidad subastada ser\u00e1 de alrededor de 700&nbsp;MW.<\/p>\n<p>Para cumplir los objetivos a 2030, el gobierno portugu\u00e9s pretende otorgar entre 6&nbsp;GW y 7&nbsp;GW de nueva capacidad de energ\u00eda solar <strong>fotovoltaica<\/strong> hasta 2027, para lo que tiene previsto realizar dos subastas anuales a partir de 2020.<\/p>\n<p>Al igual que en la subasta anterior, la adjudicaci\u00f3n implicar\u00e1 dos posibles modalidades: la primera, que requiere la firma de un <strong>PPA<\/strong> entre el constructor y un comprador con el pago de una contraparte al sistema, y la segunda, que supone un <strong>precio garantizado durante 15 a\u00f1os<\/strong>. En <strong>AleaSoft<\/strong> se considera que para poder realizar la toma de decisiones en este escenario es imprescindible contar con <strong>previsiones de precio de mercado el\u00e9ctrico<\/strong> a largo plazo que resulten fiables.<\/p>\n<p>&nbsp;<\/p>\n<p>Fuente: <strong>AleaSoft Energy Forecasting<\/strong>.<\/p>\n","protected":false},"excerpt":{"rendered":"<p>AleaSoft, 7 de enero de 2020. Portugal realizar\u00e1 una segunda subasta de capacidad de generaci\u00f3n renovable. Se espera que se adjudiquen aproximadamente 700&nbsp;MW de potencia solar fotovoltaica. De esta forma el pa\u00eds se plantea cumplir con sus objetivos trazados para 2030 y 2050 en la lucha europea para combatir el cambio clim\u00e1tico. Portugal se comprometi\u00f3 [&hellip;]<\/p>\n","protected":false},"author":1,"featured_media":81861,"comment_status":"closed","ping_status":"closed","sticky":false,"template":"","format":"standard","meta":{"footnotes":""},"categories":[568],"tags":[574],"class_list":["post-78206","post","type-post","status-publish","format-standard","has-post-thumbnail","hentry","category-noticias","tag-noticias"],"yoast_head":"<!-- This site is optimized with the Yoast SEO Premium plugin v27.4 (Yoast SEO v27.5) - https:\/\/yoast.com\/product\/yoast-seo-premium-wordpress\/ -->\n<title>En enero subasta fotovoltaica de Portugal: 700 MW - AleaSoft Energy Forecasting<\/title>\n<meta name=\"description\" content=\"Portugal realizar\u00e1 una segunda subasta de capacidad de generaci\u00f3n renovable. Se espera que se adjudiquen aproximadamente 700 MW de potencia solar fotovoltaica. De esta forma el pa\u00eds se plantea cumplir con sus objetivos trazados para 2030 y 2050 en la lucha europea para combatir el cambio clim\u00e1tico.\" \/>\n<meta name=\"robots\" content=\"index, follow, max-snippet:-1, max-image-preview:large, max-video-preview:-1\" \/>\n<link rel=\"canonical\" href=\"https:\/\/aleasoft.com\/es\/enero-subasta-fotovoltaica-portugal-700-mw\/\" \/>\n<meta property=\"og:locale\" content=\"es_ES\" \/>\n<meta property=\"og:type\" content=\"article\" \/>\n<meta property=\"og:title\" content=\"En enero subasta fotovoltaica de Portugal: 700 MW\" \/>\n<meta property=\"og:description\" content=\"Portugal realizar\u00e1 una segunda subasta de capacidad de generaci\u00f3n renovable. Se espera que se adjudiquen aproximadamente 700 MW de potencia solar fotovoltaica. De esta forma el pa\u00eds se plantea cumplir con sus objetivos trazados para 2030 y 2050 en la lucha europea para combatir el cambio clim\u00e1tico.\" \/>\n<meta property=\"og:url\" content=\"https:\/\/aleasoft.com\/es\/enero-subasta-fotovoltaica-portugal-700-mw\/\" \/>\n<meta property=\"og:site_name\" content=\"AleaSoft Energy Forecasting\" \/>\n<meta property=\"article:publisher\" content=\"https:\/\/www.facebook.com\/AleaSoft\/\" \/>\n<meta property=\"article:published_time\" content=\"2020-01-06T23:00:00+00:00\" \/>\n<meta property=\"article:modified_time\" content=\"2020-02-12T17:30:19+00:00\" \/>\n<meta property=\"og:image\" content=\"https:\/\/aleasoft.com\/wp-content\/uploads\/2020\/01\/20200107-Instalacion-solar-fotovoltaica-1.jpg\" \/>\n\t<meta property=\"og:image:width\" content=\"1024\" \/>\n\t<meta property=\"og:image:height\" content=\"500\" \/>\n\t<meta property=\"og:image:type\" content=\"image\/jpeg\" \/>\n<meta name=\"author\" content=\"AleaSoft Energy Forecasting\" \/>\n<meta name=\"twitter:card\" content=\"summary_large_image\" \/>\n<meta name=\"twitter:creator\" content=\"@AleaSoftEnergy\" \/>\n<meta name=\"twitter:site\" content=\"@AleaSoftEnergy\" \/>\n<meta name=\"twitter:label1\" content=\"Escrito por\" \/>\n\t<meta name=\"twitter:data1\" content=\"AleaSoft Energy Forecasting\" \/>\n\t<meta name=\"twitter:label2\" content=\"Tiempo de lectura\" \/>\n\t<meta name=\"twitter:data2\" content=\"2 minutos\" \/>\n<script type=\"application\/ld+json\" class=\"yoast-schema-graph\">{\"@context\":\"https:\\\/\\\/schema.org\",\"@graph\":[{\"@type\":\"Article\",\"@id\":\"https:\\\/\\\/aleasoft.com\\\/es\\\/enero-subasta-fotovoltaica-portugal-700-mw\\\/#article\",\"isPartOf\":{\"@id\":\"https:\\\/\\\/aleasoft.com\\\/es\\\/enero-subasta-fotovoltaica-portugal-700-mw\\\/\"},\"author\":{\"name\":\"AleaSoft Energy Forecasting\",\"@id\":\"https:\\\/\\\/aleasoft.com\\\/#\\\/schema\\\/person\\\/99ee8b0f2ecbd56ba78005c6b7864d67\"},\"headline\":\"En enero subasta fotovoltaica de Portugal: 700 MW\",\"datePublished\":\"2020-01-06T23:00:00+00:00\",\"dateModified\":\"2020-02-12T17:30:19+00:00\",\"mainEntityOfPage\":{\"@id\":\"https:\\\/\\\/aleasoft.com\\\/es\\\/enero-subasta-fotovoltaica-portugal-700-mw\\\/\"},\"wordCount\":381,\"publisher\":{\"@id\":\"https:\\\/\\\/aleasoft.com\\\/#organization\"},\"image\":{\"@id\":\"https:\\\/\\\/aleasoft.com\\\/es\\\/enero-subasta-fotovoltaica-portugal-700-mw\\\/#primaryimage\"},\"thumbnailUrl\":\"https:\\\/\\\/aleasoft.com\\\/wp-content\\\/uploads\\\/2020\\\/01\\\/20200107-Instalacion-solar-fotovoltaica-1.jpg\",\"keywords\":[\"noticias\"],\"articleSection\":[\"Noticias\"],\"inLanguage\":\"es\"},{\"@type\":\"WebPage\",\"@id\":\"https:\\\/\\\/aleasoft.com\\\/es\\\/enero-subasta-fotovoltaica-portugal-700-mw\\\/\",\"url\":\"https:\\\/\\\/aleasoft.com\\\/es\\\/enero-subasta-fotovoltaica-portugal-700-mw\\\/\",\"name\":\"En enero subasta fotovoltaica de Portugal: 700 MW - AleaSoft Energy Forecasting\",\"isPartOf\":{\"@id\":\"https:\\\/\\\/aleasoft.com\\\/#website\"},\"primaryImageOfPage\":{\"@id\":\"https:\\\/\\\/aleasoft.com\\\/es\\\/enero-subasta-fotovoltaica-portugal-700-mw\\\/#primaryimage\"},\"image\":{\"@id\":\"https:\\\/\\\/aleasoft.com\\\/es\\\/enero-subasta-fotovoltaica-portugal-700-mw\\\/#primaryimage\"},\"thumbnailUrl\":\"https:\\\/\\\/aleasoft.com\\\/wp-content\\\/uploads\\\/2020\\\/01\\\/20200107-Instalacion-solar-fotovoltaica-1.jpg\",\"datePublished\":\"2020-01-06T23:00:00+00:00\",\"dateModified\":\"2020-02-12T17:30:19+00:00\",\"description\":\"Portugal realizar\u00e1 una segunda subasta de capacidad de generaci\u00f3n renovable. Se espera que se adjudiquen aproximadamente 700 MW de potencia solar fotovoltaica. De esta forma el pa\u00eds se plantea cumplir con sus objetivos trazados para 2030 y 2050 en la lucha europea para combatir el cambio clim\u00e1tico.\",\"breadcrumb\":{\"@id\":\"https:\\\/\\\/aleasoft.com\\\/es\\\/enero-subasta-fotovoltaica-portugal-700-mw\\\/#breadcrumb\"},\"inLanguage\":\"es\",\"potentialAction\":[{\"@type\":\"ReadAction\",\"target\":[\"https:\\\/\\\/aleasoft.com\\\/es\\\/enero-subasta-fotovoltaica-portugal-700-mw\\\/\"]}]},{\"@type\":\"ImageObject\",\"inLanguage\":\"es\",\"@id\":\"https:\\\/\\\/aleasoft.com\\\/es\\\/enero-subasta-fotovoltaica-portugal-700-mw\\\/#primaryimage\",\"url\":\"https:\\\/\\\/aleasoft.com\\\/wp-content\\\/uploads\\\/2020\\\/01\\\/20200107-Instalacion-solar-fotovoltaica-1.jpg\",\"contentUrl\":\"https:\\\/\\\/aleasoft.com\\\/wp-content\\\/uploads\\\/2020\\\/01\\\/20200107-Instalacion-solar-fotovoltaica-1.jpg\",\"width\":1024,\"height\":500},{\"@type\":\"BreadcrumbList\",\"@id\":\"https:\\\/\\\/aleasoft.com\\\/es\\\/enero-subasta-fotovoltaica-portugal-700-mw\\\/#breadcrumb\",\"itemListElement\":[{\"@type\":\"ListItem\",\"position\":1,\"name\":\"Home\",\"item\":\"https:\\\/\\\/aleasoft.com\\\/es\\\/\"},{\"@type\":\"ListItem\",\"position\":2,\"name\":\"En enero subasta fotovoltaica de Portugal: 700 MW\"}]},{\"@type\":\"WebSite\",\"@id\":\"https:\\\/\\\/aleasoft.com\\\/#website\",\"url\":\"https:\\\/\\\/aleasoft.com\\\/\",\"name\":\"AleaSoft Energy Forecasting\",\"description\":\"Energy Forecasting\",\"publisher\":{\"@id\":\"https:\\\/\\\/aleasoft.com\\\/#organization\"},\"potentialAction\":[{\"@type\":\"SearchAction\",\"target\":{\"@type\":\"EntryPoint\",\"urlTemplate\":\"https:\\\/\\\/aleasoft.com\\\/?s={search_term_string}\"},\"query-input\":{\"@type\":\"PropertyValueSpecification\",\"valueRequired\":true,\"valueName\":\"search_term_string\"}}],\"inLanguage\":\"es\"},{\"@type\":\"Organization\",\"@id\":\"https:\\\/\\\/aleasoft.com\\\/#organization\",\"name\":\"AleaSoft Energy Forecasting\",\"url\":\"https:\\\/\\\/aleasoft.com\\\/\",\"logo\":{\"@type\":\"ImageObject\",\"inLanguage\":\"es\",\"@id\":\"https:\\\/\\\/aleasoft.com\\\/#\\\/schema\\\/logo\\\/image\\\/\",\"url\":\"https:\\\/\\\/aleasoft.com\\\/wp-content\\\/uploads\\\/2020\\\/01\\\/logo-alea-25.svg\",\"contentUrl\":\"https:\\\/\\\/aleasoft.com\\\/wp-content\\\/uploads\\\/2020\\\/01\\\/logo-alea-25.svg\",\"width\":7047,\"height\":1416,\"caption\":\"AleaSoft Energy Forecasting\"},\"image\":{\"@id\":\"https:\\\/\\\/aleasoft.com\\\/#\\\/schema\\\/logo\\\/image\\\/\"},\"sameAs\":[\"https:\\\/\\\/www.facebook.com\\\/AleaSoft\\\/\",\"https:\\\/\\\/x.com\\\/AleaSoftEnergy\",\"https:\\\/\\\/www.linkedin.com\\\/company\\\/aleasoft\\\/\"]},{\"@type\":\"Person\",\"@id\":\"https:\\\/\\\/aleasoft.com\\\/#\\\/schema\\\/person\\\/99ee8b0f2ecbd56ba78005c6b7864d67\",\"name\":\"AleaSoft Energy Forecasting\",\"image\":{\"@type\":\"ImageObject\",\"inLanguage\":\"es\",\"@id\":\"https:\\\/\\\/secure.gravatar.com\\\/avatar\\\/3ce8db70bda469bc8382df5990537888cf96f625c0fde5b0292ff5ab10560f88?s=96&d=mm&r=g\",\"url\":\"https:\\\/\\\/secure.gravatar.com\\\/avatar\\\/3ce8db70bda469bc8382df5990537888cf96f625c0fde5b0292ff5ab10560f88?s=96&d=mm&r=g\",\"contentUrl\":\"https:\\\/\\\/secure.gravatar.com\\\/avatar\\\/3ce8db70bda469bc8382df5990537888cf96f625c0fde5b0292ff5ab10560f88?s=96&d=mm&r=g\",\"caption\":\"AleaSoft Energy Forecasting\"},\"sameAs\":[\"http:\\\/\\\/aleasoft.com\"]}]}<\/script>\n<!-- \/ Yoast SEO Premium plugin. -->","yoast_head_json":{"title":"En enero subasta fotovoltaica de Portugal: 700 MW - AleaSoft Energy Forecasting","description":"Portugal realizar\u00e1 una segunda subasta de capacidad de generaci\u00f3n renovable. Se espera que se adjudiquen aproximadamente 700 MW de potencia solar fotovoltaica. De esta forma el pa\u00eds se plantea cumplir con sus objetivos trazados para 2030 y 2050 en la lucha europea para combatir el cambio clim\u00e1tico.","robots":{"index":"index","follow":"follow","max-snippet":"max-snippet:-1","max-image-preview":"max-image-preview:large","max-video-preview":"max-video-preview:-1"},"canonical":"https:\/\/aleasoft.com\/es\/enero-subasta-fotovoltaica-portugal-700-mw\/","og_locale":"es_ES","og_type":"article","og_title":"En enero subasta fotovoltaica de Portugal: 700 MW","og_description":"Portugal realizar\u00e1 una segunda subasta de capacidad de generaci\u00f3n renovable. Se espera que se adjudiquen aproximadamente 700 MW de potencia solar fotovoltaica. De esta forma el pa\u00eds se plantea cumplir con sus objetivos trazados para 2030 y 2050 en la lucha europea para combatir el cambio clim\u00e1tico.","og_url":"https:\/\/aleasoft.com\/es\/enero-subasta-fotovoltaica-portugal-700-mw\/","og_site_name":"AleaSoft Energy Forecasting","article_publisher":"https:\/\/www.facebook.com\/AleaSoft\/","article_published_time":"2020-01-06T23:00:00+00:00","article_modified_time":"2020-02-12T17:30:19+00:00","og_image":[{"width":1024,"height":500,"url":"https:\/\/aleasoft.com\/wp-content\/uploads\/2020\/01\/20200107-Instalacion-solar-fotovoltaica-1.jpg","type":"image\/jpeg"}],"author":"AleaSoft Energy Forecasting","twitter_card":"summary_large_image","twitter_creator":"@AleaSoftEnergy","twitter_site":"@AleaSoftEnergy","twitter_misc":{"Escrito por":"AleaSoft Energy Forecasting","Tiempo de lectura":"2 minutos"},"schema":{"@context":"https:\/\/schema.org","@graph":[{"@type":"Article","@id":"https:\/\/aleasoft.com\/es\/enero-subasta-fotovoltaica-portugal-700-mw\/#article","isPartOf":{"@id":"https:\/\/aleasoft.com\/es\/enero-subasta-fotovoltaica-portugal-700-mw\/"},"author":{"name":"AleaSoft Energy Forecasting","@id":"https:\/\/aleasoft.com\/#\/schema\/person\/99ee8b0f2ecbd56ba78005c6b7864d67"},"headline":"En enero subasta fotovoltaica de Portugal: 700 MW","datePublished":"2020-01-06T23:00:00+00:00","dateModified":"2020-02-12T17:30:19+00:00","mainEntityOfPage":{"@id":"https:\/\/aleasoft.com\/es\/enero-subasta-fotovoltaica-portugal-700-mw\/"},"wordCount":381,"publisher":{"@id":"https:\/\/aleasoft.com\/#organization"},"image":{"@id":"https:\/\/aleasoft.com\/es\/enero-subasta-fotovoltaica-portugal-700-mw\/#primaryimage"},"thumbnailUrl":"https:\/\/aleasoft.com\/wp-content\/uploads\/2020\/01\/20200107-Instalacion-solar-fotovoltaica-1.jpg","keywords":["noticias"],"articleSection":["Noticias"],"inLanguage":"es"},{"@type":"WebPage","@id":"https:\/\/aleasoft.com\/es\/enero-subasta-fotovoltaica-portugal-700-mw\/","url":"https:\/\/aleasoft.com\/es\/enero-subasta-fotovoltaica-portugal-700-mw\/","name":"En enero subasta fotovoltaica de Portugal: 700 MW - AleaSoft Energy Forecasting","isPartOf":{"@id":"https:\/\/aleasoft.com\/#website"},"primaryImageOfPage":{"@id":"https:\/\/aleasoft.com\/es\/enero-subasta-fotovoltaica-portugal-700-mw\/#primaryimage"},"image":{"@id":"https:\/\/aleasoft.com\/es\/enero-subasta-fotovoltaica-portugal-700-mw\/#primaryimage"},"thumbnailUrl":"https:\/\/aleasoft.com\/wp-content\/uploads\/2020\/01\/20200107-Instalacion-solar-fotovoltaica-1.jpg","datePublished":"2020-01-06T23:00:00+00:00","dateModified":"2020-02-12T17:30:19+00:00","description":"Portugal realizar\u00e1 una segunda subasta de capacidad de generaci\u00f3n renovable. Se espera que se adjudiquen aproximadamente 700 MW de potencia solar fotovoltaica. De esta forma el pa\u00eds se plantea cumplir con sus objetivos trazados para 2030 y 2050 en la lucha europea para combatir el cambio clim\u00e1tico.","breadcrumb":{"@id":"https:\/\/aleasoft.com\/es\/enero-subasta-fotovoltaica-portugal-700-mw\/#breadcrumb"},"inLanguage":"es","potentialAction":[{"@type":"ReadAction","target":["https:\/\/aleasoft.com\/es\/enero-subasta-fotovoltaica-portugal-700-mw\/"]}]},{"@type":"ImageObject","inLanguage":"es","@id":"https:\/\/aleasoft.com\/es\/enero-subasta-fotovoltaica-portugal-700-mw\/#primaryimage","url":"https:\/\/aleasoft.com\/wp-content\/uploads\/2020\/01\/20200107-Instalacion-solar-fotovoltaica-1.jpg","contentUrl":"https:\/\/aleasoft.com\/wp-content\/uploads\/2020\/01\/20200107-Instalacion-solar-fotovoltaica-1.jpg","width":1024,"height":500},{"@type":"BreadcrumbList","@id":"https:\/\/aleasoft.com\/es\/enero-subasta-fotovoltaica-portugal-700-mw\/#breadcrumb","itemListElement":[{"@type":"ListItem","position":1,"name":"Home","item":"https:\/\/aleasoft.com\/es\/"},{"@type":"ListItem","position":2,"name":"En enero subasta fotovoltaica de Portugal: 700 MW"}]},{"@type":"WebSite","@id":"https:\/\/aleasoft.com\/#website","url":"https:\/\/aleasoft.com\/","name":"AleaSoft Energy Forecasting","description":"Energy Forecasting","publisher":{"@id":"https:\/\/aleasoft.com\/#organization"},"potentialAction":[{"@type":"SearchAction","target":{"@type":"EntryPoint","urlTemplate":"https:\/\/aleasoft.com\/?s={search_term_string}"},"query-input":{"@type":"PropertyValueSpecification","valueRequired":true,"valueName":"search_term_string"}}],"inLanguage":"es"},{"@type":"Organization","@id":"https:\/\/aleasoft.com\/#organization","name":"AleaSoft Energy Forecasting","url":"https:\/\/aleasoft.com\/","logo":{"@type":"ImageObject","inLanguage":"es","@id":"https:\/\/aleasoft.com\/#\/schema\/logo\/image\/","url":"https:\/\/aleasoft.com\/wp-content\/uploads\/2020\/01\/logo-alea-25.svg","contentUrl":"https:\/\/aleasoft.com\/wp-content\/uploads\/2020\/01\/logo-alea-25.svg","width":7047,"height":1416,"caption":"AleaSoft Energy Forecasting"},"image":{"@id":"https:\/\/aleasoft.com\/#\/schema\/logo\/image\/"},"sameAs":["https:\/\/www.facebook.com\/AleaSoft\/","https:\/\/x.com\/AleaSoftEnergy","https:\/\/www.linkedin.com\/company\/aleasoft\/"]},{"@type":"Person","@id":"https:\/\/aleasoft.com\/#\/schema\/person\/99ee8b0f2ecbd56ba78005c6b7864d67","name":"AleaSoft Energy Forecasting","image":{"@type":"ImageObject","inLanguage":"es","@id":"https:\/\/secure.gravatar.com\/avatar\/3ce8db70bda469bc8382df5990537888cf96f625c0fde5b0292ff5ab10560f88?s=96&d=mm&r=g","url":"https:\/\/secure.gravatar.com\/avatar\/3ce8db70bda469bc8382df5990537888cf96f625c0fde5b0292ff5ab10560f88?s=96&d=mm&r=g","contentUrl":"https:\/\/secure.gravatar.com\/avatar\/3ce8db70bda469bc8382df5990537888cf96f625c0fde5b0292ff5ab10560f88?s=96&d=mm&r=g","caption":"AleaSoft Energy Forecasting"},"sameAs":["http:\/\/aleasoft.com"]}]}},"_links":{"self":[{"href":"https:\/\/aleasoft.com\/es\/wp-json\/wp\/v2\/posts\/78206","targetHints":{"allow":["GET"]}}],"collection":[{"href":"https:\/\/aleasoft.com\/es\/wp-json\/wp\/v2\/posts"}],"about":[{"href":"https:\/\/aleasoft.com\/es\/wp-json\/wp\/v2\/types\/post"}],"author":[{"embeddable":true,"href":"https:\/\/aleasoft.com\/es\/wp-json\/wp\/v2\/users\/1"}],"replies":[{"embeddable":true,"href":"https:\/\/aleasoft.com\/es\/wp-json\/wp\/v2\/comments?post=78206"}],"version-history":[{"count":0,"href":"https:\/\/aleasoft.com\/es\/wp-json\/wp\/v2\/posts\/78206\/revisions"}],"wp:featuredmedia":[{"embeddable":true,"href":"https:\/\/aleasoft.com\/es\/wp-json\/wp\/v2\/media\/81861"}],"wp:attachment":[{"href":"https:\/\/aleasoft.com\/es\/wp-json\/wp\/v2\/media?parent=78206"}],"wp:term":[{"taxonomy":"category","embeddable":true,"href":"https:\/\/aleasoft.com\/es\/wp-json\/wp\/v2\/categories?post=78206"},{"taxonomy":"post_tag","embeddable":true,"href":"https:\/\/aleasoft.com\/es\/wp-json\/wp\/v2\/tags?post=78206"}],"curies":[{"name":"wp","href":"https:\/\/api.w.org\/{rel}","templated":true}]}}