{"id":87717,"date":"2020-03-23T19:33:51","date_gmt":"2020-03-23T18:33:51","guid":{"rendered":"https:\/\/aleasoft.com\/?p=87717"},"modified":"2020-04-14T16:40:58","modified_gmt":"2020-04-14T15:40:58","slug":"caida-demanda-precios-mercados-electricos-europeos-crisis-covid-19","status":"publish","type":"post","link":"https:\/\/aleasoft.com\/es\/caida-demanda-precios-mercados-electricos-europeos-crisis-covid-19\/","title":{"rendered":"Ca\u00edda de la demanda y los precios de los mercados el\u00e9ctricos europeos por la crisis del COVID 19"},"content":{"rendered":"<p><strong>AleaSoft, 23 de marzo de 2020. La demanda el\u00e9ctrica europea baj\u00f3 de forma generalizada en los mercados europeos, especialmente en aquellos que se encuentran en r\u00e9gimen de confinamiento por el coronavirus: Francia, Italia y Espa\u00f1a. Esto provoc\u00f3 el descenso de los precios en los mercados. Las bajadas tambi\u00e9n se vivieron en otros mercados como los futuros de electricidad, de CO<sub>2<\/sub>, de petr\u00f3leo Brent y de gas TTF. En el caso del gas los descensos han continuado hoy cuando se han alcanzado precios por debajo de 8 \u20ac\/MWh. <\/strong><\/p>\n<h2>Producci\u00f3n solar fotovoltaica y termosolar y producci\u00f3n e\u00f3lica<\/h2>\n<p>La producci\u00f3n solar en Alemania aument\u00f3 un 36% la semana del lunes 16 de marzo en comparaci\u00f3n con la semana anterior, <a href=\"https:\/\/aleasoft.com\/es\/perfil-demanda-espana-cambio-primer-dia-estado-alarma-coronavirus\/\">como se esperaba en <strong>AleaSoft<\/strong><\/a>.. En Italia tambi\u00e9n se registr\u00f3 un aumento de la producci\u00f3n con esta tecnolog\u00eda del 17%. Por otra parte, en Espa\u00f1a y Portugal la producci\u00f3n cay\u00f3 un 44% y un 27% respectivamente. Para la semana actual <a href=\"https:\/\/aleasoft.com\/es\/productos-y-servicios\/previsiones-de-energia-solar\/\">en <strong>AleaSoft<\/strong> se espera que la producci\u00f3n solar en Espa\u00f1a aumente<\/a>. Por el contrario, se prev\u00e9 que la generaci\u00f3n con esta tecnolog\u00eda descienda en el mercado italiano.<br \/>\nDurante los 22 d\u00edas transcurridos de marzo se registr\u00f3 un aumento del 26% en la producci\u00f3n solar del mercado alem\u00e1n en comparaci\u00f3n con los mismos d\u00edas del a\u00f1o pasado. En el resto de los mercados analizados por AleaSoft las variaciones durante este mes estuvieron entre el 1,7% del mercado italiano y el 8,7% del portugu\u00e9s.<br \/>\n<div style='margin-top: 20px;margin-bottom: 20px;'><a title='n solar f- otovoltaica termosolar electricidad Europa' href='https:\/\/aleasoft.com\/wp-content\/uploads\/2020\/03\/20200323-AleaSoft-Produccion-solar-fotovoltaica-termosolar-electricidad-Europa.png'><img class='aligncenter' src='https:\/\/aleasoft.com\/wp-content\/uploads\/2020\/03\/20200323-AleaSoft-Produccion-solar-fotovoltaica-termosolar-electricidad-Europa.png' alt='n solar f- otovoltaica termosolar electricidad Europa' width='740'\/><\/a><span style='font-size: small;'>Fuente: Elaborado por AleaSoft con datos de ENTSO-E, RTE, REN, REE y TERNA.<\/span><\/div><br \/>\n<div style='margin-top: 20px;margin-bottom: 20px;'><a title='oduccion - solar fotovoltaica Europa' href='https:\/\/aleasoft.com\/wp-content\/uploads\/2020\/03\/20200323-AleaSoft-Perfil-produccion-solar-fotovoltaica-Europa.png'><img class='aligncenter' src='https:\/\/aleasoft.com\/wp-content\/uploads\/2020\/03\/20200323-AleaSoft-Perfil-produccion-solar-fotovoltaica-Europa.png' alt='oduccion - solar fotovoltaica Europa' width='740'\/><\/a><span style='font-size: small;'>Fuente: Elaborado por AleaSoft con datos de ENTSO-E, RTE, REN, REE y TERNA.<\/span><\/div><br \/>\nComo se previ\u00f3 la semana pasada en AleaSoft, la producci\u00f3n e\u00f3lica en Portugal y Espa\u00f1a aument\u00f3 en un 72% y un 10% respectivamente en comparaci\u00f3n con la semana anterior. Mientras que en Alemania e Italia disminuy\u00f3 un 46% y un 34% respectivamente. Para esta semana <a href=\"https:\/\/aleasoft.com\/es\/productos-y-servicios\/previsiones-energia-eolica\/\">en <strong>AleaSoft<\/strong> se prev\u00e9 un aumento en la producci\u00f3n e\u00f3lica<\/a> de Italia. Por el contrario se espera que disminuya en la pen\u00ednsula ib\u00e9rica.<br \/>\nEntre el 1 y el 22 de marzo la producci\u00f3n e\u00f3lica descendi\u00f3 en el mercado alem\u00e1n y el mercado italiano un 23% y un 22% en comparaci\u00f3n con el mismo per\u00edodo del a\u00f1o pasado. Por el contrario en la pen\u00ednsula ib\u00e9rica se registr\u00f3 un incremento en la producci\u00f3n con esta tecnolog\u00eda del 31%.<br \/>\n<div style='margin-top: 20px;margin-bottom: 20px;'><a title='n eolica - electricidad Europa' href='https:\/\/aleasoft.com\/wp-content\/uploads\/2020\/03\/20200323-AleaSoft-Produccion-eolica-electricidad-Europa.png'><img class='aligncenter' src='https:\/\/aleasoft.com\/wp-content\/uploads\/2020\/03\/20200323-AleaSoft-Produccion-eolica-electricidad-Europa.png' alt='n eolica - electricidad Europa' width='740'\/><\/a><span style='font-size: small;'>Fuente: Elaborado por AleaSoft con datos de ENTSO-E, RTE, REN, REE y TERNA.<\/span><\/div><\/p>\n<h2>Demanda el\u00e9ctrica<\/h2>\n<p>La semana pasada se produjeron ca\u00eddas generalizadas de la demanda de electricidad en todos los pa\u00edses europeos. En algunos casos, esta bajada podr\u00eda atribuirse en parte a una t\u00edmida subida de las temperaturas que fueron menos fr\u00edas, como en Alemania, Francia o Italia, pero en el resto de pa\u00edses las temperaturas cayeron entre 0,9&nbsp;\u00b0C y 2,3&nbsp;\u00b0C. Las ca\u00eddas de demanda m\u00e1s pronunciadas se registraron en Francia, -15%, Italia, -11%, y Espa\u00f1a, -7,1%, que son pa\u00edses que se encuentran en r\u00e9gimen de confinamiento a consecuencia de la pandemia del coronavirus.<br \/>\n<div style='margin-top: 20px;margin-bottom: 20px;'><a title='lectricid- ad paises Europa' href='https:\/\/aleasoft.com\/wp-content\/uploads\/2020\/03\/20200323-AleaSoft-Demanda-electricidad-paises-Europa.png'><img class='aligncenter' src='https:\/\/aleasoft.com\/wp-content\/uploads\/2020\/03\/20200323-AleaSoft-Demanda-electricidad-paises-Europa.png' alt='lectricid- ad paises Europa' width='740'\/><\/a><span style='font-size: small;'>Fuente: Elaborado por AleaSoft con datos de ENTSO-E, RTE, REN, REE, TERNA, National Grid y ELIA.<\/span><\/div><br \/>\nLa entrada en vigor de las \u00f3rdenes de confinamiento ha generado un patr\u00f3n similar en la evoluci\u00f3n de la demanda de electricidad de estos tres pa\u00edses, con una bajada progresiva de la demanda con respecto a los niveles de las semanas anteriores. Pero, en el caso de Francia, la ca\u00edda ha sido mucho m\u00e1s r\u00e1pida y abrupta que en el caso de Espa\u00f1a y de Italia. El gobierno franc\u00e9s estableci\u00f3 medidas de contenci\u00f3n que proh\u00edben los desplazamientos innecesarios a partir del martes 17 al mediod\u00eda. Ya ese mismo martes la demanda de electricidad empez\u00f3 a caer y el mi\u00e9rcoles ya se situ\u00f3 por debajo de la demanda del domingo anterior. El perfil horario de la demanda tambi\u00e9n evolucion\u00f3 r\u00e1pidamente, y el viernes ya se pod\u00eda apreciar claramente un perfil de domingo o festivo.<br \/>\n<div style='margin-top: 20px;margin-bottom: 20px;'><a title='lectricid- ad Francia semanas anteriores coronavirus' href='https:\/\/aleasoft.com\/wp-content\/uploads\/2020\/03\/20200323-AleaSoft-Demanda-electricidad-Francia-semanas-anteriores-coronavirus.png'><img class='aligncenter' src='https:\/\/aleasoft.com\/wp-content\/uploads\/2020\/03\/20200323-AleaSoft-Demanda-electricidad-Francia-semanas-anteriores-coronavirus.png' alt='lectricid- ad Francia semanas anteriores coronavirus' width='740'\/><\/a><span style='font-size: small;'>Fuente: Elaborado por AleaSoft con datos de RTE.<\/span><\/div><br \/>\nEn Espa\u00f1a, la bajada de la demanda fue mucho m\u00e1s gradual desde la declaraci\u00f3n del estado de alarma, el s\u00e1bado 14 de marzo. La ca\u00edda de la demanda respecto a la semana anterior empez\u00f3 alrededor de un 5% el lunes y martes, y el mi\u00e9rcoles se intensific\u00f3 hasta el 8%. El jueves fue festivo en algunas comunidades, por lo que la reducci\u00f3n de la demanda lleg\u00f3 hasta el 13%, mientras que el viernes se qued\u00f3 en un descenso del 11%. Para el fin de semana, las ca\u00eddas fueron menores dado que el estado de alarma ya estaba vigente el fin de semana anterior.<br \/>\nEl perfil horario de la demanda tambi\u00e9n sufri\u00f3 modificaciones en Espa\u00f1a. Durante la semana pasada, el pico de demanda de la ma\u00f1ana se retras\u00f3 alrededor de tres horas, mientras que el horario del pico de la noche se mantuvo, indicando un desplazamiento claro de un perfil m\u00e1s industrial y comercial hacia un perfil m\u00e1s dom\u00e9stico.<br \/>\n<div style='margin-top: 20px;margin-bottom: 20px;'><a title='lectricid- ad Espana semanas anteriores coronavirus' href='https:\/\/aleasoft.com\/wp-content\/uploads\/2020\/03\/20200323-AleaSoft-Demanda-electricidad-Espana-semanas-anteriores-coronavirus.png'><img class='aligncenter' src='https:\/\/aleasoft.com\/wp-content\/uploads\/2020\/03\/20200323-AleaSoft-Demanda-electricidad-Espana-semanas-anteriores-coronavirus.png' alt='lectricid- ad Espana semanas anteriores coronavirus' width='740'\/><\/a><span style='font-size: small;'>Fuente: Elaborado por AleaSoft con datos de REE.<\/span><\/div><br \/>\nItalia ya cumpli\u00f3 su segunda semana de confinamiento. La semana de transici\u00f3n y descenso gradual de la demanda de electricidad fue la semana del 9 al 15 de marzo, mientras que, en esta \u00faltima semana del 16 al 22 de marzo, la demanda se ha mantenido m\u00e1s estable, tambi\u00e9n con un perfil horario claramente m\u00e1s dom\u00e9stico con un mayor pico por la noche.<br \/>\nLa intenci\u00f3n del gobierno italiano es endurecer las condiciones de confinamiento de la poblaci\u00f3n y el cese de toda actividad que no sea imprescindible, por lo que se podr\u00eda ver un nuevo descenso de la demanda esta semana.<br \/>\n<div style='margin-top: 20px;margin-bottom: 20px;'><a title='lectricid- ad Italia semanas anteriores coronavirus' href='https:\/\/aleasoft.com\/wp-content\/uploads\/2020\/03\/20200323-AleaSoft-Demanda-electricidad-Italia-semanas-anteriores-coronavirus.png'><img class='aligncenter' src='https:\/\/aleasoft.com\/wp-content\/uploads\/2020\/03\/20200323-AleaSoft-Demanda-electricidad-Italia-semanas-anteriores-coronavirus.png' alt='lectricid- ad Italia semanas anteriores coronavirus' width='740'\/><\/a><span style='font-size: small;'>Fuente: Elaborado por AleaSoft con datos de TERNA.<\/span><\/div><br \/>\nPara esta semana en AleaSoft se prev\u00e9 un descenso pronunciado de las temperaturas de entre 1&nbsp;\u00b0C y 5&nbsp;\u00b0C en los todos pa\u00edses europeos, lo que puede contrarrestar parcialmente la ca\u00edda de la demanda a causa del paro de la actividad econ\u00f3mica. Pero sin duda, este par\u00f3n de actividad industrial y comercial ser\u00e1 lo que marcar\u00e1 la evoluci\u00f3n de la demanda de electricidad durante las pr\u00f3ximas semanas y meses.<\/p>\n<h2>Mercados el\u00e9ctricos europeos<\/h2>\n<p>En la mayor\u00eda de los mercados europeos analizados por AleaSoft los precios dismuyeron la semana pasada respecto a la semana del 9 de marzo. Las excepciones fueron el mercado  de Alemania y el mercado N2EX de Gran Breta\u00f1a, aunque en ambos casos el aumento fue menor al 3%. En el mercado alem\u00e1n el incremento fue de un 1,8%. Esto a pesar de presentar horas negativas desde las 10 hasta las 16 horas (CET) este domingo 22 de marzo, promediandose un precio negativo de 0,95 \u20ac\/MWh para el d\u00eda. Adem\u00e1s, en la hora 14 se alcanz\u00f3 el precio horario m\u00e1s bajo, de 55,05 \u20ac\/MWh desde el obtenido en la hora 16 del domigo 15 de marzo. El mercado brit\u00e1nico, con un incremento del 2,8%, fue el mercado con los precios m\u00e1s altos durante toda la semana pasada, manteniendose por encima de los 34 \u20ac\/MWh y promediando un precio de 36,60 \u20ac\/MWh para la semana finalizada.<br \/>\nPor otra parte, en los mercados  de B\u00e9lgica, Francia y los Pa\u00edses Bajos los descensos fueron del 23%, 20% y 18% respectivamente. En estos mercados tambi\u00e9n se obtuvieron pecios negativos para algunas de las horas del domigo pasado, llegando a promediar precios de 0,70 \u20ac\/MWh en el caso de B\u00e9lgica y sobre los 6 \u20ac\/MWh en el caso de Francia y los Pa\u00edses Bajos. El mercado Nord Pool de los pa\u00edses n\u00f3rdicos, con un descenso del 12%, fue el mercado de menor precio durante la mayor parte de la semana pasada, a excepci\u00f3n del domingo 22 de marzo, cuando promedi\u00f3 un precio de 6,73 \u20ac\/MWh, el m\u00e1s bajo en ese mercado en lo que va de a\u00f1o, pero superior a los precios de los mercados de  para ese d\u00eda.<br \/>\nEn tanto, en el mercado IPEX de Italia la semana pasada los precios descendieron un 18% respecto a la anterior. Debido a la baja demanda de electricidad derivada de las medidas de confinamiento tomadas en el pa\u00eds para combatir la propagaci\u00f3n del SARS Cov 2, los precios de este mercado comenzaron la semana con precios cercanos a los 34 \u20ac\/MWh y fueron bajando durante el resto de la semana hasta los 24,77 \u20ac\/MWh del domingo.<br \/>\nLa influencia de las medidas aplicadas para combatir la pandemia de COVID 19 durante la semana pasada propiciaron la bajada de la demana el\u00e9ctrica de manera generalizada en los mercados de Europa, lo que a su vez favoreci\u00f3 el descenso en los precios de gran parte de los mercados de electricidad del continente.<br \/>\n<div style='margin-top: 20px;margin-bottom: 20px;'><a title='cio merca- dos demanda electricidad temperatura europa' href='https:\/\/aleasoft.com\/wp-content\/uploads\/2020\/03\/20200323-AleaSoft-Tabla-precio-mercados-demanda-electricidad-temperatura-europa.png'><img class='aligncenter' src='https:\/\/aleasoft.com\/wp-content\/uploads\/2020\/03\/20200323-AleaSoft-Tabla-precio-mercados-demanda-electricidad-temperatura-europa.png' alt='cio merca- dos demanda electricidad temperatura europa' width='740'\/><\/a><\/div><br \/>\nEn el mercado MIBEL de Espa\u00f1a y Portugal la bajada de los precios durante la semana pasada fue del 17% para ambos polos. Con una convergencia del 100% en los precios horarios de ambos mercados, el precio promedio semanal fue de 28,55 \u20ac\/MWh. A\u00fan as\u00ed, se situaron en tercera posici\u00f3n en el ranking de los mercados con los precios m\u00e1s elevados de la semana en el continente. La baja demanda de electricidad durante la semana pasada debido a las medidas adoptadas por el gobierno espa\u00f1ol para combatir la expansi\u00f3n del coronavirus, en conjunto con una mayor producci\u00f3n e\u00f3lica permitieron que los precios descendieran, manteniendose por debajo de los 30 \u20ac\/MWh durante la mayor parte de la semana.<br \/>\n<div style='margin-top: 20px;margin-bottom: 20px;'><a title='ercados e- uropeos electricidad' href='https:\/\/aleasoft.com\/wp-content\/uploads\/2020\/03\/20200323-AleaSoft-Precios-mercados-europeos-electricidad.png'><img class='aligncenter' src='https:\/\/aleasoft.com\/wp-content\/uploads\/2020\/03\/20200323-AleaSoft-Precios-mercados-europeos-electricidad.png' alt='ercados e- uropeos electricidad' width='740'\/><\/a><span style='font-size: small;'>Fuente: Elaborado por AleaSoft con datos de OMIE, , N2EX, IPEX y Nord Pool.<\/span><\/div><br \/>\nPara este lunes 23 de marzo los precios disminuyeron en la mayor\u00eda de los mercados respecto al lunes 16 de marzo. El mercado MIBEL fue la excepci\u00f3n donde, con un precio diario de 29,04 \u20ac\/MWh tanto para Espa\u00f1a como para Portugal, aument\u00f3 un 7,5% y se posicion\u00f3 como el segundo mercado con los precios m\u00e1s altos del continente, por debajo del mercado brit\u00e1nico con un precio diario de 35,34 \u20ac\/MWh. Los mercados  estuvieron bastante acoplados para este d\u00eda con precios cercanos a los 17 \u20ac\/MWh. El mercado italiano, con un precio promedio diario de 16,97 \u20ac\/MWh y una variaci\u00f3n del 49% respecto al lunes 16 de marzo, se acerc\u00f3 al grupo de mercados de . Mientras que el mercado Nord Pool con un precio promedio de 7,82 \u20ac\/MWh contin\u00faa siendo el mercado con los precios m\u00e1s bajos para este lunes.<br \/>\nEn general, <a href=\"https:\/\/aleasoft.com\/es\/productos-y-servicios\/previsiones-de-precios-de-energia\/\">en <strong>AleaSoft<\/strong> se prev\u00e9 que los precios de los mercados del continente europeos<\/a> est\u00e9n menos acoplados durante esta semana. En la mayor\u00eda de los mercados los precios se mantendr\u00e1n estables durante la mayor parte de la semana, descendiendo a finales de semana por una menor demanda. Por otra parte, en el mercado IPEX de Italia se espera que los precios contin\u00faen desciendo.<\/p>\n<h2>Futuros de electricidad<\/h2>\n<p>Los precios de los futuros de electricidad para el segundo trimestre de 2020 durante la semana pasada experimentaron una bajada abrupta y generalizada en todos los mercados europeos analizados en AleaSoft. El principal factor que mueve los precios de esta manera es la previsi\u00f3n de una baja demanda el\u00e9ctrica a causa de las pol\u00edticas de confinamiento que est\u00e1n implementando los pa\u00edses europeos para frenar la expansi\u00f3n del coronavirus. La bajada m\u00e1s pronunciada la registr\u00f3 el mercado EEX de Francia, que entre el cierre del viernes 13 de marzo y el del viernes 20 de marzo, tuvo una diferencia negativa de m\u00e1s de 8 \u20ac\/MWh, representando una variaci\u00f3n del 27%. Porcentualmente, todos los descensos entre los cierres de ambas semanas estuvieron por encima del 12%.<br \/>\nEn el caso del futuro para el a\u00f1o calendario 2021, tambi\u00e9n hubo una bajada de precios generalizada durante la semana pasada. El escenario es pr\u00e1cticamente el mismo. En este caso el mayor descenso en t\u00e9rminos porcentuales lo presentaron el mercado ICE y el mercado NASDAQ de los pa\u00edses n\u00f3rdicos, con decrementos del 15% y del 14% respectivamente. Sin embargo, en t\u00e9rminos absolutos es el mercado EEX de Italia el que registr\u00f3 la mayor bajada de precios entre los cierres de las dos semanas, con una reducci\u00f3n de 4,56 \u20ac\/MWh.<br \/>\n<div style='margin-top: 20px;margin-bottom: 20px;'><a title='cio liqui- dacion mercados futuros electricidad Europa Q1 y Y1' href='https:\/\/aleasoft.com\/wp-content\/uploads\/2020\/03\/20200323-AleaSoft-Tabla-precio-liquidacion-mercados-futuros-electricidad-Europa-Q1-y-Y1.png'><img class='aligncenter' src='https:\/\/aleasoft.com\/wp-content\/uploads\/2020\/03\/20200323-AleaSoft-Tabla-precio-liquidacion-mercados-futuros-electricidad-Europa-Q1-y-Y1.png' alt='cio liqui- dacion mercados futuros electricidad Europa Q1 y Y1' width='740'\/><\/a><\/div><\/p>\n<h2>Brent, combustibles y CO<sub>2<\/sub><\/h2>\n<p>Los precios de los futuros de petr\u00f3leo Brent para el mes de mayo de 2020 en el mercado ICE, iniciaron la semana pasada con descensos hasta alcanzar el mi\u00e9rcoles 18 de marzo un precio de cierre de 24,88 $\/bbl, el m\u00e1s bajo desde los registrados en abril de 2003. Pero el jueves 19 de marzo se produjo una recuperaci\u00f3n del 14% respecto al d\u00eda anterior hasta los 28,47 $\/bbl. El viernes 20 de marzo los precios volvieron a descender registr\u00e1ndose un precio de cierre de 26,98 $\/bbl, un 20% inferior al del viernes de la semana anterior.<br \/>\nEl descenso de la demanda debida a las restricciones impuestas en muchos pa\u00edses para intentar contener la expansi\u00f3n del coronavirus y el hecho de que la capacidad de almacenamiento actual sea muy reducida, obligando a los productores a vender el petr\u00f3leo extra\u00eddo inmediatamente, est\u00e1n afectando a los precios de los futuros de petr\u00f3leo Brent.<br \/>\nEn un momento en el que las medidas de contenci\u00f3n contra la pandemia del coronavirus tienden a prolongarse en el tiempo y a ser m\u00e1s restrictivas en la mayor\u00eda de los pa\u00edses es de esperar que los precios del petr\u00f3leo contin\u00faen descendiendo.<br \/>\nSin embargo, la semana pasada se iniciaron conversaciones entre la OPEP y productores estadounidenses con el objetivo de frenar la guerra de precios.<br \/>\nLos precios de los futuros de gas TTF en el mercado ICE para el mes de abril de 2020 la semana pasada se mantuvieron por debajo de los 9 \u20ac\/MWh y descendieron casi todos los d\u00edas, excepto el jueves 19 de marzo cuando se produjo una recuperaci\u00f3n del 3,4% respecto al d\u00eda anterior. El precio de cierre m\u00e1s bajo de la semana, de 8,26 \u20ac\/MWh, se registr\u00f3 el mi\u00e9rcoles 18 de marzo. Este precio es un 12% inferior al del mismo d\u00eda de la semana anterior y el m\u00e1s bajo de los \u00faltimos dos a\u00f1os. Al parecer la racha de precios r\u00e9cord bajos continuar\u00e1, pues en la sesi\u00f3n de hoy se han registrado precios por debajo de los 8 \u20ac\/MWh.<br \/>\nPor lo que respecta al gas TTF en el mercado spot, inici\u00f3 la semana pasada con un precio \u00edndice de 9,56 \u20ac\/MWh para el lunes 16 de marzo. Posteriormente, los precios descendieron hasta los 8,36 \u20ac\/MWh del jueves 19 de marzo, que fue el menor precio de la semana y desde principios de septiembre de 2019. A partir del viernes, 20 de marzo, los precios se han estabilizado en torno a los 8,52 \u20ac\/MWh. Hoy lunes 23 de marzo el precio \u00edndice es de 8,57 \u20ac\/MWh.<br \/>\nPor otra parte, los precios de los futuros del carb\u00f3n API 2 en el mercado ICE para el mes de abril de 2020, la semana pasada tuvieron el comportamiento contrario al de los futuros de gas y de petr\u00f3leo. En el caso del carb\u00f3n, los precios subieron casi toda la semana, excepto el jueves 19 de marzo, cuando descendieron un 1,7% respecto al d\u00eda anterior. El precio de cierre m\u00e1ximo de la semana pasada, de 50,30 $\/t, fue el del mi\u00e9rcoles 18 de marzo. Este valor es un 5,5% superior al del mi\u00e9rcoles de la semana anterior y el m\u00e1s elevado desde el 18 de febrero.<br \/>\nEste comportamiento puede estar relacionado con unas temperaturas m\u00e1s fr\u00edas y un aumento de la demanda en el mercado asi\u00e1tico, as\u00ed como con el hecho de que los productores est\u00e9n impidiendo el descenso de los precios por debajo de los precios de coste.<br \/>\nEn cuanto a los precios de los futuros de derechos de emisi\u00f3n de CO2 en el mercado EEX para el contrato de referencia de diciembre de 2020, iniciaron la semana pasada con la misma tendencia descendente de la semana anterior. El mi\u00e9rcoles 18 de marzo se alcanz\u00f3 un precio de cierre de 15,30 \u20ac\/t, un 36% inferior al del mi\u00e9rcoles de la semana anterior. Este valor es el m\u00e1s bajo de la semana pasada y desde noviembre de 2018. Por otra parte, el jueves se produjo una recuperaci\u00f3n del 7,2% respecto al d\u00eda anterior. Pero, el viernes el precio volvi\u00f3 a descender un 1,8% hasta registrarse un precio de cierre de 16,11 \u20ac\/t.<br \/>\nA medida que el coronavirus se extiende por Europa y los pa\u00edses cada vez toman medidas m\u00e1s restrictivas para intentar contenerlo, es de esperar que esto ejerza una influencia a la baja sobre los precios de los futuros de los derechos de emisi\u00f3n.<br \/>\n<div style='margin-top: 20px;margin-bottom: 20px;'><a title='as carbon-  Brent CO2' href='https:\/\/aleasoft.com\/wp-content\/uploads\/2020\/03\/20200323-AleaSoft-Precios-gas-carbon-Brent-CO2.png'><img class='aligncenter' src='https:\/\/aleasoft.com\/wp-content\/uploads\/2020\/03\/20200323-AleaSoft-Precios-gas-carbon-Brent-CO2.png' alt='as carbon-  Brent CO2' width='740'\/><\/a><span style='font-size: small;'> Fuente: Elaborado por AleaSoft con datos de ICE y EEX.<\/span><\/div><br \/>\nFuente: <strong>AleaSoft Energy Forecasting<\/strong><\/p>\n","protected":false},"excerpt":{"rendered":"<p>AleaSoft, 23 de marzo de 2020. La demanda el\u00e9ctrica europea baj\u00f3 de forma generalizada en los mercados europeos, especialmente en aquellos que se encuentran en r\u00e9gimen de confinamiento por el coronavirus: Francia, Italia y Espa\u00f1a. Esto provoc\u00f3 el descenso de los precios en los mercados. Las bajadas tambi\u00e9n se vivieron en otros mercados como los [&hellip;]<\/p>\n","protected":false},"author":1,"featured_media":87739,"comment_status":"closed","ping_status":"closed","sticky":false,"template":"","format":"standard","meta":{"footnotes":""},"categories":[568],"tags":[574],"class_list":["post-87717","post","type-post","status-publish","format-standard","has-post-thumbnail","hentry","category-noticias","tag-noticias"],"yoast_head":"<!-- This site is optimized with the Yoast SEO Premium plugin v27.4 (Yoast SEO v27.4) - https:\/\/yoast.com\/product\/yoast-seo-premium-wordpress\/ -->\n<title>Ca\u00edda de la demanda y los precios de los mercados el\u00e9ctricos europeos por la crisis del COVID 19 - AleaSoft Energy Forecasting<\/title>\n<meta name=\"description\" content=\"La demanda el\u00e9ctrica europea baj\u00f3 de forma generalizada en los mercados europeos, especialmente en aquellos que se encuentran en r\u00e9gimen de confinamiento por el coronavirus: Francia, Italia y Espa\u00f1a.\" \/>\n<meta name=\"robots\" content=\"index, follow, max-snippet:-1, max-image-preview:large, max-video-preview:-1\" \/>\n<link rel=\"canonical\" href=\"https:\/\/aleasoft.com\/es\/caida-demanda-precios-mercados-electricos-europeos-crisis-covid-19\/\" \/>\n<meta property=\"og:locale\" content=\"es_ES\" \/>\n<meta property=\"og:type\" content=\"article\" \/>\n<meta property=\"og:title\" content=\"Ca\u00edda de la demanda y los precios de los mercados el\u00e9ctricos europeos por la crisis del COVID 19\" \/>\n<meta property=\"og:description\" content=\"La demanda el\u00e9ctrica europea baj\u00f3 de forma generalizada en los mercados europeos, especialmente en aquellos que se encuentran en r\u00e9gimen de confinamiento por el coronavirus: Francia, Italia y Espa\u00f1a.\" \/>\n<meta property=\"og:url\" content=\"https:\/\/aleasoft.com\/es\/caida-demanda-precios-mercados-electricos-europeos-crisis-covid-19\/\" \/>\n<meta property=\"og:site_name\" content=\"AleaSoft Energy Forecasting\" \/>\n<meta property=\"article:publisher\" content=\"https:\/\/www.facebook.com\/AleaSoft\/\" \/>\n<meta property=\"article:published_time\" content=\"2020-03-23T18:33:51+00:00\" \/>\n<meta property=\"article:modified_time\" content=\"2020-04-14T15:40:58+00:00\" \/>\n<meta property=\"og:image\" content=\"https:\/\/aleasoft.com\/wp-content\/uploads\/2020\/03\/20200323-AleaSoft-Demanda-electricidad-paises-Europa.png\" \/>\n\t<meta property=\"og:image:width\" content=\"2282\" \/>\n\t<meta property=\"og:image:height\" content=\"1582\" \/>\n\t<meta property=\"og:image:type\" content=\"image\/png\" \/>\n<meta name=\"author\" content=\"AleaSoft Energy Forecasting\" \/>\n<meta name=\"twitter:card\" content=\"summary_large_image\" \/>\n<meta name=\"twitter:creator\" content=\"@AleaSoftEnergy\" \/>\n<meta name=\"twitter:site\" content=\"@AleaSoftEnergy\" \/>\n<meta name=\"twitter:label1\" content=\"Escrito por\" \/>\n\t<meta name=\"twitter:data1\" content=\"AleaSoft Energy Forecasting\" \/>\n\t<meta name=\"twitter:label2\" content=\"Tiempo de lectura\" \/>\n\t<meta name=\"twitter:data2\" content=\"15 minutos\" \/>\n<script type=\"application\/ld+json\" class=\"yoast-schema-graph\">{\"@context\":\"https:\\\/\\\/schema.org\",\"@graph\":[{\"@type\":\"Article\",\"@id\":\"https:\\\/\\\/aleasoft.com\\\/es\\\/caida-demanda-precios-mercados-electricos-europeos-crisis-covid-19\\\/#article\",\"isPartOf\":{\"@id\":\"https:\\\/\\\/aleasoft.com\\\/es\\\/caida-demanda-precios-mercados-electricos-europeos-crisis-covid-19\\\/\"},\"author\":{\"name\":\"AleaSoft Energy Forecasting\",\"@id\":\"https:\\\/\\\/aleasoft.com\\\/#\\\/schema\\\/person\\\/99ee8b0f2ecbd56ba78005c6b7864d67\"},\"headline\":\"Ca\u00edda de la demanda y los precios de los mercados el\u00e9ctricos europeos por la crisis del COVID 19\",\"datePublished\":\"2020-03-23T18:33:51+00:00\",\"dateModified\":\"2020-04-14T15:40:58+00:00\",\"mainEntityOfPage\":{\"@id\":\"https:\\\/\\\/aleasoft.com\\\/es\\\/caida-demanda-precios-mercados-electricos-europeos-crisis-covid-19\\\/\"},\"wordCount\":2985,\"publisher\":{\"@id\":\"https:\\\/\\\/aleasoft.com\\\/#organization\"},\"image\":{\"@id\":\"https:\\\/\\\/aleasoft.com\\\/es\\\/caida-demanda-precios-mercados-electricos-europeos-crisis-covid-19\\\/#primaryimage\"},\"thumbnailUrl\":\"https:\\\/\\\/aleasoft.com\\\/wp-content\\\/uploads\\\/2020\\\/03\\\/20200323-AleaSoft-Demanda-electricidad-paises-Europa.png\",\"keywords\":[\"noticias\"],\"articleSection\":[\"Noticias\"],\"inLanguage\":\"es\"},{\"@type\":\"WebPage\",\"@id\":\"https:\\\/\\\/aleasoft.com\\\/es\\\/caida-demanda-precios-mercados-electricos-europeos-crisis-covid-19\\\/\",\"url\":\"https:\\\/\\\/aleasoft.com\\\/es\\\/caida-demanda-precios-mercados-electricos-europeos-crisis-covid-19\\\/\",\"name\":\"Ca\u00edda de la demanda y los precios de los mercados el\u00e9ctricos europeos por la crisis del COVID 19 - AleaSoft Energy Forecasting\",\"isPartOf\":{\"@id\":\"https:\\\/\\\/aleasoft.com\\\/#website\"},\"primaryImageOfPage\":{\"@id\":\"https:\\\/\\\/aleasoft.com\\\/es\\\/caida-demanda-precios-mercados-electricos-europeos-crisis-covid-19\\\/#primaryimage\"},\"image\":{\"@id\":\"https:\\\/\\\/aleasoft.com\\\/es\\\/caida-demanda-precios-mercados-electricos-europeos-crisis-covid-19\\\/#primaryimage\"},\"thumbnailUrl\":\"https:\\\/\\\/aleasoft.com\\\/wp-content\\\/uploads\\\/2020\\\/03\\\/20200323-AleaSoft-Demanda-electricidad-paises-Europa.png\",\"datePublished\":\"2020-03-23T18:33:51+00:00\",\"dateModified\":\"2020-04-14T15:40:58+00:00\",\"description\":\"La demanda el\u00e9ctrica europea baj\u00f3 de forma generalizada en los mercados europeos, especialmente en aquellos que se encuentran en r\u00e9gimen de confinamiento por el coronavirus: Francia, Italia y Espa\u00f1a.\",\"breadcrumb\":{\"@id\":\"https:\\\/\\\/aleasoft.com\\\/es\\\/caida-demanda-precios-mercados-electricos-europeos-crisis-covid-19\\\/#breadcrumb\"},\"inLanguage\":\"es\",\"potentialAction\":[{\"@type\":\"ReadAction\",\"target\":[\"https:\\\/\\\/aleasoft.com\\\/es\\\/caida-demanda-precios-mercados-electricos-europeos-crisis-covid-19\\\/\"]}]},{\"@type\":\"ImageObject\",\"inLanguage\":\"es\",\"@id\":\"https:\\\/\\\/aleasoft.com\\\/es\\\/caida-demanda-precios-mercados-electricos-europeos-crisis-covid-19\\\/#primaryimage\",\"url\":\"https:\\\/\\\/aleasoft.com\\\/wp-content\\\/uploads\\\/2020\\\/03\\\/20200323-AleaSoft-Demanda-electricidad-paises-Europa.png\",\"contentUrl\":\"https:\\\/\\\/aleasoft.com\\\/wp-content\\\/uploads\\\/2020\\\/03\\\/20200323-AleaSoft-Demanda-electricidad-paises-Europa.png\",\"width\":2282,\"height\":1582},{\"@type\":\"BreadcrumbList\",\"@id\":\"https:\\\/\\\/aleasoft.com\\\/es\\\/caida-demanda-precios-mercados-electricos-europeos-crisis-covid-19\\\/#breadcrumb\",\"itemListElement\":[{\"@type\":\"ListItem\",\"position\":1,\"name\":\"Home\",\"item\":\"https:\\\/\\\/aleasoft.com\\\/es\\\/\"},{\"@type\":\"ListItem\",\"position\":2,\"name\":\"Ca\u00edda de la demanda y los precios de los mercados el\u00e9ctricos europeos por la crisis del COVID 19\"}]},{\"@type\":\"WebSite\",\"@id\":\"https:\\\/\\\/aleasoft.com\\\/#website\",\"url\":\"https:\\\/\\\/aleasoft.com\\\/\",\"name\":\"AleaSoft Energy Forecasting\",\"description\":\"Energy Forecasting\",\"publisher\":{\"@id\":\"https:\\\/\\\/aleasoft.com\\\/#organization\"},\"potentialAction\":[{\"@type\":\"SearchAction\",\"target\":{\"@type\":\"EntryPoint\",\"urlTemplate\":\"https:\\\/\\\/aleasoft.com\\\/?s={search_term_string}\"},\"query-input\":{\"@type\":\"PropertyValueSpecification\",\"valueRequired\":true,\"valueName\":\"search_term_string\"}}],\"inLanguage\":\"es\"},{\"@type\":\"Organization\",\"@id\":\"https:\\\/\\\/aleasoft.com\\\/#organization\",\"name\":\"AleaSoft Energy Forecasting\",\"url\":\"https:\\\/\\\/aleasoft.com\\\/\",\"logo\":{\"@type\":\"ImageObject\",\"inLanguage\":\"es\",\"@id\":\"https:\\\/\\\/aleasoft.com\\\/#\\\/schema\\\/logo\\\/image\\\/\",\"url\":\"https:\\\/\\\/aleasoft.com\\\/wp-content\\\/uploads\\\/2020\\\/01\\\/logo-alea-25.svg\",\"contentUrl\":\"https:\\\/\\\/aleasoft.com\\\/wp-content\\\/uploads\\\/2020\\\/01\\\/logo-alea-25.svg\",\"width\":7047,\"height\":1416,\"caption\":\"AleaSoft Energy Forecasting\"},\"image\":{\"@id\":\"https:\\\/\\\/aleasoft.com\\\/#\\\/schema\\\/logo\\\/image\\\/\"},\"sameAs\":[\"https:\\\/\\\/www.facebook.com\\\/AleaSoft\\\/\",\"https:\\\/\\\/x.com\\\/AleaSoftEnergy\",\"https:\\\/\\\/www.linkedin.com\\\/company\\\/aleasoft\\\/\"]},{\"@type\":\"Person\",\"@id\":\"https:\\\/\\\/aleasoft.com\\\/#\\\/schema\\\/person\\\/99ee8b0f2ecbd56ba78005c6b7864d67\",\"name\":\"AleaSoft Energy Forecasting\",\"image\":{\"@type\":\"ImageObject\",\"inLanguage\":\"es\",\"@id\":\"https:\\\/\\\/secure.gravatar.com\\\/avatar\\\/3ce8db70bda469bc8382df5990537888cf96f625c0fde5b0292ff5ab10560f88?s=96&d=mm&r=g\",\"url\":\"https:\\\/\\\/secure.gravatar.com\\\/avatar\\\/3ce8db70bda469bc8382df5990537888cf96f625c0fde5b0292ff5ab10560f88?s=96&d=mm&r=g\",\"contentUrl\":\"https:\\\/\\\/secure.gravatar.com\\\/avatar\\\/3ce8db70bda469bc8382df5990537888cf96f625c0fde5b0292ff5ab10560f88?s=96&d=mm&r=g\",\"caption\":\"AleaSoft Energy Forecasting\"},\"sameAs\":[\"http:\\\/\\\/aleasoft.com\"]}]}<\/script>\n<!-- \/ Yoast SEO Premium plugin. -->","yoast_head_json":{"title":"Ca\u00edda de la demanda y los precios de los mercados el\u00e9ctricos europeos por la crisis del COVID 19 - AleaSoft Energy Forecasting","description":"La demanda el\u00e9ctrica europea baj\u00f3 de forma generalizada en los mercados europeos, especialmente en aquellos que se encuentran en r\u00e9gimen de confinamiento por el coronavirus: Francia, Italia y Espa\u00f1a.","robots":{"index":"index","follow":"follow","max-snippet":"max-snippet:-1","max-image-preview":"max-image-preview:large","max-video-preview":"max-video-preview:-1"},"canonical":"https:\/\/aleasoft.com\/es\/caida-demanda-precios-mercados-electricos-europeos-crisis-covid-19\/","og_locale":"es_ES","og_type":"article","og_title":"Ca\u00edda de la demanda y los precios de los mercados el\u00e9ctricos europeos por la crisis del COVID 19","og_description":"La demanda el\u00e9ctrica europea baj\u00f3 de forma generalizada en los mercados europeos, especialmente en aquellos que se encuentran en r\u00e9gimen de confinamiento por el coronavirus: Francia, Italia y Espa\u00f1a.","og_url":"https:\/\/aleasoft.com\/es\/caida-demanda-precios-mercados-electricos-europeos-crisis-covid-19\/","og_site_name":"AleaSoft Energy Forecasting","article_publisher":"https:\/\/www.facebook.com\/AleaSoft\/","article_published_time":"2020-03-23T18:33:51+00:00","article_modified_time":"2020-04-14T15:40:58+00:00","og_image":[{"width":2282,"height":1582,"url":"https:\/\/aleasoft.com\/wp-content\/uploads\/2020\/03\/20200323-AleaSoft-Demanda-electricidad-paises-Europa.png","type":"image\/png"}],"author":"AleaSoft Energy Forecasting","twitter_card":"summary_large_image","twitter_creator":"@AleaSoftEnergy","twitter_site":"@AleaSoftEnergy","twitter_misc":{"Escrito por":"AleaSoft Energy Forecasting","Tiempo de lectura":"15 minutos"},"schema":{"@context":"https:\/\/schema.org","@graph":[{"@type":"Article","@id":"https:\/\/aleasoft.com\/es\/caida-demanda-precios-mercados-electricos-europeos-crisis-covid-19\/#article","isPartOf":{"@id":"https:\/\/aleasoft.com\/es\/caida-demanda-precios-mercados-electricos-europeos-crisis-covid-19\/"},"author":{"name":"AleaSoft Energy Forecasting","@id":"https:\/\/aleasoft.com\/#\/schema\/person\/99ee8b0f2ecbd56ba78005c6b7864d67"},"headline":"Ca\u00edda de la demanda y los precios de los mercados el\u00e9ctricos europeos por la crisis del COVID 19","datePublished":"2020-03-23T18:33:51+00:00","dateModified":"2020-04-14T15:40:58+00:00","mainEntityOfPage":{"@id":"https:\/\/aleasoft.com\/es\/caida-demanda-precios-mercados-electricos-europeos-crisis-covid-19\/"},"wordCount":2985,"publisher":{"@id":"https:\/\/aleasoft.com\/#organization"},"image":{"@id":"https:\/\/aleasoft.com\/es\/caida-demanda-precios-mercados-electricos-europeos-crisis-covid-19\/#primaryimage"},"thumbnailUrl":"https:\/\/aleasoft.com\/wp-content\/uploads\/2020\/03\/20200323-AleaSoft-Demanda-electricidad-paises-Europa.png","keywords":["noticias"],"articleSection":["Noticias"],"inLanguage":"es"},{"@type":"WebPage","@id":"https:\/\/aleasoft.com\/es\/caida-demanda-precios-mercados-electricos-europeos-crisis-covid-19\/","url":"https:\/\/aleasoft.com\/es\/caida-demanda-precios-mercados-electricos-europeos-crisis-covid-19\/","name":"Ca\u00edda de la demanda y los precios de los mercados el\u00e9ctricos europeos por la crisis del COVID 19 - AleaSoft Energy Forecasting","isPartOf":{"@id":"https:\/\/aleasoft.com\/#website"},"primaryImageOfPage":{"@id":"https:\/\/aleasoft.com\/es\/caida-demanda-precios-mercados-electricos-europeos-crisis-covid-19\/#primaryimage"},"image":{"@id":"https:\/\/aleasoft.com\/es\/caida-demanda-precios-mercados-electricos-europeos-crisis-covid-19\/#primaryimage"},"thumbnailUrl":"https:\/\/aleasoft.com\/wp-content\/uploads\/2020\/03\/20200323-AleaSoft-Demanda-electricidad-paises-Europa.png","datePublished":"2020-03-23T18:33:51+00:00","dateModified":"2020-04-14T15:40:58+00:00","description":"La demanda el\u00e9ctrica europea baj\u00f3 de forma generalizada en los mercados europeos, especialmente en aquellos que se encuentran en r\u00e9gimen de confinamiento por el coronavirus: Francia, Italia y Espa\u00f1a.","breadcrumb":{"@id":"https:\/\/aleasoft.com\/es\/caida-demanda-precios-mercados-electricos-europeos-crisis-covid-19\/#breadcrumb"},"inLanguage":"es","potentialAction":[{"@type":"ReadAction","target":["https:\/\/aleasoft.com\/es\/caida-demanda-precios-mercados-electricos-europeos-crisis-covid-19\/"]}]},{"@type":"ImageObject","inLanguage":"es","@id":"https:\/\/aleasoft.com\/es\/caida-demanda-precios-mercados-electricos-europeos-crisis-covid-19\/#primaryimage","url":"https:\/\/aleasoft.com\/wp-content\/uploads\/2020\/03\/20200323-AleaSoft-Demanda-electricidad-paises-Europa.png","contentUrl":"https:\/\/aleasoft.com\/wp-content\/uploads\/2020\/03\/20200323-AleaSoft-Demanda-electricidad-paises-Europa.png","width":2282,"height":1582},{"@type":"BreadcrumbList","@id":"https:\/\/aleasoft.com\/es\/caida-demanda-precios-mercados-electricos-europeos-crisis-covid-19\/#breadcrumb","itemListElement":[{"@type":"ListItem","position":1,"name":"Home","item":"https:\/\/aleasoft.com\/es\/"},{"@type":"ListItem","position":2,"name":"Ca\u00edda de la demanda y los precios de los mercados el\u00e9ctricos europeos por la crisis del COVID 19"}]},{"@type":"WebSite","@id":"https:\/\/aleasoft.com\/#website","url":"https:\/\/aleasoft.com\/","name":"AleaSoft Energy Forecasting","description":"Energy Forecasting","publisher":{"@id":"https:\/\/aleasoft.com\/#organization"},"potentialAction":[{"@type":"SearchAction","target":{"@type":"EntryPoint","urlTemplate":"https:\/\/aleasoft.com\/?s={search_term_string}"},"query-input":{"@type":"PropertyValueSpecification","valueRequired":true,"valueName":"search_term_string"}}],"inLanguage":"es"},{"@type":"Organization","@id":"https:\/\/aleasoft.com\/#organization","name":"AleaSoft Energy Forecasting","url":"https:\/\/aleasoft.com\/","logo":{"@type":"ImageObject","inLanguage":"es","@id":"https:\/\/aleasoft.com\/#\/schema\/logo\/image\/","url":"https:\/\/aleasoft.com\/wp-content\/uploads\/2020\/01\/logo-alea-25.svg","contentUrl":"https:\/\/aleasoft.com\/wp-content\/uploads\/2020\/01\/logo-alea-25.svg","width":7047,"height":1416,"caption":"AleaSoft Energy Forecasting"},"image":{"@id":"https:\/\/aleasoft.com\/#\/schema\/logo\/image\/"},"sameAs":["https:\/\/www.facebook.com\/AleaSoft\/","https:\/\/x.com\/AleaSoftEnergy","https:\/\/www.linkedin.com\/company\/aleasoft\/"]},{"@type":"Person","@id":"https:\/\/aleasoft.com\/#\/schema\/person\/99ee8b0f2ecbd56ba78005c6b7864d67","name":"AleaSoft Energy Forecasting","image":{"@type":"ImageObject","inLanguage":"es","@id":"https:\/\/secure.gravatar.com\/avatar\/3ce8db70bda469bc8382df5990537888cf96f625c0fde5b0292ff5ab10560f88?s=96&d=mm&r=g","url":"https:\/\/secure.gravatar.com\/avatar\/3ce8db70bda469bc8382df5990537888cf96f625c0fde5b0292ff5ab10560f88?s=96&d=mm&r=g","contentUrl":"https:\/\/secure.gravatar.com\/avatar\/3ce8db70bda469bc8382df5990537888cf96f625c0fde5b0292ff5ab10560f88?s=96&d=mm&r=g","caption":"AleaSoft Energy Forecasting"},"sameAs":["http:\/\/aleasoft.com"]}]}},"_links":{"self":[{"href":"https:\/\/aleasoft.com\/es\/wp-json\/wp\/v2\/posts\/87717","targetHints":{"allow":["GET"]}}],"collection":[{"href":"https:\/\/aleasoft.com\/es\/wp-json\/wp\/v2\/posts"}],"about":[{"href":"https:\/\/aleasoft.com\/es\/wp-json\/wp\/v2\/types\/post"}],"author":[{"embeddable":true,"href":"https:\/\/aleasoft.com\/es\/wp-json\/wp\/v2\/users\/1"}],"replies":[{"embeddable":true,"href":"https:\/\/aleasoft.com\/es\/wp-json\/wp\/v2\/comments?post=87717"}],"version-history":[{"count":0,"href":"https:\/\/aleasoft.com\/es\/wp-json\/wp\/v2\/posts\/87717\/revisions"}],"wp:featuredmedia":[{"embeddable":true,"href":"https:\/\/aleasoft.com\/es\/wp-json\/wp\/v2\/media\/87739"}],"wp:attachment":[{"href":"https:\/\/aleasoft.com\/es\/wp-json\/wp\/v2\/media?parent=87717"}],"wp:term":[{"taxonomy":"category","embeddable":true,"href":"https:\/\/aleasoft.com\/es\/wp-json\/wp\/v2\/categories?post=87717"},{"taxonomy":"post_tag","embeddable":true,"href":"https:\/\/aleasoft.com\/es\/wp-json\/wp\/v2\/tags?post=87717"}],"curies":[{"name":"wp","href":"https:\/\/api.w.org\/{rel}","templated":true}]}}