{"id":140288,"date":"2024-01-08T15:16:25","date_gmt":"2024-01-08T14:16:25","guid":{"rendered":"https:\/\/aleasoft.com\/?p=140288"},"modified":"2024-03-07T20:33:29","modified_gmt":"2024-03-07T19:33:29","slug":"prix-marches-electriques-europeens-ont-achetes-2024-demande-gens-lenergie-solaire-provoquee-bajadas-marche","status":"publish","type":"post","link":"https:\/\/aleasoft.com\/fr\/prix-marches-electriques-europeens-ont-achetes-2024-demande-gens-lenergie-solaire-provoquee-bajadas-marche\/","title":{"rendered":"Les prix des march\u00e9s \u00e9lectriques europ\u00e9ens ont \u00e9t\u00e9 achet\u00e9s en 2024 par la demande des gens que l&rsquo;\u00e9nergie solaire a provoqu\u00e9e en bajadas sur le march\u00e9"},"content":{"rendered":"\t\t<div data-elementor-type=\"wp-post\" data-elementor-id=\"140288\" class=\"elementor elementor-140288\" data-elementor-post-type=\"post\">\n\t\t\t\t\t\t<section class=\"elementor-section elementor-top-section elementor-element elementor-element-8e43f3e elementor-section-boxed elementor-section-height-default elementor-section-height-default\" data-id=\"8e43f3e\" data-element_type=\"section\" data-e-type=\"section\">\n\t\t\t\t\t\t<div class=\"elementor-container elementor-column-gap-default\">\n\t\t\t\t\t<div class=\"elementor-column elementor-col-100 elementor-top-column elementor-element elementor-element-7c3d45d\" data-id=\"7c3d45d\" data-element_type=\"column\" data-e-type=\"column\">\n\t\t\t<div class=\"elementor-widget-wrap elementor-element-populated\">\n\t\t\t\t\t\t<div class=\"elementor-element elementor-element-d339324 elementor-widget elementor-widget-text-editor\" data-id=\"d339324\" data-element_type=\"widget\" data-e-type=\"widget\" data-widget_type=\"text-editor.default\">\n\t\t\t\t<div class=\"elementor-widget-container\">\n\t\t\t\t\t\t\t\t\t<strong>AleaSoft Energy Forecasting, 8 janvier 2024. Au cours de la premi\u00e8re semaine de 2024, l&rsquo;augmentation de la demande a entra\u00een\u00e9 une augmentation des prix sur la majorit\u00e9 des march\u00e9s \u00e9lectriques europ\u00e9ens. Sans embargo, en Espagne, au Portugal et en Italie, les prix ont diminu\u00e9 en raison d&rsquo;une augmentation significative de la production \u00e9olienne. Le 2 janvier, la France a enregistr\u00e9 un record de production \u00e9olienne journali\u00e8re, de 402 GWh. Aujourd\u2019hui, le futur Front\u2011Month du gaz TTF et ICE marque le prix du acier le plus bas depuis la premi\u00e8re quinzaine d\u2019ao\u00fbt 2023, atteignant 30,57 \u20ac\/MWh.<\/strong>\n<h2>Production d&rsquo;\u00e9nergie solaire photovolta\u00efque, solaire thermique et \u00e9olienne<\/h2>\nDans la semaine du 1er janvier, la <strong>production d&rsquo;\u00e9nergie solaire<\/strong> a diminu\u00e9 dans la plupart des principaux march\u00e9s europ\u00e9ens de l&rsquo;\u00e9lectricit\u00e9 par rapport \u00e0 la semaine pr\u00e9c\u00e9dente. Le march\u00e9 allemand a enregistr\u00e9 la plus forte baisse, de 33 %, tandis que le march\u00e9 italien a enregistr\u00e9 la plus faible baisse, de 7,7 %. La p\u00e9ninsule ib\u00e9rique a fait exception, car la <strong>production d&rsquo;\u00e9nergie solaire<\/strong> a augment\u00e9 de 4,0 %, principalement en raison d&rsquo;une augmentation de 22 % sur le march\u00e9 portugais. Le 7 janvier, le march\u00e9 espagnol a g\u00e9n\u00e9r\u00e9 80 GWh avec l&rsquo;\u00e9nergie solaire photovolta\u00efque, marquant la production la plus \u00e9lev\u00e9e utilisant cette technologie depuis fin novembre de l&rsquo;ann\u00e9e derni\u00e8re.\n\nSelon les <a href=\"https:\/\/aleasoft.com\/fr\/produits-et-services\/prevision-energie-solaire\/\">pr\u00e9visions de production d&rsquo;\u00e9nergie solaire<\/a> <strong>d&rsquo;AleaSoft Energy Forecasting<\/strong>, elle augmentera en Allemagne, en Italie et en Espagne dans la semaine du 8 janvier.\n\n<div style='margin-top: 20px;margin-bottom: 20px;'><a title='AleaSoft - Solar photovoltaic thermosolar energy production electricity Europe' href='https:\/\/aleasoft.com\/wp-content\/uploads\/2024\/01\/20240108-AleaSoft-Solar-photovoltaic-thermosolar-energy-production-electricity-Europe.png'><img class='aligncenter' src='https:\/\/aleasoft.com\/wp-content\/uploads\/2024\/01\/20240108-AleaSoft-Solar-photovoltaic-thermosolar-energy-production-electricity-Europe.png' alt='AleaSoft - Solar photovoltaic thermosolar energy production electricity Europe' width='740'\/><\/a><span style='font-size: small;'>Source: Prepared by AleaSoft Energy Forecasting using data from ENTSO-E, RTE, REN, REE and TERNA.<\/span><\/div>\n<div style='margin-top: 20px;margin-bottom: 20px;'><a title='AleaSoft - Solar photovoltaic production profile Europe' href='https:\/\/aleasoft.com\/wp-content\/uploads\/2024\/01\/20240108-AleaSoft-Solar-photovoltaic-production-profile-Europe.png'><img class='aligncenter' src='https:\/\/aleasoft.com\/wp-content\/uploads\/2024\/01\/20240108-AleaSoft-Solar-photovoltaic-production-profile-Europe.png' alt='AleaSoft - Solar photovoltaic production profile Europe' width='740'\/><\/a><span style='font-size: small;'>Source: Prepared by AleaSoft Energy Forecasting using data from ENTSO-E, RTE, REN, REE and TERNA.<\/span><\/div>\n\nEn ce qui concerne la<strong> production d&rsquo;\u00e9nergie \u00e9olienne<\/strong>, dans la premi\u00e8re semaine de 2024, elle a enregistr\u00e9 des augmentations dans la plupart des principaux march\u00e9s europ\u00e9ens de l&rsquo;\u00e9lectricit\u00e9 par rapport \u00e0 la semaine pr\u00e9c\u00e9dente. L&rsquo;Italie a men\u00e9 les augmentations, avec 246 %. Le march\u00e9 espagnol a \u00e9galement enregistr\u00e9 une augmentation significative, de 157 %. Le march\u00e9 fran\u00e7ais a connu la plus petite augmentation, de 1,1 %. Malgr\u00e9 cela, le 2 janvier, la France a g\u00e9n\u00e9r\u00e9 402 GWh avec l&rsquo;\u00e9nergie \u00e9olienne, la valeur quotidienne la plus \u00e9lev\u00e9e de la s\u00e9rie historique. Bien que le march\u00e9 allemand ait \u00e9t\u00e9 le leader de la production d&rsquo;\u00e9nergie \u00e9olienne parmi les march\u00e9s analys\u00e9s pendant la semaine, il a enregistr\u00e9 une diminution de 23 % par rapport \u00e0 la production de la derni\u00e8re semaine de 2023.\n\nSelon les <a href=\"https:\/\/aleasoft.com\/fr\/produits-et-services\/prevision-energie-eolienne\/\">pr\u00e9visions de production d&rsquo;\u00e9nergie \u00e9olienne<\/a> d<strong>&lsquo;AleaSoft Energy Forecasting<\/strong>, la production avec cette technologie diminuera dans tous les march\u00e9s analys\u00e9s dans la semaine du 8 janvier.\n\n<div style='margin-top: 20px;margin-bottom: 20px;'><a title='AleaSoft - Wind energy production electricity Europe' href='https:\/\/aleasoft.com\/wp-content\/uploads\/2024\/01\/20240108-AleaSoft-Wind-energy-production-electricity-Europe.png'><img class='aligncenter' src='https:\/\/aleasoft.com\/wp-content\/uploads\/2024\/01\/20240108-AleaSoft-Wind-energy-production-electricity-Europe.png' alt='AleaSoft - Wind energy production electricity Europe' width='740'\/><\/a><span style='font-size: small;'>Source: Prepared by AleaSoft Energy Forecasting using data from ENTSO-E, RTE, REN, REE and TERNA.<\/span><\/div>\n<h2>Demande d&rsquo;\u00e9lectricit\u00e9<\/h2>\nLes principaux march\u00e9s europ\u00e9ens de l&rsquo;\u00e9lectricit\u00e9 ont enregistr\u00e9 une augmentation de la <strong>demande d&rsquo;\u00e9lectricit\u00e9<\/strong> durant la semaine du 1er janvier par rapport \u00e0 la semaine pr\u00e9c\u00e9dente. Il \u00e9tait pr\u00e9vu que la demande se redresserait apr\u00e8s la c\u00e9l\u00e9bration de No\u00ebl la semaine pr\u00e9c\u00e9dente. Parmi tous les march\u00e9s analys\u00e9s, le march\u00e9 britannique a enregistr\u00e9 la plus forte augmentation, atteignant 20 %. Le march\u00e9 espagnol a enregistr\u00e9 la plus faible augmentation, de 1,8 %.\n\nDans la premi\u00e8re semaine de 2024, la plupart des march\u00e9s analys\u00e9s ont enregistr\u00e9 des baisses des <strong>temp\u00e9ratures moyennes<\/strong>. Ces baisses ont \u00e9galement favoris\u00e9 une augmentation de la demande. Les diminutions ont vari\u00e9 de 1,3 \u00b0C en France \u00e0 2,6 \u00b0C en Allemagne. En revanche, dans les pays du sud de l&rsquo;Europe, les temp\u00e9ratures moyennes \u00e9taient moins froides. Les augmentations ont vari\u00e9 de 0,3 \u00b0C en Italie \u00e0 2,2 \u00b0C en Espagne.\n\nSelon les <a href=\"https:\/\/aleasoft.com\/fr\/produits-et-services\/prevision-de-la-demande\/\">pr\u00e9visions de demande<\/a> d&rsquo;<strong>AleaSoft Energy Forecasting<\/strong>, la tendance se poursuivra et la demande d&rsquo;\u00e9lectricit\u00e9 augmentera dans tous les march\u00e9s analys\u00e9s dans la semaine du 8 janvier.\n\n<div style='margin-top: 20px;margin-bottom: 20px;'><a title='AleaSoft - Electricity demand European countries' href='https:\/\/aleasoft.com\/wp-content\/uploads\/2024\/01\/20240108-AleaSoft-Electricity-demand-European-countries.png'><img class='aligncenter' src='https:\/\/aleasoft.com\/wp-content\/uploads\/2024\/01\/20240108-AleaSoft-Electricity-demand-European-countries.png' alt='AleaSoft - Electricity demand European countries' width='740'\/><\/a><span style='font-size: small;'>Source: Prepared by AleaSoft Energy Forecasting using data from ENTSO-E, RTE, REN, REE, TERNA, National Grid and ELIA.<\/span><\/div>\n<h2>March\u00e9s europ\u00e9ens de l&rsquo;\u00e9lectricit\u00e9<\/h2>\nDans la semaine du 1er janvier, les prix ont augment\u00e9 dans la plupart des principaux march\u00e9s europ\u00e9ens de l&rsquo;\u00e9lectricit\u00e9 par rapport \u00e0 la semaine pr\u00e9c\u00e9dente. Les exceptions \u00e9taient le<strong> march\u00e9 IPEX<\/strong> de l&rsquo;Italie, avec une baisse de 14 %, et le <strong>march\u00e9 MIBEL<\/strong> de l&rsquo;Espagne et du Portugal, avec une chute de 23 %. D&rsquo;autre part, le <strong>march\u00e9 EPEX SPOT<\/strong> de l&rsquo;Allemagne a enregistr\u00e9 la plus grande hausse de prix en pourcentage, qui \u00e9tait de 222 %. Dans le reste des march\u00e9s analys\u00e9s chez <strong>AleaSoft Energy Forecasting<\/strong>, les prix ont augment\u00e9 entre 49 % dans le <strong>march\u00e9 N2EX<\/strong> du Royaume-Uni et 163 % dans le <strong>march\u00e9 EPEX SPOT<\/strong> de la France.\n\nDans la premi\u00e8re semaine de janvier, les moyennes hebdomadaires \u00e9taient inf\u00e9rieures \u00e0 85 \u20ac\/MWh dans presque tous les march\u00e9s europ\u00e9ens de l&rsquo;\u00e9lectricit\u00e9 analys\u00e9s. L&rsquo;exception \u00e9tait le march\u00e9 italien, qui a atteint la moyenne la plus \u00e9lev\u00e9e, 100,01 \u20ac\/MWh. Dans le reste des march\u00e9s analys\u00e9s, les prix variaient de 58,88 \u20ac\/MWh sur le march\u00e9 espagnol \u00e0 83,13 \u20ac\/MWh sur le <strong>march\u00e9 Nord Pool<\/strong> des pays nordiques.\n\nEn ce qui concerne les prix horaires, les march\u00e9s allemand, belge, fran\u00e7ais et n\u00e9erlandais ont enregistr\u00e9 des prix horaires n\u00e9gatifs les 1er et 3 janvier. Le 1er janvier, le march\u00e9 britannique a \u00e9galement enregistr\u00e9 des prix n\u00e9gatifs. Cependant, ces prix n\u00e9gatifs n&rsquo;\u00e9taient pas aussi bas que ceux atteints dans ces march\u00e9s au cours de la semaine pr\u00e9c\u00e9dente. D&rsquo;autre part, le vendredi 5 janvier, de 16h00 \u00e0 17h00, le prix du march\u00e9 nordique \u00e9tait de 254,58 \u20ac\/MWh. C&rsquo;\u00e9tait le prix horaire le plus \u00e9lev\u00e9 depuis d\u00e9cembre 2022. Le march\u00e9 MIBEL a enregistr\u00e9 les prix journaliers les plus bas entre le 5 et le 7 janvier, ce qui lui a permis d&rsquo;avoir la moyenne hebdomadaire la plus basse par rapport au reste des principaux march\u00e9s europ\u00e9ens.\n\nPendant la semaine du 1er janvier, l&rsquo;augmentation g\u00e9n\u00e9rale de la demande d&rsquo;\u00e9lectricit\u00e9 a conduit \u00e0 des prix plus \u00e9lev\u00e9s sur les march\u00e9s europ\u00e9ens de l&rsquo;\u00e9lectricit\u00e9. La baisse de la production d&rsquo;\u00e9nergie solaire dans des pays tels que l&rsquo;Allemagne et la France et le d\u00e9clin de la production d&rsquo;\u00e9nergie \u00e9olienne allemande ont \u00e9galement contribu\u00e9 \u00e0 la hausse des prix. Cependant, l&rsquo;augmentation significative de la production d&rsquo;\u00e9nergie \u00e9olienne en Italie et dans la p\u00e9ninsule ib\u00e9rique a favoris\u00e9 des prix plus bas sur ces march\u00e9s.\n\n<div style='margin-top: 20px;margin-bottom: 20px;'><a title='AleaSoft - Wind farm' href='https:\/\/aleasoft.com\/wp-content\/uploads\/2020\/10\/20201022-AleaSoft-Wind-farm.jpg'><img class='aligncenter' src='https:\/\/aleasoft.com\/wp-content\/uploads\/2020\/10\/20201022-AleaSoft-Wind-farm.jpg' alt='AleaSoft - Wind farm' width='740'\/><\/a><\/div>\n\nLes <a href=\"https:\/\/aleasoft.com\/fr\/produits-et-services\/prevision-de-prix\/\">pr\u00e9visions de prix<\/a> d&rsquo;<strong>AleaSoft Energy Forecasting<\/strong> indiquent que, lors de la deuxi\u00e8me semaine de janvier, les prix pourraient continuer \u00e0 augmenter sur les march\u00e9s europ\u00e9ens de l&rsquo;\u00e9lectricit\u00e9. La reprise de la demande et la baisse g\u00e9n\u00e9rale de la production d&rsquo;\u00e9nergie \u00e9olienne pourraient contribuer \u00e0 ce comportement.\n\n<div style='margin-top: 20px;margin-bottom: 20px;'><a title='AleaSoft - European electricity market prices' href='https:\/\/aleasoft.com\/wp-content\/uploads\/2024\/01\/20240108-AleaSoft-European-electricity-market-prices.png'><img class='aligncenter' src='https:\/\/aleasoft.com\/wp-content\/uploads\/2024\/01\/20240108-AleaSoft-European-electricity-market-prices.png' alt='AleaSoft - European electricity market prices' width='740'\/><\/a><span style='font-size: small;'>Source: Prepared by AleaSoft Energy Forecasting using data from OMIE, EPEX SPOT, Nord Pool and GME.<\/span><\/div>\n<h2>Brent, combustibles et CO<sub>2<\/sub><\/h2>\nLe mardi 2 janvier, les contrats \u00e0 terme sur le <strong>p\u00e9trole Brent<\/strong> pour le Front-Month sur le <strong>march\u00e9 ICE<\/strong> ont enregistr\u00e9 leur prix de r\u00e8glement minimum hebdomadaire, \u00e0 75,89 $\/bbl. Le reste de la semaine, les prix \u00e9taient au-dessus de 77,50 $\/bbl. Le vendredi 5 janvier, ces contrats \u00e0 terme ont atteint leur prix de r\u00e8glement maximum hebdomadaire, \u00e0 78,76 $\/bbl.\n\nDans la premi\u00e8re semaine de janvier, l&rsquo;instabilit\u00e9 au Moyen-Orient a exerc\u00e9 son influence \u00e0 la hausse sur les prix des contrats \u00e0 terme sur le p\u00e9trole Brent. Les perturbations de la production en Libye ont \u00e9galement contribu\u00e9 \u00e0 l&rsquo;augmentation des prix. Cependant, l&rsquo;annonce de r\u00e9ductions de prix par l&rsquo;Arabie saoudite pourrait exercer une influence \u00e0 la baisse lors de la deuxi\u00e8me semaine de janvier.\n\nEn ce qui concerne les contrats \u00e0 terme sur le <strong>gaz TTF<\/strong> sur le march\u00e9 ICE pour le Front-Month, le mardi 2 janvier, ils ont continu\u00e9 avec les baisses des derni\u00e8res s\u00e9ances de la semaine pr\u00e9c\u00e9dente. Ce jour-l\u00e0, ils ont atteint le prix de r\u00e8glement minimum hebdomadaire, \u00e0 30,57 \u20ac\/MWh. Selon les donn\u00e9es analys\u00e9es par <strong>AleaSoft Energy Forecasting<\/strong>, ce prix \u00e9tait le plus bas depuis la premi\u00e8re moiti\u00e9 d&rsquo;ao\u00fbt 2023. \u00c0 partir du mercredi 3 janvier, les prix ont commenc\u00e9 \u00e0 augmenter. En cons\u00e9quence, le vendredi 5 janvier, les contrats \u00e0 terme sur le gaz TTF ont atteint leur prix de r\u00e8glement maximum hebdomadaire, \u00e0 34,55 \u20ac\/MWh. Ce prix \u00e9tait de 6,8 % plus \u00e9lev\u00e9 que le vendredi pr\u00e9c\u00e9dent.\n\nDans la premi\u00e8re semaine de janvier, la pr\u00e9vision d&rsquo;une vague de froid en Europe a exerc\u00e9 une influence \u00e0 la hausse sur les prix des contrats \u00e0 terme sur le gaz TTF. Cependant, au d\u00e9but de la deuxi\u00e8me semaine de janvier, les pr\u00e9visions de temp\u00e9ratures plus douces, une offre abondante et des niveaux toujours \u00e9lev\u00e9s de stocks europ\u00e9ens pourraient exercer une influence \u00e0 la baisse sur les prix de ces contrats \u00e0 terme.\n\nQuant aux contrats \u00e0 terme sur les <strong>droits d&rsquo;\u00e9mission de CO<sub>2<\/sub><\/strong> sur le <strong>march\u00e9 EEX<\/strong> pour le contrat de r\u00e9f\u00e9rence de d\u00e9cembre 2024, pendant la premi\u00e8re semaine de janvier, les prix de r\u00e8glement \u00e9taient inf\u00e9rieurs \u00e0 ceux de la semaine pr\u00e9c\u00e9dente. Le mercredi 3 janvier, ces contrats \u00e0 terme ont atteint leur prix de r\u00e8glement maximum hebdomadaire, \u00e0 77,35 \u20ac\/t. Lors de la s\u00e9ance suivante, ils ont chut\u00e9 de 2,0 % pour atteindre 75,82 \u20ac\/t. C&rsquo;\u00e9tait le prix de r\u00e8glement minimum pour la premi\u00e8re semaine de janvier.\n\n<div style='margin-top: 20px;margin-bottom: 20px;'><a title='AleaSoft - Prices gas coal Brent oil CO2' href='https:\/\/aleasoft.com\/wp-content\/uploads\/2024\/01\/20240108-AleaSoft-Prices-gas-coal-Brent-oil-CO2.png'><img class='aligncenter' src='https:\/\/aleasoft.com\/wp-content\/uploads\/2024\/01\/20240108-AleaSoft-Prices-gas-coal-Brent-oil-CO2.png' alt='AleaSoft - Prices gas coal Brent oil CO2' width='740'\/><\/a><span style='font-size: small;'>Source: Prepared by AleaSoft Energy Forecasting using data from ICE and EEX.<\/span><\/div>\n<h2>Analyse d&rsquo;AleaSoft Energy Forecasting sur les perspectives des march\u00e9s de l&rsquo;\u00e9nergie et des PPA en Europe<\/h2>\nLe jeudi 18 janvier, le <a href=\"https:\/\/aleasoft.com\/webinars\/prospects-energy-markets-europe-2024\/\">premier webinaire de 2024<\/a> dans la <a href=\"https:\/\/aleasoft.com\/fr\/webinars\/\">s\u00e9rie mensuelle de webinaires<\/a> d&rsquo;<strong>AleaSoft Energy Forecasting<\/strong> et <strong>AleaGreen<\/strong> aura lieu. Ce webinaire sera le quaranti\u00e8me de la s\u00e9rie, qui a c\u00e9l\u00e9br\u00e9 son quatri\u00e8me anniversaire en d\u00e9cembre dernier. \u00c0 cette occasion, des intervenants de <strong>PwC Espagne<\/strong> participeront pour la quatri\u00e8me fois. Les sujets analys\u00e9s seront les perspectives des march\u00e9s de l&rsquo;\u00e9nergie europ\u00e9ens en 2024 et la vision du march\u00e9 des <strong>PPA<\/strong> pour le consommateur dans le contexte actuel.\n\nSource: <strong>AleaSoft Energy Forecasting<\/strong>.\t\t\t\t\t\t\t\t<\/div>\n\t\t\t\t<\/div>\n\t\t\t\t\t<\/div>\n\t\t<\/div>\n\t\t\t\t\t<\/div>\n\t\t<\/section>\n\t\t\t\t<\/div>\n\t\t","protected":false},"excerpt":{"rendered":"<p>AleaSoft Energy Forecasting, 8 janvier 2024. Au cours de la premi\u00e8re semaine de 2024, l&rsquo;augmentation de la demande a entra\u00een\u00e9 une augmentation des prix sur la majorit\u00e9 des march\u00e9s \u00e9lectriques europ\u00e9ens. Sans embargo, en Espagne, au Portugal et en Italie, les prix ont diminu\u00e9 en raison d&rsquo;une augmentation significative de la production \u00e9olienne. Le 2 [&hellip;]<\/p>\n","protected":false},"author":3,"featured_media":140270,"comment_status":"closed","ping_status":"closed","sticky":false,"template":"","format":"standard","meta":{"footnotes":""},"categories":[7514],"tags":[],"class_list":["post-140288","post","type-post","status-publish","format-standard","has-post-thumbnail","hentry","category-noticias"],"yoast_head":"<!-- This site is optimized with the Yoast SEO Premium plugin v27.4 (Yoast SEO v27.4) - https:\/\/yoast.com\/product\/yoast-seo-premium-wordpress\/ -->\n<title>Les prix des march\u00e9s \u00e9lectriques europ\u00e9ens ont \u00e9t\u00e9 achet\u00e9s en 2024 par la demande des gens que l&#039;\u00e9nergie solaire a provoqu\u00e9e en bajadas sur le march\u00e9 - AleaSoft Energy Forecasting<\/title>\n<meta name=\"robots\" content=\"index, follow, max-snippet:-1, max-image-preview:large, max-video-preview:-1\" \/>\n<link rel=\"canonical\" href=\"https:\/\/aleasoft.com\/fr\/prix-marches-electriques-europeens-ont-achetes-2024-demande-gens-lenergie-solaire-provoquee-bajadas-marche\/\" \/>\n<meta property=\"og:locale\" content=\"fr_FR\" \/>\n<meta property=\"og:type\" content=\"article\" \/>\n<meta property=\"og:title\" content=\"Les prix des march\u00e9s \u00e9lectriques europ\u00e9ens ont \u00e9t\u00e9 achet\u00e9s en 2024 par la demande des gens que l&#039;\u00e9nergie solaire a provoqu\u00e9e en bajadas sur le march\u00e9\" \/>\n<meta property=\"og:description\" content=\"AleaSoft Energy Forecasting, 8 janvier 2024. Au cours de la premi\u00e8re semaine de 2024, l&rsquo;augmentation de la demande a entra\u00een\u00e9 une augmentation des prix sur la majorit\u00e9 des march\u00e9s \u00e9lectriques europ\u00e9ens. Sans embargo, en Espagne, au Portugal et en Italie, les prix ont diminu\u00e9 en raison d&rsquo;une augmentation significative de la production \u00e9olienne. Le 2 [&hellip;]\" \/>\n<meta property=\"og:url\" content=\"https:\/\/aleasoft.com\/fr\/prix-marches-electriques-europeens-ont-achetes-2024-demande-gens-lenergie-solaire-provoquee-bajadas-marche\/\" \/>\n<meta property=\"og:site_name\" content=\"AleaSoft Energy Forecasting\" \/>\n<meta property=\"article:publisher\" content=\"https:\/\/www.facebook.com\/AleaSoft\/\" \/>\n<meta property=\"article:published_time\" content=\"2024-01-08T14:16:25+00:00\" \/>\n<meta property=\"article:modified_time\" content=\"2024-03-07T19:33:29+00:00\" \/>\n<meta property=\"og:image\" content=\"https:\/\/aleasoft.com\/wp-content\/uploads\/2024\/01\/20240108-AleaSoft-Precios-mercados-europeos-electricidad.png\" \/>\n\t<meta property=\"og:image:width\" content=\"2282\" \/>\n\t<meta property=\"og:image:height\" content=\"1589\" \/>\n\t<meta property=\"og:image:type\" content=\"image\/png\" \/>\n<meta name=\"author\" content=\"AleaSoft Energy Forecasting\" \/>\n<meta name=\"twitter:card\" content=\"summary_large_image\" \/>\n<meta name=\"twitter:creator\" content=\"@AleaSoftEnergy\" \/>\n<meta name=\"twitter:site\" content=\"@AleaSoftEnergy\" \/>\n<meta name=\"twitter:label1\" content=\"\u00c9crit par\" \/>\n\t<meta name=\"twitter:data1\" content=\"AleaSoft Energy Forecasting\" \/>\n\t<meta name=\"twitter:label2\" content=\"Dur\u00e9e de lecture estim\u00e9e\" \/>\n\t<meta name=\"twitter:data2\" content=\"8 minutes\" \/>\n<script type=\"application\/ld+json\" class=\"yoast-schema-graph\">{\"@context\":\"https:\\\/\\\/schema.org\",\"@graph\":[{\"@type\":\"Article\",\"@id\":\"https:\\\/\\\/aleasoft.com\\\/fr\\\/prix-marches-electriques-europeens-ont-achetes-2024-demande-gens-lenergie-solaire-provoquee-bajadas-marche\\\/#article\",\"isPartOf\":{\"@id\":\"https:\\\/\\\/aleasoft.com\\\/pt\\\/precos-mercados-eletricos-europeus-empiezan-2024-alza-empujados-demanda-enquanto-eolica-provoca-bajadas-sul\\\/\"},\"author\":{\"name\":\"AleaSoft Energy Forecasting\",\"@id\":\"https:\\\/\\\/aleasoft.com\\\/#\\\/schema\\\/person\\\/e83ba5c714f71473e3096e6f5bffcd61\"},\"headline\":\"Les prix des march\u00e9s \u00e9lectriques europ\u00e9ens ont \u00e9t\u00e9 achet\u00e9s en 2024 par la demande des gens que l&rsquo;\u00e9nergie solaire a provoqu\u00e9e en bajadas sur le march\u00e9\",\"datePublished\":\"2024-01-08T14:16:25+00:00\",\"dateModified\":\"2024-03-07T19:33:29+00:00\",\"mainEntityOfPage\":{\"@id\":\"https:\\\/\\\/aleasoft.com\\\/pt\\\/precos-mercados-eletricos-europeus-empiezan-2024-alza-empujados-demanda-enquanto-eolica-provoca-bajadas-sul\\\/\"},\"wordCount\":1773,\"publisher\":{\"@id\":\"https:\\\/\\\/aleasoft.com\\\/#organization\"},\"image\":{\"@id\":\"https:\\\/\\\/aleasoft.com\\\/fr\\\/prix-marches-electriques-europeens-ont-achetes-2024-demande-gens-lenergie-solaire-provoquee-bajadas-marche\\\/#primaryimage\"},\"thumbnailUrl\":\"https:\\\/\\\/aleasoft.com\\\/wp-content\\\/uploads\\\/2024\\\/01\\\/20240108-AleaSoft-Precios-mercados-europeos-electricidad.png\",\"articleSection\":[\"Not\u00edcias\"],\"inLanguage\":\"fr-FR\"},{\"@type\":\"WebPage\",\"@id\":\"https:\\\/\\\/aleasoft.com\\\/pt\\\/precos-mercados-eletricos-europeus-empiezan-2024-alza-empujados-demanda-enquanto-eolica-provoca-bajadas-sul\\\/\",\"url\":\"https:\\\/\\\/aleasoft.com\\\/fr\\\/prix-marches-electriques-europeens-ont-achetes-2024-demande-gens-lenergie-solaire-provoquee-bajadas-marche\\\/\",\"name\":\"Les prix des march\u00e9s \u00e9lectriques europ\u00e9ens ont \u00e9t\u00e9 achet\u00e9s en 2024 par la demande des gens que l'\u00e9nergie solaire a provoqu\u00e9e en bajadas sur le march\u00e9 - AleaSoft Energy Forecasting\",\"isPartOf\":{\"@id\":\"https:\\\/\\\/aleasoft.com\\\/#website\"},\"primaryImageOfPage\":{\"@id\":\"https:\\\/\\\/aleasoft.com\\\/fr\\\/prix-marches-electriques-europeens-ont-achetes-2024-demande-gens-lenergie-solaire-provoquee-bajadas-marche\\\/#primaryimage\"},\"image\":{\"@id\":\"https:\\\/\\\/aleasoft.com\\\/fr\\\/prix-marches-electriques-europeens-ont-achetes-2024-demande-gens-lenergie-solaire-provoquee-bajadas-marche\\\/#primaryimage\"},\"thumbnailUrl\":\"https:\\\/\\\/aleasoft.com\\\/wp-content\\\/uploads\\\/2024\\\/01\\\/20240108-AleaSoft-Precios-mercados-europeos-electricidad.png\",\"datePublished\":\"2024-01-08T14:16:25+00:00\",\"dateModified\":\"2024-03-07T19:33:29+00:00\",\"breadcrumb\":{\"@id\":\"https:\\\/\\\/aleasoft.com\\\/fr\\\/prix-marches-electriques-europeens-ont-achetes-2024-demande-gens-lenergie-solaire-provoquee-bajadas-marche\\\/#breadcrumb\"},\"inLanguage\":\"fr-FR\",\"potentialAction\":[{\"@type\":\"ReadAction\",\"target\":[\"https:\\\/\\\/aleasoft.com\\\/fr\\\/prix-marches-electriques-europeens-ont-achetes-2024-demande-gens-lenergie-solaire-provoquee-bajadas-marche\\\/\"]}]},{\"@type\":\"ImageObject\",\"inLanguage\":\"fr-FR\",\"@id\":\"https:\\\/\\\/aleasoft.com\\\/fr\\\/prix-marches-electriques-europeens-ont-achetes-2024-demande-gens-lenergie-solaire-provoquee-bajadas-marche\\\/#primaryimage\",\"url\":\"https:\\\/\\\/aleasoft.com\\\/wp-content\\\/uploads\\\/2024\\\/01\\\/20240108-AleaSoft-Precios-mercados-europeos-electricidad.png\",\"contentUrl\":\"https:\\\/\\\/aleasoft.com\\\/wp-content\\\/uploads\\\/2024\\\/01\\\/20240108-AleaSoft-Precios-mercados-europeos-electricidad.png\",\"width\":2048,\"height\":1426},{\"@type\":\"BreadcrumbList\",\"@id\":\"https:\\\/\\\/aleasoft.com\\\/fr\\\/prix-marches-electriques-europeens-ont-achetes-2024-demande-gens-lenergie-solaire-provoquee-bajadas-marche\\\/#breadcrumb\",\"itemListElement\":[{\"@type\":\"ListItem\",\"position\":1,\"name\":\"Home\",\"item\":\"https:\\\/\\\/aleasoft.com\\\/\"},{\"@type\":\"ListItem\",\"position\":2,\"name\":\"Les prix des march\u00e9s \u00e9lectriques europ\u00e9ens ont \u00e9t\u00e9 achet\u00e9s en 2024 par la demande des gens que l&#8217;\u00e9nergie solaire a provoqu\u00e9e en bajadas sur le march\u00e9\"}]},{\"@type\":\"WebSite\",\"@id\":\"https:\\\/\\\/aleasoft.com\\\/#website\",\"url\":\"https:\\\/\\\/aleasoft.com\\\/\",\"name\":\"AleaSoft Energy Forecasting\",\"description\":\"Energy Forecasting\",\"publisher\":{\"@id\":\"https:\\\/\\\/aleasoft.com\\\/#organization\"},\"potentialAction\":[{\"@type\":\"SearchAction\",\"target\":{\"@type\":\"EntryPoint\",\"urlTemplate\":\"https:\\\/\\\/aleasoft.com\\\/?s={search_term_string}\"},\"query-input\":{\"@type\":\"PropertyValueSpecification\",\"valueRequired\":true,\"valueName\":\"search_term_string\"}}],\"inLanguage\":\"fr-FR\"},{\"@type\":\"Organization\",\"@id\":\"https:\\\/\\\/aleasoft.com\\\/#organization\",\"name\":\"AleaSoft Energy Forecasting\",\"url\":\"https:\\\/\\\/aleasoft.com\\\/\",\"logo\":{\"@type\":\"ImageObject\",\"inLanguage\":\"fr-FR\",\"@id\":\"https:\\\/\\\/aleasoft.com\\\/#\\\/schema\\\/logo\\\/image\\\/\",\"url\":\"https:\\\/\\\/aleasoft.com\\\/wp-content\\\/uploads\\\/2020\\\/01\\\/logo-alea-25.svg\",\"contentUrl\":\"https:\\\/\\\/aleasoft.com\\\/wp-content\\\/uploads\\\/2020\\\/01\\\/logo-alea-25.svg\",\"width\":7047,\"height\":1416,\"caption\":\"AleaSoft Energy Forecasting\"},\"image\":{\"@id\":\"https:\\\/\\\/aleasoft.com\\\/#\\\/schema\\\/logo\\\/image\\\/\"},\"sameAs\":[\"https:\\\/\\\/www.facebook.com\\\/AleaSoft\\\/\",\"https:\\\/\\\/x.com\\\/AleaSoftEnergy\",\"https:\\\/\\\/www.linkedin.com\\\/company\\\/aleasoft\\\/\"]},{\"@type\":\"Person\",\"@id\":\"https:\\\/\\\/aleasoft.com\\\/#\\\/schema\\\/person\\\/e83ba5c714f71473e3096e6f5bffcd61\",\"name\":\"AleaSoft Energy Forecasting\",\"image\":{\"@type\":\"ImageObject\",\"inLanguage\":\"fr-FR\",\"@id\":\"https:\\\/\\\/secure.gravatar.com\\\/avatar\\\/9f3c80a49711746195eaa8b9dac85dd25b10ed81cf9cd40ba1c909b7c8d60bfb?s=96&d=mm&r=g\",\"url\":\"https:\\\/\\\/secure.gravatar.com\\\/avatar\\\/9f3c80a49711746195eaa8b9dac85dd25b10ed81cf9cd40ba1c909b7c8d60bfb?s=96&d=mm&r=g\",\"contentUrl\":\"https:\\\/\\\/secure.gravatar.com\\\/avatar\\\/9f3c80a49711746195eaa8b9dac85dd25b10ed81cf9cd40ba1c909b7c8d60bfb?s=96&d=mm&r=g\",\"caption\":\"AleaSoft Energy Forecasting\"}}]}<\/script>\n<!-- \/ Yoast SEO Premium plugin. -->","yoast_head_json":{"title":"Les prix des march\u00e9s \u00e9lectriques europ\u00e9ens ont \u00e9t\u00e9 achet\u00e9s en 2024 par la demande des gens que l'\u00e9nergie solaire a provoqu\u00e9e en bajadas sur le march\u00e9 - AleaSoft Energy Forecasting","robots":{"index":"index","follow":"follow","max-snippet":"max-snippet:-1","max-image-preview":"max-image-preview:large","max-video-preview":"max-video-preview:-1"},"canonical":"https:\/\/aleasoft.com\/fr\/prix-marches-electriques-europeens-ont-achetes-2024-demande-gens-lenergie-solaire-provoquee-bajadas-marche\/","og_locale":"fr_FR","og_type":"article","og_title":"Les prix des march\u00e9s \u00e9lectriques europ\u00e9ens ont \u00e9t\u00e9 achet\u00e9s en 2024 par la demande des gens que l'\u00e9nergie solaire a provoqu\u00e9e en bajadas sur le march\u00e9","og_description":"AleaSoft Energy Forecasting, 8 janvier 2024. Au cours de la premi\u00e8re semaine de 2024, l&rsquo;augmentation de la demande a entra\u00een\u00e9 une augmentation des prix sur la majorit\u00e9 des march\u00e9s \u00e9lectriques europ\u00e9ens. Sans embargo, en Espagne, au Portugal et en Italie, les prix ont diminu\u00e9 en raison d&rsquo;une augmentation significative de la production \u00e9olienne. Le 2 [&hellip;]","og_url":"https:\/\/aleasoft.com\/fr\/prix-marches-electriques-europeens-ont-achetes-2024-demande-gens-lenergie-solaire-provoquee-bajadas-marche\/","og_site_name":"AleaSoft Energy Forecasting","article_publisher":"https:\/\/www.facebook.com\/AleaSoft\/","article_published_time":"2024-01-08T14:16:25+00:00","article_modified_time":"2024-03-07T19:33:29+00:00","og_image":[{"width":2282,"height":1589,"url":"https:\/\/aleasoft.com\/wp-content\/uploads\/2024\/01\/20240108-AleaSoft-Precios-mercados-europeos-electricidad.png","type":"image\/png"}],"author":"AleaSoft Energy Forecasting","twitter_card":"summary_large_image","twitter_creator":"@AleaSoftEnergy","twitter_site":"@AleaSoftEnergy","twitter_misc":{"\u00c9crit par":"AleaSoft Energy Forecasting","Dur\u00e9e de lecture estim\u00e9e":"8 minutes"},"schema":{"@context":"https:\/\/schema.org","@graph":[{"@type":"Article","@id":"https:\/\/aleasoft.com\/fr\/prix-marches-electriques-europeens-ont-achetes-2024-demande-gens-lenergie-solaire-provoquee-bajadas-marche\/#article","isPartOf":{"@id":"https:\/\/aleasoft.com\/pt\/precos-mercados-eletricos-europeus-empiezan-2024-alza-empujados-demanda-enquanto-eolica-provoca-bajadas-sul\/"},"author":{"name":"AleaSoft Energy Forecasting","@id":"https:\/\/aleasoft.com\/#\/schema\/person\/e83ba5c714f71473e3096e6f5bffcd61"},"headline":"Les prix des march\u00e9s \u00e9lectriques europ\u00e9ens ont \u00e9t\u00e9 achet\u00e9s en 2024 par la demande des gens que l&rsquo;\u00e9nergie solaire a provoqu\u00e9e en bajadas sur le march\u00e9","datePublished":"2024-01-08T14:16:25+00:00","dateModified":"2024-03-07T19:33:29+00:00","mainEntityOfPage":{"@id":"https:\/\/aleasoft.com\/pt\/precos-mercados-eletricos-europeus-empiezan-2024-alza-empujados-demanda-enquanto-eolica-provoca-bajadas-sul\/"},"wordCount":1773,"publisher":{"@id":"https:\/\/aleasoft.com\/#organization"},"image":{"@id":"https:\/\/aleasoft.com\/fr\/prix-marches-electriques-europeens-ont-achetes-2024-demande-gens-lenergie-solaire-provoquee-bajadas-marche\/#primaryimage"},"thumbnailUrl":"https:\/\/aleasoft.com\/wp-content\/uploads\/2024\/01\/20240108-AleaSoft-Precios-mercados-europeos-electricidad.png","articleSection":["Not\u00edcias"],"inLanguage":"fr-FR"},{"@type":"WebPage","@id":"https:\/\/aleasoft.com\/pt\/precos-mercados-eletricos-europeus-empiezan-2024-alza-empujados-demanda-enquanto-eolica-provoca-bajadas-sul\/","url":"https:\/\/aleasoft.com\/fr\/prix-marches-electriques-europeens-ont-achetes-2024-demande-gens-lenergie-solaire-provoquee-bajadas-marche\/","name":"Les prix des march\u00e9s \u00e9lectriques europ\u00e9ens ont \u00e9t\u00e9 achet\u00e9s en 2024 par la demande des gens que l'\u00e9nergie solaire a provoqu\u00e9e en bajadas sur le march\u00e9 - AleaSoft Energy Forecasting","isPartOf":{"@id":"https:\/\/aleasoft.com\/#website"},"primaryImageOfPage":{"@id":"https:\/\/aleasoft.com\/fr\/prix-marches-electriques-europeens-ont-achetes-2024-demande-gens-lenergie-solaire-provoquee-bajadas-marche\/#primaryimage"},"image":{"@id":"https:\/\/aleasoft.com\/fr\/prix-marches-electriques-europeens-ont-achetes-2024-demande-gens-lenergie-solaire-provoquee-bajadas-marche\/#primaryimage"},"thumbnailUrl":"https:\/\/aleasoft.com\/wp-content\/uploads\/2024\/01\/20240108-AleaSoft-Precios-mercados-europeos-electricidad.png","datePublished":"2024-01-08T14:16:25+00:00","dateModified":"2024-03-07T19:33:29+00:00","breadcrumb":{"@id":"https:\/\/aleasoft.com\/fr\/prix-marches-electriques-europeens-ont-achetes-2024-demande-gens-lenergie-solaire-provoquee-bajadas-marche\/#breadcrumb"},"inLanguage":"fr-FR","potentialAction":[{"@type":"ReadAction","target":["https:\/\/aleasoft.com\/fr\/prix-marches-electriques-europeens-ont-achetes-2024-demande-gens-lenergie-solaire-provoquee-bajadas-marche\/"]}]},{"@type":"ImageObject","inLanguage":"fr-FR","@id":"https:\/\/aleasoft.com\/fr\/prix-marches-electriques-europeens-ont-achetes-2024-demande-gens-lenergie-solaire-provoquee-bajadas-marche\/#primaryimage","url":"https:\/\/aleasoft.com\/wp-content\/uploads\/2024\/01\/20240108-AleaSoft-Precios-mercados-europeos-electricidad.png","contentUrl":"https:\/\/aleasoft.com\/wp-content\/uploads\/2024\/01\/20240108-AleaSoft-Precios-mercados-europeos-electricidad.png","width":2048,"height":1426},{"@type":"BreadcrumbList","@id":"https:\/\/aleasoft.com\/fr\/prix-marches-electriques-europeens-ont-achetes-2024-demande-gens-lenergie-solaire-provoquee-bajadas-marche\/#breadcrumb","itemListElement":[{"@type":"ListItem","position":1,"name":"Home","item":"https:\/\/aleasoft.com\/"},{"@type":"ListItem","position":2,"name":"Les prix des march\u00e9s \u00e9lectriques europ\u00e9ens ont \u00e9t\u00e9 achet\u00e9s en 2024 par la demande des gens que l&#8217;\u00e9nergie solaire a provoqu\u00e9e en bajadas sur le march\u00e9"}]},{"@type":"WebSite","@id":"https:\/\/aleasoft.com\/#website","url":"https:\/\/aleasoft.com\/","name":"AleaSoft Energy Forecasting","description":"Energy Forecasting","publisher":{"@id":"https:\/\/aleasoft.com\/#organization"},"potentialAction":[{"@type":"SearchAction","target":{"@type":"EntryPoint","urlTemplate":"https:\/\/aleasoft.com\/?s={search_term_string}"},"query-input":{"@type":"PropertyValueSpecification","valueRequired":true,"valueName":"search_term_string"}}],"inLanguage":"fr-FR"},{"@type":"Organization","@id":"https:\/\/aleasoft.com\/#organization","name":"AleaSoft Energy Forecasting","url":"https:\/\/aleasoft.com\/","logo":{"@type":"ImageObject","inLanguage":"fr-FR","@id":"https:\/\/aleasoft.com\/#\/schema\/logo\/image\/","url":"https:\/\/aleasoft.com\/wp-content\/uploads\/2020\/01\/logo-alea-25.svg","contentUrl":"https:\/\/aleasoft.com\/wp-content\/uploads\/2020\/01\/logo-alea-25.svg","width":7047,"height":1416,"caption":"AleaSoft Energy Forecasting"},"image":{"@id":"https:\/\/aleasoft.com\/#\/schema\/logo\/image\/"},"sameAs":["https:\/\/www.facebook.com\/AleaSoft\/","https:\/\/x.com\/AleaSoftEnergy","https:\/\/www.linkedin.com\/company\/aleasoft\/"]},{"@type":"Person","@id":"https:\/\/aleasoft.com\/#\/schema\/person\/e83ba5c714f71473e3096e6f5bffcd61","name":"AleaSoft Energy Forecasting","image":{"@type":"ImageObject","inLanguage":"fr-FR","@id":"https:\/\/secure.gravatar.com\/avatar\/9f3c80a49711746195eaa8b9dac85dd25b10ed81cf9cd40ba1c909b7c8d60bfb?s=96&d=mm&r=g","url":"https:\/\/secure.gravatar.com\/avatar\/9f3c80a49711746195eaa8b9dac85dd25b10ed81cf9cd40ba1c909b7c8d60bfb?s=96&d=mm&r=g","contentUrl":"https:\/\/secure.gravatar.com\/avatar\/9f3c80a49711746195eaa8b9dac85dd25b10ed81cf9cd40ba1c909b7c8d60bfb?s=96&d=mm&r=g","caption":"AleaSoft Energy Forecasting"}}]}},"_links":{"self":[{"href":"https:\/\/aleasoft.com\/fr\/wp-json\/wp\/v2\/posts\/140288","targetHints":{"allow":["GET"]}}],"collection":[{"href":"https:\/\/aleasoft.com\/fr\/wp-json\/wp\/v2\/posts"}],"about":[{"href":"https:\/\/aleasoft.com\/fr\/wp-json\/wp\/v2\/types\/post"}],"author":[{"embeddable":true,"href":"https:\/\/aleasoft.com\/fr\/wp-json\/wp\/v2\/users\/3"}],"replies":[{"embeddable":true,"href":"https:\/\/aleasoft.com\/fr\/wp-json\/wp\/v2\/comments?post=140288"}],"version-history":[{"count":0,"href":"https:\/\/aleasoft.com\/fr\/wp-json\/wp\/v2\/posts\/140288\/revisions"}],"wp:featuredmedia":[{"embeddable":true,"href":"https:\/\/aleasoft.com\/fr\/wp-json\/wp\/v2\/media\/140270"}],"wp:attachment":[{"href":"https:\/\/aleasoft.com\/fr\/wp-json\/wp\/v2\/media?parent=140288"}],"wp:term":[{"taxonomy":"category","embeddable":true,"href":"https:\/\/aleasoft.com\/fr\/wp-json\/wp\/v2\/categories?post=140288"},{"taxonomy":"post_tag","embeddable":true,"href":"https:\/\/aleasoft.com\/fr\/wp-json\/wp\/v2\/tags?post=140288"}],"curies":[{"name":"wp","href":"https:\/\/api.w.org\/{rel}","templated":true}]}}