{"id":149110,"date":"2024-09-16T14:17:07","date_gmt":"2024-09-16T12:17:07","guid":{"rendered":"https:\/\/aleasoft.com\/?p=149110"},"modified":"2024-09-18T22:15:43","modified_gmt":"2024-09-18T20:15:43","slug":"energies-renouvelables-gaz-demand-co2-prix-inferieurs-marche-europeen","status":"publish","type":"post","link":"https:\/\/aleasoft.com\/fr\/energies-renouvelables-gaz-demand-co2-prix-inferieurs-marche-europeen\/","title":{"rendered":"Les \u00e9nergies renouvelables, la demande, le gaz et le CO<sub>2<\/sub> se conjuguent pour faire baisser les prix sur les march\u00e9s europ\u00e9ens de l&rsquo;\u00e9lectricit\u00e9 au cours de la deuxi\u00e8me semaine de septembre."},"content":{"rendered":"<p><strong>AleaSoft Energy Forecasting, 16 septembre 2024. Au cours de la deuxi\u00e8me semaine de septembre, les prix ont baiss\u00e9 sur les principaux march\u00e9s europ\u00e9ens de l&rsquo;\u00e9lectricit\u00e9. La production \u00e9olienne et photovolta\u00efque a augment\u00e9 sur la plupart des march\u00e9s, avec des records pour un mois de septembre en Italie, en Espagne et en France. La demande d&rsquo;\u00e9lectricit\u00e9 a baiss\u00e9 sur presque tous les march\u00e9s, aid\u00e9e par des temp\u00e9ratures plus fra\u00eeches. Les contrats \u00e0 terme sur le gaz et le CO2 ont baiss\u00e9, atteignant les prix les plus bas depuis la fin du mois de juillet. Les contrats \u00e0 terme sur le Brent ont \u00e9galement chut\u00e9 \u00e0 des valeurs jamais atteintes depuis d\u00e9cembre 2021.<\/strong><\/p>\n<h2>Production solaire photovolta\u00efque et solaire thermique et production d&rsquo;\u00e9nergie \u00e9olienne<\/h2>\n<p>Au cours de la semaine du 9 septembre, la <strong>production solaire<\/strong> a augment\u00e9 par rapport \u00e0 la semaine pr\u00e9c\u00e9dente sur les march\u00e9s fran\u00e7ais, italien et espagnol. Le march\u00e9 fran\u00e7ais a enregistr\u00e9 la plus forte augmentation (32 %). En Italie, elle a augment\u00e9 de 5,0 % et en Espagne, o\u00f9 le <strong>solaire photovolta\u00efque<\/strong> et le <strong>solaire thermique<\/strong> sont inclus, elle a augment\u00e9 de 1,3 %. En revanche, les march\u00e9s allemand et portugais ont enregistr\u00e9 des baisses de la production d&rsquo;\u00e9nergie solaire de 36 % et 4,3 %, respectivement. Le march\u00e9 espagnol a enregistr\u00e9 des augmentations pour la deuxi\u00e8me semaine cons\u00e9cutive, tandis que le march\u00e9 allemand a \u00e9galement connu des baisses pour la deuxi\u00e8me semaine cons\u00e9cutive.<\/p>\n<p>Au cours de la deuxi\u00e8me semaine de septembre, les march\u00e9s espagnol, italien et fran\u00e7ais ont enregistr\u00e9 des records historiques de production pour un mois de septembre. Le lundi 9 septembre, le march\u00e9 espagnol a atteint sa plus forte production journali\u00e8re d&rsquo;\u00e9nergie solaire photovolta\u00efque pour un mois de septembre, avec 176 GWh. Le 10 septembre, le march\u00e9 italien a enregistr\u00e9 sa plus forte production journali\u00e8re de 104 GWh pour un mois de septembre, et le march\u00e9 fran\u00e7ais, le dimanche 15 septembre, avec 107 GWh.<\/p>\n<p>Au cours de la troisi\u00e8me semaine de septembre, les <a href=\"https:\/\/aleasoft.com\/fr\/produits-et-services\/prevision-energie-solaire\/\">pr\u00e9visions de production solaire<\/a> d&rsquo;<strong>AleaSoft Energy Forecasting<\/strong> indiquent que la production augmentera en Allemagne. En revanche, elle devrait diminuer en Italie et en Espagne.<\/p>\n<p><div style='margin-top: 20px;margin-bottom: 20px;'><a title='AleaSoft - Solar photovoltaic thermosolar energy production electricity Europe' href='https:\/\/aleasoft.com\/wp-content\/uploads\/2024\/09\/20240916-AleaSoft-Solar-photovoltaic-thermosolar-energy-production-electricity-Europe.png'><img class='aligncenter' src='https:\/\/aleasoft.com\/wp-content\/uploads\/2024\/09\/20240916-AleaSoft-Solar-photovoltaic-thermosolar-energy-production-electricity-Europe.png' alt='AleaSoft - Solar photovoltaic thermosolar energy production electricity Europe' width='740'\/><\/a><span style='font-size: small;'>Source : Pr\u00e9par\u00e9 par AleaSoft Energy Forecasting avec des donn\u00e9es de ENTSO-E, RTE, REN, Red El\u00e9ctrica et TERNA.<\/span><\/div><br \/><div style='margin-top: 20px;margin-bottom: 20px;'><a title='AleaSoft - Solar photovoltaic production profile Europe' href='https:\/\/aleasoft.com\/wp-content\/uploads\/2024\/09\/20240916-AleaSoft-Solar-photovoltaic-production-profile-Europe.png'><img class='aligncenter' src='https:\/\/aleasoft.com\/wp-content\/uploads\/2024\/09\/20240916-AleaSoft-Solar-photovoltaic-production-profile-Europe.png' alt='AleaSoft - Solar photovoltaic production profile Europe' width='740'\/><\/a><span style='font-size: small;'>Source : Pr\u00e9par\u00e9 par AleaSoft Energy Forecasting avec des donn\u00e9es de ENTSO-E, RTE, REN, Red El\u00e9ctrica et TERNA.<\/span><\/div><\/p>\n<p>Au cours de la semaine du 9 septembre, la <strong>production d&rsquo;\u00e9nergie \u00e9olienne<\/strong> a augment\u00e9 sur l&rsquo;ensemble des principaux march\u00e9s europ\u00e9ens par rapport \u00e0 la semaine pr\u00e9c\u00e9dente. Le march\u00e9 italien a enregistr\u00e9 une augmentation de 286 %, soit pr\u00e8s de trois fois la production de la semaine pr\u00e9c\u00e9dente. Les march\u00e9s fran\u00e7ais, allemand et espagnol ont connu des augmentations respectives de 88 %, 47 % et 40 %. Le march\u00e9 portugais a enregistr\u00e9 la plus faible augmentation, soit 7,8 %.<\/p>\n<p>Le vendredi 13 septembre, le march\u00e9 italien a atteint un record historique de production d&rsquo;\u00e9nergie \u00e9olienne pour le mois de septembre, avec une production de 165 GWh.<\/p>\n<p>Dans la semaine du 16 septembre, selon les <a href=\"https:\/\/aleasoft.com\/fr\/produits-et-services\/prevision-energie-eolienne\/\">pr\u00e9visions de production d&rsquo;\u00e9nergie \u00e9olienne<\/a> d&rsquo;<strong>AleaSoft Energy Forecasting<\/strong>, la production d&rsquo;\u00e9nergie \u00e9olienne diminuera en Italie, dans la p\u00e9ninsule ib\u00e9rique et en France, tandis qu&rsquo;elle augmentera sur le march\u00e9 allemand.<br \/><div style='margin-top: 20px;margin-bottom: 20px;'><a title='AleaSoft - Wind energy production electricity Europe' href='https:\/\/aleasoft.com\/wp-content\/uploads\/2024\/09\/20240916-AleaSoft-Wind-energy-production-electricity-Europe.png'><img class='aligncenter' src='https:\/\/aleasoft.com\/wp-content\/uploads\/2024\/09\/20240916-AleaSoft-Wind-energy-production-electricity-Europe.png' alt='AleaSoft - Wind energy production electricity Europe' width='740'\/><\/a><span style='font-size: small;'>Source : Pr\u00e9par\u00e9 par AleaSoft Energy Forecasting avec des donn\u00e9es de ENTSO-E, RTE, REN, Red El\u00e9ctrica et TERNA.<\/span><\/div><\/p>\n<a href='https:\/\/aleasoft.com\/fr\/abonnement-notre-bulletin-dinformation\/' class='alea-banner-link' data-alea-gtm-event-category='banner-horizontal' data-alea-gtm-event-label='newsletter'><img class='alignright' src='https:\/\/aleasoft.com\/wp-content\/uploads\/2024\/07\/newsletter-fr.png' alt='Abonnement au r\u00e9sum\u00e9 hebdomadaire d'AleaSoft' style='width: 100%; object-position: center;'\/><\/a>\n<h2>Demande d&rsquo;\u00e9lectricit\u00e9<\/h2>\n<p>Au cours de la deuxi\u00e8me semaine de septembre, la <strong>demande d&rsquo;\u00e9lectricit\u00e9<\/strong> a diminu\u00e9 sur la plupart des principaux march\u00e9s europ\u00e9ens de l&rsquo;\u00e9lectricit\u00e9 par rapport \u00e0 la semaine pr\u00e9c\u00e9dente. Le march\u00e9 italien a enregistr\u00e9 la plus forte baisse (9,7 %), tandis que les march\u00e9s n\u00e9erlandais et britannique ont connu des baisses respectives de 6,6 % et 6,1 %. Les march\u00e9s espagnol, allemand, belge et fran\u00e7ais ont enregistr\u00e9 des baisses allant de 4,5 % pour le march\u00e9 espagnol \u00e0 0,3 % pour le march\u00e9 fran\u00e7ais. Pour la deuxi\u00e8me semaine cons\u00e9cutive, les march\u00e9s italien, espagnol et fran\u00e7ais ont r\u00e9p\u00e9t\u00e9 la tendance \u00e0 la baisse. En revanche, le march\u00e9 portugais a fait exception \u00e0 la r\u00e8gle. Sur ce march\u00e9, la demande a augment\u00e9 de 2,0% par rapport \u00e0 la semaine pr\u00e9c\u00e9dente.<\/p>\n<p>Au cours de la semaine du 9 septembre, les <strong>temp\u00e9ratures moyennes<\/strong> ont baiss\u00e9 sur la plupart des march\u00e9s analys\u00e9s. L&rsquo;Allemagne, les Pays-Bas et la Belgique ont enregistr\u00e9 les plus fortes baisses de temp\u00e9ratures moyennes, avec respectivement 9,3\u00b0C, 7,9\u00b0C et 6,1\u00b0C. En Espagne, en Grande-Bretagne, en Italie et en France, les baisses de temp\u00e9rature moyenne ont \u00e9t\u00e9 comprises entre 1,1\u00b0C en Espagne et 4,8\u00b0C en France. L&rsquo;exception est le Portugal, qui a enregistr\u00e9 une augmentation de 0,4\u00b0C des temp\u00e9ratures moyennes.<\/p>\n<p>Selon les <a href=\"https:\/\/aleasoft.com\/fr\/services\/prevision-de-la-demande\/\">pr\u00e9visions de demande<\/a> d&rsquo;<strong>AleaSoft Energy Forecasting<\/strong> pour la semaine du 16 septembre, la demande devrait continuer \u00e0 baisser sur les march\u00e9s de l&rsquo;Espagne, de l&rsquo;Italie, du Portugal, de la France et de l&rsquo;Allemagne. En revanche, la demande devrait augmenter sur les march\u00e9s des Pays-Bas, de la Grande-Bretagne et de la Belgique.<br \/><div style='margin-top: 20px;margin-bottom: 20px;'><a title='AleaSoft - Electricity demand European countries' href='https:\/\/aleasoft.com\/wp-content\/uploads\/2024\/09\/20240916-AleaSoft-Electricity-demand-European-countries.png'><img class='aligncenter' src='https:\/\/aleasoft.com\/wp-content\/uploads\/2024\/09\/20240916-AleaSoft-Electricity-demand-European-countries.png' alt='AleaSoft - Electricity demand European countries' width='740'\/><\/a><span style='font-size: small;'>Source : Pr\u00e9par\u00e9 par AleaSoft Energy Forecasting avec des donn\u00e9es de ENTSO-E, RTE, REN, Red El\u00e9ctrica, TERNA, National Grid et ELIA.<\/span><\/div><\/p>\n<h2>March\u00e9s europ\u00e9ens de l&rsquo;\u00e9lectricit\u00e9<\/h2>\n<p>Au cours de la deuxi\u00e8me semaine de septembre, les prix moyens sur les principaux march\u00e9s europ\u00e9ens de l&rsquo;\u00e9lectricit\u00e9 ont diminu\u00e9 par rapport \u00e0 la semaine pr\u00e9c\u00e9dente. Le <strong>march\u00e9 <\/strong> aux Pays-Bas a enregistr\u00e9 la plus faible baisse de prix en pourcentage (16 %). En revanche, le march\u00e9  en France a enregistr\u00e9 la plus forte baisse en pourcentage, soit 38 %. Sur les autres march\u00e9s analys\u00e9s par <strong>AleaSoft Energy Forecasting<\/strong>, les prix ont baiss\u00e9 de 19 % sur le march\u00e9 allemand  et de 36 % sur le march\u00e9 nordique <strong>Nord Pool<\/strong>.<\/p>\n<p>Au cours de la deuxi\u00e8me semaine de septembre, les moyennes hebdomadaires \u00e9taient inf\u00e9rieures \u00e0 80 \u20ac\/MWh sur la plupart des march\u00e9s europ\u00e9ens de l&rsquo;\u00e9lectricit\u00e9 analys\u00e9s. Les exceptions \u00e9taient le march\u00e9 britannique <strong>N2EX<\/strong> et le march\u00e9 italien <strong>IPEX<\/strong>, avec des moyennes respectives de 81,28 \u20ac\/MWh et 107,91 \u20ac\/MWh. Le march\u00e9 nordique a enregistr\u00e9 la moyenne hebdomadaire la plus basse, soit 13,55 \u20ac\/MWh. Sur les autres march\u00e9s analys\u00e9s, les prix ont vari\u00e9 de 51,37 \u20ac\/MWh sur le march\u00e9 fran\u00e7ais \u00e0 79,85 \u20ac\/MWh sur le march\u00e9 n\u00e9erlandais.<\/p>\n<p>En ce qui concerne les prix horaires, la plupart des march\u00e9s analys\u00e9s ont enregistr\u00e9 des prix n\u00e9gatifs au cours de la deuxi\u00e8me semaine de septembre. Les exceptions sont le march\u00e9 italien et le march\u00e9 portugais <strong>MIBEL<\/strong>. Sur les march\u00e9s britannique et nordique, les prix horaires ont \u00e9t\u00e9 n\u00e9gatifs le 10 septembre. Outre ce jour, le march\u00e9 belge a enregistr\u00e9 des prix n\u00e9gatifs les 11 et 15 septembre, tandis que les march\u00e9s allemand et n\u00e9erlandais ont enregistr\u00e9 des prix n\u00e9gatifs les 14 et 15 septembre. Le dimanche 15 septembre, les march\u00e9s espagnol et fran\u00e7ais ont \u00e9galement enregistr\u00e9 des prix horaires n\u00e9gatifs. Le march\u00e9 n\u00e9erlandais a enregistr\u00e9 le prix horaire le plus bas de la deuxi\u00e8me semaine de septembre, -1,83 \u20ac\/MWh, le mardi 10 septembre, de 15h00 \u00e0 16h00. En revanche, le march\u00e9 allemand a atteint le prix horaire le plus \u00e9lev\u00e9 de la deuxi\u00e8me semaine de septembre, 300,01 \u20ac\/MWh, le 12 septembre, de 19h00 \u00e0 20h00.<\/p>\n<p>Au cours de la semaine du 9 septembre, la baisse des prix moyens hebdomadaires du gaz et des quotas d&rsquo;\u00e9mission de CO<sub>2<\/sub>, l&rsquo;augmentation de la production d&rsquo;\u00e9nergie \u00e9olienne, ainsi que la baisse de la demande et l&rsquo;augmentation de la production solaire sur la plupart des march\u00e9s, ont contribu\u00e9 \u00e0 la chute des prix sur le march\u00e9 europ\u00e9en de l&rsquo;\u00e9lectricit\u00e9.<\/p>\n<div style='margin-top: 20px;margin-bottom: 20px;'><a title=' 1288842_- 1920' href='https:\/\/aleasoft.com\/wp-content\/uploads\/2021\/06\/solarpark-1288842_1920.jpg'><img class='aligncenter' src='https:\/\/aleasoft.com\/wp-content\/uploads\/2021\/06\/solarpark-1288842_1920.jpg' alt=' 1288842_- 1920' width='740'\/><\/a><\/div>\n<p>Les <a href=\"https:\/\/aleasoft.com\/fr\/services\/prevision-de-prix\/\">pr\u00e9visions de prix<\/a> d&rsquo;<strong>AleaSoft Energy Forecasting<\/strong> indiquent qu&rsquo;au cours de la troisi\u00e8me semaine de septembre, les prix continueront \u00e0 baisser sur la plupart des march\u00e9s europ\u00e9ens de l&rsquo;\u00e9lectricit\u00e9 analys\u00e9s. Cependant, les prix pourraient augmenter sur le march\u00e9 italien, o\u00f9 la production \u00e9olienne et solaire diminuera de mani\u00e8re significative. Les march\u00e9s britannique et n\u00e9erlandais pourraient \u00e9galement conna\u00eetre des hausses de prix, influenc\u00e9es par la reprise de la demande sur ces march\u00e9s.<br \/><div style='margin-top: 20px;margin-bottom: 20px;'><a title='AleaSoft - European electricity market prices' href='https:\/\/aleasoft.com\/wp-content\/uploads\/2024\/09\/20240916-AleaSoft-European-electricity-market-prices.png'><img class='aligncenter' src='https:\/\/aleasoft.com\/wp-content\/uploads\/2024\/09\/20240916-AleaSoft-European-electricity-market-prices.png' alt='AleaSoft - European electricity market prices' width='740'\/><\/a><span style='font-size: small;'>Source : Pr\u00e9par\u00e9 par AleaSoft Energy Forecasting avec des donn\u00e9es de OMIE, , Nord Pool et GME.<\/span><\/div><\/p>\n<h2>Brent, carburants et CO<sub>2<\/sub><\/h2>\n<p>Au cours de la deuxi\u00e8me semaine de septembre, les prix de cl\u00f4ture des contrats \u00e0 terme sur le <strong>p\u00e9trole Brent<\/strong> pour le premier mois sur le <strong>march\u00e9 ICE<\/strong>, apr\u00e8s avoir enregistr\u00e9 une l\u00e9g\u00e8re augmentation lundi par rapport \u00e0 la derni\u00e8re session de la semaine pr\u00e9c\u00e9dente, ont chut\u00e9 de 3,7 % mardi. Par cons\u00e9quent, le mardi 10 septembre, ces contrats \u00e0 terme ont enregistr\u00e9 leur prix de cl\u00f4ture hebdomadaire le plus bas, \u00e0 savoir 69,19 dollars le baril. Selon les donn\u00e9es analys\u00e9es \u00e0 <strong>AleaSoft Energy Forecasting<\/strong>, ce prix est le plus bas depuis le 2 d\u00e9cembre 2021. En revanche, lors des trois derni\u00e8res s\u00e9ances de la semaine, les prix se sont maintenus au-dessus de 70 $\/b. Le jeudi 12 septembre, ces contrats \u00e0 terme ont atteint leur prix de cl\u00f4ture hebdomadaire le plus \u00e9lev\u00e9, \u00e0 savoir 71,97 $\/b. Le vendredi 13 septembre, le prix de cl\u00f4ture est tomb\u00e9 \u00e0 71,61 $\/b, mais il \u00e9tait encore 0,8 % plus \u00e9lev\u00e9 que le vendredi pr\u00e9c\u00e9dent.<\/p>\n<p>Au cours de la deuxi\u00e8me semaine de septembre, la r\u00e9vision \u00e0 la baisse par l&rsquo;OPEP de ses pr\u00e9visions de demande a conduit \u00e0 une baisse des prix le mardi 10 septembre. L&rsquo;Agence internationale de l&rsquo;\u00e9nergie a \u00e9galement revu \u00e0 la baisse ses pr\u00e9visions de croissance de la demande. Toutefois, les effets de l&rsquo;ouragan Francine sur l&rsquo;offre am\u00e9ricaine et les perturbations de l&rsquo;offre en Libye ont contribu\u00e9 \u00e0 la reprise des prix au cours des derni\u00e8res s\u00e9ances de la deuxi\u00e8me semaine de septembre.<\/p>\n<p>Quant aux contrats \u00e0 terme sur le <strong>gaz TTF<\/strong> sur le march\u00e9 ICE pour le Front-Month, ils ont atteint le lundi 9 septembre leur prix de cl\u00f4ture hebdomadaire le plus \u00e9lev\u00e9, \u00e0 savoir 37,33 \u20ac\/MWh. En revanche, le jeudi 12 septembre, ces contrats \u00e0 terme ont enregistr\u00e9 leur prix de cl\u00f4ture hebdomadaire le plus bas, \u00e0 savoir 35,19 \u20ac\/MWh. Selon les donn\u00e9es analys\u00e9es dans <strong>AleaSoft Energy Forecasting<\/strong>, ce prix est le plus bas depuis le 31 juillet. Le vendredi 13 septembre, le prix de cl\u00f4ture a augment\u00e9 pour atteindre 35,65 \u20ac\/MWh. Ce prix \u00e9tait encore inf\u00e9rieur de 2,3 % \u00e0 celui du vendredi pr\u00e9c\u00e9dent.<\/p>\n<p>Le lundi 9 septembre, les contrats \u00e0 terme sur le gaz TTF ont atteint leur prix de cl\u00f4ture hebdomadaire le plus \u00e9lev\u00e9, influenc\u00e9s par des pr\u00e9visions de basses temp\u00e9ratures et une r\u00e9duction de l&rsquo;offre en provenance de Norv\u00e8ge. Au d\u00e9but de la deuxi\u00e8me semaine de septembre, les craintes concernant les effets de l&rsquo;ouragan Francine sur les exportations am\u00e9ricaines de gaz naturel liqu\u00e9fi\u00e9 ont \u00e9galement exerc\u00e9 une influence \u00e0 la hausse sur les prix. Toutefois, les niveaux \u00e9lev\u00e9s des stocks europ\u00e9ens et l&rsquo;abondance de l&rsquo;offre ont contribu\u00e9 \u00e0 maintenir les prix de cl\u00f4ture en dessous de 38 \u20ac\/MWh au cours de la deuxi\u00e8me semaine de septembre.<\/p>\n<p>En ce qui concerne les prix de cl\u00f4ture des contrats \u00e0 terme sur les <strong>quotas d&rsquo;\u00e9mission de CO<sub>2<\/sub><\/strong> sur le <strong>march\u00e9 EEX<\/strong> pour le contrat de r\u00e9f\u00e9rence de d\u00e9cembre 2024, le lundi 9 septembre, ils ont enregistr\u00e9 leur prix de cl\u00f4ture hebdomadaire le plus \u00e9lev\u00e9 de 66,52 \u20ac\/t. D&rsquo;autre part, ils ont atteint leur prix de cl\u00f4ture hebdomadaire le plus bas de 64,92 \u20ac\/t le mardi 10 septembre. D&rsquo;autre part, le mardi 10 septembre, ils ont atteint leur cours de cl\u00f4ture hebdomadaire minimum de 64,92 \u20ac\/t. Selon les donn\u00e9es analys\u00e9es dans <strong>AleaSoft Energy Forecasting<\/strong>, ce prix est le plus bas depuis le 23 juillet. Le 11 septembre, le prix de cl\u00f4ture a augment\u00e9 de 2,3 % par rapport \u00e0 la veille. Lors des deux derni\u00e8res s\u00e9ances de la deuxi\u00e8me semaine de septembre, les prix ont de nouveau baiss\u00e9. Le vendredi 13 septembre, le prix de cl\u00f4ture \u00e9tait de 64,99 \u20ac\/t, soit 2,3 % de moins que le vendredi pr\u00e9c\u00e9dent.<\/p>\n<div style='margin-top: 20px;margin-bottom: 20px;'><a title='AleaSoft - Prices gas coal Brent oil CO2' href='https:\/\/aleasoft.com\/wp-content\/uploads\/2024\/09\/20240916-AleaSoft-Prices-gas-coal-Brent-oil-CO2.png'><img class='aligncenter' src='https:\/\/aleasoft.com\/wp-content\/uploads\/2024\/09\/20240916-AleaSoft-Prices-gas-coal-Brent-oil-CO2.png' alt='AleaSoft - Prices gas coal Brent oil CO2' width='740'\/><\/a><span style='font-size: small;'>Source : Pr\u00e9par\u00e9 par AleaSoft Energy Forecasting avec des donn\u00e9es de ICE et EEX.<\/span><\/div>\n<h2>Analyse d&rsquo;AleaSoft Energy Forecasting sur les perspectives des march\u00e9s europ\u00e9ens de l&rsquo;\u00e9nergie, du stockage de l&rsquo;\u00e9nergie et de l&rsquo;autoconsommation.<\/h2>\n<p>Ce jeudi 19 septembre, <strong>AleaSoft Energy Forecasting<\/strong> et <strong>AleaGreen<\/strong> organisent le <a href=\"https:\/\/aleasoft.com\/webinars\/storage-self-consumption\/\">47\u00e8me webinaire<\/a> de leur <a href=\"https:\/\/aleasoft.com\/fr\/webinars\/\">s\u00e9rie de webinaires mensuels<\/a>. Le webinaire analysera l&rsquo;\u00e9volution et les perspectives des march\u00e9s europ\u00e9ens de l&rsquo;\u00e9nergie, le <strong>stockage de l&rsquo;\u00e9nergie<\/strong>, en particulier les <strong>batteries<\/strong> et l&rsquo;<strong>hydrog\u00e8ne vert<\/strong>, ainsi que la situation actuelle et les perspectives de l&rsquo;<strong>autoconsommation<\/strong>. En outre, les services d&rsquo;AleaSoft pour les n\u00e9gociants en \u00e9nergie seront expliqu\u00e9s. Xavier Cugat, directeur de produit chez <strong>Pylontech<\/strong>, et Francisco Valverde, professionnel ind\u00e9pendant pour le d\u00e9veloppement des \u00e9nergies renouvelables, participeront \u00e0 la table d&rsquo;analyse du webinaire.<\/p>\n<p>Source: <strong>AleaSoft Energy Forecasting<\/strong>.<\/p>\n<p><script type=\"text\/javascript\">\nwindow.addEventListener('load', function(event){\n        document.getElementById('alea-banner-elementor-template').remove();\n    }\n)\n<\/script><br \/><a href='https:\/\/aleasoft.com\/fr\/produits-et-services\/prevision-de-prix\/?tab=long-terme\/' class='alea-banner-link' data-alea-gtm-event-category='banner-horizontal' data-alea-gtm-event-label='lp'><img class='aligncenter' src='https:\/\/aleasoft.com\/wp-content\/uploads\/2021\/03\/services-prevision-long-terme.jpg' alt='Services de pr\u00e9vision \u00e0 long terme' style='width: 100%; object-position: center;'\/><\/a><\/p>\n\n\n<p><\/p>\n","protected":false},"excerpt":{"rendered":"<p>AleaSoft Energy Forecasting, 16 septembre 2024. Au cours de la deuxi\u00e8me semaine de septembre, les prix ont baiss\u00e9 sur les principaux march\u00e9s europ\u00e9ens de l&rsquo;\u00e9lectricit\u00e9. La production \u00e9olienne et photovolta\u00efque a augment\u00e9 sur la plupart des march\u00e9s, avec des records pour un mois de septembre en Italie, en Espagne et en France. La demande d&rsquo;\u00e9lectricit\u00e9 [&hellip;]<\/p>\n","protected":false},"author":3,"featured_media":149049,"comment_status":"closed","ping_status":"closed","sticky":false,"template":"","format":"standard","meta":{"footnotes":""},"categories":[30],"tags":[],"class_list":["post-149110","post","type-post","status-publish","format-standard","has-post-thumbnail","hentry","category-nouvelles"],"yoast_head":"<!-- This site is optimized with the Yoast SEO Premium plugin v27.4 (Yoast SEO v27.4) - https:\/\/yoast.com\/product\/yoast-seo-premium-wordpress\/ -->\n<title>Les \u00e9nergies renouvelables, la demande, le gaz et le CO2 se conjuguent pour faire baisser les prix sur les march\u00e9s europ\u00e9ens de l&#039;\u00e9lectricit\u00e9 au cours de la deuxi\u00e8me semaine de septembre. - AleaSoft Energy Forecasting<\/title>\n<meta name=\"description\" content=\"Au cours de la deuxi\u00e8me semaine de septembre, les prix ont baiss\u00e9 sur les principaux march\u00e9s europ\u00e9ens de l&#039;\u00e9lectricit\u00e9. La production d&#039;\u00e9nergie \u00e9olienne et photovolta\u00efque a augment\u00e9 sur la plupart des march\u00e9s, enregistrant des records pour un mois de septembre en Italie, en Espagne et en France.\" \/>\n<meta name=\"robots\" content=\"index, follow, max-snippet:-1, max-image-preview:large, max-video-preview:-1\" \/>\n<link rel=\"canonical\" href=\"https:\/\/aleasoft.com\/energies-renouvelables-gaz-demand-co2-prix-inferieurs-marche-europeen\/\" \/>\n<meta property=\"og:locale\" content=\"fr_FR\" \/>\n<meta property=\"og:type\" content=\"article\" \/>\n<meta property=\"og:title\" content=\"Les \u00e9nergies renouvelables, la demande, le gaz et le CO2 se conjuguent pour faire baisser les prix sur les march\u00e9s europ\u00e9ens de l&#039;\u00e9lectricit\u00e9 au cours de la deuxi\u00e8me semaine de septembre.\" \/>\n<meta property=\"og:description\" content=\"Au cours de la deuxi\u00e8me semaine de septembre, les prix ont baiss\u00e9 sur les principaux march\u00e9s europ\u00e9ens de l&#039;\u00e9lectricit\u00e9. La production d&#039;\u00e9nergie \u00e9olienne et photovolta\u00efque a augment\u00e9 sur la plupart des march\u00e9s, enregistrant des records pour un mois de septembre en Italie, en Espagne et en France.\" \/>\n<meta property=\"og:url\" content=\"https:\/\/aleasoft.com\/energies-renouvelables-gaz-demand-co2-prix-inferieurs-marche-europeen\/\" \/>\n<meta property=\"og:site_name\" content=\"AleaSoft Energy Forecasting\" \/>\n<meta property=\"article:publisher\" content=\"https:\/\/www.facebook.com\/AleaSoft\/\" \/>\n<meta property=\"article:published_time\" content=\"2024-09-16T12:17:07+00:00\" \/>\n<meta property=\"article:modified_time\" content=\"2024-09-18T20:15:43+00:00\" \/>\n<meta property=\"og:image\" content=\"https:\/\/aleasoft.com\/wp-content\/uploads\/2024\/09\/20240916-AleaSoft-European-electricity-market-prices.png\" \/>\n\t<meta property=\"og:image:width\" content=\"2048\" \/>\n\t<meta property=\"og:image:height\" content=\"1426\" \/>\n\t<meta property=\"og:image:type\" content=\"image\/png\" \/>\n<meta name=\"author\" content=\"AleaSoft Energy Forecasting\" \/>\n<meta name=\"twitter:card\" content=\"summary_large_image\" \/>\n<meta name=\"twitter:creator\" content=\"@AleaSoftEnergy\" \/>\n<meta name=\"twitter:site\" content=\"@AleaSoftEnergy\" \/>\n<meta name=\"twitter:label1\" content=\"\u00c9crit par\" \/>\n\t<meta name=\"twitter:data1\" content=\"AleaSoft Energy Forecasting\" \/>\n\t<meta name=\"twitter:label2\" content=\"Dur\u00e9e de lecture estim\u00e9e\" \/>\n\t<meta name=\"twitter:data2\" content=\"10 minutes\" \/>\n<script type=\"application\/ld+json\" class=\"yoast-schema-graph\">{\"@context\":\"https:\\\/\\\/schema.org\",\"@graph\":[{\"@type\":\"Article\",\"@id\":\"https:\\\/\\\/aleasoft.com\\\/energies-renouvelables-gaz-demand-co2-prix-inferieurs-marche-europeen\\\/#article\",\"isPartOf\":{\"@id\":\"https:\\\/\\\/aleasoft.com\\\/fr\\\/energies-renouvelables-gaz-demand-co2-prix-inferieurs-marche-europeen\\\/\"},\"author\":{\"name\":\"AleaSoft Energy Forecasting\",\"@id\":\"https:\\\/\\\/aleasoft.com\\\/#\\\/schema\\\/person\\\/e83ba5c714f71473e3096e6f5bffcd61\"},\"headline\":\"Les \u00e9nergies renouvelables, la demande, le gaz et le CO2 se conjuguent pour faire baisser les prix sur les march\u00e9s europ\u00e9ens de l&rsquo;\u00e9lectricit\u00e9 au cours de la deuxi\u00e8me semaine de septembre.\",\"datePublished\":\"2024-09-16T12:17:07+00:00\",\"dateModified\":\"2024-09-18T20:15:43+00:00\",\"mainEntityOfPage\":{\"@id\":\"https:\\\/\\\/aleasoft.com\\\/fr\\\/energies-renouvelables-gaz-demand-co2-prix-inferieurs-marche-europeen\\\/\"},\"wordCount\":2266,\"publisher\":{\"@id\":\"https:\\\/\\\/aleasoft.com\\\/#organization\"},\"image\":{\"@id\":\"https:\\\/\\\/aleasoft.com\\\/energies-renouvelables-gaz-demand-co2-prix-inferieurs-marche-europeen\\\/#primaryimage\"},\"thumbnailUrl\":\"https:\\\/\\\/aleasoft.com\\\/wp-content\\\/uploads\\\/2024\\\/09\\\/20240916-AleaSoft-European-electricity-market-prices.png\",\"articleSection\":[\"Nouvelles\"],\"inLanguage\":\"fr-FR\"},{\"@type\":\"WebPage\",\"@id\":\"https:\\\/\\\/aleasoft.com\\\/fr\\\/energies-renouvelables-gaz-demand-co2-prix-inferieurs-marche-europeen\\\/\",\"url\":\"https:\\\/\\\/aleasoft.com\\\/energies-renouvelables-gaz-demand-co2-prix-inferieurs-marche-europeen\\\/\",\"name\":\"Les \u00e9nergies renouvelables, la demande, le gaz et le CO2 se conjuguent pour faire baisser les prix sur les march\u00e9s europ\u00e9ens de l'\u00e9lectricit\u00e9 au cours de la deuxi\u00e8me semaine de septembre. - AleaSoft Energy Forecasting\",\"isPartOf\":{\"@id\":\"https:\\\/\\\/aleasoft.com\\\/#website\"},\"primaryImageOfPage\":{\"@id\":\"https:\\\/\\\/aleasoft.com\\\/energies-renouvelables-gaz-demand-co2-prix-inferieurs-marche-europeen\\\/#primaryimage\"},\"image\":{\"@id\":\"https:\\\/\\\/aleasoft.com\\\/energies-renouvelables-gaz-demand-co2-prix-inferieurs-marche-europeen\\\/#primaryimage\"},\"thumbnailUrl\":\"https:\\\/\\\/aleasoft.com\\\/wp-content\\\/uploads\\\/2024\\\/09\\\/20240916-AleaSoft-European-electricity-market-prices.png\",\"datePublished\":\"2024-09-16T12:17:07+00:00\",\"dateModified\":\"2024-09-18T20:15:43+00:00\",\"description\":\"Au cours de la deuxi\u00e8me semaine de septembre, les prix ont baiss\u00e9 sur les principaux march\u00e9s europ\u00e9ens de l'\u00e9lectricit\u00e9. La production d'\u00e9nergie \u00e9olienne et photovolta\u00efque a augment\u00e9 sur la plupart des march\u00e9s, enregistrant des records pour un mois de septembre en Italie, en Espagne et en France.\",\"breadcrumb\":{\"@id\":\"https:\\\/\\\/aleasoft.com\\\/energies-renouvelables-gaz-demand-co2-prix-inferieurs-marche-europeen\\\/#breadcrumb\"},\"inLanguage\":\"fr-FR\",\"potentialAction\":[{\"@type\":\"ReadAction\",\"target\":[\"https:\\\/\\\/aleasoft.com\\\/energies-renouvelables-gaz-demand-co2-prix-inferieurs-marche-europeen\\\/\"]}]},{\"@type\":\"ImageObject\",\"inLanguage\":\"fr-FR\",\"@id\":\"https:\\\/\\\/aleasoft.com\\\/energies-renouvelables-gaz-demand-co2-prix-inferieurs-marche-europeen\\\/#primaryimage\",\"url\":\"https:\\\/\\\/aleasoft.com\\\/wp-content\\\/uploads\\\/2024\\\/09\\\/20240916-AleaSoft-European-electricity-market-prices.png\",\"contentUrl\":\"https:\\\/\\\/aleasoft.com\\\/wp-content\\\/uploads\\\/2024\\\/09\\\/20240916-AleaSoft-European-electricity-market-prices.png\",\"width\":2048,\"height\":1426},{\"@type\":\"BreadcrumbList\",\"@id\":\"https:\\\/\\\/aleasoft.com\\\/energies-renouvelables-gaz-demand-co2-prix-inferieurs-marche-europeen\\\/#breadcrumb\",\"itemListElement\":[{\"@type\":\"ListItem\",\"position\":1,\"name\":\"Home\",\"item\":\"https:\\\/\\\/aleasoft.com\\\/\"},{\"@type\":\"ListItem\",\"position\":2,\"name\":\"Les \u00e9nergies renouvelables, la demande, le gaz et le CO2 se conjuguent pour faire baisser les prix sur les march\u00e9s europ\u00e9ens de l&#8217;\u00e9lectricit\u00e9 au cours de la deuxi\u00e8me semaine de septembre.\"}]},{\"@type\":\"WebSite\",\"@id\":\"https:\\\/\\\/aleasoft.com\\\/#website\",\"url\":\"https:\\\/\\\/aleasoft.com\\\/\",\"name\":\"AleaSoft Energy Forecasting\",\"description\":\"Energy Forecasting\",\"publisher\":{\"@id\":\"https:\\\/\\\/aleasoft.com\\\/#organization\"},\"potentialAction\":[{\"@type\":\"SearchAction\",\"target\":{\"@type\":\"EntryPoint\",\"urlTemplate\":\"https:\\\/\\\/aleasoft.com\\\/?s={search_term_string}\"},\"query-input\":{\"@type\":\"PropertyValueSpecification\",\"valueRequired\":true,\"valueName\":\"search_term_string\"}}],\"inLanguage\":\"fr-FR\"},{\"@type\":\"Organization\",\"@id\":\"https:\\\/\\\/aleasoft.com\\\/#organization\",\"name\":\"AleaSoft Energy Forecasting\",\"url\":\"https:\\\/\\\/aleasoft.com\\\/\",\"logo\":{\"@type\":\"ImageObject\",\"inLanguage\":\"fr-FR\",\"@id\":\"https:\\\/\\\/aleasoft.com\\\/#\\\/schema\\\/logo\\\/image\\\/\",\"url\":\"https:\\\/\\\/aleasoft.com\\\/wp-content\\\/uploads\\\/2020\\\/01\\\/logo-alea-25.svg\",\"contentUrl\":\"https:\\\/\\\/aleasoft.com\\\/wp-content\\\/uploads\\\/2020\\\/01\\\/logo-alea-25.svg\",\"width\":7047,\"height\":1416,\"caption\":\"AleaSoft Energy Forecasting\"},\"image\":{\"@id\":\"https:\\\/\\\/aleasoft.com\\\/#\\\/schema\\\/logo\\\/image\\\/\"},\"sameAs\":[\"https:\\\/\\\/www.facebook.com\\\/AleaSoft\\\/\",\"https:\\\/\\\/x.com\\\/AleaSoftEnergy\",\"https:\\\/\\\/www.linkedin.com\\\/company\\\/aleasoft\\\/\"]},{\"@type\":\"Person\",\"@id\":\"https:\\\/\\\/aleasoft.com\\\/#\\\/schema\\\/person\\\/e83ba5c714f71473e3096e6f5bffcd61\",\"name\":\"AleaSoft Energy Forecasting\",\"image\":{\"@type\":\"ImageObject\",\"inLanguage\":\"fr-FR\",\"@id\":\"https:\\\/\\\/secure.gravatar.com\\\/avatar\\\/9f3c80a49711746195eaa8b9dac85dd25b10ed81cf9cd40ba1c909b7c8d60bfb?s=96&d=mm&r=g\",\"url\":\"https:\\\/\\\/secure.gravatar.com\\\/avatar\\\/9f3c80a49711746195eaa8b9dac85dd25b10ed81cf9cd40ba1c909b7c8d60bfb?s=96&d=mm&r=g\",\"contentUrl\":\"https:\\\/\\\/secure.gravatar.com\\\/avatar\\\/9f3c80a49711746195eaa8b9dac85dd25b10ed81cf9cd40ba1c909b7c8d60bfb?s=96&d=mm&r=g\",\"caption\":\"AleaSoft Energy Forecasting\"}}]}<\/script>\n<!-- \/ Yoast SEO Premium plugin. -->","yoast_head_json":{"title":"Les \u00e9nergies renouvelables, la demande, le gaz et le CO2 se conjuguent pour faire baisser les prix sur les march\u00e9s europ\u00e9ens de l'\u00e9lectricit\u00e9 au cours de la deuxi\u00e8me semaine de septembre. - AleaSoft Energy Forecasting","description":"Au cours de la deuxi\u00e8me semaine de septembre, les prix ont baiss\u00e9 sur les principaux march\u00e9s europ\u00e9ens de l'\u00e9lectricit\u00e9. La production d'\u00e9nergie \u00e9olienne et photovolta\u00efque a augment\u00e9 sur la plupart des march\u00e9s, enregistrant des records pour un mois de septembre en Italie, en Espagne et en France.","robots":{"index":"index","follow":"follow","max-snippet":"max-snippet:-1","max-image-preview":"max-image-preview:large","max-video-preview":"max-video-preview:-1"},"canonical":"https:\/\/aleasoft.com\/energies-renouvelables-gaz-demand-co2-prix-inferieurs-marche-europeen\/","og_locale":"fr_FR","og_type":"article","og_title":"Les \u00e9nergies renouvelables, la demande, le gaz et le CO2 se conjuguent pour faire baisser les prix sur les march\u00e9s europ\u00e9ens de l'\u00e9lectricit\u00e9 au cours de la deuxi\u00e8me semaine de septembre.","og_description":"Au cours de la deuxi\u00e8me semaine de septembre, les prix ont baiss\u00e9 sur les principaux march\u00e9s europ\u00e9ens de l'\u00e9lectricit\u00e9. La production d'\u00e9nergie \u00e9olienne et photovolta\u00efque a augment\u00e9 sur la plupart des march\u00e9s, enregistrant des records pour un mois de septembre en Italie, en Espagne et en France.","og_url":"https:\/\/aleasoft.com\/energies-renouvelables-gaz-demand-co2-prix-inferieurs-marche-europeen\/","og_site_name":"AleaSoft Energy Forecasting","article_publisher":"https:\/\/www.facebook.com\/AleaSoft\/","article_published_time":"2024-09-16T12:17:07+00:00","article_modified_time":"2024-09-18T20:15:43+00:00","og_image":[{"width":2048,"height":1426,"url":"https:\/\/aleasoft.com\/wp-content\/uploads\/2024\/09\/20240916-AleaSoft-European-electricity-market-prices.png","type":"image\/png"}],"author":"AleaSoft Energy Forecasting","twitter_card":"summary_large_image","twitter_creator":"@AleaSoftEnergy","twitter_site":"@AleaSoftEnergy","twitter_misc":{"\u00c9crit par":"AleaSoft Energy Forecasting","Dur\u00e9e de lecture estim\u00e9e":"10 minutes"},"schema":{"@context":"https:\/\/schema.org","@graph":[{"@type":"Article","@id":"https:\/\/aleasoft.com\/energies-renouvelables-gaz-demand-co2-prix-inferieurs-marche-europeen\/#article","isPartOf":{"@id":"https:\/\/aleasoft.com\/fr\/energies-renouvelables-gaz-demand-co2-prix-inferieurs-marche-europeen\/"},"author":{"name":"AleaSoft Energy Forecasting","@id":"https:\/\/aleasoft.com\/#\/schema\/person\/e83ba5c714f71473e3096e6f5bffcd61"},"headline":"Les \u00e9nergies renouvelables, la demande, le gaz et le CO2 se conjuguent pour faire baisser les prix sur les march\u00e9s europ\u00e9ens de l&rsquo;\u00e9lectricit\u00e9 au cours de la deuxi\u00e8me semaine de septembre.","datePublished":"2024-09-16T12:17:07+00:00","dateModified":"2024-09-18T20:15:43+00:00","mainEntityOfPage":{"@id":"https:\/\/aleasoft.com\/fr\/energies-renouvelables-gaz-demand-co2-prix-inferieurs-marche-europeen\/"},"wordCount":2266,"publisher":{"@id":"https:\/\/aleasoft.com\/#organization"},"image":{"@id":"https:\/\/aleasoft.com\/energies-renouvelables-gaz-demand-co2-prix-inferieurs-marche-europeen\/#primaryimage"},"thumbnailUrl":"https:\/\/aleasoft.com\/wp-content\/uploads\/2024\/09\/20240916-AleaSoft-European-electricity-market-prices.png","articleSection":["Nouvelles"],"inLanguage":"fr-FR"},{"@type":"WebPage","@id":"https:\/\/aleasoft.com\/fr\/energies-renouvelables-gaz-demand-co2-prix-inferieurs-marche-europeen\/","url":"https:\/\/aleasoft.com\/energies-renouvelables-gaz-demand-co2-prix-inferieurs-marche-europeen\/","name":"Les \u00e9nergies renouvelables, la demande, le gaz et le CO2 se conjuguent pour faire baisser les prix sur les march\u00e9s europ\u00e9ens de l'\u00e9lectricit\u00e9 au cours de la deuxi\u00e8me semaine de septembre. - AleaSoft Energy Forecasting","isPartOf":{"@id":"https:\/\/aleasoft.com\/#website"},"primaryImageOfPage":{"@id":"https:\/\/aleasoft.com\/energies-renouvelables-gaz-demand-co2-prix-inferieurs-marche-europeen\/#primaryimage"},"image":{"@id":"https:\/\/aleasoft.com\/energies-renouvelables-gaz-demand-co2-prix-inferieurs-marche-europeen\/#primaryimage"},"thumbnailUrl":"https:\/\/aleasoft.com\/wp-content\/uploads\/2024\/09\/20240916-AleaSoft-European-electricity-market-prices.png","datePublished":"2024-09-16T12:17:07+00:00","dateModified":"2024-09-18T20:15:43+00:00","description":"Au cours de la deuxi\u00e8me semaine de septembre, les prix ont baiss\u00e9 sur les principaux march\u00e9s europ\u00e9ens de l'\u00e9lectricit\u00e9. La production d'\u00e9nergie \u00e9olienne et photovolta\u00efque a augment\u00e9 sur la plupart des march\u00e9s, enregistrant des records pour un mois de septembre en Italie, en Espagne et en France.","breadcrumb":{"@id":"https:\/\/aleasoft.com\/energies-renouvelables-gaz-demand-co2-prix-inferieurs-marche-europeen\/#breadcrumb"},"inLanguage":"fr-FR","potentialAction":[{"@type":"ReadAction","target":["https:\/\/aleasoft.com\/energies-renouvelables-gaz-demand-co2-prix-inferieurs-marche-europeen\/"]}]},{"@type":"ImageObject","inLanguage":"fr-FR","@id":"https:\/\/aleasoft.com\/energies-renouvelables-gaz-demand-co2-prix-inferieurs-marche-europeen\/#primaryimage","url":"https:\/\/aleasoft.com\/wp-content\/uploads\/2024\/09\/20240916-AleaSoft-European-electricity-market-prices.png","contentUrl":"https:\/\/aleasoft.com\/wp-content\/uploads\/2024\/09\/20240916-AleaSoft-European-electricity-market-prices.png","width":2048,"height":1426},{"@type":"BreadcrumbList","@id":"https:\/\/aleasoft.com\/energies-renouvelables-gaz-demand-co2-prix-inferieurs-marche-europeen\/#breadcrumb","itemListElement":[{"@type":"ListItem","position":1,"name":"Home","item":"https:\/\/aleasoft.com\/"},{"@type":"ListItem","position":2,"name":"Les \u00e9nergies renouvelables, la demande, le gaz et le CO2 se conjuguent pour faire baisser les prix sur les march\u00e9s europ\u00e9ens de l&#8217;\u00e9lectricit\u00e9 au cours de la deuxi\u00e8me semaine de septembre."}]},{"@type":"WebSite","@id":"https:\/\/aleasoft.com\/#website","url":"https:\/\/aleasoft.com\/","name":"AleaSoft Energy Forecasting","description":"Energy Forecasting","publisher":{"@id":"https:\/\/aleasoft.com\/#organization"},"potentialAction":[{"@type":"SearchAction","target":{"@type":"EntryPoint","urlTemplate":"https:\/\/aleasoft.com\/?s={search_term_string}"},"query-input":{"@type":"PropertyValueSpecification","valueRequired":true,"valueName":"search_term_string"}}],"inLanguage":"fr-FR"},{"@type":"Organization","@id":"https:\/\/aleasoft.com\/#organization","name":"AleaSoft Energy Forecasting","url":"https:\/\/aleasoft.com\/","logo":{"@type":"ImageObject","inLanguage":"fr-FR","@id":"https:\/\/aleasoft.com\/#\/schema\/logo\/image\/","url":"https:\/\/aleasoft.com\/wp-content\/uploads\/2020\/01\/logo-alea-25.svg","contentUrl":"https:\/\/aleasoft.com\/wp-content\/uploads\/2020\/01\/logo-alea-25.svg","width":7047,"height":1416,"caption":"AleaSoft Energy Forecasting"},"image":{"@id":"https:\/\/aleasoft.com\/#\/schema\/logo\/image\/"},"sameAs":["https:\/\/www.facebook.com\/AleaSoft\/","https:\/\/x.com\/AleaSoftEnergy","https:\/\/www.linkedin.com\/company\/aleasoft\/"]},{"@type":"Person","@id":"https:\/\/aleasoft.com\/#\/schema\/person\/e83ba5c714f71473e3096e6f5bffcd61","name":"AleaSoft Energy Forecasting","image":{"@type":"ImageObject","inLanguage":"fr-FR","@id":"https:\/\/secure.gravatar.com\/avatar\/9f3c80a49711746195eaa8b9dac85dd25b10ed81cf9cd40ba1c909b7c8d60bfb?s=96&d=mm&r=g","url":"https:\/\/secure.gravatar.com\/avatar\/9f3c80a49711746195eaa8b9dac85dd25b10ed81cf9cd40ba1c909b7c8d60bfb?s=96&d=mm&r=g","contentUrl":"https:\/\/secure.gravatar.com\/avatar\/9f3c80a49711746195eaa8b9dac85dd25b10ed81cf9cd40ba1c909b7c8d60bfb?s=96&d=mm&r=g","caption":"AleaSoft Energy Forecasting"}}]}},"_links":{"self":[{"href":"https:\/\/aleasoft.com\/fr\/wp-json\/wp\/v2\/posts\/149110","targetHints":{"allow":["GET"]}}],"collection":[{"href":"https:\/\/aleasoft.com\/fr\/wp-json\/wp\/v2\/posts"}],"about":[{"href":"https:\/\/aleasoft.com\/fr\/wp-json\/wp\/v2\/types\/post"}],"author":[{"embeddable":true,"href":"https:\/\/aleasoft.com\/fr\/wp-json\/wp\/v2\/users\/3"}],"replies":[{"embeddable":true,"href":"https:\/\/aleasoft.com\/fr\/wp-json\/wp\/v2\/comments?post=149110"}],"version-history":[{"count":0,"href":"https:\/\/aleasoft.com\/fr\/wp-json\/wp\/v2\/posts\/149110\/revisions"}],"wp:featuredmedia":[{"embeddable":true,"href":"https:\/\/aleasoft.com\/fr\/wp-json\/wp\/v2\/media\/149049"}],"wp:attachment":[{"href":"https:\/\/aleasoft.com\/fr\/wp-json\/wp\/v2\/media?parent=149110"}],"wp:term":[{"taxonomy":"category","embeddable":true,"href":"https:\/\/aleasoft.com\/fr\/wp-json\/wp\/v2\/categories?post=149110"},{"taxonomy":"post_tag","embeddable":true,"href":"https:\/\/aleasoft.com\/fr\/wp-json\/wp\/v2\/tags?post=149110"}],"curies":[{"name":"wp","href":"https:\/\/api.w.org\/{rel}","templated":true}]}}