{"id":154431,"date":"2025-02-10T13:26:31","date_gmt":"2025-02-10T12:26:31","guid":{"rendered":"https:\/\/aleasoft.com\/?p=154431"},"modified":"2025-02-13T05:03:21","modified_gmt":"2025-02-13T04:03:21","slug":"hausse-gaz-baisse-lenergie-eolienne-prix-marche-europeen","status":"publish","type":"post","link":"https:\/\/aleasoft.com\/fr\/hausse-gaz-baisse-lenergie-eolienne-prix-marche-europeen\/","title":{"rendered":"La hausse du gaz et la baisse de l&rsquo;\u00e9nergie \u00e9olienne poussent les prix du march\u00e9 europ\u00e9en de l&rsquo;\u00e9lectricit\u00e9 \u00e0 d\u00e9passer 120 \u20ac\/MWh au cours de la premi\u00e8re semaine de f\u00e9vrier"},"content":{"rendered":"<p><strong>AleaSoft Energy Forecasting, 10 f\u00e9vrier 2025. Au cours de la premi\u00e8re semaine de f\u00e9vrier, les prix \u00e0 terme du gaz TTF ont continu\u00e9 \u00e0 augmenter et ont atteint le prix de r\u00e8glement le plus \u00e9lev\u00e9 de ces deux derni\u00e8res ann\u00e9es \u00e0 la fin de la semaine. Dans ce contexte, associ\u00e9 \u00e0 une baisse de la production d&rsquo;\u00e9nergie \u00e9olienne et \u00e0 une augmentation de la demande, les prix sur les principaux march\u00e9s europ\u00e9ens de l&rsquo;\u00e9lectricit\u00e9 ont augment\u00e9, la plupart des moyennes hebdomadaires d\u00e9passant 120 \u20ac\/MWh. L&rsquo;\u00e9nergie solaire photovolta\u00efque a atteint des records de production pour une journ\u00e9e de f\u00e9vrier en Espagne, au Portugal et en France.<\/strong><\/p>\n<h2>Production d&rsquo;\u00e9nergie solaire photovolta\u00efque et \u00e9olienne<\/h2>\n<p>Au cours de la semaine du 3 f\u00e9vrier, la <strong>production d&rsquo;\u00e9nergie solaire photovolta\u00efque<\/strong> a augment\u00e9 sur les principaux march\u00e9s europ\u00e9ens par rapport \u00e0 la semaine pr\u00e9c\u00e9dente. Sur les march\u00e9s de la p\u00e9ninsule ib\u00e9rique, de la France et de l&rsquo;Allemagne, elle a augment\u00e9 pour la deuxi\u00e8me semaine cons\u00e9cutive, tandis que sur le march\u00e9 italien, elle a maintenu la tendance \u00e0 la hausse pour la quatri\u00e8me semaine. \u00c0 cette occasion, le march\u00e9 espagnol a enregistr\u00e9 la plus forte augmentation, 40 %, tandis que le march\u00e9 allemand a connu la plus faible augmentation, 17 %. Les march\u00e9s portugais, italien et fran\u00e7ais ont enregistr\u00e9 des augmentations de 25 %, 30 % et 31 %, respectivement.<\/p>\n<p>Au cours de la semaine, les march\u00e9s de France et de la p\u00e9ninsule ib\u00e9rique ont enregistr\u00e9 des records historiques de production d&rsquo;\u00e9nergie solaire photovolta\u00efque pour une journ\u00e9e de f\u00e9vrier. Sur le march\u00e9 fran\u00e7ais, cela s&rsquo;est produit le<sup>3<\/sup>, avec 68 GWh. Le march\u00e9 portugais a enregistr\u00e9 sa production record avec cette technologie pour un jour de f\u00e9vrier, 17 GWh, le<sup>5<\/sup>. Quant au march\u00e9 espagnol, il a enregistr\u00e9, le jeudi 6 f\u00e9vrier, sa plus forte production quotidienne d&rsquo;\u00e9nergie photovolta\u00efque pour un mois de f\u00e9vrier, soit 129 GWh.<\/p>\n<p>Pour la semaine du 10 f\u00e9vrier, les <a href=\"https:\/\/aleasoft.com\/fr\/produits-et-services\/prevision-energie-solaire\/\">pr\u00e9visions de production d&rsquo;\u00e9nergie solaire<\/a> d&rsquo;<strong>AleaSoft Energy Forecasting<\/strong>indiquent une augmentation sur le march\u00e9 allemand, alors qu&rsquo;elles pr\u00e9voient une diminution sur les march\u00e9s espagnol et italien.<\/p>\n<p><div style='margin-top: 20px;margin-bottom: 20px;'><a title='AleaSoft - Photovoltaic energy production electricity Europe' href='https:\/\/aleasoft.com\/wp-content\/uploads\/2025\/02\/20250210-AleaSoft-Photovoltaic-energy-production-electricity-Europe.png'><img class='aligncenter' src='https:\/\/aleasoft.com\/wp-content\/uploads\/2025\/02\/20250210-AleaSoft-Photovoltaic-energy-production-electricity-Europe.png' alt='AleaSoft - Photovoltaic energy production electricity Europe' width='740'\/><\/a><span style='font-size: small;'>Source : Pr\u00e9par\u00e9 par AleaSoft Energy Forecasting \u00e0 partir des donn\u00e9es de ENTSO-E, RTE, REN, REE et TERNA.<\/span><\/div><br \/>\n<div style='margin-top: 20px;margin-bottom: 20px;'><a title='AleaSoft - Solar photovoltaic production profile Europe' href='https:\/\/aleasoft.com\/wp-content\/uploads\/2025\/02\/20250210-AleaSoft-Solar-photovoltaic-production-profile-Europe.png'><img class='aligncenter' src='https:\/\/aleasoft.com\/wp-content\/uploads\/2025\/02\/20250210-AleaSoft-Solar-photovoltaic-production-profile-Europe.png' alt='AleaSoft - Solar photovoltaic production profile Europe' width='740'\/><\/a><span style='font-size: small;'>Source : Pr\u00e9par\u00e9 par AleaSoft Energy Forecasting \u00e0 partir des donn\u00e9es de ENTSO-E, RTE, REN, REE et TERNA.<\/span><\/div><\/p>\n<p>Au cours de la premi\u00e8re semaine de f\u00e9vrier, la <strong>production d&rsquo;\u00e9nergie \u00e9olienne<\/strong> a diminu\u00e9 sur les principaux march\u00e9s europ\u00e9ens par rapport \u00e0 la semaine pr\u00e9c\u00e9dente. Le march\u00e9 allemand a enregistr\u00e9 la plus faible baisse (20 %), restant \u00e0 la baisse pour la deuxi\u00e8me semaine cons\u00e9cutive. Les march\u00e9s ib\u00e9riques ont enregistr\u00e9 les plus fortes baisses, 59% en Espagne et 62% au Portugal. Les march\u00e9s italien et fran\u00e7ais ont enregistr\u00e9 des baisses respectives de 24 % et 47 %.<\/p>\n<p>Pour la deuxi\u00e8me semaine de f\u00e9vrier, selon les <a href=\"https:\/\/aleasoft.com\/fr\/produits-et-services\/prevision-energie-eolienne\/\">pr\u00e9visions de production d&rsquo;\u00e9nergie \u00e9olienne<\/a> d&rsquo;<strong>AleaSoft Energy Forecasting<\/strong>, la production augmentera sur le march\u00e9 allemand, tandis que les march\u00e9s de l&rsquo;Italie, de la France et de la p\u00e9ninsule ib\u00e9rique enregistreront des baisses.<\/p>\n<div style='margin-top: 20px;margin-bottom: 20px;'><a title='AleaSoft - Wind energy production electricity Europe' href='https:\/\/aleasoft.com\/wp-content\/uploads\/2025\/02\/20250210-AleaSoft-Wind-energy-production-electricity-Europe.png'><img class='aligncenter' src='https:\/\/aleasoft.com\/wp-content\/uploads\/2025\/02\/20250210-AleaSoft-Wind-energy-production-electricity-Europe.png' alt='AleaSoft - Wind energy production electricity Europe' width='740'\/><\/a><span style='font-size: small;'>Source : Pr\u00e9par\u00e9 par AleaSoft Energy Forecasting \u00e0 partir des donn\u00e9es de ENTSO-E, RTE, REN, REE et TERNA.<\/span><\/div>\n<h2>Demande d&rsquo;\u00e9lectricit\u00e9<\/h2>\n<p>Au cours de la premi\u00e8re semaine de f\u00e9vrier, la <strong>demande d&rsquo;\u00e9lectricit\u00e9<\/strong> a augment\u00e9 sur la plupart des grands march\u00e9s europ\u00e9ens de l&rsquo;\u00e9lectricit\u00e9 par rapport \u00e0 la semaine pr\u00e9c\u00e9dente. Le march\u00e9 fran\u00e7ais a enregistr\u00e9 la plus forte augmentation, soit 6,5 %, tandis que le march\u00e9 espagnol a connu la plus faible augmentation, soit 0,5 %. Les march\u00e9s italien, britannique, belge, n\u00e9erlandais et allemand ont enregistr\u00e9 des augmentations allant de 1,5 % en Italie et en Grande-Bretagne \u00e0 3,9 % en Allemagne. Le march\u00e9 portugais fait figure d&rsquo;exception, la demande ayant baiss\u00e9 pour la deuxi\u00e8me semaine cons\u00e9cutive, cette fois de 0,7 %.<\/p>\n<p>Au cours de la semaine, les <strong>temp\u00e9ratures moyennes<\/strong> ont \u00e9t\u00e9 plus froides que la semaine pr\u00e9c\u00e9dente sur tous les march\u00e9s. Les baisses des temp\u00e9ratures moyennes ont \u00e9t\u00e9 comprises entre 0,8 \u00b0C en Grande-Bretagne et 3,0 \u00b0C en Allemagne.<\/p>\n<p>Pour la deuxi\u00e8me semaine de f\u00e9vrier, les <a href=\"https:\/\/aleasoft.com\/fr\/services\/previsions-demande-energie-electrique\/\">pr\u00e9visions de demande<\/a> d&rsquo; <strong>AleaSoft Energy Forecasting<\/strong>indiquent une augmentation de la demande sur les march\u00e9s des Pays-Bas, de la Grande-Bretagne, de l&rsquo;Allemagne et de la Belgique. En revanche, les pr\u00e9visions indiquent une baisse de la demande sur les march\u00e9s de la France, de l&rsquo;Espagne, du Portugal et de l&rsquo;Italie.<\/p>\n<div style='margin-top: 20px;margin-bottom: 20px;'><a title='AleaSoft - Electricity demand European countries' href='https:\/\/aleasoft.com\/wp-content\/uploads\/2025\/02\/20250210-AleaSoft-Electricity-demand-European-countries.png'><img class='aligncenter' src='https:\/\/aleasoft.com\/wp-content\/uploads\/2025\/02\/20250210-AleaSoft-Electricity-demand-European-countries.png' alt='AleaSoft - Electricity demand European countries' width='740'\/><\/a><span style='font-size: small;'>Source : Pr\u00e9par\u00e9 par AleaSoft Energy Forecasting \u00e0 partir des donn\u00e9es de ENTSO-E, RTE, REN, REE, TERNA, National Grid et ELIA.<\/span><\/div>\n<h2>March\u00e9s europ\u00e9ens de l&rsquo;\u00e9lectricit\u00e9<\/h2>\n<p>Au cours de la premi\u00e8re semaine de f\u00e9vrier, les prix moyens des principaux march\u00e9s europ\u00e9ens de l&rsquo;\u00e9lectricit\u00e9 ont augment\u00e9. Le <strong>march\u00e9 N2EX<\/strong> du Royaume-Uni a enregistr\u00e9 la plus faible augmentation, soit 2,0 %, tandis que les <strong>march\u00e9s MIBEL<\/strong> de l&rsquo;Espagne et du Portugal ont enregistr\u00e9 les plus fortes augmentations de prix en pourcentage, soit 94 % et 95 %, respectivement. Sur les autres march\u00e9s analys\u00e9s par <strong>AleaSoft Energy Forecasting<\/strong>, les prix ont augment\u00e9 de 7,8 % sur le <strong>march\u00e9 Nord Pool<\/strong> des pays nordiques et de 52 % sur le <strong>march\u00e9 <\/strong> en France.<\/p>\n<p>Au cours de la semaine du 3 f\u00e9vrier, les moyennes hebdomadaires \u00e9taient sup\u00e9rieures \u00e0 120 \u20ac\/MWh sur la plupart des march\u00e9s europ\u00e9ens de l&rsquo;\u00e9lectricit\u00e9 analys\u00e9s. L&rsquo;exception est le march\u00e9 nordique, qui a enregistr\u00e9 la moyenne la plus basse, 51,73 \u20ac\/MWh. Le <strong>march\u00e9 IPEX<\/strong> de l&rsquo;Italie a atteint la moyenne hebdomadaire la plus \u00e9lev\u00e9e, soit 153,81 \u20ac\/MWh. Sur les autres march\u00e9s analys\u00e9s, les prix ont vari\u00e9 de 123,35 \u20ac\/MWh sur le march\u00e9 portugais \u00e0 140,18 \u20ac\/MWh sur le march\u00e9 belge.<\/p>\n<p>En ce qui concerne les prix journaliers, au cours de la premi\u00e8re semaine de f\u00e9vrier, les prix sur la plupart des march\u00e9s de l&rsquo;\u00e9lectricit\u00e9 analys\u00e9s sont rest\u00e9s sup\u00e9rieurs \u00e0 105 \u20ac\/MWh. L&rsquo;exception \u00e9tait le march\u00e9 nordique, dont les prix \u00e9taient inf\u00e9rieurs \u00e0 90 \u20ac\/MWh. Ce march\u00e9 a atteint un prix de 33,11 \u20ac\/MWh le 5 f\u00e9vrier, soit le prix le plus bas de la semaine sur les march\u00e9s analys\u00e9s. D&rsquo;autre part, les prix quotidiens ont d\u00e9pass\u00e9 150 \u20ac\/MWh lors de certaines s\u00e9ances de la premi\u00e8re semaine de f\u00e9vrier sur les march\u00e9s allemand, belge, fran\u00e7ais, italien et n\u00e9erlandais. Le march\u00e9 italien a enregistr\u00e9 le prix le plus \u00e9lev\u00e9, 155,76 \u20ac\/MWh, le 9 f\u00e9vrier.<\/p>\n<p>Dans la semaine du 3 f\u00e9vrier, la baisse de la production d&rsquo;\u00e9nergie \u00e9olienne et l&rsquo;augmentation du prix hebdomadaire du gaz, ainsi que l&rsquo;augmentation de la demande sur la plupart des march\u00e9s, ont entra\u00een\u00e9 une hausse des prix sur les march\u00e9s europ\u00e9ens de l&rsquo;\u00e9lectricit\u00e9.<\/p>\n<div style='margin-top: 20px;margin-bottom: 20px;'><a title='AleaSoft - Solar Panels' href='https:\/\/aleasoft.com\/wp-content\/uploads\/2025\/02\/pexels-fotovoltaica-eolica5-scaled.jpg'><img class='aligncenter' src='https:\/\/aleasoft.com\/wp-content\/uploads\/2025\/02\/pexels-fotovoltaica-eolica5-scaled.jpg' alt='AleaSoft - Solar Panels' width='740'\/><\/a><\/div>\n<p>Les <a href=\"https:\/\/aleasoft.com\/fr\/services\/previsions-prix-energie\/\">pr\u00e9visions de prix<\/a> d&rsquo; <strong>AleaSoft Energy Forecasting <\/strong>indiquent qu&rsquo;au cours de la deuxi\u00e8me semaine de f\u00e9vrier, les prix baisseront sur la plupart des march\u00e9s europ\u00e9ens de l&rsquo;\u00e9lectricit\u00e9. L&rsquo;augmentation de la production d&rsquo;\u00e9nergie \u00e9olienne et solaire sur des march\u00e9s tels que l&rsquo;Allemagne et la baisse de la demande en France et en Espagne contribueront \u00e0 ces baisses.<br \/>\n<div style='margin-top: 20px;margin-bottom: 20px;'><a title='AleaSoft - European electricity market prices' href='https:\/\/aleasoft.com\/wp-content\/uploads\/2025\/02\/20250210-AleaSoft-European-electricity-market-prices.png'><img class='aligncenter' src='https:\/\/aleasoft.com\/wp-content\/uploads\/2025\/02\/20250210-AleaSoft-European-electricity-market-prices.png' alt='AleaSoft - European electricity market prices' width='740'\/><\/a><span style='font-size: small;'>Source : Pr\u00e9par\u00e9 par AleaSoft Energy Forecasting \u00e0 partir des donn\u00e9es de OMIE, , Nord Pool et GME.<\/span><\/div><\/p>\n<h2>Brent, carburants et<sub>CO2<\/sub><\/h2>\n<p>Les contrats \u00e0 terme sur le <strong>p\u00e9trole Brent<\/strong> pour le premier mois sur le <strong>march\u00e9 ICE<\/strong> ont atteint leur prix de r\u00e8glement hebdomadaire maximum, 76,20 $\/b, le mardi 4 f\u00e9vrier. Au cours des s\u00e9ances suivantes de la premi\u00e8re semaine du mois, les prix de r\u00e8glement sont rest\u00e9s inf\u00e9rieurs \u00e0 75 dollars le baril. Le 6 f\u00e9vrier, ces contrats \u00e0 terme ont enregistr\u00e9 leur prix de r\u00e8glement hebdomadaire minimum, soit 74,29 $\/baril. Selon les donn\u00e9es analys\u00e9es par <strong>AleaSoft Energy Forecasting<\/strong>, il s&rsquo;agit du prix le plus bas depuis le 28 d\u00e9cembre 2024. Le vendredi 7 f\u00e9vrier, le prix de r\u00e8glement \u00e9tait de 74,66 $\/b, soit 2,7 % de moins que le vendredi pr\u00e9c\u00e9dent.<\/p>\n<p>Malgr\u00e9 l&rsquo;augmentation des sanctions sur le p\u00e9trole iranien, les projets d&rsquo;augmentation de la production aux \u00c9tats-Unis, ainsi que les inqui\u00e9tudes concernant l&rsquo;impact des politiques tarifaires am\u00e9ricaines sur la demande mondiale de p\u00e9trole, ont continu\u00e9 \u00e0 soutenir la baisse des prix \u00e0 terme du p\u00e9trole Brent au cours de la premi\u00e8re semaine de f\u00e9vrier. En outre, l&rsquo;augmentation des r\u00e9serves p\u00e9troli\u00e8res am\u00e9ricaines, associ\u00e9e \u00e0 une baisse de la demande d&rsquo;essence dans ce pays, a \u00e9galement exerc\u00e9 une pression \u00e0 la baisse sur ces prix \u00e0 terme.<\/p>\n<p>Quant aux prix de r\u00e8glement des contrats \u00e0 terme sur le <strong>gaz TTF<\/strong> sur le march\u00e9 ICE pour le premier mois, ils ont d\u00e9pass\u00e9 50 \u20ac\/MWh lors de toutes les s\u00e9ances de la premi\u00e8re semaine de f\u00e9vrier. Le mardi 4 f\u00e9vrier, ces contrats \u00e0 terme ont enregistr\u00e9 leur prix de r\u00e8glement hebdomadaire minimum, 52,05 \u20ac\/MWh. Cependant, les prix ont augment\u00e9 au cours des s\u00e9ances suivantes de la premi\u00e8re semaine de f\u00e9vrier. Par cons\u00e9quent, le vendredi 7 f\u00e9vrier, ces contrats \u00e0 terme ont atteint leur prix de r\u00e8glement hebdomadaire maximum, soit 55,72 \u20ac\/MWh. Selon les donn\u00e9es analys\u00e9es par <strong>AleaSoft Energy Forecasting<\/strong>, ce prix \u00e9tait sup\u00e9rieur de 4,7 % \u00e0 celui du vendredi pr\u00e9c\u00e9dent et le plus \u00e9lev\u00e9 depuis le 7 f\u00e9vrier 2023.<\/p>\n<p>La baisse de la production d&rsquo;\u00e9nergie \u00e9olienne et les basses temp\u00e9ratures ont entra\u00een\u00e9 une augmentation de la demande de gaz au cours de la premi\u00e8re semaine de f\u00e9vrier. Cela a favoris\u00e9 la hausse des prix \u00e0 terme du gaz TTF. En outre, les inqui\u00e9tudes concernant le niveau des r\u00e9serves europ\u00e9ennes, qui \u00e9tait inf\u00e9rieur \u00e0 50 % \u00e0 la fin de la premi\u00e8re semaine de f\u00e9vrier, ont \u00e9galement contribu\u00e9 \u00e0 l&rsquo;augmentation des prix.<\/p>\n<p>En ce qui concerne les contrats \u00e0 terme sur les <strong>quotas d&rsquo;\u00e9mission de<sub>CO2<\/sub><\/strong> sur le <strong>march\u00e9 EEX<\/strong> pour le contrat de r\u00e9f\u00e9rence de d\u00e9cembre 2025, le lundi 3 f\u00e9vrier, les prix ont baiss\u00e9 de 3,6 % par rapport \u00e0 la derni\u00e8re s\u00e9ance de la semaine pr\u00e9c\u00e9dente. Les prix ont \u00e9galement l\u00e9g\u00e8rement baiss\u00e9 mardi. Ce jour-l\u00e0, ces contrats \u00e0 terme ont enregistr\u00e9 leur prix de r\u00e8glement hebdomadaire minimum, soit 80,88 \u20ac\/t. Au cours des autres s\u00e9ances de la premi\u00e8re semaine de f\u00e9vrier, les prix ont affich\u00e9 une tendance \u00e0 la hausse. Par cons\u00e9quent, le vendredi 7 f\u00e9vrier, ces contrats \u00e0 terme ont enregistr\u00e9 leur prix de r\u00e8glement hebdomadaire maximum, soit 82,28 \u20ac\/t. Selon les donn\u00e9es analys\u00e9es par AleaSoft Energy Forecasting, ce prix \u00e9tait encore inf\u00e9rieur de 2 % \u00e0 celui du vendredi pr\u00e9c\u00e9dent. Selon les donn\u00e9es analys\u00e9es par <strong>AleaSoft Energy Forecasting<\/strong>, ce prix \u00e9tait encore inf\u00e9rieur de 2,0 % \u00e0 celui du vendredi pr\u00e9c\u00e9dent.<\/p>\n<div style='margin-top: 20px;margin-bottom: 20px;'><a title='AleaSoft - Prices gas coal Brent oil CO2' href='https:\/\/aleasoft.com\/wp-content\/uploads\/2025\/02\/20250210-AleaSoft-Prices-gas-coal-Brent-oil-CO2.png'><img class='aligncenter' src='https:\/\/aleasoft.com\/wp-content\/uploads\/2025\/02\/20250210-AleaSoft-Prices-gas-coal-Brent-oil-CO2.png' alt='AleaSoft - Prices gas coal Brent oil CO2' width='740'\/><\/a><span style='font-size: small;'>Source : Pr\u00e9par\u00e9 par AleaSoft Energy Forecasting \u00e0 partir des donn\u00e9es de ICE et EEX.<\/span><\/div>\n<h2>Analyse d&rsquo;AleaSoft Energy Forecasting sur les perspectives des march\u00e9s de l&rsquo;\u00e9nergie et du stockage en Europe<\/h2>\n<p>Le <a href=\"https:\/\/aleasoft.com\/webinars\/markets-storage-february-2025\/\"><sup>52e<\/sup> webinaire<\/a> de la <a href=\"https:\/\/aleasoft.com\/fr\/webinars\/\">s\u00e9rie de webinaires mensuels<\/a> d&rsquo;<strong>AleaSoft Energy Forecasting<\/strong> aura lieu le jeudi 13 f\u00e9vrier. \u00c0 cette occasion, l&rsquo;orateur invit\u00e9 sera Tom\u00e1s Garc\u00eda, Senior Director, Energy &amp; Infrastructure Advisory chez <strong>JLL<\/strong>. Ce webinaire analysera l&rsquo;\u00e9volution et les perspectives des march\u00e9s europ\u00e9ens de l&rsquo;\u00e9nergie, ainsi que les \u00ab\u00a0revenus contractuels\u00a0\u00bb pour les projets <strong>BESS<\/strong>, \u00e0 travers le <strong>march\u00e9 de la capacit\u00e9<\/strong> et les <strong>accords d&rsquo;optimisation<\/strong>.<\/p>\n<p>Source : <strong>AleaSoft Energy Forecasting<\/strong>.<\/p>\n","protected":false},"excerpt":{"rendered":"<p>AleaSoft Energy Forecasting, 10 f\u00e9vrier 2025. Au cours de la premi\u00e8re semaine de f\u00e9vrier, les prix \u00e0 terme du gaz TTF ont continu\u00e9 \u00e0 augmenter et ont atteint le prix de r\u00e8glement le plus \u00e9lev\u00e9 de ces deux derni\u00e8res ann\u00e9es \u00e0 la fin de la semaine. Dans ce contexte, associ\u00e9 \u00e0 une baisse de la [&hellip;]<\/p>\n","protected":false},"author":3,"featured_media":154389,"comment_status":"closed","ping_status":"closed","sticky":false,"template":"","format":"standard","meta":{"footnotes":""},"categories":[30],"tags":[7575,7578,7577,7580,7579,7581,7576],"class_list":["post-154431","post","type-post","status-publish","format-standard","has-post-thumbnail","hentry","category-nouvelles","tag-demande","tag-marches","tag-photovoltaique","tag-prix-brent","tag-prix-co2","tag-prix-gaz","tag-vent"],"yoast_head":"<!-- This site is optimized with the Yoast SEO Premium plugin v27.4 (Yoast SEO v27.5) - https:\/\/yoast.com\/product\/yoast-seo-premium-wordpress\/ -->\n<title>La hausse du gaz et la baisse de l&#039;\u00e9nergie \u00e9olienne poussent les prix du march\u00e9 europ\u00e9en de l&#039;\u00e9lectricit\u00e9 \u00e0 d\u00e9passer 120 \u20ac\/MWh au cours de la premi\u00e8re semaine de f\u00e9vrier - AleaSoft Energy Forecasting<\/title>\n<meta name=\"description\" content=\"Au cours de la premi\u00e8re semaine de f\u00e9vrier, les prix \u00e0 terme du gaz TTF ont continu\u00e9 \u00e0 augmenter et ont atteint le prix de cl\u00f4ture le plus \u00e9lev\u00e9 de l&#039;ann\u00e9e derni\u00e8re \u00e0 la fin de la semaine.\" \/>\n<meta name=\"robots\" content=\"index, follow, max-snippet:-1, max-image-preview:large, max-video-preview:-1\" \/>\n<link rel=\"canonical\" href=\"https:\/\/aleasoft.com\/fr\/hausse-gaz-baisse-lenergie-eolienne-prix-marche-europeen\/\" \/>\n<meta property=\"og:locale\" content=\"fr_FR\" \/>\n<meta property=\"og:type\" content=\"article\" \/>\n<meta property=\"og:title\" content=\"La hausse du gaz et la baisse de l&#039;\u00e9nergie \u00e9olienne poussent les prix du march\u00e9 europ\u00e9en de l&#039;\u00e9lectricit\u00e9 \u00e0 d\u00e9passer 120 \u20ac\/MWh au cours de la premi\u00e8re semaine de f\u00e9vrier\" \/>\n<meta property=\"og:description\" content=\"Au cours de la premi\u00e8re semaine de f\u00e9vrier, les prix \u00e0 terme du gaz TTF ont continu\u00e9 \u00e0 augmenter et ont atteint le prix de cl\u00f4ture le plus \u00e9lev\u00e9 de l&#039;ann\u00e9e derni\u00e8re \u00e0 la fin de la semaine.\" \/>\n<meta property=\"og:url\" content=\"https:\/\/aleasoft.com\/fr\/hausse-gaz-baisse-lenergie-eolienne-prix-marche-europeen\/\" \/>\n<meta property=\"og:site_name\" content=\"AleaSoft Energy Forecasting\" \/>\n<meta property=\"article:publisher\" content=\"https:\/\/www.facebook.com\/AleaSoft\/\" \/>\n<meta property=\"article:published_time\" content=\"2025-02-10T12:26:31+00:00\" \/>\n<meta property=\"article:modified_time\" content=\"2025-02-13T04:03:21+00:00\" \/>\n<meta property=\"og:image\" content=\"https:\/\/aleasoft.com\/wp-content\/uploads\/2025\/02\/20250210-AleaSoft-European-electricity-market-prices.png\" \/>\n\t<meta property=\"og:image:width\" content=\"2282\" \/>\n\t<meta property=\"og:image:height\" content=\"1589\" \/>\n\t<meta property=\"og:image:type\" content=\"image\/png\" \/>\n<meta name=\"author\" content=\"AleaSoft Energy Forecasting\" \/>\n<meta name=\"twitter:card\" content=\"summary_large_image\" \/>\n<meta name=\"twitter:creator\" content=\"@AleaSoftEnergy\" \/>\n<meta name=\"twitter:site\" content=\"@AleaSoftEnergy\" \/>\n<meta name=\"twitter:label1\" content=\"\u00c9crit par\" \/>\n\t<meta name=\"twitter:data1\" content=\"AleaSoft Energy Forecasting\" \/>\n\t<meta name=\"twitter:label2\" content=\"Dur\u00e9e de lecture estim\u00e9e\" \/>\n\t<meta name=\"twitter:data2\" content=\"9 minutes\" \/>\n<script type=\"application\/ld+json\" class=\"yoast-schema-graph\">{\"@context\":\"https:\\\/\\\/schema.org\",\"@graph\":[{\"@type\":\"Article\",\"@id\":\"https:\\\/\\\/aleasoft.com\\\/fr\\\/hausse-gaz-baisse-lenergie-eolienne-prix-marche-europeen\\\/#article\",\"isPartOf\":{\"@id\":\"https:\\\/\\\/aleasoft.com\\\/fr\\\/hausse-gaz-baisse-lenergie-eolienne-prix-marche-europeen\\\/\"},\"author\":{\"name\":\"AleaSoft Energy Forecasting\",\"@id\":\"https:\\\/\\\/aleasoft.com\\\/#\\\/schema\\\/person\\\/e83ba5c714f71473e3096e6f5bffcd61\"},\"headline\":\"La hausse du gaz et la baisse de l&rsquo;\u00e9nergie \u00e9olienne poussent les prix du march\u00e9 europ\u00e9en de l&rsquo;\u00e9lectricit\u00e9 \u00e0 d\u00e9passer 120 \u20ac\\\/MWh au cours de la premi\u00e8re semaine de f\u00e9vrier\",\"datePublished\":\"2025-02-10T12:26:31+00:00\",\"dateModified\":\"2025-02-13T04:03:21+00:00\",\"mainEntityOfPage\":{\"@id\":\"https:\\\/\\\/aleasoft.com\\\/fr\\\/hausse-gaz-baisse-lenergie-eolienne-prix-marche-europeen\\\/\"},\"wordCount\":2004,\"publisher\":{\"@id\":\"https:\\\/\\\/aleasoft.com\\\/#organization\"},\"image\":{\"@id\":\"https:\\\/\\\/aleasoft.com\\\/fr\\\/hausse-gaz-baisse-lenergie-eolienne-prix-marche-europeen\\\/#primaryimage\"},\"thumbnailUrl\":\"https:\\\/\\\/aleasoft.com\\\/wp-content\\\/uploads\\\/2025\\\/02\\\/20250210-AleaSoft-European-electricity-market-prices.png\",\"keywords\":[\"Demande\",\"March\u00e9s\",\"Photovolta\u00efque\",\"Prix Brent\",\"Prix CO2\",\"Prix gaz\",\"Vent\"],\"articleSection\":[\"Nouvelles\"],\"inLanguage\":\"fr-FR\"},{\"@type\":\"WebPage\",\"@id\":\"https:\\\/\\\/aleasoft.com\\\/fr\\\/hausse-gaz-baisse-lenergie-eolienne-prix-marche-europeen\\\/\",\"url\":\"https:\\\/\\\/aleasoft.com\\\/fr\\\/hausse-gaz-baisse-lenergie-eolienne-prix-marche-europeen\\\/\",\"name\":\"La hausse du gaz et la baisse de l'\u00e9nergie \u00e9olienne poussent les prix du march\u00e9 europ\u00e9en de l'\u00e9lectricit\u00e9 \u00e0 d\u00e9passer 120 \u20ac\\\/MWh au cours de la premi\u00e8re semaine de f\u00e9vrier - AleaSoft Energy Forecasting\",\"isPartOf\":{\"@id\":\"https:\\\/\\\/aleasoft.com\\\/#website\"},\"primaryImageOfPage\":{\"@id\":\"https:\\\/\\\/aleasoft.com\\\/fr\\\/hausse-gaz-baisse-lenergie-eolienne-prix-marche-europeen\\\/#primaryimage\"},\"image\":{\"@id\":\"https:\\\/\\\/aleasoft.com\\\/fr\\\/hausse-gaz-baisse-lenergie-eolienne-prix-marche-europeen\\\/#primaryimage\"},\"thumbnailUrl\":\"https:\\\/\\\/aleasoft.com\\\/wp-content\\\/uploads\\\/2025\\\/02\\\/20250210-AleaSoft-European-electricity-market-prices.png\",\"datePublished\":\"2025-02-10T12:26:31+00:00\",\"dateModified\":\"2025-02-13T04:03:21+00:00\",\"description\":\"Au cours de la premi\u00e8re semaine de f\u00e9vrier, les prix \u00e0 terme du gaz TTF ont continu\u00e9 \u00e0 augmenter et ont atteint le prix de cl\u00f4ture le plus \u00e9lev\u00e9 de l'ann\u00e9e derni\u00e8re \u00e0 la fin de la semaine.\",\"breadcrumb\":{\"@id\":\"https:\\\/\\\/aleasoft.com\\\/fr\\\/hausse-gaz-baisse-lenergie-eolienne-prix-marche-europeen\\\/#breadcrumb\"},\"inLanguage\":\"fr-FR\",\"potentialAction\":[{\"@type\":\"ReadAction\",\"target\":[\"https:\\\/\\\/aleasoft.com\\\/fr\\\/hausse-gaz-baisse-lenergie-eolienne-prix-marche-europeen\\\/\"]}]},{\"@type\":\"ImageObject\",\"inLanguage\":\"fr-FR\",\"@id\":\"https:\\\/\\\/aleasoft.com\\\/fr\\\/hausse-gaz-baisse-lenergie-eolienne-prix-marche-europeen\\\/#primaryimage\",\"url\":\"https:\\\/\\\/aleasoft.com\\\/wp-content\\\/uploads\\\/2025\\\/02\\\/20250210-AleaSoft-European-electricity-market-prices.png\",\"contentUrl\":\"https:\\\/\\\/aleasoft.com\\\/wp-content\\\/uploads\\\/2025\\\/02\\\/20250210-AleaSoft-European-electricity-market-prices.png\",\"width\":2282,\"height\":1589},{\"@type\":\"BreadcrumbList\",\"@id\":\"https:\\\/\\\/aleasoft.com\\\/fr\\\/hausse-gaz-baisse-lenergie-eolienne-prix-marche-europeen\\\/#breadcrumb\",\"itemListElement\":[{\"@type\":\"ListItem\",\"position\":1,\"name\":\"Home\",\"item\":\"https:\\\/\\\/aleasoft.com\\\/\"},{\"@type\":\"ListItem\",\"position\":2,\"name\":\"La hausse du gaz et la baisse de l&#8217;\u00e9nergie \u00e9olienne poussent les prix du march\u00e9 europ\u00e9en de l&#8217;\u00e9lectricit\u00e9 \u00e0 d\u00e9passer 120 \u20ac\\\/MWh au cours de la premi\u00e8re semaine de f\u00e9vrier\"}]},{\"@type\":\"WebSite\",\"@id\":\"https:\\\/\\\/aleasoft.com\\\/#website\",\"url\":\"https:\\\/\\\/aleasoft.com\\\/\",\"name\":\"AleaSoft Energy Forecasting\",\"description\":\"Energy Forecasting\",\"publisher\":{\"@id\":\"https:\\\/\\\/aleasoft.com\\\/#organization\"},\"potentialAction\":[{\"@type\":\"SearchAction\",\"target\":{\"@type\":\"EntryPoint\",\"urlTemplate\":\"https:\\\/\\\/aleasoft.com\\\/?s={search_term_string}\"},\"query-input\":{\"@type\":\"PropertyValueSpecification\",\"valueRequired\":true,\"valueName\":\"search_term_string\"}}],\"inLanguage\":\"fr-FR\"},{\"@type\":\"Organization\",\"@id\":\"https:\\\/\\\/aleasoft.com\\\/#organization\",\"name\":\"AleaSoft Energy Forecasting\",\"url\":\"https:\\\/\\\/aleasoft.com\\\/\",\"logo\":{\"@type\":\"ImageObject\",\"inLanguage\":\"fr-FR\",\"@id\":\"https:\\\/\\\/aleasoft.com\\\/#\\\/schema\\\/logo\\\/image\\\/\",\"url\":\"https:\\\/\\\/aleasoft.com\\\/wp-content\\\/uploads\\\/2020\\\/01\\\/logo-alea-25.svg\",\"contentUrl\":\"https:\\\/\\\/aleasoft.com\\\/wp-content\\\/uploads\\\/2020\\\/01\\\/logo-alea-25.svg\",\"width\":7047,\"height\":1416,\"caption\":\"AleaSoft Energy Forecasting\"},\"image\":{\"@id\":\"https:\\\/\\\/aleasoft.com\\\/#\\\/schema\\\/logo\\\/image\\\/\"},\"sameAs\":[\"https:\\\/\\\/www.facebook.com\\\/AleaSoft\\\/\",\"https:\\\/\\\/x.com\\\/AleaSoftEnergy\",\"https:\\\/\\\/www.linkedin.com\\\/company\\\/aleasoft\\\/\"]},{\"@type\":\"Person\",\"@id\":\"https:\\\/\\\/aleasoft.com\\\/#\\\/schema\\\/person\\\/e83ba5c714f71473e3096e6f5bffcd61\",\"name\":\"AleaSoft Energy Forecasting\",\"image\":{\"@type\":\"ImageObject\",\"inLanguage\":\"fr-FR\",\"@id\":\"https:\\\/\\\/secure.gravatar.com\\\/avatar\\\/9f3c80a49711746195eaa8b9dac85dd25b10ed81cf9cd40ba1c909b7c8d60bfb?s=96&d=mm&r=g\",\"url\":\"https:\\\/\\\/secure.gravatar.com\\\/avatar\\\/9f3c80a49711746195eaa8b9dac85dd25b10ed81cf9cd40ba1c909b7c8d60bfb?s=96&d=mm&r=g\",\"contentUrl\":\"https:\\\/\\\/secure.gravatar.com\\\/avatar\\\/9f3c80a49711746195eaa8b9dac85dd25b10ed81cf9cd40ba1c909b7c8d60bfb?s=96&d=mm&r=g\",\"caption\":\"AleaSoft Energy Forecasting\"}}]}<\/script>\n<!-- \/ Yoast SEO Premium plugin. -->","yoast_head_json":{"title":"La hausse du gaz et la baisse de l'\u00e9nergie \u00e9olienne poussent les prix du march\u00e9 europ\u00e9en de l'\u00e9lectricit\u00e9 \u00e0 d\u00e9passer 120 \u20ac\/MWh au cours de la premi\u00e8re semaine de f\u00e9vrier - AleaSoft Energy Forecasting","description":"Au cours de la premi\u00e8re semaine de f\u00e9vrier, les prix \u00e0 terme du gaz TTF ont continu\u00e9 \u00e0 augmenter et ont atteint le prix de cl\u00f4ture le plus \u00e9lev\u00e9 de l'ann\u00e9e derni\u00e8re \u00e0 la fin de la semaine.","robots":{"index":"index","follow":"follow","max-snippet":"max-snippet:-1","max-image-preview":"max-image-preview:large","max-video-preview":"max-video-preview:-1"},"canonical":"https:\/\/aleasoft.com\/fr\/hausse-gaz-baisse-lenergie-eolienne-prix-marche-europeen\/","og_locale":"fr_FR","og_type":"article","og_title":"La hausse du gaz et la baisse de l'\u00e9nergie \u00e9olienne poussent les prix du march\u00e9 europ\u00e9en de l'\u00e9lectricit\u00e9 \u00e0 d\u00e9passer 120 \u20ac\/MWh au cours de la premi\u00e8re semaine de f\u00e9vrier","og_description":"Au cours de la premi\u00e8re semaine de f\u00e9vrier, les prix \u00e0 terme du gaz TTF ont continu\u00e9 \u00e0 augmenter et ont atteint le prix de cl\u00f4ture le plus \u00e9lev\u00e9 de l'ann\u00e9e derni\u00e8re \u00e0 la fin de la semaine.","og_url":"https:\/\/aleasoft.com\/fr\/hausse-gaz-baisse-lenergie-eolienne-prix-marche-europeen\/","og_site_name":"AleaSoft Energy Forecasting","article_publisher":"https:\/\/www.facebook.com\/AleaSoft\/","article_published_time":"2025-02-10T12:26:31+00:00","article_modified_time":"2025-02-13T04:03:21+00:00","og_image":[{"width":2282,"height":1589,"url":"https:\/\/aleasoft.com\/wp-content\/uploads\/2025\/02\/20250210-AleaSoft-European-electricity-market-prices.png","type":"image\/png"}],"author":"AleaSoft Energy Forecasting","twitter_card":"summary_large_image","twitter_creator":"@AleaSoftEnergy","twitter_site":"@AleaSoftEnergy","twitter_misc":{"\u00c9crit par":"AleaSoft Energy Forecasting","Dur\u00e9e de lecture estim\u00e9e":"9 minutes"},"schema":{"@context":"https:\/\/schema.org","@graph":[{"@type":"Article","@id":"https:\/\/aleasoft.com\/fr\/hausse-gaz-baisse-lenergie-eolienne-prix-marche-europeen\/#article","isPartOf":{"@id":"https:\/\/aleasoft.com\/fr\/hausse-gaz-baisse-lenergie-eolienne-prix-marche-europeen\/"},"author":{"name":"AleaSoft Energy Forecasting","@id":"https:\/\/aleasoft.com\/#\/schema\/person\/e83ba5c714f71473e3096e6f5bffcd61"},"headline":"La hausse du gaz et la baisse de l&rsquo;\u00e9nergie \u00e9olienne poussent les prix du march\u00e9 europ\u00e9en de l&rsquo;\u00e9lectricit\u00e9 \u00e0 d\u00e9passer 120 \u20ac\/MWh au cours de la premi\u00e8re semaine de f\u00e9vrier","datePublished":"2025-02-10T12:26:31+00:00","dateModified":"2025-02-13T04:03:21+00:00","mainEntityOfPage":{"@id":"https:\/\/aleasoft.com\/fr\/hausse-gaz-baisse-lenergie-eolienne-prix-marche-europeen\/"},"wordCount":2004,"publisher":{"@id":"https:\/\/aleasoft.com\/#organization"},"image":{"@id":"https:\/\/aleasoft.com\/fr\/hausse-gaz-baisse-lenergie-eolienne-prix-marche-europeen\/#primaryimage"},"thumbnailUrl":"https:\/\/aleasoft.com\/wp-content\/uploads\/2025\/02\/20250210-AleaSoft-European-electricity-market-prices.png","keywords":["Demande","March\u00e9s","Photovolta\u00efque","Prix Brent","Prix CO2","Prix gaz","Vent"],"articleSection":["Nouvelles"],"inLanguage":"fr-FR"},{"@type":"WebPage","@id":"https:\/\/aleasoft.com\/fr\/hausse-gaz-baisse-lenergie-eolienne-prix-marche-europeen\/","url":"https:\/\/aleasoft.com\/fr\/hausse-gaz-baisse-lenergie-eolienne-prix-marche-europeen\/","name":"La hausse du gaz et la baisse de l'\u00e9nergie \u00e9olienne poussent les prix du march\u00e9 europ\u00e9en de l'\u00e9lectricit\u00e9 \u00e0 d\u00e9passer 120 \u20ac\/MWh au cours de la premi\u00e8re semaine de f\u00e9vrier - AleaSoft Energy Forecasting","isPartOf":{"@id":"https:\/\/aleasoft.com\/#website"},"primaryImageOfPage":{"@id":"https:\/\/aleasoft.com\/fr\/hausse-gaz-baisse-lenergie-eolienne-prix-marche-europeen\/#primaryimage"},"image":{"@id":"https:\/\/aleasoft.com\/fr\/hausse-gaz-baisse-lenergie-eolienne-prix-marche-europeen\/#primaryimage"},"thumbnailUrl":"https:\/\/aleasoft.com\/wp-content\/uploads\/2025\/02\/20250210-AleaSoft-European-electricity-market-prices.png","datePublished":"2025-02-10T12:26:31+00:00","dateModified":"2025-02-13T04:03:21+00:00","description":"Au cours de la premi\u00e8re semaine de f\u00e9vrier, les prix \u00e0 terme du gaz TTF ont continu\u00e9 \u00e0 augmenter et ont atteint le prix de cl\u00f4ture le plus \u00e9lev\u00e9 de l'ann\u00e9e derni\u00e8re \u00e0 la fin de la semaine.","breadcrumb":{"@id":"https:\/\/aleasoft.com\/fr\/hausse-gaz-baisse-lenergie-eolienne-prix-marche-europeen\/#breadcrumb"},"inLanguage":"fr-FR","potentialAction":[{"@type":"ReadAction","target":["https:\/\/aleasoft.com\/fr\/hausse-gaz-baisse-lenergie-eolienne-prix-marche-europeen\/"]}]},{"@type":"ImageObject","inLanguage":"fr-FR","@id":"https:\/\/aleasoft.com\/fr\/hausse-gaz-baisse-lenergie-eolienne-prix-marche-europeen\/#primaryimage","url":"https:\/\/aleasoft.com\/wp-content\/uploads\/2025\/02\/20250210-AleaSoft-European-electricity-market-prices.png","contentUrl":"https:\/\/aleasoft.com\/wp-content\/uploads\/2025\/02\/20250210-AleaSoft-European-electricity-market-prices.png","width":2282,"height":1589},{"@type":"BreadcrumbList","@id":"https:\/\/aleasoft.com\/fr\/hausse-gaz-baisse-lenergie-eolienne-prix-marche-europeen\/#breadcrumb","itemListElement":[{"@type":"ListItem","position":1,"name":"Home","item":"https:\/\/aleasoft.com\/"},{"@type":"ListItem","position":2,"name":"La hausse du gaz et la baisse de l&#8217;\u00e9nergie \u00e9olienne poussent les prix du march\u00e9 europ\u00e9en de l&#8217;\u00e9lectricit\u00e9 \u00e0 d\u00e9passer 120 \u20ac\/MWh au cours de la premi\u00e8re semaine de f\u00e9vrier"}]},{"@type":"WebSite","@id":"https:\/\/aleasoft.com\/#website","url":"https:\/\/aleasoft.com\/","name":"AleaSoft Energy Forecasting","description":"Energy Forecasting","publisher":{"@id":"https:\/\/aleasoft.com\/#organization"},"potentialAction":[{"@type":"SearchAction","target":{"@type":"EntryPoint","urlTemplate":"https:\/\/aleasoft.com\/?s={search_term_string}"},"query-input":{"@type":"PropertyValueSpecification","valueRequired":true,"valueName":"search_term_string"}}],"inLanguage":"fr-FR"},{"@type":"Organization","@id":"https:\/\/aleasoft.com\/#organization","name":"AleaSoft Energy Forecasting","url":"https:\/\/aleasoft.com\/","logo":{"@type":"ImageObject","inLanguage":"fr-FR","@id":"https:\/\/aleasoft.com\/#\/schema\/logo\/image\/","url":"https:\/\/aleasoft.com\/wp-content\/uploads\/2020\/01\/logo-alea-25.svg","contentUrl":"https:\/\/aleasoft.com\/wp-content\/uploads\/2020\/01\/logo-alea-25.svg","width":7047,"height":1416,"caption":"AleaSoft Energy Forecasting"},"image":{"@id":"https:\/\/aleasoft.com\/#\/schema\/logo\/image\/"},"sameAs":["https:\/\/www.facebook.com\/AleaSoft\/","https:\/\/x.com\/AleaSoftEnergy","https:\/\/www.linkedin.com\/company\/aleasoft\/"]},{"@type":"Person","@id":"https:\/\/aleasoft.com\/#\/schema\/person\/e83ba5c714f71473e3096e6f5bffcd61","name":"AleaSoft Energy Forecasting","image":{"@type":"ImageObject","inLanguage":"fr-FR","@id":"https:\/\/secure.gravatar.com\/avatar\/9f3c80a49711746195eaa8b9dac85dd25b10ed81cf9cd40ba1c909b7c8d60bfb?s=96&d=mm&r=g","url":"https:\/\/secure.gravatar.com\/avatar\/9f3c80a49711746195eaa8b9dac85dd25b10ed81cf9cd40ba1c909b7c8d60bfb?s=96&d=mm&r=g","contentUrl":"https:\/\/secure.gravatar.com\/avatar\/9f3c80a49711746195eaa8b9dac85dd25b10ed81cf9cd40ba1c909b7c8d60bfb?s=96&d=mm&r=g","caption":"AleaSoft Energy Forecasting"}}]}},"_links":{"self":[{"href":"https:\/\/aleasoft.com\/fr\/wp-json\/wp\/v2\/posts\/154431","targetHints":{"allow":["GET"]}}],"collection":[{"href":"https:\/\/aleasoft.com\/fr\/wp-json\/wp\/v2\/posts"}],"about":[{"href":"https:\/\/aleasoft.com\/fr\/wp-json\/wp\/v2\/types\/post"}],"author":[{"embeddable":true,"href":"https:\/\/aleasoft.com\/fr\/wp-json\/wp\/v2\/users\/3"}],"replies":[{"embeddable":true,"href":"https:\/\/aleasoft.com\/fr\/wp-json\/wp\/v2\/comments?post=154431"}],"version-history":[{"count":0,"href":"https:\/\/aleasoft.com\/fr\/wp-json\/wp\/v2\/posts\/154431\/revisions"}],"wp:featuredmedia":[{"embeddable":true,"href":"https:\/\/aleasoft.com\/fr\/wp-json\/wp\/v2\/media\/154389"}],"wp:attachment":[{"href":"https:\/\/aleasoft.com\/fr\/wp-json\/wp\/v2\/media?parent=154431"}],"wp:term":[{"taxonomy":"category","embeddable":true,"href":"https:\/\/aleasoft.com\/fr\/wp-json\/wp\/v2\/categories?post=154431"},{"taxonomy":"post_tag","embeddable":true,"href":"https:\/\/aleasoft.com\/fr\/wp-json\/wp\/v2\/tags?post=154431"}],"curies":[{"name":"wp","href":"https:\/\/api.w.org\/{rel}","templated":true}]}}