{"id":157056,"date":"2025-05-19T15:12:29","date_gmt":"2025-05-19T13:12:29","guid":{"rendered":"https:\/\/aleasoft.com\/?p=157056"},"modified":"2025-05-22T21:36:05","modified_gmt":"2025-05-22T19:36:05","slug":"renouvelables-demande-prix-moderes-marches-europeens","status":"publish","type":"post","link":"https:\/\/aleasoft.com\/fr\/renouvelables-demande-prix-moderes-marches-europeens\/","title":{"rendered":"Les \u00e9nergies renouvelables et la baisse de la demande mod\u00e8rent les prix sur les march\u00e9s europ\u00e9ens de l&rsquo;\u00e9lectricit\u00e9, malgr\u00e9 la hausse des prix du gaz et du CO<sub>2<\/sub> au cours de la troisi\u00e8me semaine de mai"},"content":{"rendered":"<p><strong>AleaSoft Energy Forecasting, 19 mai 2025. Au cours de la troisi\u00e8me semaine de mai, les principaux march\u00e9s europ\u00e9ens de l&rsquo;\u00e9lectricit\u00e9 ont affich\u00e9 des performances mitig\u00e9es, bien que dans la plupart d&rsquo;entre eux, les prix hebdomadaires aient \u00e9t\u00e9 inf\u00e9rieurs \u00e0 ceux de la semaine pr\u00e9c\u00e9dente. Malgr\u00e9 la hausse des prix du gaz et du CO<sub>2<\/sub>, l&rsquo;augmentation de la production d&rsquo;\u00e9nergie renouvelable et la baisse de la demande ont permis de contenir les prix et de les faire baisser dans certains cas. Le march\u00e9 portugais a de nouveau battu son record historique de production photovolta\u00efque journali\u00e8re et les march\u00e9s allemand et italien ont atteint la production photovolta\u00efque journali\u00e8re la plus \u00e9lev\u00e9e en mai.<\/strong><\/p>\n<h2>Production solaire photovolta\u00efque et production d&rsquo;\u00e9nergie \u00e9olienne<\/h2>\n<p>Au cours de la semaine du 12 mai, la <strong>production solaire photovolta\u00efque<\/strong> a augment\u00e9 sur les principaux march\u00e9s europ\u00e9ens de l&rsquo;\u00e9lectricit\u00e9. La France et l&rsquo;Italie ont enregistr\u00e9 les plus fortes hausses, respectivement de 19 % et 18 %. La p\u00e9ninsule ib\u00e9rique a enregistr\u00e9 sa deuxi\u00e8me semaine cons\u00e9cutive de hausse, avec une augmentation de 9,2% en Espagne et de 13% au Portugal. L&rsquo;Allemagne a enregistr\u00e9 la plus faible croissance, 7,1%, et a maintenu la tendance \u00e0 la hausse pour la quatri\u00e8me semaine cons\u00e9cutive.<\/p>\n<p>Au cours de la semaine, les march\u00e9s allemand, fran\u00e7ais, portugais et italien ont enregistr\u00e9 une production solaire photovolta\u00efque record. Le mardi 13 mai, l&rsquo;Allemagne a atteint sa valeur de production photovolta\u00efque la plus \u00e9lev\u00e9e pour une journ\u00e9e de mai avec 424 GWh, ce qui repr\u00e9sente \u00e9galement la deuxi\u00e8me valeur la plus \u00e9lev\u00e9e de son histoire. La France a enregistr\u00e9 ses deuxi\u00e8me et troisi\u00e8me valeurs de production les plus \u00e9lev\u00e9es pour une journ\u00e9e en mai, avec 121 GWh les 14 et 16 mai. Le march\u00e9 portugais a de nouveau battu son record historique de production solaire avec 26 GWh le jeudi 15 mai. L&rsquo;Italie a atteint sa plus forte production journali\u00e8re en mai, avec 147 GWh le dimanche 18 mai.<\/p>\n<p>Pour la semaine du 19 mai, selon les <a href=\"https:\/\/aleasoft.com\/fr\/produits-et-services\/prevision-energie-solaire\/\">pr\u00e9visions de production solaire<\/a> d&rsquo; <strong>AleaSoft Energy Forecasting<\/strong>, la production solaire augmentera en Espagne, mais diminuera en Italie et en Allemagne.<\/p>\n<div style='margin-top: 20px;margin-bottom: 20px;'><a title='AleaSoft - Photovoltaic energy production electricity Europe' href='https:\/\/aleasoft.com\/wp-content\/uploads\/2025\/05\/20250519-AleaSoft-Photovoltaic-energy-production-electricity-Europe.png'><img class='aligncenter' src='https:\/\/aleasoft.com\/wp-content\/uploads\/2025\/05\/20250519-AleaSoft-Photovoltaic-energy-production-electricity-Europe.png' alt='AleaSoft - Photovoltaic energy production electricity Europe' width='740'\/><\/a><span style='font-size: small;'>Source : Pr\u00e9par\u00e9 par AleaSoft Energy Forecasting \u00e0 partir des donn\u00e9es de ENTSO-E, RTE, REN, REE et TERNA.<\/span><\/div>\n<div style='margin-top: 20px;margin-bottom: 20px;'><a title='AleaSoft - Solar photovoltaic production profile Europe' href='https:\/\/aleasoft.com\/wp-content\/uploads\/2025\/05\/20250519-AleaSoft-Solar-photovoltaic-production-profile-Europe.png'><img class='aligncenter' src='https:\/\/aleasoft.com\/wp-content\/uploads\/2025\/05\/20250519-AleaSoft-Solar-photovoltaic-production-profile-Europe.png' alt='AleaSoft - Solar photovoltaic production profile Europe' width='740'\/><\/a><span style='font-size: small;'>Source : Pr\u00e9par\u00e9 par AleaSoft Energy Forecasting \u00e0 partir des donn\u00e9es de ENTSO-E, RTE, REN, REE et TERNA.<\/span><\/div>\n<p>Au cours de la troisi\u00e8me semaine de mai, la <strong>production d&rsquo;\u00e9nergie \u00e9olienne<\/strong> a augment\u00e9 sur les march\u00e9s allemand, portugais et italien par rapport \u00e0 la semaine pr\u00e9c\u00e9dente. L&rsquo;Allemagne a enregistr\u00e9 la plus forte augmentation (43 %), maintenant la tendance \u00e0 la hausse pour la troisi\u00e8me semaine cons\u00e9cutive. L&rsquo;Italie a connu la plus faible augmentation (3,3 %), tandis que le Portugal a enregistr\u00e9 une hausse de 12 %. En revanche, l&rsquo;Espagne et la France ont enregistr\u00e9 des baisses de production avec cette technologie de 29% et 45%, respectivement.<\/p>\n<p>Selon les <a href=\"https:\/\/aleasoft.com\/fr\/produits-et-services\/prevision-energie-eolienne\/\">pr\u00e9visions de production d&rsquo;\u00e9nergie \u00e9olienne<\/a> d&rsquo;<strong>AleaSoft Energy Forecasting<\/strong>, la production d&rsquo;\u00e9nergie \u00e9olienne augmentera dans les principaux march\u00e9s europ\u00e9ens analys\u00e9s au cours de la semaine du 19 mai.<\/p>\n<div style='margin-top: 20px;margin-bottom: 20px;'><a title='AleaSoft - Wind energy production electricity Europe' href='https:\/\/aleasoft.com\/wp-content\/uploads\/2025\/05\/20250519-AleaSoft-Wind-energy-production-electricity-Europe.png'><img class='aligncenter' src='https:\/\/aleasoft.com\/wp-content\/uploads\/2025\/05\/20250519-AleaSoft-Wind-energy-production-electricity-Europe.png' alt='AleaSoft - Wind energy production electricity Europe' width='740'\/><\/a><span style='font-size: small;'>Source : Pr\u00e9par\u00e9 par AleaSoft Energy Forecasting \u00e0 partir des donn\u00e9es de ENTSO-E, RTE, REN, REE et TERNA.<\/span><\/div>\n<h2>Demande d&rsquo;\u00e9lectricit\u00e9<\/h2>\n<p>Au cours de la semaine du 12 mai, la <strong>demande d&rsquo;\u00e9lectricit\u00e9<\/strong> a diminu\u00e9 sur la plupart des grands march\u00e9s europ\u00e9ens par rapport \u00e0 la semaine pr\u00e9c\u00e9dente. La Grande-Bretagne a enregistr\u00e9 la plus forte baisse (3,7 %), tandis que l&rsquo;Allemagne et l&rsquo;Italie ont r\u00e9duit leur demande de 1,3 % et 1,2 %, respectivement. L&rsquo;Espagne a connu la plus faible baisse (0,8%). D&rsquo;autre part, le Portugal, la France et la Belgique ont augment\u00e9 leur demande pour la deuxi\u00e8me semaine cons\u00e9cutive. \u00c0 cette occasion, le march\u00e9 portugais a men\u00e9 les augmentations, avec 2,2%, suivi par la France, avec 1,1%, et la Belgique, avec 0,5%.<\/p>\n<p>Les <strong>temp\u00e9ratures moyennes<\/strong> ont augment\u00e9 sur tous les march\u00e9s analys\u00e9s par rapport \u00e0 la semaine pr\u00e9c\u00e9dente. La Grande-Bretagne et la Belgique ont enregistr\u00e9 les plus fortes hausses, respectivement de 2,7\u00b0C et 2,6\u00b0C. L&rsquo;Italie a connu l&rsquo;augmentation la plus faible (0,2\u00b0C). L&rsquo;Espagne, le Portugal, l&rsquo;Allemagne et la France ont enregistr\u00e9 des hausses de temp\u00e9rature allant de 1,6\u00b0C en Espagne \u00e0 1,8\u00b0C en France.<\/p>\n<p>L&rsquo;augmentation des temp\u00e9ratures moyennes a favoris\u00e9 la baisse de la demande au cours de la semaine. En Espagne, le jour f\u00e9ri\u00e9 du 15 mai \u00e0 Madrid, le jour de la Saint Isidore, a \u00e9galement jou\u00e9 un r\u00f4le. En revanche, sur le march\u00e9 fran\u00e7ais, la reprise de l&rsquo;activit\u00e9 professionnelle, suite au jour f\u00e9ri\u00e9 du 8 mai, jour de la Victoire en Europe, a favoris\u00e9 l&rsquo;augmentation de la demande.<\/p>\n<p>Au cours de la semaine du 19 mai, selon les <a href=\"https:\/\/aleasoft.com\/fr\/services\/previsions-demande-energie-electrique\/\">pr\u00e9visions de demande<\/a> d&rsquo; <strong>AleaSoft Energy Forecasting<\/strong>, la demande augmentera sur les march\u00e9s de l&rsquo;Espagne, de l&rsquo;Italie et de la Grande-Bretagne. Au Portugal, la demande restera similaire \u00e0 celle de la semaine pr\u00e9c\u00e9dente, tandis qu&rsquo;elle diminuera en Allemagne, en France et en Belgique.<\/p>\n<div style='margin-top: 20px;margin-bottom: 20px;'><a title='AleaSoft - Electricity demand European countries' href='https:\/\/aleasoft.com\/wp-content\/uploads\/2025\/05\/20250519-AleaSoft-Electricity-demand-European-countries.png'><img class='aligncenter' src='https:\/\/aleasoft.com\/wp-content\/uploads\/2025\/05\/20250519-AleaSoft-Electricity-demand-European-countries.png' alt='AleaSoft - Electricity demand European countries' width='740'\/><\/a><span style='font-size: small;'>Source : Pr\u00e9par\u00e9 par AleaSoft Energy Forecasting \u00e0 partir des donn\u00e9es de ENTSO-E, RTE, REN, REE, TERNA, National Grid et ELIA.<\/span><\/div>\n<h2>March\u00e9s europ\u00e9ens de l&rsquo;\u00e9lectricit\u00e9<\/h2>\n<p>Au cours de la troisi\u00e8me semaine de mai, les prix moyens des principaux march\u00e9s europ\u00e9ens de l&rsquo;\u00e9lectricit\u00e9 ont \u00e9t\u00e9 mitig\u00e9s par rapport \u00e0 la semaine pr\u00e9c\u00e9dente. Le <strong>march\u00e9<\/strong> espagnol <strong>MIBEL<\/strong> et le <strong>march\u00e9<\/strong> fran\u00e7ais <strong><\/strong> ont connu les plus fortes augmentations de prix, respectivement de 47 % et 140 %. Les prix ont \u00e9galement augment\u00e9 sur le <strong>march\u00e9 N2EX <\/strong>au Royaume-Uni et sur le march\u00e9  en Belgique, mais les augmentations ont \u00e9t\u00e9 plus faibles, de 1,7 % et 5,2 % dans chaque cas. En revanche, tous les autres grands march\u00e9s europ\u00e9ens de l&rsquo;\u00e9lectricit\u00e9 ont enregistr\u00e9 des baisses de prix. Le <strong>march\u00e9 Nord Pool<\/strong> dans les pays nordiques a enregistr\u00e9 la plus forte baisse, soit 66 %. Sur les autres march\u00e9s analys\u00e9s dans <strong>AleaSoft Energy Forecasting<\/strong>, les prix ont baiss\u00e9 de 1,5 % sur le<strong> march\u00e9 IPEX <\/strong>en Italie et de 25 % sur le march\u00e9 MIBEL au Portugal.<\/p>\n<p>Au cours de la semaine du 12 mai, les moyennes hebdomadaires ont d\u00e9pass\u00e9 60 \u20ac\/MWh sur la plupart des principaux march\u00e9s europ\u00e9ens de l&rsquo;\u00e9lectricit\u00e9. Les march\u00e9s espagnol, nordique, fran\u00e7ais et portugais ont fait exception, avec des moyennes respectives de 18,19 \u20ac\/MWh, 21,65 \u20ac\/MWh, 23,10 \u20ac\/MWh et 25,57 \u20ac\/MWh. En revanche, les march\u00e9s britannique et italien ont atteint les moyennes hebdomadaires les plus \u00e9lev\u00e9es, soit 92,22 \u20ac\/MWh et 95,80 \u20ac\/MWh, respectivement. Sur les autres march\u00e9s analys\u00e9s, les prix ont vari\u00e9 de 64,46 \u20ac\/MWh sur le march\u00e9 belge \u00e0 68,61 \u20ac\/MWh sur le march\u00e9 allemand.<\/p>\n<p>Le gouvernement portugais a augment\u00e9 la capacit\u00e9 d&rsquo;importation d&rsquo;\u00e9lectricit\u00e9 avec l&rsquo;Espagne entre le 12 et le 19 mai, bien qu&rsquo;elle soit limit\u00e9e \u00e0 1000 MW entre 09h00 et 19h00 CET et \u00e0 2200 MW \u00e0 tous les autres moments. Cela signifie que le couplage entre les march\u00e9s espagnol et portugais \u00e9tait de 57 %, plus \u00e9lev\u00e9 que les 23 % de la semaine pr\u00e9c\u00e9dente, bien que bien en dessous des valeurs sup\u00e9rieures \u00e0 95 % avant le black-out qui a affect\u00e9 la p\u00e9ninsule ib\u00e9rique le 28 avril.<\/p>\n<p>En termes de prix journaliers, les march\u00e9s espagnol et nordique ont enregistr\u00e9 des prix inf\u00e9rieurs \u00e0 10 \u20ac\/MWh lors de certaines sessions de la troisi\u00e8me semaine de mai. Le march\u00e9 nordique a atteint la moyenne journali\u00e8re la plus basse des march\u00e9s analys\u00e9s, \u00e0 4,60 \u20ac\/MWh, le 14 mai. Il s&rsquo;agit du prix journalier le plus bas depuis le 23 mars.<\/p>\n<p>En termes de prix horaires, la plupart des march\u00e9s europ\u00e9ens de l&rsquo;\u00e9lectricit\u00e9 ont enregistr\u00e9 des prix horaires n\u00e9gatifs au cours de la deuxi\u00e8me semaine de mai. Les march\u00e9s britannique et italien ont fait exception. Toutefois, le march\u00e9 italien a enregistr\u00e9 trois heures de prix nuls le dimanche 18 mai dans l&rsquo;apr\u00e8s-midi. C&rsquo;est la deuxi\u00e8me fois cette ann\u00e9e. Auparavant, de telles valeurs n&rsquo;avaient pas \u00e9t\u00e9 enregistr\u00e9es sur le march\u00e9 italien depuis avril 2020.<\/p>\n<p>Dans la semaine du 12 mai, malgr\u00e9 l&rsquo;augmentation du prix hebdomadaire du gaz et des quotas d&rsquo;\u00e9mission de CO<sub>2<\/sub>, l&rsquo;augmentation de la production d&rsquo;\u00e9nergie \u00e9olienne a entra\u00een\u00e9 une baisse des prix sur des march\u00e9s tels que l&rsquo;Allemagne, le Portugal et l&rsquo;Italie. En revanche, en Espagne et en France, la production d&rsquo;\u00e9nergie \u00e9olienne a chut\u00e9, ce qui a entra\u00een\u00e9 les plus fortes hausses de prix en pourcentage. Dans le cas du march\u00e9 fran\u00e7ais, la demande a \u00e9galement augment\u00e9.<\/p>\n<div style='margin-top: 20px;margin-bottom: 20px;'><a title='AleaSoft - Paneles solares' href='https:\/\/aleasoft.com\/wp-content\/uploads\/2025\/03\/pexels-fotovoltaica4-scaled.jpg'><img class='aligncenter' src='https:\/\/aleasoft.com\/wp-content\/uploads\/2025\/03\/pexels-fotovoltaica4-scaled.jpg' alt='AleaSoft - Paneles solares' width='740'\/><\/a><\/div>\n<p>Les <a href=\"https:\/\/aleasoft.com\/fr\/services\/previsions-prix-energie\/\">pr\u00e9visions de prix<\/a> d&rsquo; <strong>AleaSoft Energy Forecasting<\/strong> indiquent qu&rsquo;au cours de la quatri\u00e8me semaine de mai, les prix augmenteront sur la plupart des principaux march\u00e9s europ\u00e9ens de l&rsquo;\u00e9lectricit\u00e9. Cependant, les prix baisseront sur le march\u00e9 MIBEL, influenc\u00e9s par l&rsquo;augmentation de la production d&rsquo;\u00e9nergie \u00e9olienne dans la p\u00e9ninsule ib\u00e9rique et l&rsquo;augmentation de la production solaire sur le march\u00e9 espagnol.<\/p>\n<div style='margin-top: 20px;margin-bottom: 20px;'><a title='AleaSoft - European electricity market prices' href='https:\/\/aleasoft.com\/wp-content\/uploads\/2025\/05\/20250519-AleaSoft-European-electricity-market-prices.png'><img class='aligncenter' src='https:\/\/aleasoft.com\/wp-content\/uploads\/2025\/05\/20250519-AleaSoft-European-electricity-market-prices.png' alt='AleaSoft - European electricity market prices' width='740'\/><\/a><span style='font-size: small;'>Source : AleaSoft Energy Forecasting : Pr\u00e9par\u00e9 par AleaSoft Energy Forecasting \u00e0 partir de donn\u00e9es de l'OMIE, , Nord Pool et GME.<\/span><\/div>\n<h2>Brent, carburants et CO<sub>2<\/sub><\/h2>\n<p>Les prix de cl\u00f4ture des contrats \u00e0 terme sur le <strong>p\u00e9trole brut Brent<\/strong> pour le premier mois sur le <strong>march\u00e9 ICE<\/strong> ont d\u00e9pass\u00e9 65 $\/b lors de la plupart des s\u00e9ances de la troisi\u00e8me semaine de mai. Le mardi 13 mai, ces contrats \u00e0 terme ont atteint leur prix de cl\u00f4ture hebdomadaire le plus \u00e9lev\u00e9, \u00e0 savoir 66,63 $\/bbl. Selon les donn\u00e9es analys\u00e9es par <strong>AleaSoft Energy Forecasting<\/strong>, ce prix \u00e9tait le plus \u00e9lev\u00e9 depuis le 26 avril. Par la suite, les prix ont baiss\u00e9. En cons\u00e9quence, le jeudi 15 mai, ces contrats \u00e0 terme ont enregistr\u00e9 leur prix de cl\u00f4ture hebdomadaire le plus bas, \u00e0 savoir 64,53 dollars le baril. Le vendredi 16 mai, il y a eu une reprise de 1,4 % par rapport au jour pr\u00e9c\u00e9dent. Ce vendredi-l\u00e0, le prix de cl\u00f4ture \u00e9tait de 65,41 $\/b, soit 2,3 % de plus que le vendredi pr\u00e9c\u00e9dent.<\/p>\n<p>L&rsquo;am\u00e9lioration des perspectives des relations commerciales entre la Chine et les \u00c9tats-Unis a permis aux contrats \u00e0 terme sur le p\u00e9trole brut Brent de d\u00e9passer les 65 dollars le baril \u00e0 plusieurs reprises au cours de la troisi\u00e8me semaine de mai. Toutefois, la possibilit\u00e9 d&rsquo;un accord nucl\u00e9aire entre les \u00c9tats-Unis et l&rsquo;Iran, qui l\u00e8verait les sanctions sur les exportations de p\u00e9trole iranien, ainsi que les augmentations pr\u00e9vues de la production de l&rsquo;OPEP+, ont exerc\u00e9 une influence \u00e0 la baisse sur les prix, limitant les gains.<\/p>\n<p>Quant aux prix de cl\u00f4ture des contrats \u00e0 terme sur le <strong>gaz TTF<\/strong> sur le march\u00e9 ICE pour le premier mois, ils se sont maintenus au-dessus de 35 \u20ac\/MWh au cours de la troisi\u00e8me semaine de mars. Le mardi 13 mai, ces contrats \u00e0 terme ont atteint leur prix de cl\u00f4ture hebdomadaire le plus \u00e9lev\u00e9, soit 35,74 \u20ac\/MWh. Selon les donn\u00e9es analys\u00e9es dans <strong>AleaSoft Energy Forecasting<\/strong>, ce prix est le plus \u00e9lev\u00e9 depuis le 9 avril. Cependant, apr\u00e8s une baisse de 1,9 % par rapport \u00e0 la veille, le 14 mai, ils ont enregistr\u00e9 leur prix de cl\u00f4ture hebdomadaire le plus bas, \u00e0 savoir 35,05 \u20ac\/MWh. Malgr\u00e9 une l\u00e9g\u00e8re hausse, les prix de cl\u00f4ture sont rest\u00e9s inf\u00e9rieurs \u00e0 35,50 \u20ac\/MWh lors des deux derni\u00e8res s\u00e9ances de la semaine. Le vendredi 16 mai, le prix de cl\u00f4ture \u00e9tait de 35,16 \u20ac\/MWh, soit 1,6 % de plus que le vendredi pr\u00e9c\u00e9dent.<\/p>\n<p>L&rsquo;absence de progr\u00e8s dans les n\u00e9gociations de paix entre la Russie et l&rsquo;Ukraine a exerc\u00e9 une influence \u00e0 la hausse sur les prix \u00e0 terme du gaz TTF. En outre, les pr\u00e9visions de temp\u00e9ratures plus fra\u00eeches que d&rsquo;habitude pour cette p\u00e9riode de l&rsquo;ann\u00e9e dans le nord-ouest de l&rsquo;Europe \u00e0 partir du 22 mai ont contribu\u00e9 \u00e0 la hausse des prix. D&rsquo;autre part, les niveaux de stocks europ\u00e9ens restent faibles par rapport \u00e0 l&rsquo;ann\u00e9e pr\u00e9c\u00e9dente.<\/p>\n<p>En ce qui concerne les prix de cl\u00f4ture des contrats \u00e0 terme sur les <strong>quotas d&rsquo;\u00e9mission de CO<sub>2<\/sub><\/strong> sur le <strong>march\u00e9 EEX<\/strong> pour le contrat de r\u00e9f\u00e9rence de d\u00e9cembre 2025, ils sont rest\u00e9s sup\u00e9rieurs \u00e0 70 \u20ac\/t au cours de la troisi\u00e8me semaine de mai. Les 12 et 15 mai, ces contrats \u00e0 terme ont atteint leur prix de cl\u00f4ture hebdomadaire le plus \u00e9lev\u00e9, soit 73,41 \u20ac\/tonne. Selon les donn\u00e9es analys\u00e9es dans <strong>AleaSoft Energy Forecasting<\/strong>, ce prix est le plus \u00e9lev\u00e9 depuis le 20 mars. Cependant, le vendredi 16 mai, les prix ont chut\u00e9 de 3,3 % par rapport \u00e0 la veille. Ce jour-l\u00e0, ces contrats \u00e0 terme ont atteint leur prix de cl\u00f4ture hebdomadaire minimum de 70,99 \u20ac\/t. Malgr\u00e9 la baisse, ce prix \u00e9tait encore sup\u00e9rieur de 0,9 % \u00e0 celui du vendredi pr\u00e9c\u00e9dent. Malgr\u00e9 cette baisse, ce prix \u00e9tait encore sup\u00e9rieur de 0,9 % \u00e0 celui du vendredi pr\u00e9c\u00e9dent.<\/p>\n<div style='margin-top: 20px;margin-bottom: 20px;'><a title='AleaSoft - Prices gas coal Brent oil CO2' href='https:\/\/aleasoft.com\/wp-content\/uploads\/2025\/05\/20250519-AleaSoft-Prices-gas-coal-Brent-oil-CO2.png'><img class='aligncenter' src='https:\/\/aleasoft.com\/wp-content\/uploads\/2025\/05\/20250519-AleaSoft-Prices-gas-coal-Brent-oil-CO2.png' alt='AleaSoft - Prices gas coal Brent oil CO2' width='740'\/><\/a><span style='font-size: small;'>Source : AleaSoft Energy Forecasting : Pr\u00e9par\u00e9 par AleaSoft Energy Forecasting \u00e0 partir de donn\u00e9es de l'ICE et de l'EEX.<\/span><\/div>\n<h2>Analyse d&rsquo;AleaSoft Energy Forecasting sur les perspectives des march\u00e9s europ\u00e9ens de l&rsquo;\u00e9nergie et des batteries<\/h2>\n<p>Ce jeudi 22 mai aura lieu le <a href=\"https:\/\/aleasoft.com\/fr\/services\/previsions-prix-energie\/\">55\u00e8me webinaire<\/a> de la s\u00e9rie de <a href=\"https:\/\/aleasoft.com\/fr\/webinars\/\">webinaires mensuels<\/a> <strong>AleaSoft Energy Forecasting<\/strong>. Javier Adiego Orera, PDG et cofondateur de <strong>7C Energy<\/strong>, sera l&rsquo;orateur invit\u00e9 de ce webinaire consacr\u00e9 aux batteries. Le webinaire analysera l&rsquo;importance des <strong>pr\u00e9visions de la demande<\/strong> et de la <strong>bande secondaire<\/strong>, les avantages en fonction du degr\u00e9 d&rsquo;utilisation des <strong>batteries<\/strong> et leur optimisation financi\u00e8re, ainsi que les questions r\u00e9glementaires du <strong>stockage de l&rsquo;\u00e9nergie<\/strong>, y compris les subventions et les <strong>paiements pour la capacit\u00e9<\/strong>. Kiko Maza, directeur g\u00e9n\u00e9ral de <strong>WeMake Consultores<\/strong>, et Luis Atienza Serna, <strong>ancien ministre du gouvernement espagnol<\/strong> et ancien pr\u00e9sident de <strong>Red El\u00e9ctrica<\/strong>, participeront \u00e0 la table ronde. La table ronde abordera \u00e9galement les <strong>hybridations<\/strong> avec l&rsquo;\u00e9nergie \u00e9olienne et les <strong>services auxiliaires<\/strong>, ainsi que les <strong>r\u00e9seaux de transmission et de distribution<\/strong>.<\/p>\n<p>Source: <strong>AleaSoft Energy Forecasting<\/strong>.<\/p>\n","protected":false},"excerpt":{"rendered":"<p>AleaSoft Energy Forecasting, 19 mai 2025. Au cours de la troisi\u00e8me semaine de mai, les principaux march\u00e9s europ\u00e9ens de l&rsquo;\u00e9lectricit\u00e9 ont affich\u00e9 des performances mitig\u00e9es, bien que dans la plupart d&rsquo;entre eux, les prix hebdomadaires aient \u00e9t\u00e9 inf\u00e9rieurs \u00e0 ceux de la semaine pr\u00e9c\u00e9dente. Malgr\u00e9 la hausse des prix du gaz et du CO2, l&rsquo;augmentation [&hellip;]<\/p>\n","protected":false},"author":3,"featured_media":156933,"comment_status":"closed","ping_status":"closed","sticky":false,"template":"","format":"standard","meta":{"footnotes":""},"categories":[30],"tags":[7575,7578,7577,7580,7579,7581,7576],"class_list":["post-157056","post","type-post","status-publish","format-standard","has-post-thumbnail","hentry","category-nouvelles","tag-demande","tag-marches","tag-photovoltaique","tag-prix-brent","tag-prix-co2","tag-prix-gaz","tag-vent"],"yoast_head":"<!-- This site is optimized with the Yoast SEO Premium plugin v27.4 (Yoast SEO v27.5) - https:\/\/yoast.com\/product\/yoast-seo-premium-wordpress\/ -->\n<title>Les \u00e9nergies renouvelables et la baisse de la demande mod\u00e8rent les prix sur les march\u00e9s europ\u00e9ens de l&#039;\u00e9lectricit\u00e9, malgr\u00e9 la hausse des prix du gaz et du CO2 au cours de la troisi\u00e8me semaine de mai - AleaSoft Energy Forecasting<\/title>\n<meta name=\"description\" content=\"Au cours de la troisi\u00e8me semaine de mai, les principaux march\u00e9s europ\u00e9ens de l&#039;\u00e9lectricit\u00e9 ont connu une \u00e9volution mitig\u00e9e, bien que dans la plupart d&#039;entre eux, les prix hebdomadaires aient \u00e9t\u00e9 inf\u00e9rieurs \u00e0 ceux de la semaine pr\u00e9c\u00e9dente.\" \/>\n<meta name=\"robots\" content=\"index, follow, max-snippet:-1, max-image-preview:large, max-video-preview:-1\" \/>\n<link rel=\"canonical\" href=\"https:\/\/aleasoft.com\/renouvelables-demande-prix-moderes-marches-europeens\/\" \/>\n<meta property=\"og:locale\" content=\"fr_FR\" \/>\n<meta property=\"og:type\" content=\"article\" \/>\n<meta property=\"og:title\" content=\"Les \u00e9nergies renouvelables et la baisse de la demande mod\u00e8rent les prix sur les march\u00e9s europ\u00e9ens de l&#039;\u00e9lectricit\u00e9, malgr\u00e9 la hausse des prix du gaz et du CO2 au cours de la troisi\u00e8me semaine de mai\" \/>\n<meta property=\"og:description\" content=\"Au cours de la troisi\u00e8me semaine de mai, les principaux march\u00e9s europ\u00e9ens de l&#039;\u00e9lectricit\u00e9 ont connu une \u00e9volution mitig\u00e9e, bien que dans la plupart d&#039;entre eux, les prix hebdomadaires aient \u00e9t\u00e9 inf\u00e9rieurs \u00e0 ceux de la semaine pr\u00e9c\u00e9dente.\" \/>\n<meta property=\"og:url\" content=\"https:\/\/aleasoft.com\/renouvelables-demande-prix-moderes-marches-europeens\/\" \/>\n<meta property=\"og:site_name\" content=\"AleaSoft Energy Forecasting\" \/>\n<meta property=\"article:publisher\" content=\"https:\/\/www.facebook.com\/AleaSoft\/\" \/>\n<meta property=\"article:published_time\" content=\"2025-05-19T13:12:29+00:00\" \/>\n<meta property=\"article:modified_time\" content=\"2025-05-22T19:36:05+00:00\" \/>\n<meta property=\"og:image\" content=\"https:\/\/aleasoft.com\/wp-content\/uploads\/2025\/05\/20250519-AleaSoft-European-electricity-market-prices.png\" \/>\n\t<meta property=\"og:image:width\" content=\"730\" \/>\n\t<meta property=\"og:image:height\" content=\"509\" \/>\n\t<meta property=\"og:image:type\" content=\"image\/png\" \/>\n<meta name=\"author\" content=\"AleaSoft Energy Forecasting\" \/>\n<meta name=\"twitter:card\" content=\"summary_large_image\" \/>\n<meta name=\"twitter:creator\" content=\"@AleaSoftEnergy\" \/>\n<meta name=\"twitter:site\" content=\"@AleaSoftEnergy\" \/>\n<meta name=\"twitter:label1\" content=\"\u00c9crit par\" \/>\n\t<meta name=\"twitter:data1\" content=\"AleaSoft Energy Forecasting\" \/>\n\t<meta name=\"twitter:label2\" content=\"Dur\u00e9e de lecture estim\u00e9e\" \/>\n\t<meta name=\"twitter:data2\" content=\"11 minutes\" \/>\n<script type=\"application\/ld+json\" class=\"yoast-schema-graph\">{\"@context\":\"https:\\\/\\\/schema.org\",\"@graph\":[{\"@type\":\"Article\",\"@id\":\"https:\\\/\\\/aleasoft.com\\\/renouvelables-demande-prix-moderes-marches-europeens\\\/#article\",\"isPartOf\":{\"@id\":\"https:\\\/\\\/aleasoft.com\\\/fr\\\/renouvelables-demande-prix-moderes-marches-europeens\\\/\"},\"author\":{\"name\":\"AleaSoft Energy Forecasting\",\"@id\":\"https:\\\/\\\/aleasoft.com\\\/#\\\/schema\\\/person\\\/e83ba5c714f71473e3096e6f5bffcd61\"},\"headline\":\"Les \u00e9nergies renouvelables et la baisse de la demande mod\u00e8rent les prix sur les march\u00e9s europ\u00e9ens de l&rsquo;\u00e9lectricit\u00e9, malgr\u00e9 la hausse des prix du gaz et du CO2 au cours de la troisi\u00e8me semaine de mai\",\"datePublished\":\"2025-05-19T13:12:29+00:00\",\"dateModified\":\"2025-05-22T19:36:05+00:00\",\"mainEntityOfPage\":{\"@id\":\"https:\\\/\\\/aleasoft.com\\\/fr\\\/renouvelables-demande-prix-moderes-marches-europeens\\\/\"},\"wordCount\":2406,\"publisher\":{\"@id\":\"https:\\\/\\\/aleasoft.com\\\/#organization\"},\"image\":{\"@id\":\"https:\\\/\\\/aleasoft.com\\\/renouvelables-demande-prix-moderes-marches-europeens\\\/#primaryimage\"},\"thumbnailUrl\":\"https:\\\/\\\/aleasoft.com\\\/wp-content\\\/uploads\\\/2025\\\/05\\\/20250519-AleaSoft-European-electricity-market-prices.png\",\"keywords\":[\"Demande\",\"March\u00e9s\",\"Photovolta\u00efque\",\"Prix Brent\",\"Prix CO2\",\"Prix gaz\",\"Vent\"],\"articleSection\":[\"Nouvelles\"],\"inLanguage\":\"fr-FR\"},{\"@type\":\"WebPage\",\"@id\":\"https:\\\/\\\/aleasoft.com\\\/fr\\\/renouvelables-demande-prix-moderes-marches-europeens\\\/\",\"url\":\"https:\\\/\\\/aleasoft.com\\\/renouvelables-demande-prix-moderes-marches-europeens\\\/\",\"name\":\"Les \u00e9nergies renouvelables et la baisse de la demande mod\u00e8rent les prix sur les march\u00e9s europ\u00e9ens de l'\u00e9lectricit\u00e9, malgr\u00e9 la hausse des prix du gaz et du CO2 au cours de la troisi\u00e8me semaine de mai - AleaSoft Energy Forecasting\",\"isPartOf\":{\"@id\":\"https:\\\/\\\/aleasoft.com\\\/#website\"},\"primaryImageOfPage\":{\"@id\":\"https:\\\/\\\/aleasoft.com\\\/renouvelables-demande-prix-moderes-marches-europeens\\\/#primaryimage\"},\"image\":{\"@id\":\"https:\\\/\\\/aleasoft.com\\\/renouvelables-demande-prix-moderes-marches-europeens\\\/#primaryimage\"},\"thumbnailUrl\":\"https:\\\/\\\/aleasoft.com\\\/wp-content\\\/uploads\\\/2025\\\/05\\\/20250519-AleaSoft-European-electricity-market-prices.png\",\"datePublished\":\"2025-05-19T13:12:29+00:00\",\"dateModified\":\"2025-05-22T19:36:05+00:00\",\"description\":\"Au cours de la troisi\u00e8me semaine de mai, les principaux march\u00e9s europ\u00e9ens de l'\u00e9lectricit\u00e9 ont connu une \u00e9volution mitig\u00e9e, bien que dans la plupart d'entre eux, les prix hebdomadaires aient \u00e9t\u00e9 inf\u00e9rieurs \u00e0 ceux de la semaine pr\u00e9c\u00e9dente.\",\"breadcrumb\":{\"@id\":\"https:\\\/\\\/aleasoft.com\\\/renouvelables-demande-prix-moderes-marches-europeens\\\/#breadcrumb\"},\"inLanguage\":\"fr-FR\",\"potentialAction\":[{\"@type\":\"ReadAction\",\"target\":[\"https:\\\/\\\/aleasoft.com\\\/renouvelables-demande-prix-moderes-marches-europeens\\\/\"]}]},{\"@type\":\"ImageObject\",\"inLanguage\":\"fr-FR\",\"@id\":\"https:\\\/\\\/aleasoft.com\\\/renouvelables-demande-prix-moderes-marches-europeens\\\/#primaryimage\",\"url\":\"https:\\\/\\\/aleasoft.com\\\/wp-content\\\/uploads\\\/2025\\\/05\\\/20250519-AleaSoft-European-electricity-market-prices.png\",\"contentUrl\":\"https:\\\/\\\/aleasoft.com\\\/wp-content\\\/uploads\\\/2025\\\/05\\\/20250519-AleaSoft-European-electricity-market-prices.png\",\"width\":730,\"height\":509},{\"@type\":\"BreadcrumbList\",\"@id\":\"https:\\\/\\\/aleasoft.com\\\/renouvelables-demande-prix-moderes-marches-europeens\\\/#breadcrumb\",\"itemListElement\":[{\"@type\":\"ListItem\",\"position\":1,\"name\":\"Home\",\"item\":\"https:\\\/\\\/aleasoft.com\\\/\"},{\"@type\":\"ListItem\",\"position\":2,\"name\":\"Les \u00e9nergies renouvelables et la baisse de la demande mod\u00e8rent les prix sur les march\u00e9s europ\u00e9ens de l&#8217;\u00e9lectricit\u00e9, malgr\u00e9 la hausse des prix du gaz et du CO2 au cours de la troisi\u00e8me semaine de mai\"}]},{\"@type\":\"WebSite\",\"@id\":\"https:\\\/\\\/aleasoft.com\\\/#website\",\"url\":\"https:\\\/\\\/aleasoft.com\\\/\",\"name\":\"AleaSoft Energy Forecasting\",\"description\":\"Energy Forecasting\",\"publisher\":{\"@id\":\"https:\\\/\\\/aleasoft.com\\\/#organization\"},\"potentialAction\":[{\"@type\":\"SearchAction\",\"target\":{\"@type\":\"EntryPoint\",\"urlTemplate\":\"https:\\\/\\\/aleasoft.com\\\/?s={search_term_string}\"},\"query-input\":{\"@type\":\"PropertyValueSpecification\",\"valueRequired\":true,\"valueName\":\"search_term_string\"}}],\"inLanguage\":\"fr-FR\"},{\"@type\":\"Organization\",\"@id\":\"https:\\\/\\\/aleasoft.com\\\/#organization\",\"name\":\"AleaSoft Energy Forecasting\",\"url\":\"https:\\\/\\\/aleasoft.com\\\/\",\"logo\":{\"@type\":\"ImageObject\",\"inLanguage\":\"fr-FR\",\"@id\":\"https:\\\/\\\/aleasoft.com\\\/#\\\/schema\\\/logo\\\/image\\\/\",\"url\":\"https:\\\/\\\/aleasoft.com\\\/wp-content\\\/uploads\\\/2020\\\/01\\\/logo-alea-25.svg\",\"contentUrl\":\"https:\\\/\\\/aleasoft.com\\\/wp-content\\\/uploads\\\/2020\\\/01\\\/logo-alea-25.svg\",\"width\":7047,\"height\":1416,\"caption\":\"AleaSoft Energy Forecasting\"},\"image\":{\"@id\":\"https:\\\/\\\/aleasoft.com\\\/#\\\/schema\\\/logo\\\/image\\\/\"},\"sameAs\":[\"https:\\\/\\\/www.facebook.com\\\/AleaSoft\\\/\",\"https:\\\/\\\/x.com\\\/AleaSoftEnergy\",\"https:\\\/\\\/www.linkedin.com\\\/company\\\/aleasoft\\\/\"]},{\"@type\":\"Person\",\"@id\":\"https:\\\/\\\/aleasoft.com\\\/#\\\/schema\\\/person\\\/e83ba5c714f71473e3096e6f5bffcd61\",\"name\":\"AleaSoft Energy Forecasting\",\"image\":{\"@type\":\"ImageObject\",\"inLanguage\":\"fr-FR\",\"@id\":\"https:\\\/\\\/secure.gravatar.com\\\/avatar\\\/9f3c80a49711746195eaa8b9dac85dd25b10ed81cf9cd40ba1c909b7c8d60bfb?s=96&d=mm&r=g\",\"url\":\"https:\\\/\\\/secure.gravatar.com\\\/avatar\\\/9f3c80a49711746195eaa8b9dac85dd25b10ed81cf9cd40ba1c909b7c8d60bfb?s=96&d=mm&r=g\",\"contentUrl\":\"https:\\\/\\\/secure.gravatar.com\\\/avatar\\\/9f3c80a49711746195eaa8b9dac85dd25b10ed81cf9cd40ba1c909b7c8d60bfb?s=96&d=mm&r=g\",\"caption\":\"AleaSoft Energy Forecasting\"}}]}<\/script>\n<!-- \/ Yoast SEO Premium plugin. -->","yoast_head_json":{"title":"Les \u00e9nergies renouvelables et la baisse de la demande mod\u00e8rent les prix sur les march\u00e9s europ\u00e9ens de l'\u00e9lectricit\u00e9, malgr\u00e9 la hausse des prix du gaz et du CO2 au cours de la troisi\u00e8me semaine de mai - AleaSoft Energy Forecasting","description":"Au cours de la troisi\u00e8me semaine de mai, les principaux march\u00e9s europ\u00e9ens de l'\u00e9lectricit\u00e9 ont connu une \u00e9volution mitig\u00e9e, bien que dans la plupart d'entre eux, les prix hebdomadaires aient \u00e9t\u00e9 inf\u00e9rieurs \u00e0 ceux de la semaine pr\u00e9c\u00e9dente.","robots":{"index":"index","follow":"follow","max-snippet":"max-snippet:-1","max-image-preview":"max-image-preview:large","max-video-preview":"max-video-preview:-1"},"canonical":"https:\/\/aleasoft.com\/renouvelables-demande-prix-moderes-marches-europeens\/","og_locale":"fr_FR","og_type":"article","og_title":"Les \u00e9nergies renouvelables et la baisse de la demande mod\u00e8rent les prix sur les march\u00e9s europ\u00e9ens de l'\u00e9lectricit\u00e9, malgr\u00e9 la hausse des prix du gaz et du CO2 au cours de la troisi\u00e8me semaine de mai","og_description":"Au cours de la troisi\u00e8me semaine de mai, les principaux march\u00e9s europ\u00e9ens de l'\u00e9lectricit\u00e9 ont connu une \u00e9volution mitig\u00e9e, bien que dans la plupart d'entre eux, les prix hebdomadaires aient \u00e9t\u00e9 inf\u00e9rieurs \u00e0 ceux de la semaine pr\u00e9c\u00e9dente.","og_url":"https:\/\/aleasoft.com\/renouvelables-demande-prix-moderes-marches-europeens\/","og_site_name":"AleaSoft Energy Forecasting","article_publisher":"https:\/\/www.facebook.com\/AleaSoft\/","article_published_time":"2025-05-19T13:12:29+00:00","article_modified_time":"2025-05-22T19:36:05+00:00","og_image":[{"width":730,"height":509,"url":"https:\/\/aleasoft.com\/wp-content\/uploads\/2025\/05\/20250519-AleaSoft-European-electricity-market-prices.png","type":"image\/png"}],"author":"AleaSoft Energy Forecasting","twitter_card":"summary_large_image","twitter_creator":"@AleaSoftEnergy","twitter_site":"@AleaSoftEnergy","twitter_misc":{"\u00c9crit par":"AleaSoft Energy Forecasting","Dur\u00e9e de lecture estim\u00e9e":"11 minutes"},"schema":{"@context":"https:\/\/schema.org","@graph":[{"@type":"Article","@id":"https:\/\/aleasoft.com\/renouvelables-demande-prix-moderes-marches-europeens\/#article","isPartOf":{"@id":"https:\/\/aleasoft.com\/fr\/renouvelables-demande-prix-moderes-marches-europeens\/"},"author":{"name":"AleaSoft Energy Forecasting","@id":"https:\/\/aleasoft.com\/#\/schema\/person\/e83ba5c714f71473e3096e6f5bffcd61"},"headline":"Les \u00e9nergies renouvelables et la baisse de la demande mod\u00e8rent les prix sur les march\u00e9s europ\u00e9ens de l&rsquo;\u00e9lectricit\u00e9, malgr\u00e9 la hausse des prix du gaz et du CO2 au cours de la troisi\u00e8me semaine de mai","datePublished":"2025-05-19T13:12:29+00:00","dateModified":"2025-05-22T19:36:05+00:00","mainEntityOfPage":{"@id":"https:\/\/aleasoft.com\/fr\/renouvelables-demande-prix-moderes-marches-europeens\/"},"wordCount":2406,"publisher":{"@id":"https:\/\/aleasoft.com\/#organization"},"image":{"@id":"https:\/\/aleasoft.com\/renouvelables-demande-prix-moderes-marches-europeens\/#primaryimage"},"thumbnailUrl":"https:\/\/aleasoft.com\/wp-content\/uploads\/2025\/05\/20250519-AleaSoft-European-electricity-market-prices.png","keywords":["Demande","March\u00e9s","Photovolta\u00efque","Prix Brent","Prix CO2","Prix gaz","Vent"],"articleSection":["Nouvelles"],"inLanguage":"fr-FR"},{"@type":"WebPage","@id":"https:\/\/aleasoft.com\/fr\/renouvelables-demande-prix-moderes-marches-europeens\/","url":"https:\/\/aleasoft.com\/renouvelables-demande-prix-moderes-marches-europeens\/","name":"Les \u00e9nergies renouvelables et la baisse de la demande mod\u00e8rent les prix sur les march\u00e9s europ\u00e9ens de l'\u00e9lectricit\u00e9, malgr\u00e9 la hausse des prix du gaz et du CO2 au cours de la troisi\u00e8me semaine de mai - AleaSoft Energy Forecasting","isPartOf":{"@id":"https:\/\/aleasoft.com\/#website"},"primaryImageOfPage":{"@id":"https:\/\/aleasoft.com\/renouvelables-demande-prix-moderes-marches-europeens\/#primaryimage"},"image":{"@id":"https:\/\/aleasoft.com\/renouvelables-demande-prix-moderes-marches-europeens\/#primaryimage"},"thumbnailUrl":"https:\/\/aleasoft.com\/wp-content\/uploads\/2025\/05\/20250519-AleaSoft-European-electricity-market-prices.png","datePublished":"2025-05-19T13:12:29+00:00","dateModified":"2025-05-22T19:36:05+00:00","description":"Au cours de la troisi\u00e8me semaine de mai, les principaux march\u00e9s europ\u00e9ens de l'\u00e9lectricit\u00e9 ont connu une \u00e9volution mitig\u00e9e, bien que dans la plupart d'entre eux, les prix hebdomadaires aient \u00e9t\u00e9 inf\u00e9rieurs \u00e0 ceux de la semaine pr\u00e9c\u00e9dente.","breadcrumb":{"@id":"https:\/\/aleasoft.com\/renouvelables-demande-prix-moderes-marches-europeens\/#breadcrumb"},"inLanguage":"fr-FR","potentialAction":[{"@type":"ReadAction","target":["https:\/\/aleasoft.com\/renouvelables-demande-prix-moderes-marches-europeens\/"]}]},{"@type":"ImageObject","inLanguage":"fr-FR","@id":"https:\/\/aleasoft.com\/renouvelables-demande-prix-moderes-marches-europeens\/#primaryimage","url":"https:\/\/aleasoft.com\/wp-content\/uploads\/2025\/05\/20250519-AleaSoft-European-electricity-market-prices.png","contentUrl":"https:\/\/aleasoft.com\/wp-content\/uploads\/2025\/05\/20250519-AleaSoft-European-electricity-market-prices.png","width":730,"height":509},{"@type":"BreadcrumbList","@id":"https:\/\/aleasoft.com\/renouvelables-demande-prix-moderes-marches-europeens\/#breadcrumb","itemListElement":[{"@type":"ListItem","position":1,"name":"Home","item":"https:\/\/aleasoft.com\/"},{"@type":"ListItem","position":2,"name":"Les \u00e9nergies renouvelables et la baisse de la demande mod\u00e8rent les prix sur les march\u00e9s europ\u00e9ens de l&#8217;\u00e9lectricit\u00e9, malgr\u00e9 la hausse des prix du gaz et du CO2 au cours de la troisi\u00e8me semaine de mai"}]},{"@type":"WebSite","@id":"https:\/\/aleasoft.com\/#website","url":"https:\/\/aleasoft.com\/","name":"AleaSoft Energy Forecasting","description":"Energy Forecasting","publisher":{"@id":"https:\/\/aleasoft.com\/#organization"},"potentialAction":[{"@type":"SearchAction","target":{"@type":"EntryPoint","urlTemplate":"https:\/\/aleasoft.com\/?s={search_term_string}"},"query-input":{"@type":"PropertyValueSpecification","valueRequired":true,"valueName":"search_term_string"}}],"inLanguage":"fr-FR"},{"@type":"Organization","@id":"https:\/\/aleasoft.com\/#organization","name":"AleaSoft Energy Forecasting","url":"https:\/\/aleasoft.com\/","logo":{"@type":"ImageObject","inLanguage":"fr-FR","@id":"https:\/\/aleasoft.com\/#\/schema\/logo\/image\/","url":"https:\/\/aleasoft.com\/wp-content\/uploads\/2020\/01\/logo-alea-25.svg","contentUrl":"https:\/\/aleasoft.com\/wp-content\/uploads\/2020\/01\/logo-alea-25.svg","width":7047,"height":1416,"caption":"AleaSoft Energy Forecasting"},"image":{"@id":"https:\/\/aleasoft.com\/#\/schema\/logo\/image\/"},"sameAs":["https:\/\/www.facebook.com\/AleaSoft\/","https:\/\/x.com\/AleaSoftEnergy","https:\/\/www.linkedin.com\/company\/aleasoft\/"]},{"@type":"Person","@id":"https:\/\/aleasoft.com\/#\/schema\/person\/e83ba5c714f71473e3096e6f5bffcd61","name":"AleaSoft Energy Forecasting","image":{"@type":"ImageObject","inLanguage":"fr-FR","@id":"https:\/\/secure.gravatar.com\/avatar\/9f3c80a49711746195eaa8b9dac85dd25b10ed81cf9cd40ba1c909b7c8d60bfb?s=96&d=mm&r=g","url":"https:\/\/secure.gravatar.com\/avatar\/9f3c80a49711746195eaa8b9dac85dd25b10ed81cf9cd40ba1c909b7c8d60bfb?s=96&d=mm&r=g","contentUrl":"https:\/\/secure.gravatar.com\/avatar\/9f3c80a49711746195eaa8b9dac85dd25b10ed81cf9cd40ba1c909b7c8d60bfb?s=96&d=mm&r=g","caption":"AleaSoft Energy Forecasting"}}]}},"_links":{"self":[{"href":"https:\/\/aleasoft.com\/fr\/wp-json\/wp\/v2\/posts\/157056","targetHints":{"allow":["GET"]}}],"collection":[{"href":"https:\/\/aleasoft.com\/fr\/wp-json\/wp\/v2\/posts"}],"about":[{"href":"https:\/\/aleasoft.com\/fr\/wp-json\/wp\/v2\/types\/post"}],"author":[{"embeddable":true,"href":"https:\/\/aleasoft.com\/fr\/wp-json\/wp\/v2\/users\/3"}],"replies":[{"embeddable":true,"href":"https:\/\/aleasoft.com\/fr\/wp-json\/wp\/v2\/comments?post=157056"}],"version-history":[{"count":0,"href":"https:\/\/aleasoft.com\/fr\/wp-json\/wp\/v2\/posts\/157056\/revisions"}],"wp:featuredmedia":[{"embeddable":true,"href":"https:\/\/aleasoft.com\/fr\/wp-json\/wp\/v2\/media\/156933"}],"wp:attachment":[{"href":"https:\/\/aleasoft.com\/fr\/wp-json\/wp\/v2\/media?parent=157056"}],"wp:term":[{"taxonomy":"category","embeddable":true,"href":"https:\/\/aleasoft.com\/fr\/wp-json\/wp\/v2\/categories?post=157056"},{"taxonomy":"post_tag","embeddable":true,"href":"https:\/\/aleasoft.com\/fr\/wp-json\/wp\/v2\/tags?post=157056"}],"curies":[{"name":"wp","href":"https:\/\/api.w.org\/{rel}","templated":true}]}}