{"id":165651,"date":"2026-03-16T16:14:07","date_gmt":"2026-03-16T15:14:07","guid":{"rendered":"https:\/\/aleasoft.com\/?p=165651"},"modified":"2026-04-01T06:09:21","modified_gmt":"2026-04-01T04:09:21","slug":"hausse-prix-gaz-renouvelable-disparite-marches-electriques-europeens","status":"publish","type":"post","link":"https:\/\/aleasoft.com\/fr\/hausse-prix-gaz-renouvelable-disparite-marches-electriques-europeens\/","title":{"rendered":"Les prix du gaz augmentent et la production d&rsquo;\u00e9nergie renouvelable accentue les disparit\u00e9s sur les march\u00e9s europ\u00e9ens de l&rsquo;\u00e9lectricit\u00e9 au cours de la deuxi\u00e8me semaine de mars"},"content":{"rendered":"<p><strong>AleaSoft Energy Forecasting, 16 mars 2026. Au cours de la deuxi\u00e8me semaine de mars, les prix sur les principaux march\u00e9s europ\u00e9ens de l&rsquo;\u00e9lectricit\u00e9 ont connu une \u00e9volution contrast\u00e9e, avec des hausses dans le sud de l&rsquo;Europe et des baisses dans le reste du continent. La plupart ont enregistr\u00e9 des moyennes sup\u00e9rieures \u00e0 80 \u20ac\/MWh, au cours d&rsquo;une semaine marqu\u00e9e par le cours de cl\u00f4ture le plus \u00e9lev\u00e9 des contrats \u00e0 terme sur le gaz TTF depuis f\u00e9vrier 2025, le plus \u00e9lev\u00e9 du Brent depuis ao\u00fbt 2022 et le prix le plus bas du CO<sub>2<\/sub> depuis mai, ainsi que par la hausse de la demande et l&rsquo;augmentation de la production d&rsquo;\u00e9nergies renouvelables, avec des hausses de la production \u00e9olienne sur certains march\u00e9s et des records de production photovolta\u00efque pour un jour de mars dans la p\u00e9ninsule ib\u00e9rique.<\/strong><\/p>\n<h2>Production solaire photovolta\u00efque et production \u00e9olienne<\/h2>\n<p>Au cours de la semaine du 9 mars, la <strong>production solaire photovolta\u00efque<\/strong> a augment\u00e9 sur les march\u00e9s de la p\u00e9ninsule ib\u00e9rique et de l&rsquo;Italie par rapport \u00e0 la semaine pr\u00e9c\u00e9dente. Le march\u00e9 espagnol a enregistr\u00e9 la plus forte hausse, avec 38 %, suivi par une augmentation de 21 % en Italie et de 18 % au Portugal. En revanche, les march\u00e9s fran\u00e7ais et allemand ont invers\u00e9 la tendance apr\u00e8s avoir enregistr\u00e9 des hausses au cours des trois et cinq derni\u00e8res semaines cons\u00e9cutives, respectivement. Le march\u00e9 allemand a enregistr\u00e9 la plus forte baisse, de 30 %, tandis que le march\u00e9 fran\u00e7ais a affich\u00e9 une baisse plus mod\u00e9r\u00e9e, de 0,8 %.<\/p>\n<p>Au cours de la semaine, les march\u00e9s de la p\u00e9ninsule ib\u00e9rique ont enregistr\u00e9 des records de production d&rsquo;\u00e9nergie solaire photovolta\u00efque pour un jour de mars de leur histoire. Le march\u00e9 portugais a atteint son record de production le 11 mars, avec 22 GWh. Le march\u00e9 espagnol a quant \u00e0 lui enregistr\u00e9 ce record le 13 mars, avec 180 GWh.<\/p>\n<p>Pour la semaine du 16 mars, les <a href=\"https:\/\/aleasoft.com\/fr\/services\/prevision-energies-renouvelables\/energie-solaire\/\">pr\u00e9visions de production solaire<\/a> d&rsquo;<strong>AleaSoft Energy Forecasting<\/strong> indiquent que la production augmentera sur les march\u00e9s allemand et italien. En revanche, une baisse est attendue sur le march\u00e9 espagnol.<\/p>\n<p><div style='margin-top: 20px;margin-bottom: 20px;'><a title='AleaSoft - Photovoltaic energy production electricity Europe' href='https:\/\/aleasoft.com\/wp-content\/uploads\/2026\/03\/20260316-AleaSoft-Photovoltaic-energy-production-electricity-Europe.png'><img class='aligncenter' src='https:\/\/aleasoft.com\/wp-content\/uploads\/2026\/03\/20260316-AleaSoft-Photovoltaic-energy-production-electricity-Europe.png' alt='AleaSoft - Photovoltaic energy production electricity Europe' width='740'\/><\/a><span style='font-size: small;'>Source : \u00c9labor\u00e9 par AleaSoft Energy Forecasting \u00e0 partir des donn\u00e9es fournies par ENTSO-E, RTE, REN, REE et TERNA.<\/span><\/div><br \/>\n<div style='margin-top: 20px;margin-bottom: 20px;'><a title='AleaSoft - Solar photovoltaic production profile Europe' href='https:\/\/aleasoft.com\/wp-content\/uploads\/2026\/03\/20260316-AleaSoft-Solar-photovoltaic-production-profile-Europe.png'><img class='aligncenter' src='https:\/\/aleasoft.com\/wp-content\/uploads\/2026\/03\/20260316-AleaSoft-Solar-photovoltaic-production-profile-Europe.png' alt='AleaSoft - Solar photovoltaic production profile Europe' width='740'\/><\/a><span style='font-size: small;'>Source : \u00c9labor\u00e9 par AleaSoft Energy Forecasting \u00e0 partir des donn\u00e9es fournies par ENTSO-E, RTE, REN, REE et TERNA.<\/span><\/div><\/p>\n<p>Au cours de la deuxi\u00e8me semaine de mars, la <strong>production \u00e9olienne<\/strong> a augment\u00e9 sur les march\u00e9s allemand et fran\u00e7ais par rapport \u00e0 la semaine pr\u00e9c\u00e9dente, apr\u00e8s deux semaines de baisse sur ces deux march\u00e9s. Le march\u00e9 allemand a enregistr\u00e9 la plus forte hausse, de 95 %, tandis que sur le march\u00e9 fran\u00e7ais, l&rsquo;augmentation a \u00e9t\u00e9 de 91 %. En revanche, les march\u00e9s de la p\u00e9ninsule ib\u00e9rique et de l&rsquo;Italie ont invers\u00e9 leur tendance en mati\u00e8re de production \u00e9olienne apr\u00e8s les hausses enregistr\u00e9es la semaine pr\u00e9c\u00e9dente. Le march\u00e9 espagnol a enregistr\u00e9 la plus forte baisse, de 28 %, tandis que le march\u00e9 italien a enregistr\u00e9 la plus faible baisse, de 3,7 %. Sur le march\u00e9 portugais, la production \u00e9olienne a diminu\u00e9 de 9,1 %.<\/p>\n<p>Le 13 mars, les march\u00e9s fran\u00e7ais et allemand ont enregistr\u00e9 la plus forte production \u00e9olienne pour un jour de mars au cours des deux derni\u00e8res ann\u00e9es, avec respectivement 297 GWh et 778 GWh.<\/p>\n<p>Au cours de la troisi\u00e8me semaine de mars, selon les <a href=\"https:\/\/aleasoft.com\/fr\/produits-et-services\/prevision-energie-eolienne\/\">pr\u00e9visions de production \u00e9olienne<\/a> d&rsquo;<strong>AleaSoft Energy Forecasting,<\/strong> la production issue de cette technologie devrait augmenter sur les march\u00e9s allemand et italien. En revanche, les march\u00e9s de la p\u00e9ninsule ib\u00e9rique et de la France enregistreront une baisse de la production \u00e9olienne.<\/p>\n<div style='margin-top: 20px;margin-bottom: 20px;'><a title='AleaSoft - Wind energy production electricity Europe' href='https:\/\/aleasoft.com\/wp-content\/uploads\/2026\/03\/20260316-AleaSoft-Wind-energy-production-electricity-Europe.png'><img class='aligncenter' src='https:\/\/aleasoft.com\/wp-content\/uploads\/2026\/03\/20260316-AleaSoft-Wind-energy-production-electricity-Europe.png' alt='AleaSoft - Wind energy production electricity Europe' width='740'\/><\/a><span style='font-size: small;'>Source : \u00c9labor\u00e9 par AleaSoft Energy Forecasting \u00e0 partir des donn\u00e9es fournies par ENTSO-E, RTE, REN, REE et TERNA.<\/span><\/div>\n<h2>Demande en \u00e9lectricit\u00e9<\/h2>\n<p>Au cours de la semaine du 9 mars, la <strong>demande d&rsquo;\u00e9lectricit\u00e9<\/strong> a augment\u00e9 sur la plupart des principaux march\u00e9s europ\u00e9ens par rapport \u00e0 la semaine pr\u00e9c\u00e9dente. Le march\u00e9 fran\u00e7ais a invers\u00e9 la tendance apr\u00e8s avoir enregistr\u00e9 des baisses au cours des trois semaines pr\u00e9c\u00e9dentes, et a affich\u00e9 la plus forte hausse, \u00e0 4,7 %. Les march\u00e9s allemand et belge ont enregistr\u00e9 des hausses de 1,6 % et 1,8 % respectivement, apr\u00e8s deux semaines de baisse. Le march\u00e9 portugais a enregistr\u00e9 la plus faible hausse, de 0,9 %, et a affich\u00e9 une augmentation pour la deuxi\u00e8me semaine cons\u00e9cutive. Les exceptions ont \u00e9t\u00e9 les march\u00e9s italien, espagnol et britannique, o\u00f9 la demande a diminu\u00e9. Le march\u00e9 italien a enregistr\u00e9 la plus faible baisse, de 1,6 %, et a maintenu sa tendance \u00e0 la baisse pour la sixi\u00e8me semaine cons\u00e9cutive. Les march\u00e9s espagnol et britannique ont enregistr\u00e9 des baisses de 3,7 % et 5,3 %, respectivement.<\/p>\n<p>Au cours de la semaine, les <strong>temp\u00e9ratures moyennes<\/strong> ont \u00e9t\u00e9 plus basses que la semaine pr\u00e9c\u00e9dente sur la plupart des march\u00e9s analys\u00e9s. La Belgique et la France ont enregistr\u00e9 les baisses de temp\u00e9rature les plus importantes, respectivement de 2,4 \u00b0C et 1,9 \u00b0C. L&rsquo;Espagne a enregistr\u00e9 la baisse la plus faible, de 0,4 \u00b0C, tandis qu&rsquo;en Grande-Bretagne, les temp\u00e9ratures moyennes ont baiss\u00e9 de 0,5 \u00b0C. En revanche, en Italie, les temp\u00e9ratures moyennes sont rest\u00e9es similaires \u00e0 celles de la semaine pr\u00e9c\u00e9dente et en Allemagne, elles ont \u00e9t\u00e9 de 0,2 \u00b0C moins froides.<\/p>\n<p>Pour la troisi\u00e8me semaine de mars, les <a href=\"https:\/\/aleasoft.com\/fr\/services\/previsions-demande-energie-electrique\/\">pr\u00e9visions de demande<\/a> d&rsquo;<strong>AleaSoft Energy Forecasting<\/strong> indiquent que la demande devrait baisser sur les march\u00e9s de la Grande-Bretagne, de l&rsquo;Espagne, de l&rsquo;Italie et du Portugal. Sur les march\u00e9s de la France, de l&rsquo;Allemagne et de la Belgique, elle devrait augmenter.<\/p>\n<div style='margin-top: 20px;margin-bottom: 20px;'><a title='AleaSoft - Electricity demand European countries' href='https:\/\/aleasoft.com\/wp-content\/uploads\/2026\/03\/20260316-AleaSoft-Electricity-demand-European-countries.png'><img class='aligncenter' src='https:\/\/aleasoft.com\/wp-content\/uploads\/2026\/03\/20260316-AleaSoft-Electricity-demand-European-countries.png' alt='AleaSoft - Electricity demand European countries' width='740'\/><\/a><span style='font-size: small;'>Source : \u00c9labor\u00e9 par AleaSoft Energy Forecasting \u00e0 partir des donn\u00e9es fournies par ENTSO-E, RTE, REN, REE, TERNA, National Grid et ELIA.<\/span><\/div>\n<h2>March\u00e9s europ\u00e9ens de l&rsquo;\u00e9lectricit\u00e9<\/h2>\n<p>Au cours de la deuxi\u00e8me semaine de mars, les prix sur les principaux march\u00e9s de l&rsquo;\u00e9lectricit\u00e9 europ\u00e9ens ont augment\u00e9 pour atteindre, dans la plupart des cas, leur plus haut niveau quotidien le mardi 10 mars. Par la suite, les prix ont baiss\u00e9 jusqu&rsquo;au vendredi, avant de remonter dans certains cas au cours du week-end. Le prix moyen hebdomadaire sur le march\u00e9 italien a augment\u00e9 de 4,4 %. Le prix hebdomadaire du march\u00e9 portugais a \u00e9galement augment\u00e9 de 22 %, tandis que les moyennes des march\u00e9s espagnol et fran\u00e7ais ont augment\u00e9 de 23 % dans les deux cas. En revanche, sur les autres march\u00e9s analys\u00e9s par <strong>AleaSoft Energy Forecasting<\/strong>, les prix ont baiss\u00e9 de 4,3 % sur le march\u00e9 belge \u00e0 21 % sur le march\u00e9 nordique.<\/p>\n<p>Au cours de la semaine du 9 mars, les moyennes hebdomadaires ont d\u00e9pass\u00e9 les 80 \u20ac\/MWh sur la plupart des march\u00e9s \u00e9lectriques europ\u00e9ens. Les exceptions ont \u00e9t\u00e9 les march\u00e9s nordiques, portugais et espagnols, dont les moyennes s&rsquo;\u00e9levaient respectivement \u00e0 66,15 \u20ac\/MWh, 67,88 \u20ac\/MWh et 70,03 \u20ac\/MWh. Le march\u00e9 italien a enregistr\u00e9 la moyenne hebdomadaire la plus \u00e9lev\u00e9e, \u00e0 147,54 \u20ac\/MWh. Sur les autres march\u00e9s analys\u00e9s par <strong>AleaSoft Energy Forecasting<\/strong>, les prix se situaient entre 80,77 \u20ac\/MWh sur le march\u00e9 fran\u00e7ais et 105,07 \u20ac\/MWh sur le march\u00e9 britannique.<\/p>\n<p>En ce qui concerne les prix quotidiens, le dimanche 15 mars, les march\u00e9s espagnol et portugais ont enregistr\u00e9 la moyenne la plus basse de la semaine parmi les march\u00e9s analys\u00e9s, \u00e0 6,44 \u20ac\/MWh. Ces march\u00e9s ont \u00e9galement enregistr\u00e9 des prix quotidiens inf\u00e9rieurs \u00e0 20 \u20ac\/MWh le samedi 14 mars, tandis que le march\u00e9 nordique a connu la m\u00eame situation le vendredi 13 mars. Ce jour-l\u00e0, le prix du march\u00e9 nordique s&rsquo;\u00e9levait \u00e0 15,51 \u20ac\/MWh, son niveau le plus bas depuis le 28 d\u00e9cembre 2025.<\/p>\n<p>Par ailleurs, les prix quotidiens sont rest\u00e9s sup\u00e9rieurs \u00e0 140 \u20ac\/MWh sur le march\u00e9 italien au cours de la deuxi\u00e8me semaine de mars, sauf le dimanche. Les autres march\u00e9s analys\u00e9s par <strong>AleaSoft Energy Forecasting<\/strong> ont \u00e9galement enregistr\u00e9 des prix sup\u00e9rieurs \u00e0 100 \u20ac\/MWh lors de certaines s\u00e9ances de cette semaine. Le mardi 10 mars, le march\u00e9 italien a atteint la moyenne quotidienne la plus \u00e9lev\u00e9e de la semaine parmi les march\u00e9s analys\u00e9s, \u00e0 168,54 \u20ac\/MWh. Il s&rsquo;agissait de la moyenne la plus \u00e9lev\u00e9e du march\u00e9 italien depuis le 14 f\u00e9vrier 2025. Le 10 mars, les march\u00e9s portugais et espagnol ont atteint leurs prix les plus \u00e9lev\u00e9s depuis le 18 f\u00e9vrier 2025, \u00e0 131,79 \u20ac\/MWh et 136,86 \u20ac\/MWh, respectivement. Sur le march\u00e9 britannique, le lundi 9 mars, le prix journalier s&rsquo;\u00e9levait \u00e0 150,24 \u20ac\/MWh, le plus \u00e9lev\u00e9 sur ce march\u00e9 depuis le 15 f\u00e9vrier 2025. De son c\u00f4t\u00e9, le march\u00e9 belge a enregistr\u00e9 son prix le plus \u00e9lev\u00e9 depuis le 2 juillet 2025, \u00e0 146,22 \u20ac\/MWh, le 10 mars.<\/p>\n<p>Au cours de la semaine du 9 mars, les prix \u00e9lev\u00e9s du gaz, ainsi que la baisse de la production \u00e9olienne dans la p\u00e9ninsule ib\u00e9rique et en Italie, ont contribu\u00e9 \u00e0 la hausse des prix sur les march\u00e9s espagnol, italien et portugais. Sur les march\u00e9s portugais et fran\u00e7ais, l&rsquo;augmentation de la demande a \u00e9galement favoris\u00e9 la hausse des prix. En revanche, sur d&rsquo;autres march\u00e9s, l&rsquo;augmentation de la production \u00e9olienne a entra\u00een\u00e9 une baisse des prix.<\/p>\n<div style='margin-top: 20px;margin-bottom: 20px;'><a title='AleaSoft - Paneles solares' href='https:\/\/aleasoft.com\/wp-content\/uploads\/2024\/10\/iStock-1546822778-scaled.jpg'><img class='aligncenter' src='https:\/\/aleasoft.com\/wp-content\/uploads\/2024\/10\/iStock-1546822778-scaled.jpg' alt='AleaSoft - Paneles solares' width='740'\/><\/a><\/div>\n<p>Les <a href=\"https:\/\/aleasoft.com\/fr\/services\/previsions-prix-energie\/\">pr\u00e9visions de prix<\/a> d&rsquo;<strong>AleaSoft Energy Forecasting<\/strong> indiquent que les prix resteront \u00e0 des niveaux \u00e9lev\u00e9s et afficheront une tendance \u00e0 la hausse tant que l&rsquo;instabilit\u00e9 au Moyen-Orient continuera d&rsquo;exercer une pression sur les prix du gaz. Dans ce contexte, au cours de la troisi\u00e8me semaine de mars, les prix sur les march\u00e9s espagnol et portugais seront influenc\u00e9s par la baisse de la production \u00e9olienne dans la p\u00e9ninsule ib\u00e9rique et de la production solaire en Espagne. Cependant, sur la plupart des principaux march\u00e9s \u00e9lectriques europ\u00e9ens, l&rsquo;augmentation de la production d&rsquo;\u00e9nergie renouvelable pourrait exercer une pression \u00e0 la baisse sur les prix.<\/p>\n<div style='margin-top: 20px;margin-bottom: 20px;'><a title='AleaSoft - European electricity market prices' href='https:\/\/aleasoft.com\/wp-content\/uploads\/2026\/03\/20260316-AleaSoft-European-electricity-market-prices.png'><img class='aligncenter' src='https:\/\/aleasoft.com\/wp-content\/uploads\/2026\/03\/20260316-AleaSoft-European-electricity-market-prices.png' alt='AleaSoft - European electricity market prices' width='740'\/><\/a><span style='font-size: small;'>Source : \u00c9labor\u00e9 par AleaSoft Energy Forecasting \u00e0 partir des donn\u00e9es fournies par OMIE, RTE, Nord Pool et GME.<\/span><\/div>\n<h2>Brent, carburants et CO<sub>2<\/sub><\/h2>\n<p>Les cours de cl\u00f4ture des contrats \u00e0 terme sur le <strong>p\u00e9trole Brent<\/strong> pour le mois en cours sur le <strong>march\u00e9 ICE<\/strong> ont d\u00e9pass\u00e9 les 90 $\/baril au cours de la deuxi\u00e8me semaine de mars, sauf le mardi 10 mars. Ce jour-l\u00e0, ces contrats \u00e0 terme ont enregistr\u00e9 leur cours de cl\u00f4ture hebdomadaire le plus bas, \u00e0 87,80 $\/baril. Par la suite, ils ont affich\u00e9 une tendance \u00e0 la hausse. En cons\u00e9quence, le vendredi 13 mars, ces contrats \u00e0 terme ont atteint leur cours de cl\u00f4ture hebdomadaire le plus \u00e9lev\u00e9, \u00e0 103,14 $\/baril. Selon les donn\u00e9es analys\u00e9es par <strong>AleaSoft Energy Forecasting<\/strong>, ce prix \u00e9tait sup\u00e9rieur de 11 % \u00e0 celui du vendredi pr\u00e9c\u00e9dent et le plus \u00e9lev\u00e9 depuis le 30 ao\u00fbt 2022.<\/p>\n<p>Au cours de la deuxi\u00e8me semaine de mars, l&rsquo;instabilit\u00e9 au Moyen-Orient a continu\u00e9 \u00e0 faire grimper les prix des contrats \u00e0 terme sur le Brent, en raison des perturbations de l&rsquo;approvisionnement via le d\u00e9troit d&rsquo;Ormuz. Mardi, les prix ont baiss\u00e9 sous l&rsquo;influence des d\u00e9clarations du pr\u00e9sident am\u00e9ricain concernant la fin prochaine du conflit. La possibilit\u00e9 que les pays membres du G7 lib\u00e8rent du p\u00e9trole de leurs r\u00e9serves strat\u00e9giques a \u00e9galement contribu\u00e9 \u00e0 la baisse des prix. Cependant, lors des autres s\u00e9ances de la semaine, les prix ont de nouveau augment\u00e9, influenc\u00e9s par l&rsquo;\u00e9volution du conflit, bien que l&rsquo;Agence internationale de l&rsquo;\u00e9nergie ait approuv\u00e9 la lib\u00e9ration de la plus grande quantit\u00e9 de p\u00e9trole de l&rsquo;histoire provenant de ses r\u00e9serves d&rsquo;urgence.<\/p>\n<p>En ce qui concerne les contrats \u00e0 terme sur le <strong>gaz TTF<\/strong> sur le march\u00e9 ICE pour le mois en cours, ils ont atteint, le lundi 9 mars, leur cours de cl\u00f4ture hebdomadaire le plus \u00e9lev\u00e9, \u00e0 56,45 \u20ac\/MWh. Selon les donn\u00e9es analys\u00e9es par <strong>AleaSoft Energy Forecasting<\/strong>, ce prix \u00e9tait le plus \u00e9lev\u00e9 depuis le 12 f\u00e9vrier 2025. Cependant, apr\u00e8s une baisse de 16 % par rapport \u00e0 lundi, le mardi 10 mars, ces contrats \u00e0 terme ont enregistr\u00e9 leur cours de cl\u00f4ture hebdomadaire le plus bas, \u00e0 47,39 \u20ac\/MWh. Au cours des trois derni\u00e8res s\u00e9ances de la semaine, les prix se sont stabilis\u00e9s autour de 50 \u20ac\/MWh. Le vendredi 13 mars, le cours de cl\u00f4ture s&rsquo;est \u00e9tabli \u00e0 50,12 \u20ac\/MWh. Ce prix \u00e9tait inf\u00e9rieur de 6,1 % \u00e0 celui du vendredi pr\u00e9c\u00e9dent.<\/p>\n<p>Les inqui\u00e9tudes li\u00e9es \u00e0 l&rsquo;approvisionnement, dues \u00e0 l&rsquo;instabilit\u00e9 au Moyen-Orient, ont continu\u00e9 \u00e0 exercer une pression \u00e0 la hausse sur les prix des contrats \u00e0 terme sur le gaz TTF au cours de la deuxi\u00e8me semaine de mars. Les prix ont baiss\u00e9 le mardi 10 mars sous l&rsquo;effet des d\u00e9clarations du pr\u00e9sident am\u00e9ricain affirmant que le conflit avec l&rsquo;Iran pourrait bient\u00f4t prendre fin. Cependant, l&rsquo;instabilit\u00e9 a persist\u00e9 et les prix ont de nouveau d\u00e9pass\u00e9 les 50 \u20ac\/MWh lors des derni\u00e8res s\u00e9ances de la semaine. Les inqui\u00e9tudes concernant l&rsquo;approvisionnement ont \u00e9t\u00e9 exacerb\u00e9es par le faible niveau des stocks europ\u00e9ens, qui se situent en dessous de 29 %.<\/p>\n<p>En ce qui concerne les cours de cl\u00f4ture des contrats \u00e0 terme sur les <strong>quotas d&rsquo;\u00e9mission de CO<sub>2<\/sub><\/strong> sur le <strong>march\u00e9 EEX<\/strong> pour le contrat de r\u00e9f\u00e9rence de d\u00e9cembre 2026, ceux-ci ont atteint leur plus haut niveau hebdomadaire, \u00e0 72,93 \u20ac\/t, le mardi 10 mars. Par la suite, les prix ont baiss\u00e9 jusqu&rsquo;au jeudi 12 mars. Ce jour-l\u00e0, ces contrats \u00e0 terme ont enregistr\u00e9 leur cours de cl\u00f4ture hebdomadaire le plus bas, \u00e0 68,75 \u20ac\/t. Selon les donn\u00e9es analys\u00e9es par <strong>AleaSoft Energy Forecasting<\/strong>, ce prix \u00e9tait le plus bas depuis le 2 mai 2025. Le vendredi 13 mars, le cours de cl\u00f4ture \u00e9tait l\u00e9g\u00e8rement sup\u00e9rieur, \u00e0 69,18 \u20ac\/t. Ce prix restait toutefois inf\u00e9rieur de 2,0 % \u00e0 celui du vendredi pr\u00e9c\u00e9dent.<\/p>\n<div style='margin-top: 20px;margin-bottom: 20px;'><a title='AleaSoft - Prices gas coal Brent oil CO2' href='https:\/\/aleasoft.com\/wp-content\/uploads\/2026\/03\/20260316-AleaSoft-Prices-gas-coal-Brent-oil-CO2.png'><img class='aligncenter' src='https:\/\/aleasoft.com\/wp-content\/uploads\/2026\/03\/20260316-AleaSoft-Prices-gas-coal-Brent-oil-CO2.png' alt='AleaSoft - Prices gas coal Brent oil CO2' width='740'\/><\/a><span style='font-size: small;'>Source : \u00c9labor\u00e9 par AleaSoft Energy Forecasting \u00e0 partir des donn\u00e9es fournies par l'ICE et l'EEX.<\/span><\/div>\n<h2>Analyse d&rsquo;AleaSoft Energy Forecasting sur les perspectives des march\u00e9s de l&rsquo;\u00e9nergie en Europe, le stockage et le financement des projets<\/h2>\n<p>Le jeudi 12 mars, <strong>AleaSoft Energy Forecasting<\/strong> a organis\u00e9 la <a href=\"https:\/\/aleasoft.com\/webinars\/markets-storage-march-2026\/\">64e \u00e9dition<\/a> de sa <a href=\"https:\/\/aleasoft.com\/fr\/webinars\/\">s\u00e9rie de webinaires mensuels<\/a>, avec la participation d&rsquo;<strong>EY<\/strong> pour la sixi\u00e8me ann\u00e9e cons\u00e9cutive. Ce webinaire a analys\u00e9 l&rsquo;\u00e9volution des <strong>march\u00e9s de l&rsquo;\u00e9nergie<\/strong> europ\u00e9ens et les perspectives pour le printemps 2026, les principaux jalons pour 2026 dans le secteur de l&rsquo;\u00e9nergie, la r\u00e9glementation et les perspectives du <strong>stockage d&rsquo;\u00e9nergie<\/strong> et des <strong>march\u00e9s de capacit\u00e9<\/strong>, le <strong>financement des projets d&rsquo;\u00e9nergies renouvelables et de stockage<\/strong>, l&rsquo;importance des <strong>PPA<\/strong> et de l&rsquo;<strong>autoconsommation<\/strong>, ainsi que les principales consid\u00e9rations \u00e0 prendre en compte dans l&rsquo;<strong>\u00e9valuation des portefeuilles<\/strong>.<\/p>\n<p>Source: <strong>AleaSoft Energy Forecasting<\/strong>.<\/p>\n","protected":false},"excerpt":{"rendered":"<p>AleaSoft Energy Forecasting, 16 mars 2026. Au cours de la deuxi\u00e8me semaine de mars, les prix sur les principaux march\u00e9s europ\u00e9ens de l&rsquo;\u00e9lectricit\u00e9 ont connu une \u00e9volution contrast\u00e9e, avec des hausses dans le sud de l&rsquo;Europe et des baisses dans le reste du continent. La plupart ont enregistr\u00e9 des moyennes sup\u00e9rieures \u00e0 80 \u20ac\/MWh, au [&hellip;]<\/p>\n","protected":false},"author":3,"featured_media":165332,"comment_status":"closed","ping_status":"closed","sticky":false,"template":"","format":"standard","meta":{"footnotes":""},"categories":[7574,30],"tags":[7575,7578,7577,7580,7579,7581,7576],"class_list":["post-165651","post","type-post","status-publish","format-standard","has-post-thumbnail","hentry","category-analyse-hebdomadaire","category-nouvelles","tag-demande","tag-marches","tag-photovoltaique","tag-prix-brent","tag-prix-co2","tag-prix-gaz","tag-vent"],"yoast_head":"<!-- This site is optimized with the Yoast SEO Premium plugin v27.4 (Yoast SEO v27.5) - https:\/\/yoast.com\/product\/yoast-seo-premium-wordpress\/ -->\n<title>Les prix du gaz augmentent et la production d&#039;\u00e9nergie renouvelable accentue les disparit\u00e9s sur les march\u00e9s europ\u00e9ens de l&#039;\u00e9lectricit\u00e9 au cours de la deuxi\u00e8me semaine de mars - AleaSoft Energy Forecasting<\/title>\n<meta name=\"description\" content=\"Au cours de la deuxi\u00e8me semaine de mars, les prix sur les principaux march\u00e9s de l&#039;\u00e9lectricit\u00e9 europ\u00e9ens ont connu une \u00e9volution contrast\u00e9e, avec des hausses dans le sud de l&#039;Europe et des baisses dans le reste de la r\u00e9gion.\" \/>\n<meta name=\"robots\" content=\"index, follow, max-snippet:-1, max-image-preview:large, max-video-preview:-1\" \/>\n<link rel=\"canonical\" href=\"https:\/\/aleasoft.com\/hausse-prix-gaz-renouvelable-disparite-marches-electriques-europeens\/\" \/>\n<meta property=\"og:locale\" content=\"fr_FR\" \/>\n<meta property=\"og:type\" content=\"article\" \/>\n<meta property=\"og:title\" content=\"Les prix du gaz augmentent et la production d&#039;\u00e9nergie renouvelable accentue les disparit\u00e9s sur les march\u00e9s europ\u00e9ens de l&#039;\u00e9lectricit\u00e9 au cours de la deuxi\u00e8me semaine de mars\" \/>\n<meta property=\"og:description\" content=\"Au cours de la deuxi\u00e8me semaine de mars, les prix sur les principaux march\u00e9s de l&#039;\u00e9lectricit\u00e9 europ\u00e9ens ont connu une \u00e9volution contrast\u00e9e, avec des hausses dans le sud de l&#039;Europe et des baisses dans le reste de la r\u00e9gion.\" \/>\n<meta property=\"og:url\" content=\"https:\/\/aleasoft.com\/hausse-prix-gaz-renouvelable-disparite-marches-electriques-europeens\/\" \/>\n<meta property=\"og:site_name\" content=\"AleaSoft Energy Forecasting\" \/>\n<meta property=\"article:publisher\" content=\"https:\/\/www.facebook.com\/AleaSoft\/\" \/>\n<meta property=\"article:published_time\" content=\"2026-03-16T15:14:07+00:00\" \/>\n<meta property=\"article:modified_time\" content=\"2026-04-01T04:09:21+00:00\" \/>\n<meta property=\"og:image\" content=\"https:\/\/aleasoft.com\/wp-content\/uploads\/2026\/03\/20260316-AleaSoft-European-electricity-market-prices.png\" \/>\n\t<meta property=\"og:image:width\" content=\"730\" \/>\n\t<meta property=\"og:image:height\" content=\"509\" \/>\n\t<meta property=\"og:image:type\" content=\"image\/png\" \/>\n<meta name=\"author\" content=\"AleaSoft Energy Forecasting\" \/>\n<meta name=\"twitter:card\" content=\"summary_large_image\" \/>\n<meta name=\"twitter:creator\" content=\"@AleaSoftEnergy\" \/>\n<meta name=\"twitter:site\" content=\"@AleaSoftEnergy\" \/>\n<meta name=\"twitter:label1\" content=\"\u00c9crit par\" \/>\n\t<meta name=\"twitter:data1\" content=\"AleaSoft Energy Forecasting\" \/>\n\t<meta name=\"twitter:label2\" content=\"Dur\u00e9e de lecture estim\u00e9e\" \/>\n\t<meta name=\"twitter:data2\" content=\"11 minutes\" \/>\n<script type=\"application\/ld+json\" class=\"yoast-schema-graph\">{\"@context\":\"https:\\\/\\\/schema.org\",\"@graph\":[{\"@type\":\"Article\",\"@id\":\"https:\\\/\\\/aleasoft.com\\\/hausse-prix-gaz-renouvelable-disparite-marches-electriques-europeens\\\/#article\",\"isPartOf\":{\"@id\":\"https:\\\/\\\/aleasoft.com\\\/fr\\\/hausse-prix-gaz-renouvelable-disparite-marches-electriques-europeens\\\/\"},\"author\":{\"name\":\"AleaSoft Energy Forecasting\",\"@id\":\"https:\\\/\\\/aleasoft.com\\\/#\\\/schema\\\/person\\\/e83ba5c714f71473e3096e6f5bffcd61\"},\"headline\":\"Les prix du gaz augmentent et la production d&rsquo;\u00e9nergie renouvelable accentue les disparit\u00e9s sur les march\u00e9s europ\u00e9ens de l&rsquo;\u00e9lectricit\u00e9 au cours de la deuxi\u00e8me semaine de mars\",\"datePublished\":\"2026-03-16T15:14:07+00:00\",\"dateModified\":\"2026-04-01T04:09:21+00:00\",\"mainEntityOfPage\":{\"@id\":\"https:\\\/\\\/aleasoft.com\\\/fr\\\/hausse-prix-gaz-renouvelable-disparite-marches-electriques-europeens\\\/\"},\"wordCount\":2490,\"publisher\":{\"@id\":\"https:\\\/\\\/aleasoft.com\\\/#organization\"},\"image\":{\"@id\":\"https:\\\/\\\/aleasoft.com\\\/hausse-prix-gaz-renouvelable-disparite-marches-electriques-europeens\\\/#primaryimage\"},\"thumbnailUrl\":\"https:\\\/\\\/aleasoft.com\\\/wp-content\\\/uploads\\\/2026\\\/03\\\/20260316-AleaSoft-European-electricity-market-prices.png\",\"keywords\":[\"Demande\",\"March\u00e9s\",\"Photovolta\u00efque\",\"Prix Brent\",\"Prix CO2\",\"Prix gaz\",\"Vent\"],\"articleSection\":[\"Analyse hebdomadaire\",\"Nouvelles\"],\"inLanguage\":\"fr-FR\"},{\"@type\":\"WebPage\",\"@id\":\"https:\\\/\\\/aleasoft.com\\\/fr\\\/hausse-prix-gaz-renouvelable-disparite-marches-electriques-europeens\\\/\",\"url\":\"https:\\\/\\\/aleasoft.com\\\/hausse-prix-gaz-renouvelable-disparite-marches-electriques-europeens\\\/\",\"name\":\"Les prix du gaz augmentent et la production d'\u00e9nergie renouvelable accentue les disparit\u00e9s sur les march\u00e9s europ\u00e9ens de l'\u00e9lectricit\u00e9 au cours de la deuxi\u00e8me semaine de mars - AleaSoft Energy Forecasting\",\"isPartOf\":{\"@id\":\"https:\\\/\\\/aleasoft.com\\\/#website\"},\"primaryImageOfPage\":{\"@id\":\"https:\\\/\\\/aleasoft.com\\\/hausse-prix-gaz-renouvelable-disparite-marches-electriques-europeens\\\/#primaryimage\"},\"image\":{\"@id\":\"https:\\\/\\\/aleasoft.com\\\/hausse-prix-gaz-renouvelable-disparite-marches-electriques-europeens\\\/#primaryimage\"},\"thumbnailUrl\":\"https:\\\/\\\/aleasoft.com\\\/wp-content\\\/uploads\\\/2026\\\/03\\\/20260316-AleaSoft-European-electricity-market-prices.png\",\"datePublished\":\"2026-03-16T15:14:07+00:00\",\"dateModified\":\"2026-04-01T04:09:21+00:00\",\"description\":\"Au cours de la deuxi\u00e8me semaine de mars, les prix sur les principaux march\u00e9s de l'\u00e9lectricit\u00e9 europ\u00e9ens ont connu une \u00e9volution contrast\u00e9e, avec des hausses dans le sud de l'Europe et des baisses dans le reste de la r\u00e9gion.\",\"breadcrumb\":{\"@id\":\"https:\\\/\\\/aleasoft.com\\\/hausse-prix-gaz-renouvelable-disparite-marches-electriques-europeens\\\/#breadcrumb\"},\"inLanguage\":\"fr-FR\",\"potentialAction\":[{\"@type\":\"ReadAction\",\"target\":[\"https:\\\/\\\/aleasoft.com\\\/hausse-prix-gaz-renouvelable-disparite-marches-electriques-europeens\\\/\"]}]},{\"@type\":\"ImageObject\",\"inLanguage\":\"fr-FR\",\"@id\":\"https:\\\/\\\/aleasoft.com\\\/hausse-prix-gaz-renouvelable-disparite-marches-electriques-europeens\\\/#primaryimage\",\"url\":\"https:\\\/\\\/aleasoft.com\\\/wp-content\\\/uploads\\\/2026\\\/03\\\/20260316-AleaSoft-European-electricity-market-prices.png\",\"contentUrl\":\"https:\\\/\\\/aleasoft.com\\\/wp-content\\\/uploads\\\/2026\\\/03\\\/20260316-AleaSoft-European-electricity-market-prices.png\",\"width\":730,\"height\":509},{\"@type\":\"BreadcrumbList\",\"@id\":\"https:\\\/\\\/aleasoft.com\\\/hausse-prix-gaz-renouvelable-disparite-marches-electriques-europeens\\\/#breadcrumb\",\"itemListElement\":[{\"@type\":\"ListItem\",\"position\":1,\"name\":\"Home\",\"item\":\"https:\\\/\\\/aleasoft.com\\\/\"},{\"@type\":\"ListItem\",\"position\":2,\"name\":\"Les prix du gaz augmentent et la production d&#8217;\u00e9nergie renouvelable accentue les disparit\u00e9s sur les march\u00e9s europ\u00e9ens de l&#8217;\u00e9lectricit\u00e9 au cours de la deuxi\u00e8me semaine de mars\"}]},{\"@type\":\"WebSite\",\"@id\":\"https:\\\/\\\/aleasoft.com\\\/#website\",\"url\":\"https:\\\/\\\/aleasoft.com\\\/\",\"name\":\"AleaSoft Energy Forecasting\",\"description\":\"Energy Forecasting\",\"publisher\":{\"@id\":\"https:\\\/\\\/aleasoft.com\\\/#organization\"},\"potentialAction\":[{\"@type\":\"SearchAction\",\"target\":{\"@type\":\"EntryPoint\",\"urlTemplate\":\"https:\\\/\\\/aleasoft.com\\\/?s={search_term_string}\"},\"query-input\":{\"@type\":\"PropertyValueSpecification\",\"valueRequired\":true,\"valueName\":\"search_term_string\"}}],\"inLanguage\":\"fr-FR\"},{\"@type\":\"Organization\",\"@id\":\"https:\\\/\\\/aleasoft.com\\\/#organization\",\"name\":\"AleaSoft Energy Forecasting\",\"url\":\"https:\\\/\\\/aleasoft.com\\\/\",\"logo\":{\"@type\":\"ImageObject\",\"inLanguage\":\"fr-FR\",\"@id\":\"https:\\\/\\\/aleasoft.com\\\/#\\\/schema\\\/logo\\\/image\\\/\",\"url\":\"https:\\\/\\\/aleasoft.com\\\/wp-content\\\/uploads\\\/2020\\\/01\\\/logo-alea-25.svg\",\"contentUrl\":\"https:\\\/\\\/aleasoft.com\\\/wp-content\\\/uploads\\\/2020\\\/01\\\/logo-alea-25.svg\",\"width\":7047,\"height\":1416,\"caption\":\"AleaSoft Energy Forecasting\"},\"image\":{\"@id\":\"https:\\\/\\\/aleasoft.com\\\/#\\\/schema\\\/logo\\\/image\\\/\"},\"sameAs\":[\"https:\\\/\\\/www.facebook.com\\\/AleaSoft\\\/\",\"https:\\\/\\\/x.com\\\/AleaSoftEnergy\",\"https:\\\/\\\/www.linkedin.com\\\/company\\\/aleasoft\\\/\"]},{\"@type\":\"Person\",\"@id\":\"https:\\\/\\\/aleasoft.com\\\/#\\\/schema\\\/person\\\/e83ba5c714f71473e3096e6f5bffcd61\",\"name\":\"AleaSoft Energy Forecasting\",\"image\":{\"@type\":\"ImageObject\",\"inLanguage\":\"fr-FR\",\"@id\":\"https:\\\/\\\/secure.gravatar.com\\\/avatar\\\/9f3c80a49711746195eaa8b9dac85dd25b10ed81cf9cd40ba1c909b7c8d60bfb?s=96&d=mm&r=g\",\"url\":\"https:\\\/\\\/secure.gravatar.com\\\/avatar\\\/9f3c80a49711746195eaa8b9dac85dd25b10ed81cf9cd40ba1c909b7c8d60bfb?s=96&d=mm&r=g\",\"contentUrl\":\"https:\\\/\\\/secure.gravatar.com\\\/avatar\\\/9f3c80a49711746195eaa8b9dac85dd25b10ed81cf9cd40ba1c909b7c8d60bfb?s=96&d=mm&r=g\",\"caption\":\"AleaSoft Energy Forecasting\"}}]}<\/script>\n<!-- \/ Yoast SEO Premium plugin. -->","yoast_head_json":{"title":"Les prix du gaz augmentent et la production d'\u00e9nergie renouvelable accentue les disparit\u00e9s sur les march\u00e9s europ\u00e9ens de l'\u00e9lectricit\u00e9 au cours de la deuxi\u00e8me semaine de mars - AleaSoft Energy Forecasting","description":"Au cours de la deuxi\u00e8me semaine de mars, les prix sur les principaux march\u00e9s de l'\u00e9lectricit\u00e9 europ\u00e9ens ont connu une \u00e9volution contrast\u00e9e, avec des hausses dans le sud de l'Europe et des baisses dans le reste de la r\u00e9gion.","robots":{"index":"index","follow":"follow","max-snippet":"max-snippet:-1","max-image-preview":"max-image-preview:large","max-video-preview":"max-video-preview:-1"},"canonical":"https:\/\/aleasoft.com\/hausse-prix-gaz-renouvelable-disparite-marches-electriques-europeens\/","og_locale":"fr_FR","og_type":"article","og_title":"Les prix du gaz augmentent et la production d'\u00e9nergie renouvelable accentue les disparit\u00e9s sur les march\u00e9s europ\u00e9ens de l'\u00e9lectricit\u00e9 au cours de la deuxi\u00e8me semaine de mars","og_description":"Au cours de la deuxi\u00e8me semaine de mars, les prix sur les principaux march\u00e9s de l'\u00e9lectricit\u00e9 europ\u00e9ens ont connu une \u00e9volution contrast\u00e9e, avec des hausses dans le sud de l'Europe et des baisses dans le reste de la r\u00e9gion.","og_url":"https:\/\/aleasoft.com\/hausse-prix-gaz-renouvelable-disparite-marches-electriques-europeens\/","og_site_name":"AleaSoft Energy Forecasting","article_publisher":"https:\/\/www.facebook.com\/AleaSoft\/","article_published_time":"2026-03-16T15:14:07+00:00","article_modified_time":"2026-04-01T04:09:21+00:00","og_image":[{"width":730,"height":509,"url":"https:\/\/aleasoft.com\/wp-content\/uploads\/2026\/03\/20260316-AleaSoft-European-electricity-market-prices.png","type":"image\/png"}],"author":"AleaSoft Energy Forecasting","twitter_card":"summary_large_image","twitter_creator":"@AleaSoftEnergy","twitter_site":"@AleaSoftEnergy","twitter_misc":{"\u00c9crit par":"AleaSoft Energy Forecasting","Dur\u00e9e de lecture estim\u00e9e":"11 minutes"},"schema":{"@context":"https:\/\/schema.org","@graph":[{"@type":"Article","@id":"https:\/\/aleasoft.com\/hausse-prix-gaz-renouvelable-disparite-marches-electriques-europeens\/#article","isPartOf":{"@id":"https:\/\/aleasoft.com\/fr\/hausse-prix-gaz-renouvelable-disparite-marches-electriques-europeens\/"},"author":{"name":"AleaSoft Energy Forecasting","@id":"https:\/\/aleasoft.com\/#\/schema\/person\/e83ba5c714f71473e3096e6f5bffcd61"},"headline":"Les prix du gaz augmentent et la production d&rsquo;\u00e9nergie renouvelable accentue les disparit\u00e9s sur les march\u00e9s europ\u00e9ens de l&rsquo;\u00e9lectricit\u00e9 au cours de la deuxi\u00e8me semaine de mars","datePublished":"2026-03-16T15:14:07+00:00","dateModified":"2026-04-01T04:09:21+00:00","mainEntityOfPage":{"@id":"https:\/\/aleasoft.com\/fr\/hausse-prix-gaz-renouvelable-disparite-marches-electriques-europeens\/"},"wordCount":2490,"publisher":{"@id":"https:\/\/aleasoft.com\/#organization"},"image":{"@id":"https:\/\/aleasoft.com\/hausse-prix-gaz-renouvelable-disparite-marches-electriques-europeens\/#primaryimage"},"thumbnailUrl":"https:\/\/aleasoft.com\/wp-content\/uploads\/2026\/03\/20260316-AleaSoft-European-electricity-market-prices.png","keywords":["Demande","March\u00e9s","Photovolta\u00efque","Prix Brent","Prix CO2","Prix gaz","Vent"],"articleSection":["Analyse hebdomadaire","Nouvelles"],"inLanguage":"fr-FR"},{"@type":"WebPage","@id":"https:\/\/aleasoft.com\/fr\/hausse-prix-gaz-renouvelable-disparite-marches-electriques-europeens\/","url":"https:\/\/aleasoft.com\/hausse-prix-gaz-renouvelable-disparite-marches-electriques-europeens\/","name":"Les prix du gaz augmentent et la production d'\u00e9nergie renouvelable accentue les disparit\u00e9s sur les march\u00e9s europ\u00e9ens de l'\u00e9lectricit\u00e9 au cours de la deuxi\u00e8me semaine de mars - AleaSoft Energy Forecasting","isPartOf":{"@id":"https:\/\/aleasoft.com\/#website"},"primaryImageOfPage":{"@id":"https:\/\/aleasoft.com\/hausse-prix-gaz-renouvelable-disparite-marches-electriques-europeens\/#primaryimage"},"image":{"@id":"https:\/\/aleasoft.com\/hausse-prix-gaz-renouvelable-disparite-marches-electriques-europeens\/#primaryimage"},"thumbnailUrl":"https:\/\/aleasoft.com\/wp-content\/uploads\/2026\/03\/20260316-AleaSoft-European-electricity-market-prices.png","datePublished":"2026-03-16T15:14:07+00:00","dateModified":"2026-04-01T04:09:21+00:00","description":"Au cours de la deuxi\u00e8me semaine de mars, les prix sur les principaux march\u00e9s de l'\u00e9lectricit\u00e9 europ\u00e9ens ont connu une \u00e9volution contrast\u00e9e, avec des hausses dans le sud de l'Europe et des baisses dans le reste de la r\u00e9gion.","breadcrumb":{"@id":"https:\/\/aleasoft.com\/hausse-prix-gaz-renouvelable-disparite-marches-electriques-europeens\/#breadcrumb"},"inLanguage":"fr-FR","potentialAction":[{"@type":"ReadAction","target":["https:\/\/aleasoft.com\/hausse-prix-gaz-renouvelable-disparite-marches-electriques-europeens\/"]}]},{"@type":"ImageObject","inLanguage":"fr-FR","@id":"https:\/\/aleasoft.com\/hausse-prix-gaz-renouvelable-disparite-marches-electriques-europeens\/#primaryimage","url":"https:\/\/aleasoft.com\/wp-content\/uploads\/2026\/03\/20260316-AleaSoft-European-electricity-market-prices.png","contentUrl":"https:\/\/aleasoft.com\/wp-content\/uploads\/2026\/03\/20260316-AleaSoft-European-electricity-market-prices.png","width":730,"height":509},{"@type":"BreadcrumbList","@id":"https:\/\/aleasoft.com\/hausse-prix-gaz-renouvelable-disparite-marches-electriques-europeens\/#breadcrumb","itemListElement":[{"@type":"ListItem","position":1,"name":"Home","item":"https:\/\/aleasoft.com\/"},{"@type":"ListItem","position":2,"name":"Les prix du gaz augmentent et la production d&#8217;\u00e9nergie renouvelable accentue les disparit\u00e9s sur les march\u00e9s europ\u00e9ens de l&#8217;\u00e9lectricit\u00e9 au cours de la deuxi\u00e8me semaine de mars"}]},{"@type":"WebSite","@id":"https:\/\/aleasoft.com\/#website","url":"https:\/\/aleasoft.com\/","name":"AleaSoft Energy Forecasting","description":"Energy Forecasting","publisher":{"@id":"https:\/\/aleasoft.com\/#organization"},"potentialAction":[{"@type":"SearchAction","target":{"@type":"EntryPoint","urlTemplate":"https:\/\/aleasoft.com\/?s={search_term_string}"},"query-input":{"@type":"PropertyValueSpecification","valueRequired":true,"valueName":"search_term_string"}}],"inLanguage":"fr-FR"},{"@type":"Organization","@id":"https:\/\/aleasoft.com\/#organization","name":"AleaSoft Energy Forecasting","url":"https:\/\/aleasoft.com\/","logo":{"@type":"ImageObject","inLanguage":"fr-FR","@id":"https:\/\/aleasoft.com\/#\/schema\/logo\/image\/","url":"https:\/\/aleasoft.com\/wp-content\/uploads\/2020\/01\/logo-alea-25.svg","contentUrl":"https:\/\/aleasoft.com\/wp-content\/uploads\/2020\/01\/logo-alea-25.svg","width":7047,"height":1416,"caption":"AleaSoft Energy Forecasting"},"image":{"@id":"https:\/\/aleasoft.com\/#\/schema\/logo\/image\/"},"sameAs":["https:\/\/www.facebook.com\/AleaSoft\/","https:\/\/x.com\/AleaSoftEnergy","https:\/\/www.linkedin.com\/company\/aleasoft\/"]},{"@type":"Person","@id":"https:\/\/aleasoft.com\/#\/schema\/person\/e83ba5c714f71473e3096e6f5bffcd61","name":"AleaSoft Energy Forecasting","image":{"@type":"ImageObject","inLanguage":"fr-FR","@id":"https:\/\/secure.gravatar.com\/avatar\/9f3c80a49711746195eaa8b9dac85dd25b10ed81cf9cd40ba1c909b7c8d60bfb?s=96&d=mm&r=g","url":"https:\/\/secure.gravatar.com\/avatar\/9f3c80a49711746195eaa8b9dac85dd25b10ed81cf9cd40ba1c909b7c8d60bfb?s=96&d=mm&r=g","contentUrl":"https:\/\/secure.gravatar.com\/avatar\/9f3c80a49711746195eaa8b9dac85dd25b10ed81cf9cd40ba1c909b7c8d60bfb?s=96&d=mm&r=g","caption":"AleaSoft Energy Forecasting"}}]}},"_links":{"self":[{"href":"https:\/\/aleasoft.com\/fr\/wp-json\/wp\/v2\/posts\/165651","targetHints":{"allow":["GET"]}}],"collection":[{"href":"https:\/\/aleasoft.com\/fr\/wp-json\/wp\/v2\/posts"}],"about":[{"href":"https:\/\/aleasoft.com\/fr\/wp-json\/wp\/v2\/types\/post"}],"author":[{"embeddable":true,"href":"https:\/\/aleasoft.com\/fr\/wp-json\/wp\/v2\/users\/3"}],"replies":[{"embeddable":true,"href":"https:\/\/aleasoft.com\/fr\/wp-json\/wp\/v2\/comments?post=165651"}],"version-history":[{"count":0,"href":"https:\/\/aleasoft.com\/fr\/wp-json\/wp\/v2\/posts\/165651\/revisions"}],"wp:featuredmedia":[{"embeddable":true,"href":"https:\/\/aleasoft.com\/fr\/wp-json\/wp\/v2\/media\/165332"}],"wp:attachment":[{"href":"https:\/\/aleasoft.com\/fr\/wp-json\/wp\/v2\/media?parent=165651"}],"wp:term":[{"taxonomy":"category","embeddable":true,"href":"https:\/\/aleasoft.com\/fr\/wp-json\/wp\/v2\/categories?post=165651"},{"taxonomy":"post_tag","embeddable":true,"href":"https:\/\/aleasoft.com\/fr\/wp-json\/wp\/v2\/tags?post=165651"}],"curies":[{"name":"wp","href":"https:\/\/api.w.org\/{rel}","templated":true}]}}