{"id":171284,"date":"2026-09-02T17:40:10","date_gmt":"2026-09-02T15:40:10","guid":{"rendered":"https:\/\/aleasoft.com\/?p=171284"},"modified":"2026-09-03T15:22:30","modified_gmt":"2026-09-03T13:22:30","slug":"futures-hiver-prix-eleves-europe","status":"publish","type":"post","link":"https:\/\/aleasoft.com\/fr\/futures-hiver-prix-eleves-europe\/","title":{"rendered":"Les futures de l&rsquo;\u00e9lectricit\u00e9 et du gaz annoncent un hiver de prix \u00e9lev\u00e9s en Europe"},"content":{"rendered":"<p><strong>AleaSoft Energy Forecasting, 2 septembre 2026. Les futures de l&rsquo;\u00e9lectricit\u00e9 ont fortement augment\u00e9 en Europe au cours de l&rsquo;\u00e9t\u00e9, dans un contexte de tensions g\u00e9opolitiques au Moyen-Orient et de hausse des prix du gaz. Cette hausse accro\u00eet les co\u00fbts de couverture pour les grands consommateurs et l&rsquo;industrie \u00e9lectro-intensive, tandis que des courbes de prix plus \u00e9lev\u00e9es peuvent am\u00e9liorer la bancabilit\u00e9 des PPA renouvelables.<\/strong><\/p>\n<h2>Hausse des prix des futures de l&rsquo;\u00e9lectricit\u00e9<\/h2>\n<p>Les prix des futures de l&rsquo;\u00e9lectricit\u00e9 ont consid\u00e9rablement augment\u00e9 ces derniers mois sur les principaux march\u00e9s europ\u00e9ens, port\u00e9s par la hausse des prix du gaz. La crise en Iran et l&rsquo;incertitude autour du d\u00e9troit d&rsquo;Ormuz maintiennent une prime de risque importante sur les <strong>march\u00e9s de l&rsquo;\u00e9nergie<\/strong>.<\/p>\n<p>En Espagne, le future de l&rsquo;\u00e9lectricit\u00e9 pour le quatri\u00e8me trimestre 2026 se situait \u00e0 91,20&nbsp;\u20ac\/MWh fin mai. Le 31 ao\u00fbt, son prix de r\u00e8glement sur l&rsquo;OMIP a atteint 127,25&nbsp;\u20ac\/MWh, soit une hausse de pr\u00e8s de 40% en seulement trois mois.<\/p>\n<p>L&rsquo;\u00e9volution a \u00e9t\u00e9 similaire sur les autres grands march\u00e9s europ\u00e9ens de l&rsquo;\u00e9lectricit\u00e9. En Allemagne, le future pour le quatri\u00e8me trimestre est pass\u00e9 de 116,42&nbsp;\u20ac\/MWh fin mai \u00e0 154,64&nbsp;\u20ac\/MWh le 31 ao\u00fbt, soit une hausse d&rsquo;environ 33%. En Italie, la hausse a \u00e9t\u00e9 proche de 40%, de 136,15&nbsp;\u20ac\/MWh \u00e0 190,11&nbsp;\u20ac\/MWh.<\/p>\n<p>Les contrats avec livraison en septembre ont \u00e9galement termin\u00e9 le mois d&rsquo;ao\u00fbt \u00e0 des niveaux \u00e9lev\u00e9s : 135,75&nbsp;\u20ac\/MWh en Espagne, 146,40&nbsp;\u20ac\/MWh en Allemagne et 195,20&nbsp;\u20ac\/MWh en Italie.<\/p>\n<p>La pression haussi\u00e8re s&rsquo;est poursuivie d\u00e9but septembre. Le 1<sup>er<\/sup> septembre, les futures de l&rsquo;\u00e9lectricit\u00e9 pour le quatri\u00e8me trimestre 2026 ont atteint 132,00&nbsp;\u20ac\/MWh en Espagne, 159,39&nbsp;\u20ac\/MWh en Allemagne et 195,56&nbsp;\u20ac\/MWh en Italie. Par rapport \u00e0 la cl\u00f4ture du 31 ao\u00fbt, ces valeurs repr\u00e9sentent des hausses de 3,7%, 3,1% et 2,9%, respectivement, confirmant que la tendance haussi\u00e8re s&rsquo;est prolong\u00e9e au d\u00e9but du nouveau mois.<\/p>\n<h2>La pression haussi\u00e8re s&rsquo;\u00e9tend \u00e0 2027<\/h2>\n<p>La tendance haussi\u00e8re atteint \u00e9galement le premier trimestre 2027. En Espagne, le future de l&rsquo;\u00e9lectricit\u00e9 pour le premier trimestre 2027 est pass\u00e9 de 85,73&nbsp;\u20ac\/MWh d\u00e9but ao\u00fbt \u00e0 106,25&nbsp;\u20ac\/MWh le 31 ao\u00fbt, soit une hausse de pr\u00e8s de 24%. En Allemagne, ce produit est pass\u00e9 de 127,34&nbsp;\u20ac\/MWh \u00e0 149,42&nbsp;\u20ac\/MWh sur la m\u00eame p\u00e9riode, soit une hausse de 17%, tandis qu&rsquo;en Italie il est pass\u00e9 de 146,41&nbsp;\u20ac\/MWh \u00e0 171,14&nbsp;\u20ac\/MWh, soit \u00e9galement une hausse de 17%.<\/p>\n<p>Au d\u00e9but du dernier quadrimestre 2026, le 1<sup>er<\/sup> septembre, ce future est mont\u00e9 \u00e0 110,20&nbsp;\u20ac\/MWh en Espagne, 154,62&nbsp;\u20ac\/MWh en Allemagne et 176,51&nbsp;\u20ac\/MWh en Italie, avec des hausses de 3,7%, 3,5% et 3,1%, respectivement.<\/p>\n<div style='margin-top: 20px;margin-bottom: 20px;'><a title='AleaSoft - Futures electricite Espagne Q1 2027 OMIP' href='https:\/\/aleasoft.com\/wp-content\/uploads\/2026\/09\/20260902-AleaSoft-Futuros-electricidad-Espana-Q1-2027-OMIP.png'><img class='aligncenter' src='https:\/\/aleasoft.com\/wp-content\/uploads\/2026\/09\/20260902-AleaSoft-Futuros-electricidad-Espana-Q1-2027-OMIP.png' alt='AleaSoft - Futures electricite Espagne Q1 2027 OMIP' width='740'\/><\/a><span style='font-size: small;'>Source : Futures de l'\u00e9lectricit\u00e9 de l'Espagne pour le Q1\u20112027 sur le march\u00e9 OMIP disponibles dans Alea Energy DataBase.<\/span><\/div>\n<h2>L&rsquo;influence des prix du gaz<\/h2>\n<p>La hausse des prix du <strong>march\u00e9 du gaz<\/strong> explique une grande partie de ces mouvements des futures de l&rsquo;\u00e9lectricit\u00e9 sur les march\u00e9s europ\u00e9ens. Le future du gaz TTF pour le trimestre suivant a augment\u00e9 d&rsquo;environ 22% au cours du mois d&rsquo;ao\u00fbt, et le future pour l&rsquo;ann\u00e9e suivante d&rsquo;environ 25%.<\/p>\n<p>Dans le cas des futures du gaz, les prix ont \u00e9galement continu\u00e9 d&rsquo;augmenter d\u00e9but septembre. Le future trimestriel a progress\u00e9 de 3,4%, \u00e0 71,87&nbsp;\u20ac\/MWh, entre le 31 ao\u00fbt et le 1<sup>er<\/sup> septembre, tandis que le contrat annuel a augment\u00e9 de 2,6%, \u00e0 52,29&nbsp;\u20ac\/MWh.<\/p>\n<div style='margin-top: 20px;margin-bottom: 20px;'><a title='AleaSoft - Futures gaz TTF Front Quarter ICE' href='https:\/\/aleasoft.com\/wp-content\/uploads\/2026\/09\/20260902-AleaSoft-Futuros-gas-TTF-Front-Quarter-ICE.png'><img class='aligncenter' src='https:\/\/aleasoft.com\/wp-content\/uploads\/2026\/09\/20260902-AleaSoft-Futuros-gas-TTF-Front-Quarter-ICE.png' alt='AleaSoft - Futures gaz TTF Front Quarter ICE' width='740'\/><\/a><span style='font-size: small;'>Source : Futures du gaz TTF pour le Front\u2011Quarter sur le march\u00e9 ICE disponibles dans Alea Energy DataBase.<\/span><\/div>\n<h2>Des co\u00fbts de couverture plus \u00e9lev\u00e9s pour les grands consommateurs<\/h2>\n<p>La hausse des courbes de futures accro\u00eet les co\u00fbts de couverture pour les mois et les ann\u00e9es \u00e0 venir, dans un contexte de forte <strong>volatilit\u00e9 des prix<\/strong> et de risque g\u00e9opolitique. Disposer de <strong>pr\u00e9visions de prix<\/strong> et analyser diff\u00e9rents sc\u00e9narios est essentiel pour la <strong>strat\u00e9gie d&rsquo;achat et de couverture<\/strong>, car retarder les d\u00e9cisions dans un march\u00e9 haussier peut se traduire par des co\u00fbts bien plus \u00e9lev\u00e9s.<\/p>\n<h2>Une opportunit\u00e9 pour les projets renouvelables et les PPA<\/h2>\n<p>Le m\u00eame sc\u00e9nario qui rench\u00e9rit la couverture pour les consommateurs am\u00e9liore les r\u00e9f\u00e9rences de prix utilis\u00e9es dans la n\u00e9gociation des <strong>PPA<\/strong>. Des anticipations plus \u00e9lev\u00e9es peuvent accro\u00eetre les revenus pr\u00e9vus des <strong>projets renouvelables<\/strong> et faciliter la conclusion de contrats \u00e0 long terme \u00e0 des conditions plus favorables, avec un effet positif sur la <strong>bancabilit\u00e9<\/strong>. Toutefois, la forte volatilit\u00e9 exige de structurer les PPA avec une vision de long terme, et pas seulement sur la base des primes de risque actuelles.<\/p>\n<h2>Les deux faces d&rsquo;un m\u00eame sc\u00e9nario<\/h2>\n<p>Les futures de l&rsquo;\u00e9lectricit\u00e9 et du gaz confirment les deux faces d&rsquo;un m\u00eame sc\u00e9nario \u00e9nerg\u00e9tique europ\u00e9en : des co\u00fbts de couverture plus \u00e9lev\u00e9s pour ceux qui ach\u00e8tent de l&rsquo;\u00e9lectricit\u00e9 et de meilleures perspectives de revenus pour ceux qui d\u00e9veloppent des \u00e9nergies renouvelables. Dans les deux cas, les <strong>pr\u00e9visions de prix<\/strong> sont l&rsquo;outil pour d\u00e9cider dans un march\u00e9 marqu\u00e9 par l&rsquo;incertitude.<\/p>\n<h2>Le r\u00f4le des pr\u00e9visions de march\u00e9 : AleaBlue<\/h2>\n<p><strong>AleaBlue<\/strong>, la division d&rsquo;<strong>AleaSoft Energy Forecasting<\/strong> sp\u00e9cialis\u00e9e dans les <a href=\"https:\/\/aleasoft.com\/fr\/aleablue\/\">pr\u00e9visions<\/a> des <strong>march\u00e9s de l&rsquo;\u00e9lectricit\u00e9<\/strong> \u00e0 court et moyen terme, r\u00e9alise des <strong>pr\u00e9visions de prix<\/strong> et des analyses de sc\u00e9narios afin que les fournisseurs d&rsquo;\u00e9nergie, les traders, les utilities et les grands consommateurs puissent anticiper les mouvements des futures et ajuster leurs strat\u00e9gies d&rsquo;achat, de vente et de couverture.<\/p>\n<p>Source : <strong>AleaSoft Energy Forecasting<\/strong><\/p>\n","protected":false},"excerpt":{"rendered":"<p>AleaSoft Energy Forecasting, 2 septembre 2026. Les futures de l&rsquo;\u00e9lectricit\u00e9 ont fortement augment\u00e9 en Europe au cours de l&rsquo;\u00e9t\u00e9, dans un contexte de tensions g\u00e9opolitiques au Moyen-Orient et de hausse des prix du gaz. Cette hausse accro\u00eet les co\u00fbts de couverture pour les grands consommateurs et l&rsquo;industrie \u00e9lectro-intensive, tandis que des courbes de prix plus [&hellip;]<\/p>\n","protected":false},"author":5,"featured_media":171218,"comment_status":"closed","ping_status":"closed","sticky":false,"template":"","format":"standard","meta":{"footnotes":""},"categories":[30,7547],"tags":[7578,7577,7580,7581,7576],"class_list":["post-171284","post","type-post","status-publish","format-standard","has-post-thumbnail","hentry","category-nouvelles","category-opinion","tag-marches","tag-photovoltaique","tag-prix-brent","tag-prix-gaz","tag-vent"],"yoast_head":"<!-- This site is optimized with the Yoast SEO Premium plugin v28.4 (Yoast SEO v28.4) - https:\/\/yoast.com\/product\/yoast-seo-premium-wordpress\/ -->\n<title>Les futures de l&#039;\u00e9lectricit\u00e9 et du gaz annoncent un hiver de prix \u00e9lev\u00e9s en Europe - AleaSoft Energy Forecasting<\/title>\n<meta name=\"description\" content=\"Les futures de l&#039;\u00e9lectricit\u00e9 et du gaz annoncent des prix \u00e9lev\u00e9s cet hiver en Europe. D\u00e9couvrez l&#039;impact sur la couverture, les PPA et la bancabilit\u00e9.\" \/>\n<meta name=\"robots\" content=\"index, follow, max-snippet:-1, max-image-preview:large, max-video-preview:-1\" \/>\n<link rel=\"canonical\" href=\"https:\/\/aleasoft.com\/fr\/futures-hiver-prix-eleves-europe\/\" \/>\n<meta property=\"og:locale\" content=\"fr_FR\" \/>\n<meta property=\"og:type\" content=\"article\" \/>\n<meta property=\"og:title\" content=\"Les futures de l&#039;\u00e9lectricit\u00e9 et du gaz annoncent un hiver de prix \u00e9lev\u00e9s en Europe\" \/>\n<meta property=\"og:description\" content=\"Les futures de l&#039;\u00e9lectricit\u00e9 et du gaz annoncent des prix \u00e9lev\u00e9s cet hiver en Europe. D\u00e9couvrez l&#039;impact sur la couverture, les PPA et la bancabilit\u00e9.\" \/>\n<meta property=\"og:url\" content=\"https:\/\/aleasoft.com\/fr\/futures-hiver-prix-eleves-europe\/\" \/>\n<meta property=\"og:site_name\" content=\"AleaSoft Energy Forecasting\" \/>\n<meta property=\"article:publisher\" content=\"https:\/\/www.facebook.com\/AleaSoft\/\" \/>\n<meta property=\"article:published_time\" content=\"2026-09-02T15:40:10+00:00\" \/>\n<meta property=\"article:modified_time\" content=\"2026-09-03T13:22:30+00:00\" \/>\n<meta property=\"og:image\" content=\"https:\/\/aleasoft.com\/wp-content\/uploads\/2026\/09\/20260902-AleaSoft-Futuros-electricidad-Espana-Q1-2027-OMIP.png\" \/>\n\t<meta property=\"og:image:width\" content=\"1215\" \/>\n\t<meta property=\"og:image:height\" content=\"503\" \/>\n\t<meta property=\"og:image:type\" content=\"image\/png\" \/>\n<meta name=\"author\" content=\"AleaSoft Energy Forecasting\" \/>\n<meta name=\"twitter:card\" content=\"summary_large_image\" \/>\n<meta name=\"twitter:creator\" content=\"@AleaSoftEnergy\" \/>\n<meta name=\"twitter:site\" content=\"@AleaSoftEnergy\" \/>\n<meta name=\"twitter:label1\" content=\"\u00c9crit par\" \/>\n\t<meta name=\"twitter:data1\" content=\"AleaSoft Energy Forecasting\" \/>\n\t<meta name=\"twitter:label2\" content=\"Dur\u00e9e de lecture estim\u00e9e\" \/>\n\t<meta name=\"twitter:data2\" content=\"4 minutes\" \/>\n<script type=\"application\/ld+json\" class=\"yoast-schema-graph\">{\"@context\":\"https:\\\/\\\/schema.org\",\"@graph\":[{\"@type\":\"Article\",\"@id\":\"https:\\\/\\\/aleasoft.com\\\/fr\\\/futures-hiver-prix-eleves-europe\\\/#article\",\"isPartOf\":{\"@id\":\"https:\\\/\\\/aleasoft.com\\\/fr\\\/futures-hiver-prix-eleves-europe\\\/\"},\"author\":{\"name\":\"AleaSoft Energy Forecasting\",\"@id\":\"https:\\\/\\\/aleasoft.com\\\/fr\\\/#\\\/schema\\\/person\\\/a04e0c08213b14a8b93a577183bdeaf0\"},\"headline\":\"Les futures de l&rsquo;\u00e9lectricit\u00e9 et du gaz annoncent un hiver de prix \u00e9lev\u00e9s en Europe\",\"datePublished\":\"2026-09-02T15:40:10+00:00\",\"dateModified\":\"2026-09-03T13:22:30+00:00\",\"mainEntityOfPage\":{\"@id\":\"https:\\\/\\\/aleasoft.com\\\/fr\\\/futures-hiver-prix-eleves-europe\\\/\"},\"wordCount\":968,\"publisher\":{\"@id\":\"https:\\\/\\\/aleasoft.com\\\/fr\\\/#organization\"},\"image\":{\"@id\":\"https:\\\/\\\/aleasoft.com\\\/fr\\\/futures-hiver-prix-eleves-europe\\\/#primaryimage\"},\"thumbnailUrl\":\"https:\\\/\\\/aleasoft.com\\\/wp-content\\\/uploads\\\/2026\\\/09\\\/20260902-AleaSoft-Futuros-electricidad-Espana-Q1-2027-OMIP.png\",\"keywords\":[\"March\u00e9s\",\"Photovolta\u00efque\",\"Prix Brent\",\"Prix gaz\",\"Vent\"],\"articleSection\":[\"Nouvelles\",\"Opinion\"],\"inLanguage\":\"fr-FR\"},{\"@type\":\"WebPage\",\"@id\":\"https:\\\/\\\/aleasoft.com\\\/fr\\\/futures-hiver-prix-eleves-europe\\\/\",\"url\":\"https:\\\/\\\/aleasoft.com\\\/fr\\\/futures-hiver-prix-eleves-europe\\\/\",\"name\":\"Les futures de l'\u00e9lectricit\u00e9 et du gaz annoncent un hiver de prix \u00e9lev\u00e9s en Europe - AleaSoft Energy Forecasting\",\"isPartOf\":{\"@id\":\"https:\\\/\\\/aleasoft.com\\\/fr\\\/#website\"},\"primaryImageOfPage\":{\"@id\":\"https:\\\/\\\/aleasoft.com\\\/fr\\\/futures-hiver-prix-eleves-europe\\\/#primaryimage\"},\"image\":{\"@id\":\"https:\\\/\\\/aleasoft.com\\\/fr\\\/futures-hiver-prix-eleves-europe\\\/#primaryimage\"},\"thumbnailUrl\":\"https:\\\/\\\/aleasoft.com\\\/wp-content\\\/uploads\\\/2026\\\/09\\\/20260902-AleaSoft-Futuros-electricidad-Espana-Q1-2027-OMIP.png\",\"datePublished\":\"2026-09-02T15:40:10+00:00\",\"dateModified\":\"2026-09-03T13:22:30+00:00\",\"description\":\"Les futures de l'\u00e9lectricit\u00e9 et du gaz annoncent des prix \u00e9lev\u00e9s cet hiver en Europe. D\u00e9couvrez l'impact sur la couverture, les PPA et la bancabilit\u00e9.\",\"breadcrumb\":{\"@id\":\"https:\\\/\\\/aleasoft.com\\\/fr\\\/futures-hiver-prix-eleves-europe\\\/#breadcrumb\"},\"inLanguage\":\"fr-FR\",\"potentialAction\":[{\"@type\":\"ReadAction\",\"target\":[\"https:\\\/\\\/aleasoft.com\\\/fr\\\/futures-hiver-prix-eleves-europe\\\/\"]}]},{\"@type\":\"ImageObject\",\"inLanguage\":\"fr-FR\",\"@id\":\"https:\\\/\\\/aleasoft.com\\\/fr\\\/futures-hiver-prix-eleves-europe\\\/#primaryimage\",\"url\":\"https:\\\/\\\/aleasoft.com\\\/wp-content\\\/uploads\\\/2026\\\/09\\\/20260902-AleaSoft-Futuros-electricidad-Espana-Q1-2027-OMIP.png\",\"contentUrl\":\"https:\\\/\\\/aleasoft.com\\\/wp-content\\\/uploads\\\/2026\\\/09\\\/20260902-AleaSoft-Futuros-electricidad-Espana-Q1-2027-OMIP.png\",\"width\":1215,\"height\":503},{\"@type\":\"BreadcrumbList\",\"@id\":\"https:\\\/\\\/aleasoft.com\\\/fr\\\/futures-hiver-prix-eleves-europe\\\/#breadcrumb\",\"itemListElement\":[{\"@type\":\"ListItem\",\"position\":1,\"name\":\"Home\",\"item\":\"https:\\\/\\\/aleasoft.com\\\/fr\\\/\"},{\"@type\":\"ListItem\",\"position\":2,\"name\":\"Les futures de l&#8217;\u00e9lectricit\u00e9 et du gaz annoncent un hiver de prix \u00e9lev\u00e9s en Europe\"}]},{\"@type\":\"WebSite\",\"@id\":\"https:\\\/\\\/aleasoft.com\\\/fr\\\/#website\",\"url\":\"https:\\\/\\\/aleasoft.com\\\/fr\\\/\",\"name\":\"AleaSoft Energy Forecasting\",\"description\":\"Energy Forecasting\",\"publisher\":{\"@id\":\"https:\\\/\\\/aleasoft.com\\\/fr\\\/#organization\"},\"potentialAction\":[{\"@type\":\"SearchAction\",\"target\":{\"@type\":\"EntryPoint\",\"urlTemplate\":\"https:\\\/\\\/aleasoft.com\\\/fr\\\/?s={search_term_string}\"},\"query-input\":{\"@type\":\"PropertyValueSpecification\",\"valueRequired\":true,\"valueName\":\"search_term_string\"}}],\"inLanguage\":\"fr-FR\"},{\"@type\":\"Organization\",\"@id\":\"https:\\\/\\\/aleasoft.com\\\/fr\\\/#organization\",\"name\":\"AleaSoft Energy Forecasting\",\"url\":\"https:\\\/\\\/aleasoft.com\\\/fr\\\/\",\"logo\":{\"@type\":\"ImageObject\",\"inLanguage\":\"fr-FR\",\"@id\":\"https:\\\/\\\/aleasoft.com\\\/fr\\\/#\\\/schema\\\/logo\\\/image\\\/\",\"url\":\"https:\\\/\\\/aleasoft.com\\\/wp-content\\\/uploads\\\/2020\\\/01\\\/logo-alea-25.svg\",\"contentUrl\":\"https:\\\/\\\/aleasoft.com\\\/wp-content\\\/uploads\\\/2020\\\/01\\\/logo-alea-25.svg\",\"width\":7047,\"height\":1416,\"caption\":\"AleaSoft Energy Forecasting\"},\"image\":{\"@id\":\"https:\\\/\\\/aleasoft.com\\\/fr\\\/#\\\/schema\\\/logo\\\/image\\\/\"},\"sameAs\":[\"https:\\\/\\\/www.facebook.com\\\/AleaSoft\\\/\",\"https:\\\/\\\/x.com\\\/AleaSoftEnergy\",\"https:\\\/\\\/www.linkedin.com\\\/company\\\/aleasoft\\\/\"]},{\"@type\":\"Person\",\"@id\":\"https:\\\/\\\/aleasoft.com\\\/fr\\\/#\\\/schema\\\/person\\\/a04e0c08213b14a8b93a577183bdeaf0\",\"name\":\"AleaSoft Energy Forecasting\",\"image\":{\"@type\":\"ImageObject\",\"inLanguage\":\"fr-FR\",\"@id\":\"https:\\\/\\\/secure.gravatar.com\\\/avatar\\\/ed06b57a5c50e4941e805c13a40b4f0c833747a8db3a9d8d16929cbf232e8e0a?s=96&d=mm&r=g\",\"url\":\"https:\\\/\\\/secure.gravatar.com\\\/avatar\\\/ed06b57a5c50e4941e805c13a40b4f0c833747a8db3a9d8d16929cbf232e8e0a?s=96&d=mm&r=g\",\"contentUrl\":\"https:\\\/\\\/secure.gravatar.com\\\/avatar\\\/ed06b57a5c50e4941e805c13a40b4f0c833747a8db3a9d8d16929cbf232e8e0a?s=96&d=mm&r=g\",\"caption\":\"AleaSoft Energy Forecasting\"},\"sameAs\":[\"http:\\\/\\\/aleasoft.com\"]}]}<\/script>\n<!-- \/ Yoast SEO Premium plugin. -->","yoast_head_json":{"title":"Les futures de l'\u00e9lectricit\u00e9 et du gaz annoncent un hiver de prix \u00e9lev\u00e9s en Europe - AleaSoft Energy Forecasting","description":"Les futures de l'\u00e9lectricit\u00e9 et du gaz annoncent des prix \u00e9lev\u00e9s cet hiver en Europe. D\u00e9couvrez l'impact sur la couverture, les PPA et la bancabilit\u00e9.","robots":{"index":"index","follow":"follow","max-snippet":"max-snippet:-1","max-image-preview":"max-image-preview:large","max-video-preview":"max-video-preview:-1"},"canonical":"https:\/\/aleasoft.com\/fr\/futures-hiver-prix-eleves-europe\/","og_locale":"fr_FR","og_type":"article","og_title":"Les futures de l'\u00e9lectricit\u00e9 et du gaz annoncent un hiver de prix \u00e9lev\u00e9s en Europe","og_description":"Les futures de l'\u00e9lectricit\u00e9 et du gaz annoncent des prix \u00e9lev\u00e9s cet hiver en Europe. D\u00e9couvrez l'impact sur la couverture, les PPA et la bancabilit\u00e9.","og_url":"https:\/\/aleasoft.com\/fr\/futures-hiver-prix-eleves-europe\/","og_site_name":"AleaSoft Energy Forecasting","article_publisher":"https:\/\/www.facebook.com\/AleaSoft\/","article_published_time":"2026-09-02T15:40:10+00:00","article_modified_time":"2026-09-03T13:22:30+00:00","og_image":[{"width":1215,"height":503,"url":"https:\/\/aleasoft.com\/wp-content\/uploads\/2026\/09\/20260902-AleaSoft-Futuros-electricidad-Espana-Q1-2027-OMIP.png","type":"image\/png"}],"author":"AleaSoft Energy Forecasting","twitter_card":"summary_large_image","twitter_creator":"@AleaSoftEnergy","twitter_site":"@AleaSoftEnergy","twitter_misc":{"\u00c9crit par":"AleaSoft Energy Forecasting","Dur\u00e9e de lecture estim\u00e9e":"4 minutes"},"schema":{"@context":"https:\/\/schema.org","@graph":[{"@type":"Article","@id":"https:\/\/aleasoft.com\/fr\/futures-hiver-prix-eleves-europe\/#article","isPartOf":{"@id":"https:\/\/aleasoft.com\/fr\/futures-hiver-prix-eleves-europe\/"},"author":{"name":"AleaSoft Energy Forecasting","@id":"https:\/\/aleasoft.com\/fr\/#\/schema\/person\/a04e0c08213b14a8b93a577183bdeaf0"},"headline":"Les futures de l&rsquo;\u00e9lectricit\u00e9 et du gaz annoncent un hiver de prix \u00e9lev\u00e9s en Europe","datePublished":"2026-09-02T15:40:10+00:00","dateModified":"2026-09-03T13:22:30+00:00","mainEntityOfPage":{"@id":"https:\/\/aleasoft.com\/fr\/futures-hiver-prix-eleves-europe\/"},"wordCount":968,"publisher":{"@id":"https:\/\/aleasoft.com\/fr\/#organization"},"image":{"@id":"https:\/\/aleasoft.com\/fr\/futures-hiver-prix-eleves-europe\/#primaryimage"},"thumbnailUrl":"https:\/\/aleasoft.com\/wp-content\/uploads\/2026\/09\/20260902-AleaSoft-Futuros-electricidad-Espana-Q1-2027-OMIP.png","keywords":["March\u00e9s","Photovolta\u00efque","Prix Brent","Prix gaz","Vent"],"articleSection":["Nouvelles","Opinion"],"inLanguage":"fr-FR"},{"@type":"WebPage","@id":"https:\/\/aleasoft.com\/fr\/futures-hiver-prix-eleves-europe\/","url":"https:\/\/aleasoft.com\/fr\/futures-hiver-prix-eleves-europe\/","name":"Les futures de l'\u00e9lectricit\u00e9 et du gaz annoncent un hiver de prix \u00e9lev\u00e9s en Europe - AleaSoft Energy Forecasting","isPartOf":{"@id":"https:\/\/aleasoft.com\/fr\/#website"},"primaryImageOfPage":{"@id":"https:\/\/aleasoft.com\/fr\/futures-hiver-prix-eleves-europe\/#primaryimage"},"image":{"@id":"https:\/\/aleasoft.com\/fr\/futures-hiver-prix-eleves-europe\/#primaryimage"},"thumbnailUrl":"https:\/\/aleasoft.com\/wp-content\/uploads\/2026\/09\/20260902-AleaSoft-Futuros-electricidad-Espana-Q1-2027-OMIP.png","datePublished":"2026-09-02T15:40:10+00:00","dateModified":"2026-09-03T13:22:30+00:00","description":"Les futures de l'\u00e9lectricit\u00e9 et du gaz annoncent des prix \u00e9lev\u00e9s cet hiver en Europe. D\u00e9couvrez l'impact sur la couverture, les PPA et la bancabilit\u00e9.","breadcrumb":{"@id":"https:\/\/aleasoft.com\/fr\/futures-hiver-prix-eleves-europe\/#breadcrumb"},"inLanguage":"fr-FR","potentialAction":[{"@type":"ReadAction","target":["https:\/\/aleasoft.com\/fr\/futures-hiver-prix-eleves-europe\/"]}]},{"@type":"ImageObject","inLanguage":"fr-FR","@id":"https:\/\/aleasoft.com\/fr\/futures-hiver-prix-eleves-europe\/#primaryimage","url":"https:\/\/aleasoft.com\/wp-content\/uploads\/2026\/09\/20260902-AleaSoft-Futuros-electricidad-Espana-Q1-2027-OMIP.png","contentUrl":"https:\/\/aleasoft.com\/wp-content\/uploads\/2026\/09\/20260902-AleaSoft-Futuros-electricidad-Espana-Q1-2027-OMIP.png","width":1215,"height":503},{"@type":"BreadcrumbList","@id":"https:\/\/aleasoft.com\/fr\/futures-hiver-prix-eleves-europe\/#breadcrumb","itemListElement":[{"@type":"ListItem","position":1,"name":"Home","item":"https:\/\/aleasoft.com\/fr\/"},{"@type":"ListItem","position":2,"name":"Les futures de l&#8217;\u00e9lectricit\u00e9 et du gaz annoncent un hiver de prix \u00e9lev\u00e9s en Europe"}]},{"@type":"WebSite","@id":"https:\/\/aleasoft.com\/fr\/#website","url":"https:\/\/aleasoft.com\/fr\/","name":"AleaSoft Energy Forecasting","description":"Energy Forecasting","publisher":{"@id":"https:\/\/aleasoft.com\/fr\/#organization"},"potentialAction":[{"@type":"SearchAction","target":{"@type":"EntryPoint","urlTemplate":"https:\/\/aleasoft.com\/fr\/?s={search_term_string}"},"query-input":{"@type":"PropertyValueSpecification","valueRequired":true,"valueName":"search_term_string"}}],"inLanguage":"fr-FR"},{"@type":"Organization","@id":"https:\/\/aleasoft.com\/fr\/#organization","name":"AleaSoft Energy Forecasting","url":"https:\/\/aleasoft.com\/fr\/","logo":{"@type":"ImageObject","inLanguage":"fr-FR","@id":"https:\/\/aleasoft.com\/fr\/#\/schema\/logo\/image\/","url":"https:\/\/aleasoft.com\/wp-content\/uploads\/2020\/01\/logo-alea-25.svg","contentUrl":"https:\/\/aleasoft.com\/wp-content\/uploads\/2020\/01\/logo-alea-25.svg","width":7047,"height":1416,"caption":"AleaSoft Energy Forecasting"},"image":{"@id":"https:\/\/aleasoft.com\/fr\/#\/schema\/logo\/image\/"},"sameAs":["https:\/\/www.facebook.com\/AleaSoft\/","https:\/\/x.com\/AleaSoftEnergy","https:\/\/www.linkedin.com\/company\/aleasoft\/"]},{"@type":"Person","@id":"https:\/\/aleasoft.com\/fr\/#\/schema\/person\/a04e0c08213b14a8b93a577183bdeaf0","name":"AleaSoft Energy Forecasting","image":{"@type":"ImageObject","inLanguage":"fr-FR","@id":"https:\/\/secure.gravatar.com\/avatar\/ed06b57a5c50e4941e805c13a40b4f0c833747a8db3a9d8d16929cbf232e8e0a?s=96&d=mm&r=g","url":"https:\/\/secure.gravatar.com\/avatar\/ed06b57a5c50e4941e805c13a40b4f0c833747a8db3a9d8d16929cbf232e8e0a?s=96&d=mm&r=g","contentUrl":"https:\/\/secure.gravatar.com\/avatar\/ed06b57a5c50e4941e805c13a40b4f0c833747a8db3a9d8d16929cbf232e8e0a?s=96&d=mm&r=g","caption":"AleaSoft Energy Forecasting"},"sameAs":["http:\/\/aleasoft.com"]}]}},"_links":{"self":[{"href":"https:\/\/aleasoft.com\/fr\/wp-json\/wp\/v2\/posts\/171284","targetHints":{"allow":["GET"]}}],"collection":[{"href":"https:\/\/aleasoft.com\/fr\/wp-json\/wp\/v2\/posts"}],"about":[{"href":"https:\/\/aleasoft.com\/fr\/wp-json\/wp\/v2\/types\/post"}],"author":[{"embeddable":true,"href":"https:\/\/aleasoft.com\/fr\/wp-json\/wp\/v2\/users\/5"}],"replies":[{"embeddable":true,"href":"https:\/\/aleasoft.com\/fr\/wp-json\/wp\/v2\/comments?post=171284"}],"version-history":[{"count":0,"href":"https:\/\/aleasoft.com\/fr\/wp-json\/wp\/v2\/posts\/171284\/revisions"}],"wp:featuredmedia":[{"embeddable":true,"href":"https:\/\/aleasoft.com\/fr\/wp-json\/wp\/v2\/media\/171218"}],"wp:attachment":[{"href":"https:\/\/aleasoft.com\/fr\/wp-json\/wp\/v2\/media?parent=171284"}],"wp:term":[{"taxonomy":"category","embeddable":true,"href":"https:\/\/aleasoft.com\/fr\/wp-json\/wp\/v2\/categories?post=171284"},{"taxonomy":"post_tag","embeddable":true,"href":"https:\/\/aleasoft.com\/fr\/wp-json\/wp\/v2\/tags?post=171284"}],"curies":[{"name":"wp","href":"https:\/\/api.w.org\/{rel}","templated":true}]}}