{"id":78227,"date":"2015-07-16T00:00:00","date_gmt":"2015-07-15T22:00:00","guid":{"rendered":"https:\/\/aleasoft.com\/bilan-de-la-consommation-electrique-europeenne-du-premier-semestre-2015\/"},"modified":"2022-05-23T16:44:20","modified_gmt":"2022-05-23T14:44:20","slug":"bilan-de-la-consommation-electrique-europeenne-du-premier-semestre-2015","status":"publish","type":"post","link":"https:\/\/aleasoft.com\/fr\/bilan-de-la-consommation-electrique-europeenne-du-premier-semestre-2015\/","title":{"rendered":"Bilan de la consommation \u00e9lectrique europ\u00e9enne du premier semestre 2015"},"content":{"rendered":"<h3>Information pr\u00e9par\u00e9e par AleaSoft, soci\u00e9t\u00e9 leader dans le d\u00e9veloppement de mod\u00e8les de pr\u00e9visions de la consommation et des prix au sein des march\u00e9s de l\u2019\u00e9nergie<\/h3>\n<p><a href=\"https:\/\/aleasoft.com\/wp-content\/uploads\/2015\/07\/20150716-Assessment-Electricicty-Consumption-Western-Europe-First-Half-2015-Fr.pdf\">Donwload PDF<\/a><\/p>\n<p><b>16 juillet 2015<\/b> &#8211; Les six premiers mois de 2015 ont \u00e9t\u00e9 plus froids que la m\u00eame p\u00e9riode de l&rsquo;ann\u00e9e 2014 dans les principaux pays de l\u2019Europe occidentale. Ce fait, associ\u00e9 \u00e0 la croissance \u00e9conomique, a conduit \u00e0 une augmentation annuelle de la demande d&rsquo;\u00e9lectricit\u00e9 dans les pays comme l&rsquo;Italie, la France et l&rsquo;Espagne. En Grande-Bretagne, o\u00f9 les temp\u00e9ratures sont normalement plus basses, il n\u2019y a pas eu une telle augmentation.<\/p>\n<p>&nbsp;<\/p>\n<p><img fetchpriority=\"high\" decoding=\"async\" class=\"size-full wp-image-10135 aligncenter\" src=\"https:\/\/aleasoft.com\/wp-content\/uploads\/2015\/07\/20150716-Assessment-Electricicty-Consumption-Western-Europe-First-Half-2015-Electricity-Demand.Fr_-1.jpeg\" alt=\"20150716-Assessment-Electricicty-Consumption-Western-Europe-First-Half-2015-Electricity-Demand.Fr\" width=\"610\" height=\"430\"><\/p>\n<p><span style=\"font-size: xx-small; margin-left: 40px;\">\u00c9volution de la demande d&rsquo;\u00e9lectricit\u00e9 mensuelle en Europe occidentale -2014 et le premier semestre 2015 (TWh). <\/span><\/p>\n<p><span style=\"font-size: xx-small; margin-left: 40px;\">Sources: Espagne: REE, France: RTE, la Grande-Bretagne: National Grid, Italie: TERNA.<\/span><\/p>\n<p>Au sein du premier semestre, la demande d&rsquo;\u00e9lectricit\u00e9 en <b>Espagne<\/b> a \u00e9t\u00e9 de 1,9% plus \u00e9lev\u00e9e que dans la m\u00eame p\u00e9riode de l&rsquo;ann\u00e9e 2014. Selon les donn\u00e9es de la REE (R\u00e9seau \u00e9lectrique d&rsquo;Espagne), en corrigeant les effets de la temp\u00e9rature et les modes de travail, cette augmentation serait de 0,5% en glissement annuel. Cela s\u2019explique par l\u2019augmentation de l\u2019activit\u00e9 \u00e9conomique, qui se refl\u00e8te dans la croissance annuelle du PIB de 2,7% au courant du premier trimestre.<\/p>\n<p>La consommation d&rsquo;\u00e9lectricit\u00e9 en <b>France<\/b> au cours du premier semestre a gagn\u00e9 4,7% en termes annuels. Cela est d\u00fb au fait que les temp\u00e9ratures ont \u00e9t\u00e9 plus basses que dans la m\u00eame p\u00e9riode de l&rsquo;ann\u00e9e derni\u00e8re et \u00e0 la croissance du PIB (0,8% dans le premier trimestre).<\/p>\n<p>En <b>Grande-Bretagne<\/b>, la demande d&rsquo;\u00e9lectricit\u00e9 a baiss\u00e9 de 1,5% dans le premier semestre 2015 comparativement \u00e0 la m\u00eame p\u00e9riode de 2014, m\u00eame avec une croissance annuelle du PIB de 2,9% dans le premier trimestre. Ce changement de la demande est le r\u00e9sultat d&rsquo;une l\u00e9g\u00e8re hausse dans le premier trimestre (0,7% en glissement annuel) et une baisse de 4,2% dans le deuxi\u00e8me trimestre.<\/p>\n<p>Au cours des six premiers mois de 2015, la consommation d&rsquo;\u00e9lectricit\u00e9 en <b>Italie<\/b> a \u00e9t\u00e9 de seulement 0,2% de plus que la m\u00eame p\u00e9riode de l&rsquo;ann\u00e9e derni\u00e8re. Une petite variation du PIB (+ 0,1% dans le premier trimestre) et des temp\u00e9ratures l\u00e9g\u00e8rement plus faible ont contribu\u00e9 \u00e0 ce fait.<\/p>\n<p><b>Pr\u00e9visions de la demande d&rsquo;\u00e9lectricit\u00e9 en Europe occidentale<\/b><\/p>\n<p>Dans le deuxi\u00e8me semestre 2015 on s\u2019attend \u00e0 une croissance de l&rsquo;activit\u00e9 \u00e9conomique dans les pays \u00e9tudi\u00e9s. Les pr\u00e9visions d\u2019AleaSoft indiquent une augmentation g\u00e9n\u00e9rale de la consommation d&rsquo;\u00e9lectricit\u00e9 par rapport au deuxi\u00e8me semestre de l&rsquo;ann\u00e9e 2014. Ces pr\u00e9visions supposent des temp\u00e9ratures avec des valeurs moyennes historiques et diff\u00e9rents sc\u00e9narios de croissance du PIB en 2015 par rapport \u00e0 2014.<\/p>\n<p>En <b>Espagne<\/b> une augmentation de la demande d&rsquo;\u00e9lectricit\u00e9 est pr\u00e9vue, selon un sc\u00e9nario de croissance du PIB de 3,1% en 2015.<\/p>\n<p>La demande d&rsquo;\u00e9lectricit\u00e9 de la <b>France<\/b> sera plus \u00e9lev\u00e9e dans le deuxi\u00e8me semestre 2015 comparativement \u00e0 la m\u00eame p\u00e9riode de l&rsquo;ann\u00e9e derni\u00e8re, selon les pr\u00e9visions d\u2019AleaSoft. Ces pr\u00e9visions supposent une croissance du PIB de 1,2%.<\/p>\n<p>En <b>Grande-Bretagne<\/b> on attend une augmentation de la demande d&rsquo;\u00e9lectricit\u00e9, consid\u00e9rant un sc\u00e9nario de croissance du PIB de 2,4% en 2015.<\/p>\n<p>En <b>Italie<\/b>, consid\u00e9rant un sc\u00e9nario de croissance de 0,7% du PIB, on attend une l\u00e9g\u00e8re augmentation annuelle de la consommation d&rsquo;\u00e9lectricit\u00e9 au cours de la seconde moiti\u00e9 de 2015.<\/p>\n","protected":false},"excerpt":{"rendered":"<p>Information pr\u00e9par\u00e9e par AleaSoft, soci\u00e9t\u00e9 leader dans le d\u00e9veloppement de mod\u00e8les de pr\u00e9visions de la consommation et des prix au sein des march\u00e9s de l\u2019\u00e9nergie Donwload PDF 16 juillet 2015 &#8211; Les six premiers mois de 2015 ont \u00e9t\u00e9 plus froids que la m\u00eame p\u00e9riode de l&rsquo;ann\u00e9e 2014 dans les principaux pays de l\u2019Europe occidentale. [&hellip;]<\/p>\n","protected":false},"author":1,"featured_media":53671,"comment_status":"closed","ping_status":"closed","sticky":false,"template":"","format":"standard","meta":{"footnotes":""},"categories":[30],"tags":[],"class_list":["post-78227","post","type-post","status-publish","format-standard","has-post-thumbnail","hentry","category-nouvelles"],"yoast_head":"<!-- This site is optimized with the Yoast SEO Premium plugin v27.4 (Yoast SEO v27.5) - https:\/\/yoast.com\/product\/yoast-seo-premium-wordpress\/ -->\n<title>Bilan de la consommation \u00e9lectrique europ\u00e9enne du premier semestre 2015 - AleaSoft Energy Forecasting<\/title>\n<meta name=\"robots\" content=\"index, follow, max-snippet:-1, max-image-preview:large, max-video-preview:-1\" \/>\n<link rel=\"canonical\" href=\"https:\/\/aleasoft.com\/fr\/bilan-de-la-consommation-electrique-europeenne-du-premier-semestre-2015\/\" \/>\n<meta property=\"og:locale\" content=\"fr_FR\" \/>\n<meta property=\"og:type\" content=\"article\" \/>\n<meta property=\"og:title\" content=\"Bilan de la consommation \u00e9lectrique europ\u00e9enne du premier semestre 2015\" \/>\n<meta property=\"og:description\" content=\"Information pr\u00e9par\u00e9e par AleaSoft, soci\u00e9t\u00e9 leader dans le d\u00e9veloppement de mod\u00e8les de pr\u00e9visions de la consommation et des prix au sein des march\u00e9s de l\u2019\u00e9nergie Donwload PDF 16 juillet 2015 &#8211; Les six premiers mois de 2015 ont \u00e9t\u00e9 plus froids que la m\u00eame p\u00e9riode de l&rsquo;ann\u00e9e 2014 dans les principaux pays de l\u2019Europe occidentale. [&hellip;]\" \/>\n<meta property=\"og:url\" content=\"https:\/\/aleasoft.com\/fr\/bilan-de-la-consommation-electrique-europeenne-du-premier-semestre-2015\/\" \/>\n<meta property=\"og:site_name\" content=\"AleaSoft Energy Forecasting\" \/>\n<meta property=\"article:publisher\" content=\"https:\/\/www.facebook.com\/AleaSoft\/\" \/>\n<meta property=\"article:published_time\" content=\"2015-07-15T22:00:00+00:00\" \/>\n<meta property=\"article:modified_time\" content=\"2022-05-23T14:44:20+00:00\" \/>\n<meta property=\"og:image\" content=\"https:\/\/aleasoft.com\/wp-content\/uploads\/2015\/07\/20150716-Assessment-Electricicty-Consumption-Western-Europe-First-Half-2015-Electricity-Demand.En_-1.jpeg\" \/>\n\t<meta property=\"og:image:width\" content=\"610\" \/>\n\t<meta property=\"og:image:height\" content=\"430\" \/>\n\t<meta property=\"og:image:type\" content=\"image\/jpeg\" \/>\n<meta name=\"author\" content=\"AleaSoft Energy Forecasting\" \/>\n<meta name=\"twitter:card\" content=\"summary_large_image\" \/>\n<meta name=\"twitter:creator\" content=\"@AleaSoftEnergy\" \/>\n<meta name=\"twitter:site\" content=\"@AleaSoftEnergy\" \/>\n<meta name=\"twitter:label1\" content=\"\u00c9crit par\" \/>\n\t<meta name=\"twitter:data1\" content=\"AleaSoft Energy Forecasting\" \/>\n\t<meta name=\"twitter:label2\" content=\"Dur\u00e9e de lecture estim\u00e9e\" \/>\n\t<meta name=\"twitter:data2\" content=\"3 minutes\" \/>\n<script type=\"application\/ld+json\" class=\"yoast-schema-graph\">{\"@context\":\"https:\\\/\\\/schema.org\",\"@graph\":[{\"@type\":\"Article\",\"@id\":\"https:\\\/\\\/aleasoft.com\\\/fr\\\/bilan-de-la-consommation-electrique-europeenne-du-premier-semestre-2015\\\/#article\",\"isPartOf\":{\"@id\":\"https:\\\/\\\/aleasoft.com\\\/fr\\\/bilan-de-la-consommation-electrique-europeenne-du-premier-semestre-2015\\\/\"},\"author\":{\"name\":\"AleaSoft Energy Forecasting\",\"@id\":\"https:\\\/\\\/aleasoft.com\\\/#\\\/schema\\\/person\\\/99ee8b0f2ecbd56ba78005c6b7864d67\"},\"headline\":\"Bilan de la consommation \u00e9lectrique europ\u00e9enne du premier semestre 2015\",\"datePublished\":\"2015-07-15T22:00:00+00:00\",\"dateModified\":\"2022-05-23T14:44:20+00:00\",\"mainEntityOfPage\":{\"@id\":\"https:\\\/\\\/aleasoft.com\\\/fr\\\/bilan-de-la-consommation-electrique-europeenne-du-premier-semestre-2015\\\/\"},\"wordCount\":589,\"publisher\":{\"@id\":\"https:\\\/\\\/aleasoft.com\\\/#organization\"},\"image\":{\"@id\":\"https:\\\/\\\/aleasoft.com\\\/fr\\\/bilan-de-la-consommation-electrique-europeenne-du-premier-semestre-2015\\\/#primaryimage\"},\"thumbnailUrl\":\"https:\\\/\\\/aleasoft.com\\\/wp-content\\\/uploads\\\/2015\\\/07\\\/20150716-Assessment-Electricicty-Consumption-Western-Europe-First-Half-2015-Electricity-Demand.En_-1.jpeg\",\"articleSection\":[\"Nouvelles\"],\"inLanguage\":\"fr-FR\"},{\"@type\":\"WebPage\",\"@id\":\"https:\\\/\\\/aleasoft.com\\\/fr\\\/bilan-de-la-consommation-electrique-europeenne-du-premier-semestre-2015\\\/\",\"url\":\"https:\\\/\\\/aleasoft.com\\\/fr\\\/bilan-de-la-consommation-electrique-europeenne-du-premier-semestre-2015\\\/\",\"name\":\"Bilan de la consommation \u00e9lectrique europ\u00e9enne du premier semestre 2015 - AleaSoft Energy Forecasting\",\"isPartOf\":{\"@id\":\"https:\\\/\\\/aleasoft.com\\\/#website\"},\"primaryImageOfPage\":{\"@id\":\"https:\\\/\\\/aleasoft.com\\\/fr\\\/bilan-de-la-consommation-electrique-europeenne-du-premier-semestre-2015\\\/#primaryimage\"},\"image\":{\"@id\":\"https:\\\/\\\/aleasoft.com\\\/fr\\\/bilan-de-la-consommation-electrique-europeenne-du-premier-semestre-2015\\\/#primaryimage\"},\"thumbnailUrl\":\"https:\\\/\\\/aleasoft.com\\\/wp-content\\\/uploads\\\/2015\\\/07\\\/20150716-Assessment-Electricicty-Consumption-Western-Europe-First-Half-2015-Electricity-Demand.En_-1.jpeg\",\"datePublished\":\"2015-07-15T22:00:00+00:00\",\"dateModified\":\"2022-05-23T14:44:20+00:00\",\"breadcrumb\":{\"@id\":\"https:\\\/\\\/aleasoft.com\\\/fr\\\/bilan-de-la-consommation-electrique-europeenne-du-premier-semestre-2015\\\/#breadcrumb\"},\"inLanguage\":\"fr-FR\",\"potentialAction\":[{\"@type\":\"ReadAction\",\"target\":[\"https:\\\/\\\/aleasoft.com\\\/fr\\\/bilan-de-la-consommation-electrique-europeenne-du-premier-semestre-2015\\\/\"]}]},{\"@type\":\"ImageObject\",\"inLanguage\":\"fr-FR\",\"@id\":\"https:\\\/\\\/aleasoft.com\\\/fr\\\/bilan-de-la-consommation-electrique-europeenne-du-premier-semestre-2015\\\/#primaryimage\",\"url\":\"https:\\\/\\\/aleasoft.com\\\/wp-content\\\/uploads\\\/2015\\\/07\\\/20150716-Assessment-Electricicty-Consumption-Western-Europe-First-Half-2015-Electricity-Demand.En_-1.jpeg\",\"contentUrl\":\"https:\\\/\\\/aleasoft.com\\\/wp-content\\\/uploads\\\/2015\\\/07\\\/20150716-Assessment-Electricicty-Consumption-Western-Europe-First-Half-2015-Electricity-Demand.En_-1.jpeg\",\"width\":610,\"height\":430},{\"@type\":\"BreadcrumbList\",\"@id\":\"https:\\\/\\\/aleasoft.com\\\/fr\\\/bilan-de-la-consommation-electrique-europeenne-du-premier-semestre-2015\\\/#breadcrumb\",\"itemListElement\":[{\"@type\":\"ListItem\",\"position\":1,\"name\":\"Home\",\"item\":\"https:\\\/\\\/aleasoft.com\\\/\"},{\"@type\":\"ListItem\",\"position\":2,\"name\":\"Bilan de la consommation \u00e9lectrique europ\u00e9enne du premier semestre 2015\"}]},{\"@type\":\"WebSite\",\"@id\":\"https:\\\/\\\/aleasoft.com\\\/#website\",\"url\":\"https:\\\/\\\/aleasoft.com\\\/\",\"name\":\"AleaSoft Energy Forecasting\",\"description\":\"Energy Forecasting\",\"publisher\":{\"@id\":\"https:\\\/\\\/aleasoft.com\\\/#organization\"},\"potentialAction\":[{\"@type\":\"SearchAction\",\"target\":{\"@type\":\"EntryPoint\",\"urlTemplate\":\"https:\\\/\\\/aleasoft.com\\\/?s={search_term_string}\"},\"query-input\":{\"@type\":\"PropertyValueSpecification\",\"valueRequired\":true,\"valueName\":\"search_term_string\"}}],\"inLanguage\":\"fr-FR\"},{\"@type\":\"Organization\",\"@id\":\"https:\\\/\\\/aleasoft.com\\\/#organization\",\"name\":\"AleaSoft Energy Forecasting\",\"url\":\"https:\\\/\\\/aleasoft.com\\\/\",\"logo\":{\"@type\":\"ImageObject\",\"inLanguage\":\"fr-FR\",\"@id\":\"https:\\\/\\\/aleasoft.com\\\/#\\\/schema\\\/logo\\\/image\\\/\",\"url\":\"https:\\\/\\\/aleasoft.com\\\/wp-content\\\/uploads\\\/2020\\\/01\\\/logo-alea-25.svg\",\"contentUrl\":\"https:\\\/\\\/aleasoft.com\\\/wp-content\\\/uploads\\\/2020\\\/01\\\/logo-alea-25.svg\",\"width\":7047,\"height\":1416,\"caption\":\"AleaSoft Energy Forecasting\"},\"image\":{\"@id\":\"https:\\\/\\\/aleasoft.com\\\/#\\\/schema\\\/logo\\\/image\\\/\"},\"sameAs\":[\"https:\\\/\\\/www.facebook.com\\\/AleaSoft\\\/\",\"https:\\\/\\\/x.com\\\/AleaSoftEnergy\",\"https:\\\/\\\/www.linkedin.com\\\/company\\\/aleasoft\\\/\"]},{\"@type\":\"Person\",\"@id\":\"https:\\\/\\\/aleasoft.com\\\/#\\\/schema\\\/person\\\/99ee8b0f2ecbd56ba78005c6b7864d67\",\"name\":\"AleaSoft Energy Forecasting\",\"image\":{\"@type\":\"ImageObject\",\"inLanguage\":\"fr-FR\",\"@id\":\"https:\\\/\\\/secure.gravatar.com\\\/avatar\\\/3ce8db70bda469bc8382df5990537888cf96f625c0fde5b0292ff5ab10560f88?s=96&d=mm&r=g\",\"url\":\"https:\\\/\\\/secure.gravatar.com\\\/avatar\\\/3ce8db70bda469bc8382df5990537888cf96f625c0fde5b0292ff5ab10560f88?s=96&d=mm&r=g\",\"contentUrl\":\"https:\\\/\\\/secure.gravatar.com\\\/avatar\\\/3ce8db70bda469bc8382df5990537888cf96f625c0fde5b0292ff5ab10560f88?s=96&d=mm&r=g\",\"caption\":\"AleaSoft Energy Forecasting\"},\"sameAs\":[\"http:\\\/\\\/aleasoft.com\"]}]}<\/script>\n<!-- \/ Yoast SEO Premium plugin. -->","yoast_head_json":{"title":"Bilan de la consommation \u00e9lectrique europ\u00e9enne du premier semestre 2015 - AleaSoft Energy Forecasting","robots":{"index":"index","follow":"follow","max-snippet":"max-snippet:-1","max-image-preview":"max-image-preview:large","max-video-preview":"max-video-preview:-1"},"canonical":"https:\/\/aleasoft.com\/fr\/bilan-de-la-consommation-electrique-europeenne-du-premier-semestre-2015\/","og_locale":"fr_FR","og_type":"article","og_title":"Bilan de la consommation \u00e9lectrique europ\u00e9enne du premier semestre 2015","og_description":"Information pr\u00e9par\u00e9e par AleaSoft, soci\u00e9t\u00e9 leader dans le d\u00e9veloppement de mod\u00e8les de pr\u00e9visions de la consommation et des prix au sein des march\u00e9s de l\u2019\u00e9nergie Donwload PDF 16 juillet 2015 &#8211; Les six premiers mois de 2015 ont \u00e9t\u00e9 plus froids que la m\u00eame p\u00e9riode de l&rsquo;ann\u00e9e 2014 dans les principaux pays de l\u2019Europe occidentale. [&hellip;]","og_url":"https:\/\/aleasoft.com\/fr\/bilan-de-la-consommation-electrique-europeenne-du-premier-semestre-2015\/","og_site_name":"AleaSoft Energy Forecasting","article_publisher":"https:\/\/www.facebook.com\/AleaSoft\/","article_published_time":"2015-07-15T22:00:00+00:00","article_modified_time":"2022-05-23T14:44:20+00:00","og_image":[{"width":610,"height":430,"url":"https:\/\/aleasoft.com\/wp-content\/uploads\/2015\/07\/20150716-Assessment-Electricicty-Consumption-Western-Europe-First-Half-2015-Electricity-Demand.En_-1.jpeg","type":"image\/jpeg"}],"author":"AleaSoft Energy Forecasting","twitter_card":"summary_large_image","twitter_creator":"@AleaSoftEnergy","twitter_site":"@AleaSoftEnergy","twitter_misc":{"\u00c9crit par":"AleaSoft Energy Forecasting","Dur\u00e9e de lecture estim\u00e9e":"3 minutes"},"schema":{"@context":"https:\/\/schema.org","@graph":[{"@type":"Article","@id":"https:\/\/aleasoft.com\/fr\/bilan-de-la-consommation-electrique-europeenne-du-premier-semestre-2015\/#article","isPartOf":{"@id":"https:\/\/aleasoft.com\/fr\/bilan-de-la-consommation-electrique-europeenne-du-premier-semestre-2015\/"},"author":{"name":"AleaSoft Energy Forecasting","@id":"https:\/\/aleasoft.com\/#\/schema\/person\/99ee8b0f2ecbd56ba78005c6b7864d67"},"headline":"Bilan de la consommation \u00e9lectrique europ\u00e9enne du premier semestre 2015","datePublished":"2015-07-15T22:00:00+00:00","dateModified":"2022-05-23T14:44:20+00:00","mainEntityOfPage":{"@id":"https:\/\/aleasoft.com\/fr\/bilan-de-la-consommation-electrique-europeenne-du-premier-semestre-2015\/"},"wordCount":589,"publisher":{"@id":"https:\/\/aleasoft.com\/#organization"},"image":{"@id":"https:\/\/aleasoft.com\/fr\/bilan-de-la-consommation-electrique-europeenne-du-premier-semestre-2015\/#primaryimage"},"thumbnailUrl":"https:\/\/aleasoft.com\/wp-content\/uploads\/2015\/07\/20150716-Assessment-Electricicty-Consumption-Western-Europe-First-Half-2015-Electricity-Demand.En_-1.jpeg","articleSection":["Nouvelles"],"inLanguage":"fr-FR"},{"@type":"WebPage","@id":"https:\/\/aleasoft.com\/fr\/bilan-de-la-consommation-electrique-europeenne-du-premier-semestre-2015\/","url":"https:\/\/aleasoft.com\/fr\/bilan-de-la-consommation-electrique-europeenne-du-premier-semestre-2015\/","name":"Bilan de la consommation \u00e9lectrique europ\u00e9enne du premier semestre 2015 - AleaSoft Energy Forecasting","isPartOf":{"@id":"https:\/\/aleasoft.com\/#website"},"primaryImageOfPage":{"@id":"https:\/\/aleasoft.com\/fr\/bilan-de-la-consommation-electrique-europeenne-du-premier-semestre-2015\/#primaryimage"},"image":{"@id":"https:\/\/aleasoft.com\/fr\/bilan-de-la-consommation-electrique-europeenne-du-premier-semestre-2015\/#primaryimage"},"thumbnailUrl":"https:\/\/aleasoft.com\/wp-content\/uploads\/2015\/07\/20150716-Assessment-Electricicty-Consumption-Western-Europe-First-Half-2015-Electricity-Demand.En_-1.jpeg","datePublished":"2015-07-15T22:00:00+00:00","dateModified":"2022-05-23T14:44:20+00:00","breadcrumb":{"@id":"https:\/\/aleasoft.com\/fr\/bilan-de-la-consommation-electrique-europeenne-du-premier-semestre-2015\/#breadcrumb"},"inLanguage":"fr-FR","potentialAction":[{"@type":"ReadAction","target":["https:\/\/aleasoft.com\/fr\/bilan-de-la-consommation-electrique-europeenne-du-premier-semestre-2015\/"]}]},{"@type":"ImageObject","inLanguage":"fr-FR","@id":"https:\/\/aleasoft.com\/fr\/bilan-de-la-consommation-electrique-europeenne-du-premier-semestre-2015\/#primaryimage","url":"https:\/\/aleasoft.com\/wp-content\/uploads\/2015\/07\/20150716-Assessment-Electricicty-Consumption-Western-Europe-First-Half-2015-Electricity-Demand.En_-1.jpeg","contentUrl":"https:\/\/aleasoft.com\/wp-content\/uploads\/2015\/07\/20150716-Assessment-Electricicty-Consumption-Western-Europe-First-Half-2015-Electricity-Demand.En_-1.jpeg","width":610,"height":430},{"@type":"BreadcrumbList","@id":"https:\/\/aleasoft.com\/fr\/bilan-de-la-consommation-electrique-europeenne-du-premier-semestre-2015\/#breadcrumb","itemListElement":[{"@type":"ListItem","position":1,"name":"Home","item":"https:\/\/aleasoft.com\/"},{"@type":"ListItem","position":2,"name":"Bilan de la consommation \u00e9lectrique europ\u00e9enne du premier semestre 2015"}]},{"@type":"WebSite","@id":"https:\/\/aleasoft.com\/#website","url":"https:\/\/aleasoft.com\/","name":"AleaSoft Energy Forecasting","description":"Energy Forecasting","publisher":{"@id":"https:\/\/aleasoft.com\/#organization"},"potentialAction":[{"@type":"SearchAction","target":{"@type":"EntryPoint","urlTemplate":"https:\/\/aleasoft.com\/?s={search_term_string}"},"query-input":{"@type":"PropertyValueSpecification","valueRequired":true,"valueName":"search_term_string"}}],"inLanguage":"fr-FR"},{"@type":"Organization","@id":"https:\/\/aleasoft.com\/#organization","name":"AleaSoft Energy Forecasting","url":"https:\/\/aleasoft.com\/","logo":{"@type":"ImageObject","inLanguage":"fr-FR","@id":"https:\/\/aleasoft.com\/#\/schema\/logo\/image\/","url":"https:\/\/aleasoft.com\/wp-content\/uploads\/2020\/01\/logo-alea-25.svg","contentUrl":"https:\/\/aleasoft.com\/wp-content\/uploads\/2020\/01\/logo-alea-25.svg","width":7047,"height":1416,"caption":"AleaSoft Energy Forecasting"},"image":{"@id":"https:\/\/aleasoft.com\/#\/schema\/logo\/image\/"},"sameAs":["https:\/\/www.facebook.com\/AleaSoft\/","https:\/\/x.com\/AleaSoftEnergy","https:\/\/www.linkedin.com\/company\/aleasoft\/"]},{"@type":"Person","@id":"https:\/\/aleasoft.com\/#\/schema\/person\/99ee8b0f2ecbd56ba78005c6b7864d67","name":"AleaSoft Energy Forecasting","image":{"@type":"ImageObject","inLanguage":"fr-FR","@id":"https:\/\/secure.gravatar.com\/avatar\/3ce8db70bda469bc8382df5990537888cf96f625c0fde5b0292ff5ab10560f88?s=96&d=mm&r=g","url":"https:\/\/secure.gravatar.com\/avatar\/3ce8db70bda469bc8382df5990537888cf96f625c0fde5b0292ff5ab10560f88?s=96&d=mm&r=g","contentUrl":"https:\/\/secure.gravatar.com\/avatar\/3ce8db70bda469bc8382df5990537888cf96f625c0fde5b0292ff5ab10560f88?s=96&d=mm&r=g","caption":"AleaSoft Energy Forecasting"},"sameAs":["http:\/\/aleasoft.com"]}]}},"_links":{"self":[{"href":"https:\/\/aleasoft.com\/fr\/wp-json\/wp\/v2\/posts\/78227","targetHints":{"allow":["GET"]}}],"collection":[{"href":"https:\/\/aleasoft.com\/fr\/wp-json\/wp\/v2\/posts"}],"about":[{"href":"https:\/\/aleasoft.com\/fr\/wp-json\/wp\/v2\/types\/post"}],"author":[{"embeddable":true,"href":"https:\/\/aleasoft.com\/fr\/wp-json\/wp\/v2\/users\/1"}],"replies":[{"embeddable":true,"href":"https:\/\/aleasoft.com\/fr\/wp-json\/wp\/v2\/comments?post=78227"}],"version-history":[{"count":0,"href":"https:\/\/aleasoft.com\/fr\/wp-json\/wp\/v2\/posts\/78227\/revisions"}],"wp:featuredmedia":[{"embeddable":true,"href":"https:\/\/aleasoft.com\/fr\/wp-json\/wp\/v2\/media\/53671"}],"wp:attachment":[{"href":"https:\/\/aleasoft.com\/fr\/wp-json\/wp\/v2\/media?parent=78227"}],"wp:term":[{"taxonomy":"category","embeddable":true,"href":"https:\/\/aleasoft.com\/fr\/wp-json\/wp\/v2\/categories?post=78227"},{"taxonomy":"post_tag","embeddable":true,"href":"https:\/\/aleasoft.com\/fr\/wp-json\/wp\/v2\/tags?post=78227"}],"curies":[{"name":"wp","href":"https:\/\/api.w.org\/{rel}","templated":true}]}}