{"id":78589,"date":"2019-07-03T00:00:00","date_gmt":"2019-07-02T22:00:00","guid":{"rendered":"https:\/\/aleasoft.com\/marche-electricite-mibel-avec-prix-baisse-premier-semestre-2019-ligne-avec-reste-leurope\/"},"modified":"2022-05-19T05:39:37","modified_gmt":"2022-05-19T03:39:37","slug":"marche-electricite-mibel-avec-prix-baisse-premier-semestre-2019-ligne-avec-reste-leurope","status":"publish","type":"post","link":"https:\/\/aleasoft.com\/fr\/marche-electricite-mibel-avec-prix-baisse-premier-semestre-2019-ligne-avec-reste-leurope\/","title":{"rendered":"Le march\u00e9 de l&rsquo;\u00e9lectricit\u00e9 MIBEL avec des prix en baisse au premier semestre 2019, en ligne avec le reste de l&rsquo;Europe"},"content":{"rendered":"<a href='https:\/\/aleasoft.com\/fr\/cas-previsions\/services-ppa-synergies\/' class='alea-banner-link' data-alea-gtm-event-category='banner-horizontal' data-alea-gtm-event-label='ppa'><img class='alignright' src='https:\/\/aleasoft.com\/wp-content\/uploads\/2021\/06\/banners_ppa_fr.jpg' alt='Offre de pr\u00e9visions de prix \u00e0 long terme pour PPA' style=''\/><\/a>\n<p><iframe style=\"border: none; overflow: hidden;\" src=\"https:\/\/www.facebook.com\/plugins\/like.php?href=https%3A%2F%2Faleasoft.com%2Felectricity-market-mibel-with-decreasing-prices-first-half-2019-in-line-with-rest-europe%2F&amp;width=76&amp;layout=box_count&amp;action=like&amp;size=small&amp;show_faces=true&amp;share=true&amp;height=65&amp;locale=fr_FR\" width=\"76\" height=\"65\" frameborder=\"0\" scrolling=\"no\"><\/iframe><br \/>\n<strong style=\"display: block; margin-top: 70px;\">AleaSoft, 3 juillet 2019. Cette semaine, AleaSoft a r\u00e9alis\u00e9 l&rsquo;analyse des march\u00e9s europ\u00e9ens de l&rsquo;\u00e9lectricit\u00e9 au cours du dernier trimestre et du premier semestre de l&rsquo;ann\u00e9e, dans laquelle la tendance g\u00e9n\u00e9rale \u00e9tait \u00e0 la baisse des prix. Dans cet article, l&rsquo;analyse se concentre sur le march\u00e9 ib\u00e9rique MIBEL, o\u00f9 les prix ont \u00e9galement chut\u00e9 conform\u00e9ment \u00e0 la tendance du continent en raison de la baisse des prix du gaz et du charbon et de l&rsquo;augmentation de la production d&rsquo;\u00e9nergies renouvelables.<\/strong><\/p>\n<p><a href=\"https:\/\/aleasoft.com\/prices-down-2019-due-fall-gas-coal-and-increase-renewable-energies\/\">Nouvelle en anglais<\/a><\/p>\n","protected":false},"excerpt":{"rendered":"<p>AleaSoft, 3 juillet 2019. Cette semaine, AleaSoft a r\u00e9alis\u00e9 l&rsquo;analyse des march\u00e9s europ\u00e9ens de l&rsquo;\u00e9lectricit\u00e9 au cours du dernier trimestre et du premier semestre de l&rsquo;ann\u00e9e, dans laquelle la tendance g\u00e9n\u00e9rale \u00e9tait \u00e0 la baisse des prix. Dans cet article, l&rsquo;analyse se concentre sur le march\u00e9 ib\u00e9rique MIBEL, o\u00f9 les prix ont \u00e9galement chut\u00e9 conform\u00e9ment [&hellip;]<\/p>\n","protected":false},"author":1,"featured_media":69616,"comment_status":"closed","ping_status":"closed","sticky":false,"template":"","format":"standard","meta":{"footnotes":""},"categories":[30],"tags":[570,628],"class_list":["post-78589","post","type-post","status-publish","format-standard","has-post-thumbnail","hentry","category-nouvelles","tag-news","tag-nouvelles"],"yoast_head":"<!-- This site is optimized with the Yoast SEO Premium plugin v27.4 (Yoast SEO v27.5) - https:\/\/yoast.com\/product\/yoast-seo-premium-wordpress\/ -->\n<title>Le march\u00e9 de l&#039;\u00e9lectricit\u00e9 MIBEL avec des prix en baisse au premier semestre 2019, en ligne avec le reste de l&#039;Europe - AleaSoft Energy Forecasting<\/title>\n<meta name=\"description\" content=\"Cette semaine, AleaSoft a r\u00e9alis\u00e9 l&#039;analyse des march\u00e9s europ\u00e9ens de l&#039;\u00e9lectricit\u00e9 au cours du dernier trimestre et du premier semestre de l&#039;ann\u00e9e, dans laquelle la tendance g\u00e9n\u00e9rale \u00e9tait \u00e0 la baisse des prix.\" \/>\n<meta name=\"robots\" content=\"index, follow, max-snippet:-1, max-image-preview:large, max-video-preview:-1\" \/>\n<link rel=\"canonical\" href=\"https:\/\/aleasoft.com\/fr\/marche-electricite-mibel-avec-prix-baisse-premier-semestre-2019-ligne-avec-reste-leurope\/\" \/>\n<meta property=\"og:locale\" content=\"fr_FR\" \/>\n<meta property=\"og:type\" content=\"article\" \/>\n<meta property=\"og:title\" content=\"Le march\u00e9 de l&#039;\u00e9lectricit\u00e9 MIBEL avec des prix en baisse au premier semestre 2019, en ligne avec le reste de l&#039;Europe\" \/>\n<meta property=\"og:description\" content=\"Cette semaine, AleaSoft a r\u00e9alis\u00e9 l&#039;analyse des march\u00e9s europ\u00e9ens de l&#039;\u00e9lectricit\u00e9 au cours du dernier trimestre et du premier semestre de l&#039;ann\u00e9e, dans laquelle la tendance g\u00e9n\u00e9rale \u00e9tait \u00e0 la baisse des prix.\" \/>\n<meta property=\"og:url\" content=\"https:\/\/aleasoft.com\/fr\/marche-electricite-mibel-avec-prix-baisse-premier-semestre-2019-ligne-avec-reste-leurope\/\" \/>\n<meta property=\"og:site_name\" content=\"AleaSoft Energy Forecasting\" \/>\n<meta property=\"article:publisher\" content=\"https:\/\/www.facebook.com\/AleaSoft\/\" \/>\n<meta property=\"article:published_time\" content=\"2019-07-02T22:00:00+00:00\" \/>\n<meta property=\"article:modified_time\" content=\"2022-05-19T03:39:37+00:00\" \/>\n<meta property=\"og:image\" content=\"https:\/\/aleasoft.com\/wp-content\/uploads\/2019\/07\/20190703-aleasoft-precio-mercado-electricidad-espaa-francia-portugal.png\" \/>\n\t<meta property=\"og:image:width\" content=\"2814\" \/>\n\t<meta property=\"og:image:height\" content=\"1573\" \/>\n\t<meta property=\"og:image:type\" content=\"image\/png\" \/>\n<meta name=\"author\" content=\"AleaSoft Energy Forecasting\" \/>\n<meta name=\"twitter:card\" content=\"summary_large_image\" \/>\n<meta name=\"twitter:creator\" content=\"@AleaSoftEnergy\" \/>\n<meta name=\"twitter:site\" content=\"@AleaSoftEnergy\" \/>\n<meta name=\"twitter:label1\" content=\"\u00c9crit par\" \/>\n\t<meta name=\"twitter:data1\" content=\"AleaSoft Energy Forecasting\" \/>\n\t<meta name=\"twitter:label2\" content=\"Dur\u00e9e de lecture estim\u00e9e\" \/>\n\t<meta name=\"twitter:data2\" content=\"1 minute\" \/>\n<script type=\"application\/ld+json\" class=\"yoast-schema-graph\">{\"@context\":\"https:\\\/\\\/schema.org\",\"@graph\":[{\"@type\":\"Article\",\"@id\":\"https:\\\/\\\/aleasoft.com\\\/fr\\\/marche-electricite-mibel-avec-prix-baisse-premier-semestre-2019-ligne-avec-reste-leurope\\\/#article\",\"isPartOf\":{\"@id\":\"https:\\\/\\\/aleasoft.com\\\/fr\\\/marche-electricite-mibel-avec-prix-baisse-premier-semestre-2019-ligne-avec-reste-leurope\\\/\"},\"author\":{\"name\":\"AleaSoft Energy Forecasting\",\"@id\":\"https:\\\/\\\/aleasoft.com\\\/#\\\/schema\\\/person\\\/99ee8b0f2ecbd56ba78005c6b7864d67\"},\"headline\":\"Le march\u00e9 de l&rsquo;\u00e9lectricit\u00e9 MIBEL avec des prix en baisse au premier semestre 2019, en ligne avec le reste de l&rsquo;Europe\",\"datePublished\":\"2019-07-02T22:00:00+00:00\",\"dateModified\":\"2022-05-19T03:39:37+00:00\",\"mainEntityOfPage\":{\"@id\":\"https:\\\/\\\/aleasoft.com\\\/fr\\\/marche-electricite-mibel-avec-prix-baisse-premier-semestre-2019-ligne-avec-reste-leurope\\\/\"},\"wordCount\":112,\"publisher\":{\"@id\":\"https:\\\/\\\/aleasoft.com\\\/#organization\"},\"image\":{\"@id\":\"https:\\\/\\\/aleasoft.com\\\/fr\\\/marche-electricite-mibel-avec-prix-baisse-premier-semestre-2019-ligne-avec-reste-leurope\\\/#primaryimage\"},\"thumbnailUrl\":\"https:\\\/\\\/aleasoft.com\\\/wp-content\\\/uploads\\\/2019\\\/07\\\/20190703-aleasoft-precio-mercado-electricidad-espaa-francia-portugal.png\",\"keywords\":[\"news\",\"nouvelles\"],\"articleSection\":[\"Nouvelles\"],\"inLanguage\":\"fr-FR\"},{\"@type\":\"WebPage\",\"@id\":\"https:\\\/\\\/aleasoft.com\\\/fr\\\/marche-electricite-mibel-avec-prix-baisse-premier-semestre-2019-ligne-avec-reste-leurope\\\/\",\"url\":\"https:\\\/\\\/aleasoft.com\\\/fr\\\/marche-electricite-mibel-avec-prix-baisse-premier-semestre-2019-ligne-avec-reste-leurope\\\/\",\"name\":\"Le march\u00e9 de l'\u00e9lectricit\u00e9 MIBEL avec des prix en baisse au premier semestre 2019, en ligne avec le reste de l'Europe - AleaSoft Energy Forecasting\",\"isPartOf\":{\"@id\":\"https:\\\/\\\/aleasoft.com\\\/#website\"},\"primaryImageOfPage\":{\"@id\":\"https:\\\/\\\/aleasoft.com\\\/fr\\\/marche-electricite-mibel-avec-prix-baisse-premier-semestre-2019-ligne-avec-reste-leurope\\\/#primaryimage\"},\"image\":{\"@id\":\"https:\\\/\\\/aleasoft.com\\\/fr\\\/marche-electricite-mibel-avec-prix-baisse-premier-semestre-2019-ligne-avec-reste-leurope\\\/#primaryimage\"},\"thumbnailUrl\":\"https:\\\/\\\/aleasoft.com\\\/wp-content\\\/uploads\\\/2019\\\/07\\\/20190703-aleasoft-precio-mercado-electricidad-espaa-francia-portugal.png\",\"datePublished\":\"2019-07-02T22:00:00+00:00\",\"dateModified\":\"2022-05-19T03:39:37+00:00\",\"description\":\"Cette semaine, AleaSoft a r\u00e9alis\u00e9 l'analyse des march\u00e9s europ\u00e9ens de l'\u00e9lectricit\u00e9 au cours du dernier trimestre et du premier semestre de l'ann\u00e9e, dans laquelle la tendance g\u00e9n\u00e9rale \u00e9tait \u00e0 la baisse des prix.\",\"breadcrumb\":{\"@id\":\"https:\\\/\\\/aleasoft.com\\\/fr\\\/marche-electricite-mibel-avec-prix-baisse-premier-semestre-2019-ligne-avec-reste-leurope\\\/#breadcrumb\"},\"inLanguage\":\"fr-FR\",\"potentialAction\":[{\"@type\":\"ReadAction\",\"target\":[\"https:\\\/\\\/aleasoft.com\\\/fr\\\/marche-electricite-mibel-avec-prix-baisse-premier-semestre-2019-ligne-avec-reste-leurope\\\/\"]}]},{\"@type\":\"ImageObject\",\"inLanguage\":\"fr-FR\",\"@id\":\"https:\\\/\\\/aleasoft.com\\\/fr\\\/marche-electricite-mibel-avec-prix-baisse-premier-semestre-2019-ligne-avec-reste-leurope\\\/#primaryimage\",\"url\":\"https:\\\/\\\/aleasoft.com\\\/wp-content\\\/uploads\\\/2019\\\/07\\\/20190703-aleasoft-precio-mercado-electricidad-espaa-francia-portugal.png\",\"contentUrl\":\"https:\\\/\\\/aleasoft.com\\\/wp-content\\\/uploads\\\/2019\\\/07\\\/20190703-aleasoft-precio-mercado-electricidad-espaa-francia-portugal.png\",\"width\":2814,\"height\":1573},{\"@type\":\"BreadcrumbList\",\"@id\":\"https:\\\/\\\/aleasoft.com\\\/fr\\\/marche-electricite-mibel-avec-prix-baisse-premier-semestre-2019-ligne-avec-reste-leurope\\\/#breadcrumb\",\"itemListElement\":[{\"@type\":\"ListItem\",\"position\":1,\"name\":\"Home\",\"item\":\"https:\\\/\\\/aleasoft.com\\\/\"},{\"@type\":\"ListItem\",\"position\":2,\"name\":\"Le march\u00e9 de l&#8217;\u00e9lectricit\u00e9 MIBEL avec des prix en baisse au premier semestre 2019, en ligne avec le reste de l&#8217;Europe\"}]},{\"@type\":\"WebSite\",\"@id\":\"https:\\\/\\\/aleasoft.com\\\/#website\",\"url\":\"https:\\\/\\\/aleasoft.com\\\/\",\"name\":\"AleaSoft Energy Forecasting\",\"description\":\"Energy Forecasting\",\"publisher\":{\"@id\":\"https:\\\/\\\/aleasoft.com\\\/#organization\"},\"potentialAction\":[{\"@type\":\"SearchAction\",\"target\":{\"@type\":\"EntryPoint\",\"urlTemplate\":\"https:\\\/\\\/aleasoft.com\\\/?s={search_term_string}\"},\"query-input\":{\"@type\":\"PropertyValueSpecification\",\"valueRequired\":true,\"valueName\":\"search_term_string\"}}],\"inLanguage\":\"fr-FR\"},{\"@type\":\"Organization\",\"@id\":\"https:\\\/\\\/aleasoft.com\\\/#organization\",\"name\":\"AleaSoft Energy Forecasting\",\"url\":\"https:\\\/\\\/aleasoft.com\\\/\",\"logo\":{\"@type\":\"ImageObject\",\"inLanguage\":\"fr-FR\",\"@id\":\"https:\\\/\\\/aleasoft.com\\\/#\\\/schema\\\/logo\\\/image\\\/\",\"url\":\"https:\\\/\\\/aleasoft.com\\\/wp-content\\\/uploads\\\/2020\\\/01\\\/logo-alea-25.svg\",\"contentUrl\":\"https:\\\/\\\/aleasoft.com\\\/wp-content\\\/uploads\\\/2020\\\/01\\\/logo-alea-25.svg\",\"width\":7047,\"height\":1416,\"caption\":\"AleaSoft Energy Forecasting\"},\"image\":{\"@id\":\"https:\\\/\\\/aleasoft.com\\\/#\\\/schema\\\/logo\\\/image\\\/\"},\"sameAs\":[\"https:\\\/\\\/www.facebook.com\\\/AleaSoft\\\/\",\"https:\\\/\\\/x.com\\\/AleaSoftEnergy\",\"https:\\\/\\\/www.linkedin.com\\\/company\\\/aleasoft\\\/\"]},{\"@type\":\"Person\",\"@id\":\"https:\\\/\\\/aleasoft.com\\\/#\\\/schema\\\/person\\\/99ee8b0f2ecbd56ba78005c6b7864d67\",\"name\":\"AleaSoft Energy Forecasting\",\"image\":{\"@type\":\"ImageObject\",\"inLanguage\":\"fr-FR\",\"@id\":\"https:\\\/\\\/secure.gravatar.com\\\/avatar\\\/3ce8db70bda469bc8382df5990537888cf96f625c0fde5b0292ff5ab10560f88?s=96&d=mm&r=g\",\"url\":\"https:\\\/\\\/secure.gravatar.com\\\/avatar\\\/3ce8db70bda469bc8382df5990537888cf96f625c0fde5b0292ff5ab10560f88?s=96&d=mm&r=g\",\"contentUrl\":\"https:\\\/\\\/secure.gravatar.com\\\/avatar\\\/3ce8db70bda469bc8382df5990537888cf96f625c0fde5b0292ff5ab10560f88?s=96&d=mm&r=g\",\"caption\":\"AleaSoft Energy Forecasting\"},\"sameAs\":[\"http:\\\/\\\/aleasoft.com\"]}]}<\/script>\n<!-- \/ Yoast SEO Premium plugin. -->","yoast_head_json":{"title":"Le march\u00e9 de l'\u00e9lectricit\u00e9 MIBEL avec des prix en baisse au premier semestre 2019, en ligne avec le reste de l'Europe - AleaSoft Energy Forecasting","description":"Cette semaine, AleaSoft a r\u00e9alis\u00e9 l'analyse des march\u00e9s europ\u00e9ens de l'\u00e9lectricit\u00e9 au cours du dernier trimestre et du premier semestre de l'ann\u00e9e, dans laquelle la tendance g\u00e9n\u00e9rale \u00e9tait \u00e0 la baisse des prix.","robots":{"index":"index","follow":"follow","max-snippet":"max-snippet:-1","max-image-preview":"max-image-preview:large","max-video-preview":"max-video-preview:-1"},"canonical":"https:\/\/aleasoft.com\/fr\/marche-electricite-mibel-avec-prix-baisse-premier-semestre-2019-ligne-avec-reste-leurope\/","og_locale":"fr_FR","og_type":"article","og_title":"Le march\u00e9 de l'\u00e9lectricit\u00e9 MIBEL avec des prix en baisse au premier semestre 2019, en ligne avec le reste de l'Europe","og_description":"Cette semaine, AleaSoft a r\u00e9alis\u00e9 l'analyse des march\u00e9s europ\u00e9ens de l'\u00e9lectricit\u00e9 au cours du dernier trimestre et du premier semestre de l'ann\u00e9e, dans laquelle la tendance g\u00e9n\u00e9rale \u00e9tait \u00e0 la baisse des prix.","og_url":"https:\/\/aleasoft.com\/fr\/marche-electricite-mibel-avec-prix-baisse-premier-semestre-2019-ligne-avec-reste-leurope\/","og_site_name":"AleaSoft Energy Forecasting","article_publisher":"https:\/\/www.facebook.com\/AleaSoft\/","article_published_time":"2019-07-02T22:00:00+00:00","article_modified_time":"2022-05-19T03:39:37+00:00","og_image":[{"width":2814,"height":1573,"url":"https:\/\/aleasoft.com\/wp-content\/uploads\/2019\/07\/20190703-aleasoft-precio-mercado-electricidad-espaa-francia-portugal.png","type":"image\/png"}],"author":"AleaSoft Energy Forecasting","twitter_card":"summary_large_image","twitter_creator":"@AleaSoftEnergy","twitter_site":"@AleaSoftEnergy","twitter_misc":{"\u00c9crit par":"AleaSoft Energy Forecasting","Dur\u00e9e de lecture estim\u00e9e":"1 minute"},"schema":{"@context":"https:\/\/schema.org","@graph":[{"@type":"Article","@id":"https:\/\/aleasoft.com\/fr\/marche-electricite-mibel-avec-prix-baisse-premier-semestre-2019-ligne-avec-reste-leurope\/#article","isPartOf":{"@id":"https:\/\/aleasoft.com\/fr\/marche-electricite-mibel-avec-prix-baisse-premier-semestre-2019-ligne-avec-reste-leurope\/"},"author":{"name":"AleaSoft Energy Forecasting","@id":"https:\/\/aleasoft.com\/#\/schema\/person\/99ee8b0f2ecbd56ba78005c6b7864d67"},"headline":"Le march\u00e9 de l&rsquo;\u00e9lectricit\u00e9 MIBEL avec des prix en baisse au premier semestre 2019, en ligne avec le reste de l&rsquo;Europe","datePublished":"2019-07-02T22:00:00+00:00","dateModified":"2022-05-19T03:39:37+00:00","mainEntityOfPage":{"@id":"https:\/\/aleasoft.com\/fr\/marche-electricite-mibel-avec-prix-baisse-premier-semestre-2019-ligne-avec-reste-leurope\/"},"wordCount":112,"publisher":{"@id":"https:\/\/aleasoft.com\/#organization"},"image":{"@id":"https:\/\/aleasoft.com\/fr\/marche-electricite-mibel-avec-prix-baisse-premier-semestre-2019-ligne-avec-reste-leurope\/#primaryimage"},"thumbnailUrl":"https:\/\/aleasoft.com\/wp-content\/uploads\/2019\/07\/20190703-aleasoft-precio-mercado-electricidad-espaa-francia-portugal.png","keywords":["news","nouvelles"],"articleSection":["Nouvelles"],"inLanguage":"fr-FR"},{"@type":"WebPage","@id":"https:\/\/aleasoft.com\/fr\/marche-electricite-mibel-avec-prix-baisse-premier-semestre-2019-ligne-avec-reste-leurope\/","url":"https:\/\/aleasoft.com\/fr\/marche-electricite-mibel-avec-prix-baisse-premier-semestre-2019-ligne-avec-reste-leurope\/","name":"Le march\u00e9 de l'\u00e9lectricit\u00e9 MIBEL avec des prix en baisse au premier semestre 2019, en ligne avec le reste de l'Europe - AleaSoft Energy Forecasting","isPartOf":{"@id":"https:\/\/aleasoft.com\/#website"},"primaryImageOfPage":{"@id":"https:\/\/aleasoft.com\/fr\/marche-electricite-mibel-avec-prix-baisse-premier-semestre-2019-ligne-avec-reste-leurope\/#primaryimage"},"image":{"@id":"https:\/\/aleasoft.com\/fr\/marche-electricite-mibel-avec-prix-baisse-premier-semestre-2019-ligne-avec-reste-leurope\/#primaryimage"},"thumbnailUrl":"https:\/\/aleasoft.com\/wp-content\/uploads\/2019\/07\/20190703-aleasoft-precio-mercado-electricidad-espaa-francia-portugal.png","datePublished":"2019-07-02T22:00:00+00:00","dateModified":"2022-05-19T03:39:37+00:00","description":"Cette semaine, AleaSoft a r\u00e9alis\u00e9 l'analyse des march\u00e9s europ\u00e9ens de l'\u00e9lectricit\u00e9 au cours du dernier trimestre et du premier semestre de l'ann\u00e9e, dans laquelle la tendance g\u00e9n\u00e9rale \u00e9tait \u00e0 la baisse des prix.","breadcrumb":{"@id":"https:\/\/aleasoft.com\/fr\/marche-electricite-mibel-avec-prix-baisse-premier-semestre-2019-ligne-avec-reste-leurope\/#breadcrumb"},"inLanguage":"fr-FR","potentialAction":[{"@type":"ReadAction","target":["https:\/\/aleasoft.com\/fr\/marche-electricite-mibel-avec-prix-baisse-premier-semestre-2019-ligne-avec-reste-leurope\/"]}]},{"@type":"ImageObject","inLanguage":"fr-FR","@id":"https:\/\/aleasoft.com\/fr\/marche-electricite-mibel-avec-prix-baisse-premier-semestre-2019-ligne-avec-reste-leurope\/#primaryimage","url":"https:\/\/aleasoft.com\/wp-content\/uploads\/2019\/07\/20190703-aleasoft-precio-mercado-electricidad-espaa-francia-portugal.png","contentUrl":"https:\/\/aleasoft.com\/wp-content\/uploads\/2019\/07\/20190703-aleasoft-precio-mercado-electricidad-espaa-francia-portugal.png","width":2814,"height":1573},{"@type":"BreadcrumbList","@id":"https:\/\/aleasoft.com\/fr\/marche-electricite-mibel-avec-prix-baisse-premier-semestre-2019-ligne-avec-reste-leurope\/#breadcrumb","itemListElement":[{"@type":"ListItem","position":1,"name":"Home","item":"https:\/\/aleasoft.com\/"},{"@type":"ListItem","position":2,"name":"Le march\u00e9 de l&#8217;\u00e9lectricit\u00e9 MIBEL avec des prix en baisse au premier semestre 2019, en ligne avec le reste de l&#8217;Europe"}]},{"@type":"WebSite","@id":"https:\/\/aleasoft.com\/#website","url":"https:\/\/aleasoft.com\/","name":"AleaSoft Energy Forecasting","description":"Energy Forecasting","publisher":{"@id":"https:\/\/aleasoft.com\/#organization"},"potentialAction":[{"@type":"SearchAction","target":{"@type":"EntryPoint","urlTemplate":"https:\/\/aleasoft.com\/?s={search_term_string}"},"query-input":{"@type":"PropertyValueSpecification","valueRequired":true,"valueName":"search_term_string"}}],"inLanguage":"fr-FR"},{"@type":"Organization","@id":"https:\/\/aleasoft.com\/#organization","name":"AleaSoft Energy Forecasting","url":"https:\/\/aleasoft.com\/","logo":{"@type":"ImageObject","inLanguage":"fr-FR","@id":"https:\/\/aleasoft.com\/#\/schema\/logo\/image\/","url":"https:\/\/aleasoft.com\/wp-content\/uploads\/2020\/01\/logo-alea-25.svg","contentUrl":"https:\/\/aleasoft.com\/wp-content\/uploads\/2020\/01\/logo-alea-25.svg","width":7047,"height":1416,"caption":"AleaSoft Energy Forecasting"},"image":{"@id":"https:\/\/aleasoft.com\/#\/schema\/logo\/image\/"},"sameAs":["https:\/\/www.facebook.com\/AleaSoft\/","https:\/\/x.com\/AleaSoftEnergy","https:\/\/www.linkedin.com\/company\/aleasoft\/"]},{"@type":"Person","@id":"https:\/\/aleasoft.com\/#\/schema\/person\/99ee8b0f2ecbd56ba78005c6b7864d67","name":"AleaSoft Energy Forecasting","image":{"@type":"ImageObject","inLanguage":"fr-FR","@id":"https:\/\/secure.gravatar.com\/avatar\/3ce8db70bda469bc8382df5990537888cf96f625c0fde5b0292ff5ab10560f88?s=96&d=mm&r=g","url":"https:\/\/secure.gravatar.com\/avatar\/3ce8db70bda469bc8382df5990537888cf96f625c0fde5b0292ff5ab10560f88?s=96&d=mm&r=g","contentUrl":"https:\/\/secure.gravatar.com\/avatar\/3ce8db70bda469bc8382df5990537888cf96f625c0fde5b0292ff5ab10560f88?s=96&d=mm&r=g","caption":"AleaSoft Energy Forecasting"},"sameAs":["http:\/\/aleasoft.com"]}]}},"_links":{"self":[{"href":"https:\/\/aleasoft.com\/fr\/wp-json\/wp\/v2\/posts\/78589","targetHints":{"allow":["GET"]}}],"collection":[{"href":"https:\/\/aleasoft.com\/fr\/wp-json\/wp\/v2\/posts"}],"about":[{"href":"https:\/\/aleasoft.com\/fr\/wp-json\/wp\/v2\/types\/post"}],"author":[{"embeddable":true,"href":"https:\/\/aleasoft.com\/fr\/wp-json\/wp\/v2\/users\/1"}],"replies":[{"embeddable":true,"href":"https:\/\/aleasoft.com\/fr\/wp-json\/wp\/v2\/comments?post=78589"}],"version-history":[{"count":0,"href":"https:\/\/aleasoft.com\/fr\/wp-json\/wp\/v2\/posts\/78589\/revisions"}],"wp:featuredmedia":[{"embeddable":true,"href":"https:\/\/aleasoft.com\/fr\/wp-json\/wp\/v2\/media\/69616"}],"wp:attachment":[{"href":"https:\/\/aleasoft.com\/fr\/wp-json\/wp\/v2\/media?parent=78589"}],"wp:term":[{"taxonomy":"category","embeddable":true,"href":"https:\/\/aleasoft.com\/fr\/wp-json\/wp\/v2\/categories?post=78589"},{"taxonomy":"post_tag","embeddable":true,"href":"https:\/\/aleasoft.com\/fr\/wp-json\/wp\/v2\/tags?post=78589"}],"curies":[{"name":"wp","href":"https:\/\/api.w.org\/{rel}","templated":true}]}}