{"id":78591,"date":"2019-07-08T00:00:00","date_gmt":"2019-07-07T22:00:00","guid":{"rendered":"https:\/\/aleasoft.com\/marches-europeens-electricite-evoluent-rythme-different-semaine-derniere\/"},"modified":"2022-05-18T15:59:29","modified_gmt":"2022-05-18T13:59:29","slug":"marches-europeens-electricite-evoluent-rythme-different-semaine-derniere","status":"publish","type":"post","link":"https:\/\/aleasoft.com\/fr\/marches-europeens-electricite-evoluent-rythme-different-semaine-derniere\/","title":{"rendered":"Les march\u00e9s europ\u00e9ens de l&rsquo;\u00e9lectricit\u00e9 \u00e9voluent \u00e0 un rythme diff\u00e9rent la semaine derni\u00e8re"},"content":{"rendered":"<a href='https:\/\/aleasoft.com\/fr\/cas-previsions\/services-ppa-synergies\/' class='alea-banner-link' data-alea-gtm-event-category='banner-horizontal' data-alea-gtm-event-label='ppa'><img class='alignright' src='https:\/\/aleasoft.com\/wp-content\/uploads\/2021\/06\/banners_ppa_fr.jpg' alt='Offre de pr\u00e9visions de prix \u00e0 long terme pour PPA' style=''\/><\/a>\n<p><iframe style=\"border: none; overflow: hidden;\" src=\"https:\/\/www.facebook.com\/plugins\/like.php?href=https%3A%2F%2Faleasoft.com%2Feuropes-electricity-markets-move-at-different-pace-during-last-week%2F&amp;width=76&amp;layout=box_count&amp;action=like&amp;size=small&amp;show_faces=true&amp;share=true&amp;height=65&amp;locale=fr_FR\" width=\"76\" height=\"65\" frameborder=\"0\" scrolling=\"no\"><\/iframe><br \/>\n<strong style=\"display: block; margin-top: 70px;\">AleaSoft, 8 juillet 2019. AleaSoft analyse les prix sur les march\u00e9s des carburants, les droits d&rsquo;\u00e9mission de CO2, les march\u00e9s europ\u00e9ens de l&rsquo;\u00e9lectricit\u00e9 et la production \u00e0 l&rsquo;aide d&rsquo;\u00e9nergies renouvelables au cours de la premi\u00e8re semaine de juillet. Au cours de cette semaine, les march\u00e9s europ\u00e9ens de l&rsquo;\u00e9lectricit\u00e9 ont \u00e9volu\u00e9 \u00e0 un rythme diff\u00e9rent: sur les march\u00e9s du centre-sud de l&rsquo;Europe, les prix ont augment\u00e9 par rapport \u00e0 la derni\u00e8re semaine de juin et sur les march\u00e9s des pays situ\u00e9s plus au nord, les prix ont baiss\u00e9.<\/strong><\/p>\n<p><a href=\"https:\/\/aleasoft.com\/europes-electricity-markets-move-at-different-pace-during-last-week\/\">Nouvelle en anglais<\/a><\/p>\n","protected":false},"excerpt":{"rendered":"<p>AleaSoft, 8 juillet 2019. AleaSoft analyse les prix sur les march\u00e9s des carburants, les droits d&rsquo;\u00e9mission de CO2, les march\u00e9s europ\u00e9ens de l&rsquo;\u00e9lectricit\u00e9 et la production \u00e0 l&rsquo;aide d&rsquo;\u00e9nergies renouvelables au cours de la premi\u00e8re semaine de juillet. Au cours de cette semaine, les march\u00e9s europ\u00e9ens de l&rsquo;\u00e9lectricit\u00e9 ont \u00e9volu\u00e9 \u00e0 un rythme diff\u00e9rent: sur [&hellip;]<\/p>\n","protected":false},"author":1,"featured_media":69761,"comment_status":"closed","ping_status":"closed","sticky":false,"template":"","format":"standard","meta":{"footnotes":""},"categories":[30],"tags":[628],"class_list":["post-78591","post","type-post","status-publish","format-standard","has-post-thumbnail","hentry","category-nouvelles","tag-nouvelles"],"yoast_head":"<!-- This site is optimized with the Yoast SEO Premium plugin v27.4 (Yoast SEO v27.4) - https:\/\/yoast.com\/product\/yoast-seo-premium-wordpress\/ -->\n<title>Les march\u00e9s europ\u00e9ens de l&#039;\u00e9lectricit\u00e9 \u00e9voluent \u00e0 un rythme diff\u00e9rent la semaine derni\u00e8re - AleaSoft Energy Forecasting<\/title>\n<meta name=\"description\" content=\"AleaSoft analyse les prix sur les march\u00e9s des carburants, les droits d&#039;\u00e9mission de CO2, les march\u00e9s europ\u00e9ens de l&#039;\u00e9lectricit\u00e9 et la production \u00e0 l&#039;aide d&#039;\u00e9nergies renouvelables au cours de la premi\u00e8re semaine de juillet. Au cours de cette semaine, les march\u00e9s europ\u00e9ens de l&#039;\u00e9lectricit\u00e9 ont \u00e9volu\u00e9 \u00e0 un rythme diff\u00e9rent: sur les march\u00e9s du centre-sud de l&#039;Europe, les prix ont augment\u00e9 par rapport \u00e0 la derni\u00e8re semaine de juin et sur les march\u00e9s des pays situ\u00e9s plus au nord, les prix ont baiss\u00e9.\" \/>\n<meta name=\"robots\" content=\"index, follow, max-snippet:-1, max-image-preview:large, max-video-preview:-1\" \/>\n<link rel=\"canonical\" href=\"https:\/\/aleasoft.com\/fr\/marches-europeens-electricite-evoluent-rythme-different-semaine-derniere\/\" \/>\n<meta property=\"og:locale\" content=\"fr_FR\" \/>\n<meta property=\"og:type\" content=\"article\" \/>\n<meta property=\"og:title\" content=\"Les march\u00e9s europ\u00e9ens de l&#039;\u00e9lectricit\u00e9 \u00e9voluent \u00e0 un rythme diff\u00e9rent la semaine derni\u00e8re\" \/>\n<meta property=\"og:description\" content=\"AleaSoft analyse les prix sur les march\u00e9s des carburants, les droits d&#039;\u00e9mission de CO2, les march\u00e9s europ\u00e9ens de l&#039;\u00e9lectricit\u00e9 et la production \u00e0 l&#039;aide d&#039;\u00e9nergies renouvelables au cours de la premi\u00e8re semaine de juillet. Au cours de cette semaine, les march\u00e9s europ\u00e9ens de l&#039;\u00e9lectricit\u00e9 ont \u00e9volu\u00e9 \u00e0 un rythme diff\u00e9rent: sur les march\u00e9s du centre-sud de l&#039;Europe, les prix ont augment\u00e9 par rapport \u00e0 la derni\u00e8re semaine de juin et sur les march\u00e9s des pays situ\u00e9s plus au nord, les prix ont baiss\u00e9.\" \/>\n<meta property=\"og:url\" content=\"https:\/\/aleasoft.com\/fr\/marches-europeens-electricite-evoluent-rythme-different-semaine-derniere\/\" \/>\n<meta property=\"og:site_name\" content=\"AleaSoft Energy Forecasting\" \/>\n<meta property=\"article:publisher\" content=\"https:\/\/www.facebook.com\/AleaSoft\/\" \/>\n<meta property=\"article:published_time\" content=\"2019-07-07T22:00:00+00:00\" \/>\n<meta property=\"article:modified_time\" content=\"2022-05-18T13:59:29+00:00\" \/>\n<meta name=\"author\" content=\"AleaSoft Energy Forecasting\" \/>\n<meta name=\"twitter:card\" content=\"summary_large_image\" \/>\n<meta name=\"twitter:creator\" content=\"@AleaSoftEnergy\" \/>\n<meta name=\"twitter:site\" content=\"@AleaSoftEnergy\" \/>\n<meta name=\"twitter:label1\" content=\"\u00c9crit par\" \/>\n\t<meta name=\"twitter:data1\" content=\"AleaSoft Energy Forecasting\" \/>\n\t<meta name=\"twitter:label2\" content=\"Dur\u00e9e de lecture estim\u00e9e\" \/>\n\t<meta name=\"twitter:data2\" content=\"1 minute\" \/>\n<script type=\"application\/ld+json\" class=\"yoast-schema-graph\">{\"@context\":\"https:\\\/\\\/schema.org\",\"@graph\":[{\"@type\":\"Article\",\"@id\":\"https:\\\/\\\/aleasoft.com\\\/fr\\\/marches-europeens-electricite-evoluent-rythme-different-semaine-derniere\\\/#article\",\"isPartOf\":{\"@id\":\"https:\\\/\\\/aleasoft.com\\\/fr\\\/marches-europeens-electricite-evoluent-rythme-different-semaine-derniere\\\/\"},\"author\":{\"name\":\"AleaSoft Energy Forecasting\",\"@id\":\"https:\\\/\\\/aleasoft.com\\\/#\\\/schema\\\/person\\\/99ee8b0f2ecbd56ba78005c6b7864d67\"},\"headline\":\"Les march\u00e9s europ\u00e9ens de l&rsquo;\u00e9lectricit\u00e9 \u00e9voluent \u00e0 un rythme diff\u00e9rent la semaine derni\u00e8re\",\"datePublished\":\"2019-07-07T22:00:00+00:00\",\"dateModified\":\"2022-05-18T13:59:29+00:00\",\"mainEntityOfPage\":{\"@id\":\"https:\\\/\\\/aleasoft.com\\\/fr\\\/marches-europeens-electricite-evoluent-rythme-different-semaine-derniere\\\/\"},\"wordCount\":119,\"publisher\":{\"@id\":\"https:\\\/\\\/aleasoft.com\\\/#organization\"},\"image\":{\"@id\":\"https:\\\/\\\/aleasoft.com\\\/fr\\\/marches-europeens-electricite-evoluent-rythme-different-semaine-derniere\\\/#primaryimage\"},\"thumbnailUrl\":\"https:\\\/\\\/aleasoft.com\\\/wp-content\\\/uploads\\\/2019\\\/07\\\/20190708-aleasoft-produccion-eolica-electricidad-europa.png\",\"keywords\":[\"nouvelles\"],\"articleSection\":[\"Nouvelles\"],\"inLanguage\":\"fr-FR\"},{\"@type\":\"WebPage\",\"@id\":\"https:\\\/\\\/aleasoft.com\\\/fr\\\/marches-europeens-electricite-evoluent-rythme-different-semaine-derniere\\\/\",\"url\":\"https:\\\/\\\/aleasoft.com\\\/fr\\\/marches-europeens-electricite-evoluent-rythme-different-semaine-derniere\\\/\",\"name\":\"Les march\u00e9s europ\u00e9ens de l'\u00e9lectricit\u00e9 \u00e9voluent \u00e0 un rythme diff\u00e9rent la semaine derni\u00e8re - AleaSoft Energy Forecasting\",\"isPartOf\":{\"@id\":\"https:\\\/\\\/aleasoft.com\\\/#website\"},\"primaryImageOfPage\":{\"@id\":\"https:\\\/\\\/aleasoft.com\\\/fr\\\/marches-europeens-electricite-evoluent-rythme-different-semaine-derniere\\\/#primaryimage\"},\"image\":{\"@id\":\"https:\\\/\\\/aleasoft.com\\\/fr\\\/marches-europeens-electricite-evoluent-rythme-different-semaine-derniere\\\/#primaryimage\"},\"thumbnailUrl\":\"https:\\\/\\\/aleasoft.com\\\/wp-content\\\/uploads\\\/2019\\\/07\\\/20190708-aleasoft-produccion-eolica-electricidad-europa.png\",\"datePublished\":\"2019-07-07T22:00:00+00:00\",\"dateModified\":\"2022-05-18T13:59:29+00:00\",\"description\":\"AleaSoft analyse les prix sur les march\u00e9s des carburants, les droits d'\u00e9mission de CO2, les march\u00e9s europ\u00e9ens de l'\u00e9lectricit\u00e9 et la production \u00e0 l'aide d'\u00e9nergies renouvelables au cours de la premi\u00e8re semaine de juillet. Au cours de cette semaine, les march\u00e9s europ\u00e9ens de l'\u00e9lectricit\u00e9 ont \u00e9volu\u00e9 \u00e0 un rythme diff\u00e9rent: sur les march\u00e9s du centre-sud de l'Europe, les prix ont augment\u00e9 par rapport \u00e0 la derni\u00e8re semaine de juin et sur les march\u00e9s des pays situ\u00e9s plus au nord, les prix ont baiss\u00e9.\",\"breadcrumb\":{\"@id\":\"https:\\\/\\\/aleasoft.com\\\/fr\\\/marches-europeens-electricite-evoluent-rythme-different-semaine-derniere\\\/#breadcrumb\"},\"inLanguage\":\"fr-FR\",\"potentialAction\":[{\"@type\":\"ReadAction\",\"target\":[\"https:\\\/\\\/aleasoft.com\\\/fr\\\/marches-europeens-electricite-evoluent-rythme-different-semaine-derniere\\\/\"]}]},{\"@type\":\"ImageObject\",\"inLanguage\":\"fr-FR\",\"@id\":\"https:\\\/\\\/aleasoft.com\\\/fr\\\/marches-europeens-electricite-evoluent-rythme-different-semaine-derniere\\\/#primaryimage\",\"url\":\"https:\\\/\\\/aleasoft.com\\\/wp-content\\\/uploads\\\/2019\\\/07\\\/20190708-aleasoft-produccion-eolica-electricidad-europa.png\",\"contentUrl\":\"https:\\\/\\\/aleasoft.com\\\/wp-content\\\/uploads\\\/2019\\\/07\\\/20190708-aleasoft-produccion-eolica-electricidad-europa.png\",\"width\":1157,\"height\":805},{\"@type\":\"BreadcrumbList\",\"@id\":\"https:\\\/\\\/aleasoft.com\\\/fr\\\/marches-europeens-electricite-evoluent-rythme-different-semaine-derniere\\\/#breadcrumb\",\"itemListElement\":[{\"@type\":\"ListItem\",\"position\":1,\"name\":\"Home\",\"item\":\"https:\\\/\\\/aleasoft.com\\\/\"},{\"@type\":\"ListItem\",\"position\":2,\"name\":\"Les march\u00e9s europ\u00e9ens de l&#8217;\u00e9lectricit\u00e9 \u00e9voluent \u00e0 un rythme diff\u00e9rent la semaine derni\u00e8re\"}]},{\"@type\":\"WebSite\",\"@id\":\"https:\\\/\\\/aleasoft.com\\\/#website\",\"url\":\"https:\\\/\\\/aleasoft.com\\\/\",\"name\":\"AleaSoft Energy Forecasting\",\"description\":\"Energy Forecasting\",\"publisher\":{\"@id\":\"https:\\\/\\\/aleasoft.com\\\/#organization\"},\"potentialAction\":[{\"@type\":\"SearchAction\",\"target\":{\"@type\":\"EntryPoint\",\"urlTemplate\":\"https:\\\/\\\/aleasoft.com\\\/?s={search_term_string}\"},\"query-input\":{\"@type\":\"PropertyValueSpecification\",\"valueRequired\":true,\"valueName\":\"search_term_string\"}}],\"inLanguage\":\"fr-FR\"},{\"@type\":\"Organization\",\"@id\":\"https:\\\/\\\/aleasoft.com\\\/#organization\",\"name\":\"AleaSoft Energy Forecasting\",\"url\":\"https:\\\/\\\/aleasoft.com\\\/\",\"logo\":{\"@type\":\"ImageObject\",\"inLanguage\":\"fr-FR\",\"@id\":\"https:\\\/\\\/aleasoft.com\\\/#\\\/schema\\\/logo\\\/image\\\/\",\"url\":\"https:\\\/\\\/aleasoft.com\\\/wp-content\\\/uploads\\\/2020\\\/01\\\/logo-alea-25.svg\",\"contentUrl\":\"https:\\\/\\\/aleasoft.com\\\/wp-content\\\/uploads\\\/2020\\\/01\\\/logo-alea-25.svg\",\"width\":7047,\"height\":1416,\"caption\":\"AleaSoft Energy Forecasting\"},\"image\":{\"@id\":\"https:\\\/\\\/aleasoft.com\\\/#\\\/schema\\\/logo\\\/image\\\/\"},\"sameAs\":[\"https:\\\/\\\/www.facebook.com\\\/AleaSoft\\\/\",\"https:\\\/\\\/x.com\\\/AleaSoftEnergy\",\"https:\\\/\\\/www.linkedin.com\\\/company\\\/aleasoft\\\/\"]},{\"@type\":\"Person\",\"@id\":\"https:\\\/\\\/aleasoft.com\\\/#\\\/schema\\\/person\\\/99ee8b0f2ecbd56ba78005c6b7864d67\",\"name\":\"AleaSoft Energy Forecasting\",\"image\":{\"@type\":\"ImageObject\",\"inLanguage\":\"fr-FR\",\"@id\":\"https:\\\/\\\/secure.gravatar.com\\\/avatar\\\/3ce8db70bda469bc8382df5990537888cf96f625c0fde5b0292ff5ab10560f88?s=96&d=mm&r=g\",\"url\":\"https:\\\/\\\/secure.gravatar.com\\\/avatar\\\/3ce8db70bda469bc8382df5990537888cf96f625c0fde5b0292ff5ab10560f88?s=96&d=mm&r=g\",\"contentUrl\":\"https:\\\/\\\/secure.gravatar.com\\\/avatar\\\/3ce8db70bda469bc8382df5990537888cf96f625c0fde5b0292ff5ab10560f88?s=96&d=mm&r=g\",\"caption\":\"AleaSoft Energy Forecasting\"},\"sameAs\":[\"http:\\\/\\\/aleasoft.com\"]}]}<\/script>\n<!-- \/ Yoast SEO Premium plugin. -->","yoast_head_json":{"title":"Les march\u00e9s europ\u00e9ens de l'\u00e9lectricit\u00e9 \u00e9voluent \u00e0 un rythme diff\u00e9rent la semaine derni\u00e8re - AleaSoft Energy Forecasting","description":"AleaSoft analyse les prix sur les march\u00e9s des carburants, les droits d'\u00e9mission de CO2, les march\u00e9s europ\u00e9ens de l'\u00e9lectricit\u00e9 et la production \u00e0 l'aide d'\u00e9nergies renouvelables au cours de la premi\u00e8re semaine de juillet. Au cours de cette semaine, les march\u00e9s europ\u00e9ens de l'\u00e9lectricit\u00e9 ont \u00e9volu\u00e9 \u00e0 un rythme diff\u00e9rent: sur les march\u00e9s du centre-sud de l'Europe, les prix ont augment\u00e9 par rapport \u00e0 la derni\u00e8re semaine de juin et sur les march\u00e9s des pays situ\u00e9s plus au nord, les prix ont baiss\u00e9.","robots":{"index":"index","follow":"follow","max-snippet":"max-snippet:-1","max-image-preview":"max-image-preview:large","max-video-preview":"max-video-preview:-1"},"canonical":"https:\/\/aleasoft.com\/fr\/marches-europeens-electricite-evoluent-rythme-different-semaine-derniere\/","og_locale":"fr_FR","og_type":"article","og_title":"Les march\u00e9s europ\u00e9ens de l'\u00e9lectricit\u00e9 \u00e9voluent \u00e0 un rythme diff\u00e9rent la semaine derni\u00e8re","og_description":"AleaSoft analyse les prix sur les march\u00e9s des carburants, les droits d'\u00e9mission de CO2, les march\u00e9s europ\u00e9ens de l'\u00e9lectricit\u00e9 et la production \u00e0 l'aide d'\u00e9nergies renouvelables au cours de la premi\u00e8re semaine de juillet. Au cours de cette semaine, les march\u00e9s europ\u00e9ens de l'\u00e9lectricit\u00e9 ont \u00e9volu\u00e9 \u00e0 un rythme diff\u00e9rent: sur les march\u00e9s du centre-sud de l'Europe, les prix ont augment\u00e9 par rapport \u00e0 la derni\u00e8re semaine de juin et sur les march\u00e9s des pays situ\u00e9s plus au nord, les prix ont baiss\u00e9.","og_url":"https:\/\/aleasoft.com\/fr\/marches-europeens-electricite-evoluent-rythme-different-semaine-derniere\/","og_site_name":"AleaSoft Energy Forecasting","article_publisher":"https:\/\/www.facebook.com\/AleaSoft\/","article_published_time":"2019-07-07T22:00:00+00:00","article_modified_time":"2022-05-18T13:59:29+00:00","author":"AleaSoft Energy Forecasting","twitter_card":"summary_large_image","twitter_creator":"@AleaSoftEnergy","twitter_site":"@AleaSoftEnergy","twitter_misc":{"\u00c9crit par":"AleaSoft Energy Forecasting","Dur\u00e9e de lecture estim\u00e9e":"1 minute"},"schema":{"@context":"https:\/\/schema.org","@graph":[{"@type":"Article","@id":"https:\/\/aleasoft.com\/fr\/marches-europeens-electricite-evoluent-rythme-different-semaine-derniere\/#article","isPartOf":{"@id":"https:\/\/aleasoft.com\/fr\/marches-europeens-electricite-evoluent-rythme-different-semaine-derniere\/"},"author":{"name":"AleaSoft Energy Forecasting","@id":"https:\/\/aleasoft.com\/#\/schema\/person\/99ee8b0f2ecbd56ba78005c6b7864d67"},"headline":"Les march\u00e9s europ\u00e9ens de l&rsquo;\u00e9lectricit\u00e9 \u00e9voluent \u00e0 un rythme diff\u00e9rent la semaine derni\u00e8re","datePublished":"2019-07-07T22:00:00+00:00","dateModified":"2022-05-18T13:59:29+00:00","mainEntityOfPage":{"@id":"https:\/\/aleasoft.com\/fr\/marches-europeens-electricite-evoluent-rythme-different-semaine-derniere\/"},"wordCount":119,"publisher":{"@id":"https:\/\/aleasoft.com\/#organization"},"image":{"@id":"https:\/\/aleasoft.com\/fr\/marches-europeens-electricite-evoluent-rythme-different-semaine-derniere\/#primaryimage"},"thumbnailUrl":"https:\/\/aleasoft.com\/wp-content\/uploads\/2019\/07\/20190708-aleasoft-produccion-eolica-electricidad-europa.png","keywords":["nouvelles"],"articleSection":["Nouvelles"],"inLanguage":"fr-FR"},{"@type":"WebPage","@id":"https:\/\/aleasoft.com\/fr\/marches-europeens-electricite-evoluent-rythme-different-semaine-derniere\/","url":"https:\/\/aleasoft.com\/fr\/marches-europeens-electricite-evoluent-rythme-different-semaine-derniere\/","name":"Les march\u00e9s europ\u00e9ens de l'\u00e9lectricit\u00e9 \u00e9voluent \u00e0 un rythme diff\u00e9rent la semaine derni\u00e8re - AleaSoft Energy Forecasting","isPartOf":{"@id":"https:\/\/aleasoft.com\/#website"},"primaryImageOfPage":{"@id":"https:\/\/aleasoft.com\/fr\/marches-europeens-electricite-evoluent-rythme-different-semaine-derniere\/#primaryimage"},"image":{"@id":"https:\/\/aleasoft.com\/fr\/marches-europeens-electricite-evoluent-rythme-different-semaine-derniere\/#primaryimage"},"thumbnailUrl":"https:\/\/aleasoft.com\/wp-content\/uploads\/2019\/07\/20190708-aleasoft-produccion-eolica-electricidad-europa.png","datePublished":"2019-07-07T22:00:00+00:00","dateModified":"2022-05-18T13:59:29+00:00","description":"AleaSoft analyse les prix sur les march\u00e9s des carburants, les droits d'\u00e9mission de CO2, les march\u00e9s europ\u00e9ens de l'\u00e9lectricit\u00e9 et la production \u00e0 l'aide d'\u00e9nergies renouvelables au cours de la premi\u00e8re semaine de juillet. Au cours de cette semaine, les march\u00e9s europ\u00e9ens de l'\u00e9lectricit\u00e9 ont \u00e9volu\u00e9 \u00e0 un rythme diff\u00e9rent: sur les march\u00e9s du centre-sud de l'Europe, les prix ont augment\u00e9 par rapport \u00e0 la derni\u00e8re semaine de juin et sur les march\u00e9s des pays situ\u00e9s plus au nord, les prix ont baiss\u00e9.","breadcrumb":{"@id":"https:\/\/aleasoft.com\/fr\/marches-europeens-electricite-evoluent-rythme-different-semaine-derniere\/#breadcrumb"},"inLanguage":"fr-FR","potentialAction":[{"@type":"ReadAction","target":["https:\/\/aleasoft.com\/fr\/marches-europeens-electricite-evoluent-rythme-different-semaine-derniere\/"]}]},{"@type":"ImageObject","inLanguage":"fr-FR","@id":"https:\/\/aleasoft.com\/fr\/marches-europeens-electricite-evoluent-rythme-different-semaine-derniere\/#primaryimage","url":"https:\/\/aleasoft.com\/wp-content\/uploads\/2019\/07\/20190708-aleasoft-produccion-eolica-electricidad-europa.png","contentUrl":"https:\/\/aleasoft.com\/wp-content\/uploads\/2019\/07\/20190708-aleasoft-produccion-eolica-electricidad-europa.png","width":1157,"height":805},{"@type":"BreadcrumbList","@id":"https:\/\/aleasoft.com\/fr\/marches-europeens-electricite-evoluent-rythme-different-semaine-derniere\/#breadcrumb","itemListElement":[{"@type":"ListItem","position":1,"name":"Home","item":"https:\/\/aleasoft.com\/"},{"@type":"ListItem","position":2,"name":"Les march\u00e9s europ\u00e9ens de l&#8217;\u00e9lectricit\u00e9 \u00e9voluent \u00e0 un rythme diff\u00e9rent la semaine derni\u00e8re"}]},{"@type":"WebSite","@id":"https:\/\/aleasoft.com\/#website","url":"https:\/\/aleasoft.com\/","name":"AleaSoft Energy Forecasting","description":"Energy Forecasting","publisher":{"@id":"https:\/\/aleasoft.com\/#organization"},"potentialAction":[{"@type":"SearchAction","target":{"@type":"EntryPoint","urlTemplate":"https:\/\/aleasoft.com\/?s={search_term_string}"},"query-input":{"@type":"PropertyValueSpecification","valueRequired":true,"valueName":"search_term_string"}}],"inLanguage":"fr-FR"},{"@type":"Organization","@id":"https:\/\/aleasoft.com\/#organization","name":"AleaSoft Energy Forecasting","url":"https:\/\/aleasoft.com\/","logo":{"@type":"ImageObject","inLanguage":"fr-FR","@id":"https:\/\/aleasoft.com\/#\/schema\/logo\/image\/","url":"https:\/\/aleasoft.com\/wp-content\/uploads\/2020\/01\/logo-alea-25.svg","contentUrl":"https:\/\/aleasoft.com\/wp-content\/uploads\/2020\/01\/logo-alea-25.svg","width":7047,"height":1416,"caption":"AleaSoft Energy Forecasting"},"image":{"@id":"https:\/\/aleasoft.com\/#\/schema\/logo\/image\/"},"sameAs":["https:\/\/www.facebook.com\/AleaSoft\/","https:\/\/x.com\/AleaSoftEnergy","https:\/\/www.linkedin.com\/company\/aleasoft\/"]},{"@type":"Person","@id":"https:\/\/aleasoft.com\/#\/schema\/person\/99ee8b0f2ecbd56ba78005c6b7864d67","name":"AleaSoft Energy Forecasting","image":{"@type":"ImageObject","inLanguage":"fr-FR","@id":"https:\/\/secure.gravatar.com\/avatar\/3ce8db70bda469bc8382df5990537888cf96f625c0fde5b0292ff5ab10560f88?s=96&d=mm&r=g","url":"https:\/\/secure.gravatar.com\/avatar\/3ce8db70bda469bc8382df5990537888cf96f625c0fde5b0292ff5ab10560f88?s=96&d=mm&r=g","contentUrl":"https:\/\/secure.gravatar.com\/avatar\/3ce8db70bda469bc8382df5990537888cf96f625c0fde5b0292ff5ab10560f88?s=96&d=mm&r=g","caption":"AleaSoft Energy Forecasting"},"sameAs":["http:\/\/aleasoft.com"]}]}},"_links":{"self":[{"href":"https:\/\/aleasoft.com\/fr\/wp-json\/wp\/v2\/posts\/78591","targetHints":{"allow":["GET"]}}],"collection":[{"href":"https:\/\/aleasoft.com\/fr\/wp-json\/wp\/v2\/posts"}],"about":[{"href":"https:\/\/aleasoft.com\/fr\/wp-json\/wp\/v2\/types\/post"}],"author":[{"embeddable":true,"href":"https:\/\/aleasoft.com\/fr\/wp-json\/wp\/v2\/users\/1"}],"replies":[{"embeddable":true,"href":"https:\/\/aleasoft.com\/fr\/wp-json\/wp\/v2\/comments?post=78591"}],"version-history":[{"count":0,"href":"https:\/\/aleasoft.com\/fr\/wp-json\/wp\/v2\/posts\/78591\/revisions"}],"wp:featuredmedia":[{"embeddable":true,"href":"https:\/\/aleasoft.com\/fr\/wp-json\/wp\/v2\/media\/69761"}],"wp:attachment":[{"href":"https:\/\/aleasoft.com\/fr\/wp-json\/wp\/v2\/media?parent=78591"}],"wp:term":[{"taxonomy":"category","embeddable":true,"href":"https:\/\/aleasoft.com\/fr\/wp-json\/wp\/v2\/categories?post=78591"},{"taxonomy":"post_tag","embeddable":true,"href":"https:\/\/aleasoft.com\/fr\/wp-json\/wp\/v2\/tags?post=78591"}],"curies":[{"name":"wp","href":"https:\/\/api.w.org\/{rel}","templated":true}]}}