{"id":135576,"date":"2023-07-04T17:14:01","date_gmt":"2023-07-04T15:14:01","guid":{"rendered":"https:\/\/aleasoft.com\/?p=135576"},"modified":"2023-07-10T18:49:27","modified_gmt":"2023-07-10T16:49:27","slug":"calo-gas-laumento-rinnovabili-guidano-calo-prezzi-mercati-elettrici-europei-prima-meta-2023","status":"publish","type":"post","link":"https:\/\/aleasoft.com\/it\/calo-gas-laumento-rinnovabili-guidano-calo-prezzi-mercati-elettrici-europei-prima-meta-2023\/","title":{"rendered":"Il calo del gas e l&#8217;aumento delle rinnovabili guidano il calo dei prezzi nei mercati elettrici europei nella prima met\u00e0 del 2023"},"content":{"rendered":"<p><strong>AleaSoft Energy Forecasting, 4 luglio 2023. Nella prima met\u00e0 del 2023 i prezzi medi dei mercati elettrici europei sono scesi, toccando i minimi dalla seconda met\u00e0 del 2021. Le cause fondamentali di questi cali sono la diminuzione dei prezzi del gas e domanda di elettricit\u00e0 in alcuni mercati, cos\u00ec come la produzione rinnovabile che \u00e8 aumentata nella maggior parte dei mercati. La produzione solare fotovoltaica del semestre \u00e8 stata un record nei mercati del sud Europa e l&#8217;eolico in Spagna e Francia.<\/strong><\/p>\n<a style='color:#0047c8;' href='https:\/\/aleasoft.com\/calo-gas-laumento-rinnovabili-guidano-calo-prezzi-mercati-elettrici-europei-prima-meta-2023\/'>Notizie in inglese<\/a>\n","protected":false},"excerpt":{"rendered":"<p>AleaSoft Energy Forecasting, 4 luglio 2023. Nella prima met\u00e0 del 2023 i prezzi medi dei mercati elettrici europei sono scesi, toccando i minimi dalla seconda met\u00e0 del 2021. Le cause fondamentali di questi cali sono la diminuzione dei prezzi del gas e domanda di elettricit\u00e0 in alcuni mercati, cos\u00ec come la produzione rinnovabile che \u00e8 [&hellip;]<\/p>\n","protected":false},"author":3,"featured_media":135348,"comment_status":"closed","ping_status":"closed","sticky":false,"template":"","format":"standard","meta":{"footnotes":""},"categories":[34],"tags":[7512],"class_list":["post-135576","post","type-post","status-publish","format-standard","has-post-thumbnail","hentry","category-notizie","tag-analisi-mercato"],"yoast_head":"<!-- This site is optimized with the Yoast SEO Premium plugin v27.4 (Yoast SEO v27.5) - https:\/\/yoast.com\/product\/yoast-seo-premium-wordpress\/ -->\n<title>Il calo del gas e l&#039;aumento delle rinnovabili guidano il calo dei prezzi nei mercati elettrici europei nella prima met\u00e0 del 2023 - AleaSoft Energy Forecasting<\/title>\n<meta name=\"robots\" content=\"index, follow, max-snippet:-1, max-image-preview:large, max-video-preview:-1\" \/>\n<link rel=\"canonical\" href=\"https:\/\/aleasoft.com\/it\/calo-gas-laumento-rinnovabili-guidano-calo-prezzi-mercati-elettrici-europei-prima-meta-2023\/\" \/>\n<meta property=\"og:locale\" content=\"it_IT\" \/>\n<meta property=\"og:type\" content=\"article\" \/>\n<meta property=\"og:title\" content=\"Il calo del gas e l&#039;aumento delle rinnovabili guidano il calo dei prezzi nei mercati elettrici europei nella prima met\u00e0 del 2023\" \/>\n<meta property=\"og:description\" content=\"AleaSoft Energy Forecasting, 4 luglio 2023. Nella prima met\u00e0 del 2023 i prezzi medi dei mercati elettrici europei sono scesi, toccando i minimi dalla seconda met\u00e0 del 2021. Le cause fondamentali di questi cali sono la diminuzione dei prezzi del gas e domanda di elettricit\u00e0 in alcuni mercati, cos\u00ec come la produzione rinnovabile che \u00e8 [&hellip;]\" \/>\n<meta property=\"og:url\" content=\"https:\/\/aleasoft.com\/it\/calo-gas-laumento-rinnovabili-guidano-calo-prezzi-mercati-elettrici-europei-prima-meta-2023\/\" \/>\n<meta property=\"og:site_name\" content=\"AleaSoft Energy Forecasting\" \/>\n<meta property=\"article:publisher\" content=\"https:\/\/www.facebook.com\/AleaSoft\/\" \/>\n<meta property=\"article:published_time\" content=\"2023-07-04T15:14:01+00:00\" \/>\n<meta property=\"article:modified_time\" content=\"2023-07-10T16:49:27+00:00\" \/>\n<meta property=\"og:image\" content=\"https:\/\/aleasoft.com\/wp-content\/uploads\/2023\/07\/20230704-AleaSoft-Precio-mensual-mercados-electricos-Europa.png\" \/>\n\t<meta property=\"og:image:width\" content=\"2610\" \/>\n\t<meta property=\"og:image:height\" content=\"1810\" \/>\n\t<meta property=\"og:image:type\" content=\"image\/png\" \/>\n<meta name=\"author\" content=\"AleaSoft Energy Forecasting\" \/>\n<meta name=\"twitter:card\" content=\"summary_large_image\" \/>\n<meta name=\"twitter:creator\" content=\"@AleaSoftEnergy\" \/>\n<meta name=\"twitter:site\" content=\"@AleaSoftEnergy\" \/>\n<meta name=\"twitter:label1\" content=\"Scritto da\" \/>\n\t<meta name=\"twitter:data1\" content=\"AleaSoft Energy Forecasting\" \/>\n\t<meta name=\"twitter:label2\" content=\"Tempo di lettura stimato\" \/>\n\t<meta name=\"twitter:data2\" content=\"1 minuto\" \/>\n<script type=\"application\/ld+json\" class=\"yoast-schema-graph\">{\"@context\":\"https:\\\/\\\/schema.org\",\"@graph\":[{\"@type\":\"Article\",\"@id\":\"https:\\\/\\\/aleasoft.com\\\/it\\\/calo-gas-laumento-rinnovabili-guidano-calo-prezzi-mercati-elettrici-europei-prima-meta-2023\\\/#article\",\"isPartOf\":{\"@id\":\"https:\\\/\\\/aleasoft.com\\\/it\\\/calo-gas-laumento-rinnovabili-guidano-calo-prezzi-mercati-elettrici-europei-prima-meta-2023\\\/\"},\"author\":{\"name\":\"AleaSoft Energy Forecasting\",\"@id\":\"https:\\\/\\\/aleasoft.com\\\/#\\\/schema\\\/person\\\/e83ba5c714f71473e3096e6f5bffcd61\"},\"headline\":\"Il calo del gas e l&#8217;aumento delle rinnovabili guidano il calo dei prezzi nei mercati elettrici europei nella prima met\u00e0 del 2023\",\"datePublished\":\"2023-07-04T15:14:01+00:00\",\"dateModified\":\"2023-07-10T16:49:27+00:00\",\"mainEntityOfPage\":{\"@id\":\"https:\\\/\\\/aleasoft.com\\\/it\\\/calo-gas-laumento-rinnovabili-guidano-calo-prezzi-mercati-elettrici-europei-prima-meta-2023\\\/\"},\"wordCount\":98,\"publisher\":{\"@id\":\"https:\\\/\\\/aleasoft.com\\\/#organization\"},\"image\":{\"@id\":\"https:\\\/\\\/aleasoft.com\\\/it\\\/calo-gas-laumento-rinnovabili-guidano-calo-prezzi-mercati-elettrici-europei-prima-meta-2023\\\/#primaryimage\"},\"thumbnailUrl\":\"https:\\\/\\\/aleasoft.com\\\/wp-content\\\/uploads\\\/2023\\\/07\\\/20230704-AleaSoft-Precio-mensual-mercados-electricos-Europa.png\",\"keywords\":[\"analisi di mercato\"],\"articleSection\":[\"Notizie\"],\"inLanguage\":\"it-IT\"},{\"@type\":\"WebPage\",\"@id\":\"https:\\\/\\\/aleasoft.com\\\/it\\\/calo-gas-laumento-rinnovabili-guidano-calo-prezzi-mercati-elettrici-europei-prima-meta-2023\\\/\",\"url\":\"https:\\\/\\\/aleasoft.com\\\/it\\\/calo-gas-laumento-rinnovabili-guidano-calo-prezzi-mercati-elettrici-europei-prima-meta-2023\\\/\",\"name\":\"Il calo del gas e l'aumento delle rinnovabili guidano il calo dei prezzi nei mercati elettrici europei nella prima met\u00e0 del 2023 - AleaSoft Energy Forecasting\",\"isPartOf\":{\"@id\":\"https:\\\/\\\/aleasoft.com\\\/#website\"},\"primaryImageOfPage\":{\"@id\":\"https:\\\/\\\/aleasoft.com\\\/it\\\/calo-gas-laumento-rinnovabili-guidano-calo-prezzi-mercati-elettrici-europei-prima-meta-2023\\\/#primaryimage\"},\"image\":{\"@id\":\"https:\\\/\\\/aleasoft.com\\\/it\\\/calo-gas-laumento-rinnovabili-guidano-calo-prezzi-mercati-elettrici-europei-prima-meta-2023\\\/#primaryimage\"},\"thumbnailUrl\":\"https:\\\/\\\/aleasoft.com\\\/wp-content\\\/uploads\\\/2023\\\/07\\\/20230704-AleaSoft-Precio-mensual-mercados-electricos-Europa.png\",\"datePublished\":\"2023-07-04T15:14:01+00:00\",\"dateModified\":\"2023-07-10T16:49:27+00:00\",\"breadcrumb\":{\"@id\":\"https:\\\/\\\/aleasoft.com\\\/it\\\/calo-gas-laumento-rinnovabili-guidano-calo-prezzi-mercati-elettrici-europei-prima-meta-2023\\\/#breadcrumb\"},\"inLanguage\":\"it-IT\",\"potentialAction\":[{\"@type\":\"ReadAction\",\"target\":[\"https:\\\/\\\/aleasoft.com\\\/it\\\/calo-gas-laumento-rinnovabili-guidano-calo-prezzi-mercati-elettrici-europei-prima-meta-2023\\\/\"]}]},{\"@type\":\"ImageObject\",\"inLanguage\":\"it-IT\",\"@id\":\"https:\\\/\\\/aleasoft.com\\\/it\\\/calo-gas-laumento-rinnovabili-guidano-calo-prezzi-mercati-elettrici-europei-prima-meta-2023\\\/#primaryimage\",\"url\":\"https:\\\/\\\/aleasoft.com\\\/wp-content\\\/uploads\\\/2023\\\/07\\\/20230704-AleaSoft-Precio-mensual-mercados-electricos-Europa.png\",\"contentUrl\":\"https:\\\/\\\/aleasoft.com\\\/wp-content\\\/uploads\\\/2023\\\/07\\\/20230704-AleaSoft-Precio-mensual-mercados-electricos-Europa.png\",\"width\":2610,\"height\":1810},{\"@type\":\"BreadcrumbList\",\"@id\":\"https:\\\/\\\/aleasoft.com\\\/it\\\/calo-gas-laumento-rinnovabili-guidano-calo-prezzi-mercati-elettrici-europei-prima-meta-2023\\\/#breadcrumb\",\"itemListElement\":[{\"@type\":\"ListItem\",\"position\":1,\"name\":\"Home\",\"item\":\"https:\\\/\\\/aleasoft.com\\\/\"},{\"@type\":\"ListItem\",\"position\":2,\"name\":\"Il calo del gas e l&#8217;aumento delle rinnovabili guidano il calo dei prezzi nei mercati elettrici europei nella prima met\u00e0 del 2023\"}]},{\"@type\":\"WebSite\",\"@id\":\"https:\\\/\\\/aleasoft.com\\\/#website\",\"url\":\"https:\\\/\\\/aleasoft.com\\\/\",\"name\":\"AleaSoft Energy Forecasting\",\"description\":\"Energy Forecasting\",\"publisher\":{\"@id\":\"https:\\\/\\\/aleasoft.com\\\/#organization\"},\"potentialAction\":[{\"@type\":\"SearchAction\",\"target\":{\"@type\":\"EntryPoint\",\"urlTemplate\":\"https:\\\/\\\/aleasoft.com\\\/?s={search_term_string}\"},\"query-input\":{\"@type\":\"PropertyValueSpecification\",\"valueRequired\":true,\"valueName\":\"search_term_string\"}}],\"inLanguage\":\"it-IT\"},{\"@type\":\"Organization\",\"@id\":\"https:\\\/\\\/aleasoft.com\\\/#organization\",\"name\":\"AleaSoft Energy Forecasting\",\"url\":\"https:\\\/\\\/aleasoft.com\\\/\",\"logo\":{\"@type\":\"ImageObject\",\"inLanguage\":\"it-IT\",\"@id\":\"https:\\\/\\\/aleasoft.com\\\/#\\\/schema\\\/logo\\\/image\\\/\",\"url\":\"https:\\\/\\\/aleasoft.com\\\/wp-content\\\/uploads\\\/2020\\\/01\\\/logo-alea-25.svg\",\"contentUrl\":\"https:\\\/\\\/aleasoft.com\\\/wp-content\\\/uploads\\\/2020\\\/01\\\/logo-alea-25.svg\",\"width\":7047,\"height\":1416,\"caption\":\"AleaSoft Energy Forecasting\"},\"image\":{\"@id\":\"https:\\\/\\\/aleasoft.com\\\/#\\\/schema\\\/logo\\\/image\\\/\"},\"sameAs\":[\"https:\\\/\\\/www.facebook.com\\\/AleaSoft\\\/\",\"https:\\\/\\\/x.com\\\/AleaSoftEnergy\",\"https:\\\/\\\/www.linkedin.com\\\/company\\\/aleasoft\\\/\"]},{\"@type\":\"Person\",\"@id\":\"https:\\\/\\\/aleasoft.com\\\/#\\\/schema\\\/person\\\/e83ba5c714f71473e3096e6f5bffcd61\",\"name\":\"AleaSoft Energy Forecasting\",\"image\":{\"@type\":\"ImageObject\",\"inLanguage\":\"it-IT\",\"@id\":\"https:\\\/\\\/secure.gravatar.com\\\/avatar\\\/9f3c80a49711746195eaa8b9dac85dd25b10ed81cf9cd40ba1c909b7c8d60bfb?s=96&d=mm&r=g\",\"url\":\"https:\\\/\\\/secure.gravatar.com\\\/avatar\\\/9f3c80a49711746195eaa8b9dac85dd25b10ed81cf9cd40ba1c909b7c8d60bfb?s=96&d=mm&r=g\",\"contentUrl\":\"https:\\\/\\\/secure.gravatar.com\\\/avatar\\\/9f3c80a49711746195eaa8b9dac85dd25b10ed81cf9cd40ba1c909b7c8d60bfb?s=96&d=mm&r=g\",\"caption\":\"AleaSoft Energy Forecasting\"}}]}<\/script>\n<!-- \/ Yoast SEO Premium plugin. -->","yoast_head_json":{"title":"Il calo del gas e l'aumento delle rinnovabili guidano il calo dei prezzi nei mercati elettrici europei nella prima met\u00e0 del 2023 - AleaSoft Energy Forecasting","robots":{"index":"index","follow":"follow","max-snippet":"max-snippet:-1","max-image-preview":"max-image-preview:large","max-video-preview":"max-video-preview:-1"},"canonical":"https:\/\/aleasoft.com\/it\/calo-gas-laumento-rinnovabili-guidano-calo-prezzi-mercati-elettrici-europei-prima-meta-2023\/","og_locale":"it_IT","og_type":"article","og_title":"Il calo del gas e l'aumento delle rinnovabili guidano il calo dei prezzi nei mercati elettrici europei nella prima met\u00e0 del 2023","og_description":"AleaSoft Energy Forecasting, 4 luglio 2023. Nella prima met\u00e0 del 2023 i prezzi medi dei mercati elettrici europei sono scesi, toccando i minimi dalla seconda met\u00e0 del 2021. Le cause fondamentali di questi cali sono la diminuzione dei prezzi del gas e domanda di elettricit\u00e0 in alcuni mercati, cos\u00ec come la produzione rinnovabile che \u00e8 [&hellip;]","og_url":"https:\/\/aleasoft.com\/it\/calo-gas-laumento-rinnovabili-guidano-calo-prezzi-mercati-elettrici-europei-prima-meta-2023\/","og_site_name":"AleaSoft Energy Forecasting","article_publisher":"https:\/\/www.facebook.com\/AleaSoft\/","article_published_time":"2023-07-04T15:14:01+00:00","article_modified_time":"2023-07-10T16:49:27+00:00","og_image":[{"width":2610,"height":1810,"url":"https:\/\/aleasoft.com\/wp-content\/uploads\/2023\/07\/20230704-AleaSoft-Precio-mensual-mercados-electricos-Europa.png","type":"image\/png"}],"author":"AleaSoft Energy Forecasting","twitter_card":"summary_large_image","twitter_creator":"@AleaSoftEnergy","twitter_site":"@AleaSoftEnergy","twitter_misc":{"Scritto da":"AleaSoft Energy Forecasting","Tempo di lettura stimato":"1 minuto"},"schema":{"@context":"https:\/\/schema.org","@graph":[{"@type":"Article","@id":"https:\/\/aleasoft.com\/it\/calo-gas-laumento-rinnovabili-guidano-calo-prezzi-mercati-elettrici-europei-prima-meta-2023\/#article","isPartOf":{"@id":"https:\/\/aleasoft.com\/it\/calo-gas-laumento-rinnovabili-guidano-calo-prezzi-mercati-elettrici-europei-prima-meta-2023\/"},"author":{"name":"AleaSoft Energy Forecasting","@id":"https:\/\/aleasoft.com\/#\/schema\/person\/e83ba5c714f71473e3096e6f5bffcd61"},"headline":"Il calo del gas e l&#8217;aumento delle rinnovabili guidano il calo dei prezzi nei mercati elettrici europei nella prima met\u00e0 del 2023","datePublished":"2023-07-04T15:14:01+00:00","dateModified":"2023-07-10T16:49:27+00:00","mainEntityOfPage":{"@id":"https:\/\/aleasoft.com\/it\/calo-gas-laumento-rinnovabili-guidano-calo-prezzi-mercati-elettrici-europei-prima-meta-2023\/"},"wordCount":98,"publisher":{"@id":"https:\/\/aleasoft.com\/#organization"},"image":{"@id":"https:\/\/aleasoft.com\/it\/calo-gas-laumento-rinnovabili-guidano-calo-prezzi-mercati-elettrici-europei-prima-meta-2023\/#primaryimage"},"thumbnailUrl":"https:\/\/aleasoft.com\/wp-content\/uploads\/2023\/07\/20230704-AleaSoft-Precio-mensual-mercados-electricos-Europa.png","keywords":["analisi di mercato"],"articleSection":["Notizie"],"inLanguage":"it-IT"},{"@type":"WebPage","@id":"https:\/\/aleasoft.com\/it\/calo-gas-laumento-rinnovabili-guidano-calo-prezzi-mercati-elettrici-europei-prima-meta-2023\/","url":"https:\/\/aleasoft.com\/it\/calo-gas-laumento-rinnovabili-guidano-calo-prezzi-mercati-elettrici-europei-prima-meta-2023\/","name":"Il calo del gas e l'aumento delle rinnovabili guidano il calo dei prezzi nei mercati elettrici europei nella prima met\u00e0 del 2023 - AleaSoft Energy Forecasting","isPartOf":{"@id":"https:\/\/aleasoft.com\/#website"},"primaryImageOfPage":{"@id":"https:\/\/aleasoft.com\/it\/calo-gas-laumento-rinnovabili-guidano-calo-prezzi-mercati-elettrici-europei-prima-meta-2023\/#primaryimage"},"image":{"@id":"https:\/\/aleasoft.com\/it\/calo-gas-laumento-rinnovabili-guidano-calo-prezzi-mercati-elettrici-europei-prima-meta-2023\/#primaryimage"},"thumbnailUrl":"https:\/\/aleasoft.com\/wp-content\/uploads\/2023\/07\/20230704-AleaSoft-Precio-mensual-mercados-electricos-Europa.png","datePublished":"2023-07-04T15:14:01+00:00","dateModified":"2023-07-10T16:49:27+00:00","breadcrumb":{"@id":"https:\/\/aleasoft.com\/it\/calo-gas-laumento-rinnovabili-guidano-calo-prezzi-mercati-elettrici-europei-prima-meta-2023\/#breadcrumb"},"inLanguage":"it-IT","potentialAction":[{"@type":"ReadAction","target":["https:\/\/aleasoft.com\/it\/calo-gas-laumento-rinnovabili-guidano-calo-prezzi-mercati-elettrici-europei-prima-meta-2023\/"]}]},{"@type":"ImageObject","inLanguage":"it-IT","@id":"https:\/\/aleasoft.com\/it\/calo-gas-laumento-rinnovabili-guidano-calo-prezzi-mercati-elettrici-europei-prima-meta-2023\/#primaryimage","url":"https:\/\/aleasoft.com\/wp-content\/uploads\/2023\/07\/20230704-AleaSoft-Precio-mensual-mercados-electricos-Europa.png","contentUrl":"https:\/\/aleasoft.com\/wp-content\/uploads\/2023\/07\/20230704-AleaSoft-Precio-mensual-mercados-electricos-Europa.png","width":2610,"height":1810},{"@type":"BreadcrumbList","@id":"https:\/\/aleasoft.com\/it\/calo-gas-laumento-rinnovabili-guidano-calo-prezzi-mercati-elettrici-europei-prima-meta-2023\/#breadcrumb","itemListElement":[{"@type":"ListItem","position":1,"name":"Home","item":"https:\/\/aleasoft.com\/"},{"@type":"ListItem","position":2,"name":"Il calo del gas e l&#8217;aumento delle rinnovabili guidano il calo dei prezzi nei mercati elettrici europei nella prima met\u00e0 del 2023"}]},{"@type":"WebSite","@id":"https:\/\/aleasoft.com\/#website","url":"https:\/\/aleasoft.com\/","name":"AleaSoft Energy Forecasting","description":"Energy Forecasting","publisher":{"@id":"https:\/\/aleasoft.com\/#organization"},"potentialAction":[{"@type":"SearchAction","target":{"@type":"EntryPoint","urlTemplate":"https:\/\/aleasoft.com\/?s={search_term_string}"},"query-input":{"@type":"PropertyValueSpecification","valueRequired":true,"valueName":"search_term_string"}}],"inLanguage":"it-IT"},{"@type":"Organization","@id":"https:\/\/aleasoft.com\/#organization","name":"AleaSoft Energy Forecasting","url":"https:\/\/aleasoft.com\/","logo":{"@type":"ImageObject","inLanguage":"it-IT","@id":"https:\/\/aleasoft.com\/#\/schema\/logo\/image\/","url":"https:\/\/aleasoft.com\/wp-content\/uploads\/2020\/01\/logo-alea-25.svg","contentUrl":"https:\/\/aleasoft.com\/wp-content\/uploads\/2020\/01\/logo-alea-25.svg","width":7047,"height":1416,"caption":"AleaSoft Energy Forecasting"},"image":{"@id":"https:\/\/aleasoft.com\/#\/schema\/logo\/image\/"},"sameAs":["https:\/\/www.facebook.com\/AleaSoft\/","https:\/\/x.com\/AleaSoftEnergy","https:\/\/www.linkedin.com\/company\/aleasoft\/"]},{"@type":"Person","@id":"https:\/\/aleasoft.com\/#\/schema\/person\/e83ba5c714f71473e3096e6f5bffcd61","name":"AleaSoft Energy Forecasting","image":{"@type":"ImageObject","inLanguage":"it-IT","@id":"https:\/\/secure.gravatar.com\/avatar\/9f3c80a49711746195eaa8b9dac85dd25b10ed81cf9cd40ba1c909b7c8d60bfb?s=96&d=mm&r=g","url":"https:\/\/secure.gravatar.com\/avatar\/9f3c80a49711746195eaa8b9dac85dd25b10ed81cf9cd40ba1c909b7c8d60bfb?s=96&d=mm&r=g","contentUrl":"https:\/\/secure.gravatar.com\/avatar\/9f3c80a49711746195eaa8b9dac85dd25b10ed81cf9cd40ba1c909b7c8d60bfb?s=96&d=mm&r=g","caption":"AleaSoft Energy Forecasting"}}]}},"_links":{"self":[{"href":"https:\/\/aleasoft.com\/it\/wp-json\/wp\/v2\/posts\/135576","targetHints":{"allow":["GET"]}}],"collection":[{"href":"https:\/\/aleasoft.com\/it\/wp-json\/wp\/v2\/posts"}],"about":[{"href":"https:\/\/aleasoft.com\/it\/wp-json\/wp\/v2\/types\/post"}],"author":[{"embeddable":true,"href":"https:\/\/aleasoft.com\/it\/wp-json\/wp\/v2\/users\/3"}],"replies":[{"embeddable":true,"href":"https:\/\/aleasoft.com\/it\/wp-json\/wp\/v2\/comments?post=135576"}],"version-history":[{"count":0,"href":"https:\/\/aleasoft.com\/it\/wp-json\/wp\/v2\/posts\/135576\/revisions"}],"wp:featuredmedia":[{"embeddable":true,"href":"https:\/\/aleasoft.com\/it\/wp-json\/wp\/v2\/media\/135348"}],"wp:attachment":[{"href":"https:\/\/aleasoft.com\/it\/wp-json\/wp\/v2\/media?parent=135576"}],"wp:term":[{"taxonomy":"category","embeddable":true,"href":"https:\/\/aleasoft.com\/it\/wp-json\/wp\/v2\/categories?post=135576"},{"taxonomy":"post_tag","embeddable":true,"href":"https:\/\/aleasoft.com\/it\/wp-json\/wp\/v2\/tags?post=135576"}],"curies":[{"name":"wp","href":"https:\/\/api.w.org\/{rel}","templated":true}]}}