{"id":79155,"date":"2016-02-04T00:00:00","date_gmt":"2016-02-03T23:00:00","guid":{"rendered":"https:\/\/aleasoft.com\/bilancio-del-consumo-elettrico-europeo-dell-anno-2015\/"},"modified":"2022-05-23T17:04:15","modified_gmt":"2022-05-23T15:04:15","slug":"bilancio-del-consumo-elettrico-europeo-dell-anno-2015","status":"publish","type":"post","link":"https:\/\/aleasoft.com\/it\/bilancio-del-consumo-elettrico-europeo-dell-anno-2015\/","title":{"rendered":"BILANCIO DEL CONSUMO ELETTRICO EUROPEO DELL\u2019ANNO 2015"},"content":{"rendered":"<p><strong>Informazioni elaborate da AleaSoft, azienda leader nello sviluppo di modelli di previsioni del consumo e dei prezzi nei mercati energetici<\/strong><\/p>\n<p><strong>04 febbraio 2016- <\/strong>L\u2019anno 2015 \u00e8 stato segnato da un aumento generale del fabbisogno energetico rispetto al suo predecessore, ad eccezione della Gran Bretagna.<\/p>\n<p>Sebbene si disponga solamente di dati provvisori relativi al PIL per l\u2019ultimo trimestre dell\u2019anno, il 2015 \u00e8 stato un anno di crescita economica in <strong>Spagna<\/strong>, un fatto che \u00e8 stato osservato nel fabbisogno di elettricit\u00e0. Durante lo scorso anno, il consumo di elettricit\u00e0 \u00e8 stato dell\u20191,8% in pi\u00f9 rispetto al 2014, 1,6% correggendo gli effetti della temperatura e i modelli di lavoro, secondo i dati REE (Red El\u00e9ctrica de Espa\u00f1a). Il fabbisogno dei primi tre trimestri \u00e8 stato superiore a quello degli stessi periodi del 2014, e un caldo dicembre ha fatto si che non fosse lo stesso per l&#8217;ultimo trimestre dell\u2019anno. Bisogna notare che il consumo di elettricit\u00e0 di luglio \u00e8 stato dell\u201911,1% superiore a quello dello stesso mese dell\u2019anno precendente, un numero che scende al 5,5% dopo la correzione degli effetti della temperatura e dei modelli di lavoro; questo sostanziale aumento del consumo \u00e8 stato dovuto all\u2019ondata di calore che ha colpito gran parte dell\u2019Europa durante questo mese.<\/p>\n<p>Come nel caso della Spagna, in <strong>Francia<\/strong> il fabbisogno \u00e8 cresciuto nel corso dei primi tre trimestri dell&#8217;anno rispetto a quelli dell&#8217;anno precedente e, ancora una volta, temperature elevate nel mese di dicembre sono state la causa del diverso andazzo del quarto trimestre. Il fabbisogno complessivo interannuale \u00e8 cresciuto del 2,7%, mentre, avendo gi\u00e0 i dati del PIL per i primi tre trimestri, si prevede che esso aumenter\u00e0 dell\u2019 1,1% nel 2015 rispetto al 2014.<\/p>\n<p>La <strong>Gran Bretagna<\/strong> rappresenta un\u2019eccezione riducendo il fabbisogno annuale di elettricit\u00e0 del 2,9% nel 2015 rispetto all&#8217;anno precedente. Con una crescita economica positiva, le cause di questo calo del consumo di elettricit\u00e0 sono state le temperature miti che si sono registrate nel paese dalla primavera del 2015. Un dicembre caldo (come \u00e8 ormai comune in Europa occidentale) e una fresca estate hanno portato a un calo del fabbisogno in tutti i trimestri rispetto al 2014, ad eccezione del primo.<\/p>\n<p>In <strong>Italia,<\/strong> Il fabbisogno interannuale di elettricit\u00e0 \u00e8 aumentato dell\u2019 1,5% lo scorso anno, con una prevista crescita del PIL dello 0,8%. Tuttavia, l&#8217;ondata di calore sopra menzionata ha fatto si che il consumo di energia elettrica nel mese di luglio fosse del 13,72% in pi\u00f9 rispetto allo stesso periodo del 2014. Osserviamo, cos\u00ec, che la crescita del fabbisogno in Italia \u00e8 fortemente concentrata in quel mese, essendo la variazione, rispetto al 2014, molto pi\u00f9 lieve per i restanti mesi.<\/p>\n<p>&nbsp;<\/p>\n<p><span style=\"line-height: 1.5;\"><a href=\"https:\/\/aleasoft.com\/wp-content\/uploads\/2016\/04\/20160204-3-AleaSoft-Assessment-Electricity-Consumption-WesternEurope.jpeg\"><img fetchpriority=\"high\" decoding=\"async\" class=\"size-full wp-image-8666 aligncenter\" src=\"https:\/\/aleasoft.com\/wp-content\/uploads\/2016\/04\/20160204-3-AleaSoft-Assessment-Electricity-Consumption-WesternEurope.jpeg\" alt=\"20160204-3-AleaSoft-Assessment-Electricity-Consumption-WesternEurope\" width=\"610\" height=\"430\"><\/a>Evoluzione del fabbisogno di elettricit\u00e0 mensile in Europa Occidentale -2014 e 2015- (TWh).<\/span><\/p>\n<p><span style=\"font-size: xx-small;\"><br \/>\nFonti: Spagna: REE, Francia: RTE, Gran Bretagna: National Grid, Italia: TERNA.<\/span><br \/>\n<span style=\"font-size: xx-small;\"><br \/>\n<strong>Previsioni del fabbisogno di elettricit\u00e0 in Europa Occidentale<\/strong><\/span><\/p>\n<p>In generale, in Europa occidentale si attende una crescita dell\u2019attivit\u00e0 economica nel 2016. Per questo motivo, i risultati delle previsioni del consumo di elettricit\u00e0, ottenuti utilizzando i modelli di AleaSoft, sono in aumento per i paesi sopra analizzati.<\/p>\n<p>In <strong>Spagna<\/strong> ci si attende che il fabbisogno di energia elettrica cresca nel 2016, prendendo in considerazione uno scenario di crescita annuale del PIL del 2,7%.<\/p>\n<p>Il consumo di energia elettrica previsto per il 2016 in <strong>Francia <\/strong>\u00e8 superiore a quello registrado nel 2015, considerando una crescita del PIL dell\u2019 1,3%.<\/p>\n<p>Nel caso della <strong>Gran Bretagna<\/strong>, si prevede che il fabbisogno di energia elettrica crescer\u00e0 quest\u2019anno, calcolando una crescita annuale del PIL del Regno Unito del 2,2%.<\/p>\n<p>Infine, ci si attende che in <strong>Italia<\/strong> anche il fabbisogno di elettricit\u00e0 sar\u00e0 superiore a quello del 2015, prendendo in considerazione una crescita interannuale del PIL dell\u2019 1,3% nel 2016.<\/p>\n<p>Scarica il <a href=\"https:\/\/aleasoft.com\/wp-content\/uploads\/2016\/02\/20160204-AssessmentElectricityConsumption-2015-It.pdf\">PDF<\/a><\/p>\n","protected":false},"excerpt":{"rendered":"<p>Informazioni elaborate da AleaSoft, azienda leader nello sviluppo di modelli di previsioni del consumo e dei prezzi nei mercati energetici 04 febbraio 2016- L\u2019anno 2015 \u00e8 stato segnato da un aumento generale del fabbisogno energetico rispetto al suo predecessore, ad eccezione della Gran Bretagna. Sebbene si disponga solamente di dati provvisori relativi al PIL per [&hellip;]<\/p>\n","protected":false},"author":1,"featured_media":55398,"comment_status":"closed","ping_status":"closed","sticky":false,"template":"","format":"standard","meta":{"footnotes":""},"categories":[34],"tags":[],"class_list":["post-79155","post","type-post","status-publish","format-standard","has-post-thumbnail","hentry","category-notizie"],"yoast_head":"<!-- This site is optimized with the Yoast SEO Premium plugin v27.4 (Yoast SEO v27.5) - https:\/\/yoast.com\/product\/yoast-seo-premium-wordpress\/ -->\n<title>BILANCIO DEL CONSUMO ELETTRICO EUROPEO DELL\u2019ANNO 2015 - AleaSoft Energy Forecasting<\/title>\n<meta name=\"robots\" content=\"index, follow, max-snippet:-1, max-image-preview:large, max-video-preview:-1\" \/>\n<link rel=\"canonical\" href=\"https:\/\/aleasoft.com\/it\/bilancio-del-consumo-elettrico-europeo-dell-anno-2015\/\" \/>\n<meta property=\"og:locale\" content=\"it_IT\" \/>\n<meta property=\"og:type\" content=\"article\" \/>\n<meta property=\"og:title\" content=\"BILANCIO DEL CONSUMO ELETTRICO EUROPEO DELL\u2019ANNO 2015\" \/>\n<meta property=\"og:description\" content=\"Informazioni elaborate da AleaSoft, azienda leader nello sviluppo di modelli di previsioni del consumo e dei prezzi nei mercati energetici 04 febbraio 2016- L\u2019anno 2015 \u00e8 stato segnato da un aumento generale del fabbisogno energetico rispetto al suo predecessore, ad eccezione della Gran Bretagna. Sebbene si disponga solamente di dati provvisori relativi al PIL per [&hellip;]\" \/>\n<meta property=\"og:url\" content=\"https:\/\/aleasoft.com\/it\/bilancio-del-consumo-elettrico-europeo-dell-anno-2015\/\" \/>\n<meta property=\"og:site_name\" content=\"AleaSoft Energy Forecasting\" \/>\n<meta property=\"article:publisher\" content=\"https:\/\/www.facebook.com\/AleaSoft\/\" \/>\n<meta property=\"article:published_time\" content=\"2016-02-03T23:00:00+00:00\" \/>\n<meta property=\"article:modified_time\" content=\"2022-05-23T15:04:15+00:00\" \/>\n<meta property=\"og:image\" content=\"https:\/\/aleasoft.com\/wp-content\/uploads\/2016\/02\/20160204-2-AleaSoft-Assessment-Electricity-Consumption-WesternEurope.jpeg\" \/>\n\t<meta property=\"og:image:width\" content=\"610\" \/>\n\t<meta property=\"og:image:height\" content=\"430\" \/>\n\t<meta property=\"og:image:type\" content=\"image\/jpeg\" \/>\n<meta name=\"author\" content=\"AleaSoft Energy Forecasting\" \/>\n<meta name=\"twitter:card\" content=\"summary_large_image\" \/>\n<meta name=\"twitter:creator\" content=\"@AleaSoftEnergy\" \/>\n<meta name=\"twitter:site\" content=\"@AleaSoftEnergy\" \/>\n<meta name=\"twitter:label1\" content=\"Scritto da\" \/>\n\t<meta name=\"twitter:data1\" content=\"AleaSoft Energy Forecasting\" \/>\n\t<meta name=\"twitter:label2\" content=\"Tempo di lettura stimato\" \/>\n\t<meta name=\"twitter:data2\" content=\"3 minuti\" \/>\n<script type=\"application\/ld+json\" class=\"yoast-schema-graph\">{\"@context\":\"https:\\\/\\\/schema.org\",\"@graph\":[{\"@type\":\"Article\",\"@id\":\"https:\\\/\\\/aleasoft.com\\\/it\\\/bilancio-del-consumo-elettrico-europeo-dell-anno-2015\\\/#article\",\"isPartOf\":{\"@id\":\"https:\\\/\\\/aleasoft.com\\\/it\\\/bilancio-del-consumo-elettrico-europeo-dell-anno-2015\\\/\"},\"author\":{\"name\":\"AleaSoft Energy Forecasting\",\"@id\":\"https:\\\/\\\/aleasoft.com\\\/#\\\/schema\\\/person\\\/99ee8b0f2ecbd56ba78005c6b7864d67\"},\"headline\":\"BILANCIO DEL CONSUMO ELETTRICO EUROPEO DELL\u2019ANNO 2015\",\"datePublished\":\"2016-02-03T23:00:00+00:00\",\"dateModified\":\"2022-05-23T15:04:15+00:00\",\"mainEntityOfPage\":{\"@id\":\"https:\\\/\\\/aleasoft.com\\\/it\\\/bilancio-del-consumo-elettrico-europeo-dell-anno-2015\\\/\"},\"wordCount\":595,\"publisher\":{\"@id\":\"https:\\\/\\\/aleasoft.com\\\/#organization\"},\"image\":{\"@id\":\"https:\\\/\\\/aleasoft.com\\\/it\\\/bilancio-del-consumo-elettrico-europeo-dell-anno-2015\\\/#primaryimage\"},\"thumbnailUrl\":\"https:\\\/\\\/aleasoft.com\\\/wp-content\\\/uploads\\\/2016\\\/02\\\/20160204-2-AleaSoft-Assessment-Electricity-Consumption-WesternEurope.jpeg\",\"articleSection\":[\"Notizie\"],\"inLanguage\":\"it-IT\"},{\"@type\":\"WebPage\",\"@id\":\"https:\\\/\\\/aleasoft.com\\\/it\\\/bilancio-del-consumo-elettrico-europeo-dell-anno-2015\\\/\",\"url\":\"https:\\\/\\\/aleasoft.com\\\/it\\\/bilancio-del-consumo-elettrico-europeo-dell-anno-2015\\\/\",\"name\":\"BILANCIO DEL CONSUMO ELETTRICO EUROPEO DELL\u2019ANNO 2015 - AleaSoft Energy Forecasting\",\"isPartOf\":{\"@id\":\"https:\\\/\\\/aleasoft.com\\\/#website\"},\"primaryImageOfPage\":{\"@id\":\"https:\\\/\\\/aleasoft.com\\\/it\\\/bilancio-del-consumo-elettrico-europeo-dell-anno-2015\\\/#primaryimage\"},\"image\":{\"@id\":\"https:\\\/\\\/aleasoft.com\\\/it\\\/bilancio-del-consumo-elettrico-europeo-dell-anno-2015\\\/#primaryimage\"},\"thumbnailUrl\":\"https:\\\/\\\/aleasoft.com\\\/wp-content\\\/uploads\\\/2016\\\/02\\\/20160204-2-AleaSoft-Assessment-Electricity-Consumption-WesternEurope.jpeg\",\"datePublished\":\"2016-02-03T23:00:00+00:00\",\"dateModified\":\"2022-05-23T15:04:15+00:00\",\"breadcrumb\":{\"@id\":\"https:\\\/\\\/aleasoft.com\\\/it\\\/bilancio-del-consumo-elettrico-europeo-dell-anno-2015\\\/#breadcrumb\"},\"inLanguage\":\"it-IT\",\"potentialAction\":[{\"@type\":\"ReadAction\",\"target\":[\"https:\\\/\\\/aleasoft.com\\\/it\\\/bilancio-del-consumo-elettrico-europeo-dell-anno-2015\\\/\"]}]},{\"@type\":\"ImageObject\",\"inLanguage\":\"it-IT\",\"@id\":\"https:\\\/\\\/aleasoft.com\\\/it\\\/bilancio-del-consumo-elettrico-europeo-dell-anno-2015\\\/#primaryimage\",\"url\":\"https:\\\/\\\/aleasoft.com\\\/wp-content\\\/uploads\\\/2016\\\/02\\\/20160204-2-AleaSoft-Assessment-Electricity-Consumption-WesternEurope.jpeg\",\"contentUrl\":\"https:\\\/\\\/aleasoft.com\\\/wp-content\\\/uploads\\\/2016\\\/02\\\/20160204-2-AleaSoft-Assessment-Electricity-Consumption-WesternEurope.jpeg\",\"width\":610,\"height\":430},{\"@type\":\"BreadcrumbList\",\"@id\":\"https:\\\/\\\/aleasoft.com\\\/it\\\/bilancio-del-consumo-elettrico-europeo-dell-anno-2015\\\/#breadcrumb\",\"itemListElement\":[{\"@type\":\"ListItem\",\"position\":1,\"name\":\"Home\",\"item\":\"https:\\\/\\\/aleasoft.com\\\/\"},{\"@type\":\"ListItem\",\"position\":2,\"name\":\"BILANCIO DEL CONSUMO ELETTRICO EUROPEO DELL\u2019ANNO 2015\"}]},{\"@type\":\"WebSite\",\"@id\":\"https:\\\/\\\/aleasoft.com\\\/#website\",\"url\":\"https:\\\/\\\/aleasoft.com\\\/\",\"name\":\"AleaSoft Energy Forecasting\",\"description\":\"Energy Forecasting\",\"publisher\":{\"@id\":\"https:\\\/\\\/aleasoft.com\\\/#organization\"},\"potentialAction\":[{\"@type\":\"SearchAction\",\"target\":{\"@type\":\"EntryPoint\",\"urlTemplate\":\"https:\\\/\\\/aleasoft.com\\\/?s={search_term_string}\"},\"query-input\":{\"@type\":\"PropertyValueSpecification\",\"valueRequired\":true,\"valueName\":\"search_term_string\"}}],\"inLanguage\":\"it-IT\"},{\"@type\":\"Organization\",\"@id\":\"https:\\\/\\\/aleasoft.com\\\/#organization\",\"name\":\"AleaSoft Energy Forecasting\",\"url\":\"https:\\\/\\\/aleasoft.com\\\/\",\"logo\":{\"@type\":\"ImageObject\",\"inLanguage\":\"it-IT\",\"@id\":\"https:\\\/\\\/aleasoft.com\\\/#\\\/schema\\\/logo\\\/image\\\/\",\"url\":\"https:\\\/\\\/aleasoft.com\\\/wp-content\\\/uploads\\\/2020\\\/01\\\/logo-alea-25.svg\",\"contentUrl\":\"https:\\\/\\\/aleasoft.com\\\/wp-content\\\/uploads\\\/2020\\\/01\\\/logo-alea-25.svg\",\"width\":7047,\"height\":1416,\"caption\":\"AleaSoft Energy Forecasting\"},\"image\":{\"@id\":\"https:\\\/\\\/aleasoft.com\\\/#\\\/schema\\\/logo\\\/image\\\/\"},\"sameAs\":[\"https:\\\/\\\/www.facebook.com\\\/AleaSoft\\\/\",\"https:\\\/\\\/x.com\\\/AleaSoftEnergy\",\"https:\\\/\\\/www.linkedin.com\\\/company\\\/aleasoft\\\/\"]},{\"@type\":\"Person\",\"@id\":\"https:\\\/\\\/aleasoft.com\\\/#\\\/schema\\\/person\\\/99ee8b0f2ecbd56ba78005c6b7864d67\",\"name\":\"AleaSoft Energy Forecasting\",\"image\":{\"@type\":\"ImageObject\",\"inLanguage\":\"it-IT\",\"@id\":\"https:\\\/\\\/secure.gravatar.com\\\/avatar\\\/3ce8db70bda469bc8382df5990537888cf96f625c0fde5b0292ff5ab10560f88?s=96&d=mm&r=g\",\"url\":\"https:\\\/\\\/secure.gravatar.com\\\/avatar\\\/3ce8db70bda469bc8382df5990537888cf96f625c0fde5b0292ff5ab10560f88?s=96&d=mm&r=g\",\"contentUrl\":\"https:\\\/\\\/secure.gravatar.com\\\/avatar\\\/3ce8db70bda469bc8382df5990537888cf96f625c0fde5b0292ff5ab10560f88?s=96&d=mm&r=g\",\"caption\":\"AleaSoft Energy Forecasting\"},\"sameAs\":[\"http:\\\/\\\/aleasoft.com\"]}]}<\/script>\n<!-- \/ Yoast SEO Premium plugin. -->","yoast_head_json":{"title":"BILANCIO DEL CONSUMO ELETTRICO EUROPEO DELL\u2019ANNO 2015 - AleaSoft Energy Forecasting","robots":{"index":"index","follow":"follow","max-snippet":"max-snippet:-1","max-image-preview":"max-image-preview:large","max-video-preview":"max-video-preview:-1"},"canonical":"https:\/\/aleasoft.com\/it\/bilancio-del-consumo-elettrico-europeo-dell-anno-2015\/","og_locale":"it_IT","og_type":"article","og_title":"BILANCIO DEL CONSUMO ELETTRICO EUROPEO DELL\u2019ANNO 2015","og_description":"Informazioni elaborate da AleaSoft, azienda leader nello sviluppo di modelli di previsioni del consumo e dei prezzi nei mercati energetici 04 febbraio 2016- L\u2019anno 2015 \u00e8 stato segnato da un aumento generale del fabbisogno energetico rispetto al suo predecessore, ad eccezione della Gran Bretagna. Sebbene si disponga solamente di dati provvisori relativi al PIL per [&hellip;]","og_url":"https:\/\/aleasoft.com\/it\/bilancio-del-consumo-elettrico-europeo-dell-anno-2015\/","og_site_name":"AleaSoft Energy Forecasting","article_publisher":"https:\/\/www.facebook.com\/AleaSoft\/","article_published_time":"2016-02-03T23:00:00+00:00","article_modified_time":"2022-05-23T15:04:15+00:00","og_image":[{"width":610,"height":430,"url":"https:\/\/aleasoft.com\/wp-content\/uploads\/2016\/02\/20160204-2-AleaSoft-Assessment-Electricity-Consumption-WesternEurope.jpeg","type":"image\/jpeg"}],"author":"AleaSoft Energy Forecasting","twitter_card":"summary_large_image","twitter_creator":"@AleaSoftEnergy","twitter_site":"@AleaSoftEnergy","twitter_misc":{"Scritto da":"AleaSoft Energy Forecasting","Tempo di lettura stimato":"3 minuti"},"schema":{"@context":"https:\/\/schema.org","@graph":[{"@type":"Article","@id":"https:\/\/aleasoft.com\/it\/bilancio-del-consumo-elettrico-europeo-dell-anno-2015\/#article","isPartOf":{"@id":"https:\/\/aleasoft.com\/it\/bilancio-del-consumo-elettrico-europeo-dell-anno-2015\/"},"author":{"name":"AleaSoft Energy Forecasting","@id":"https:\/\/aleasoft.com\/#\/schema\/person\/99ee8b0f2ecbd56ba78005c6b7864d67"},"headline":"BILANCIO DEL CONSUMO ELETTRICO EUROPEO DELL\u2019ANNO 2015","datePublished":"2016-02-03T23:00:00+00:00","dateModified":"2022-05-23T15:04:15+00:00","mainEntityOfPage":{"@id":"https:\/\/aleasoft.com\/it\/bilancio-del-consumo-elettrico-europeo-dell-anno-2015\/"},"wordCount":595,"publisher":{"@id":"https:\/\/aleasoft.com\/#organization"},"image":{"@id":"https:\/\/aleasoft.com\/it\/bilancio-del-consumo-elettrico-europeo-dell-anno-2015\/#primaryimage"},"thumbnailUrl":"https:\/\/aleasoft.com\/wp-content\/uploads\/2016\/02\/20160204-2-AleaSoft-Assessment-Electricity-Consumption-WesternEurope.jpeg","articleSection":["Notizie"],"inLanguage":"it-IT"},{"@type":"WebPage","@id":"https:\/\/aleasoft.com\/it\/bilancio-del-consumo-elettrico-europeo-dell-anno-2015\/","url":"https:\/\/aleasoft.com\/it\/bilancio-del-consumo-elettrico-europeo-dell-anno-2015\/","name":"BILANCIO DEL CONSUMO ELETTRICO EUROPEO DELL\u2019ANNO 2015 - AleaSoft Energy Forecasting","isPartOf":{"@id":"https:\/\/aleasoft.com\/#website"},"primaryImageOfPage":{"@id":"https:\/\/aleasoft.com\/it\/bilancio-del-consumo-elettrico-europeo-dell-anno-2015\/#primaryimage"},"image":{"@id":"https:\/\/aleasoft.com\/it\/bilancio-del-consumo-elettrico-europeo-dell-anno-2015\/#primaryimage"},"thumbnailUrl":"https:\/\/aleasoft.com\/wp-content\/uploads\/2016\/02\/20160204-2-AleaSoft-Assessment-Electricity-Consumption-WesternEurope.jpeg","datePublished":"2016-02-03T23:00:00+00:00","dateModified":"2022-05-23T15:04:15+00:00","breadcrumb":{"@id":"https:\/\/aleasoft.com\/it\/bilancio-del-consumo-elettrico-europeo-dell-anno-2015\/#breadcrumb"},"inLanguage":"it-IT","potentialAction":[{"@type":"ReadAction","target":["https:\/\/aleasoft.com\/it\/bilancio-del-consumo-elettrico-europeo-dell-anno-2015\/"]}]},{"@type":"ImageObject","inLanguage":"it-IT","@id":"https:\/\/aleasoft.com\/it\/bilancio-del-consumo-elettrico-europeo-dell-anno-2015\/#primaryimage","url":"https:\/\/aleasoft.com\/wp-content\/uploads\/2016\/02\/20160204-2-AleaSoft-Assessment-Electricity-Consumption-WesternEurope.jpeg","contentUrl":"https:\/\/aleasoft.com\/wp-content\/uploads\/2016\/02\/20160204-2-AleaSoft-Assessment-Electricity-Consumption-WesternEurope.jpeg","width":610,"height":430},{"@type":"BreadcrumbList","@id":"https:\/\/aleasoft.com\/it\/bilancio-del-consumo-elettrico-europeo-dell-anno-2015\/#breadcrumb","itemListElement":[{"@type":"ListItem","position":1,"name":"Home","item":"https:\/\/aleasoft.com\/"},{"@type":"ListItem","position":2,"name":"BILANCIO DEL CONSUMO ELETTRICO EUROPEO DELL\u2019ANNO 2015"}]},{"@type":"WebSite","@id":"https:\/\/aleasoft.com\/#website","url":"https:\/\/aleasoft.com\/","name":"AleaSoft Energy Forecasting","description":"Energy Forecasting","publisher":{"@id":"https:\/\/aleasoft.com\/#organization"},"potentialAction":[{"@type":"SearchAction","target":{"@type":"EntryPoint","urlTemplate":"https:\/\/aleasoft.com\/?s={search_term_string}"},"query-input":{"@type":"PropertyValueSpecification","valueRequired":true,"valueName":"search_term_string"}}],"inLanguage":"it-IT"},{"@type":"Organization","@id":"https:\/\/aleasoft.com\/#organization","name":"AleaSoft Energy Forecasting","url":"https:\/\/aleasoft.com\/","logo":{"@type":"ImageObject","inLanguage":"it-IT","@id":"https:\/\/aleasoft.com\/#\/schema\/logo\/image\/","url":"https:\/\/aleasoft.com\/wp-content\/uploads\/2020\/01\/logo-alea-25.svg","contentUrl":"https:\/\/aleasoft.com\/wp-content\/uploads\/2020\/01\/logo-alea-25.svg","width":7047,"height":1416,"caption":"AleaSoft Energy Forecasting"},"image":{"@id":"https:\/\/aleasoft.com\/#\/schema\/logo\/image\/"},"sameAs":["https:\/\/www.facebook.com\/AleaSoft\/","https:\/\/x.com\/AleaSoftEnergy","https:\/\/www.linkedin.com\/company\/aleasoft\/"]},{"@type":"Person","@id":"https:\/\/aleasoft.com\/#\/schema\/person\/99ee8b0f2ecbd56ba78005c6b7864d67","name":"AleaSoft Energy Forecasting","image":{"@type":"ImageObject","inLanguage":"it-IT","@id":"https:\/\/secure.gravatar.com\/avatar\/3ce8db70bda469bc8382df5990537888cf96f625c0fde5b0292ff5ab10560f88?s=96&d=mm&r=g","url":"https:\/\/secure.gravatar.com\/avatar\/3ce8db70bda469bc8382df5990537888cf96f625c0fde5b0292ff5ab10560f88?s=96&d=mm&r=g","contentUrl":"https:\/\/secure.gravatar.com\/avatar\/3ce8db70bda469bc8382df5990537888cf96f625c0fde5b0292ff5ab10560f88?s=96&d=mm&r=g","caption":"AleaSoft Energy Forecasting"},"sameAs":["http:\/\/aleasoft.com"]}]}},"_links":{"self":[{"href":"https:\/\/aleasoft.com\/it\/wp-json\/wp\/v2\/posts\/79155","targetHints":{"allow":["GET"]}}],"collection":[{"href":"https:\/\/aleasoft.com\/it\/wp-json\/wp\/v2\/posts"}],"about":[{"href":"https:\/\/aleasoft.com\/it\/wp-json\/wp\/v2\/types\/post"}],"author":[{"embeddable":true,"href":"https:\/\/aleasoft.com\/it\/wp-json\/wp\/v2\/users\/1"}],"replies":[{"embeddable":true,"href":"https:\/\/aleasoft.com\/it\/wp-json\/wp\/v2\/comments?post=79155"}],"version-history":[{"count":0,"href":"https:\/\/aleasoft.com\/it\/wp-json\/wp\/v2\/posts\/79155\/revisions"}],"wp:featuredmedia":[{"embeddable":true,"href":"https:\/\/aleasoft.com\/it\/wp-json\/wp\/v2\/media\/55398"}],"wp:attachment":[{"href":"https:\/\/aleasoft.com\/it\/wp-json\/wp\/v2\/media?parent=79155"}],"wp:term":[{"taxonomy":"category","embeddable":true,"href":"https:\/\/aleasoft.com\/it\/wp-json\/wp\/v2\/categories?post=79155"},{"taxonomy":"post_tag","embeddable":true,"href":"https:\/\/aleasoft.com\/it\/wp-json\/wp\/v2\/tags?post=79155"}],"curies":[{"name":"wp","href":"https:\/\/api.w.org\/{rel}","templated":true}]}}