{"id":141968,"date":"2024-03-04T12:31:50","date_gmt":"2024-03-04T11:31:50","guid":{"rendered":"https:\/\/aleasoft.com\/?p=141968"},"modified":"2024-03-05T17:01:26","modified_gmt":"2024-03-05T16:01:26","slug":"entrevista-de-o-jornal-da-energia-a-antonio-delgado-rigal-doutor-em-inteligencia-artificial-e-ceo-da-aleasoft-energy-forecasting","status":"publish","type":"post","link":"https:\/\/aleasoft.com\/pt\/entrevista-de-o-jornal-da-energia-a-antonio-delgado-rigal-doutor-em-inteligencia-artificial-e-ceo-da-aleasoft-energy-forecasting\/","title":{"rendered":"Entrevista de O Jornal da Energia a Antonio Delgado Rigal, Doutor em Intelig\u00eancia Artificial e CEO da AleaSoft Energy Forecasting"},"content":{"rendered":"<p><strong>AleaSoft Energy Forecasting, 4 de mar\u00e7o de 2024. Entrevista de Ram\u00f3n Roca, diretor de O Jornal da Energia, a Antonio Delgado Rigal, Doutor em Intelig\u00eancia Artificial, fundador e CEO da AleaSoft Energy Forecasting.<\/strong><\/p>\n<div style='margin-top: 20px;margin-bottom: 20px;'><a title='AleaSoft - Antonio Delgado Rigal CEO' href='https:\/\/aleasoft.com\/wp-content\/uploads\/2024\/03\/20240304-AleaSoft-Antonio-Delgado-Rigal-CEO.webp'><img class='aligncenter' src='https:\/\/aleasoft.com\/wp-content\/uploads\/2024\/03\/20240304-AleaSoft-Antonio-Delgado-Rigal-CEO.webp' alt='AleaSoft - Antonio Delgado Rigal CEO' width='740'\/><\/a><\/div>\n<p><strong>O ano come\u00e7ou um pouco incerto, parecia que haveria muita incerteza, mas o governo aprovou o Real Decreto que modificava os marcos do processo, dando mais tempo para desenvolver os projetos e chegar a tempo. Como voc\u00eas viram isso na AleaSoft?<\/strong><\/p>\n<p>Bem, isso foi o Real Decreto Lei 8\/2023, que foi aprovado em janeiro e foi muito positivo. Aumentar os prazos era fundamental. Se n\u00e3o, ter\u00edamos perdido muitos projetos, alguns dos quais s\u00e3o bons e n\u00e3o teriam chegado a tempo. Ent\u00e3o toda essa energia, vamos dizer, continua viva e tem muito mais tempo para chegar a tempo, obter financiamento e ser implementada.<\/p>\n<p><strong>Os mercados el\u00e9tricos est\u00e3o se recuperando aos poucos, chegando este m\u00eas de fevereiro a fechar abaixo dos 45 \u20ac\/MWh, o que significa voltar aos 21% de IVA na fatura de luz. A que se deve essa queda de pre\u00e7os?<\/strong><\/p>\n<p>Sim, em fevereiro, como voc\u00ea mencionou, tem ca\u00eddo. Na primeira semana est\u00e1vamos a 70 \u20ac\/MWh, depois na segunda a 50 \u20ac\/MWh e depois terminamos em 30 \u20ac\/MWh com todo o vento que tivemos. E isso \u00e9 fundamentalmente devido \u00e0 queda do pre\u00e7o do g\u00e1s que observamos principalmente desde o final de outubro. O g\u00e1s estava acima de 50 \u20ac\/MWh e no final de fevereiro estamos vendo que estamos em 23 \u20ac\/MWh. Ou seja, rompemos a barreira do ch\u00e3o dos 25 euros por megawatt-hora, que \u00e9 um caminho em que est\u00e1vamos antes do COVID no g\u00e1s historicamente. Oscilava entre 15 \u20ac\/MWh e 25 \u20ac\/MWh, e agora voltamos a essa trajet\u00f3ria, o que \u00e9 positivo. Desde outubro para c\u00e1, caiu 50%, n\u00e3o s\u00f3 o TTF, mas tamb\u00e9m nos Estados Unidos, e \u00e9 a causa dessa queda t\u00e3o acentuada que tivemos em fevereiro, tanto no Spot quanto nos mercados futuros. Ent\u00e3o, estamos voltando a recuperar a situa\u00e7\u00e3o pr\u00e9-Covid, por assim dizer.<\/p>\n<p><strong>A queda nos pre\u00e7os dos direitos de emiss\u00e3o de CO<sub>2<\/sub> e a queda da demanda que houve na Europa influenciaram de alguma forma?<\/strong><\/p>\n<p>O pre\u00e7o do CO<sub>2<\/sub> estava em outubro em cerca de 85 euros por tonelada. Agora estamos em 50 \u20ac\/t. A tonelada caiu 35 euros em quatro meses. Isso, evidentemente, \u00e9 um fator que tamb\u00e9m influenciou. A demanda foi relativamente baixa neste inverno. Foi um inverno relativamente ameno comparado com outros que tivemos, e isso tamb\u00e9m influencia no consumo de eletricidade e de g\u00e1s. T\u00ednhamos, vamos dizer, muito g\u00e1s armazenado desde o outono. Fomos armazenando durante 2023, o que fez com que n\u00e3o pass\u00e1ssemos pelo que aconteceu em 2021, quando ficamos sem g\u00e1s. E agora enfrentamos bem o inverno que foi relativamente suave. Os mercados futuros s\u00e3o muito influenciados pelas quedas bruscas do Spot. Todas essas causas fazem com que estejamos chegando a pre\u00e7os pr\u00e9-Covid de alguma maneira.<\/p>\n<p><strong>Essa queda dos pre\u00e7os estar\u00e1 afetando de alguma forma os contratos de renov\u00e1veis a longo prazo ou PPA.<\/strong><\/p>\n<p>Quanto aos PPAs, isso n\u00e3o \u00e9 bom para os desenvolvedores, para os patrocinadores \u00e9 um desastre. Agora estamos em uma situa\u00e7\u00e3o que podemos dizer que \u00e9 cr\u00edtica, porque os off-takers, que s\u00e3o os que compram o PPA, est\u00e3o vendo pre\u00e7os de mercado muito, muito atraentes, baixos. E dizem, como vou me comprometer com um PPA de 10 anos a um pre\u00e7o que talvez n\u00e3o seja t\u00e3o baixo quanto eu quero, quando j\u00e1 tenho pre\u00e7os baixos com os quais posso ir ao mercado? Ent\u00e3o isso est\u00e1 fazendo com que muitos contratos que estavam avan\u00e7ados estejam sendo congelados de alguma maneira.<\/p>\n<p><strong>E isso pode afetar tamb\u00e9m o desenvolvimento renov\u00e1vel futuro no pa\u00eds.<\/strong><\/p>\n<p>Isso \u00e9 grave porque se o sinal de pre\u00e7os que os off-takers, que s\u00e3o os compradores, est\u00e1 vendo diminuir, \u00e9 um momento em que o PPA que pode ser oferecido a eles n\u00e3o \u00e9 rent\u00e1vel do ponto de vista do financiamento, o que pode complicar a situa\u00e7\u00e3o.<\/p>\n<p><strong>Falamos muito sobre a import\u00e2ncia do armazenamento para o sistema el\u00e9trico nacional. Vemos que a grande produ\u00e7\u00e3o de energias renov\u00e1veis no mercado est\u00e1 levando a pre\u00e7os muito baixos, o que faz com que as pr\u00f3prias usinas se canibalizem e n\u00e3o consigam cobrir nem seus custos. Ent\u00e3o, sim, est\u00e1 se vendo que h\u00e1 uma necessidade de atrair e injetar armazenamento. Mas est\u00e1 demorando? Como voc\u00eas veem<\/strong> <strong>isso da AleaSoft? Quando ocorrer\u00e1 esse boom do armazenamento de baterias?<\/strong><\/p>\n<p>As baterias s\u00e3o a salva\u00e7\u00e3o do mercado e das renov\u00e1veis e, portanto, da transi\u00e7\u00e3o. \u00c9 um aspecto cr\u00edtico. Ou seja, \u00e9 t\u00e3o importante construir parques fotovoltaicos e e\u00f3licos quanto construir instala\u00e7\u00f5es de armazenamento. Falamos de energias que n\u00e3o s\u00e3o control\u00e1veis e a \u00fanica maneira de fazer isso \u00e9 com a bateria, com o armazenamento. Ent\u00e3o, este ano esperamos que os pagamentos por capacidade possam ser implementados e a partir de 2025 vejamos as primeiras licita\u00e7\u00f5es. \u00c9 o que o setor espera. \u00c9 fundamental que este vetor, o do armazenamento, seja fortalecido.<\/p>\n<p><strong>Nas vossas previs\u00f5es de pre\u00e7os para quando o armazenamento chegar, como pode ficar a curva de pre\u00e7os na Espanha?<\/strong><\/p>\n<p>A receita fundamental do armazenamento \u00e9 a arbitragem entre o dia e a noite. Portanto, quando come\u00e7a a haver mais fotovoltaica, ent\u00e3o as baterias come\u00e7am a armazenar e o pre\u00e7o n\u00e3o cai tanto. E da mesma forma \u00e0 noite, a bateria come\u00e7a a injetar \u00e0 noite e o pre\u00e7o tamb\u00e9m n\u00e3o sobe tanto, h\u00e1 um equil\u00edbrio que vai compensando essas oscila\u00e7\u00f5es.<\/p>\n<p><strong>Os desenvolvedores de baterias est\u00e3o vos contactando para saber mais ou menos quanto poder\u00e3o cobrar por suas baterias?<\/strong><\/p>\n<p>N\u00f3s criamos uma divis\u00e3o na empresa para todo o tema de armazenamento, fazendo uma s\u00e9rie de ferramentas para ajudar na gest\u00e3o da bateria a curto prazo, para ver a receita que essa bateria vai gerar e para desenhar a bateria, como us\u00e1-la, se s\u00e3o baterias de quatro horas, de duas horas, uma hora. H\u00e1 tamb\u00e9m baterias standalone e baterias como parte da hibridiza\u00e7\u00e3o de um parque. Temos uma s\u00e9rie de ferramentas que desenvolvemos para fazer esses c\u00e1lculos. Ou seja, qual \u00e9 a melhor bateria para colocar? Ou a capacidade da bateria que deve ser colocada para que seja o mais rent\u00e1vel poss\u00edvel.<\/p>\n<p><strong>Depois do desenvolvimento das renov\u00e1veis e do armazenamento, quais outros vetores voc\u00eas veem da AleaSoft para que esta transi\u00e7\u00e3o energ\u00e9tica continue avan\u00e7ando?<\/strong><\/p>\n<p>O outro vetor que temos s\u00e3o as redes, \u00e9 preciso desenvolver as redes, a rede de transporte, a rede de distribui\u00e7\u00e3o e as trocas internacionais. Isso \u00e9 fundamental. Por exemplo, hoje estivemos conversando com alguns dos nossos clientes que est\u00e3o comentando que em Madrid podem ser instalados Data Centers, mas que n\u00e3o h\u00e1 capacidade suficiente. A rede n\u00e3o est\u00e1 preparada para tanta energia renov\u00e1vel. Os investimentos que precisam ser feitos em redes s\u00e3o bilion\u00e1rios, mas n\u00e3o vemos o dinamismo que deveria ter.<\/p>\n<p>Outro vetor tamb\u00e9m fundamental \u00e9 a demanda renov\u00e1vel. A demanda renov\u00e1vel \u00e9 b\u00e1sica. Quero dizer, se n\u00e3o temos um consumidor de energia renov\u00e1vel, sobra-nos gera\u00e7\u00e3o. Aqui \u00e9 fundamental, por exemplo, desenvolver a demanda renov\u00e1vel tanto no transporte quanto na ind\u00fastria. Ou seja, eliminar todos os combust\u00edveis f\u00f3sseis que ainda s\u00e3o consumidos, que representam cerca de 60% do consumo. E por isso podemos dizer que h\u00e1 muitas perspectivas para a fotovoltaica e a e\u00f3lica, porque h\u00e1 muita demanda renov\u00e1vel, ou seja, muita demanda que agora n\u00e3o \u00e9 renov\u00e1vel, que pode ser atendida com essas produ\u00e7\u00f5es de energia limpa.<\/p>\n<p><strong>Tamb\u00e9m queria saber como voc\u00eas da AleaSoft veem todo o tema do hidrog\u00eanio? Voc\u00eas acham que isso vai avan\u00e7ar?<\/strong><\/p>\n<p>O hidrog\u00eanio verde poder\u00edamos dizer que \u00e9 um vetor fundamental da demanda renov\u00e1vel tanto para o transporte quanto para a ind\u00fastria. Agora com todo este desenvolvimento que pensamos, o hidrog\u00eanio verde vai ganhar mais protagonismo. Tamb\u00e9m para produzir amon\u00edaco, para produzir metanol, outros tipos de combust\u00edveis. \u00c9 um vetor fundamental para o grande transporte, para caminh\u00f5es, navios ou avi\u00f5es e, claro, para toda a ind\u00fastria, ou seja, toda a demanda que n\u00e3o est\u00e1 eletrificada.<\/p>\n<p><strong>Como voc\u00eas da AleaSoft veem o fato de a Espanha ser um dos poucos pa\u00edses que quer abandonar a energia nuclear ap\u00f3s a crise energ\u00e9tica que vivenciamos?<\/strong><\/p>\n<p>N\u00f3s, da AleaSoft, transmitimos a mensagem de que as centrais nucleares devem ser, acima de tudo, seguras e rent\u00e1veis. Isso \u00e9 o principal e o mercado \u00e9 quem decide. N\u00e3o \u00e9 aceit\u00e1vel termos centrais que precisem, por exemplo, de 50 \u20ac\/MWh quando o pre\u00e7o est\u00e1 a 40 \u20ac\/MWh. Porque essa central nuclear se torna uma ONG de gera\u00e7\u00e3o. Se a nuclear n\u00e3o \u00e9 rent\u00e1vel, fecha-se, e se n\u00e3o \u00e9 segura tamb\u00e9m. N\u00e3o \u00e9 uma quest\u00e3o regulat\u00f3ria de mais tempo ou menos tempo, mas sim de serem rent\u00e1veis e os propriet\u00e1rios quererem mant\u00ea-las e serem seguras, ent\u00e3o que se mantenham por 50 ou 60 anos.<\/p>\n<p><strong>Vamos voltar um pouco ao tema dos PPA porque sei que voc\u00eas t\u00eam um Marketplace de PPA e outro de ativos e projetos renov\u00e1veis, o que \u00e9 isso?<\/strong><\/p>\n<p>Temos 25 anos de hist\u00f3ria, como voc\u00ea sabe, e trabalhamos, ou estamos trabalhando com grandes e m\u00e9dias empresas, com todo o setor, tanto os que produzem quanto os que consomem. E organicamente temos facilitado acordos entre uns e outros, porque todos usam nossas previs\u00f5es, que s\u00e3o uma refer\u00eancia no n\u00edvel espanhol. Todos as utilizam. E ent\u00e3o, j\u00e1 \u00e9 um primeiro passo para se chegar a um acordo sobre um PPA, que \u00e9 um contrato de longo prazo. Se ambos veem o mesmo pre\u00e7o para os pr\u00f3ximos 10 ou 15 anos, ent\u00e3o o acordo \u00e9 mais f\u00e1cil. Gradualmente, temos facilitado acordos entre os off-takers e os patrocinadores.<\/p>\n<p>Mas desde o final do ano passado dissemos, vamos tornar isso mais massivo, n\u00e3o s\u00f3 com nossos clientes, mas abrindo para outros agentes do mercado. E est\u00e1 tendo sucesso. Agora temos muitos contratos de assinatura e isso tamb\u00e9m nos permitiu ver o mercado por dentro. Antes v\u00edamos o PPA por fora, como voc\u00ea v\u00ea, um pre\u00e7o mais ou menos, mas agora estamos vendo como o pre\u00e7o \u00e9 formado, qual \u00e9 a varia\u00e7\u00e3o dos pre\u00e7os, que pre\u00e7o cada um oferece tanto para comprar quanto para vender. E isso est\u00e1 nos dando uma vis\u00e3o profunda do assunto.<\/p>\n<p><strong>Voc\u00eas s\u00e3o uma das poucas consultorias dedicadas a isso das previs\u00f5es de pre\u00e7os que utilizaram a Intelig\u00eancia Artificial h\u00e1 v\u00e1rios anos. Queria saber se realmente foi um acerto e se isso da IA funcionou.<\/strong><\/p>\n<p>A Intelig\u00eancia Artificial agora est\u00e1 na moda. Acredito que o ano de 2023 tenha sido um ponto de inflex\u00e3o no que diz respeito \u00e0 Intelig\u00eancia Artificial, seus usos, suas aplica\u00e7\u00f5es e, acima de tudo, na familiariza\u00e7\u00e3o do p\u00fablico com ela, mas a Intelig\u00eancia Artificial tem muito mais de 50 anos. Agora, com toda a capacidade de c\u00e1lculo que existe, mais a capacidade de armazenamento de dados infinitos que podem ser analisados, est\u00e1 ocorrendo um salto qualitativo na Intelig\u00eancia Artificial.<\/p>\n<p>N\u00f3s, desde o primeiro momento, utilizamos uma metodologia baseada em Intelig\u00eancia Artificial que funcionou em todos os mercados e em todos os horizontes. Sim, funcionou, foi um grande sucesso porque conseguimos, nesses 25 anos, que as previs\u00f5es sejam boas, robustas e est\u00e1veis o tempo todo.<\/p>\n<p><strong>Em que se diferenciam os vossos servi\u00e7os da concorr\u00eancia? O que destacariam dos vossos modelos de previs\u00e3o?<\/strong><\/p>\n<p>Temos um modelo cient\u00edfico de grande qualidade e consist\u00eancia, que \u00e9 o mais importante. N\u00e3o fazemos previs\u00f5es nem otimistas nem pessimistas. Muitas vezes mencionamos um gr\u00e1fico, apresentamos um gr\u00e1fico com uma previs\u00e3o que fizemos em outubro de 2010 e que ainda vemos funcionando. Voc\u00ea v\u00ea que tem funcionado e ainda apresenta pouca variabilidade atualmente. E isso que, em 2010, quando o fizemos, o que t\u00ednhamos era carv\u00e3o, ainda havia fuel, havia menos e\u00f3lica do que agora e o desenvolvimento da fotovoltaica ainda era muito incipiente na Espanha.<\/p>\n<div style='margin-top: 20px;margin-bottom: 20px;'><a title='AleaSoft - curva precios largo plazo MIBEL' href='https:\/\/aleasoft.com\/wp-content\/uploads\/2024\/03\/20240304-AleaSoft-curva-precios-largo-plazo-MIBEL.webp'><img class='aligncenter' src='https:\/\/aleasoft.com\/wp-content\/uploads\/2024\/03\/20240304-AleaSoft-curva-precios-largo-plazo-MIBEL.webp' alt='AleaSoft - curva precios largo plazo MIBEL' width='740'\/><\/a><span style='font-size: small;'>Previsi\u00f3n de precios de largo plazo del mercado ib\u00e9rico de electricidad MIBEL realizada a finales de octubre de 2010 por AleaSoft.<br \/>Fuente: AleaSoft Energy Forecasting.<\/span><\/div>\n<p>No entanto, a previs\u00e3o \u00e9 boa. E por qu\u00ea? Porque \u00e9 um modelo baseado no equil\u00edbrio de mercado, e esse equil\u00edbrio \u00e9 quanto est\u00e1 disposto a pagar quem compra e quanto est\u00e1 disposto a vender quem produz. Esse equil\u00edbrio \u00e9 fundamental. Oferta e demanda, isso \u00e9 b\u00e1sico e tamb\u00e9m h\u00e1 o equil\u00edbrio entre tecnologias rent\u00e1veis e tecnologias n\u00e3o rent\u00e1veis.<\/p>\n<p>O fuel n\u00e3o saiu por decreto. O fuel saiu porque ficava cada vez mais caro e veio outra tecnologia, que era o g\u00e1s, que foi substituindo. O g\u00e1s tamb\u00e9m substituiu o carv\u00e3o. A e\u00f3lica tamb\u00e9m tem substitu\u00eddo o g\u00e1s. Ent\u00e3o, uma tecnologia vai substituindo a outra, mas o equil\u00edbrio de mercado se mant\u00e9m. Por isso, essa previs\u00e3o que fizemos h\u00e1 13 anos ainda \u00e9 v\u00e1lida. E essa \u00e9 uma das coisas que nos diferencia da concorr\u00eancia. N\u00f3s olhamos para o futuro e para as vari\u00e1veis futuras, mas tamb\u00e9m para o que aconteceu no passado e o que est\u00e1 acontecendo no presente, essa \u00e9 a diferen\u00e7a fundamental, por isso nossa qualidade e nossa consist\u00eancia.<\/p>\n<p><strong>Como voc\u00ea comentou, neste 2024, celebramos 25 anos que praticamente vivemos em parceria com o mercado el\u00e9trico, quase como uma esp\u00e9cie de casamento. Como voc\u00eas viveram esses 25 anos ou como o mercado el\u00e9trico mudou durante esses 25 anos? O que mais chamou a aten\u00e7\u00e3o de voc\u00eas durante todo esse tempo e o que voc\u00eas acham que marcou o setor para o futuro?<\/strong><\/p>\n<p>Esses 25 anos foram de mudan\u00e7a. Quando come\u00e7amos em 1999, ou seja, no s\u00e9culo passado, no mil\u00eanio passado, apenas a demanda era o mais importante porque n\u00e3o havia renov\u00e1veis. Era necess\u00e1rio fazer previs\u00f5es de demanda com muita qualidade. E come\u00e7amos fazendo previs\u00f5es de demanda, depois previs\u00f5es de pre\u00e7os e pouco a pouco os agentes foram chegando. Ou seja, vivemos o mercado desde o seu nascimento. Vimos como a e\u00f3lica come\u00e7ou a florescer e tivemos que come\u00e7ar a fazer previs\u00f5es e\u00f3licas a curto, m\u00e9dio e longo prazo. Antes da e\u00f3lica vieram os ciclos combinados, que foram uma revolu\u00e7\u00e3o. Eles foram nossos clientes \u00e0 medida que surgiram. Depois veio a e\u00f3lica e as principais empresas que desenvolveram a e\u00f3lica s\u00e3o nossas clientes. Depois a fotovoltaica. Com as renov\u00e1veis, as previs\u00f5es de longo prazo ganham muito mais import\u00e2ncia.<\/p>\n<p>Al\u00e9m disso, o mercado se diversificou muito. Quando come\u00e7amos h\u00e1 25 anos, havia muito poucos agentes e agora acredito que haja cerca de 500 agentes no mercado vendendo e comprando eletricidade.<\/p>\n<p><strong>Queria saber se a entrada das renov\u00e1veis no mercado foi o maior desafio que o setor enfrentou, ou seja, mudar de uma mistura puramente t\u00e9rmica mais a hidrel\u00e9trica, baseada em combust\u00edveis f\u00f3sseis e com uma capacidade de gera\u00e7\u00e3o bastante alta para uma mistura controlada ou<\/strong> <strong>marcada pelas energias renov\u00e1veis, que s\u00e3o mais intermitentes e que precisam ser melhor geridas. Esse foi o grande desafio que o setor viveu?<\/strong><\/p>\n<p>H\u00e1 25 anos t\u00ednhamos as nucleares, que s\u00e3o a base, t\u00ednhamos a hidr\u00e1ulica que \u00e9 gerenci\u00e1vel, t\u00ednhamos o carv\u00e3o e depois os ciclos combinados, que tamb\u00e9m s\u00e3o gerenci\u00e1veis, ou seja, era um mercado gerenci\u00e1vel. Depois vem a e\u00f3lica trazendo cada vez mais energia para o mercado e j\u00e1 \u00e9 um problema, porque para o gestor da rede \u00e9 complicado. Estamos falando de muito mais vento ou muito menos vento. Isso provoca desequil\u00edbrios no mercado, principalmente no sistema el\u00e9trico. \u00c9 necess\u00e1rio entrar com mercados de ajustes. E sim, tem sido um grande desafio, especialmente pela pouca gerenciabilidade dessas tecnologias.<\/p>\n<p>Por isso diz\u00edamos que precisamos das baterias. S\u00e3o imprescind\u00edveis. N\u00e3o podemos deixar de ter g\u00e1s, porque agora o g\u00e1s \u00e9 a nossa bateria. Temos g\u00e1s em um tubo ou em um tanque e quando precisamos \u00e0 noite o usamos ou quando precisamos no inverno o usamos. Ali\u00e1s, este tema do inverno \u00e9 outra coisa que sempre falamos, o armazenamento sazonal. Ningu\u00e9m falava disso. Quando n\u00e3o tivermos g\u00e1s, o que vamos fazer no inverno, quando n\u00e3o tivermos vento e n\u00e3o tivermos sol? Temos que come\u00e7ar a pensar. Tamb\u00e9m temos que ver o hidrog\u00eanio n\u00e3o s\u00f3 como vetor fundamental para a ind\u00fastria de transporte, mas como um vetor de armazenamento estrat\u00e9gico para o inverno. Ser\u00e1 produzido quando tivermos renov\u00e1veis, armazenado e usado no inverno, se realmente acreditarmos na descarboniza\u00e7\u00e3o e que n\u00e3o teremos os ciclos combinados dispon\u00edveis quando n\u00e3o tivermos nenhum combust\u00edvel f\u00f3ssil.<\/p>\n<p><strong>N\u00e3o queria deixar de comentar contigo sobre o tema da reforma do mercado. Voc\u00ea acha que era necess\u00e1rio tanto alvoro\u00e7o quanto se montou para depois n\u00e3o ter avan\u00e7ado tanto quanto nos quiseram vender? Dizia-se que o mercado estava quebrado e todo mundo criticava. Como voc\u00eas viram<\/strong> <strong>tudo isso? O mercado precisa de mais mudan\u00e7as ou precisa de alguma mudan\u00e7a para o futuro?<\/strong><\/p>\n<p>N\u00f3s, como voc\u00ea conhece, publicamos em seu jornal duas vezes por semana e sempre dissemos que o mercado marginalista \u00e9 o que havia, o que h\u00e1 e o que haver\u00e1, porque n\u00e3o se encontrou algo melhor. Ou seja, critica-se muito, mas funciona. Funcionou durante a COVID e agora, com a crise da Ucr\u00e2nia, tamb\u00e9m funcionou. As pessoas diziam que estava mal projetado, e viu-se o contr\u00e1rio.<\/p>\n<p><strong>A isso deve-se acrescentar que a especula\u00e7\u00e3o estava no g\u00e1s.<\/strong><\/p>\n<p>Tudo foi manipula\u00e7\u00e3o da R\u00fassia, que em 2021 j\u00e1 sabia que ia invadir a Ucr\u00e2nia e come\u00e7ou a cortar o fornecimento porque pensou que, pressionando a Europa com os pre\u00e7os da energia, a Europa n\u00e3o ajudaria suficientemente a Ucr\u00e2nia e faria vista grossa, o que claramente n\u00e3o aconteceu, e os pre\u00e7os subiram por isso, mas o mercado funcionou. O mercado marginalista funciona, porque n\u00e3o s\u00f3 funciona no mercado Spot, mas esse mercado depois \u00e9 o que se toma de refer\u00eancia para os pr\u00f3ximos 20 anos, todo o futuro.<\/p>\n<p>E tamb\u00e9m no que as pessoas n\u00e3o veem, nos mercados de ajuste, que tamb\u00e9m s\u00e3o todos marginalistas. Ent\u00e3o, tudo \u00e9 coerente e tudo funciona. Al\u00e9m disso, \u00e9 um mercado integrado na Europa, o mesmo mercado. Ent\u00e3o, quando o pre\u00e7o subia, havia gente que falava em reform\u00e1-lo. Agora que o pre\u00e7o est\u00e1 baixando, ningu\u00e9m diz nada. Ou seja, nesses dias em que tivemos pre\u00e7os zero por algumas horas, ningu\u00e9m diz que \u00e9 necess\u00e1rio reformar o mercado. Temos que nos acostumar que h\u00e1 vezes que os pre\u00e7os s\u00e3o altos e outras vezes baixos, dependendo do pre\u00e7o do g\u00e1s, do pre\u00e7o do CO<sub>2<\/sub> e de como as renov\u00e1veis est\u00e3o produzindo.<\/p>\n<p><strong>Vamos terminar esta entrevista com Antonio Delgado Rigal da AleaSoft felicitando-os pelo seu vig\u00e9simo quinto anivers\u00e1rio e o que<\/strong> <strong>realmente me deixa curioso \u00e9 saber como voc\u00eas v\u00e3o celebrar, voc\u00eas planejam fazer algo?<\/strong><\/p>\n<p>Estamos falando com algumas pessoas para ver se nos ajudam a organizar algum tipo de atividade de celebra\u00e7\u00e3o em outubro, ent\u00e3o estamos gerenciando este assunto para poder celebrar com nossos clientes ou potenciais clientes.<\/p>\n","protected":false},"excerpt":{"rendered":"<p>AleaSoft Energy Forecasting, 4 de mar\u00e7o de 2024. Entrevista de Ram\u00f3n Roca, diretor de O Jornal da Energia, a Antonio Delgado Rigal, Doutor em Intelig\u00eancia Artificial, fundador e CEO da AleaSoft Energy Forecasting. O ano come\u00e7ou um pouco incerto, parecia que haveria muita incerteza, mas o governo aprovou o Real Decreto que modificava os marcos [&hellip;]<\/p>\n","protected":false},"author":3,"featured_media":141870,"comment_status":"closed","ping_status":"closed","sticky":false,"template":"","format":"standard","meta":{"footnotes":""},"categories":[7514],"tags":[],"class_list":["post-141968","post","type-post","status-publish","format-standard","has-post-thumbnail","hentry","category-noticias"],"yoast_head":"<!-- This site is optimized with the Yoast SEO Premium plugin v27.4 (Yoast SEO v27.4) - https:\/\/yoast.com\/product\/yoast-seo-premium-wordpress\/ -->\n<title>Entrevista de O Jornal da Energia a Antonio Delgado Rigal, Doutor em Intelig\u00eancia Artificial e CEO da AleaSoft Energy Forecasting - AleaSoft Energy Forecasting<\/title>\n<meta name=\"robots\" content=\"index, follow, max-snippet:-1, max-image-preview:large, max-video-preview:-1\" \/>\n<link rel=\"canonical\" href=\"https:\/\/aleasoft.com\/entrevista-de-o-jornal-da-energia-a-antonio-delgado-rigal-doutor-em-inteligencia-artificial-e-ceo-da-aleasoft-energy-forecasting\/\" \/>\n<meta property=\"og:locale\" content=\"pt_PT\" \/>\n<meta property=\"og:type\" content=\"article\" \/>\n<meta property=\"og:title\" content=\"Entrevista de O Jornal da Energia a Antonio Delgado Rigal, Doutor em Intelig\u00eancia Artificial e CEO da AleaSoft Energy Forecasting\" \/>\n<meta property=\"og:description\" content=\"AleaSoft Energy Forecasting, 4 de mar\u00e7o de 2024. Entrevista de Ram\u00f3n Roca, diretor de O Jornal da Energia, a Antonio Delgado Rigal, Doutor em Intelig\u00eancia Artificial, fundador e CEO da AleaSoft Energy Forecasting. O ano come\u00e7ou um pouco incerto, parecia que haveria muita incerteza, mas o governo aprovou o Real Decreto que modificava os marcos [&hellip;]\" \/>\n<meta property=\"og:url\" content=\"https:\/\/aleasoft.com\/entrevista-de-o-jornal-da-energia-a-antonio-delgado-rigal-doutor-em-inteligencia-artificial-e-ceo-da-aleasoft-energy-forecasting\/\" \/>\n<meta property=\"og:site_name\" content=\"AleaSoft Energy Forecasting\" \/>\n<meta property=\"article:publisher\" content=\"https:\/\/www.facebook.com\/AleaSoft\/\" \/>\n<meta property=\"article:published_time\" content=\"2024-03-04T11:31:50+00:00\" \/>\n<meta property=\"article:modified_time\" content=\"2024-03-05T16:01:26+00:00\" \/>\n<meta property=\"og:image\" content=\"https:\/\/aleasoft.com\/wp-content\/uploads\/2024\/03\/20240304-AleaSoft-Antonio-Delgado-Rigal-CEO.webp\" \/>\n\t<meta property=\"og:image:width\" content=\"740\" \/>\n\t<meta property=\"og:image:height\" content=\"412\" \/>\n\t<meta property=\"og:image:type\" content=\"image\/webp\" \/>\n<meta name=\"author\" content=\"AleaSoft Energy Forecasting\" \/>\n<meta name=\"twitter:card\" content=\"summary_large_image\" \/>\n<meta name=\"twitter:creator\" content=\"@AleaSoftEnergy\" \/>\n<meta name=\"twitter:site\" content=\"@AleaSoftEnergy\" \/>\n<meta name=\"twitter:label1\" content=\"Escrito por\" \/>\n\t<meta name=\"twitter:data1\" content=\"AleaSoft Energy Forecasting\" \/>\n\t<meta name=\"twitter:label2\" content=\"Tempo estimado de leitura\" \/>\n\t<meta name=\"twitter:data2\" content=\"14 minutos\" \/>\n<script type=\"application\/ld+json\" class=\"yoast-schema-graph\">{\"@context\":\"https:\\\/\\\/schema.org\",\"@graph\":[{\"@type\":\"Article\",\"@id\":\"https:\\\/\\\/aleasoft.com\\\/entrevista-de-o-jornal-da-energia-a-antonio-delgado-rigal-doutor-em-inteligencia-artificial-e-ceo-da-aleasoft-energy-forecasting\\\/#article\",\"isPartOf\":{\"@id\":\"https:\\\/\\\/aleasoft.com\\\/pt\\\/entrevista-de-o-jornal-da-energia-a-antonio-delgado-rigal-doutor-em-inteligencia-artificial-e-ceo-da-aleasoft-energy-forecasting\\\/\"},\"author\":{\"name\":\"AleaSoft Energy Forecasting\",\"@id\":\"https:\\\/\\\/aleasoft.com\\\/#\\\/schema\\\/person\\\/e83ba5c714f71473e3096e6f5bffcd61\"},\"headline\":\"Entrevista de O Jornal da Energia a Antonio Delgado Rigal, Doutor em Intelig\u00eancia Artificial e CEO da AleaSoft Energy Forecasting\",\"datePublished\":\"2024-03-04T11:31:50+00:00\",\"dateModified\":\"2024-03-05T16:01:26+00:00\",\"mainEntityOfPage\":{\"@id\":\"https:\\\/\\\/aleasoft.com\\\/pt\\\/entrevista-de-o-jornal-da-energia-a-antonio-delgado-rigal-doutor-em-inteligencia-artificial-e-ceo-da-aleasoft-energy-forecasting\\\/\"},\"wordCount\":3415,\"publisher\":{\"@id\":\"https:\\\/\\\/aleasoft.com\\\/#organization\"},\"image\":{\"@id\":\"https:\\\/\\\/aleasoft.com\\\/entrevista-de-o-jornal-da-energia-a-antonio-delgado-rigal-doutor-em-inteligencia-artificial-e-ceo-da-aleasoft-energy-forecasting\\\/#primaryimage\"},\"thumbnailUrl\":\"https:\\\/\\\/aleasoft.com\\\/wp-content\\\/uploads\\\/2024\\\/03\\\/20240304-AleaSoft-Antonio-Delgado-Rigal-CEO.webp\",\"articleSection\":[\"Not\u00edcias\"],\"inLanguage\":\"pt-PT\"},{\"@type\":\"WebPage\",\"@id\":\"https:\\\/\\\/aleasoft.com\\\/pt\\\/entrevista-de-o-jornal-da-energia-a-antonio-delgado-rigal-doutor-em-inteligencia-artificial-e-ceo-da-aleasoft-energy-forecasting\\\/\",\"url\":\"https:\\\/\\\/aleasoft.com\\\/entrevista-de-o-jornal-da-energia-a-antonio-delgado-rigal-doutor-em-inteligencia-artificial-e-ceo-da-aleasoft-energy-forecasting\\\/\",\"name\":\"Entrevista de O Jornal da Energia a Antonio Delgado Rigal, Doutor em Intelig\u00eancia Artificial e CEO da AleaSoft Energy Forecasting - AleaSoft Energy Forecasting\",\"isPartOf\":{\"@id\":\"https:\\\/\\\/aleasoft.com\\\/#website\"},\"primaryImageOfPage\":{\"@id\":\"https:\\\/\\\/aleasoft.com\\\/entrevista-de-o-jornal-da-energia-a-antonio-delgado-rigal-doutor-em-inteligencia-artificial-e-ceo-da-aleasoft-energy-forecasting\\\/#primaryimage\"},\"image\":{\"@id\":\"https:\\\/\\\/aleasoft.com\\\/entrevista-de-o-jornal-da-energia-a-antonio-delgado-rigal-doutor-em-inteligencia-artificial-e-ceo-da-aleasoft-energy-forecasting\\\/#primaryimage\"},\"thumbnailUrl\":\"https:\\\/\\\/aleasoft.com\\\/wp-content\\\/uploads\\\/2024\\\/03\\\/20240304-AleaSoft-Antonio-Delgado-Rigal-CEO.webp\",\"datePublished\":\"2024-03-04T11:31:50+00:00\",\"dateModified\":\"2024-03-05T16:01:26+00:00\",\"breadcrumb\":{\"@id\":\"https:\\\/\\\/aleasoft.com\\\/entrevista-de-o-jornal-da-energia-a-antonio-delgado-rigal-doutor-em-inteligencia-artificial-e-ceo-da-aleasoft-energy-forecasting\\\/#breadcrumb\"},\"inLanguage\":\"pt-PT\",\"potentialAction\":[{\"@type\":\"ReadAction\",\"target\":[\"https:\\\/\\\/aleasoft.com\\\/entrevista-de-o-jornal-da-energia-a-antonio-delgado-rigal-doutor-em-inteligencia-artificial-e-ceo-da-aleasoft-energy-forecasting\\\/\"]}]},{\"@type\":\"ImageObject\",\"inLanguage\":\"pt-PT\",\"@id\":\"https:\\\/\\\/aleasoft.com\\\/entrevista-de-o-jornal-da-energia-a-antonio-delgado-rigal-doutor-em-inteligencia-artificial-e-ceo-da-aleasoft-energy-forecasting\\\/#primaryimage\",\"url\":\"https:\\\/\\\/aleasoft.com\\\/wp-content\\\/uploads\\\/2024\\\/03\\\/20240304-AleaSoft-Antonio-Delgado-Rigal-CEO.webp\",\"contentUrl\":\"https:\\\/\\\/aleasoft.com\\\/wp-content\\\/uploads\\\/2024\\\/03\\\/20240304-AleaSoft-Antonio-Delgado-Rigal-CEO.webp\",\"width\":740,\"height\":412},{\"@type\":\"BreadcrumbList\",\"@id\":\"https:\\\/\\\/aleasoft.com\\\/entrevista-de-o-jornal-da-energia-a-antonio-delgado-rigal-doutor-em-inteligencia-artificial-e-ceo-da-aleasoft-energy-forecasting\\\/#breadcrumb\",\"itemListElement\":[{\"@type\":\"ListItem\",\"position\":1,\"name\":\"Home\",\"item\":\"https:\\\/\\\/aleasoft.com\\\/\"},{\"@type\":\"ListItem\",\"position\":2,\"name\":\"Entrevista de O Jornal da Energia a Antonio Delgado Rigal, Doutor em Intelig\u00eancia Artificial e CEO da AleaSoft Energy Forecasting\"}]},{\"@type\":\"WebSite\",\"@id\":\"https:\\\/\\\/aleasoft.com\\\/#website\",\"url\":\"https:\\\/\\\/aleasoft.com\\\/\",\"name\":\"AleaSoft Energy Forecasting\",\"description\":\"Energy Forecasting\",\"publisher\":{\"@id\":\"https:\\\/\\\/aleasoft.com\\\/#organization\"},\"potentialAction\":[{\"@type\":\"SearchAction\",\"target\":{\"@type\":\"EntryPoint\",\"urlTemplate\":\"https:\\\/\\\/aleasoft.com\\\/?s={search_term_string}\"},\"query-input\":{\"@type\":\"PropertyValueSpecification\",\"valueRequired\":true,\"valueName\":\"search_term_string\"}}],\"inLanguage\":\"pt-PT\"},{\"@type\":\"Organization\",\"@id\":\"https:\\\/\\\/aleasoft.com\\\/#organization\",\"name\":\"AleaSoft Energy Forecasting\",\"url\":\"https:\\\/\\\/aleasoft.com\\\/\",\"logo\":{\"@type\":\"ImageObject\",\"inLanguage\":\"pt-PT\",\"@id\":\"https:\\\/\\\/aleasoft.com\\\/#\\\/schema\\\/logo\\\/image\\\/\",\"url\":\"https:\\\/\\\/aleasoft.com\\\/wp-content\\\/uploads\\\/2020\\\/01\\\/logo-alea-25.svg\",\"contentUrl\":\"https:\\\/\\\/aleasoft.com\\\/wp-content\\\/uploads\\\/2020\\\/01\\\/logo-alea-25.svg\",\"width\":7047,\"height\":1416,\"caption\":\"AleaSoft Energy Forecasting\"},\"image\":{\"@id\":\"https:\\\/\\\/aleasoft.com\\\/#\\\/schema\\\/logo\\\/image\\\/\"},\"sameAs\":[\"https:\\\/\\\/www.facebook.com\\\/AleaSoft\\\/\",\"https:\\\/\\\/x.com\\\/AleaSoftEnergy\",\"https:\\\/\\\/www.linkedin.com\\\/company\\\/aleasoft\\\/\"]},{\"@type\":\"Person\",\"@id\":\"https:\\\/\\\/aleasoft.com\\\/#\\\/schema\\\/person\\\/e83ba5c714f71473e3096e6f5bffcd61\",\"name\":\"AleaSoft Energy Forecasting\",\"image\":{\"@type\":\"ImageObject\",\"inLanguage\":\"pt-PT\",\"@id\":\"https:\\\/\\\/secure.gravatar.com\\\/avatar\\\/9f3c80a49711746195eaa8b9dac85dd25b10ed81cf9cd40ba1c909b7c8d60bfb?s=96&d=mm&r=g\",\"url\":\"https:\\\/\\\/secure.gravatar.com\\\/avatar\\\/9f3c80a49711746195eaa8b9dac85dd25b10ed81cf9cd40ba1c909b7c8d60bfb?s=96&d=mm&r=g\",\"contentUrl\":\"https:\\\/\\\/secure.gravatar.com\\\/avatar\\\/9f3c80a49711746195eaa8b9dac85dd25b10ed81cf9cd40ba1c909b7c8d60bfb?s=96&d=mm&r=g\",\"caption\":\"AleaSoft Energy Forecasting\"}}]}<\/script>\n<!-- \/ Yoast SEO Premium plugin. -->","yoast_head_json":{"title":"Entrevista de O Jornal da Energia a Antonio Delgado Rigal, Doutor em Intelig\u00eancia Artificial e CEO da AleaSoft Energy Forecasting - AleaSoft Energy Forecasting","robots":{"index":"index","follow":"follow","max-snippet":"max-snippet:-1","max-image-preview":"max-image-preview:large","max-video-preview":"max-video-preview:-1"},"canonical":"https:\/\/aleasoft.com\/entrevista-de-o-jornal-da-energia-a-antonio-delgado-rigal-doutor-em-inteligencia-artificial-e-ceo-da-aleasoft-energy-forecasting\/","og_locale":"pt_PT","og_type":"article","og_title":"Entrevista de O Jornal da Energia a Antonio Delgado Rigal, Doutor em Intelig\u00eancia Artificial e CEO da AleaSoft Energy Forecasting","og_description":"AleaSoft Energy Forecasting, 4 de mar\u00e7o de 2024. Entrevista de Ram\u00f3n Roca, diretor de O Jornal da Energia, a Antonio Delgado Rigal, Doutor em Intelig\u00eancia Artificial, fundador e CEO da AleaSoft Energy Forecasting. O ano come\u00e7ou um pouco incerto, parecia que haveria muita incerteza, mas o governo aprovou o Real Decreto que modificava os marcos [&hellip;]","og_url":"https:\/\/aleasoft.com\/entrevista-de-o-jornal-da-energia-a-antonio-delgado-rigal-doutor-em-inteligencia-artificial-e-ceo-da-aleasoft-energy-forecasting\/","og_site_name":"AleaSoft Energy Forecasting","article_publisher":"https:\/\/www.facebook.com\/AleaSoft\/","article_published_time":"2024-03-04T11:31:50+00:00","article_modified_time":"2024-03-05T16:01:26+00:00","og_image":[{"width":740,"height":412,"url":"https:\/\/aleasoft.com\/wp-content\/uploads\/2024\/03\/20240304-AleaSoft-Antonio-Delgado-Rigal-CEO.webp","type":"image\/webp"}],"author":"AleaSoft Energy Forecasting","twitter_card":"summary_large_image","twitter_creator":"@AleaSoftEnergy","twitter_site":"@AleaSoftEnergy","twitter_misc":{"Escrito por":"AleaSoft Energy Forecasting","Tempo estimado de leitura":"14 minutos"},"schema":{"@context":"https:\/\/schema.org","@graph":[{"@type":"Article","@id":"https:\/\/aleasoft.com\/entrevista-de-o-jornal-da-energia-a-antonio-delgado-rigal-doutor-em-inteligencia-artificial-e-ceo-da-aleasoft-energy-forecasting\/#article","isPartOf":{"@id":"https:\/\/aleasoft.com\/pt\/entrevista-de-o-jornal-da-energia-a-antonio-delgado-rigal-doutor-em-inteligencia-artificial-e-ceo-da-aleasoft-energy-forecasting\/"},"author":{"name":"AleaSoft Energy Forecasting","@id":"https:\/\/aleasoft.com\/#\/schema\/person\/e83ba5c714f71473e3096e6f5bffcd61"},"headline":"Entrevista de O Jornal da Energia a Antonio Delgado Rigal, Doutor em Intelig\u00eancia Artificial e CEO da AleaSoft Energy Forecasting","datePublished":"2024-03-04T11:31:50+00:00","dateModified":"2024-03-05T16:01:26+00:00","mainEntityOfPage":{"@id":"https:\/\/aleasoft.com\/pt\/entrevista-de-o-jornal-da-energia-a-antonio-delgado-rigal-doutor-em-inteligencia-artificial-e-ceo-da-aleasoft-energy-forecasting\/"},"wordCount":3415,"publisher":{"@id":"https:\/\/aleasoft.com\/#organization"},"image":{"@id":"https:\/\/aleasoft.com\/entrevista-de-o-jornal-da-energia-a-antonio-delgado-rigal-doutor-em-inteligencia-artificial-e-ceo-da-aleasoft-energy-forecasting\/#primaryimage"},"thumbnailUrl":"https:\/\/aleasoft.com\/wp-content\/uploads\/2024\/03\/20240304-AleaSoft-Antonio-Delgado-Rigal-CEO.webp","articleSection":["Not\u00edcias"],"inLanguage":"pt-PT"},{"@type":"WebPage","@id":"https:\/\/aleasoft.com\/pt\/entrevista-de-o-jornal-da-energia-a-antonio-delgado-rigal-doutor-em-inteligencia-artificial-e-ceo-da-aleasoft-energy-forecasting\/","url":"https:\/\/aleasoft.com\/entrevista-de-o-jornal-da-energia-a-antonio-delgado-rigal-doutor-em-inteligencia-artificial-e-ceo-da-aleasoft-energy-forecasting\/","name":"Entrevista de O Jornal da Energia a Antonio Delgado Rigal, Doutor em Intelig\u00eancia Artificial e CEO da AleaSoft Energy Forecasting - AleaSoft Energy Forecasting","isPartOf":{"@id":"https:\/\/aleasoft.com\/#website"},"primaryImageOfPage":{"@id":"https:\/\/aleasoft.com\/entrevista-de-o-jornal-da-energia-a-antonio-delgado-rigal-doutor-em-inteligencia-artificial-e-ceo-da-aleasoft-energy-forecasting\/#primaryimage"},"image":{"@id":"https:\/\/aleasoft.com\/entrevista-de-o-jornal-da-energia-a-antonio-delgado-rigal-doutor-em-inteligencia-artificial-e-ceo-da-aleasoft-energy-forecasting\/#primaryimage"},"thumbnailUrl":"https:\/\/aleasoft.com\/wp-content\/uploads\/2024\/03\/20240304-AleaSoft-Antonio-Delgado-Rigal-CEO.webp","datePublished":"2024-03-04T11:31:50+00:00","dateModified":"2024-03-05T16:01:26+00:00","breadcrumb":{"@id":"https:\/\/aleasoft.com\/entrevista-de-o-jornal-da-energia-a-antonio-delgado-rigal-doutor-em-inteligencia-artificial-e-ceo-da-aleasoft-energy-forecasting\/#breadcrumb"},"inLanguage":"pt-PT","potentialAction":[{"@type":"ReadAction","target":["https:\/\/aleasoft.com\/entrevista-de-o-jornal-da-energia-a-antonio-delgado-rigal-doutor-em-inteligencia-artificial-e-ceo-da-aleasoft-energy-forecasting\/"]}]},{"@type":"ImageObject","inLanguage":"pt-PT","@id":"https:\/\/aleasoft.com\/entrevista-de-o-jornal-da-energia-a-antonio-delgado-rigal-doutor-em-inteligencia-artificial-e-ceo-da-aleasoft-energy-forecasting\/#primaryimage","url":"https:\/\/aleasoft.com\/wp-content\/uploads\/2024\/03\/20240304-AleaSoft-Antonio-Delgado-Rigal-CEO.webp","contentUrl":"https:\/\/aleasoft.com\/wp-content\/uploads\/2024\/03\/20240304-AleaSoft-Antonio-Delgado-Rigal-CEO.webp","width":740,"height":412},{"@type":"BreadcrumbList","@id":"https:\/\/aleasoft.com\/entrevista-de-o-jornal-da-energia-a-antonio-delgado-rigal-doutor-em-inteligencia-artificial-e-ceo-da-aleasoft-energy-forecasting\/#breadcrumb","itemListElement":[{"@type":"ListItem","position":1,"name":"Home","item":"https:\/\/aleasoft.com\/"},{"@type":"ListItem","position":2,"name":"Entrevista de O Jornal da Energia a Antonio Delgado Rigal, Doutor em Intelig\u00eancia Artificial e CEO da AleaSoft Energy Forecasting"}]},{"@type":"WebSite","@id":"https:\/\/aleasoft.com\/#website","url":"https:\/\/aleasoft.com\/","name":"AleaSoft Energy Forecasting","description":"Energy Forecasting","publisher":{"@id":"https:\/\/aleasoft.com\/#organization"},"potentialAction":[{"@type":"SearchAction","target":{"@type":"EntryPoint","urlTemplate":"https:\/\/aleasoft.com\/?s={search_term_string}"},"query-input":{"@type":"PropertyValueSpecification","valueRequired":true,"valueName":"search_term_string"}}],"inLanguage":"pt-PT"},{"@type":"Organization","@id":"https:\/\/aleasoft.com\/#organization","name":"AleaSoft Energy Forecasting","url":"https:\/\/aleasoft.com\/","logo":{"@type":"ImageObject","inLanguage":"pt-PT","@id":"https:\/\/aleasoft.com\/#\/schema\/logo\/image\/","url":"https:\/\/aleasoft.com\/wp-content\/uploads\/2020\/01\/logo-alea-25.svg","contentUrl":"https:\/\/aleasoft.com\/wp-content\/uploads\/2020\/01\/logo-alea-25.svg","width":7047,"height":1416,"caption":"AleaSoft Energy Forecasting"},"image":{"@id":"https:\/\/aleasoft.com\/#\/schema\/logo\/image\/"},"sameAs":["https:\/\/www.facebook.com\/AleaSoft\/","https:\/\/x.com\/AleaSoftEnergy","https:\/\/www.linkedin.com\/company\/aleasoft\/"]},{"@type":"Person","@id":"https:\/\/aleasoft.com\/#\/schema\/person\/e83ba5c714f71473e3096e6f5bffcd61","name":"AleaSoft Energy Forecasting","image":{"@type":"ImageObject","inLanguage":"pt-PT","@id":"https:\/\/secure.gravatar.com\/avatar\/9f3c80a49711746195eaa8b9dac85dd25b10ed81cf9cd40ba1c909b7c8d60bfb?s=96&d=mm&r=g","url":"https:\/\/secure.gravatar.com\/avatar\/9f3c80a49711746195eaa8b9dac85dd25b10ed81cf9cd40ba1c909b7c8d60bfb?s=96&d=mm&r=g","contentUrl":"https:\/\/secure.gravatar.com\/avatar\/9f3c80a49711746195eaa8b9dac85dd25b10ed81cf9cd40ba1c909b7c8d60bfb?s=96&d=mm&r=g","caption":"AleaSoft Energy Forecasting"}}]}},"_links":{"self":[{"href":"https:\/\/aleasoft.com\/pt\/wp-json\/wp\/v2\/posts\/141968","targetHints":{"allow":["GET"]}}],"collection":[{"href":"https:\/\/aleasoft.com\/pt\/wp-json\/wp\/v2\/posts"}],"about":[{"href":"https:\/\/aleasoft.com\/pt\/wp-json\/wp\/v2\/types\/post"}],"author":[{"embeddable":true,"href":"https:\/\/aleasoft.com\/pt\/wp-json\/wp\/v2\/users\/3"}],"replies":[{"embeddable":true,"href":"https:\/\/aleasoft.com\/pt\/wp-json\/wp\/v2\/comments?post=141968"}],"version-history":[{"count":0,"href":"https:\/\/aleasoft.com\/pt\/wp-json\/wp\/v2\/posts\/141968\/revisions"}],"wp:featuredmedia":[{"embeddable":true,"href":"https:\/\/aleasoft.com\/pt\/wp-json\/wp\/v2\/media\/141870"}],"wp:attachment":[{"href":"https:\/\/aleasoft.com\/pt\/wp-json\/wp\/v2\/media?parent=141968"}],"wp:term":[{"taxonomy":"category","embeddable":true,"href":"https:\/\/aleasoft.com\/pt\/wp-json\/wp\/v2\/categories?post=141968"},{"taxonomy":"post_tag","embeddable":true,"href":"https:\/\/aleasoft.com\/pt\/wp-json\/wp\/v2\/tags?post=141968"}],"curies":[{"name":"wp","href":"https:\/\/api.w.org\/{rel}","templated":true}]}}