{"id":142387,"date":"2024-03-18T14:35:30","date_gmt":"2024-03-18T13:35:30","guid":{"rendered":"https:\/\/aleasoft.com\/?p=142387"},"modified":"2024-03-19T20:43:33","modified_gmt":"2024-03-19T19:43:33","slug":"a-energia-fotovoltaica-em-marco-ja-atinge-os-niveis-de-agosto-do-ano-passado-na-peninsula-iberica","status":"publish","type":"post","link":"https:\/\/aleasoft.com\/pt\/a-energia-fotovoltaica-em-marco-ja-atinge-os-niveis-de-agosto-do-ano-passado-na-peninsula-iberica\/","title":{"rendered":"A energia fotovoltaica em mar\u00e7o j\u00e1 atinge os n\u00edveis de agosto do ano passado na Pen\u00ednsula Ib\u00e9rica"},"content":{"rendered":"<p><strong>AleaSoft Energy Forecasting, 18 de mar\u00e7o de 2024. Na segunda semana de mar\u00e7o, os pre\u00e7os nos mercados el\u00e9ctricos europeus mostraram poucas altera\u00e7\u00f5es em rela\u00e7\u00e3o \u00e0 semana anterior, exceto no mercado MIBEL, onde duplicaram. Ainda assim, a Pen\u00ednsula Ib\u00e9rica registou os pre\u00e7os mais baixos. O fotovoltaico em Espanha e Portugal atingiu os n\u00edveis do final de agosto e voltou a ser um recorde para um m\u00eas de mar\u00e7o. A produ\u00e7\u00e3o e\u00f3lica diminuiu na maioria dos mercados. No dia 14 de mar\u00e7o, os futuros do Brent atingiram o pre\u00e7o mais elevado desde o in\u00edcio de novembro, com $85,42\/bbl.<\/strong><\/p>\n<h2>Produ\u00e7\u00e3o solar fotovoltaica e solar t\u00e9rmica e produ\u00e7\u00e3o de energia e\u00f3lica<\/h2>\n<p>Na semana de 11 de mar\u00e7o, a <strong>produ\u00e7\u00e3o solar<\/strong> aumentou na maioria dos principais mercados europeus de eletricidade, em compara\u00e7\u00e3o com a semana anterior. O mercado espanhol registou o maior aumento, de 48%, invertendo a tend\u00eancia de queda da semana anterior. O mercado franc\u00eas registou o menor aumento, de 12%, subindo pela terceira semana consecutiva. O mercado alem\u00e3o constituiu uma exce\u00e7\u00e3o \u00e0 tend\u00eancia de subida. Neste mercado, ap\u00f3s quatro semanas de aumentos, a produ\u00e7\u00e3o solar registou uma quebra de 2,5%.<\/p>\n<p>Na Pen\u00ednsula Ib\u00e9rica, voltaram a ser batidos os recordes de maior <strong>produ\u00e7\u00e3o solar fotovoltaica<\/strong> para um m\u00eas de mar\u00e7o. No dia 12, os mercados espanhol e portugu\u00eas produziram 143 GWh e 14 GWh, respetivamente. Estes n\u00edveis de produ\u00e7\u00e3o foram registados pela \u00faltima vez no final de agosto.<\/p>\n<p>Para a semana de 18 de mar\u00e7o, de acordo com as <a href=\"https:\/\/aleasoft.com\/products-and-services\/solar-energy-forecasting\/\">previs\u00f5es de produ\u00e7\u00e3o solar<\/a> da <strong>AleaSoft Energy Forecasting<\/strong>, a tend\u00eancia observada na semana anterior ser\u00e1 invertida. A produ\u00e7\u00e3o solar aumentar\u00e1 na Alemanha, mas diminuir\u00e1 em Espanha e It\u00e1lia.<\/p>\n<p><div style='margin-top: 20px;margin-bottom: 20px;'><a title='AleaSoft - Solar photovoltaic thermosolar energy production electricity Europe' href='https:\/\/aleasoft.com\/wp-content\/uploads\/2024\/03\/20240318-AleaSoft-Solar-photovoltaic-thermosolar-energy-production-electricity-Europe.webp'><img class='aligncenter' src='https:\/\/aleasoft.com\/wp-content\/uploads\/2024\/03\/20240318-AleaSoft-Solar-photovoltaic-thermosolar-energy-production-electricity-Europe.webp' alt='AleaSoft - Solar photovoltaic thermosolar energy production electricity Europe' width='740'\/><\/a><span style='font-size: small;'>Fonte: Elaborado por AleaSoft Energy Forecasting com dados da ENTSO-E, RTE, REN, REE e TERNA.<\/span><\/div><br \/><div style='margin-top: 20px;margin-bottom: 20px;'><a title='AleaSoft - Solar photovoltaic production profile Europe' href='https:\/\/aleasoft.com\/wp-content\/uploads\/2024\/03\/20240318-AleaSoft-Solar-photovoltaic-production-profile-Europe.webp'><img class='aligncenter' src='https:\/\/aleasoft.com\/wp-content\/uploads\/2024\/03\/20240318-AleaSoft-Solar-photovoltaic-production-profile-Europe.webp' alt='AleaSoft - Solar photovoltaic production profile Europe' width='740'\/><\/a><span style='font-size: small;'>Fonte: Elaborado por AleaSoft Energy Forecasting com dados da ENTSO-E, RTE, REN, REE e TERNA.<\/span><\/div><\/p>\n<p>Na semana de 11 de mar\u00e7o, a <strong>produ\u00e7\u00e3o de energia e\u00f3lica<\/strong> diminuiu na maioria dos principais mercados europeus de eletricidade, em compara\u00e7\u00e3o com a semana anterior. O mercado portugu\u00eas registou a maior descida, de 61%, mantendo a tend\u00eancia de descida da semana anterior. O mercado alem\u00e3o registou a menor descida, de 4,9%, invertendo o aumento da semana anterior. Em contrapartida, a produ\u00e7\u00e3o de energia e\u00f3lica em Fran\u00e7a aumentou 1,1%, invertendo tamb\u00e9m a tend\u00eancia da semana anterior.<\/p>\n<p>Para a semana de 18 de mar\u00e7o, as <a href=\"https:\/\/aleasoft.com\/pt\/produtos-e-servicos\/previsoes-de-energia-eolica\/\">previs\u00f5es de produ\u00e7\u00e3o de energia e\u00f3lica<\/a> da <strong>AleaSoft Energy Forecasting<\/strong> prev\u00eaem a invers\u00e3o das tend\u00eancias observadas na maioria dos mercados na semana de 11 de mar\u00e7o. A produ\u00e7\u00e3o e\u00f3lica aumentar\u00e1 na Pen\u00ednsula Ib\u00e9rica e em It\u00e1lia e diminuir\u00e1 na Alemanha e em Fran\u00e7a.<\/p>\n<div style='margin-top: 20px;margin-bottom: 20px;'><a title='AleaSoft - Wind energy production electricity Europe' href='https:\/\/aleasoft.com\/wp-content\/uploads\/2024\/03\/20240318-AleaSoft-Wind-energy-production-electricity-Europe.webp'><img class='aligncenter' src='https:\/\/aleasoft.com\/wp-content\/uploads\/2024\/03\/20240318-AleaSoft-Wind-energy-production-electricity-Europe.webp' alt='AleaSoft - Wind energy production electricity Europe' width='740'\/><\/a><span style='font-size: small;'>Fonte: Elaborado por AleaSoft Energy Forecasting com dados da ENTSO-E, RTE, REN, REE e TERNA.<\/span><\/div>\n<h2>Procura de eletricidade<\/h2>\n<p>Na semana de 11 de mar\u00e7o, a <strong>procura de eletricidade<\/strong> caiu numa base semanal na maioria dos principais mercados europeus de eletricidade, continuando a tend\u00eancia descendente da semana anterior. O mercado franc\u00eas, onde a procura diminuiu pela segunda semana consecutiva, registou a maior descida, de 11%. O mercado belga registou a menor descida, de 1,2%, tamb\u00e9m pela segunda semana consecutiva. O mercado neerland\u00eas foi a exce\u00e7\u00e3o \u00e0 tend\u00eancia descendente. Neste mercado, ap\u00f3s quatro semanas de descida, a procura aumentou 4,1%.<\/p>\n<p>Ao mesmo tempo, as <strong>temperaturas m\u00e9dias<\/strong> aumentaram em todos os mercados europeus analisados. Os aumentos variaram entre 1,1\u00b0C em It\u00e1lia e 3,3\u00b0C em Portugal.<\/p>\n<p>Para a semana de 18 de mar\u00e7o, de acordo com as <a href=\"https:\/\/aleasoft.com\/pt\/produtos-e-servicos\/previsoes-demanda-energia\/\">previs\u00f5es de procura<\/a> da <strong>AleaSoft Energy Forecasting<\/strong>, a tend\u00eancia de descida continuar\u00e1 em Fran\u00e7a, Espanha, It\u00e1lia e B\u00e9lgica. Em contrapartida, a procura aumentar\u00e1 na Alemanha, em Portugal, na Gr\u00e3-Bretanha e nos Pa\u00edses Baixos.<\/p>\n<div style='margin-top: 20px;margin-bottom: 20px;'><a title='AleaSoft - Electricity demand European countries' href='https:\/\/aleasoft.com\/wp-content\/uploads\/2024\/03\/20240318-AleaSoft-Electricity-demand-European-countries.webp'><img class='aligncenter' src='https:\/\/aleasoft.com\/wp-content\/uploads\/2024\/03\/20240318-AleaSoft-Electricity-demand-European-countries.webp' alt='AleaSoft - Electricity demand European countries' width='740'\/><\/a><span style='font-size: small;'>Fonte: Elaborado por AleaSoft Energy Forecasting com dados da ENTSO-E, RTE, REN, REE, TERNA, National Grid e ELIA.<\/span><\/div>\n<h2>Mercados europeus de eletricidade<\/h2>\n<p>Durante a semana de 11 de mar\u00e7o, os pre\u00e7os m\u00e9dios na maioria dos principais mercados europeus de eletricidade mantiveram-se pouco alterados em rela\u00e7\u00e3o \u00e0 semana anterior. A exce\u00e7\u00e3o foi o <strong>mercado MIBEL<\/strong> em Espanha e Portugal. Depois de registar pre\u00e7os semanais inferiores a 15 \u20ac\/MWh na primeira semana de mar\u00e7o, na semana de 11 de mar\u00e7o voltou a atingir os maiores aumentos percentuais de pre\u00e7os ao ultrapassar a m\u00e9dia semanal de 30 \u20ac\/MWh. A m\u00e9dia do mercado espanhol registou um aumento de 136% e a do mercado portugu\u00eas de 141%. Os pre\u00e7os semanais tamb\u00e9m subiram no <strong>mercado N2EX<\/strong> do Reino Unido e no <strong>mercado <\/strong> da Holanda e da Alemanha, com aumentos de 0,6%, 1,0% e 5,9%, respetivamente. Nos outros mercados analisados no <strong>AleaSoft Energy Forecasting<\/strong>, os pre\u00e7os ca\u00edram entre 2,5% no mercado italiano <strong>IPEX<\/strong> e 15% no mercado n\u00f3rdico <strong>Nord Pool<\/strong>.<\/p>\n<p>Na segunda semana de mar\u00e7o, as m\u00e9dias semanais foram inferiores a 65 \u20ac\/MWh na maioria dos mercados europeus de eletricidade analisados. As excep\u00e7\u00f5es foram o mercado alem\u00e3o, o mercado brit\u00e2nico e o mercado italiano, com m\u00e9dias de 68,34 \u20ac\/MWh, 73,50 \u20ac\/MWh e 88,23 \u20ac\/MWh, respetivamente. Em contrapartida, apesar dos aumentos, os mercados portugu\u00eas e espanhol voltaram a registar os pre\u00e7os semanais mais baixos, com 30,89 \u20ac\/MWh e 33,24 \u20ac\/MWh, respetivamente. Nos restantes mercados analisados, os pre\u00e7os variaram entre 54,23 \u20ac\/MWh no mercado n\u00f3rdico e 63,24 \u20ac\/MWh no mercado holand\u00eas.<\/p>\n<p>No que respeita aos pre\u00e7os hor\u00e1rios, na segunda semana de mar\u00e7o, apenas o mercado ib\u00e9rico registou pre\u00e7os inferiores a 1 \u20ac\/MWh, apesar do aumento do seu pre\u00e7o m\u00e9dio semanal. A maioria destes pre\u00e7os ocorreu na segunda-feira, dia 11 de mar\u00e7o. Nesse dia, o mercado MIBEL registou treze horas com um pre\u00e7o de 0 \u20ac\/MWh, sob influ\u00eancia dos elevados n\u00edveis de produ\u00e7\u00e3o e\u00f3lica em Espanha.<\/p>\n<p>Durante a semana de 11 de mar\u00e7o, a descida do pre\u00e7o m\u00e9dio do g\u00e1s e das licen\u00e7as de emiss\u00e3o de CO<sub>2<\/sub> influenciou em baixa os pre\u00e7os nos mercados europeus de eletricidade. A procura de eletricidade tamb\u00e9m diminuiu na maioria dos mercados analisados. Por outro lado, a queda da produ\u00e7\u00e3o de energia e\u00f3lica levou a um aumento dos pre\u00e7os em mercados como o ib\u00e9rico e o alem\u00e3o, onde a produ\u00e7\u00e3o solar tamb\u00e9m caiu.<\/p>\n<div style='margin-top: 20px;margin-bottom: 20px;'><a title='AleaSoft - Solar panels' href='https:\/\/aleasoft.com\/wp-content\/uploads\/2024\/03\/pexels-tom-fisk-9893729.webp'><img class='aligncenter' src='https:\/\/aleasoft.com\/wp-content\/uploads\/2024\/03\/pexels-tom-fisk-9893729.webp' alt='AleaSoft - Solar panels' width='740'\/><\/a><\/div>\n<p>As <a href=\"https:\/\/aleasoft.com\/pt\/produtos-e-servicos\/previsoes-precos-energia\/\">previs\u00f5es de pre\u00e7os<\/a> da <strong>AleaSoft Energy Forecasting<\/strong> indicam que na terceira semana de mar\u00e7o os pre\u00e7os poder\u00e3o seguir a mesma tend\u00eancia da semana atual na maioria dos mercados europeus de eletricidade analisados.<\/p>\n<div style='margin-top: 20px;margin-bottom: 20px;'><a title='AleaSoft - European electricity market prices' href='https:\/\/aleasoft.com\/wp-content\/uploads\/2024\/03\/20240318-AleaSoft-European-electricity-market-prices.webp'><img class='aligncenter' src='https:\/\/aleasoft.com\/wp-content\/uploads\/2024\/03\/20240318-AleaSoft-European-electricity-market-prices.webp' alt='AleaSoft - European electricity market prices' width='740'\/><\/a><span style='font-size: small;'>Fonte: Elaborado por AleaSoft Energy Forecasting com dados da OMIE, , Nord Pool e GME.<\/span><\/div>\n<h2>Brent, combust\u00edveis e CO<sub>2<\/sub><\/h2>\n<p>As cota\u00e7\u00f5es de fecho dos futuros do <strong>petr\u00f3leo bruto Brent<\/strong> para o Front-Month no <strong>mercado ICE<\/strong> registaram subidas de pre\u00e7os na maioria das sess\u00f5es da segunda semana de mar\u00e7o. No entanto, na ter\u00e7a-feira, dia 12 de mar\u00e7o, com uma ligeira descida em rela\u00e7\u00e3o a segunda-feira, estes futuros atingiram o seu m\u00ednimo semanal de fecho de 81,92 $\/bbl. Por outro lado, em resultado das subidas registadas, na quinta-feira, dia 14 de mar\u00e7o, atingiram o m\u00e1ximo semanal de fecho de 85,42 $\/bbl. De acordo com os dados analisados no <strong>AleaSoft Energy Forecasting<\/strong>, este pre\u00e7o foi 3,0% superior ao da quinta-feira anterior e o mais elevado desde o in\u00edcio de novembro de 2023. Na sexta-feira, o pre\u00e7o de fecho recuou ligeiramente para $85,34\/bbl, ainda assim 4,0% superior ao da sexta-feira anterior.<\/p>\n<p>Na segunda semana de mar\u00e7o, a Ag\u00eancia Internacional de Energia reviu em alta a sua previs\u00e3o de procura de petr\u00f3leo para 2024, levando os pre\u00e7os de fecho acima dos $85\/bbl nas \u00faltimas sess\u00f5es da semana. Os cortes de produ\u00e7\u00e3o da OPEP+ e a diminui\u00e7\u00e3o dos stocks de petr\u00f3leo nos EUA tamb\u00e9m contribu\u00edram para este desempenho.<\/p>\n<p>Quanto aos futuros de <strong>g\u00e1s TTF<\/strong> no mercado ICE Front-Month, os pre\u00e7os de fecho mantiveram-se abaixo dos 25 \u20ac\/MWh nas tr\u00eas primeiras sess\u00f5es da segunda semana de mar\u00e7o. Estes futuros registaram o seu pre\u00e7o de fecho semanal mais baixo de 24,77 \u20ac\/MWh na ter\u00e7a-feira, 12 de mar\u00e7o. De acordo com os dados analisados no <strong>AleaSoft Energy Forecasting<\/strong>, este pre\u00e7o foi 9,8% inferior ao da ter\u00e7a-feira anterior e o mais baixo desde o final de fevereiro. A partir de quarta-feira, 13 de mar\u00e7o, os pre\u00e7os come\u00e7aram a subir at\u00e9 atingirem o pre\u00e7o m\u00e1ximo semanal de fecho de 27,03 \u20ac\/MWh na sexta-feira, 15 de mar\u00e7o. Este pre\u00e7o de fecho foi 2,4% superior ao da sexta-feira anterior.<\/p>\n<p>Na segunda semana de mar\u00e7o, as preocupa\u00e7\u00f5es com a oferta continuaram devido a interrup\u00e7\u00f5es nas exporta\u00e7\u00f5es da central de g\u00e1s natural liquefeito de Freeport, nos Estados Unidos. As previs\u00f5es de diminui\u00e7\u00e3o da produ\u00e7\u00e3o e\u00f3lica em partes da Europa e o aumento da procura na \u00c1sia tamb\u00e9m contribu\u00edram para o aumento dos pre\u00e7os dos futuros do TTF. No entanto, os n\u00edveis das exist\u00eancias europeias impediram novos aumentos de pre\u00e7os.<\/p>\n<p>No que respeita aos pre\u00e7os de fecho dos<strong> futuros de CO<sub>2<\/sub><\/strong> no <strong>mercado EEX<\/strong> para o contrato de refer\u00eancia de dezembro de 2024, come\u00e7aram a segunda semana de mar\u00e7o com descidas e mantiveram-se abaixo dos 57 \u20ac\/t at\u00e9 quarta-feira. Nesse dia, estes futuros registaram o seu pre\u00e7o de fecho semanal mais baixo, 56,04 \u20ac\/t. De acordo com os dados analisados no <strong>AleaSoft Energy Forecasting<\/strong>, este pre\u00e7o foi 5,4% inferior ao da quarta-feira anterior e o mais baixo da primeira quinzena de mar\u00e7o. Nas restantes sess\u00f5es da segunda semana de mar\u00e7o, os pre\u00e7os aumentaram. Assim, na sexta-feira, 15 de mar\u00e7o, o pre\u00e7o de fecho foi de 59,39 \u20ac\/t, mais 1,7% do que na sexta-feira anterior.<\/p>\n<div style='margin-top: 20px;margin-bottom: 20px;'><a title='AleaSoft - Prices gas coal Brent oil CO2' href='https:\/\/aleasoft.com\/wp-content\/uploads\/2024\/03\/20240318-AleaSoft-Prices-gas-coal-Brent-oil-CO2.webp'><img class='aligncenter' src='https:\/\/aleasoft.com\/wp-content\/uploads\/2024\/03\/20240318-AleaSoft-Prices-gas-coal-Brent-oil-CO2.webp' alt='AleaSoft - Prices gas coal Brent oil CO2' width='740'\/><\/a><span style='font-size: small;'>Fonte: Elaborado por AleaSoft Energy Forecasting com dados da ICE e EEX.<\/span><\/div>\n<h2>An\u00e1lise da AleaSoft Energy Forecasting sobre as perspectivas dos mercados energ\u00e9ticos europeus e a transi\u00e7\u00e3o energ\u00e9tica<\/h2>\n<p>Na quinta-feira, 14 de mar\u00e7o, teve lugar o <a href=\"https:\/\/aleasoft.com\/webinars\/prospects-energy-markets-europe-spring-2024\/\">terceiro webinar<\/a> de 2024 da <strong>AleaSoft Energy Forecasting<\/strong> e da <strong>AleaGreen<\/strong>. Este webinar foi o 42.\u00ba da sua <a href=\"https:\/\/aleasoft.com\/pt\/webinars\/\">s\u00e9rie mensal de webinars<\/a> e contou com a participa\u00e7\u00e3o de oradores convidados da <strong>EY<\/strong> pela quarta vez. Para al\u00e9m das perspectivas dos mercados energ\u00e9ticos europeus, o webinar abordou a regulamenta\u00e7\u00e3o, o <strong>financiamento de projectos de energias renov\u00e1veis<\/strong>, os <strong>PPA<\/strong>, o <strong>autoconsumo<\/strong>, a <strong>avalia\u00e7\u00e3o de carteiras<\/strong>, o leil\u00e3o de <strong>hidrog\u00e9nio verde<\/strong> e o <strong>fundo de inova\u00e7\u00e3o<\/strong>.<\/p>\n<p><strong>AleaSoft Energy Forecasting<\/strong> e <strong>AleaGreen<\/strong> realizar\u00e3o o seu <a href=\"https:\/\/aleasoft.com\/webinars\/energy-markets-storage-april-2024\/\">pr\u00f3ximo webinar<\/a> no dia 11 de abril. Nesta ocasi\u00e3o, o webinar centrar-se-\u00e1 no <strong>armazenamento de energia<\/strong> e contar\u00e1 com a participa\u00e7\u00e3o, pela terceira vez, de Ra\u00fal Garc\u00eda Posada, Diretor da <strong>ASEALEN<\/strong>, a Associa\u00e7\u00e3o Espanhola de Armazenamento de Energia.<\/p>\n<p>Fonte: <strong>AleaSoft Energy Forecasting<\/strong>.<\/p>\n","protected":false},"excerpt":{"rendered":"<p>AleaSoft Energy Forecasting, 18 de mar\u00e7o de 2024. Na segunda semana de mar\u00e7o, os pre\u00e7os nos mercados el\u00e9ctricos europeus mostraram poucas altera\u00e7\u00f5es em rela\u00e7\u00e3o \u00e0 semana anterior, exceto no mercado MIBEL, onde duplicaram. Ainda assim, a Pen\u00ednsula Ib\u00e9rica registou os pre\u00e7os mais baixos. O fotovoltaico em Espanha e Portugal atingiu os n\u00edveis do final de [&hellip;]<\/p>\n","protected":false},"author":3,"featured_media":142288,"comment_status":"closed","ping_status":"closed","sticky":false,"template":"","format":"standard","meta":{"footnotes":""},"categories":[7514],"tags":[],"class_list":["post-142387","post","type-post","status-publish","format-standard","has-post-thumbnail","hentry","category-noticias"],"yoast_head":"<!-- This site is optimized with the Yoast SEO Premium plugin v27.4 (Yoast SEO v27.5) - https:\/\/yoast.com\/product\/yoast-seo-premium-wordpress\/ -->\n<title>A energia fotovoltaica em mar\u00e7o j\u00e1 atinge os n\u00edveis de agosto do ano passado na Pen\u00ednsula Ib\u00e9rica - AleaSoft Energy Forecasting<\/title>\n<meta name=\"robots\" content=\"index, follow, max-snippet:-1, max-image-preview:large, max-video-preview:-1\" \/>\n<link rel=\"canonical\" href=\"https:\/\/aleasoft.com\/a-energia-fotovoltaica-em-marco-ja-atinge-os-niveis-de-agosto-do-ano-passado-na-peninsula-iberica\/\" \/>\n<meta property=\"og:locale\" content=\"pt_PT\" \/>\n<meta property=\"og:type\" content=\"article\" \/>\n<meta property=\"og:title\" content=\"A energia fotovoltaica em mar\u00e7o j\u00e1 atinge os n\u00edveis de agosto do ano passado na Pen\u00ednsula Ib\u00e9rica\" \/>\n<meta property=\"og:description\" content=\"AleaSoft Energy Forecasting, 18 de mar\u00e7o de 2024. Na segunda semana de mar\u00e7o, os pre\u00e7os nos mercados el\u00e9ctricos europeus mostraram poucas altera\u00e7\u00f5es em rela\u00e7\u00e3o \u00e0 semana anterior, exceto no mercado MIBEL, onde duplicaram. Ainda assim, a Pen\u00ednsula Ib\u00e9rica registou os pre\u00e7os mais baixos. O fotovoltaico em Espanha e Portugal atingiu os n\u00edveis do final de [&hellip;]\" \/>\n<meta property=\"og:url\" content=\"https:\/\/aleasoft.com\/a-energia-fotovoltaica-em-marco-ja-atinge-os-niveis-de-agosto-do-ano-passado-na-peninsula-iberica\/\" \/>\n<meta property=\"og:site_name\" content=\"AleaSoft Energy Forecasting\" \/>\n<meta property=\"article:publisher\" content=\"https:\/\/www.facebook.com\/AleaSoft\/\" \/>\n<meta property=\"article:published_time\" content=\"2024-03-18T13:35:30+00:00\" \/>\n<meta property=\"article:modified_time\" content=\"2024-03-19T19:43:33+00:00\" \/>\n<meta property=\"og:image\" content=\"https:\/\/aleasoft.com\/wp-content\/uploads\/2024\/03\/20240318-AleaSoft-Perfil-produccion-solar-fotovoltaica-Europa.png\" \/>\n\t<meta property=\"og:image:width\" content=\"2282\" \/>\n\t<meta property=\"og:image:height\" content=\"1589\" \/>\n\t<meta property=\"og:image:type\" content=\"image\/png\" \/>\n<meta name=\"author\" content=\"AleaSoft Energy Forecasting\" \/>\n<meta name=\"twitter:card\" content=\"summary_large_image\" \/>\n<meta name=\"twitter:creator\" content=\"@AleaSoftEnergy\" \/>\n<meta name=\"twitter:site\" content=\"@AleaSoftEnergy\" \/>\n<meta name=\"twitter:label1\" content=\"Escrito por\" \/>\n\t<meta name=\"twitter:data1\" content=\"AleaSoft Energy Forecasting\" \/>\n\t<meta name=\"twitter:label2\" content=\"Tempo estimado de leitura\" \/>\n\t<meta name=\"twitter:data2\" content=\"8 minutos\" \/>\n<script type=\"application\/ld+json\" class=\"yoast-schema-graph\">{\"@context\":\"https:\\\/\\\/schema.org\",\"@graph\":[{\"@type\":\"Article\",\"@id\":\"https:\\\/\\\/aleasoft.com\\\/a-energia-fotovoltaica-em-marco-ja-atinge-os-niveis-de-agosto-do-ano-passado-na-peninsula-iberica\\\/#article\",\"isPartOf\":{\"@id\":\"https:\\\/\\\/aleasoft.com\\\/pt\\\/a-energia-fotovoltaica-em-marco-ja-atinge-os-niveis-de-agosto-do-ano-passado-na-peninsula-iberica\\\/\"},\"author\":{\"name\":\"AleaSoft Energy Forecasting\",\"@id\":\"https:\\\/\\\/aleasoft.com\\\/#\\\/schema\\\/person\\\/e83ba5c714f71473e3096e6f5bffcd61\"},\"headline\":\"A energia fotovoltaica em mar\u00e7o j\u00e1 atinge os n\u00edveis de agosto do ano passado na Pen\u00ednsula Ib\u00e9rica\",\"datePublished\":\"2024-03-18T13:35:30+00:00\",\"dateModified\":\"2024-03-19T19:43:33+00:00\",\"mainEntityOfPage\":{\"@id\":\"https:\\\/\\\/aleasoft.com\\\/pt\\\/a-energia-fotovoltaica-em-marco-ja-atinge-os-niveis-de-agosto-do-ano-passado-na-peninsula-iberica\\\/\"},\"wordCount\":1946,\"publisher\":{\"@id\":\"https:\\\/\\\/aleasoft.com\\\/#organization\"},\"image\":{\"@id\":\"https:\\\/\\\/aleasoft.com\\\/a-energia-fotovoltaica-em-marco-ja-atinge-os-niveis-de-agosto-do-ano-passado-na-peninsula-iberica\\\/#primaryimage\"},\"thumbnailUrl\":\"https:\\\/\\\/aleasoft.com\\\/wp-content\\\/uploads\\\/2024\\\/03\\\/20240318-AleaSoft-Perfil-produccion-solar-fotovoltaica-Europa.png\",\"articleSection\":[\"Not\u00edcias\"],\"inLanguage\":\"pt-PT\"},{\"@type\":\"WebPage\",\"@id\":\"https:\\\/\\\/aleasoft.com\\\/pt\\\/a-energia-fotovoltaica-em-marco-ja-atinge-os-niveis-de-agosto-do-ano-passado-na-peninsula-iberica\\\/\",\"url\":\"https:\\\/\\\/aleasoft.com\\\/a-energia-fotovoltaica-em-marco-ja-atinge-os-niveis-de-agosto-do-ano-passado-na-peninsula-iberica\\\/\",\"name\":\"A energia fotovoltaica em mar\u00e7o j\u00e1 atinge os n\u00edveis de agosto do ano passado na Pen\u00ednsula Ib\u00e9rica - AleaSoft Energy Forecasting\",\"isPartOf\":{\"@id\":\"https:\\\/\\\/aleasoft.com\\\/#website\"},\"primaryImageOfPage\":{\"@id\":\"https:\\\/\\\/aleasoft.com\\\/a-energia-fotovoltaica-em-marco-ja-atinge-os-niveis-de-agosto-do-ano-passado-na-peninsula-iberica\\\/#primaryimage\"},\"image\":{\"@id\":\"https:\\\/\\\/aleasoft.com\\\/a-energia-fotovoltaica-em-marco-ja-atinge-os-niveis-de-agosto-do-ano-passado-na-peninsula-iberica\\\/#primaryimage\"},\"thumbnailUrl\":\"https:\\\/\\\/aleasoft.com\\\/wp-content\\\/uploads\\\/2024\\\/03\\\/20240318-AleaSoft-Perfil-produccion-solar-fotovoltaica-Europa.png\",\"datePublished\":\"2024-03-18T13:35:30+00:00\",\"dateModified\":\"2024-03-19T19:43:33+00:00\",\"breadcrumb\":{\"@id\":\"https:\\\/\\\/aleasoft.com\\\/a-energia-fotovoltaica-em-marco-ja-atinge-os-niveis-de-agosto-do-ano-passado-na-peninsula-iberica\\\/#breadcrumb\"},\"inLanguage\":\"pt-PT\",\"potentialAction\":[{\"@type\":\"ReadAction\",\"target\":[\"https:\\\/\\\/aleasoft.com\\\/a-energia-fotovoltaica-em-marco-ja-atinge-os-niveis-de-agosto-do-ano-passado-na-peninsula-iberica\\\/\"]}]},{\"@type\":\"ImageObject\",\"inLanguage\":\"pt-PT\",\"@id\":\"https:\\\/\\\/aleasoft.com\\\/a-energia-fotovoltaica-em-marco-ja-atinge-os-niveis-de-agosto-do-ano-passado-na-peninsula-iberica\\\/#primaryimage\",\"url\":\"https:\\\/\\\/aleasoft.com\\\/wp-content\\\/uploads\\\/2024\\\/03\\\/20240318-AleaSoft-Perfil-produccion-solar-fotovoltaica-Europa.png\",\"contentUrl\":\"https:\\\/\\\/aleasoft.com\\\/wp-content\\\/uploads\\\/2024\\\/03\\\/20240318-AleaSoft-Perfil-produccion-solar-fotovoltaica-Europa.png\",\"width\":2282,\"height\":1589},{\"@type\":\"BreadcrumbList\",\"@id\":\"https:\\\/\\\/aleasoft.com\\\/a-energia-fotovoltaica-em-marco-ja-atinge-os-niveis-de-agosto-do-ano-passado-na-peninsula-iberica\\\/#breadcrumb\",\"itemListElement\":[{\"@type\":\"ListItem\",\"position\":1,\"name\":\"Home\",\"item\":\"https:\\\/\\\/aleasoft.com\\\/\"},{\"@type\":\"ListItem\",\"position\":2,\"name\":\"A energia fotovoltaica em mar\u00e7o j\u00e1 atinge os n\u00edveis de agosto do ano passado na Pen\u00ednsula Ib\u00e9rica\"}]},{\"@type\":\"WebSite\",\"@id\":\"https:\\\/\\\/aleasoft.com\\\/#website\",\"url\":\"https:\\\/\\\/aleasoft.com\\\/\",\"name\":\"AleaSoft Energy Forecasting\",\"description\":\"Energy Forecasting\",\"publisher\":{\"@id\":\"https:\\\/\\\/aleasoft.com\\\/#organization\"},\"potentialAction\":[{\"@type\":\"SearchAction\",\"target\":{\"@type\":\"EntryPoint\",\"urlTemplate\":\"https:\\\/\\\/aleasoft.com\\\/?s={search_term_string}\"},\"query-input\":{\"@type\":\"PropertyValueSpecification\",\"valueRequired\":true,\"valueName\":\"search_term_string\"}}],\"inLanguage\":\"pt-PT\"},{\"@type\":\"Organization\",\"@id\":\"https:\\\/\\\/aleasoft.com\\\/#organization\",\"name\":\"AleaSoft Energy Forecasting\",\"url\":\"https:\\\/\\\/aleasoft.com\\\/\",\"logo\":{\"@type\":\"ImageObject\",\"inLanguage\":\"pt-PT\",\"@id\":\"https:\\\/\\\/aleasoft.com\\\/#\\\/schema\\\/logo\\\/image\\\/\",\"url\":\"https:\\\/\\\/aleasoft.com\\\/wp-content\\\/uploads\\\/2020\\\/01\\\/logo-alea-25.svg\",\"contentUrl\":\"https:\\\/\\\/aleasoft.com\\\/wp-content\\\/uploads\\\/2020\\\/01\\\/logo-alea-25.svg\",\"width\":7047,\"height\":1416,\"caption\":\"AleaSoft Energy Forecasting\"},\"image\":{\"@id\":\"https:\\\/\\\/aleasoft.com\\\/#\\\/schema\\\/logo\\\/image\\\/\"},\"sameAs\":[\"https:\\\/\\\/www.facebook.com\\\/AleaSoft\\\/\",\"https:\\\/\\\/x.com\\\/AleaSoftEnergy\",\"https:\\\/\\\/www.linkedin.com\\\/company\\\/aleasoft\\\/\"]},{\"@type\":\"Person\",\"@id\":\"https:\\\/\\\/aleasoft.com\\\/#\\\/schema\\\/person\\\/e83ba5c714f71473e3096e6f5bffcd61\",\"name\":\"AleaSoft Energy Forecasting\",\"image\":{\"@type\":\"ImageObject\",\"inLanguage\":\"pt-PT\",\"@id\":\"https:\\\/\\\/secure.gravatar.com\\\/avatar\\\/9f3c80a49711746195eaa8b9dac85dd25b10ed81cf9cd40ba1c909b7c8d60bfb?s=96&d=mm&r=g\",\"url\":\"https:\\\/\\\/secure.gravatar.com\\\/avatar\\\/9f3c80a49711746195eaa8b9dac85dd25b10ed81cf9cd40ba1c909b7c8d60bfb?s=96&d=mm&r=g\",\"contentUrl\":\"https:\\\/\\\/secure.gravatar.com\\\/avatar\\\/9f3c80a49711746195eaa8b9dac85dd25b10ed81cf9cd40ba1c909b7c8d60bfb?s=96&d=mm&r=g\",\"caption\":\"AleaSoft Energy Forecasting\"}}]}<\/script>\n<!-- \/ Yoast SEO Premium plugin. -->","yoast_head_json":{"title":"A energia fotovoltaica em mar\u00e7o j\u00e1 atinge os n\u00edveis de agosto do ano passado na Pen\u00ednsula Ib\u00e9rica - AleaSoft Energy Forecasting","robots":{"index":"index","follow":"follow","max-snippet":"max-snippet:-1","max-image-preview":"max-image-preview:large","max-video-preview":"max-video-preview:-1"},"canonical":"https:\/\/aleasoft.com\/a-energia-fotovoltaica-em-marco-ja-atinge-os-niveis-de-agosto-do-ano-passado-na-peninsula-iberica\/","og_locale":"pt_PT","og_type":"article","og_title":"A energia fotovoltaica em mar\u00e7o j\u00e1 atinge os n\u00edveis de agosto do ano passado na Pen\u00ednsula Ib\u00e9rica","og_description":"AleaSoft Energy Forecasting, 18 de mar\u00e7o de 2024. Na segunda semana de mar\u00e7o, os pre\u00e7os nos mercados el\u00e9ctricos europeus mostraram poucas altera\u00e7\u00f5es em rela\u00e7\u00e3o \u00e0 semana anterior, exceto no mercado MIBEL, onde duplicaram. Ainda assim, a Pen\u00ednsula Ib\u00e9rica registou os pre\u00e7os mais baixos. O fotovoltaico em Espanha e Portugal atingiu os n\u00edveis do final de [&hellip;]","og_url":"https:\/\/aleasoft.com\/a-energia-fotovoltaica-em-marco-ja-atinge-os-niveis-de-agosto-do-ano-passado-na-peninsula-iberica\/","og_site_name":"AleaSoft Energy Forecasting","article_publisher":"https:\/\/www.facebook.com\/AleaSoft\/","article_published_time":"2024-03-18T13:35:30+00:00","article_modified_time":"2024-03-19T19:43:33+00:00","og_image":[{"width":2282,"height":1589,"url":"https:\/\/aleasoft.com\/wp-content\/uploads\/2024\/03\/20240318-AleaSoft-Perfil-produccion-solar-fotovoltaica-Europa.png","type":"image\/png"}],"author":"AleaSoft Energy Forecasting","twitter_card":"summary_large_image","twitter_creator":"@AleaSoftEnergy","twitter_site":"@AleaSoftEnergy","twitter_misc":{"Escrito por":"AleaSoft Energy Forecasting","Tempo estimado de leitura":"8 minutos"},"schema":{"@context":"https:\/\/schema.org","@graph":[{"@type":"Article","@id":"https:\/\/aleasoft.com\/a-energia-fotovoltaica-em-marco-ja-atinge-os-niveis-de-agosto-do-ano-passado-na-peninsula-iberica\/#article","isPartOf":{"@id":"https:\/\/aleasoft.com\/pt\/a-energia-fotovoltaica-em-marco-ja-atinge-os-niveis-de-agosto-do-ano-passado-na-peninsula-iberica\/"},"author":{"name":"AleaSoft Energy Forecasting","@id":"https:\/\/aleasoft.com\/#\/schema\/person\/e83ba5c714f71473e3096e6f5bffcd61"},"headline":"A energia fotovoltaica em mar\u00e7o j\u00e1 atinge os n\u00edveis de agosto do ano passado na Pen\u00ednsula Ib\u00e9rica","datePublished":"2024-03-18T13:35:30+00:00","dateModified":"2024-03-19T19:43:33+00:00","mainEntityOfPage":{"@id":"https:\/\/aleasoft.com\/pt\/a-energia-fotovoltaica-em-marco-ja-atinge-os-niveis-de-agosto-do-ano-passado-na-peninsula-iberica\/"},"wordCount":1946,"publisher":{"@id":"https:\/\/aleasoft.com\/#organization"},"image":{"@id":"https:\/\/aleasoft.com\/a-energia-fotovoltaica-em-marco-ja-atinge-os-niveis-de-agosto-do-ano-passado-na-peninsula-iberica\/#primaryimage"},"thumbnailUrl":"https:\/\/aleasoft.com\/wp-content\/uploads\/2024\/03\/20240318-AleaSoft-Perfil-produccion-solar-fotovoltaica-Europa.png","articleSection":["Not\u00edcias"],"inLanguage":"pt-PT"},{"@type":"WebPage","@id":"https:\/\/aleasoft.com\/pt\/a-energia-fotovoltaica-em-marco-ja-atinge-os-niveis-de-agosto-do-ano-passado-na-peninsula-iberica\/","url":"https:\/\/aleasoft.com\/a-energia-fotovoltaica-em-marco-ja-atinge-os-niveis-de-agosto-do-ano-passado-na-peninsula-iberica\/","name":"A energia fotovoltaica em mar\u00e7o j\u00e1 atinge os n\u00edveis de agosto do ano passado na Pen\u00ednsula Ib\u00e9rica - AleaSoft Energy Forecasting","isPartOf":{"@id":"https:\/\/aleasoft.com\/#website"},"primaryImageOfPage":{"@id":"https:\/\/aleasoft.com\/a-energia-fotovoltaica-em-marco-ja-atinge-os-niveis-de-agosto-do-ano-passado-na-peninsula-iberica\/#primaryimage"},"image":{"@id":"https:\/\/aleasoft.com\/a-energia-fotovoltaica-em-marco-ja-atinge-os-niveis-de-agosto-do-ano-passado-na-peninsula-iberica\/#primaryimage"},"thumbnailUrl":"https:\/\/aleasoft.com\/wp-content\/uploads\/2024\/03\/20240318-AleaSoft-Perfil-produccion-solar-fotovoltaica-Europa.png","datePublished":"2024-03-18T13:35:30+00:00","dateModified":"2024-03-19T19:43:33+00:00","breadcrumb":{"@id":"https:\/\/aleasoft.com\/a-energia-fotovoltaica-em-marco-ja-atinge-os-niveis-de-agosto-do-ano-passado-na-peninsula-iberica\/#breadcrumb"},"inLanguage":"pt-PT","potentialAction":[{"@type":"ReadAction","target":["https:\/\/aleasoft.com\/a-energia-fotovoltaica-em-marco-ja-atinge-os-niveis-de-agosto-do-ano-passado-na-peninsula-iberica\/"]}]},{"@type":"ImageObject","inLanguage":"pt-PT","@id":"https:\/\/aleasoft.com\/a-energia-fotovoltaica-em-marco-ja-atinge-os-niveis-de-agosto-do-ano-passado-na-peninsula-iberica\/#primaryimage","url":"https:\/\/aleasoft.com\/wp-content\/uploads\/2024\/03\/20240318-AleaSoft-Perfil-produccion-solar-fotovoltaica-Europa.png","contentUrl":"https:\/\/aleasoft.com\/wp-content\/uploads\/2024\/03\/20240318-AleaSoft-Perfil-produccion-solar-fotovoltaica-Europa.png","width":2282,"height":1589},{"@type":"BreadcrumbList","@id":"https:\/\/aleasoft.com\/a-energia-fotovoltaica-em-marco-ja-atinge-os-niveis-de-agosto-do-ano-passado-na-peninsula-iberica\/#breadcrumb","itemListElement":[{"@type":"ListItem","position":1,"name":"Home","item":"https:\/\/aleasoft.com\/"},{"@type":"ListItem","position":2,"name":"A energia fotovoltaica em mar\u00e7o j\u00e1 atinge os n\u00edveis de agosto do ano passado na Pen\u00ednsula Ib\u00e9rica"}]},{"@type":"WebSite","@id":"https:\/\/aleasoft.com\/#website","url":"https:\/\/aleasoft.com\/","name":"AleaSoft Energy Forecasting","description":"Energy Forecasting","publisher":{"@id":"https:\/\/aleasoft.com\/#organization"},"potentialAction":[{"@type":"SearchAction","target":{"@type":"EntryPoint","urlTemplate":"https:\/\/aleasoft.com\/?s={search_term_string}"},"query-input":{"@type":"PropertyValueSpecification","valueRequired":true,"valueName":"search_term_string"}}],"inLanguage":"pt-PT"},{"@type":"Organization","@id":"https:\/\/aleasoft.com\/#organization","name":"AleaSoft Energy Forecasting","url":"https:\/\/aleasoft.com\/","logo":{"@type":"ImageObject","inLanguage":"pt-PT","@id":"https:\/\/aleasoft.com\/#\/schema\/logo\/image\/","url":"https:\/\/aleasoft.com\/wp-content\/uploads\/2020\/01\/logo-alea-25.svg","contentUrl":"https:\/\/aleasoft.com\/wp-content\/uploads\/2020\/01\/logo-alea-25.svg","width":7047,"height":1416,"caption":"AleaSoft Energy Forecasting"},"image":{"@id":"https:\/\/aleasoft.com\/#\/schema\/logo\/image\/"},"sameAs":["https:\/\/www.facebook.com\/AleaSoft\/","https:\/\/x.com\/AleaSoftEnergy","https:\/\/www.linkedin.com\/company\/aleasoft\/"]},{"@type":"Person","@id":"https:\/\/aleasoft.com\/#\/schema\/person\/e83ba5c714f71473e3096e6f5bffcd61","name":"AleaSoft Energy Forecasting","image":{"@type":"ImageObject","inLanguage":"pt-PT","@id":"https:\/\/secure.gravatar.com\/avatar\/9f3c80a49711746195eaa8b9dac85dd25b10ed81cf9cd40ba1c909b7c8d60bfb?s=96&d=mm&r=g","url":"https:\/\/secure.gravatar.com\/avatar\/9f3c80a49711746195eaa8b9dac85dd25b10ed81cf9cd40ba1c909b7c8d60bfb?s=96&d=mm&r=g","contentUrl":"https:\/\/secure.gravatar.com\/avatar\/9f3c80a49711746195eaa8b9dac85dd25b10ed81cf9cd40ba1c909b7c8d60bfb?s=96&d=mm&r=g","caption":"AleaSoft Energy Forecasting"}}]}},"_links":{"self":[{"href":"https:\/\/aleasoft.com\/pt\/wp-json\/wp\/v2\/posts\/142387","targetHints":{"allow":["GET"]}}],"collection":[{"href":"https:\/\/aleasoft.com\/pt\/wp-json\/wp\/v2\/posts"}],"about":[{"href":"https:\/\/aleasoft.com\/pt\/wp-json\/wp\/v2\/types\/post"}],"author":[{"embeddable":true,"href":"https:\/\/aleasoft.com\/pt\/wp-json\/wp\/v2\/users\/3"}],"replies":[{"embeddable":true,"href":"https:\/\/aleasoft.com\/pt\/wp-json\/wp\/v2\/comments?post=142387"}],"version-history":[{"count":0,"href":"https:\/\/aleasoft.com\/pt\/wp-json\/wp\/v2\/posts\/142387\/revisions"}],"wp:featuredmedia":[{"embeddable":true,"href":"https:\/\/aleasoft.com\/pt\/wp-json\/wp\/v2\/media\/142288"}],"wp:attachment":[{"href":"https:\/\/aleasoft.com\/pt\/wp-json\/wp\/v2\/media?parent=142387"}],"wp:term":[{"taxonomy":"category","embeddable":true,"href":"https:\/\/aleasoft.com\/pt\/wp-json\/wp\/v2\/categories?post=142387"},{"taxonomy":"post_tag","embeddable":true,"href":"https:\/\/aleasoft.com\/pt\/wp-json\/wp\/v2\/tags?post=142387"}],"curies":[{"name":"wp","href":"https:\/\/api.w.org\/{rel}","templated":true}]}}