{"id":156344,"date":"2025-04-29T15:49:29","date_gmt":"2025-04-29T13:49:29","guid":{"rendered":"https:\/\/aleasoft.com\/?p=156344"},"modified":"2025-05-01T05:49:19","modified_gmt":"2025-05-01T03:49:19","slug":"menos-eolica-registros-fv-gas-minimos-desde-julio","status":"publish","type":"post","link":"https:\/\/aleasoft.com\/pt\/menos-eolica-registros-fv-gas-minimos-desde-julio\/","title":{"rendered":"Os pre\u00e7os no mercado europeu aumentam devido a menos energia e\u00f3lica na quarta semana de abril, a energia fotovoltaica atinge m\u00e1ximos hist\u00f3ricos e o g\u00e1s cai para o valor mais baixo desde julho"},"content":{"rendered":"<p><strong>AleaSoft Energy Forecasting, 29 de abril de 2025. Na semana at\u00e9 21 de abril, os pre\u00e7os na maioria dos principais mercados europeus de eletricidade aumentaram em compara\u00e7\u00e3o com a semana anterior, especialmente durante os primeiros dias da semana. A diminui\u00e7\u00e3o da produ\u00e7\u00e3o de energia e\u00f3lica esteve na origem destes aumentos. No final da semana, os pre\u00e7os desceram. No domingo, 27 de abril, a It\u00e1lia atingiu o pre\u00e7o mais baixo do \u00faltimo ano e v\u00e1rios mercados registaram pre\u00e7os hor\u00e1rios negativos, que no mercado ib\u00e9rico foram os mais baixos da hist\u00f3ria. Em Espanha, Portugal e Alemanha, foi atingida a maior produ\u00e7\u00e3o fotovoltaica para um dia de abril e em It\u00e1lia a segunda maior da hist\u00f3ria. Os futuros de g\u00e1s TTF atingiram o pre\u00e7o de fecho mais baixo desde julho de 2024.<\/strong><\/p>\n<h2>Produ\u00e7\u00e3o solar fotovoltaica e produ\u00e7\u00e3o e\u00f3lica<\/h2>\n<p>Na semana de 21 de abril, <strong>a produ\u00e7\u00e3o solar fotovoltaica<\/strong> aumentou em todos os principais mercados europeus de eletricidade, invertendo a tend\u00eancia de queda da semana anterior. O mercado portugu\u00eas liderou o crescimento percentual com 62%, seguido dos mercados italiano e espanhol com aumentos de 38% e 33%, respetivamente. O mercado alem\u00e3o registou o menor crescimento, com 10%, enquanto o mercado franc\u00eas registou um aumento de 11%.<\/p>\n<p>Na quarta semana de abril, v\u00e1rios mercados europeus estabeleceram novos marcos na produ\u00e7\u00e3o solar fotovoltaica. O mercado italiano atingiu a sua segunda produ\u00e7\u00e3o mais elevada de sempre no dia 22 de abril, com 141 GWh, ap\u00f3s o recorde de 11 de abril. No mesmo dia, o mercado portugu\u00eas atingiu a produ\u00e7\u00e3o mais elevada para um m\u00eas de abril, com 22 GWh. Um dia depois, a 23 de abril, o mercado espanhol bateu o seu recorde de produ\u00e7\u00e3o solar fotovoltaica para um m\u00eas de abril, atingindo 197 GWh. Finalmente, na segunda-feira, 28 de abril, o mercado alem\u00e3o registou a sua maior produ\u00e7\u00e3o solar para o m\u00eas de abril, com 397 GWh.<\/p>\n<p>Para a semana de 28 de abril, de acordo com as <a href=\"https:\/\/aleasoft.com\/pt\/produtos-e-servicos\/previsoes-de-energia-solar\/\">previs\u00f5es de produ\u00e7\u00e3o solar<\/a> da <strong>AleaSoft Energy Forecasting<\/strong>, a produ\u00e7\u00e3o solar fotovoltaica aumentar\u00e1 na Alemanha e diminuir\u00e1 em Espanha e It\u00e1lia, em compara\u00e7\u00e3o com a semana anterior.<\/p>\n<p><div style='margin-top: 20px;margin-bottom: 20px;'><a title='AleaSoft - Produccion fotovoltaica electricidad Europa' href='https:\/\/aleasoft.com\/wp-content\/uploads\/2025\/04\/20250429-AleaSoft-Produccion-fotovoltaica-electricidad-Europa.png'><img class='aligncenter' src='https:\/\/aleasoft.com\/wp-content\/uploads\/2025\/04\/20250429-AleaSoft-Produccion-fotovoltaica-electricidad-Europa.png' alt='AleaSoft - Produccion fotovoltaica electricidad Europa' width='740'\/><\/a><span style='font-size: small;'>Fonte: Elaborado por AleaSoft Energy Forecasting com dados da ENTSO-E, RTE, REN, REE e TERNA.<\/span><\/div><br \/>\n<div style='margin-top: 20px;margin-bottom: 20px;'><a title='AleaSoft - Perfil produccion solar fotovoltaica Europa' href='https:\/\/aleasoft.com\/wp-content\/uploads\/2025\/04\/20250429-AleaSoft-Perfil-produccion-solar-fotovoltaica-Europa.png'><img class='aligncenter' src='https:\/\/aleasoft.com\/wp-content\/uploads\/2025\/04\/20250429-AleaSoft-Perfil-produccion-solar-fotovoltaica-Europa.png' alt='AleaSoft - Perfil produccion solar fotovoltaica Europa' width='740'\/><\/a><span style='font-size: small;'>Fonte: Elaborado por AleaSoft Energy Forecasting com dados da ENTSO-E, RTE, REN, REE e TERNA.<\/span><\/div><\/p>\n<p>Durante a quarta semana de abril, <strong>a produ\u00e7\u00e3o de energia e\u00f3lica<\/strong> diminuiu nos principais mercados europeus em compara\u00e7\u00e3o com a semana anterior. Portugal registou o maior decr\u00e9scimo percentual de 58%, seguido de It\u00e1lia e Espanha, com decr\u00e9scimos de 53% e 45%, respetivamente. Estes mercados inverteram a tend\u00eancia de crescimento registada na semana anterior. A Fran\u00e7a registou a menor redu\u00e7\u00e3o, de 19%, enquanto a Alemanha reduziu a sua produ\u00e7\u00e3o em 39%. Ambos os mercados mantiveram a tend\u00eancia de descida pela terceira semana consecutiva.<\/p>\n<p>De acordo com as <a href=\"https:\/\/aleasoft.com\/pt\/produtos-e-servicos\/previsoes-de-energia-eolica\/\">previs\u00f5es de produ\u00e7\u00e3o de energia e\u00f3lica<\/a> da <strong>AleaSoft Energy Forecasting<\/strong>, a produ\u00e7\u00e3o de energia e\u00f3lica aumentar\u00e1 na Pen\u00ednsula Ib\u00e9rica e na Alemanha, enquanto diminuir\u00e1 em Fran\u00e7a e It\u00e1lia.<\/p>\n<div style='margin-top: 20px;margin-bottom: 20px;'><a title='AleaSoft - Produccion eolica electricidad Europa' href='https:\/\/aleasoft.com\/wp-content\/uploads\/2025\/04\/20250429-AleaSoft-Produccion-eolica-electricidad-Europa.png'><img class='aligncenter' src='https:\/\/aleasoft.com\/wp-content\/uploads\/2025\/04\/20250429-AleaSoft-Produccion-eolica-electricidad-Europa.png' alt='AleaSoft - Produccion eolica electricidad Europa' width='740'\/><\/a><span style='font-size: small;'>Fonte: Elaborado por AleaSoft Energy Forecasting com dados da ENTSO-E, RTE, REN, REE e TERNA.<\/span><\/div>\n<h2>Demanda de eletricidade<\/h2>\n<p>Durante a quarta semana de abril, <strong>a demanda de eletricidade<\/strong> diminuiu na maioria dos principais mercados europeus. A It\u00e1lia liderou as descidas com um decr\u00e9scimo de 14%, seguida de Portugal e Fran\u00e7a, que registaram descidas de 6,0% e 3,4%, respetivamente. A B\u00e9lgica e a Alemanha registaram as descidas mais pequenas, de 0,6% e 0,5% cada. A Alemanha continuou a sua tend\u00eancia descendente pela sexta semana consecutiva, enquanto a It\u00e1lia e a B\u00e9lgica repetiram este comportamento pela terceira e segunda semana, respetivamente. Em contrapartida, a demanda aumentou em Espanha e na Gr\u00e3-Bretanha. A Espanha liderou os aumentos com uma subida de 2,3%, ap\u00f3s as quedas das \u00faltimas cinco semanas, enquanto a Gr\u00e3-Bretanha registou uma subida de 0,9%.<\/p>\n<p>Durante a semana, <strong>as temperaturas m\u00e9dias<\/strong> excederam as da semana anterior na maioria dos mercados europeus. Portugal, Espanha e Gr\u00e3-Bretanha registaram os maiores aumentos de 2,4\u00b0C, 2,1\u00b0C e 1,2\u00b0C, respetivamente. A Fran\u00e7a e a It\u00e1lia registaram ambas uma subida de 0,5\u00b0C, enquanto a B\u00e9lgica registou um aumento de 0,1\u00b0C em rela\u00e7\u00e3o \u00e0 semana anterior. Na Alemanha, por\u00e9m, as temperaturas m\u00e9dias desceram 1,0\u00b0C.<\/p>\n<p>A queda da demanda de eletricidade na maioria dos mercados deveu-se \u00e0 redu\u00e7\u00e3o da atividade laboral na segunda-feira de P\u00e1scoa, feriado banc\u00e1rio na Alemanha, Fran\u00e7a, It\u00e1lia, Gr\u00e3-Bretanha e B\u00e9lgica. Em It\u00e1lia e Portugal, os feriados banc\u00e1rios de sexta-feira, 25 de abril, Dia da Liberdade em Portugal e Dia da Liberta\u00e7\u00e3o em It\u00e1lia, tamb\u00e9m desempenharam um papel importante. Em Espanha, a demanda foi impulsionada pela recupera\u00e7\u00e3o da atividade laboral ap\u00f3s os feriados da semana anterior, apesar de a segunda-feira de P\u00e1scoa ter sido feriado em algumas comunidades aut\u00f3nomas.<\/p>\n<p>Para a semana de 28 de abril, de acordo com as <a href=\"https:\/\/aleasoft.com\/pt\/servicos\/previsoes-demanda-energia\/\">previs\u00f5es de demanda<\/a> da <strong>AleaSoft Energy Forecasting<\/strong>, a demanda cair\u00e1 na maioria dos mercados, em parte devido ao feriado de 1 de maio, Dia Internacional dos Trabalhadores. Em contrapartida, em It\u00e1lia, prev\u00ea-se uma recupera\u00e7\u00e3o da demanda.<\/p>\n<div style='margin-top: 20px;margin-bottom: 20px;'><a title='AleaSoft - Demanda electricidad paises Europa' href='https:\/\/aleasoft.com\/wp-content\/uploads\/2025\/04\/20250429-AleaSoft-Demanda-electricidad-paises-Europa.png'><img class='aligncenter' src='https:\/\/aleasoft.com\/wp-content\/uploads\/2025\/04\/20250429-AleaSoft-Demanda-electricidad-paises-Europa.png' alt='AleaSoft - Demanda electricidad paises Europa' width='740'\/><\/a><span style='font-size: small;'>Fonte: Elaborado por AleaSoft Energy Forecasting com dados da ENTSO-E, RTE, REN, REE, TERNA, National Grid e ELIA.<\/span><\/div>\n<h2>Mercados europeus de eletricidade<\/h2>\n<p>Na quarta semana de abril, os pre\u00e7os m\u00e9dios na maioria dos principais mercados europeus de eletricidade aumentaram em rela\u00e7\u00e3o \u00e0 semana anterior. Os aumentos verificaram-se principalmente nos primeiros dias da semana, enquanto os pre\u00e7os baixaram no fim de semana. Em consequ\u00eancia, a m\u00e9dia semanal do <strong>mercado<\/strong> alem\u00e3o <strong><\/strong> manteve-se praticamente inalterada em rela\u00e7\u00e3o \u00e0 semana anterior, registando uma descida de apenas 0,01%. O <strong>mercado n\u00f3rdico Nord Pool<\/strong> e o <strong>mercado MIBEL<\/strong> em Espanha e Portugal registaram os maiores aumentos percentuais de pre\u00e7os, de 139%, 177% e 181%, respetivamente. Nos outros mercados analisados no <strong>AleaSoft Energy Forecasting<\/strong>, os pre\u00e7os aumentaram entre 1,3% no mercado belga  e 59% no mercado franc\u00eas . Em contrapartida, o<strong> mercado <\/strong>italiano<strong> IPEX <\/strong>registou uma queda de 13% nos pre\u00e7os semanais.<\/p>\n<p>Na semana de 21 de abril, apesar dos aumentos de pre\u00e7os, as m\u00e9dias semanais mantiveram-se abaixo dos 85 \u20ac\/MWh na maioria dos mercados europeus de eletricidade. As excep\u00e7\u00f5es foram o mercado italiano e o <strong>mercado <\/strong>brit\u00e2nico <strong>N2EX <\/strong>, cujas m\u00e9dias foram de 88,95 \u20ac\/MWh e 93,48 \u20ac\/MWh, respetivamente. Por outro lado, os mercados portugu\u00eas e espanhol registaram as m\u00e9dias semanais mais baixas, de 36,20 \u20ac\/MWh e 37,63 \u20ac\/MWh, respetivamente. Nos restantes mercados analisados, os pre\u00e7os variaram entre 53,24 \u20ac\/MWh no mercado n\u00f3rdico e 82,61 \u20ac\/MWh no mercado alem\u00e3o.<\/p>\n<p>Quanto aos pre\u00e7os di\u00e1rios, no domingo, 27 de abril, foram inferiores a 35 \u20ac\/MWh na maioria dos principais mercados europeus de eletricidade. Nesse dia, o mercado italiano atingiu a m\u00e9dia mais elevada de 62,58 \u20ac\/MWh. Apesar de ser o pre\u00e7o mais elevado em compara\u00e7\u00e3o com o resto dos principais mercados europeus, este pre\u00e7o di\u00e1rio foi o mais baixo no mercado italiano desde 8 de abril de 2024.<\/p>\n<p>Em termos de pre\u00e7os hor\u00e1rios, a maioria dos mercados registou pre\u00e7os hor\u00e1rios negativos na quarta semana de abril. No domingo, 27 de abril, os mercados portugu\u00eas e espanhol atingiram os pre\u00e7os hor\u00e1rios mais baixos de sempre. O pre\u00e7o do mercado portugu\u00eas foi de -5,00 \u20ac\/MWh das 11:00 \u00e0s 15:00, enquanto o pre\u00e7o do mercado espanhol foi de -6,01 \u20ac\/MWh das 15:00 \u00e0s 16:00. No mesmo dia, das 13:00 \u00e0s 14:00, o mercado belga atingiu o pre\u00e7o hor\u00e1rio mais baixo da semana, com -266,00 \u20ac\/MWh. Este foi o pre\u00e7o mais baixo registado no mercado belga desde 9 de junho de 2019. Tamb\u00e9m nesse dia e nessa faixa hor\u00e1ria, os mercados alem\u00e3o e neerland\u00eas atingiram os pre\u00e7os mais baixos desde 13 de maio de 2024, com -129,81 \u20ac\/MWh e -189,90 \u20ac\/MWh, respetivamente.<\/p>\n<p>Na semana de 21 de abril, o decl\u00ednio da produ\u00e7\u00e3o de energia e\u00f3lica levou a um aumento dos pre\u00e7os semanais na maioria dos mercados europeus de eletricidade. Al\u00e9m disso, nos mercados do Reino Unido e de Espanha, a demanda de eletricidade aumentou. Por outro lado, o aumento da produ\u00e7\u00e3o solar, bem como a queda da demanda, contribu\u00edram para a descida dos pre\u00e7os no mercado italiano.<\/p>\n<div style='margin-top: 20px;margin-bottom: 20px;'><a title='AleaSoft - Paneles solares' href='https:\/\/aleasoft.com\/wp-content\/uploads\/2024\/12\/pexels-fotovoltaica21-scaled.jpg'><img class='aligncenter' src='https:\/\/aleasoft.com\/wp-content\/uploads\/2024\/12\/pexels-fotovoltaica21-scaled.jpg' alt='AleaSoft - Paneles solares' width='740'\/><\/a><\/div>\n<p>As <a href=\"https:\/\/aleasoft.com\/pt\/servicos\/previsoes-precos-energia\/\">previs\u00f5es de pre\u00e7os<\/a> da <strong>AleaSoft Energy Forecasting<\/strong> indicam que, na primeira semana de maio, os pre\u00e7os cair\u00e3o na maioria dos mercados europeus de eletricidade, influenciados pela queda da demanda de eletricidade e pelo aumento da produ\u00e7\u00e3o de energia e\u00f3lica. No mercado alem\u00e3o, a produ\u00e7\u00e3o solar tamb\u00e9m aumentar\u00e1 consideravelmente.<\/p>\n<div style='margin-top: 20px;margin-bottom: 20px;'><a title='AleaSoft - Precios mercados europeos electricidad' href='https:\/\/aleasoft.com\/wp-content\/uploads\/2025\/04\/20250429-AleaSoft-Precios-mercados-europeos-electricidad.png'><img class='aligncenter' src='https:\/\/aleasoft.com\/wp-content\/uploads\/2025\/04\/20250429-AleaSoft-Precios-mercados-europeos-electricidad.png' alt='AleaSoft - Precios mercados europeos electricidad' width='740'\/><\/a><span style='font-size: small;'>Fonte: Elaborado por AleaSoft Energy Forecasting com dados do OMIE, , Nord Pool e GME.<\/span><\/div>\n<h2>Brent, combust\u00edveis e CO<sub>2<\/sub><\/h2>\n<p>Os futuros do <strong>petr\u00f3leo bruto Brent<\/strong> para o Front-Month no <strong>mercado ICE<\/strong> atingiram o seu m\u00e1ximo semanal de fecho de 67,44 $\/bbl na ter\u00e7a-feira, dia 22 de abril. Por outro lado, ap\u00f3s uma queda de 2,0% no dia 23 de abril, registaram o seu m\u00ednimo semanal de fecho de $66,12\/bbl. Nas duas \u00faltimas sess\u00f5es da semana, os pre\u00e7os subiram ligeiramente. Como resultado, na sexta-feira, 25 de abril, estes futuros atingiram um pre\u00e7o de fecho de 66,87 $\/bbl. De acordo com os dados analisados no <strong>AleaSoft Energy Forecasting<\/strong>, este pre\u00e7o foi 1,6% inferior ao registado na \u00faltima sess\u00e3o da semana anterior. No entanto, a m\u00e9dia semanal dos pre\u00e7os de fecho foi 1,2% superior \u00e0 da semana anterior.<\/p>\n<p>A incerteza sobre a evolu\u00e7\u00e3o da demanda mundial de petr\u00f3leo devido \u00e0s tens\u00f5es comerciais continuou a influenciar os pre\u00e7os dos futuros do petr\u00f3leo Brent na quarta semana de abril. A possibilidade de novos aumentos de produ\u00e7\u00e3o da OPEP+ em junho contribuiu para que os pre\u00e7os de fecho se mantivessem abaixo dos $67\/bbl na maioria das sess\u00f5es da quarta semana de abril. O d\u00f3lar mais forte tamb\u00e9m exerceu uma influ\u00eancia descendente sobre os pre\u00e7os.<\/p>\n<p>No que diz respeito aos futuros de <strong>g\u00e1s TTF<\/strong> no mercado ICE para o primeiro m\u00eas, na segunda-feira, 21 de abril, estes futuros atingiram o seu pre\u00e7o de fecho semanal m\u00e1ximo de 35,66 \u20ac\/MWh. No entanto, durante a quarta semana de abril, os pre\u00e7os registaram uma tend\u00eancia descendente. Como resultado, na sexta-feira, 25 de abril, estes futuros registaram o seu pre\u00e7o de fecho semanal mais baixo de 32,43 \u20ac\/MWh. De acordo com os dados analisados no <strong>AleaSoft Energy Forecasting<\/strong>, este pre\u00e7o foi o mais baixo desde 26 de julho de 2024.<\/p>\n<p>A redu\u00e7\u00e3o da demanda devido \u00e0s temperaturas mais quentes contribuiu para a descida dos pre\u00e7os dos futuros de TTF na quarta semana de abril. Al\u00e9m disso, a estabilidade da oferta permitiu que as exist\u00eancias europeias continuassem a aumentar.<\/p>\n<p>No que diz respeito aos pre\u00e7os de fecho dos futuros de <strong>licen\u00e7as de emiss\u00e3o de CO<sub>2<\/sub><\/strong> no <strong>mercado EEX<\/strong> para o contrato de refer\u00eancia de dezembro de 2025, na ter\u00e7a-feira, 22 de abril, estes futuros atingiram o seu pre\u00e7o de fecho semanal m\u00ednimo de 64,39 \u20ac\/t. Ap\u00f3s uma subida de 3,9% em rela\u00e7\u00e3o ao dia anterior, em 23 de abril, estes futuros atingiram o seu pre\u00e7o de fecho semanal de 66,90 \u20ac\/t, o m\u00e1ximo semanal. Nas duas \u00faltimas sess\u00f5es da semana, os pre\u00e7os de fecho foram ligeiramente mais baixos, mas mantiveram-se acima dos 66 \u20ac\/t. Na sexta-feira, 25 de abril, o pre\u00e7o de fecho foi de 66,43 \u20ac\/t. De acordo com os dados analisados no <strong>AleaSoft Energy Forecasting<\/strong>, este pre\u00e7o foi 0,8% superior ao registado na \u00faltima sess\u00e3o da semana anterior. No entanto, a m\u00e9dia semanal dos pre\u00e7os de fecho da quarta semana de abril foi 0,6% inferior \u00e0 da semana anterior.<\/p>\n<div style='margin-top: 20px;margin-bottom: 20px;'><a title='AleaSoft - Precios gas carbon Brent CO2' href='https:\/\/aleasoft.com\/wp-content\/uploads\/2025\/04\/20250429-AleaSoft-Precios-gas-carbon-Brent-CO2.png'><img class='aligncenter' src='https:\/\/aleasoft.com\/wp-content\/uploads\/2025\/04\/20250429-AleaSoft-Precios-gas-carbon-Brent-CO2.png' alt='AleaSoft - Precios gas carbon Brent CO2' width='740'\/><\/a><span style='font-size: small;'>Fonte: Elaborado por AleaSoft Energy Forecasting com dados de ICE e EEX.<\/span><\/div>\n<h2>An\u00e1lise AleaSoft Energy Forecasting sobre as perspectivas dos mercados energ\u00e9ticos europeus e das baterias<\/h2>\n<p>Na quinta-feira, 22 de maio, <strong>AleaSoft Energy Forecasting<\/strong> realizar\u00e1 o <a href=\"https:\/\/aleasoft.com\/webinars\/markets-batteries-may-2025\/\">55\u00ba webinar<\/a> da sua <a href=\"https:\/\/aleasoft.com\/pt\/webinars\/\">s\u00e9rie mensal de webinars<\/a>, que ser\u00e1 centrado nas <strong>baterias<\/strong>. Este evento contar\u00e1 com a presen\u00e7a de Javier Adiego Orera, CEO e cofundador da <strong>7C Energy<\/strong>. O webinar analisar\u00e1 a evolu\u00e7\u00e3o e as perspectivas dos mercados energ\u00e9ticos europeus, a import\u00e2ncia das <strong>previs\u00f5es da demanda<\/strong> e da <strong>banda secund\u00e1ria<\/strong>, os benef\u00edcios em fun\u00e7\u00e3o do grau de utiliza\u00e7\u00e3o das baterias e a sua otimiza\u00e7\u00e3o financeira, bem como as quest\u00f5es regulamentares do <strong>armazenamento de energia<\/strong>, incluindo subs\u00eddios e <strong>pagamentos por capacidade<\/strong>. Posteriormente, a mesa redonda abordar\u00e1 <strong>a hibrida\u00e7\u00e3o<\/strong> com a energia e\u00f3lica e <strong>os servi\u00e7os auxiliares<\/strong>, bem como <strong>as redes de transporte e distribui\u00e7\u00e3o<\/strong>. Kiko Maza, diretor-geral da <strong>WeMake Consultores<\/strong>, e Luis Atienza Serna, <strong>antigo ministro do Governo espanhol<\/strong> e ex-presidente da <strong>Red El\u00e9ctrica<\/strong>, tamb\u00e9m participar\u00e3o nesta mesa redonda.<\/p>\n<p>Fonte: <strong>AleaSoft Energy Forecasting<\/strong>.<\/p>\n","protected":false},"excerpt":{"rendered":"<p>AleaSoft Energy Forecasting, 29 de abril de 2025. Na semana at\u00e9 21 de abril, os pre\u00e7os na maioria dos principais mercados europeus de eletricidade aumentaram em compara\u00e7\u00e3o com a semana anterior, especialmente durante os primeiros dias da semana. A diminui\u00e7\u00e3o da produ\u00e7\u00e3o de energia e\u00f3lica esteve na origem destes aumentos. No final da semana, os [&hellip;]<\/p>\n","protected":false},"author":3,"featured_media":156293,"comment_status":"closed","ping_status":"closed","sticky":false,"template":"","format":"standard","meta":{"footnotes":""},"categories":[7514],"tags":[7602,7601,7600,7599,7604,7605,7603],"class_list":["post-156344","post","type-post","status-publish","format-standard","has-post-thumbnail","hentry","category-noticias","tag-demanda-eletrica","tag-energia-eolica","tag-energia-fotovoltaica","tag-mercados-eletricos-europeus","tag-precos-brent","tag-precos-co2","tag-precos-gas"],"yoast_head":"<!-- This site is optimized with the Yoast SEO Premium plugin v27.4 (Yoast SEO v27.5) - https:\/\/yoast.com\/product\/yoast-seo-premium-wordpress\/ -->\n<title>Os pre\u00e7os no mercado europeu aumentam devido a menos energia e\u00f3lica na quarta semana de abril, a energia fotovoltaica atinge m\u00e1ximos hist\u00f3ricos e o g\u00e1s cai para o valor mais baixo desde julho - AleaSoft Energy Forecasting<\/title>\n<meta name=\"description\" content=\"Na semana de 21 de abril, os pre\u00e7os na maioria dos principais mercados europeus de eletricidade aumentaram em rela\u00e7\u00e3o \u00e0 semana anterior, especialmente nos primeiros dias da semana.\" \/>\n<meta name=\"robots\" content=\"index, follow, max-snippet:-1, max-image-preview:large, max-video-preview:-1\" \/>\n<link rel=\"canonical\" href=\"https:\/\/aleasoft.com\/menos-eolica-registros-fv-gas-minimos-desde-julio\/\" \/>\n<meta property=\"og:locale\" content=\"pt_PT\" \/>\n<meta property=\"og:type\" content=\"article\" \/>\n<meta property=\"og:title\" content=\"Os pre\u00e7os no mercado europeu aumentam devido a menos energia e\u00f3lica na quarta semana de abril, a energia fotovoltaica atinge m\u00e1ximos hist\u00f3ricos e o g\u00e1s cai para o valor mais baixo desde julho\" \/>\n<meta property=\"og:description\" content=\"Na semana de 21 de abril, os pre\u00e7os na maioria dos principais mercados europeus de eletricidade aumentaram em rela\u00e7\u00e3o \u00e0 semana anterior, especialmente nos primeiros dias da semana.\" \/>\n<meta property=\"og:url\" content=\"https:\/\/aleasoft.com\/menos-eolica-registros-fv-gas-minimos-desde-julio\/\" \/>\n<meta property=\"og:site_name\" content=\"AleaSoft Energy Forecasting\" \/>\n<meta property=\"article:publisher\" content=\"https:\/\/www.facebook.com\/AleaSoft\/\" \/>\n<meta property=\"article:published_time\" content=\"2025-04-29T13:49:29+00:00\" \/>\n<meta property=\"article:modified_time\" content=\"2025-05-01T03:49:19+00:00\" \/>\n<meta property=\"og:image\" content=\"https:\/\/aleasoft.com\/wp-content\/uploads\/2025\/04\/20250429-AleaSoft-European-electricity-market-prices.png\" \/>\n\t<meta property=\"og:image:width\" content=\"2282\" \/>\n\t<meta property=\"og:image:height\" content=\"1589\" \/>\n\t<meta property=\"og:image:type\" content=\"image\/png\" \/>\n<meta name=\"author\" content=\"AleaSoft Energy Forecasting\" \/>\n<meta name=\"twitter:card\" content=\"summary_large_image\" \/>\n<meta name=\"twitter:creator\" content=\"@AleaSoftEnergy\" \/>\n<meta name=\"twitter:site\" content=\"@AleaSoftEnergy\" \/>\n<meta name=\"twitter:label1\" content=\"Escrito por\" \/>\n\t<meta name=\"twitter:data1\" content=\"AleaSoft Energy Forecasting\" \/>\n\t<meta name=\"twitter:label2\" content=\"Tempo estimado de leitura\" \/>\n\t<meta name=\"twitter:data2\" content=\"10 minutos\" \/>\n<script type=\"application\/ld+json\" class=\"yoast-schema-graph\">{\"@context\":\"https:\\\/\\\/schema.org\",\"@graph\":[{\"@type\":\"Article\",\"@id\":\"https:\\\/\\\/aleasoft.com\\\/menos-eolica-registros-fv-gas-minimos-desde-julio\\\/#article\",\"isPartOf\":{\"@id\":\"https:\\\/\\\/aleasoft.com\\\/pt\\\/menos-eolica-registros-fv-gas-minimos-desde-julio\\\/\"},\"author\":{\"name\":\"AleaSoft Energy Forecasting\",\"@id\":\"https:\\\/\\\/aleasoft.com\\\/#\\\/schema\\\/person\\\/e83ba5c714f71473e3096e6f5bffcd61\"},\"headline\":\"Os pre\u00e7os no mercado europeu aumentam devido a menos energia e\u00f3lica na quarta semana de abril, a energia fotovoltaica atinge m\u00e1ximos hist\u00f3ricos e o g\u00e1s cai para o valor mais baixo desde julho\",\"datePublished\":\"2025-04-29T13:49:29+00:00\",\"dateModified\":\"2025-05-01T03:49:19+00:00\",\"mainEntityOfPage\":{\"@id\":\"https:\\\/\\\/aleasoft.com\\\/pt\\\/menos-eolica-registros-fv-gas-minimos-desde-julio\\\/\"},\"wordCount\":2289,\"publisher\":{\"@id\":\"https:\\\/\\\/aleasoft.com\\\/#organization\"},\"image\":{\"@id\":\"https:\\\/\\\/aleasoft.com\\\/menos-eolica-registros-fv-gas-minimos-desde-julio\\\/#primaryimage\"},\"thumbnailUrl\":\"https:\\\/\\\/aleasoft.com\\\/wp-content\\\/uploads\\\/2025\\\/04\\\/20250429-AleaSoft-European-electricity-market-prices.png\",\"keywords\":[\"Demanda\",\"E\u00f3lica\",\"Fotovoltaica\",\"Mercados\",\"Pre\u00e7os Brent\",\"Pre\u00e7os CO2\",\"Pre\u00e7os g\u00e1s\"],\"articleSection\":[\"Not\u00edcias\"],\"inLanguage\":\"pt-PT\"},{\"@type\":\"WebPage\",\"@id\":\"https:\\\/\\\/aleasoft.com\\\/pt\\\/menos-eolica-registros-fv-gas-minimos-desde-julio\\\/\",\"url\":\"https:\\\/\\\/aleasoft.com\\\/menos-eolica-registros-fv-gas-minimos-desde-julio\\\/\",\"name\":\"Os pre\u00e7os no mercado europeu aumentam devido a menos energia e\u00f3lica na quarta semana de abril, a energia fotovoltaica atinge m\u00e1ximos hist\u00f3ricos e o g\u00e1s cai para o valor mais baixo desde julho - AleaSoft Energy Forecasting\",\"isPartOf\":{\"@id\":\"https:\\\/\\\/aleasoft.com\\\/#website\"},\"primaryImageOfPage\":{\"@id\":\"https:\\\/\\\/aleasoft.com\\\/menos-eolica-registros-fv-gas-minimos-desde-julio\\\/#primaryimage\"},\"image\":{\"@id\":\"https:\\\/\\\/aleasoft.com\\\/menos-eolica-registros-fv-gas-minimos-desde-julio\\\/#primaryimage\"},\"thumbnailUrl\":\"https:\\\/\\\/aleasoft.com\\\/wp-content\\\/uploads\\\/2025\\\/04\\\/20250429-AleaSoft-European-electricity-market-prices.png\",\"datePublished\":\"2025-04-29T13:49:29+00:00\",\"dateModified\":\"2025-05-01T03:49:19+00:00\",\"description\":\"Na semana de 21 de abril, os pre\u00e7os na maioria dos principais mercados europeus de eletricidade aumentaram em rela\u00e7\u00e3o \u00e0 semana anterior, especialmente nos primeiros dias da semana.\",\"breadcrumb\":{\"@id\":\"https:\\\/\\\/aleasoft.com\\\/menos-eolica-registros-fv-gas-minimos-desde-julio\\\/#breadcrumb\"},\"inLanguage\":\"pt-PT\",\"potentialAction\":[{\"@type\":\"ReadAction\",\"target\":[\"https:\\\/\\\/aleasoft.com\\\/menos-eolica-registros-fv-gas-minimos-desde-julio\\\/\"]}]},{\"@type\":\"ImageObject\",\"inLanguage\":\"pt-PT\",\"@id\":\"https:\\\/\\\/aleasoft.com\\\/menos-eolica-registros-fv-gas-minimos-desde-julio\\\/#primaryimage\",\"url\":\"https:\\\/\\\/aleasoft.com\\\/wp-content\\\/uploads\\\/2025\\\/04\\\/20250429-AleaSoft-European-electricity-market-prices.png\",\"contentUrl\":\"https:\\\/\\\/aleasoft.com\\\/wp-content\\\/uploads\\\/2025\\\/04\\\/20250429-AleaSoft-European-electricity-market-prices.png\",\"width\":2282,\"height\":1589},{\"@type\":\"BreadcrumbList\",\"@id\":\"https:\\\/\\\/aleasoft.com\\\/menos-eolica-registros-fv-gas-minimos-desde-julio\\\/#breadcrumb\",\"itemListElement\":[{\"@type\":\"ListItem\",\"position\":1,\"name\":\"Home\",\"item\":\"https:\\\/\\\/aleasoft.com\\\/\"},{\"@type\":\"ListItem\",\"position\":2,\"name\":\"Os pre\u00e7os no mercado europeu aumentam devido a menos energia e\u00f3lica na quarta semana de abril, a energia fotovoltaica atinge m\u00e1ximos hist\u00f3ricos e o g\u00e1s cai para o valor mais baixo desde julho\"}]},{\"@type\":\"WebSite\",\"@id\":\"https:\\\/\\\/aleasoft.com\\\/#website\",\"url\":\"https:\\\/\\\/aleasoft.com\\\/\",\"name\":\"AleaSoft Energy Forecasting\",\"description\":\"Energy Forecasting\",\"publisher\":{\"@id\":\"https:\\\/\\\/aleasoft.com\\\/#organization\"},\"potentialAction\":[{\"@type\":\"SearchAction\",\"target\":{\"@type\":\"EntryPoint\",\"urlTemplate\":\"https:\\\/\\\/aleasoft.com\\\/?s={search_term_string}\"},\"query-input\":{\"@type\":\"PropertyValueSpecification\",\"valueRequired\":true,\"valueName\":\"search_term_string\"}}],\"inLanguage\":\"pt-PT\"},{\"@type\":\"Organization\",\"@id\":\"https:\\\/\\\/aleasoft.com\\\/#organization\",\"name\":\"AleaSoft Energy Forecasting\",\"url\":\"https:\\\/\\\/aleasoft.com\\\/\",\"logo\":{\"@type\":\"ImageObject\",\"inLanguage\":\"pt-PT\",\"@id\":\"https:\\\/\\\/aleasoft.com\\\/#\\\/schema\\\/logo\\\/image\\\/\",\"url\":\"https:\\\/\\\/aleasoft.com\\\/wp-content\\\/uploads\\\/2020\\\/01\\\/logo-alea-25.svg\",\"contentUrl\":\"https:\\\/\\\/aleasoft.com\\\/wp-content\\\/uploads\\\/2020\\\/01\\\/logo-alea-25.svg\",\"width\":7047,\"height\":1416,\"caption\":\"AleaSoft Energy Forecasting\"},\"image\":{\"@id\":\"https:\\\/\\\/aleasoft.com\\\/#\\\/schema\\\/logo\\\/image\\\/\"},\"sameAs\":[\"https:\\\/\\\/www.facebook.com\\\/AleaSoft\\\/\",\"https:\\\/\\\/x.com\\\/AleaSoftEnergy\",\"https:\\\/\\\/www.linkedin.com\\\/company\\\/aleasoft\\\/\"]},{\"@type\":\"Person\",\"@id\":\"https:\\\/\\\/aleasoft.com\\\/#\\\/schema\\\/person\\\/e83ba5c714f71473e3096e6f5bffcd61\",\"name\":\"AleaSoft Energy Forecasting\",\"image\":{\"@type\":\"ImageObject\",\"inLanguage\":\"pt-PT\",\"@id\":\"https:\\\/\\\/secure.gravatar.com\\\/avatar\\\/9f3c80a49711746195eaa8b9dac85dd25b10ed81cf9cd40ba1c909b7c8d60bfb?s=96&d=mm&r=g\",\"url\":\"https:\\\/\\\/secure.gravatar.com\\\/avatar\\\/9f3c80a49711746195eaa8b9dac85dd25b10ed81cf9cd40ba1c909b7c8d60bfb?s=96&d=mm&r=g\",\"contentUrl\":\"https:\\\/\\\/secure.gravatar.com\\\/avatar\\\/9f3c80a49711746195eaa8b9dac85dd25b10ed81cf9cd40ba1c909b7c8d60bfb?s=96&d=mm&r=g\",\"caption\":\"AleaSoft Energy Forecasting\"}}]}<\/script>\n<!-- \/ Yoast SEO Premium plugin. -->","yoast_head_json":{"title":"Os pre\u00e7os no mercado europeu aumentam devido a menos energia e\u00f3lica na quarta semana de abril, a energia fotovoltaica atinge m\u00e1ximos hist\u00f3ricos e o g\u00e1s cai para o valor mais baixo desde julho - AleaSoft Energy Forecasting","description":"Na semana de 21 de abril, os pre\u00e7os na maioria dos principais mercados europeus de eletricidade aumentaram em rela\u00e7\u00e3o \u00e0 semana anterior, especialmente nos primeiros dias da semana.","robots":{"index":"index","follow":"follow","max-snippet":"max-snippet:-1","max-image-preview":"max-image-preview:large","max-video-preview":"max-video-preview:-1"},"canonical":"https:\/\/aleasoft.com\/menos-eolica-registros-fv-gas-minimos-desde-julio\/","og_locale":"pt_PT","og_type":"article","og_title":"Os pre\u00e7os no mercado europeu aumentam devido a menos energia e\u00f3lica na quarta semana de abril, a energia fotovoltaica atinge m\u00e1ximos hist\u00f3ricos e o g\u00e1s cai para o valor mais baixo desde julho","og_description":"Na semana de 21 de abril, os pre\u00e7os na maioria dos principais mercados europeus de eletricidade aumentaram em rela\u00e7\u00e3o \u00e0 semana anterior, especialmente nos primeiros dias da semana.","og_url":"https:\/\/aleasoft.com\/menos-eolica-registros-fv-gas-minimos-desde-julio\/","og_site_name":"AleaSoft Energy Forecasting","article_publisher":"https:\/\/www.facebook.com\/AleaSoft\/","article_published_time":"2025-04-29T13:49:29+00:00","article_modified_time":"2025-05-01T03:49:19+00:00","og_image":[{"width":2282,"height":1589,"url":"https:\/\/aleasoft.com\/wp-content\/uploads\/2025\/04\/20250429-AleaSoft-European-electricity-market-prices.png","type":"image\/png"}],"author":"AleaSoft Energy Forecasting","twitter_card":"summary_large_image","twitter_creator":"@AleaSoftEnergy","twitter_site":"@AleaSoftEnergy","twitter_misc":{"Escrito por":"AleaSoft Energy Forecasting","Tempo estimado de leitura":"10 minutos"},"schema":{"@context":"https:\/\/schema.org","@graph":[{"@type":"Article","@id":"https:\/\/aleasoft.com\/menos-eolica-registros-fv-gas-minimos-desde-julio\/#article","isPartOf":{"@id":"https:\/\/aleasoft.com\/pt\/menos-eolica-registros-fv-gas-minimos-desde-julio\/"},"author":{"name":"AleaSoft Energy Forecasting","@id":"https:\/\/aleasoft.com\/#\/schema\/person\/e83ba5c714f71473e3096e6f5bffcd61"},"headline":"Os pre\u00e7os no mercado europeu aumentam devido a menos energia e\u00f3lica na quarta semana de abril, a energia fotovoltaica atinge m\u00e1ximos hist\u00f3ricos e o g\u00e1s cai para o valor mais baixo desde julho","datePublished":"2025-04-29T13:49:29+00:00","dateModified":"2025-05-01T03:49:19+00:00","mainEntityOfPage":{"@id":"https:\/\/aleasoft.com\/pt\/menos-eolica-registros-fv-gas-minimos-desde-julio\/"},"wordCount":2289,"publisher":{"@id":"https:\/\/aleasoft.com\/#organization"},"image":{"@id":"https:\/\/aleasoft.com\/menos-eolica-registros-fv-gas-minimos-desde-julio\/#primaryimage"},"thumbnailUrl":"https:\/\/aleasoft.com\/wp-content\/uploads\/2025\/04\/20250429-AleaSoft-European-electricity-market-prices.png","keywords":["Demanda","E\u00f3lica","Fotovoltaica","Mercados","Pre\u00e7os Brent","Pre\u00e7os CO2","Pre\u00e7os g\u00e1s"],"articleSection":["Not\u00edcias"],"inLanguage":"pt-PT"},{"@type":"WebPage","@id":"https:\/\/aleasoft.com\/pt\/menos-eolica-registros-fv-gas-minimos-desde-julio\/","url":"https:\/\/aleasoft.com\/menos-eolica-registros-fv-gas-minimos-desde-julio\/","name":"Os pre\u00e7os no mercado europeu aumentam devido a menos energia e\u00f3lica na quarta semana de abril, a energia fotovoltaica atinge m\u00e1ximos hist\u00f3ricos e o g\u00e1s cai para o valor mais baixo desde julho - AleaSoft Energy Forecasting","isPartOf":{"@id":"https:\/\/aleasoft.com\/#website"},"primaryImageOfPage":{"@id":"https:\/\/aleasoft.com\/menos-eolica-registros-fv-gas-minimos-desde-julio\/#primaryimage"},"image":{"@id":"https:\/\/aleasoft.com\/menos-eolica-registros-fv-gas-minimos-desde-julio\/#primaryimage"},"thumbnailUrl":"https:\/\/aleasoft.com\/wp-content\/uploads\/2025\/04\/20250429-AleaSoft-European-electricity-market-prices.png","datePublished":"2025-04-29T13:49:29+00:00","dateModified":"2025-05-01T03:49:19+00:00","description":"Na semana de 21 de abril, os pre\u00e7os na maioria dos principais mercados europeus de eletricidade aumentaram em rela\u00e7\u00e3o \u00e0 semana anterior, especialmente nos primeiros dias da semana.","breadcrumb":{"@id":"https:\/\/aleasoft.com\/menos-eolica-registros-fv-gas-minimos-desde-julio\/#breadcrumb"},"inLanguage":"pt-PT","potentialAction":[{"@type":"ReadAction","target":["https:\/\/aleasoft.com\/menos-eolica-registros-fv-gas-minimos-desde-julio\/"]}]},{"@type":"ImageObject","inLanguage":"pt-PT","@id":"https:\/\/aleasoft.com\/menos-eolica-registros-fv-gas-minimos-desde-julio\/#primaryimage","url":"https:\/\/aleasoft.com\/wp-content\/uploads\/2025\/04\/20250429-AleaSoft-European-electricity-market-prices.png","contentUrl":"https:\/\/aleasoft.com\/wp-content\/uploads\/2025\/04\/20250429-AleaSoft-European-electricity-market-prices.png","width":2282,"height":1589},{"@type":"BreadcrumbList","@id":"https:\/\/aleasoft.com\/menos-eolica-registros-fv-gas-minimos-desde-julio\/#breadcrumb","itemListElement":[{"@type":"ListItem","position":1,"name":"Home","item":"https:\/\/aleasoft.com\/"},{"@type":"ListItem","position":2,"name":"Os pre\u00e7os no mercado europeu aumentam devido a menos energia e\u00f3lica na quarta semana de abril, a energia fotovoltaica atinge m\u00e1ximos hist\u00f3ricos e o g\u00e1s cai para o valor mais baixo desde julho"}]},{"@type":"WebSite","@id":"https:\/\/aleasoft.com\/#website","url":"https:\/\/aleasoft.com\/","name":"AleaSoft Energy Forecasting","description":"Energy Forecasting","publisher":{"@id":"https:\/\/aleasoft.com\/#organization"},"potentialAction":[{"@type":"SearchAction","target":{"@type":"EntryPoint","urlTemplate":"https:\/\/aleasoft.com\/?s={search_term_string}"},"query-input":{"@type":"PropertyValueSpecification","valueRequired":true,"valueName":"search_term_string"}}],"inLanguage":"pt-PT"},{"@type":"Organization","@id":"https:\/\/aleasoft.com\/#organization","name":"AleaSoft Energy Forecasting","url":"https:\/\/aleasoft.com\/","logo":{"@type":"ImageObject","inLanguage":"pt-PT","@id":"https:\/\/aleasoft.com\/#\/schema\/logo\/image\/","url":"https:\/\/aleasoft.com\/wp-content\/uploads\/2020\/01\/logo-alea-25.svg","contentUrl":"https:\/\/aleasoft.com\/wp-content\/uploads\/2020\/01\/logo-alea-25.svg","width":7047,"height":1416,"caption":"AleaSoft Energy Forecasting"},"image":{"@id":"https:\/\/aleasoft.com\/#\/schema\/logo\/image\/"},"sameAs":["https:\/\/www.facebook.com\/AleaSoft\/","https:\/\/x.com\/AleaSoftEnergy","https:\/\/www.linkedin.com\/company\/aleasoft\/"]},{"@type":"Person","@id":"https:\/\/aleasoft.com\/#\/schema\/person\/e83ba5c714f71473e3096e6f5bffcd61","name":"AleaSoft Energy Forecasting","image":{"@type":"ImageObject","inLanguage":"pt-PT","@id":"https:\/\/secure.gravatar.com\/avatar\/9f3c80a49711746195eaa8b9dac85dd25b10ed81cf9cd40ba1c909b7c8d60bfb?s=96&d=mm&r=g","url":"https:\/\/secure.gravatar.com\/avatar\/9f3c80a49711746195eaa8b9dac85dd25b10ed81cf9cd40ba1c909b7c8d60bfb?s=96&d=mm&r=g","contentUrl":"https:\/\/secure.gravatar.com\/avatar\/9f3c80a49711746195eaa8b9dac85dd25b10ed81cf9cd40ba1c909b7c8d60bfb?s=96&d=mm&r=g","caption":"AleaSoft Energy Forecasting"}}]}},"_links":{"self":[{"href":"https:\/\/aleasoft.com\/pt\/wp-json\/wp\/v2\/posts\/156344","targetHints":{"allow":["GET"]}}],"collection":[{"href":"https:\/\/aleasoft.com\/pt\/wp-json\/wp\/v2\/posts"}],"about":[{"href":"https:\/\/aleasoft.com\/pt\/wp-json\/wp\/v2\/types\/post"}],"author":[{"embeddable":true,"href":"https:\/\/aleasoft.com\/pt\/wp-json\/wp\/v2\/users\/3"}],"replies":[{"embeddable":true,"href":"https:\/\/aleasoft.com\/pt\/wp-json\/wp\/v2\/comments?post=156344"}],"version-history":[{"count":0,"href":"https:\/\/aleasoft.com\/pt\/wp-json\/wp\/v2\/posts\/156344\/revisions"}],"wp:featuredmedia":[{"embeddable":true,"href":"https:\/\/aleasoft.com\/pt\/wp-json\/wp\/v2\/media\/156293"}],"wp:attachment":[{"href":"https:\/\/aleasoft.com\/pt\/wp-json\/wp\/v2\/media?parent=156344"}],"wp:term":[{"taxonomy":"category","embeddable":true,"href":"https:\/\/aleasoft.com\/pt\/wp-json\/wp\/v2\/categories?post=156344"},{"taxonomy":"post_tag","embeddable":true,"href":"https:\/\/aleasoft.com\/pt\/wp-json\/wp\/v2\/tags?post=156344"}],"curies":[{"name":"wp","href":"https:\/\/api.w.org\/{rel}","templated":true}]}}