{"id":158722,"date":"2025-07-14T15:00:28","date_gmt":"2025-07-14T13:00:28","guid":{"rendered":"https:\/\/aleasoft.com\/?p=158722"},"modified":"2025-07-17T05:05:39","modified_gmt":"2025-07-17T03:05:39","slug":"records-fv-menor-demanda-moderan-precios-mercados-europeos","status":"publish","type":"post","link":"https:\/\/aleasoft.com\/pt\/records-fv-menor-demanda-moderan-precios-mercados-europeos\/","title":{"rendered":"Recordes de energia fotovoltaica e menor demanda moderam os pre\u00e7os nos mercados el\u00e9tricos europeus na segunda semana de julho"},"content":{"rendered":"<p><strong>AleaSoft Energy Forecasting, 14 de julho de 2025. Na segunda semana de julho, os pre\u00e7os na maioria dos principais mercados europeus de eletricidade diminu\u00edram em rela\u00e7\u00e3o \u00e0 semana anterior, embora em quase todas as m\u00e9dias semanais se tenham mantido acima dos 75 \u20ac\/MWh. Durante a semana, os mercados em Fran\u00e7a e It\u00e1lia atingiram a produ\u00e7\u00e3o fotovoltaica di\u00e1ria mais elevada de sempre e, em Espanha, a mais elevada de um dia em julho. A menor demanda resultante das temperaturas mais baixas tamb\u00e9m exerceu uma press\u00e3o descendente sobre os pre\u00e7os.<\/strong><\/p>\n<h2>Produ\u00e7\u00e3o solar fotovoltaica e produ\u00e7\u00e3o e\u00f3lica<\/h2>\n<p>Durante a semana de 7 de julho, <strong>a produ\u00e7\u00e3o solar fotovoltaica<\/strong> aumentou nos mercados franc\u00eas, italiano e espanhol em compara\u00e7\u00e3o com a semana anterior. O mercado franc\u00eas manteve a tend\u00eancia ascendente pela segunda semana consecutiva e registou o crescimento mais significativo de 9,1%. Os mercados italiano e espanhol inverteram as descidas da semana anterior, registando aumentos correspondentes de 3,7% e 3,3%. Em contrapartida, os mercados alem\u00e3o e portugu\u00eas inverteram a tend\u00eancia de subida da semana anterior, com a produ\u00e7\u00e3o fotovoltaica a cair 22% e 13%, respetivamente.<\/p>\n<p>Durante a semana, os mercados franc\u00eas e italiano atingiram recordes hist\u00f3ricos de produ\u00e7\u00e3o solar fotovoltaica. No dia 10 de julho, o mercado franc\u00eas registou a sua produ\u00e7\u00e3o solar fotovoltaica mais elevada de sempre, com 173 GWh. Em 9 de julho, o mercado italiano registou a sua produ\u00e7\u00e3o mais elevada de sempre, com uma produ\u00e7\u00e3o de 161 GWh. No dia 7 de julho, o mercado espanhol estabeleceu um novo m\u00e1ximo hist\u00f3rico de produ\u00e7\u00e3o fotovoltaica para um \u00fanico dia de julho, com 224 GWh.<\/p>\n<p>Na semana de 14 de julho, de acordo com as <a href=\"https:\/\/aleasoft.com\/pt\/?page_id=148453\">previs\u00f5es de produ\u00e7\u00e3o solar<\/a> da <strong>AleaSoft Energy Forecasting<\/strong>, a produ\u00e7\u00e3o solar fotovoltaica aumentar\u00e1 nos mercados alem\u00e3o e espanhol e diminuir\u00e1 no mercado italiano.<\/p>\n<p><div style='margin-top: 20px;margin-bottom: 20px;'><a title='Solar pho- tovoltaic thermosolar energy production electricity Europe' href='https:\/\/aleasoft.com\/wp-content\/uploads\/2025\/07\/20250714-AleaSoft-Photovoltaic-energy-production-electricity-Europe.png'><img class='aligncenter' src='https:\/\/aleasoft.com\/wp-content\/uploads\/2025\/07\/20250714-AleaSoft-Photovoltaic-energy-production-electricity-Europe.png' alt='Solar pho- tovoltaic thermosolar energy production electricity Europe' width='740'\/><\/a><span style='font-size: small;'>Fonte: Elaborado por AleaSoft Energy Forecasting utilizando dados da ENTSO-E, RTE, REN, Red El\u00e9ctrica e TERNA.<\/span><\/div><br \/>\n<div style='margin-top: 20px;margin-bottom: 20px;'><a title='Solar pho- tovoltaic production profile Europe' href='https:\/\/aleasoft.com\/wp-content\/uploads\/2025\/07\/20250714-AleaSoft-Solar-photovoltaic-production-profile-Europe.png'><img class='aligncenter' src='https:\/\/aleasoft.com\/wp-content\/uploads\/2025\/07\/20250714-AleaSoft-Solar-photovoltaic-production-profile-Europe.png' alt='Solar pho- tovoltaic production profile Europe' width='740'\/><\/a><span style='font-size: small;'>Fonte: Elaborado por AleaSoft Energy Forecasting utilizando dados da ENTSO-E, RTE, REN, Red El\u00e9ctrica e TERNA.<\/span><\/div><\/p>\n<p>Durante a segunda semana de julho, <strong>a produ\u00e7\u00e3o de energia e\u00f3lica<\/strong> aumentou numa base semanal em It\u00e1lia e em Fran\u00e7a. O mercado italiano registou o maior aumento, de 191%, invertendo a queda da semana anterior. O mercado franc\u00eas registou um aumento pela quarta semana consecutiva, desta vez de 2,2%. No entanto, o mercado ib\u00e9rico registou as maiores descidas, de 9,2% em Espanha e de 8,8% em Portugal, seguindo-se o mercado alem\u00e3o, onde a produ\u00e7\u00e3o e\u00f3lica caiu pela segunda semana consecutiva, desta vez 6,0%.<\/p>\n<p>Na semana de 14 de julho, de acordo com as <a href=\"https:\/\/aleasoft.com\/pt\/?page_id=148447\">previs\u00f5es de produ\u00e7\u00e3o e\u00f3lica<\/a> da <strong>AleaSoft Energy Forecasting<\/strong>, as varia\u00e7\u00f5es da produ\u00e7\u00e3o e\u00f3lica face \u00e0 semana anterior ser\u00e3o novamente heterog\u00e9neas. A produ\u00e7\u00e3o de energia e\u00f3lica aumentar\u00e1 nos mercados franc\u00eas e portugu\u00eas, mas dever\u00e1 diminuir nos mercados alem\u00e3o, espanhol e italiano.<\/p>\n<div style='margin-top: 20px;margin-bottom: 20px;'><a title='Wind ener- gy production electricity Europe' href='https:\/\/aleasoft.com\/wp-content\/uploads\/2025\/07\/20250714-AleaSoft-Wind-energy-production-electricity-Europe.png'><img class='aligncenter' src='https:\/\/aleasoft.com\/wp-content\/uploads\/2025\/07\/20250714-AleaSoft-Wind-energy-production-electricity-Europe.png' alt='Wind ener- gy production electricity Europe' width='740'\/><\/a><span style='font-size: small;'>Fonte: Elaborado por AleaSoft Energy Forecasting utilizando dados da ENTSO-E, RTE, REN, Red El\u00e9ctrica e TERNA.<\/span><\/div>\n<a href='https:\/\/aleasoft.com\/pt\/subscreva-boletim-semanal\/' class='alea-banner-link' data-alea-gtm-event-category='banner-horizontal' data-alea-gtm-event-label='newsletter'><img class='alignright' src='https:\/\/aleasoft.com\/wp-content\/uploads\/2024\/07\/newsletter-pt.png' alt='Subscri\u00e7\u00e3o do resumo semanal da AleaSoft' style='width: 100%; object-position: center;'\/><\/a>\n<h2>Demanda de eletricidade<\/h2>\n<p>Durante a semana de 7 de julho, <strong>a demanda de eletricidade<\/strong> diminuiu nos principais mercados europeus de eletricidade em compara\u00e7\u00e3o com a semana anterior, invertendo a tend\u00eancia ascendente observada na semana anterior. Ap\u00f3s seis semanas consecutivas de crescimento, o mercado italiano registou a maior queda, de 12%. Nos outros mercados, as descidas variaram entre 1,3% na Gr\u00e3-Bretanha e 7,8% em Fran\u00e7a.<\/p>\n<p>Ao mesmo tempo, <strong>as temperaturas m\u00e9dias<\/strong> diminu\u00edram na maioria dos mercados analisados, o que reduziu a necessidade de arrefecimento e, consequentemente, a demanda. As temperaturas m\u00e9dias diminu\u00edram entre 2,3\u00b0C em Espanha e 4,5\u00b0C na Alemanha. Na Gr\u00e3-Bretanha, no entanto, as temperaturas m\u00e9dias aumentaram 1,0\u00b0C em compara\u00e7\u00e3o com a semana anterior.<\/p>\n<p>Para a semana de 14 de julho, de acordo com as <a href=\"https:\/\/aleasoft.com\/es\/productos-y-servicios\/previsiones-de-la-demanda-de-energia\/\">previs\u00f5es de demanda<\/a> da <strong>AleaSoft Energy Forecasting<\/strong>, nos mercados italiano, espanhol e brit\u00e2nico, a demanda ir\u00e1 aumentar. No entanto, a tend\u00eancia decrescente manter-se-\u00e1 nos mercados belga, portugu\u00eas e alem\u00e3o. No mercado franc\u00eas, a demanda manter-se-\u00e1 semelhante \u00e0 da semana anterior.<\/p>\n<div style='margin-top: 20px;margin-bottom: 20px;'><a title='Electrici- ty demand European countries' href='https:\/\/aleasoft.com\/wp-content\/uploads\/2025\/07\/20250714-AleaSoft-Electricity-demand-European-countries.png'><img class='aligncenter' src='https:\/\/aleasoft.com\/wp-content\/uploads\/2025\/07\/20250714-AleaSoft-Electricity-demand-European-countries.png' alt='Electrici- ty demand European countries' width='740'\/><\/a><span style='font-size: small;'>Fonte: Elaborado por AleaSoft Energy Forecasting utilizando dados da ENTSO-E, RTE, REN, Red El\u00e9ctrica, TERNA, National Grid e ELIA.<\/span><\/div>\n<h2>Mercados europeus de eletricidade<\/h2>\n<p>Na segunda semana de julho, os pre\u00e7os m\u00e9dios na maioria dos principais mercados europeus de eletricidade baixaram em rela\u00e7\u00e3o \u00e0 semana anterior. As excep\u00e7\u00f5es foram o mercado brit\u00e2nico <strong>N2EX <\/strong>e o <strong>mercado n\u00f3rdico Nord Pool<\/strong>, com aumentos de 9,9% e 67%, respetivamente. O <strong>mercado <\/strong>, em Fran\u00e7a, registou a maior descida percentual de pre\u00e7os, de 34%. Nos outros mercados analisados no <strong>AleaSoft Energy Forecasting<\/strong>, os pre\u00e7os ca\u00edram entre 5,1% no mercado  da Alemanha e 16% no<strong> mercado MIBEL<\/strong> de Espanha.<\/p>\n<p>Na semana de 7 de julho, apesar das descidas de pre\u00e7os, as m\u00e9dias semanais mantiveram-se acima dos 75 \u20ac\/MWh na maioria dos mercados europeus de eletricidade. As excep\u00e7\u00f5es foram os mercados n\u00f3rdico e franc\u00eas, com m\u00e9dias de 33,54 \u20ac\/MWh e 49,96 \u20ac\/MWh, respetivamente. Em contrapartida, o <strong>mercado <\/strong>italiano <strong>IPEX <\/strong>atingiu a m\u00e9dia semanal mais elevada de 108,38 \u20ac\/MWh. Nos restantes mercados analisados no <strong>AleaSoft Energy Forecasting<\/strong>, os pre\u00e7os variaram entre 77,28 \u20ac\/MWh no mercado espanhol e 91,51 \u20ac\/MWh no mercado brit\u00e2nico.<\/p>\n<p>Em termos de pre\u00e7os di\u00e1rios, no domingo, 13 de julho, o mercado n\u00f3rdico atingiu a m\u00e9dia mais baixa da semana entre os mercados analisados, com 16,99 \u20ac\/MWh. No entanto, no dia 9 de julho, este mercado registou o pre\u00e7o di\u00e1rio mais elevado desde 10 de maio, com 51,81 \u20ac\/MWh. Por outro lado, os pre\u00e7os no mercado italiano mantiveram-se acima dos 100 \u20ac\/MWh durante toda a semana. Na quinta-feira, 10 de julho, o pre\u00e7o di\u00e1rio do mercado ib\u00e9rico tamb\u00e9m ultrapassou este valor. Na segunda-feira, 7 de julho, o mercado italiano atingiu a m\u00e9dia di\u00e1ria mais elevada da semana, com 118,27 \u20ac\/MWh.<\/p>\n<p>Na semana de 7 de julho, a queda da demanda, bem como o aumento da produ\u00e7\u00e3o solar na maioria dos mercados, conduziram a uma descida dos pre\u00e7os nos mercados europeus da eletricidade. Al\u00e9m disso, a produ\u00e7\u00e3o de energia e\u00f3lica tamb\u00e9m aumentou em Fran\u00e7a e em It\u00e1lia.<br \/>\n<div style='margin-top: 20px;margin-bottom: 20px;'><a title='ica- ' href='https:\/\/aleasoft.com\/wp-content\/uploads\/2025\/07\/pexels-fotovoltaica18-scaled.jpg'><img class='aligncenter' src='https:\/\/aleasoft.com\/wp-content\/uploads\/2025\/07\/pexels-fotovoltaica18-scaled.jpg' alt='ica- ' width='740'\/><\/a><\/div><\/p>\n<p>As <a href=\"https:\/\/aleasoft.com\/pt\/servicos\/previsoes-precos-energia\/\">previs\u00f5es de pre\u00e7os<\/a> da <strong>AleaSoft Energy Forecasting<\/strong> indicam que, na terceira semana de julho, os pre\u00e7os aumentar\u00e3o na maioria dos principais mercados europeus de eletricidade, influenciados pela diminui\u00e7\u00e3o da produ\u00e7\u00e3o de energia e\u00f3lica na maioria dos mercados e pelo aumento da demanda em alguns casos.<\/p>\n<div style='margin-top: 20px;margin-bottom: 20px;'><a title='European - electricity market prices' href='https:\/\/aleasoft.com\/wp-content\/uploads\/2025\/07\/20250714-AleaSoft-European-electricity-market-prices.png'><img class='aligncenter' src='https:\/\/aleasoft.com\/wp-content\/uploads\/2025\/07\/20250714-AleaSoft-European-electricity-market-prices.png' alt='European - electricity market prices' width='740'\/><\/a><span style='font-size: small;'>Fonte: Elaborado por AleaSoft Energy Forecasting utilizando dados do OMIE, , Nord Pool e GME.<\/span><\/div>\n<h2>Brent, combust\u00edveis e CO<sub>2<\/sub><\/h2>\n<p>Os pre\u00e7os de fecho dos futuros do <strong>petr\u00f3leo bruto Brent<\/strong> para o Front-Month no <strong>mercado ICE<\/strong> mantiveram uma tend\u00eancia de subida na maioria das sess\u00f5es da segunda semana de julho. A exce\u00e7\u00e3o ocorreu na quinta-feira, dia 10 de julho, em que a cota\u00e7\u00e3o de fecho desceu 2,2% face ao dia anterior. Nesse dia, estes futuros registaram o seu pre\u00e7o semanal de fecho m\u00ednimo de $68,64\/bbl. No entanto, na sexta-feira, dia 11 de julho, ap\u00f3s uma subida de 2,5% em rela\u00e7\u00e3o a quinta-feira, atingiram o pre\u00e7o semanal de fecho de $70,36\/bbl. De acordo com os dados analisados pela <strong>AleaSoft Energy Forecasting<\/strong>, este pre\u00e7o foi 3,0% superior ao da sexta-feira anterior.<\/p>\n<p>Apesar do an\u00fancio de novos aumentos de produ\u00e7\u00e3o pela OPEP+ em agosto, os ataques Houthi no Mar Vermelho, bem como o aumento do pre\u00e7o da Ar\u00e1bia Saudita para a \u00c1sia, exerceram a sua influ\u00eancia ascendente sobre os pre\u00e7os dos futuros do petr\u00f3leo Brent. A possibilidade de novas san\u00e7\u00f5es contra o petr\u00f3leo russo tamb\u00e9m contribuiu para o aumento dos pre\u00e7os. No entanto, permanecem as preocupa\u00e7\u00f5es sobre os efeitos das pol\u00edticas tarif\u00e1rias dos EUA sobre a demanda global de petr\u00f3leo. As not\u00edcias sobre as negocia\u00e7\u00f5es da OPEP+ para suspender os aumentos de produ\u00e7\u00e3o em outubro e o aumento das exist\u00eancias nos EUA tamb\u00e9m contribu\u00edram para a descida dos pre\u00e7os de quinta-feira.<\/p>\n<p>Quanto aos futuros do <strong>g\u00e1s TTF<\/strong> no mercado ICE Front-Month, registaram o seu pre\u00e7o de fecho semanal mais baixo de 33,62 euros\/MWh na segunda-feira, 7 de julho. Os pre\u00e7os de fecho aumentaram durante a segunda semana de julho. Como resultado, estes futuros atingiram o seu pre\u00e7o de fecho semanal mais elevado de 35,56 \u20ac\/MWh na sexta-feira, 11 de julho. De acordo com os dados analisados no <strong>AleaSoft Energy Forecasting<\/strong>, este pre\u00e7o foi 6,3% superior ao da sexta-feira anterior.<\/p>\n<p>O aumento da demanda na \u00c1sia devido a uma vaga de calor contribuiu para o aumento dos pre\u00e7os dos futuros do g\u00e1s TTF. O aumento da oferta de g\u00e1s natural liquefeito na \u00c1sia poder\u00e1 afetar o enchimento das reservas europeias para o pr\u00f3ximo inverno. No entanto, as preocupa\u00e7\u00f5es com os efeitos das pol\u00edticas tarif\u00e1rias dos EUA contribu\u00edram para que os pre\u00e7os de fecho se mantivessem abaixo dos 36 \u20ac\/MWh.<\/p>\n<p>Quanto aos futuros de <strong>CO<sub>2<\/sub><\/strong> no <strong>mercado EEX<\/strong> para o contrato de refer\u00eancia de dezembro de 2025, atingiram o seu pre\u00e7o de fecho semanal m\u00e1ximo de 71,20 \u20ac\/t na segunda-feira, 7 de julho. No entanto, este pre\u00e7o j\u00e1 era 0,7% inferior ao registado na sexta-feira anterior. A tend\u00eancia descendente manteve-se at\u00e9 9 de julho. Nesse dia, estes futuros registaram o seu pre\u00e7o de fecho semanal mais baixo, de 70,41 euros\/tonelada. Nas \u00faltimas sess\u00f5es da semana, os pre\u00e7os de fecho foram ligeiramente superiores, mas mantiveram-se abaixo dos 71 euros\/tonelada. Na sexta-feira, 11 de julho, o pre\u00e7o de fecho foi de \u20ac70,55\/t. De acordo com os dados analisados no <strong>AleaSoft Energy Forecasting<\/strong>, este pre\u00e7o era 1,6% inferior ao da sexta-feira anterior.<\/p>\n<div style='margin-top: 20px;margin-bottom: 20px;'><a title='Prices ga- s coal Brent oil CO2' href='https:\/\/aleasoft.com\/wp-content\/uploads\/2025\/07\/20250714-AleaSoft-Prices-gas-coal-Brent-oil-CO2.png'><img class='aligncenter' src='https:\/\/aleasoft.com\/wp-content\/uploads\/2025\/07\/20250714-AleaSoft-Prices-gas-coal-Brent-oil-CO2.png' alt='Prices ga- s coal Brent oil CO2' width='740'\/><\/a><span style='font-size: small;'>Fonte: Elaborado por AleaSoft Energy Forecasting utilizando dados da ICE e EEX.<\/span><\/div>\n<h2>An\u00e1lise da AleaSoft Energy Forecasting sobre as perspectivas dos mercados europeus de energia, armazenamento e financiamento de projectos<\/h2>\n<p>Na quinta-feira, 10 de julho, <strong>a AleaSoft Energy Forecasting<\/strong> realizou o 57\u00ba webinar da sua <a href=\"https:\/\/aleasoft.com\/pt\/webinars\/\">s\u00e9rie mensal de webinars<\/a>. Este webinar analisou a evolu\u00e7\u00e3o e as perspectivas dos mercados europeus da energia, bem como a situa\u00e7\u00e3o atual e as perspectivas dos <strong>CAE<\/strong>, centrando-se na perspetiva dos grandes consumidores. Al\u00e9m disso, o webinar abordou as perspectivas do <strong>armazenamento de energia<\/strong> e o pedido de ajuda do IDAE para o armazenamento de energia.<\/p>\n<p>A mesa redonda contou com a participa\u00e7\u00e3o de Pedro Gonz\u00e1lez, Diretor-Geral da <strong>AEGE<\/strong>, e de Roger Font, Diretor-Geral de Project Finance Energy do <strong>Banco Sabadell<\/strong>. Pedro Gonz\u00e1lez apresentou a perspetiva dos grandes consumidores intensivos de eletricidade, enquanto Roger Font analisou os desafios e as oportunidades de <strong>financiamento de projectos renov\u00e1veis<\/strong> e de armazenamento no atual contexto do mercado.<\/p>\n<p>Se <strong>AleaSoft Energy Forecasting<\/strong> \u00e9 o seu consultor de mercado, pode solicitar uma <a href=\"https:\/\/aleasoft.com\/webinars\/markets-ppa-storage-july-2025\/\">grava\u00e7\u00e3o do webinar<\/a>.<\/p>\n<p>Fonte: <strong>AleaSoft Energy Forecasting<\/strong>.<\/p>\n","protected":false},"excerpt":{"rendered":"<p>AleaSoft Energy Forecasting, 14 de julho de 2025. Na segunda semana de julho, os pre\u00e7os na maioria dos principais mercados europeus de eletricidade diminu\u00edram em rela\u00e7\u00e3o \u00e0 semana anterior, embora em quase todas as m\u00e9dias semanais se tenham mantido acima dos 75 \u20ac\/MWh. Durante a semana, os mercados em Fran\u00e7a e It\u00e1lia atingiram a produ\u00e7\u00e3o [&hellip;]<\/p>\n","protected":false},"author":3,"featured_media":158652,"comment_status":"closed","ping_status":"closed","sticky":false,"template":"","format":"standard","meta":{"footnotes":""},"categories":[7598,7514],"tags":[7513,7602,7601,7600,7599,7506,7604,7605,7603],"class_list":["post-158722","post","type-post","status-publish","format-standard","has-post-thumbnail","hentry","category-analise-semanal","category-noticias","tag-analise-mercado","tag-demanda-eletrica","tag-energia-eolica","tag-energia-fotovoltaica","tag-mercados-eletricos-europeus","tag-noticias","tag-precos-brent","tag-precos-co2","tag-precos-gas"],"yoast_head":"<!-- This site is optimized with the Yoast SEO Premium plugin v27.4 (Yoast SEO v27.4) - https:\/\/yoast.com\/product\/yoast-seo-premium-wordpress\/ -->\n<title>Recordes de energia fotovoltaica e menor demanda moderam os pre\u00e7os nos mercados el\u00e9tricos europeus na segunda semana de julho - AleaSoft Energy Forecasting<\/title>\n<meta name=\"description\" content=\"Na segunda semana de julho, os pre\u00e7os da maioria dos principais mercados el\u00e9tricos europeus ca\u00edram em compara\u00e7\u00e3o com a semana anterior, embora em quase todas as m\u00e9dias semanais continuassem acima de 75 \u20ac\/MWh.\" \/>\n<meta name=\"robots\" content=\"index, follow, max-snippet:-1, max-image-preview:large, max-video-preview:-1\" \/>\n<link rel=\"canonical\" href=\"https:\/\/aleasoft.com\/records-fv-menor-demanda-moderan-precios-mercados-europeos\/\" \/>\n<meta property=\"og:locale\" content=\"pt_PT\" \/>\n<meta property=\"og:type\" content=\"article\" \/>\n<meta property=\"og:title\" content=\"Recordes de energia fotovoltaica e menor demanda moderam os pre\u00e7os nos mercados el\u00e9tricos europeus na segunda semana de julho\" \/>\n<meta property=\"og:description\" content=\"Na segunda semana de julho, os pre\u00e7os da maioria dos principais mercados el\u00e9tricos europeus ca\u00edram em compara\u00e7\u00e3o com a semana anterior, embora em quase todas as m\u00e9dias semanais continuassem acima de 75 \u20ac\/MWh.\" \/>\n<meta property=\"og:url\" content=\"https:\/\/aleasoft.com\/records-fv-menor-demanda-moderan-precios-mercados-europeos\/\" \/>\n<meta property=\"og:site_name\" content=\"AleaSoft Energy Forecasting\" \/>\n<meta property=\"article:publisher\" content=\"https:\/\/www.facebook.com\/AleaSoft\/\" \/>\n<meta property=\"article:published_time\" content=\"2025-07-14T13:00:28+00:00\" \/>\n<meta property=\"article:modified_time\" content=\"2025-07-17T03:05:39+00:00\" \/>\n<meta property=\"og:image\" content=\"https:\/\/aleasoft.com\/wp-content\/uploads\/2025\/07\/20250714-AleaSoft-European-electricity-market-prices.png\" \/>\n\t<meta property=\"og:image:width\" content=\"730\" \/>\n\t<meta property=\"og:image:height\" content=\"509\" \/>\n\t<meta property=\"og:image:type\" content=\"image\/png\" \/>\n<meta name=\"author\" content=\"AleaSoft Energy Forecasting\" \/>\n<meta name=\"twitter:card\" content=\"summary_large_image\" \/>\n<meta name=\"twitter:creator\" content=\"@AleaSoftEnergy\" \/>\n<meta name=\"twitter:site\" content=\"@AleaSoftEnergy\" \/>\n<meta name=\"twitter:label1\" content=\"Escrito por\" \/>\n\t<meta name=\"twitter:data1\" content=\"AleaSoft Energy Forecasting\" \/>\n\t<meta name=\"twitter:label2\" content=\"Tempo estimado de leitura\" \/>\n\t<meta name=\"twitter:data2\" content=\"8 minutos\" \/>\n<script type=\"application\/ld+json\" class=\"yoast-schema-graph\">{\"@context\":\"https:\\\/\\\/schema.org\",\"@graph\":[{\"@type\":\"Article\",\"@id\":\"https:\\\/\\\/aleasoft.com\\\/records-fv-menor-demanda-moderan-precios-mercados-europeos\\\/#article\",\"isPartOf\":{\"@id\":\"https:\\\/\\\/aleasoft.com\\\/pt\\\/records-fv-menor-demanda-moderan-precios-mercados-europeos\\\/\"},\"author\":{\"name\":\"AleaSoft Energy Forecasting\",\"@id\":\"https:\\\/\\\/aleasoft.com\\\/#\\\/schema\\\/person\\\/e83ba5c714f71473e3096e6f5bffcd61\"},\"headline\":\"Recordes de energia fotovoltaica e menor demanda moderam os pre\u00e7os nos mercados el\u00e9tricos europeus na segunda semana de julho\",\"datePublished\":\"2025-07-14T13:00:28+00:00\",\"dateModified\":\"2025-07-17T03:05:39+00:00\",\"mainEntityOfPage\":{\"@id\":\"https:\\\/\\\/aleasoft.com\\\/pt\\\/records-fv-menor-demanda-moderan-precios-mercados-europeos\\\/\"},\"wordCount\":1931,\"publisher\":{\"@id\":\"https:\\\/\\\/aleasoft.com\\\/#organization\"},\"image\":{\"@id\":\"https:\\\/\\\/aleasoft.com\\\/records-fv-menor-demanda-moderan-precios-mercados-europeos\\\/#primaryimage\"},\"thumbnailUrl\":\"https:\\\/\\\/aleasoft.com\\\/wp-content\\\/uploads\\\/2025\\\/07\\\/20250714-AleaSoft-European-electricity-market-prices.png\",\"keywords\":[\"an\u00e1lise de mercado\",\"Demanda\",\"E\u00f3lica\",\"Fotovoltaica\",\"Mercados\",\"not\u00edcias\",\"Pre\u00e7os Brent\",\"Pre\u00e7os CO2\",\"Pre\u00e7os g\u00e1s\"],\"articleSection\":[\"An\u00e1lise semanal\",\"Not\u00edcias\"],\"inLanguage\":\"pt-PT\"},{\"@type\":\"WebPage\",\"@id\":\"https:\\\/\\\/aleasoft.com\\\/pt\\\/records-fv-menor-demanda-moderan-precios-mercados-europeos\\\/\",\"url\":\"https:\\\/\\\/aleasoft.com\\\/records-fv-menor-demanda-moderan-precios-mercados-europeos\\\/\",\"name\":\"Recordes de energia fotovoltaica e menor demanda moderam os pre\u00e7os nos mercados el\u00e9tricos europeus na segunda semana de julho - AleaSoft Energy Forecasting\",\"isPartOf\":{\"@id\":\"https:\\\/\\\/aleasoft.com\\\/#website\"},\"primaryImageOfPage\":{\"@id\":\"https:\\\/\\\/aleasoft.com\\\/records-fv-menor-demanda-moderan-precios-mercados-europeos\\\/#primaryimage\"},\"image\":{\"@id\":\"https:\\\/\\\/aleasoft.com\\\/records-fv-menor-demanda-moderan-precios-mercados-europeos\\\/#primaryimage\"},\"thumbnailUrl\":\"https:\\\/\\\/aleasoft.com\\\/wp-content\\\/uploads\\\/2025\\\/07\\\/20250714-AleaSoft-European-electricity-market-prices.png\",\"datePublished\":\"2025-07-14T13:00:28+00:00\",\"dateModified\":\"2025-07-17T03:05:39+00:00\",\"description\":\"Na segunda semana de julho, os pre\u00e7os da maioria dos principais mercados el\u00e9tricos europeus ca\u00edram em compara\u00e7\u00e3o com a semana anterior, embora em quase todas as m\u00e9dias semanais continuassem acima de 75 \u20ac\\\/MWh.\",\"breadcrumb\":{\"@id\":\"https:\\\/\\\/aleasoft.com\\\/records-fv-menor-demanda-moderan-precios-mercados-europeos\\\/#breadcrumb\"},\"inLanguage\":\"pt-PT\",\"potentialAction\":[{\"@type\":\"ReadAction\",\"target\":[\"https:\\\/\\\/aleasoft.com\\\/records-fv-menor-demanda-moderan-precios-mercados-europeos\\\/\"]}]},{\"@type\":\"ImageObject\",\"inLanguage\":\"pt-PT\",\"@id\":\"https:\\\/\\\/aleasoft.com\\\/records-fv-menor-demanda-moderan-precios-mercados-europeos\\\/#primaryimage\",\"url\":\"https:\\\/\\\/aleasoft.com\\\/wp-content\\\/uploads\\\/2025\\\/07\\\/20250714-AleaSoft-European-electricity-market-prices.png\",\"contentUrl\":\"https:\\\/\\\/aleasoft.com\\\/wp-content\\\/uploads\\\/2025\\\/07\\\/20250714-AleaSoft-European-electricity-market-prices.png\",\"width\":730,\"height\":509},{\"@type\":\"BreadcrumbList\",\"@id\":\"https:\\\/\\\/aleasoft.com\\\/records-fv-menor-demanda-moderan-precios-mercados-europeos\\\/#breadcrumb\",\"itemListElement\":[{\"@type\":\"ListItem\",\"position\":1,\"name\":\"Home\",\"item\":\"https:\\\/\\\/aleasoft.com\\\/\"},{\"@type\":\"ListItem\",\"position\":2,\"name\":\"Recordes de energia fotovoltaica e menor demanda moderam os pre\u00e7os nos mercados el\u00e9tricos europeus na segunda semana de julho\"}]},{\"@type\":\"WebSite\",\"@id\":\"https:\\\/\\\/aleasoft.com\\\/#website\",\"url\":\"https:\\\/\\\/aleasoft.com\\\/\",\"name\":\"AleaSoft Energy Forecasting\",\"description\":\"Energy Forecasting\",\"publisher\":{\"@id\":\"https:\\\/\\\/aleasoft.com\\\/#organization\"},\"potentialAction\":[{\"@type\":\"SearchAction\",\"target\":{\"@type\":\"EntryPoint\",\"urlTemplate\":\"https:\\\/\\\/aleasoft.com\\\/?s={search_term_string}\"},\"query-input\":{\"@type\":\"PropertyValueSpecification\",\"valueRequired\":true,\"valueName\":\"search_term_string\"}}],\"inLanguage\":\"pt-PT\"},{\"@type\":\"Organization\",\"@id\":\"https:\\\/\\\/aleasoft.com\\\/#organization\",\"name\":\"AleaSoft Energy Forecasting\",\"url\":\"https:\\\/\\\/aleasoft.com\\\/\",\"logo\":{\"@type\":\"ImageObject\",\"inLanguage\":\"pt-PT\",\"@id\":\"https:\\\/\\\/aleasoft.com\\\/#\\\/schema\\\/logo\\\/image\\\/\",\"url\":\"https:\\\/\\\/aleasoft.com\\\/wp-content\\\/uploads\\\/2020\\\/01\\\/logo-alea-25.svg\",\"contentUrl\":\"https:\\\/\\\/aleasoft.com\\\/wp-content\\\/uploads\\\/2020\\\/01\\\/logo-alea-25.svg\",\"width\":7047,\"height\":1416,\"caption\":\"AleaSoft Energy Forecasting\"},\"image\":{\"@id\":\"https:\\\/\\\/aleasoft.com\\\/#\\\/schema\\\/logo\\\/image\\\/\"},\"sameAs\":[\"https:\\\/\\\/www.facebook.com\\\/AleaSoft\\\/\",\"https:\\\/\\\/x.com\\\/AleaSoftEnergy\",\"https:\\\/\\\/www.linkedin.com\\\/company\\\/aleasoft\\\/\"]},{\"@type\":\"Person\",\"@id\":\"https:\\\/\\\/aleasoft.com\\\/#\\\/schema\\\/person\\\/e83ba5c714f71473e3096e6f5bffcd61\",\"name\":\"AleaSoft Energy Forecasting\",\"image\":{\"@type\":\"ImageObject\",\"inLanguage\":\"pt-PT\",\"@id\":\"https:\\\/\\\/secure.gravatar.com\\\/avatar\\\/9f3c80a49711746195eaa8b9dac85dd25b10ed81cf9cd40ba1c909b7c8d60bfb?s=96&d=mm&r=g\",\"url\":\"https:\\\/\\\/secure.gravatar.com\\\/avatar\\\/9f3c80a49711746195eaa8b9dac85dd25b10ed81cf9cd40ba1c909b7c8d60bfb?s=96&d=mm&r=g\",\"contentUrl\":\"https:\\\/\\\/secure.gravatar.com\\\/avatar\\\/9f3c80a49711746195eaa8b9dac85dd25b10ed81cf9cd40ba1c909b7c8d60bfb?s=96&d=mm&r=g\",\"caption\":\"AleaSoft Energy Forecasting\"}}]}<\/script>\n<!-- \/ Yoast SEO Premium plugin. -->","yoast_head_json":{"title":"Recordes de energia fotovoltaica e menor demanda moderam os pre\u00e7os nos mercados el\u00e9tricos europeus na segunda semana de julho - AleaSoft Energy Forecasting","description":"Na segunda semana de julho, os pre\u00e7os da maioria dos principais mercados el\u00e9tricos europeus ca\u00edram em compara\u00e7\u00e3o com a semana anterior, embora em quase todas as m\u00e9dias semanais continuassem acima de 75 \u20ac\/MWh.","robots":{"index":"index","follow":"follow","max-snippet":"max-snippet:-1","max-image-preview":"max-image-preview:large","max-video-preview":"max-video-preview:-1"},"canonical":"https:\/\/aleasoft.com\/records-fv-menor-demanda-moderan-precios-mercados-europeos\/","og_locale":"pt_PT","og_type":"article","og_title":"Recordes de energia fotovoltaica e menor demanda moderam os pre\u00e7os nos mercados el\u00e9tricos europeus na segunda semana de julho","og_description":"Na segunda semana de julho, os pre\u00e7os da maioria dos principais mercados el\u00e9tricos europeus ca\u00edram em compara\u00e7\u00e3o com a semana anterior, embora em quase todas as m\u00e9dias semanais continuassem acima de 75 \u20ac\/MWh.","og_url":"https:\/\/aleasoft.com\/records-fv-menor-demanda-moderan-precios-mercados-europeos\/","og_site_name":"AleaSoft Energy Forecasting","article_publisher":"https:\/\/www.facebook.com\/AleaSoft\/","article_published_time":"2025-07-14T13:00:28+00:00","article_modified_time":"2025-07-17T03:05:39+00:00","og_image":[{"width":730,"height":509,"url":"https:\/\/aleasoft.com\/wp-content\/uploads\/2025\/07\/20250714-AleaSoft-European-electricity-market-prices.png","type":"image\/png"}],"author":"AleaSoft Energy Forecasting","twitter_card":"summary_large_image","twitter_creator":"@AleaSoftEnergy","twitter_site":"@AleaSoftEnergy","twitter_misc":{"Escrito por":"AleaSoft Energy Forecasting","Tempo estimado de leitura":"8 minutos"},"schema":{"@context":"https:\/\/schema.org","@graph":[{"@type":"Article","@id":"https:\/\/aleasoft.com\/records-fv-menor-demanda-moderan-precios-mercados-europeos\/#article","isPartOf":{"@id":"https:\/\/aleasoft.com\/pt\/records-fv-menor-demanda-moderan-precios-mercados-europeos\/"},"author":{"name":"AleaSoft Energy Forecasting","@id":"https:\/\/aleasoft.com\/#\/schema\/person\/e83ba5c714f71473e3096e6f5bffcd61"},"headline":"Recordes de energia fotovoltaica e menor demanda moderam os pre\u00e7os nos mercados el\u00e9tricos europeus na segunda semana de julho","datePublished":"2025-07-14T13:00:28+00:00","dateModified":"2025-07-17T03:05:39+00:00","mainEntityOfPage":{"@id":"https:\/\/aleasoft.com\/pt\/records-fv-menor-demanda-moderan-precios-mercados-europeos\/"},"wordCount":1931,"publisher":{"@id":"https:\/\/aleasoft.com\/#organization"},"image":{"@id":"https:\/\/aleasoft.com\/records-fv-menor-demanda-moderan-precios-mercados-europeos\/#primaryimage"},"thumbnailUrl":"https:\/\/aleasoft.com\/wp-content\/uploads\/2025\/07\/20250714-AleaSoft-European-electricity-market-prices.png","keywords":["an\u00e1lise de mercado","Demanda","E\u00f3lica","Fotovoltaica","Mercados","not\u00edcias","Pre\u00e7os Brent","Pre\u00e7os CO2","Pre\u00e7os g\u00e1s"],"articleSection":["An\u00e1lise semanal","Not\u00edcias"],"inLanguage":"pt-PT"},{"@type":"WebPage","@id":"https:\/\/aleasoft.com\/pt\/records-fv-menor-demanda-moderan-precios-mercados-europeos\/","url":"https:\/\/aleasoft.com\/records-fv-menor-demanda-moderan-precios-mercados-europeos\/","name":"Recordes de energia fotovoltaica e menor demanda moderam os pre\u00e7os nos mercados el\u00e9tricos europeus na segunda semana de julho - AleaSoft Energy Forecasting","isPartOf":{"@id":"https:\/\/aleasoft.com\/#website"},"primaryImageOfPage":{"@id":"https:\/\/aleasoft.com\/records-fv-menor-demanda-moderan-precios-mercados-europeos\/#primaryimage"},"image":{"@id":"https:\/\/aleasoft.com\/records-fv-menor-demanda-moderan-precios-mercados-europeos\/#primaryimage"},"thumbnailUrl":"https:\/\/aleasoft.com\/wp-content\/uploads\/2025\/07\/20250714-AleaSoft-European-electricity-market-prices.png","datePublished":"2025-07-14T13:00:28+00:00","dateModified":"2025-07-17T03:05:39+00:00","description":"Na segunda semana de julho, os pre\u00e7os da maioria dos principais mercados el\u00e9tricos europeus ca\u00edram em compara\u00e7\u00e3o com a semana anterior, embora em quase todas as m\u00e9dias semanais continuassem acima de 75 \u20ac\/MWh.","breadcrumb":{"@id":"https:\/\/aleasoft.com\/records-fv-menor-demanda-moderan-precios-mercados-europeos\/#breadcrumb"},"inLanguage":"pt-PT","potentialAction":[{"@type":"ReadAction","target":["https:\/\/aleasoft.com\/records-fv-menor-demanda-moderan-precios-mercados-europeos\/"]}]},{"@type":"ImageObject","inLanguage":"pt-PT","@id":"https:\/\/aleasoft.com\/records-fv-menor-demanda-moderan-precios-mercados-europeos\/#primaryimage","url":"https:\/\/aleasoft.com\/wp-content\/uploads\/2025\/07\/20250714-AleaSoft-European-electricity-market-prices.png","contentUrl":"https:\/\/aleasoft.com\/wp-content\/uploads\/2025\/07\/20250714-AleaSoft-European-electricity-market-prices.png","width":730,"height":509},{"@type":"BreadcrumbList","@id":"https:\/\/aleasoft.com\/records-fv-menor-demanda-moderan-precios-mercados-europeos\/#breadcrumb","itemListElement":[{"@type":"ListItem","position":1,"name":"Home","item":"https:\/\/aleasoft.com\/"},{"@type":"ListItem","position":2,"name":"Recordes de energia fotovoltaica e menor demanda moderam os pre\u00e7os nos mercados el\u00e9tricos europeus na segunda semana de julho"}]},{"@type":"WebSite","@id":"https:\/\/aleasoft.com\/#website","url":"https:\/\/aleasoft.com\/","name":"AleaSoft Energy Forecasting","description":"Energy Forecasting","publisher":{"@id":"https:\/\/aleasoft.com\/#organization"},"potentialAction":[{"@type":"SearchAction","target":{"@type":"EntryPoint","urlTemplate":"https:\/\/aleasoft.com\/?s={search_term_string}"},"query-input":{"@type":"PropertyValueSpecification","valueRequired":true,"valueName":"search_term_string"}}],"inLanguage":"pt-PT"},{"@type":"Organization","@id":"https:\/\/aleasoft.com\/#organization","name":"AleaSoft Energy Forecasting","url":"https:\/\/aleasoft.com\/","logo":{"@type":"ImageObject","inLanguage":"pt-PT","@id":"https:\/\/aleasoft.com\/#\/schema\/logo\/image\/","url":"https:\/\/aleasoft.com\/wp-content\/uploads\/2020\/01\/logo-alea-25.svg","contentUrl":"https:\/\/aleasoft.com\/wp-content\/uploads\/2020\/01\/logo-alea-25.svg","width":7047,"height":1416,"caption":"AleaSoft Energy Forecasting"},"image":{"@id":"https:\/\/aleasoft.com\/#\/schema\/logo\/image\/"},"sameAs":["https:\/\/www.facebook.com\/AleaSoft\/","https:\/\/x.com\/AleaSoftEnergy","https:\/\/www.linkedin.com\/company\/aleasoft\/"]},{"@type":"Person","@id":"https:\/\/aleasoft.com\/#\/schema\/person\/e83ba5c714f71473e3096e6f5bffcd61","name":"AleaSoft Energy Forecasting","image":{"@type":"ImageObject","inLanguage":"pt-PT","@id":"https:\/\/secure.gravatar.com\/avatar\/9f3c80a49711746195eaa8b9dac85dd25b10ed81cf9cd40ba1c909b7c8d60bfb?s=96&d=mm&r=g","url":"https:\/\/secure.gravatar.com\/avatar\/9f3c80a49711746195eaa8b9dac85dd25b10ed81cf9cd40ba1c909b7c8d60bfb?s=96&d=mm&r=g","contentUrl":"https:\/\/secure.gravatar.com\/avatar\/9f3c80a49711746195eaa8b9dac85dd25b10ed81cf9cd40ba1c909b7c8d60bfb?s=96&d=mm&r=g","caption":"AleaSoft Energy Forecasting"}}]}},"_links":{"self":[{"href":"https:\/\/aleasoft.com\/pt\/wp-json\/wp\/v2\/posts\/158722","targetHints":{"allow":["GET"]}}],"collection":[{"href":"https:\/\/aleasoft.com\/pt\/wp-json\/wp\/v2\/posts"}],"about":[{"href":"https:\/\/aleasoft.com\/pt\/wp-json\/wp\/v2\/types\/post"}],"author":[{"embeddable":true,"href":"https:\/\/aleasoft.com\/pt\/wp-json\/wp\/v2\/users\/3"}],"replies":[{"embeddable":true,"href":"https:\/\/aleasoft.com\/pt\/wp-json\/wp\/v2\/comments?post=158722"}],"version-history":[{"count":0,"href":"https:\/\/aleasoft.com\/pt\/wp-json\/wp\/v2\/posts\/158722\/revisions"}],"wp:featuredmedia":[{"embeddable":true,"href":"https:\/\/aleasoft.com\/pt\/wp-json\/wp\/v2\/media\/158652"}],"wp:attachment":[{"href":"https:\/\/aleasoft.com\/pt\/wp-json\/wp\/v2\/media?parent=158722"}],"wp:term":[{"taxonomy":"category","embeddable":true,"href":"https:\/\/aleasoft.com\/pt\/wp-json\/wp\/v2\/categories?post=158722"},{"taxonomy":"post_tag","embeddable":true,"href":"https:\/\/aleasoft.com\/pt\/wp-json\/wp\/v2\/tags?post=158722"}],"curies":[{"name":"wp","href":"https:\/\/api.w.org\/{rel}","templated":true}]}}