{"id":159905,"date":"2025-08-25T13:57:38","date_gmt":"2025-08-25T11:57:38","guid":{"rendered":"https:\/\/aleasoft.com\/?p=159905"},"modified":"2025-08-28T05:00:48","modified_gmt":"2025-08-28T03:00:48","slug":"caem-precos-mercados-europeus-eletricidade-onda-calor-aumento-energia-eolica","status":"publish","type":"post","link":"https:\/\/aleasoft.com\/pt\/caem-precos-mercados-europeus-eletricidade-onda-calor-aumento-energia-eolica\/","title":{"rendered":"Os pre\u00e7os dos mercados europeus de eletricidade caem na terceira semana de agosto devido \u00e0 queda na demanda ap\u00f3s a onda de calor e ao aumento da energia e\u00f3lica"},"content":{"rendered":"<p><strong>AleaSoft Energy Forecasting, 25 de agosto de 2025. Na terceira semana de agosto, os pre\u00e7os semanais da maioria dos principais mercados europeus de eletricidade foram inferiores aos da semana anterior. O fim da onda de calor que atingiu parte da Europa levou a uma queda na demanda de eletricidade que, juntamente com uma maior produ\u00e7\u00e3o e\u00f3lica na maior parte dos mercados, favoreceu a queda dos pre\u00e7os.<\/strong><\/p>\n<h2>Produ\u00e7\u00e3o solar fotovoltaica e produ\u00e7\u00e3o e\u00f3lica<\/h2>\n<p>Durante a semana de 18 de agosto, a <strong>produ\u00e7\u00e3o solar fotovoltaica<\/strong> aumentou 1,2% no mercado portugu\u00eas em compara\u00e7\u00e3o com a semana anterior. Por outro lado, os mercados espanhol, italiano, alem\u00e3o e franc\u00eas registaram quedas. O mercado franc\u00eas apresentou a maior queda, de 23%, seguido pela diminui\u00e7\u00e3o de 12% no mercado alem\u00e3o. Ambos os mercados mudaram de tend\u00eancia ap\u00f3s registarem aumentos nas \u00faltimas tr\u00eas semanas. Os mercados espanhol e italiano registaram as menores quedas, de 5,8% e 8,9%, respetivamente, e mantiveram a tend\u00eancia de queda pela segunda semana consecutiva.<\/p>\n<p>Apesar da diminui\u00e7\u00e3o na produ\u00e7\u00e3o solar fotovoltaica semanal, o mercado alem\u00e3o atingiu na segunda-feira, dia 18, a sua segunda maior produ\u00e7\u00e3o para um dia de agosto em toda a sua hist\u00f3ria, com uma gera\u00e7\u00e3o de 423 GWh.<\/p>\n<p>Para a semana de 25 de agosto, de acordo com as <a href=\"https:\/\/aleasoft.com\/pt\/?page_id=148453\">previs\u00f5es de produ\u00e7\u00e3o solar<\/a> da <strong>AleaSoft Energy Forecasting<\/strong>, a gera\u00e7\u00e3o solar fotovoltaica aumentar\u00e1 no mercado espanhol, enquanto diminuir\u00e1 nos mercados italiano e alem\u00e3o.<\/p>\n<p><div style='margin-top: 20px;margin-bottom: 20px;'><a title='AleaSoft - Photovoltaic energy production electricity Europe' href='https:\/\/aleasoft.com\/wp-content\/uploads\/2025\/08\/20250825-AleaSoft-Photovoltaic-energy-production-electricity-Europe.png'><img class='aligncenter' src='https:\/\/aleasoft.com\/wp-content\/uploads\/2025\/08\/20250825-AleaSoft-Photovoltaic-energy-production-electricity-Europe.png' alt='AleaSoft - Photovoltaic energy production electricity Europe' width='740'\/><\/a><span style='font-size: small;'>Fonte: Preparado pela AleaSoft Energy Forecasting utilizando dados da ENTSO-E, RTE, REN, REE e TERNA.<\/span><\/div><br \/>\n<div style='margin-top: 20px;margin-bottom: 20px;'><a title='AleaSoft - Solar photovoltaic production profile Europe' href='https:\/\/aleasoft.com\/wp-content\/uploads\/2025\/08\/20250825-AleaSoft-Solar-photovoltaic-production-profile-Europe.png'><img class='aligncenter' src='https:\/\/aleasoft.com\/wp-content\/uploads\/2025\/08\/20250825-AleaSoft-Solar-photovoltaic-production-profile-Europe.png' alt='AleaSoft - Solar photovoltaic production profile Europe' width='740'\/><\/a><span style='font-size: small;'>Fonte: Preparado pela AleaSoft Energy Forecasting utilizando dados da ENTSO-E, RTE, REN, REE e TERNA.<\/span><\/div><\/p>\n<p>Na terceira semana de agosto, a <strong>produ\u00e7\u00e3o e\u00f3lica<\/strong> aumentou na maioria dos principais mercados el\u00e9tricos europeus em compara\u00e7\u00e3o com a semana anterior. Portugal registou o maior aumento, de 78%, e manteve a tend\u00eancia ascendente pela segunda semana consecutiva. It\u00e1lia, Alemanha e Espanha registaram aumentos de 26%, 31% e 39%, respetivamente, e experimentaram uma mudan\u00e7a de tend\u00eancia ascendente ap\u00f3s duas semanas de descidas. A exce\u00e7\u00e3o foi o mercado franc\u00eas, que reduziu a sua produ\u00e7\u00e3o e\u00f3lica em 12% ap\u00f3s registar um aumento durante a semana anterior.<\/p>\n<p>Para a \u00faltima semana de agosto, de acordo com as <a href=\"https:\/\/aleasoft.com\/pt\/?page_id=148447\">previs\u00f5es de produ\u00e7\u00e3o e\u00f3lica<\/a> da <strong>AleaSoft Energy Forecasting,<\/strong> a gera\u00e7\u00e3o e\u00f3lica aumentar\u00e1 nos mercados alem\u00e3o, espanhol e franc\u00eas. Em contrapartida, espera-se que a produ\u00e7\u00e3o com esta tecnologia diminua nos mercados italiano e portugu\u00eas.<\/p>\n<div style='margin-top: 20px;margin-bottom: 20px;'><a title='AleaSoft - Wind energy production electricity Europe' href='https:\/\/aleasoft.com\/wp-content\/uploads\/2025\/08\/20250825-AleaSoft-Wind-energy-production-electricity-Europe.png'><img class='aligncenter' src='https:\/\/aleasoft.com\/wp-content\/uploads\/2025\/08\/20250825-AleaSoft-Wind-energy-production-electricity-Europe.png' alt='AleaSoft - Wind energy production electricity Europe' width='740'\/><\/a><span style='font-size: small;'>Fonte: Preparado pela AleaSoft Energy Forecasting utilizando dados da ENTSO-E, RTE, REN, REE e TERNA.<\/span><\/div>\n<h2>Demanda el\u00e9ctrica<\/h2>\n<p>Durante a semana de 18 de agosto, a <strong>demanda de eletricidade<\/strong> diminuiu na maioria dos principais mercados europeus em compara\u00e7\u00e3o com a semana anterior. O mercado portugu\u00eas registou a maior queda, de 6,9%, e manteve a tend\u00eancia de descida pela terceira semana consecutiva. O mercado espanhol apresentou a segunda maior descida, de 5,7%, ap\u00f3s duas semanas de aumentos. Por outro lado, o mercado brit\u00e2nico registou a menor diminui\u00e7\u00e3o, de 0,3%, enquanto nos mercados alem\u00e3o e franc\u00eas a demanda diminuiu 1,6% e 3,0%, respetivamente.<\/p>\n<p>Os mercados italiano e belga foram a exce\u00e7\u00e3o. A demanda de eletricidade no mercado italiano aumentou 1,1%, ap\u00f3s registar quedas nas \u00faltimas quatro semanas. Entretanto, o mercado belga aumentou a demanda em 1,3% e prolongou a tend\u00eancia ascendente pela quarta semana consecutiva.<\/p>\n<p>As <strong>temperaturas m\u00e9dias<\/strong> diminu\u00edram em todos os mercados analisados, com quedas que variaram entre 3,0 \u00b0C na It\u00e1lia e 5,3 \u00b0C na Fran\u00e7a.<\/p>\n<p>Apesar da recupera\u00e7\u00e3o da atividade laboral ap\u00f3s o feriado nacional de 15 de agosto, a Assun\u00e7\u00e3o da Virgem, celebrado na Espanha, B\u00e9lgica, Fran\u00e7a, It\u00e1lia e Portugal, a demanda diminuiu na maioria dos mercados, impulsionada pela queda das temperaturas ap\u00f3s o fim da segunda onda de calor que afetou parte da Europa.<\/p>\n<p>Para a \u00faltima semana de agosto, de acordo com as <a href=\"https:\/\/aleasoft.com\/pt\/servicos\/previsoes-demanda-energia\/\">previs\u00f5es de demanda<\/a> da <strong>AleaSoft Energy Forecasting<\/strong>, a demanda aumentar\u00e1 nos mercados alem\u00e3o, portugu\u00eas, espanhol e italiano, enquanto os mercados belga, franc\u00eas e brit\u00e2nico registar\u00e3o quedas.<\/p>\n<div style='margin-top: 20px;margin-bottom: 20px;'><a title='AleaSoft - Electricity demand European countries' href='https:\/\/aleasoft.com\/wp-content\/uploads\/2025\/08\/20250825-AleaSoft-Electricity-demand-European-countries.png'><img class='aligncenter' src='https:\/\/aleasoft.com\/wp-content\/uploads\/2025\/08\/20250825-AleaSoft-Electricity-demand-European-countries.png' alt='AleaSoft - Electricity demand European countries' width='740'\/><\/a><span style='font-size: small;'>Fonte: Preparado pela AleaSoft Energy Forecasting utilizando dados da ENTSO-E, RTE, REN, REE, TERNA, National Grid e ELIA.<\/span><\/div>\n<h2>Mercados el\u00e9tricos europeus<\/h2>\n<p>Na terceira semana de agosto, os pre\u00e7os m\u00e9dios da maioria dos principais mercados el\u00e9tricos europeus ca\u00edram em rela\u00e7\u00e3o \u00e0 semana anterior. A exce\u00e7\u00e3o foi o <strong>mercado Nord Pool<\/strong> dos pa\u00edses n\u00f3rdicos, com um aumento de 60%. O <strong>mercado MIBEL<\/strong> de Espanha e Portugal registou a maior queda percentual nos pre\u00e7os, de 18%. Nos restantes mercados analisados pela <strong>AleaSoft Energy Forecasting<\/strong>, os pre\u00e7os ca\u00edram entre 0,8% no <strong>mercado EPEX\u00a0SPOT<\/strong> da B\u00e9lgica e 12% no mercado EPEX\u00a0SPOT da Fran\u00e7a.<\/p>\n<p>Na semana de 18 de agosto, as m\u00e9dias semanais ficaram abaixo de 80 \u20ac\/MWh na maioria dos mercados el\u00e9tricos europeus. As exce\u00e7\u00f5es foram o mercado alem\u00e3o, o mercado N2EX do Reino Unido e o mercado IPEX da It\u00e1lia, cujas m\u00e9dias foram de 80,32 \u20ac\/MWh, 94,72 \u20ac\/MWh e 106,05 \u20ac\/MWh, respetivamente. O mercado n\u00f3rdico registou a menor m\u00e9dia semanal, de 44,81 \u20ac\/MWh, mesmo com o aumento dos pre\u00e7os registado neste mercado. Nos restantes mercados analisados pela <strong>AleaSoft Energy Forecasting<\/strong>, os pre\u00e7os situaram-se entre os 58,48 \u20ac\/MWh do mercado franc\u00eas e os 79,34 \u20ac\/MWh do mercado neerland\u00eas.<\/p>\n<p>No que diz respeito aos pre\u00e7os di\u00e1rios, no domingo, 24 de agosto, o mercado n\u00f3rdico atingiu a m\u00e9dia mais baixa da semana entre os mercados analisados, de 20,96 \u20ac\/MWh. Em contrapartida, em 21 de agosto, este mercado registou o seu pre\u00e7o mais elevado desde 9 de maio, de 74,19 \u20ac\/MWh. Por outro lado, os pre\u00e7os di\u00e1rios do mercado italiano mantiveram-se acima dos 100 \u20ac\/MWh durante a terceira semana de agosto. No dia 20 de agosto, este mercado atingiu a m\u00e9dia di\u00e1ria mais elevada da semana, de 111,24 \u20ac\/MWh.<\/p>\n<p>Na semana de 18 de agosto, o aumento da produ\u00e7\u00e3o e\u00f3lica e a diminui\u00e7\u00e3o da demanda na maioria dos mercados provocaram uma queda nos pre\u00e7os dos mercados el\u00e9tricos europeus. Al\u00e9m disso, no mercado portugu\u00eas, a produ\u00e7\u00e3o solar aumentou.<\/p>\n<div style='margin-top: 20px;margin-bottom: 20px;'><a title='AleaSoft - Paneles Solares' href='https:\/\/aleasoft.com\/wp-content\/uploads\/2025\/07\/pexels-fotovoltaica-eolica1-scaled-1.jpg'><img class='aligncenter' src='https:\/\/aleasoft.com\/wp-content\/uploads\/2025\/07\/pexels-fotovoltaica-eolica1-scaled-1.jpg' alt='AleaSoft - Paneles Solares' width='740'\/><\/a><\/div>\n<p>As <a href=\"https:\/\/aleasoft.com\/pt\/servicos\/previsoes-precos-energia\/\">previs\u00f5es de pre\u00e7os<\/a> da <strong>AleaSoft Energy Forecasting<\/strong> indicam que, na quarta semana de agosto, os pre\u00e7os subir\u00e3o na maioria dos mercados el\u00e9tricos europeus, influenciados pelo aumento da demanda na maioria dos mercados. Al\u00e9m disso, a produ\u00e7\u00e3o e\u00f3lica diminuir\u00e1 nos mercados italiano e portugu\u00eas, enquanto a produ\u00e7\u00e3o solar diminuir\u00e1 na Alemanha e na It\u00e1lia.<\/p>\n<div style='margin-top: 20px;margin-bottom: 20px;'><a title='AleaSoft - European electricity market prices' href='https:\/\/aleasoft.com\/wp-content\/uploads\/2025\/08\/20250825-AleaSoft-European-electricity-market-prices.png'><img class='aligncenter' src='https:\/\/aleasoft.com\/wp-content\/uploads\/2025\/08\/20250825-AleaSoft-European-electricity-market-prices.png' alt='AleaSoft - European electricity market prices' width='740'\/><\/a><span style='font-size: small;'>Fonte: Elaborado pela AleaSoft Energy Forecasting com dados da OMIE, , Nord Pool e GME.<\/span><\/div>\n<h2>Brent, combust\u00edveis e CO<sub>2<\/sub><\/h2>\n<p>Os futuros do <strong>petr\u00f3leo Brent<\/strong> para o Front\u2011Month no <strong>mercado ICE<\/strong> registaram o seu pre\u00e7o de fecho m\u00ednimo semanal, de 65,79 $\/bbl, na ter\u00e7a-feira, 19 de agosto. Posteriormente, os pre\u00e7os aumentaram. Como resultado, na sexta-feira, 22 de agosto, esses futuros atingiram o seu pre\u00e7o de fechamento m\u00e1ximo semanal, de 67,73 $\/bbl. De acordo com os dados analisados pela <strong>AleaSoft Energy Forecasting<\/strong>, esse pre\u00e7o foi 2,9% superior ao da sexta-feira anterior.<\/p>\n<p>As conversa\u00e7\u00f5es para alcan\u00e7ar a paz na Ucr\u00e2nia exerceram uma influ\u00eancia negativa sobre os pre\u00e7os dos futuros do petr\u00f3leo Brent no in\u00edcio da terceira semana de agosto. No entanto, a falta de progressos nas negocia\u00e7\u00f5es e a possibilidade de novas san\u00e7\u00f5es por parte dos Estados Unidos aos pa\u00edses importadores de petr\u00f3leo russo, como a \u00cdndia, contribu\u00edram para o aumento dos pre\u00e7os a partir de 20 de agosto. Al\u00e9m disso, as reservas de petr\u00f3leo dos Estados Unidos ca\u00edram. A possibilidade de cortes nas taxas de juros nos Estados Unidos anunciada na sexta-feira tamb\u00e9m exerceu influ\u00eancia positiva sobre os pre\u00e7os.<\/p>\n<p>Quanto aos futuros de <strong>g\u00e1s TTF<\/strong> no mercado ICE para o Front\u2011Month, registaram o seu pre\u00e7o de fecho m\u00ednimo semanal, de 31,23 \u20ac\/MWh, na ter\u00e7a-feira, 19 de agosto. Posteriormente, os pre\u00e7os iniciaram uma tend\u00eancia ascendente. Como consequ\u00eancia, na sexta-feira, 22 de agosto, esses futuros atingiram o seu pre\u00e7o de fecho m\u00e1ximo semanal, de 33,57 \u20ac\/MWh. De acordo com os dados analisados pela <strong>AleaSoft Energy Forecasting<\/strong>, este pre\u00e7o foi 8,2% superior ao da sexta-feira anterior.<\/p>\n<p>Na terceira semana de agosto, as dificuldades em chegar a um acordo de paz para a Ucr\u00e2nia exerceram uma influ\u00eancia ascendente sobre os pre\u00e7os dos futuros do g\u00e1s TTF. As tarefas de manuten\u00e7\u00e3o previstas na Noruega, que reduzir\u00e3o o fluxo de g\u00e1s proveniente desse pa\u00eds, tamb\u00e9m contribu\u00edram para o aumento dos pre\u00e7os.<\/p>\n<p>No que diz respeito aos futuros de <strong>direitos de emiss\u00e3o de CO<sub>2<\/sub><\/strong> no <strong>mercado EEX<\/strong> para o contrato de refer\u00eancia de dezembro de 2025, registaram o seu pre\u00e7o de fecho m\u00ednimo semanal, de 71,18 \u20ac\/t, na ter\u00e7a-feira, 19 de agosto. Em contrapartida, na quinta-feira, 21 de agosto, estes futuros atingiram o seu pre\u00e7o de fecho m\u00e1ximo semanal, de 72,61 \u20ac\/t. Na sexta-feira, 22 de agosto, o pre\u00e7o de fecho foi ligeiramente inferior, de 72,51 \u20ac\/t. De acordo com os dados analisados na <strong>AleaSoft Energy Forecasting<\/strong>, este pre\u00e7o ainda foi 2,6% superior ao da sexta-feira anterior.<\/p>\n<div style='margin-top: 20px;margin-bottom: 20px;'><a title='AleaSoft - Prices gas coal Brent oil CO2' href='https:\/\/aleasoft.com\/wp-content\/uploads\/2025\/08\/20250825-AleaSoft-Prices-gas-coal-Brent-oil-CO2.png'><img class='aligncenter' src='https:\/\/aleasoft.com\/wp-content\/uploads\/2025\/08\/20250825-AleaSoft-Prices-gas-coal-Brent-oil-CO2.png' alt='AleaSoft - Prices gas coal Brent oil CO2' width='740'\/><\/a><span style='font-size: small;'>Fonte: Preparado pela AleaSoft Energy Forecasting utilizando dados da ICE e da EEX.<\/span><\/div>\n<h2>An\u00e1lise da AleaSoft Energy Forecasting sobre as perspetivas dos mercados europeus de energia, armazenamento e autoconsumo<\/h2>\n<p>Em 18 de setembro, a <strong>AleaSoft Energy Forecasting<\/strong> realizar\u00e1 o pr\u00f3ximo webinar da sua <a href=\"https:\/\/aleasoft.com\/pt\/webinars\/\">s\u00e9rie de webinars mensais<\/a>. Este ser\u00e1 o seu <a href=\"https:\/\/aleasoft.com\/webinars\/storage-self-consumption-september-2025\/\">webinar n\u00famero 58<\/a>. Al\u00e9m da evolu\u00e7\u00e3o e das perspetivas dos mercados europeus de energia, o webinar analisar\u00e1 as perspetivas do <strong>armazenamento de energia<\/strong> com <strong>baterias<\/strong>, bem como a situa\u00e7\u00e3o atual e as perspetivas do <strong>autoconsumo<\/strong>. Nesta ocasi\u00e3o, tamb\u00e9m ser\u00e1 feita uma apresenta\u00e7\u00e3o dos servi\u00e7os da AleaSoft para comercializadoras.<\/p>\n<p>Na mesa de an\u00e1lise posterior, os palestrantes convidados ser\u00e3o Xavier Cugat, Diretor T\u00e9cnico da BESS na <strong>Seraphim<\/strong>, Francisco Valverde, profissional independente para o desenvolvimento de energias renov\u00e1veis, e Alejandro Diego Rosell, Professor na <strong>EOI<\/strong> e Consultor na <strong>Nuvix Consulting<\/strong>.<\/p>\n<p>Fonte: <strong>AleaSoft Energy Forecasting<\/strong>.<\/p>\n","protected":false},"excerpt":{"rendered":"<p>AleaSoft Energy Forecasting, 25 de agosto de 2025. Na terceira semana de agosto, os pre\u00e7os semanais da maioria dos principais mercados europeus de eletricidade foram inferiores aos da semana anterior. O fim da onda de calor que atingiu parte da Europa levou a uma queda na demanda de eletricidade que, juntamente com uma maior produ\u00e7\u00e3o [&hellip;]<\/p>\n","protected":false},"author":3,"featured_media":159873,"comment_status":"closed","ping_status":"closed","sticky":false,"template":"","format":"standard","meta":{"footnotes":""},"categories":[7598,7514],"tags":[7602,7601,7600,7599,7604,7605,7603],"class_list":["post-159905","post","type-post","status-publish","format-standard","has-post-thumbnail","hentry","category-analise-semanal","category-noticias","tag-demanda-eletrica","tag-energia-eolica","tag-energia-fotovoltaica","tag-mercados-eletricos-europeus","tag-precos-brent","tag-precos-co2","tag-precos-gas"],"yoast_head":"<!-- This site is optimized with the Yoast SEO Premium plugin v27.4 (Yoast SEO v27.4) - https:\/\/yoast.com\/product\/yoast-seo-premium-wordpress\/ -->\n<title>Os pre\u00e7os dos mercados europeus de eletricidade caem na terceira semana de agosto devido \u00e0 queda na demanda ap\u00f3s a onda de calor e ao aumento da energia e\u00f3lica - AleaSoft Energy Forecasting<\/title>\n<meta name=\"description\" content=\"Na terceira semana de agosto, os pre\u00e7os semanais da maioria dos principais mercados europeus de eletricidade foram inferiores aos da semana anterior.\" \/>\n<meta name=\"robots\" content=\"index, follow, max-snippet:-1, max-image-preview:large, max-video-preview:-1\" \/>\n<link rel=\"canonical\" href=\"https:\/\/aleasoft.com\/caem-precos-mercados-europeus-eletricidade-onda-calor-aumento-energia-eolica\/\" \/>\n<meta property=\"og:locale\" content=\"pt_PT\" \/>\n<meta property=\"og:type\" content=\"article\" \/>\n<meta property=\"og:title\" content=\"Os pre\u00e7os dos mercados europeus de eletricidade caem na terceira semana de agosto devido \u00e0 queda na demanda ap\u00f3s a onda de calor e ao aumento da energia e\u00f3lica\" \/>\n<meta property=\"og:description\" content=\"Na terceira semana de agosto, os pre\u00e7os semanais da maioria dos principais mercados europeus de eletricidade foram inferiores aos da semana anterior.\" \/>\n<meta property=\"og:url\" content=\"https:\/\/aleasoft.com\/caem-precos-mercados-europeus-eletricidade-onda-calor-aumento-energia-eolica\/\" \/>\n<meta property=\"og:site_name\" content=\"AleaSoft Energy Forecasting\" \/>\n<meta property=\"article:publisher\" content=\"https:\/\/www.facebook.com\/AleaSoft\/\" \/>\n<meta property=\"article:published_time\" content=\"2025-08-25T11:57:38+00:00\" \/>\n<meta property=\"article:modified_time\" content=\"2025-08-28T03:00:48+00:00\" \/>\n<meta property=\"og:image\" content=\"https:\/\/aleasoft.com\/wp-content\/uploads\/2025\/08\/20250825-AleaSoft-European-electricity-market-prices.png\" \/>\n\t<meta property=\"og:image:width\" content=\"730\" \/>\n\t<meta property=\"og:image:height\" content=\"509\" \/>\n\t<meta property=\"og:image:type\" content=\"image\/png\" \/>\n<meta name=\"author\" content=\"AleaSoft Energy Forecasting\" \/>\n<meta name=\"twitter:card\" content=\"summary_large_image\" \/>\n<meta name=\"twitter:creator\" content=\"@AleaSoftEnergy\" \/>\n<meta name=\"twitter:site\" content=\"@AleaSoftEnergy\" \/>\n<meta name=\"twitter:label1\" content=\"Escrito por\" \/>\n\t<meta name=\"twitter:data1\" content=\"AleaSoft Energy Forecasting\" \/>\n\t<meta name=\"twitter:label2\" content=\"Tempo estimado de leitura\" \/>\n\t<meta name=\"twitter:data2\" content=\"8 minutos\" \/>\n<script type=\"application\/ld+json\" class=\"yoast-schema-graph\">{\"@context\":\"https:\\\/\\\/schema.org\",\"@graph\":[{\"@type\":\"Article\",\"@id\":\"https:\\\/\\\/aleasoft.com\\\/caem-precos-mercados-europeus-eletricidade-onda-calor-aumento-energia-eolica\\\/#article\",\"isPartOf\":{\"@id\":\"https:\\\/\\\/aleasoft.com\\\/pt\\\/caem-precos-mercados-europeus-eletricidade-onda-calor-aumento-energia-eolica\\\/\"},\"author\":{\"name\":\"AleaSoft Energy Forecasting\",\"@id\":\"https:\\\/\\\/aleasoft.com\\\/#\\\/schema\\\/person\\\/e83ba5c714f71473e3096e6f5bffcd61\"},\"headline\":\"Os pre\u00e7os dos mercados europeus de eletricidade caem na terceira semana de agosto devido \u00e0 queda na demanda ap\u00f3s a onda de calor e ao aumento da energia e\u00f3lica\",\"datePublished\":\"2025-08-25T11:57:38+00:00\",\"dateModified\":\"2025-08-28T03:00:48+00:00\",\"mainEntityOfPage\":{\"@id\":\"https:\\\/\\\/aleasoft.com\\\/pt\\\/caem-precos-mercados-europeus-eletricidade-onda-calor-aumento-energia-eolica\\\/\"},\"wordCount\":1820,\"publisher\":{\"@id\":\"https:\\\/\\\/aleasoft.com\\\/#organization\"},\"image\":{\"@id\":\"https:\\\/\\\/aleasoft.com\\\/caem-precos-mercados-europeus-eletricidade-onda-calor-aumento-energia-eolica\\\/#primaryimage\"},\"thumbnailUrl\":\"https:\\\/\\\/aleasoft.com\\\/wp-content\\\/uploads\\\/2025\\\/08\\\/20250825-AleaSoft-European-electricity-market-prices.png\",\"keywords\":[\"Demanda\",\"E\u00f3lica\",\"Fotovoltaica\",\"Mercados\",\"Pre\u00e7os Brent\",\"Pre\u00e7os CO2\",\"Pre\u00e7os g\u00e1s\"],\"articleSection\":[\"An\u00e1lise semanal\",\"Not\u00edcias\"],\"inLanguage\":\"pt-PT\"},{\"@type\":\"WebPage\",\"@id\":\"https:\\\/\\\/aleasoft.com\\\/pt\\\/caem-precos-mercados-europeus-eletricidade-onda-calor-aumento-energia-eolica\\\/\",\"url\":\"https:\\\/\\\/aleasoft.com\\\/caem-precos-mercados-europeus-eletricidade-onda-calor-aumento-energia-eolica\\\/\",\"name\":\"Os pre\u00e7os dos mercados europeus de eletricidade caem na terceira semana de agosto devido \u00e0 queda na demanda ap\u00f3s a onda de calor e ao aumento da energia e\u00f3lica - AleaSoft Energy Forecasting\",\"isPartOf\":{\"@id\":\"https:\\\/\\\/aleasoft.com\\\/#website\"},\"primaryImageOfPage\":{\"@id\":\"https:\\\/\\\/aleasoft.com\\\/caem-precos-mercados-europeus-eletricidade-onda-calor-aumento-energia-eolica\\\/#primaryimage\"},\"image\":{\"@id\":\"https:\\\/\\\/aleasoft.com\\\/caem-precos-mercados-europeus-eletricidade-onda-calor-aumento-energia-eolica\\\/#primaryimage\"},\"thumbnailUrl\":\"https:\\\/\\\/aleasoft.com\\\/wp-content\\\/uploads\\\/2025\\\/08\\\/20250825-AleaSoft-European-electricity-market-prices.png\",\"datePublished\":\"2025-08-25T11:57:38+00:00\",\"dateModified\":\"2025-08-28T03:00:48+00:00\",\"description\":\"Na terceira semana de agosto, os pre\u00e7os semanais da maioria dos principais mercados europeus de eletricidade foram inferiores aos da semana anterior.\",\"breadcrumb\":{\"@id\":\"https:\\\/\\\/aleasoft.com\\\/caem-precos-mercados-europeus-eletricidade-onda-calor-aumento-energia-eolica\\\/#breadcrumb\"},\"inLanguage\":\"pt-PT\",\"potentialAction\":[{\"@type\":\"ReadAction\",\"target\":[\"https:\\\/\\\/aleasoft.com\\\/caem-precos-mercados-europeus-eletricidade-onda-calor-aumento-energia-eolica\\\/\"]}]},{\"@type\":\"ImageObject\",\"inLanguage\":\"pt-PT\",\"@id\":\"https:\\\/\\\/aleasoft.com\\\/caem-precos-mercados-europeus-eletricidade-onda-calor-aumento-energia-eolica\\\/#primaryimage\",\"url\":\"https:\\\/\\\/aleasoft.com\\\/wp-content\\\/uploads\\\/2025\\\/08\\\/20250825-AleaSoft-European-electricity-market-prices.png\",\"contentUrl\":\"https:\\\/\\\/aleasoft.com\\\/wp-content\\\/uploads\\\/2025\\\/08\\\/20250825-AleaSoft-European-electricity-market-prices.png\",\"width\":730,\"height\":509},{\"@type\":\"BreadcrumbList\",\"@id\":\"https:\\\/\\\/aleasoft.com\\\/caem-precos-mercados-europeus-eletricidade-onda-calor-aumento-energia-eolica\\\/#breadcrumb\",\"itemListElement\":[{\"@type\":\"ListItem\",\"position\":1,\"name\":\"Home\",\"item\":\"https:\\\/\\\/aleasoft.com\\\/\"},{\"@type\":\"ListItem\",\"position\":2,\"name\":\"Os pre\u00e7os dos mercados europeus de eletricidade caem na terceira semana de agosto devido \u00e0 queda na demanda ap\u00f3s a onda de calor e ao aumento da energia e\u00f3lica\"}]},{\"@type\":\"WebSite\",\"@id\":\"https:\\\/\\\/aleasoft.com\\\/#website\",\"url\":\"https:\\\/\\\/aleasoft.com\\\/\",\"name\":\"AleaSoft Energy Forecasting\",\"description\":\"Energy Forecasting\",\"publisher\":{\"@id\":\"https:\\\/\\\/aleasoft.com\\\/#organization\"},\"potentialAction\":[{\"@type\":\"SearchAction\",\"target\":{\"@type\":\"EntryPoint\",\"urlTemplate\":\"https:\\\/\\\/aleasoft.com\\\/?s={search_term_string}\"},\"query-input\":{\"@type\":\"PropertyValueSpecification\",\"valueRequired\":true,\"valueName\":\"search_term_string\"}}],\"inLanguage\":\"pt-PT\"},{\"@type\":\"Organization\",\"@id\":\"https:\\\/\\\/aleasoft.com\\\/#organization\",\"name\":\"AleaSoft Energy Forecasting\",\"url\":\"https:\\\/\\\/aleasoft.com\\\/\",\"logo\":{\"@type\":\"ImageObject\",\"inLanguage\":\"pt-PT\",\"@id\":\"https:\\\/\\\/aleasoft.com\\\/#\\\/schema\\\/logo\\\/image\\\/\",\"url\":\"https:\\\/\\\/aleasoft.com\\\/wp-content\\\/uploads\\\/2020\\\/01\\\/logo-alea-25.svg\",\"contentUrl\":\"https:\\\/\\\/aleasoft.com\\\/wp-content\\\/uploads\\\/2020\\\/01\\\/logo-alea-25.svg\",\"width\":7047,\"height\":1416,\"caption\":\"AleaSoft Energy Forecasting\"},\"image\":{\"@id\":\"https:\\\/\\\/aleasoft.com\\\/#\\\/schema\\\/logo\\\/image\\\/\"},\"sameAs\":[\"https:\\\/\\\/www.facebook.com\\\/AleaSoft\\\/\",\"https:\\\/\\\/x.com\\\/AleaSoftEnergy\",\"https:\\\/\\\/www.linkedin.com\\\/company\\\/aleasoft\\\/\"]},{\"@type\":\"Person\",\"@id\":\"https:\\\/\\\/aleasoft.com\\\/#\\\/schema\\\/person\\\/e83ba5c714f71473e3096e6f5bffcd61\",\"name\":\"AleaSoft Energy Forecasting\",\"image\":{\"@type\":\"ImageObject\",\"inLanguage\":\"pt-PT\",\"@id\":\"https:\\\/\\\/secure.gravatar.com\\\/avatar\\\/9f3c80a49711746195eaa8b9dac85dd25b10ed81cf9cd40ba1c909b7c8d60bfb?s=96&d=mm&r=g\",\"url\":\"https:\\\/\\\/secure.gravatar.com\\\/avatar\\\/9f3c80a49711746195eaa8b9dac85dd25b10ed81cf9cd40ba1c909b7c8d60bfb?s=96&d=mm&r=g\",\"contentUrl\":\"https:\\\/\\\/secure.gravatar.com\\\/avatar\\\/9f3c80a49711746195eaa8b9dac85dd25b10ed81cf9cd40ba1c909b7c8d60bfb?s=96&d=mm&r=g\",\"caption\":\"AleaSoft Energy Forecasting\"}}]}<\/script>\n<!-- \/ Yoast SEO Premium plugin. -->","yoast_head_json":{"title":"Os pre\u00e7os dos mercados europeus de eletricidade caem na terceira semana de agosto devido \u00e0 queda na demanda ap\u00f3s a onda de calor e ao aumento da energia e\u00f3lica - AleaSoft Energy Forecasting","description":"Na terceira semana de agosto, os pre\u00e7os semanais da maioria dos principais mercados europeus de eletricidade foram inferiores aos da semana anterior.","robots":{"index":"index","follow":"follow","max-snippet":"max-snippet:-1","max-image-preview":"max-image-preview:large","max-video-preview":"max-video-preview:-1"},"canonical":"https:\/\/aleasoft.com\/caem-precos-mercados-europeus-eletricidade-onda-calor-aumento-energia-eolica\/","og_locale":"pt_PT","og_type":"article","og_title":"Os pre\u00e7os dos mercados europeus de eletricidade caem na terceira semana de agosto devido \u00e0 queda na demanda ap\u00f3s a onda de calor e ao aumento da energia e\u00f3lica","og_description":"Na terceira semana de agosto, os pre\u00e7os semanais da maioria dos principais mercados europeus de eletricidade foram inferiores aos da semana anterior.","og_url":"https:\/\/aleasoft.com\/caem-precos-mercados-europeus-eletricidade-onda-calor-aumento-energia-eolica\/","og_site_name":"AleaSoft Energy Forecasting","article_publisher":"https:\/\/www.facebook.com\/AleaSoft\/","article_published_time":"2025-08-25T11:57:38+00:00","article_modified_time":"2025-08-28T03:00:48+00:00","og_image":[{"width":730,"height":509,"url":"https:\/\/aleasoft.com\/wp-content\/uploads\/2025\/08\/20250825-AleaSoft-European-electricity-market-prices.png","type":"image\/png"}],"author":"AleaSoft Energy Forecasting","twitter_card":"summary_large_image","twitter_creator":"@AleaSoftEnergy","twitter_site":"@AleaSoftEnergy","twitter_misc":{"Escrito por":"AleaSoft Energy Forecasting","Tempo estimado de leitura":"8 minutos"},"schema":{"@context":"https:\/\/schema.org","@graph":[{"@type":"Article","@id":"https:\/\/aleasoft.com\/caem-precos-mercados-europeus-eletricidade-onda-calor-aumento-energia-eolica\/#article","isPartOf":{"@id":"https:\/\/aleasoft.com\/pt\/caem-precos-mercados-europeus-eletricidade-onda-calor-aumento-energia-eolica\/"},"author":{"name":"AleaSoft Energy Forecasting","@id":"https:\/\/aleasoft.com\/#\/schema\/person\/e83ba5c714f71473e3096e6f5bffcd61"},"headline":"Os pre\u00e7os dos mercados europeus de eletricidade caem na terceira semana de agosto devido \u00e0 queda na demanda ap\u00f3s a onda de calor e ao aumento da energia e\u00f3lica","datePublished":"2025-08-25T11:57:38+00:00","dateModified":"2025-08-28T03:00:48+00:00","mainEntityOfPage":{"@id":"https:\/\/aleasoft.com\/pt\/caem-precos-mercados-europeus-eletricidade-onda-calor-aumento-energia-eolica\/"},"wordCount":1820,"publisher":{"@id":"https:\/\/aleasoft.com\/#organization"},"image":{"@id":"https:\/\/aleasoft.com\/caem-precos-mercados-europeus-eletricidade-onda-calor-aumento-energia-eolica\/#primaryimage"},"thumbnailUrl":"https:\/\/aleasoft.com\/wp-content\/uploads\/2025\/08\/20250825-AleaSoft-European-electricity-market-prices.png","keywords":["Demanda","E\u00f3lica","Fotovoltaica","Mercados","Pre\u00e7os Brent","Pre\u00e7os CO2","Pre\u00e7os g\u00e1s"],"articleSection":["An\u00e1lise semanal","Not\u00edcias"],"inLanguage":"pt-PT"},{"@type":"WebPage","@id":"https:\/\/aleasoft.com\/pt\/caem-precos-mercados-europeus-eletricidade-onda-calor-aumento-energia-eolica\/","url":"https:\/\/aleasoft.com\/caem-precos-mercados-europeus-eletricidade-onda-calor-aumento-energia-eolica\/","name":"Os pre\u00e7os dos mercados europeus de eletricidade caem na terceira semana de agosto devido \u00e0 queda na demanda ap\u00f3s a onda de calor e ao aumento da energia e\u00f3lica - AleaSoft Energy Forecasting","isPartOf":{"@id":"https:\/\/aleasoft.com\/#website"},"primaryImageOfPage":{"@id":"https:\/\/aleasoft.com\/caem-precos-mercados-europeus-eletricidade-onda-calor-aumento-energia-eolica\/#primaryimage"},"image":{"@id":"https:\/\/aleasoft.com\/caem-precos-mercados-europeus-eletricidade-onda-calor-aumento-energia-eolica\/#primaryimage"},"thumbnailUrl":"https:\/\/aleasoft.com\/wp-content\/uploads\/2025\/08\/20250825-AleaSoft-European-electricity-market-prices.png","datePublished":"2025-08-25T11:57:38+00:00","dateModified":"2025-08-28T03:00:48+00:00","description":"Na terceira semana de agosto, os pre\u00e7os semanais da maioria dos principais mercados europeus de eletricidade foram inferiores aos da semana anterior.","breadcrumb":{"@id":"https:\/\/aleasoft.com\/caem-precos-mercados-europeus-eletricidade-onda-calor-aumento-energia-eolica\/#breadcrumb"},"inLanguage":"pt-PT","potentialAction":[{"@type":"ReadAction","target":["https:\/\/aleasoft.com\/caem-precos-mercados-europeus-eletricidade-onda-calor-aumento-energia-eolica\/"]}]},{"@type":"ImageObject","inLanguage":"pt-PT","@id":"https:\/\/aleasoft.com\/caem-precos-mercados-europeus-eletricidade-onda-calor-aumento-energia-eolica\/#primaryimage","url":"https:\/\/aleasoft.com\/wp-content\/uploads\/2025\/08\/20250825-AleaSoft-European-electricity-market-prices.png","contentUrl":"https:\/\/aleasoft.com\/wp-content\/uploads\/2025\/08\/20250825-AleaSoft-European-electricity-market-prices.png","width":730,"height":509},{"@type":"BreadcrumbList","@id":"https:\/\/aleasoft.com\/caem-precos-mercados-europeus-eletricidade-onda-calor-aumento-energia-eolica\/#breadcrumb","itemListElement":[{"@type":"ListItem","position":1,"name":"Home","item":"https:\/\/aleasoft.com\/"},{"@type":"ListItem","position":2,"name":"Os pre\u00e7os dos mercados europeus de eletricidade caem na terceira semana de agosto devido \u00e0 queda na demanda ap\u00f3s a onda de calor e ao aumento da energia e\u00f3lica"}]},{"@type":"WebSite","@id":"https:\/\/aleasoft.com\/#website","url":"https:\/\/aleasoft.com\/","name":"AleaSoft Energy Forecasting","description":"Energy Forecasting","publisher":{"@id":"https:\/\/aleasoft.com\/#organization"},"potentialAction":[{"@type":"SearchAction","target":{"@type":"EntryPoint","urlTemplate":"https:\/\/aleasoft.com\/?s={search_term_string}"},"query-input":{"@type":"PropertyValueSpecification","valueRequired":true,"valueName":"search_term_string"}}],"inLanguage":"pt-PT"},{"@type":"Organization","@id":"https:\/\/aleasoft.com\/#organization","name":"AleaSoft Energy Forecasting","url":"https:\/\/aleasoft.com\/","logo":{"@type":"ImageObject","inLanguage":"pt-PT","@id":"https:\/\/aleasoft.com\/#\/schema\/logo\/image\/","url":"https:\/\/aleasoft.com\/wp-content\/uploads\/2020\/01\/logo-alea-25.svg","contentUrl":"https:\/\/aleasoft.com\/wp-content\/uploads\/2020\/01\/logo-alea-25.svg","width":7047,"height":1416,"caption":"AleaSoft Energy Forecasting"},"image":{"@id":"https:\/\/aleasoft.com\/#\/schema\/logo\/image\/"},"sameAs":["https:\/\/www.facebook.com\/AleaSoft\/","https:\/\/x.com\/AleaSoftEnergy","https:\/\/www.linkedin.com\/company\/aleasoft\/"]},{"@type":"Person","@id":"https:\/\/aleasoft.com\/#\/schema\/person\/e83ba5c714f71473e3096e6f5bffcd61","name":"AleaSoft Energy Forecasting","image":{"@type":"ImageObject","inLanguage":"pt-PT","@id":"https:\/\/secure.gravatar.com\/avatar\/9f3c80a49711746195eaa8b9dac85dd25b10ed81cf9cd40ba1c909b7c8d60bfb?s=96&d=mm&r=g","url":"https:\/\/secure.gravatar.com\/avatar\/9f3c80a49711746195eaa8b9dac85dd25b10ed81cf9cd40ba1c909b7c8d60bfb?s=96&d=mm&r=g","contentUrl":"https:\/\/secure.gravatar.com\/avatar\/9f3c80a49711746195eaa8b9dac85dd25b10ed81cf9cd40ba1c909b7c8d60bfb?s=96&d=mm&r=g","caption":"AleaSoft Energy Forecasting"}}]}},"_links":{"self":[{"href":"https:\/\/aleasoft.com\/pt\/wp-json\/wp\/v2\/posts\/159905","targetHints":{"allow":["GET"]}}],"collection":[{"href":"https:\/\/aleasoft.com\/pt\/wp-json\/wp\/v2\/posts"}],"about":[{"href":"https:\/\/aleasoft.com\/pt\/wp-json\/wp\/v2\/types\/post"}],"author":[{"embeddable":true,"href":"https:\/\/aleasoft.com\/pt\/wp-json\/wp\/v2\/users\/3"}],"replies":[{"embeddable":true,"href":"https:\/\/aleasoft.com\/pt\/wp-json\/wp\/v2\/comments?post=159905"}],"version-history":[{"count":0,"href":"https:\/\/aleasoft.com\/pt\/wp-json\/wp\/v2\/posts\/159905\/revisions"}],"wp:featuredmedia":[{"embeddable":true,"href":"https:\/\/aleasoft.com\/pt\/wp-json\/wp\/v2\/media\/159873"}],"wp:attachment":[{"href":"https:\/\/aleasoft.com\/pt\/wp-json\/wp\/v2\/media?parent=159905"}],"wp:term":[{"taxonomy":"category","embeddable":true,"href":"https:\/\/aleasoft.com\/pt\/wp-json\/wp\/v2\/categories?post=159905"},{"taxonomy":"post_tag","embeddable":true,"href":"https:\/\/aleasoft.com\/pt\/wp-json\/wp\/v2\/tags?post=159905"}],"curies":[{"name":"wp","href":"https:\/\/api.w.org\/{rel}","templated":true}]}}