{"id":165657,"date":"2026-03-16T16:14:07","date_gmt":"2026-03-16T15:14:07","guid":{"rendered":"https:\/\/aleasoft.com\/?p=165657"},"modified":"2026-04-01T07:03:07","modified_gmt":"2026-04-01T05:03:07","slug":"aumento-precos-gas-renovavel-disparidade-mercados-eletricos-europeus","status":"publish","type":"post","link":"https:\/\/aleasoft.com\/pt\/aumento-precos-gas-renovavel-disparidade-mercados-eletricos-europeus\/","title":{"rendered":"Os pre\u00e7os do g\u00e1s sobem e a produ\u00e7\u00e3o de energias renov\u00e1veis acentua a disparidade nos mercados el\u00e9tricos europeus na segunda semana de mar\u00e7o"},"content":{"rendered":"<p><strong>AleaSoft Energy Forecasting, 16 de mar\u00e7o de 2026. Na segunda semana de mar\u00e7o, os pre\u00e7os nos principais mercados el\u00e9tricos europeus apresentaram uma evolu\u00e7\u00e3o desigual, com subidas no sul da Europa e descidas no resto do continente. A maioria registou m\u00e9dias superiores a 80 \u20ac\/MWh, numa semana marcada pelo pre\u00e7o de fecho mais elevado dos futuros de g\u00e1s TTF desde fevereiro de 2025, o mais elevado do Brent desde agosto de 2022 e o pre\u00e7o mais baixo do CO<sub>2<\/sub> desde maio, bem como pelo aumento da demanda e pela maior produ\u00e7\u00e3o renov\u00e1vel, com incrementos da energia e\u00f3lica em alguns mercados e recordes de produ\u00e7\u00e3o fotovoltaica para um dia de mar\u00e7o na Pen\u00ednsula Ib\u00e9rica.<\/strong><\/p>\n<h2>Produ\u00e7\u00e3o de energia solar fotovoltaica e produ\u00e7\u00e3o de energia e\u00f3lica<\/h2>\n<p>Na semana de 9 de mar\u00e7o, a <strong>produ\u00e7\u00e3o solar fotovoltaica<\/strong> aumentou nos mercados da Pen\u00ednsula Ib\u00e9rica e da It\u00e1lia, em compara\u00e7\u00e3o com a semana anterior. O mercado espanhol registou o maior aumento, de 38%, seguido pelos aumentos de 21% no mercado italiano e de 18% no mercado portugu\u00eas. Por outro lado, os mercados da Fran\u00e7a e da Alemanha inverteram a tend\u00eancia ap\u00f3s acumularem aumentos nas \u00faltimas tr\u00eas e cinco semanas consecutivas, respetivamente. O mercado alem\u00e3o registou a maior queda, de 30%, enquanto o mercado franc\u00eas registou uma descida menor, de 0,8%.<\/p>\n<p>Durante a semana, os mercados da Pen\u00ednsula Ib\u00e9rica registaram recordes de produ\u00e7\u00e3o de energia solar fotovoltaica para um dia de mar\u00e7o na sua hist\u00f3ria. O mercado portugu\u00eas atingiu o seu recorde de produ\u00e7\u00e3o a 11 de mar\u00e7o, com 22 GWh. O mercado espanhol registou este recorde a 13 de mar\u00e7o, com 180 GWh.<\/p>\n<p>Para a semana de 16 de mar\u00e7o, as <a href=\"https:\/\/aleasoft.com\/pt\/produtos-e-servicos\/previsoes-de-energia-solar\/\">previs\u00f5es de produ\u00e7\u00e3o solar<\/a> da <strong>AleaSoft Energy Forecasting<\/strong> indicam que a produ\u00e7\u00e3o aumentar\u00e1 nos mercados alem\u00e3o e italiano. Em contrapartida, no mercado espanhol, prev\u00ea-se que diminua.<\/p>\n<p><div style='margin-top: 20px;margin-bottom: 20px;'><a title='AleaSoft - Photovoltaic energy production electricity Europe' href='https:\/\/aleasoft.com\/wp-content\/uploads\/2026\/03\/20260316-AleaSoft-Photovoltaic-energy-production-electricity-Europe.png'><img class='aligncenter' src='https:\/\/aleasoft.com\/wp-content\/uploads\/2026\/03\/20260316-AleaSoft-Photovoltaic-energy-production-electricity-Europe.png' alt='AleaSoft - Photovoltaic energy production electricity Europe' width='740'\/><\/a><span style='font-size: small;'>Fonte: Elaborado pela AleaSoft Energy Forecasting com base em dados da ENTSO-E, RTE, REN, REE e TERNA.<\/span><\/div><br \/>\n<div style='margin-top: 20px;margin-bottom: 20px;'><a title='AleaSoft - Solar photovoltaic production profile Europe' href='https:\/\/aleasoft.com\/wp-content\/uploads\/2026\/03\/20260316-AleaSoft-Solar-photovoltaic-production-profile-Europe.png'><img class='aligncenter' src='https:\/\/aleasoft.com\/wp-content\/uploads\/2026\/03\/20260316-AleaSoft-Solar-photovoltaic-production-profile-Europe.png' alt='AleaSoft - Solar photovoltaic production profile Europe' width='740'\/><\/a><span style='font-size: small;'>Fonte: Elaborado pela AleaSoft Energy Forecasting com base em dados da ENTSO-E, RTE, REN, REE e TERNA.<\/span><\/div><\/p>\n<p>Durante a segunda semana de mar\u00e7o, a <strong>produ\u00e7\u00e3o e\u00f3lica<\/strong> aumentou nos mercados da Alemanha e da Fran\u00e7a em compara\u00e7\u00e3o com a semana anterior, ap\u00f3s duas semanas de quedas em ambos os mercados. O mercado alem\u00e3o registou o maior aumento, de 95%, enquanto no mercado franc\u00eas o aumento foi de 91%. Por outro lado, os mercados da Pen\u00ednsula Ib\u00e9rica e da It\u00e1lia inverteram a tend\u00eancia na produ\u00e7\u00e3o com esta tecnologia, ap\u00f3s os aumentos da semana anterior. O mercado espanhol registou a maior queda, de 28%, enquanto o mercado italiano registou a menor queda, de 3,7%. No mercado portugu\u00eas, a produ\u00e7\u00e3o e\u00f3lica diminuiu 9,1%.<\/p>\n<p>A 13 de mar\u00e7o, os mercados da Fran\u00e7a e da Alemanha registaram a maior produ\u00e7\u00e3o e\u00f3lica num dia de mar\u00e7o dos \u00faltimos dois anos, com 297 GWh e 778 GWh, respetivamente.<\/p>\n<p>Na terceira semana de mar\u00e7o, de acordo com as <a href=\"https:\/\/aleasoft.com\/pt\/produtos-e-servicos\/previsoes-de-energia-eolica\/\">previs\u00f5es de produ\u00e7\u00e3o e\u00f3lica<\/a> da <strong>AleaSoft Energy Forecasting,<\/strong> a produ\u00e7\u00e3o com esta tecnologia dever\u00e1 aumentar nos mercados da Alemanha e da It\u00e1lia. Em contrapartida, os mercados da Pen\u00ednsula Ib\u00e9rica e da Fran\u00e7a registar\u00e3o quedas na produ\u00e7\u00e3o e\u00f3lica.<\/p>\n<div style='margin-top: 20px;margin-bottom: 20px;'><a title='AleaSoft - Wind energy production electricity Europe' href='https:\/\/aleasoft.com\/wp-content\/uploads\/2026\/03\/20260316-AleaSoft-Wind-energy-production-electricity-Europe.png'><img class='aligncenter' src='https:\/\/aleasoft.com\/wp-content\/uploads\/2026\/03\/20260316-AleaSoft-Wind-energy-production-electricity-Europe.png' alt='AleaSoft - Wind energy production electricity Europe' width='740'\/><\/a><span style='font-size: small;'>Fonte: Elaborado pela AleaSoft Energy Forecasting com base em dados da ENTSO-E, RTE, REN, REE e TERNA.<\/span><\/div>\n<h2>Demanda de energia el\u00e9trica<\/h2>\n<p>Na semana de 9 de mar\u00e7o, a <strong>demanda\u00a0de eletricidade<\/strong> aumentou na maioria dos principais mercados europeus em rela\u00e7\u00e3o \u00e0 semana anterior. O mercado franc\u00eas inverteu a tend\u00eancia ap\u00f3s ter registado quedas nas tr\u00eas semanas anteriores, registando o maior aumento, de 4,7%. Os mercados alem\u00e3o e belga registaram aumentos de 1,6% e 1,8%, respetivamente, ap\u00f3s duas semanas de quedas. O mercado portugu\u00eas registou o menor aumento, de 0,9%, e acumulou aumentos pela segunda semana consecutiva. As exce\u00e7\u00f5es foram os mercados da It\u00e1lia, Espanha e Gr\u00e3-Bretanha, onde a demanda diminuiu. O mercado italiano registou a menor descida, de 1,6%, e manteve a tend\u00eancia de queda pela sexta semana consecutiva. Os mercados espanhol e brit\u00e2nico registaram quedas de 3,7% e 5,3%, respetivamente.<\/p>\n<p>Durante a semana, as <strong>temperaturas m\u00e9dias<\/strong> foram mais baixas do que na semana anterior na maioria dos mercados analisados. A B\u00e9lgica e a Fran\u00e7a registaram as maiores quedas de temperatura, de 2,4 \u00b0C e 1,9 \u00b0C, respetivamente. A Espanha registou a menor descida, de 0,4 \u00b0C, enquanto na Gr\u00e3-Bretanha as temperaturas m\u00e9dias baixaram 0,5 \u00b0C. Por outro lado, em It\u00e1lia as temperaturas m\u00e9dias mantiveram-se semelhantes \u00e0s da semana anterior e na Alemanha foram 0,2 \u00b0C menos frias.<\/p>\n<p>Para a terceira semana de mar\u00e7o, as <a href=\"https:\/\/aleasoft.com\/pt\/servicos\/previsoes-demanda-energia\/\">previs\u00f5es de demanda<\/a> da <strong>AleaSoft Energy Forecasting<\/strong> indicam que a demanda ir\u00e1 diminuir nos mercados da Gr\u00e3-Bretanha, Espanha, It\u00e1lia e Portugal. Nos mercados da Fran\u00e7a, Alemanha e B\u00e9lgica, prev\u00ea-se que aumente.<\/p>\n<div style='margin-top: 20px;margin-bottom: 20px;'><a title='AleaSoft - Electricity demand European countries' href='https:\/\/aleasoft.com\/wp-content\/uploads\/2026\/03\/20260316-AleaSoft-Electricity-demand-European-countries.png'><img class='aligncenter' src='https:\/\/aleasoft.com\/wp-content\/uploads\/2026\/03\/20260316-AleaSoft-Electricity-demand-European-countries.png' alt='AleaSoft - Electricity demand European countries' width='740'\/><\/a><span style='font-size: small;'>Fonte: Elaborado pela AleaSoft Energy Forecasting com base em dados da ENTSO-E, RTE, REN, REE, TERNA, National Grid e ELIA.<\/span><\/div>\n<h2>Mercados de energia el\u00e9trica europeus<\/h2>\n<p>Na segunda semana de mar\u00e7o, os pre\u00e7os dos principais mercados el\u00e9tricos europeus subiram, atingindo os seus valores di\u00e1rios mais elevados na ter\u00e7a-feira, 10 de mar\u00e7o, na maioria dos casos. Posteriormente, os pre\u00e7os desceram at\u00e9 sexta-feira, recuperando-se durante o fim de semana em alguns casos. O pre\u00e7o m\u00e9dio semanal do mercado italiano aumentou 4,4%. O pre\u00e7o semanal do mercado portugu\u00eas tamb\u00e9m subiu 22%, enquanto as m\u00e9dias dos mercados espanhol e franc\u00eas aumentaram 23% em ambos os casos. Em contrapartida, nos restantes mercados analisados pela <strong>AleaSoft Energy Forecasting<\/strong>, os pre\u00e7os baixaram entre 4,3% no mercado belga e 21% no mercado n\u00f3rdico.<\/p>\n<p>Na semana de 9 de mar\u00e7o, as m\u00e9dias semanais ultrapassaram os 80 \u20ac\/MWh na maioria dos mercados de eletricidade europeus. As exce\u00e7\u00f5es foram os mercados n\u00f3rdico, portugu\u00eas e espanhol, cujas m\u00e9dias foram de 66,15 \u20ac\/MWh, 67,88 \u20ac\/MWh e 70,03 \u20ac\/MWh, respetivamente. O mercado italiano registou a maior m\u00e9dia semanal, de 147,54 \u20ac\/MWh. Nos restantes mercados analisados pela <strong>AleaSoft Energy Forecasting<\/strong>, os pre\u00e7os situaram-se entre os 80,77 \u20ac\/MWh do mercado franc\u00eas e os 105,07 \u20ac\/MWh do mercado brit\u00e2nico.<\/p>\n<p>No que diz respeito aos pre\u00e7os di\u00e1rios, no domingo, 15 de mar\u00e7o, os mercados espanhol e portugu\u00eas registaram a m\u00e9dia mais baixa da semana entre os mercados analisados, de 6,44 \u20ac\/MWh. Estes mercados tamb\u00e9m registaram pre\u00e7os di\u00e1rios inferiores a 20 \u20ac\/MWh no s\u00e1bado, 14 de mar\u00e7o, enquanto o mercado n\u00f3rdico o fez na sexta-feira, 13 de mar\u00e7o. Nesse dia, o pre\u00e7o do mercado n\u00f3rdico foi de 15,51 \u20ac\/MWh, o seu pre\u00e7o mais baixo desde 28 de dezembro de 2025.<\/p>\n<p>Por outro lado, os pre\u00e7os di\u00e1rios mantiveram-se acima dos 140 \u20ac\/MWh no mercado italiano durante a segunda semana de mar\u00e7o, com exce\u00e7\u00e3o do domingo. Os restantes mercados analisados pela <strong>AleaSoft Energy Forecasting<\/strong> tamb\u00e9m registaram pre\u00e7os superiores a 100 \u20ac\/MWh em algumas sess\u00f5es dessa semana. Na ter\u00e7a-feira, 10 de mar\u00e7o, o mercado italiano atingiu a m\u00e9dia di\u00e1ria mais elevada da semana entre os mercados analisados, de 168,54 \u20ac\/MWh. Esta foi a m\u00e9dia mais elevada do mercado italiano desde 14 de fevereiro de 2025. A 10 de mar\u00e7o, os mercados portugu\u00eas e espanhol atingiram os seus pre\u00e7os mais elevados desde 18 de fevereiro de 2025, de 131,79 \u20ac\/MWh e 136,86 \u20ac\/MWh, respetivamente. No mercado brit\u00e2nico, na segunda-feira, 9 de mar\u00e7o, o pre\u00e7o di\u00e1rio foi de 150,24 \u20ac\/MWh, o mais alto desse mercado desde 15 de fevereiro de 2025. Por sua vez, o mercado belga registou o seu pre\u00e7o mais elevado desde 2 de julho de 2025, de 146,22 \u20ac\/MWh, a 10 de mar\u00e7o.<\/p>\n<p>Na semana de 9 de mar\u00e7o, os pre\u00e7os elevados do g\u00e1s, bem como a queda da produ\u00e7\u00e3o e\u00f3lica na Pen\u00ednsula Ib\u00e9rica e em It\u00e1lia, contribu\u00edram para o aumento dos pre\u00e7os nos mercados espanhol, italiano e portugu\u00eas. Nos mercados portugu\u00eas e franc\u00eas, o aumento da demanda tamb\u00e9m contribuiu para a subida dos pre\u00e7os. No entanto, noutros mercados, o aumento da produ\u00e7\u00e3o e\u00f3lica levou a uma descida dos pre\u00e7os.<\/p>\n<div style='margin-top: 20px;margin-bottom: 20px;'><a title='AleaSoft - Paneles solares' href='https:\/\/aleasoft.com\/wp-content\/uploads\/2024\/10\/iStock-1546822778-scaled.jpg'><img class='aligncenter' src='https:\/\/aleasoft.com\/wp-content\/uploads\/2024\/10\/iStock-1546822778-scaled.jpg' alt='AleaSoft - Paneles solares' width='740'\/><\/a><\/div>\n<p>As <a href=\"https:\/\/aleasoft.com\/pt\/servicos\/previsoes-precos-energia\/\">previs\u00f5es de pre\u00e7os<\/a> da <strong>AleaSoft Energy Forecasting<\/strong> indicam que os pre\u00e7os se manter\u00e3o em n\u00edveis elevados e com tend\u00eancia de subida enquanto a instabilidade no M\u00e9dio Oriente continuar a exercer press\u00e3o sobre os pre\u00e7os do g\u00e1s. Neste contexto, durante a terceira semana de mar\u00e7o, os pre\u00e7os nos mercados espanhol e portugu\u00eas ser\u00e3o influenciados pela diminui\u00e7\u00e3o da produ\u00e7\u00e3o e\u00f3lica na Pen\u00ednsula Ib\u00e9rica e da produ\u00e7\u00e3o solar em Espanha. No entanto, na maioria dos principais mercados el\u00e9tricos europeus, o aumento da produ\u00e7\u00e3o renov\u00e1vel poder\u00e1 exercer press\u00e3o descendente sobre os pre\u00e7os.<\/p>\n<div style='margin-top: 20px;margin-bottom: 20px;'><a title='AleaSoft - European electricity market prices' href='https:\/\/aleasoft.com\/wp-content\/uploads\/2026\/03\/20260316-AleaSoft-European-electricity-market-prices.png'><img class='aligncenter' src='https:\/\/aleasoft.com\/wp-content\/uploads\/2026\/03\/20260316-AleaSoft-European-electricity-market-prices.png' alt='AleaSoft - European electricity market prices' width='740'\/><\/a><span style='font-size: small;'>Fonte: Elaborado pela AleaSoft Energy Forecasting com base em dados da OMIE, RTE, Nord Pool e GME.<\/span><\/div>\n<h2>Brent, combust\u00edveis e CO<sub>2<\/sub><\/h2>\n<p>Os pre\u00e7os de fecho dos futuros do <strong>petr\u00f3leo Brent<\/strong> para o m\u00eas mais pr\u00f3ximo no <strong>mercado ICE<\/strong> ultrapassaram os 90 $\/bbl durante a segunda semana de mar\u00e7o, com exce\u00e7\u00e3o da ter\u00e7a-feira, 10 de mar\u00e7o. Nesse dia, estes futuros registaram o seu pre\u00e7o de fecho m\u00ednimo semanal, de 87,80 $\/bbl. Posteriormente, registaram uma tend\u00eancia ascendente. Como resultado, na sexta-feira, 13 de mar\u00e7o, estes futuros atingiram o seu pre\u00e7o de fecho m\u00e1ximo semanal, de 103,14 $\/bbl. De acordo com os dados analisados pela <strong>AleaSoft Energy Forecasting<\/strong>, este pre\u00e7o foi 11% superior ao da sexta-feira anterior e o mais alto desde 30 de agosto de 2022.<\/p>\n<p>Durante a segunda semana de mar\u00e7o, a instabilidade no M\u00e9dio Oriente continuou a contribuir para o aumento dos pre\u00e7os dos futuros do petr\u00f3leo Brent, devido \u00e0s interrup\u00e7\u00f5es no abastecimento atrav\u00e9s do Estreito de Ormuz. Na ter\u00e7a-feira, os pre\u00e7os baixaram, influenciados pelas declara\u00e7\u00f5es do presidente dos Estados Unidos sobre o pr\u00f3ximo fim do conflito. A possibilidade de os pa\u00edses membros do G7 libertarem petr\u00f3leo das suas reservas estrat\u00e9gicas tamb\u00e9m contribuiu para a descida dos pre\u00e7os. No entanto, nas restantes sess\u00f5es da semana, os pre\u00e7os voltaram a subir, influenciados pela evolu\u00e7\u00e3o do conflito, apesar de a Ag\u00eancia Internacional de Energia ter aprovado a liberta\u00e7\u00e3o da maior quantidade de petr\u00f3leo da hist\u00f3ria das suas reservas de emerg\u00eancia.<\/p>\n<p>No que diz respeito aos futuros de <strong>g\u00e1s TTF<\/strong> no mercado ICE para o m\u00eas mais pr\u00f3ximo, na segunda-feira, 9 de mar\u00e7o, atingiram o seu pre\u00e7o de fecho mais alto da semana, de 56,45 \u20ac\/MWh. De acordo com os dados analisados pela <strong>AleaSoft Energy Forecasting<\/strong>, este pre\u00e7o foi o mais alto desde 12 de fevereiro de 2025. No entanto, ap\u00f3s uma queda de 16% em rela\u00e7\u00e3o \u00e0 segunda-feira, na ter\u00e7a-feira, 10 de mar\u00e7o, estes futuros registaram o seu pre\u00e7o de fecho m\u00ednimo semanal, de 47,39 \u20ac\/MWh. Nas tr\u00eas \u00faltimas sess\u00f5es da semana, os pre\u00e7os estabilizaram-se em torno dos 50 \u20ac\/MWh. Na sexta-feira, 13 de mar\u00e7o, o pre\u00e7o de fecho foi de 50,12 \u20ac\/MWh. Este pre\u00e7o foi 6,1% inferior ao da sexta-feira anterior.<\/p>\n<p>A preocupa\u00e7\u00e3o com o abastecimento, devido \u00e0 instabilidade no M\u00e9dio Oriente, continuou a exercer uma influ\u00eancia ascendente sobre os pre\u00e7os dos futuros do g\u00e1s TTF na segunda semana de mar\u00e7o. Os pre\u00e7os baixaram na ter\u00e7a-feira, 10 de mar\u00e7o, influenciados pelas declara\u00e7\u00f5es do presidente dos EUA, afirmando que o conflito com o Ir\u00e3o poderia terminar em breve. No entanto, a instabilidade continuou e os pre\u00e7os voltaram a ultrapassar os 50 \u20ac\/MWh nas \u00faltimas sess\u00f5es da semana. A preocupa\u00e7\u00e3o com o abastecimento foi agravada pelos baixos n\u00edveis das reservas europeias, que se situam abaixo dos 29%.<\/p>\n<p>No que diz respeito aos pre\u00e7os de fecho dos futuros de <strong>direitos de emiss\u00e3o de CO<sub>2<\/sub><\/strong> no <strong>mercado EEX<\/strong> para o contrato de refer\u00eancia de dezembro de 2026, estes atingiram o seu valor m\u00e1ximo semanal, de 72,93 \u20ac\/t, na ter\u00e7a-feira, 10 de mar\u00e7o. Posteriormente, os pre\u00e7os ca\u00edram at\u00e9 quinta-feira, 12 de mar\u00e7o. Nesse dia, estes futuros registaram o seu pre\u00e7o de fecho m\u00ednimo semanal, de 68,75 \u20ac\/t. De acordo com os dados analisados pela <strong>AleaSoft Energy Forecasting<\/strong>, este pre\u00e7o foi o mais baixo desde 2 de maio de 2025. Na sexta-feira, 13 de mar\u00e7o, o pre\u00e7o de fecho foi ligeiramente superior, de 69,18 \u20ac\/t. Este pre\u00e7o ainda foi 2,0% inferior ao da sexta-feira anterior.<\/p>\n<div style='margin-top: 20px;margin-bottom: 20px;'><a title='AleaSoft - Prices gas coal Brent oil CO2' href='https:\/\/aleasoft.com\/wp-content\/uploads\/2026\/03\/20260316-AleaSoft-Prices-gas-coal-Brent-oil-CO2.png'><img class='aligncenter' src='https:\/\/aleasoft.com\/wp-content\/uploads\/2026\/03\/20260316-AleaSoft-Prices-gas-coal-Brent-oil-CO2.png' alt='AleaSoft - Prices gas coal Brent oil CO2' width='740'\/><\/a><span style='font-size: small;'>Fonte: Elaborado pela AleaSoft Energy Forecasting com base em dados da ICE e da EEX.<\/span><\/div>\n<h2>An\u00e1lise da AleaSoft Energy Forecasting sobre as perspetivas dos mercados de energia na Europa, o armazenamento e o financiamento de projetos<\/h2>\n<p>Na quinta-feira, 12 de mar\u00e7o, a <strong>AleaSoft Energy Forecasting<\/strong> realizou a <a href=\"https:\/\/aleasoft.com\/webinars\/markets-storage-march-2026\/\">64.\u00aa edi\u00e7\u00e3o<\/a> da sua <a href=\"https:\/\/aleasoft.com\/pt\/webinars\/\">s\u00e9rie de webinars mensais<\/a>, contando com a participa\u00e7\u00e3o da <strong>EY<\/strong> pelo sexto ano consecutivo. Este webinar analisou a evolu\u00e7\u00e3o dos <strong>mercados de energia<\/strong> europeus e as perspetivas para a primavera de 2026, os principais marcos para 2026 no setor da energia, a regulamenta\u00e7\u00e3o e as perspetivas do <strong>armazenamento de energia<\/strong> e dos <strong>mercados de capacidade<\/strong>, o <strong>financiamento de projetos de energias renov\u00e1veis e de armazenamento<\/strong>, a import\u00e2ncia dos <strong>PPA<\/strong> e do <strong>autoconsumo<\/strong>, bem como as principais considera\u00e7\u00f5es a ter em conta na <strong>avalia\u00e7\u00e3o de carteiras<\/strong>.<\/p>\n<p>Fonte: <strong>AleaSoft Energy Forecasting<\/strong>.<\/p>\n","protected":false},"excerpt":{"rendered":"<p>AleaSoft Energy Forecasting, 16 de mar\u00e7o de 2026. Na segunda semana de mar\u00e7o, os pre\u00e7os nos principais mercados el\u00e9tricos europeus apresentaram uma evolu\u00e7\u00e3o desigual, com subidas no sul da Europa e descidas no resto do continente. A maioria registou m\u00e9dias superiores a 80 \u20ac\/MWh, numa semana marcada pelo pre\u00e7o de fecho mais elevado dos futuros [&hellip;]<\/p>\n","protected":false},"author":3,"featured_media":165335,"comment_status":"closed","ping_status":"closed","sticky":false,"template":"","format":"standard","meta":{"footnotes":""},"categories":[7598,7514],"tags":[7602,7601,7600,7599,7604,7605,7603],"class_list":["post-165657","post","type-post","status-publish","format-standard","has-post-thumbnail","hentry","category-analise-semanal","category-noticias","tag-demanda-eletrica","tag-energia-eolica","tag-energia-fotovoltaica","tag-mercados-eletricos-europeus","tag-precos-brent","tag-precos-co2","tag-precos-gas"],"yoast_head":"<!-- This site is optimized with the Yoast SEO Premium plugin v27.4 (Yoast SEO v27.4) - https:\/\/yoast.com\/product\/yoast-seo-premium-wordpress\/ -->\n<title>Os pre\u00e7os do g\u00e1s sobem e a produ\u00e7\u00e3o de energias renov\u00e1veis acentua a disparidade nos mercados el\u00e9tricos europeus na segunda semana de mar\u00e7o - AleaSoft Energy Forecasting<\/title>\n<meta name=\"description\" content=\"Na segunda semana de mar\u00e7o, os pre\u00e7os nos principais mercados de eletricidade europeus apresentaram uma evolu\u00e7\u00e3o desigual, com subidas no sul da Europa e descidas no resto do continente.\" \/>\n<meta name=\"robots\" content=\"index, follow, max-snippet:-1, max-image-preview:large, max-video-preview:-1\" \/>\n<link rel=\"canonical\" href=\"https:\/\/aleasoft.com\/aumento-precos-gas-renovavel-disparidade-mercados-eletricos-europeus\/\" \/>\n<meta property=\"og:locale\" content=\"pt_PT\" \/>\n<meta property=\"og:type\" content=\"article\" \/>\n<meta property=\"og:title\" content=\"Os pre\u00e7os do g\u00e1s sobem e a produ\u00e7\u00e3o de energias renov\u00e1veis acentua a disparidade nos mercados el\u00e9tricos europeus na segunda semana de mar\u00e7o\" \/>\n<meta property=\"og:description\" content=\"Na segunda semana de mar\u00e7o, os pre\u00e7os nos principais mercados de eletricidade europeus apresentaram uma evolu\u00e7\u00e3o desigual, com subidas no sul da Europa e descidas no resto do continente.\" \/>\n<meta property=\"og:url\" content=\"https:\/\/aleasoft.com\/aumento-precos-gas-renovavel-disparidade-mercados-eletricos-europeus\/\" \/>\n<meta property=\"og:site_name\" content=\"AleaSoft Energy Forecasting\" \/>\n<meta property=\"article:publisher\" content=\"https:\/\/www.facebook.com\/AleaSoft\/\" \/>\n<meta property=\"article:published_time\" content=\"2026-03-16T15:14:07+00:00\" \/>\n<meta property=\"article:modified_time\" content=\"2026-04-01T05:03:07+00:00\" \/>\n<meta property=\"og:image\" content=\"https:\/\/aleasoft.com\/wp-content\/uploads\/2026\/03\/20260316-AleaSoft-European-electricity-market-prices.png\" \/>\n\t<meta property=\"og:image:width\" content=\"730\" \/>\n\t<meta property=\"og:image:height\" content=\"509\" \/>\n\t<meta property=\"og:image:type\" content=\"image\/png\" \/>\n<meta name=\"author\" content=\"AleaSoft Energy Forecasting\" \/>\n<meta name=\"twitter:card\" content=\"summary_large_image\" \/>\n<meta name=\"twitter:creator\" content=\"@AleaSoftEnergy\" \/>\n<meta name=\"twitter:site\" content=\"@AleaSoftEnergy\" \/>\n<meta name=\"twitter:label1\" content=\"Escrito por\" \/>\n\t<meta name=\"twitter:data1\" content=\"AleaSoft Energy Forecasting\" \/>\n\t<meta name=\"twitter:label2\" content=\"Tempo estimado de leitura\" \/>\n\t<meta name=\"twitter:data2\" content=\"10 minutos\" \/>\n<script type=\"application\/ld+json\" class=\"yoast-schema-graph\">{\"@context\":\"https:\\\/\\\/schema.org\",\"@graph\":[{\"@type\":\"Article\",\"@id\":\"https:\\\/\\\/aleasoft.com\\\/aumento-precos-gas-renovavel-disparidade-mercados-eletricos-europeus\\\/#article\",\"isPartOf\":{\"@id\":\"https:\\\/\\\/aleasoft.com\\\/pt\\\/aumento-precos-gas-renovavel-disparidade-mercados-eletricos-europeus\\\/\"},\"author\":{\"name\":\"AleaSoft Energy Forecasting\",\"@id\":\"https:\\\/\\\/aleasoft.com\\\/#\\\/schema\\\/person\\\/e83ba5c714f71473e3096e6f5bffcd61\"},\"headline\":\"Os pre\u00e7os do g\u00e1s sobem e a produ\u00e7\u00e3o de energias renov\u00e1veis acentua a disparidade nos mercados el\u00e9tricos europeus na segunda semana de mar\u00e7o\",\"datePublished\":\"2026-03-16T15:14:07+00:00\",\"dateModified\":\"2026-04-01T05:03:07+00:00\",\"mainEntityOfPage\":{\"@id\":\"https:\\\/\\\/aleasoft.com\\\/pt\\\/aumento-precos-gas-renovavel-disparidade-mercados-eletricos-europeus\\\/\"},\"wordCount\":2383,\"publisher\":{\"@id\":\"https:\\\/\\\/aleasoft.com\\\/#organization\"},\"image\":{\"@id\":\"https:\\\/\\\/aleasoft.com\\\/aumento-precos-gas-renovavel-disparidade-mercados-eletricos-europeus\\\/#primaryimage\"},\"thumbnailUrl\":\"https:\\\/\\\/aleasoft.com\\\/wp-content\\\/uploads\\\/2026\\\/03\\\/20260316-AleaSoft-European-electricity-market-prices.png\",\"keywords\":[\"Demanda\",\"E\u00f3lica\",\"Fotovoltaica\",\"Mercados\",\"Pre\u00e7os Brent\",\"Pre\u00e7os CO2\",\"Pre\u00e7os g\u00e1s\"],\"articleSection\":[\"An\u00e1lise semanal\",\"Not\u00edcias\"],\"inLanguage\":\"pt-PT\"},{\"@type\":\"WebPage\",\"@id\":\"https:\\\/\\\/aleasoft.com\\\/pt\\\/aumento-precos-gas-renovavel-disparidade-mercados-eletricos-europeus\\\/\",\"url\":\"https:\\\/\\\/aleasoft.com\\\/aumento-precos-gas-renovavel-disparidade-mercados-eletricos-europeus\\\/\",\"name\":\"Os pre\u00e7os do g\u00e1s sobem e a produ\u00e7\u00e3o de energias renov\u00e1veis acentua a disparidade nos mercados el\u00e9tricos europeus na segunda semana de mar\u00e7o - AleaSoft Energy Forecasting\",\"isPartOf\":{\"@id\":\"https:\\\/\\\/aleasoft.com\\\/#website\"},\"primaryImageOfPage\":{\"@id\":\"https:\\\/\\\/aleasoft.com\\\/aumento-precos-gas-renovavel-disparidade-mercados-eletricos-europeus\\\/#primaryimage\"},\"image\":{\"@id\":\"https:\\\/\\\/aleasoft.com\\\/aumento-precos-gas-renovavel-disparidade-mercados-eletricos-europeus\\\/#primaryimage\"},\"thumbnailUrl\":\"https:\\\/\\\/aleasoft.com\\\/wp-content\\\/uploads\\\/2026\\\/03\\\/20260316-AleaSoft-European-electricity-market-prices.png\",\"datePublished\":\"2026-03-16T15:14:07+00:00\",\"dateModified\":\"2026-04-01T05:03:07+00:00\",\"description\":\"Na segunda semana de mar\u00e7o, os pre\u00e7os nos principais mercados de eletricidade europeus apresentaram uma evolu\u00e7\u00e3o desigual, com subidas no sul da Europa e descidas no resto do continente.\",\"breadcrumb\":{\"@id\":\"https:\\\/\\\/aleasoft.com\\\/aumento-precos-gas-renovavel-disparidade-mercados-eletricos-europeus\\\/#breadcrumb\"},\"inLanguage\":\"pt-PT\",\"potentialAction\":[{\"@type\":\"ReadAction\",\"target\":[\"https:\\\/\\\/aleasoft.com\\\/aumento-precos-gas-renovavel-disparidade-mercados-eletricos-europeus\\\/\"]}]},{\"@type\":\"ImageObject\",\"inLanguage\":\"pt-PT\",\"@id\":\"https:\\\/\\\/aleasoft.com\\\/aumento-precos-gas-renovavel-disparidade-mercados-eletricos-europeus\\\/#primaryimage\",\"url\":\"https:\\\/\\\/aleasoft.com\\\/wp-content\\\/uploads\\\/2026\\\/03\\\/20260316-AleaSoft-European-electricity-market-prices.png\",\"contentUrl\":\"https:\\\/\\\/aleasoft.com\\\/wp-content\\\/uploads\\\/2026\\\/03\\\/20260316-AleaSoft-European-electricity-market-prices.png\",\"width\":730,\"height\":509},{\"@type\":\"BreadcrumbList\",\"@id\":\"https:\\\/\\\/aleasoft.com\\\/aumento-precos-gas-renovavel-disparidade-mercados-eletricos-europeus\\\/#breadcrumb\",\"itemListElement\":[{\"@type\":\"ListItem\",\"position\":1,\"name\":\"Home\",\"item\":\"https:\\\/\\\/aleasoft.com\\\/\"},{\"@type\":\"ListItem\",\"position\":2,\"name\":\"Os pre\u00e7os do g\u00e1s sobem e a produ\u00e7\u00e3o de energias renov\u00e1veis acentua a disparidade nos mercados el\u00e9tricos europeus na segunda semana de mar\u00e7o\"}]},{\"@type\":\"WebSite\",\"@id\":\"https:\\\/\\\/aleasoft.com\\\/#website\",\"url\":\"https:\\\/\\\/aleasoft.com\\\/\",\"name\":\"AleaSoft Energy Forecasting\",\"description\":\"Energy Forecasting\",\"publisher\":{\"@id\":\"https:\\\/\\\/aleasoft.com\\\/#organization\"},\"potentialAction\":[{\"@type\":\"SearchAction\",\"target\":{\"@type\":\"EntryPoint\",\"urlTemplate\":\"https:\\\/\\\/aleasoft.com\\\/?s={search_term_string}\"},\"query-input\":{\"@type\":\"PropertyValueSpecification\",\"valueRequired\":true,\"valueName\":\"search_term_string\"}}],\"inLanguage\":\"pt-PT\"},{\"@type\":\"Organization\",\"@id\":\"https:\\\/\\\/aleasoft.com\\\/#organization\",\"name\":\"AleaSoft Energy Forecasting\",\"url\":\"https:\\\/\\\/aleasoft.com\\\/\",\"logo\":{\"@type\":\"ImageObject\",\"inLanguage\":\"pt-PT\",\"@id\":\"https:\\\/\\\/aleasoft.com\\\/#\\\/schema\\\/logo\\\/image\\\/\",\"url\":\"https:\\\/\\\/aleasoft.com\\\/wp-content\\\/uploads\\\/2020\\\/01\\\/logo-alea-25.svg\",\"contentUrl\":\"https:\\\/\\\/aleasoft.com\\\/wp-content\\\/uploads\\\/2020\\\/01\\\/logo-alea-25.svg\",\"width\":7047,\"height\":1416,\"caption\":\"AleaSoft Energy Forecasting\"},\"image\":{\"@id\":\"https:\\\/\\\/aleasoft.com\\\/#\\\/schema\\\/logo\\\/image\\\/\"},\"sameAs\":[\"https:\\\/\\\/www.facebook.com\\\/AleaSoft\\\/\",\"https:\\\/\\\/x.com\\\/AleaSoftEnergy\",\"https:\\\/\\\/www.linkedin.com\\\/company\\\/aleasoft\\\/\"]},{\"@type\":\"Person\",\"@id\":\"https:\\\/\\\/aleasoft.com\\\/#\\\/schema\\\/person\\\/e83ba5c714f71473e3096e6f5bffcd61\",\"name\":\"AleaSoft Energy Forecasting\",\"image\":{\"@type\":\"ImageObject\",\"inLanguage\":\"pt-PT\",\"@id\":\"https:\\\/\\\/secure.gravatar.com\\\/avatar\\\/9f3c80a49711746195eaa8b9dac85dd25b10ed81cf9cd40ba1c909b7c8d60bfb?s=96&d=mm&r=g\",\"url\":\"https:\\\/\\\/secure.gravatar.com\\\/avatar\\\/9f3c80a49711746195eaa8b9dac85dd25b10ed81cf9cd40ba1c909b7c8d60bfb?s=96&d=mm&r=g\",\"contentUrl\":\"https:\\\/\\\/secure.gravatar.com\\\/avatar\\\/9f3c80a49711746195eaa8b9dac85dd25b10ed81cf9cd40ba1c909b7c8d60bfb?s=96&d=mm&r=g\",\"caption\":\"AleaSoft Energy Forecasting\"}}]}<\/script>\n<!-- \/ Yoast SEO Premium plugin. -->","yoast_head_json":{"title":"Os pre\u00e7os do g\u00e1s sobem e a produ\u00e7\u00e3o de energias renov\u00e1veis acentua a disparidade nos mercados el\u00e9tricos europeus na segunda semana de mar\u00e7o - AleaSoft Energy Forecasting","description":"Na segunda semana de mar\u00e7o, os pre\u00e7os nos principais mercados de eletricidade europeus apresentaram uma evolu\u00e7\u00e3o desigual, com subidas no sul da Europa e descidas no resto do continente.","robots":{"index":"index","follow":"follow","max-snippet":"max-snippet:-1","max-image-preview":"max-image-preview:large","max-video-preview":"max-video-preview:-1"},"canonical":"https:\/\/aleasoft.com\/aumento-precos-gas-renovavel-disparidade-mercados-eletricos-europeus\/","og_locale":"pt_PT","og_type":"article","og_title":"Os pre\u00e7os do g\u00e1s sobem e a produ\u00e7\u00e3o de energias renov\u00e1veis acentua a disparidade nos mercados el\u00e9tricos europeus na segunda semana de mar\u00e7o","og_description":"Na segunda semana de mar\u00e7o, os pre\u00e7os nos principais mercados de eletricidade europeus apresentaram uma evolu\u00e7\u00e3o desigual, com subidas no sul da Europa e descidas no resto do continente.","og_url":"https:\/\/aleasoft.com\/aumento-precos-gas-renovavel-disparidade-mercados-eletricos-europeus\/","og_site_name":"AleaSoft Energy Forecasting","article_publisher":"https:\/\/www.facebook.com\/AleaSoft\/","article_published_time":"2026-03-16T15:14:07+00:00","article_modified_time":"2026-04-01T05:03:07+00:00","og_image":[{"width":730,"height":509,"url":"https:\/\/aleasoft.com\/wp-content\/uploads\/2026\/03\/20260316-AleaSoft-European-electricity-market-prices.png","type":"image\/png"}],"author":"AleaSoft Energy Forecasting","twitter_card":"summary_large_image","twitter_creator":"@AleaSoftEnergy","twitter_site":"@AleaSoftEnergy","twitter_misc":{"Escrito por":"AleaSoft Energy Forecasting","Tempo estimado de leitura":"10 minutos"},"schema":{"@context":"https:\/\/schema.org","@graph":[{"@type":"Article","@id":"https:\/\/aleasoft.com\/aumento-precos-gas-renovavel-disparidade-mercados-eletricos-europeus\/#article","isPartOf":{"@id":"https:\/\/aleasoft.com\/pt\/aumento-precos-gas-renovavel-disparidade-mercados-eletricos-europeus\/"},"author":{"name":"AleaSoft Energy Forecasting","@id":"https:\/\/aleasoft.com\/#\/schema\/person\/e83ba5c714f71473e3096e6f5bffcd61"},"headline":"Os pre\u00e7os do g\u00e1s sobem e a produ\u00e7\u00e3o de energias renov\u00e1veis acentua a disparidade nos mercados el\u00e9tricos europeus na segunda semana de mar\u00e7o","datePublished":"2026-03-16T15:14:07+00:00","dateModified":"2026-04-01T05:03:07+00:00","mainEntityOfPage":{"@id":"https:\/\/aleasoft.com\/pt\/aumento-precos-gas-renovavel-disparidade-mercados-eletricos-europeus\/"},"wordCount":2383,"publisher":{"@id":"https:\/\/aleasoft.com\/#organization"},"image":{"@id":"https:\/\/aleasoft.com\/aumento-precos-gas-renovavel-disparidade-mercados-eletricos-europeus\/#primaryimage"},"thumbnailUrl":"https:\/\/aleasoft.com\/wp-content\/uploads\/2026\/03\/20260316-AleaSoft-European-electricity-market-prices.png","keywords":["Demanda","E\u00f3lica","Fotovoltaica","Mercados","Pre\u00e7os Brent","Pre\u00e7os CO2","Pre\u00e7os g\u00e1s"],"articleSection":["An\u00e1lise semanal","Not\u00edcias"],"inLanguage":"pt-PT"},{"@type":"WebPage","@id":"https:\/\/aleasoft.com\/pt\/aumento-precos-gas-renovavel-disparidade-mercados-eletricos-europeus\/","url":"https:\/\/aleasoft.com\/aumento-precos-gas-renovavel-disparidade-mercados-eletricos-europeus\/","name":"Os pre\u00e7os do g\u00e1s sobem e a produ\u00e7\u00e3o de energias renov\u00e1veis acentua a disparidade nos mercados el\u00e9tricos europeus na segunda semana de mar\u00e7o - AleaSoft Energy Forecasting","isPartOf":{"@id":"https:\/\/aleasoft.com\/#website"},"primaryImageOfPage":{"@id":"https:\/\/aleasoft.com\/aumento-precos-gas-renovavel-disparidade-mercados-eletricos-europeus\/#primaryimage"},"image":{"@id":"https:\/\/aleasoft.com\/aumento-precos-gas-renovavel-disparidade-mercados-eletricos-europeus\/#primaryimage"},"thumbnailUrl":"https:\/\/aleasoft.com\/wp-content\/uploads\/2026\/03\/20260316-AleaSoft-European-electricity-market-prices.png","datePublished":"2026-03-16T15:14:07+00:00","dateModified":"2026-04-01T05:03:07+00:00","description":"Na segunda semana de mar\u00e7o, os pre\u00e7os nos principais mercados de eletricidade europeus apresentaram uma evolu\u00e7\u00e3o desigual, com subidas no sul da Europa e descidas no resto do continente.","breadcrumb":{"@id":"https:\/\/aleasoft.com\/aumento-precos-gas-renovavel-disparidade-mercados-eletricos-europeus\/#breadcrumb"},"inLanguage":"pt-PT","potentialAction":[{"@type":"ReadAction","target":["https:\/\/aleasoft.com\/aumento-precos-gas-renovavel-disparidade-mercados-eletricos-europeus\/"]}]},{"@type":"ImageObject","inLanguage":"pt-PT","@id":"https:\/\/aleasoft.com\/aumento-precos-gas-renovavel-disparidade-mercados-eletricos-europeus\/#primaryimage","url":"https:\/\/aleasoft.com\/wp-content\/uploads\/2026\/03\/20260316-AleaSoft-European-electricity-market-prices.png","contentUrl":"https:\/\/aleasoft.com\/wp-content\/uploads\/2026\/03\/20260316-AleaSoft-European-electricity-market-prices.png","width":730,"height":509},{"@type":"BreadcrumbList","@id":"https:\/\/aleasoft.com\/aumento-precos-gas-renovavel-disparidade-mercados-eletricos-europeus\/#breadcrumb","itemListElement":[{"@type":"ListItem","position":1,"name":"Home","item":"https:\/\/aleasoft.com\/"},{"@type":"ListItem","position":2,"name":"Os pre\u00e7os do g\u00e1s sobem e a produ\u00e7\u00e3o de energias renov\u00e1veis acentua a disparidade nos mercados el\u00e9tricos europeus na segunda semana de mar\u00e7o"}]},{"@type":"WebSite","@id":"https:\/\/aleasoft.com\/#website","url":"https:\/\/aleasoft.com\/","name":"AleaSoft Energy Forecasting","description":"Energy Forecasting","publisher":{"@id":"https:\/\/aleasoft.com\/#organization"},"potentialAction":[{"@type":"SearchAction","target":{"@type":"EntryPoint","urlTemplate":"https:\/\/aleasoft.com\/?s={search_term_string}"},"query-input":{"@type":"PropertyValueSpecification","valueRequired":true,"valueName":"search_term_string"}}],"inLanguage":"pt-PT"},{"@type":"Organization","@id":"https:\/\/aleasoft.com\/#organization","name":"AleaSoft Energy Forecasting","url":"https:\/\/aleasoft.com\/","logo":{"@type":"ImageObject","inLanguage":"pt-PT","@id":"https:\/\/aleasoft.com\/#\/schema\/logo\/image\/","url":"https:\/\/aleasoft.com\/wp-content\/uploads\/2020\/01\/logo-alea-25.svg","contentUrl":"https:\/\/aleasoft.com\/wp-content\/uploads\/2020\/01\/logo-alea-25.svg","width":7047,"height":1416,"caption":"AleaSoft Energy Forecasting"},"image":{"@id":"https:\/\/aleasoft.com\/#\/schema\/logo\/image\/"},"sameAs":["https:\/\/www.facebook.com\/AleaSoft\/","https:\/\/x.com\/AleaSoftEnergy","https:\/\/www.linkedin.com\/company\/aleasoft\/"]},{"@type":"Person","@id":"https:\/\/aleasoft.com\/#\/schema\/person\/e83ba5c714f71473e3096e6f5bffcd61","name":"AleaSoft Energy Forecasting","image":{"@type":"ImageObject","inLanguage":"pt-PT","@id":"https:\/\/secure.gravatar.com\/avatar\/9f3c80a49711746195eaa8b9dac85dd25b10ed81cf9cd40ba1c909b7c8d60bfb?s=96&d=mm&r=g","url":"https:\/\/secure.gravatar.com\/avatar\/9f3c80a49711746195eaa8b9dac85dd25b10ed81cf9cd40ba1c909b7c8d60bfb?s=96&d=mm&r=g","contentUrl":"https:\/\/secure.gravatar.com\/avatar\/9f3c80a49711746195eaa8b9dac85dd25b10ed81cf9cd40ba1c909b7c8d60bfb?s=96&d=mm&r=g","caption":"AleaSoft Energy Forecasting"}}]}},"_links":{"self":[{"href":"https:\/\/aleasoft.com\/pt\/wp-json\/wp\/v2\/posts\/165657","targetHints":{"allow":["GET"]}}],"collection":[{"href":"https:\/\/aleasoft.com\/pt\/wp-json\/wp\/v2\/posts"}],"about":[{"href":"https:\/\/aleasoft.com\/pt\/wp-json\/wp\/v2\/types\/post"}],"author":[{"embeddable":true,"href":"https:\/\/aleasoft.com\/pt\/wp-json\/wp\/v2\/users\/3"}],"replies":[{"embeddable":true,"href":"https:\/\/aleasoft.com\/pt\/wp-json\/wp\/v2\/comments?post=165657"}],"version-history":[{"count":0,"href":"https:\/\/aleasoft.com\/pt\/wp-json\/wp\/v2\/posts\/165657\/revisions"}],"wp:featuredmedia":[{"embeddable":true,"href":"https:\/\/aleasoft.com\/pt\/wp-json\/wp\/v2\/media\/165335"}],"wp:attachment":[{"href":"https:\/\/aleasoft.com\/pt\/wp-json\/wp\/v2\/media?parent=165657"}],"wp:term":[{"taxonomy":"category","embeddable":true,"href":"https:\/\/aleasoft.com\/pt\/wp-json\/wp\/v2\/categories?post=165657"},{"taxonomy":"post_tag","embeddable":true,"href":"https:\/\/aleasoft.com\/pt\/wp-json\/wp\/v2\/tags?post=165657"}],"curies":[{"name":"wp","href":"https:\/\/api.w.org\/{rel}","templated":true}]}}